{"id":10492,"date":"2022-11-03T14:45:59","date_gmt":"2022-11-03T13:45:59","guid":{"rendered":"http:\/\/depeches241.com\/?p=10492"},"modified":"2022-11-03T15:27:38","modified_gmt":"2022-11-03T14:27:38","slug":"matchs-amicaux-patrice-neveu-devoile-ce-vendredi-sa-liste-pour-les-rencontres-amicales-face-a-la-sierra-leone-et-le-niger","status":"publish","type":"post","link":"https:\/\/depeches241.com\/?p=10492","title":{"rendered":"Matchs amicaux: Patrice Neveu d\u00e9voile ce vendredi sa liste pour les rencontres amicales face \u00e0 la Sierra Leone et le Niger"},"content":{"rendered":"\n<figure class=\"wp-block-image size-full\"><img fetchpriority=\"high\" decoding=\"async\" width=\"960\" height=\"540\" src=\"http:\/\/depeches241.com\/wp-content\/uploads\/2022\/11\/DRIVE-IMAGES-DEPECHES-46.jpg\" alt=\"\" class=\"wp-image-10493\" srcset=\"https:\/\/depeches241.com\/wp-content\/uploads\/2022\/11\/DRIVE-IMAGES-DEPECHES-46.jpg 960w, https:\/\/depeches241.com\/wp-content\/uploads\/2022\/11\/DRIVE-IMAGES-DEPECHES-46-300x169.jpg 300w, https:\/\/depeches241.com\/wp-content\/uploads\/2022\/11\/DRIVE-IMAGES-DEPECHES-46-768x432.jpg 768w\" sizes=\"(max-width: 960px) 100vw, 960px\" \/><figcaption class=\"wp-element-caption\"><strong><em>Patrice Neveu sera face \u00e0 la presse demain <em><strong><em><strong><em>\u00a9DR<\/em><\/strong><\/em><\/strong><\/em><\/em><\/strong><\/figcaption><\/figure>\n\n\n\n<p><strong>Libreville, le 3 novembre 2022 (D\u00e9p\u00eaches 241). Demain, au cours d\u2019une conf\u00e9rence de presse organis\u00e9e \u00e0 la F\u00e9d\u00e9ration Gabonaise de football, Patrice Neveu va d\u00e9voiler, la liste des joueurs retenus pour les rencontres amicales du Gabon face \u00e0 la Sierra Leone et le Niger, pr\u00e9vues les 17 et 20 novembre prochain. C\u2019est ce que r\u00e9v\u00e8le un communiqu\u00e9 de presse parvenu \u00e0 notre r\u00e9daction ce jeudi en milieu de journ\u00e9e.\u00a0<\/strong><\/p>\n\n\n\n<p class=\"has-drop-cap\">Priv\u00e9es de match lors de la derni\u00e8re fen\u00eatre Fifa, les Panth\u00e8res du Gabon affrontent les 17 et 20 novembre les s\u00e9lections nationales de la Sierra Leone et du Niger. C\u2019est dans le but de communiquer la liste des joueurs retenus pour ces deux rencontres amicales que le s\u00e9lectionneur Patrice Neveu animera une conf\u00e9rence de presse ce vendredi 4 novembre au si\u00e8ge de la Fegafoot sis \u00e0 Owendo.<\/p>\n\n\n\n<p>Une liste dans laquelle on pourrait retrouver Didier Ibrahim Ndong, qui avait \u00e9t\u00e9 \u00e9cart\u00e9 de l&rsquo;\u00e9quipe nationale \u00e0 la veille de la derni\u00e8re coupe d\u2019Afrique des nations, pour des raisons disciplinaires. Les Gabonais seront \u00e9galement attentifs sur les possibles arriv\u00e9es des footballeurs \u00e9voluant dans le National-foot comme l\u2019a sugg\u00e9r\u00e9 le ministre des Sports, Franck Nguema.\u00a0<\/p>\n\n\n\n<p><strong>LIRE AUSSI: <\/strong><a href=\"http:\/\/depeches241.com\/index.php\/2022\/10\/26\/matchs-amicauxla-sierra-leone-et-le-niger-au-menu-des-pantheres\/\"><strong>Matchs amicaux:la Sierra Leone et le Niger au menu des Panth\u00e8res<\/strong><\/a><\/p>\n\n\n\n<p>Une liste qui pourrait par ailleurs \u00eatre amput\u00e9e de certains des cadres de l\u2019\u00e9quipe en raison du fait que les matchs se jouent en dehors d\u2019une fen\u00eatre Fifa. L\u2019occasion peut-\u00eatre de voir \u00e0 l&rsquo;\u0153uvre des nouveaux joueurs tels que Guy Reteno Elekana, Junior Bayano Obiang ou encore Parfait Adamou. <\/p>\n","protected":false},"excerpt":{"rendered":"<p>Demain, au cours d\u2019une conf\u00e9rence de presse organis\u00e9e \u00e0 la F\u00e9d\u00e9ration Gabonaise de football, Patrice Neveu va d\u00e9voiler, la liste des joueurs retenus pour les rencontres amicales du Gabon face \u00e0 la Sierra Leone et le Niger, pr\u00e9vues les 17 et 20 novembre prochain. C\u2019est ce que nous r\u00e9v\u00e8le un communiqu\u00e9 de presse parvenu \u00e0 notre r\u00e9daction ce jeudi en milieu de journ\u00e9e. <\/p>\n","protected":false},"author":2,"featured_media":10493,"comment_status":"open","ping_status":"open","sticky":false,"template":"","format":"standard","meta":{"om_disable_all_campaigns":false,"footnotes":""},"categories":[634,116],"tags":[99,406,59,403],"class_list":{"0":"post-10492","1":"post","2":"type-post","3":"status-publish","4":"format-standard","5":"has-post-thumbnail","7":"category-sport","8":"category-une1","9":"tag-depeches241","10":"tag-football","11":"tag-gabon","12":"tag-sport"},"yoast_head":"<!-- This site is optimized with the Yoast SEO plugin v27.5 - https:\/\/yoast.com\/product\/yoast-seo-wordpress\/ -->\n<title>Matchs amicaux: Patrice Neveu d\u00e9voile ce vendredi sa liste pour les rencontres amicales face \u00e0 la Sierra Leone et le Niger - Groupe D\u00e9p\u00eaches241<\/title>\n<meta name=\"description\" content=\"Demain, au cours d\u2019une conf\u00e9rence de presse organis\u00e9e \u00e0 la F\u00e9d\u00e9ration Gabonaise de football, Patrice Neveu va d\u00e9voiler, la liste des joueurs retenus pour les rencontres amicales du Gabon face \u00e0 la Sierra Leone et le Niger, pr\u00e9vues les 17 et 20 novembre prochain. C\u2019est ce que nous r\u00e9v\u00e8le un communiqu\u00e9 de presse parvenu \u00e0 notre r\u00e9daction ce jeudi en milieu de journ\u00e9e.\" \/>\n<meta name=\"robots\" content=\"index, follow, max-snippet:-1, max-image-preview:large, max-video-preview:-1\" \/>\n<link rel=\"canonical\" href=\"https:\/\/depeches241.com\/?p=10492\" \/>\n<meta property=\"og:locale\" content=\"fr_FR\" \/>\n<meta property=\"og:type\" content=\"article\" \/>\n<meta property=\"og:title\" content=\"Matchs amicaux: Patrice Neveu d\u00e9voile ce vendredi sa liste pour les rencontres amicales face \u00e0 la Sierra Leone et le Niger - Groupe D\u00e9p\u00eaches241\" \/>\n<meta property=\"og:description\" content=\"Demain, au cours d\u2019une conf\u00e9rence de presse organis\u00e9e \u00e0 la F\u00e9d\u00e9ration Gabonaise de football, Patrice Neveu va d\u00e9voiler, la liste des joueurs retenus pour les rencontres amicales du Gabon face \u00e0 la Sierra Leone et le Niger, pr\u00e9vues les 17 et 20 novembre prochain. C\u2019est ce que nous r\u00e9v\u00e8le un communiqu\u00e9 de presse parvenu \u00e0 notre r\u00e9daction ce jeudi en milieu de journ\u00e9e.\" \/>\n<meta property=\"og:url\" content=\"https:\/\/depeches241.com\/?p=10492\" \/>\n<meta property=\"og:site_name\" content=\"Groupe D\u00e9p\u00eaches241\" \/>\n<meta property=\"article:publisher\" content=\"https:\/\/www.facebook.com\/depeches241\" \/>\n<meta property=\"article:published_time\" content=\"2022-11-03T13:45:59+00:00\" \/>\n<meta property=\"article:modified_time\" content=\"2022-11-03T14:27:38+00:00\" \/>\n<meta property=\"og:image\" content=\"https:\/\/depeches241.com\/wp-content\/uploads\/2022\/11\/DRIVE-IMAGES-DEPECHES-46.jpg\" \/>\n\t<meta property=\"og:image:width\" content=\"960\" \/>\n\t<meta property=\"og:image:height\" content=\"540\" \/>\n\t<meta property=\"og:image:type\" content=\"image\/jpeg\" \/>\n<meta name=\"author\" content=\"Pharel BOUKIKA\" \/>\n<meta name=\"twitter:card\" content=\"summary_large_image\" \/>\n<meta name=\"twitter:label1\" content=\"\u00c9crit par\" \/>\n\t<meta name=\"twitter:data1\" content=\"Pharel BOUKIKA\" \/>\n\t<meta name=\"twitter:label2\" content=\"Dur\u00e9e de lecture estim\u00e9e\" \/>\n\t<meta name=\"twitter:data2\" content=\"1 minute\" \/>\n<script type=\"application\/ld+json\" class=\"yoast-schema-graph\">{\"@context\":\"https:\\\/\\\/schema.org\",\"@graph\":[{\"@type\":\"Article\",\"@id\":\"https:\\\/\\\/depeches241.com\\\/?p=10492#article\",\"isPartOf\":{\"@id\":\"https:\\\/\\\/depeches241.com\\\/?p=10492\"},\"author\":{\"name\":\"Pharel BOUKIKA\",\"@id\":\"https:\\\/\\\/depeches241.com\\\/#\\\/schema\\\/person\\\/f39e676ca8f34712c2b828546ec69f14\"},\"headline\":\"Matchs amicaux: Patrice Neveu d\u00e9voile ce vendredi sa liste pour les rencontres amicales face \u00e0 la Sierra Leone et le Niger\",\"datePublished\":\"2022-11-03T13:45:59+00:00\",\"dateModified\":\"2022-11-03T14:27:38+00:00\",\"mainEntityOfPage\":{\"@id\":\"https:\\\/\\\/depeches241.com\\\/?p=10492\"},\"wordCount\":306,\"commentCount\":0,\"publisher\":{\"@id\":\"https:\\\/\\\/depeches241.com\\\/#organization\"},\"image\":{\"@id\":\"https:\\\/\\\/depeches241.com\\\/?p=10492#primaryimage\"},\"thumbnailUrl\":\"https:\\\/\\\/depeches241.com\\\/wp-content\\\/uploads\\\/2022\\\/11\\\/DRIVE-IMAGES-DEPECHES-46.jpg\",\"keywords\":[\"depeches241\",\"Football\",\"Gabon\",\"Sport\"],\"articleSection\":[\"SPORT\",\"Une1\"],\"inLanguage\":\"fr-FR\",\"potentialAction\":[{\"@type\":\"CommentAction\",\"name\":\"Comment\",\"target\":[\"https:\\\/\\\/depeches241.com\\\/?p=10492#respond\"]}]},{\"@type\":\"WebPage\",\"@id\":\"https:\\\/\\\/depeches241.com\\\/?p=10492\",\"url\":\"https:\\\/\\\/depeches241.com\\\/?p=10492\",\"name\":\"Matchs amicaux: Patrice Neveu d\u00e9voile ce vendredi sa liste pour les rencontres amicales face \u00e0 la Sierra Leone et le Niger - Groupe D\u00e9p\u00eaches241\",\"isPartOf\":{\"@id\":\"https:\\\/\\\/depeches241.com\\\/#website\"},\"primaryImageOfPage\":{\"@id\":\"https:\\\/\\\/depeches241.com\\\/?p=10492#primaryimage\"},\"image\":{\"@id\":\"https:\\\/\\\/depeches241.com\\\/?p=10492#primaryimage\"},\"thumbnailUrl\":\"https:\\\/\\\/depeches241.com\\\/wp-content\\\/uploads\\\/2022\\\/11\\\/DRIVE-IMAGES-DEPECHES-46.jpg\",\"datePublished\":\"2022-11-03T13:45:59+00:00\",\"dateModified\":\"2022-11-03T14:27:38+00:00\",\"description\":\"Demain, au cours d\u2019une conf\u00e9rence de presse organis\u00e9e \u00e0 la F\u00e9d\u00e9ration Gabonaise de football, Patrice Neveu va d\u00e9voiler, la liste des joueurs retenus pour les rencontres amicales du Gabon face \u00e0 la Sierra Leone et le Niger, pr\u00e9vues les 17 et 20 novembre prochain. C\u2019est ce que nous r\u00e9v\u00e8le un communiqu\u00e9 de presse parvenu \u00e0 notre r\u00e9daction ce jeudi en milieu de journ\u00e9e.\",\"breadcrumb\":{\"@id\":\"https:\\\/\\\/depeches241.com\\\/?p=10492#breadcrumb\"},\"inLanguage\":\"fr-FR\",\"potentialAction\":[{\"@type\":\"ReadAction\",\"target\":[\"https:\\\/\\\/depeches241.com\\\/?p=10492\"]}]},{\"@type\":\"ImageObject\",\"inLanguage\":\"fr-FR\",\"@id\":\"https:\\\/\\\/depeches241.com\\\/?p=10492#primaryimage\",\"url\":\"https:\\\/\\\/depeches241.com\\\/wp-content\\\/uploads\\\/2022\\\/11\\\/DRIVE-IMAGES-DEPECHES-46.jpg\",\"contentUrl\":\"https:\\\/\\\/depeches241.com\\\/wp-content\\\/uploads\\\/2022\\\/11\\\/DRIVE-IMAGES-DEPECHES-46.jpg\",\"width\":960,\"height\":540},{\"@type\":\"BreadcrumbList\",\"@id\":\"https:\\\/\\\/depeches241.com\\\/?p=10492#breadcrumb\",\"itemListElement\":[{\"@type\":\"ListItem\",\"position\":1,\"name\":\"Accueil\",\"item\":\"https:\\\/\\\/depeches241.com\\\/\"},{\"@type\":\"ListItem\",\"position\":2,\"name\":\"Matchs amicaux: Patrice Neveu d\u00e9voile ce vendredi sa liste pour les rencontres amicales face \u00e0 la Sierra Leone et le Niger\"}]},{\"@type\":\"WebSite\",\"@id\":\"https:\\\/\\\/depeches241.com\\\/#website\",\"url\":\"https:\\\/\\\/depeches241.com\\\/\",\"name\":\"D\u00e9p\u00eaches241\",\"description\":\"M\u00e9dia d&#039;actualit\u00e9 Politique, \u00c9conomique, Sociale et Internationale\",\"publisher\":{\"@id\":\"https:\\\/\\\/depeches241.com\\\/#organization\"},\"potentialAction\":[{\"@type\":\"SearchAction\",\"target\":{\"@type\":\"EntryPoint\",\"urlTemplate\":\"https:\\\/\\\/depeches241.com\\\/?s={search_term_string}\"},\"query-input\":{\"@type\":\"PropertyValueSpecification\",\"valueRequired\":true,\"valueName\":\"search_term_string\"}}],\"inLanguage\":\"fr-FR\"},{\"@type\":\"Organization\",\"@id\":\"https:\\\/\\\/depeches241.com\\\/#organization\",\"name\":\"Groupe D\u00e9p\u00eaches241\",\"url\":\"https:\\\/\\\/depeches241.com\\\/\",\"logo\":{\"@type\":\"ImageObject\",\"inLanguage\":\"fr-FR\",\"@id\":\"https:\\\/\\\/depeches241.com\\\/#\\\/schema\\\/logo\\\/image\\\/\",\"url\":\"https:\\\/\\\/depeches241.com\\\/wp-content\\\/uploads\\\/2021\\\/10\\\/cropped-Logo-new-Accueil.png\",\"contentUrl\":\"https:\\\/\\\/depeches241.com\\\/wp-content\\\/uploads\\\/2021\\\/10\\\/cropped-Logo-new-Accueil.png\",\"width\":320,\"height\":105,\"caption\":\"Groupe D\u00e9p\u00eaches241\"},\"image\":{\"@id\":\"https:\\\/\\\/depeches241.com\\\/#\\\/schema\\\/logo\\\/image\\\/\"},\"sameAs\":[\"https:\\\/\\\/www.facebook.com\\\/depeches241\"]},{\"@type\":\"Person\",\"@id\":\"https:\\\/\\\/depeches241.com\\\/#\\\/schema\\\/person\\\/f39e676ca8f34712c2b828546ec69f14\",\"name\":\"Pharel BOUKIKA\",\"image\":{\"@type\":\"ImageObject\",\"inLanguage\":\"fr-FR\",\"@id\":\"https:\\\/\\\/secure.gravatar.com\\\/avatar\\\/f911ded37269927862a946f1d008338d6cd8ef36529103aaa98b08ba9425d477?s=96&d=mm&r=g\",\"url\":\"https:\\\/\\\/secure.gravatar.com\\\/avatar\\\/f911ded37269927862a946f1d008338d6cd8ef36529103aaa98b08ba9425d477?s=96&d=mm&r=g\",\"contentUrl\":\"https:\\\/\\\/secure.gravatar.com\\\/avatar\\\/f911ded37269927862a946f1d008338d6cd8ef36529103aaa98b08ba9425d477?s=96&d=mm&r=g\",\"caption\":\"Pharel BOUKIKA\"},\"description\":\"Dipl\u00f4m\u00e9 en Droit Priv\u00e9, en communication, en Journalisme et d\u00e9tenteur d'une Licence en \u00c9conomie et Gestion administrative, ancien r\u00e9dacteur en Chef de Gabon Media Time, Pharel Boukika est le G\u00e9rant du groupe D\u00e9p\u00eaches Gabon et par ailleurs Directeur de Publication de D\u00e9p\u00eaches241. Analyste politique, ses prises de parole et ses approches pertinentes lui ont ouvert depuis peu les portes des plateaux t\u00e9l\u00e9vis\u00e9s pendant lesquels, il d\u00e9bat sur les questions d'actualit\u00e9 politique, \u00e9conomique et sociale du Gabon. D\u00e9p\u00eaches241 n'est que le prolongement de sa volont\u00e9 manifeste et infinie d'\u00e9difier et d'informer les Gabonais.\",\"sameAs\":[\"http:\\\/\\\/clubsportplus.fr\"],\"url\":\"https:\\\/\\\/depeches241.com\\\/?author=2\"}]}<\/script>\n<!-- \/ Yoast SEO plugin. -->","yoast_head_json":{"title":"Matchs amicaux: Patrice Neveu d\u00e9voile ce vendredi sa liste pour les rencontres amicales face \u00e0 la Sierra Leone et le Niger - Groupe D\u00e9p\u00eaches241","description":"Demain, au cours d\u2019une conf\u00e9rence de presse organis\u00e9e \u00e0 la F\u00e9d\u00e9ration Gabonaise de football, Patrice Neveu va d\u00e9voiler, la liste des joueurs retenus pour les rencontres amicales du Gabon face \u00e0 la Sierra Leone et le Niger, pr\u00e9vues les 17 et 20 novembre prochain. C\u2019est ce que nous r\u00e9v\u00e8le un communiqu\u00e9 de presse parvenu \u00e0 notre r\u00e9daction ce jeudi en milieu de journ\u00e9e.","robots":{"index":"index","follow":"follow","max-snippet":"max-snippet:-1","max-image-preview":"max-image-preview:large","max-video-preview":"max-video-preview:-1"},"canonical":"https:\/\/depeches241.com\/?p=10492","og_locale":"fr_FR","og_type":"article","og_title":"Matchs amicaux: Patrice Neveu d\u00e9voile ce vendredi sa liste pour les rencontres amicales face \u00e0 la Sierra Leone et le Niger - Groupe D\u00e9p\u00eaches241","og_description":"Demain, au cours d\u2019une conf\u00e9rence de presse organis\u00e9e \u00e0 la F\u00e9d\u00e9ration Gabonaise de football, Patrice Neveu va d\u00e9voiler, la liste des joueurs retenus pour les rencontres amicales du Gabon face \u00e0 la Sierra Leone et le Niger, pr\u00e9vues les 17 et 20 novembre prochain. C\u2019est ce que nous r\u00e9v\u00e8le un communiqu\u00e9 de presse parvenu \u00e0 notre r\u00e9daction ce jeudi en milieu de journ\u00e9e.","og_url":"https:\/\/depeches241.com\/?p=10492","og_site_name":"Groupe D\u00e9p\u00eaches241","article_publisher":"https:\/\/www.facebook.com\/depeches241","article_published_time":"2022-11-03T13:45:59+00:00","article_modified_time":"2022-11-03T14:27:38+00:00","og_image":[{"width":960,"height":540,"url":"https:\/\/depeches241.com\/wp-content\/uploads\/2022\/11\/DRIVE-IMAGES-DEPECHES-46.jpg","type":"image\/jpeg"}],"author":"Pharel BOUKIKA","twitter_card":"summary_large_image","twitter_misc":{"\u00c9crit par":"Pharel BOUKIKA","Dur\u00e9e de lecture estim\u00e9e":"1 minute"},"schema":{"@context":"https:\/\/schema.org","@graph":[{"@type":"Article","@id":"https:\/\/depeches241.com\/?p=10492#article","isPartOf":{"@id":"https:\/\/depeches241.com\/?p=10492"},"author":{"name":"Pharel BOUKIKA","@id":"https:\/\/depeches241.com\/#\/schema\/person\/f39e676ca8f34712c2b828546ec69f14"},"headline":"Matchs amicaux: Patrice Neveu d\u00e9voile ce vendredi sa liste pour les rencontres amicales face \u00e0 la Sierra Leone et le Niger","datePublished":"2022-11-03T13:45:59+00:00","dateModified":"2022-11-03T14:27:38+00:00","mainEntityOfPage":{"@id":"https:\/\/depeches241.com\/?p=10492"},"wordCount":306,"commentCount":0,"publisher":{"@id":"https:\/\/depeches241.com\/#organization"},"image":{"@id":"https:\/\/depeches241.com\/?p=10492#primaryimage"},"thumbnailUrl":"https:\/\/depeches241.com\/wp-content\/uploads\/2022\/11\/DRIVE-IMAGES-DEPECHES-46.jpg","keywords":["depeches241","Football","Gabon","Sport"],"articleSection":["SPORT","Une1"],"inLanguage":"fr-FR","potentialAction":[{"@type":"CommentAction","name":"Comment","target":["https:\/\/depeches241.com\/?p=10492#respond"]}]},{"@type":"WebPage","@id":"https:\/\/depeches241.com\/?p=10492","url":"https:\/\/depeches241.com\/?p=10492","name":"Matchs amicaux: Patrice Neveu d\u00e9voile ce vendredi sa liste pour les rencontres amicales face \u00e0 la Sierra Leone et le Niger - Groupe D\u00e9p\u00eaches241","isPartOf":{"@id":"https:\/\/depeches241.com\/#website"},"primaryImageOfPage":{"@id":"https:\/\/depeches241.com\/?p=10492#primaryimage"},"image":{"@id":"https:\/\/depeches241.com\/?p=10492#primaryimage"},"thumbnailUrl":"https:\/\/depeches241.com\/wp-content\/uploads\/2022\/11\/DRIVE-IMAGES-DEPECHES-46.jpg","datePublished":"2022-11-03T13:45:59+00:00","dateModified":"2022-11-03T14:27:38+00:00","description":"Demain, au cours d\u2019une conf\u00e9rence de presse organis\u00e9e \u00e0 la F\u00e9d\u00e9ration Gabonaise de football, Patrice Neveu va d\u00e9voiler, la liste des joueurs retenus pour les rencontres amicales du Gabon face \u00e0 la Sierra Leone et le Niger, pr\u00e9vues les 17 et 20 novembre prochain. C\u2019est ce que nous r\u00e9v\u00e8le un communiqu\u00e9 de presse parvenu \u00e0 notre r\u00e9daction ce jeudi en milieu de journ\u00e9e.","breadcrumb":{"@id":"https:\/\/depeches241.com\/?p=10492#breadcrumb"},"inLanguage":"fr-FR","potentialAction":[{"@type":"ReadAction","target":["https:\/\/depeches241.com\/?p=10492"]}]},{"@type":"ImageObject","inLanguage":"fr-FR","@id":"https:\/\/depeches241.com\/?p=10492#primaryimage","url":"https:\/\/depeches241.com\/wp-content\/uploads\/2022\/11\/DRIVE-IMAGES-DEPECHES-46.jpg","contentUrl":"https:\/\/depeches241.com\/wp-content\/uploads\/2022\/11\/DRIVE-IMAGES-DEPECHES-46.jpg","width":960,"height":540},{"@type":"BreadcrumbList","@id":"https:\/\/depeches241.com\/?p=10492#breadcrumb","itemListElement":[{"@type":"ListItem","position":1,"name":"Accueil","item":"https:\/\/depeches241.com\/"},{"@type":"ListItem","position":2,"name":"Matchs amicaux: Patrice Neveu d\u00e9voile ce vendredi sa liste pour les rencontres amicales face \u00e0 la Sierra Leone et le Niger"}]},{"@type":"WebSite","@id":"https:\/\/depeches241.com\/#website","url":"https:\/\/depeches241.com\/","name":"D\u00e9p\u00eaches241","description":"M\u00e9dia d&#039;actualit\u00e9 Politique, \u00c9conomique, Sociale et Internationale","publisher":{"@id":"https:\/\/depeches241.com\/#organization"},"potentialAction":[{"@type":"SearchAction","target":{"@type":"EntryPoint","urlTemplate":"https:\/\/depeches241.com\/?s={search_term_string}"},"query-input":{"@type":"PropertyValueSpecification","valueRequired":true,"valueName":"search_term_string"}}],"inLanguage":"fr-FR"},{"@type":"Organization","@id":"https:\/\/depeches241.com\/#organization","name":"Groupe D\u00e9p\u00eaches241","url":"https:\/\/depeches241.com\/","logo":{"@type":"ImageObject","inLanguage":"fr-FR","@id":"https:\/\/depeches241.com\/#\/schema\/logo\/image\/","url":"https:\/\/depeches241.com\/wp-content\/uploads\/2021\/10\/cropped-Logo-new-Accueil.png","contentUrl":"https:\/\/depeches241.com\/wp-content\/uploads\/2021\/10\/cropped-Logo-new-Accueil.png","width":320,"height":105,"caption":"Groupe D\u00e9p\u00eaches241"},"image":{"@id":"https:\/\/depeches241.com\/#\/schema\/logo\/image\/"},"sameAs":["https:\/\/www.facebook.com\/depeches241"]},{"@type":"Person","@id":"https:\/\/depeches241.com\/#\/schema\/person\/f39e676ca8f34712c2b828546ec69f14","name":"Pharel BOUKIKA","image":{"@type":"ImageObject","inLanguage":"fr-FR","@id":"https:\/\/secure.gravatar.com\/avatar\/f911ded37269927862a946f1d008338d6cd8ef36529103aaa98b08ba9425d477?s=96&d=mm&r=g","url":"https:\/\/secure.gravatar.com\/avatar\/f911ded37269927862a946f1d008338d6cd8ef36529103aaa98b08ba9425d477?s=96&d=mm&r=g","contentUrl":"https:\/\/secure.gravatar.com\/avatar\/f911ded37269927862a946f1d008338d6cd8ef36529103aaa98b08ba9425d477?s=96&d=mm&r=g","caption":"Pharel BOUKIKA"},"description":"Dipl\u00f4m\u00e9 en Droit Priv\u00e9, en communication, en Journalisme et d\u00e9tenteur d'une Licence en \u00c9conomie et Gestion administrative, ancien r\u00e9dacteur en Chef de Gabon Media Time, Pharel Boukika est le G\u00e9rant du groupe D\u00e9p\u00eaches Gabon et par ailleurs Directeur de Publication de D\u00e9p\u00eaches241. Analyste politique, ses prises de parole et ses approches pertinentes lui ont ouvert depuis peu les portes des plateaux t\u00e9l\u00e9vis\u00e9s pendant lesquels, il d\u00e9bat sur les questions d'actualit\u00e9 politique, \u00e9conomique et sociale du Gabon. D\u00e9p\u00eaches241 n'est que le prolongement de sa volont\u00e9 manifeste et infinie d'\u00e9difier et d'informer les Gabonais.","sameAs":["http:\/\/clubsportplus.fr"],"url":"https:\/\/depeches241.com\/?author=2"}]}},"_links":{"self":[{"href":"https:\/\/depeches241.com\/index.php?rest_route=\/wp\/v2\/posts\/10492","targetHints":{"allow":["GET"]}}],"collection":[{"href":"https:\/\/depeches241.com\/index.php?rest_route=\/wp\/v2\/posts"}],"about":[{"href":"https:\/\/depeches241.com\/index.php?rest_route=\/wp\/v2\/types\/post"}],"author":[{"embeddable":true,"href":"https:\/\/depeches241.com\/index.php?rest_route=\/wp\/v2\/users\/2"}],"replies":[{"embeddable":true,"href":"https:\/\/depeches241.com\/index.php?rest_route=%2Fwp%2Fv2%2Fcomments&post=10492"}],"version-history":[{"count":6,"href":"https:\/\/depeches241.com\/index.php?rest_route=\/wp\/v2\/posts\/10492\/revisions"}],"predecessor-version":[{"id":10500,"href":"https:\/\/depeches241.com\/index.php?rest_route=\/wp\/v2\/posts\/10492\/revisions\/10500"}],"wp:featuredmedia":[{"embeddable":true,"href":"https:\/\/depeches241.com\/index.php?rest_route=\/wp\/v2\/media\/10493"}],"wp:attachment":[{"href":"https:\/\/depeches241.com\/index.php?rest_route=%2Fwp%2Fv2%2Fmedia&parent=10492"}],"wp:term":[{"taxonomy":"category","embeddable":true,"href":"https:\/\/depeches241.com\/index.php?rest_route=%2Fwp%2Fv2%2Fcategories&post=10492"},{"taxonomy":"post_tag","embeddable":true,"href":"https:\/\/depeches241.com\/index.php?rest_route=%2Fwp%2Fv2%2Ftags&post=10492"}],"curies":[{"name":"wp","href":"https:\/\/api.w.org\/{rel}","templated":true}]}}