{"id":10866,"date":"2022-11-22T14:38:14","date_gmt":"2022-11-22T13:38:14","guid":{"rendered":"http:\/\/depeches241.com\/?p=10866"},"modified":"2022-11-22T14:39:20","modified_gmt":"2022-11-22T13:39:20","slug":"fegafoot-pierre-alain-mounguengui-a-doha-au-qatar-pour-la-reunion-du-comite-executif-de-la-fifa","status":"publish","type":"post","link":"https:\/\/depeches241.com\/?p=10866","title":{"rendered":"Fegafoot: Pierre Alain Mounguengui \u00e0 Doha au Qatar pour la r\u00e9union du comit\u00e9 ex\u00e9cutif de la FIFA"},"content":{"rendered":"\n<figure class=\"wp-block-image size-full\"><img fetchpriority=\"high\" decoding=\"async\" width=\"960\" height=\"540\" src=\"http:\/\/depeches241.com\/wp-content\/uploads\/2022\/11\/DRIVE-IMAGES-DEPECHES-2022-11-22T143005.535.jpg\" alt=\"\" class=\"wp-image-10867\" srcset=\"https:\/\/depeches241.com\/wp-content\/uploads\/2022\/11\/DRIVE-IMAGES-DEPECHES-2022-11-22T143005.535.jpg 960w, https:\/\/depeches241.com\/wp-content\/uploads\/2022\/11\/DRIVE-IMAGES-DEPECHES-2022-11-22T143005.535-300x169.jpg 300w, https:\/\/depeches241.com\/wp-content\/uploads\/2022\/11\/DRIVE-IMAGES-DEPECHES-2022-11-22T143005.535-768x432.jpg 768w\" sizes=\"(max-width: 960px) 100vw, 960px\" \/><figcaption class=\"wp-element-caption\"><strong><em>Pierre Alain Mounguengui en compagnie du pr\u00e9sident de la CAF Patrice Motsepe en marge du comit\u00e9 ex\u00e9cutif de la FIFA \u00e0 Doha au Qatar \u00a9DR<\/em><\/strong> <\/figcaption><\/figure>\n\n\n\n<p style=\"font-size:17px\"><strong>Libreville le 22 novembre 2022 &#8211; ( D\u00e9p\u00eaches 241). Le pr\u00e9sident de la F\u00e9d\u00e9ration Gabonaise de Football est depuis le 18 novembre dernier \u00e0 Doha au Qatar o\u00f9 il assiste \u00e0 la r\u00e9union du comit\u00e9 ex\u00e9cutif de la F\u00e9d\u00e9ration Internationale de Football&nbsp; (FIFA). Pierre Alain Mounguengui dont l\u2019agenda est manifestement charg\u00e9 encha\u00eene ainsi une autre activit\u00e9 apr\u00e8s avoir pr\u00e9sid\u00e9 et lanc\u00e9 deux jours avant les travaux de l\u2019atelier de validation du document d\u2019orientation strat\u00e9gique sur la lutte contre le harc\u00e8lement et les abus sexuels dans le milieu du football Gabonais.&nbsp;&nbsp;&nbsp;<\/strong><\/p>\n\n\n\n<p style=\"font-size:17px\">Pierre Alain Mounguengui est d\u00e9finitivement \u00e0 sa place, \u00e0 son poste de pr\u00e9sident de la F\u00e9d\u00e9ration Gabonais de Football (Fegafoot). Apr\u00e8s avoir lanc\u00e9 le 16 novembre dernier par le biais de la commission nationale de lutte contre le harc\u00e8lement et les abus sexuels dans le milieu du football, un atelier de validation des documents strat\u00e9giques de lutte contre ledit ph\u00e9nom\u00e8ne, celui qui pr\u00e9side aux destin\u00e9es du football gabonais depuis 8 ans s\u2019est envol\u00e9 pour Doha au Qatar.&nbsp;<\/p>\n\n\n\n<p style=\"font-size:17px\">Un d\u00e9placement dans la pays qui abrite depuis le 20 novembre, la 22\u00e8 coupe du monde de football pour assister en sa qualit\u00e9 de membre du comit\u00e9 ex\u00e9cutif de la conf\u00e9d\u00e9ration africaine de football (CAF), \u00e0 la r\u00e9union du comit\u00e9 ex\u00e9cutif de la F\u00e9d\u00e9ration Internationale de Football qui est un organe de d\u00e9cision et dont les membres sont \u00e9lus par le congr\u00e8s de la FIFA. Une sortie qui permettra sans doute \u00e0 Pierre Alain Mounguengui de retrouver son beau monde dont le pr\u00e9sident de la CAF Patrice Motsepe qui n\u2019avait pas h\u00e9sit\u00e9 \u00e0 effectuer un d\u00e9placement \u00e0 Libreville au plus fort de ses ennuis avec la justice Gabonaise.&nbsp;<\/p>\n\n\n\n<p style=\"font-size:17px\"><strong>LIRE AUSSI: <\/strong><a href=\"http:\/\/depeches241.com\/index.php\/2022\/11\/16\/gabon-la-fegafoot-lance-les-travaux-de-latelier-de-validation-du-document-dorientation-strategique-sur-la-lutte-contre-le-harcelement-et-les-abus-sexuels-dans-le-milieu-du-football\/\"><strong>Gabon: la Fegafoot lance les travaux de l\u2019atelier de validation du document d\u2019orientation strat\u00e9gique sur la lutte contre le harc\u00e8lement et les abus sexuels dans le milieu du football au Gabon&nbsp;<\/strong><\/a><\/p>\n\n\n\n<p style=\"font-size:17px\">Pour rappel, le Comit\u00e9 ex\u00e9cutif de la Fifa est compos\u00e9 d&rsquo;un pr\u00e9sident, de huit vice-pr\u00e9sidents et de 15 membres d\u00e9sign\u00e9s par les conf\u00e9d\u00e9rations et les associations. Il se r\u00e9unit au moins deux fois par an, et chaque membre, y compris le pr\u00e9sident, a une dur\u00e9e de quatre ans. Leur r\u00f4le consiste \u00e0 d\u00e9terminer les dates, les lieux et le format des tournois. Il a \u00e9galement pour r\u00f4le de nommer des d\u00e9l\u00e9gu\u00e9s \u00e0 la FIFA.<\/p>\n","protected":false},"excerpt":{"rendered":"<p>Le pr\u00e9sident de la F\u00e9d\u00e9ration Gabonaise de Football est depuis le 18 novembre dernier \u00e0 Doha au Qatar o\u00f9 il assiste \u00e0 la r\u00e9union du comit\u00e9 ex\u00e9cutif de la F\u00e9d\u00e9ration Internationale de Football  (FIFA). Pierre Alain Mounguengui dont l\u2019agenda est manifestement charg\u00e9 encha\u00eene ainsi une autre activit\u00e9 apr\u00e8s avoir pr\u00e9sid\u00e9 et lanc\u00e9 deux jours avant les travaux de l\u2019atelier de validation du document d\u2019orientation strat\u00e9gique sur la lutte contre le harc\u00e8lement et les abus sexuels dans le milieu du football Gabonais.   <\/p>\n","protected":false},"author":2,"featured_media":10867,"comment_status":"open","ping_status":"open","sticky":false,"template":"","format":"standard","meta":{"om_disable_all_campaigns":false,"footnotes":""},"categories":[634,116],"tags":[99,1298,1251,406,59,1176,403],"class_list":{"0":"post-10866","1":"post","2":"type-post","3":"status-publish","4":"format-standard","5":"has-post-thumbnail","7":"category-sport","8":"category-une1","9":"tag-depeches241","10":"tag-fegafoot","11":"tag-fifa","12":"tag-football","13":"tag-gabon","14":"tag-pierre-alain-mounguengui","15":"tag-sport"},"yoast_head":"<!-- This site is optimized with the Yoast SEO plugin v27.5 - https:\/\/yoast.com\/product\/yoast-seo-wordpress\/ -->\n<title>Fegafoot: Pierre Alain Mounguengui \u00e0 Doha au Qatar pour la r\u00e9union du comit\u00e9 ex\u00e9cutif de la FIFA - Groupe D\u00e9p\u00eaches241<\/title>\n<meta name=\"description\" content=\"Le pr\u00e9sident de la F\u00e9d\u00e9ration Gabonaise de Football est depuis le 18 novembre dernier \u00e0 Doha au Qatar o\u00f9 il assiste \u00e0 la r\u00e9union du comit\u00e9 ex\u00e9cutif de la F\u00e9d\u00e9ration Internationale de Football (FIFA). Pierre Alain Mounguengui dont l\u2019agenda est manifestement charg\u00e9 encha\u00eene ainsi une autre activit\u00e9 apr\u00e8s avoir pr\u00e9sid\u00e9 et lanc\u00e9 deux jours avant les travaux de l\u2019atelier de validation du document d\u2019orientation strat\u00e9gique sur la lutte contre le harc\u00e8lement et les abus sexuels dans le milieu du football Gabonais.\" \/>\n<meta name=\"robots\" content=\"index, follow, max-snippet:-1, max-image-preview:large, max-video-preview:-1\" \/>\n<link rel=\"canonical\" href=\"https:\/\/depeches241.com\/?p=10866\" \/>\n<meta property=\"og:locale\" content=\"fr_FR\" \/>\n<meta property=\"og:type\" content=\"article\" \/>\n<meta property=\"og:title\" content=\"Fegafoot: Pierre Alain Mounguengui \u00e0 Doha au Qatar pour la r\u00e9union du comit\u00e9 ex\u00e9cutif de la FIFA - Groupe D\u00e9p\u00eaches241\" \/>\n<meta property=\"og:description\" content=\"Le pr\u00e9sident de la F\u00e9d\u00e9ration Gabonaise de Football est depuis le 18 novembre dernier \u00e0 Doha au Qatar o\u00f9 il assiste \u00e0 la r\u00e9union du comit\u00e9 ex\u00e9cutif de la F\u00e9d\u00e9ration Internationale de Football (FIFA). Pierre Alain Mounguengui dont l\u2019agenda est manifestement charg\u00e9 encha\u00eene ainsi une autre activit\u00e9 apr\u00e8s avoir pr\u00e9sid\u00e9 et lanc\u00e9 deux jours avant les travaux de l\u2019atelier de validation du document d\u2019orientation strat\u00e9gique sur la lutte contre le harc\u00e8lement et les abus sexuels dans le milieu du football Gabonais.\" \/>\n<meta property=\"og:url\" content=\"https:\/\/depeches241.com\/?p=10866\" \/>\n<meta property=\"og:site_name\" content=\"Groupe D\u00e9p\u00eaches241\" \/>\n<meta property=\"article:publisher\" content=\"https:\/\/www.facebook.com\/depeches241\" \/>\n<meta property=\"article:published_time\" content=\"2022-11-22T13:38:14+00:00\" \/>\n<meta property=\"article:modified_time\" content=\"2022-11-22T13:39:20+00:00\" \/>\n<meta property=\"og:image\" content=\"https:\/\/depeches241.com\/wp-content\/uploads\/2022\/11\/DRIVE-IMAGES-DEPECHES-2022-11-22T143005.535.jpg\" \/>\n\t<meta property=\"og:image:width\" content=\"960\" \/>\n\t<meta property=\"og:image:height\" content=\"540\" \/>\n\t<meta property=\"og:image:type\" content=\"image\/jpeg\" \/>\n<meta name=\"author\" content=\"Pharel BOUKIKA\" \/>\n<meta name=\"twitter:card\" content=\"summary_large_image\" \/>\n<meta name=\"twitter:label1\" content=\"\u00c9crit par\" \/>\n\t<meta name=\"twitter:data1\" content=\"Pharel BOUKIKA\" \/>\n\t<meta name=\"twitter:label2\" content=\"Dur\u00e9e de lecture estim\u00e9e\" \/>\n\t<meta name=\"twitter:data2\" content=\"2 minutes\" \/>\n<script type=\"application\/ld+json\" class=\"yoast-schema-graph\">{\"@context\":\"https:\\\/\\\/schema.org\",\"@graph\":[{\"@type\":\"Article\",\"@id\":\"https:\\\/\\\/depeches241.com\\\/?p=10866#article\",\"isPartOf\":{\"@id\":\"https:\\\/\\\/depeches241.com\\\/?p=10866\"},\"author\":{\"name\":\"Pharel BOUKIKA\",\"@id\":\"https:\\\/\\\/depeches241.com\\\/#\\\/schema\\\/person\\\/f39e676ca8f34712c2b828546ec69f14\"},\"headline\":\"Fegafoot: Pierre Alain Mounguengui \u00e0 Doha au Qatar pour la r\u00e9union du comit\u00e9 ex\u00e9cutif de la FIFA\",\"datePublished\":\"2022-11-22T13:38:14+00:00\",\"dateModified\":\"2022-11-22T13:39:20+00:00\",\"mainEntityOfPage\":{\"@id\":\"https:\\\/\\\/depeches241.com\\\/?p=10866\"},\"wordCount\":476,\"commentCount\":0,\"publisher\":{\"@id\":\"https:\\\/\\\/depeches241.com\\\/#organization\"},\"image\":{\"@id\":\"https:\\\/\\\/depeches241.com\\\/?p=10866#primaryimage\"},\"thumbnailUrl\":\"https:\\\/\\\/depeches241.com\\\/wp-content\\\/uploads\\\/2022\\\/11\\\/DRIVE-IMAGES-DEPECHES-2022-11-22T143005.535.jpg\",\"keywords\":[\"depeches241\",\"Fegafoot\",\"FIFA\",\"Football\",\"Gabon\",\"Pierre Alain Mounguengui\",\"Sport\"],\"articleSection\":[\"SPORT\",\"Une1\"],\"inLanguage\":\"fr-FR\",\"potentialAction\":[{\"@type\":\"CommentAction\",\"name\":\"Comment\",\"target\":[\"https:\\\/\\\/depeches241.com\\\/?p=10866#respond\"]}]},{\"@type\":\"WebPage\",\"@id\":\"https:\\\/\\\/depeches241.com\\\/?p=10866\",\"url\":\"https:\\\/\\\/depeches241.com\\\/?p=10866\",\"name\":\"Fegafoot: Pierre Alain Mounguengui \u00e0 Doha au Qatar pour la r\u00e9union du comit\u00e9 ex\u00e9cutif de la FIFA - Groupe D\u00e9p\u00eaches241\",\"isPartOf\":{\"@id\":\"https:\\\/\\\/depeches241.com\\\/#website\"},\"primaryImageOfPage\":{\"@id\":\"https:\\\/\\\/depeches241.com\\\/?p=10866#primaryimage\"},\"image\":{\"@id\":\"https:\\\/\\\/depeches241.com\\\/?p=10866#primaryimage\"},\"thumbnailUrl\":\"https:\\\/\\\/depeches241.com\\\/wp-content\\\/uploads\\\/2022\\\/11\\\/DRIVE-IMAGES-DEPECHES-2022-11-22T143005.535.jpg\",\"datePublished\":\"2022-11-22T13:38:14+00:00\",\"dateModified\":\"2022-11-22T13:39:20+00:00\",\"description\":\"Le pr\u00e9sident de la F\u00e9d\u00e9ration Gabonaise de Football est depuis le 18 novembre dernier \u00e0 Doha au Qatar o\u00f9 il assiste \u00e0 la r\u00e9union du comit\u00e9 ex\u00e9cutif de la F\u00e9d\u00e9ration Internationale de Football (FIFA). Pierre Alain Mounguengui dont l\u2019agenda est manifestement charg\u00e9 encha\u00eene ainsi une autre activit\u00e9 apr\u00e8s avoir pr\u00e9sid\u00e9 et lanc\u00e9 deux jours avant les travaux de l\u2019atelier de validation du document d\u2019orientation strat\u00e9gique sur la lutte contre le harc\u00e8lement et les abus sexuels dans le milieu du football Gabonais.\",\"breadcrumb\":{\"@id\":\"https:\\\/\\\/depeches241.com\\\/?p=10866#breadcrumb\"},\"inLanguage\":\"fr-FR\",\"potentialAction\":[{\"@type\":\"ReadAction\",\"target\":[\"https:\\\/\\\/depeches241.com\\\/?p=10866\"]}]},{\"@type\":\"ImageObject\",\"inLanguage\":\"fr-FR\",\"@id\":\"https:\\\/\\\/depeches241.com\\\/?p=10866#primaryimage\",\"url\":\"https:\\\/\\\/depeches241.com\\\/wp-content\\\/uploads\\\/2022\\\/11\\\/DRIVE-IMAGES-DEPECHES-2022-11-22T143005.535.jpg\",\"contentUrl\":\"https:\\\/\\\/depeches241.com\\\/wp-content\\\/uploads\\\/2022\\\/11\\\/DRIVE-IMAGES-DEPECHES-2022-11-22T143005.535.jpg\",\"width\":960,\"height\":540},{\"@type\":\"BreadcrumbList\",\"@id\":\"https:\\\/\\\/depeches241.com\\\/?p=10866#breadcrumb\",\"itemListElement\":[{\"@type\":\"ListItem\",\"position\":1,\"name\":\"Accueil\",\"item\":\"https:\\\/\\\/depeches241.com\\\/\"},{\"@type\":\"ListItem\",\"position\":2,\"name\":\"Fegafoot: Pierre Alain Mounguengui \u00e0 Doha au Qatar pour la r\u00e9union du comit\u00e9 ex\u00e9cutif de la FIFA\"}]},{\"@type\":\"WebSite\",\"@id\":\"https:\\\/\\\/depeches241.com\\\/#website\",\"url\":\"https:\\\/\\\/depeches241.com\\\/\",\"name\":\"D\u00e9p\u00eaches241\",\"description\":\"M\u00e9dia d&#039;actualit\u00e9 Politique, \u00c9conomique, Sociale et Internationale\",\"publisher\":{\"@id\":\"https:\\\/\\\/depeches241.com\\\/#organization\"},\"potentialAction\":[{\"@type\":\"SearchAction\",\"target\":{\"@type\":\"EntryPoint\",\"urlTemplate\":\"https:\\\/\\\/depeches241.com\\\/?s={search_term_string}\"},\"query-input\":{\"@type\":\"PropertyValueSpecification\",\"valueRequired\":true,\"valueName\":\"search_term_string\"}}],\"inLanguage\":\"fr-FR\"},{\"@type\":\"Organization\",\"@id\":\"https:\\\/\\\/depeches241.com\\\/#organization\",\"name\":\"Groupe D\u00e9p\u00eaches241\",\"url\":\"https:\\\/\\\/depeches241.com\\\/\",\"logo\":{\"@type\":\"ImageObject\",\"inLanguage\":\"fr-FR\",\"@id\":\"https:\\\/\\\/depeches241.com\\\/#\\\/schema\\\/logo\\\/image\\\/\",\"url\":\"https:\\\/\\\/depeches241.com\\\/wp-content\\\/uploads\\\/2021\\\/10\\\/cropped-Logo-new-Accueil.png\",\"contentUrl\":\"https:\\\/\\\/depeches241.com\\\/wp-content\\\/uploads\\\/2021\\\/10\\\/cropped-Logo-new-Accueil.png\",\"width\":320,\"height\":105,\"caption\":\"Groupe D\u00e9p\u00eaches241\"},\"image\":{\"@id\":\"https:\\\/\\\/depeches241.com\\\/#\\\/schema\\\/logo\\\/image\\\/\"},\"sameAs\":[\"https:\\\/\\\/www.facebook.com\\\/depeches241\"]},{\"@type\":\"Person\",\"@id\":\"https:\\\/\\\/depeches241.com\\\/#\\\/schema\\\/person\\\/f39e676ca8f34712c2b828546ec69f14\",\"name\":\"Pharel BOUKIKA\",\"image\":{\"@type\":\"ImageObject\",\"inLanguage\":\"fr-FR\",\"@id\":\"https:\\\/\\\/secure.gravatar.com\\\/avatar\\\/f911ded37269927862a946f1d008338d6cd8ef36529103aaa98b08ba9425d477?s=96&d=mm&r=g\",\"url\":\"https:\\\/\\\/secure.gravatar.com\\\/avatar\\\/f911ded37269927862a946f1d008338d6cd8ef36529103aaa98b08ba9425d477?s=96&d=mm&r=g\",\"contentUrl\":\"https:\\\/\\\/secure.gravatar.com\\\/avatar\\\/f911ded37269927862a946f1d008338d6cd8ef36529103aaa98b08ba9425d477?s=96&d=mm&r=g\",\"caption\":\"Pharel BOUKIKA\"},\"description\":\"Dipl\u00f4m\u00e9 en Droit Priv\u00e9, en communication, en Journalisme et d\u00e9tenteur d'une Licence en \u00c9conomie et Gestion administrative, ancien r\u00e9dacteur en Chef de Gabon Media Time, Pharel Boukika est le G\u00e9rant du groupe D\u00e9p\u00eaches Gabon et par ailleurs Directeur de Publication de D\u00e9p\u00eaches241. Analyste politique, ses prises de parole et ses approches pertinentes lui ont ouvert depuis peu les portes des plateaux t\u00e9l\u00e9vis\u00e9s pendant lesquels, il d\u00e9bat sur les questions d'actualit\u00e9 politique, \u00e9conomique et sociale du Gabon. D\u00e9p\u00eaches241 n'est que le prolongement de sa volont\u00e9 manifeste et infinie d'\u00e9difier et d'informer les Gabonais.\",\"sameAs\":[\"http:\\\/\\\/clubsportplus.fr\"],\"url\":\"https:\\\/\\\/depeches241.com\\\/?author=2\"}]}<\/script>\n<!-- \/ Yoast SEO plugin. -->","yoast_head_json":{"title":"Fegafoot: Pierre Alain Mounguengui \u00e0 Doha au Qatar pour la r\u00e9union du comit\u00e9 ex\u00e9cutif de la FIFA - Groupe D\u00e9p\u00eaches241","description":"Le pr\u00e9sident de la F\u00e9d\u00e9ration Gabonaise de Football est depuis le 18 novembre dernier \u00e0 Doha au Qatar o\u00f9 il assiste \u00e0 la r\u00e9union du comit\u00e9 ex\u00e9cutif de la F\u00e9d\u00e9ration Internationale de Football (FIFA). Pierre Alain Mounguengui dont l\u2019agenda est manifestement charg\u00e9 encha\u00eene ainsi une autre activit\u00e9 apr\u00e8s avoir pr\u00e9sid\u00e9 et lanc\u00e9 deux jours avant les travaux de l\u2019atelier de validation du document d\u2019orientation strat\u00e9gique sur la lutte contre le harc\u00e8lement et les abus sexuels dans le milieu du football Gabonais.","robots":{"index":"index","follow":"follow","max-snippet":"max-snippet:-1","max-image-preview":"max-image-preview:large","max-video-preview":"max-video-preview:-1"},"canonical":"https:\/\/depeches241.com\/?p=10866","og_locale":"fr_FR","og_type":"article","og_title":"Fegafoot: Pierre Alain Mounguengui \u00e0 Doha au Qatar pour la r\u00e9union du comit\u00e9 ex\u00e9cutif de la FIFA - Groupe D\u00e9p\u00eaches241","og_description":"Le pr\u00e9sident de la F\u00e9d\u00e9ration Gabonaise de Football est depuis le 18 novembre dernier \u00e0 Doha au Qatar o\u00f9 il assiste \u00e0 la r\u00e9union du comit\u00e9 ex\u00e9cutif de la F\u00e9d\u00e9ration Internationale de Football (FIFA). Pierre Alain Mounguengui dont l\u2019agenda est manifestement charg\u00e9 encha\u00eene ainsi une autre activit\u00e9 apr\u00e8s avoir pr\u00e9sid\u00e9 et lanc\u00e9 deux jours avant les travaux de l\u2019atelier de validation du document d\u2019orientation strat\u00e9gique sur la lutte contre le harc\u00e8lement et les abus sexuels dans le milieu du football Gabonais.","og_url":"https:\/\/depeches241.com\/?p=10866","og_site_name":"Groupe D\u00e9p\u00eaches241","article_publisher":"https:\/\/www.facebook.com\/depeches241","article_published_time":"2022-11-22T13:38:14+00:00","article_modified_time":"2022-11-22T13:39:20+00:00","og_image":[{"width":960,"height":540,"url":"https:\/\/depeches241.com\/wp-content\/uploads\/2022\/11\/DRIVE-IMAGES-DEPECHES-2022-11-22T143005.535.jpg","type":"image\/jpeg"}],"author":"Pharel BOUKIKA","twitter_card":"summary_large_image","twitter_misc":{"\u00c9crit par":"Pharel BOUKIKA","Dur\u00e9e de lecture estim\u00e9e":"2 minutes"},"schema":{"@context":"https:\/\/schema.org","@graph":[{"@type":"Article","@id":"https:\/\/depeches241.com\/?p=10866#article","isPartOf":{"@id":"https:\/\/depeches241.com\/?p=10866"},"author":{"name":"Pharel BOUKIKA","@id":"https:\/\/depeches241.com\/#\/schema\/person\/f39e676ca8f34712c2b828546ec69f14"},"headline":"Fegafoot: Pierre Alain Mounguengui \u00e0 Doha au Qatar pour la r\u00e9union du comit\u00e9 ex\u00e9cutif de la FIFA","datePublished":"2022-11-22T13:38:14+00:00","dateModified":"2022-11-22T13:39:20+00:00","mainEntityOfPage":{"@id":"https:\/\/depeches241.com\/?p=10866"},"wordCount":476,"commentCount":0,"publisher":{"@id":"https:\/\/depeches241.com\/#organization"},"image":{"@id":"https:\/\/depeches241.com\/?p=10866#primaryimage"},"thumbnailUrl":"https:\/\/depeches241.com\/wp-content\/uploads\/2022\/11\/DRIVE-IMAGES-DEPECHES-2022-11-22T143005.535.jpg","keywords":["depeches241","Fegafoot","FIFA","Football","Gabon","Pierre Alain Mounguengui","Sport"],"articleSection":["SPORT","Une1"],"inLanguage":"fr-FR","potentialAction":[{"@type":"CommentAction","name":"Comment","target":["https:\/\/depeches241.com\/?p=10866#respond"]}]},{"@type":"WebPage","@id":"https:\/\/depeches241.com\/?p=10866","url":"https:\/\/depeches241.com\/?p=10866","name":"Fegafoot: Pierre Alain Mounguengui \u00e0 Doha au Qatar pour la r\u00e9union du comit\u00e9 ex\u00e9cutif de la FIFA - Groupe D\u00e9p\u00eaches241","isPartOf":{"@id":"https:\/\/depeches241.com\/#website"},"primaryImageOfPage":{"@id":"https:\/\/depeches241.com\/?p=10866#primaryimage"},"image":{"@id":"https:\/\/depeches241.com\/?p=10866#primaryimage"},"thumbnailUrl":"https:\/\/depeches241.com\/wp-content\/uploads\/2022\/11\/DRIVE-IMAGES-DEPECHES-2022-11-22T143005.535.jpg","datePublished":"2022-11-22T13:38:14+00:00","dateModified":"2022-11-22T13:39:20+00:00","description":"Le pr\u00e9sident de la F\u00e9d\u00e9ration Gabonaise de Football est depuis le 18 novembre dernier \u00e0 Doha au Qatar o\u00f9 il assiste \u00e0 la r\u00e9union du comit\u00e9 ex\u00e9cutif de la F\u00e9d\u00e9ration Internationale de Football (FIFA). Pierre Alain Mounguengui dont l\u2019agenda est manifestement charg\u00e9 encha\u00eene ainsi une autre activit\u00e9 apr\u00e8s avoir pr\u00e9sid\u00e9 et lanc\u00e9 deux jours avant les travaux de l\u2019atelier de validation du document d\u2019orientation strat\u00e9gique sur la lutte contre le harc\u00e8lement et les abus sexuels dans le milieu du football Gabonais.","breadcrumb":{"@id":"https:\/\/depeches241.com\/?p=10866#breadcrumb"},"inLanguage":"fr-FR","potentialAction":[{"@type":"ReadAction","target":["https:\/\/depeches241.com\/?p=10866"]}]},{"@type":"ImageObject","inLanguage":"fr-FR","@id":"https:\/\/depeches241.com\/?p=10866#primaryimage","url":"https:\/\/depeches241.com\/wp-content\/uploads\/2022\/11\/DRIVE-IMAGES-DEPECHES-2022-11-22T143005.535.jpg","contentUrl":"https:\/\/depeches241.com\/wp-content\/uploads\/2022\/11\/DRIVE-IMAGES-DEPECHES-2022-11-22T143005.535.jpg","width":960,"height":540},{"@type":"BreadcrumbList","@id":"https:\/\/depeches241.com\/?p=10866#breadcrumb","itemListElement":[{"@type":"ListItem","position":1,"name":"Accueil","item":"https:\/\/depeches241.com\/"},{"@type":"ListItem","position":2,"name":"Fegafoot: Pierre Alain Mounguengui \u00e0 Doha au Qatar pour la r\u00e9union du comit\u00e9 ex\u00e9cutif de la FIFA"}]},{"@type":"WebSite","@id":"https:\/\/depeches241.com\/#website","url":"https:\/\/depeches241.com\/","name":"D\u00e9p\u00eaches241","description":"M\u00e9dia d&#039;actualit\u00e9 Politique, \u00c9conomique, Sociale et Internationale","publisher":{"@id":"https:\/\/depeches241.com\/#organization"},"potentialAction":[{"@type":"SearchAction","target":{"@type":"EntryPoint","urlTemplate":"https:\/\/depeches241.com\/?s={search_term_string}"},"query-input":{"@type":"PropertyValueSpecification","valueRequired":true,"valueName":"search_term_string"}}],"inLanguage":"fr-FR"},{"@type":"Organization","@id":"https:\/\/depeches241.com\/#organization","name":"Groupe D\u00e9p\u00eaches241","url":"https:\/\/depeches241.com\/","logo":{"@type":"ImageObject","inLanguage":"fr-FR","@id":"https:\/\/depeches241.com\/#\/schema\/logo\/image\/","url":"https:\/\/depeches241.com\/wp-content\/uploads\/2021\/10\/cropped-Logo-new-Accueil.png","contentUrl":"https:\/\/depeches241.com\/wp-content\/uploads\/2021\/10\/cropped-Logo-new-Accueil.png","width":320,"height":105,"caption":"Groupe D\u00e9p\u00eaches241"},"image":{"@id":"https:\/\/depeches241.com\/#\/schema\/logo\/image\/"},"sameAs":["https:\/\/www.facebook.com\/depeches241"]},{"@type":"Person","@id":"https:\/\/depeches241.com\/#\/schema\/person\/f39e676ca8f34712c2b828546ec69f14","name":"Pharel BOUKIKA","image":{"@type":"ImageObject","inLanguage":"fr-FR","@id":"https:\/\/secure.gravatar.com\/avatar\/f911ded37269927862a946f1d008338d6cd8ef36529103aaa98b08ba9425d477?s=96&d=mm&r=g","url":"https:\/\/secure.gravatar.com\/avatar\/f911ded37269927862a946f1d008338d6cd8ef36529103aaa98b08ba9425d477?s=96&d=mm&r=g","contentUrl":"https:\/\/secure.gravatar.com\/avatar\/f911ded37269927862a946f1d008338d6cd8ef36529103aaa98b08ba9425d477?s=96&d=mm&r=g","caption":"Pharel BOUKIKA"},"description":"Dipl\u00f4m\u00e9 en Droit Priv\u00e9, en communication, en Journalisme et d\u00e9tenteur d'une Licence en \u00c9conomie et Gestion administrative, ancien r\u00e9dacteur en Chef de Gabon Media Time, Pharel Boukika est le G\u00e9rant du groupe D\u00e9p\u00eaches Gabon et par ailleurs Directeur de Publication de D\u00e9p\u00eaches241. Analyste politique, ses prises de parole et ses approches pertinentes lui ont ouvert depuis peu les portes des plateaux t\u00e9l\u00e9vis\u00e9s pendant lesquels, il d\u00e9bat sur les questions d'actualit\u00e9 politique, \u00e9conomique et sociale du Gabon. D\u00e9p\u00eaches241 n'est que le prolongement de sa volont\u00e9 manifeste et infinie d'\u00e9difier et d'informer les Gabonais.","sameAs":["http:\/\/clubsportplus.fr"],"url":"https:\/\/depeches241.com\/?author=2"}]}},"_links":{"self":[{"href":"https:\/\/depeches241.com\/index.php?rest_route=\/wp\/v2\/posts\/10866","targetHints":{"allow":["GET"]}}],"collection":[{"href":"https:\/\/depeches241.com\/index.php?rest_route=\/wp\/v2\/posts"}],"about":[{"href":"https:\/\/depeches241.com\/index.php?rest_route=\/wp\/v2\/types\/post"}],"author":[{"embeddable":true,"href":"https:\/\/depeches241.com\/index.php?rest_route=\/wp\/v2\/users\/2"}],"replies":[{"embeddable":true,"href":"https:\/\/depeches241.com\/index.php?rest_route=%2Fwp%2Fv2%2Fcomments&post=10866"}],"version-history":[{"count":2,"href":"https:\/\/depeches241.com\/index.php?rest_route=\/wp\/v2\/posts\/10866\/revisions"}],"predecessor-version":[{"id":10869,"href":"https:\/\/depeches241.com\/index.php?rest_route=\/wp\/v2\/posts\/10866\/revisions\/10869"}],"wp:featuredmedia":[{"embeddable":true,"href":"https:\/\/depeches241.com\/index.php?rest_route=\/wp\/v2\/media\/10867"}],"wp:attachment":[{"href":"https:\/\/depeches241.com\/index.php?rest_route=%2Fwp%2Fv2%2Fmedia&parent=10866"}],"wp:term":[{"taxonomy":"category","embeddable":true,"href":"https:\/\/depeches241.com\/index.php?rest_route=%2Fwp%2Fv2%2Fcategories&post=10866"},{"taxonomy":"post_tag","embeddable":true,"href":"https:\/\/depeches241.com\/index.php?rest_route=%2Fwp%2Fv2%2Ftags&post=10866"}],"curies":[{"name":"wp","href":"https:\/\/api.w.org\/{rel}","templated":true}]}}