{"id":10870,"date":"2022-11-22T16:28:02","date_gmt":"2022-11-22T15:28:02","guid":{"rendered":"http:\/\/depeches241.com\/?p=10870"},"modified":"2022-11-22T17:23:46","modified_gmt":"2022-11-22T16:23:46","slug":"coupe-du-monde-qatar-2022-freddhy-koula-presentateur-sur-le-new-world-tv","status":"publish","type":"post","link":"https:\/\/depeches241.com\/?p=10870","title":{"rendered":"Coupe du monde Qatar 2022: Freddhy Koula pr\u00e9sentateur sur le New World TV"},"content":{"rendered":"\n<figure class=\"wp-block-image size-full\"><img fetchpriority=\"high\" decoding=\"async\" width=\"960\" height=\"540\" src=\"http:\/\/depeches241.com\/wp-content\/uploads\/2022\/11\/DRIVE-IMAGES-DEPECHES-2022-11-22T162244.996.jpg\" alt=\"\" class=\"wp-image-10871\" srcset=\"https:\/\/depeches241.com\/wp-content\/uploads\/2022\/11\/DRIVE-IMAGES-DEPECHES-2022-11-22T162244.996.jpg 960w, https:\/\/depeches241.com\/wp-content\/uploads\/2022\/11\/DRIVE-IMAGES-DEPECHES-2022-11-22T162244.996-300x169.jpg 300w, https:\/\/depeches241.com\/wp-content\/uploads\/2022\/11\/DRIVE-IMAGES-DEPECHES-2022-11-22T162244.996-768x432.jpg 768w\" sizes=\"(max-width: 960px) 100vw, 960px\" \/><figcaption class=\"wp-element-caption\"><strong><em>Le gabonas Freddy Koula sur le plateau de la New World Tv en compagnie entre autre de Basile Boli et de Christian Jean Pierre \u00a9DR<\/em><\/strong> <\/figcaption><\/figure>\n\n\n\n<p style=\"font-size:17px\"><strong>Libreville le 22 novembre 2022 ( D\u00e9p\u00eaches 241). Apr\u00e8s Canal+, TV5 Monde, RFI entre autres, le journaliste gabonais, Freddhy Koula, a entam\u00e9 une nouvelle aventure dans un m\u00e9dia international : New World TV, cha\u00eene qui a r\u00e9ussi \u00e0 obtenir les droits de diffusion de la Coupe du monde devant le g\u00e9ant Canal +.&nbsp;<\/strong><\/p>\n\n\n\n<p class=\"has-drop-cap\" style=\"font-size:17px\">Le jeune journaliste sportif gabonais continue avec talent de gravir les \u00e9chelons au sein de sa discipline. Apr\u00e8s des passages remarqu\u00e9s chez le g\u00e9ant Canal + d\u00e9chu des droits de diffusion pour la retransmission de la Coupe du monde au Qatar, le natif de Mocabe fera montre de son habilet\u00e9 sur la cha\u00eene togolaise New World TV qui a justement ravi les droits tv pour cet \u00e9v\u00e9nement plan\u00e9taire de l\u2019ann\u00e9e.\u00a0<\/p>\n\n\n\n<p style=\"font-size:17px\">Freddhy Koula animera une \u00e9mission d\u00e9nomm\u00e9e \u00ab Rond Central \u00bb, tous les jours, 15h 20h (GMT) durant toute la dur\u00e9e du mondial avec plusieurs sp\u00e9cialistes et des noms connus du football mondial et africain. Il aura \u00e0 sa disposition, comme consultants, de grandes stars parmi lesquels d\u2019anciens internationaux africains comme le Togolais Emmanuel Adebayor, le Camerounais Patrick Mboma, Herita Ilunga, de la RDC, Mamadou Niang ou encore le funambule ancien attaquant ivoirien, ex soci\u00e9taire du RC Lens Salomon Kalou. Le casting a aussi retenu le p\u00e8re de l\u2019international fran\u00e7ais Kylian Mbapp\u00e9, Wilfried.&nbsp;<\/p>\n\n\n\n<p style=\"font-size:17px\">La liste compl\u00e8te des consultants de New World TV pour le Mondial 2022 :<\/p>\n\n\n\n<p style=\"font-size:17px\">St\u00e9phane Mbia<\/p>\n\n\n\n<p style=\"font-size:17px\">H\u00e9rita Ilunga<\/p>\n\n\n\n<p style=\"font-size:17px\">Jean Michel Badiane<\/p>\n\n\n\n<p style=\"font-size:17px\">Emmanuel Adebayor<\/p>\n\n\n\n<p style=\"font-size:17px\">Patrick Mboma<\/p>\n\n\n\n<p style=\"font-size:17px\">Basile Boli<\/p>\n\n\n\n<p style=\"font-size:17px\">Eric Di Meco<\/p>\n\n\n\n<p style=\"font-size:17px\">Wilfried Mbapp\u00e9<\/p>\n\n\n\n<p style=\"font-size:17px\">Bonaventure Kalou<\/p>\n\n\n\n<p style=\"font-size:17px\">Eric Rabesandratana<\/p>\n\n\n\n<p style=\"font-size:17px\">Bruno Derrien (arbitrage).<\/p>\n","protected":false},"excerpt":{"rendered":"<p>Apr\u00e8s Canal+, TV5 Monde, RFI entre autres, le journaliste gabonais, Freddhy Koula, a entam\u00e9 une nouvelle aventure dans un m\u00e9dia international : New World TV, cha\u00eene qui a r\u00e9ussi \u00e0 obtenir les droits de diffusion de la Coupe du monde devant le g\u00e9ant Canal +. <\/p>\n","protected":false},"author":12,"featured_media":10871,"comment_status":"open","ping_status":"open","sticky":false,"template":"","format":"standard","meta":{"om_disable_all_campaigns":false,"footnotes":""},"categories":[634,116],"tags":[2268,99,406,2267,59,2266],"class_list":{"0":"post-10870","1":"post","2":"type-post","3":"status-publish","4":"format-standard","5":"has-post-thumbnail","7":"category-sport","8":"category-une1","9":"tag-coupe-du-monde-qatar-2022","10":"tag-depeches241","11":"tag-football","12":"tag-freddhy-koula","13":"tag-gabon","14":"tag-new-world-tv"},"yoast_head":"<!-- This site is optimized with the Yoast SEO plugin v27.5 - https:\/\/yoast.com\/product\/yoast-seo-wordpress\/ -->\n<title>Coupe du monde Qatar 2022: Freddhy Koula pr\u00e9sentateur sur le New World TV - Groupe D\u00e9p\u00eaches241<\/title>\n<meta name=\"description\" content=\"Apr\u00e8s Canal+, TV5 Monde, RFI entre autres, le journaliste gabonais, Freddhy Koula, a entam\u00e9 une nouvelle aventure dans un m\u00e9dia international : New World TV, cha\u00eene qui a r\u00e9ussi \u00e0 obtenir les droits de diffusion de la Coupe du monde devant le g\u00e9ant Canal +.\" \/>\n<meta name=\"robots\" content=\"index, follow, max-snippet:-1, max-image-preview:large, max-video-preview:-1\" \/>\n<link rel=\"canonical\" href=\"https:\/\/depeches241.com\/?p=10870\" \/>\n<meta property=\"og:locale\" content=\"fr_FR\" \/>\n<meta property=\"og:type\" content=\"article\" \/>\n<meta property=\"og:title\" content=\"Coupe du monde Qatar 2022: Freddhy Koula pr\u00e9sentateur sur le New World TV - Groupe D\u00e9p\u00eaches241\" \/>\n<meta property=\"og:description\" content=\"Apr\u00e8s Canal+, TV5 Monde, RFI entre autres, le journaliste gabonais, Freddhy Koula, a entam\u00e9 une nouvelle aventure dans un m\u00e9dia international : New World TV, cha\u00eene qui a r\u00e9ussi \u00e0 obtenir les droits de diffusion de la Coupe du monde devant le g\u00e9ant Canal +.\" \/>\n<meta property=\"og:url\" content=\"https:\/\/depeches241.com\/?p=10870\" \/>\n<meta property=\"og:site_name\" content=\"Groupe D\u00e9p\u00eaches241\" \/>\n<meta property=\"article:publisher\" content=\"https:\/\/www.facebook.com\/depeches241\" \/>\n<meta property=\"article:published_time\" content=\"2022-11-22T15:28:02+00:00\" \/>\n<meta property=\"article:modified_time\" content=\"2022-11-22T16:23:46+00:00\" \/>\n<meta property=\"og:image\" content=\"https:\/\/depeches241.com\/wp-content\/uploads\/2022\/11\/DRIVE-IMAGES-DEPECHES-2022-11-22T162244.996.jpg\" \/>\n\t<meta property=\"og:image:width\" content=\"960\" \/>\n\t<meta property=\"og:image:height\" content=\"540\" \/>\n\t<meta property=\"og:image:type\" content=\"image\/jpeg\" \/>\n<meta name=\"author\" content=\"Iboka Marc Andr\u00e9\" \/>\n<meta name=\"twitter:card\" content=\"summary_large_image\" \/>\n<meta name=\"twitter:label1\" content=\"\u00c9crit par\" \/>\n\t<meta name=\"twitter:data1\" content=\"Iboka Marc Andr\u00e9\" \/>\n\t<meta name=\"twitter:label2\" content=\"Dur\u00e9e de lecture estim\u00e9e\" \/>\n\t<meta name=\"twitter:data2\" content=\"1 minute\" \/>\n<script type=\"application\/ld+json\" class=\"yoast-schema-graph\">{\"@context\":\"https:\\\/\\\/schema.org\",\"@graph\":[{\"@type\":\"Article\",\"@id\":\"https:\\\/\\\/depeches241.com\\\/?p=10870#article\",\"isPartOf\":{\"@id\":\"https:\\\/\\\/depeches241.com\\\/?p=10870\"},\"author\":{\"name\":\"Iboka Marc Andr\u00e9\",\"@id\":\"https:\\\/\\\/depeches241.com\\\/#\\\/schema\\\/person\\\/5abcf4b9361e0d8aa457b404d877674f\"},\"headline\":\"Coupe du monde Qatar 2022: Freddhy Koula pr\u00e9sentateur sur le New World TV\",\"datePublished\":\"2022-11-22T15:28:02+00:00\",\"dateModified\":\"2022-11-22T16:23:46+00:00\",\"mainEntityOfPage\":{\"@id\":\"https:\\\/\\\/depeches241.com\\\/?p=10870\"},\"wordCount\":309,\"commentCount\":0,\"publisher\":{\"@id\":\"https:\\\/\\\/depeches241.com\\\/#organization\"},\"image\":{\"@id\":\"https:\\\/\\\/depeches241.com\\\/?p=10870#primaryimage\"},\"thumbnailUrl\":\"https:\\\/\\\/depeches241.com\\\/wp-content\\\/uploads\\\/2022\\\/11\\\/DRIVE-IMAGES-DEPECHES-2022-11-22T162244.996.jpg\",\"keywords\":[\"Coupe du monde Qatar 2022\",\"depeches241\",\"Football\",\"Freddhy Koula\",\"Gabon\",\"New World TV\"],\"articleSection\":[\"SPORT\",\"Une1\"],\"inLanguage\":\"fr-FR\",\"potentialAction\":[{\"@type\":\"CommentAction\",\"name\":\"Comment\",\"target\":[\"https:\\\/\\\/depeches241.com\\\/?p=10870#respond\"]}]},{\"@type\":\"WebPage\",\"@id\":\"https:\\\/\\\/depeches241.com\\\/?p=10870\",\"url\":\"https:\\\/\\\/depeches241.com\\\/?p=10870\",\"name\":\"Coupe du monde Qatar 2022: Freddhy Koula pr\u00e9sentateur sur le New World TV - Groupe D\u00e9p\u00eaches241\",\"isPartOf\":{\"@id\":\"https:\\\/\\\/depeches241.com\\\/#website\"},\"primaryImageOfPage\":{\"@id\":\"https:\\\/\\\/depeches241.com\\\/?p=10870#primaryimage\"},\"image\":{\"@id\":\"https:\\\/\\\/depeches241.com\\\/?p=10870#primaryimage\"},\"thumbnailUrl\":\"https:\\\/\\\/depeches241.com\\\/wp-content\\\/uploads\\\/2022\\\/11\\\/DRIVE-IMAGES-DEPECHES-2022-11-22T162244.996.jpg\",\"datePublished\":\"2022-11-22T15:28:02+00:00\",\"dateModified\":\"2022-11-22T16:23:46+00:00\",\"description\":\"Apr\u00e8s Canal+, TV5 Monde, RFI entre autres, le journaliste gabonais, Freddhy Koula, a entam\u00e9 une nouvelle aventure dans un m\u00e9dia international : New World TV, cha\u00eene qui a r\u00e9ussi \u00e0 obtenir les droits de diffusion de la Coupe du monde devant le g\u00e9ant Canal +.\",\"breadcrumb\":{\"@id\":\"https:\\\/\\\/depeches241.com\\\/?p=10870#breadcrumb\"},\"inLanguage\":\"fr-FR\",\"potentialAction\":[{\"@type\":\"ReadAction\",\"target\":[\"https:\\\/\\\/depeches241.com\\\/?p=10870\"]}]},{\"@type\":\"ImageObject\",\"inLanguage\":\"fr-FR\",\"@id\":\"https:\\\/\\\/depeches241.com\\\/?p=10870#primaryimage\",\"url\":\"https:\\\/\\\/depeches241.com\\\/wp-content\\\/uploads\\\/2022\\\/11\\\/DRIVE-IMAGES-DEPECHES-2022-11-22T162244.996.jpg\",\"contentUrl\":\"https:\\\/\\\/depeches241.com\\\/wp-content\\\/uploads\\\/2022\\\/11\\\/DRIVE-IMAGES-DEPECHES-2022-11-22T162244.996.jpg\",\"width\":960,\"height\":540},{\"@type\":\"BreadcrumbList\",\"@id\":\"https:\\\/\\\/depeches241.com\\\/?p=10870#breadcrumb\",\"itemListElement\":[{\"@type\":\"ListItem\",\"position\":1,\"name\":\"Accueil\",\"item\":\"https:\\\/\\\/depeches241.com\\\/\"},{\"@type\":\"ListItem\",\"position\":2,\"name\":\"Coupe du monde Qatar 2022: Freddhy Koula pr\u00e9sentateur sur le New World TV\"}]},{\"@type\":\"WebSite\",\"@id\":\"https:\\\/\\\/depeches241.com\\\/#website\",\"url\":\"https:\\\/\\\/depeches241.com\\\/\",\"name\":\"D\u00e9p\u00eaches241\",\"description\":\"M\u00e9dia d&#039;actualit\u00e9 Politique, \u00c9conomique, Sociale et Internationale\",\"publisher\":{\"@id\":\"https:\\\/\\\/depeches241.com\\\/#organization\"},\"potentialAction\":[{\"@type\":\"SearchAction\",\"target\":{\"@type\":\"EntryPoint\",\"urlTemplate\":\"https:\\\/\\\/depeches241.com\\\/?s={search_term_string}\"},\"query-input\":{\"@type\":\"PropertyValueSpecification\",\"valueRequired\":true,\"valueName\":\"search_term_string\"}}],\"inLanguage\":\"fr-FR\"},{\"@type\":\"Organization\",\"@id\":\"https:\\\/\\\/depeches241.com\\\/#organization\",\"name\":\"Groupe D\u00e9p\u00eaches241\",\"url\":\"https:\\\/\\\/depeches241.com\\\/\",\"logo\":{\"@type\":\"ImageObject\",\"inLanguage\":\"fr-FR\",\"@id\":\"https:\\\/\\\/depeches241.com\\\/#\\\/schema\\\/logo\\\/image\\\/\",\"url\":\"https:\\\/\\\/depeches241.com\\\/wp-content\\\/uploads\\\/2021\\\/10\\\/cropped-Logo-new-Accueil.png\",\"contentUrl\":\"https:\\\/\\\/depeches241.com\\\/wp-content\\\/uploads\\\/2021\\\/10\\\/cropped-Logo-new-Accueil.png\",\"width\":320,\"height\":105,\"caption\":\"Groupe D\u00e9p\u00eaches241\"},\"image\":{\"@id\":\"https:\\\/\\\/depeches241.com\\\/#\\\/schema\\\/logo\\\/image\\\/\"},\"sameAs\":[\"https:\\\/\\\/www.facebook.com\\\/depeches241\"]},{\"@type\":\"Person\",\"@id\":\"https:\\\/\\\/depeches241.com\\\/#\\\/schema\\\/person\\\/5abcf4b9361e0d8aa457b404d877674f\",\"name\":\"Iboka Marc Andr\u00e9\",\"image\":{\"@type\":\"ImageObject\",\"inLanguage\":\"fr-FR\",\"@id\":\"https:\\\/\\\/secure.gravatar.com\\\/avatar\\\/13c33935f0a59dd3c3a52ae25f58c248a1bf75f6e9ab4e6a7a23bfb8f9f53136?s=96&d=mm&r=g\",\"url\":\"https:\\\/\\\/secure.gravatar.com\\\/avatar\\\/13c33935f0a59dd3c3a52ae25f58c248a1bf75f6e9ab4e6a7a23bfb8f9f53136?s=96&d=mm&r=g\",\"contentUrl\":\"https:\\\/\\\/secure.gravatar.com\\\/avatar\\\/13c33935f0a59dd3c3a52ae25f58c248a1bf75f6e9ab4e6a7a23bfb8f9f53136?s=96&d=mm&r=g\",\"caption\":\"Iboka Marc Andr\u00e9\"},\"url\":\"https:\\\/\\\/depeches241.com\\\/?author=12\"}]}<\/script>\n<!-- \/ Yoast SEO plugin. -->","yoast_head_json":{"title":"Coupe du monde Qatar 2022: Freddhy Koula pr\u00e9sentateur sur le New World TV - Groupe D\u00e9p\u00eaches241","description":"Apr\u00e8s Canal+, TV5 Monde, RFI entre autres, le journaliste gabonais, Freddhy Koula, a entam\u00e9 une nouvelle aventure dans un m\u00e9dia international : New World TV, cha\u00eene qui a r\u00e9ussi \u00e0 obtenir les droits de diffusion de la Coupe du monde devant le g\u00e9ant Canal +.","robots":{"index":"index","follow":"follow","max-snippet":"max-snippet:-1","max-image-preview":"max-image-preview:large","max-video-preview":"max-video-preview:-1"},"canonical":"https:\/\/depeches241.com\/?p=10870","og_locale":"fr_FR","og_type":"article","og_title":"Coupe du monde Qatar 2022: Freddhy Koula pr\u00e9sentateur sur le New World TV - Groupe D\u00e9p\u00eaches241","og_description":"Apr\u00e8s Canal+, TV5 Monde, RFI entre autres, le journaliste gabonais, Freddhy Koula, a entam\u00e9 une nouvelle aventure dans un m\u00e9dia international : New World TV, cha\u00eene qui a r\u00e9ussi \u00e0 obtenir les droits de diffusion de la Coupe du monde devant le g\u00e9ant Canal +.","og_url":"https:\/\/depeches241.com\/?p=10870","og_site_name":"Groupe D\u00e9p\u00eaches241","article_publisher":"https:\/\/www.facebook.com\/depeches241","article_published_time":"2022-11-22T15:28:02+00:00","article_modified_time":"2022-11-22T16:23:46+00:00","og_image":[{"width":960,"height":540,"url":"https:\/\/depeches241.com\/wp-content\/uploads\/2022\/11\/DRIVE-IMAGES-DEPECHES-2022-11-22T162244.996.jpg","type":"image\/jpeg"}],"author":"Iboka Marc Andr\u00e9","twitter_card":"summary_large_image","twitter_misc":{"\u00c9crit par":"Iboka Marc Andr\u00e9","Dur\u00e9e de lecture estim\u00e9e":"1 minute"},"schema":{"@context":"https:\/\/schema.org","@graph":[{"@type":"Article","@id":"https:\/\/depeches241.com\/?p=10870#article","isPartOf":{"@id":"https:\/\/depeches241.com\/?p=10870"},"author":{"name":"Iboka Marc Andr\u00e9","@id":"https:\/\/depeches241.com\/#\/schema\/person\/5abcf4b9361e0d8aa457b404d877674f"},"headline":"Coupe du monde Qatar 2022: Freddhy Koula pr\u00e9sentateur sur le New World TV","datePublished":"2022-11-22T15:28:02+00:00","dateModified":"2022-11-22T16:23:46+00:00","mainEntityOfPage":{"@id":"https:\/\/depeches241.com\/?p=10870"},"wordCount":309,"commentCount":0,"publisher":{"@id":"https:\/\/depeches241.com\/#organization"},"image":{"@id":"https:\/\/depeches241.com\/?p=10870#primaryimage"},"thumbnailUrl":"https:\/\/depeches241.com\/wp-content\/uploads\/2022\/11\/DRIVE-IMAGES-DEPECHES-2022-11-22T162244.996.jpg","keywords":["Coupe du monde Qatar 2022","depeches241","Football","Freddhy Koula","Gabon","New World TV"],"articleSection":["SPORT","Une1"],"inLanguage":"fr-FR","potentialAction":[{"@type":"CommentAction","name":"Comment","target":["https:\/\/depeches241.com\/?p=10870#respond"]}]},{"@type":"WebPage","@id":"https:\/\/depeches241.com\/?p=10870","url":"https:\/\/depeches241.com\/?p=10870","name":"Coupe du monde Qatar 2022: Freddhy Koula pr\u00e9sentateur sur le New World TV - Groupe D\u00e9p\u00eaches241","isPartOf":{"@id":"https:\/\/depeches241.com\/#website"},"primaryImageOfPage":{"@id":"https:\/\/depeches241.com\/?p=10870#primaryimage"},"image":{"@id":"https:\/\/depeches241.com\/?p=10870#primaryimage"},"thumbnailUrl":"https:\/\/depeches241.com\/wp-content\/uploads\/2022\/11\/DRIVE-IMAGES-DEPECHES-2022-11-22T162244.996.jpg","datePublished":"2022-11-22T15:28:02+00:00","dateModified":"2022-11-22T16:23:46+00:00","description":"Apr\u00e8s Canal+, TV5 Monde, RFI entre autres, le journaliste gabonais, Freddhy Koula, a entam\u00e9 une nouvelle aventure dans un m\u00e9dia international : New World TV, cha\u00eene qui a r\u00e9ussi \u00e0 obtenir les droits de diffusion de la Coupe du monde devant le g\u00e9ant Canal +.","breadcrumb":{"@id":"https:\/\/depeches241.com\/?p=10870#breadcrumb"},"inLanguage":"fr-FR","potentialAction":[{"@type":"ReadAction","target":["https:\/\/depeches241.com\/?p=10870"]}]},{"@type":"ImageObject","inLanguage":"fr-FR","@id":"https:\/\/depeches241.com\/?p=10870#primaryimage","url":"https:\/\/depeches241.com\/wp-content\/uploads\/2022\/11\/DRIVE-IMAGES-DEPECHES-2022-11-22T162244.996.jpg","contentUrl":"https:\/\/depeches241.com\/wp-content\/uploads\/2022\/11\/DRIVE-IMAGES-DEPECHES-2022-11-22T162244.996.jpg","width":960,"height":540},{"@type":"BreadcrumbList","@id":"https:\/\/depeches241.com\/?p=10870#breadcrumb","itemListElement":[{"@type":"ListItem","position":1,"name":"Accueil","item":"https:\/\/depeches241.com\/"},{"@type":"ListItem","position":2,"name":"Coupe du monde Qatar 2022: Freddhy Koula pr\u00e9sentateur sur le New World TV"}]},{"@type":"WebSite","@id":"https:\/\/depeches241.com\/#website","url":"https:\/\/depeches241.com\/","name":"D\u00e9p\u00eaches241","description":"M\u00e9dia d&#039;actualit\u00e9 Politique, \u00c9conomique, Sociale et Internationale","publisher":{"@id":"https:\/\/depeches241.com\/#organization"},"potentialAction":[{"@type":"SearchAction","target":{"@type":"EntryPoint","urlTemplate":"https:\/\/depeches241.com\/?s={search_term_string}"},"query-input":{"@type":"PropertyValueSpecification","valueRequired":true,"valueName":"search_term_string"}}],"inLanguage":"fr-FR"},{"@type":"Organization","@id":"https:\/\/depeches241.com\/#organization","name":"Groupe D\u00e9p\u00eaches241","url":"https:\/\/depeches241.com\/","logo":{"@type":"ImageObject","inLanguage":"fr-FR","@id":"https:\/\/depeches241.com\/#\/schema\/logo\/image\/","url":"https:\/\/depeches241.com\/wp-content\/uploads\/2021\/10\/cropped-Logo-new-Accueil.png","contentUrl":"https:\/\/depeches241.com\/wp-content\/uploads\/2021\/10\/cropped-Logo-new-Accueil.png","width":320,"height":105,"caption":"Groupe D\u00e9p\u00eaches241"},"image":{"@id":"https:\/\/depeches241.com\/#\/schema\/logo\/image\/"},"sameAs":["https:\/\/www.facebook.com\/depeches241"]},{"@type":"Person","@id":"https:\/\/depeches241.com\/#\/schema\/person\/5abcf4b9361e0d8aa457b404d877674f","name":"Iboka Marc Andr\u00e9","image":{"@type":"ImageObject","inLanguage":"fr-FR","@id":"https:\/\/secure.gravatar.com\/avatar\/13c33935f0a59dd3c3a52ae25f58c248a1bf75f6e9ab4e6a7a23bfb8f9f53136?s=96&d=mm&r=g","url":"https:\/\/secure.gravatar.com\/avatar\/13c33935f0a59dd3c3a52ae25f58c248a1bf75f6e9ab4e6a7a23bfb8f9f53136?s=96&d=mm&r=g","contentUrl":"https:\/\/secure.gravatar.com\/avatar\/13c33935f0a59dd3c3a52ae25f58c248a1bf75f6e9ab4e6a7a23bfb8f9f53136?s=96&d=mm&r=g","caption":"Iboka Marc Andr\u00e9"},"url":"https:\/\/depeches241.com\/?author=12"}]}},"_links":{"self":[{"href":"https:\/\/depeches241.com\/index.php?rest_route=\/wp\/v2\/posts\/10870","targetHints":{"allow":["GET"]}}],"collection":[{"href":"https:\/\/depeches241.com\/index.php?rest_route=\/wp\/v2\/posts"}],"about":[{"href":"https:\/\/depeches241.com\/index.php?rest_route=\/wp\/v2\/types\/post"}],"author":[{"embeddable":true,"href":"https:\/\/depeches241.com\/index.php?rest_route=\/wp\/v2\/users\/12"}],"replies":[{"embeddable":true,"href":"https:\/\/depeches241.com\/index.php?rest_route=%2Fwp%2Fv2%2Fcomments&post=10870"}],"version-history":[{"count":3,"href":"https:\/\/depeches241.com\/index.php?rest_route=\/wp\/v2\/posts\/10870\/revisions"}],"predecessor-version":[{"id":10874,"href":"https:\/\/depeches241.com\/index.php?rest_route=\/wp\/v2\/posts\/10870\/revisions\/10874"}],"wp:featuredmedia":[{"embeddable":true,"href":"https:\/\/depeches241.com\/index.php?rest_route=\/wp\/v2\/media\/10871"}],"wp:attachment":[{"href":"https:\/\/depeches241.com\/index.php?rest_route=%2Fwp%2Fv2%2Fmedia&parent=10870"}],"wp:term":[{"taxonomy":"category","embeddable":true,"href":"https:\/\/depeches241.com\/index.php?rest_route=%2Fwp%2Fv2%2Fcategories&post=10870"},{"taxonomy":"post_tag","embeddable":true,"href":"https:\/\/depeches241.com\/index.php?rest_route=%2Fwp%2Fv2%2Ftags&post=10870"}],"curies":[{"name":"wp","href":"https:\/\/api.w.org\/{rel}","templated":true}]}}