{"id":10957,"date":"2022-11-26T15:40:03","date_gmt":"2022-11-26T14:40:03","guid":{"rendered":"http:\/\/depeches241.com\/?p=10957"},"modified":"2022-11-26T15:40:09","modified_gmt":"2022-11-26T14:40:09","slug":"affaire-alima-kidnappee-de-la-cnss-andre-patrick-roponat-sort-du-silence","status":"publish","type":"post","link":"https:\/\/depeches241.com\/?p=10957","title":{"rendered":"Affaire Alima kidnapp\u00e9e de la CNSS: Andr\u00e9 Patrick Roponat sort du silence"},"content":{"rendered":"\n<figure class=\"wp-block-image size-full\"><img fetchpriority=\"high\" decoding=\"async\" width=\"960\" height=\"540\" src=\"http:\/\/depeches241.com\/wp-content\/uploads\/2022\/11\/DRIVE-IMAGES-DEPECHES-2022-11-26T152911.866.jpg\" alt=\"\" class=\"wp-image-10958\" srcset=\"https:\/\/depeches241.com\/wp-content\/uploads\/2022\/11\/DRIVE-IMAGES-DEPECHES-2022-11-26T152911.866.jpg 960w, https:\/\/depeches241.com\/wp-content\/uploads\/2022\/11\/DRIVE-IMAGES-DEPECHES-2022-11-26T152911.866-300x169.jpg 300w, https:\/\/depeches241.com\/wp-content\/uploads\/2022\/11\/DRIVE-IMAGES-DEPECHES-2022-11-26T152911.866-768x432.jpg 768w\" sizes=\"(max-width: 960px) 100vw, 960px\" \/><figcaption class=\"wp-element-caption\"><strong><em>Le procureur de la R\u00e9publique a apport\u00e9 de nouveaux \u00e9l\u00e9ments sur l&rsquo;affaire Alima \u00a9DR<\/em><\/strong> <\/figcaption><\/figure>\n\n\n\n<p style=\"font-size:17px\"><strong>Libreville, le 26 novembre 2022 (D\u00e9p\u00eaches 241). \u00c9trangement silencieux depuis le d\u00e9but de l&rsquo;affaire Alima en d\u00e9pit des nombreuses interpellations dont il a fait l&rsquo;objet, Andr\u00e9 Patrick Roponat a rompu le silence ce samedi. Au cours d&rsquo;un point de presse, le procureur de la R\u00e9publique a d\u00e9voil\u00e9 les premiers \u00e9l\u00e9ments de l&rsquo;enqu\u00eate.\u00a0<\/strong><\/p>\n\n\n\n<p class=\"has-drop-cap\" style=\"font-size:17px\">On en sait un peu plus sur l&rsquo;affaire Alima, la jeune auditrice de la Caisse nationale de s\u00e9curit\u00e9 sociale qui avait \u00e9t\u00e9 kidnapp\u00e9e avant d&rsquo;\u00eatre rel\u00e2ch\u00e9e en tenue d&rsquo;Eve devant son son lieu de travail. Ce samedi, le procureur de la R\u00e9publique qui animait un point de presse a d\u00e9voil\u00e9 \u00e0 l&rsquo;opinion publique les premi\u00e8res conclusions de l&rsquo;enqu\u00eate men\u00e9e par les forces de l&rsquo;ordre.&nbsp;<\/p>\n\n\n\n<p style=\"font-size:17px\">Ainsi selon Andr\u00e9 Patrick Roponat, contrairement \u00e0 la rumeur qui s&rsquo;est r\u00e9pandue, Alima n&rsquo;aurait pas \u00e9t\u00e9 viol\u00e9e. <strong>\u00ab<\/strong> <strong><em>Il r\u00e9sulte des premiers \u00e9l\u00e9ments de l&rsquo;enqu\u00eate que la victime a subi des intimidations et des menaces sans pour autant subir des violences physiques ou des abus sexuels <\/em>\u00bb <\/strong>a d\u00e9clar\u00e9 le parquet lequel a r\u00e9v\u00e9l\u00e9 par la suite que les menaces subies par la victime auraient un lien avec ses activit\u00e9s professionnelles. <strong>\u00ab <em>Ces agissements inadmissibles seraient li\u00e9s \u00e0 son activit\u00e9 professionnelle<\/em> \u00bb <\/strong>a poursuivi Andr\u00e9 Patrick Ropona.\u00a0<\/p>\n\n\n\n<p style=\"font-size:17px\">Le procureur de la R\u00e9publique a promis de mettre la main sur les auteurs de ce kidnapping avant d&rsquo;appeler les populations \u00e0 ne pas tomber dans la psychose.\u00a0<\/p>\n","protected":false},"excerpt":{"rendered":"<p>\u00c9trangement silencieux depuis le d\u00e9but de l&rsquo;affaire Alima en d\u00e9pit des nombreuses interpellations dont il a fait l&rsquo;objet, Andr\u00e9 Patrick Roponat a rompu le silence ce samedi. Au cours d&rsquo;un point de presse, le procureur de la R\u00e9publique a d\u00e9voil\u00e9 les premiers \u00e9l\u00e9ments de l&rsquo;enqu\u00eate. <\/p>\n","protected":false},"author":11,"featured_media":10958,"comment_status":"open","ping_status":"open","sticky":false,"template":"","format":"standard","meta":{"om_disable_all_campaigns":false,"footnotes":""},"categories":[6,117],"tags":[2248,2287,99,59,2288],"class_list":{"0":"post-10957","1":"post","2":"type-post","3":"status-publish","4":"format-standard","5":"has-post-thumbnail","7":"category-faits-divers-justice","8":"category-une2","9":"tag-affaire-alima","10":"tag-andre-patrick-roponat","11":"tag-depeches241","12":"tag-gabon","13":"tag-procureur-de-la-republique"},"yoast_head":"<!-- This site is optimized with the Yoast SEO plugin v27.5 - https:\/\/yoast.com\/product\/yoast-seo-wordpress\/ -->\n<title>Affaire Alima kidnapp\u00e9e de la CNSS: Andr\u00e9 Patrick Roponat sort du silence - Groupe D\u00e9p\u00eaches241<\/title>\n<meta name=\"description\" content=\"\u00c9trangement silencieux depuis le d\u00e9but de l&#039;affaire Alima en d\u00e9pit des nombreuses interpellations dont il a fait l&#039;objet, Andr\u00e9 Patrick Roponat a rompu le silence ce samedi. Au cours d&#039;un point de presse, le procureur de la R\u00e9publique a d\u00e9voil\u00e9 les premiers \u00e9l\u00e9ments de l&#039;enqu\u00eate.\" \/>\n<meta name=\"robots\" content=\"index, follow, max-snippet:-1, max-image-preview:large, max-video-preview:-1\" \/>\n<link rel=\"canonical\" href=\"https:\/\/depeches241.com\/?p=10957\" \/>\n<meta property=\"og:locale\" content=\"fr_FR\" \/>\n<meta property=\"og:type\" content=\"article\" \/>\n<meta property=\"og:title\" content=\"Affaire Alima kidnapp\u00e9e de la CNSS: Andr\u00e9 Patrick Roponat sort du silence - Groupe D\u00e9p\u00eaches241\" \/>\n<meta property=\"og:description\" content=\"\u00c9trangement silencieux depuis le d\u00e9but de l&#039;affaire Alima en d\u00e9pit des nombreuses interpellations dont il a fait l&#039;objet, Andr\u00e9 Patrick Roponat a rompu le silence ce samedi. Au cours d&#039;un point de presse, le procureur de la R\u00e9publique a d\u00e9voil\u00e9 les premiers \u00e9l\u00e9ments de l&#039;enqu\u00eate.\" \/>\n<meta property=\"og:url\" content=\"https:\/\/depeches241.com\/?p=10957\" \/>\n<meta property=\"og:site_name\" content=\"Groupe D\u00e9p\u00eaches241\" \/>\n<meta property=\"article:publisher\" content=\"https:\/\/www.facebook.com\/depeches241\" \/>\n<meta property=\"article:published_time\" content=\"2022-11-26T14:40:03+00:00\" \/>\n<meta property=\"article:modified_time\" content=\"2022-11-26T14:40:09+00:00\" \/>\n<meta property=\"og:image\" content=\"https:\/\/depeches241.com\/wp-content\/uploads\/2022\/11\/DRIVE-IMAGES-DEPECHES-2022-11-26T152911.866.jpg\" \/>\n\t<meta property=\"og:image:width\" content=\"960\" \/>\n\t<meta property=\"og:image:height\" content=\"540\" \/>\n\t<meta property=\"og:image:type\" content=\"image\/jpeg\" \/>\n<meta name=\"author\" content=\"R\u00e9daction\" \/>\n<meta name=\"twitter:card\" content=\"summary_large_image\" \/>\n<meta name=\"twitter:label1\" content=\"\u00c9crit par\" \/>\n\t<meta name=\"twitter:data1\" content=\"R\u00e9daction\" \/>\n\t<meta name=\"twitter:label2\" content=\"Dur\u00e9e de lecture estim\u00e9e\" \/>\n\t<meta name=\"twitter:data2\" content=\"1 minute\" \/>\n<script type=\"application\/ld+json\" class=\"yoast-schema-graph\">{\"@context\":\"https:\\\/\\\/schema.org\",\"@graph\":[{\"@type\":\"Article\",\"@id\":\"https:\\\/\\\/depeches241.com\\\/?p=10957#article\",\"isPartOf\":{\"@id\":\"https:\\\/\\\/depeches241.com\\\/?p=10957\"},\"author\":{\"name\":\"R\u00e9daction\",\"@id\":\"https:\\\/\\\/depeches241.com\\\/#\\\/schema\\\/person\\\/977f23ecf7439b0805f4525a893a057a\"},\"headline\":\"Affaire Alima kidnapp\u00e9e de la CNSS: Andr\u00e9 Patrick Roponat sort du silence\",\"datePublished\":\"2022-11-26T14:40:03+00:00\",\"dateModified\":\"2022-11-26T14:40:09+00:00\",\"mainEntityOfPage\":{\"@id\":\"https:\\\/\\\/depeches241.com\\\/?p=10957\"},\"wordCount\":279,\"commentCount\":0,\"publisher\":{\"@id\":\"https:\\\/\\\/depeches241.com\\\/#organization\"},\"image\":{\"@id\":\"https:\\\/\\\/depeches241.com\\\/?p=10957#primaryimage\"},\"thumbnailUrl\":\"https:\\\/\\\/depeches241.com\\\/wp-content\\\/uploads\\\/2022\\\/11\\\/DRIVE-IMAGES-DEPECHES-2022-11-26T152911.866.jpg\",\"keywords\":[\"Affaire Alima\",\"Andr\u00e9 Patrick Roponat\",\"depeches241\",\"Gabon\",\"procureur de la R\u00e9publique\"],\"articleSection\":[\"JUSTICE\",\"Une2\"],\"inLanguage\":\"fr-FR\",\"potentialAction\":[{\"@type\":\"CommentAction\",\"name\":\"Comment\",\"target\":[\"https:\\\/\\\/depeches241.com\\\/?p=10957#respond\"]}]},{\"@type\":\"WebPage\",\"@id\":\"https:\\\/\\\/depeches241.com\\\/?p=10957\",\"url\":\"https:\\\/\\\/depeches241.com\\\/?p=10957\",\"name\":\"Affaire Alima kidnapp\u00e9e de la CNSS: Andr\u00e9 Patrick Roponat sort du silence - Groupe D\u00e9p\u00eaches241\",\"isPartOf\":{\"@id\":\"https:\\\/\\\/depeches241.com\\\/#website\"},\"primaryImageOfPage\":{\"@id\":\"https:\\\/\\\/depeches241.com\\\/?p=10957#primaryimage\"},\"image\":{\"@id\":\"https:\\\/\\\/depeches241.com\\\/?p=10957#primaryimage\"},\"thumbnailUrl\":\"https:\\\/\\\/depeches241.com\\\/wp-content\\\/uploads\\\/2022\\\/11\\\/DRIVE-IMAGES-DEPECHES-2022-11-26T152911.866.jpg\",\"datePublished\":\"2022-11-26T14:40:03+00:00\",\"dateModified\":\"2022-11-26T14:40:09+00:00\",\"description\":\"\u00c9trangement silencieux depuis le d\u00e9but de l'affaire Alima en d\u00e9pit des nombreuses interpellations dont il a fait l'objet, Andr\u00e9 Patrick Roponat a rompu le silence ce samedi. Au cours d'un point de presse, le procureur de la R\u00e9publique a d\u00e9voil\u00e9 les premiers \u00e9l\u00e9ments de l'enqu\u00eate.\",\"breadcrumb\":{\"@id\":\"https:\\\/\\\/depeches241.com\\\/?p=10957#breadcrumb\"},\"inLanguage\":\"fr-FR\",\"potentialAction\":[{\"@type\":\"ReadAction\",\"target\":[\"https:\\\/\\\/depeches241.com\\\/?p=10957\"]}]},{\"@type\":\"ImageObject\",\"inLanguage\":\"fr-FR\",\"@id\":\"https:\\\/\\\/depeches241.com\\\/?p=10957#primaryimage\",\"url\":\"https:\\\/\\\/depeches241.com\\\/wp-content\\\/uploads\\\/2022\\\/11\\\/DRIVE-IMAGES-DEPECHES-2022-11-26T152911.866.jpg\",\"contentUrl\":\"https:\\\/\\\/depeches241.com\\\/wp-content\\\/uploads\\\/2022\\\/11\\\/DRIVE-IMAGES-DEPECHES-2022-11-26T152911.866.jpg\",\"width\":960,\"height\":540},{\"@type\":\"BreadcrumbList\",\"@id\":\"https:\\\/\\\/depeches241.com\\\/?p=10957#breadcrumb\",\"itemListElement\":[{\"@type\":\"ListItem\",\"position\":1,\"name\":\"Accueil\",\"item\":\"https:\\\/\\\/depeches241.com\\\/\"},{\"@type\":\"ListItem\",\"position\":2,\"name\":\"Affaire Alima kidnapp\u00e9e de la CNSS: Andr\u00e9 Patrick Roponat sort du silence\"}]},{\"@type\":\"WebSite\",\"@id\":\"https:\\\/\\\/depeches241.com\\\/#website\",\"url\":\"https:\\\/\\\/depeches241.com\\\/\",\"name\":\"D\u00e9p\u00eaches241\",\"description\":\"M\u00e9dia d&#039;actualit\u00e9 Politique, \u00c9conomique, Sociale et Internationale\",\"publisher\":{\"@id\":\"https:\\\/\\\/depeches241.com\\\/#organization\"},\"potentialAction\":[{\"@type\":\"SearchAction\",\"target\":{\"@type\":\"EntryPoint\",\"urlTemplate\":\"https:\\\/\\\/depeches241.com\\\/?s={search_term_string}\"},\"query-input\":{\"@type\":\"PropertyValueSpecification\",\"valueRequired\":true,\"valueName\":\"search_term_string\"}}],\"inLanguage\":\"fr-FR\"},{\"@type\":\"Organization\",\"@id\":\"https:\\\/\\\/depeches241.com\\\/#organization\",\"name\":\"Groupe D\u00e9p\u00eaches241\",\"url\":\"https:\\\/\\\/depeches241.com\\\/\",\"logo\":{\"@type\":\"ImageObject\",\"inLanguage\":\"fr-FR\",\"@id\":\"https:\\\/\\\/depeches241.com\\\/#\\\/schema\\\/logo\\\/image\\\/\",\"url\":\"https:\\\/\\\/depeches241.com\\\/wp-content\\\/uploads\\\/2021\\\/10\\\/cropped-Logo-new-Accueil.png\",\"contentUrl\":\"https:\\\/\\\/depeches241.com\\\/wp-content\\\/uploads\\\/2021\\\/10\\\/cropped-Logo-new-Accueil.png\",\"width\":320,\"height\":105,\"caption\":\"Groupe D\u00e9p\u00eaches241\"},\"image\":{\"@id\":\"https:\\\/\\\/depeches241.com\\\/#\\\/schema\\\/logo\\\/image\\\/\"},\"sameAs\":[\"https:\\\/\\\/www.facebook.com\\\/depeches241\"]},{\"@type\":\"Person\",\"@id\":\"https:\\\/\\\/depeches241.com\\\/#\\\/schema\\\/person\\\/977f23ecf7439b0805f4525a893a057a\",\"name\":\"R\u00e9daction\",\"image\":{\"@type\":\"ImageObject\",\"inLanguage\":\"fr-FR\",\"@id\":\"https:\\\/\\\/secure.gravatar.com\\\/avatar\\\/8c655dbc51e5c9289f919f15ce20847ab5a910f8369a17ca243b673da48541f5?s=96&d=mm&r=g\",\"url\":\"https:\\\/\\\/secure.gravatar.com\\\/avatar\\\/8c655dbc51e5c9289f919f15ce20847ab5a910f8369a17ca243b673da48541f5?s=96&d=mm&r=g\",\"contentUrl\":\"https:\\\/\\\/secure.gravatar.com\\\/avatar\\\/8c655dbc51e5c9289f919f15ce20847ab5a910f8369a17ca243b673da48541f5?s=96&d=mm&r=g\",\"caption\":\"R\u00e9daction\"},\"url\":\"https:\\\/\\\/depeches241.com\\\/?author=11\"}]}<\/script>\n<!-- \/ Yoast SEO plugin. -->","yoast_head_json":{"title":"Affaire Alima kidnapp\u00e9e de la CNSS: Andr\u00e9 Patrick Roponat sort du silence - Groupe D\u00e9p\u00eaches241","description":"\u00c9trangement silencieux depuis le d\u00e9but de l'affaire Alima en d\u00e9pit des nombreuses interpellations dont il a fait l'objet, Andr\u00e9 Patrick Roponat a rompu le silence ce samedi. Au cours d'un point de presse, le procureur de la R\u00e9publique a d\u00e9voil\u00e9 les premiers \u00e9l\u00e9ments de l'enqu\u00eate.","robots":{"index":"index","follow":"follow","max-snippet":"max-snippet:-1","max-image-preview":"max-image-preview:large","max-video-preview":"max-video-preview:-1"},"canonical":"https:\/\/depeches241.com\/?p=10957","og_locale":"fr_FR","og_type":"article","og_title":"Affaire Alima kidnapp\u00e9e de la CNSS: Andr\u00e9 Patrick Roponat sort du silence - Groupe D\u00e9p\u00eaches241","og_description":"\u00c9trangement silencieux depuis le d\u00e9but de l'affaire Alima en d\u00e9pit des nombreuses interpellations dont il a fait l'objet, Andr\u00e9 Patrick Roponat a rompu le silence ce samedi. Au cours d'un point de presse, le procureur de la R\u00e9publique a d\u00e9voil\u00e9 les premiers \u00e9l\u00e9ments de l'enqu\u00eate.","og_url":"https:\/\/depeches241.com\/?p=10957","og_site_name":"Groupe D\u00e9p\u00eaches241","article_publisher":"https:\/\/www.facebook.com\/depeches241","article_published_time":"2022-11-26T14:40:03+00:00","article_modified_time":"2022-11-26T14:40:09+00:00","og_image":[{"width":960,"height":540,"url":"https:\/\/depeches241.com\/wp-content\/uploads\/2022\/11\/DRIVE-IMAGES-DEPECHES-2022-11-26T152911.866.jpg","type":"image\/jpeg"}],"author":"R\u00e9daction","twitter_card":"summary_large_image","twitter_misc":{"\u00c9crit par":"R\u00e9daction","Dur\u00e9e de lecture estim\u00e9e":"1 minute"},"schema":{"@context":"https:\/\/schema.org","@graph":[{"@type":"Article","@id":"https:\/\/depeches241.com\/?p=10957#article","isPartOf":{"@id":"https:\/\/depeches241.com\/?p=10957"},"author":{"name":"R\u00e9daction","@id":"https:\/\/depeches241.com\/#\/schema\/person\/977f23ecf7439b0805f4525a893a057a"},"headline":"Affaire Alima kidnapp\u00e9e de la CNSS: Andr\u00e9 Patrick Roponat sort du silence","datePublished":"2022-11-26T14:40:03+00:00","dateModified":"2022-11-26T14:40:09+00:00","mainEntityOfPage":{"@id":"https:\/\/depeches241.com\/?p=10957"},"wordCount":279,"commentCount":0,"publisher":{"@id":"https:\/\/depeches241.com\/#organization"},"image":{"@id":"https:\/\/depeches241.com\/?p=10957#primaryimage"},"thumbnailUrl":"https:\/\/depeches241.com\/wp-content\/uploads\/2022\/11\/DRIVE-IMAGES-DEPECHES-2022-11-26T152911.866.jpg","keywords":["Affaire Alima","Andr\u00e9 Patrick Roponat","depeches241","Gabon","procureur de la R\u00e9publique"],"articleSection":["JUSTICE","Une2"],"inLanguage":"fr-FR","potentialAction":[{"@type":"CommentAction","name":"Comment","target":["https:\/\/depeches241.com\/?p=10957#respond"]}]},{"@type":"WebPage","@id":"https:\/\/depeches241.com\/?p=10957","url":"https:\/\/depeches241.com\/?p=10957","name":"Affaire Alima kidnapp\u00e9e de la CNSS: Andr\u00e9 Patrick Roponat sort du silence - Groupe D\u00e9p\u00eaches241","isPartOf":{"@id":"https:\/\/depeches241.com\/#website"},"primaryImageOfPage":{"@id":"https:\/\/depeches241.com\/?p=10957#primaryimage"},"image":{"@id":"https:\/\/depeches241.com\/?p=10957#primaryimage"},"thumbnailUrl":"https:\/\/depeches241.com\/wp-content\/uploads\/2022\/11\/DRIVE-IMAGES-DEPECHES-2022-11-26T152911.866.jpg","datePublished":"2022-11-26T14:40:03+00:00","dateModified":"2022-11-26T14:40:09+00:00","description":"\u00c9trangement silencieux depuis le d\u00e9but de l'affaire Alima en d\u00e9pit des nombreuses interpellations dont il a fait l'objet, Andr\u00e9 Patrick Roponat a rompu le silence ce samedi. Au cours d'un point de presse, le procureur de la R\u00e9publique a d\u00e9voil\u00e9 les premiers \u00e9l\u00e9ments de l'enqu\u00eate.","breadcrumb":{"@id":"https:\/\/depeches241.com\/?p=10957#breadcrumb"},"inLanguage":"fr-FR","potentialAction":[{"@type":"ReadAction","target":["https:\/\/depeches241.com\/?p=10957"]}]},{"@type":"ImageObject","inLanguage":"fr-FR","@id":"https:\/\/depeches241.com\/?p=10957#primaryimage","url":"https:\/\/depeches241.com\/wp-content\/uploads\/2022\/11\/DRIVE-IMAGES-DEPECHES-2022-11-26T152911.866.jpg","contentUrl":"https:\/\/depeches241.com\/wp-content\/uploads\/2022\/11\/DRIVE-IMAGES-DEPECHES-2022-11-26T152911.866.jpg","width":960,"height":540},{"@type":"BreadcrumbList","@id":"https:\/\/depeches241.com\/?p=10957#breadcrumb","itemListElement":[{"@type":"ListItem","position":1,"name":"Accueil","item":"https:\/\/depeches241.com\/"},{"@type":"ListItem","position":2,"name":"Affaire Alima kidnapp\u00e9e de la CNSS: Andr\u00e9 Patrick Roponat sort du silence"}]},{"@type":"WebSite","@id":"https:\/\/depeches241.com\/#website","url":"https:\/\/depeches241.com\/","name":"D\u00e9p\u00eaches241","description":"M\u00e9dia d&#039;actualit\u00e9 Politique, \u00c9conomique, Sociale et Internationale","publisher":{"@id":"https:\/\/depeches241.com\/#organization"},"potentialAction":[{"@type":"SearchAction","target":{"@type":"EntryPoint","urlTemplate":"https:\/\/depeches241.com\/?s={search_term_string}"},"query-input":{"@type":"PropertyValueSpecification","valueRequired":true,"valueName":"search_term_string"}}],"inLanguage":"fr-FR"},{"@type":"Organization","@id":"https:\/\/depeches241.com\/#organization","name":"Groupe D\u00e9p\u00eaches241","url":"https:\/\/depeches241.com\/","logo":{"@type":"ImageObject","inLanguage":"fr-FR","@id":"https:\/\/depeches241.com\/#\/schema\/logo\/image\/","url":"https:\/\/depeches241.com\/wp-content\/uploads\/2021\/10\/cropped-Logo-new-Accueil.png","contentUrl":"https:\/\/depeches241.com\/wp-content\/uploads\/2021\/10\/cropped-Logo-new-Accueil.png","width":320,"height":105,"caption":"Groupe D\u00e9p\u00eaches241"},"image":{"@id":"https:\/\/depeches241.com\/#\/schema\/logo\/image\/"},"sameAs":["https:\/\/www.facebook.com\/depeches241"]},{"@type":"Person","@id":"https:\/\/depeches241.com\/#\/schema\/person\/977f23ecf7439b0805f4525a893a057a","name":"R\u00e9daction","image":{"@type":"ImageObject","inLanguage":"fr-FR","@id":"https:\/\/secure.gravatar.com\/avatar\/8c655dbc51e5c9289f919f15ce20847ab5a910f8369a17ca243b673da48541f5?s=96&d=mm&r=g","url":"https:\/\/secure.gravatar.com\/avatar\/8c655dbc51e5c9289f919f15ce20847ab5a910f8369a17ca243b673da48541f5?s=96&d=mm&r=g","contentUrl":"https:\/\/secure.gravatar.com\/avatar\/8c655dbc51e5c9289f919f15ce20847ab5a910f8369a17ca243b673da48541f5?s=96&d=mm&r=g","caption":"R\u00e9daction"},"url":"https:\/\/depeches241.com\/?author=11"}]}},"_links":{"self":[{"href":"https:\/\/depeches241.com\/index.php?rest_route=\/wp\/v2\/posts\/10957","targetHints":{"allow":["GET"]}}],"collection":[{"href":"https:\/\/depeches241.com\/index.php?rest_route=\/wp\/v2\/posts"}],"about":[{"href":"https:\/\/depeches241.com\/index.php?rest_route=\/wp\/v2\/types\/post"}],"author":[{"embeddable":true,"href":"https:\/\/depeches241.com\/index.php?rest_route=\/wp\/v2\/users\/11"}],"replies":[{"embeddable":true,"href":"https:\/\/depeches241.com\/index.php?rest_route=%2Fwp%2Fv2%2Fcomments&post=10957"}],"version-history":[{"count":1,"href":"https:\/\/depeches241.com\/index.php?rest_route=\/wp\/v2\/posts\/10957\/revisions"}],"predecessor-version":[{"id":10959,"href":"https:\/\/depeches241.com\/index.php?rest_route=\/wp\/v2\/posts\/10957\/revisions\/10959"}],"wp:featuredmedia":[{"embeddable":true,"href":"https:\/\/depeches241.com\/index.php?rest_route=\/wp\/v2\/media\/10958"}],"wp:attachment":[{"href":"https:\/\/depeches241.com\/index.php?rest_route=%2Fwp%2Fv2%2Fmedia&parent=10957"}],"wp:term":[{"taxonomy":"category","embeddable":true,"href":"https:\/\/depeches241.com\/index.php?rest_route=%2Fwp%2Fv2%2Fcategories&post=10957"},{"taxonomy":"post_tag","embeddable":true,"href":"https:\/\/depeches241.com\/index.php?rest_route=%2Fwp%2Fv2%2Ftags&post=10957"}],"curies":[{"name":"wp","href":"https:\/\/api.w.org\/{rel}","templated":true}]}}