{"id":11334,"date":"2022-12-15T16:16:04","date_gmt":"2022-12-15T15:16:04","guid":{"rendered":"http:\/\/depeches241.com\/?p=11334"},"modified":"2022-12-15T16:16:09","modified_gmt":"2022-12-15T15:16:09","slug":"le-gabon-qualifie-pour-le-mondial-de-football-pour-sourds-la-fegafoot-sengage","status":"publish","type":"post","link":"https:\/\/depeches241.com\/?p=11334","title":{"rendered":"<strong>Le Gabon qualifi\u00e9 pour le mondial de football pour sourds: la Fegafoot s&rsquo;engage<\/strong>"},"content":{"rendered":"\n<figure class=\"wp-block-image size-full is-resized\"><img fetchpriority=\"high\" decoding=\"async\" src=\"http:\/\/depeches241.com\/wp-content\/uploads\/2022\/12\/DRIVE-IMAGES-DEPECHES-2022-12-15T161006.869.jpg\" alt=\"\" class=\"wp-image-11335\" width=\"960\" height=\"540\" srcset=\"https:\/\/depeches241.com\/wp-content\/uploads\/2022\/12\/DRIVE-IMAGES-DEPECHES-2022-12-15T161006.869.jpg 960w, https:\/\/depeches241.com\/wp-content\/uploads\/2022\/12\/DRIVE-IMAGES-DEPECHES-2022-12-15T161006.869-300x169.jpg 300w, https:\/\/depeches241.com\/wp-content\/uploads\/2022\/12\/DRIVE-IMAGES-DEPECHES-2022-12-15T161006.869-768x432.jpg 768w\" sizes=\"(max-width: 960px) 100vw, 960px\" \/><figcaption class=\"wp-element-caption\"><strong><em>Photo de famille entre le pr\u00e9sident de la Fegafoot et le membre de l&rsquo; Association Gabonaise Omnisports des Sourds \u00a0\u00a9 D\u00e9p\u00eaches 241<\/em><\/strong> <\/figcaption><\/figure>\n\n\n\n<p><strong>Libreville, le 15 d\u00e9cembre 2022 (D\u00e9p\u00eaches 241). Du 23 septembre au 7 octobre 2023 se tiendra \u00e0 Kuala Lumpur en&nbsp; Malaisie, le championnat mondial de football pour sourds. Le Gabon qualifi\u00e9 \u00e0 travers par l&rsquo;\u00e9quipe nationale des Panth\u00e8res version sourds, entrera en&nbsp; comp\u00e9tition d\u00e8s le 23 septembre 2023 face aux \u00c9tats-Unis d&rsquo;Am\u00e9rique.&nbsp;<\/strong><\/p>\n\n\n\n<p>Pour la premi\u00e8re fois de son histoire le Gabon participera \u00e0 une coupe du monde de football et ce par le biais de l&rsquo;Association Gabonaise Omnisports des Sourds (AGAOS) qui ne m\u00e9nage aucun effort pour le d\u00e9veloppement du sport pour sourds au Gabon. La nouvelle a \u00e9t\u00e9 rendue officielle le 12 d\u00e9cembre dernier, par le Comit\u00e9 International des Sportifs pour Sourds (CISS). Cette opportunit\u00e9 est d\u00fbe au forfait de la Libye qui n&rsquo;a pas r\u00e9glement\u00e9e \u00e0 temps sa situation administrative pour y participer mais surtout gr\u00e2ce aux efforts inlassables de Ibrahim Adjagbe, pr\u00e9sident de l&rsquo;AGAOS, qui ne recule devant rien pour le d\u00e9veloppement du sport pour sourds au Gabon.<\/p>\n\n\n\n<p>Face \u00e0 cette nouvelle qui r\u00e9jouit plus d&rsquo;un, Pierre Alain Mounguengui, pr\u00e9sident de la Fegafoot a re\u00e7u en audience Ibrahim Adjagbe, pour \u00e9changer sur la qualification du pays audit championnat mondial, ainsi que sur la pr\u00e9paration des Panth\u00e8res version sourds, qui d&rsquo;ailleurs a \u00e9t\u00e9 revisit\u00e9e dans son enti\u00e8ret\u00e9, afin de permettre \u00e0 l&rsquo;\u00e9quipe nationale de faire bonne figure.&nbsp;<\/p>\n\n\n\n<p>Le pr\u00e9sident de la Fegafoot n&rsquo;a pas manqu\u00e9 de f\u00e9liciter Ibrahim Adjagbe pour son travail acharn\u00e9 en faveur du sport pour sourds, et a dit ne m\u00e9nager aucun effort, pour accompagner et \u00e9quiper l&rsquo;AGAOS dans la\u00a0 pr\u00e9paration de ce challenge. Satisfait, le pr\u00e9sident de ladite association a remerci\u00e9 Pierre Alain Mounguengui qui depuis 2018 soutient l&rsquo;AGOS, ses initiatives et partant ses objectifs.\u00a0\u00a0C\u2019est l\u00e0 une nouvelle qui devrait contribuer \u00e0 d\u00e9stigmatiser le sport pour sourds au Gabon non seulement, par la population gabonaise mais aussi par les autorit\u00e9s. <\/p>\n\n\n\n<p>Apr\u00e8s le tirage au sort, le Gabon sera oppos\u00e9, dans le groupe E, aux grandes nations telles que : le Japon, l&rsquo;Ukraine, les USA.<\/p>\n","protected":false},"excerpt":{"rendered":"<p>Du 23 septembre au 7 octobre 2023 se tiendra \u00e0 Kuala Lumpur en\u00a0 Malaisie, le championnat mondial de football pour sourds. Le Gabon qualifi\u00e9 \u00e0 travers par l&rsquo;\u00e9quipe nationale des Panth\u00e8res version sourds, entrera en\u00a0 comp\u00e9tition d\u00e8s le 23 septembre 2023 face aux \u00c9tats-Unis d&rsquo;Am\u00e9rique.\u00a0<\/p>\n","protected":false},"author":11,"featured_media":11335,"comment_status":"open","ping_status":"open","sticky":false,"template":"","format":"standard","meta":{"om_disable_all_campaigns":false,"footnotes":""},"categories":[634,116],"tags":[2358,99,1298,406,59,403],"class_list":{"0":"post-11334","1":"post","2":"type-post","3":"status-publish","4":"format-standard","5":"has-post-thumbnail","7":"category-sport","8":"category-une1","9":"tag-championnat-mondial-de-football-pour-sourds","10":"tag-depeches241","11":"tag-fegafoot","12":"tag-football","13":"tag-gabon","14":"tag-sport"},"yoast_head":"<!-- This site is optimized with the Yoast SEO plugin v27.5 - https:\/\/yoast.com\/product\/yoast-seo-wordpress\/ -->\n<title>Le Gabon qualifi\u00e9 pour le mondial de football pour sourds: la Fegafoot s&#039;engage - Groupe D\u00e9p\u00eaches241<\/title>\n<meta name=\"description\" content=\"Du 23 septembre au 7 octobre 2023 se tiendra \u00e0 Kuala Lumpur en\u00a0 Malaisie, le championnat mondial de football pour sourds. Le Gabon qualifi\u00e9 \u00e0 travers par l&#039;\u00e9quipe nationale des Panth\u00e8res version sourds, entrera en\u00a0 comp\u00e9tition d\u00e8s le 23 septembre 2023 face aux \u00c9tats-Unis d&#039;Am\u00e9rique.\u00a0\" \/>\n<meta name=\"robots\" content=\"index, follow, max-snippet:-1, max-image-preview:large, max-video-preview:-1\" \/>\n<link rel=\"canonical\" href=\"https:\/\/depeches241.com\/?p=11334\" \/>\n<meta property=\"og:locale\" content=\"fr_FR\" \/>\n<meta property=\"og:type\" content=\"article\" \/>\n<meta property=\"og:title\" content=\"Le Gabon qualifi\u00e9 pour le mondial de football pour sourds: la Fegafoot s&#039;engage - Groupe D\u00e9p\u00eaches241\" \/>\n<meta property=\"og:description\" content=\"Du 23 septembre au 7 octobre 2023 se tiendra \u00e0 Kuala Lumpur en\u00a0 Malaisie, le championnat mondial de football pour sourds. Le Gabon qualifi\u00e9 \u00e0 travers par l&#039;\u00e9quipe nationale des Panth\u00e8res version sourds, entrera en\u00a0 comp\u00e9tition d\u00e8s le 23 septembre 2023 face aux \u00c9tats-Unis d&#039;Am\u00e9rique.\u00a0\" \/>\n<meta property=\"og:url\" content=\"https:\/\/depeches241.com\/?p=11334\" \/>\n<meta property=\"og:site_name\" content=\"Groupe D\u00e9p\u00eaches241\" \/>\n<meta property=\"article:publisher\" content=\"https:\/\/www.facebook.com\/depeches241\" \/>\n<meta property=\"article:published_time\" content=\"2022-12-15T15:16:04+00:00\" \/>\n<meta property=\"article:modified_time\" content=\"2022-12-15T15:16:09+00:00\" \/>\n<meta property=\"og:image\" content=\"https:\/\/depeches241.com\/wp-content\/uploads\/2022\/12\/DRIVE-IMAGES-DEPECHES-2022-12-15T161006.869.jpg\" \/>\n\t<meta property=\"og:image:width\" content=\"960\" \/>\n\t<meta property=\"og:image:height\" content=\"540\" \/>\n\t<meta property=\"og:image:type\" content=\"image\/jpeg\" \/>\n<meta name=\"author\" content=\"R\u00e9daction\" \/>\n<meta name=\"twitter:card\" content=\"summary_large_image\" \/>\n<meta name=\"twitter:label1\" content=\"\u00c9crit par\" \/>\n\t<meta name=\"twitter:data1\" content=\"R\u00e9daction\" \/>\n\t<meta name=\"twitter:label2\" content=\"Dur\u00e9e de lecture estim\u00e9e\" \/>\n\t<meta name=\"twitter:data2\" content=\"2 minutes\" \/>\n<script type=\"application\/ld+json\" class=\"yoast-schema-graph\">{\"@context\":\"https:\\\/\\\/schema.org\",\"@graph\":[{\"@type\":\"Article\",\"@id\":\"https:\\\/\\\/depeches241.com\\\/?p=11334#article\",\"isPartOf\":{\"@id\":\"https:\\\/\\\/depeches241.com\\\/?p=11334\"},\"author\":{\"name\":\"R\u00e9daction\",\"@id\":\"https:\\\/\\\/depeches241.com\\\/#\\\/schema\\\/person\\\/977f23ecf7439b0805f4525a893a057a\"},\"headline\":\"Le Gabon qualifi\u00e9 pour le mondial de football pour sourds: la Fegafoot s&rsquo;engage\",\"datePublished\":\"2022-12-15T15:16:04+00:00\",\"dateModified\":\"2022-12-15T15:16:09+00:00\",\"mainEntityOfPage\":{\"@id\":\"https:\\\/\\\/depeches241.com\\\/?p=11334\"},\"wordCount\":388,\"commentCount\":0,\"publisher\":{\"@id\":\"https:\\\/\\\/depeches241.com\\\/#organization\"},\"image\":{\"@id\":\"https:\\\/\\\/depeches241.com\\\/?p=11334#primaryimage\"},\"thumbnailUrl\":\"https:\\\/\\\/depeches241.com\\\/wp-content\\\/uploads\\\/2022\\\/12\\\/DRIVE-IMAGES-DEPECHES-2022-12-15T161006.869.jpg\",\"keywords\":[\"championnat mondial de football pour sourds\",\"depeches241\",\"Fegafoot\",\"Football\",\"Gabon\",\"Sport\"],\"articleSection\":[\"SPORT\",\"Une1\"],\"inLanguage\":\"fr-FR\",\"potentialAction\":[{\"@type\":\"CommentAction\",\"name\":\"Comment\",\"target\":[\"https:\\\/\\\/depeches241.com\\\/?p=11334#respond\"]}]},{\"@type\":\"WebPage\",\"@id\":\"https:\\\/\\\/depeches241.com\\\/?p=11334\",\"url\":\"https:\\\/\\\/depeches241.com\\\/?p=11334\",\"name\":\"Le Gabon qualifi\u00e9 pour le mondial de football pour sourds: la Fegafoot s'engage - Groupe D\u00e9p\u00eaches241\",\"isPartOf\":{\"@id\":\"https:\\\/\\\/depeches241.com\\\/#website\"},\"primaryImageOfPage\":{\"@id\":\"https:\\\/\\\/depeches241.com\\\/?p=11334#primaryimage\"},\"image\":{\"@id\":\"https:\\\/\\\/depeches241.com\\\/?p=11334#primaryimage\"},\"thumbnailUrl\":\"https:\\\/\\\/depeches241.com\\\/wp-content\\\/uploads\\\/2022\\\/12\\\/DRIVE-IMAGES-DEPECHES-2022-12-15T161006.869.jpg\",\"datePublished\":\"2022-12-15T15:16:04+00:00\",\"dateModified\":\"2022-12-15T15:16:09+00:00\",\"description\":\"Du 23 septembre au 7 octobre 2023 se tiendra \u00e0 Kuala Lumpur en\u00a0 Malaisie, le championnat mondial de football pour sourds. Le Gabon qualifi\u00e9 \u00e0 travers par l'\u00e9quipe nationale des Panth\u00e8res version sourds, entrera en\u00a0 comp\u00e9tition d\u00e8s le 23 septembre 2023 face aux \u00c9tats-Unis d'Am\u00e9rique.\u00a0\",\"breadcrumb\":{\"@id\":\"https:\\\/\\\/depeches241.com\\\/?p=11334#breadcrumb\"},\"inLanguage\":\"fr-FR\",\"potentialAction\":[{\"@type\":\"ReadAction\",\"target\":[\"https:\\\/\\\/depeches241.com\\\/?p=11334\"]}]},{\"@type\":\"ImageObject\",\"inLanguage\":\"fr-FR\",\"@id\":\"https:\\\/\\\/depeches241.com\\\/?p=11334#primaryimage\",\"url\":\"https:\\\/\\\/depeches241.com\\\/wp-content\\\/uploads\\\/2022\\\/12\\\/DRIVE-IMAGES-DEPECHES-2022-12-15T161006.869.jpg\",\"contentUrl\":\"https:\\\/\\\/depeches241.com\\\/wp-content\\\/uploads\\\/2022\\\/12\\\/DRIVE-IMAGES-DEPECHES-2022-12-15T161006.869.jpg\",\"width\":960,\"height\":540},{\"@type\":\"BreadcrumbList\",\"@id\":\"https:\\\/\\\/depeches241.com\\\/?p=11334#breadcrumb\",\"itemListElement\":[{\"@type\":\"ListItem\",\"position\":1,\"name\":\"Accueil\",\"item\":\"https:\\\/\\\/depeches241.com\\\/\"},{\"@type\":\"ListItem\",\"position\":2,\"name\":\"Le Gabon qualifi\u00e9 pour le mondial de football pour sourds: la Fegafoot s&#8217;engage\"}]},{\"@type\":\"WebSite\",\"@id\":\"https:\\\/\\\/depeches241.com\\\/#website\",\"url\":\"https:\\\/\\\/depeches241.com\\\/\",\"name\":\"D\u00e9p\u00eaches241\",\"description\":\"M\u00e9dia d&#039;actualit\u00e9 Politique, \u00c9conomique, Sociale et Internationale\",\"publisher\":{\"@id\":\"https:\\\/\\\/depeches241.com\\\/#organization\"},\"potentialAction\":[{\"@type\":\"SearchAction\",\"target\":{\"@type\":\"EntryPoint\",\"urlTemplate\":\"https:\\\/\\\/depeches241.com\\\/?s={search_term_string}\"},\"query-input\":{\"@type\":\"PropertyValueSpecification\",\"valueRequired\":true,\"valueName\":\"search_term_string\"}}],\"inLanguage\":\"fr-FR\"},{\"@type\":\"Organization\",\"@id\":\"https:\\\/\\\/depeches241.com\\\/#organization\",\"name\":\"Groupe D\u00e9p\u00eaches241\",\"url\":\"https:\\\/\\\/depeches241.com\\\/\",\"logo\":{\"@type\":\"ImageObject\",\"inLanguage\":\"fr-FR\",\"@id\":\"https:\\\/\\\/depeches241.com\\\/#\\\/schema\\\/logo\\\/image\\\/\",\"url\":\"https:\\\/\\\/depeches241.com\\\/wp-content\\\/uploads\\\/2021\\\/10\\\/cropped-Logo-new-Accueil.png\",\"contentUrl\":\"https:\\\/\\\/depeches241.com\\\/wp-content\\\/uploads\\\/2021\\\/10\\\/cropped-Logo-new-Accueil.png\",\"width\":320,\"height\":105,\"caption\":\"Groupe D\u00e9p\u00eaches241\"},\"image\":{\"@id\":\"https:\\\/\\\/depeches241.com\\\/#\\\/schema\\\/logo\\\/image\\\/\"},\"sameAs\":[\"https:\\\/\\\/www.facebook.com\\\/depeches241\"]},{\"@type\":\"Person\",\"@id\":\"https:\\\/\\\/depeches241.com\\\/#\\\/schema\\\/person\\\/977f23ecf7439b0805f4525a893a057a\",\"name\":\"R\u00e9daction\",\"image\":{\"@type\":\"ImageObject\",\"inLanguage\":\"fr-FR\",\"@id\":\"https:\\\/\\\/secure.gravatar.com\\\/avatar\\\/8c655dbc51e5c9289f919f15ce20847ab5a910f8369a17ca243b673da48541f5?s=96&d=mm&r=g\",\"url\":\"https:\\\/\\\/secure.gravatar.com\\\/avatar\\\/8c655dbc51e5c9289f919f15ce20847ab5a910f8369a17ca243b673da48541f5?s=96&d=mm&r=g\",\"contentUrl\":\"https:\\\/\\\/secure.gravatar.com\\\/avatar\\\/8c655dbc51e5c9289f919f15ce20847ab5a910f8369a17ca243b673da48541f5?s=96&d=mm&r=g\",\"caption\":\"R\u00e9daction\"},\"url\":\"https:\\\/\\\/depeches241.com\\\/?author=11\"}]}<\/script>\n<!-- \/ Yoast SEO plugin. -->","yoast_head_json":{"title":"Le Gabon qualifi\u00e9 pour le mondial de football pour sourds: la Fegafoot s'engage - Groupe D\u00e9p\u00eaches241","description":"Du 23 septembre au 7 octobre 2023 se tiendra \u00e0 Kuala Lumpur en\u00a0 Malaisie, le championnat mondial de football pour sourds. Le Gabon qualifi\u00e9 \u00e0 travers par l'\u00e9quipe nationale des Panth\u00e8res version sourds, entrera en\u00a0 comp\u00e9tition d\u00e8s le 23 septembre 2023 face aux \u00c9tats-Unis d'Am\u00e9rique.\u00a0","robots":{"index":"index","follow":"follow","max-snippet":"max-snippet:-1","max-image-preview":"max-image-preview:large","max-video-preview":"max-video-preview:-1"},"canonical":"https:\/\/depeches241.com\/?p=11334","og_locale":"fr_FR","og_type":"article","og_title":"Le Gabon qualifi\u00e9 pour le mondial de football pour sourds: la Fegafoot s'engage - Groupe D\u00e9p\u00eaches241","og_description":"Du 23 septembre au 7 octobre 2023 se tiendra \u00e0 Kuala Lumpur en\u00a0 Malaisie, le championnat mondial de football pour sourds. Le Gabon qualifi\u00e9 \u00e0 travers par l'\u00e9quipe nationale des Panth\u00e8res version sourds, entrera en\u00a0 comp\u00e9tition d\u00e8s le 23 septembre 2023 face aux \u00c9tats-Unis d'Am\u00e9rique.\u00a0","og_url":"https:\/\/depeches241.com\/?p=11334","og_site_name":"Groupe D\u00e9p\u00eaches241","article_publisher":"https:\/\/www.facebook.com\/depeches241","article_published_time":"2022-12-15T15:16:04+00:00","article_modified_time":"2022-12-15T15:16:09+00:00","og_image":[{"width":960,"height":540,"url":"https:\/\/depeches241.com\/wp-content\/uploads\/2022\/12\/DRIVE-IMAGES-DEPECHES-2022-12-15T161006.869.jpg","type":"image\/jpeg"}],"author":"R\u00e9daction","twitter_card":"summary_large_image","twitter_misc":{"\u00c9crit par":"R\u00e9daction","Dur\u00e9e de lecture estim\u00e9e":"2 minutes"},"schema":{"@context":"https:\/\/schema.org","@graph":[{"@type":"Article","@id":"https:\/\/depeches241.com\/?p=11334#article","isPartOf":{"@id":"https:\/\/depeches241.com\/?p=11334"},"author":{"name":"R\u00e9daction","@id":"https:\/\/depeches241.com\/#\/schema\/person\/977f23ecf7439b0805f4525a893a057a"},"headline":"Le Gabon qualifi\u00e9 pour le mondial de football pour sourds: la Fegafoot s&rsquo;engage","datePublished":"2022-12-15T15:16:04+00:00","dateModified":"2022-12-15T15:16:09+00:00","mainEntityOfPage":{"@id":"https:\/\/depeches241.com\/?p=11334"},"wordCount":388,"commentCount":0,"publisher":{"@id":"https:\/\/depeches241.com\/#organization"},"image":{"@id":"https:\/\/depeches241.com\/?p=11334#primaryimage"},"thumbnailUrl":"https:\/\/depeches241.com\/wp-content\/uploads\/2022\/12\/DRIVE-IMAGES-DEPECHES-2022-12-15T161006.869.jpg","keywords":["championnat mondial de football pour sourds","depeches241","Fegafoot","Football","Gabon","Sport"],"articleSection":["SPORT","Une1"],"inLanguage":"fr-FR","potentialAction":[{"@type":"CommentAction","name":"Comment","target":["https:\/\/depeches241.com\/?p=11334#respond"]}]},{"@type":"WebPage","@id":"https:\/\/depeches241.com\/?p=11334","url":"https:\/\/depeches241.com\/?p=11334","name":"Le Gabon qualifi\u00e9 pour le mondial de football pour sourds: la Fegafoot s'engage - Groupe D\u00e9p\u00eaches241","isPartOf":{"@id":"https:\/\/depeches241.com\/#website"},"primaryImageOfPage":{"@id":"https:\/\/depeches241.com\/?p=11334#primaryimage"},"image":{"@id":"https:\/\/depeches241.com\/?p=11334#primaryimage"},"thumbnailUrl":"https:\/\/depeches241.com\/wp-content\/uploads\/2022\/12\/DRIVE-IMAGES-DEPECHES-2022-12-15T161006.869.jpg","datePublished":"2022-12-15T15:16:04+00:00","dateModified":"2022-12-15T15:16:09+00:00","description":"Du 23 septembre au 7 octobre 2023 se tiendra \u00e0 Kuala Lumpur en\u00a0 Malaisie, le championnat mondial de football pour sourds. Le Gabon qualifi\u00e9 \u00e0 travers par l'\u00e9quipe nationale des Panth\u00e8res version sourds, entrera en\u00a0 comp\u00e9tition d\u00e8s le 23 septembre 2023 face aux \u00c9tats-Unis d'Am\u00e9rique.\u00a0","breadcrumb":{"@id":"https:\/\/depeches241.com\/?p=11334#breadcrumb"},"inLanguage":"fr-FR","potentialAction":[{"@type":"ReadAction","target":["https:\/\/depeches241.com\/?p=11334"]}]},{"@type":"ImageObject","inLanguage":"fr-FR","@id":"https:\/\/depeches241.com\/?p=11334#primaryimage","url":"https:\/\/depeches241.com\/wp-content\/uploads\/2022\/12\/DRIVE-IMAGES-DEPECHES-2022-12-15T161006.869.jpg","contentUrl":"https:\/\/depeches241.com\/wp-content\/uploads\/2022\/12\/DRIVE-IMAGES-DEPECHES-2022-12-15T161006.869.jpg","width":960,"height":540},{"@type":"BreadcrumbList","@id":"https:\/\/depeches241.com\/?p=11334#breadcrumb","itemListElement":[{"@type":"ListItem","position":1,"name":"Accueil","item":"https:\/\/depeches241.com\/"},{"@type":"ListItem","position":2,"name":"Le Gabon qualifi\u00e9 pour le mondial de football pour sourds: la Fegafoot s&#8217;engage"}]},{"@type":"WebSite","@id":"https:\/\/depeches241.com\/#website","url":"https:\/\/depeches241.com\/","name":"D\u00e9p\u00eaches241","description":"M\u00e9dia d&#039;actualit\u00e9 Politique, \u00c9conomique, Sociale et Internationale","publisher":{"@id":"https:\/\/depeches241.com\/#organization"},"potentialAction":[{"@type":"SearchAction","target":{"@type":"EntryPoint","urlTemplate":"https:\/\/depeches241.com\/?s={search_term_string}"},"query-input":{"@type":"PropertyValueSpecification","valueRequired":true,"valueName":"search_term_string"}}],"inLanguage":"fr-FR"},{"@type":"Organization","@id":"https:\/\/depeches241.com\/#organization","name":"Groupe D\u00e9p\u00eaches241","url":"https:\/\/depeches241.com\/","logo":{"@type":"ImageObject","inLanguage":"fr-FR","@id":"https:\/\/depeches241.com\/#\/schema\/logo\/image\/","url":"https:\/\/depeches241.com\/wp-content\/uploads\/2021\/10\/cropped-Logo-new-Accueil.png","contentUrl":"https:\/\/depeches241.com\/wp-content\/uploads\/2021\/10\/cropped-Logo-new-Accueil.png","width":320,"height":105,"caption":"Groupe D\u00e9p\u00eaches241"},"image":{"@id":"https:\/\/depeches241.com\/#\/schema\/logo\/image\/"},"sameAs":["https:\/\/www.facebook.com\/depeches241"]},{"@type":"Person","@id":"https:\/\/depeches241.com\/#\/schema\/person\/977f23ecf7439b0805f4525a893a057a","name":"R\u00e9daction","image":{"@type":"ImageObject","inLanguage":"fr-FR","@id":"https:\/\/secure.gravatar.com\/avatar\/8c655dbc51e5c9289f919f15ce20847ab5a910f8369a17ca243b673da48541f5?s=96&d=mm&r=g","url":"https:\/\/secure.gravatar.com\/avatar\/8c655dbc51e5c9289f919f15ce20847ab5a910f8369a17ca243b673da48541f5?s=96&d=mm&r=g","contentUrl":"https:\/\/secure.gravatar.com\/avatar\/8c655dbc51e5c9289f919f15ce20847ab5a910f8369a17ca243b673da48541f5?s=96&d=mm&r=g","caption":"R\u00e9daction"},"url":"https:\/\/depeches241.com\/?author=11"}]}},"_links":{"self":[{"href":"https:\/\/depeches241.com\/index.php?rest_route=\/wp\/v2\/posts\/11334","targetHints":{"allow":["GET"]}}],"collection":[{"href":"https:\/\/depeches241.com\/index.php?rest_route=\/wp\/v2\/posts"}],"about":[{"href":"https:\/\/depeches241.com\/index.php?rest_route=\/wp\/v2\/types\/post"}],"author":[{"embeddable":true,"href":"https:\/\/depeches241.com\/index.php?rest_route=\/wp\/v2\/users\/11"}],"replies":[{"embeddable":true,"href":"https:\/\/depeches241.com\/index.php?rest_route=%2Fwp%2Fv2%2Fcomments&post=11334"}],"version-history":[{"count":1,"href":"https:\/\/depeches241.com\/index.php?rest_route=\/wp\/v2\/posts\/11334\/revisions"}],"predecessor-version":[{"id":11336,"href":"https:\/\/depeches241.com\/index.php?rest_route=\/wp\/v2\/posts\/11334\/revisions\/11336"}],"wp:featuredmedia":[{"embeddable":true,"href":"https:\/\/depeches241.com\/index.php?rest_route=\/wp\/v2\/media\/11335"}],"wp:attachment":[{"href":"https:\/\/depeches241.com\/index.php?rest_route=%2Fwp%2Fv2%2Fmedia&parent=11334"}],"wp:term":[{"taxonomy":"category","embeddable":true,"href":"https:\/\/depeches241.com\/index.php?rest_route=%2Fwp%2Fv2%2Fcategories&post=11334"},{"taxonomy":"post_tag","embeddable":true,"href":"https:\/\/depeches241.com\/index.php?rest_route=%2Fwp%2Fv2%2Ftags&post=11334"}],"curies":[{"name":"wp","href":"https:\/\/api.w.org\/{rel}","templated":true}]}}