{"id":11367,"date":"2022-12-19T14:52:24","date_gmt":"2022-12-19T13:52:24","guid":{"rendered":"http:\/\/depeches241.com\/?p=11367"},"modified":"2022-12-19T14:52:28","modified_gmt":"2022-12-19T13:52:28","slug":"affaire-guy-nzouba-le-verdict-attendu-la-veille-de-noel","status":"publish","type":"post","link":"https:\/\/depeches241.com\/?p=11367","title":{"rendered":"Affaire Guy Nzouba : le verdict attendu la veille de Noel"},"content":{"rendered":"\n<figure class=\"wp-block-image size-full\"><img fetchpriority=\"high\" decoding=\"async\" width=\"960\" height=\"540\" src=\"http:\/\/depeches241.com\/wp-content\/uploads\/2022\/12\/DRIVE-IMAGES-DEPECHES-2022-12-19T143758.526.jpg\" alt=\"\" class=\"wp-image-11368\" srcset=\"https:\/\/depeches241.com\/wp-content\/uploads\/2022\/12\/DRIVE-IMAGES-DEPECHES-2022-12-19T143758.526.jpg 960w, https:\/\/depeches241.com\/wp-content\/uploads\/2022\/12\/DRIVE-IMAGES-DEPECHES-2022-12-19T143758.526-300x169.jpg 300w, https:\/\/depeches241.com\/wp-content\/uploads\/2022\/12\/DRIVE-IMAGES-DEPECHES-2022-12-19T143758.526-768x432.jpg 768w\" sizes=\"(max-width: 960px) 100vw, 960px\" \/><figcaption class=\"wp-element-caption\"><strong><em>Le pr\u00e9sident des D\u00e9mocrates sera situ\u00e9 sur son sort le 23 d\u00e9cembre \u00a9 DR<\/em><\/strong> <\/figcaption><\/figure>\n\n\n\n<p><strong>Libreville le 19 d\u00e9cembre 2020-(D\u00e9p\u00eaches 241). C&rsquo;est le 23 d\u00e9cembre prochain que la Cour d\u2019Appel judiciaire de Franceville rendra son verdict sur l&rsquo;affaire Guy Nzouba Ndama. L&rsquo;ancien pr\u00e9sident de l&rsquo;Assembl\u00e9e nationale est poursuivi, entre autres, pour, d\u00e9tention irr\u00e9guli\u00e8re de fonds.<\/strong><\/p>\n\n\n\n<p class=\"has-drop-cap\">L&rsquo;ancien pr\u00e9sident de l&rsquo;Assembl\u00e9e nationale Guy Nzouba Ndama n&rsquo;est pas encore fix\u00e9 sur son sort. La Cour d\u2019Appel judiciaire de Franceville devant laquelle il a comparu le 16 d\u00e9cembre, rendra son verdict le 23 du m\u00eame mois.<\/p>\n\n\n\n<p>Selon l&rsquo;Agence gabonaise de presse, le procureur g\u00e9n\u00e9ral de la Cour d\u2019Appel judiciaire de Franceville, Eddy Minang, a demand\u00e9 que le pr\u00e9sident des D\u00e9mocrates soit d\u00e9clar\u00e9 coupable de d\u00e9lit de d\u00e9tention irr\u00e9guli\u00e8re des fonds, des marchandises prohib\u00e9es, de d\u00e9lit de contrebande, et requiert 3 mois d\u2019emprisonnement avec sursis.<\/p>\n\n\n\n<p>Rappelons que les ennuis judiciaires de Guy Nzouba Ndama ont commenc\u00e9&nbsp; le 17 septembre 2022 avec son arrestation au village&nbsp; Kalaba en provenance du Congo-Brazzaville en possession de 1,19 milliards de Fcfa en esp\u00e8ces. Depuis, il a \u00e9t\u00e9 assign\u00e9 \u00e0 r\u00e9sidence avec interdiction de prise en parole publique. Ses avocats soutiennent que leur client n&rsquo;a enfreint aucune loi, d&rsquo;autant que le code douanier en zone Cemac n&rsquo;impose pas de limitation de transport de fonds. Ils ont de ce fait plaid\u00e9 pour une relaxe pure et simple.<\/p>\n","protected":false},"excerpt":{"rendered":"<p>C&rsquo;est le 23 d\u00e9cembre prochain que la Cour d\u2019Appel judiciaire de Franceville rendra son verdict sur l&rsquo;affaire Guy Nzouba Ndama. L&rsquo;ancien pr\u00e9sident de l&rsquo;Assembl\u00e9e nationale est poursuivi, entre autres, pour, d\u00e9tention irr\u00e9guli\u00e8re de fonds.<\/p>\n","protected":false},"author":11,"featured_media":11368,"comment_status":"open","ping_status":"open","sticky":false,"template":"","format":"standard","meta":{"om_disable_all_campaigns":false,"footnotes":""},"categories":[116],"tags":[2368,99,59,466,360],"class_list":{"0":"post-11367","1":"post","2":"type-post","3":"status-publish","4":"format-standard","5":"has-post-thumbnail","7":"category-une1","8":"tag-affaire-valise-des-milliards","9":"tag-depeches241","10":"tag-gabon","11":"tag-guy-nzouba-ndama","12":"tag-justice"},"yoast_head":"<!-- This site is optimized with the Yoast SEO plugin v27.5 - https:\/\/yoast.com\/product\/yoast-seo-wordpress\/ -->\n<title>Affaire Guy Nzouba : le verdict attendu la veille de Noel - Groupe D\u00e9p\u00eaches241<\/title>\n<meta name=\"description\" content=\"C&#039;est le 23 d\u00e9cembre prochain que la Cour d\u2019Appel judiciaire de Franceville rendra son verdict sur l&#039;affaire Guy Nzouba Ndama. L&#039;ancien pr\u00e9sident de l&#039;Assembl\u00e9e nationale est poursuivi, entre autres, pour, d\u00e9tention irr\u00e9guli\u00e8re de fonds.\" \/>\n<meta name=\"robots\" content=\"index, follow, max-snippet:-1, max-image-preview:large, max-video-preview:-1\" \/>\n<link rel=\"canonical\" href=\"https:\/\/depeches241.com\/?p=11367\" \/>\n<meta property=\"og:locale\" content=\"fr_FR\" \/>\n<meta property=\"og:type\" content=\"article\" \/>\n<meta property=\"og:title\" content=\"Affaire Guy Nzouba : le verdict attendu la veille de Noel - Groupe D\u00e9p\u00eaches241\" \/>\n<meta property=\"og:description\" content=\"C&#039;est le 23 d\u00e9cembre prochain que la Cour d\u2019Appel judiciaire de Franceville rendra son verdict sur l&#039;affaire Guy Nzouba Ndama. L&#039;ancien pr\u00e9sident de l&#039;Assembl\u00e9e nationale est poursuivi, entre autres, pour, d\u00e9tention irr\u00e9guli\u00e8re de fonds.\" \/>\n<meta property=\"og:url\" content=\"https:\/\/depeches241.com\/?p=11367\" \/>\n<meta property=\"og:site_name\" content=\"Groupe D\u00e9p\u00eaches241\" \/>\n<meta property=\"article:publisher\" content=\"https:\/\/www.facebook.com\/depeches241\" \/>\n<meta property=\"article:published_time\" content=\"2022-12-19T13:52:24+00:00\" \/>\n<meta property=\"article:modified_time\" content=\"2022-12-19T13:52:28+00:00\" \/>\n<meta property=\"og:image\" content=\"https:\/\/depeches241.com\/wp-content\/uploads\/2022\/12\/DRIVE-IMAGES-DEPECHES-2022-12-19T143758.526.jpg\" \/>\n\t<meta property=\"og:image:width\" content=\"960\" \/>\n\t<meta property=\"og:image:height\" content=\"540\" \/>\n\t<meta property=\"og:image:type\" content=\"image\/jpeg\" \/>\n<meta name=\"author\" content=\"R\u00e9daction\" \/>\n<meta name=\"twitter:card\" content=\"summary_large_image\" \/>\n<meta name=\"twitter:label1\" content=\"\u00c9crit par\" \/>\n\t<meta name=\"twitter:data1\" content=\"R\u00e9daction\" \/>\n\t<meta name=\"twitter:label2\" content=\"Dur\u00e9e de lecture estim\u00e9e\" \/>\n\t<meta name=\"twitter:data2\" content=\"1 minute\" \/>\n<script type=\"application\/ld+json\" class=\"yoast-schema-graph\">{\"@context\":\"https:\\\/\\\/schema.org\",\"@graph\":[{\"@type\":\"Article\",\"@id\":\"https:\\\/\\\/depeches241.com\\\/?p=11367#article\",\"isPartOf\":{\"@id\":\"https:\\\/\\\/depeches241.com\\\/?p=11367\"},\"author\":{\"name\":\"R\u00e9daction\",\"@id\":\"https:\\\/\\\/depeches241.com\\\/#\\\/schema\\\/person\\\/977f23ecf7439b0805f4525a893a057a\"},\"headline\":\"Affaire Guy Nzouba : le verdict attendu la veille de Noel\",\"datePublished\":\"2022-12-19T13:52:24+00:00\",\"dateModified\":\"2022-12-19T13:52:28+00:00\",\"mainEntityOfPage\":{\"@id\":\"https:\\\/\\\/depeches241.com\\\/?p=11367\"},\"wordCount\":259,\"commentCount\":0,\"publisher\":{\"@id\":\"https:\\\/\\\/depeches241.com\\\/#organization\"},\"image\":{\"@id\":\"https:\\\/\\\/depeches241.com\\\/?p=11367#primaryimage\"},\"thumbnailUrl\":\"https:\\\/\\\/depeches241.com\\\/wp-content\\\/uploads\\\/2022\\\/12\\\/DRIVE-IMAGES-DEPECHES-2022-12-19T143758.526.jpg\",\"keywords\":[\"affaire valise des milliards\",\"depeches241\",\"Gabon\",\"Guy Nzouba Ndama\",\"Justice\"],\"articleSection\":[\"Une1\"],\"inLanguage\":\"fr-FR\",\"potentialAction\":[{\"@type\":\"CommentAction\",\"name\":\"Comment\",\"target\":[\"https:\\\/\\\/depeches241.com\\\/?p=11367#respond\"]}]},{\"@type\":\"WebPage\",\"@id\":\"https:\\\/\\\/depeches241.com\\\/?p=11367\",\"url\":\"https:\\\/\\\/depeches241.com\\\/?p=11367\",\"name\":\"Affaire Guy Nzouba : le verdict attendu la veille de Noel - Groupe D\u00e9p\u00eaches241\",\"isPartOf\":{\"@id\":\"https:\\\/\\\/depeches241.com\\\/#website\"},\"primaryImageOfPage\":{\"@id\":\"https:\\\/\\\/depeches241.com\\\/?p=11367#primaryimage\"},\"image\":{\"@id\":\"https:\\\/\\\/depeches241.com\\\/?p=11367#primaryimage\"},\"thumbnailUrl\":\"https:\\\/\\\/depeches241.com\\\/wp-content\\\/uploads\\\/2022\\\/12\\\/DRIVE-IMAGES-DEPECHES-2022-12-19T143758.526.jpg\",\"datePublished\":\"2022-12-19T13:52:24+00:00\",\"dateModified\":\"2022-12-19T13:52:28+00:00\",\"description\":\"C'est le 23 d\u00e9cembre prochain que la Cour d\u2019Appel judiciaire de Franceville rendra son verdict sur l'affaire Guy Nzouba Ndama. L'ancien pr\u00e9sident de l'Assembl\u00e9e nationale est poursuivi, entre autres, pour, d\u00e9tention irr\u00e9guli\u00e8re de fonds.\",\"breadcrumb\":{\"@id\":\"https:\\\/\\\/depeches241.com\\\/?p=11367#breadcrumb\"},\"inLanguage\":\"fr-FR\",\"potentialAction\":[{\"@type\":\"ReadAction\",\"target\":[\"https:\\\/\\\/depeches241.com\\\/?p=11367\"]}]},{\"@type\":\"ImageObject\",\"inLanguage\":\"fr-FR\",\"@id\":\"https:\\\/\\\/depeches241.com\\\/?p=11367#primaryimage\",\"url\":\"https:\\\/\\\/depeches241.com\\\/wp-content\\\/uploads\\\/2022\\\/12\\\/DRIVE-IMAGES-DEPECHES-2022-12-19T143758.526.jpg\",\"contentUrl\":\"https:\\\/\\\/depeches241.com\\\/wp-content\\\/uploads\\\/2022\\\/12\\\/DRIVE-IMAGES-DEPECHES-2022-12-19T143758.526.jpg\",\"width\":960,\"height\":540},{\"@type\":\"BreadcrumbList\",\"@id\":\"https:\\\/\\\/depeches241.com\\\/?p=11367#breadcrumb\",\"itemListElement\":[{\"@type\":\"ListItem\",\"position\":1,\"name\":\"Accueil\",\"item\":\"https:\\\/\\\/depeches241.com\\\/\"},{\"@type\":\"ListItem\",\"position\":2,\"name\":\"Affaire Guy Nzouba : le verdict attendu la veille de Noel\"}]},{\"@type\":\"WebSite\",\"@id\":\"https:\\\/\\\/depeches241.com\\\/#website\",\"url\":\"https:\\\/\\\/depeches241.com\\\/\",\"name\":\"D\u00e9p\u00eaches241\",\"description\":\"M\u00e9dia d&#039;actualit\u00e9 Politique, \u00c9conomique, Sociale et Internationale\",\"publisher\":{\"@id\":\"https:\\\/\\\/depeches241.com\\\/#organization\"},\"potentialAction\":[{\"@type\":\"SearchAction\",\"target\":{\"@type\":\"EntryPoint\",\"urlTemplate\":\"https:\\\/\\\/depeches241.com\\\/?s={search_term_string}\"},\"query-input\":{\"@type\":\"PropertyValueSpecification\",\"valueRequired\":true,\"valueName\":\"search_term_string\"}}],\"inLanguage\":\"fr-FR\"},{\"@type\":\"Organization\",\"@id\":\"https:\\\/\\\/depeches241.com\\\/#organization\",\"name\":\"Groupe D\u00e9p\u00eaches241\",\"url\":\"https:\\\/\\\/depeches241.com\\\/\",\"logo\":{\"@type\":\"ImageObject\",\"inLanguage\":\"fr-FR\",\"@id\":\"https:\\\/\\\/depeches241.com\\\/#\\\/schema\\\/logo\\\/image\\\/\",\"url\":\"https:\\\/\\\/depeches241.com\\\/wp-content\\\/uploads\\\/2021\\\/10\\\/cropped-Logo-new-Accueil.png\",\"contentUrl\":\"https:\\\/\\\/depeches241.com\\\/wp-content\\\/uploads\\\/2021\\\/10\\\/cropped-Logo-new-Accueil.png\",\"width\":320,\"height\":105,\"caption\":\"Groupe D\u00e9p\u00eaches241\"},\"image\":{\"@id\":\"https:\\\/\\\/depeches241.com\\\/#\\\/schema\\\/logo\\\/image\\\/\"},\"sameAs\":[\"https:\\\/\\\/www.facebook.com\\\/depeches241\"]},{\"@type\":\"Person\",\"@id\":\"https:\\\/\\\/depeches241.com\\\/#\\\/schema\\\/person\\\/977f23ecf7439b0805f4525a893a057a\",\"name\":\"R\u00e9daction\",\"image\":{\"@type\":\"ImageObject\",\"inLanguage\":\"fr-FR\",\"@id\":\"https:\\\/\\\/secure.gravatar.com\\\/avatar\\\/8c655dbc51e5c9289f919f15ce20847ab5a910f8369a17ca243b673da48541f5?s=96&d=mm&r=g\",\"url\":\"https:\\\/\\\/secure.gravatar.com\\\/avatar\\\/8c655dbc51e5c9289f919f15ce20847ab5a910f8369a17ca243b673da48541f5?s=96&d=mm&r=g\",\"contentUrl\":\"https:\\\/\\\/secure.gravatar.com\\\/avatar\\\/8c655dbc51e5c9289f919f15ce20847ab5a910f8369a17ca243b673da48541f5?s=96&d=mm&r=g\",\"caption\":\"R\u00e9daction\"},\"url\":\"https:\\\/\\\/depeches241.com\\\/?author=11\"}]}<\/script>\n<!-- \/ Yoast SEO plugin. -->","yoast_head_json":{"title":"Affaire Guy Nzouba : le verdict attendu la veille de Noel - Groupe D\u00e9p\u00eaches241","description":"C'est le 23 d\u00e9cembre prochain que la Cour d\u2019Appel judiciaire de Franceville rendra son verdict sur l'affaire Guy Nzouba Ndama. L'ancien pr\u00e9sident de l'Assembl\u00e9e nationale est poursuivi, entre autres, pour, d\u00e9tention irr\u00e9guli\u00e8re de fonds.","robots":{"index":"index","follow":"follow","max-snippet":"max-snippet:-1","max-image-preview":"max-image-preview:large","max-video-preview":"max-video-preview:-1"},"canonical":"https:\/\/depeches241.com\/?p=11367","og_locale":"fr_FR","og_type":"article","og_title":"Affaire Guy Nzouba : le verdict attendu la veille de Noel - Groupe D\u00e9p\u00eaches241","og_description":"C'est le 23 d\u00e9cembre prochain que la Cour d\u2019Appel judiciaire de Franceville rendra son verdict sur l'affaire Guy Nzouba Ndama. L'ancien pr\u00e9sident de l'Assembl\u00e9e nationale est poursuivi, entre autres, pour, d\u00e9tention irr\u00e9guli\u00e8re de fonds.","og_url":"https:\/\/depeches241.com\/?p=11367","og_site_name":"Groupe D\u00e9p\u00eaches241","article_publisher":"https:\/\/www.facebook.com\/depeches241","article_published_time":"2022-12-19T13:52:24+00:00","article_modified_time":"2022-12-19T13:52:28+00:00","og_image":[{"width":960,"height":540,"url":"https:\/\/depeches241.com\/wp-content\/uploads\/2022\/12\/DRIVE-IMAGES-DEPECHES-2022-12-19T143758.526.jpg","type":"image\/jpeg"}],"author":"R\u00e9daction","twitter_card":"summary_large_image","twitter_misc":{"\u00c9crit par":"R\u00e9daction","Dur\u00e9e de lecture estim\u00e9e":"1 minute"},"schema":{"@context":"https:\/\/schema.org","@graph":[{"@type":"Article","@id":"https:\/\/depeches241.com\/?p=11367#article","isPartOf":{"@id":"https:\/\/depeches241.com\/?p=11367"},"author":{"name":"R\u00e9daction","@id":"https:\/\/depeches241.com\/#\/schema\/person\/977f23ecf7439b0805f4525a893a057a"},"headline":"Affaire Guy Nzouba : le verdict attendu la veille de Noel","datePublished":"2022-12-19T13:52:24+00:00","dateModified":"2022-12-19T13:52:28+00:00","mainEntityOfPage":{"@id":"https:\/\/depeches241.com\/?p=11367"},"wordCount":259,"commentCount":0,"publisher":{"@id":"https:\/\/depeches241.com\/#organization"},"image":{"@id":"https:\/\/depeches241.com\/?p=11367#primaryimage"},"thumbnailUrl":"https:\/\/depeches241.com\/wp-content\/uploads\/2022\/12\/DRIVE-IMAGES-DEPECHES-2022-12-19T143758.526.jpg","keywords":["affaire valise des milliards","depeches241","Gabon","Guy Nzouba Ndama","Justice"],"articleSection":["Une1"],"inLanguage":"fr-FR","potentialAction":[{"@type":"CommentAction","name":"Comment","target":["https:\/\/depeches241.com\/?p=11367#respond"]}]},{"@type":"WebPage","@id":"https:\/\/depeches241.com\/?p=11367","url":"https:\/\/depeches241.com\/?p=11367","name":"Affaire Guy Nzouba : le verdict attendu la veille de Noel - Groupe D\u00e9p\u00eaches241","isPartOf":{"@id":"https:\/\/depeches241.com\/#website"},"primaryImageOfPage":{"@id":"https:\/\/depeches241.com\/?p=11367#primaryimage"},"image":{"@id":"https:\/\/depeches241.com\/?p=11367#primaryimage"},"thumbnailUrl":"https:\/\/depeches241.com\/wp-content\/uploads\/2022\/12\/DRIVE-IMAGES-DEPECHES-2022-12-19T143758.526.jpg","datePublished":"2022-12-19T13:52:24+00:00","dateModified":"2022-12-19T13:52:28+00:00","description":"C'est le 23 d\u00e9cembre prochain que la Cour d\u2019Appel judiciaire de Franceville rendra son verdict sur l'affaire Guy Nzouba Ndama. L'ancien pr\u00e9sident de l'Assembl\u00e9e nationale est poursuivi, entre autres, pour, d\u00e9tention irr\u00e9guli\u00e8re de fonds.","breadcrumb":{"@id":"https:\/\/depeches241.com\/?p=11367#breadcrumb"},"inLanguage":"fr-FR","potentialAction":[{"@type":"ReadAction","target":["https:\/\/depeches241.com\/?p=11367"]}]},{"@type":"ImageObject","inLanguage":"fr-FR","@id":"https:\/\/depeches241.com\/?p=11367#primaryimage","url":"https:\/\/depeches241.com\/wp-content\/uploads\/2022\/12\/DRIVE-IMAGES-DEPECHES-2022-12-19T143758.526.jpg","contentUrl":"https:\/\/depeches241.com\/wp-content\/uploads\/2022\/12\/DRIVE-IMAGES-DEPECHES-2022-12-19T143758.526.jpg","width":960,"height":540},{"@type":"BreadcrumbList","@id":"https:\/\/depeches241.com\/?p=11367#breadcrumb","itemListElement":[{"@type":"ListItem","position":1,"name":"Accueil","item":"https:\/\/depeches241.com\/"},{"@type":"ListItem","position":2,"name":"Affaire Guy Nzouba : le verdict attendu la veille de Noel"}]},{"@type":"WebSite","@id":"https:\/\/depeches241.com\/#website","url":"https:\/\/depeches241.com\/","name":"D\u00e9p\u00eaches241","description":"M\u00e9dia d&#039;actualit\u00e9 Politique, \u00c9conomique, Sociale et Internationale","publisher":{"@id":"https:\/\/depeches241.com\/#organization"},"potentialAction":[{"@type":"SearchAction","target":{"@type":"EntryPoint","urlTemplate":"https:\/\/depeches241.com\/?s={search_term_string}"},"query-input":{"@type":"PropertyValueSpecification","valueRequired":true,"valueName":"search_term_string"}}],"inLanguage":"fr-FR"},{"@type":"Organization","@id":"https:\/\/depeches241.com\/#organization","name":"Groupe D\u00e9p\u00eaches241","url":"https:\/\/depeches241.com\/","logo":{"@type":"ImageObject","inLanguage":"fr-FR","@id":"https:\/\/depeches241.com\/#\/schema\/logo\/image\/","url":"https:\/\/depeches241.com\/wp-content\/uploads\/2021\/10\/cropped-Logo-new-Accueil.png","contentUrl":"https:\/\/depeches241.com\/wp-content\/uploads\/2021\/10\/cropped-Logo-new-Accueil.png","width":320,"height":105,"caption":"Groupe D\u00e9p\u00eaches241"},"image":{"@id":"https:\/\/depeches241.com\/#\/schema\/logo\/image\/"},"sameAs":["https:\/\/www.facebook.com\/depeches241"]},{"@type":"Person","@id":"https:\/\/depeches241.com\/#\/schema\/person\/977f23ecf7439b0805f4525a893a057a","name":"R\u00e9daction","image":{"@type":"ImageObject","inLanguage":"fr-FR","@id":"https:\/\/secure.gravatar.com\/avatar\/8c655dbc51e5c9289f919f15ce20847ab5a910f8369a17ca243b673da48541f5?s=96&d=mm&r=g","url":"https:\/\/secure.gravatar.com\/avatar\/8c655dbc51e5c9289f919f15ce20847ab5a910f8369a17ca243b673da48541f5?s=96&d=mm&r=g","contentUrl":"https:\/\/secure.gravatar.com\/avatar\/8c655dbc51e5c9289f919f15ce20847ab5a910f8369a17ca243b673da48541f5?s=96&d=mm&r=g","caption":"R\u00e9daction"},"url":"https:\/\/depeches241.com\/?author=11"}]}},"_links":{"self":[{"href":"https:\/\/depeches241.com\/index.php?rest_route=\/wp\/v2\/posts\/11367","targetHints":{"allow":["GET"]}}],"collection":[{"href":"https:\/\/depeches241.com\/index.php?rest_route=\/wp\/v2\/posts"}],"about":[{"href":"https:\/\/depeches241.com\/index.php?rest_route=\/wp\/v2\/types\/post"}],"author":[{"embeddable":true,"href":"https:\/\/depeches241.com\/index.php?rest_route=\/wp\/v2\/users\/11"}],"replies":[{"embeddable":true,"href":"https:\/\/depeches241.com\/index.php?rest_route=%2Fwp%2Fv2%2Fcomments&post=11367"}],"version-history":[{"count":1,"href":"https:\/\/depeches241.com\/index.php?rest_route=\/wp\/v2\/posts\/11367\/revisions"}],"predecessor-version":[{"id":11369,"href":"https:\/\/depeches241.com\/index.php?rest_route=\/wp\/v2\/posts\/11367\/revisions\/11369"}],"wp:featuredmedia":[{"embeddable":true,"href":"https:\/\/depeches241.com\/index.php?rest_route=\/wp\/v2\/media\/11368"}],"wp:attachment":[{"href":"https:\/\/depeches241.com\/index.php?rest_route=%2Fwp%2Fv2%2Fmedia&parent=11367"}],"wp:term":[{"taxonomy":"category","embeddable":true,"href":"https:\/\/depeches241.com\/index.php?rest_route=%2Fwp%2Fv2%2Fcategories&post=11367"},{"taxonomy":"post_tag","embeddable":true,"href":"https:\/\/depeches241.com\/index.php?rest_route=%2Fwp%2Fv2%2Ftags&post=11367"}],"curies":[{"name":"wp","href":"https:\/\/api.w.org\/{rel}","templated":true}]}}