{"id":11639,"date":"2023-04-18T13:42:43","date_gmt":"2023-04-18T11:42:43","guid":{"rendered":"http:\/\/depeches241.com\/?p=11639"},"modified":"2023-04-21T14:34:29","modified_gmt":"2023-04-21T12:34:29","slug":"nationale-foot-cf-mounana-des-raisons-desperer","status":"publish","type":"post","link":"https:\/\/depeches241.com\/?p=11639","title":{"rendered":"Nationale Foot: CF Mounana, des raisons d\u2019esp\u00e9rer"},"content":{"rendered":"\n<figure class=\"wp-block-image size-full\"><img fetchpriority=\"high\" decoding=\"async\" width=\"960\" height=\"540\" src=\"http:\/\/depeches241.com\/wp-content\/uploads\/2023\/04\/DRIVE-IMAGES-DEPECHES-2023-04-18T164052.096.jpg\" alt=\"\" class=\"wp-image-11640\" srcset=\"https:\/\/depeches241.com\/wp-content\/uploads\/2023\/04\/DRIVE-IMAGES-DEPECHES-2023-04-18T164052.096.jpg 960w, https:\/\/depeches241.com\/wp-content\/uploads\/2023\/04\/DRIVE-IMAGES-DEPECHES-2023-04-18T164052.096-300x169.jpg 300w, https:\/\/depeches241.com\/wp-content\/uploads\/2023\/04\/DRIVE-IMAGES-DEPECHES-2023-04-18T164052.096-768x432.jpg 768w\" sizes=\"(max-width: 960px) 100vw, 960px\" \/><figcaption class=\"wp-element-caption\"><strong><em>Le jeune garde de CF Mounana a les moyens de cr\u00e9er l\u2019exploit cette saison \u00a9 DR<\/em><\/strong><br><\/figcaption><\/figure>\n\n\n\n<p><strong>Libreville, le 18 avril 2023 \u2013 (D\u00e9p\u00eaches 241). Vainqueur du FC 105 par le score sans appel de 3 buts \u00e0 0 le dimanche 16 avril dernier, le Centre de formation de Mounana a repris sa marche en avant en ouverture de la phase retour du National de Foot. Sur le podium, \u00e0 3 points du leader Mangasport, les hommes de Kevin Ibinga en d\u00e9pit de plusieurs contre-performances \u00e9vitables, jouent les premiers r\u00f4les en championnat. De quoi nourrir l\u2019espoir d\u2019une fin de saison \u00e0 l\u2019issue heureuse, loin des ambitions du d\u00e9but de saison o\u00f9 du maintien, le CF Mounana vise d\u00e9sormais une place sur le podium.&nbsp;<\/strong><\/p>\n\n\n\n<p class=\"has-drop-cap\">Le vendredi 17 mars, apr\u00e8s avoir inexplicablement laiss\u00e9 filer la victoire qui lui tendait les bras une semaine plus t\u00f4t \u00e0 Oyem, le CF Mounana joue le FC 105 au Stade de L\u2019INJS. Un adversaire a priori \u00e0 la port\u00e9e des hommes de Kevin Ibinga. Alors que les fans, le directoire et l\u2019encadrement attendent une victoire, ou \u00e0 tout le moins une prestation honorable, Laurent Sahui et ses co\u00e9quipiers livrent une prestation insipide. Sans \u00e2me, d\u00e9boussol\u00e9, en panne d\u2019inspiration, Mounana s\u2019incline logiquement face \u00e0 une \u00e9quipe du FC 105 plus valeureuse et qui manifestement en voulait plus. C\u2019est la contre-performance de trop.<\/p>\n\n\n\n<p>La d\u00e9faite passe tellement mal que le board du CF Mounana convie \u00e0 une r\u00e9union les joueurs, le comit\u00e9 directeur et le staff . Au cours de cette rencontre, Herv\u00e9 Patrick Opiangah, le pr\u00e9sident du club, visiblement m\u00e9content, tape du poing sur la table. Situant les responsabilit\u00e9s de chacun, du staff en passant par les joueurs les dirigeants, le fondateur de ce club plusieurs fois champion du Gabon avec non moins de v\u00e9h\u00e9mence va appeler au ressaisissement de tous.&nbsp;<\/p>\n\n\n\n<p>Pendant cette rencontre durant laquelle le ton est clairement mont\u00e9, le patron du CF Mounana a rappel\u00e9 que l\u2019institution qu\u2019est le CF Mounana doit pr\u00e9valoir sur tout. Sur les hommes, les passes-droits, les clans et sur les consid\u00e9rations personnelles. Et pour ce faire, il est imp\u00e9rieusement n\u00e9cessaire de revenir sur les fondamentaux que sont la discipline et le travail. Si le message \u00e0 l\u2019oral est pass\u00e9, le match retour contre le Canon 105 devait donner des indications sur la r\u00e9ceptivit\u00e9 dudit message et son effectivit\u00e9 dans les actes. Et ces premi\u00e8res indications, ce vendredi 16 avril au stade Monedan, sont tomb\u00e9es d\u00e8s la composition des 11 entrants qui devait s\u2019opposer aux co\u00e9quipiers de Radny Essang Matouti. Yazid Atouba, rel\u00e9gu\u00e9 au banc toute la premi\u00e8re partie de saison nonobstant ses tr\u00e8s bonnes performances, est titulaire sur le flanc droit de l\u2019attaque. La preuve du retour au respect du crit\u00e8re devant primer sur le choix d\u2019un titulaire: La performance et la comp\u00e9titivit\u00e9.&nbsp;<\/p>\n\n\n\n<p>Timides et poussifs en premi\u00e8re mi-temps, les baby-mounanais de Kevin Ibinga vont sonner la r\u00e9volte en seconde mi-temps. Port\u00e9s par leurs internationaux Nze Bagnama Samake, Mbongui Aim\u00e9, alias Bosingwa et Oumar Bagnama, le CF Mounana va progressivement prendre la mesure de son adversaire. Sur une contre-attaque et bien lanc\u00e9 dans la profondeur \u00e0 la 60e minute, Delphin Moukoumou, plus rapide va prendre \u00e0 d\u00e9faut le gardien de 105 auteur d\u2019une sortie coupable et marquer dans le but vide. C\u2019est l\u2019ouverture du score. Dix minutes plus tard, c\u2019est au sortir d\u2019un corner que Yazid Atouba va reprendre victorieusement \u00e0 la 71e minute, un ballon mal d\u00e9gag\u00e9 par la d\u00e9fense de 105.&nbsp;<\/p>\n\n\n\n<p>Assomm\u00e9s, les joueurs du Canon 105 vont baisser la t\u00eate et subir les assauts r\u00e9p\u00e9t\u00e9s de l\u2019attaque mounanaise renforc\u00e9e par l\u2019entr\u00e9e en jeu de Sokambi Bonaventure. C\u2019est d\u2019ailleurs ce dernier, qui d\u00e9cale astucieusement le lat\u00e9ral gauche de Mounana dont le centre trouve Delphin Moukoumou pour le 3 \u00e0 0 \u00e0 la 92e minute.&nbsp;<\/p>\n\n\n\n<p>Une victoire nette, avec la mani\u00e8re qui montre sans discussion aucune que sportivement, le CF Mounana a les moyens de tutoyer les sommets dans ce championnat. Avec le retour prochain de Ralph Bamba, de Nze Somme Franck, le retour au niveau Laurent Sahui et la mont\u00e9e en puissance du Camerounais Yazid Atouba et du Centrafricain Delphin Moukoumou, le CF Mounana a de bonnes raisons d\u2019esp\u00e9rer, de croire et de r\u00eaver en fin de saison d\u2019une place africaine et m\u00eame pourquoi pas du titre.&nbsp;<\/p>\n","protected":false},"excerpt":{"rendered":"<p>Vainqueur du FC 105 par le score sans appel de 3 buts \u00e0 0 le dimanche 16 avril dernier, le Centre de formation de Mounana a repris sa marche en avant en ouverture de la phase retour du National de Foot. Sur le podium, \u00e0 3 points du leader Mangasport, les hommes de Kevin Ibinga en d\u00e9pit de plusieurs contre-performances \u00e9vitables, jouent les premiers r\u00f4les en championnat. De quoi nourrir l\u2019espoir d\u2019une fin de saison \u00e0 l\u2019issue heureuse, loin des ambitions du d\u00e9but de saison o\u00f9 du maintien, le CF Mounana vise d\u00e9sormais une place sur le podium. <\/p>\n","protected":false},"author":2,"featured_media":11640,"comment_status":"open","ping_status":"open","sticky":false,"template":"","format":"standard","meta":{"om_disable_all_campaigns":false,"footnotes":""},"categories":[634,116],"tags":[2410,99,406,59,403],"class_list":{"0":"post-11639","1":"post","2":"type-post","3":"status-publish","4":"format-standard","5":"has-post-thumbnail","7":"category-sport","8":"category-une1","9":"tag-centre-de-formation-de-mounana","10":"tag-depeches241","11":"tag-football","12":"tag-gabon","13":"tag-sport"},"yoast_head":"<!-- This site is optimized with the Yoast SEO plugin v27.5 - https:\/\/yoast.com\/product\/yoast-seo-wordpress\/ -->\n<title>Nationale Foot: CF Mounana, des raisons d\u2019esp\u00e9rer - Groupe D\u00e9p\u00eaches241<\/title>\n<meta name=\"description\" content=\"Vainqueur du FC 105 par le score sans appel de 3 buts \u00e0 0 le dimanche 16 avril dernier, le Centre de formation de Mounana a repris sa marche en avant en ouverture de la phase retour du National de Foot. Sur le podium, \u00e0 3 points du leader Mangasport, les hommes de Kevin Ibinga en d\u00e9pit de plusieurs contre-performances \u00e9vitables, jouent les premiers r\u00f4les en championnat. De quoi nourrir l\u2019espoir d\u2019une fin de saison \u00e0 l\u2019issue heureuse, loin des ambitions du d\u00e9but de saison o\u00f9 du maintien, le CF Mounana vise d\u00e9sormais une place sur le podium.\" \/>\n<meta name=\"robots\" content=\"index, follow, max-snippet:-1, max-image-preview:large, max-video-preview:-1\" \/>\n<link rel=\"canonical\" href=\"https:\/\/depeches241.com\/?p=11639\" \/>\n<meta property=\"og:locale\" content=\"fr_FR\" \/>\n<meta property=\"og:type\" content=\"article\" \/>\n<meta property=\"og:title\" content=\"Nationale Foot: CF Mounana, des raisons d\u2019esp\u00e9rer - Groupe D\u00e9p\u00eaches241\" \/>\n<meta property=\"og:description\" content=\"Vainqueur du FC 105 par le score sans appel de 3 buts \u00e0 0 le dimanche 16 avril dernier, le Centre de formation de Mounana a repris sa marche en avant en ouverture de la phase retour du National de Foot. Sur le podium, \u00e0 3 points du leader Mangasport, les hommes de Kevin Ibinga en d\u00e9pit de plusieurs contre-performances \u00e9vitables, jouent les premiers r\u00f4les en championnat. De quoi nourrir l\u2019espoir d\u2019une fin de saison \u00e0 l\u2019issue heureuse, loin des ambitions du d\u00e9but de saison o\u00f9 du maintien, le CF Mounana vise d\u00e9sormais une place sur le podium.\" \/>\n<meta property=\"og:url\" content=\"https:\/\/depeches241.com\/?p=11639\" \/>\n<meta property=\"og:site_name\" content=\"Groupe D\u00e9p\u00eaches241\" \/>\n<meta property=\"article:publisher\" content=\"https:\/\/www.facebook.com\/depeches241\" \/>\n<meta property=\"article:published_time\" content=\"2023-04-18T11:42:43+00:00\" \/>\n<meta property=\"article:modified_time\" content=\"2023-04-21T12:34:29+00:00\" \/>\n<meta property=\"og:image\" content=\"https:\/\/depeches241.com\/wp-content\/uploads\/2023\/04\/DRIVE-IMAGES-DEPECHES-2023-04-18T164052.096.jpg\" \/>\n\t<meta property=\"og:image:width\" content=\"960\" \/>\n\t<meta property=\"og:image:height\" content=\"540\" \/>\n\t<meta property=\"og:image:type\" content=\"image\/jpeg\" \/>\n<meta name=\"author\" content=\"Pharel BOUKIKA\" \/>\n<meta name=\"twitter:card\" content=\"summary_large_image\" \/>\n<meta name=\"twitter:label1\" content=\"\u00c9crit par\" \/>\n\t<meta name=\"twitter:data1\" content=\"Pharel BOUKIKA\" \/>\n\t<meta name=\"twitter:label2\" content=\"Dur\u00e9e de lecture estim\u00e9e\" \/>\n\t<meta name=\"twitter:data2\" content=\"4 minutes\" \/>\n<script type=\"application\/ld+json\" class=\"yoast-schema-graph\">{\"@context\":\"https:\\\/\\\/schema.org\",\"@graph\":[{\"@type\":\"Article\",\"@id\":\"https:\\\/\\\/depeches241.com\\\/?p=11639#article\",\"isPartOf\":{\"@id\":\"https:\\\/\\\/depeches241.com\\\/?p=11639\"},\"author\":{\"name\":\"Pharel BOUKIKA\",\"@id\":\"https:\\\/\\\/depeches241.com\\\/#\\\/schema\\\/person\\\/f39e676ca8f34712c2b828546ec69f14\"},\"headline\":\"Nationale Foot: CF Mounana, des raisons d\u2019esp\u00e9rer\",\"datePublished\":\"2023-04-18T11:42:43+00:00\",\"dateModified\":\"2023-04-21T12:34:29+00:00\",\"mainEntityOfPage\":{\"@id\":\"https:\\\/\\\/depeches241.com\\\/?p=11639\"},\"wordCount\":767,\"commentCount\":0,\"publisher\":{\"@id\":\"https:\\\/\\\/depeches241.com\\\/#organization\"},\"image\":{\"@id\":\"https:\\\/\\\/depeches241.com\\\/?p=11639#primaryimage\"},\"thumbnailUrl\":\"https:\\\/\\\/depeches241.com\\\/wp-content\\\/uploads\\\/2023\\\/04\\\/DRIVE-IMAGES-DEPECHES-2023-04-18T164052.096.jpg\",\"keywords\":[\"Centre de formation de Mounana\",\"depeches241\",\"Football\",\"Gabon\",\"Sport\"],\"articleSection\":[\"SPORT\",\"Une1\"],\"inLanguage\":\"fr-FR\",\"potentialAction\":[{\"@type\":\"CommentAction\",\"name\":\"Comment\",\"target\":[\"https:\\\/\\\/depeches241.com\\\/?p=11639#respond\"]}]},{\"@type\":\"WebPage\",\"@id\":\"https:\\\/\\\/depeches241.com\\\/?p=11639\",\"url\":\"https:\\\/\\\/depeches241.com\\\/?p=11639\",\"name\":\"Nationale Foot: CF Mounana, des raisons d\u2019esp\u00e9rer - Groupe D\u00e9p\u00eaches241\",\"isPartOf\":{\"@id\":\"https:\\\/\\\/depeches241.com\\\/#website\"},\"primaryImageOfPage\":{\"@id\":\"https:\\\/\\\/depeches241.com\\\/?p=11639#primaryimage\"},\"image\":{\"@id\":\"https:\\\/\\\/depeches241.com\\\/?p=11639#primaryimage\"},\"thumbnailUrl\":\"https:\\\/\\\/depeches241.com\\\/wp-content\\\/uploads\\\/2023\\\/04\\\/DRIVE-IMAGES-DEPECHES-2023-04-18T164052.096.jpg\",\"datePublished\":\"2023-04-18T11:42:43+00:00\",\"dateModified\":\"2023-04-21T12:34:29+00:00\",\"description\":\"Vainqueur du FC 105 par le score sans appel de 3 buts \u00e0 0 le dimanche 16 avril dernier, le Centre de formation de Mounana a repris sa marche en avant en ouverture de la phase retour du National de Foot. Sur le podium, \u00e0 3 points du leader Mangasport, les hommes de Kevin Ibinga en d\u00e9pit de plusieurs contre-performances \u00e9vitables, jouent les premiers r\u00f4les en championnat. De quoi nourrir l\u2019espoir d\u2019une fin de saison \u00e0 l\u2019issue heureuse, loin des ambitions du d\u00e9but de saison o\u00f9 du maintien, le CF Mounana vise d\u00e9sormais une place sur le podium.\",\"breadcrumb\":{\"@id\":\"https:\\\/\\\/depeches241.com\\\/?p=11639#breadcrumb\"},\"inLanguage\":\"fr-FR\",\"potentialAction\":[{\"@type\":\"ReadAction\",\"target\":[\"https:\\\/\\\/depeches241.com\\\/?p=11639\"]}]},{\"@type\":\"ImageObject\",\"inLanguage\":\"fr-FR\",\"@id\":\"https:\\\/\\\/depeches241.com\\\/?p=11639#primaryimage\",\"url\":\"https:\\\/\\\/depeches241.com\\\/wp-content\\\/uploads\\\/2023\\\/04\\\/DRIVE-IMAGES-DEPECHES-2023-04-18T164052.096.jpg\",\"contentUrl\":\"https:\\\/\\\/depeches241.com\\\/wp-content\\\/uploads\\\/2023\\\/04\\\/DRIVE-IMAGES-DEPECHES-2023-04-18T164052.096.jpg\",\"width\":960,\"height\":540},{\"@type\":\"BreadcrumbList\",\"@id\":\"https:\\\/\\\/depeches241.com\\\/?p=11639#breadcrumb\",\"itemListElement\":[{\"@type\":\"ListItem\",\"position\":1,\"name\":\"Accueil\",\"item\":\"https:\\\/\\\/depeches241.com\\\/\"},{\"@type\":\"ListItem\",\"position\":2,\"name\":\"Nationale Foot: CF Mounana, des raisons d\u2019esp\u00e9rer\"}]},{\"@type\":\"WebSite\",\"@id\":\"https:\\\/\\\/depeches241.com\\\/#website\",\"url\":\"https:\\\/\\\/depeches241.com\\\/\",\"name\":\"D\u00e9p\u00eaches241\",\"description\":\"M\u00e9dia d&#039;actualit\u00e9 Politique, \u00c9conomique, Sociale et Internationale\",\"publisher\":{\"@id\":\"https:\\\/\\\/depeches241.com\\\/#organization\"},\"potentialAction\":[{\"@type\":\"SearchAction\",\"target\":{\"@type\":\"EntryPoint\",\"urlTemplate\":\"https:\\\/\\\/depeches241.com\\\/?s={search_term_string}\"},\"query-input\":{\"@type\":\"PropertyValueSpecification\",\"valueRequired\":true,\"valueName\":\"search_term_string\"}}],\"inLanguage\":\"fr-FR\"},{\"@type\":\"Organization\",\"@id\":\"https:\\\/\\\/depeches241.com\\\/#organization\",\"name\":\"Groupe D\u00e9p\u00eaches241\",\"url\":\"https:\\\/\\\/depeches241.com\\\/\",\"logo\":{\"@type\":\"ImageObject\",\"inLanguage\":\"fr-FR\",\"@id\":\"https:\\\/\\\/depeches241.com\\\/#\\\/schema\\\/logo\\\/image\\\/\",\"url\":\"https:\\\/\\\/depeches241.com\\\/wp-content\\\/uploads\\\/2021\\\/10\\\/cropped-Logo-new-Accueil.png\",\"contentUrl\":\"https:\\\/\\\/depeches241.com\\\/wp-content\\\/uploads\\\/2021\\\/10\\\/cropped-Logo-new-Accueil.png\",\"width\":320,\"height\":105,\"caption\":\"Groupe D\u00e9p\u00eaches241\"},\"image\":{\"@id\":\"https:\\\/\\\/depeches241.com\\\/#\\\/schema\\\/logo\\\/image\\\/\"},\"sameAs\":[\"https:\\\/\\\/www.facebook.com\\\/depeches241\"]},{\"@type\":\"Person\",\"@id\":\"https:\\\/\\\/depeches241.com\\\/#\\\/schema\\\/person\\\/f39e676ca8f34712c2b828546ec69f14\",\"name\":\"Pharel BOUKIKA\",\"image\":{\"@type\":\"ImageObject\",\"inLanguage\":\"fr-FR\",\"@id\":\"https:\\\/\\\/secure.gravatar.com\\\/avatar\\\/f911ded37269927862a946f1d008338d6cd8ef36529103aaa98b08ba9425d477?s=96&d=mm&r=g\",\"url\":\"https:\\\/\\\/secure.gravatar.com\\\/avatar\\\/f911ded37269927862a946f1d008338d6cd8ef36529103aaa98b08ba9425d477?s=96&d=mm&r=g\",\"contentUrl\":\"https:\\\/\\\/secure.gravatar.com\\\/avatar\\\/f911ded37269927862a946f1d008338d6cd8ef36529103aaa98b08ba9425d477?s=96&d=mm&r=g\",\"caption\":\"Pharel BOUKIKA\"},\"description\":\"Dipl\u00f4m\u00e9 en Droit Priv\u00e9, en communication, en Journalisme et d\u00e9tenteur d'une Licence en \u00c9conomie et Gestion administrative, ancien r\u00e9dacteur en Chef de Gabon Media Time, Pharel Boukika est le G\u00e9rant du groupe D\u00e9p\u00eaches Gabon et par ailleurs Directeur de Publication de D\u00e9p\u00eaches241. Analyste politique, ses prises de parole et ses approches pertinentes lui ont ouvert depuis peu les portes des plateaux t\u00e9l\u00e9vis\u00e9s pendant lesquels, il d\u00e9bat sur les questions d'actualit\u00e9 politique, \u00e9conomique et sociale du Gabon. D\u00e9p\u00eaches241 n'est que le prolongement de sa volont\u00e9 manifeste et infinie d'\u00e9difier et d'informer les Gabonais.\",\"sameAs\":[\"http:\\\/\\\/clubsportplus.fr\"],\"url\":\"https:\\\/\\\/depeches241.com\\\/?author=2\"}]}<\/script>\n<!-- \/ Yoast SEO plugin. -->","yoast_head_json":{"title":"Nationale Foot: CF Mounana, des raisons d\u2019esp\u00e9rer - Groupe D\u00e9p\u00eaches241","description":"Vainqueur du FC 105 par le score sans appel de 3 buts \u00e0 0 le dimanche 16 avril dernier, le Centre de formation de Mounana a repris sa marche en avant en ouverture de la phase retour du National de Foot. Sur le podium, \u00e0 3 points du leader Mangasport, les hommes de Kevin Ibinga en d\u00e9pit de plusieurs contre-performances \u00e9vitables, jouent les premiers r\u00f4les en championnat. De quoi nourrir l\u2019espoir d\u2019une fin de saison \u00e0 l\u2019issue heureuse, loin des ambitions du d\u00e9but de saison o\u00f9 du maintien, le CF Mounana vise d\u00e9sormais une place sur le podium.","robots":{"index":"index","follow":"follow","max-snippet":"max-snippet:-1","max-image-preview":"max-image-preview:large","max-video-preview":"max-video-preview:-1"},"canonical":"https:\/\/depeches241.com\/?p=11639","og_locale":"fr_FR","og_type":"article","og_title":"Nationale Foot: CF Mounana, des raisons d\u2019esp\u00e9rer - Groupe D\u00e9p\u00eaches241","og_description":"Vainqueur du FC 105 par le score sans appel de 3 buts \u00e0 0 le dimanche 16 avril dernier, le Centre de formation de Mounana a repris sa marche en avant en ouverture de la phase retour du National de Foot. Sur le podium, \u00e0 3 points du leader Mangasport, les hommes de Kevin Ibinga en d\u00e9pit de plusieurs contre-performances \u00e9vitables, jouent les premiers r\u00f4les en championnat. De quoi nourrir l\u2019espoir d\u2019une fin de saison \u00e0 l\u2019issue heureuse, loin des ambitions du d\u00e9but de saison o\u00f9 du maintien, le CF Mounana vise d\u00e9sormais une place sur le podium.","og_url":"https:\/\/depeches241.com\/?p=11639","og_site_name":"Groupe D\u00e9p\u00eaches241","article_publisher":"https:\/\/www.facebook.com\/depeches241","article_published_time":"2023-04-18T11:42:43+00:00","article_modified_time":"2023-04-21T12:34:29+00:00","og_image":[{"width":960,"height":540,"url":"https:\/\/depeches241.com\/wp-content\/uploads\/2023\/04\/DRIVE-IMAGES-DEPECHES-2023-04-18T164052.096.jpg","type":"image\/jpeg"}],"author":"Pharel BOUKIKA","twitter_card":"summary_large_image","twitter_misc":{"\u00c9crit par":"Pharel BOUKIKA","Dur\u00e9e de lecture estim\u00e9e":"4 minutes"},"schema":{"@context":"https:\/\/schema.org","@graph":[{"@type":"Article","@id":"https:\/\/depeches241.com\/?p=11639#article","isPartOf":{"@id":"https:\/\/depeches241.com\/?p=11639"},"author":{"name":"Pharel BOUKIKA","@id":"https:\/\/depeches241.com\/#\/schema\/person\/f39e676ca8f34712c2b828546ec69f14"},"headline":"Nationale Foot: CF Mounana, des raisons d\u2019esp\u00e9rer","datePublished":"2023-04-18T11:42:43+00:00","dateModified":"2023-04-21T12:34:29+00:00","mainEntityOfPage":{"@id":"https:\/\/depeches241.com\/?p=11639"},"wordCount":767,"commentCount":0,"publisher":{"@id":"https:\/\/depeches241.com\/#organization"},"image":{"@id":"https:\/\/depeches241.com\/?p=11639#primaryimage"},"thumbnailUrl":"https:\/\/depeches241.com\/wp-content\/uploads\/2023\/04\/DRIVE-IMAGES-DEPECHES-2023-04-18T164052.096.jpg","keywords":["Centre de formation de Mounana","depeches241","Football","Gabon","Sport"],"articleSection":["SPORT","Une1"],"inLanguage":"fr-FR","potentialAction":[{"@type":"CommentAction","name":"Comment","target":["https:\/\/depeches241.com\/?p=11639#respond"]}]},{"@type":"WebPage","@id":"https:\/\/depeches241.com\/?p=11639","url":"https:\/\/depeches241.com\/?p=11639","name":"Nationale Foot: CF Mounana, des raisons d\u2019esp\u00e9rer - Groupe D\u00e9p\u00eaches241","isPartOf":{"@id":"https:\/\/depeches241.com\/#website"},"primaryImageOfPage":{"@id":"https:\/\/depeches241.com\/?p=11639#primaryimage"},"image":{"@id":"https:\/\/depeches241.com\/?p=11639#primaryimage"},"thumbnailUrl":"https:\/\/depeches241.com\/wp-content\/uploads\/2023\/04\/DRIVE-IMAGES-DEPECHES-2023-04-18T164052.096.jpg","datePublished":"2023-04-18T11:42:43+00:00","dateModified":"2023-04-21T12:34:29+00:00","description":"Vainqueur du FC 105 par le score sans appel de 3 buts \u00e0 0 le dimanche 16 avril dernier, le Centre de formation de Mounana a repris sa marche en avant en ouverture de la phase retour du National de Foot. Sur le podium, \u00e0 3 points du leader Mangasport, les hommes de Kevin Ibinga en d\u00e9pit de plusieurs contre-performances \u00e9vitables, jouent les premiers r\u00f4les en championnat. De quoi nourrir l\u2019espoir d\u2019une fin de saison \u00e0 l\u2019issue heureuse, loin des ambitions du d\u00e9but de saison o\u00f9 du maintien, le CF Mounana vise d\u00e9sormais une place sur le podium.","breadcrumb":{"@id":"https:\/\/depeches241.com\/?p=11639#breadcrumb"},"inLanguage":"fr-FR","potentialAction":[{"@type":"ReadAction","target":["https:\/\/depeches241.com\/?p=11639"]}]},{"@type":"ImageObject","inLanguage":"fr-FR","@id":"https:\/\/depeches241.com\/?p=11639#primaryimage","url":"https:\/\/depeches241.com\/wp-content\/uploads\/2023\/04\/DRIVE-IMAGES-DEPECHES-2023-04-18T164052.096.jpg","contentUrl":"https:\/\/depeches241.com\/wp-content\/uploads\/2023\/04\/DRIVE-IMAGES-DEPECHES-2023-04-18T164052.096.jpg","width":960,"height":540},{"@type":"BreadcrumbList","@id":"https:\/\/depeches241.com\/?p=11639#breadcrumb","itemListElement":[{"@type":"ListItem","position":1,"name":"Accueil","item":"https:\/\/depeches241.com\/"},{"@type":"ListItem","position":2,"name":"Nationale Foot: CF Mounana, des raisons d\u2019esp\u00e9rer"}]},{"@type":"WebSite","@id":"https:\/\/depeches241.com\/#website","url":"https:\/\/depeches241.com\/","name":"D\u00e9p\u00eaches241","description":"M\u00e9dia d&#039;actualit\u00e9 Politique, \u00c9conomique, Sociale et Internationale","publisher":{"@id":"https:\/\/depeches241.com\/#organization"},"potentialAction":[{"@type":"SearchAction","target":{"@type":"EntryPoint","urlTemplate":"https:\/\/depeches241.com\/?s={search_term_string}"},"query-input":{"@type":"PropertyValueSpecification","valueRequired":true,"valueName":"search_term_string"}}],"inLanguage":"fr-FR"},{"@type":"Organization","@id":"https:\/\/depeches241.com\/#organization","name":"Groupe D\u00e9p\u00eaches241","url":"https:\/\/depeches241.com\/","logo":{"@type":"ImageObject","inLanguage":"fr-FR","@id":"https:\/\/depeches241.com\/#\/schema\/logo\/image\/","url":"https:\/\/depeches241.com\/wp-content\/uploads\/2021\/10\/cropped-Logo-new-Accueil.png","contentUrl":"https:\/\/depeches241.com\/wp-content\/uploads\/2021\/10\/cropped-Logo-new-Accueil.png","width":320,"height":105,"caption":"Groupe D\u00e9p\u00eaches241"},"image":{"@id":"https:\/\/depeches241.com\/#\/schema\/logo\/image\/"},"sameAs":["https:\/\/www.facebook.com\/depeches241"]},{"@type":"Person","@id":"https:\/\/depeches241.com\/#\/schema\/person\/f39e676ca8f34712c2b828546ec69f14","name":"Pharel BOUKIKA","image":{"@type":"ImageObject","inLanguage":"fr-FR","@id":"https:\/\/secure.gravatar.com\/avatar\/f911ded37269927862a946f1d008338d6cd8ef36529103aaa98b08ba9425d477?s=96&d=mm&r=g","url":"https:\/\/secure.gravatar.com\/avatar\/f911ded37269927862a946f1d008338d6cd8ef36529103aaa98b08ba9425d477?s=96&d=mm&r=g","contentUrl":"https:\/\/secure.gravatar.com\/avatar\/f911ded37269927862a946f1d008338d6cd8ef36529103aaa98b08ba9425d477?s=96&d=mm&r=g","caption":"Pharel BOUKIKA"},"description":"Dipl\u00f4m\u00e9 en Droit Priv\u00e9, en communication, en Journalisme et d\u00e9tenteur d'une Licence en \u00c9conomie et Gestion administrative, ancien r\u00e9dacteur en Chef de Gabon Media Time, Pharel Boukika est le G\u00e9rant du groupe D\u00e9p\u00eaches Gabon et par ailleurs Directeur de Publication de D\u00e9p\u00eaches241. Analyste politique, ses prises de parole et ses approches pertinentes lui ont ouvert depuis peu les portes des plateaux t\u00e9l\u00e9vis\u00e9s pendant lesquels, il d\u00e9bat sur les questions d'actualit\u00e9 politique, \u00e9conomique et sociale du Gabon. D\u00e9p\u00eaches241 n'est que le prolongement de sa volont\u00e9 manifeste et infinie d'\u00e9difier et d'informer les Gabonais.","sameAs":["http:\/\/clubsportplus.fr"],"url":"https:\/\/depeches241.com\/?author=2"}]}},"_links":{"self":[{"href":"https:\/\/depeches241.com\/index.php?rest_route=\/wp\/v2\/posts\/11639","targetHints":{"allow":["GET"]}}],"collection":[{"href":"https:\/\/depeches241.com\/index.php?rest_route=\/wp\/v2\/posts"}],"about":[{"href":"https:\/\/depeches241.com\/index.php?rest_route=\/wp\/v2\/types\/post"}],"author":[{"embeddable":true,"href":"https:\/\/depeches241.com\/index.php?rest_route=\/wp\/v2\/users\/2"}],"replies":[{"embeddable":true,"href":"https:\/\/depeches241.com\/index.php?rest_route=%2Fwp%2Fv2%2Fcomments&post=11639"}],"version-history":[{"count":1,"href":"https:\/\/depeches241.com\/index.php?rest_route=\/wp\/v2\/posts\/11639\/revisions"}],"predecessor-version":[{"id":11666,"href":"https:\/\/depeches241.com\/index.php?rest_route=\/wp\/v2\/posts\/11639\/revisions\/11666"}],"wp:featuredmedia":[{"embeddable":true,"href":"https:\/\/depeches241.com\/index.php?rest_route=\/wp\/v2\/media\/11640"}],"wp:attachment":[{"href":"https:\/\/depeches241.com\/index.php?rest_route=%2Fwp%2Fv2%2Fmedia&parent=11639"}],"wp:term":[{"taxonomy":"category","embeddable":true,"href":"https:\/\/depeches241.com\/index.php?rest_route=%2Fwp%2Fv2%2Fcategories&post=11639"},{"taxonomy":"post_tag","embeddable":true,"href":"https:\/\/depeches241.com\/index.php?rest_route=%2Fwp%2Fv2%2Ftags&post=11639"}],"curies":[{"name":"wp","href":"https:\/\/api.w.org\/{rel}","templated":true}]}}