{"id":12186,"date":"2023-05-11T13:00:10","date_gmt":"2023-05-11T11:00:10","guid":{"rendered":"https:\/\/depeches241.com\/?p=12186"},"modified":"2023-05-11T13:12:43","modified_gmt":"2023-05-11T11:12:43","slug":"les-democrates-akure-davain-va-t-il-lacher-guy-nzouba-ndama-aujourdhui","status":"publish","type":"post","link":"https:\/\/depeches241.com\/?p=12186","title":{"rendered":"Les D\u00e9mocrates: Akure-Davain va-t-il l\u00e2cher Guy Nzouba Ndama aujourd&rsquo;hui ?"},"content":{"rendered":"\n<figure class=\"wp-block-image size-full\"><img fetchpriority=\"high\" decoding=\"async\" width=\"960\" height=\"540\" src=\"https:\/\/depeches241.com\/wp-content\/uploads\/2023\/05\/DRIVE-IMAGES-DEPECHES-2023-05-11T125422.235.jpg\" alt=\"\" class=\"wp-image-12187\" srcset=\"https:\/\/depeches241.com\/wp-content\/uploads\/2023\/05\/DRIVE-IMAGES-DEPECHES-2023-05-11T125422.235.jpg 960w, https:\/\/depeches241.com\/wp-content\/uploads\/2023\/05\/DRIVE-IMAGES-DEPECHES-2023-05-11T125422.235-300x169.jpg 300w, https:\/\/depeches241.com\/wp-content\/uploads\/2023\/05\/DRIVE-IMAGES-DEPECHES-2023-05-11T125422.235-768x432.jpg 768w\" sizes=\"(max-width: 960px) 100vw, 960px\" \/><figcaption class=\"wp-element-caption\"><strong><em>le divorce entre Nzouba et Akure-Davain<\/em><\/strong><em><strong>?<\/strong><\/em><strong><em><strong><em>\u00a9 DR<\/em><\/strong><\/em><\/strong><\/figcaption><\/figure>\n\n\n\n<p><strong>Libreville, le 11 mai 2023 (D\u00e9p\u00eaches 241). Mis en minorit\u00e9 au sein de son parti politique depuis la nomination lundi dernier de Philippe Nzengue Mayila, au poste de pr\u00e9sident par int\u00e9rim de Les D\u00e9mocrates, S\u00e9raphin Akure-Davain va animer un point de presse ce jeudi \u00e0 Libreville. Une sortie attendue, au cours de laquelle le d\u00e9put\u00e9 du 2eme arrondissement de Lambar\u00e9n\u00e9, pourrait officialiser sa rupture avec Guy Nzouba Ndama, le patron de LD.<\/strong><\/p>\n\n\n\n<p class=\"has-drop-cap\">En r\u00e9sidence surveill\u00e9e et donc priv\u00e9 du droit de mener des activit\u00e9s politiques depuis l\u2019affaire des mallettes de Kabala, Guy Nzouba Ndama a nomm\u00e9 lundi dernier, Philippe Nzengue Mayila au poste de pr\u00e9sident par int\u00e9rim de Les D\u00e9mocrates. Dans la foul\u00e9e, l\u2019ancien pr\u00e9sident de l\u2019Assembl\u00e9e nationale, a pr\u00e9cis\u00e9 les pr\u00e9rogatives attribu\u00e9es au patron par int\u00e9rim de LD. <strong>\u00ab<\/strong><strong><em> Il veillera particuli\u00e8rement en concertation avec le pr\u00e9sident \u00e0 la r\u00e9affirmation de l\u2019ancrage du Parti Les D\u00e9mocrates dans l\u2019opposition <\/em><\/strong><strong>\u00bb<\/strong> a-t-on pu lire dans une note parvenue \u00e0 la r\u00e9daction de <em>D\u00e9p\u00eaches 241<\/em>.&nbsp;<\/p>\n\n\n\n<p>Si la nomination d\u2019un pr\u00e9sident par int\u00e9rim \u00e0 la t\u00eate de Les D\u00e9mocrates paraissait logique, au regard de la situation judiciaire de Guy Nzouba Ndama, elle a \u00e0 l\u2019\u00e9vidence fait de l\u2019ombre \u00e0 S\u00e9raphin Akure-Davain, le pr\u00e9sident honoraire de LD. Dans ce contexte, nombreux sont les observateurs de la vie politique nationale, qui soutiennent que le d\u00e9put\u00e9 du 2eme arrondissement de Lambar\u00e9n\u00e9 courrouc\u00e9, pourrait au cours du point de presse qu\u2019il anime aujourd\u2019hui, annoncer sa rupture avec Guy Nzouba Ndama.\u00a0<\/p>\n\n\n\n<p>Si cela se confirmait, reste \u00e0 savoir si l\u2019homme politique actera son rapprochement avec le pouvoir en place, amorc\u00e9 \u00e0 l\u2019issue de la derni\u00e8re concertation nationale.&nbsp;<\/p>\n","protected":false},"excerpt":{"rendered":"<p>Mis en minorit\u00e9 au sein de son parti politique depuis la nomination lundi dernier de Philippe Nzengue Mayila, au poste de pr\u00e9sident par int\u00e9rim de Les D\u00e9mocrates, S\u00e9raphin Akure-Davain va animer un point de presse ce jeudi \u00e0 Libreville. Une sortie attendue, au cours de laquelle le d\u00e9put\u00e9 du 2eme arrondissement de Lambar\u00e9n\u00e9, pourrait officialiser sa rupture avec Guy Nzouba Ndama, le patron de LD.<\/p>\n","protected":false},"author":11,"featured_media":12187,"comment_status":"open","ping_status":"open","sticky":false,"template":"","format":"standard","meta":{"om_disable_all_campaigns":false,"footnotes":""},"categories":[28,3,116],"tags":[99,466,270,73,2503],"class_list":{"0":"post-12186","1":"post","2":"type-post","3":"status-publish","4":"format-standard","5":"has-post-thumbnail","7":"category-partis-politiques","8":"category-politique","9":"category-une1","10":"tag-depeches241","11":"tag-guy-nzouba-ndama","12":"tag-les-democrates","13":"tag-politique","14":"tag-seraphin-akure-davain"},"yoast_head":"<!-- This site is optimized with the Yoast SEO plugin v27.5 - https:\/\/yoast.com\/product\/yoast-seo-wordpress\/ -->\n<title>Les D\u00e9mocrates: Akure-Davain va-t-il l\u00e2cher Guy Nzouba Ndama aujourd&#039;hui ? - Groupe D\u00e9p\u00eaches241<\/title>\n<meta name=\"description\" content=\"Mis en minorit\u00e9 au sein de son parti politique depuis la nomination lundi dernier de Philippe Nzengue Mayila, au poste de pr\u00e9sident par int\u00e9rim de Les D\u00e9mocrates, S\u00e9raphin Akure-Davain va animer un point de presse ce jeudi \u00e0 Libreville. Une sortie attendue, au cours de laquelle le d\u00e9put\u00e9 du 2eme arrondissement de Lambar\u00e9n\u00e9, pourrait officialiser sa rupture avec Guy Nzouba Ndama, le patron de LD.\" \/>\n<meta name=\"robots\" content=\"index, follow, max-snippet:-1, max-image-preview:large, max-video-preview:-1\" \/>\n<link rel=\"canonical\" href=\"https:\/\/depeches241.com\/?p=12186\" \/>\n<meta property=\"og:locale\" content=\"fr_FR\" \/>\n<meta property=\"og:type\" content=\"article\" \/>\n<meta property=\"og:title\" content=\"Les D\u00e9mocrates: Akure-Davain va-t-il l\u00e2cher Guy Nzouba Ndama aujourd&#039;hui ? - Groupe D\u00e9p\u00eaches241\" \/>\n<meta property=\"og:description\" content=\"Mis en minorit\u00e9 au sein de son parti politique depuis la nomination lundi dernier de Philippe Nzengue Mayila, au poste de pr\u00e9sident par int\u00e9rim de Les D\u00e9mocrates, S\u00e9raphin Akure-Davain va animer un point de presse ce jeudi \u00e0 Libreville. Une sortie attendue, au cours de laquelle le d\u00e9put\u00e9 du 2eme arrondissement de Lambar\u00e9n\u00e9, pourrait officialiser sa rupture avec Guy Nzouba Ndama, le patron de LD.\" \/>\n<meta property=\"og:url\" content=\"https:\/\/depeches241.com\/?p=12186\" \/>\n<meta property=\"og:site_name\" content=\"Groupe D\u00e9p\u00eaches241\" \/>\n<meta property=\"article:publisher\" content=\"https:\/\/www.facebook.com\/depeches241\" \/>\n<meta property=\"article:published_time\" content=\"2023-05-11T11:00:10+00:00\" \/>\n<meta property=\"article:modified_time\" content=\"2023-05-11T11:12:43+00:00\" \/>\n<meta property=\"og:image\" content=\"https:\/\/depeches241.com\/wp-content\/uploads\/2023\/05\/DRIVE-IMAGES-DEPECHES-2023-05-11T125422.235.jpg\" \/>\n\t<meta property=\"og:image:width\" content=\"960\" \/>\n\t<meta property=\"og:image:height\" content=\"540\" \/>\n\t<meta property=\"og:image:type\" content=\"image\/jpeg\" \/>\n<meta name=\"author\" content=\"R\u00e9daction\" \/>\n<meta name=\"twitter:card\" content=\"summary_large_image\" \/>\n<meta name=\"twitter:label1\" content=\"\u00c9crit par\" \/>\n\t<meta name=\"twitter:data1\" content=\"R\u00e9daction\" \/>\n\t<meta name=\"twitter:label2\" content=\"Dur\u00e9e de lecture estim\u00e9e\" \/>\n\t<meta name=\"twitter:data2\" content=\"2 minutes\" \/>\n<script type=\"application\/ld+json\" class=\"yoast-schema-graph\">{\"@context\":\"https:\\\/\\\/schema.org\",\"@graph\":[{\"@type\":\"Article\",\"@id\":\"https:\\\/\\\/depeches241.com\\\/?p=12186#article\",\"isPartOf\":{\"@id\":\"https:\\\/\\\/depeches241.com\\\/?p=12186\"},\"author\":{\"name\":\"R\u00e9daction\",\"@id\":\"https:\\\/\\\/depeches241.com\\\/#\\\/schema\\\/person\\\/977f23ecf7439b0805f4525a893a057a\"},\"headline\":\"Les D\u00e9mocrates: Akure-Davain va-t-il l\u00e2cher Guy Nzouba Ndama aujourd&rsquo;hui ?\",\"datePublished\":\"2023-05-11T11:00:10+00:00\",\"dateModified\":\"2023-05-11T11:12:43+00:00\",\"mainEntityOfPage\":{\"@id\":\"https:\\\/\\\/depeches241.com\\\/?p=12186\"},\"wordCount\":324,\"commentCount\":0,\"publisher\":{\"@id\":\"https:\\\/\\\/depeches241.com\\\/#organization\"},\"image\":{\"@id\":\"https:\\\/\\\/depeches241.com\\\/?p=12186#primaryimage\"},\"thumbnailUrl\":\"https:\\\/\\\/depeches241.com\\\/wp-content\\\/uploads\\\/2023\\\/05\\\/DRIVE-IMAGES-DEPECHES-2023-05-11T125422.235.jpg\",\"keywords\":[\"depeches241\",\"Guy Nzouba Ndama\",\"Les D\u00e9mocrates\",\"Politique\",\"S\u00e9raphin Akure-Davain\"],\"articleSection\":[\"PARTIS POLITIQUES\",\"POLITIQUE\",\"Une1\"],\"inLanguage\":\"fr-FR\",\"potentialAction\":[{\"@type\":\"CommentAction\",\"name\":\"Comment\",\"target\":[\"https:\\\/\\\/depeches241.com\\\/?p=12186#respond\"]}]},{\"@type\":\"WebPage\",\"@id\":\"https:\\\/\\\/depeches241.com\\\/?p=12186\",\"url\":\"https:\\\/\\\/depeches241.com\\\/?p=12186\",\"name\":\"Les D\u00e9mocrates: Akure-Davain va-t-il l\u00e2cher Guy Nzouba Ndama aujourd'hui ? - Groupe D\u00e9p\u00eaches241\",\"isPartOf\":{\"@id\":\"https:\\\/\\\/depeches241.com\\\/#website\"},\"primaryImageOfPage\":{\"@id\":\"https:\\\/\\\/depeches241.com\\\/?p=12186#primaryimage\"},\"image\":{\"@id\":\"https:\\\/\\\/depeches241.com\\\/?p=12186#primaryimage\"},\"thumbnailUrl\":\"https:\\\/\\\/depeches241.com\\\/wp-content\\\/uploads\\\/2023\\\/05\\\/DRIVE-IMAGES-DEPECHES-2023-05-11T125422.235.jpg\",\"datePublished\":\"2023-05-11T11:00:10+00:00\",\"dateModified\":\"2023-05-11T11:12:43+00:00\",\"description\":\"Mis en minorit\u00e9 au sein de son parti politique depuis la nomination lundi dernier de Philippe Nzengue Mayila, au poste de pr\u00e9sident par int\u00e9rim de Les D\u00e9mocrates, S\u00e9raphin Akure-Davain va animer un point de presse ce jeudi \u00e0 Libreville. Une sortie attendue, au cours de laquelle le d\u00e9put\u00e9 du 2eme arrondissement de Lambar\u00e9n\u00e9, pourrait officialiser sa rupture avec Guy Nzouba Ndama, le patron de LD.\",\"breadcrumb\":{\"@id\":\"https:\\\/\\\/depeches241.com\\\/?p=12186#breadcrumb\"},\"inLanguage\":\"fr-FR\",\"potentialAction\":[{\"@type\":\"ReadAction\",\"target\":[\"https:\\\/\\\/depeches241.com\\\/?p=12186\"]}]},{\"@type\":\"ImageObject\",\"inLanguage\":\"fr-FR\",\"@id\":\"https:\\\/\\\/depeches241.com\\\/?p=12186#primaryimage\",\"url\":\"https:\\\/\\\/depeches241.com\\\/wp-content\\\/uploads\\\/2023\\\/05\\\/DRIVE-IMAGES-DEPECHES-2023-05-11T125422.235.jpg\",\"contentUrl\":\"https:\\\/\\\/depeches241.com\\\/wp-content\\\/uploads\\\/2023\\\/05\\\/DRIVE-IMAGES-DEPECHES-2023-05-11T125422.235.jpg\",\"width\":960,\"height\":540},{\"@type\":\"BreadcrumbList\",\"@id\":\"https:\\\/\\\/depeches241.com\\\/?p=12186#breadcrumb\",\"itemListElement\":[{\"@type\":\"ListItem\",\"position\":1,\"name\":\"Accueil\",\"item\":\"https:\\\/\\\/depeches241.com\\\/\"},{\"@type\":\"ListItem\",\"position\":2,\"name\":\"Les D\u00e9mocrates: Akure-Davain va-t-il l\u00e2cher Guy Nzouba Ndama aujourd&#8217;hui ?\"}]},{\"@type\":\"WebSite\",\"@id\":\"https:\\\/\\\/depeches241.com\\\/#website\",\"url\":\"https:\\\/\\\/depeches241.com\\\/\",\"name\":\"D\u00e9p\u00eaches241\",\"description\":\"M\u00e9dia d&#039;actualit\u00e9 Politique, \u00c9conomique, Sociale et Internationale\",\"publisher\":{\"@id\":\"https:\\\/\\\/depeches241.com\\\/#organization\"},\"potentialAction\":[{\"@type\":\"SearchAction\",\"target\":{\"@type\":\"EntryPoint\",\"urlTemplate\":\"https:\\\/\\\/depeches241.com\\\/?s={search_term_string}\"},\"query-input\":{\"@type\":\"PropertyValueSpecification\",\"valueRequired\":true,\"valueName\":\"search_term_string\"}}],\"inLanguage\":\"fr-FR\"},{\"@type\":\"Organization\",\"@id\":\"https:\\\/\\\/depeches241.com\\\/#organization\",\"name\":\"Groupe D\u00e9p\u00eaches241\",\"url\":\"https:\\\/\\\/depeches241.com\\\/\",\"logo\":{\"@type\":\"ImageObject\",\"inLanguage\":\"fr-FR\",\"@id\":\"https:\\\/\\\/depeches241.com\\\/#\\\/schema\\\/logo\\\/image\\\/\",\"url\":\"https:\\\/\\\/depeches241.com\\\/wp-content\\\/uploads\\\/2021\\\/10\\\/cropped-Logo-new-Accueil.png\",\"contentUrl\":\"https:\\\/\\\/depeches241.com\\\/wp-content\\\/uploads\\\/2021\\\/10\\\/cropped-Logo-new-Accueil.png\",\"width\":320,\"height\":105,\"caption\":\"Groupe D\u00e9p\u00eaches241\"},\"image\":{\"@id\":\"https:\\\/\\\/depeches241.com\\\/#\\\/schema\\\/logo\\\/image\\\/\"},\"sameAs\":[\"https:\\\/\\\/www.facebook.com\\\/depeches241\"]},{\"@type\":\"Person\",\"@id\":\"https:\\\/\\\/depeches241.com\\\/#\\\/schema\\\/person\\\/977f23ecf7439b0805f4525a893a057a\",\"name\":\"R\u00e9daction\",\"image\":{\"@type\":\"ImageObject\",\"inLanguage\":\"fr-FR\",\"@id\":\"https:\\\/\\\/secure.gravatar.com\\\/avatar\\\/8c655dbc51e5c9289f919f15ce20847ab5a910f8369a17ca243b673da48541f5?s=96&d=mm&r=g\",\"url\":\"https:\\\/\\\/secure.gravatar.com\\\/avatar\\\/8c655dbc51e5c9289f919f15ce20847ab5a910f8369a17ca243b673da48541f5?s=96&d=mm&r=g\",\"contentUrl\":\"https:\\\/\\\/secure.gravatar.com\\\/avatar\\\/8c655dbc51e5c9289f919f15ce20847ab5a910f8369a17ca243b673da48541f5?s=96&d=mm&r=g\",\"caption\":\"R\u00e9daction\"},\"url\":\"https:\\\/\\\/depeches241.com\\\/?author=11\"}]}<\/script>\n<!-- \/ Yoast SEO plugin. -->","yoast_head_json":{"title":"Les D\u00e9mocrates: Akure-Davain va-t-il l\u00e2cher Guy Nzouba Ndama aujourd'hui ? - Groupe D\u00e9p\u00eaches241","description":"Mis en minorit\u00e9 au sein de son parti politique depuis la nomination lundi dernier de Philippe Nzengue Mayila, au poste de pr\u00e9sident par int\u00e9rim de Les D\u00e9mocrates, S\u00e9raphin Akure-Davain va animer un point de presse ce jeudi \u00e0 Libreville. Une sortie attendue, au cours de laquelle le d\u00e9put\u00e9 du 2eme arrondissement de Lambar\u00e9n\u00e9, pourrait officialiser sa rupture avec Guy Nzouba Ndama, le patron de LD.","robots":{"index":"index","follow":"follow","max-snippet":"max-snippet:-1","max-image-preview":"max-image-preview:large","max-video-preview":"max-video-preview:-1"},"canonical":"https:\/\/depeches241.com\/?p=12186","og_locale":"fr_FR","og_type":"article","og_title":"Les D\u00e9mocrates: Akure-Davain va-t-il l\u00e2cher Guy Nzouba Ndama aujourd'hui ? - Groupe D\u00e9p\u00eaches241","og_description":"Mis en minorit\u00e9 au sein de son parti politique depuis la nomination lundi dernier de Philippe Nzengue Mayila, au poste de pr\u00e9sident par int\u00e9rim de Les D\u00e9mocrates, S\u00e9raphin Akure-Davain va animer un point de presse ce jeudi \u00e0 Libreville. Une sortie attendue, au cours de laquelle le d\u00e9put\u00e9 du 2eme arrondissement de Lambar\u00e9n\u00e9, pourrait officialiser sa rupture avec Guy Nzouba Ndama, le patron de LD.","og_url":"https:\/\/depeches241.com\/?p=12186","og_site_name":"Groupe D\u00e9p\u00eaches241","article_publisher":"https:\/\/www.facebook.com\/depeches241","article_published_time":"2023-05-11T11:00:10+00:00","article_modified_time":"2023-05-11T11:12:43+00:00","og_image":[{"width":960,"height":540,"url":"https:\/\/depeches241.com\/wp-content\/uploads\/2023\/05\/DRIVE-IMAGES-DEPECHES-2023-05-11T125422.235.jpg","type":"image\/jpeg"}],"author":"R\u00e9daction","twitter_card":"summary_large_image","twitter_misc":{"\u00c9crit par":"R\u00e9daction","Dur\u00e9e de lecture estim\u00e9e":"2 minutes"},"schema":{"@context":"https:\/\/schema.org","@graph":[{"@type":"Article","@id":"https:\/\/depeches241.com\/?p=12186#article","isPartOf":{"@id":"https:\/\/depeches241.com\/?p=12186"},"author":{"name":"R\u00e9daction","@id":"https:\/\/depeches241.com\/#\/schema\/person\/977f23ecf7439b0805f4525a893a057a"},"headline":"Les D\u00e9mocrates: Akure-Davain va-t-il l\u00e2cher Guy Nzouba Ndama aujourd&rsquo;hui ?","datePublished":"2023-05-11T11:00:10+00:00","dateModified":"2023-05-11T11:12:43+00:00","mainEntityOfPage":{"@id":"https:\/\/depeches241.com\/?p=12186"},"wordCount":324,"commentCount":0,"publisher":{"@id":"https:\/\/depeches241.com\/#organization"},"image":{"@id":"https:\/\/depeches241.com\/?p=12186#primaryimage"},"thumbnailUrl":"https:\/\/depeches241.com\/wp-content\/uploads\/2023\/05\/DRIVE-IMAGES-DEPECHES-2023-05-11T125422.235.jpg","keywords":["depeches241","Guy Nzouba Ndama","Les D\u00e9mocrates","Politique","S\u00e9raphin Akure-Davain"],"articleSection":["PARTIS POLITIQUES","POLITIQUE","Une1"],"inLanguage":"fr-FR","potentialAction":[{"@type":"CommentAction","name":"Comment","target":["https:\/\/depeches241.com\/?p=12186#respond"]}]},{"@type":"WebPage","@id":"https:\/\/depeches241.com\/?p=12186","url":"https:\/\/depeches241.com\/?p=12186","name":"Les D\u00e9mocrates: Akure-Davain va-t-il l\u00e2cher Guy Nzouba Ndama aujourd'hui ? - Groupe D\u00e9p\u00eaches241","isPartOf":{"@id":"https:\/\/depeches241.com\/#website"},"primaryImageOfPage":{"@id":"https:\/\/depeches241.com\/?p=12186#primaryimage"},"image":{"@id":"https:\/\/depeches241.com\/?p=12186#primaryimage"},"thumbnailUrl":"https:\/\/depeches241.com\/wp-content\/uploads\/2023\/05\/DRIVE-IMAGES-DEPECHES-2023-05-11T125422.235.jpg","datePublished":"2023-05-11T11:00:10+00:00","dateModified":"2023-05-11T11:12:43+00:00","description":"Mis en minorit\u00e9 au sein de son parti politique depuis la nomination lundi dernier de Philippe Nzengue Mayila, au poste de pr\u00e9sident par int\u00e9rim de Les D\u00e9mocrates, S\u00e9raphin Akure-Davain va animer un point de presse ce jeudi \u00e0 Libreville. Une sortie attendue, au cours de laquelle le d\u00e9put\u00e9 du 2eme arrondissement de Lambar\u00e9n\u00e9, pourrait officialiser sa rupture avec Guy Nzouba Ndama, le patron de LD.","breadcrumb":{"@id":"https:\/\/depeches241.com\/?p=12186#breadcrumb"},"inLanguage":"fr-FR","potentialAction":[{"@type":"ReadAction","target":["https:\/\/depeches241.com\/?p=12186"]}]},{"@type":"ImageObject","inLanguage":"fr-FR","@id":"https:\/\/depeches241.com\/?p=12186#primaryimage","url":"https:\/\/depeches241.com\/wp-content\/uploads\/2023\/05\/DRIVE-IMAGES-DEPECHES-2023-05-11T125422.235.jpg","contentUrl":"https:\/\/depeches241.com\/wp-content\/uploads\/2023\/05\/DRIVE-IMAGES-DEPECHES-2023-05-11T125422.235.jpg","width":960,"height":540},{"@type":"BreadcrumbList","@id":"https:\/\/depeches241.com\/?p=12186#breadcrumb","itemListElement":[{"@type":"ListItem","position":1,"name":"Accueil","item":"https:\/\/depeches241.com\/"},{"@type":"ListItem","position":2,"name":"Les D\u00e9mocrates: Akure-Davain va-t-il l\u00e2cher Guy Nzouba Ndama aujourd&#8217;hui ?"}]},{"@type":"WebSite","@id":"https:\/\/depeches241.com\/#website","url":"https:\/\/depeches241.com\/","name":"D\u00e9p\u00eaches241","description":"M\u00e9dia d&#039;actualit\u00e9 Politique, \u00c9conomique, Sociale et Internationale","publisher":{"@id":"https:\/\/depeches241.com\/#organization"},"potentialAction":[{"@type":"SearchAction","target":{"@type":"EntryPoint","urlTemplate":"https:\/\/depeches241.com\/?s={search_term_string}"},"query-input":{"@type":"PropertyValueSpecification","valueRequired":true,"valueName":"search_term_string"}}],"inLanguage":"fr-FR"},{"@type":"Organization","@id":"https:\/\/depeches241.com\/#organization","name":"Groupe D\u00e9p\u00eaches241","url":"https:\/\/depeches241.com\/","logo":{"@type":"ImageObject","inLanguage":"fr-FR","@id":"https:\/\/depeches241.com\/#\/schema\/logo\/image\/","url":"https:\/\/depeches241.com\/wp-content\/uploads\/2021\/10\/cropped-Logo-new-Accueil.png","contentUrl":"https:\/\/depeches241.com\/wp-content\/uploads\/2021\/10\/cropped-Logo-new-Accueil.png","width":320,"height":105,"caption":"Groupe D\u00e9p\u00eaches241"},"image":{"@id":"https:\/\/depeches241.com\/#\/schema\/logo\/image\/"},"sameAs":["https:\/\/www.facebook.com\/depeches241"]},{"@type":"Person","@id":"https:\/\/depeches241.com\/#\/schema\/person\/977f23ecf7439b0805f4525a893a057a","name":"R\u00e9daction","image":{"@type":"ImageObject","inLanguage":"fr-FR","@id":"https:\/\/secure.gravatar.com\/avatar\/8c655dbc51e5c9289f919f15ce20847ab5a910f8369a17ca243b673da48541f5?s=96&d=mm&r=g","url":"https:\/\/secure.gravatar.com\/avatar\/8c655dbc51e5c9289f919f15ce20847ab5a910f8369a17ca243b673da48541f5?s=96&d=mm&r=g","contentUrl":"https:\/\/secure.gravatar.com\/avatar\/8c655dbc51e5c9289f919f15ce20847ab5a910f8369a17ca243b673da48541f5?s=96&d=mm&r=g","caption":"R\u00e9daction"},"url":"https:\/\/depeches241.com\/?author=11"}]}},"_links":{"self":[{"href":"https:\/\/depeches241.com\/index.php?rest_route=\/wp\/v2\/posts\/12186","targetHints":{"allow":["GET"]}}],"collection":[{"href":"https:\/\/depeches241.com\/index.php?rest_route=\/wp\/v2\/posts"}],"about":[{"href":"https:\/\/depeches241.com\/index.php?rest_route=\/wp\/v2\/types\/post"}],"author":[{"embeddable":true,"href":"https:\/\/depeches241.com\/index.php?rest_route=\/wp\/v2\/users\/11"}],"replies":[{"embeddable":true,"href":"https:\/\/depeches241.com\/index.php?rest_route=%2Fwp%2Fv2%2Fcomments&post=12186"}],"version-history":[{"count":3,"href":"https:\/\/depeches241.com\/index.php?rest_route=\/wp\/v2\/posts\/12186\/revisions"}],"predecessor-version":[{"id":12192,"href":"https:\/\/depeches241.com\/index.php?rest_route=\/wp\/v2\/posts\/12186\/revisions\/12192"}],"wp:featuredmedia":[{"embeddable":true,"href":"https:\/\/depeches241.com\/index.php?rest_route=\/wp\/v2\/media\/12187"}],"wp:attachment":[{"href":"https:\/\/depeches241.com\/index.php?rest_route=%2Fwp%2Fv2%2Fmedia&parent=12186"}],"wp:term":[{"taxonomy":"category","embeddable":true,"href":"https:\/\/depeches241.com\/index.php?rest_route=%2Fwp%2Fv2%2Fcategories&post=12186"},{"taxonomy":"post_tag","embeddable":true,"href":"https:\/\/depeches241.com\/index.php?rest_route=%2Fwp%2Fv2%2Ftags&post=12186"}],"curies":[{"name":"wp","href":"https:\/\/api.w.org\/{rel}","templated":true}]}}