{"id":12447,"date":"2023-05-24T13:36:15","date_gmt":"2023-05-24T11:36:15","guid":{"rendered":"https:\/\/depeches241.com\/?p=12447"},"modified":"2023-05-24T13:36:15","modified_gmt":"2023-05-24T11:36:15","slug":"can-23-do-marcolino-eneme-ella-et-les-freres-oyono-dans-la-liste-des-29-preselectionnes-par-ibela","status":"publish","type":"post","link":"https:\/\/depeches241.com\/?p=12447","title":{"rendered":"Can-23: Do Marcolino, Eneme Ella et les fr\u00e8res Oyono dans la liste des 29 pr\u00e9s\u00e9lectionn\u00e9s par Ibela"},"content":{"rendered":"\n<figure class=\"wp-block-image size-full\"><img fetchpriority=\"high\" decoding=\"async\" width=\"960\" height=\"540\" src=\"https:\/\/depeches241.com\/wp-content\/uploads\/2023\/05\/DRIVE-IMAGES-DEPECHES-2023-05-24T133026.219.jpg\" alt=\"\" class=\"wp-image-12448\" srcset=\"https:\/\/depeches241.com\/wp-content\/uploads\/2023\/05\/DRIVE-IMAGES-DEPECHES-2023-05-24T133026.219.jpg 960w, https:\/\/depeches241.com\/wp-content\/uploads\/2023\/05\/DRIVE-IMAGES-DEPECHES-2023-05-24T133026.219-300x169.jpg 300w, https:\/\/depeches241.com\/wp-content\/uploads\/2023\/05\/DRIVE-IMAGES-DEPECHES-2023-05-24T133026.219-768x432.jpg 768w\" sizes=\"(max-width: 960px) 100vw, 960px\" \/><figcaption class=\"wp-element-caption\"><strong><em>Ibela Ignambi a choisi 29 joueurs <strong><em>\u00a0\u00a9 DR<\/em><\/strong><\/em><\/strong><\/figcaption><\/figure>\n\n\n\n<p><strong>Libreville, le 24 mai 2023 (D\u00e9p\u00eaches 241). Ce mercredi au cours d\u2019une conf\u00e9rence de presse organis\u00e9e \u00e0 la Fegafoot, Saturnin Ibela Ignambi, le s\u00e9lectionneur de l&rsquo;\u00e9quipe nationale du Gabon U23, a d\u00e9voil\u00e9 la liste des 29 Panth\u00e9reaux pr\u00e9s\u00e9lectionn\u00e9s pour la Coupe d\u2019Afrique des nations espoirs. Une liste dans laquelle on retrouve Alan Do Marcolino, Ulrick Eneme Ella et les fr\u00e8res Oyono.&nbsp;<\/strong><\/p>\n\n\n\n<p class=\"has-drop-cap\">Du 24 au 8 juillet 2023, le Maroc abritera la Coupe d\u2019Afrique des nations U23. Une comp\u00e9tition qui verra la participation des Panth\u00e9reaux, qui ont arrach\u00e9 leur ticket, apr\u00e8s avoir brillamment domin\u00e9 les Lionceaux du Cameroun. Dans ce cadre, Saturnin Ibela Ignambi, le s\u00e9lectionneur national espoir, a d\u00e9voil\u00e9 ce mercredi au cours d\u2019une conf\u00e9rence de presse organis\u00e9e \u00e0 la Fegafoot, la liste des 29 joueurs pr\u00e9s\u00e9lectionn\u00e9s.&nbsp;<\/p>\n\n\n\n<p>Un groupe dans lequel on retrouve Alan Do Marcolino, Ulrick Eneme Ella, Anthony Oyono des joueurs ayant la particularit\u00e9 d\u2019avoir \u00e9volu\u00e9 en \u00e9quipe A. A ces derniers s\u2019ajoutent, J\u00e9r\u00e9mie Oyono ainsi que Ovono Esogo, Nze Bagnama Samake, ou encore Roy Mouniengue et Mbemga Mboumbath, tous h\u00e9ros de la qualification. Une absence majeure \u00e0 souligner toutefois, celle Jeremy Obouney, buteur \u00e0 l\u2019aller contre contre le Cameroun. Une absence que le s\u00e9lectionneur a tent\u00e9 de justifier sans convaincre.&nbsp;<\/p>\n\n\n\n<p>Saturnin Ibela Ignambi et ses hommes rejoindront dans quelques jours l\u2019Autriche pour un stage de pr\u00e9paration, avant la comp\u00e9tition qui d\u00e9butera le 25 juin par une rencontre face au Mali.&nbsp;<\/p>\n\n\n\n<p><strong>La liste compl\u00e8te des joueurs s\u00e9lectionn\u00e9s<\/strong><\/p>\n\n\n\n<figure class=\"wp-block-image size-full\"><img decoding=\"async\" width=\"960\" height=\"540\" src=\"https:\/\/depeches241.com\/wp-content\/uploads\/2023\/05\/DRIVE-IMAGES-DEPECHES-2023-05-24T133241.272.jpg\" alt=\"\" class=\"wp-image-12449\" srcset=\"https:\/\/depeches241.com\/wp-content\/uploads\/2023\/05\/DRIVE-IMAGES-DEPECHES-2023-05-24T133241.272.jpg 960w, https:\/\/depeches241.com\/wp-content\/uploads\/2023\/05\/DRIVE-IMAGES-DEPECHES-2023-05-24T133241.272-300x169.jpg 300w, https:\/\/depeches241.com\/wp-content\/uploads\/2023\/05\/DRIVE-IMAGES-DEPECHES-2023-05-24T133241.272-768x432.jpg 768w\" sizes=\"(max-width: 960px) 100vw, 960px\" \/><\/figure>\n","protected":false},"excerpt":{"rendered":"<p>Ce mercredi au cours d\u2019une conf\u00e9rence de presse organis\u00e9e \u00e0 la Fegafoot, Saturnin Ibela Ignambi, le s\u00e9lectionneur de l&rsquo;\u00e9quipe nationale du Gabon U23, a d\u00e9voil\u00e9 la liste des 29 Panth\u00e9reaux pr\u00e9s\u00e9lectionn\u00e9s pour la Coupe d\u2019Afrique des nations espoirs. Une liste dans laquelle on retrouve Alan Do Marcolino, Ulrick Eneme Ella et les fr\u00e8res Oyono. <\/p>\n","protected":false},"author":2,"featured_media":12448,"comment_status":"open","ping_status":"open","sticky":false,"template":"","format":"standard","meta":{"om_disable_all_campaigns":false,"footnotes":""},"categories":[634,116],"tags":[99,406,59,403],"class_list":{"0":"post-12447","1":"post","2":"type-post","3":"status-publish","4":"format-standard","5":"has-post-thumbnail","7":"category-sport","8":"category-une1","9":"tag-depeches241","10":"tag-football","11":"tag-gabon","12":"tag-sport"},"yoast_head":"<!-- This site is optimized with the Yoast SEO plugin v27.5 - https:\/\/yoast.com\/product\/yoast-seo-wordpress\/ -->\n<title>Can-23: Do Marcolino, Eneme Ella et les fr\u00e8res Oyono dans la liste des 29 pr\u00e9s\u00e9lectionn\u00e9s par Ibela - Groupe D\u00e9p\u00eaches241<\/title>\n<meta name=\"description\" content=\"Ce mercredi au cours d\u2019une conf\u00e9rence de presse organis\u00e9e \u00e0 la Fegafoot, Saturnin Ibela Ignambi, le s\u00e9lectionneur de l&#039;\u00e9quipe nationale du Gabon U23, a d\u00e9voil\u00e9 la liste des 29 Panth\u00e9reaux pr\u00e9s\u00e9lectionn\u00e9s pour la Coupe d\u2019Afrique des nations espoirs. Une liste dans laquelle on retrouve Alan Do Marcolino, Ulrick Eneme Ella et les fr\u00e8res Oyono.\" \/>\n<meta name=\"robots\" content=\"index, follow, max-snippet:-1, max-image-preview:large, max-video-preview:-1\" \/>\n<link rel=\"canonical\" href=\"https:\/\/depeches241.com\/?p=12447\" \/>\n<meta property=\"og:locale\" content=\"fr_FR\" \/>\n<meta property=\"og:type\" content=\"article\" \/>\n<meta property=\"og:title\" content=\"Can-23: Do Marcolino, Eneme Ella et les fr\u00e8res Oyono dans la liste des 29 pr\u00e9s\u00e9lectionn\u00e9s par Ibela - Groupe D\u00e9p\u00eaches241\" \/>\n<meta property=\"og:description\" content=\"Ce mercredi au cours d\u2019une conf\u00e9rence de presse organis\u00e9e \u00e0 la Fegafoot, Saturnin Ibela Ignambi, le s\u00e9lectionneur de l&#039;\u00e9quipe nationale du Gabon U23, a d\u00e9voil\u00e9 la liste des 29 Panth\u00e9reaux pr\u00e9s\u00e9lectionn\u00e9s pour la Coupe d\u2019Afrique des nations espoirs. Une liste dans laquelle on retrouve Alan Do Marcolino, Ulrick Eneme Ella et les fr\u00e8res Oyono.\" \/>\n<meta property=\"og:url\" content=\"https:\/\/depeches241.com\/?p=12447\" \/>\n<meta property=\"og:site_name\" content=\"Groupe D\u00e9p\u00eaches241\" \/>\n<meta property=\"article:publisher\" content=\"https:\/\/www.facebook.com\/depeches241\" \/>\n<meta property=\"article:published_time\" content=\"2023-05-24T11:36:15+00:00\" \/>\n<meta property=\"og:image\" content=\"https:\/\/depeches241.com\/wp-content\/uploads\/2023\/05\/DRIVE-IMAGES-DEPECHES-2023-05-24T133026.219.jpg\" \/>\n\t<meta property=\"og:image:width\" content=\"960\" \/>\n\t<meta property=\"og:image:height\" content=\"540\" \/>\n\t<meta property=\"og:image:type\" content=\"image\/jpeg\" \/>\n<meta name=\"author\" content=\"Pharel BOUKIKA\" \/>\n<meta name=\"twitter:card\" content=\"summary_large_image\" \/>\n<meta name=\"twitter:label1\" content=\"\u00c9crit par\" \/>\n\t<meta name=\"twitter:data1\" content=\"Pharel BOUKIKA\" \/>\n\t<meta name=\"twitter:label2\" content=\"Dur\u00e9e de lecture estim\u00e9e\" \/>\n\t<meta name=\"twitter:data2\" content=\"1 minute\" \/>\n<script type=\"application\/ld+json\" class=\"yoast-schema-graph\">{\"@context\":\"https:\\\/\\\/schema.org\",\"@graph\":[{\"@type\":\"Article\",\"@id\":\"https:\\\/\\\/depeches241.com\\\/?p=12447#article\",\"isPartOf\":{\"@id\":\"https:\\\/\\\/depeches241.com\\\/?p=12447\"},\"author\":{\"name\":\"Pharel BOUKIKA\",\"@id\":\"https:\\\/\\\/depeches241.com\\\/#\\\/schema\\\/person\\\/f39e676ca8f34712c2b828546ec69f14\"},\"headline\":\"Can-23: Do Marcolino, Eneme Ella et les fr\u00e8res Oyono dans la liste des 29 pr\u00e9s\u00e9lectionn\u00e9s par Ibela\",\"datePublished\":\"2023-05-24T11:36:15+00:00\",\"mainEntityOfPage\":{\"@id\":\"https:\\\/\\\/depeches241.com\\\/?p=12447\"},\"wordCount\":296,\"commentCount\":0,\"publisher\":{\"@id\":\"https:\\\/\\\/depeches241.com\\\/#organization\"},\"image\":{\"@id\":\"https:\\\/\\\/depeches241.com\\\/?p=12447#primaryimage\"},\"thumbnailUrl\":\"https:\\\/\\\/depeches241.com\\\/wp-content\\\/uploads\\\/2023\\\/05\\\/DRIVE-IMAGES-DEPECHES-2023-05-24T133026.219.jpg\",\"keywords\":[\"depeches241\",\"Football\",\"Gabon\",\"Sport\"],\"articleSection\":[\"SPORT\",\"Une1\"],\"inLanguage\":\"fr-FR\",\"potentialAction\":[{\"@type\":\"CommentAction\",\"name\":\"Comment\",\"target\":[\"https:\\\/\\\/depeches241.com\\\/?p=12447#respond\"]}]},{\"@type\":\"WebPage\",\"@id\":\"https:\\\/\\\/depeches241.com\\\/?p=12447\",\"url\":\"https:\\\/\\\/depeches241.com\\\/?p=12447\",\"name\":\"Can-23: Do Marcolino, Eneme Ella et les fr\u00e8res Oyono dans la liste des 29 pr\u00e9s\u00e9lectionn\u00e9s par Ibela - Groupe D\u00e9p\u00eaches241\",\"isPartOf\":{\"@id\":\"https:\\\/\\\/depeches241.com\\\/#website\"},\"primaryImageOfPage\":{\"@id\":\"https:\\\/\\\/depeches241.com\\\/?p=12447#primaryimage\"},\"image\":{\"@id\":\"https:\\\/\\\/depeches241.com\\\/?p=12447#primaryimage\"},\"thumbnailUrl\":\"https:\\\/\\\/depeches241.com\\\/wp-content\\\/uploads\\\/2023\\\/05\\\/DRIVE-IMAGES-DEPECHES-2023-05-24T133026.219.jpg\",\"datePublished\":\"2023-05-24T11:36:15+00:00\",\"description\":\"Ce mercredi au cours d\u2019une conf\u00e9rence de presse organis\u00e9e \u00e0 la Fegafoot, Saturnin Ibela Ignambi, le s\u00e9lectionneur de l'\u00e9quipe nationale du Gabon U23, a d\u00e9voil\u00e9 la liste des 29 Panth\u00e9reaux pr\u00e9s\u00e9lectionn\u00e9s pour la Coupe d\u2019Afrique des nations espoirs. Une liste dans laquelle on retrouve Alan Do Marcolino, Ulrick Eneme Ella et les fr\u00e8res Oyono.\",\"breadcrumb\":{\"@id\":\"https:\\\/\\\/depeches241.com\\\/?p=12447#breadcrumb\"},\"inLanguage\":\"fr-FR\",\"potentialAction\":[{\"@type\":\"ReadAction\",\"target\":[\"https:\\\/\\\/depeches241.com\\\/?p=12447\"]}]},{\"@type\":\"ImageObject\",\"inLanguage\":\"fr-FR\",\"@id\":\"https:\\\/\\\/depeches241.com\\\/?p=12447#primaryimage\",\"url\":\"https:\\\/\\\/depeches241.com\\\/wp-content\\\/uploads\\\/2023\\\/05\\\/DRIVE-IMAGES-DEPECHES-2023-05-24T133026.219.jpg\",\"contentUrl\":\"https:\\\/\\\/depeches241.com\\\/wp-content\\\/uploads\\\/2023\\\/05\\\/DRIVE-IMAGES-DEPECHES-2023-05-24T133026.219.jpg\",\"width\":960,\"height\":540},{\"@type\":\"BreadcrumbList\",\"@id\":\"https:\\\/\\\/depeches241.com\\\/?p=12447#breadcrumb\",\"itemListElement\":[{\"@type\":\"ListItem\",\"position\":1,\"name\":\"Accueil\",\"item\":\"https:\\\/\\\/depeches241.com\\\/\"},{\"@type\":\"ListItem\",\"position\":2,\"name\":\"Can-23: Do Marcolino, Eneme Ella et les fr\u00e8res Oyono dans la liste des 29 pr\u00e9s\u00e9lectionn\u00e9s par Ibela\"}]},{\"@type\":\"WebSite\",\"@id\":\"https:\\\/\\\/depeches241.com\\\/#website\",\"url\":\"https:\\\/\\\/depeches241.com\\\/\",\"name\":\"D\u00e9p\u00eaches241\",\"description\":\"M\u00e9dia d&#039;actualit\u00e9 Politique, \u00c9conomique, Sociale et Internationale\",\"publisher\":{\"@id\":\"https:\\\/\\\/depeches241.com\\\/#organization\"},\"potentialAction\":[{\"@type\":\"SearchAction\",\"target\":{\"@type\":\"EntryPoint\",\"urlTemplate\":\"https:\\\/\\\/depeches241.com\\\/?s={search_term_string}\"},\"query-input\":{\"@type\":\"PropertyValueSpecification\",\"valueRequired\":true,\"valueName\":\"search_term_string\"}}],\"inLanguage\":\"fr-FR\"},{\"@type\":\"Organization\",\"@id\":\"https:\\\/\\\/depeches241.com\\\/#organization\",\"name\":\"Groupe D\u00e9p\u00eaches241\",\"url\":\"https:\\\/\\\/depeches241.com\\\/\",\"logo\":{\"@type\":\"ImageObject\",\"inLanguage\":\"fr-FR\",\"@id\":\"https:\\\/\\\/depeches241.com\\\/#\\\/schema\\\/logo\\\/image\\\/\",\"url\":\"https:\\\/\\\/depeches241.com\\\/wp-content\\\/uploads\\\/2021\\\/10\\\/cropped-Logo-new-Accueil.png\",\"contentUrl\":\"https:\\\/\\\/depeches241.com\\\/wp-content\\\/uploads\\\/2021\\\/10\\\/cropped-Logo-new-Accueil.png\",\"width\":320,\"height\":105,\"caption\":\"Groupe D\u00e9p\u00eaches241\"},\"image\":{\"@id\":\"https:\\\/\\\/depeches241.com\\\/#\\\/schema\\\/logo\\\/image\\\/\"},\"sameAs\":[\"https:\\\/\\\/www.facebook.com\\\/depeches241\"]},{\"@type\":\"Person\",\"@id\":\"https:\\\/\\\/depeches241.com\\\/#\\\/schema\\\/person\\\/f39e676ca8f34712c2b828546ec69f14\",\"name\":\"Pharel BOUKIKA\",\"image\":{\"@type\":\"ImageObject\",\"inLanguage\":\"fr-FR\",\"@id\":\"https:\\\/\\\/secure.gravatar.com\\\/avatar\\\/f911ded37269927862a946f1d008338d6cd8ef36529103aaa98b08ba9425d477?s=96&d=mm&r=g\",\"url\":\"https:\\\/\\\/secure.gravatar.com\\\/avatar\\\/f911ded37269927862a946f1d008338d6cd8ef36529103aaa98b08ba9425d477?s=96&d=mm&r=g\",\"contentUrl\":\"https:\\\/\\\/secure.gravatar.com\\\/avatar\\\/f911ded37269927862a946f1d008338d6cd8ef36529103aaa98b08ba9425d477?s=96&d=mm&r=g\",\"caption\":\"Pharel BOUKIKA\"},\"description\":\"Dipl\u00f4m\u00e9 en Droit Priv\u00e9, en communication, en Journalisme et d\u00e9tenteur d'une Licence en \u00c9conomie et Gestion administrative, ancien r\u00e9dacteur en Chef de Gabon Media Time, Pharel Boukika est le G\u00e9rant du groupe D\u00e9p\u00eaches Gabon et par ailleurs Directeur de Publication de D\u00e9p\u00eaches241. Analyste politique, ses prises de parole et ses approches pertinentes lui ont ouvert depuis peu les portes des plateaux t\u00e9l\u00e9vis\u00e9s pendant lesquels, il d\u00e9bat sur les questions d'actualit\u00e9 politique, \u00e9conomique et sociale du Gabon. D\u00e9p\u00eaches241 n'est que le prolongement de sa volont\u00e9 manifeste et infinie d'\u00e9difier et d'informer les Gabonais.\",\"sameAs\":[\"http:\\\/\\\/clubsportplus.fr\"],\"url\":\"https:\\\/\\\/depeches241.com\\\/?author=2\"}]}<\/script>\n<!-- \/ Yoast SEO plugin. -->","yoast_head_json":{"title":"Can-23: Do Marcolino, Eneme Ella et les fr\u00e8res Oyono dans la liste des 29 pr\u00e9s\u00e9lectionn\u00e9s par Ibela - Groupe D\u00e9p\u00eaches241","description":"Ce mercredi au cours d\u2019une conf\u00e9rence de presse organis\u00e9e \u00e0 la Fegafoot, Saturnin Ibela Ignambi, le s\u00e9lectionneur de l'\u00e9quipe nationale du Gabon U23, a d\u00e9voil\u00e9 la liste des 29 Panth\u00e9reaux pr\u00e9s\u00e9lectionn\u00e9s pour la Coupe d\u2019Afrique des nations espoirs. Une liste dans laquelle on retrouve Alan Do Marcolino, Ulrick Eneme Ella et les fr\u00e8res Oyono.","robots":{"index":"index","follow":"follow","max-snippet":"max-snippet:-1","max-image-preview":"max-image-preview:large","max-video-preview":"max-video-preview:-1"},"canonical":"https:\/\/depeches241.com\/?p=12447","og_locale":"fr_FR","og_type":"article","og_title":"Can-23: Do Marcolino, Eneme Ella et les fr\u00e8res Oyono dans la liste des 29 pr\u00e9s\u00e9lectionn\u00e9s par Ibela - Groupe D\u00e9p\u00eaches241","og_description":"Ce mercredi au cours d\u2019une conf\u00e9rence de presse organis\u00e9e \u00e0 la Fegafoot, Saturnin Ibela Ignambi, le s\u00e9lectionneur de l'\u00e9quipe nationale du Gabon U23, a d\u00e9voil\u00e9 la liste des 29 Panth\u00e9reaux pr\u00e9s\u00e9lectionn\u00e9s pour la Coupe d\u2019Afrique des nations espoirs. Une liste dans laquelle on retrouve Alan Do Marcolino, Ulrick Eneme Ella et les fr\u00e8res Oyono.","og_url":"https:\/\/depeches241.com\/?p=12447","og_site_name":"Groupe D\u00e9p\u00eaches241","article_publisher":"https:\/\/www.facebook.com\/depeches241","article_published_time":"2023-05-24T11:36:15+00:00","og_image":[{"width":960,"height":540,"url":"https:\/\/depeches241.com\/wp-content\/uploads\/2023\/05\/DRIVE-IMAGES-DEPECHES-2023-05-24T133026.219.jpg","type":"image\/jpeg"}],"author":"Pharel BOUKIKA","twitter_card":"summary_large_image","twitter_misc":{"\u00c9crit par":"Pharel BOUKIKA","Dur\u00e9e de lecture estim\u00e9e":"1 minute"},"schema":{"@context":"https:\/\/schema.org","@graph":[{"@type":"Article","@id":"https:\/\/depeches241.com\/?p=12447#article","isPartOf":{"@id":"https:\/\/depeches241.com\/?p=12447"},"author":{"name":"Pharel BOUKIKA","@id":"https:\/\/depeches241.com\/#\/schema\/person\/f39e676ca8f34712c2b828546ec69f14"},"headline":"Can-23: Do Marcolino, Eneme Ella et les fr\u00e8res Oyono dans la liste des 29 pr\u00e9s\u00e9lectionn\u00e9s par Ibela","datePublished":"2023-05-24T11:36:15+00:00","mainEntityOfPage":{"@id":"https:\/\/depeches241.com\/?p=12447"},"wordCount":296,"commentCount":0,"publisher":{"@id":"https:\/\/depeches241.com\/#organization"},"image":{"@id":"https:\/\/depeches241.com\/?p=12447#primaryimage"},"thumbnailUrl":"https:\/\/depeches241.com\/wp-content\/uploads\/2023\/05\/DRIVE-IMAGES-DEPECHES-2023-05-24T133026.219.jpg","keywords":["depeches241","Football","Gabon","Sport"],"articleSection":["SPORT","Une1"],"inLanguage":"fr-FR","potentialAction":[{"@type":"CommentAction","name":"Comment","target":["https:\/\/depeches241.com\/?p=12447#respond"]}]},{"@type":"WebPage","@id":"https:\/\/depeches241.com\/?p=12447","url":"https:\/\/depeches241.com\/?p=12447","name":"Can-23: Do Marcolino, Eneme Ella et les fr\u00e8res Oyono dans la liste des 29 pr\u00e9s\u00e9lectionn\u00e9s par Ibela - Groupe D\u00e9p\u00eaches241","isPartOf":{"@id":"https:\/\/depeches241.com\/#website"},"primaryImageOfPage":{"@id":"https:\/\/depeches241.com\/?p=12447#primaryimage"},"image":{"@id":"https:\/\/depeches241.com\/?p=12447#primaryimage"},"thumbnailUrl":"https:\/\/depeches241.com\/wp-content\/uploads\/2023\/05\/DRIVE-IMAGES-DEPECHES-2023-05-24T133026.219.jpg","datePublished":"2023-05-24T11:36:15+00:00","description":"Ce mercredi au cours d\u2019une conf\u00e9rence de presse organis\u00e9e \u00e0 la Fegafoot, Saturnin Ibela Ignambi, le s\u00e9lectionneur de l'\u00e9quipe nationale du Gabon U23, a d\u00e9voil\u00e9 la liste des 29 Panth\u00e9reaux pr\u00e9s\u00e9lectionn\u00e9s pour la Coupe d\u2019Afrique des nations espoirs. Une liste dans laquelle on retrouve Alan Do Marcolino, Ulrick Eneme Ella et les fr\u00e8res Oyono.","breadcrumb":{"@id":"https:\/\/depeches241.com\/?p=12447#breadcrumb"},"inLanguage":"fr-FR","potentialAction":[{"@type":"ReadAction","target":["https:\/\/depeches241.com\/?p=12447"]}]},{"@type":"ImageObject","inLanguage":"fr-FR","@id":"https:\/\/depeches241.com\/?p=12447#primaryimage","url":"https:\/\/depeches241.com\/wp-content\/uploads\/2023\/05\/DRIVE-IMAGES-DEPECHES-2023-05-24T133026.219.jpg","contentUrl":"https:\/\/depeches241.com\/wp-content\/uploads\/2023\/05\/DRIVE-IMAGES-DEPECHES-2023-05-24T133026.219.jpg","width":960,"height":540},{"@type":"BreadcrumbList","@id":"https:\/\/depeches241.com\/?p=12447#breadcrumb","itemListElement":[{"@type":"ListItem","position":1,"name":"Accueil","item":"https:\/\/depeches241.com\/"},{"@type":"ListItem","position":2,"name":"Can-23: Do Marcolino, Eneme Ella et les fr\u00e8res Oyono dans la liste des 29 pr\u00e9s\u00e9lectionn\u00e9s par Ibela"}]},{"@type":"WebSite","@id":"https:\/\/depeches241.com\/#website","url":"https:\/\/depeches241.com\/","name":"D\u00e9p\u00eaches241","description":"M\u00e9dia d&#039;actualit\u00e9 Politique, \u00c9conomique, Sociale et Internationale","publisher":{"@id":"https:\/\/depeches241.com\/#organization"},"potentialAction":[{"@type":"SearchAction","target":{"@type":"EntryPoint","urlTemplate":"https:\/\/depeches241.com\/?s={search_term_string}"},"query-input":{"@type":"PropertyValueSpecification","valueRequired":true,"valueName":"search_term_string"}}],"inLanguage":"fr-FR"},{"@type":"Organization","@id":"https:\/\/depeches241.com\/#organization","name":"Groupe D\u00e9p\u00eaches241","url":"https:\/\/depeches241.com\/","logo":{"@type":"ImageObject","inLanguage":"fr-FR","@id":"https:\/\/depeches241.com\/#\/schema\/logo\/image\/","url":"https:\/\/depeches241.com\/wp-content\/uploads\/2021\/10\/cropped-Logo-new-Accueil.png","contentUrl":"https:\/\/depeches241.com\/wp-content\/uploads\/2021\/10\/cropped-Logo-new-Accueil.png","width":320,"height":105,"caption":"Groupe D\u00e9p\u00eaches241"},"image":{"@id":"https:\/\/depeches241.com\/#\/schema\/logo\/image\/"},"sameAs":["https:\/\/www.facebook.com\/depeches241"]},{"@type":"Person","@id":"https:\/\/depeches241.com\/#\/schema\/person\/f39e676ca8f34712c2b828546ec69f14","name":"Pharel BOUKIKA","image":{"@type":"ImageObject","inLanguage":"fr-FR","@id":"https:\/\/secure.gravatar.com\/avatar\/f911ded37269927862a946f1d008338d6cd8ef36529103aaa98b08ba9425d477?s=96&d=mm&r=g","url":"https:\/\/secure.gravatar.com\/avatar\/f911ded37269927862a946f1d008338d6cd8ef36529103aaa98b08ba9425d477?s=96&d=mm&r=g","contentUrl":"https:\/\/secure.gravatar.com\/avatar\/f911ded37269927862a946f1d008338d6cd8ef36529103aaa98b08ba9425d477?s=96&d=mm&r=g","caption":"Pharel BOUKIKA"},"description":"Dipl\u00f4m\u00e9 en Droit Priv\u00e9, en communication, en Journalisme et d\u00e9tenteur d'une Licence en \u00c9conomie et Gestion administrative, ancien r\u00e9dacteur en Chef de Gabon Media Time, Pharel Boukika est le G\u00e9rant du groupe D\u00e9p\u00eaches Gabon et par ailleurs Directeur de Publication de D\u00e9p\u00eaches241. Analyste politique, ses prises de parole et ses approches pertinentes lui ont ouvert depuis peu les portes des plateaux t\u00e9l\u00e9vis\u00e9s pendant lesquels, il d\u00e9bat sur les questions d'actualit\u00e9 politique, \u00e9conomique et sociale du Gabon. D\u00e9p\u00eaches241 n'est que le prolongement de sa volont\u00e9 manifeste et infinie d'\u00e9difier et d'informer les Gabonais.","sameAs":["http:\/\/clubsportplus.fr"],"url":"https:\/\/depeches241.com\/?author=2"}]}},"_links":{"self":[{"href":"https:\/\/depeches241.com\/index.php?rest_route=\/wp\/v2\/posts\/12447","targetHints":{"allow":["GET"]}}],"collection":[{"href":"https:\/\/depeches241.com\/index.php?rest_route=\/wp\/v2\/posts"}],"about":[{"href":"https:\/\/depeches241.com\/index.php?rest_route=\/wp\/v2\/types\/post"}],"author":[{"embeddable":true,"href":"https:\/\/depeches241.com\/index.php?rest_route=\/wp\/v2\/users\/2"}],"replies":[{"embeddable":true,"href":"https:\/\/depeches241.com\/index.php?rest_route=%2Fwp%2Fv2%2Fcomments&post=12447"}],"version-history":[{"count":1,"href":"https:\/\/depeches241.com\/index.php?rest_route=\/wp\/v2\/posts\/12447\/revisions"}],"predecessor-version":[{"id":12450,"href":"https:\/\/depeches241.com\/index.php?rest_route=\/wp\/v2\/posts\/12447\/revisions\/12450"}],"wp:featuredmedia":[{"embeddable":true,"href":"https:\/\/depeches241.com\/index.php?rest_route=\/wp\/v2\/media\/12448"}],"wp:attachment":[{"href":"https:\/\/depeches241.com\/index.php?rest_route=%2Fwp%2Fv2%2Fmedia&parent=12447"}],"wp:term":[{"taxonomy":"category","embeddable":true,"href":"https:\/\/depeches241.com\/index.php?rest_route=%2Fwp%2Fv2%2Fcategories&post=12447"},{"taxonomy":"post_tag","embeddable":true,"href":"https:\/\/depeches241.com\/index.php?rest_route=%2Fwp%2Fv2%2Ftags&post=12447"}],"curies":[{"name":"wp","href":"https:\/\/api.w.org\/{rel}","templated":true}]}}