{"id":12488,"date":"2023-05-25T17:21:47","date_gmt":"2023-05-25T15:21:47","guid":{"rendered":"https:\/\/depeches241.com\/?p=12488"},"modified":"2023-05-25T17:21:48","modified_gmt":"2023-05-25T15:21:48","slug":"gabon-le-copil-citoyen-sinsurge-contre-la-nomination-dun-ancien-gestionnaire-de-chaine-de-tele-a-la-tete-de-la-seeg","status":"publish","type":"post","link":"https:\/\/depeches241.com\/?p=12488","title":{"rendered":"Gabon: le Copil citoyen s&rsquo;insurge contre la nomination d&rsquo;un ancien gestionnaire de cha\u00eene de T\u00e9l\u00e9 \u00e0 la t\u00eate de la SEEG"},"content":{"rendered":"\n<figure class=\"wp-block-image size-full\"><img fetchpriority=\"high\" decoding=\"async\" width=\"960\" height=\"540\" src=\"https:\/\/depeches241.com\/wp-content\/uploads\/2023\/05\/DRIVE-IMAGES-DEPECHES-2023-05-25T161414.030.jpg\" alt=\"\" class=\"wp-image-12489\" srcset=\"https:\/\/depeches241.com\/wp-content\/uploads\/2023\/05\/DRIVE-IMAGES-DEPECHES-2023-05-25T161414.030.jpg 960w, https:\/\/depeches241.com\/wp-content\/uploads\/2023\/05\/DRIVE-IMAGES-DEPECHES-2023-05-25T161414.030-300x169.jpg 300w, https:\/\/depeches241.com\/wp-content\/uploads\/2023\/05\/DRIVE-IMAGES-DEPECHES-2023-05-25T161414.030-768x432.jpg 768w\" sizes=\"(max-width: 960px) 100vw, 960px\" \/><figcaption class=\"wp-element-caption\"><strong><em>Le Copil Citoyen et Geoffroy Foumboula Libeka d\u00e9noncent une nomination ill\u00e9gitime du fait du profil d&rsquo;Ousmane Ciss\u00e9 \u00a9 DR<\/em><\/strong><\/figcaption><\/figure>\n\n\n\n<p><strong>Libreville le 25 mai &#8211; (D\u00e9p\u00eaches 241). C\u2019est par le biais d\u2019une vid\u00e9o publi\u00e9e par un de ses membres les plus actifs, que le Copil Citoyen a annonc\u00e9 avoir saisi le ministre des Ressources Hydrauliques Severin Mayounou. Dans cette adresse, Geoffroy Foumboula Libeka et l\u2019organe de la soci\u00e9t\u00e9 civile s\u2019insurgent contre la nomination d\u2019Ousmane Ciss\u00e9 \u00e0 la t\u00eate de la SEEG, un homme dont le background professionnel ne se limite qu&rsquo;\u00e0 la gestion des cha\u00eenes de t\u00e9l\u00e9vision.&nbsp;<\/strong><\/p>\n\n\n\n<p class=\"has-drop-cap\">Les jours qui passent et le temps n\u2019ont manifestement aucun effet sur le feu qui couve depuis la nomination contest\u00e9e du S\u00e9n\u00e9galais Ousmane Ciss\u00e9 \u00e0 la t\u00eate de la Soci\u00e9t\u00e9 d\u2019Energie et d&rsquo;Eau du Gabon (SEEG). Cette d\u00e9cision du Fond Gabonais d\u2019Investissement (FGIS) est celle pour laquelle le Copil Citoyen a adress\u00e9 un courrier pour \u00ab&nbsp;<strong><em>fermement s\u2019opposer \u00e0 la nomination d&rsquo;Ousmane Ciss\u00e9, un s\u00e9n\u00e9galais \u00e0 la t\u00eate de la SEEG, une soci\u00e9t\u00e9 \u00e0 capitaux gabonais d\u00e9tenus majoritairement par le FGIS qui en est le gestionnaire des prises de participation \u00bb, <\/em><\/strong>a-t-il indiqu\u00e9.&nbsp;<\/p>\n\n\n\n<p><strong>LIRE AUSSI: <\/strong><a href=\"https:\/\/depeches241.com\/index.php\/2023\/05\/25\/gabon-cisse-dehors-crient-et-exigent-les-agents-de-la-seeg\/\"><strong>Gabon: \u00abCisse dehors ! \u00bb, crient et exigent les agents de la SEEG<\/strong><\/a><\/p>\n\n\n\n<p>Pour le Copil Citoyen, l\u2019ill\u00e9gitimit\u00e9 du nouveau directeur g\u00e9n\u00e9ral de la SEEG est exacerb\u00e9e par le profil professionnel de l\u2019homme dont l\u2019exp\u00e9rience se limite \u00e0 la gestion des cha\u00eenes de t\u00e9l\u00e9vision. Geoffroy Foumboula Libeka remet ainsi en cause <strong><em>\u00ab la pr\u00e9sum\u00e9e comp\u00e9tence d&rsquo;Ousmane Ciss\u00e9 qui \u00e0 ce jour, de ce qu&rsquo;on a pu lire sur son profil, n&rsquo;a eu, tout au long de sa carri\u00e8re, qu\u2019\u00e0 tenir les chaines de direction de T\u00e9l\u00e9 \u00bb, <\/em><\/strong>a-t-il ajout\u00e9.&nbsp;<\/p>\n\n\n\n<p>Le porte-parole du Copil Citoyen d\u2019ajouter, <strong><em>\u00ab Ce monsieur est arriv\u00e9 au Gabon emmen\u00e9 par son compatriote Maktar Sylla pour g\u00e9rer Label Tv, une cha\u00eene cr\u00e9\u00e9e par ce dernier au Gabon. Une entreprise qui a fait faillite avant qu\u2019il ne soit, par extraordinaire, parachut\u00e9 au sein&nbsp; du FGIS, une autre structure de droit gabonais \u00bb,<\/em><\/strong> a-t-il poursuivi.&nbsp;<\/p>\n\n\n\n<p><strong>LIRE AUSSI: <\/strong><a href=\"https:\/\/depeches241.com\/index.php\/2023\/05\/23\/nomination-dousmane-cisse-a-la-tete-de-la-seeg-une-decision-impopulaire\/\"><strong>Nomination d\u2019Ousmane Ciss\u00e9 \u00e0 la t\u00eate de la SEEG: Une d\u00e9cision impopulaire&nbsp;<\/strong><\/a><\/p>\n\n\n\n<p>Dans son plaidoyer, Geoffroy Foumboula Libeka rel\u00e8ve que cette nomination est inconcevable en ce que le gouvernement a viol\u00e9 le principe de la pr\u00e9f\u00e9rence nationale et tant qu\u2019il n\u2019aura pas fait la d\u00e9monstration des incapacit\u00e9s des Gabonais \u00e0 g\u00e9rer cette entreprise \u00e9tatique, le rejet pour ce cadre gabonais s\u00e9naglais sera manifeste. <strong><em>\u00ab Tant que le gouvernement ne nous aura pas d\u00e9montr\u00e9 qu\u2019un Gabonais n\u2019a pas la comp\u00e9tence de g\u00e9rer la SEEG, nous nous opposerons fermement, \u00e0 cette \u00e9ni\u00e8me humiliation qui vise \u00e0, d\u00e9montrer au yeux du monde entier, que les Gabonais sont tellement incomp\u00e9tents qu\u2019il faut aller chercher un ancien gestionnaire d\u2019une cha\u00eene de t\u00e9l\u00e9vision pour devenir le patron de sa soci\u00e9t\u00e9 nationale d\u2019\u00e9lectricit\u00e9. C\u2019est inadmissible \u00bb, <\/em><\/strong>a-t-il martel\u00e9.&nbsp;<\/p>\n","protected":false},"excerpt":{"rendered":"<p>C\u2019est par le biais d\u2019une vid\u00e9o publi\u00e9e par un de ses membres les plus actifs, que le Copil Citoyen a annonc\u00e9 avoir saisi le ministre des Ressources Hydrauliques Severin Mayounou. Dans cette adresse, Geoffroy Foumboula Libeka et l\u2019organe de la soci\u00e9t\u00e9 civile s\u2019insurgent contre la nomination d\u2019Ousmane Ciss\u00e9 \u00e0 la t\u00eate de la SEEG, un homme dont le background professionnel ne se limite qu&rsquo;\u00e0 la gestion des cha\u00eenes de t\u00e9l\u00e9vision. <\/p>\n","protected":false},"author":12,"featured_media":12489,"comment_status":"open","ping_status":"open","sticky":false,"template":"","format":"standard","meta":{"om_disable_all_campaigns":false,"footnotes":""},"categories":[5,40,117],"tags":[1169,99,59,426,2541,491,2563,42],"class_list":{"0":"post-12488","1":"post","2":"type-post","3":"status-publish","4":"format-standard","5":"has-post-thumbnail","7":"category-societe","8":"category-societe-civile","9":"category-une2","10":"tag-copil-citoyen-2","11":"tag-depeches241","12":"tag-gabon","13":"tag-geoffroy-foumboula-libeka","14":"tag-ousmane-cisse","15":"tag-seeg","16":"tag-severin-mayounou","17":"tag-societe"},"yoast_head":"<!-- This site is optimized with the Yoast SEO plugin v27.5 - https:\/\/yoast.com\/product\/yoast-seo-wordpress\/ -->\n<title>Gabon: le Copil citoyen s&#039;insurge contre la nomination d&#039;un ancien gestionnaire de cha\u00eene de T\u00e9l\u00e9 \u00e0 la t\u00eate de la SEEG - Groupe D\u00e9p\u00eaches241<\/title>\n<meta name=\"description\" content=\"C\u2019est par le biais d\u2019une vid\u00e9o publi\u00e9e par un de ses membres les plus actifs, que le Copil Citoyen a annonc\u00e9 avoir saisi le ministre des Ressources Hydrauliques Severin Mayounou. Dans cette adresse, Geoffroy Foumboula Libeka et l\u2019organe de la soci\u00e9t\u00e9 civile s\u2019insurgent contre la nomination d\u2019Ousmane Ciss\u00e9 \u00e0 la t\u00eate de la SEEG, un homme dont le background professionnel ne se limite qu&#039;\u00e0 la gestion des cha\u00eenes de t\u00e9l\u00e9vision.\" \/>\n<meta name=\"robots\" content=\"index, follow, max-snippet:-1, max-image-preview:large, max-video-preview:-1\" \/>\n<link rel=\"canonical\" href=\"https:\/\/depeches241.com\/?p=12488\" \/>\n<meta property=\"og:locale\" content=\"fr_FR\" \/>\n<meta property=\"og:type\" content=\"article\" \/>\n<meta property=\"og:title\" content=\"Gabon: le Copil citoyen s&#039;insurge contre la nomination d&#039;un ancien gestionnaire de cha\u00eene de T\u00e9l\u00e9 \u00e0 la t\u00eate de la SEEG - Groupe D\u00e9p\u00eaches241\" \/>\n<meta property=\"og:description\" content=\"C\u2019est par le biais d\u2019une vid\u00e9o publi\u00e9e par un de ses membres les plus actifs, que le Copil Citoyen a annonc\u00e9 avoir saisi le ministre des Ressources Hydrauliques Severin Mayounou. Dans cette adresse, Geoffroy Foumboula Libeka et l\u2019organe de la soci\u00e9t\u00e9 civile s\u2019insurgent contre la nomination d\u2019Ousmane Ciss\u00e9 \u00e0 la t\u00eate de la SEEG, un homme dont le background professionnel ne se limite qu&#039;\u00e0 la gestion des cha\u00eenes de t\u00e9l\u00e9vision.\" \/>\n<meta property=\"og:url\" content=\"https:\/\/depeches241.com\/?p=12488\" \/>\n<meta property=\"og:site_name\" content=\"Groupe D\u00e9p\u00eaches241\" \/>\n<meta property=\"article:publisher\" content=\"https:\/\/www.facebook.com\/depeches241\" \/>\n<meta property=\"article:published_time\" content=\"2023-05-25T15:21:47+00:00\" \/>\n<meta property=\"article:modified_time\" content=\"2023-05-25T15:21:48+00:00\" \/>\n<meta property=\"og:image\" content=\"https:\/\/depeches241.com\/wp-content\/uploads\/2023\/05\/DRIVE-IMAGES-DEPECHES-2023-05-25T161414.030.jpg\" \/>\n\t<meta property=\"og:image:width\" content=\"960\" \/>\n\t<meta property=\"og:image:height\" content=\"540\" \/>\n\t<meta property=\"og:image:type\" content=\"image\/jpeg\" \/>\n<meta name=\"author\" content=\"Iboka Marc Andr\u00e9\" \/>\n<meta name=\"twitter:card\" content=\"summary_large_image\" \/>\n<meta name=\"twitter:label1\" content=\"\u00c9crit par\" \/>\n\t<meta name=\"twitter:data1\" content=\"Iboka Marc Andr\u00e9\" \/>\n\t<meta name=\"twitter:label2\" content=\"Dur\u00e9e de lecture estim\u00e9e\" \/>\n\t<meta name=\"twitter:data2\" content=\"3 minutes\" \/>\n<script type=\"application\/ld+json\" class=\"yoast-schema-graph\">{\"@context\":\"https:\\\/\\\/schema.org\",\"@graph\":[{\"@type\":\"Article\",\"@id\":\"https:\\\/\\\/depeches241.com\\\/?p=12488#article\",\"isPartOf\":{\"@id\":\"https:\\\/\\\/depeches241.com\\\/?p=12488\"},\"author\":{\"name\":\"Iboka Marc Andr\u00e9\",\"@id\":\"https:\\\/\\\/depeches241.com\\\/#\\\/schema\\\/person\\\/5abcf4b9361e0d8aa457b404d877674f\"},\"headline\":\"Gabon: le Copil citoyen s&rsquo;insurge contre la nomination d&rsquo;un ancien gestionnaire de cha\u00eene de T\u00e9l\u00e9 \u00e0 la t\u00eate de la SEEG\",\"datePublished\":\"2023-05-25T15:21:47+00:00\",\"dateModified\":\"2023-05-25T15:21:48+00:00\",\"mainEntityOfPage\":{\"@id\":\"https:\\\/\\\/depeches241.com\\\/?p=12488\"},\"wordCount\":557,\"commentCount\":0,\"publisher\":{\"@id\":\"https:\\\/\\\/depeches241.com\\\/#organization\"},\"image\":{\"@id\":\"https:\\\/\\\/depeches241.com\\\/?p=12488#primaryimage\"},\"thumbnailUrl\":\"https:\\\/\\\/depeches241.com\\\/wp-content\\\/uploads\\\/2023\\\/05\\\/DRIVE-IMAGES-DEPECHES-2023-05-25T161414.030.jpg\",\"keywords\":[\"Copil Citoyen\",\"depeches241\",\"Gabon\",\"Geoffroy FOUMBOULA LIBEKA\",\"Ousmane Ciss\u00e9\",\"SEEG\",\"Severin Mayounou\",\"soci\u00e9t\u00e9\"],\"articleSection\":[\"SOCIETE\",\"Soci\u00e9t\u00e9 Civile\",\"Une2\"],\"inLanguage\":\"fr-FR\",\"potentialAction\":[{\"@type\":\"CommentAction\",\"name\":\"Comment\",\"target\":[\"https:\\\/\\\/depeches241.com\\\/?p=12488#respond\"]}]},{\"@type\":\"WebPage\",\"@id\":\"https:\\\/\\\/depeches241.com\\\/?p=12488\",\"url\":\"https:\\\/\\\/depeches241.com\\\/?p=12488\",\"name\":\"Gabon: le Copil citoyen s'insurge contre la nomination d'un ancien gestionnaire de cha\u00eene de T\u00e9l\u00e9 \u00e0 la t\u00eate de la SEEG - Groupe D\u00e9p\u00eaches241\",\"isPartOf\":{\"@id\":\"https:\\\/\\\/depeches241.com\\\/#website\"},\"primaryImageOfPage\":{\"@id\":\"https:\\\/\\\/depeches241.com\\\/?p=12488#primaryimage\"},\"image\":{\"@id\":\"https:\\\/\\\/depeches241.com\\\/?p=12488#primaryimage\"},\"thumbnailUrl\":\"https:\\\/\\\/depeches241.com\\\/wp-content\\\/uploads\\\/2023\\\/05\\\/DRIVE-IMAGES-DEPECHES-2023-05-25T161414.030.jpg\",\"datePublished\":\"2023-05-25T15:21:47+00:00\",\"dateModified\":\"2023-05-25T15:21:48+00:00\",\"description\":\"C\u2019est par le biais d\u2019une vid\u00e9o publi\u00e9e par un de ses membres les plus actifs, que le Copil Citoyen a annonc\u00e9 avoir saisi le ministre des Ressources Hydrauliques Severin Mayounou. Dans cette adresse, Geoffroy Foumboula Libeka et l\u2019organe de la soci\u00e9t\u00e9 civile s\u2019insurgent contre la nomination d\u2019Ousmane Ciss\u00e9 \u00e0 la t\u00eate de la SEEG, un homme dont le background professionnel ne se limite qu'\u00e0 la gestion des cha\u00eenes de t\u00e9l\u00e9vision.\",\"breadcrumb\":{\"@id\":\"https:\\\/\\\/depeches241.com\\\/?p=12488#breadcrumb\"},\"inLanguage\":\"fr-FR\",\"potentialAction\":[{\"@type\":\"ReadAction\",\"target\":[\"https:\\\/\\\/depeches241.com\\\/?p=12488\"]}]},{\"@type\":\"ImageObject\",\"inLanguage\":\"fr-FR\",\"@id\":\"https:\\\/\\\/depeches241.com\\\/?p=12488#primaryimage\",\"url\":\"https:\\\/\\\/depeches241.com\\\/wp-content\\\/uploads\\\/2023\\\/05\\\/DRIVE-IMAGES-DEPECHES-2023-05-25T161414.030.jpg\",\"contentUrl\":\"https:\\\/\\\/depeches241.com\\\/wp-content\\\/uploads\\\/2023\\\/05\\\/DRIVE-IMAGES-DEPECHES-2023-05-25T161414.030.jpg\",\"width\":960,\"height\":540},{\"@type\":\"BreadcrumbList\",\"@id\":\"https:\\\/\\\/depeches241.com\\\/?p=12488#breadcrumb\",\"itemListElement\":[{\"@type\":\"ListItem\",\"position\":1,\"name\":\"Accueil\",\"item\":\"https:\\\/\\\/depeches241.com\\\/\"},{\"@type\":\"ListItem\",\"position\":2,\"name\":\"Gabon: le Copil citoyen s&#8217;insurge contre la nomination d&#8217;un ancien gestionnaire de cha\u00eene de T\u00e9l\u00e9 \u00e0 la t\u00eate de la SEEG\"}]},{\"@type\":\"WebSite\",\"@id\":\"https:\\\/\\\/depeches241.com\\\/#website\",\"url\":\"https:\\\/\\\/depeches241.com\\\/\",\"name\":\"D\u00e9p\u00eaches241\",\"description\":\"M\u00e9dia d&#039;actualit\u00e9 Politique, \u00c9conomique, Sociale et Internationale\",\"publisher\":{\"@id\":\"https:\\\/\\\/depeches241.com\\\/#organization\"},\"potentialAction\":[{\"@type\":\"SearchAction\",\"target\":{\"@type\":\"EntryPoint\",\"urlTemplate\":\"https:\\\/\\\/depeches241.com\\\/?s={search_term_string}\"},\"query-input\":{\"@type\":\"PropertyValueSpecification\",\"valueRequired\":true,\"valueName\":\"search_term_string\"}}],\"inLanguage\":\"fr-FR\"},{\"@type\":\"Organization\",\"@id\":\"https:\\\/\\\/depeches241.com\\\/#organization\",\"name\":\"Groupe D\u00e9p\u00eaches241\",\"url\":\"https:\\\/\\\/depeches241.com\\\/\",\"logo\":{\"@type\":\"ImageObject\",\"inLanguage\":\"fr-FR\",\"@id\":\"https:\\\/\\\/depeches241.com\\\/#\\\/schema\\\/logo\\\/image\\\/\",\"url\":\"https:\\\/\\\/depeches241.com\\\/wp-content\\\/uploads\\\/2021\\\/10\\\/cropped-Logo-new-Accueil.png\",\"contentUrl\":\"https:\\\/\\\/depeches241.com\\\/wp-content\\\/uploads\\\/2021\\\/10\\\/cropped-Logo-new-Accueil.png\",\"width\":320,\"height\":105,\"caption\":\"Groupe D\u00e9p\u00eaches241\"},\"image\":{\"@id\":\"https:\\\/\\\/depeches241.com\\\/#\\\/schema\\\/logo\\\/image\\\/\"},\"sameAs\":[\"https:\\\/\\\/www.facebook.com\\\/depeches241\"]},{\"@type\":\"Person\",\"@id\":\"https:\\\/\\\/depeches241.com\\\/#\\\/schema\\\/person\\\/5abcf4b9361e0d8aa457b404d877674f\",\"name\":\"Iboka Marc Andr\u00e9\",\"image\":{\"@type\":\"ImageObject\",\"inLanguage\":\"fr-FR\",\"@id\":\"https:\\\/\\\/secure.gravatar.com\\\/avatar\\\/13c33935f0a59dd3c3a52ae25f58c248a1bf75f6e9ab4e6a7a23bfb8f9f53136?s=96&d=mm&r=g\",\"url\":\"https:\\\/\\\/secure.gravatar.com\\\/avatar\\\/13c33935f0a59dd3c3a52ae25f58c248a1bf75f6e9ab4e6a7a23bfb8f9f53136?s=96&d=mm&r=g\",\"contentUrl\":\"https:\\\/\\\/secure.gravatar.com\\\/avatar\\\/13c33935f0a59dd3c3a52ae25f58c248a1bf75f6e9ab4e6a7a23bfb8f9f53136?s=96&d=mm&r=g\",\"caption\":\"Iboka Marc Andr\u00e9\"},\"url\":\"https:\\\/\\\/depeches241.com\\\/?author=12\"}]}<\/script>\n<!-- \/ Yoast SEO plugin. -->","yoast_head_json":{"title":"Gabon: le Copil citoyen s'insurge contre la nomination d'un ancien gestionnaire de cha\u00eene de T\u00e9l\u00e9 \u00e0 la t\u00eate de la SEEG - Groupe D\u00e9p\u00eaches241","description":"C\u2019est par le biais d\u2019une vid\u00e9o publi\u00e9e par un de ses membres les plus actifs, que le Copil Citoyen a annonc\u00e9 avoir saisi le ministre des Ressources Hydrauliques Severin Mayounou. Dans cette adresse, Geoffroy Foumboula Libeka et l\u2019organe de la soci\u00e9t\u00e9 civile s\u2019insurgent contre la nomination d\u2019Ousmane Ciss\u00e9 \u00e0 la t\u00eate de la SEEG, un homme dont le background professionnel ne se limite qu'\u00e0 la gestion des cha\u00eenes de t\u00e9l\u00e9vision.","robots":{"index":"index","follow":"follow","max-snippet":"max-snippet:-1","max-image-preview":"max-image-preview:large","max-video-preview":"max-video-preview:-1"},"canonical":"https:\/\/depeches241.com\/?p=12488","og_locale":"fr_FR","og_type":"article","og_title":"Gabon: le Copil citoyen s'insurge contre la nomination d'un ancien gestionnaire de cha\u00eene de T\u00e9l\u00e9 \u00e0 la t\u00eate de la SEEG - Groupe D\u00e9p\u00eaches241","og_description":"C\u2019est par le biais d\u2019une vid\u00e9o publi\u00e9e par un de ses membres les plus actifs, que le Copil Citoyen a annonc\u00e9 avoir saisi le ministre des Ressources Hydrauliques Severin Mayounou. Dans cette adresse, Geoffroy Foumboula Libeka et l\u2019organe de la soci\u00e9t\u00e9 civile s\u2019insurgent contre la nomination d\u2019Ousmane Ciss\u00e9 \u00e0 la t\u00eate de la SEEG, un homme dont le background professionnel ne se limite qu'\u00e0 la gestion des cha\u00eenes de t\u00e9l\u00e9vision.","og_url":"https:\/\/depeches241.com\/?p=12488","og_site_name":"Groupe D\u00e9p\u00eaches241","article_publisher":"https:\/\/www.facebook.com\/depeches241","article_published_time":"2023-05-25T15:21:47+00:00","article_modified_time":"2023-05-25T15:21:48+00:00","og_image":[{"width":960,"height":540,"url":"https:\/\/depeches241.com\/wp-content\/uploads\/2023\/05\/DRIVE-IMAGES-DEPECHES-2023-05-25T161414.030.jpg","type":"image\/jpeg"}],"author":"Iboka Marc Andr\u00e9","twitter_card":"summary_large_image","twitter_misc":{"\u00c9crit par":"Iboka Marc Andr\u00e9","Dur\u00e9e de lecture estim\u00e9e":"3 minutes"},"schema":{"@context":"https:\/\/schema.org","@graph":[{"@type":"Article","@id":"https:\/\/depeches241.com\/?p=12488#article","isPartOf":{"@id":"https:\/\/depeches241.com\/?p=12488"},"author":{"name":"Iboka Marc Andr\u00e9","@id":"https:\/\/depeches241.com\/#\/schema\/person\/5abcf4b9361e0d8aa457b404d877674f"},"headline":"Gabon: le Copil citoyen s&rsquo;insurge contre la nomination d&rsquo;un ancien gestionnaire de cha\u00eene de T\u00e9l\u00e9 \u00e0 la t\u00eate de la SEEG","datePublished":"2023-05-25T15:21:47+00:00","dateModified":"2023-05-25T15:21:48+00:00","mainEntityOfPage":{"@id":"https:\/\/depeches241.com\/?p=12488"},"wordCount":557,"commentCount":0,"publisher":{"@id":"https:\/\/depeches241.com\/#organization"},"image":{"@id":"https:\/\/depeches241.com\/?p=12488#primaryimage"},"thumbnailUrl":"https:\/\/depeches241.com\/wp-content\/uploads\/2023\/05\/DRIVE-IMAGES-DEPECHES-2023-05-25T161414.030.jpg","keywords":["Copil Citoyen","depeches241","Gabon","Geoffroy FOUMBOULA LIBEKA","Ousmane Ciss\u00e9","SEEG","Severin Mayounou","soci\u00e9t\u00e9"],"articleSection":["SOCIETE","Soci\u00e9t\u00e9 Civile","Une2"],"inLanguage":"fr-FR","potentialAction":[{"@type":"CommentAction","name":"Comment","target":["https:\/\/depeches241.com\/?p=12488#respond"]}]},{"@type":"WebPage","@id":"https:\/\/depeches241.com\/?p=12488","url":"https:\/\/depeches241.com\/?p=12488","name":"Gabon: le Copil citoyen s'insurge contre la nomination d'un ancien gestionnaire de cha\u00eene de T\u00e9l\u00e9 \u00e0 la t\u00eate de la SEEG - Groupe D\u00e9p\u00eaches241","isPartOf":{"@id":"https:\/\/depeches241.com\/#website"},"primaryImageOfPage":{"@id":"https:\/\/depeches241.com\/?p=12488#primaryimage"},"image":{"@id":"https:\/\/depeches241.com\/?p=12488#primaryimage"},"thumbnailUrl":"https:\/\/depeches241.com\/wp-content\/uploads\/2023\/05\/DRIVE-IMAGES-DEPECHES-2023-05-25T161414.030.jpg","datePublished":"2023-05-25T15:21:47+00:00","dateModified":"2023-05-25T15:21:48+00:00","description":"C\u2019est par le biais d\u2019une vid\u00e9o publi\u00e9e par un de ses membres les plus actifs, que le Copil Citoyen a annonc\u00e9 avoir saisi le ministre des Ressources Hydrauliques Severin Mayounou. Dans cette adresse, Geoffroy Foumboula Libeka et l\u2019organe de la soci\u00e9t\u00e9 civile s\u2019insurgent contre la nomination d\u2019Ousmane Ciss\u00e9 \u00e0 la t\u00eate de la SEEG, un homme dont le background professionnel ne se limite qu'\u00e0 la gestion des cha\u00eenes de t\u00e9l\u00e9vision.","breadcrumb":{"@id":"https:\/\/depeches241.com\/?p=12488#breadcrumb"},"inLanguage":"fr-FR","potentialAction":[{"@type":"ReadAction","target":["https:\/\/depeches241.com\/?p=12488"]}]},{"@type":"ImageObject","inLanguage":"fr-FR","@id":"https:\/\/depeches241.com\/?p=12488#primaryimage","url":"https:\/\/depeches241.com\/wp-content\/uploads\/2023\/05\/DRIVE-IMAGES-DEPECHES-2023-05-25T161414.030.jpg","contentUrl":"https:\/\/depeches241.com\/wp-content\/uploads\/2023\/05\/DRIVE-IMAGES-DEPECHES-2023-05-25T161414.030.jpg","width":960,"height":540},{"@type":"BreadcrumbList","@id":"https:\/\/depeches241.com\/?p=12488#breadcrumb","itemListElement":[{"@type":"ListItem","position":1,"name":"Accueil","item":"https:\/\/depeches241.com\/"},{"@type":"ListItem","position":2,"name":"Gabon: le Copil citoyen s&#8217;insurge contre la nomination d&#8217;un ancien gestionnaire de cha\u00eene de T\u00e9l\u00e9 \u00e0 la t\u00eate de la SEEG"}]},{"@type":"WebSite","@id":"https:\/\/depeches241.com\/#website","url":"https:\/\/depeches241.com\/","name":"D\u00e9p\u00eaches241","description":"M\u00e9dia d&#039;actualit\u00e9 Politique, \u00c9conomique, Sociale et Internationale","publisher":{"@id":"https:\/\/depeches241.com\/#organization"},"potentialAction":[{"@type":"SearchAction","target":{"@type":"EntryPoint","urlTemplate":"https:\/\/depeches241.com\/?s={search_term_string}"},"query-input":{"@type":"PropertyValueSpecification","valueRequired":true,"valueName":"search_term_string"}}],"inLanguage":"fr-FR"},{"@type":"Organization","@id":"https:\/\/depeches241.com\/#organization","name":"Groupe D\u00e9p\u00eaches241","url":"https:\/\/depeches241.com\/","logo":{"@type":"ImageObject","inLanguage":"fr-FR","@id":"https:\/\/depeches241.com\/#\/schema\/logo\/image\/","url":"https:\/\/depeches241.com\/wp-content\/uploads\/2021\/10\/cropped-Logo-new-Accueil.png","contentUrl":"https:\/\/depeches241.com\/wp-content\/uploads\/2021\/10\/cropped-Logo-new-Accueil.png","width":320,"height":105,"caption":"Groupe D\u00e9p\u00eaches241"},"image":{"@id":"https:\/\/depeches241.com\/#\/schema\/logo\/image\/"},"sameAs":["https:\/\/www.facebook.com\/depeches241"]},{"@type":"Person","@id":"https:\/\/depeches241.com\/#\/schema\/person\/5abcf4b9361e0d8aa457b404d877674f","name":"Iboka Marc Andr\u00e9","image":{"@type":"ImageObject","inLanguage":"fr-FR","@id":"https:\/\/secure.gravatar.com\/avatar\/13c33935f0a59dd3c3a52ae25f58c248a1bf75f6e9ab4e6a7a23bfb8f9f53136?s=96&d=mm&r=g","url":"https:\/\/secure.gravatar.com\/avatar\/13c33935f0a59dd3c3a52ae25f58c248a1bf75f6e9ab4e6a7a23bfb8f9f53136?s=96&d=mm&r=g","contentUrl":"https:\/\/secure.gravatar.com\/avatar\/13c33935f0a59dd3c3a52ae25f58c248a1bf75f6e9ab4e6a7a23bfb8f9f53136?s=96&d=mm&r=g","caption":"Iboka Marc Andr\u00e9"},"url":"https:\/\/depeches241.com\/?author=12"}]}},"_links":{"self":[{"href":"https:\/\/depeches241.com\/index.php?rest_route=\/wp\/v2\/posts\/12488","targetHints":{"allow":["GET"]}}],"collection":[{"href":"https:\/\/depeches241.com\/index.php?rest_route=\/wp\/v2\/posts"}],"about":[{"href":"https:\/\/depeches241.com\/index.php?rest_route=\/wp\/v2\/types\/post"}],"author":[{"embeddable":true,"href":"https:\/\/depeches241.com\/index.php?rest_route=\/wp\/v2\/users\/12"}],"replies":[{"embeddable":true,"href":"https:\/\/depeches241.com\/index.php?rest_route=%2Fwp%2Fv2%2Fcomments&post=12488"}],"version-history":[{"count":1,"href":"https:\/\/depeches241.com\/index.php?rest_route=\/wp\/v2\/posts\/12488\/revisions"}],"predecessor-version":[{"id":12490,"href":"https:\/\/depeches241.com\/index.php?rest_route=\/wp\/v2\/posts\/12488\/revisions\/12490"}],"wp:featuredmedia":[{"embeddable":true,"href":"https:\/\/depeches241.com\/index.php?rest_route=\/wp\/v2\/media\/12489"}],"wp:attachment":[{"href":"https:\/\/depeches241.com\/index.php?rest_route=%2Fwp%2Fv2%2Fmedia&parent=12488"}],"wp:term":[{"taxonomy":"category","embeddable":true,"href":"https:\/\/depeches241.com\/index.php?rest_route=%2Fwp%2Fv2%2Fcategories&post=12488"},{"taxonomy":"post_tag","embeddable":true,"href":"https:\/\/depeches241.com\/index.php?rest_route=%2Fwp%2Fv2%2Ftags&post=12488"}],"curies":[{"name":"wp","href":"https:\/\/api.w.org\/{rel}","templated":true}]}}