{"id":12762,"date":"2023-06-08T18:12:20","date_gmt":"2023-06-08T16:12:20","guid":{"rendered":"https:\/\/depeches241.com\/?p=12762"},"modified":"2023-06-08T18:25:59","modified_gmt":"2023-06-08T16:25:59","slug":"affaire-floris-ndjave-la-caf-lit-le-droit-et-donne-raison-au-gabon-finalement-qualifie-pour-la-can-u23","status":"publish","type":"post","link":"https:\/\/depeches241.com\/?p=12762","title":{"rendered":"Affaire Floris Ndjave: la CAF lit le droit et donne raison au Gabon finalement qualifi\u00e9 pour la Can U23\u00a0"},"content":{"rendered":"\n<figure class=\"wp-block-image size-full\"><img fetchpriority=\"high\" decoding=\"async\" width=\"960\" height=\"540\" src=\"https:\/\/depeches241.com\/wp-content\/uploads\/2023\/06\/DRIVE-IMAGES-DEPECHES-2023-06-08T180934.202.jpg\" alt=\"\" class=\"wp-image-12763\" srcset=\"https:\/\/depeches241.com\/wp-content\/uploads\/2023\/06\/DRIVE-IMAGES-DEPECHES-2023-06-08T180934.202.jpg 960w, https:\/\/depeches241.com\/wp-content\/uploads\/2023\/06\/DRIVE-IMAGES-DEPECHES-2023-06-08T180934.202-300x169.jpg 300w, https:\/\/depeches241.com\/wp-content\/uploads\/2023\/06\/DRIVE-IMAGES-DEPECHES-2023-06-08T180934.202-768x432.jpg 768w\" sizes=\"(max-width: 960px) 100vw, 960px\" \/><figcaption class=\"wp-element-caption\"><strong><em>les Panth\u00e9reaux vont \u00e0 la Can <strong><em>\u00a9 DR<\/em><\/strong><\/em><\/strong><\/figcaption><\/figure>\n\n\n\n<p><strong>Libreville le 8 juin 2023 &#8211; (D\u00e9p\u00eaches 241). Le jury disciplinaire de la commission d\u2019appel de la Conf\u00e9d\u00e9ration africaine de Football vient de donner son verdict relatif \u00e0 la requ\u00eate en contestation de l&rsquo;\u00e2ge de Floris Ndjave introduite par la F\u00e9d\u00e9ration camerounaise de Football ( Fecafoot). Apr\u00e8s analyse de l\u2019appel interjet\u00e9 par la partie gabonaise, l&rsquo;instance faiti\u00e8re du football africain a d\u00e9bout\u00e9 le Cameroun de toutes ses pr\u00e9tentions et donn\u00e9 raison au Gabon. Les poulains de Saturnin Ibella sont bel et bien qualifi\u00e9s pour la phase finale de la Can-U23 qui se tiendra au Maroc \u00e0 la fin du mois de Juin.&nbsp;<\/strong><\/p>\n\n\n\n<p class=\"has-drop-cap\">La Conf\u00e9d\u00e9ration africaine de football s\u2019\u00e9tait prononc\u00e9e le 17 mai dernier sur le recours introduit par le Cameroun en faisant prosp\u00e9rer la&nbsp; <strong>\u00ab<em> r\u00e9serve de la F\u00e9d\u00e9ration camerounaise de football relative \u00e0 l\u2019affaire Ndjave \u00bb, <\/em><\/strong>international Gabonais U23. La partie camerounaise avait alors saisi la Caf en contestation de l&rsquo;\u00e2ge de l\u2019ancien soci\u00e9taire du Djoliba AC, lequel serait selon leurs informations in\u00e9ligible \u00e0 la s\u00e9lection espoir.&nbsp;<\/p>\n\n\n\n<p>Dans la foul\u00e9e, la F\u00e9d\u00e9ration Gabonaise avait fait appel de cette d\u00e9cision en apportant des \u00e9l\u00e9ments pragmatiques de nature \u00e0 battre en br\u00e8che les pr\u00e9tentions de la F\u00e9d\u00e9ration camerounaise de Football ( Fecafoot). Une strat\u00e9gie payante vu que le jury disciplinaire de la commission d\u2019appel a finalement donn\u00e9 raison au Gabon en consid\u00e9rant comme infond\u00e9es les suspicions soulev\u00e9es par Samuel Etoo et sa suite. C\u2019est en tout cas la substance de la d\u00e9cision n\u00b0001-CAI-07.06.2023 dans laquelle le\u00a0 Jury d\u2019appel de la CAF <strong><em>\u00ab\u00a0juge recevable le recours introduit par le f\u00e9d\u00e9ration gabonaise de Football \u00bb <\/em><\/strong>tout en annulant dans <strong><em>\u00ab toutes ses dispositions, la \u00ab D\u00e9cision\u00a0 006 &#8211; ALG \u2013 10.05.2023 \u00bb rendu par le Jury Disciplinaire de la CAF et par cons\u00e9quent la d\u00e9cision de la Commission d\u2019Organisation du 27 mai 2023 \u00bb, <\/em><\/strong>a-t-on pu lire.\u00a0<\/p>\n\n\n\n<p><strong>LIRE AUSSI: <\/strong><a href=\"https:\/\/depeches241.com\/index.php\/2023\/05\/19\/affaire-floris-ndjave-lerreur-administrative-un-argument-qui-ne-saurait-prosperer-et-justifier-une-disqualification-du-gabon\/\"><strong>Affaire Floris Ndjave : \u00abl\u2019erreur administrative\u00bb, un argument qui ne saurait prosp\u00e9rer et justifier une disqualification du Gabon<\/strong><\/a><\/p>\n\n\n\n<p>Une d\u00e9cision somme toute logique, au regard des faits mais aussi de la lettre et de l&rsquo;esprit du droit. La Caf himself avait d\u00e9j\u00e0, dans sa premi\u00e8re d\u00e9cision, consid\u00e9r\u00e9 comme \u00ab <strong><em>inopportun les arguments de la Fecafoot concernant l\u2019all\u00e9gation d\u2019une falsification de l\u2019\u00e2ge \u00bb. <\/em><\/strong>Cette derni\u00e8re ne pouvant statuer ultra petita, en allant au-del\u00e0 des pr\u00e9tentions du requ\u00e9rant, ce n\u2019est qu\u2019en bon droit qu\u2019elle a retoqu\u00e9 sa d\u00e9cision rendue en premi\u00e8re instance et consacr\u00e9 la v\u00e9rit\u00e9 du terrain. Celle de la qualification du Gabon face au Cameroun.&nbsp;&nbsp;<\/p>\n\n\n\n<p>A rebours des espoirs funestes, antipatriotiques et antir\u00e9publicains des ennemies de la Patrie, qui avaient t\u00f4t fait d\u2019annoncer une disqualification d\u00e9finitive du Gabon et de s\u2019en r\u00e9jouir avec cynisme et perfidie, la Conf\u00e9d\u00e9ration africaine de Football a r\u00e9habilit\u00e9 le Gabon en jetant en p\u00e2ture l&rsquo;argument de <strong><em>\u00ab l\u2019erreur administrative \u00bb<\/em><\/strong> invoqu\u00e9e en premi\u00e8re instance. La m\u00e9disance devra donc attendre la prochaine fois.\u00a0Place \u00e0 la pr\u00e9paration pour Saturnin Ibela Ignambi et son groupe. <\/p>\n","protected":false},"excerpt":{"rendered":"<p>Le jury disciplinaire de la commission d\u2019appel de la Conf\u00e9d\u00e9ration africaine de Football vient de donner son verdict relatif \u00e0 la requ\u00eate en contestation de l&rsquo;\u00e2ge de Floris Ndjave introduite par la F\u00e9d\u00e9ration camerounaise de Football ( Fecafoot) aupr\u00e8s d\u2019elle. Apr\u00e8s analyse de l\u2019appel interjet\u00e9 par la partie gabonaise, l&rsquo;instance faiti\u00e8re du football africain a d\u00e9bout\u00e9 le Cameroun de toutes ses pr\u00e9tentions et donn\u00e9 raison au Gabon. Les poulains de Saturnin Ibella sont bel et bien qualifi\u00e9s pour la phase finale de la Can-U23 qui se tiendra au Maroc \u00e0 la fin du mois de Juin<\/p>\n","protected":false},"author":2,"featured_media":12763,"comment_status":"open","ping_status":"open","sticky":false,"template":"","format":"standard","meta":{"om_disable_all_campaigns":false,"footnotes":""},"categories":[634,117],"tags":[99,403],"class_list":{"0":"post-12762","1":"post","2":"type-post","3":"status-publish","4":"format-standard","5":"has-post-thumbnail","7":"category-sport","8":"category-une2","9":"tag-depeches241","10":"tag-sport"},"yoast_head":"<!-- This site is optimized with the Yoast SEO plugin v27.5 - https:\/\/yoast.com\/product\/yoast-seo-wordpress\/ -->\n<title>Affaire Floris Ndjave: la CAF lit le droit et donne raison au Gabon finalement qualifi\u00e9 pour la Can U23\u00a0 - Groupe D\u00e9p\u00eaches241<\/title>\n<meta name=\"description\" content=\"Le jury disciplinaire de la commission d\u2019appel de la Conf\u00e9d\u00e9ration africaine de Football vient de donner son verdict relatif \u00e0 la requ\u00eate en contestation de l&#039;\u00e2ge de Floris Ndjave introduite par la F\u00e9d\u00e9ration camerounaise de Football ( Fecafoot) aupr\u00e8s d\u2019elle. Apr\u00e8s analyse de l\u2019appel interjet\u00e9 par la partie gabonaise, l&#039;instance faiti\u00e8re du football africain a d\u00e9bout\u00e9 le Cameroun de toutes ses pr\u00e9tentions et donn\u00e9 raison au Gabon. Les poulains de Saturnin Ibella sont bel et bien qualifi\u00e9s pour la phase finale de la Can-U23 qui se tiendra au Maroc \u00e0 la fin du mois de Juin\" \/>\n<meta name=\"robots\" content=\"index, follow, max-snippet:-1, max-image-preview:large, max-video-preview:-1\" \/>\n<link rel=\"canonical\" href=\"https:\/\/depeches241.com\/?p=12762\" \/>\n<meta property=\"og:locale\" content=\"fr_FR\" \/>\n<meta property=\"og:type\" content=\"article\" \/>\n<meta property=\"og:title\" content=\"Affaire Floris Ndjave: la CAF lit le droit et donne raison au Gabon finalement qualifi\u00e9 pour la Can U23\u00a0 - Groupe D\u00e9p\u00eaches241\" \/>\n<meta property=\"og:description\" content=\"Le jury disciplinaire de la commission d\u2019appel de la Conf\u00e9d\u00e9ration africaine de Football vient de donner son verdict relatif \u00e0 la requ\u00eate en contestation de l&#039;\u00e2ge de Floris Ndjave introduite par la F\u00e9d\u00e9ration camerounaise de Football ( Fecafoot) aupr\u00e8s d\u2019elle. Apr\u00e8s analyse de l\u2019appel interjet\u00e9 par la partie gabonaise, l&#039;instance faiti\u00e8re du football africain a d\u00e9bout\u00e9 le Cameroun de toutes ses pr\u00e9tentions et donn\u00e9 raison au Gabon. Les poulains de Saturnin Ibella sont bel et bien qualifi\u00e9s pour la phase finale de la Can-U23 qui se tiendra au Maroc \u00e0 la fin du mois de Juin\" \/>\n<meta property=\"og:url\" content=\"https:\/\/depeches241.com\/?p=12762\" \/>\n<meta property=\"og:site_name\" content=\"Groupe D\u00e9p\u00eaches241\" \/>\n<meta property=\"article:publisher\" content=\"https:\/\/www.facebook.com\/depeches241\" \/>\n<meta property=\"article:published_time\" content=\"2023-06-08T16:12:20+00:00\" \/>\n<meta property=\"article:modified_time\" content=\"2023-06-08T16:25:59+00:00\" \/>\n<meta property=\"og:image\" content=\"https:\/\/depeches241.com\/wp-content\/uploads\/2023\/06\/DRIVE-IMAGES-DEPECHES-2023-06-08T180934.202.jpg\" \/>\n\t<meta property=\"og:image:width\" content=\"960\" \/>\n\t<meta property=\"og:image:height\" content=\"540\" \/>\n\t<meta property=\"og:image:type\" content=\"image\/jpeg\" \/>\n<meta name=\"author\" content=\"Pharel BOUKIKA\" \/>\n<meta name=\"twitter:card\" content=\"summary_large_image\" \/>\n<meta name=\"twitter:label1\" content=\"\u00c9crit par\" \/>\n\t<meta name=\"twitter:data1\" content=\"Pharel BOUKIKA\" \/>\n\t<meta name=\"twitter:label2\" content=\"Dur\u00e9e de lecture estim\u00e9e\" \/>\n\t<meta name=\"twitter:data2\" content=\"3 minutes\" \/>\n<script type=\"application\/ld+json\" class=\"yoast-schema-graph\">{\"@context\":\"https:\\\/\\\/schema.org\",\"@graph\":[{\"@type\":\"Article\",\"@id\":\"https:\\\/\\\/depeches241.com\\\/?p=12762#article\",\"isPartOf\":{\"@id\":\"https:\\\/\\\/depeches241.com\\\/?p=12762\"},\"author\":{\"name\":\"Pharel BOUKIKA\",\"@id\":\"https:\\\/\\\/depeches241.com\\\/#\\\/schema\\\/person\\\/f39e676ca8f34712c2b828546ec69f14\"},\"headline\":\"Affaire Floris Ndjave: la CAF lit le droit et donne raison au Gabon finalement qualifi\u00e9 pour la Can U23\u00a0\",\"datePublished\":\"2023-06-08T16:12:20+00:00\",\"dateModified\":\"2023-06-08T16:25:59+00:00\",\"mainEntityOfPage\":{\"@id\":\"https:\\\/\\\/depeches241.com\\\/?p=12762\"},\"wordCount\":574,\"commentCount\":0,\"publisher\":{\"@id\":\"https:\\\/\\\/depeches241.com\\\/#organization\"},\"image\":{\"@id\":\"https:\\\/\\\/depeches241.com\\\/?p=12762#primaryimage\"},\"thumbnailUrl\":\"https:\\\/\\\/depeches241.com\\\/wp-content\\\/uploads\\\/2023\\\/06\\\/DRIVE-IMAGES-DEPECHES-2023-06-08T180934.202.jpg\",\"keywords\":[\"depeches241\",\"Sport\"],\"articleSection\":[\"SPORT\",\"Une2\"],\"inLanguage\":\"fr-FR\",\"potentialAction\":[{\"@type\":\"CommentAction\",\"name\":\"Comment\",\"target\":[\"https:\\\/\\\/depeches241.com\\\/?p=12762#respond\"]}]},{\"@type\":\"WebPage\",\"@id\":\"https:\\\/\\\/depeches241.com\\\/?p=12762\",\"url\":\"https:\\\/\\\/depeches241.com\\\/?p=12762\",\"name\":\"Affaire Floris Ndjave: la CAF lit le droit et donne raison au Gabon finalement qualifi\u00e9 pour la Can U23\u00a0 - Groupe D\u00e9p\u00eaches241\",\"isPartOf\":{\"@id\":\"https:\\\/\\\/depeches241.com\\\/#website\"},\"primaryImageOfPage\":{\"@id\":\"https:\\\/\\\/depeches241.com\\\/?p=12762#primaryimage\"},\"image\":{\"@id\":\"https:\\\/\\\/depeches241.com\\\/?p=12762#primaryimage\"},\"thumbnailUrl\":\"https:\\\/\\\/depeches241.com\\\/wp-content\\\/uploads\\\/2023\\\/06\\\/DRIVE-IMAGES-DEPECHES-2023-06-08T180934.202.jpg\",\"datePublished\":\"2023-06-08T16:12:20+00:00\",\"dateModified\":\"2023-06-08T16:25:59+00:00\",\"description\":\"Le jury disciplinaire de la commission d\u2019appel de la Conf\u00e9d\u00e9ration africaine de Football vient de donner son verdict relatif \u00e0 la requ\u00eate en contestation de l'\u00e2ge de Floris Ndjave introduite par la F\u00e9d\u00e9ration camerounaise de Football ( Fecafoot) aupr\u00e8s d\u2019elle. Apr\u00e8s analyse de l\u2019appel interjet\u00e9 par la partie gabonaise, l'instance faiti\u00e8re du football africain a d\u00e9bout\u00e9 le Cameroun de toutes ses pr\u00e9tentions et donn\u00e9 raison au Gabon. Les poulains de Saturnin Ibella sont bel et bien qualifi\u00e9s pour la phase finale de la Can-U23 qui se tiendra au Maroc \u00e0 la fin du mois de Juin\",\"breadcrumb\":{\"@id\":\"https:\\\/\\\/depeches241.com\\\/?p=12762#breadcrumb\"},\"inLanguage\":\"fr-FR\",\"potentialAction\":[{\"@type\":\"ReadAction\",\"target\":[\"https:\\\/\\\/depeches241.com\\\/?p=12762\"]}]},{\"@type\":\"ImageObject\",\"inLanguage\":\"fr-FR\",\"@id\":\"https:\\\/\\\/depeches241.com\\\/?p=12762#primaryimage\",\"url\":\"https:\\\/\\\/depeches241.com\\\/wp-content\\\/uploads\\\/2023\\\/06\\\/DRIVE-IMAGES-DEPECHES-2023-06-08T180934.202.jpg\",\"contentUrl\":\"https:\\\/\\\/depeches241.com\\\/wp-content\\\/uploads\\\/2023\\\/06\\\/DRIVE-IMAGES-DEPECHES-2023-06-08T180934.202.jpg\",\"width\":960,\"height\":540},{\"@type\":\"BreadcrumbList\",\"@id\":\"https:\\\/\\\/depeches241.com\\\/?p=12762#breadcrumb\",\"itemListElement\":[{\"@type\":\"ListItem\",\"position\":1,\"name\":\"Accueil\",\"item\":\"https:\\\/\\\/depeches241.com\\\/\"},{\"@type\":\"ListItem\",\"position\":2,\"name\":\"Affaire Floris Ndjave: la CAF lit le droit et donne raison au Gabon finalement qualifi\u00e9 pour la Can U23\u00a0\"}]},{\"@type\":\"WebSite\",\"@id\":\"https:\\\/\\\/depeches241.com\\\/#website\",\"url\":\"https:\\\/\\\/depeches241.com\\\/\",\"name\":\"D\u00e9p\u00eaches241\",\"description\":\"M\u00e9dia d&#039;actualit\u00e9 Politique, \u00c9conomique, Sociale et Internationale\",\"publisher\":{\"@id\":\"https:\\\/\\\/depeches241.com\\\/#organization\"},\"potentialAction\":[{\"@type\":\"SearchAction\",\"target\":{\"@type\":\"EntryPoint\",\"urlTemplate\":\"https:\\\/\\\/depeches241.com\\\/?s={search_term_string}\"},\"query-input\":{\"@type\":\"PropertyValueSpecification\",\"valueRequired\":true,\"valueName\":\"search_term_string\"}}],\"inLanguage\":\"fr-FR\"},{\"@type\":\"Organization\",\"@id\":\"https:\\\/\\\/depeches241.com\\\/#organization\",\"name\":\"Groupe D\u00e9p\u00eaches241\",\"url\":\"https:\\\/\\\/depeches241.com\\\/\",\"logo\":{\"@type\":\"ImageObject\",\"inLanguage\":\"fr-FR\",\"@id\":\"https:\\\/\\\/depeches241.com\\\/#\\\/schema\\\/logo\\\/image\\\/\",\"url\":\"https:\\\/\\\/depeches241.com\\\/wp-content\\\/uploads\\\/2021\\\/10\\\/cropped-Logo-new-Accueil.png\",\"contentUrl\":\"https:\\\/\\\/depeches241.com\\\/wp-content\\\/uploads\\\/2021\\\/10\\\/cropped-Logo-new-Accueil.png\",\"width\":320,\"height\":105,\"caption\":\"Groupe D\u00e9p\u00eaches241\"},\"image\":{\"@id\":\"https:\\\/\\\/depeches241.com\\\/#\\\/schema\\\/logo\\\/image\\\/\"},\"sameAs\":[\"https:\\\/\\\/www.facebook.com\\\/depeches241\"]},{\"@type\":\"Person\",\"@id\":\"https:\\\/\\\/depeches241.com\\\/#\\\/schema\\\/person\\\/f39e676ca8f34712c2b828546ec69f14\",\"name\":\"Pharel BOUKIKA\",\"image\":{\"@type\":\"ImageObject\",\"inLanguage\":\"fr-FR\",\"@id\":\"https:\\\/\\\/secure.gravatar.com\\\/avatar\\\/f911ded37269927862a946f1d008338d6cd8ef36529103aaa98b08ba9425d477?s=96&d=mm&r=g\",\"url\":\"https:\\\/\\\/secure.gravatar.com\\\/avatar\\\/f911ded37269927862a946f1d008338d6cd8ef36529103aaa98b08ba9425d477?s=96&d=mm&r=g\",\"contentUrl\":\"https:\\\/\\\/secure.gravatar.com\\\/avatar\\\/f911ded37269927862a946f1d008338d6cd8ef36529103aaa98b08ba9425d477?s=96&d=mm&r=g\",\"caption\":\"Pharel BOUKIKA\"},\"description\":\"Dipl\u00f4m\u00e9 en Droit Priv\u00e9, en communication, en Journalisme et d\u00e9tenteur d'une Licence en \u00c9conomie et Gestion administrative, ancien r\u00e9dacteur en Chef de Gabon Media Time, Pharel Boukika est le G\u00e9rant du groupe D\u00e9p\u00eaches Gabon et par ailleurs Directeur de Publication de D\u00e9p\u00eaches241. Analyste politique, ses prises de parole et ses approches pertinentes lui ont ouvert depuis peu les portes des plateaux t\u00e9l\u00e9vis\u00e9s pendant lesquels, il d\u00e9bat sur les questions d'actualit\u00e9 politique, \u00e9conomique et sociale du Gabon. D\u00e9p\u00eaches241 n'est que le prolongement de sa volont\u00e9 manifeste et infinie d'\u00e9difier et d'informer les Gabonais.\",\"sameAs\":[\"http:\\\/\\\/clubsportplus.fr\"],\"url\":\"https:\\\/\\\/depeches241.com\\\/?author=2\"}]}<\/script>\n<!-- \/ Yoast SEO plugin. -->","yoast_head_json":{"title":"Affaire Floris Ndjave: la CAF lit le droit et donne raison au Gabon finalement qualifi\u00e9 pour la Can U23\u00a0 - Groupe D\u00e9p\u00eaches241","description":"Le jury disciplinaire de la commission d\u2019appel de la Conf\u00e9d\u00e9ration africaine de Football vient de donner son verdict relatif \u00e0 la requ\u00eate en contestation de l'\u00e2ge de Floris Ndjave introduite par la F\u00e9d\u00e9ration camerounaise de Football ( Fecafoot) aupr\u00e8s d\u2019elle. Apr\u00e8s analyse de l\u2019appel interjet\u00e9 par la partie gabonaise, l'instance faiti\u00e8re du football africain a d\u00e9bout\u00e9 le Cameroun de toutes ses pr\u00e9tentions et donn\u00e9 raison au Gabon. Les poulains de Saturnin Ibella sont bel et bien qualifi\u00e9s pour la phase finale de la Can-U23 qui se tiendra au Maroc \u00e0 la fin du mois de Juin","robots":{"index":"index","follow":"follow","max-snippet":"max-snippet:-1","max-image-preview":"max-image-preview:large","max-video-preview":"max-video-preview:-1"},"canonical":"https:\/\/depeches241.com\/?p=12762","og_locale":"fr_FR","og_type":"article","og_title":"Affaire Floris Ndjave: la CAF lit le droit et donne raison au Gabon finalement qualifi\u00e9 pour la Can U23\u00a0 - Groupe D\u00e9p\u00eaches241","og_description":"Le jury disciplinaire de la commission d\u2019appel de la Conf\u00e9d\u00e9ration africaine de Football vient de donner son verdict relatif \u00e0 la requ\u00eate en contestation de l'\u00e2ge de Floris Ndjave introduite par la F\u00e9d\u00e9ration camerounaise de Football ( Fecafoot) aupr\u00e8s d\u2019elle. Apr\u00e8s analyse de l\u2019appel interjet\u00e9 par la partie gabonaise, l'instance faiti\u00e8re du football africain a d\u00e9bout\u00e9 le Cameroun de toutes ses pr\u00e9tentions et donn\u00e9 raison au Gabon. Les poulains de Saturnin Ibella sont bel et bien qualifi\u00e9s pour la phase finale de la Can-U23 qui se tiendra au Maroc \u00e0 la fin du mois de Juin","og_url":"https:\/\/depeches241.com\/?p=12762","og_site_name":"Groupe D\u00e9p\u00eaches241","article_publisher":"https:\/\/www.facebook.com\/depeches241","article_published_time":"2023-06-08T16:12:20+00:00","article_modified_time":"2023-06-08T16:25:59+00:00","og_image":[{"width":960,"height":540,"url":"https:\/\/depeches241.com\/wp-content\/uploads\/2023\/06\/DRIVE-IMAGES-DEPECHES-2023-06-08T180934.202.jpg","type":"image\/jpeg"}],"author":"Pharel BOUKIKA","twitter_card":"summary_large_image","twitter_misc":{"\u00c9crit par":"Pharel BOUKIKA","Dur\u00e9e de lecture estim\u00e9e":"3 minutes"},"schema":{"@context":"https:\/\/schema.org","@graph":[{"@type":"Article","@id":"https:\/\/depeches241.com\/?p=12762#article","isPartOf":{"@id":"https:\/\/depeches241.com\/?p=12762"},"author":{"name":"Pharel BOUKIKA","@id":"https:\/\/depeches241.com\/#\/schema\/person\/f39e676ca8f34712c2b828546ec69f14"},"headline":"Affaire Floris Ndjave: la CAF lit le droit et donne raison au Gabon finalement qualifi\u00e9 pour la Can U23\u00a0","datePublished":"2023-06-08T16:12:20+00:00","dateModified":"2023-06-08T16:25:59+00:00","mainEntityOfPage":{"@id":"https:\/\/depeches241.com\/?p=12762"},"wordCount":574,"commentCount":0,"publisher":{"@id":"https:\/\/depeches241.com\/#organization"},"image":{"@id":"https:\/\/depeches241.com\/?p=12762#primaryimage"},"thumbnailUrl":"https:\/\/depeches241.com\/wp-content\/uploads\/2023\/06\/DRIVE-IMAGES-DEPECHES-2023-06-08T180934.202.jpg","keywords":["depeches241","Sport"],"articleSection":["SPORT","Une2"],"inLanguage":"fr-FR","potentialAction":[{"@type":"CommentAction","name":"Comment","target":["https:\/\/depeches241.com\/?p=12762#respond"]}]},{"@type":"WebPage","@id":"https:\/\/depeches241.com\/?p=12762","url":"https:\/\/depeches241.com\/?p=12762","name":"Affaire Floris Ndjave: la CAF lit le droit et donne raison au Gabon finalement qualifi\u00e9 pour la Can U23\u00a0 - Groupe D\u00e9p\u00eaches241","isPartOf":{"@id":"https:\/\/depeches241.com\/#website"},"primaryImageOfPage":{"@id":"https:\/\/depeches241.com\/?p=12762#primaryimage"},"image":{"@id":"https:\/\/depeches241.com\/?p=12762#primaryimage"},"thumbnailUrl":"https:\/\/depeches241.com\/wp-content\/uploads\/2023\/06\/DRIVE-IMAGES-DEPECHES-2023-06-08T180934.202.jpg","datePublished":"2023-06-08T16:12:20+00:00","dateModified":"2023-06-08T16:25:59+00:00","description":"Le jury disciplinaire de la commission d\u2019appel de la Conf\u00e9d\u00e9ration africaine de Football vient de donner son verdict relatif \u00e0 la requ\u00eate en contestation de l'\u00e2ge de Floris Ndjave introduite par la F\u00e9d\u00e9ration camerounaise de Football ( Fecafoot) aupr\u00e8s d\u2019elle. Apr\u00e8s analyse de l\u2019appel interjet\u00e9 par la partie gabonaise, l'instance faiti\u00e8re du football africain a d\u00e9bout\u00e9 le Cameroun de toutes ses pr\u00e9tentions et donn\u00e9 raison au Gabon. Les poulains de Saturnin Ibella sont bel et bien qualifi\u00e9s pour la phase finale de la Can-U23 qui se tiendra au Maroc \u00e0 la fin du mois de Juin","breadcrumb":{"@id":"https:\/\/depeches241.com\/?p=12762#breadcrumb"},"inLanguage":"fr-FR","potentialAction":[{"@type":"ReadAction","target":["https:\/\/depeches241.com\/?p=12762"]}]},{"@type":"ImageObject","inLanguage":"fr-FR","@id":"https:\/\/depeches241.com\/?p=12762#primaryimage","url":"https:\/\/depeches241.com\/wp-content\/uploads\/2023\/06\/DRIVE-IMAGES-DEPECHES-2023-06-08T180934.202.jpg","contentUrl":"https:\/\/depeches241.com\/wp-content\/uploads\/2023\/06\/DRIVE-IMAGES-DEPECHES-2023-06-08T180934.202.jpg","width":960,"height":540},{"@type":"BreadcrumbList","@id":"https:\/\/depeches241.com\/?p=12762#breadcrumb","itemListElement":[{"@type":"ListItem","position":1,"name":"Accueil","item":"https:\/\/depeches241.com\/"},{"@type":"ListItem","position":2,"name":"Affaire Floris Ndjave: la CAF lit le droit et donne raison au Gabon finalement qualifi\u00e9 pour la Can U23\u00a0"}]},{"@type":"WebSite","@id":"https:\/\/depeches241.com\/#website","url":"https:\/\/depeches241.com\/","name":"D\u00e9p\u00eaches241","description":"M\u00e9dia d&#039;actualit\u00e9 Politique, \u00c9conomique, Sociale et Internationale","publisher":{"@id":"https:\/\/depeches241.com\/#organization"},"potentialAction":[{"@type":"SearchAction","target":{"@type":"EntryPoint","urlTemplate":"https:\/\/depeches241.com\/?s={search_term_string}"},"query-input":{"@type":"PropertyValueSpecification","valueRequired":true,"valueName":"search_term_string"}}],"inLanguage":"fr-FR"},{"@type":"Organization","@id":"https:\/\/depeches241.com\/#organization","name":"Groupe D\u00e9p\u00eaches241","url":"https:\/\/depeches241.com\/","logo":{"@type":"ImageObject","inLanguage":"fr-FR","@id":"https:\/\/depeches241.com\/#\/schema\/logo\/image\/","url":"https:\/\/depeches241.com\/wp-content\/uploads\/2021\/10\/cropped-Logo-new-Accueil.png","contentUrl":"https:\/\/depeches241.com\/wp-content\/uploads\/2021\/10\/cropped-Logo-new-Accueil.png","width":320,"height":105,"caption":"Groupe D\u00e9p\u00eaches241"},"image":{"@id":"https:\/\/depeches241.com\/#\/schema\/logo\/image\/"},"sameAs":["https:\/\/www.facebook.com\/depeches241"]},{"@type":"Person","@id":"https:\/\/depeches241.com\/#\/schema\/person\/f39e676ca8f34712c2b828546ec69f14","name":"Pharel BOUKIKA","image":{"@type":"ImageObject","inLanguage":"fr-FR","@id":"https:\/\/secure.gravatar.com\/avatar\/f911ded37269927862a946f1d008338d6cd8ef36529103aaa98b08ba9425d477?s=96&d=mm&r=g","url":"https:\/\/secure.gravatar.com\/avatar\/f911ded37269927862a946f1d008338d6cd8ef36529103aaa98b08ba9425d477?s=96&d=mm&r=g","contentUrl":"https:\/\/secure.gravatar.com\/avatar\/f911ded37269927862a946f1d008338d6cd8ef36529103aaa98b08ba9425d477?s=96&d=mm&r=g","caption":"Pharel BOUKIKA"},"description":"Dipl\u00f4m\u00e9 en Droit Priv\u00e9, en communication, en Journalisme et d\u00e9tenteur d'une Licence en \u00c9conomie et Gestion administrative, ancien r\u00e9dacteur en Chef de Gabon Media Time, Pharel Boukika est le G\u00e9rant du groupe D\u00e9p\u00eaches Gabon et par ailleurs Directeur de Publication de D\u00e9p\u00eaches241. Analyste politique, ses prises de parole et ses approches pertinentes lui ont ouvert depuis peu les portes des plateaux t\u00e9l\u00e9vis\u00e9s pendant lesquels, il d\u00e9bat sur les questions d'actualit\u00e9 politique, \u00e9conomique et sociale du Gabon. D\u00e9p\u00eaches241 n'est que le prolongement de sa volont\u00e9 manifeste et infinie d'\u00e9difier et d'informer les Gabonais.","sameAs":["http:\/\/clubsportplus.fr"],"url":"https:\/\/depeches241.com\/?author=2"}]}},"_links":{"self":[{"href":"https:\/\/depeches241.com\/index.php?rest_route=\/wp\/v2\/posts\/12762","targetHints":{"allow":["GET"]}}],"collection":[{"href":"https:\/\/depeches241.com\/index.php?rest_route=\/wp\/v2\/posts"}],"about":[{"href":"https:\/\/depeches241.com\/index.php?rest_route=\/wp\/v2\/types\/post"}],"author":[{"embeddable":true,"href":"https:\/\/depeches241.com\/index.php?rest_route=\/wp\/v2\/users\/2"}],"replies":[{"embeddable":true,"href":"https:\/\/depeches241.com\/index.php?rest_route=%2Fwp%2Fv2%2Fcomments&post=12762"}],"version-history":[{"count":7,"href":"https:\/\/depeches241.com\/index.php?rest_route=\/wp\/v2\/posts\/12762\/revisions"}],"predecessor-version":[{"id":12771,"href":"https:\/\/depeches241.com\/index.php?rest_route=\/wp\/v2\/posts\/12762\/revisions\/12771"}],"wp:featuredmedia":[{"embeddable":true,"href":"https:\/\/depeches241.com\/index.php?rest_route=\/wp\/v2\/media\/12763"}],"wp:attachment":[{"href":"https:\/\/depeches241.com\/index.php?rest_route=%2Fwp%2Fv2%2Fmedia&parent=12762"}],"wp:term":[{"taxonomy":"category","embeddable":true,"href":"https:\/\/depeches241.com\/index.php?rest_route=%2Fwp%2Fv2%2Fcategories&post=12762"},{"taxonomy":"post_tag","embeddable":true,"href":"https:\/\/depeches241.com\/index.php?rest_route=%2Fwp%2Fv2%2Ftags&post=12762"}],"curies":[{"name":"wp","href":"https:\/\/api.w.org\/{rel}","templated":true}]}}