{"id":13564,"date":"2023-07-11T19:48:23","date_gmt":"2023-07-11T17:48:23","guid":{"rendered":"https:\/\/depeches241.com\/?p=13564"},"modified":"2023-07-11T19:48:24","modified_gmt":"2023-07-11T17:48:24","slug":"presidentielle-2023-le-dossier-dali-bongo-juge-complet-et-parfaitement-recevable","status":"publish","type":"post","link":"https:\/\/depeches241.com\/?p=13564","title":{"rendered":"Pr\u00e9sidentielle 2023: le dossier d\u2019Ali Bongo jug\u00e9 complet et parfaitement recevable\u00a0"},"content":{"rendered":"\n<figure class=\"wp-block-image size-full\"><img fetchpriority=\"high\" decoding=\"async\" width=\"960\" height=\"540\" src=\"https:\/\/depeches241.com\/wp-content\/uploads\/2023\/07\/DRIVE-IMAGES-DEPECHES-2023-07-11T183706.878-1.jpg\" alt=\"\" class=\"wp-image-13566\" srcset=\"https:\/\/depeches241.com\/wp-content\/uploads\/2023\/07\/DRIVE-IMAGES-DEPECHES-2023-07-11T183706.878-1.jpg 960w, https:\/\/depeches241.com\/wp-content\/uploads\/2023\/07\/DRIVE-IMAGES-DEPECHES-2023-07-11T183706.878-1-300x169.jpg 300w, https:\/\/depeches241.com\/wp-content\/uploads\/2023\/07\/DRIVE-IMAGES-DEPECHES-2023-07-11T183706.878-1-768x432.jpg 768w\" sizes=\"(max-width: 960px) 100vw, 960px\" \/><figcaption class=\"wp-element-caption\"><strong><em>La pr\u00e9sident sortant Ali Bongo Ondimba brandissant son r\u00e9c\u00e9piss\u00e9 de d\u00e9p\u00f4t \u00a9 DR<\/em><\/strong><\/figcaption><\/figure>\n\n\n\n<p><strong>Libreville le 11 juillet 2023 &#8211; ( D\u00e9p\u00eaches 241). Le pr\u00e9sident sortant Ali Bongo Ondimba s\u2019est rendu ce jour au Centre Gabonais des \u00c9lections (CGE) pour d\u00e9poser son dossier de candidature. Un dossier r\u00e9ceptionn\u00e9 par le pr\u00e9sident de cette institution ,Michel St\u00e9phane Bonda, lequel l\u2019a valid\u00e9 avant de d\u00e9livrer au candidat du Parti D\u00e9mocratique Gabonais (PDG) un certificat de d\u00e9p\u00f4t.<\/strong><\/p>\n\n\n\n<p class=\"has-drop-cap\">Vingt-quatre heures apr\u00e8s avoir \u00e9t\u00e9 investi par le Parti D\u00e9mocratique Gabonais (PDG) comme candidat officiel \u00e0 l&rsquo;\u00e9lection pr\u00e9sidentielle d&rsquo;ao\u00fbt prochain, Ali Bongo Ondimba, pr\u00e9sident sortant, s\u2019est rendu au Centre Gabonais des \u00c9lections pour d\u00e9poser son dossier de candidature. Un dossier re\u00e7u par le pr\u00e9sident de l&rsquo;institution, Michel Bonda qui l\u2019a retenu en annon\u00e7ant qu\u2019il est complet. <strong><em>\u00a0\u00ab Nous sommes heureux de vous informer que votre dossier de candidature est juste et parfait \u00bb<\/em><\/strong>, a signifi\u00e9 le patron du CGE \u00e0 Ali Bongo Ondimba.\u00a0<\/p>\n\n\n\n<figure class=\"wp-block-image size-full is-resized\"><img decoding=\"async\" src=\"https:\/\/depeches241.com\/wp-content\/uploads\/2023\/07\/DRIVE-IMAGES-DEPECHES-2023-07-11T184055.791.jpg\" alt=\"\" class=\"wp-image-13567\" width=\"746\" height=\"419\" srcset=\"https:\/\/depeches241.com\/wp-content\/uploads\/2023\/07\/DRIVE-IMAGES-DEPECHES-2023-07-11T184055.791.jpg 960w, https:\/\/depeches241.com\/wp-content\/uploads\/2023\/07\/DRIVE-IMAGES-DEPECHES-2023-07-11T184055.791-300x169.jpg 300w, https:\/\/depeches241.com\/wp-content\/uploads\/2023\/07\/DRIVE-IMAGES-DEPECHES-2023-07-11T184055.791-768x432.jpg 768w\" sizes=\"(max-width: 746px) 100vw, 746px\" \/><figcaption class=\"wp-element-caption\"><strong><em>Ali Bongo Ondimba et Michel Bonda ce jour apr\u00e8s la d\u00e9p\u00f4t de dossier de candidature \u00a9 DR<\/em><\/strong><\/figcaption><\/figure>\n\n\n\n<p>Quelques minutes plus tard, c\u2019est devant une foule de partisans acquis \u00e0 sa cause que le fils d\u2019Omar Bongo a annonc\u00e9 la nouvelle, de la r\u00e9ception de son dossier lui donnant ainsi le droit de briguer un 3e mandat. <strong><em>\u00ab J\u2019ai \u00e9t\u00e9 ce matin d\u00e9poser notre dossier. Je dis bien notre dossier et il a \u00e9t\u00e9 accept\u00e9. Apr\u00e8s avoir v\u00e9rifi\u00e9 pi\u00e8ces par pi\u00e8ces, tout \u00e9tait effectivement complet \u00bb, <\/em><\/strong>a d\u00e9clar\u00e9 Ali Bongo Ondimba.&nbsp;<\/p>\n\n\n\n<p>Tout premier candidat d\u00e9clar\u00e9 \u00e0 d\u00e9poser sa candidature, Ali Bongo Ondimba y a vu \u00e0 tort ou \u00e0 raison un signe pr\u00e9monitoire, annonciateur selon d\u2019une victoire certaine au soir du 26 ao\u00fbt 2023. <strong><em>\u00ab Nous \u00e9tions le premier \u00e0 donner notre dossier. Je vois \u00e7a comme le signe que nous sommes sur la bonne voie \u00bb,<\/em><\/strong> a-t-il conclu.\u00a0\u00a0<\/p>\n","protected":false},"excerpt":{"rendered":"<p> Le pr\u00e9sident sortant Ali Bongo Ondimba s\u2019est rendu ce jour au Centre Gabonais des \u00c9lections (CGE) pour d\u00e9poser son dossier de candidature. Un dossier r\u00e9ceptionn\u00e9 par le pr\u00e9sident de cette institution ,Michel St\u00e9phane Bonda, lequel l\u2019a valid\u00e9 avant de d\u00e9livrer au candidat du Parti D\u00e9mocratique Gabonais (PDG) un certificat de d\u00e9p\u00f4t.<\/p>\n","protected":false},"author":12,"featured_media":13566,"comment_status":"open","ping_status":"open","sticky":false,"template":"","format":"standard","meta":{"om_disable_all_campaigns":false,"footnotes":""},"categories":[3,1737,117],"tags":[157,2705,99,59,836,73,450],"class_list":{"0":"post-13564","1":"post","2":"type-post","3":"status-publish","4":"format-standard","5":"has-post-thumbnail","7":"category-politique","8":"category-presidentielle2023","9":"category-une2","10":"tag-ali-bongo-ondimba","11":"tag-centre-gabonais-des-elections-2","12":"tag-depeches241","13":"tag-gabon","14":"tag-parti-democratique-gabonais","15":"tag-politique","16":"tag-presidentielle-2023"},"yoast_head":"<!-- This site is optimized with the Yoast SEO plugin v27.5 - https:\/\/yoast.com\/product\/yoast-seo-wordpress\/ -->\n<title>Pr\u00e9sidentielle 2023: le dossier d\u2019Ali Bongo jug\u00e9 complet et parfaitement recevable\u00a0 - Groupe D\u00e9p\u00eaches241<\/title>\n<meta name=\"description\" content=\"Le pr\u00e9sident sortant Ali Bongo Ondimba s\u2019est rendu ce jour au Centre Gabonais des \u00c9lections (CGE) pour d\u00e9poser son dossier de candidature. Un dossier r\u00e9ceptionn\u00e9 par le pr\u00e9sident de cette institution ,Michel St\u00e9phane Bonda, lequel l\u2019a valid\u00e9 avant de d\u00e9livrer au candidat du Parti D\u00e9mocratique Gabonais (PDG) un certificat de d\u00e9p\u00f4t.\" \/>\n<meta name=\"robots\" content=\"index, follow, max-snippet:-1, max-image-preview:large, max-video-preview:-1\" \/>\n<link rel=\"canonical\" href=\"https:\/\/depeches241.com\/?p=13564\" \/>\n<meta property=\"og:locale\" content=\"fr_FR\" \/>\n<meta property=\"og:type\" content=\"article\" \/>\n<meta property=\"og:title\" content=\"Pr\u00e9sidentielle 2023: le dossier d\u2019Ali Bongo jug\u00e9 complet et parfaitement recevable\u00a0 - Groupe D\u00e9p\u00eaches241\" \/>\n<meta property=\"og:description\" content=\"Le pr\u00e9sident sortant Ali Bongo Ondimba s\u2019est rendu ce jour au Centre Gabonais des \u00c9lections (CGE) pour d\u00e9poser son dossier de candidature. Un dossier r\u00e9ceptionn\u00e9 par le pr\u00e9sident de cette institution ,Michel St\u00e9phane Bonda, lequel l\u2019a valid\u00e9 avant de d\u00e9livrer au candidat du Parti D\u00e9mocratique Gabonais (PDG) un certificat de d\u00e9p\u00f4t.\" \/>\n<meta property=\"og:url\" content=\"https:\/\/depeches241.com\/?p=13564\" \/>\n<meta property=\"og:site_name\" content=\"Groupe D\u00e9p\u00eaches241\" \/>\n<meta property=\"article:publisher\" content=\"https:\/\/www.facebook.com\/depeches241\" \/>\n<meta property=\"article:published_time\" content=\"2023-07-11T17:48:23+00:00\" \/>\n<meta property=\"article:modified_time\" content=\"2023-07-11T17:48:24+00:00\" \/>\n<meta property=\"og:image\" content=\"https:\/\/depeches241.com\/wp-content\/uploads\/2023\/07\/DRIVE-IMAGES-DEPECHES-2023-07-11T183706.878-1.jpg\" \/>\n\t<meta property=\"og:image:width\" content=\"960\" \/>\n\t<meta property=\"og:image:height\" content=\"540\" \/>\n\t<meta property=\"og:image:type\" content=\"image\/jpeg\" \/>\n<meta name=\"author\" content=\"Iboka Marc Andr\u00e9\" \/>\n<meta name=\"twitter:card\" content=\"summary_large_image\" \/>\n<meta name=\"twitter:label1\" content=\"\u00c9crit par\" \/>\n\t<meta name=\"twitter:data1\" content=\"Iboka Marc Andr\u00e9\" \/>\n\t<meta name=\"twitter:label2\" content=\"Dur\u00e9e de lecture estim\u00e9e\" \/>\n\t<meta name=\"twitter:data2\" content=\"2 minutes\" \/>\n<script type=\"application\/ld+json\" class=\"yoast-schema-graph\">{\"@context\":\"https:\\\/\\\/schema.org\",\"@graph\":[{\"@type\":\"Article\",\"@id\":\"https:\\\/\\\/depeches241.com\\\/?p=13564#article\",\"isPartOf\":{\"@id\":\"https:\\\/\\\/depeches241.com\\\/?p=13564\"},\"author\":{\"name\":\"Iboka Marc Andr\u00e9\",\"@id\":\"https:\\\/\\\/depeches241.com\\\/#\\\/schema\\\/person\\\/5abcf4b9361e0d8aa457b404d877674f\"},\"headline\":\"Pr\u00e9sidentielle 2023: le dossier d\u2019Ali Bongo jug\u00e9 complet et parfaitement recevable\u00a0\",\"datePublished\":\"2023-07-11T17:48:23+00:00\",\"dateModified\":\"2023-07-11T17:48:24+00:00\",\"mainEntityOfPage\":{\"@id\":\"https:\\\/\\\/depeches241.com\\\/?p=13564\"},\"wordCount\":345,\"commentCount\":0,\"publisher\":{\"@id\":\"https:\\\/\\\/depeches241.com\\\/#organization\"},\"image\":{\"@id\":\"https:\\\/\\\/depeches241.com\\\/?p=13564#primaryimage\"},\"thumbnailUrl\":\"https:\\\/\\\/depeches241.com\\\/wp-content\\\/uploads\\\/2023\\\/07\\\/DRIVE-IMAGES-DEPECHES-2023-07-11T183706.878-1.jpg\",\"keywords\":[\"Ali Bongo Ondimba\",\"Centre Gabonais des \u00c9lections\",\"depeches241\",\"Gabon\",\"Parti d\u00e9mocratique gabonais\",\"Politique\",\"Pr\u00e9sidentielle 2023\"],\"articleSection\":[\"POLITIQUE\",\"Pr\u00e9sidentielle23\",\"Une2\"],\"inLanguage\":\"fr-FR\",\"potentialAction\":[{\"@type\":\"CommentAction\",\"name\":\"Comment\",\"target\":[\"https:\\\/\\\/depeches241.com\\\/?p=13564#respond\"]}]},{\"@type\":\"WebPage\",\"@id\":\"https:\\\/\\\/depeches241.com\\\/?p=13564\",\"url\":\"https:\\\/\\\/depeches241.com\\\/?p=13564\",\"name\":\"Pr\u00e9sidentielle 2023: le dossier d\u2019Ali Bongo jug\u00e9 complet et parfaitement recevable\u00a0 - Groupe D\u00e9p\u00eaches241\",\"isPartOf\":{\"@id\":\"https:\\\/\\\/depeches241.com\\\/#website\"},\"primaryImageOfPage\":{\"@id\":\"https:\\\/\\\/depeches241.com\\\/?p=13564#primaryimage\"},\"image\":{\"@id\":\"https:\\\/\\\/depeches241.com\\\/?p=13564#primaryimage\"},\"thumbnailUrl\":\"https:\\\/\\\/depeches241.com\\\/wp-content\\\/uploads\\\/2023\\\/07\\\/DRIVE-IMAGES-DEPECHES-2023-07-11T183706.878-1.jpg\",\"datePublished\":\"2023-07-11T17:48:23+00:00\",\"dateModified\":\"2023-07-11T17:48:24+00:00\",\"description\":\"Le pr\u00e9sident sortant Ali Bongo Ondimba s\u2019est rendu ce jour au Centre Gabonais des \u00c9lections (CGE) pour d\u00e9poser son dossier de candidature. Un dossier r\u00e9ceptionn\u00e9 par le pr\u00e9sident de cette institution ,Michel St\u00e9phane Bonda, lequel l\u2019a valid\u00e9 avant de d\u00e9livrer au candidat du Parti D\u00e9mocratique Gabonais (PDG) un certificat de d\u00e9p\u00f4t.\",\"breadcrumb\":{\"@id\":\"https:\\\/\\\/depeches241.com\\\/?p=13564#breadcrumb\"},\"inLanguage\":\"fr-FR\",\"potentialAction\":[{\"@type\":\"ReadAction\",\"target\":[\"https:\\\/\\\/depeches241.com\\\/?p=13564\"]}]},{\"@type\":\"ImageObject\",\"inLanguage\":\"fr-FR\",\"@id\":\"https:\\\/\\\/depeches241.com\\\/?p=13564#primaryimage\",\"url\":\"https:\\\/\\\/depeches241.com\\\/wp-content\\\/uploads\\\/2023\\\/07\\\/DRIVE-IMAGES-DEPECHES-2023-07-11T183706.878-1.jpg\",\"contentUrl\":\"https:\\\/\\\/depeches241.com\\\/wp-content\\\/uploads\\\/2023\\\/07\\\/DRIVE-IMAGES-DEPECHES-2023-07-11T183706.878-1.jpg\",\"width\":960,\"height\":540},{\"@type\":\"BreadcrumbList\",\"@id\":\"https:\\\/\\\/depeches241.com\\\/?p=13564#breadcrumb\",\"itemListElement\":[{\"@type\":\"ListItem\",\"position\":1,\"name\":\"Accueil\",\"item\":\"https:\\\/\\\/depeches241.com\\\/\"},{\"@type\":\"ListItem\",\"position\":2,\"name\":\"Pr\u00e9sidentielle 2023: le dossier d\u2019Ali Bongo jug\u00e9 complet et parfaitement recevable\u00a0\"}]},{\"@type\":\"WebSite\",\"@id\":\"https:\\\/\\\/depeches241.com\\\/#website\",\"url\":\"https:\\\/\\\/depeches241.com\\\/\",\"name\":\"D\u00e9p\u00eaches241\",\"description\":\"M\u00e9dia d&#039;actualit\u00e9 Politique, \u00c9conomique, Sociale et Internationale\",\"publisher\":{\"@id\":\"https:\\\/\\\/depeches241.com\\\/#organization\"},\"potentialAction\":[{\"@type\":\"SearchAction\",\"target\":{\"@type\":\"EntryPoint\",\"urlTemplate\":\"https:\\\/\\\/depeches241.com\\\/?s={search_term_string}\"},\"query-input\":{\"@type\":\"PropertyValueSpecification\",\"valueRequired\":true,\"valueName\":\"search_term_string\"}}],\"inLanguage\":\"fr-FR\"},{\"@type\":\"Organization\",\"@id\":\"https:\\\/\\\/depeches241.com\\\/#organization\",\"name\":\"Groupe D\u00e9p\u00eaches241\",\"url\":\"https:\\\/\\\/depeches241.com\\\/\",\"logo\":{\"@type\":\"ImageObject\",\"inLanguage\":\"fr-FR\",\"@id\":\"https:\\\/\\\/depeches241.com\\\/#\\\/schema\\\/logo\\\/image\\\/\",\"url\":\"https:\\\/\\\/depeches241.com\\\/wp-content\\\/uploads\\\/2021\\\/10\\\/cropped-Logo-new-Accueil.png\",\"contentUrl\":\"https:\\\/\\\/depeches241.com\\\/wp-content\\\/uploads\\\/2021\\\/10\\\/cropped-Logo-new-Accueil.png\",\"width\":320,\"height\":105,\"caption\":\"Groupe D\u00e9p\u00eaches241\"},\"image\":{\"@id\":\"https:\\\/\\\/depeches241.com\\\/#\\\/schema\\\/logo\\\/image\\\/\"},\"sameAs\":[\"https:\\\/\\\/www.facebook.com\\\/depeches241\"]},{\"@type\":\"Person\",\"@id\":\"https:\\\/\\\/depeches241.com\\\/#\\\/schema\\\/person\\\/5abcf4b9361e0d8aa457b404d877674f\",\"name\":\"Iboka Marc Andr\u00e9\",\"image\":{\"@type\":\"ImageObject\",\"inLanguage\":\"fr-FR\",\"@id\":\"https:\\\/\\\/secure.gravatar.com\\\/avatar\\\/13c33935f0a59dd3c3a52ae25f58c248a1bf75f6e9ab4e6a7a23bfb8f9f53136?s=96&d=mm&r=g\",\"url\":\"https:\\\/\\\/secure.gravatar.com\\\/avatar\\\/13c33935f0a59dd3c3a52ae25f58c248a1bf75f6e9ab4e6a7a23bfb8f9f53136?s=96&d=mm&r=g\",\"contentUrl\":\"https:\\\/\\\/secure.gravatar.com\\\/avatar\\\/13c33935f0a59dd3c3a52ae25f58c248a1bf75f6e9ab4e6a7a23bfb8f9f53136?s=96&d=mm&r=g\",\"caption\":\"Iboka Marc Andr\u00e9\"},\"url\":\"https:\\\/\\\/depeches241.com\\\/?author=12\"}]}<\/script>\n<!-- \/ Yoast SEO plugin. -->","yoast_head_json":{"title":"Pr\u00e9sidentielle 2023: le dossier d\u2019Ali Bongo jug\u00e9 complet et parfaitement recevable\u00a0 - Groupe D\u00e9p\u00eaches241","description":"Le pr\u00e9sident sortant Ali Bongo Ondimba s\u2019est rendu ce jour au Centre Gabonais des \u00c9lections (CGE) pour d\u00e9poser son dossier de candidature. Un dossier r\u00e9ceptionn\u00e9 par le pr\u00e9sident de cette institution ,Michel St\u00e9phane Bonda, lequel l\u2019a valid\u00e9 avant de d\u00e9livrer au candidat du Parti D\u00e9mocratique Gabonais (PDG) un certificat de d\u00e9p\u00f4t.","robots":{"index":"index","follow":"follow","max-snippet":"max-snippet:-1","max-image-preview":"max-image-preview:large","max-video-preview":"max-video-preview:-1"},"canonical":"https:\/\/depeches241.com\/?p=13564","og_locale":"fr_FR","og_type":"article","og_title":"Pr\u00e9sidentielle 2023: le dossier d\u2019Ali Bongo jug\u00e9 complet et parfaitement recevable\u00a0 - Groupe D\u00e9p\u00eaches241","og_description":"Le pr\u00e9sident sortant Ali Bongo Ondimba s\u2019est rendu ce jour au Centre Gabonais des \u00c9lections (CGE) pour d\u00e9poser son dossier de candidature. Un dossier r\u00e9ceptionn\u00e9 par le pr\u00e9sident de cette institution ,Michel St\u00e9phane Bonda, lequel l\u2019a valid\u00e9 avant de d\u00e9livrer au candidat du Parti D\u00e9mocratique Gabonais (PDG) un certificat de d\u00e9p\u00f4t.","og_url":"https:\/\/depeches241.com\/?p=13564","og_site_name":"Groupe D\u00e9p\u00eaches241","article_publisher":"https:\/\/www.facebook.com\/depeches241","article_published_time":"2023-07-11T17:48:23+00:00","article_modified_time":"2023-07-11T17:48:24+00:00","og_image":[{"width":960,"height":540,"url":"https:\/\/depeches241.com\/wp-content\/uploads\/2023\/07\/DRIVE-IMAGES-DEPECHES-2023-07-11T183706.878-1.jpg","type":"image\/jpeg"}],"author":"Iboka Marc Andr\u00e9","twitter_card":"summary_large_image","twitter_misc":{"\u00c9crit par":"Iboka Marc Andr\u00e9","Dur\u00e9e de lecture estim\u00e9e":"2 minutes"},"schema":{"@context":"https:\/\/schema.org","@graph":[{"@type":"Article","@id":"https:\/\/depeches241.com\/?p=13564#article","isPartOf":{"@id":"https:\/\/depeches241.com\/?p=13564"},"author":{"name":"Iboka Marc Andr\u00e9","@id":"https:\/\/depeches241.com\/#\/schema\/person\/5abcf4b9361e0d8aa457b404d877674f"},"headline":"Pr\u00e9sidentielle 2023: le dossier d\u2019Ali Bongo jug\u00e9 complet et parfaitement recevable\u00a0","datePublished":"2023-07-11T17:48:23+00:00","dateModified":"2023-07-11T17:48:24+00:00","mainEntityOfPage":{"@id":"https:\/\/depeches241.com\/?p=13564"},"wordCount":345,"commentCount":0,"publisher":{"@id":"https:\/\/depeches241.com\/#organization"},"image":{"@id":"https:\/\/depeches241.com\/?p=13564#primaryimage"},"thumbnailUrl":"https:\/\/depeches241.com\/wp-content\/uploads\/2023\/07\/DRIVE-IMAGES-DEPECHES-2023-07-11T183706.878-1.jpg","keywords":["Ali Bongo Ondimba","Centre Gabonais des \u00c9lections","depeches241","Gabon","Parti d\u00e9mocratique gabonais","Politique","Pr\u00e9sidentielle 2023"],"articleSection":["POLITIQUE","Pr\u00e9sidentielle23","Une2"],"inLanguage":"fr-FR","potentialAction":[{"@type":"CommentAction","name":"Comment","target":["https:\/\/depeches241.com\/?p=13564#respond"]}]},{"@type":"WebPage","@id":"https:\/\/depeches241.com\/?p=13564","url":"https:\/\/depeches241.com\/?p=13564","name":"Pr\u00e9sidentielle 2023: le dossier d\u2019Ali Bongo jug\u00e9 complet et parfaitement recevable\u00a0 - Groupe D\u00e9p\u00eaches241","isPartOf":{"@id":"https:\/\/depeches241.com\/#website"},"primaryImageOfPage":{"@id":"https:\/\/depeches241.com\/?p=13564#primaryimage"},"image":{"@id":"https:\/\/depeches241.com\/?p=13564#primaryimage"},"thumbnailUrl":"https:\/\/depeches241.com\/wp-content\/uploads\/2023\/07\/DRIVE-IMAGES-DEPECHES-2023-07-11T183706.878-1.jpg","datePublished":"2023-07-11T17:48:23+00:00","dateModified":"2023-07-11T17:48:24+00:00","description":"Le pr\u00e9sident sortant Ali Bongo Ondimba s\u2019est rendu ce jour au Centre Gabonais des \u00c9lections (CGE) pour d\u00e9poser son dossier de candidature. Un dossier r\u00e9ceptionn\u00e9 par le pr\u00e9sident de cette institution ,Michel St\u00e9phane Bonda, lequel l\u2019a valid\u00e9 avant de d\u00e9livrer au candidat du Parti D\u00e9mocratique Gabonais (PDG) un certificat de d\u00e9p\u00f4t.","breadcrumb":{"@id":"https:\/\/depeches241.com\/?p=13564#breadcrumb"},"inLanguage":"fr-FR","potentialAction":[{"@type":"ReadAction","target":["https:\/\/depeches241.com\/?p=13564"]}]},{"@type":"ImageObject","inLanguage":"fr-FR","@id":"https:\/\/depeches241.com\/?p=13564#primaryimage","url":"https:\/\/depeches241.com\/wp-content\/uploads\/2023\/07\/DRIVE-IMAGES-DEPECHES-2023-07-11T183706.878-1.jpg","contentUrl":"https:\/\/depeches241.com\/wp-content\/uploads\/2023\/07\/DRIVE-IMAGES-DEPECHES-2023-07-11T183706.878-1.jpg","width":960,"height":540},{"@type":"BreadcrumbList","@id":"https:\/\/depeches241.com\/?p=13564#breadcrumb","itemListElement":[{"@type":"ListItem","position":1,"name":"Accueil","item":"https:\/\/depeches241.com\/"},{"@type":"ListItem","position":2,"name":"Pr\u00e9sidentielle 2023: le dossier d\u2019Ali Bongo jug\u00e9 complet et parfaitement recevable\u00a0"}]},{"@type":"WebSite","@id":"https:\/\/depeches241.com\/#website","url":"https:\/\/depeches241.com\/","name":"D\u00e9p\u00eaches241","description":"M\u00e9dia d&#039;actualit\u00e9 Politique, \u00c9conomique, Sociale et Internationale","publisher":{"@id":"https:\/\/depeches241.com\/#organization"},"potentialAction":[{"@type":"SearchAction","target":{"@type":"EntryPoint","urlTemplate":"https:\/\/depeches241.com\/?s={search_term_string}"},"query-input":{"@type":"PropertyValueSpecification","valueRequired":true,"valueName":"search_term_string"}}],"inLanguage":"fr-FR"},{"@type":"Organization","@id":"https:\/\/depeches241.com\/#organization","name":"Groupe D\u00e9p\u00eaches241","url":"https:\/\/depeches241.com\/","logo":{"@type":"ImageObject","inLanguage":"fr-FR","@id":"https:\/\/depeches241.com\/#\/schema\/logo\/image\/","url":"https:\/\/depeches241.com\/wp-content\/uploads\/2021\/10\/cropped-Logo-new-Accueil.png","contentUrl":"https:\/\/depeches241.com\/wp-content\/uploads\/2021\/10\/cropped-Logo-new-Accueil.png","width":320,"height":105,"caption":"Groupe D\u00e9p\u00eaches241"},"image":{"@id":"https:\/\/depeches241.com\/#\/schema\/logo\/image\/"},"sameAs":["https:\/\/www.facebook.com\/depeches241"]},{"@type":"Person","@id":"https:\/\/depeches241.com\/#\/schema\/person\/5abcf4b9361e0d8aa457b404d877674f","name":"Iboka Marc Andr\u00e9","image":{"@type":"ImageObject","inLanguage":"fr-FR","@id":"https:\/\/secure.gravatar.com\/avatar\/13c33935f0a59dd3c3a52ae25f58c248a1bf75f6e9ab4e6a7a23bfb8f9f53136?s=96&d=mm&r=g","url":"https:\/\/secure.gravatar.com\/avatar\/13c33935f0a59dd3c3a52ae25f58c248a1bf75f6e9ab4e6a7a23bfb8f9f53136?s=96&d=mm&r=g","contentUrl":"https:\/\/secure.gravatar.com\/avatar\/13c33935f0a59dd3c3a52ae25f58c248a1bf75f6e9ab4e6a7a23bfb8f9f53136?s=96&d=mm&r=g","caption":"Iboka Marc Andr\u00e9"},"url":"https:\/\/depeches241.com\/?author=12"}]}},"_links":{"self":[{"href":"https:\/\/depeches241.com\/index.php?rest_route=\/wp\/v2\/posts\/13564","targetHints":{"allow":["GET"]}}],"collection":[{"href":"https:\/\/depeches241.com\/index.php?rest_route=\/wp\/v2\/posts"}],"about":[{"href":"https:\/\/depeches241.com\/index.php?rest_route=\/wp\/v2\/types\/post"}],"author":[{"embeddable":true,"href":"https:\/\/depeches241.com\/index.php?rest_route=\/wp\/v2\/users\/12"}],"replies":[{"embeddable":true,"href":"https:\/\/depeches241.com\/index.php?rest_route=%2Fwp%2Fv2%2Fcomments&post=13564"}],"version-history":[{"count":1,"href":"https:\/\/depeches241.com\/index.php?rest_route=\/wp\/v2\/posts\/13564\/revisions"}],"predecessor-version":[{"id":13568,"href":"https:\/\/depeches241.com\/index.php?rest_route=\/wp\/v2\/posts\/13564\/revisions\/13568"}],"wp:featuredmedia":[{"embeddable":true,"href":"https:\/\/depeches241.com\/index.php?rest_route=\/wp\/v2\/media\/13566"}],"wp:attachment":[{"href":"https:\/\/depeches241.com\/index.php?rest_route=%2Fwp%2Fv2%2Fmedia&parent=13564"}],"wp:term":[{"taxonomy":"category","embeddable":true,"href":"https:\/\/depeches241.com\/index.php?rest_route=%2Fwp%2Fv2%2Fcategories&post=13564"},{"taxonomy":"post_tag","embeddable":true,"href":"https:\/\/depeches241.com\/index.php?rest_route=%2Fwp%2Fv2%2Ftags&post=13564"}],"curies":[{"name":"wp","href":"https:\/\/api.w.org\/{rel}","templated":true}]}}