{"id":14619,"date":"2023-08-31T17:15:56","date_gmt":"2023-08-31T15:15:56","guid":{"rendered":"https:\/\/depeches241.com\/?p=14619"},"modified":"2023-08-31T18:04:20","modified_gmt":"2023-08-31T16:04:20","slug":"gabon-brice-oligui-nguema-pretera-serment-le-4-septembre-2023","status":"publish","type":"post","link":"https:\/\/depeches241.com\/?p=14619","title":{"rendered":"Gabon: Brice Oligui Nguema pr\u00eatera serment le 4 septembre  2023\u00a0"},"content":{"rendered":"\n<figure class=\"wp-block-image size-full\"><img fetchpriority=\"high\" decoding=\"async\" width=\"960\" height=\"540\" src=\"https:\/\/depeches241.com\/wp-content\/uploads\/2023\/08\/DRIVE-IMAGES-DEPECHES-2023-08-31T161130.622.jpg\" alt=\"\" class=\"wp-image-14620\" srcset=\"https:\/\/depeches241.com\/wp-content\/uploads\/2023\/08\/DRIVE-IMAGES-DEPECHES-2023-08-31T161130.622.jpg 960w, https:\/\/depeches241.com\/wp-content\/uploads\/2023\/08\/DRIVE-IMAGES-DEPECHES-2023-08-31T161130.622-300x169.jpg 300w, https:\/\/depeches241.com\/wp-content\/uploads\/2023\/08\/DRIVE-IMAGES-DEPECHES-2023-08-31T161130.622-768x432.jpg 768w\" sizes=\"(max-width: 960px) 100vw, 960px\" \/><figcaption class=\"wp-element-caption\"><strong><em>capture d&rsquo;\u00e9cran de la d\u00e9claration du conseil national de la transition \u00a9 DR<\/em><\/strong><\/figcaption><\/figure>\n\n\n\n<p><strong>Libreville, le 31 ao\u00fbt 2023 (D\u00e9p\u00eaches 241). C\u2019est l\u2019annonce faite par le porte-parole du Comit\u00e9 pour la Transition et la Restauration des Institutions, Le colonel Ulrich Manfoumbi Manfoumbi, le pr\u00e9sident dudit comit\u00e9, le g\u00e9n\u00e9ral Brice Oligui Nguema pretera serment le 4 septembre prochain devant la Cour constitutionnel qui sera pour l\u2019occasion temporairement r\u00e9habilit\u00e9e.&nbsp;<\/strong><\/p>\n\n\n\n<p class=\"has-drop-cap\">Au lendemain de sa d\u00e9signation officielle, en qualit\u00e9 de pr\u00e9sident de la transition par le Comit\u00e9 de Transition pour la Restauration des Institutions, la date de prestation serment de Brice Olingi Nguema nouvel homme fort du Gabon a \u00e9t\u00e9 rendue publique par le porte-parole du CTRI.&nbsp;<\/p>\n\n\n\n<p>Il ressort du communiqu\u00e9 lu par le colonel Ulrich Mafoumbi Manfoumbi que la Cour Constitutionnelle sera momentan\u00e9ment r\u00e9tablie et que Brice Olingi Nguema, pr\u00e9sident de la Transition <strong><em>\u00ab pr\u00eatera serment [\u2026] le lundi 4 septembre 2023 \u00e0 la pr\u00e9sidence de la R\u00e9publique \u00bb, <\/em><\/strong>a indiqu\u00e9 le porte parole du CTRI.&nbsp;<\/p>\n\n\n\n<p>En outre, le pr\u00e9sident de la transition a invit\u00e9 les administrations \u00e0 reprendre du service <strong><em>\u00abPar ailleurs, (le g\u00e9n\u00e9ral Oligui Nguema) instruit l\u2019ensemble des Secr\u00e9taires g\u00e9n\u00e9raux, les cabinets minist\u00e9riels, les directeurs g\u00e9n\u00e9raux ainsi que tous les responsables des services de l\u2019\u00c9tat d\u2019assurer dans l\u2019imm\u00e9diat la reprise effective du travail et la continuit\u00e9 du fonctionnement de tous les services publics\u00bb <\/em><\/strong>a ajout\u00e9 le colonel Ulrich Mafoumbi Manfoumbi. &nbsp;<\/p>\n","protected":false},"excerpt":{"rendered":"<p>C\u2019est l\u2019annonce faite par le porte-parole du Comit\u00e9 pour la Transition et la Restauration des Institutions, Le colonel Ulrich Manfoumbi Manfoumbi, le pr\u00e9sident dudit comit\u00e9, le g\u00e9n\u00e9ral Brice Oligui Nguema pretera serment le 4 septembre prochain devant la Cour constitutionnel qui sera pour l\u2019occasion temporairement r\u00e9habilit\u00e9e<\/p>\n","protected":false},"author":11,"featured_media":14620,"comment_status":"open","ping_status":"open","sticky":false,"template":"","format":"standard","meta":{"om_disable_all_campaigns":false,"footnotes":""},"categories":[3,25,1737,116],"tags":[2845,2848,99,59,73,2849],"class_list":{"0":"post-14619","1":"post","2":"type-post","3":"status-publish","4":"format-standard","5":"has-post-thumbnail","7":"category-politique","8":"category-presidence","9":"category-presidentielle2023","10":"category-une1","11":"tag-brice-oligui-nguema","12":"tag-colonel-ulrich-manfoumbi-manfoumbi","13":"tag-depeches241","14":"tag-gabon","15":"tag-politique","16":"tag-prestation-de-serment"},"yoast_head":"<!-- This site is optimized with the Yoast SEO plugin v27.5 - https:\/\/yoast.com\/product\/yoast-seo-wordpress\/ -->\n<title>Gabon: Brice Oligui Nguema pr\u00eatera serment le 4 septembre 2023\u00a0 - Groupe D\u00e9p\u00eaches241<\/title>\n<meta name=\"description\" content=\"C\u2019est l\u2019annonce faite par le porte-parole du Comit\u00e9 pour la Transition et la Restauration des Institutions, Le colonel Ulrich Manfoumbi Manfoumbi, le pr\u00e9sident dudit comit\u00e9, le g\u00e9n\u00e9ral Brice Oligui Nguema pretera serment le 4 septembre prochain devant la Cour constitutionnel qui sera pour l\u2019occasion temporairement r\u00e9habilit\u00e9e\" \/>\n<meta name=\"robots\" content=\"index, follow, max-snippet:-1, max-image-preview:large, max-video-preview:-1\" \/>\n<link rel=\"canonical\" href=\"https:\/\/depeches241.com\/?p=14619\" \/>\n<meta property=\"og:locale\" content=\"fr_FR\" \/>\n<meta property=\"og:type\" content=\"article\" \/>\n<meta property=\"og:title\" content=\"Gabon: Brice Oligui Nguema pr\u00eatera serment le 4 septembre 2023\u00a0 - Groupe D\u00e9p\u00eaches241\" \/>\n<meta property=\"og:description\" content=\"C\u2019est l\u2019annonce faite par le porte-parole du Comit\u00e9 pour la Transition et la Restauration des Institutions, Le colonel Ulrich Manfoumbi Manfoumbi, le pr\u00e9sident dudit comit\u00e9, le g\u00e9n\u00e9ral Brice Oligui Nguema pretera serment le 4 septembre prochain devant la Cour constitutionnel qui sera pour l\u2019occasion temporairement r\u00e9habilit\u00e9e\" \/>\n<meta property=\"og:url\" content=\"https:\/\/depeches241.com\/?p=14619\" \/>\n<meta property=\"og:site_name\" content=\"Groupe D\u00e9p\u00eaches241\" \/>\n<meta property=\"article:publisher\" content=\"https:\/\/www.facebook.com\/depeches241\" \/>\n<meta property=\"article:published_time\" content=\"2023-08-31T15:15:56+00:00\" \/>\n<meta property=\"article:modified_time\" content=\"2023-08-31T16:04:20+00:00\" \/>\n<meta property=\"og:image\" content=\"https:\/\/depeches241.com\/wp-content\/uploads\/2023\/08\/DRIVE-IMAGES-DEPECHES-2023-08-31T161130.622.jpg\" \/>\n\t<meta property=\"og:image:width\" content=\"960\" \/>\n\t<meta property=\"og:image:height\" content=\"540\" \/>\n\t<meta property=\"og:image:type\" content=\"image\/jpeg\" \/>\n<meta name=\"author\" content=\"R\u00e9daction\" \/>\n<meta name=\"twitter:card\" content=\"summary_large_image\" \/>\n<meta name=\"twitter:label1\" content=\"\u00c9crit par\" \/>\n\t<meta name=\"twitter:data1\" content=\"R\u00e9daction\" \/>\n\t<meta name=\"twitter:label2\" content=\"Dur\u00e9e de lecture estim\u00e9e\" \/>\n\t<meta name=\"twitter:data2\" content=\"1 minute\" \/>\n<script type=\"application\/ld+json\" class=\"yoast-schema-graph\">{\"@context\":\"https:\\\/\\\/schema.org\",\"@graph\":[{\"@type\":\"Article\",\"@id\":\"https:\\\/\\\/depeches241.com\\\/?p=14619#article\",\"isPartOf\":{\"@id\":\"https:\\\/\\\/depeches241.com\\\/?p=14619\"},\"author\":{\"name\":\"R\u00e9daction\",\"@id\":\"https:\\\/\\\/depeches241.com\\\/#\\\/schema\\\/person\\\/977f23ecf7439b0805f4525a893a057a\"},\"headline\":\"Gabon: Brice Oligui Nguema pr\u00eatera serment le 4 septembre 2023\u00a0\",\"datePublished\":\"2023-08-31T15:15:56+00:00\",\"dateModified\":\"2023-08-31T16:04:20+00:00\",\"mainEntityOfPage\":{\"@id\":\"https:\\\/\\\/depeches241.com\\\/?p=14619\"},\"wordCount\":264,\"commentCount\":0,\"publisher\":{\"@id\":\"https:\\\/\\\/depeches241.com\\\/#organization\"},\"image\":{\"@id\":\"https:\\\/\\\/depeches241.com\\\/?p=14619#primaryimage\"},\"thumbnailUrl\":\"https:\\\/\\\/depeches241.com\\\/wp-content\\\/uploads\\\/2023\\\/08\\\/DRIVE-IMAGES-DEPECHES-2023-08-31T161130.622.jpg\",\"keywords\":[\"Brice Oligui Nguema\",\"colonel Ulrich Manfoumbi Manfoumbi\",\"depeches241\",\"Gabon\",\"Politique\",\"prestation de serment\"],\"articleSection\":[\"POLITIQUE\",\"PRESIDENCE\",\"Pr\u00e9sidentielle23\",\"Une1\"],\"inLanguage\":\"fr-FR\",\"potentialAction\":[{\"@type\":\"CommentAction\",\"name\":\"Comment\",\"target\":[\"https:\\\/\\\/depeches241.com\\\/?p=14619#respond\"]}]},{\"@type\":\"WebPage\",\"@id\":\"https:\\\/\\\/depeches241.com\\\/?p=14619\",\"url\":\"https:\\\/\\\/depeches241.com\\\/?p=14619\",\"name\":\"Gabon: Brice Oligui Nguema pr\u00eatera serment le 4 septembre 2023\u00a0 - Groupe D\u00e9p\u00eaches241\",\"isPartOf\":{\"@id\":\"https:\\\/\\\/depeches241.com\\\/#website\"},\"primaryImageOfPage\":{\"@id\":\"https:\\\/\\\/depeches241.com\\\/?p=14619#primaryimage\"},\"image\":{\"@id\":\"https:\\\/\\\/depeches241.com\\\/?p=14619#primaryimage\"},\"thumbnailUrl\":\"https:\\\/\\\/depeches241.com\\\/wp-content\\\/uploads\\\/2023\\\/08\\\/DRIVE-IMAGES-DEPECHES-2023-08-31T161130.622.jpg\",\"datePublished\":\"2023-08-31T15:15:56+00:00\",\"dateModified\":\"2023-08-31T16:04:20+00:00\",\"description\":\"C\u2019est l\u2019annonce faite par le porte-parole du Comit\u00e9 pour la Transition et la Restauration des Institutions, Le colonel Ulrich Manfoumbi Manfoumbi, le pr\u00e9sident dudit comit\u00e9, le g\u00e9n\u00e9ral Brice Oligui Nguema pretera serment le 4 septembre prochain devant la Cour constitutionnel qui sera pour l\u2019occasion temporairement r\u00e9habilit\u00e9e\",\"breadcrumb\":{\"@id\":\"https:\\\/\\\/depeches241.com\\\/?p=14619#breadcrumb\"},\"inLanguage\":\"fr-FR\",\"potentialAction\":[{\"@type\":\"ReadAction\",\"target\":[\"https:\\\/\\\/depeches241.com\\\/?p=14619\"]}]},{\"@type\":\"ImageObject\",\"inLanguage\":\"fr-FR\",\"@id\":\"https:\\\/\\\/depeches241.com\\\/?p=14619#primaryimage\",\"url\":\"https:\\\/\\\/depeches241.com\\\/wp-content\\\/uploads\\\/2023\\\/08\\\/DRIVE-IMAGES-DEPECHES-2023-08-31T161130.622.jpg\",\"contentUrl\":\"https:\\\/\\\/depeches241.com\\\/wp-content\\\/uploads\\\/2023\\\/08\\\/DRIVE-IMAGES-DEPECHES-2023-08-31T161130.622.jpg\",\"width\":960,\"height\":540},{\"@type\":\"BreadcrumbList\",\"@id\":\"https:\\\/\\\/depeches241.com\\\/?p=14619#breadcrumb\",\"itemListElement\":[{\"@type\":\"ListItem\",\"position\":1,\"name\":\"Accueil\",\"item\":\"https:\\\/\\\/depeches241.com\\\/\"},{\"@type\":\"ListItem\",\"position\":2,\"name\":\"Gabon: Brice Oligui Nguema pr\u00eatera serment le 4 septembre 2023\u00a0\"}]},{\"@type\":\"WebSite\",\"@id\":\"https:\\\/\\\/depeches241.com\\\/#website\",\"url\":\"https:\\\/\\\/depeches241.com\\\/\",\"name\":\"D\u00e9p\u00eaches241\",\"description\":\"M\u00e9dia d&#039;actualit\u00e9 Politique, \u00c9conomique, Sociale et Internationale\",\"publisher\":{\"@id\":\"https:\\\/\\\/depeches241.com\\\/#organization\"},\"potentialAction\":[{\"@type\":\"SearchAction\",\"target\":{\"@type\":\"EntryPoint\",\"urlTemplate\":\"https:\\\/\\\/depeches241.com\\\/?s={search_term_string}\"},\"query-input\":{\"@type\":\"PropertyValueSpecification\",\"valueRequired\":true,\"valueName\":\"search_term_string\"}}],\"inLanguage\":\"fr-FR\"},{\"@type\":\"Organization\",\"@id\":\"https:\\\/\\\/depeches241.com\\\/#organization\",\"name\":\"Groupe D\u00e9p\u00eaches241\",\"url\":\"https:\\\/\\\/depeches241.com\\\/\",\"logo\":{\"@type\":\"ImageObject\",\"inLanguage\":\"fr-FR\",\"@id\":\"https:\\\/\\\/depeches241.com\\\/#\\\/schema\\\/logo\\\/image\\\/\",\"url\":\"https:\\\/\\\/depeches241.com\\\/wp-content\\\/uploads\\\/2021\\\/10\\\/cropped-Logo-new-Accueil.png\",\"contentUrl\":\"https:\\\/\\\/depeches241.com\\\/wp-content\\\/uploads\\\/2021\\\/10\\\/cropped-Logo-new-Accueil.png\",\"width\":320,\"height\":105,\"caption\":\"Groupe D\u00e9p\u00eaches241\"},\"image\":{\"@id\":\"https:\\\/\\\/depeches241.com\\\/#\\\/schema\\\/logo\\\/image\\\/\"},\"sameAs\":[\"https:\\\/\\\/www.facebook.com\\\/depeches241\"]},{\"@type\":\"Person\",\"@id\":\"https:\\\/\\\/depeches241.com\\\/#\\\/schema\\\/person\\\/977f23ecf7439b0805f4525a893a057a\",\"name\":\"R\u00e9daction\",\"image\":{\"@type\":\"ImageObject\",\"inLanguage\":\"fr-FR\",\"@id\":\"https:\\\/\\\/secure.gravatar.com\\\/avatar\\\/8c655dbc51e5c9289f919f15ce20847ab5a910f8369a17ca243b673da48541f5?s=96&d=mm&r=g\",\"url\":\"https:\\\/\\\/secure.gravatar.com\\\/avatar\\\/8c655dbc51e5c9289f919f15ce20847ab5a910f8369a17ca243b673da48541f5?s=96&d=mm&r=g\",\"contentUrl\":\"https:\\\/\\\/secure.gravatar.com\\\/avatar\\\/8c655dbc51e5c9289f919f15ce20847ab5a910f8369a17ca243b673da48541f5?s=96&d=mm&r=g\",\"caption\":\"R\u00e9daction\"},\"url\":\"https:\\\/\\\/depeches241.com\\\/?author=11\"}]}<\/script>\n<!-- \/ Yoast SEO plugin. -->","yoast_head_json":{"title":"Gabon: Brice Oligui Nguema pr\u00eatera serment le 4 septembre 2023\u00a0 - Groupe D\u00e9p\u00eaches241","description":"C\u2019est l\u2019annonce faite par le porte-parole du Comit\u00e9 pour la Transition et la Restauration des Institutions, Le colonel Ulrich Manfoumbi Manfoumbi, le pr\u00e9sident dudit comit\u00e9, le g\u00e9n\u00e9ral Brice Oligui Nguema pretera serment le 4 septembre prochain devant la Cour constitutionnel qui sera pour l\u2019occasion temporairement r\u00e9habilit\u00e9e","robots":{"index":"index","follow":"follow","max-snippet":"max-snippet:-1","max-image-preview":"max-image-preview:large","max-video-preview":"max-video-preview:-1"},"canonical":"https:\/\/depeches241.com\/?p=14619","og_locale":"fr_FR","og_type":"article","og_title":"Gabon: Brice Oligui Nguema pr\u00eatera serment le 4 septembre 2023\u00a0 - Groupe D\u00e9p\u00eaches241","og_description":"C\u2019est l\u2019annonce faite par le porte-parole du Comit\u00e9 pour la Transition et la Restauration des Institutions, Le colonel Ulrich Manfoumbi Manfoumbi, le pr\u00e9sident dudit comit\u00e9, le g\u00e9n\u00e9ral Brice Oligui Nguema pretera serment le 4 septembre prochain devant la Cour constitutionnel qui sera pour l\u2019occasion temporairement r\u00e9habilit\u00e9e","og_url":"https:\/\/depeches241.com\/?p=14619","og_site_name":"Groupe D\u00e9p\u00eaches241","article_publisher":"https:\/\/www.facebook.com\/depeches241","article_published_time":"2023-08-31T15:15:56+00:00","article_modified_time":"2023-08-31T16:04:20+00:00","og_image":[{"width":960,"height":540,"url":"https:\/\/depeches241.com\/wp-content\/uploads\/2023\/08\/DRIVE-IMAGES-DEPECHES-2023-08-31T161130.622.jpg","type":"image\/jpeg"}],"author":"R\u00e9daction","twitter_card":"summary_large_image","twitter_misc":{"\u00c9crit par":"R\u00e9daction","Dur\u00e9e de lecture estim\u00e9e":"1 minute"},"schema":{"@context":"https:\/\/schema.org","@graph":[{"@type":"Article","@id":"https:\/\/depeches241.com\/?p=14619#article","isPartOf":{"@id":"https:\/\/depeches241.com\/?p=14619"},"author":{"name":"R\u00e9daction","@id":"https:\/\/depeches241.com\/#\/schema\/person\/977f23ecf7439b0805f4525a893a057a"},"headline":"Gabon: Brice Oligui Nguema pr\u00eatera serment le 4 septembre 2023\u00a0","datePublished":"2023-08-31T15:15:56+00:00","dateModified":"2023-08-31T16:04:20+00:00","mainEntityOfPage":{"@id":"https:\/\/depeches241.com\/?p=14619"},"wordCount":264,"commentCount":0,"publisher":{"@id":"https:\/\/depeches241.com\/#organization"},"image":{"@id":"https:\/\/depeches241.com\/?p=14619#primaryimage"},"thumbnailUrl":"https:\/\/depeches241.com\/wp-content\/uploads\/2023\/08\/DRIVE-IMAGES-DEPECHES-2023-08-31T161130.622.jpg","keywords":["Brice Oligui Nguema","colonel Ulrich Manfoumbi Manfoumbi","depeches241","Gabon","Politique","prestation de serment"],"articleSection":["POLITIQUE","PRESIDENCE","Pr\u00e9sidentielle23","Une1"],"inLanguage":"fr-FR","potentialAction":[{"@type":"CommentAction","name":"Comment","target":["https:\/\/depeches241.com\/?p=14619#respond"]}]},{"@type":"WebPage","@id":"https:\/\/depeches241.com\/?p=14619","url":"https:\/\/depeches241.com\/?p=14619","name":"Gabon: Brice Oligui Nguema pr\u00eatera serment le 4 septembre 2023\u00a0 - Groupe D\u00e9p\u00eaches241","isPartOf":{"@id":"https:\/\/depeches241.com\/#website"},"primaryImageOfPage":{"@id":"https:\/\/depeches241.com\/?p=14619#primaryimage"},"image":{"@id":"https:\/\/depeches241.com\/?p=14619#primaryimage"},"thumbnailUrl":"https:\/\/depeches241.com\/wp-content\/uploads\/2023\/08\/DRIVE-IMAGES-DEPECHES-2023-08-31T161130.622.jpg","datePublished":"2023-08-31T15:15:56+00:00","dateModified":"2023-08-31T16:04:20+00:00","description":"C\u2019est l\u2019annonce faite par le porte-parole du Comit\u00e9 pour la Transition et la Restauration des Institutions, Le colonel Ulrich Manfoumbi Manfoumbi, le pr\u00e9sident dudit comit\u00e9, le g\u00e9n\u00e9ral Brice Oligui Nguema pretera serment le 4 septembre prochain devant la Cour constitutionnel qui sera pour l\u2019occasion temporairement r\u00e9habilit\u00e9e","breadcrumb":{"@id":"https:\/\/depeches241.com\/?p=14619#breadcrumb"},"inLanguage":"fr-FR","potentialAction":[{"@type":"ReadAction","target":["https:\/\/depeches241.com\/?p=14619"]}]},{"@type":"ImageObject","inLanguage":"fr-FR","@id":"https:\/\/depeches241.com\/?p=14619#primaryimage","url":"https:\/\/depeches241.com\/wp-content\/uploads\/2023\/08\/DRIVE-IMAGES-DEPECHES-2023-08-31T161130.622.jpg","contentUrl":"https:\/\/depeches241.com\/wp-content\/uploads\/2023\/08\/DRIVE-IMAGES-DEPECHES-2023-08-31T161130.622.jpg","width":960,"height":540},{"@type":"BreadcrumbList","@id":"https:\/\/depeches241.com\/?p=14619#breadcrumb","itemListElement":[{"@type":"ListItem","position":1,"name":"Accueil","item":"https:\/\/depeches241.com\/"},{"@type":"ListItem","position":2,"name":"Gabon: Brice Oligui Nguema pr\u00eatera serment le 4 septembre 2023\u00a0"}]},{"@type":"WebSite","@id":"https:\/\/depeches241.com\/#website","url":"https:\/\/depeches241.com\/","name":"D\u00e9p\u00eaches241","description":"M\u00e9dia d&#039;actualit\u00e9 Politique, \u00c9conomique, Sociale et Internationale","publisher":{"@id":"https:\/\/depeches241.com\/#organization"},"potentialAction":[{"@type":"SearchAction","target":{"@type":"EntryPoint","urlTemplate":"https:\/\/depeches241.com\/?s={search_term_string}"},"query-input":{"@type":"PropertyValueSpecification","valueRequired":true,"valueName":"search_term_string"}}],"inLanguage":"fr-FR"},{"@type":"Organization","@id":"https:\/\/depeches241.com\/#organization","name":"Groupe D\u00e9p\u00eaches241","url":"https:\/\/depeches241.com\/","logo":{"@type":"ImageObject","inLanguage":"fr-FR","@id":"https:\/\/depeches241.com\/#\/schema\/logo\/image\/","url":"https:\/\/depeches241.com\/wp-content\/uploads\/2021\/10\/cropped-Logo-new-Accueil.png","contentUrl":"https:\/\/depeches241.com\/wp-content\/uploads\/2021\/10\/cropped-Logo-new-Accueil.png","width":320,"height":105,"caption":"Groupe D\u00e9p\u00eaches241"},"image":{"@id":"https:\/\/depeches241.com\/#\/schema\/logo\/image\/"},"sameAs":["https:\/\/www.facebook.com\/depeches241"]},{"@type":"Person","@id":"https:\/\/depeches241.com\/#\/schema\/person\/977f23ecf7439b0805f4525a893a057a","name":"R\u00e9daction","image":{"@type":"ImageObject","inLanguage":"fr-FR","@id":"https:\/\/secure.gravatar.com\/avatar\/8c655dbc51e5c9289f919f15ce20847ab5a910f8369a17ca243b673da48541f5?s=96&d=mm&r=g","url":"https:\/\/secure.gravatar.com\/avatar\/8c655dbc51e5c9289f919f15ce20847ab5a910f8369a17ca243b673da48541f5?s=96&d=mm&r=g","contentUrl":"https:\/\/secure.gravatar.com\/avatar\/8c655dbc51e5c9289f919f15ce20847ab5a910f8369a17ca243b673da48541f5?s=96&d=mm&r=g","caption":"R\u00e9daction"},"url":"https:\/\/depeches241.com\/?author=11"}]}},"_links":{"self":[{"href":"https:\/\/depeches241.com\/index.php?rest_route=\/wp\/v2\/posts\/14619","targetHints":{"allow":["GET"]}}],"collection":[{"href":"https:\/\/depeches241.com\/index.php?rest_route=\/wp\/v2\/posts"}],"about":[{"href":"https:\/\/depeches241.com\/index.php?rest_route=\/wp\/v2\/types\/post"}],"author":[{"embeddable":true,"href":"https:\/\/depeches241.com\/index.php?rest_route=\/wp\/v2\/users\/11"}],"replies":[{"embeddable":true,"href":"https:\/\/depeches241.com\/index.php?rest_route=%2Fwp%2Fv2%2Fcomments&post=14619"}],"version-history":[{"count":3,"href":"https:\/\/depeches241.com\/index.php?rest_route=\/wp\/v2\/posts\/14619\/revisions"}],"predecessor-version":[{"id":14623,"href":"https:\/\/depeches241.com\/index.php?rest_route=\/wp\/v2\/posts\/14619\/revisions\/14623"}],"wp:featuredmedia":[{"embeddable":true,"href":"https:\/\/depeches241.com\/index.php?rest_route=\/wp\/v2\/media\/14620"}],"wp:attachment":[{"href":"https:\/\/depeches241.com\/index.php?rest_route=%2Fwp%2Fv2%2Fmedia&parent=14619"}],"wp:term":[{"taxonomy":"category","embeddable":true,"href":"https:\/\/depeches241.com\/index.php?rest_route=%2Fwp%2Fv2%2Fcategories&post=14619"},{"taxonomy":"post_tag","embeddable":true,"href":"https:\/\/depeches241.com\/index.php?rest_route=%2Fwp%2Fv2%2Ftags&post=14619"}],"curies":[{"name":"wp","href":"https:\/\/api.w.org\/{rel}","templated":true}]}}