{"id":14763,"date":"2023-09-06T18:52:35","date_gmt":"2023-09-06T16:52:35","guid":{"rendered":"https:\/\/depeches241.com\/?p=14763"},"modified":"2023-09-06T18:52:37","modified_gmt":"2023-09-06T16:52:37","slug":"transition-politique-guy-nzouba-ndama-recouvre-sa-liberte","status":"publish","type":"post","link":"https:\/\/depeches241.com\/?p=14763","title":{"rendered":"Transition politique: Guy Nzouba Ndama recouvre sa libert\u00e9\u00a0"},"content":{"rendered":"\n<figure class=\"wp-block-image size-full\"><img fetchpriority=\"high\" decoding=\"async\" width=\"960\" height=\"540\" src=\"https:\/\/depeches241.com\/wp-content\/uploads\/2023\/09\/DRIVE-IMAGES-DEPECHES-2023-09-06T174829.546.jpg\" alt=\"\" class=\"wp-image-14764\" srcset=\"https:\/\/depeches241.com\/wp-content\/uploads\/2023\/09\/DRIVE-IMAGES-DEPECHES-2023-09-06T174829.546.jpg 960w, https:\/\/depeches241.com\/wp-content\/uploads\/2023\/09\/DRIVE-IMAGES-DEPECHES-2023-09-06T174829.546-300x169.jpg 300w, https:\/\/depeches241.com\/wp-content\/uploads\/2023\/09\/DRIVE-IMAGES-DEPECHES-2023-09-06T174829.546-768x432.jpg 768w\" sizes=\"(max-width: 960px) 100vw, 960px\" \/><figcaption class=\"wp-element-caption\"><strong><em>Le pr\u00e9sident des D\u00e9mocrates n&rsquo;est plus en r\u00e9sidence surveill\u00e9e \u00a9 DR<\/em><\/strong><\/figcaption><\/figure>\n\n\n\n<p><strong>Libreville, le 06 septembre 2023 &#8211; (D\u00e9p\u00eaches 241). Apr\u00e8s la lib\u00e9ration de plusieurs prisonniers politiques et d&rsquo;opinion mardi, sur instruction du Pr\u00e9sident de la Transition, Brice Oligui Nguema, le tour est venu ce 6 septembre \u00e0 la mise en libert\u00e9 totale de l&rsquo;opposant Guy Nzouba Ndama, assign\u00e9 \u00e0 r\u00e9sidence depuis pr\u00e8s d&rsquo;un an.<\/strong><\/p>\n\n\n\n<p class=\"has-drop-cap\">Assign\u00e9 \u00e0 r\u00e9sidence surveill\u00e9e depuis&nbsp; septembre 2022, Guy Nzouba Ndama a \u00e9t\u00e9 mis en libert\u00e9 totale ce mercredi par le Pr\u00e9sident de la Transition Brice Clotaire Oligui Nguema. Le chef de file des D\u00e9mocrates \u00e9tait accus\u00e9 de <strong><em>\u00ab blanchiment de capitaux, association de malfaiteurs, corruption active, atteinte aux int\u00e9r\u00eats fondamentaux de la Nation et intelligence avec une puissance \u00e9trang\u00e8re \u00bb<\/em><\/strong><strong>, <\/strong>apr\u00e8s son interpellation de retour du Congo en possession de plus d&rsquo;un milliard de Fcfa.&nbsp;<\/p>\n\n\n\n<p>Avant son arrestation, Guy Nzouba Ndama se dressait en adversaire de poids face \u00e0 Ali Bongo. Sa mise \u00e0 l&rsquo;\u00e9cart a particip\u00e9 \u00e0 affaiblir sa formation politique d\u00e9j\u00e0 d\u00e9lest\u00e9e de plusieurs de ses cadres. Par ce nouvel acte, le Pr\u00e9sident du CTRI manifeste , une fois de plus, son engagement \u00e0 \u0153uvrer pour la restauration du dialogue et la promotion de la justice sociale au Gabon.&nbsp;<\/p>\n","protected":false},"excerpt":{"rendered":"<p>Apr\u00e8s la lib\u00e9ration de plusieurs prisonniers politiques et d&rsquo;opinion mardi, sur instruction du Pr\u00e9sident de la Transition, Brice Oligui Nguema, le tour est venu ce 6 septembre \u00e0 la mise en libert\u00e9 totale de l&rsquo;opposant Guy Nzouba Ndama, assign\u00e9 \u00e0 r\u00e9sidence depuis pr\u00e8s d&rsquo;un an.<\/p>\n","protected":false},"author":11,"featured_media":14764,"comment_status":"open","ping_status":"open","sticky":false,"template":"","format":"standard","meta":{"om_disable_all_campaigns":false,"footnotes":""},"categories":[6,3,116],"tags":[2845,99,59,466,2871,73],"class_list":{"0":"post-14763","1":"post","2":"type-post","3":"status-publish","4":"format-standard","5":"has-post-thumbnail","7":"category-faits-divers-justice","8":"category-politique","9":"category-une1","10":"tag-brice-oligui-nguema","11":"tag-depeches241","12":"tag-gabon","13":"tag-guy-nzouba-ndama","14":"tag-libere","15":"tag-politique"},"yoast_head":"<!-- This site is optimized with the Yoast SEO plugin v27.5 - https:\/\/yoast.com\/product\/yoast-seo-wordpress\/ -->\n<title>Transition politique: Guy Nzouba Ndama recouvre sa libert\u00e9\u00a0 - Groupe D\u00e9p\u00eaches241<\/title>\n<meta name=\"description\" content=\"Apr\u00e8s la lib\u00e9ration de plusieurs prisonniers politiques et d&#039;opinion mardi, sur instruction du Pr\u00e9sident de la Transition, Brice Oligui Nguema, le tour est venu ce 6 septembre \u00e0 la mise en libert\u00e9 totale de l&#039;opposant Guy Nzouba Ndama, assign\u00e9 \u00e0 r\u00e9sidence depuis pr\u00e8s d&#039;un an.\" \/>\n<meta name=\"robots\" content=\"index, follow, max-snippet:-1, max-image-preview:large, max-video-preview:-1\" \/>\n<link rel=\"canonical\" href=\"https:\/\/depeches241.com\/?p=14763\" \/>\n<meta property=\"og:locale\" content=\"fr_FR\" \/>\n<meta property=\"og:type\" content=\"article\" \/>\n<meta property=\"og:title\" content=\"Transition politique: Guy Nzouba Ndama recouvre sa libert\u00e9\u00a0 - Groupe D\u00e9p\u00eaches241\" \/>\n<meta property=\"og:description\" content=\"Apr\u00e8s la lib\u00e9ration de plusieurs prisonniers politiques et d&#039;opinion mardi, sur instruction du Pr\u00e9sident de la Transition, Brice Oligui Nguema, le tour est venu ce 6 septembre \u00e0 la mise en libert\u00e9 totale de l&#039;opposant Guy Nzouba Ndama, assign\u00e9 \u00e0 r\u00e9sidence depuis pr\u00e8s d&#039;un an.\" \/>\n<meta property=\"og:url\" content=\"https:\/\/depeches241.com\/?p=14763\" \/>\n<meta property=\"og:site_name\" content=\"Groupe D\u00e9p\u00eaches241\" \/>\n<meta property=\"article:publisher\" content=\"https:\/\/www.facebook.com\/depeches241\" \/>\n<meta property=\"article:published_time\" content=\"2023-09-06T16:52:35+00:00\" \/>\n<meta property=\"article:modified_time\" content=\"2023-09-06T16:52:37+00:00\" \/>\n<meta property=\"og:image\" content=\"https:\/\/depeches241.com\/wp-content\/uploads\/2023\/09\/DRIVE-IMAGES-DEPECHES-2023-09-06T174829.546.jpg\" \/>\n\t<meta property=\"og:image:width\" content=\"960\" \/>\n\t<meta property=\"og:image:height\" content=\"540\" \/>\n\t<meta property=\"og:image:type\" content=\"image\/jpeg\" \/>\n<meta name=\"author\" content=\"R\u00e9daction\" \/>\n<meta name=\"twitter:card\" content=\"summary_large_image\" \/>\n<meta name=\"twitter:label1\" content=\"\u00c9crit par\" \/>\n\t<meta name=\"twitter:data1\" content=\"R\u00e9daction\" \/>\n\t<meta name=\"twitter:label2\" content=\"Dur\u00e9e de lecture estim\u00e9e\" \/>\n\t<meta name=\"twitter:data2\" content=\"1 minute\" \/>\n<script type=\"application\/ld+json\" class=\"yoast-schema-graph\">{\"@context\":\"https:\\\/\\\/schema.org\",\"@graph\":[{\"@type\":\"Article\",\"@id\":\"https:\\\/\\\/depeches241.com\\\/?p=14763#article\",\"isPartOf\":{\"@id\":\"https:\\\/\\\/depeches241.com\\\/?p=14763\"},\"author\":{\"name\":\"R\u00e9daction\",\"@id\":\"https:\\\/\\\/depeches241.com\\\/#\\\/schema\\\/person\\\/977f23ecf7439b0805f4525a893a057a\"},\"headline\":\"Transition politique: Guy Nzouba Ndama recouvre sa libert\u00e9\u00a0\",\"datePublished\":\"2023-09-06T16:52:35+00:00\",\"dateModified\":\"2023-09-06T16:52:37+00:00\",\"mainEntityOfPage\":{\"@id\":\"https:\\\/\\\/depeches241.com\\\/?p=14763\"},\"wordCount\":224,\"commentCount\":0,\"publisher\":{\"@id\":\"https:\\\/\\\/depeches241.com\\\/#organization\"},\"image\":{\"@id\":\"https:\\\/\\\/depeches241.com\\\/?p=14763#primaryimage\"},\"thumbnailUrl\":\"https:\\\/\\\/depeches241.com\\\/wp-content\\\/uploads\\\/2023\\\/09\\\/DRIVE-IMAGES-DEPECHES-2023-09-06T174829.546.jpg\",\"keywords\":[\"Brice Oligui Nguema\",\"depeches241\",\"Gabon\",\"Guy Nzouba Ndama\",\"Liber\u00e9\",\"Politique\"],\"articleSection\":[\"JUSTICE\",\"POLITIQUE\",\"Une1\"],\"inLanguage\":\"fr-FR\",\"potentialAction\":[{\"@type\":\"CommentAction\",\"name\":\"Comment\",\"target\":[\"https:\\\/\\\/depeches241.com\\\/?p=14763#respond\"]}]},{\"@type\":\"WebPage\",\"@id\":\"https:\\\/\\\/depeches241.com\\\/?p=14763\",\"url\":\"https:\\\/\\\/depeches241.com\\\/?p=14763\",\"name\":\"Transition politique: Guy Nzouba Ndama recouvre sa libert\u00e9\u00a0 - Groupe D\u00e9p\u00eaches241\",\"isPartOf\":{\"@id\":\"https:\\\/\\\/depeches241.com\\\/#website\"},\"primaryImageOfPage\":{\"@id\":\"https:\\\/\\\/depeches241.com\\\/?p=14763#primaryimage\"},\"image\":{\"@id\":\"https:\\\/\\\/depeches241.com\\\/?p=14763#primaryimage\"},\"thumbnailUrl\":\"https:\\\/\\\/depeches241.com\\\/wp-content\\\/uploads\\\/2023\\\/09\\\/DRIVE-IMAGES-DEPECHES-2023-09-06T174829.546.jpg\",\"datePublished\":\"2023-09-06T16:52:35+00:00\",\"dateModified\":\"2023-09-06T16:52:37+00:00\",\"description\":\"Apr\u00e8s la lib\u00e9ration de plusieurs prisonniers politiques et d'opinion mardi, sur instruction du Pr\u00e9sident de la Transition, Brice Oligui Nguema, le tour est venu ce 6 septembre \u00e0 la mise en libert\u00e9 totale de l'opposant Guy Nzouba Ndama, assign\u00e9 \u00e0 r\u00e9sidence depuis pr\u00e8s d'un an.\",\"breadcrumb\":{\"@id\":\"https:\\\/\\\/depeches241.com\\\/?p=14763#breadcrumb\"},\"inLanguage\":\"fr-FR\",\"potentialAction\":[{\"@type\":\"ReadAction\",\"target\":[\"https:\\\/\\\/depeches241.com\\\/?p=14763\"]}]},{\"@type\":\"ImageObject\",\"inLanguage\":\"fr-FR\",\"@id\":\"https:\\\/\\\/depeches241.com\\\/?p=14763#primaryimage\",\"url\":\"https:\\\/\\\/depeches241.com\\\/wp-content\\\/uploads\\\/2023\\\/09\\\/DRIVE-IMAGES-DEPECHES-2023-09-06T174829.546.jpg\",\"contentUrl\":\"https:\\\/\\\/depeches241.com\\\/wp-content\\\/uploads\\\/2023\\\/09\\\/DRIVE-IMAGES-DEPECHES-2023-09-06T174829.546.jpg\",\"width\":960,\"height\":540},{\"@type\":\"BreadcrumbList\",\"@id\":\"https:\\\/\\\/depeches241.com\\\/?p=14763#breadcrumb\",\"itemListElement\":[{\"@type\":\"ListItem\",\"position\":1,\"name\":\"Accueil\",\"item\":\"https:\\\/\\\/depeches241.com\\\/\"},{\"@type\":\"ListItem\",\"position\":2,\"name\":\"Transition politique: Guy Nzouba Ndama recouvre sa libert\u00e9\u00a0\"}]},{\"@type\":\"WebSite\",\"@id\":\"https:\\\/\\\/depeches241.com\\\/#website\",\"url\":\"https:\\\/\\\/depeches241.com\\\/\",\"name\":\"D\u00e9p\u00eaches241\",\"description\":\"M\u00e9dia d&#039;actualit\u00e9 Politique, \u00c9conomique, Sociale et Internationale\",\"publisher\":{\"@id\":\"https:\\\/\\\/depeches241.com\\\/#organization\"},\"potentialAction\":[{\"@type\":\"SearchAction\",\"target\":{\"@type\":\"EntryPoint\",\"urlTemplate\":\"https:\\\/\\\/depeches241.com\\\/?s={search_term_string}\"},\"query-input\":{\"@type\":\"PropertyValueSpecification\",\"valueRequired\":true,\"valueName\":\"search_term_string\"}}],\"inLanguage\":\"fr-FR\"},{\"@type\":\"Organization\",\"@id\":\"https:\\\/\\\/depeches241.com\\\/#organization\",\"name\":\"Groupe D\u00e9p\u00eaches241\",\"url\":\"https:\\\/\\\/depeches241.com\\\/\",\"logo\":{\"@type\":\"ImageObject\",\"inLanguage\":\"fr-FR\",\"@id\":\"https:\\\/\\\/depeches241.com\\\/#\\\/schema\\\/logo\\\/image\\\/\",\"url\":\"https:\\\/\\\/depeches241.com\\\/wp-content\\\/uploads\\\/2021\\\/10\\\/cropped-Logo-new-Accueil.png\",\"contentUrl\":\"https:\\\/\\\/depeches241.com\\\/wp-content\\\/uploads\\\/2021\\\/10\\\/cropped-Logo-new-Accueil.png\",\"width\":320,\"height\":105,\"caption\":\"Groupe D\u00e9p\u00eaches241\"},\"image\":{\"@id\":\"https:\\\/\\\/depeches241.com\\\/#\\\/schema\\\/logo\\\/image\\\/\"},\"sameAs\":[\"https:\\\/\\\/www.facebook.com\\\/depeches241\"]},{\"@type\":\"Person\",\"@id\":\"https:\\\/\\\/depeches241.com\\\/#\\\/schema\\\/person\\\/977f23ecf7439b0805f4525a893a057a\",\"name\":\"R\u00e9daction\",\"image\":{\"@type\":\"ImageObject\",\"inLanguage\":\"fr-FR\",\"@id\":\"https:\\\/\\\/secure.gravatar.com\\\/avatar\\\/8c655dbc51e5c9289f919f15ce20847ab5a910f8369a17ca243b673da48541f5?s=96&d=mm&r=g\",\"url\":\"https:\\\/\\\/secure.gravatar.com\\\/avatar\\\/8c655dbc51e5c9289f919f15ce20847ab5a910f8369a17ca243b673da48541f5?s=96&d=mm&r=g\",\"contentUrl\":\"https:\\\/\\\/secure.gravatar.com\\\/avatar\\\/8c655dbc51e5c9289f919f15ce20847ab5a910f8369a17ca243b673da48541f5?s=96&d=mm&r=g\",\"caption\":\"R\u00e9daction\"},\"url\":\"https:\\\/\\\/depeches241.com\\\/?author=11\"}]}<\/script>\n<!-- \/ Yoast SEO plugin. -->","yoast_head_json":{"title":"Transition politique: Guy Nzouba Ndama recouvre sa libert\u00e9\u00a0 - Groupe D\u00e9p\u00eaches241","description":"Apr\u00e8s la lib\u00e9ration de plusieurs prisonniers politiques et d'opinion mardi, sur instruction du Pr\u00e9sident de la Transition, Brice Oligui Nguema, le tour est venu ce 6 septembre \u00e0 la mise en libert\u00e9 totale de l'opposant Guy Nzouba Ndama, assign\u00e9 \u00e0 r\u00e9sidence depuis pr\u00e8s d'un an.","robots":{"index":"index","follow":"follow","max-snippet":"max-snippet:-1","max-image-preview":"max-image-preview:large","max-video-preview":"max-video-preview:-1"},"canonical":"https:\/\/depeches241.com\/?p=14763","og_locale":"fr_FR","og_type":"article","og_title":"Transition politique: Guy Nzouba Ndama recouvre sa libert\u00e9\u00a0 - Groupe D\u00e9p\u00eaches241","og_description":"Apr\u00e8s la lib\u00e9ration de plusieurs prisonniers politiques et d'opinion mardi, sur instruction du Pr\u00e9sident de la Transition, Brice Oligui Nguema, le tour est venu ce 6 septembre \u00e0 la mise en libert\u00e9 totale de l'opposant Guy Nzouba Ndama, assign\u00e9 \u00e0 r\u00e9sidence depuis pr\u00e8s d'un an.","og_url":"https:\/\/depeches241.com\/?p=14763","og_site_name":"Groupe D\u00e9p\u00eaches241","article_publisher":"https:\/\/www.facebook.com\/depeches241","article_published_time":"2023-09-06T16:52:35+00:00","article_modified_time":"2023-09-06T16:52:37+00:00","og_image":[{"width":960,"height":540,"url":"https:\/\/depeches241.com\/wp-content\/uploads\/2023\/09\/DRIVE-IMAGES-DEPECHES-2023-09-06T174829.546.jpg","type":"image\/jpeg"}],"author":"R\u00e9daction","twitter_card":"summary_large_image","twitter_misc":{"\u00c9crit par":"R\u00e9daction","Dur\u00e9e de lecture estim\u00e9e":"1 minute"},"schema":{"@context":"https:\/\/schema.org","@graph":[{"@type":"Article","@id":"https:\/\/depeches241.com\/?p=14763#article","isPartOf":{"@id":"https:\/\/depeches241.com\/?p=14763"},"author":{"name":"R\u00e9daction","@id":"https:\/\/depeches241.com\/#\/schema\/person\/977f23ecf7439b0805f4525a893a057a"},"headline":"Transition politique: Guy Nzouba Ndama recouvre sa libert\u00e9\u00a0","datePublished":"2023-09-06T16:52:35+00:00","dateModified":"2023-09-06T16:52:37+00:00","mainEntityOfPage":{"@id":"https:\/\/depeches241.com\/?p=14763"},"wordCount":224,"commentCount":0,"publisher":{"@id":"https:\/\/depeches241.com\/#organization"},"image":{"@id":"https:\/\/depeches241.com\/?p=14763#primaryimage"},"thumbnailUrl":"https:\/\/depeches241.com\/wp-content\/uploads\/2023\/09\/DRIVE-IMAGES-DEPECHES-2023-09-06T174829.546.jpg","keywords":["Brice Oligui Nguema","depeches241","Gabon","Guy Nzouba Ndama","Liber\u00e9","Politique"],"articleSection":["JUSTICE","POLITIQUE","Une1"],"inLanguage":"fr-FR","potentialAction":[{"@type":"CommentAction","name":"Comment","target":["https:\/\/depeches241.com\/?p=14763#respond"]}]},{"@type":"WebPage","@id":"https:\/\/depeches241.com\/?p=14763","url":"https:\/\/depeches241.com\/?p=14763","name":"Transition politique: Guy Nzouba Ndama recouvre sa libert\u00e9\u00a0 - Groupe D\u00e9p\u00eaches241","isPartOf":{"@id":"https:\/\/depeches241.com\/#website"},"primaryImageOfPage":{"@id":"https:\/\/depeches241.com\/?p=14763#primaryimage"},"image":{"@id":"https:\/\/depeches241.com\/?p=14763#primaryimage"},"thumbnailUrl":"https:\/\/depeches241.com\/wp-content\/uploads\/2023\/09\/DRIVE-IMAGES-DEPECHES-2023-09-06T174829.546.jpg","datePublished":"2023-09-06T16:52:35+00:00","dateModified":"2023-09-06T16:52:37+00:00","description":"Apr\u00e8s la lib\u00e9ration de plusieurs prisonniers politiques et d'opinion mardi, sur instruction du Pr\u00e9sident de la Transition, Brice Oligui Nguema, le tour est venu ce 6 septembre \u00e0 la mise en libert\u00e9 totale de l'opposant Guy Nzouba Ndama, assign\u00e9 \u00e0 r\u00e9sidence depuis pr\u00e8s d'un an.","breadcrumb":{"@id":"https:\/\/depeches241.com\/?p=14763#breadcrumb"},"inLanguage":"fr-FR","potentialAction":[{"@type":"ReadAction","target":["https:\/\/depeches241.com\/?p=14763"]}]},{"@type":"ImageObject","inLanguage":"fr-FR","@id":"https:\/\/depeches241.com\/?p=14763#primaryimage","url":"https:\/\/depeches241.com\/wp-content\/uploads\/2023\/09\/DRIVE-IMAGES-DEPECHES-2023-09-06T174829.546.jpg","contentUrl":"https:\/\/depeches241.com\/wp-content\/uploads\/2023\/09\/DRIVE-IMAGES-DEPECHES-2023-09-06T174829.546.jpg","width":960,"height":540},{"@type":"BreadcrumbList","@id":"https:\/\/depeches241.com\/?p=14763#breadcrumb","itemListElement":[{"@type":"ListItem","position":1,"name":"Accueil","item":"https:\/\/depeches241.com\/"},{"@type":"ListItem","position":2,"name":"Transition politique: Guy Nzouba Ndama recouvre sa libert\u00e9\u00a0"}]},{"@type":"WebSite","@id":"https:\/\/depeches241.com\/#website","url":"https:\/\/depeches241.com\/","name":"D\u00e9p\u00eaches241","description":"M\u00e9dia d&#039;actualit\u00e9 Politique, \u00c9conomique, Sociale et Internationale","publisher":{"@id":"https:\/\/depeches241.com\/#organization"},"potentialAction":[{"@type":"SearchAction","target":{"@type":"EntryPoint","urlTemplate":"https:\/\/depeches241.com\/?s={search_term_string}"},"query-input":{"@type":"PropertyValueSpecification","valueRequired":true,"valueName":"search_term_string"}}],"inLanguage":"fr-FR"},{"@type":"Organization","@id":"https:\/\/depeches241.com\/#organization","name":"Groupe D\u00e9p\u00eaches241","url":"https:\/\/depeches241.com\/","logo":{"@type":"ImageObject","inLanguage":"fr-FR","@id":"https:\/\/depeches241.com\/#\/schema\/logo\/image\/","url":"https:\/\/depeches241.com\/wp-content\/uploads\/2021\/10\/cropped-Logo-new-Accueil.png","contentUrl":"https:\/\/depeches241.com\/wp-content\/uploads\/2021\/10\/cropped-Logo-new-Accueil.png","width":320,"height":105,"caption":"Groupe D\u00e9p\u00eaches241"},"image":{"@id":"https:\/\/depeches241.com\/#\/schema\/logo\/image\/"},"sameAs":["https:\/\/www.facebook.com\/depeches241"]},{"@type":"Person","@id":"https:\/\/depeches241.com\/#\/schema\/person\/977f23ecf7439b0805f4525a893a057a","name":"R\u00e9daction","image":{"@type":"ImageObject","inLanguage":"fr-FR","@id":"https:\/\/secure.gravatar.com\/avatar\/8c655dbc51e5c9289f919f15ce20847ab5a910f8369a17ca243b673da48541f5?s=96&d=mm&r=g","url":"https:\/\/secure.gravatar.com\/avatar\/8c655dbc51e5c9289f919f15ce20847ab5a910f8369a17ca243b673da48541f5?s=96&d=mm&r=g","contentUrl":"https:\/\/secure.gravatar.com\/avatar\/8c655dbc51e5c9289f919f15ce20847ab5a910f8369a17ca243b673da48541f5?s=96&d=mm&r=g","caption":"R\u00e9daction"},"url":"https:\/\/depeches241.com\/?author=11"}]}},"_links":{"self":[{"href":"https:\/\/depeches241.com\/index.php?rest_route=\/wp\/v2\/posts\/14763","targetHints":{"allow":["GET"]}}],"collection":[{"href":"https:\/\/depeches241.com\/index.php?rest_route=\/wp\/v2\/posts"}],"about":[{"href":"https:\/\/depeches241.com\/index.php?rest_route=\/wp\/v2\/types\/post"}],"author":[{"embeddable":true,"href":"https:\/\/depeches241.com\/index.php?rest_route=\/wp\/v2\/users\/11"}],"replies":[{"embeddable":true,"href":"https:\/\/depeches241.com\/index.php?rest_route=%2Fwp%2Fv2%2Fcomments&post=14763"}],"version-history":[{"count":1,"href":"https:\/\/depeches241.com\/index.php?rest_route=\/wp\/v2\/posts\/14763\/revisions"}],"predecessor-version":[{"id":14765,"href":"https:\/\/depeches241.com\/index.php?rest_route=\/wp\/v2\/posts\/14763\/revisions\/14765"}],"wp:featuredmedia":[{"embeddable":true,"href":"https:\/\/depeches241.com\/index.php?rest_route=\/wp\/v2\/media\/14764"}],"wp:attachment":[{"href":"https:\/\/depeches241.com\/index.php?rest_route=%2Fwp%2Fv2%2Fmedia&parent=14763"}],"wp:term":[{"taxonomy":"category","embeddable":true,"href":"https:\/\/depeches241.com\/index.php?rest_route=%2Fwp%2Fv2%2Fcategories&post=14763"},{"taxonomy":"post_tag","embeddable":true,"href":"https:\/\/depeches241.com\/index.php?rest_route=%2Fwp%2Fv2%2Ftags&post=14763"}],"curies":[{"name":"wp","href":"https:\/\/api.w.org\/{rel}","templated":true}]}}