{"id":15591,"date":"2023-11-24T15:25:10","date_gmt":"2023-11-24T14:25:10","guid":{"rendered":"https:\/\/depeches241.com\/?p=15591"},"modified":"2023-11-24T15:28:14","modified_gmt":"2023-11-24T14:28:14","slug":"gabegie-au-sein-de-la-cemac-ona-ondo-aurait-touche-11-milliards-dindemnite-de-depart-soit-650-millions-de-plus-que-le-montant-legal","status":"publish","type":"post","link":"https:\/\/depeches241.com\/?p=15591","title":{"rendered":"Gabegie au sein de la Cemac: Ona Ondo aurait touch\u00e9 1,1 milliards d\u2019indemnit\u00e9 de d\u00e9part soit 650 millions de plus que le montant l\u00e9gal\u00a0"},"content":{"rendered":"\n<figure class=\"wp-block-image size-full\"><img fetchpriority=\"high\" decoding=\"async\" width=\"960\" height=\"540\" src=\"https:\/\/depeches241.com\/wp-content\/uploads\/2023\/11\/DRIVE-IMAGES-DEPECHES-2023-11-24T151905.432.jpg\" alt=\"\" class=\"wp-image-15592\" srcset=\"https:\/\/depeches241.com\/wp-content\/uploads\/2023\/11\/DRIVE-IMAGES-DEPECHES-2023-11-24T151905.432.jpg 960w, https:\/\/depeches241.com\/wp-content\/uploads\/2023\/11\/DRIVE-IMAGES-DEPECHES-2023-11-24T151905.432-300x169.jpg 300w, https:\/\/depeches241.com\/wp-content\/uploads\/2023\/11\/DRIVE-IMAGES-DEPECHES-2023-11-24T151905.432-768x432.jpg 768w\" sizes=\"(max-width: 960px) 100vw, 960px\" \/><figcaption class=\"wp-element-caption\"><strong><em>Daniel Ona Ondo ancien pr\u00e9sident de la Comission de la Cemac est au coeur d&rsquo;un grand scandale financier \u00a9 D\u00e9p\u00eaches 241<\/em><\/strong><\/figcaption><\/figure>\n\n\n\n<p><strong>Libreville, le 24 novembre 2023 &#8211; (D\u00e9p\u00eaches 241). C\u2019est un rapport accablant que celui que vient de rendre public le m\u00e9dia panafricain Jeune Afrique, sur le passage de Daniel Onda Ondo \u00e0 la t\u00eate de la Commission de la Cemac. Ledit rapport fait \u00e9tat de plusieurs d\u00e9rives financi\u00e8res dont celle relative aux frais d\u2019indemnit\u00e9 de d\u00e9part de l\u2019ancien Premier Ministre du Gabon qui aurait encaiss\u00e9 un montant sup\u00e9rieur de 650 millions \u00e0 l\u2019indemnit\u00e9 l\u00e9gale fix\u00e9e par l\u2019administration.&nbsp;<\/strong><\/p>\n\n\n\n<p class=\"has-drop-cap\">Daniel Ona Ondo a t-il export\u00e9 sur le plan sous r\u00e9gional les pratiques mafieuses et scabreuses du pouvoir Bongo-Ondimba ? C\u2019est en bon droit la question que l\u2019on peut se poser \u00e0 la lumi\u00e8re des r\u00e9v\u00e9lations faites par <em>Jeune Afrique <\/em>sur les ann\u00e9es de gestions de l\u2019ancien Premier ministre du Gabon \u00e0 la t\u00eate de la Commission de la Communaut\u00e9 des Etats de l\u2019Afrique Centrale.&nbsp;<\/p>\n\n\n\n<p>Dans un rapport du cabinet Performances, lequel a r\u00e9alis\u00e9 des audits \u00e0 l\u2019effet de jeter un regard sur la gouvernance de la Cemac du temps du passage du Pr Daniel Ona Ondo, il a \u00e9t\u00e9 mis en exergue une gestion presque graveleuse du dirigeant gabonais qui serait vautr\u00e9, aux dires du rapport, dans des manoeuvres qui n&rsquo;honorent ni le Gabon ni son statut de haut commis de l\u2019Etat.&nbsp;<\/p>\n\n\n\n<p>Il ressort des quelques pages du rapport du cabinet Performance que l\u2019ancien Premier ministre du Gabon <strong><em>\u00ab&nbsp;a par exemple&nbsp; \u2013 touch\u00e9 plus de 1,1 milliard de F CFA d\u2019indemnit\u00e9s de d\u00e9part. Une telle somme d\u00e9passe de plus de 650 millions de F CFA le montant d\u2019indemnit\u00e9s auquel un pr\u00e9sident de commission peut pr\u00e9tendre statutairement \u00bb, <\/em><\/strong>indique<strong><em> <\/em><\/strong><em>Jeune Afrique<\/em><strong><em>.&nbsp;<\/em><\/strong><\/p>\n\n\n\n<p>Le cabinet ayant \u00e9pluch\u00e9 les finances de l&rsquo;institution constatent en outre <strong><em>\u00ab une hausse consid\u00e9rable de certains postes de d\u00e9penses en 2022, ainsi que sur la premi\u00e8re moiti\u00e9 de l\u2019ann\u00e9e en cours. Les frais d\u2019h\u00f4tel sont multipli\u00e9s par neuf, et la location des v\u00e9hicules par dix, tandis que les achats de fournitures de bureau triplent comparativement aux exercices ant\u00e9rieurs \u00bb,<\/em><\/strong> poursuit notre confr\u00e8re.\u00a0\u00a0<br>Ces manquements constat\u00e9s apr\u00e8s l\u2019audit initi\u00e9 par Baltasar Engonga Edjo\u2019o, actuel pr\u00e9sident de la Cemac, devrait selon Jeune Afrique d\u00e9clencher des poursuites judiciaires contre les responsables et personnels auteurs contre les co-auteurs ou complices de malversations, d\u00e9tournements, concussions ou enrichissements illicites constat\u00e9s<strong><em> <\/em><\/strong>dans la gestion de l\u2019institution par Daniel Ona Ondo. <\/p>\n","protected":false},"excerpt":{"rendered":"<p>C\u2019est un rapport accablant que celui que vient de rendre public le m\u00e9dia panafricain Jeune Afrique, sur le passage de Daniel Onda Ondo \u00e0 la t\u00eate de la Commission de la Cemac. Ledit rapport fait \u00e9tat de plusieurs d\u00e9rives financi\u00e8res dont celle relative aux frais d\u2019indemnit\u00e9 de d\u00e9part de l\u2019ancien Premier Ministre du Gabon qui aurait encaiss\u00e9 un montant sup\u00e9rieur de 650 millions \u00e0 l\u2019indemnit\u00e9 l\u00e9gale fix\u00e9e par l\u2019administration.<\/p>\n","protected":false},"author":2,"featured_media":15592,"comment_status":"open","ping_status":"open","sticky":false,"template":"","format":"standard","meta":{"om_disable_all_campaigns":false,"footnotes":""},"categories":[4,26,3,116],"tags":[3047,99,59,2575,73],"class_list":{"0":"post-15591","1":"post","2":"type-post","3":"status-publish","4":"format-standard","5":"has-post-thumbnail","7":"category-economie","8":"category-institutions","9":"category-politique","10":"category-une1","11":"tag-daniel-onda-ondo","12":"tag-depeches241","13":"tag-gabon","14":"tag-jeune-afrique","15":"tag-politique"},"yoast_head":"<!-- This site is optimized with the Yoast SEO plugin v27.5 - https:\/\/yoast.com\/product\/yoast-seo-wordpress\/ -->\n<title>Gabegie au sein de la Cemac: Ona Ondo aurait touch\u00e9 1,1 milliards d\u2019indemnit\u00e9 de d\u00e9part soit 650 millions de plus que le montant l\u00e9gal\u00a0 - Groupe D\u00e9p\u00eaches241<\/title>\n<meta name=\"description\" content=\"C\u2019est un rapport accablant que celui que vient de rendre public le m\u00e9dia panafricain Jeune Afrique, sur le passage de Daniel Onda Ondo \u00e0 la t\u00eate de la Commission de la Cemac. Ledit rapport fait \u00e9tat de plusieurs d\u00e9rives financi\u00e8res dont celle relative aux frais d\u2019indemnit\u00e9 de d\u00e9part de l\u2019ancien Premier Ministre du Gabon qui aurait encaiss\u00e9 un montant sup\u00e9rieur de 650 millions \u00e0 l\u2019indemnit\u00e9 l\u00e9gale fix\u00e9e par l\u2019administration.\" \/>\n<meta name=\"robots\" content=\"index, follow, max-snippet:-1, max-image-preview:large, max-video-preview:-1\" \/>\n<link rel=\"canonical\" href=\"https:\/\/depeches241.com\/?p=15591\" \/>\n<meta property=\"og:locale\" content=\"fr_FR\" \/>\n<meta property=\"og:type\" content=\"article\" \/>\n<meta property=\"og:title\" content=\"Gabegie au sein de la Cemac: Ona Ondo aurait touch\u00e9 1,1 milliards d\u2019indemnit\u00e9 de d\u00e9part soit 650 millions de plus que le montant l\u00e9gal\u00a0 - Groupe D\u00e9p\u00eaches241\" \/>\n<meta property=\"og:description\" content=\"C\u2019est un rapport accablant que celui que vient de rendre public le m\u00e9dia panafricain Jeune Afrique, sur le passage de Daniel Onda Ondo \u00e0 la t\u00eate de la Commission de la Cemac. Ledit rapport fait \u00e9tat de plusieurs d\u00e9rives financi\u00e8res dont celle relative aux frais d\u2019indemnit\u00e9 de d\u00e9part de l\u2019ancien Premier Ministre du Gabon qui aurait encaiss\u00e9 un montant sup\u00e9rieur de 650 millions \u00e0 l\u2019indemnit\u00e9 l\u00e9gale fix\u00e9e par l\u2019administration.\" \/>\n<meta property=\"og:url\" content=\"https:\/\/depeches241.com\/?p=15591\" \/>\n<meta property=\"og:site_name\" content=\"Groupe D\u00e9p\u00eaches241\" \/>\n<meta property=\"article:publisher\" content=\"https:\/\/www.facebook.com\/depeches241\" \/>\n<meta property=\"article:published_time\" content=\"2023-11-24T14:25:10+00:00\" \/>\n<meta property=\"article:modified_time\" content=\"2023-11-24T14:28:14+00:00\" \/>\n<meta property=\"og:image\" content=\"https:\/\/depeches241.com\/wp-content\/uploads\/2023\/11\/DRIVE-IMAGES-DEPECHES-2023-11-24T151905.432.jpg\" \/>\n\t<meta property=\"og:image:width\" content=\"960\" \/>\n\t<meta property=\"og:image:height\" content=\"540\" \/>\n\t<meta property=\"og:image:type\" content=\"image\/jpeg\" \/>\n<meta name=\"author\" content=\"Pharel BOUKIKA\" \/>\n<meta name=\"twitter:card\" content=\"summary_large_image\" \/>\n<meta name=\"twitter:label1\" content=\"\u00c9crit par\" \/>\n\t<meta name=\"twitter:data1\" content=\"Pharel BOUKIKA\" \/>\n\t<meta name=\"twitter:label2\" content=\"Dur\u00e9e de lecture estim\u00e9e\" \/>\n\t<meta name=\"twitter:data2\" content=\"2 minutes\" \/>\n<script type=\"application\/ld+json\" class=\"yoast-schema-graph\">{\"@context\":\"https:\\\/\\\/schema.org\",\"@graph\":[{\"@type\":\"Article\",\"@id\":\"https:\\\/\\\/depeches241.com\\\/?p=15591#article\",\"isPartOf\":{\"@id\":\"https:\\\/\\\/depeches241.com\\\/?p=15591\"},\"author\":{\"name\":\"Pharel BOUKIKA\",\"@id\":\"https:\\\/\\\/depeches241.com\\\/#\\\/schema\\\/person\\\/f39e676ca8f34712c2b828546ec69f14\"},\"headline\":\"Gabegie au sein de la Cemac: Ona Ondo aurait touch\u00e9 1,1 milliards d\u2019indemnit\u00e9 de d\u00e9part soit 650 millions de plus que le montant l\u00e9gal\u00a0\",\"datePublished\":\"2023-11-24T14:25:10+00:00\",\"dateModified\":\"2023-11-24T14:28:14+00:00\",\"mainEntityOfPage\":{\"@id\":\"https:\\\/\\\/depeches241.com\\\/?p=15591\"},\"wordCount\":475,\"commentCount\":0,\"publisher\":{\"@id\":\"https:\\\/\\\/depeches241.com\\\/#organization\"},\"image\":{\"@id\":\"https:\\\/\\\/depeches241.com\\\/?p=15591#primaryimage\"},\"thumbnailUrl\":\"https:\\\/\\\/depeches241.com\\\/wp-content\\\/uploads\\\/2023\\\/11\\\/DRIVE-IMAGES-DEPECHES-2023-11-24T151905.432.jpg\",\"keywords\":[\"Daniel Onda Ondo\",\"depeches241\",\"Gabon\",\"Jeune Afrique\",\"Politique\"],\"articleSection\":[\"ECONOMIE\",\"INSTITUTIONS\",\"POLITIQUE\",\"Une1\"],\"inLanguage\":\"fr-FR\",\"potentialAction\":[{\"@type\":\"CommentAction\",\"name\":\"Comment\",\"target\":[\"https:\\\/\\\/depeches241.com\\\/?p=15591#respond\"]}]},{\"@type\":\"WebPage\",\"@id\":\"https:\\\/\\\/depeches241.com\\\/?p=15591\",\"url\":\"https:\\\/\\\/depeches241.com\\\/?p=15591\",\"name\":\"Gabegie au sein de la Cemac: Ona Ondo aurait touch\u00e9 1,1 milliards d\u2019indemnit\u00e9 de d\u00e9part soit 650 millions de plus que le montant l\u00e9gal\u00a0 - Groupe D\u00e9p\u00eaches241\",\"isPartOf\":{\"@id\":\"https:\\\/\\\/depeches241.com\\\/#website\"},\"primaryImageOfPage\":{\"@id\":\"https:\\\/\\\/depeches241.com\\\/?p=15591#primaryimage\"},\"image\":{\"@id\":\"https:\\\/\\\/depeches241.com\\\/?p=15591#primaryimage\"},\"thumbnailUrl\":\"https:\\\/\\\/depeches241.com\\\/wp-content\\\/uploads\\\/2023\\\/11\\\/DRIVE-IMAGES-DEPECHES-2023-11-24T151905.432.jpg\",\"datePublished\":\"2023-11-24T14:25:10+00:00\",\"dateModified\":\"2023-11-24T14:28:14+00:00\",\"description\":\"C\u2019est un rapport accablant que celui que vient de rendre public le m\u00e9dia panafricain Jeune Afrique, sur le passage de Daniel Onda Ondo \u00e0 la t\u00eate de la Commission de la Cemac. Ledit rapport fait \u00e9tat de plusieurs d\u00e9rives financi\u00e8res dont celle relative aux frais d\u2019indemnit\u00e9 de d\u00e9part de l\u2019ancien Premier Ministre du Gabon qui aurait encaiss\u00e9 un montant sup\u00e9rieur de 650 millions \u00e0 l\u2019indemnit\u00e9 l\u00e9gale fix\u00e9e par l\u2019administration.\",\"breadcrumb\":{\"@id\":\"https:\\\/\\\/depeches241.com\\\/?p=15591#breadcrumb\"},\"inLanguage\":\"fr-FR\",\"potentialAction\":[{\"@type\":\"ReadAction\",\"target\":[\"https:\\\/\\\/depeches241.com\\\/?p=15591\"]}]},{\"@type\":\"ImageObject\",\"inLanguage\":\"fr-FR\",\"@id\":\"https:\\\/\\\/depeches241.com\\\/?p=15591#primaryimage\",\"url\":\"https:\\\/\\\/depeches241.com\\\/wp-content\\\/uploads\\\/2023\\\/11\\\/DRIVE-IMAGES-DEPECHES-2023-11-24T151905.432.jpg\",\"contentUrl\":\"https:\\\/\\\/depeches241.com\\\/wp-content\\\/uploads\\\/2023\\\/11\\\/DRIVE-IMAGES-DEPECHES-2023-11-24T151905.432.jpg\",\"width\":960,\"height\":540},{\"@type\":\"BreadcrumbList\",\"@id\":\"https:\\\/\\\/depeches241.com\\\/?p=15591#breadcrumb\",\"itemListElement\":[{\"@type\":\"ListItem\",\"position\":1,\"name\":\"Accueil\",\"item\":\"https:\\\/\\\/depeches241.com\\\/\"},{\"@type\":\"ListItem\",\"position\":2,\"name\":\"Gabegie au sein de la Cemac: Ona Ondo aurait touch\u00e9 1,1 milliards d\u2019indemnit\u00e9 de d\u00e9part soit 650 millions de plus que le montant l\u00e9gal\u00a0\"}]},{\"@type\":\"WebSite\",\"@id\":\"https:\\\/\\\/depeches241.com\\\/#website\",\"url\":\"https:\\\/\\\/depeches241.com\\\/\",\"name\":\"D\u00e9p\u00eaches241\",\"description\":\"M\u00e9dia d&#039;actualit\u00e9 Politique, \u00c9conomique, Sociale et Internationale\",\"publisher\":{\"@id\":\"https:\\\/\\\/depeches241.com\\\/#organization\"},\"potentialAction\":[{\"@type\":\"SearchAction\",\"target\":{\"@type\":\"EntryPoint\",\"urlTemplate\":\"https:\\\/\\\/depeches241.com\\\/?s={search_term_string}\"},\"query-input\":{\"@type\":\"PropertyValueSpecification\",\"valueRequired\":true,\"valueName\":\"search_term_string\"}}],\"inLanguage\":\"fr-FR\"},{\"@type\":\"Organization\",\"@id\":\"https:\\\/\\\/depeches241.com\\\/#organization\",\"name\":\"Groupe D\u00e9p\u00eaches241\",\"url\":\"https:\\\/\\\/depeches241.com\\\/\",\"logo\":{\"@type\":\"ImageObject\",\"inLanguage\":\"fr-FR\",\"@id\":\"https:\\\/\\\/depeches241.com\\\/#\\\/schema\\\/logo\\\/image\\\/\",\"url\":\"https:\\\/\\\/depeches241.com\\\/wp-content\\\/uploads\\\/2021\\\/10\\\/cropped-Logo-new-Accueil.png\",\"contentUrl\":\"https:\\\/\\\/depeches241.com\\\/wp-content\\\/uploads\\\/2021\\\/10\\\/cropped-Logo-new-Accueil.png\",\"width\":320,\"height\":105,\"caption\":\"Groupe D\u00e9p\u00eaches241\"},\"image\":{\"@id\":\"https:\\\/\\\/depeches241.com\\\/#\\\/schema\\\/logo\\\/image\\\/\"},\"sameAs\":[\"https:\\\/\\\/www.facebook.com\\\/depeches241\"]},{\"@type\":\"Person\",\"@id\":\"https:\\\/\\\/depeches241.com\\\/#\\\/schema\\\/person\\\/f39e676ca8f34712c2b828546ec69f14\",\"name\":\"Pharel BOUKIKA\",\"image\":{\"@type\":\"ImageObject\",\"inLanguage\":\"fr-FR\",\"@id\":\"https:\\\/\\\/secure.gravatar.com\\\/avatar\\\/f911ded37269927862a946f1d008338d6cd8ef36529103aaa98b08ba9425d477?s=96&d=mm&r=g\",\"url\":\"https:\\\/\\\/secure.gravatar.com\\\/avatar\\\/f911ded37269927862a946f1d008338d6cd8ef36529103aaa98b08ba9425d477?s=96&d=mm&r=g\",\"contentUrl\":\"https:\\\/\\\/secure.gravatar.com\\\/avatar\\\/f911ded37269927862a946f1d008338d6cd8ef36529103aaa98b08ba9425d477?s=96&d=mm&r=g\",\"caption\":\"Pharel BOUKIKA\"},\"description\":\"Dipl\u00f4m\u00e9 en Droit Priv\u00e9, en communication, en Journalisme et d\u00e9tenteur d'une Licence en \u00c9conomie et Gestion administrative, ancien r\u00e9dacteur en Chef de Gabon Media Time, Pharel Boukika est le G\u00e9rant du groupe D\u00e9p\u00eaches Gabon et par ailleurs Directeur de Publication de D\u00e9p\u00eaches241. Analyste politique, ses prises de parole et ses approches pertinentes lui ont ouvert depuis peu les portes des plateaux t\u00e9l\u00e9vis\u00e9s pendant lesquels, il d\u00e9bat sur les questions d'actualit\u00e9 politique, \u00e9conomique et sociale du Gabon. D\u00e9p\u00eaches241 n'est que le prolongement de sa volont\u00e9 manifeste et infinie d'\u00e9difier et d'informer les Gabonais.\",\"sameAs\":[\"http:\\\/\\\/clubsportplus.fr\"],\"url\":\"https:\\\/\\\/depeches241.com\\\/?author=2\"}]}<\/script>\n<!-- \/ Yoast SEO plugin. -->","yoast_head_json":{"title":"Gabegie au sein de la Cemac: Ona Ondo aurait touch\u00e9 1,1 milliards d\u2019indemnit\u00e9 de d\u00e9part soit 650 millions de plus que le montant l\u00e9gal\u00a0 - Groupe D\u00e9p\u00eaches241","description":"C\u2019est un rapport accablant que celui que vient de rendre public le m\u00e9dia panafricain Jeune Afrique, sur le passage de Daniel Onda Ondo \u00e0 la t\u00eate de la Commission de la Cemac. Ledit rapport fait \u00e9tat de plusieurs d\u00e9rives financi\u00e8res dont celle relative aux frais d\u2019indemnit\u00e9 de d\u00e9part de l\u2019ancien Premier Ministre du Gabon qui aurait encaiss\u00e9 un montant sup\u00e9rieur de 650 millions \u00e0 l\u2019indemnit\u00e9 l\u00e9gale fix\u00e9e par l\u2019administration.","robots":{"index":"index","follow":"follow","max-snippet":"max-snippet:-1","max-image-preview":"max-image-preview:large","max-video-preview":"max-video-preview:-1"},"canonical":"https:\/\/depeches241.com\/?p=15591","og_locale":"fr_FR","og_type":"article","og_title":"Gabegie au sein de la Cemac: Ona Ondo aurait touch\u00e9 1,1 milliards d\u2019indemnit\u00e9 de d\u00e9part soit 650 millions de plus que le montant l\u00e9gal\u00a0 - Groupe D\u00e9p\u00eaches241","og_description":"C\u2019est un rapport accablant que celui que vient de rendre public le m\u00e9dia panafricain Jeune Afrique, sur le passage de Daniel Onda Ondo \u00e0 la t\u00eate de la Commission de la Cemac. Ledit rapport fait \u00e9tat de plusieurs d\u00e9rives financi\u00e8res dont celle relative aux frais d\u2019indemnit\u00e9 de d\u00e9part de l\u2019ancien Premier Ministre du Gabon qui aurait encaiss\u00e9 un montant sup\u00e9rieur de 650 millions \u00e0 l\u2019indemnit\u00e9 l\u00e9gale fix\u00e9e par l\u2019administration.","og_url":"https:\/\/depeches241.com\/?p=15591","og_site_name":"Groupe D\u00e9p\u00eaches241","article_publisher":"https:\/\/www.facebook.com\/depeches241","article_published_time":"2023-11-24T14:25:10+00:00","article_modified_time":"2023-11-24T14:28:14+00:00","og_image":[{"width":960,"height":540,"url":"https:\/\/depeches241.com\/wp-content\/uploads\/2023\/11\/DRIVE-IMAGES-DEPECHES-2023-11-24T151905.432.jpg","type":"image\/jpeg"}],"author":"Pharel BOUKIKA","twitter_card":"summary_large_image","twitter_misc":{"\u00c9crit par":"Pharel BOUKIKA","Dur\u00e9e de lecture estim\u00e9e":"2 minutes"},"schema":{"@context":"https:\/\/schema.org","@graph":[{"@type":"Article","@id":"https:\/\/depeches241.com\/?p=15591#article","isPartOf":{"@id":"https:\/\/depeches241.com\/?p=15591"},"author":{"name":"Pharel BOUKIKA","@id":"https:\/\/depeches241.com\/#\/schema\/person\/f39e676ca8f34712c2b828546ec69f14"},"headline":"Gabegie au sein de la Cemac: Ona Ondo aurait touch\u00e9 1,1 milliards d\u2019indemnit\u00e9 de d\u00e9part soit 650 millions de plus que le montant l\u00e9gal\u00a0","datePublished":"2023-11-24T14:25:10+00:00","dateModified":"2023-11-24T14:28:14+00:00","mainEntityOfPage":{"@id":"https:\/\/depeches241.com\/?p=15591"},"wordCount":475,"commentCount":0,"publisher":{"@id":"https:\/\/depeches241.com\/#organization"},"image":{"@id":"https:\/\/depeches241.com\/?p=15591#primaryimage"},"thumbnailUrl":"https:\/\/depeches241.com\/wp-content\/uploads\/2023\/11\/DRIVE-IMAGES-DEPECHES-2023-11-24T151905.432.jpg","keywords":["Daniel Onda Ondo","depeches241","Gabon","Jeune Afrique","Politique"],"articleSection":["ECONOMIE","INSTITUTIONS","POLITIQUE","Une1"],"inLanguage":"fr-FR","potentialAction":[{"@type":"CommentAction","name":"Comment","target":["https:\/\/depeches241.com\/?p=15591#respond"]}]},{"@type":"WebPage","@id":"https:\/\/depeches241.com\/?p=15591","url":"https:\/\/depeches241.com\/?p=15591","name":"Gabegie au sein de la Cemac: Ona Ondo aurait touch\u00e9 1,1 milliards d\u2019indemnit\u00e9 de d\u00e9part soit 650 millions de plus que le montant l\u00e9gal\u00a0 - Groupe D\u00e9p\u00eaches241","isPartOf":{"@id":"https:\/\/depeches241.com\/#website"},"primaryImageOfPage":{"@id":"https:\/\/depeches241.com\/?p=15591#primaryimage"},"image":{"@id":"https:\/\/depeches241.com\/?p=15591#primaryimage"},"thumbnailUrl":"https:\/\/depeches241.com\/wp-content\/uploads\/2023\/11\/DRIVE-IMAGES-DEPECHES-2023-11-24T151905.432.jpg","datePublished":"2023-11-24T14:25:10+00:00","dateModified":"2023-11-24T14:28:14+00:00","description":"C\u2019est un rapport accablant que celui que vient de rendre public le m\u00e9dia panafricain Jeune Afrique, sur le passage de Daniel Onda Ondo \u00e0 la t\u00eate de la Commission de la Cemac. Ledit rapport fait \u00e9tat de plusieurs d\u00e9rives financi\u00e8res dont celle relative aux frais d\u2019indemnit\u00e9 de d\u00e9part de l\u2019ancien Premier Ministre du Gabon qui aurait encaiss\u00e9 un montant sup\u00e9rieur de 650 millions \u00e0 l\u2019indemnit\u00e9 l\u00e9gale fix\u00e9e par l\u2019administration.","breadcrumb":{"@id":"https:\/\/depeches241.com\/?p=15591#breadcrumb"},"inLanguage":"fr-FR","potentialAction":[{"@type":"ReadAction","target":["https:\/\/depeches241.com\/?p=15591"]}]},{"@type":"ImageObject","inLanguage":"fr-FR","@id":"https:\/\/depeches241.com\/?p=15591#primaryimage","url":"https:\/\/depeches241.com\/wp-content\/uploads\/2023\/11\/DRIVE-IMAGES-DEPECHES-2023-11-24T151905.432.jpg","contentUrl":"https:\/\/depeches241.com\/wp-content\/uploads\/2023\/11\/DRIVE-IMAGES-DEPECHES-2023-11-24T151905.432.jpg","width":960,"height":540},{"@type":"BreadcrumbList","@id":"https:\/\/depeches241.com\/?p=15591#breadcrumb","itemListElement":[{"@type":"ListItem","position":1,"name":"Accueil","item":"https:\/\/depeches241.com\/"},{"@type":"ListItem","position":2,"name":"Gabegie au sein de la Cemac: Ona Ondo aurait touch\u00e9 1,1 milliards d\u2019indemnit\u00e9 de d\u00e9part soit 650 millions de plus que le montant l\u00e9gal\u00a0"}]},{"@type":"WebSite","@id":"https:\/\/depeches241.com\/#website","url":"https:\/\/depeches241.com\/","name":"D\u00e9p\u00eaches241","description":"M\u00e9dia d&#039;actualit\u00e9 Politique, \u00c9conomique, Sociale et Internationale","publisher":{"@id":"https:\/\/depeches241.com\/#organization"},"potentialAction":[{"@type":"SearchAction","target":{"@type":"EntryPoint","urlTemplate":"https:\/\/depeches241.com\/?s={search_term_string}"},"query-input":{"@type":"PropertyValueSpecification","valueRequired":true,"valueName":"search_term_string"}}],"inLanguage":"fr-FR"},{"@type":"Organization","@id":"https:\/\/depeches241.com\/#organization","name":"Groupe D\u00e9p\u00eaches241","url":"https:\/\/depeches241.com\/","logo":{"@type":"ImageObject","inLanguage":"fr-FR","@id":"https:\/\/depeches241.com\/#\/schema\/logo\/image\/","url":"https:\/\/depeches241.com\/wp-content\/uploads\/2021\/10\/cropped-Logo-new-Accueil.png","contentUrl":"https:\/\/depeches241.com\/wp-content\/uploads\/2021\/10\/cropped-Logo-new-Accueil.png","width":320,"height":105,"caption":"Groupe D\u00e9p\u00eaches241"},"image":{"@id":"https:\/\/depeches241.com\/#\/schema\/logo\/image\/"},"sameAs":["https:\/\/www.facebook.com\/depeches241"]},{"@type":"Person","@id":"https:\/\/depeches241.com\/#\/schema\/person\/f39e676ca8f34712c2b828546ec69f14","name":"Pharel BOUKIKA","image":{"@type":"ImageObject","inLanguage":"fr-FR","@id":"https:\/\/secure.gravatar.com\/avatar\/f911ded37269927862a946f1d008338d6cd8ef36529103aaa98b08ba9425d477?s=96&d=mm&r=g","url":"https:\/\/secure.gravatar.com\/avatar\/f911ded37269927862a946f1d008338d6cd8ef36529103aaa98b08ba9425d477?s=96&d=mm&r=g","contentUrl":"https:\/\/secure.gravatar.com\/avatar\/f911ded37269927862a946f1d008338d6cd8ef36529103aaa98b08ba9425d477?s=96&d=mm&r=g","caption":"Pharel BOUKIKA"},"description":"Dipl\u00f4m\u00e9 en Droit Priv\u00e9, en communication, en Journalisme et d\u00e9tenteur d'une Licence en \u00c9conomie et Gestion administrative, ancien r\u00e9dacteur en Chef de Gabon Media Time, Pharel Boukika est le G\u00e9rant du groupe D\u00e9p\u00eaches Gabon et par ailleurs Directeur de Publication de D\u00e9p\u00eaches241. Analyste politique, ses prises de parole et ses approches pertinentes lui ont ouvert depuis peu les portes des plateaux t\u00e9l\u00e9vis\u00e9s pendant lesquels, il d\u00e9bat sur les questions d'actualit\u00e9 politique, \u00e9conomique et sociale du Gabon. D\u00e9p\u00eaches241 n'est que le prolongement de sa volont\u00e9 manifeste et infinie d'\u00e9difier et d'informer les Gabonais.","sameAs":["http:\/\/clubsportplus.fr"],"url":"https:\/\/depeches241.com\/?author=2"}]}},"_links":{"self":[{"href":"https:\/\/depeches241.com\/index.php?rest_route=\/wp\/v2\/posts\/15591","targetHints":{"allow":["GET"]}}],"collection":[{"href":"https:\/\/depeches241.com\/index.php?rest_route=\/wp\/v2\/posts"}],"about":[{"href":"https:\/\/depeches241.com\/index.php?rest_route=\/wp\/v2\/types\/post"}],"author":[{"embeddable":true,"href":"https:\/\/depeches241.com\/index.php?rest_route=\/wp\/v2\/users\/2"}],"replies":[{"embeddable":true,"href":"https:\/\/depeches241.com\/index.php?rest_route=%2Fwp%2Fv2%2Fcomments&post=15591"}],"version-history":[{"count":2,"href":"https:\/\/depeches241.com\/index.php?rest_route=\/wp\/v2\/posts\/15591\/revisions"}],"predecessor-version":[{"id":15594,"href":"https:\/\/depeches241.com\/index.php?rest_route=\/wp\/v2\/posts\/15591\/revisions\/15594"}],"wp:featuredmedia":[{"embeddable":true,"href":"https:\/\/depeches241.com\/index.php?rest_route=\/wp\/v2\/media\/15592"}],"wp:attachment":[{"href":"https:\/\/depeches241.com\/index.php?rest_route=%2Fwp%2Fv2%2Fmedia&parent=15591"}],"wp:term":[{"taxonomy":"category","embeddable":true,"href":"https:\/\/depeches241.com\/index.php?rest_route=%2Fwp%2Fv2%2Fcategories&post=15591"},{"taxonomy":"post_tag","embeddable":true,"href":"https:\/\/depeches241.com\/index.php?rest_route=%2Fwp%2Fv2%2Ftags&post=15591"}],"curies":[{"name":"wp","href":"https:\/\/api.w.org\/{rel}","templated":true}]}}