{"id":16054,"date":"2023-12-27T13:24:57","date_gmt":"2023-12-27T12:24:57","guid":{"rendered":"https:\/\/depeches241.com\/?p=16054"},"modified":"2023-12-27T13:24:58","modified_gmt":"2023-12-27T12:24:58","slug":"nouvelles-cni-le-gouvernement-annonce-letablissement-pour-mars-2024-au-plus-tard","status":"publish","type":"post","link":"https:\/\/depeches241.com\/?p=16054","title":{"rendered":"Nouvelles CNI: le gouvernement annonce l\u2019\u00e9tablissement pour mars 2024 au plus tard"},"content":{"rendered":"\n<figure class=\"wp-block-image size-full\"><img fetchpriority=\"high\" decoding=\"async\" width=\"960\" height=\"540\" src=\"https:\/\/depeches241.com\/wp-content\/uploads\/2023\/12\/CNI-.jpg\" alt=\"\" class=\"wp-image-16055\" srcset=\"https:\/\/depeches241.com\/wp-content\/uploads\/2023\/12\/CNI-.jpg 960w, https:\/\/depeches241.com\/wp-content\/uploads\/2023\/12\/CNI--300x169.jpg 300w, https:\/\/depeches241.com\/wp-content\/uploads\/2023\/12\/CNI--768x432.jpg 768w\" sizes=\"(max-width: 960px) 100vw, 960px\" \/><figcaption class=\"wp-element-caption\"><strong><em>Les nouvelles CNI seront d\u00e9livr\u00e9es au plus tard en mars 2024 \u00a9montage D\u00e9p\u00eaches 241<\/em><\/strong><\/figcaption><\/figure>\n\n\n\n<p><strong>Libreville, le 27 d\u00e9cembre 2023 &#8211; (D\u00e9p\u00eaches 241). Pr\u00e9sents ce jour \u00e0 l\u2019Assembl\u00e9e Nationale pour l\u2019exercice r\u00e9publicain, <\/strong><strong><em>\u00ab&nbsp;Questions au gouvernement \u00bb<\/em><\/strong><strong>, le ministre de l&rsquo;Int\u00e9rieur Herman Immongault apr\u00e8s une question soulev\u00e9e par l\u2019honorable Fratellis Marcel Fouti a donn\u00e9 des indications sur la p\u00e9riode d\u2019\u00e9tablissement de nouvelles cartes nationales d\u2019Identit\u00e9. Ces derni\u00e8res seront \u00e9tablies au plus tard en mars 2024 selon le membre du gouvernement.&nbsp;<\/strong><\/p>\n\n\n\n<p>La sempiternelle question de l\u2019\u00e9tablissement des cartes nationales d\u2019identit\u00e9 a une nouvelle fois \u00e9t\u00e9 soulev\u00e9e pendant la s\u00e9ance pl\u00e9ni\u00e8re consacr\u00e9e aux questions orales des membres du gouvernement. C\u2019est l&rsquo;honorable Fratellis Marcel Fouti qui a invit\u00e9 le ministre de l\u2019Int\u00e9rieur \u00e0 apporter des \u00e9claircissements sur cette probl\u00e9matique qui n\u2019a que trop dur\u00e9.&nbsp;<\/p>\n\n\n\n<p>\u00c0 cette pr\u00e9occupation, le Ministre D\u00e9l\u00e9gu\u00e9 aupr\u00e8s du Pr\u00e9sident de la Transition, charg\u00e9 de l&rsquo;Int\u00e9rieur et de la S\u00e9curit\u00e9, Herman Immongault, a expliqu\u00e9 que cette question sera r\u00e9gl\u00e9e incessamment. <strong><em>\u00ab Sur la d\u00e9livrance de la carte nationale d\u2019identit\u00e9, nous tablons sur une p\u00e9riode du 1er trimestre 2024 en fonction bien \u00e9videmment de l\u2019avancement des questions techniques et surtout budg\u00e9taires \u00bb,<\/em><\/strong> a-t-il ajout\u00e9.&nbsp;&nbsp;<\/p>\n\n\n\n<p>Le membre du gouvernement a en outre pr\u00e9cis\u00e9 que les dispositions sur le plan financier ont \u00e9t\u00e9 prises pour atteindre cet objectif.&nbsp; <strong><em>\u00ab Nous avons inscrit, au titre du budget 2024, une dotation de 2 milliards, laquelle nous permettra de finaliser ce projet \u00bb, <\/em><\/strong>a ajout\u00e9&nbsp; Herman Immongault.&nbsp;<\/p>\n\n\n\n<p>Le Ministre d\u00e9l\u00e9gu\u00e9 aupr\u00e8s du Pr\u00e9sident de la Transition, charg\u00e9 de l&rsquo;Int\u00e9rieur et de la S\u00e9curit\u00e9, a par ailleurs pr\u00e9cis\u00e9 que ces nouvelles cartes nationales seront produites sur la base d\u2019un nouveau syst\u00e8me d&rsquo;information qui pr\u00e9sente les derni\u00e8res innovations aussi bien techniques et s\u00e9curitaires. \u00c0 cet effet, une puce \u00e9lectronique et un syst\u00e8me NIP seront introduits dans les nouvelles cartes afin de les rendre infalsifiables.&nbsp;<\/p>\n","protected":false},"excerpt":{"rendered":"<p>Pr\u00e9sents ce jour \u00e0 l\u2019Assembl\u00e9e Nationale pour l\u2019exercice r\u00e9publicain, \u00ab\u00a0Questions au gouvernement \u00bb, le ministre de l&rsquo;Int\u00e9rieur Herman Immongault apr\u00e8s une question soulev\u00e9e par l\u2019honorable Fratellis Marcel Fouti a donn\u00e9 des indications sur la p\u00e9riode d\u2019\u00e9tablissement de nouvelles cartes nationales d\u2019Identit\u00e9. Ces derni\u00e8res seront \u00e9tablies au plus tard en mars 2024 selon le membre du gouvernement.\u00a0<\/p>\n","protected":false},"author":11,"featured_media":16055,"comment_status":"open","ping_status":"open","sticky":false,"template":"","format":"standard","meta":{"om_disable_all_campaigns":false,"footnotes":""},"categories":[3,5,116],"tags":[263,99,59,2458,73,42],"class_list":{"0":"post-16054","1":"post","2":"type-post","3":"status-publish","4":"format-standard","5":"has-post-thumbnail","7":"category-politique","8":"category-societe","9":"category-une1","10":"tag-cni","11":"tag-depeches241","12":"tag-gabon","13":"tag-herman-immongault","14":"tag-politique","15":"tag-societe"},"yoast_head":"<!-- This site is optimized with the Yoast SEO plugin v27.5 - https:\/\/yoast.com\/product\/yoast-seo-wordpress\/ -->\n<title>Nouvelles CNI: le gouvernement annonce l\u2019\u00e9tablissement pour mars 2024 au plus tard - Groupe D\u00e9p\u00eaches241<\/title>\n<meta name=\"description\" content=\"Pr\u00e9sents ce jour \u00e0 l\u2019Assembl\u00e9e Nationale pour l\u2019exercice r\u00e9publicain, \u00ab\u00a0Questions au gouvernement \u00bb, le ministre de l&#039;Int\u00e9rieur Herman Immongault apr\u00e8s une question soulev\u00e9e par l\u2019honorable Fratellis Marcel Fouti a donn\u00e9 des indications sur la p\u00e9riode d\u2019\u00e9tablissement de nouvelles cartes nationales d\u2019Identit\u00e9. Ces derni\u00e8res seront \u00e9tablies au plus tard en mars 2024 selon le membre du gouvernement.\u00a0\" \/>\n<meta name=\"robots\" content=\"index, follow, max-snippet:-1, max-image-preview:large, max-video-preview:-1\" \/>\n<link rel=\"canonical\" href=\"https:\/\/depeches241.com\/?p=16054\" \/>\n<meta property=\"og:locale\" content=\"fr_FR\" \/>\n<meta property=\"og:type\" content=\"article\" \/>\n<meta property=\"og:title\" content=\"Nouvelles CNI: le gouvernement annonce l\u2019\u00e9tablissement pour mars 2024 au plus tard - Groupe D\u00e9p\u00eaches241\" \/>\n<meta property=\"og:description\" content=\"Pr\u00e9sents ce jour \u00e0 l\u2019Assembl\u00e9e Nationale pour l\u2019exercice r\u00e9publicain, \u00ab\u00a0Questions au gouvernement \u00bb, le ministre de l&#039;Int\u00e9rieur Herman Immongault apr\u00e8s une question soulev\u00e9e par l\u2019honorable Fratellis Marcel Fouti a donn\u00e9 des indications sur la p\u00e9riode d\u2019\u00e9tablissement de nouvelles cartes nationales d\u2019Identit\u00e9. Ces derni\u00e8res seront \u00e9tablies au plus tard en mars 2024 selon le membre du gouvernement.\u00a0\" \/>\n<meta property=\"og:url\" content=\"https:\/\/depeches241.com\/?p=16054\" \/>\n<meta property=\"og:site_name\" content=\"Groupe D\u00e9p\u00eaches241\" \/>\n<meta property=\"article:publisher\" content=\"https:\/\/www.facebook.com\/depeches241\" \/>\n<meta property=\"article:published_time\" content=\"2023-12-27T12:24:57+00:00\" \/>\n<meta property=\"article:modified_time\" content=\"2023-12-27T12:24:58+00:00\" \/>\n<meta property=\"og:image\" content=\"https:\/\/depeches241.com\/wp-content\/uploads\/2023\/12\/CNI-.jpg\" \/>\n\t<meta property=\"og:image:width\" content=\"960\" \/>\n\t<meta property=\"og:image:height\" content=\"540\" \/>\n\t<meta property=\"og:image:type\" content=\"image\/jpeg\" \/>\n<meta name=\"author\" content=\"R\u00e9daction\" \/>\n<meta name=\"twitter:card\" content=\"summary_large_image\" \/>\n<meta name=\"twitter:label1\" content=\"\u00c9crit par\" \/>\n\t<meta name=\"twitter:data1\" content=\"R\u00e9daction\" \/>\n\t<meta name=\"twitter:label2\" content=\"Dur\u00e9e de lecture estim\u00e9e\" \/>\n\t<meta name=\"twitter:data2\" content=\"2 minutes\" \/>\n<script type=\"application\/ld+json\" class=\"yoast-schema-graph\">{\"@context\":\"https:\\\/\\\/schema.org\",\"@graph\":[{\"@type\":\"Article\",\"@id\":\"https:\\\/\\\/depeches241.com\\\/?p=16054#article\",\"isPartOf\":{\"@id\":\"https:\\\/\\\/depeches241.com\\\/?p=16054\"},\"author\":{\"name\":\"R\u00e9daction\",\"@id\":\"https:\\\/\\\/depeches241.com\\\/#\\\/schema\\\/person\\\/977f23ecf7439b0805f4525a893a057a\"},\"headline\":\"Nouvelles CNI: le gouvernement annonce l\u2019\u00e9tablissement pour mars 2024 au plus tard\",\"datePublished\":\"2023-12-27T12:24:57+00:00\",\"dateModified\":\"2023-12-27T12:24:58+00:00\",\"mainEntityOfPage\":{\"@id\":\"https:\\\/\\\/depeches241.com\\\/?p=16054\"},\"wordCount\":367,\"commentCount\":0,\"publisher\":{\"@id\":\"https:\\\/\\\/depeches241.com\\\/#organization\"},\"image\":{\"@id\":\"https:\\\/\\\/depeches241.com\\\/?p=16054#primaryimage\"},\"thumbnailUrl\":\"https:\\\/\\\/depeches241.com\\\/wp-content\\\/uploads\\\/2023\\\/12\\\/CNI-.jpg\",\"keywords\":[\"CNI\",\"depeches241\",\"Gabon\",\"Herman Immongault\",\"Politique\",\"soci\u00e9t\u00e9\"],\"articleSection\":[\"POLITIQUE\",\"SOCIETE\",\"Une1\"],\"inLanguage\":\"fr-FR\",\"potentialAction\":[{\"@type\":\"CommentAction\",\"name\":\"Comment\",\"target\":[\"https:\\\/\\\/depeches241.com\\\/?p=16054#respond\"]}]},{\"@type\":\"WebPage\",\"@id\":\"https:\\\/\\\/depeches241.com\\\/?p=16054\",\"url\":\"https:\\\/\\\/depeches241.com\\\/?p=16054\",\"name\":\"Nouvelles CNI: le gouvernement annonce l\u2019\u00e9tablissement pour mars 2024 au plus tard - Groupe D\u00e9p\u00eaches241\",\"isPartOf\":{\"@id\":\"https:\\\/\\\/depeches241.com\\\/#website\"},\"primaryImageOfPage\":{\"@id\":\"https:\\\/\\\/depeches241.com\\\/?p=16054#primaryimage\"},\"image\":{\"@id\":\"https:\\\/\\\/depeches241.com\\\/?p=16054#primaryimage\"},\"thumbnailUrl\":\"https:\\\/\\\/depeches241.com\\\/wp-content\\\/uploads\\\/2023\\\/12\\\/CNI-.jpg\",\"datePublished\":\"2023-12-27T12:24:57+00:00\",\"dateModified\":\"2023-12-27T12:24:58+00:00\",\"description\":\"Pr\u00e9sents ce jour \u00e0 l\u2019Assembl\u00e9e Nationale pour l\u2019exercice r\u00e9publicain, \u00ab\u00a0Questions au gouvernement \u00bb, le ministre de l'Int\u00e9rieur Herman Immongault apr\u00e8s une question soulev\u00e9e par l\u2019honorable Fratellis Marcel Fouti a donn\u00e9 des indications sur la p\u00e9riode d\u2019\u00e9tablissement de nouvelles cartes nationales d\u2019Identit\u00e9. Ces derni\u00e8res seront \u00e9tablies au plus tard en mars 2024 selon le membre du gouvernement.\u00a0\",\"breadcrumb\":{\"@id\":\"https:\\\/\\\/depeches241.com\\\/?p=16054#breadcrumb\"},\"inLanguage\":\"fr-FR\",\"potentialAction\":[{\"@type\":\"ReadAction\",\"target\":[\"https:\\\/\\\/depeches241.com\\\/?p=16054\"]}]},{\"@type\":\"ImageObject\",\"inLanguage\":\"fr-FR\",\"@id\":\"https:\\\/\\\/depeches241.com\\\/?p=16054#primaryimage\",\"url\":\"https:\\\/\\\/depeches241.com\\\/wp-content\\\/uploads\\\/2023\\\/12\\\/CNI-.jpg\",\"contentUrl\":\"https:\\\/\\\/depeches241.com\\\/wp-content\\\/uploads\\\/2023\\\/12\\\/CNI-.jpg\",\"width\":960,\"height\":540},{\"@type\":\"BreadcrumbList\",\"@id\":\"https:\\\/\\\/depeches241.com\\\/?p=16054#breadcrumb\",\"itemListElement\":[{\"@type\":\"ListItem\",\"position\":1,\"name\":\"Accueil\",\"item\":\"https:\\\/\\\/depeches241.com\\\/\"},{\"@type\":\"ListItem\",\"position\":2,\"name\":\"Nouvelles CNI: le gouvernement annonce l\u2019\u00e9tablissement pour mars 2024 au plus tard\"}]},{\"@type\":\"WebSite\",\"@id\":\"https:\\\/\\\/depeches241.com\\\/#website\",\"url\":\"https:\\\/\\\/depeches241.com\\\/\",\"name\":\"D\u00e9p\u00eaches241\",\"description\":\"M\u00e9dia d&#039;actualit\u00e9 Politique, \u00c9conomique, Sociale et Internationale\",\"publisher\":{\"@id\":\"https:\\\/\\\/depeches241.com\\\/#organization\"},\"potentialAction\":[{\"@type\":\"SearchAction\",\"target\":{\"@type\":\"EntryPoint\",\"urlTemplate\":\"https:\\\/\\\/depeches241.com\\\/?s={search_term_string}\"},\"query-input\":{\"@type\":\"PropertyValueSpecification\",\"valueRequired\":true,\"valueName\":\"search_term_string\"}}],\"inLanguage\":\"fr-FR\"},{\"@type\":\"Organization\",\"@id\":\"https:\\\/\\\/depeches241.com\\\/#organization\",\"name\":\"Groupe D\u00e9p\u00eaches241\",\"url\":\"https:\\\/\\\/depeches241.com\\\/\",\"logo\":{\"@type\":\"ImageObject\",\"inLanguage\":\"fr-FR\",\"@id\":\"https:\\\/\\\/depeches241.com\\\/#\\\/schema\\\/logo\\\/image\\\/\",\"url\":\"https:\\\/\\\/depeches241.com\\\/wp-content\\\/uploads\\\/2021\\\/10\\\/cropped-Logo-new-Accueil.png\",\"contentUrl\":\"https:\\\/\\\/depeches241.com\\\/wp-content\\\/uploads\\\/2021\\\/10\\\/cropped-Logo-new-Accueil.png\",\"width\":320,\"height\":105,\"caption\":\"Groupe D\u00e9p\u00eaches241\"},\"image\":{\"@id\":\"https:\\\/\\\/depeches241.com\\\/#\\\/schema\\\/logo\\\/image\\\/\"},\"sameAs\":[\"https:\\\/\\\/www.facebook.com\\\/depeches241\"]},{\"@type\":\"Person\",\"@id\":\"https:\\\/\\\/depeches241.com\\\/#\\\/schema\\\/person\\\/977f23ecf7439b0805f4525a893a057a\",\"name\":\"R\u00e9daction\",\"image\":{\"@type\":\"ImageObject\",\"inLanguage\":\"fr-FR\",\"@id\":\"https:\\\/\\\/secure.gravatar.com\\\/avatar\\\/8c655dbc51e5c9289f919f15ce20847ab5a910f8369a17ca243b673da48541f5?s=96&d=mm&r=g\",\"url\":\"https:\\\/\\\/secure.gravatar.com\\\/avatar\\\/8c655dbc51e5c9289f919f15ce20847ab5a910f8369a17ca243b673da48541f5?s=96&d=mm&r=g\",\"contentUrl\":\"https:\\\/\\\/secure.gravatar.com\\\/avatar\\\/8c655dbc51e5c9289f919f15ce20847ab5a910f8369a17ca243b673da48541f5?s=96&d=mm&r=g\",\"caption\":\"R\u00e9daction\"},\"url\":\"https:\\\/\\\/depeches241.com\\\/?author=11\"}]}<\/script>\n<!-- \/ Yoast SEO plugin. -->","yoast_head_json":{"title":"Nouvelles CNI: le gouvernement annonce l\u2019\u00e9tablissement pour mars 2024 au plus tard - Groupe D\u00e9p\u00eaches241","description":"Pr\u00e9sents ce jour \u00e0 l\u2019Assembl\u00e9e Nationale pour l\u2019exercice r\u00e9publicain, \u00ab\u00a0Questions au gouvernement \u00bb, le ministre de l'Int\u00e9rieur Herman Immongault apr\u00e8s une question soulev\u00e9e par l\u2019honorable Fratellis Marcel Fouti a donn\u00e9 des indications sur la p\u00e9riode d\u2019\u00e9tablissement de nouvelles cartes nationales d\u2019Identit\u00e9. Ces derni\u00e8res seront \u00e9tablies au plus tard en mars 2024 selon le membre du gouvernement.\u00a0","robots":{"index":"index","follow":"follow","max-snippet":"max-snippet:-1","max-image-preview":"max-image-preview:large","max-video-preview":"max-video-preview:-1"},"canonical":"https:\/\/depeches241.com\/?p=16054","og_locale":"fr_FR","og_type":"article","og_title":"Nouvelles CNI: le gouvernement annonce l\u2019\u00e9tablissement pour mars 2024 au plus tard - Groupe D\u00e9p\u00eaches241","og_description":"Pr\u00e9sents ce jour \u00e0 l\u2019Assembl\u00e9e Nationale pour l\u2019exercice r\u00e9publicain, \u00ab\u00a0Questions au gouvernement \u00bb, le ministre de l'Int\u00e9rieur Herman Immongault apr\u00e8s une question soulev\u00e9e par l\u2019honorable Fratellis Marcel Fouti a donn\u00e9 des indications sur la p\u00e9riode d\u2019\u00e9tablissement de nouvelles cartes nationales d\u2019Identit\u00e9. Ces derni\u00e8res seront \u00e9tablies au plus tard en mars 2024 selon le membre du gouvernement.\u00a0","og_url":"https:\/\/depeches241.com\/?p=16054","og_site_name":"Groupe D\u00e9p\u00eaches241","article_publisher":"https:\/\/www.facebook.com\/depeches241","article_published_time":"2023-12-27T12:24:57+00:00","article_modified_time":"2023-12-27T12:24:58+00:00","og_image":[{"width":960,"height":540,"url":"https:\/\/depeches241.com\/wp-content\/uploads\/2023\/12\/CNI-.jpg","type":"image\/jpeg"}],"author":"R\u00e9daction","twitter_card":"summary_large_image","twitter_misc":{"\u00c9crit par":"R\u00e9daction","Dur\u00e9e de lecture estim\u00e9e":"2 minutes"},"schema":{"@context":"https:\/\/schema.org","@graph":[{"@type":"Article","@id":"https:\/\/depeches241.com\/?p=16054#article","isPartOf":{"@id":"https:\/\/depeches241.com\/?p=16054"},"author":{"name":"R\u00e9daction","@id":"https:\/\/depeches241.com\/#\/schema\/person\/977f23ecf7439b0805f4525a893a057a"},"headline":"Nouvelles CNI: le gouvernement annonce l\u2019\u00e9tablissement pour mars 2024 au plus tard","datePublished":"2023-12-27T12:24:57+00:00","dateModified":"2023-12-27T12:24:58+00:00","mainEntityOfPage":{"@id":"https:\/\/depeches241.com\/?p=16054"},"wordCount":367,"commentCount":0,"publisher":{"@id":"https:\/\/depeches241.com\/#organization"},"image":{"@id":"https:\/\/depeches241.com\/?p=16054#primaryimage"},"thumbnailUrl":"https:\/\/depeches241.com\/wp-content\/uploads\/2023\/12\/CNI-.jpg","keywords":["CNI","depeches241","Gabon","Herman Immongault","Politique","soci\u00e9t\u00e9"],"articleSection":["POLITIQUE","SOCIETE","Une1"],"inLanguage":"fr-FR","potentialAction":[{"@type":"CommentAction","name":"Comment","target":["https:\/\/depeches241.com\/?p=16054#respond"]}]},{"@type":"WebPage","@id":"https:\/\/depeches241.com\/?p=16054","url":"https:\/\/depeches241.com\/?p=16054","name":"Nouvelles CNI: le gouvernement annonce l\u2019\u00e9tablissement pour mars 2024 au plus tard - Groupe D\u00e9p\u00eaches241","isPartOf":{"@id":"https:\/\/depeches241.com\/#website"},"primaryImageOfPage":{"@id":"https:\/\/depeches241.com\/?p=16054#primaryimage"},"image":{"@id":"https:\/\/depeches241.com\/?p=16054#primaryimage"},"thumbnailUrl":"https:\/\/depeches241.com\/wp-content\/uploads\/2023\/12\/CNI-.jpg","datePublished":"2023-12-27T12:24:57+00:00","dateModified":"2023-12-27T12:24:58+00:00","description":"Pr\u00e9sents ce jour \u00e0 l\u2019Assembl\u00e9e Nationale pour l\u2019exercice r\u00e9publicain, \u00ab\u00a0Questions au gouvernement \u00bb, le ministre de l'Int\u00e9rieur Herman Immongault apr\u00e8s une question soulev\u00e9e par l\u2019honorable Fratellis Marcel Fouti a donn\u00e9 des indications sur la p\u00e9riode d\u2019\u00e9tablissement de nouvelles cartes nationales d\u2019Identit\u00e9. Ces derni\u00e8res seront \u00e9tablies au plus tard en mars 2024 selon le membre du gouvernement.\u00a0","breadcrumb":{"@id":"https:\/\/depeches241.com\/?p=16054#breadcrumb"},"inLanguage":"fr-FR","potentialAction":[{"@type":"ReadAction","target":["https:\/\/depeches241.com\/?p=16054"]}]},{"@type":"ImageObject","inLanguage":"fr-FR","@id":"https:\/\/depeches241.com\/?p=16054#primaryimage","url":"https:\/\/depeches241.com\/wp-content\/uploads\/2023\/12\/CNI-.jpg","contentUrl":"https:\/\/depeches241.com\/wp-content\/uploads\/2023\/12\/CNI-.jpg","width":960,"height":540},{"@type":"BreadcrumbList","@id":"https:\/\/depeches241.com\/?p=16054#breadcrumb","itemListElement":[{"@type":"ListItem","position":1,"name":"Accueil","item":"https:\/\/depeches241.com\/"},{"@type":"ListItem","position":2,"name":"Nouvelles CNI: le gouvernement annonce l\u2019\u00e9tablissement pour mars 2024 au plus tard"}]},{"@type":"WebSite","@id":"https:\/\/depeches241.com\/#website","url":"https:\/\/depeches241.com\/","name":"D\u00e9p\u00eaches241","description":"M\u00e9dia d&#039;actualit\u00e9 Politique, \u00c9conomique, Sociale et Internationale","publisher":{"@id":"https:\/\/depeches241.com\/#organization"},"potentialAction":[{"@type":"SearchAction","target":{"@type":"EntryPoint","urlTemplate":"https:\/\/depeches241.com\/?s={search_term_string}"},"query-input":{"@type":"PropertyValueSpecification","valueRequired":true,"valueName":"search_term_string"}}],"inLanguage":"fr-FR"},{"@type":"Organization","@id":"https:\/\/depeches241.com\/#organization","name":"Groupe D\u00e9p\u00eaches241","url":"https:\/\/depeches241.com\/","logo":{"@type":"ImageObject","inLanguage":"fr-FR","@id":"https:\/\/depeches241.com\/#\/schema\/logo\/image\/","url":"https:\/\/depeches241.com\/wp-content\/uploads\/2021\/10\/cropped-Logo-new-Accueil.png","contentUrl":"https:\/\/depeches241.com\/wp-content\/uploads\/2021\/10\/cropped-Logo-new-Accueil.png","width":320,"height":105,"caption":"Groupe D\u00e9p\u00eaches241"},"image":{"@id":"https:\/\/depeches241.com\/#\/schema\/logo\/image\/"},"sameAs":["https:\/\/www.facebook.com\/depeches241"]},{"@type":"Person","@id":"https:\/\/depeches241.com\/#\/schema\/person\/977f23ecf7439b0805f4525a893a057a","name":"R\u00e9daction","image":{"@type":"ImageObject","inLanguage":"fr-FR","@id":"https:\/\/secure.gravatar.com\/avatar\/8c655dbc51e5c9289f919f15ce20847ab5a910f8369a17ca243b673da48541f5?s=96&d=mm&r=g","url":"https:\/\/secure.gravatar.com\/avatar\/8c655dbc51e5c9289f919f15ce20847ab5a910f8369a17ca243b673da48541f5?s=96&d=mm&r=g","contentUrl":"https:\/\/secure.gravatar.com\/avatar\/8c655dbc51e5c9289f919f15ce20847ab5a910f8369a17ca243b673da48541f5?s=96&d=mm&r=g","caption":"R\u00e9daction"},"url":"https:\/\/depeches241.com\/?author=11"}]}},"_links":{"self":[{"href":"https:\/\/depeches241.com\/index.php?rest_route=\/wp\/v2\/posts\/16054","targetHints":{"allow":["GET"]}}],"collection":[{"href":"https:\/\/depeches241.com\/index.php?rest_route=\/wp\/v2\/posts"}],"about":[{"href":"https:\/\/depeches241.com\/index.php?rest_route=\/wp\/v2\/types\/post"}],"author":[{"embeddable":true,"href":"https:\/\/depeches241.com\/index.php?rest_route=\/wp\/v2\/users\/11"}],"replies":[{"embeddable":true,"href":"https:\/\/depeches241.com\/index.php?rest_route=%2Fwp%2Fv2%2Fcomments&post=16054"}],"version-history":[{"count":1,"href":"https:\/\/depeches241.com\/index.php?rest_route=\/wp\/v2\/posts\/16054\/revisions"}],"predecessor-version":[{"id":16056,"href":"https:\/\/depeches241.com\/index.php?rest_route=\/wp\/v2\/posts\/16054\/revisions\/16056"}],"wp:featuredmedia":[{"embeddable":true,"href":"https:\/\/depeches241.com\/index.php?rest_route=\/wp\/v2\/media\/16055"}],"wp:attachment":[{"href":"https:\/\/depeches241.com\/index.php?rest_route=%2Fwp%2Fv2%2Fmedia&parent=16054"}],"wp:term":[{"taxonomy":"category","embeddable":true,"href":"https:\/\/depeches241.com\/index.php?rest_route=%2Fwp%2Fv2%2Fcategories&post=16054"},{"taxonomy":"post_tag","embeddable":true,"href":"https:\/\/depeches241.com\/index.php?rest_route=%2Fwp%2Fv2%2Ftags&post=16054"}],"curies":[{"name":"wp","href":"https:\/\/api.w.org\/{rel}","templated":true}]}}