{"id":18840,"date":"2024-06-10T15:33:34","date_gmt":"2024-06-10T13:33:34","guid":{"rendered":"https:\/\/depeches241.com\/?p=18840"},"modified":"2024-06-10T16:07:22","modified_gmt":"2024-06-10T14:07:22","slug":"presentation-du-texte-portant-organisation-des-elections-devant-les-deputes-immongault-accuse-de-violer-et-vicier-les-procedures","status":"publish","type":"post","link":"https:\/\/depeches241.com\/?p=18840","title":{"rendered":"Pr\u00e9sentation du texte portant organisation des \u00e9lections devant les D\u00e9put\u00e9s: Immongault accus\u00e9 de violer et vicier les proc\u00e9dures ?\u00a0"},"content":{"rendered":"\n<figure class=\"wp-block-image size-full\"><img fetchpriority=\"high\" decoding=\"async\" width=\"960\" height=\"540\" src=\"https:\/\/depeches241.com\/wp-content\/uploads\/2024\/06\/DRIVE-A-IMAGES-2-8-12.jpg\" alt=\"\" class=\"wp-image-18841\" srcset=\"https:\/\/depeches241.com\/wp-content\/uploads\/2024\/06\/DRIVE-A-IMAGES-2-8-12.jpg 960w, https:\/\/depeches241.com\/wp-content\/uploads\/2024\/06\/DRIVE-A-IMAGES-2-8-12-300x169.jpg 300w, https:\/\/depeches241.com\/wp-content\/uploads\/2024\/06\/DRIVE-A-IMAGES-2-8-12-768x432.jpg 768w\" sizes=\"(max-width: 960px) 100vw, 960px\" \/><figcaption class=\"wp-element-caption\"><strong><em>\u00c0 quoi joue concr\u00e8tement Hermann Immongault dans le projet de loi relatif \u00e0 l&rsquo;organisation des \u00e9lections ? <strong><em>\u00a9 DR<\/em><\/strong><\/em><\/strong><\/figcaption><\/figure>\n\n\n\n<p><strong>Libreville, le 10 juin 2024 &#8211; (D\u00e9p\u00eaches 241). Alors qu\u2019il \u00e9tait cens\u00e9 se pr\u00e9senter mercredi devant les d\u00e9put\u00e9s aux fins d\u2019exposer sur le projet de loi relatif \u00e0 l\u2019organisation des \u00e9lections, Hermann Immongault, Ministre de l&rsquo;Int\u00e9rieur, aurait tout simplement \u00e9t\u00e9 \u00e9conduit par les d\u00e9put\u00e9s de l\u2019Assembl\u00e9e Nationale. Ces derniers lui reprochent de vouloir pr\u00e9senter et faire adopter cette loi hautement importante de fa\u00e7on insidieuse en violant au passage les proc\u00e9dures.&nbsp;<\/strong><\/p>\n\n\n\n<p class=\"has-drop-cap\">Les \u00e9changes furent houleux mercredi dernier au Palais L\u00e9on Mba de Libreville. Hermann Immongault, Ministre de l\u2019Int\u00e9rieur et de la S\u00e9curit\u00e9 \u00e0 qui<a href=\"https:\/\/depeches241.com\/?p=18244\"> l\u2019organisation des \u00e9lections vient d\u2019\u00eatre r\u00e9troc\u00e9d\u00e9e par le Comit\u00e9 pour la Transition et la Restauration<\/a> des Institutions (CTRI) devait pr\u00e9senter aux d\u00e9put\u00e9s de l\u2019Assembl\u00e9e Nationale de la Transition, le projet de loi y relatif.\u00a0<\/p>\n\n\n\n<p>Surpris de la d\u00e9marche cavali\u00e8re du membre du Gouvernement, lequel ne se serait pas acquitt\u00e9 de certains pr\u00e9alables, les d\u00e9put\u00e9s auraient purement et simplement refus\u00e9 d&rsquo;honorer de leur pr\u00e9sence l\u2019audition pour laquelle s\u2019\u00e9tait pr\u00e9sent\u00e9 Herman Immongault. Ces derniers accusent le Ministre de l\u2019Int\u00e9rieur de violer les proc\u00e9dures. Une attitude qui cache difficilement la volont\u00e9 de ce dernier de vicier le consentement des d\u00e9put\u00e9s en leur demandant de se prononcer sur un projet de loi dont ils n\u2019ont saisi ni la substance, ni la teneur.&nbsp;<\/p>\n\n\n\n<p>Selon une voix autoris\u00e9e, relay\u00e9\u00e9 du reste par Radio France Internationale, le texte n\u2019a pas \u00e9t\u00e9 transmis 48 heures \u00e0 l\u2019avance comme le commande le r\u00e8glement. En se pr\u00e9sentant \u00e0 la Chambre basse du Parlement mercredi dernier, plusieurs d\u00e9put\u00e9s n\u2019avaient pas encore pris connaissance du texte.&nbsp; <strong><em>\u00ab On ne peut pas poser des questions sans l&rsquo;avoir lu \u00bb, <\/em><\/strong>indique un parlementaire avant d\u2019ajouter que <strong><em>\u00ab ce texte est si important qu\u2019on ne pouvait pas laisser passer cela \u00bb<\/em><\/strong><strong>, <\/strong>a-t-on pu lire.&nbsp;<\/p>\n\n\n\n<p><strong>M\u00e9connaissance des textes et des proc\u00e9dures ou volont\u00e9 de vicier l\u2019analyse des D\u00e9put\u00e9s ?&nbsp;<\/strong><\/p>\n\n\n\n<p>Autre argument et non des moindres, les d\u00e9put\u00e9s soup\u00e7onnent le Gouvernement de la Transition de vouloir, de fa\u00e7on pernicieuse, mettre la charrue avant le b\u0153uf en soumettant en d\u00e9bat au Parlement, une question qui n\u2019avait pertinence \u00e0 \u00eatre soulev\u00e9e qu\u2019apr\u00e8s le r\u00e9f\u00e9rendum.&nbsp; Car dans les faits, le calendrier de Transition ne pr\u00e9voyait pas de discussions sur la loi \u00e9lectorale avant janvier, un mois apr\u00e8s le r\u00e9f\u00e9rendum sur la nouvelle Constitution. C\u2019est ce que souligne notamment Jean Valentin Leyama. <strong><em>C\u2019est le texte fondamental qui d\u00e9finit les conditions d\u2019organisation des \u00e9lections, qui se pr\u00e9sente ou pas, le type de scrutin, le r\u00e9gime politique, etc. Tout cela passe avant la loi \u00e9lectorale. C\u2019est d\u2019une logique \u00e9l\u00e9mentaire \u00bb, <\/em><\/strong>indique le parlementaire Jean Valentin Leyama.&nbsp;<\/p>\n\n\n\n<p>Apr\u00e8s avoir essuy\u00e9 un proc\u00e8s en intention d\u2019avoir dict\u00e9 ou command\u00e9 l\u2019essentiel des r\u00e9solutions du Dialogue National Inclusif, voil\u00e0 que le CTRI \u00e0 travers son Ministre de l\u2019Int\u00e9rieur, tente de conduire maladroitement, sinon vicieusement un projet qui s&rsquo;inscrit dans l\u2019une des priorit\u00e9s de la R\u00e9forme des Institutions.&nbsp;<\/p>\n\n\n\n<p>Pour rappel, le 11 mai 2024 par le biais du communiqu\u00e9 n\u00b061, <a href=\"https:\/\/depeches241.com\/?p=18280\">le CTRI annon\u00e7ait par une application discr\u00e9tionnaire<\/a> d\u2019une des r\u00e9solutions du Dialogue National Inclusif, la r\u00e9trocession de l\u2019organisation des \u00e9lections au Minist\u00e8re de l\u2019Int\u00e9rieur. <strong><em>\u00ab En application des d\u00e9cisions du Dialogue National Inclusif, l\u2019organisation des \u00e9lections sera d\u00e9sormais assur\u00e9e par le Minist\u00e8re de l\u2019Int\u00e9rieur comme c\u2019est le cas dans les grandes d\u00e9mocraties du monde \u00bb<\/em><\/strong><strong>, <\/strong>avait d\u00e9clar\u00e9 le Colonel Ulrich Manfoumbi Manfoumbi.&nbsp;<\/p>\n","protected":false},"excerpt":{"rendered":"<p> Alors qu\u2019il \u00e9tait cens\u00e9 se pr\u00e9senter mercredi devant les d\u00e9put\u00e9s aux fins d\u2019exposer sur le projet de loi relatif \u00e0 l\u2019organisation des \u00e9lections, Hermann Immongault, Ministre de l&rsquo;Int\u00e9rieur, aurait tout simplement \u00e9t\u00e9 \u00e9conduit par les d\u00e9put\u00e9s de l\u2019Assembl\u00e9e Nationale. Ces derniers lui reprochent de vouloir pr\u00e9senter et faire adopter cette loi hautement importante de fa\u00e7on insidieuse en violant au passage les proc\u00e9dures.\u00a0<\/p>\n","protected":false},"author":2,"featured_media":18841,"comment_status":"open","ping_status":"open","sticky":false,"template":"","format":"standard","meta":{"om_disable_all_campaigns":false,"footnotes":""},"categories":[2927,3,117],"tags":[99,59,3337,2754,3555,73,3556],"class_list":{"0":"post-18840","1":"post","2":"type-post","3":"status-publish","4":"format-standard","5":"has-post-thumbnail","7":"category-ctri","8":"category-politique","9":"category-une2","10":"tag-depeches241","11":"tag-gabon","12":"tag-hermann-immongault","13":"tag-ministre-de-linterieur","14":"tag-organisation-des-elections","15":"tag-politique","16":"tag-projet-de-loi"},"yoast_head":"<!-- This site is optimized with the Yoast SEO plugin v27.5 - https:\/\/yoast.com\/product\/yoast-seo-wordpress\/ -->\n<title>Pr\u00e9sentation du texte portant organisation des \u00e9lections devant les D\u00e9put\u00e9s: Immongault accus\u00e9 de violer et vicier les proc\u00e9dures ?\u00a0 - Groupe D\u00e9p\u00eaches241<\/title>\n<meta name=\"description\" content=\"Alors qu\u2019il \u00e9tait cens\u00e9 se pr\u00e9senter mercredi devant les d\u00e9put\u00e9s aux fins d\u2019exposer sur le projet de loi relatif \u00e0 l\u2019organisation des \u00e9lections, Hermann Immongault, Ministre de l&#039;Int\u00e9rieur, aurait tout simplement \u00e9t\u00e9 \u00e9conduit par les d\u00e9put\u00e9s de l\u2019Assembl\u00e9e Nationale. Ces derniers lui reprochent de vouloir pr\u00e9senter et faire adopter cette loi hautement importante de fa\u00e7on insidieuse en violant au passage les proc\u00e9dures.\u00a0\" \/>\n<meta name=\"robots\" content=\"index, follow, max-snippet:-1, max-image-preview:large, max-video-preview:-1\" \/>\n<link rel=\"canonical\" href=\"https:\/\/depeches241.com\/?p=18840\" \/>\n<meta property=\"og:locale\" content=\"fr_FR\" \/>\n<meta property=\"og:type\" content=\"article\" \/>\n<meta property=\"og:title\" content=\"Pr\u00e9sentation du texte portant organisation des \u00e9lections devant les D\u00e9put\u00e9s: Immongault accus\u00e9 de violer et vicier les proc\u00e9dures ?\u00a0 - Groupe D\u00e9p\u00eaches241\" \/>\n<meta property=\"og:description\" content=\"Alors qu\u2019il \u00e9tait cens\u00e9 se pr\u00e9senter mercredi devant les d\u00e9put\u00e9s aux fins d\u2019exposer sur le projet de loi relatif \u00e0 l\u2019organisation des \u00e9lections, Hermann Immongault, Ministre de l&#039;Int\u00e9rieur, aurait tout simplement \u00e9t\u00e9 \u00e9conduit par les d\u00e9put\u00e9s de l\u2019Assembl\u00e9e Nationale. Ces derniers lui reprochent de vouloir pr\u00e9senter et faire adopter cette loi hautement importante de fa\u00e7on insidieuse en violant au passage les proc\u00e9dures.\u00a0\" \/>\n<meta property=\"og:url\" content=\"https:\/\/depeches241.com\/?p=18840\" \/>\n<meta property=\"og:site_name\" content=\"Groupe D\u00e9p\u00eaches241\" \/>\n<meta property=\"article:publisher\" content=\"https:\/\/www.facebook.com\/depeches241\" \/>\n<meta property=\"article:published_time\" content=\"2024-06-10T13:33:34+00:00\" \/>\n<meta property=\"article:modified_time\" content=\"2024-06-10T14:07:22+00:00\" \/>\n<meta property=\"og:image\" content=\"http:\/\/depeches241.com\/wp-content\/uploads\/2024\/06\/DRIVE-A-IMAGES-2-8-12.jpg\" \/>\n\t<meta property=\"og:image:width\" content=\"960\" \/>\n\t<meta property=\"og:image:height\" content=\"540\" \/>\n\t<meta property=\"og:image:type\" content=\"image\/jpeg\" \/>\n<meta name=\"author\" content=\"Pharel BOUKIKA\" \/>\n<meta name=\"twitter:card\" content=\"summary_large_image\" \/>\n<meta name=\"twitter:label1\" content=\"\u00c9crit par\" \/>\n\t<meta name=\"twitter:data1\" content=\"Pharel BOUKIKA\" \/>\n\t<meta name=\"twitter:label2\" content=\"Dur\u00e9e de lecture estim\u00e9e\" \/>\n\t<meta name=\"twitter:data2\" content=\"3 minutes\" \/>\n<script type=\"application\/ld+json\" class=\"yoast-schema-graph\">{\"@context\":\"https:\\\/\\\/schema.org\",\"@graph\":[{\"@type\":\"Article\",\"@id\":\"https:\\\/\\\/depeches241.com\\\/?p=18840#article\",\"isPartOf\":{\"@id\":\"https:\\\/\\\/depeches241.com\\\/?p=18840\"},\"author\":{\"name\":\"Pharel BOUKIKA\",\"@id\":\"https:\\\/\\\/depeches241.com\\\/#\\\/schema\\\/person\\\/f39e676ca8f34712c2b828546ec69f14\"},\"headline\":\"Pr\u00e9sentation du texte portant organisation des \u00e9lections devant les D\u00e9put\u00e9s: Immongault accus\u00e9 de violer et vicier les proc\u00e9dures ?\u00a0\",\"datePublished\":\"2024-06-10T13:33:34+00:00\",\"dateModified\":\"2024-06-10T14:07:22+00:00\",\"mainEntityOfPage\":{\"@id\":\"https:\\\/\\\/depeches241.com\\\/?p=18840\"},\"wordCount\":688,\"commentCount\":0,\"publisher\":{\"@id\":\"https:\\\/\\\/depeches241.com\\\/#organization\"},\"image\":{\"@id\":\"https:\\\/\\\/depeches241.com\\\/?p=18840#primaryimage\"},\"thumbnailUrl\":\"https:\\\/\\\/depeches241.com\\\/wp-content\\\/uploads\\\/2024\\\/06\\\/DRIVE-A-IMAGES-2-8-12.jpg\",\"keywords\":[\"depeches241\",\"Gabon\",\"Hermann Immongault\",\"ministre de l&#039;Int\u00e9rieur\",\"Organisation des \u00e9lections\",\"Politique\",\"Projet de loi\"],\"articleSection\":[\"CTRI\",\"POLITIQUE\",\"Une2\"],\"inLanguage\":\"fr-FR\",\"potentialAction\":[{\"@type\":\"CommentAction\",\"name\":\"Comment\",\"target\":[\"https:\\\/\\\/depeches241.com\\\/?p=18840#respond\"]}]},{\"@type\":\"WebPage\",\"@id\":\"https:\\\/\\\/depeches241.com\\\/?p=18840\",\"url\":\"https:\\\/\\\/depeches241.com\\\/?p=18840\",\"name\":\"Pr\u00e9sentation du texte portant organisation des \u00e9lections devant les D\u00e9put\u00e9s: Immongault accus\u00e9 de violer et vicier les proc\u00e9dures ?\u00a0 - Groupe D\u00e9p\u00eaches241\",\"isPartOf\":{\"@id\":\"https:\\\/\\\/depeches241.com\\\/#website\"},\"primaryImageOfPage\":{\"@id\":\"https:\\\/\\\/depeches241.com\\\/?p=18840#primaryimage\"},\"image\":{\"@id\":\"https:\\\/\\\/depeches241.com\\\/?p=18840#primaryimage\"},\"thumbnailUrl\":\"https:\\\/\\\/depeches241.com\\\/wp-content\\\/uploads\\\/2024\\\/06\\\/DRIVE-A-IMAGES-2-8-12.jpg\",\"datePublished\":\"2024-06-10T13:33:34+00:00\",\"dateModified\":\"2024-06-10T14:07:22+00:00\",\"description\":\"Alors qu\u2019il \u00e9tait cens\u00e9 se pr\u00e9senter mercredi devant les d\u00e9put\u00e9s aux fins d\u2019exposer sur le projet de loi relatif \u00e0 l\u2019organisation des \u00e9lections, Hermann Immongault, Ministre de l'Int\u00e9rieur, aurait tout simplement \u00e9t\u00e9 \u00e9conduit par les d\u00e9put\u00e9s de l\u2019Assembl\u00e9e Nationale. Ces derniers lui reprochent de vouloir pr\u00e9senter et faire adopter cette loi hautement importante de fa\u00e7on insidieuse en violant au passage les proc\u00e9dures.\u00a0\",\"breadcrumb\":{\"@id\":\"https:\\\/\\\/depeches241.com\\\/?p=18840#breadcrumb\"},\"inLanguage\":\"fr-FR\",\"potentialAction\":[{\"@type\":\"ReadAction\",\"target\":[\"https:\\\/\\\/depeches241.com\\\/?p=18840\"]}]},{\"@type\":\"ImageObject\",\"inLanguage\":\"fr-FR\",\"@id\":\"https:\\\/\\\/depeches241.com\\\/?p=18840#primaryimage\",\"url\":\"https:\\\/\\\/depeches241.com\\\/wp-content\\\/uploads\\\/2024\\\/06\\\/DRIVE-A-IMAGES-2-8-12.jpg\",\"contentUrl\":\"https:\\\/\\\/depeches241.com\\\/wp-content\\\/uploads\\\/2024\\\/06\\\/DRIVE-A-IMAGES-2-8-12.jpg\",\"width\":960,\"height\":540},{\"@type\":\"BreadcrumbList\",\"@id\":\"https:\\\/\\\/depeches241.com\\\/?p=18840#breadcrumb\",\"itemListElement\":[{\"@type\":\"ListItem\",\"position\":1,\"name\":\"Accueil\",\"item\":\"https:\\\/\\\/depeches241.com\\\/\"},{\"@type\":\"ListItem\",\"position\":2,\"name\":\"Pr\u00e9sentation du texte portant organisation des \u00e9lections devant les D\u00e9put\u00e9s: Immongault accus\u00e9 de violer et vicier les proc\u00e9dures ?\u00a0\"}]},{\"@type\":\"WebSite\",\"@id\":\"https:\\\/\\\/depeches241.com\\\/#website\",\"url\":\"https:\\\/\\\/depeches241.com\\\/\",\"name\":\"D\u00e9p\u00eaches241\",\"description\":\"M\u00e9dia d&#039;actualit\u00e9 Politique, \u00c9conomique, Sociale et Internationale\",\"publisher\":{\"@id\":\"https:\\\/\\\/depeches241.com\\\/#organization\"},\"potentialAction\":[{\"@type\":\"SearchAction\",\"target\":{\"@type\":\"EntryPoint\",\"urlTemplate\":\"https:\\\/\\\/depeches241.com\\\/?s={search_term_string}\"},\"query-input\":{\"@type\":\"PropertyValueSpecification\",\"valueRequired\":true,\"valueName\":\"search_term_string\"}}],\"inLanguage\":\"fr-FR\"},{\"@type\":\"Organization\",\"@id\":\"https:\\\/\\\/depeches241.com\\\/#organization\",\"name\":\"Groupe D\u00e9p\u00eaches241\",\"url\":\"https:\\\/\\\/depeches241.com\\\/\",\"logo\":{\"@type\":\"ImageObject\",\"inLanguage\":\"fr-FR\",\"@id\":\"https:\\\/\\\/depeches241.com\\\/#\\\/schema\\\/logo\\\/image\\\/\",\"url\":\"https:\\\/\\\/depeches241.com\\\/wp-content\\\/uploads\\\/2021\\\/10\\\/cropped-Logo-new-Accueil.png\",\"contentUrl\":\"https:\\\/\\\/depeches241.com\\\/wp-content\\\/uploads\\\/2021\\\/10\\\/cropped-Logo-new-Accueil.png\",\"width\":320,\"height\":105,\"caption\":\"Groupe D\u00e9p\u00eaches241\"},\"image\":{\"@id\":\"https:\\\/\\\/depeches241.com\\\/#\\\/schema\\\/logo\\\/image\\\/\"},\"sameAs\":[\"https:\\\/\\\/www.facebook.com\\\/depeches241\"]},{\"@type\":\"Person\",\"@id\":\"https:\\\/\\\/depeches241.com\\\/#\\\/schema\\\/person\\\/f39e676ca8f34712c2b828546ec69f14\",\"name\":\"Pharel BOUKIKA\",\"image\":{\"@type\":\"ImageObject\",\"inLanguage\":\"fr-FR\",\"@id\":\"https:\\\/\\\/secure.gravatar.com\\\/avatar\\\/f911ded37269927862a946f1d008338d6cd8ef36529103aaa98b08ba9425d477?s=96&d=mm&r=g\",\"url\":\"https:\\\/\\\/secure.gravatar.com\\\/avatar\\\/f911ded37269927862a946f1d008338d6cd8ef36529103aaa98b08ba9425d477?s=96&d=mm&r=g\",\"contentUrl\":\"https:\\\/\\\/secure.gravatar.com\\\/avatar\\\/f911ded37269927862a946f1d008338d6cd8ef36529103aaa98b08ba9425d477?s=96&d=mm&r=g\",\"caption\":\"Pharel BOUKIKA\"},\"description\":\"Dipl\u00f4m\u00e9 en Droit Priv\u00e9, en communication, en Journalisme et d\u00e9tenteur d'une Licence en \u00c9conomie et Gestion administrative, ancien r\u00e9dacteur en Chef de Gabon Media Time, Pharel Boukika est le G\u00e9rant du groupe D\u00e9p\u00eaches Gabon et par ailleurs Directeur de Publication de D\u00e9p\u00eaches241. Analyste politique, ses prises de parole et ses approches pertinentes lui ont ouvert depuis peu les portes des plateaux t\u00e9l\u00e9vis\u00e9s pendant lesquels, il d\u00e9bat sur les questions d'actualit\u00e9 politique, \u00e9conomique et sociale du Gabon. D\u00e9p\u00eaches241 n'est que le prolongement de sa volont\u00e9 manifeste et infinie d'\u00e9difier et d'informer les Gabonais.\",\"sameAs\":[\"http:\\\/\\\/clubsportplus.fr\"],\"url\":\"https:\\\/\\\/depeches241.com\\\/?author=2\"}]}<\/script>\n<!-- \/ Yoast SEO plugin. -->","yoast_head_json":{"title":"Pr\u00e9sentation du texte portant organisation des \u00e9lections devant les D\u00e9put\u00e9s: Immongault accus\u00e9 de violer et vicier les proc\u00e9dures ?\u00a0 - Groupe D\u00e9p\u00eaches241","description":"Alors qu\u2019il \u00e9tait cens\u00e9 se pr\u00e9senter mercredi devant les d\u00e9put\u00e9s aux fins d\u2019exposer sur le projet de loi relatif \u00e0 l\u2019organisation des \u00e9lections, Hermann Immongault, Ministre de l'Int\u00e9rieur, aurait tout simplement \u00e9t\u00e9 \u00e9conduit par les d\u00e9put\u00e9s de l\u2019Assembl\u00e9e Nationale. Ces derniers lui reprochent de vouloir pr\u00e9senter et faire adopter cette loi hautement importante de fa\u00e7on insidieuse en violant au passage les proc\u00e9dures.\u00a0","robots":{"index":"index","follow":"follow","max-snippet":"max-snippet:-1","max-image-preview":"max-image-preview:large","max-video-preview":"max-video-preview:-1"},"canonical":"https:\/\/depeches241.com\/?p=18840","og_locale":"fr_FR","og_type":"article","og_title":"Pr\u00e9sentation du texte portant organisation des \u00e9lections devant les D\u00e9put\u00e9s: Immongault accus\u00e9 de violer et vicier les proc\u00e9dures ?\u00a0 - Groupe D\u00e9p\u00eaches241","og_description":"Alors qu\u2019il \u00e9tait cens\u00e9 se pr\u00e9senter mercredi devant les d\u00e9put\u00e9s aux fins d\u2019exposer sur le projet de loi relatif \u00e0 l\u2019organisation des \u00e9lections, Hermann Immongault, Ministre de l'Int\u00e9rieur, aurait tout simplement \u00e9t\u00e9 \u00e9conduit par les d\u00e9put\u00e9s de l\u2019Assembl\u00e9e Nationale. Ces derniers lui reprochent de vouloir pr\u00e9senter et faire adopter cette loi hautement importante de fa\u00e7on insidieuse en violant au passage les proc\u00e9dures.\u00a0","og_url":"https:\/\/depeches241.com\/?p=18840","og_site_name":"Groupe D\u00e9p\u00eaches241","article_publisher":"https:\/\/www.facebook.com\/depeches241","article_published_time":"2024-06-10T13:33:34+00:00","article_modified_time":"2024-06-10T14:07:22+00:00","og_image":[{"width":960,"height":540,"url":"http:\/\/depeches241.com\/wp-content\/uploads\/2024\/06\/DRIVE-A-IMAGES-2-8-12.jpg","type":"image\/jpeg"}],"author":"Pharel BOUKIKA","twitter_card":"summary_large_image","twitter_misc":{"\u00c9crit par":"Pharel BOUKIKA","Dur\u00e9e de lecture estim\u00e9e":"3 minutes"},"schema":{"@context":"https:\/\/schema.org","@graph":[{"@type":"Article","@id":"https:\/\/depeches241.com\/?p=18840#article","isPartOf":{"@id":"https:\/\/depeches241.com\/?p=18840"},"author":{"name":"Pharel BOUKIKA","@id":"https:\/\/depeches241.com\/#\/schema\/person\/f39e676ca8f34712c2b828546ec69f14"},"headline":"Pr\u00e9sentation du texte portant organisation des \u00e9lections devant les D\u00e9put\u00e9s: Immongault accus\u00e9 de violer et vicier les proc\u00e9dures ?\u00a0","datePublished":"2024-06-10T13:33:34+00:00","dateModified":"2024-06-10T14:07:22+00:00","mainEntityOfPage":{"@id":"https:\/\/depeches241.com\/?p=18840"},"wordCount":688,"commentCount":0,"publisher":{"@id":"https:\/\/depeches241.com\/#organization"},"image":{"@id":"https:\/\/depeches241.com\/?p=18840#primaryimage"},"thumbnailUrl":"https:\/\/depeches241.com\/wp-content\/uploads\/2024\/06\/DRIVE-A-IMAGES-2-8-12.jpg","keywords":["depeches241","Gabon","Hermann Immongault","ministre de l&#039;Int\u00e9rieur","Organisation des \u00e9lections","Politique","Projet de loi"],"articleSection":["CTRI","POLITIQUE","Une2"],"inLanguage":"fr-FR","potentialAction":[{"@type":"CommentAction","name":"Comment","target":["https:\/\/depeches241.com\/?p=18840#respond"]}]},{"@type":"WebPage","@id":"https:\/\/depeches241.com\/?p=18840","url":"https:\/\/depeches241.com\/?p=18840","name":"Pr\u00e9sentation du texte portant organisation des \u00e9lections devant les D\u00e9put\u00e9s: Immongault accus\u00e9 de violer et vicier les proc\u00e9dures ?\u00a0 - Groupe D\u00e9p\u00eaches241","isPartOf":{"@id":"https:\/\/depeches241.com\/#website"},"primaryImageOfPage":{"@id":"https:\/\/depeches241.com\/?p=18840#primaryimage"},"image":{"@id":"https:\/\/depeches241.com\/?p=18840#primaryimage"},"thumbnailUrl":"https:\/\/depeches241.com\/wp-content\/uploads\/2024\/06\/DRIVE-A-IMAGES-2-8-12.jpg","datePublished":"2024-06-10T13:33:34+00:00","dateModified":"2024-06-10T14:07:22+00:00","description":"Alors qu\u2019il \u00e9tait cens\u00e9 se pr\u00e9senter mercredi devant les d\u00e9put\u00e9s aux fins d\u2019exposer sur le projet de loi relatif \u00e0 l\u2019organisation des \u00e9lections, Hermann Immongault, Ministre de l'Int\u00e9rieur, aurait tout simplement \u00e9t\u00e9 \u00e9conduit par les d\u00e9put\u00e9s de l\u2019Assembl\u00e9e Nationale. Ces derniers lui reprochent de vouloir pr\u00e9senter et faire adopter cette loi hautement importante de fa\u00e7on insidieuse en violant au passage les proc\u00e9dures.\u00a0","breadcrumb":{"@id":"https:\/\/depeches241.com\/?p=18840#breadcrumb"},"inLanguage":"fr-FR","potentialAction":[{"@type":"ReadAction","target":["https:\/\/depeches241.com\/?p=18840"]}]},{"@type":"ImageObject","inLanguage":"fr-FR","@id":"https:\/\/depeches241.com\/?p=18840#primaryimage","url":"https:\/\/depeches241.com\/wp-content\/uploads\/2024\/06\/DRIVE-A-IMAGES-2-8-12.jpg","contentUrl":"https:\/\/depeches241.com\/wp-content\/uploads\/2024\/06\/DRIVE-A-IMAGES-2-8-12.jpg","width":960,"height":540},{"@type":"BreadcrumbList","@id":"https:\/\/depeches241.com\/?p=18840#breadcrumb","itemListElement":[{"@type":"ListItem","position":1,"name":"Accueil","item":"https:\/\/depeches241.com\/"},{"@type":"ListItem","position":2,"name":"Pr\u00e9sentation du texte portant organisation des \u00e9lections devant les D\u00e9put\u00e9s: Immongault accus\u00e9 de violer et vicier les proc\u00e9dures ?\u00a0"}]},{"@type":"WebSite","@id":"https:\/\/depeches241.com\/#website","url":"https:\/\/depeches241.com\/","name":"D\u00e9p\u00eaches241","description":"M\u00e9dia d&#039;actualit\u00e9 Politique, \u00c9conomique, Sociale et Internationale","publisher":{"@id":"https:\/\/depeches241.com\/#organization"},"potentialAction":[{"@type":"SearchAction","target":{"@type":"EntryPoint","urlTemplate":"https:\/\/depeches241.com\/?s={search_term_string}"},"query-input":{"@type":"PropertyValueSpecification","valueRequired":true,"valueName":"search_term_string"}}],"inLanguage":"fr-FR"},{"@type":"Organization","@id":"https:\/\/depeches241.com\/#organization","name":"Groupe D\u00e9p\u00eaches241","url":"https:\/\/depeches241.com\/","logo":{"@type":"ImageObject","inLanguage":"fr-FR","@id":"https:\/\/depeches241.com\/#\/schema\/logo\/image\/","url":"https:\/\/depeches241.com\/wp-content\/uploads\/2021\/10\/cropped-Logo-new-Accueil.png","contentUrl":"https:\/\/depeches241.com\/wp-content\/uploads\/2021\/10\/cropped-Logo-new-Accueil.png","width":320,"height":105,"caption":"Groupe D\u00e9p\u00eaches241"},"image":{"@id":"https:\/\/depeches241.com\/#\/schema\/logo\/image\/"},"sameAs":["https:\/\/www.facebook.com\/depeches241"]},{"@type":"Person","@id":"https:\/\/depeches241.com\/#\/schema\/person\/f39e676ca8f34712c2b828546ec69f14","name":"Pharel BOUKIKA","image":{"@type":"ImageObject","inLanguage":"fr-FR","@id":"https:\/\/secure.gravatar.com\/avatar\/f911ded37269927862a946f1d008338d6cd8ef36529103aaa98b08ba9425d477?s=96&d=mm&r=g","url":"https:\/\/secure.gravatar.com\/avatar\/f911ded37269927862a946f1d008338d6cd8ef36529103aaa98b08ba9425d477?s=96&d=mm&r=g","contentUrl":"https:\/\/secure.gravatar.com\/avatar\/f911ded37269927862a946f1d008338d6cd8ef36529103aaa98b08ba9425d477?s=96&d=mm&r=g","caption":"Pharel BOUKIKA"},"description":"Dipl\u00f4m\u00e9 en Droit Priv\u00e9, en communication, en Journalisme et d\u00e9tenteur d'une Licence en \u00c9conomie et Gestion administrative, ancien r\u00e9dacteur en Chef de Gabon Media Time, Pharel Boukika est le G\u00e9rant du groupe D\u00e9p\u00eaches Gabon et par ailleurs Directeur de Publication de D\u00e9p\u00eaches241. Analyste politique, ses prises de parole et ses approches pertinentes lui ont ouvert depuis peu les portes des plateaux t\u00e9l\u00e9vis\u00e9s pendant lesquels, il d\u00e9bat sur les questions d'actualit\u00e9 politique, \u00e9conomique et sociale du Gabon. D\u00e9p\u00eaches241 n'est que le prolongement de sa volont\u00e9 manifeste et infinie d'\u00e9difier et d'informer les Gabonais.","sameAs":["http:\/\/clubsportplus.fr"],"url":"https:\/\/depeches241.com\/?author=2"}]}},"_links":{"self":[{"href":"https:\/\/depeches241.com\/index.php?rest_route=\/wp\/v2\/posts\/18840","targetHints":{"allow":["GET"]}}],"collection":[{"href":"https:\/\/depeches241.com\/index.php?rest_route=\/wp\/v2\/posts"}],"about":[{"href":"https:\/\/depeches241.com\/index.php?rest_route=\/wp\/v2\/types\/post"}],"author":[{"embeddable":true,"href":"https:\/\/depeches241.com\/index.php?rest_route=\/wp\/v2\/users\/2"}],"replies":[{"embeddable":true,"href":"https:\/\/depeches241.com\/index.php?rest_route=%2Fwp%2Fv2%2Fcomments&post=18840"}],"version-history":[{"count":3,"href":"https:\/\/depeches241.com\/index.php?rest_route=\/wp\/v2\/posts\/18840\/revisions"}],"predecessor-version":[{"id":18844,"href":"https:\/\/depeches241.com\/index.php?rest_route=\/wp\/v2\/posts\/18840\/revisions\/18844"}],"wp:featuredmedia":[{"embeddable":true,"href":"https:\/\/depeches241.com\/index.php?rest_route=\/wp\/v2\/media\/18841"}],"wp:attachment":[{"href":"https:\/\/depeches241.com\/index.php?rest_route=%2Fwp%2Fv2%2Fmedia&parent=18840"}],"wp:term":[{"taxonomy":"category","embeddable":true,"href":"https:\/\/depeches241.com\/index.php?rest_route=%2Fwp%2Fv2%2Fcategories&post=18840"},{"taxonomy":"post_tag","embeddable":true,"href":"https:\/\/depeches241.com\/index.php?rest_route=%2Fwp%2Fv2%2Ftags&post=18840"}],"curies":[{"name":"wp","href":"https:\/\/api.w.org\/{rel}","templated":true}]}}