{"id":19328,"date":"2024-06-28T21:26:28","date_gmt":"2024-06-28T19:26:28","guid":{"rendered":"https:\/\/depeches241.com\/?p=19328"},"modified":"2024-06-28T22:23:17","modified_gmt":"2024-06-28T20:23:17","slug":"samu-social-des-individus-tentent-de-barricader-le-siege-et-empechent-les-agents-daller-en-intervention","status":"publish","type":"post","link":"https:\/\/depeches241.com\/?p=19328","title":{"rendered":"Samu Social: des ex agents \u00e0 la l\u00e9gitimit\u00e9 douteuse tentent de barricader le si\u00e8ge en emp\u00eachant ainsi les humanitaires d\u2019aller en intervention\u00a0\u00a0"},"content":{"rendered":"\n<figure class=\"wp-block-image size-full\"><img fetchpriority=\"high\" decoding=\"async\" width=\"960\" height=\"540\" src=\"https:\/\/depeches241.com\/wp-content\/uploads\/2024\/06\/Cabale-Samu-Social.jpg\" alt=\"\" class=\"wp-image-19329\" srcset=\"https:\/\/depeches241.com\/wp-content\/uploads\/2024\/06\/Cabale-Samu-Social.jpg 960w, https:\/\/depeches241.com\/wp-content\/uploads\/2024\/06\/Cabale-Samu-Social-300x169.jpg 300w, https:\/\/depeches241.com\/wp-content\/uploads\/2024\/06\/Cabale-Samu-Social-768x432.jpg 768w\" sizes=\"(max-width: 960px) 100vw, 960px\" \/><figcaption class=\"wp-element-caption\"><strong><em>Le Samu Social est en proie depuis quelques temps \u00e0 une campagne de d\u00e9nigrement perp\u00e9tr\u00e9 semble t-il par certains de ses ex agents <strong><em><strong><em><strong><em>\u00a9 DR<\/em><\/strong><\/em><\/strong><\/em><\/strong><\/em><\/strong> <\/figcaption><\/figure>\n\n\n\n<p><strong>Libreville, le 28 Juin 2024 &#8211; (D\u00e9p\u00eaches 241). Depuis plusieurs jours des individus r\u00e9unis autour du collectif des anciens agents du Samu Social perturbent presque quotidiennement les activit\u00e9s du Samu Social de Libreville,&nbsp; poussant le vice \u00e0 son paroxysme en tentant d&#8217;emp\u00eacher les \u00e9quipes de cette structure d\u2019aller en intervention nocturne aupr\u00e8s des Gabonaises et Gabonais en d\u00e9tresse sanitaire et en danger de mort dans la capitale.<\/strong><\/p>\n\n\n\n<p class=\"has-drop-cap\">Violences, menaces \u00e0 l\u2019endroit du personnel et des malades, occupation ill\u00e9gale de l\u2019entr\u00e9e du Samu Social de Libreville, c\u2019est en substance ces actes qui consomment amplement le d\u00e9lit de trouble \u00e0 l\u2019ordre que ce seraient rendus coupables depuis plusieurs jours d\u00e9j\u00e0 des compatriotes r\u00e9unis autour d\u2019un collectif se r\u00e9clamant comme des ex agents du Samu Social. Ces derniers r\u00e9clament des arri\u00e9r\u00e9s de salaires qui en r\u00e9alit\u00e9, ne concernent que la p\u00e9riode d\u2019ouverture du Samu Social Gabonais soit entre 2017 et 2018. Des arri\u00e9r\u00e9s de salaire qui leur sont dus non pas par le Samu Social mais par l\u2019Agence judiciaire de l\u2019Etat.&nbsp;<\/p>\n\n\n\n<p>Il convient de pr\u00e9ciser que pour justifier ces actions aux relents de campagne de d\u00e9nigrement et de diffamation contre les responsables du Samu Social Gabonais, les ex agents se pr\u00e9valent d\u2019une hypoth\u00e9tique d\u00e9cision de justice rendue en leur faveur au terme d\u2019une proc\u00e9dure vici\u00e9e en toute forme. Une proc\u00e9dure rendue en l&rsquo;absence du Conseil du Samu Social, pendant laquelle le principe primaire du contradictoire n\u2019a pas \u00e9t\u00e9 respect\u00e9\u00a0et donc en violation flagrante des droits de la d\u00e9fense.\u00a0<\/p>\n\n\n\n<p>Si l&rsquo;avocat du Samu Social a logiquement fait appel de cette d\u00e9cision qui consacre une \u00e9ni\u00e8me fois les carences de notre syst\u00e8me judiciaire, le d\u00e9cret portant cr\u00e9ation attribution et organisation du Samu Social Gabonais ne reconna\u00eet comme le pr\u00e9cise l\u2019article 9 que <strong><em>\u00ab les agents publics permanents de la premi\u00e8re et de la deuxi\u00e8me cat\u00e9gorie justifiant de comp\u00e9tences dans le domaine sanitaire et totalisant une anciennet\u00e9 de minimum 3 ans \u00bb, <\/em><\/strong>a-t-on pu lire.&nbsp;<\/p>\n\n\n\n<p>Dit autrement, aucune carri\u00e8re n\u2019est possible dans cette structure en ce que seuls des fonctionnaires et des agents de la main d&rsquo;\u0153uvre non permanente y sont autoris\u00e9s d\u2019un point de vue l\u00e9gal. Les diff\u00e9rents contrats sign\u00e9s \u00e7a et l\u00e0 au Samu Social ne rel\u00e8vent en r\u00e9alit\u00e9 que de la fibre sociale et humanitaire de son responsable Wenceslas Yaba. Des \u00e9l\u00e9ments qui en droit ne peuvent justifier, ni laisser prosp\u00e9rer les pr\u00e9tentions de ces ex agents du Samu Social qui ne devraient simplement s\u2019en tenir qu\u2019aux proc\u00e9dures initi\u00e9es par l\u2019Agence judiciaire de l\u2019Etat, seul organe \u00e9tatique habilit\u00e9 pour le r\u00e8glement des droits desdits employ\u00e9s au point de vue de la loi.&nbsp;<\/p>\n","protected":false},"excerpt":{"rendered":"<p>Depuis plusieurs jours des individus r\u00e9unis autour du collectif des anciens agents du Samu Social perturbent presque quotidiennement les activit\u00e9s du Samu Social de Libreville,\u00a0 poussant le vice \u00e0 son paroxysme en tentant d&#8217;emp\u00eacher les \u00e9quipes de cette structure d\u2019aller en intervention nocturne aupr\u00e8s des Gabonaises et Gabonais en d\u00e9tresse sanitaire et en danger de mort dans la capitale.<\/p>\n","protected":false},"author":11,"featured_media":19329,"comment_status":"open","ping_status":"open","sticky":false,"template":"","format":"standard","meta":{"om_disable_all_campaigns":false,"footnotes":""},"categories":[38,5,116],"tags":[3495,99,3663,59,954,42],"class_list":{"0":"post-19328","1":"post","2":"type-post","3":"status-publish","4":"format-standard","5":"has-post-thumbnail","7":"category-sante","8":"category-societe","9":"category-une1","10":"tag-denigrement","11":"tag-depeches241","12":"tag-ex-agents-du-samu","13":"tag-gabon","14":"tag-samu-social","15":"tag-societe"},"yoast_head":"<!-- This site is optimized with the Yoast SEO plugin v27.5 - https:\/\/yoast.com\/product\/yoast-seo-wordpress\/ -->\n<title>Samu Social: des ex agents \u00e0 la l\u00e9gitimit\u00e9 douteuse tentent de barricader le si\u00e8ge en emp\u00eachant ainsi les humanitaires d\u2019aller en intervention\u00a0\u00a0 - Groupe D\u00e9p\u00eaches241<\/title>\n<meta name=\"description\" content=\"Depuis plusieurs jours des individus r\u00e9unis autour du collectif des anciens agents du Samu Social perturbent presque quotidiennement les activit\u00e9s du Samu Social de Libreville,\u00a0 poussant le vice \u00e0 son paroxysme en tentant d&#039;emp\u00eacher les \u00e9quipes de cette structure d\u2019aller en intervention nocturne aupr\u00e8s des Gabonaises et Gabonais en d\u00e9tresse sanitaire et en danger de mort dans la capitale.\" \/>\n<meta name=\"robots\" content=\"index, follow, max-snippet:-1, max-image-preview:large, max-video-preview:-1\" \/>\n<link rel=\"canonical\" href=\"https:\/\/depeches241.com\/?p=19328\" \/>\n<meta property=\"og:locale\" content=\"fr_FR\" \/>\n<meta property=\"og:type\" content=\"article\" \/>\n<meta property=\"og:title\" content=\"Samu Social: des ex agents \u00e0 la l\u00e9gitimit\u00e9 douteuse tentent de barricader le si\u00e8ge en emp\u00eachant ainsi les humanitaires d\u2019aller en intervention\u00a0\u00a0 - Groupe D\u00e9p\u00eaches241\" \/>\n<meta property=\"og:description\" content=\"Depuis plusieurs jours des individus r\u00e9unis autour du collectif des anciens agents du Samu Social perturbent presque quotidiennement les activit\u00e9s du Samu Social de Libreville,\u00a0 poussant le vice \u00e0 son paroxysme en tentant d&#039;emp\u00eacher les \u00e9quipes de cette structure d\u2019aller en intervention nocturne aupr\u00e8s des Gabonaises et Gabonais en d\u00e9tresse sanitaire et en danger de mort dans la capitale.\" \/>\n<meta property=\"og:url\" content=\"https:\/\/depeches241.com\/?p=19328\" \/>\n<meta property=\"og:site_name\" content=\"Groupe D\u00e9p\u00eaches241\" \/>\n<meta property=\"article:publisher\" content=\"https:\/\/www.facebook.com\/depeches241\" \/>\n<meta property=\"article:published_time\" content=\"2024-06-28T19:26:28+00:00\" \/>\n<meta property=\"article:modified_time\" content=\"2024-06-28T20:23:17+00:00\" \/>\n<meta property=\"og:image\" content=\"http:\/\/depeches241.com\/wp-content\/uploads\/2024\/06\/Cabale-Samu-Social.jpg\" \/>\n\t<meta property=\"og:image:width\" content=\"960\" \/>\n\t<meta property=\"og:image:height\" content=\"540\" \/>\n\t<meta property=\"og:image:type\" content=\"image\/jpeg\" \/>\n<meta name=\"author\" content=\"R\u00e9daction\" \/>\n<meta name=\"twitter:card\" content=\"summary_large_image\" \/>\n<meta name=\"twitter:label1\" content=\"\u00c9crit par\" \/>\n\t<meta name=\"twitter:data1\" content=\"R\u00e9daction\" \/>\n\t<meta name=\"twitter:label2\" content=\"Dur\u00e9e de lecture estim\u00e9e\" \/>\n\t<meta name=\"twitter:data2\" content=\"3 minutes\" \/>\n<script type=\"application\/ld+json\" class=\"yoast-schema-graph\">{\"@context\":\"https:\\\/\\\/schema.org\",\"@graph\":[{\"@type\":\"Article\",\"@id\":\"https:\\\/\\\/depeches241.com\\\/?p=19328#article\",\"isPartOf\":{\"@id\":\"https:\\\/\\\/depeches241.com\\\/?p=19328\"},\"author\":{\"name\":\"R\u00e9daction\",\"@id\":\"https:\\\/\\\/depeches241.com\\\/#\\\/schema\\\/person\\\/977f23ecf7439b0805f4525a893a057a\"},\"headline\":\"Samu Social: des ex agents \u00e0 la l\u00e9gitimit\u00e9 douteuse tentent de barricader le si\u00e8ge en emp\u00eachant ainsi les humanitaires d\u2019aller en intervention\u00a0\u00a0\",\"datePublished\":\"2024-06-28T19:26:28+00:00\",\"dateModified\":\"2024-06-28T20:23:17+00:00\",\"mainEntityOfPage\":{\"@id\":\"https:\\\/\\\/depeches241.com\\\/?p=19328\"},\"wordCount\":546,\"commentCount\":0,\"publisher\":{\"@id\":\"https:\\\/\\\/depeches241.com\\\/#organization\"},\"image\":{\"@id\":\"https:\\\/\\\/depeches241.com\\\/?p=19328#primaryimage\"},\"thumbnailUrl\":\"https:\\\/\\\/depeches241.com\\\/wp-content\\\/uploads\\\/2024\\\/06\\\/Cabale-Samu-Social.jpg\",\"keywords\":[\"D\u00e9nigrement\",\"depeches241\",\"ex agents du Samu\",\"Gabon\",\"Samu Social\",\"soci\u00e9t\u00e9\"],\"articleSection\":[\"Sant\u00e9\",\"SOCIETE\",\"Une1\"],\"inLanguage\":\"fr-FR\",\"potentialAction\":[{\"@type\":\"CommentAction\",\"name\":\"Comment\",\"target\":[\"https:\\\/\\\/depeches241.com\\\/?p=19328#respond\"]}]},{\"@type\":\"WebPage\",\"@id\":\"https:\\\/\\\/depeches241.com\\\/?p=19328\",\"url\":\"https:\\\/\\\/depeches241.com\\\/?p=19328\",\"name\":\"Samu Social: des ex agents \u00e0 la l\u00e9gitimit\u00e9 douteuse tentent de barricader le si\u00e8ge en emp\u00eachant ainsi les humanitaires d\u2019aller en intervention\u00a0\u00a0 - Groupe D\u00e9p\u00eaches241\",\"isPartOf\":{\"@id\":\"https:\\\/\\\/depeches241.com\\\/#website\"},\"primaryImageOfPage\":{\"@id\":\"https:\\\/\\\/depeches241.com\\\/?p=19328#primaryimage\"},\"image\":{\"@id\":\"https:\\\/\\\/depeches241.com\\\/?p=19328#primaryimage\"},\"thumbnailUrl\":\"https:\\\/\\\/depeches241.com\\\/wp-content\\\/uploads\\\/2024\\\/06\\\/Cabale-Samu-Social.jpg\",\"datePublished\":\"2024-06-28T19:26:28+00:00\",\"dateModified\":\"2024-06-28T20:23:17+00:00\",\"description\":\"Depuis plusieurs jours des individus r\u00e9unis autour du collectif des anciens agents du Samu Social perturbent presque quotidiennement les activit\u00e9s du Samu Social de Libreville,\u00a0 poussant le vice \u00e0 son paroxysme en tentant d'emp\u00eacher les \u00e9quipes de cette structure d\u2019aller en intervention nocturne aupr\u00e8s des Gabonaises et Gabonais en d\u00e9tresse sanitaire et en danger de mort dans la capitale.\",\"breadcrumb\":{\"@id\":\"https:\\\/\\\/depeches241.com\\\/?p=19328#breadcrumb\"},\"inLanguage\":\"fr-FR\",\"potentialAction\":[{\"@type\":\"ReadAction\",\"target\":[\"https:\\\/\\\/depeches241.com\\\/?p=19328\"]}]},{\"@type\":\"ImageObject\",\"inLanguage\":\"fr-FR\",\"@id\":\"https:\\\/\\\/depeches241.com\\\/?p=19328#primaryimage\",\"url\":\"https:\\\/\\\/depeches241.com\\\/wp-content\\\/uploads\\\/2024\\\/06\\\/Cabale-Samu-Social.jpg\",\"contentUrl\":\"https:\\\/\\\/depeches241.com\\\/wp-content\\\/uploads\\\/2024\\\/06\\\/Cabale-Samu-Social.jpg\",\"width\":960,\"height\":540},{\"@type\":\"BreadcrumbList\",\"@id\":\"https:\\\/\\\/depeches241.com\\\/?p=19328#breadcrumb\",\"itemListElement\":[{\"@type\":\"ListItem\",\"position\":1,\"name\":\"Accueil\",\"item\":\"https:\\\/\\\/depeches241.com\\\/\"},{\"@type\":\"ListItem\",\"position\":2,\"name\":\"Samu Social: des ex agents \u00e0 la l\u00e9gitimit\u00e9 douteuse tentent de barricader le si\u00e8ge en emp\u00eachant ainsi les humanitaires d\u2019aller en intervention\u00a0\u00a0\"}]},{\"@type\":\"WebSite\",\"@id\":\"https:\\\/\\\/depeches241.com\\\/#website\",\"url\":\"https:\\\/\\\/depeches241.com\\\/\",\"name\":\"D\u00e9p\u00eaches241\",\"description\":\"M\u00e9dia d&#039;actualit\u00e9 Politique, \u00c9conomique, Sociale et Internationale\",\"publisher\":{\"@id\":\"https:\\\/\\\/depeches241.com\\\/#organization\"},\"potentialAction\":[{\"@type\":\"SearchAction\",\"target\":{\"@type\":\"EntryPoint\",\"urlTemplate\":\"https:\\\/\\\/depeches241.com\\\/?s={search_term_string}\"},\"query-input\":{\"@type\":\"PropertyValueSpecification\",\"valueRequired\":true,\"valueName\":\"search_term_string\"}}],\"inLanguage\":\"fr-FR\"},{\"@type\":\"Organization\",\"@id\":\"https:\\\/\\\/depeches241.com\\\/#organization\",\"name\":\"Groupe D\u00e9p\u00eaches241\",\"url\":\"https:\\\/\\\/depeches241.com\\\/\",\"logo\":{\"@type\":\"ImageObject\",\"inLanguage\":\"fr-FR\",\"@id\":\"https:\\\/\\\/depeches241.com\\\/#\\\/schema\\\/logo\\\/image\\\/\",\"url\":\"https:\\\/\\\/depeches241.com\\\/wp-content\\\/uploads\\\/2021\\\/10\\\/cropped-Logo-new-Accueil.png\",\"contentUrl\":\"https:\\\/\\\/depeches241.com\\\/wp-content\\\/uploads\\\/2021\\\/10\\\/cropped-Logo-new-Accueil.png\",\"width\":320,\"height\":105,\"caption\":\"Groupe D\u00e9p\u00eaches241\"},\"image\":{\"@id\":\"https:\\\/\\\/depeches241.com\\\/#\\\/schema\\\/logo\\\/image\\\/\"},\"sameAs\":[\"https:\\\/\\\/www.facebook.com\\\/depeches241\"]},{\"@type\":\"Person\",\"@id\":\"https:\\\/\\\/depeches241.com\\\/#\\\/schema\\\/person\\\/977f23ecf7439b0805f4525a893a057a\",\"name\":\"R\u00e9daction\",\"image\":{\"@type\":\"ImageObject\",\"inLanguage\":\"fr-FR\",\"@id\":\"https:\\\/\\\/secure.gravatar.com\\\/avatar\\\/8c655dbc51e5c9289f919f15ce20847ab5a910f8369a17ca243b673da48541f5?s=96&d=mm&r=g\",\"url\":\"https:\\\/\\\/secure.gravatar.com\\\/avatar\\\/8c655dbc51e5c9289f919f15ce20847ab5a910f8369a17ca243b673da48541f5?s=96&d=mm&r=g\",\"contentUrl\":\"https:\\\/\\\/secure.gravatar.com\\\/avatar\\\/8c655dbc51e5c9289f919f15ce20847ab5a910f8369a17ca243b673da48541f5?s=96&d=mm&r=g\",\"caption\":\"R\u00e9daction\"},\"url\":\"https:\\\/\\\/depeches241.com\\\/?author=11\"}]}<\/script>\n<!-- \/ Yoast SEO plugin. -->","yoast_head_json":{"title":"Samu Social: des ex agents \u00e0 la l\u00e9gitimit\u00e9 douteuse tentent de barricader le si\u00e8ge en emp\u00eachant ainsi les humanitaires d\u2019aller en intervention\u00a0\u00a0 - Groupe D\u00e9p\u00eaches241","description":"Depuis plusieurs jours des individus r\u00e9unis autour du collectif des anciens agents du Samu Social perturbent presque quotidiennement les activit\u00e9s du Samu Social de Libreville,\u00a0 poussant le vice \u00e0 son paroxysme en tentant d'emp\u00eacher les \u00e9quipes de cette structure d\u2019aller en intervention nocturne aupr\u00e8s des Gabonaises et Gabonais en d\u00e9tresse sanitaire et en danger de mort dans la capitale.","robots":{"index":"index","follow":"follow","max-snippet":"max-snippet:-1","max-image-preview":"max-image-preview:large","max-video-preview":"max-video-preview:-1"},"canonical":"https:\/\/depeches241.com\/?p=19328","og_locale":"fr_FR","og_type":"article","og_title":"Samu Social: des ex agents \u00e0 la l\u00e9gitimit\u00e9 douteuse tentent de barricader le si\u00e8ge en emp\u00eachant ainsi les humanitaires d\u2019aller en intervention\u00a0\u00a0 - Groupe D\u00e9p\u00eaches241","og_description":"Depuis plusieurs jours des individus r\u00e9unis autour du collectif des anciens agents du Samu Social perturbent presque quotidiennement les activit\u00e9s du Samu Social de Libreville,\u00a0 poussant le vice \u00e0 son paroxysme en tentant d'emp\u00eacher les \u00e9quipes de cette structure d\u2019aller en intervention nocturne aupr\u00e8s des Gabonaises et Gabonais en d\u00e9tresse sanitaire et en danger de mort dans la capitale.","og_url":"https:\/\/depeches241.com\/?p=19328","og_site_name":"Groupe D\u00e9p\u00eaches241","article_publisher":"https:\/\/www.facebook.com\/depeches241","article_published_time":"2024-06-28T19:26:28+00:00","article_modified_time":"2024-06-28T20:23:17+00:00","og_image":[{"width":960,"height":540,"url":"http:\/\/depeches241.com\/wp-content\/uploads\/2024\/06\/Cabale-Samu-Social.jpg","type":"image\/jpeg"}],"author":"R\u00e9daction","twitter_card":"summary_large_image","twitter_misc":{"\u00c9crit par":"R\u00e9daction","Dur\u00e9e de lecture estim\u00e9e":"3 minutes"},"schema":{"@context":"https:\/\/schema.org","@graph":[{"@type":"Article","@id":"https:\/\/depeches241.com\/?p=19328#article","isPartOf":{"@id":"https:\/\/depeches241.com\/?p=19328"},"author":{"name":"R\u00e9daction","@id":"https:\/\/depeches241.com\/#\/schema\/person\/977f23ecf7439b0805f4525a893a057a"},"headline":"Samu Social: des ex agents \u00e0 la l\u00e9gitimit\u00e9 douteuse tentent de barricader le si\u00e8ge en emp\u00eachant ainsi les humanitaires d\u2019aller en intervention\u00a0\u00a0","datePublished":"2024-06-28T19:26:28+00:00","dateModified":"2024-06-28T20:23:17+00:00","mainEntityOfPage":{"@id":"https:\/\/depeches241.com\/?p=19328"},"wordCount":546,"commentCount":0,"publisher":{"@id":"https:\/\/depeches241.com\/#organization"},"image":{"@id":"https:\/\/depeches241.com\/?p=19328#primaryimage"},"thumbnailUrl":"https:\/\/depeches241.com\/wp-content\/uploads\/2024\/06\/Cabale-Samu-Social.jpg","keywords":["D\u00e9nigrement","depeches241","ex agents du Samu","Gabon","Samu Social","soci\u00e9t\u00e9"],"articleSection":["Sant\u00e9","SOCIETE","Une1"],"inLanguage":"fr-FR","potentialAction":[{"@type":"CommentAction","name":"Comment","target":["https:\/\/depeches241.com\/?p=19328#respond"]}]},{"@type":"WebPage","@id":"https:\/\/depeches241.com\/?p=19328","url":"https:\/\/depeches241.com\/?p=19328","name":"Samu Social: des ex agents \u00e0 la l\u00e9gitimit\u00e9 douteuse tentent de barricader le si\u00e8ge en emp\u00eachant ainsi les humanitaires d\u2019aller en intervention\u00a0\u00a0 - Groupe D\u00e9p\u00eaches241","isPartOf":{"@id":"https:\/\/depeches241.com\/#website"},"primaryImageOfPage":{"@id":"https:\/\/depeches241.com\/?p=19328#primaryimage"},"image":{"@id":"https:\/\/depeches241.com\/?p=19328#primaryimage"},"thumbnailUrl":"https:\/\/depeches241.com\/wp-content\/uploads\/2024\/06\/Cabale-Samu-Social.jpg","datePublished":"2024-06-28T19:26:28+00:00","dateModified":"2024-06-28T20:23:17+00:00","description":"Depuis plusieurs jours des individus r\u00e9unis autour du collectif des anciens agents du Samu Social perturbent presque quotidiennement les activit\u00e9s du Samu Social de Libreville,\u00a0 poussant le vice \u00e0 son paroxysme en tentant d'emp\u00eacher les \u00e9quipes de cette structure d\u2019aller en intervention nocturne aupr\u00e8s des Gabonaises et Gabonais en d\u00e9tresse sanitaire et en danger de mort dans la capitale.","breadcrumb":{"@id":"https:\/\/depeches241.com\/?p=19328#breadcrumb"},"inLanguage":"fr-FR","potentialAction":[{"@type":"ReadAction","target":["https:\/\/depeches241.com\/?p=19328"]}]},{"@type":"ImageObject","inLanguage":"fr-FR","@id":"https:\/\/depeches241.com\/?p=19328#primaryimage","url":"https:\/\/depeches241.com\/wp-content\/uploads\/2024\/06\/Cabale-Samu-Social.jpg","contentUrl":"https:\/\/depeches241.com\/wp-content\/uploads\/2024\/06\/Cabale-Samu-Social.jpg","width":960,"height":540},{"@type":"BreadcrumbList","@id":"https:\/\/depeches241.com\/?p=19328#breadcrumb","itemListElement":[{"@type":"ListItem","position":1,"name":"Accueil","item":"https:\/\/depeches241.com\/"},{"@type":"ListItem","position":2,"name":"Samu Social: des ex agents \u00e0 la l\u00e9gitimit\u00e9 douteuse tentent de barricader le si\u00e8ge en emp\u00eachant ainsi les humanitaires d\u2019aller en intervention\u00a0\u00a0"}]},{"@type":"WebSite","@id":"https:\/\/depeches241.com\/#website","url":"https:\/\/depeches241.com\/","name":"D\u00e9p\u00eaches241","description":"M\u00e9dia d&#039;actualit\u00e9 Politique, \u00c9conomique, Sociale et Internationale","publisher":{"@id":"https:\/\/depeches241.com\/#organization"},"potentialAction":[{"@type":"SearchAction","target":{"@type":"EntryPoint","urlTemplate":"https:\/\/depeches241.com\/?s={search_term_string}"},"query-input":{"@type":"PropertyValueSpecification","valueRequired":true,"valueName":"search_term_string"}}],"inLanguage":"fr-FR"},{"@type":"Organization","@id":"https:\/\/depeches241.com\/#organization","name":"Groupe D\u00e9p\u00eaches241","url":"https:\/\/depeches241.com\/","logo":{"@type":"ImageObject","inLanguage":"fr-FR","@id":"https:\/\/depeches241.com\/#\/schema\/logo\/image\/","url":"https:\/\/depeches241.com\/wp-content\/uploads\/2021\/10\/cropped-Logo-new-Accueil.png","contentUrl":"https:\/\/depeches241.com\/wp-content\/uploads\/2021\/10\/cropped-Logo-new-Accueil.png","width":320,"height":105,"caption":"Groupe D\u00e9p\u00eaches241"},"image":{"@id":"https:\/\/depeches241.com\/#\/schema\/logo\/image\/"},"sameAs":["https:\/\/www.facebook.com\/depeches241"]},{"@type":"Person","@id":"https:\/\/depeches241.com\/#\/schema\/person\/977f23ecf7439b0805f4525a893a057a","name":"R\u00e9daction","image":{"@type":"ImageObject","inLanguage":"fr-FR","@id":"https:\/\/secure.gravatar.com\/avatar\/8c655dbc51e5c9289f919f15ce20847ab5a910f8369a17ca243b673da48541f5?s=96&d=mm&r=g","url":"https:\/\/secure.gravatar.com\/avatar\/8c655dbc51e5c9289f919f15ce20847ab5a910f8369a17ca243b673da48541f5?s=96&d=mm&r=g","contentUrl":"https:\/\/secure.gravatar.com\/avatar\/8c655dbc51e5c9289f919f15ce20847ab5a910f8369a17ca243b673da48541f5?s=96&d=mm&r=g","caption":"R\u00e9daction"},"url":"https:\/\/depeches241.com\/?author=11"}]}},"_links":{"self":[{"href":"https:\/\/depeches241.com\/index.php?rest_route=\/wp\/v2\/posts\/19328","targetHints":{"allow":["GET"]}}],"collection":[{"href":"https:\/\/depeches241.com\/index.php?rest_route=\/wp\/v2\/posts"}],"about":[{"href":"https:\/\/depeches241.com\/index.php?rest_route=\/wp\/v2\/types\/post"}],"author":[{"embeddable":true,"href":"https:\/\/depeches241.com\/index.php?rest_route=\/wp\/v2\/users\/11"}],"replies":[{"embeddable":true,"href":"https:\/\/depeches241.com\/index.php?rest_route=%2Fwp%2Fv2%2Fcomments&post=19328"}],"version-history":[{"count":4,"href":"https:\/\/depeches241.com\/index.php?rest_route=\/wp\/v2\/posts\/19328\/revisions"}],"predecessor-version":[{"id":19341,"href":"https:\/\/depeches241.com\/index.php?rest_route=\/wp\/v2\/posts\/19328\/revisions\/19341"}],"wp:featuredmedia":[{"embeddable":true,"href":"https:\/\/depeches241.com\/index.php?rest_route=\/wp\/v2\/media\/19329"}],"wp:attachment":[{"href":"https:\/\/depeches241.com\/index.php?rest_route=%2Fwp%2Fv2%2Fmedia&parent=19328"}],"wp:term":[{"taxonomy":"category","embeddable":true,"href":"https:\/\/depeches241.com\/index.php?rest_route=%2Fwp%2Fv2%2Fcategories&post=19328"},{"taxonomy":"post_tag","embeddable":true,"href":"https:\/\/depeches241.com\/index.php?rest_route=%2Fwp%2Fv2%2Ftags&post=19328"}],"curies":[{"name":"wp","href":"https:\/\/api.w.org\/{rel}","templated":true}]}}