{"id":19541,"date":"2024-07-11T13:53:20","date_gmt":"2024-07-11T11:53:20","guid":{"rendered":"https:\/\/depeches241.com\/?p=19541"},"modified":"2024-07-11T14:02:03","modified_gmt":"2024-07-11T12:02:03","slug":"eliminatoires-can-2025-le-maroc-et-la-rca-premiers-adversaires-des-pantheres-en-septembre","status":"publish","type":"post","link":"https:\/\/depeches241.com\/?p=19541","title":{"rendered":"\u00c9liminatoires CAN-2025: le Maroc et la RCA premiers adversaires des Panth\u00e8res en septembre\u00a0"},"content":{"rendered":"\n<figure class=\"wp-block-image size-full is-resized\"><img fetchpriority=\"high\" decoding=\"async\" width=\"960\" height=\"540\" src=\"https:\/\/depeches241.com\/wp-content\/uploads\/2024\/07\/Pantheres-du-Gabon.jpg\" alt=\"\" class=\"wp-image-19542\" style=\"width:840px;height:auto\" srcset=\"https:\/\/depeches241.com\/wp-content\/uploads\/2024\/07\/Pantheres-du-Gabon.jpg 960w, https:\/\/depeches241.com\/wp-content\/uploads\/2024\/07\/Pantheres-du-Gabon-300x169.jpg 300w, https:\/\/depeches241.com\/wp-content\/uploads\/2024\/07\/Pantheres-du-Gabon-768x432.jpg 768w\" sizes=\"(max-width: 960px) 100vw, 960px\" \/><figcaption class=\"wp-element-caption\"><strong><em>Le Gabon de Mouyouma se d\u00e9placera au Maroc avant de recevoir \u00e0 Franceville la RCA <strong><em>\u00a9 DR<\/em><\/strong><\/em><\/strong> <\/figcaption><\/figure>\n\n\n\n<p><strong>Libreville, le 12 juillet 2024 &#8211; (D\u00e9p\u00eaches 241). La Conf\u00e9d\u00e9ration Africaine de Football a d\u00e9voil\u00e9 vendredi dernier, le calendrier des \u00e9liminatoires de la Coupe d\u2019Afrique des Nations. Selon ledit calendrier, les Panth\u00e8res du Gabon log\u00e9es dans la poule B affronteront au mois de septembre, le Maroc et la RCA lors des deux premi\u00e8res journ\u00e9es de la campagne.\u00a0<\/strong><\/p>\n\n\n\n<p class=\"has-drop-cap\">Les premiers adversaires du Gabon lors des \u00e9liminatoires de la Coupe d\u2019Afrique des Nations sont connus. En effet, la Conf\u00e9d\u00e9ration Africaine de Football a d\u00e9voil\u00e9 vendredi dernier, le calendrier officiel de cette campagne qui r\u00e9unira comme il est de coutume, les meilleurs joueurs du continent.&nbsp;<\/p>\n\n\n\n<p>On apprend \u00e0 la lecture dudit calendrier, que les Panth\u00e8res du Gabon log\u00e9es dans la poule B, d\u00e9buteront ces \u00e9liminatoires en septembre, par une rencontre face au Maroc du reste pays organisateur de la prochaine CAN. Le m\u00eame mois, \u00e0 l\u2019occasion de la 2e journ\u00e9e, la bande \u00e0 Thierry Mouyouma croisera le fer avec la R\u00e9publique Centrafricaine.&nbsp;<\/p>\n\n\n\n<p>Ces deux premi\u00e8res rencontres pourraient s&rsquo;av\u00e9rer d\u00e9cisives dans la qu\u00eate du ticket qualificatif. Raison pour laquelle, les Panth\u00e8res du Gabon seront tr\u00e8s attendues par leurs supporters. Le dernier adversaire du Gabon dans la poule est le Lesotho.&nbsp;<\/p>\n","protected":false},"excerpt":{"rendered":"<p>La Conf\u00e9d\u00e9ration Africaine de Football a d\u00e9voil\u00e9 vendredi dernier, le calendrier des \u00e9liminatoires de la Coupe d\u2019Afrique des Nations. Selon ledit calendrier, les Panth\u00e8res du Gabon log\u00e9es dans la poule B affronteront le mois de septembre, le Maroc et la RCA lors des deux premi\u00e8res journ\u00e9es de la campagne.<\/p>\n","protected":false},"author":11,"featured_media":19542,"comment_status":"open","ping_status":"open","sticky":false,"template":"","format":"standard","meta":{"om_disable_all_campaigns":false,"footnotes":""},"categories":[634,116],"tags":[99,3711,406,59,3712,403],"class_list":{"0":"post-19541","1":"post","2":"type-post","3":"status-publish","4":"format-standard","5":"has-post-thumbnail","7":"category-sport","8":"category-une1","9":"tag-depeches241","10":"tag-eliminatoires-de-la-coupe-dafrique-des-nations","11":"tag-football","12":"tag-gabon","13":"tag-rca","14":"tag-sport"},"yoast_head":"<!-- This site is optimized with the Yoast SEO plugin v27.4 - https:\/\/yoast.com\/product\/yoast-seo-wordpress\/ -->\n<title>\u00c9liminatoires CAN-2025: le Maroc et la RCA premiers adversaires des Panth\u00e8res en septembre\u00a0 - Groupe D\u00e9p\u00eaches241<\/title>\n<meta name=\"description\" content=\"La Conf\u00e9d\u00e9ration Africaine de Football a d\u00e9voil\u00e9 vendredi dernier, le calendrier des \u00e9liminatoires de la Coupe d\u2019Afrique des Nations. Selon ledit calendrier, les Panth\u00e8res du Gabon log\u00e9es dans la poule B affronteront le mois de septembre, le Maroc et la RCA lors des deux premi\u00e8res journ\u00e9es de la campagne.\" \/>\n<meta name=\"robots\" content=\"index, follow, max-snippet:-1, max-image-preview:large, max-video-preview:-1\" \/>\n<link rel=\"canonical\" href=\"https:\/\/depeches241.com\/?p=19541\" \/>\n<meta property=\"og:locale\" content=\"fr_FR\" \/>\n<meta property=\"og:type\" content=\"article\" \/>\n<meta property=\"og:title\" content=\"\u00c9liminatoires CAN-2025: le Maroc et la RCA premiers adversaires des Panth\u00e8res en septembre\u00a0 - Groupe D\u00e9p\u00eaches241\" \/>\n<meta property=\"og:description\" content=\"La Conf\u00e9d\u00e9ration Africaine de Football a d\u00e9voil\u00e9 vendredi dernier, le calendrier des \u00e9liminatoires de la Coupe d\u2019Afrique des Nations. Selon ledit calendrier, les Panth\u00e8res du Gabon log\u00e9es dans la poule B affronteront le mois de septembre, le Maroc et la RCA lors des deux premi\u00e8res journ\u00e9es de la campagne.\" \/>\n<meta property=\"og:url\" content=\"https:\/\/depeches241.com\/?p=19541\" \/>\n<meta property=\"og:site_name\" content=\"Groupe D\u00e9p\u00eaches241\" \/>\n<meta property=\"article:publisher\" content=\"https:\/\/www.facebook.com\/depeches241\" \/>\n<meta property=\"article:published_time\" content=\"2024-07-11T11:53:20+00:00\" \/>\n<meta property=\"article:modified_time\" content=\"2024-07-11T12:02:03+00:00\" \/>\n<meta property=\"og:image\" content=\"http:\/\/depeches241.com\/wp-content\/uploads\/2024\/07\/Pantheres-du-Gabon.jpg\" \/>\n\t<meta property=\"og:image:width\" content=\"960\" \/>\n\t<meta property=\"og:image:height\" content=\"540\" \/>\n\t<meta property=\"og:image:type\" content=\"image\/jpeg\" \/>\n<meta name=\"author\" content=\"R\u00e9daction\" \/>\n<meta name=\"twitter:card\" content=\"summary_large_image\" \/>\n<meta name=\"twitter:label1\" content=\"\u00c9crit par\" \/>\n\t<meta name=\"twitter:data1\" content=\"R\u00e9daction\" \/>\n\t<meta name=\"twitter:label2\" content=\"Dur\u00e9e de lecture estim\u00e9e\" \/>\n\t<meta name=\"twitter:data2\" content=\"1 minute\" \/>\n<script type=\"application\/ld+json\" class=\"yoast-schema-graph\">{\"@context\":\"https:\\\/\\\/schema.org\",\"@graph\":[{\"@type\":\"Article\",\"@id\":\"https:\\\/\\\/depeches241.com\\\/?p=19541#article\",\"isPartOf\":{\"@id\":\"https:\\\/\\\/depeches241.com\\\/?p=19541\"},\"author\":{\"name\":\"R\u00e9daction\",\"@id\":\"https:\\\/\\\/depeches241.com\\\/#\\\/schema\\\/person\\\/977f23ecf7439b0805f4525a893a057a\"},\"headline\":\"\u00c9liminatoires CAN-2025: le Maroc et la RCA premiers adversaires des Panth\u00e8res en septembre\u00a0\",\"datePublished\":\"2024-07-11T11:53:20+00:00\",\"dateModified\":\"2024-07-11T12:02:03+00:00\",\"mainEntityOfPage\":{\"@id\":\"https:\\\/\\\/depeches241.com\\\/?p=19541\"},\"wordCount\":251,\"commentCount\":0,\"publisher\":{\"@id\":\"https:\\\/\\\/depeches241.com\\\/#organization\"},\"image\":{\"@id\":\"https:\\\/\\\/depeches241.com\\\/?p=19541#primaryimage\"},\"thumbnailUrl\":\"https:\\\/\\\/depeches241.com\\\/wp-content\\\/uploads\\\/2024\\\/07\\\/Pantheres-du-Gabon.jpg\",\"keywords\":[\"depeches241\",\"\u00e9liminatoires de la Coupe d\u2019Afrique des Nations\",\"Football\",\"Gabon\",\"RCA\",\"Sport\"],\"articleSection\":[\"SPORT\",\"Une1\"],\"inLanguage\":\"fr-FR\",\"potentialAction\":[{\"@type\":\"CommentAction\",\"name\":\"Comment\",\"target\":[\"https:\\\/\\\/depeches241.com\\\/?p=19541#respond\"]}]},{\"@type\":\"WebPage\",\"@id\":\"https:\\\/\\\/depeches241.com\\\/?p=19541\",\"url\":\"https:\\\/\\\/depeches241.com\\\/?p=19541\",\"name\":\"\u00c9liminatoires CAN-2025: le Maroc et la RCA premiers adversaires des Panth\u00e8res en septembre\u00a0 - Groupe D\u00e9p\u00eaches241\",\"isPartOf\":{\"@id\":\"https:\\\/\\\/depeches241.com\\\/#website\"},\"primaryImageOfPage\":{\"@id\":\"https:\\\/\\\/depeches241.com\\\/?p=19541#primaryimage\"},\"image\":{\"@id\":\"https:\\\/\\\/depeches241.com\\\/?p=19541#primaryimage\"},\"thumbnailUrl\":\"https:\\\/\\\/depeches241.com\\\/wp-content\\\/uploads\\\/2024\\\/07\\\/Pantheres-du-Gabon.jpg\",\"datePublished\":\"2024-07-11T11:53:20+00:00\",\"dateModified\":\"2024-07-11T12:02:03+00:00\",\"description\":\"La Conf\u00e9d\u00e9ration Africaine de Football a d\u00e9voil\u00e9 vendredi dernier, le calendrier des \u00e9liminatoires de la Coupe d\u2019Afrique des Nations. Selon ledit calendrier, les Panth\u00e8res du Gabon log\u00e9es dans la poule B affronteront le mois de septembre, le Maroc et la RCA lors des deux premi\u00e8res journ\u00e9es de la campagne.\",\"breadcrumb\":{\"@id\":\"https:\\\/\\\/depeches241.com\\\/?p=19541#breadcrumb\"},\"inLanguage\":\"fr-FR\",\"potentialAction\":[{\"@type\":\"ReadAction\",\"target\":[\"https:\\\/\\\/depeches241.com\\\/?p=19541\"]}]},{\"@type\":\"ImageObject\",\"inLanguage\":\"fr-FR\",\"@id\":\"https:\\\/\\\/depeches241.com\\\/?p=19541#primaryimage\",\"url\":\"https:\\\/\\\/depeches241.com\\\/wp-content\\\/uploads\\\/2024\\\/07\\\/Pantheres-du-Gabon.jpg\",\"contentUrl\":\"https:\\\/\\\/depeches241.com\\\/wp-content\\\/uploads\\\/2024\\\/07\\\/Pantheres-du-Gabon.jpg\",\"width\":960,\"height\":540},{\"@type\":\"BreadcrumbList\",\"@id\":\"https:\\\/\\\/depeches241.com\\\/?p=19541#breadcrumb\",\"itemListElement\":[{\"@type\":\"ListItem\",\"position\":1,\"name\":\"Accueil\",\"item\":\"https:\\\/\\\/depeches241.com\\\/\"},{\"@type\":\"ListItem\",\"position\":2,\"name\":\"\u00c9liminatoires CAN-2025: le Maroc et la RCA premiers adversaires des Panth\u00e8res en septembre\u00a0\"}]},{\"@type\":\"WebSite\",\"@id\":\"https:\\\/\\\/depeches241.com\\\/#website\",\"url\":\"https:\\\/\\\/depeches241.com\\\/\",\"name\":\"D\u00e9p\u00eaches241\",\"description\":\"M\u00e9dia d&#039;actualit\u00e9 Politique, \u00c9conomique, Sociale et Internationale\",\"publisher\":{\"@id\":\"https:\\\/\\\/depeches241.com\\\/#organization\"},\"potentialAction\":[{\"@type\":\"SearchAction\",\"target\":{\"@type\":\"EntryPoint\",\"urlTemplate\":\"https:\\\/\\\/depeches241.com\\\/?s={search_term_string}\"},\"query-input\":{\"@type\":\"PropertyValueSpecification\",\"valueRequired\":true,\"valueName\":\"search_term_string\"}}],\"inLanguage\":\"fr-FR\"},{\"@type\":\"Organization\",\"@id\":\"https:\\\/\\\/depeches241.com\\\/#organization\",\"name\":\"Groupe D\u00e9p\u00eaches241\",\"url\":\"https:\\\/\\\/depeches241.com\\\/\",\"logo\":{\"@type\":\"ImageObject\",\"inLanguage\":\"fr-FR\",\"@id\":\"https:\\\/\\\/depeches241.com\\\/#\\\/schema\\\/logo\\\/image\\\/\",\"url\":\"https:\\\/\\\/depeches241.com\\\/wp-content\\\/uploads\\\/2021\\\/10\\\/cropped-Logo-new-Accueil.png\",\"contentUrl\":\"https:\\\/\\\/depeches241.com\\\/wp-content\\\/uploads\\\/2021\\\/10\\\/cropped-Logo-new-Accueil.png\",\"width\":320,\"height\":105,\"caption\":\"Groupe D\u00e9p\u00eaches241\"},\"image\":{\"@id\":\"https:\\\/\\\/depeches241.com\\\/#\\\/schema\\\/logo\\\/image\\\/\"},\"sameAs\":[\"https:\\\/\\\/www.facebook.com\\\/depeches241\"]},{\"@type\":\"Person\",\"@id\":\"https:\\\/\\\/depeches241.com\\\/#\\\/schema\\\/person\\\/977f23ecf7439b0805f4525a893a057a\",\"name\":\"R\u00e9daction\",\"image\":{\"@type\":\"ImageObject\",\"inLanguage\":\"fr-FR\",\"@id\":\"https:\\\/\\\/secure.gravatar.com\\\/avatar\\\/8c655dbc51e5c9289f919f15ce20847ab5a910f8369a17ca243b673da48541f5?s=96&d=mm&r=g\",\"url\":\"https:\\\/\\\/secure.gravatar.com\\\/avatar\\\/8c655dbc51e5c9289f919f15ce20847ab5a910f8369a17ca243b673da48541f5?s=96&d=mm&r=g\",\"contentUrl\":\"https:\\\/\\\/secure.gravatar.com\\\/avatar\\\/8c655dbc51e5c9289f919f15ce20847ab5a910f8369a17ca243b673da48541f5?s=96&d=mm&r=g\",\"caption\":\"R\u00e9daction\"},\"url\":\"https:\\\/\\\/depeches241.com\\\/?author=11\"}]}<\/script>\n<!-- \/ Yoast SEO plugin. -->","yoast_head_json":{"title":"\u00c9liminatoires CAN-2025: le Maroc et la RCA premiers adversaires des Panth\u00e8res en septembre\u00a0 - Groupe D\u00e9p\u00eaches241","description":"La Conf\u00e9d\u00e9ration Africaine de Football a d\u00e9voil\u00e9 vendredi dernier, le calendrier des \u00e9liminatoires de la Coupe d\u2019Afrique des Nations. Selon ledit calendrier, les Panth\u00e8res du Gabon log\u00e9es dans la poule B affronteront le mois de septembre, le Maroc et la RCA lors des deux premi\u00e8res journ\u00e9es de la campagne.","robots":{"index":"index","follow":"follow","max-snippet":"max-snippet:-1","max-image-preview":"max-image-preview:large","max-video-preview":"max-video-preview:-1"},"canonical":"https:\/\/depeches241.com\/?p=19541","og_locale":"fr_FR","og_type":"article","og_title":"\u00c9liminatoires CAN-2025: le Maroc et la RCA premiers adversaires des Panth\u00e8res en septembre\u00a0 - Groupe D\u00e9p\u00eaches241","og_description":"La Conf\u00e9d\u00e9ration Africaine de Football a d\u00e9voil\u00e9 vendredi dernier, le calendrier des \u00e9liminatoires de la Coupe d\u2019Afrique des Nations. Selon ledit calendrier, les Panth\u00e8res du Gabon log\u00e9es dans la poule B affronteront le mois de septembre, le Maroc et la RCA lors des deux premi\u00e8res journ\u00e9es de la campagne.","og_url":"https:\/\/depeches241.com\/?p=19541","og_site_name":"Groupe D\u00e9p\u00eaches241","article_publisher":"https:\/\/www.facebook.com\/depeches241","article_published_time":"2024-07-11T11:53:20+00:00","article_modified_time":"2024-07-11T12:02:03+00:00","og_image":[{"width":960,"height":540,"url":"http:\/\/depeches241.com\/wp-content\/uploads\/2024\/07\/Pantheres-du-Gabon.jpg","type":"image\/jpeg"}],"author":"R\u00e9daction","twitter_card":"summary_large_image","twitter_misc":{"\u00c9crit par":"R\u00e9daction","Dur\u00e9e de lecture estim\u00e9e":"1 minute"},"schema":{"@context":"https:\/\/schema.org","@graph":[{"@type":"Article","@id":"https:\/\/depeches241.com\/?p=19541#article","isPartOf":{"@id":"https:\/\/depeches241.com\/?p=19541"},"author":{"name":"R\u00e9daction","@id":"https:\/\/depeches241.com\/#\/schema\/person\/977f23ecf7439b0805f4525a893a057a"},"headline":"\u00c9liminatoires CAN-2025: le Maroc et la RCA premiers adversaires des Panth\u00e8res en septembre\u00a0","datePublished":"2024-07-11T11:53:20+00:00","dateModified":"2024-07-11T12:02:03+00:00","mainEntityOfPage":{"@id":"https:\/\/depeches241.com\/?p=19541"},"wordCount":251,"commentCount":0,"publisher":{"@id":"https:\/\/depeches241.com\/#organization"},"image":{"@id":"https:\/\/depeches241.com\/?p=19541#primaryimage"},"thumbnailUrl":"https:\/\/depeches241.com\/wp-content\/uploads\/2024\/07\/Pantheres-du-Gabon.jpg","keywords":["depeches241","\u00e9liminatoires de la Coupe d\u2019Afrique des Nations","Football","Gabon","RCA","Sport"],"articleSection":["SPORT","Une1"],"inLanguage":"fr-FR","potentialAction":[{"@type":"CommentAction","name":"Comment","target":["https:\/\/depeches241.com\/?p=19541#respond"]}]},{"@type":"WebPage","@id":"https:\/\/depeches241.com\/?p=19541","url":"https:\/\/depeches241.com\/?p=19541","name":"\u00c9liminatoires CAN-2025: le Maroc et la RCA premiers adversaires des Panth\u00e8res en septembre\u00a0 - Groupe D\u00e9p\u00eaches241","isPartOf":{"@id":"https:\/\/depeches241.com\/#website"},"primaryImageOfPage":{"@id":"https:\/\/depeches241.com\/?p=19541#primaryimage"},"image":{"@id":"https:\/\/depeches241.com\/?p=19541#primaryimage"},"thumbnailUrl":"https:\/\/depeches241.com\/wp-content\/uploads\/2024\/07\/Pantheres-du-Gabon.jpg","datePublished":"2024-07-11T11:53:20+00:00","dateModified":"2024-07-11T12:02:03+00:00","description":"La Conf\u00e9d\u00e9ration Africaine de Football a d\u00e9voil\u00e9 vendredi dernier, le calendrier des \u00e9liminatoires de la Coupe d\u2019Afrique des Nations. Selon ledit calendrier, les Panth\u00e8res du Gabon log\u00e9es dans la poule B affronteront le mois de septembre, le Maroc et la RCA lors des deux premi\u00e8res journ\u00e9es de la campagne.","breadcrumb":{"@id":"https:\/\/depeches241.com\/?p=19541#breadcrumb"},"inLanguage":"fr-FR","potentialAction":[{"@type":"ReadAction","target":["https:\/\/depeches241.com\/?p=19541"]}]},{"@type":"ImageObject","inLanguage":"fr-FR","@id":"https:\/\/depeches241.com\/?p=19541#primaryimage","url":"https:\/\/depeches241.com\/wp-content\/uploads\/2024\/07\/Pantheres-du-Gabon.jpg","contentUrl":"https:\/\/depeches241.com\/wp-content\/uploads\/2024\/07\/Pantheres-du-Gabon.jpg","width":960,"height":540},{"@type":"BreadcrumbList","@id":"https:\/\/depeches241.com\/?p=19541#breadcrumb","itemListElement":[{"@type":"ListItem","position":1,"name":"Accueil","item":"https:\/\/depeches241.com\/"},{"@type":"ListItem","position":2,"name":"\u00c9liminatoires CAN-2025: le Maroc et la RCA premiers adversaires des Panth\u00e8res en septembre\u00a0"}]},{"@type":"WebSite","@id":"https:\/\/depeches241.com\/#website","url":"https:\/\/depeches241.com\/","name":"D\u00e9p\u00eaches241","description":"M\u00e9dia d&#039;actualit\u00e9 Politique, \u00c9conomique, Sociale et Internationale","publisher":{"@id":"https:\/\/depeches241.com\/#organization"},"potentialAction":[{"@type":"SearchAction","target":{"@type":"EntryPoint","urlTemplate":"https:\/\/depeches241.com\/?s={search_term_string}"},"query-input":{"@type":"PropertyValueSpecification","valueRequired":true,"valueName":"search_term_string"}}],"inLanguage":"fr-FR"},{"@type":"Organization","@id":"https:\/\/depeches241.com\/#organization","name":"Groupe D\u00e9p\u00eaches241","url":"https:\/\/depeches241.com\/","logo":{"@type":"ImageObject","inLanguage":"fr-FR","@id":"https:\/\/depeches241.com\/#\/schema\/logo\/image\/","url":"https:\/\/depeches241.com\/wp-content\/uploads\/2021\/10\/cropped-Logo-new-Accueil.png","contentUrl":"https:\/\/depeches241.com\/wp-content\/uploads\/2021\/10\/cropped-Logo-new-Accueil.png","width":320,"height":105,"caption":"Groupe D\u00e9p\u00eaches241"},"image":{"@id":"https:\/\/depeches241.com\/#\/schema\/logo\/image\/"},"sameAs":["https:\/\/www.facebook.com\/depeches241"]},{"@type":"Person","@id":"https:\/\/depeches241.com\/#\/schema\/person\/977f23ecf7439b0805f4525a893a057a","name":"R\u00e9daction","image":{"@type":"ImageObject","inLanguage":"fr-FR","@id":"https:\/\/secure.gravatar.com\/avatar\/8c655dbc51e5c9289f919f15ce20847ab5a910f8369a17ca243b673da48541f5?s=96&d=mm&r=g","url":"https:\/\/secure.gravatar.com\/avatar\/8c655dbc51e5c9289f919f15ce20847ab5a910f8369a17ca243b673da48541f5?s=96&d=mm&r=g","contentUrl":"https:\/\/secure.gravatar.com\/avatar\/8c655dbc51e5c9289f919f15ce20847ab5a910f8369a17ca243b673da48541f5?s=96&d=mm&r=g","caption":"R\u00e9daction"},"url":"https:\/\/depeches241.com\/?author=11"}]}},"_links":{"self":[{"href":"https:\/\/depeches241.com\/index.php?rest_route=\/wp\/v2\/posts\/19541","targetHints":{"allow":["GET"]}}],"collection":[{"href":"https:\/\/depeches241.com\/index.php?rest_route=\/wp\/v2\/posts"}],"about":[{"href":"https:\/\/depeches241.com\/index.php?rest_route=\/wp\/v2\/types\/post"}],"author":[{"embeddable":true,"href":"https:\/\/depeches241.com\/index.php?rest_route=\/wp\/v2\/users\/11"}],"replies":[{"embeddable":true,"href":"https:\/\/depeches241.com\/index.php?rest_route=%2Fwp%2Fv2%2Fcomments&post=19541"}],"version-history":[{"count":2,"href":"https:\/\/depeches241.com\/index.php?rest_route=\/wp\/v2\/posts\/19541\/revisions"}],"predecessor-version":[{"id":19547,"href":"https:\/\/depeches241.com\/index.php?rest_route=\/wp\/v2\/posts\/19541\/revisions\/19547"}],"wp:featuredmedia":[{"embeddable":true,"href":"https:\/\/depeches241.com\/index.php?rest_route=\/wp\/v2\/media\/19542"}],"wp:attachment":[{"href":"https:\/\/depeches241.com\/index.php?rest_route=%2Fwp%2Fv2%2Fmedia&parent=19541"}],"wp:term":[{"taxonomy":"category","embeddable":true,"href":"https:\/\/depeches241.com\/index.php?rest_route=%2Fwp%2Fv2%2Fcategories&post=19541"},{"taxonomy":"post_tag","embeddable":true,"href":"https:\/\/depeches241.com\/index.php?rest_route=%2Fwp%2Fv2%2Ftags&post=19541"}],"curies":[{"name":"wp","href":"https:\/\/api.w.org\/{rel}","templated":true}]}}