{"id":2034,"date":"2021-09-23T14:45:08","date_gmt":"2021-09-23T12:45:08","guid":{"rendered":"http:\/\/depeches241.com\/?p=2034"},"modified":"2021-09-23T14:45:13","modified_gmt":"2021-09-23T12:45:13","slug":"fond-monetaire-international-livoirien-agou-gomez-gbedia-nouveau-visage-de-linstitution-au-gabon","status":"publish","type":"post","link":"https:\/\/depeches241.com\/?p=2034","title":{"rendered":"Fond Mon\u00e9taire International: l\u2019ivoirien Agou Gomez Gbedia nouveau visage de l\u2019institution  au Gabon"},"content":{"rendered":"\n<figure class=\"wp-block-image size-full\"><img fetchpriority=\"high\" decoding=\"async\" width=\"960\" height=\"540\" src=\"http:\/\/depeches241.com\/wp-content\/uploads\/2021\/09\/DRIVE-IMAGES-DEPECHES-2021-09-23T134032.059.jpg\" alt=\"\" class=\"wp-image-2036\" srcset=\"https:\/\/depeches241.com\/wp-content\/uploads\/2021\/09\/DRIVE-IMAGES-DEPECHES-2021-09-23T134032.059.jpg 960w, https:\/\/depeches241.com\/wp-content\/uploads\/2021\/09\/DRIVE-IMAGES-DEPECHES-2021-09-23T134032.059-300x169.jpg 300w, https:\/\/depeches241.com\/wp-content\/uploads\/2021\/09\/DRIVE-IMAGES-DEPECHES-2021-09-23T134032.059-768x432.jpg 768w\" sizes=\"(max-width: 960px) 100vw, 960px\" \/><figcaption><strong><em>Agou Gomez Gbedia, nouveau repr\u00e9sentant R\u00e9sident de FMI au Gabon<\/em> <em>\u00a9DR<\/em><\/strong> <\/figcaption><\/figure>\n\n\n\n<p><strong>Libreville, le 23 septembre 2021 (D\u00e9p\u00eaches 241). R\u00e9uni en conseil d\u2019administration r\u00e9cemment, le Fonds mon\u00e9taire international (FMI) a nomm\u00e9 l\u2019ivoirien Agou Gomez Gbedia au poste de repr\u00e9sentant R\u00e9sident de l\u2019institution au Gabon. Le diplomate qui remplace le br\u00e9silein Marcos Poplawski Ribeiro, a pris ses fonctions ce lundi 20 septembre.&nbsp;&nbsp;<\/strong><\/p>\n\n\n\n<p class=\"has-drop-cap\">Ing\u00e9nieur statisticien de formation, le nouveau repr\u00e9sentant de l&rsquo;institution de Bretton-woods jouit d&rsquo;un profil \u00e9loquent ainsi que d\u2019une exp\u00e9rience reconnue en administration bancaire. Dipl\u00f4m\u00e9 en ISE \u00e0 l&rsquo;\u00c9cole nationale sup\u00e9rieure de statistiques et d\u2019\u00e9conomie appliqu\u00e9e (ENSEA) d\u2019Abidjan en 2007, il a int\u00e9gr\u00e9 quelques ann\u00e9es plus tard le programme de Master en administration publique et d\u00e9veloppement international, de Harvard Kennedy school of government aux Etats-Unis.&nbsp;<\/p>\n\n\n\n<p>A l\u2019issue de son brillant parcours universitaire, Agou Gomez Gbedia a occup\u00e9 plusieurs postes au sein du FMI entre autres, il a \u00e9t\u00e9 \u00e9conomiste r\u00e9sident en C\u00f4te d\u2019Ivoire, \u00e9conomiste international au si\u00e8ge du FMI \u00e0 Washington entre 2014 et 2018, avant d&rsquo;\u00eatre affect\u00e9 en mai de la m\u00eame ann\u00e9e au d\u00e9partement Afrique de l\u2019institution financi\u00e8re, en charge de la politique budg\u00e9taire du Ghana.<\/p>\n\n\n\n<p>Au Gabon, le nouveau repr\u00e9sentant R\u00e9sident du FMI, aura pour principal mission de coordonner l\u2019action de son institution avec le gouvernement gabonais. Il devra pr\u00e9cis\u00e9ment veiller \u00e0 la ma\u00eetrise des risques budg\u00e9taires. En l&rsquo;occurrence, ceux li\u00e9s \u00e0 la politique fiscale, qui reste une pr\u00e9occupation majeure pour ce pays, lequel a pour ambition aujourd&rsquo;hui de tirer plus de recette, dans les domaines autres que son principal pourvoyeur, qui est le secteur de l&rsquo;or noir.<\/p>\n","protected":false},"excerpt":{"rendered":"<p>R\u00e9uni en conseil d\u2019administration r\u00e9cemment, le Fonds mon\u00e9taire international (FMI) a nomm\u00e9 l\u2019ivoirien Agou Gomez Gbedia au poste de repr\u00e9sentant R\u00e9sident de l\u2019institution au Gabon.<\/p>\n","protected":false},"author":11,"featured_media":2036,"comment_status":"open","ping_status":"open","sticky":false,"template":"","format":"standard","meta":{"om_disable_all_campaigns":false,"footnotes":""},"categories":[4,117],"tags":[695,99,141,613,59,696],"class_list":{"0":"post-2034","1":"post","2":"type-post","3":"status-publish","4":"format-standard","5":"has-post-thumbnail","7":"category-economie","8":"category-une2","9":"tag-agou-gomez-gbedia","10":"tag-depeches241","11":"tag-economie","12":"tag-fonds-monetaire-international","13":"tag-gabon","14":"tag-representant-resident-de-linstitution-au-gabon"},"yoast_head":"<!-- This site is optimized with the Yoast SEO plugin v27.5 - https:\/\/yoast.com\/product\/yoast-seo-wordpress\/ -->\n<title>Fond Mon\u00e9taire International: l\u2019ivoirien Agou Gomez Gbedia nouveau visage de l\u2019institution au Gabon - Groupe D\u00e9p\u00eaches241<\/title>\n<meta name=\"description\" content=\"R\u00e9uni en conseil d\u2019administration r\u00e9cemment, le Fonds mon\u00e9taire international (FMI) a nomm\u00e9 l\u2019ivoirien Agou Gomez Gbedia au poste de repr\u00e9sentant R\u00e9sident de l\u2019institution au Gabon.\" \/>\n<meta name=\"robots\" content=\"index, follow, max-snippet:-1, max-image-preview:large, max-video-preview:-1\" \/>\n<link rel=\"canonical\" href=\"https:\/\/depeches241.com\/?p=2034\" \/>\n<meta property=\"og:locale\" content=\"fr_FR\" \/>\n<meta property=\"og:type\" content=\"article\" \/>\n<meta property=\"og:title\" content=\"Fond Mon\u00e9taire International: l\u2019ivoirien Agou Gomez Gbedia nouveau visage de l\u2019institution au Gabon - Groupe D\u00e9p\u00eaches241\" \/>\n<meta property=\"og:description\" content=\"R\u00e9uni en conseil d\u2019administration r\u00e9cemment, le Fonds mon\u00e9taire international (FMI) a nomm\u00e9 l\u2019ivoirien Agou Gomez Gbedia au poste de repr\u00e9sentant R\u00e9sident de l\u2019institution au Gabon.\" \/>\n<meta property=\"og:url\" content=\"https:\/\/depeches241.com\/?p=2034\" \/>\n<meta property=\"og:site_name\" content=\"Groupe D\u00e9p\u00eaches241\" \/>\n<meta property=\"article:publisher\" content=\"https:\/\/www.facebook.com\/depeches241\" \/>\n<meta property=\"article:published_time\" content=\"2021-09-23T12:45:08+00:00\" \/>\n<meta property=\"article:modified_time\" content=\"2021-09-23T12:45:13+00:00\" \/>\n<meta property=\"og:image\" content=\"https:\/\/depeches241.com\/wp-content\/uploads\/2021\/09\/DRIVE-IMAGES-DEPECHES-2021-09-23T134032.059.jpg\" \/>\n\t<meta property=\"og:image:width\" content=\"960\" \/>\n\t<meta property=\"og:image:height\" content=\"540\" \/>\n\t<meta property=\"og:image:type\" content=\"image\/jpeg\" \/>\n<meta name=\"author\" content=\"R\u00e9daction\" \/>\n<meta name=\"twitter:card\" content=\"summary_large_image\" \/>\n<meta name=\"twitter:label1\" content=\"\u00c9crit par\" \/>\n\t<meta name=\"twitter:data1\" content=\"R\u00e9daction\" \/>\n\t<meta name=\"twitter:label2\" content=\"Dur\u00e9e de lecture estim\u00e9e\" \/>\n\t<meta name=\"twitter:data2\" content=\"2 minutes\" \/>\n<script type=\"application\/ld+json\" class=\"yoast-schema-graph\">{\"@context\":\"https:\\\/\\\/schema.org\",\"@graph\":[{\"@type\":\"Article\",\"@id\":\"https:\\\/\\\/depeches241.com\\\/?p=2034#article\",\"isPartOf\":{\"@id\":\"https:\\\/\\\/depeches241.com\\\/?p=2034\"},\"author\":{\"name\":\"R\u00e9daction\",\"@id\":\"https:\\\/\\\/depeches241.com\\\/#\\\/schema\\\/person\\\/977f23ecf7439b0805f4525a893a057a\"},\"headline\":\"Fond Mon\u00e9taire International: l\u2019ivoirien Agou Gomez Gbedia nouveau visage de l\u2019institution au Gabon\",\"datePublished\":\"2021-09-23T12:45:08+00:00\",\"dateModified\":\"2021-09-23T12:45:13+00:00\",\"mainEntityOfPage\":{\"@id\":\"https:\\\/\\\/depeches241.com\\\/?p=2034\"},\"wordCount\":315,\"commentCount\":0,\"publisher\":{\"@id\":\"https:\\\/\\\/depeches241.com\\\/#organization\"},\"image\":{\"@id\":\"https:\\\/\\\/depeches241.com\\\/?p=2034#primaryimage\"},\"thumbnailUrl\":\"https:\\\/\\\/depeches241.com\\\/wp-content\\\/uploads\\\/2021\\\/09\\\/DRIVE-IMAGES-DEPECHES-2021-09-23T134032.059.jpg\",\"keywords\":[\"Agou Gomez Gbedia\",\"depeches241\",\"Economie\",\"Fonds Mon\u00e9taire International\",\"Gabon\",\"repr\u00e9sentant R\u00e9sident de l\u2019institution au Gabon\"],\"articleSection\":[\"ECONOMIE\",\"Une2\"],\"inLanguage\":\"fr-FR\",\"potentialAction\":[{\"@type\":\"CommentAction\",\"name\":\"Comment\",\"target\":[\"https:\\\/\\\/depeches241.com\\\/?p=2034#respond\"]}]},{\"@type\":\"WebPage\",\"@id\":\"https:\\\/\\\/depeches241.com\\\/?p=2034\",\"url\":\"https:\\\/\\\/depeches241.com\\\/?p=2034\",\"name\":\"Fond Mon\u00e9taire International: l\u2019ivoirien Agou Gomez Gbedia nouveau visage de l\u2019institution au Gabon - Groupe D\u00e9p\u00eaches241\",\"isPartOf\":{\"@id\":\"https:\\\/\\\/depeches241.com\\\/#website\"},\"primaryImageOfPage\":{\"@id\":\"https:\\\/\\\/depeches241.com\\\/?p=2034#primaryimage\"},\"image\":{\"@id\":\"https:\\\/\\\/depeches241.com\\\/?p=2034#primaryimage\"},\"thumbnailUrl\":\"https:\\\/\\\/depeches241.com\\\/wp-content\\\/uploads\\\/2021\\\/09\\\/DRIVE-IMAGES-DEPECHES-2021-09-23T134032.059.jpg\",\"datePublished\":\"2021-09-23T12:45:08+00:00\",\"dateModified\":\"2021-09-23T12:45:13+00:00\",\"description\":\"R\u00e9uni en conseil d\u2019administration r\u00e9cemment, le Fonds mon\u00e9taire international (FMI) a nomm\u00e9 l\u2019ivoirien Agou Gomez Gbedia au poste de repr\u00e9sentant R\u00e9sident de l\u2019institution au Gabon.\",\"breadcrumb\":{\"@id\":\"https:\\\/\\\/depeches241.com\\\/?p=2034#breadcrumb\"},\"inLanguage\":\"fr-FR\",\"potentialAction\":[{\"@type\":\"ReadAction\",\"target\":[\"https:\\\/\\\/depeches241.com\\\/?p=2034\"]}]},{\"@type\":\"ImageObject\",\"inLanguage\":\"fr-FR\",\"@id\":\"https:\\\/\\\/depeches241.com\\\/?p=2034#primaryimage\",\"url\":\"https:\\\/\\\/depeches241.com\\\/wp-content\\\/uploads\\\/2021\\\/09\\\/DRIVE-IMAGES-DEPECHES-2021-09-23T134032.059.jpg\",\"contentUrl\":\"https:\\\/\\\/depeches241.com\\\/wp-content\\\/uploads\\\/2021\\\/09\\\/DRIVE-IMAGES-DEPECHES-2021-09-23T134032.059.jpg\",\"width\":960,\"height\":540},{\"@type\":\"BreadcrumbList\",\"@id\":\"https:\\\/\\\/depeches241.com\\\/?p=2034#breadcrumb\",\"itemListElement\":[{\"@type\":\"ListItem\",\"position\":1,\"name\":\"Accueil\",\"item\":\"https:\\\/\\\/depeches241.com\\\/\"},{\"@type\":\"ListItem\",\"position\":2,\"name\":\"Fond Mon\u00e9taire International: l\u2019ivoirien Agou Gomez Gbedia nouveau visage de l\u2019institution au Gabon\"}]},{\"@type\":\"WebSite\",\"@id\":\"https:\\\/\\\/depeches241.com\\\/#website\",\"url\":\"https:\\\/\\\/depeches241.com\\\/\",\"name\":\"D\u00e9p\u00eaches241\",\"description\":\"M\u00e9dia d&#039;actualit\u00e9 Politique, \u00c9conomique, Sociale et Internationale\",\"publisher\":{\"@id\":\"https:\\\/\\\/depeches241.com\\\/#organization\"},\"potentialAction\":[{\"@type\":\"SearchAction\",\"target\":{\"@type\":\"EntryPoint\",\"urlTemplate\":\"https:\\\/\\\/depeches241.com\\\/?s={search_term_string}\"},\"query-input\":{\"@type\":\"PropertyValueSpecification\",\"valueRequired\":true,\"valueName\":\"search_term_string\"}}],\"inLanguage\":\"fr-FR\"},{\"@type\":\"Organization\",\"@id\":\"https:\\\/\\\/depeches241.com\\\/#organization\",\"name\":\"Groupe D\u00e9p\u00eaches241\",\"url\":\"https:\\\/\\\/depeches241.com\\\/\",\"logo\":{\"@type\":\"ImageObject\",\"inLanguage\":\"fr-FR\",\"@id\":\"https:\\\/\\\/depeches241.com\\\/#\\\/schema\\\/logo\\\/image\\\/\",\"url\":\"https:\\\/\\\/depeches241.com\\\/wp-content\\\/uploads\\\/2021\\\/10\\\/cropped-Logo-new-Accueil.png\",\"contentUrl\":\"https:\\\/\\\/depeches241.com\\\/wp-content\\\/uploads\\\/2021\\\/10\\\/cropped-Logo-new-Accueil.png\",\"width\":320,\"height\":105,\"caption\":\"Groupe D\u00e9p\u00eaches241\"},\"image\":{\"@id\":\"https:\\\/\\\/depeches241.com\\\/#\\\/schema\\\/logo\\\/image\\\/\"},\"sameAs\":[\"https:\\\/\\\/www.facebook.com\\\/depeches241\"]},{\"@type\":\"Person\",\"@id\":\"https:\\\/\\\/depeches241.com\\\/#\\\/schema\\\/person\\\/977f23ecf7439b0805f4525a893a057a\",\"name\":\"R\u00e9daction\",\"image\":{\"@type\":\"ImageObject\",\"inLanguage\":\"fr-FR\",\"@id\":\"https:\\\/\\\/secure.gravatar.com\\\/avatar\\\/8c655dbc51e5c9289f919f15ce20847ab5a910f8369a17ca243b673da48541f5?s=96&d=mm&r=g\",\"url\":\"https:\\\/\\\/secure.gravatar.com\\\/avatar\\\/8c655dbc51e5c9289f919f15ce20847ab5a910f8369a17ca243b673da48541f5?s=96&d=mm&r=g\",\"contentUrl\":\"https:\\\/\\\/secure.gravatar.com\\\/avatar\\\/8c655dbc51e5c9289f919f15ce20847ab5a910f8369a17ca243b673da48541f5?s=96&d=mm&r=g\",\"caption\":\"R\u00e9daction\"},\"url\":\"https:\\\/\\\/depeches241.com\\\/?author=11\"}]}<\/script>\n<!-- \/ Yoast SEO plugin. -->","yoast_head_json":{"title":"Fond Mon\u00e9taire International: l\u2019ivoirien Agou Gomez Gbedia nouveau visage de l\u2019institution au Gabon - Groupe D\u00e9p\u00eaches241","description":"R\u00e9uni en conseil d\u2019administration r\u00e9cemment, le Fonds mon\u00e9taire international (FMI) a nomm\u00e9 l\u2019ivoirien Agou Gomez Gbedia au poste de repr\u00e9sentant R\u00e9sident de l\u2019institution au Gabon.","robots":{"index":"index","follow":"follow","max-snippet":"max-snippet:-1","max-image-preview":"max-image-preview:large","max-video-preview":"max-video-preview:-1"},"canonical":"https:\/\/depeches241.com\/?p=2034","og_locale":"fr_FR","og_type":"article","og_title":"Fond Mon\u00e9taire International: l\u2019ivoirien Agou Gomez Gbedia nouveau visage de l\u2019institution au Gabon - Groupe D\u00e9p\u00eaches241","og_description":"R\u00e9uni en conseil d\u2019administration r\u00e9cemment, le Fonds mon\u00e9taire international (FMI) a nomm\u00e9 l\u2019ivoirien Agou Gomez Gbedia au poste de repr\u00e9sentant R\u00e9sident de l\u2019institution au Gabon.","og_url":"https:\/\/depeches241.com\/?p=2034","og_site_name":"Groupe D\u00e9p\u00eaches241","article_publisher":"https:\/\/www.facebook.com\/depeches241","article_published_time":"2021-09-23T12:45:08+00:00","article_modified_time":"2021-09-23T12:45:13+00:00","og_image":[{"width":960,"height":540,"url":"https:\/\/depeches241.com\/wp-content\/uploads\/2021\/09\/DRIVE-IMAGES-DEPECHES-2021-09-23T134032.059.jpg","type":"image\/jpeg"}],"author":"R\u00e9daction","twitter_card":"summary_large_image","twitter_misc":{"\u00c9crit par":"R\u00e9daction","Dur\u00e9e de lecture estim\u00e9e":"2 minutes"},"schema":{"@context":"https:\/\/schema.org","@graph":[{"@type":"Article","@id":"https:\/\/depeches241.com\/?p=2034#article","isPartOf":{"@id":"https:\/\/depeches241.com\/?p=2034"},"author":{"name":"R\u00e9daction","@id":"https:\/\/depeches241.com\/#\/schema\/person\/977f23ecf7439b0805f4525a893a057a"},"headline":"Fond Mon\u00e9taire International: l\u2019ivoirien Agou Gomez Gbedia nouveau visage de l\u2019institution au Gabon","datePublished":"2021-09-23T12:45:08+00:00","dateModified":"2021-09-23T12:45:13+00:00","mainEntityOfPage":{"@id":"https:\/\/depeches241.com\/?p=2034"},"wordCount":315,"commentCount":0,"publisher":{"@id":"https:\/\/depeches241.com\/#organization"},"image":{"@id":"https:\/\/depeches241.com\/?p=2034#primaryimage"},"thumbnailUrl":"https:\/\/depeches241.com\/wp-content\/uploads\/2021\/09\/DRIVE-IMAGES-DEPECHES-2021-09-23T134032.059.jpg","keywords":["Agou Gomez Gbedia","depeches241","Economie","Fonds Mon\u00e9taire International","Gabon","repr\u00e9sentant R\u00e9sident de l\u2019institution au Gabon"],"articleSection":["ECONOMIE","Une2"],"inLanguage":"fr-FR","potentialAction":[{"@type":"CommentAction","name":"Comment","target":["https:\/\/depeches241.com\/?p=2034#respond"]}]},{"@type":"WebPage","@id":"https:\/\/depeches241.com\/?p=2034","url":"https:\/\/depeches241.com\/?p=2034","name":"Fond Mon\u00e9taire International: l\u2019ivoirien Agou Gomez Gbedia nouveau visage de l\u2019institution au Gabon - Groupe D\u00e9p\u00eaches241","isPartOf":{"@id":"https:\/\/depeches241.com\/#website"},"primaryImageOfPage":{"@id":"https:\/\/depeches241.com\/?p=2034#primaryimage"},"image":{"@id":"https:\/\/depeches241.com\/?p=2034#primaryimage"},"thumbnailUrl":"https:\/\/depeches241.com\/wp-content\/uploads\/2021\/09\/DRIVE-IMAGES-DEPECHES-2021-09-23T134032.059.jpg","datePublished":"2021-09-23T12:45:08+00:00","dateModified":"2021-09-23T12:45:13+00:00","description":"R\u00e9uni en conseil d\u2019administration r\u00e9cemment, le Fonds mon\u00e9taire international (FMI) a nomm\u00e9 l\u2019ivoirien Agou Gomez Gbedia au poste de repr\u00e9sentant R\u00e9sident de l\u2019institution au Gabon.","breadcrumb":{"@id":"https:\/\/depeches241.com\/?p=2034#breadcrumb"},"inLanguage":"fr-FR","potentialAction":[{"@type":"ReadAction","target":["https:\/\/depeches241.com\/?p=2034"]}]},{"@type":"ImageObject","inLanguage":"fr-FR","@id":"https:\/\/depeches241.com\/?p=2034#primaryimage","url":"https:\/\/depeches241.com\/wp-content\/uploads\/2021\/09\/DRIVE-IMAGES-DEPECHES-2021-09-23T134032.059.jpg","contentUrl":"https:\/\/depeches241.com\/wp-content\/uploads\/2021\/09\/DRIVE-IMAGES-DEPECHES-2021-09-23T134032.059.jpg","width":960,"height":540},{"@type":"BreadcrumbList","@id":"https:\/\/depeches241.com\/?p=2034#breadcrumb","itemListElement":[{"@type":"ListItem","position":1,"name":"Accueil","item":"https:\/\/depeches241.com\/"},{"@type":"ListItem","position":2,"name":"Fond Mon\u00e9taire International: l\u2019ivoirien Agou Gomez Gbedia nouveau visage de l\u2019institution au Gabon"}]},{"@type":"WebSite","@id":"https:\/\/depeches241.com\/#website","url":"https:\/\/depeches241.com\/","name":"D\u00e9p\u00eaches241","description":"M\u00e9dia d&#039;actualit\u00e9 Politique, \u00c9conomique, Sociale et Internationale","publisher":{"@id":"https:\/\/depeches241.com\/#organization"},"potentialAction":[{"@type":"SearchAction","target":{"@type":"EntryPoint","urlTemplate":"https:\/\/depeches241.com\/?s={search_term_string}"},"query-input":{"@type":"PropertyValueSpecification","valueRequired":true,"valueName":"search_term_string"}}],"inLanguage":"fr-FR"},{"@type":"Organization","@id":"https:\/\/depeches241.com\/#organization","name":"Groupe D\u00e9p\u00eaches241","url":"https:\/\/depeches241.com\/","logo":{"@type":"ImageObject","inLanguage":"fr-FR","@id":"https:\/\/depeches241.com\/#\/schema\/logo\/image\/","url":"https:\/\/depeches241.com\/wp-content\/uploads\/2021\/10\/cropped-Logo-new-Accueil.png","contentUrl":"https:\/\/depeches241.com\/wp-content\/uploads\/2021\/10\/cropped-Logo-new-Accueil.png","width":320,"height":105,"caption":"Groupe D\u00e9p\u00eaches241"},"image":{"@id":"https:\/\/depeches241.com\/#\/schema\/logo\/image\/"},"sameAs":["https:\/\/www.facebook.com\/depeches241"]},{"@type":"Person","@id":"https:\/\/depeches241.com\/#\/schema\/person\/977f23ecf7439b0805f4525a893a057a","name":"R\u00e9daction","image":{"@type":"ImageObject","inLanguage":"fr-FR","@id":"https:\/\/secure.gravatar.com\/avatar\/8c655dbc51e5c9289f919f15ce20847ab5a910f8369a17ca243b673da48541f5?s=96&d=mm&r=g","url":"https:\/\/secure.gravatar.com\/avatar\/8c655dbc51e5c9289f919f15ce20847ab5a910f8369a17ca243b673da48541f5?s=96&d=mm&r=g","contentUrl":"https:\/\/secure.gravatar.com\/avatar\/8c655dbc51e5c9289f919f15ce20847ab5a910f8369a17ca243b673da48541f5?s=96&d=mm&r=g","caption":"R\u00e9daction"},"url":"https:\/\/depeches241.com\/?author=11"}]}},"_links":{"self":[{"href":"https:\/\/depeches241.com\/index.php?rest_route=\/wp\/v2\/posts\/2034","targetHints":{"allow":["GET"]}}],"collection":[{"href":"https:\/\/depeches241.com\/index.php?rest_route=\/wp\/v2\/posts"}],"about":[{"href":"https:\/\/depeches241.com\/index.php?rest_route=\/wp\/v2\/types\/post"}],"author":[{"embeddable":true,"href":"https:\/\/depeches241.com\/index.php?rest_route=\/wp\/v2\/users\/11"}],"replies":[{"embeddable":true,"href":"https:\/\/depeches241.com\/index.php?rest_route=%2Fwp%2Fv2%2Fcomments&post=2034"}],"version-history":[{"count":1,"href":"https:\/\/depeches241.com\/index.php?rest_route=\/wp\/v2\/posts\/2034\/revisions"}],"predecessor-version":[{"id":2037,"href":"https:\/\/depeches241.com\/index.php?rest_route=\/wp\/v2\/posts\/2034\/revisions\/2037"}],"wp:featuredmedia":[{"embeddable":true,"href":"https:\/\/depeches241.com\/index.php?rest_route=\/wp\/v2\/media\/2036"}],"wp:attachment":[{"href":"https:\/\/depeches241.com\/index.php?rest_route=%2Fwp%2Fv2%2Fmedia&parent=2034"}],"wp:term":[{"taxonomy":"category","embeddable":true,"href":"https:\/\/depeches241.com\/index.php?rest_route=%2Fwp%2Fv2%2Fcategories&post=2034"},{"taxonomy":"post_tag","embeddable":true,"href":"https:\/\/depeches241.com\/index.php?rest_route=%2Fwp%2Fv2%2Ftags&post=2034"}],"curies":[{"name":"wp","href":"https:\/\/api.w.org\/{rel}","templated":true}]}}