{"id":20445,"date":"2024-09-01T15:16:17","date_gmt":"2024-09-01T13:16:17","guid":{"rendered":"https:\/\/depeches241.com\/?p=20445"},"modified":"2024-09-01T15:16:18","modified_gmt":"2024-09-01T13:16:18","slug":"transition-le-parlement-convoque-le-10-septembre-en-congres-constituant-pour-examen-de-la-nouvelle-constitution","status":"publish","type":"post","link":"https:\/\/depeches241.com\/?p=20445","title":{"rendered":"Transition: le Parlement convoqu\u00e9 le 10 septembre en congr\u00e8s Constituant pour examen de la nouvelle Constitution\u00a0"},"content":{"rendered":"\n<figure class=\"wp-block-image size-full\"><img fetchpriority=\"high\" decoding=\"async\" width=\"960\" height=\"540\" src=\"https:\/\/depeches241.com\/wp-content\/uploads\/2024\/09\/Oligui-et-Assemblee-.jpg\" alt=\"\" class=\"wp-image-20446\" srcset=\"https:\/\/depeches241.com\/wp-content\/uploads\/2024\/09\/Oligui-et-Assemblee-.jpg 960w, https:\/\/depeches241.com\/wp-content\/uploads\/2024\/09\/Oligui-et-Assemblee--300x169.jpg 300w, https:\/\/depeches241.com\/wp-content\/uploads\/2024\/09\/Oligui-et-Assemblee--768x432.jpg 768w\" sizes=\"(max-width: 960px) 100vw, 960px\" \/><figcaption class=\"wp-element-caption\"><strong><em>Le pr\u00e9sident de la Transition a convoqu\u00e9 le Parlement pour examiner la nouvelle Constitution <\/em><\/strong><em>\u00a9Com DR<\/em> <\/figcaption><\/figure>\n\n\n\n<p><strong>Libreville, le 1er septembre 2024 &#8211; (D\u00e9p\u00eaches 241). Au lendemain de la c\u00e9l\u00e9bration de la journ\u00e9e de la Lib\u00e9ration, le projet de la future Constitution a \u00e9t\u00e9 remis au Pr\u00e9sident de la Transition, Chef de l\u2019Etat, Brice Clotaire Oligui Nguema. Dans la foul\u00e9e, ce dernier a convoqu\u00e9 le Parlement en congr\u00e8s constitutionnel pour examiner le texte de la nouvelle loi fondamentale.&nbsp;<\/strong><\/p>\n\n\n\n<p class=\"has-drop-cap\">Le projet constitutionnel tant attendu par les populations gabonaises et pour lequel l\u2019Ex\u00e9cutif est d\u00e9j\u00e0 sur le terrain pour faire campagne pour le OUI a enfin \u00e9t\u00e9 remis hier par le comit\u00e9 charg\u00e9 de sa r\u00e9daction au Pr\u00e9sident de la Transition, Pr\u00e9sident de la R\u00e9publique, Chef de l\u2019Etat, Brice Clotaire Oligui Nguema. Ce rapport final a \u00e9t\u00e9 remis au num\u00e9ro un Gabonais par le Ministre de la R\u00e9forme des Institutions Murielle Minkoue, en pr\u00e9sence du Premier Ministre, Chef du gouvernement, Raymond Ndong Sima.&nbsp;<\/p>\n\n\n\n<p>Dans la foul\u00e9e, Brice Clotaire Oligui Ngueme a convoqu\u00e9 le Parlement pour l\u2019examen de cette nouvelle Constitution. <strong><em>\u00ab Il me plait d\u2019annoncer la convocation du prochain Parlement. Apr\u00e8s l\u2019examen du projet par le Parlement, le Peuple souverain sera convoqu\u00e9 pour adopter la nouvelle Constitution par r\u00e9f\u00e9rendum \u00bb, <\/em><\/strong>a-t-il indiqu\u00e9.&nbsp;&nbsp;<\/p>\n\n\n\n<p>Les choses devraient donc s&rsquo;acc\u00e9l\u00e9rer dans les prochains jours avec cette consultation puis le r\u00e9f\u00e9rendum avant tr\u00e8s certainement l&rsquo;\u00e9lection pr\u00e9sidentielle anticip\u00e9e telle qu&rsquo;\u00e9voqu\u00e9e par le Chef de l\u2019Etat himself.<\/p>\n","protected":false},"excerpt":{"rendered":"<p>Libreville, le 1er septembre 2024 &#8211; (D\u00e9p\u00eaches 241). Au lendemain de la c\u00e9l\u00e9bration de la journ\u00e9e de la Lib\u00e9ration, le projet de la future Constitution a \u00e9t\u00e9 remis au Pr\u00e9sident de la Transition, Chef de l\u2019Etat, Brice Clotaire Oligui Nguema. Dans la foul\u00e9e, ce dernier a convoqu\u00e9 le Parlement en [&hellip;]<\/p>\n","protected":false},"author":12,"featured_media":20446,"comment_status":"open","ping_status":"open","sticky":false,"template":"","format":"standard","meta":{"om_disable_all_campaigns":false,"footnotes":""},"categories":[26,3,116],"tags":[99,59,3028,73,3698],"class_list":{"0":"post-20445","1":"post","2":"type-post","3":"status-publish","4":"format-standard","5":"has-post-thumbnail","7":"category-institutions","8":"category-politique","9":"category-une1","10":"tag-depeches241","11":"tag-gabon","12":"tag-parlement","13":"tag-politique","14":"tag-projet-de-constitution"},"yoast_head":"<!-- This site is optimized with the Yoast SEO plugin v27.5 - https:\/\/yoast.com\/product\/yoast-seo-wordpress\/ -->\n<title>Transition: le Parlement convoqu\u00e9 le 10 septembre en congr\u00e8s Constituant pour examen de la nouvelle Constitution\u00a0 - Groupe D\u00e9p\u00eaches241<\/title>\n<meta name=\"description\" content=\"Au lendemain de la c\u00e9l\u00e9bration de la journ\u00e9e de la Lib\u00e9ration, le projet de la future Constitution a \u00e9t\u00e9 remis au Pr\u00e9sident de la Transition, Chef de l\u2019Etat, Brice Clotaire Oligui Nguema. Dans la foul\u00e9e, ce dernier a convoqu\u00e9 le Parlement en congr\u00e8s constitutionnel pour examiner le texte de la nouvelle loi fondamentale.\" \/>\n<meta name=\"robots\" content=\"index, follow, max-snippet:-1, max-image-preview:large, max-video-preview:-1\" \/>\n<link rel=\"canonical\" href=\"https:\/\/depeches241.com\/?p=20445\" \/>\n<meta property=\"og:locale\" content=\"fr_FR\" \/>\n<meta property=\"og:type\" content=\"article\" \/>\n<meta property=\"og:title\" content=\"Transition: le Parlement convoqu\u00e9 le 10 septembre en congr\u00e8s Constituant pour examen de la nouvelle Constitution\u00a0 - Groupe D\u00e9p\u00eaches241\" \/>\n<meta property=\"og:description\" content=\"Au lendemain de la c\u00e9l\u00e9bration de la journ\u00e9e de la Lib\u00e9ration, le projet de la future Constitution a \u00e9t\u00e9 remis au Pr\u00e9sident de la Transition, Chef de l\u2019Etat, Brice Clotaire Oligui Nguema. Dans la foul\u00e9e, ce dernier a convoqu\u00e9 le Parlement en congr\u00e8s constitutionnel pour examiner le texte de la nouvelle loi fondamentale.\" \/>\n<meta property=\"og:url\" content=\"https:\/\/depeches241.com\/?p=20445\" \/>\n<meta property=\"og:site_name\" content=\"Groupe D\u00e9p\u00eaches241\" \/>\n<meta property=\"article:publisher\" content=\"https:\/\/www.facebook.com\/depeches241\" \/>\n<meta property=\"article:published_time\" content=\"2024-09-01T13:16:17+00:00\" \/>\n<meta property=\"article:modified_time\" content=\"2024-09-01T13:16:18+00:00\" \/>\n<meta property=\"og:image\" content=\"http:\/\/depeches241.com\/wp-content\/uploads\/2024\/09\/Oligui-et-Assemblee-.jpg\" \/>\n\t<meta property=\"og:image:width\" content=\"960\" \/>\n\t<meta property=\"og:image:height\" content=\"540\" \/>\n\t<meta property=\"og:image:type\" content=\"image\/jpeg\" \/>\n<meta name=\"author\" content=\"Iboka Marc Andr\u00e9\" \/>\n<meta name=\"twitter:card\" content=\"summary_large_image\" \/>\n<meta name=\"twitter:label1\" content=\"\u00c9crit par\" \/>\n\t<meta name=\"twitter:data1\" content=\"Iboka Marc Andr\u00e9\" \/>\n\t<meta name=\"twitter:label2\" content=\"Dur\u00e9e de lecture estim\u00e9e\" \/>\n\t<meta name=\"twitter:data2\" content=\"1 minute\" \/>\n<script type=\"application\/ld+json\" class=\"yoast-schema-graph\">{\"@context\":\"https:\\\/\\\/schema.org\",\"@graph\":[{\"@type\":\"Article\",\"@id\":\"https:\\\/\\\/depeches241.com\\\/?p=20445#article\",\"isPartOf\":{\"@id\":\"https:\\\/\\\/depeches241.com\\\/?p=20445\"},\"author\":{\"name\":\"Iboka Marc Andr\u00e9\",\"@id\":\"https:\\\/\\\/depeches241.com\\\/#\\\/schema\\\/person\\\/5abcf4b9361e0d8aa457b404d877674f\"},\"headline\":\"Transition: le Parlement convoqu\u00e9 le 10 septembre en congr\u00e8s Constituant pour examen de la nouvelle Constitution\u00a0\",\"datePublished\":\"2024-09-01T13:16:17+00:00\",\"dateModified\":\"2024-09-01T13:16:18+00:00\",\"mainEntityOfPage\":{\"@id\":\"https:\\\/\\\/depeches241.com\\\/?p=20445\"},\"wordCount\":294,\"commentCount\":0,\"publisher\":{\"@id\":\"https:\\\/\\\/depeches241.com\\\/#organization\"},\"image\":{\"@id\":\"https:\\\/\\\/depeches241.com\\\/?p=20445#primaryimage\"},\"thumbnailUrl\":\"https:\\\/\\\/depeches241.com\\\/wp-content\\\/uploads\\\/2024\\\/09\\\/Oligui-et-Assemblee-.jpg\",\"keywords\":[\"depeches241\",\"Gabon\",\"Parlement\",\"Politique\",\"Projet de constitution\"],\"articleSection\":[\"INSTITUTIONS\",\"POLITIQUE\",\"Une1\"],\"inLanguage\":\"fr-FR\",\"potentialAction\":[{\"@type\":\"CommentAction\",\"name\":\"Comment\",\"target\":[\"https:\\\/\\\/depeches241.com\\\/?p=20445#respond\"]}]},{\"@type\":\"WebPage\",\"@id\":\"https:\\\/\\\/depeches241.com\\\/?p=20445\",\"url\":\"https:\\\/\\\/depeches241.com\\\/?p=20445\",\"name\":\"Transition: le Parlement convoqu\u00e9 le 10 septembre en congr\u00e8s Constituant pour examen de la nouvelle Constitution\u00a0 - Groupe D\u00e9p\u00eaches241\",\"isPartOf\":{\"@id\":\"https:\\\/\\\/depeches241.com\\\/#website\"},\"primaryImageOfPage\":{\"@id\":\"https:\\\/\\\/depeches241.com\\\/?p=20445#primaryimage\"},\"image\":{\"@id\":\"https:\\\/\\\/depeches241.com\\\/?p=20445#primaryimage\"},\"thumbnailUrl\":\"https:\\\/\\\/depeches241.com\\\/wp-content\\\/uploads\\\/2024\\\/09\\\/Oligui-et-Assemblee-.jpg\",\"datePublished\":\"2024-09-01T13:16:17+00:00\",\"dateModified\":\"2024-09-01T13:16:18+00:00\",\"description\":\"Au lendemain de la c\u00e9l\u00e9bration de la journ\u00e9e de la Lib\u00e9ration, le projet de la future Constitution a \u00e9t\u00e9 remis au Pr\u00e9sident de la Transition, Chef de l\u2019Etat, Brice Clotaire Oligui Nguema. Dans la foul\u00e9e, ce dernier a convoqu\u00e9 le Parlement en congr\u00e8s constitutionnel pour examiner le texte de la nouvelle loi fondamentale.\",\"breadcrumb\":{\"@id\":\"https:\\\/\\\/depeches241.com\\\/?p=20445#breadcrumb\"},\"inLanguage\":\"fr-FR\",\"potentialAction\":[{\"@type\":\"ReadAction\",\"target\":[\"https:\\\/\\\/depeches241.com\\\/?p=20445\"]}]},{\"@type\":\"ImageObject\",\"inLanguage\":\"fr-FR\",\"@id\":\"https:\\\/\\\/depeches241.com\\\/?p=20445#primaryimage\",\"url\":\"https:\\\/\\\/depeches241.com\\\/wp-content\\\/uploads\\\/2024\\\/09\\\/Oligui-et-Assemblee-.jpg\",\"contentUrl\":\"https:\\\/\\\/depeches241.com\\\/wp-content\\\/uploads\\\/2024\\\/09\\\/Oligui-et-Assemblee-.jpg\",\"width\":960,\"height\":540},{\"@type\":\"BreadcrumbList\",\"@id\":\"https:\\\/\\\/depeches241.com\\\/?p=20445#breadcrumb\",\"itemListElement\":[{\"@type\":\"ListItem\",\"position\":1,\"name\":\"Accueil\",\"item\":\"https:\\\/\\\/depeches241.com\\\/\"},{\"@type\":\"ListItem\",\"position\":2,\"name\":\"Transition: le Parlement convoqu\u00e9 le 10 septembre en congr\u00e8s Constituant pour examen de la nouvelle Constitution\u00a0\"}]},{\"@type\":\"WebSite\",\"@id\":\"https:\\\/\\\/depeches241.com\\\/#website\",\"url\":\"https:\\\/\\\/depeches241.com\\\/\",\"name\":\"D\u00e9p\u00eaches241\",\"description\":\"M\u00e9dia d&#039;actualit\u00e9 Politique, \u00c9conomique, Sociale et Internationale\",\"publisher\":{\"@id\":\"https:\\\/\\\/depeches241.com\\\/#organization\"},\"potentialAction\":[{\"@type\":\"SearchAction\",\"target\":{\"@type\":\"EntryPoint\",\"urlTemplate\":\"https:\\\/\\\/depeches241.com\\\/?s={search_term_string}\"},\"query-input\":{\"@type\":\"PropertyValueSpecification\",\"valueRequired\":true,\"valueName\":\"search_term_string\"}}],\"inLanguage\":\"fr-FR\"},{\"@type\":\"Organization\",\"@id\":\"https:\\\/\\\/depeches241.com\\\/#organization\",\"name\":\"Groupe D\u00e9p\u00eaches241\",\"url\":\"https:\\\/\\\/depeches241.com\\\/\",\"logo\":{\"@type\":\"ImageObject\",\"inLanguage\":\"fr-FR\",\"@id\":\"https:\\\/\\\/depeches241.com\\\/#\\\/schema\\\/logo\\\/image\\\/\",\"url\":\"https:\\\/\\\/depeches241.com\\\/wp-content\\\/uploads\\\/2021\\\/10\\\/cropped-Logo-new-Accueil.png\",\"contentUrl\":\"https:\\\/\\\/depeches241.com\\\/wp-content\\\/uploads\\\/2021\\\/10\\\/cropped-Logo-new-Accueil.png\",\"width\":320,\"height\":105,\"caption\":\"Groupe D\u00e9p\u00eaches241\"},\"image\":{\"@id\":\"https:\\\/\\\/depeches241.com\\\/#\\\/schema\\\/logo\\\/image\\\/\"},\"sameAs\":[\"https:\\\/\\\/www.facebook.com\\\/depeches241\"]},{\"@type\":\"Person\",\"@id\":\"https:\\\/\\\/depeches241.com\\\/#\\\/schema\\\/person\\\/5abcf4b9361e0d8aa457b404d877674f\",\"name\":\"Iboka Marc Andr\u00e9\",\"image\":{\"@type\":\"ImageObject\",\"inLanguage\":\"fr-FR\",\"@id\":\"https:\\\/\\\/secure.gravatar.com\\\/avatar\\\/13c33935f0a59dd3c3a52ae25f58c248a1bf75f6e9ab4e6a7a23bfb8f9f53136?s=96&d=mm&r=g\",\"url\":\"https:\\\/\\\/secure.gravatar.com\\\/avatar\\\/13c33935f0a59dd3c3a52ae25f58c248a1bf75f6e9ab4e6a7a23bfb8f9f53136?s=96&d=mm&r=g\",\"contentUrl\":\"https:\\\/\\\/secure.gravatar.com\\\/avatar\\\/13c33935f0a59dd3c3a52ae25f58c248a1bf75f6e9ab4e6a7a23bfb8f9f53136?s=96&d=mm&r=g\",\"caption\":\"Iboka Marc Andr\u00e9\"},\"url\":\"https:\\\/\\\/depeches241.com\\\/?author=12\"}]}<\/script>\n<!-- \/ Yoast SEO plugin. -->","yoast_head_json":{"title":"Transition: le Parlement convoqu\u00e9 le 10 septembre en congr\u00e8s Constituant pour examen de la nouvelle Constitution\u00a0 - Groupe D\u00e9p\u00eaches241","description":"Au lendemain de la c\u00e9l\u00e9bration de la journ\u00e9e de la Lib\u00e9ration, le projet de la future Constitution a \u00e9t\u00e9 remis au Pr\u00e9sident de la Transition, Chef de l\u2019Etat, Brice Clotaire Oligui Nguema. Dans la foul\u00e9e, ce dernier a convoqu\u00e9 le Parlement en congr\u00e8s constitutionnel pour examiner le texte de la nouvelle loi fondamentale.","robots":{"index":"index","follow":"follow","max-snippet":"max-snippet:-1","max-image-preview":"max-image-preview:large","max-video-preview":"max-video-preview:-1"},"canonical":"https:\/\/depeches241.com\/?p=20445","og_locale":"fr_FR","og_type":"article","og_title":"Transition: le Parlement convoqu\u00e9 le 10 septembre en congr\u00e8s Constituant pour examen de la nouvelle Constitution\u00a0 - Groupe D\u00e9p\u00eaches241","og_description":"Au lendemain de la c\u00e9l\u00e9bration de la journ\u00e9e de la Lib\u00e9ration, le projet de la future Constitution a \u00e9t\u00e9 remis au Pr\u00e9sident de la Transition, Chef de l\u2019Etat, Brice Clotaire Oligui Nguema. Dans la foul\u00e9e, ce dernier a convoqu\u00e9 le Parlement en congr\u00e8s constitutionnel pour examiner le texte de la nouvelle loi fondamentale.","og_url":"https:\/\/depeches241.com\/?p=20445","og_site_name":"Groupe D\u00e9p\u00eaches241","article_publisher":"https:\/\/www.facebook.com\/depeches241","article_published_time":"2024-09-01T13:16:17+00:00","article_modified_time":"2024-09-01T13:16:18+00:00","og_image":[{"width":960,"height":540,"url":"http:\/\/depeches241.com\/wp-content\/uploads\/2024\/09\/Oligui-et-Assemblee-.jpg","type":"image\/jpeg"}],"author":"Iboka Marc Andr\u00e9","twitter_card":"summary_large_image","twitter_misc":{"\u00c9crit par":"Iboka Marc Andr\u00e9","Dur\u00e9e de lecture estim\u00e9e":"1 minute"},"schema":{"@context":"https:\/\/schema.org","@graph":[{"@type":"Article","@id":"https:\/\/depeches241.com\/?p=20445#article","isPartOf":{"@id":"https:\/\/depeches241.com\/?p=20445"},"author":{"name":"Iboka Marc Andr\u00e9","@id":"https:\/\/depeches241.com\/#\/schema\/person\/5abcf4b9361e0d8aa457b404d877674f"},"headline":"Transition: le Parlement convoqu\u00e9 le 10 septembre en congr\u00e8s Constituant pour examen de la nouvelle Constitution\u00a0","datePublished":"2024-09-01T13:16:17+00:00","dateModified":"2024-09-01T13:16:18+00:00","mainEntityOfPage":{"@id":"https:\/\/depeches241.com\/?p=20445"},"wordCount":294,"commentCount":0,"publisher":{"@id":"https:\/\/depeches241.com\/#organization"},"image":{"@id":"https:\/\/depeches241.com\/?p=20445#primaryimage"},"thumbnailUrl":"https:\/\/depeches241.com\/wp-content\/uploads\/2024\/09\/Oligui-et-Assemblee-.jpg","keywords":["depeches241","Gabon","Parlement","Politique","Projet de constitution"],"articleSection":["INSTITUTIONS","POLITIQUE","Une1"],"inLanguage":"fr-FR","potentialAction":[{"@type":"CommentAction","name":"Comment","target":["https:\/\/depeches241.com\/?p=20445#respond"]}]},{"@type":"WebPage","@id":"https:\/\/depeches241.com\/?p=20445","url":"https:\/\/depeches241.com\/?p=20445","name":"Transition: le Parlement convoqu\u00e9 le 10 septembre en congr\u00e8s Constituant pour examen de la nouvelle Constitution\u00a0 - Groupe D\u00e9p\u00eaches241","isPartOf":{"@id":"https:\/\/depeches241.com\/#website"},"primaryImageOfPage":{"@id":"https:\/\/depeches241.com\/?p=20445#primaryimage"},"image":{"@id":"https:\/\/depeches241.com\/?p=20445#primaryimage"},"thumbnailUrl":"https:\/\/depeches241.com\/wp-content\/uploads\/2024\/09\/Oligui-et-Assemblee-.jpg","datePublished":"2024-09-01T13:16:17+00:00","dateModified":"2024-09-01T13:16:18+00:00","description":"Au lendemain de la c\u00e9l\u00e9bration de la journ\u00e9e de la Lib\u00e9ration, le projet de la future Constitution a \u00e9t\u00e9 remis au Pr\u00e9sident de la Transition, Chef de l\u2019Etat, Brice Clotaire Oligui Nguema. Dans la foul\u00e9e, ce dernier a convoqu\u00e9 le Parlement en congr\u00e8s constitutionnel pour examiner le texte de la nouvelle loi fondamentale.","breadcrumb":{"@id":"https:\/\/depeches241.com\/?p=20445#breadcrumb"},"inLanguage":"fr-FR","potentialAction":[{"@type":"ReadAction","target":["https:\/\/depeches241.com\/?p=20445"]}]},{"@type":"ImageObject","inLanguage":"fr-FR","@id":"https:\/\/depeches241.com\/?p=20445#primaryimage","url":"https:\/\/depeches241.com\/wp-content\/uploads\/2024\/09\/Oligui-et-Assemblee-.jpg","contentUrl":"https:\/\/depeches241.com\/wp-content\/uploads\/2024\/09\/Oligui-et-Assemblee-.jpg","width":960,"height":540},{"@type":"BreadcrumbList","@id":"https:\/\/depeches241.com\/?p=20445#breadcrumb","itemListElement":[{"@type":"ListItem","position":1,"name":"Accueil","item":"https:\/\/depeches241.com\/"},{"@type":"ListItem","position":2,"name":"Transition: le Parlement convoqu\u00e9 le 10 septembre en congr\u00e8s Constituant pour examen de la nouvelle Constitution\u00a0"}]},{"@type":"WebSite","@id":"https:\/\/depeches241.com\/#website","url":"https:\/\/depeches241.com\/","name":"D\u00e9p\u00eaches241","description":"M\u00e9dia d&#039;actualit\u00e9 Politique, \u00c9conomique, Sociale et Internationale","publisher":{"@id":"https:\/\/depeches241.com\/#organization"},"potentialAction":[{"@type":"SearchAction","target":{"@type":"EntryPoint","urlTemplate":"https:\/\/depeches241.com\/?s={search_term_string}"},"query-input":{"@type":"PropertyValueSpecification","valueRequired":true,"valueName":"search_term_string"}}],"inLanguage":"fr-FR"},{"@type":"Organization","@id":"https:\/\/depeches241.com\/#organization","name":"Groupe D\u00e9p\u00eaches241","url":"https:\/\/depeches241.com\/","logo":{"@type":"ImageObject","inLanguage":"fr-FR","@id":"https:\/\/depeches241.com\/#\/schema\/logo\/image\/","url":"https:\/\/depeches241.com\/wp-content\/uploads\/2021\/10\/cropped-Logo-new-Accueil.png","contentUrl":"https:\/\/depeches241.com\/wp-content\/uploads\/2021\/10\/cropped-Logo-new-Accueil.png","width":320,"height":105,"caption":"Groupe D\u00e9p\u00eaches241"},"image":{"@id":"https:\/\/depeches241.com\/#\/schema\/logo\/image\/"},"sameAs":["https:\/\/www.facebook.com\/depeches241"]},{"@type":"Person","@id":"https:\/\/depeches241.com\/#\/schema\/person\/5abcf4b9361e0d8aa457b404d877674f","name":"Iboka Marc Andr\u00e9","image":{"@type":"ImageObject","inLanguage":"fr-FR","@id":"https:\/\/secure.gravatar.com\/avatar\/13c33935f0a59dd3c3a52ae25f58c248a1bf75f6e9ab4e6a7a23bfb8f9f53136?s=96&d=mm&r=g","url":"https:\/\/secure.gravatar.com\/avatar\/13c33935f0a59dd3c3a52ae25f58c248a1bf75f6e9ab4e6a7a23bfb8f9f53136?s=96&d=mm&r=g","contentUrl":"https:\/\/secure.gravatar.com\/avatar\/13c33935f0a59dd3c3a52ae25f58c248a1bf75f6e9ab4e6a7a23bfb8f9f53136?s=96&d=mm&r=g","caption":"Iboka Marc Andr\u00e9"},"url":"https:\/\/depeches241.com\/?author=12"}]}},"_links":{"self":[{"href":"https:\/\/depeches241.com\/index.php?rest_route=\/wp\/v2\/posts\/20445","targetHints":{"allow":["GET"]}}],"collection":[{"href":"https:\/\/depeches241.com\/index.php?rest_route=\/wp\/v2\/posts"}],"about":[{"href":"https:\/\/depeches241.com\/index.php?rest_route=\/wp\/v2\/types\/post"}],"author":[{"embeddable":true,"href":"https:\/\/depeches241.com\/index.php?rest_route=\/wp\/v2\/users\/12"}],"replies":[{"embeddable":true,"href":"https:\/\/depeches241.com\/index.php?rest_route=%2Fwp%2Fv2%2Fcomments&post=20445"}],"version-history":[{"count":1,"href":"https:\/\/depeches241.com\/index.php?rest_route=\/wp\/v2\/posts\/20445\/revisions"}],"predecessor-version":[{"id":20447,"href":"https:\/\/depeches241.com\/index.php?rest_route=\/wp\/v2\/posts\/20445\/revisions\/20447"}],"wp:featuredmedia":[{"embeddable":true,"href":"https:\/\/depeches241.com\/index.php?rest_route=\/wp\/v2\/media\/20446"}],"wp:attachment":[{"href":"https:\/\/depeches241.com\/index.php?rest_route=%2Fwp%2Fv2%2Fmedia&parent=20445"}],"wp:term":[{"taxonomy":"category","embeddable":true,"href":"https:\/\/depeches241.com\/index.php?rest_route=%2Fwp%2Fv2%2Fcategories&post=20445"},{"taxonomy":"post_tag","embeddable":true,"href":"https:\/\/depeches241.com\/index.php?rest_route=%2Fwp%2Fv2%2Ftags&post=20445"}],"curies":[{"name":"wp","href":"https:\/\/api.w.org\/{rel}","templated":true}]}}