{"id":20659,"date":"2024-09-11T22:30:39","date_gmt":"2024-09-11T20:30:39","guid":{"rendered":"https:\/\/depeches241.com\/?p=20659"},"modified":"2024-09-11T22:38:02","modified_gmt":"2024-09-11T20:38:02","slug":"assemblee-constituante-quid-de-la-legitimite-de-ces-parlementaires-adeptes-du-oui-qui-vont-travailler-sans-impartialite","status":"publish","type":"post","link":"https:\/\/depeches241.com\/?p=20659","title":{"rendered":"Assembl\u00e9e Constituante: quid de la l\u00e9gitimit\u00e9 de ces Parlementaires adeptes du \u00abOUI\u00bb qui vont travailler sans impartialit\u00e9 ?\u00a0"},"content":{"rendered":"\n<figure class=\"wp-block-image size-full\"><img fetchpriority=\"high\" decoding=\"async\" width=\"960\" height=\"540\" src=\"https:\/\/depeches241.com\/wp-content\/uploads\/2024\/09\/Ona-Constituante.jpg\" alt=\"\" class=\"wp-image-20660\" srcset=\"https:\/\/depeches241.com\/wp-content\/uploads\/2024\/09\/Ona-Constituante.jpg 960w, https:\/\/depeches241.com\/wp-content\/uploads\/2024\/09\/Ona-Constituante-300x169.jpg 300w, https:\/\/depeches241.com\/wp-content\/uploads\/2024\/09\/Ona-Constituante-768x432.jpg 768w\" sizes=\"(max-width: 960px) 100vw, 960px\" \/><figcaption class=\"wp-element-caption\"><strong><em>Comment Marc Ona Essangui un des Parlementaires  adeptes du \u00abOUI\u00bb va t-il travailler et si\u00e9ger pendant cette constituante ?<\/em><\/strong>  <em>\u00a9MontageD\u00e9p\u00eaches <\/em><\/figcaption><\/figure>\n\n\n\n<p><strong>Libreville, le 11 septembre 2024 &#8211; (D\u00e9p\u00eaches 241). D\u00e8s ce jeudi 12 septembre 2024, le Parlement est convoqu\u00e9 en Congr\u00e8s Constituant pour examiner avant adoption le projet de la future Constitution du Gabon. Au moment o\u00f9 les travaux s\u2019appr\u00eatent \u00e0 d\u00e9marrer, des inqui\u00e9tudes l\u00e9gitimes se font jour au sein de l&rsquo;opinion, au regard de la probable implication dans les travaux des parlementaires qui, il y a encore quelques jours seulement, appelaient d\u00e9j\u00e0 \u00e0 voter pour le OUI, alors m\u00eame qu&rsquo;ils n\u2019\u00e9taient pas en possession dudit projet constitutionnel, alors m\u00eame qu&rsquo;ils ne dominaient pas d\u00e9j\u00e0 son contenu. Une approche qui pourrait consid\u00e9rablement entacher la cr\u00e9dibilit\u00e9 et la sinc\u00e9rit\u00e9 desdits travaux qui vont s\u2019\u00e9tendre sur 10 jours.<\/strong><\/p>\n\n\n\n<p class=\"has-drop-cap\">L\u2019annonce a \u00e9t\u00e9 faite ce mercredi 11 septembre 2024, au matin. Du 12 au 22 septembre prochain, les deux chambres du parlement de Transition vont se muer en Congr\u00e8s Constituant, le temps d&rsquo;une dizaine de jours, \u00e0 l\u2019effet d\u2019examiner avec soins et minutie, mais surtout avec la rigueur, l\u2019objectivit\u00e9 et l\u2019impartialit\u00e9 qu\u2019exige l\u2019esprit patriotique et r\u00e9publicain de ce moment charni\u00e8re de l&rsquo;histoire politique et institutionnelle du nouveau Gabon r\u00eav\u00e9 par tous.<\/p>\n\n\n\n<p>Si les passions et les clivages de tous genres doivent \u00e9viter de donner lieu \u00e0 des positions rigides et extr\u00eamement tranch\u00e9es, les inqui\u00e9tudes et des r\u00e9serves l\u00e9gitimes semblent na\u00eetre cependant du c\u00f4t\u00e9 de l\u2019int\u00e9grit\u00e9, de la probit\u00e9, de l\u2019objectivit\u00e9 et de l\u2019impartialit\u00e9 de plusieurs membres de cette assembl\u00e9e constituante. En effet, il y a peu, plusieurs de ces parlementaires qui feront vraisemblablement partie de ce Congr\u00e8s Constituant, \u00e9taient d\u00e9j\u00e0 en campagne dans leurs villages, cantons et districts, \u00e0 l\u2019effet d\u2019inciter les populations \u00e0 opter pour le OUI au futur r\u00e9f\u00e9rendum constitutionnel, alors qu&rsquo;ils ne poss\u00e9daient m\u00eame pas encore la mouture dudit projet.<\/p>\n\n\n\n<p><strong>LIRE AUSSI: <\/strong><a href=\"https:\/\/depeches241.com\/?p=20046\"><strong>Incitation \u00e0 voter pour le OUI des parlementaires de la Transition: pour quelle impartialit\u00e9 au moment de l\u2019\u00e9tude du texte ?<\/strong><\/a><\/p>\n\n\n\n<p>Le cas le plus embl\u00e9matique de cette situation est celui de Marc Ona Essangui, 3\u00e8me Vice-pr\u00e9sident du S\u00e9nat de Transition, qui a r\u00e9cemment effectu\u00e9 un p\u00e9riple dans sa province natale, en compagnie d\u2019autres parlementaires, pour battre activement campagne pour le OUI aupr\u00e8s des populations locales, alors m\u00eame que le projet de Constitution n\u2019avait pas encore \u00e9t\u00e9 remis officiellement au Pr\u00e9sident de la Transition, Brice Clotaire Oligui Nguema.<\/p>\n\n\n\n<p>L&rsquo;opinion en vient \u00e0 se poser des questions certes d\u2019une admirable banalit\u00e9, mais d\u2019une pertinence av\u00e9r\u00e9e. En effet, qui pourrait croire aujourd&rsquo;hui \u00e0 l\u2019impartialit\u00e9 et \u00e0 l&rsquo;objectivit\u00e9 de tous ces Parlementaires qui ont r\u00e9cemment incit\u00e9 les populations \u00e0 voter massivement pour le OUI au r\u00e9f\u00e9rendum constitutionnel \u00e0 venir, alors m\u00eame que le projet constitutionnel ne leur avait pas d\u00e9j\u00e0 \u00e9t\u00e9 transmis ? Comment peut-on objectivement et avec sinc\u00e9rit\u00e9 examiner, analyser et critiquer un texte que l\u2019on a nagu\u00e8re appel\u00e9 \u00e0 soutenir ou \u00e0 voter aveugl\u00e9ment ?&nbsp;<\/p>\n\n\n\n<p>Les questions restent enti\u00e8res tout autant que la cr\u00e9dibilit\u00e9 et la sinc\u00e9rit\u00e9 de ces hommes mis en soup\u00e7ons dans cette p\u00e9riode charni\u00e8re du Gabon.&nbsp;<\/p>\n","protected":false},"excerpt":{"rendered":"<p>Libreville, le 11 septembre 2024 &#8211; (D\u00e9p\u00eaches 241). D\u00e8s ce jeudi 12 septembre 2024, le Parlement est convoqu\u00e9 en Congr\u00e8s Constituant pour examiner avant adoption le projet de la future Constitution du Gabon. Au moment o\u00f9 les travaux s\u2019appr\u00eatent \u00e0 d\u00e9marrer, des inqui\u00e9tudes l\u00e9gitimes se font jour au sein de [&hellip;]<\/p>\n","protected":false},"author":18,"featured_media":20660,"comment_status":"open","ping_status":"open","sticky":false,"template":"","format":"standard","meta":{"om_disable_all_campaigns":false,"footnotes":""},"categories":[3,25,117],"tags":[99,59,90,3028,3924,73],"class_list":{"0":"post-20659","1":"post","2":"type-post","3":"status-publish","4":"format-standard","5":"has-post-thumbnail","7":"category-politique","8":"category-presidence","9":"category-une2","10":"tag-depeches241","11":"tag-gabon","12":"tag-gouvernement","13":"tag-parlement","14":"tag-parlementaires","15":"tag-politique"},"yoast_head":"<!-- This site is optimized with the Yoast SEO plugin v27.5 - https:\/\/yoast.com\/product\/yoast-seo-wordpress\/ -->\n<title>Assembl\u00e9e Constituante: quid de la l\u00e9gitimit\u00e9 de ces Parlementaires adeptes du \u00abOUI\u00bb qui vont travailler sans impartialit\u00e9 ?\u00a0 - Groupe D\u00e9p\u00eaches241<\/title>\n<meta name=\"description\" content=\"D\u00e8s ce jeudi 12 septembre 2024, le Parlement est convoqu\u00e9 en Congr\u00e8s Constituant pour examiner avant adoption le projet de la future Constitution du Gabon. Au moment o\u00f9 les travaux s\u2019appr\u00eatent \u00e0 d\u00e9marrer, des inqui\u00e9tudes l\u00e9gitimes se font jour au sein de l&#039;opinion, au regard de la probable implication dans les travaux des parlementaires qui, il y a encore quelques jours seulement, appelaient d\u00e9j\u00e0 \u00e0 voter pour le OUI, alors m\u00eame qu&#039;ils n\u2019\u00e9taient pas en possession dudit projet constitutionnel, alors m\u00eame qu&#039;ils ne dominaient pas d\u00e9j\u00e0 son contenu. Une approche qui pourrait consid\u00e9rablement entacher la cr\u00e9dibilit\u00e9 et la sinc\u00e9rit\u00e9 desdits travaux qui vont s\u2019\u00e9tendre sur 10 jours.\" \/>\n<meta name=\"robots\" content=\"index, follow, max-snippet:-1, max-image-preview:large, max-video-preview:-1\" \/>\n<link rel=\"canonical\" href=\"https:\/\/depeches241.com\/?p=20659\" \/>\n<meta property=\"og:locale\" content=\"fr_FR\" \/>\n<meta property=\"og:type\" content=\"article\" \/>\n<meta property=\"og:title\" content=\"Assembl\u00e9e Constituante: quid de la l\u00e9gitimit\u00e9 de ces Parlementaires adeptes du \u00abOUI\u00bb qui vont travailler sans impartialit\u00e9 ?\u00a0 - Groupe D\u00e9p\u00eaches241\" \/>\n<meta property=\"og:description\" content=\"D\u00e8s ce jeudi 12 septembre 2024, le Parlement est convoqu\u00e9 en Congr\u00e8s Constituant pour examiner avant adoption le projet de la future Constitution du Gabon. Au moment o\u00f9 les travaux s\u2019appr\u00eatent \u00e0 d\u00e9marrer, des inqui\u00e9tudes l\u00e9gitimes se font jour au sein de l&#039;opinion, au regard de la probable implication dans les travaux des parlementaires qui, il y a encore quelques jours seulement, appelaient d\u00e9j\u00e0 \u00e0 voter pour le OUI, alors m\u00eame qu&#039;ils n\u2019\u00e9taient pas en possession dudit projet constitutionnel, alors m\u00eame qu&#039;ils ne dominaient pas d\u00e9j\u00e0 son contenu. Une approche qui pourrait consid\u00e9rablement entacher la cr\u00e9dibilit\u00e9 et la sinc\u00e9rit\u00e9 desdits travaux qui vont s\u2019\u00e9tendre sur 10 jours.\" \/>\n<meta property=\"og:url\" content=\"https:\/\/depeches241.com\/?p=20659\" \/>\n<meta property=\"og:site_name\" content=\"Groupe D\u00e9p\u00eaches241\" \/>\n<meta property=\"article:publisher\" content=\"https:\/\/www.facebook.com\/depeches241\" \/>\n<meta property=\"article:published_time\" content=\"2024-09-11T20:30:39+00:00\" \/>\n<meta property=\"article:modified_time\" content=\"2024-09-11T20:38:02+00:00\" \/>\n<meta property=\"og:image\" content=\"http:\/\/depeches241.com\/wp-content\/uploads\/2024\/09\/Ona-Constituante.jpg\" \/>\n\t<meta property=\"og:image:width\" content=\"960\" \/>\n\t<meta property=\"og:image:height\" content=\"540\" \/>\n\t<meta property=\"og:image:type\" content=\"image\/jpeg\" \/>\n<meta name=\"author\" content=\"Fabien BIBANG\" \/>\n<meta name=\"twitter:card\" content=\"summary_large_image\" \/>\n<meta name=\"twitter:label1\" content=\"\u00c9crit par\" \/>\n\t<meta name=\"twitter:data1\" content=\"Fabien BIBANG\" \/>\n\t<meta name=\"twitter:label2\" content=\"Dur\u00e9e de lecture estim\u00e9e\" \/>\n\t<meta name=\"twitter:data2\" content=\"3 minutes\" \/>\n<script type=\"application\/ld+json\" class=\"yoast-schema-graph\">{\"@context\":\"https:\\\/\\\/schema.org\",\"@graph\":[{\"@type\":\"Article\",\"@id\":\"https:\\\/\\\/depeches241.com\\\/?p=20659#article\",\"isPartOf\":{\"@id\":\"https:\\\/\\\/depeches241.com\\\/?p=20659\"},\"author\":{\"name\":\"Fabien BIBANG\",\"@id\":\"https:\\\/\\\/depeches241.com\\\/#\\\/schema\\\/person\\\/1901eab6e51ac627fab3abccbd181d4e\"},\"headline\":\"Assembl\u00e9e Constituante: quid de la l\u00e9gitimit\u00e9 de ces Parlementaires adeptes du \u00abOUI\u00bb qui vont travailler sans impartialit\u00e9 ?\u00a0\",\"datePublished\":\"2024-09-11T20:30:39+00:00\",\"dateModified\":\"2024-09-11T20:38:02+00:00\",\"mainEntityOfPage\":{\"@id\":\"https:\\\/\\\/depeches241.com\\\/?p=20659\"},\"wordCount\":584,\"commentCount\":0,\"publisher\":{\"@id\":\"https:\\\/\\\/depeches241.com\\\/#organization\"},\"image\":{\"@id\":\"https:\\\/\\\/depeches241.com\\\/?p=20659#primaryimage\"},\"thumbnailUrl\":\"https:\\\/\\\/depeches241.com\\\/wp-content\\\/uploads\\\/2024\\\/09\\\/Ona-Constituante.jpg\",\"keywords\":[\"depeches241\",\"Gabon\",\"gouvernement\",\"Parlement\",\"Parlementaires\",\"Politique\"],\"articleSection\":[\"POLITIQUE\",\"PRESIDENCE\",\"Une2\"],\"inLanguage\":\"fr-FR\",\"potentialAction\":[{\"@type\":\"CommentAction\",\"name\":\"Comment\",\"target\":[\"https:\\\/\\\/depeches241.com\\\/?p=20659#respond\"]}]},{\"@type\":\"WebPage\",\"@id\":\"https:\\\/\\\/depeches241.com\\\/?p=20659\",\"url\":\"https:\\\/\\\/depeches241.com\\\/?p=20659\",\"name\":\"Assembl\u00e9e Constituante: quid de la l\u00e9gitimit\u00e9 de ces Parlementaires adeptes du \u00abOUI\u00bb qui vont travailler sans impartialit\u00e9 ?\u00a0 - Groupe D\u00e9p\u00eaches241\",\"isPartOf\":{\"@id\":\"https:\\\/\\\/depeches241.com\\\/#website\"},\"primaryImageOfPage\":{\"@id\":\"https:\\\/\\\/depeches241.com\\\/?p=20659#primaryimage\"},\"image\":{\"@id\":\"https:\\\/\\\/depeches241.com\\\/?p=20659#primaryimage\"},\"thumbnailUrl\":\"https:\\\/\\\/depeches241.com\\\/wp-content\\\/uploads\\\/2024\\\/09\\\/Ona-Constituante.jpg\",\"datePublished\":\"2024-09-11T20:30:39+00:00\",\"dateModified\":\"2024-09-11T20:38:02+00:00\",\"description\":\"D\u00e8s ce jeudi 12 septembre 2024, le Parlement est convoqu\u00e9 en Congr\u00e8s Constituant pour examiner avant adoption le projet de la future Constitution du Gabon. Au moment o\u00f9 les travaux s\u2019appr\u00eatent \u00e0 d\u00e9marrer, des inqui\u00e9tudes l\u00e9gitimes se font jour au sein de l'opinion, au regard de la probable implication dans les travaux des parlementaires qui, il y a encore quelques jours seulement, appelaient d\u00e9j\u00e0 \u00e0 voter pour le OUI, alors m\u00eame qu'ils n\u2019\u00e9taient pas en possession dudit projet constitutionnel, alors m\u00eame qu'ils ne dominaient pas d\u00e9j\u00e0 son contenu. Une approche qui pourrait consid\u00e9rablement entacher la cr\u00e9dibilit\u00e9 et la sinc\u00e9rit\u00e9 desdits travaux qui vont s\u2019\u00e9tendre sur 10 jours.\",\"breadcrumb\":{\"@id\":\"https:\\\/\\\/depeches241.com\\\/?p=20659#breadcrumb\"},\"inLanguage\":\"fr-FR\",\"potentialAction\":[{\"@type\":\"ReadAction\",\"target\":[\"https:\\\/\\\/depeches241.com\\\/?p=20659\"]}]},{\"@type\":\"ImageObject\",\"inLanguage\":\"fr-FR\",\"@id\":\"https:\\\/\\\/depeches241.com\\\/?p=20659#primaryimage\",\"url\":\"https:\\\/\\\/depeches241.com\\\/wp-content\\\/uploads\\\/2024\\\/09\\\/Ona-Constituante.jpg\",\"contentUrl\":\"https:\\\/\\\/depeches241.com\\\/wp-content\\\/uploads\\\/2024\\\/09\\\/Ona-Constituante.jpg\",\"width\":960,\"height\":540},{\"@type\":\"BreadcrumbList\",\"@id\":\"https:\\\/\\\/depeches241.com\\\/?p=20659#breadcrumb\",\"itemListElement\":[{\"@type\":\"ListItem\",\"position\":1,\"name\":\"Accueil\",\"item\":\"https:\\\/\\\/depeches241.com\\\/\"},{\"@type\":\"ListItem\",\"position\":2,\"name\":\"Assembl\u00e9e Constituante: quid de la l\u00e9gitimit\u00e9 de ces Parlementaires adeptes du \u00abOUI\u00bb qui vont travailler sans impartialit\u00e9 ?\u00a0\"}]},{\"@type\":\"WebSite\",\"@id\":\"https:\\\/\\\/depeches241.com\\\/#website\",\"url\":\"https:\\\/\\\/depeches241.com\\\/\",\"name\":\"D\u00e9p\u00eaches241\",\"description\":\"M\u00e9dia d&#039;actualit\u00e9 Politique, \u00c9conomique, Sociale et Internationale\",\"publisher\":{\"@id\":\"https:\\\/\\\/depeches241.com\\\/#organization\"},\"potentialAction\":[{\"@type\":\"SearchAction\",\"target\":{\"@type\":\"EntryPoint\",\"urlTemplate\":\"https:\\\/\\\/depeches241.com\\\/?s={search_term_string}\"},\"query-input\":{\"@type\":\"PropertyValueSpecification\",\"valueRequired\":true,\"valueName\":\"search_term_string\"}}],\"inLanguage\":\"fr-FR\"},{\"@type\":\"Organization\",\"@id\":\"https:\\\/\\\/depeches241.com\\\/#organization\",\"name\":\"Groupe D\u00e9p\u00eaches241\",\"url\":\"https:\\\/\\\/depeches241.com\\\/\",\"logo\":{\"@type\":\"ImageObject\",\"inLanguage\":\"fr-FR\",\"@id\":\"https:\\\/\\\/depeches241.com\\\/#\\\/schema\\\/logo\\\/image\\\/\",\"url\":\"https:\\\/\\\/depeches241.com\\\/wp-content\\\/uploads\\\/2021\\\/10\\\/cropped-Logo-new-Accueil.png\",\"contentUrl\":\"https:\\\/\\\/depeches241.com\\\/wp-content\\\/uploads\\\/2021\\\/10\\\/cropped-Logo-new-Accueil.png\",\"width\":320,\"height\":105,\"caption\":\"Groupe D\u00e9p\u00eaches241\"},\"image\":{\"@id\":\"https:\\\/\\\/depeches241.com\\\/#\\\/schema\\\/logo\\\/image\\\/\"},\"sameAs\":[\"https:\\\/\\\/www.facebook.com\\\/depeches241\"]},{\"@type\":\"Person\",\"@id\":\"https:\\\/\\\/depeches241.com\\\/#\\\/schema\\\/person\\\/1901eab6e51ac627fab3abccbd181d4e\",\"name\":\"Fabien BIBANG\",\"image\":{\"@type\":\"ImageObject\",\"inLanguage\":\"fr-FR\",\"@id\":\"https:\\\/\\\/secure.gravatar.com\\\/avatar\\\/18bb838415fc126d966f8ac8e32711b2843c5ba6e35a2e6699a14ef69705dc76?s=96&d=mm&r=g\",\"url\":\"https:\\\/\\\/secure.gravatar.com\\\/avatar\\\/18bb838415fc126d966f8ac8e32711b2843c5ba6e35a2e6699a14ef69705dc76?s=96&d=mm&r=g\",\"contentUrl\":\"https:\\\/\\\/secure.gravatar.com\\\/avatar\\\/18bb838415fc126d966f8ac8e32711b2843c5ba6e35a2e6699a14ef69705dc76?s=96&d=mm&r=g\",\"caption\":\"Fabien BIBANG\"},\"description\":\"Fabien BIBANG est dipl\u00f6m\u00e9 en Philosophie et Lettres. Son amour pour la lecture, l'histoire et les arts, ainsi que son engagement sur le front social l'ont tr\u00e8s t\u00f4t conduit sur les antennes des cha\u00eenes de t\u00e9l\u00e9s et radios pour y d\u00e9fendre ses postures. Sp\u00e9cialiste des questions socio-politiques, il re\u00e7oit le Prix Encouragements au Concours M\u00e9dias UNICEF en novembre 2022\",\"url\":\"https:\\\/\\\/depeches241.com\\\/?author=18\"}]}<\/script>\n<!-- \/ Yoast SEO plugin. -->","yoast_head_json":{"title":"Assembl\u00e9e Constituante: quid de la l\u00e9gitimit\u00e9 de ces Parlementaires adeptes du \u00abOUI\u00bb qui vont travailler sans impartialit\u00e9 ?\u00a0 - Groupe D\u00e9p\u00eaches241","description":"D\u00e8s ce jeudi 12 septembre 2024, le Parlement est convoqu\u00e9 en Congr\u00e8s Constituant pour examiner avant adoption le projet de la future Constitution du Gabon. Au moment o\u00f9 les travaux s\u2019appr\u00eatent \u00e0 d\u00e9marrer, des inqui\u00e9tudes l\u00e9gitimes se font jour au sein de l'opinion, au regard de la probable implication dans les travaux des parlementaires qui, il y a encore quelques jours seulement, appelaient d\u00e9j\u00e0 \u00e0 voter pour le OUI, alors m\u00eame qu'ils n\u2019\u00e9taient pas en possession dudit projet constitutionnel, alors m\u00eame qu'ils ne dominaient pas d\u00e9j\u00e0 son contenu. Une approche qui pourrait consid\u00e9rablement entacher la cr\u00e9dibilit\u00e9 et la sinc\u00e9rit\u00e9 desdits travaux qui vont s\u2019\u00e9tendre sur 10 jours.","robots":{"index":"index","follow":"follow","max-snippet":"max-snippet:-1","max-image-preview":"max-image-preview:large","max-video-preview":"max-video-preview:-1"},"canonical":"https:\/\/depeches241.com\/?p=20659","og_locale":"fr_FR","og_type":"article","og_title":"Assembl\u00e9e Constituante: quid de la l\u00e9gitimit\u00e9 de ces Parlementaires adeptes du \u00abOUI\u00bb qui vont travailler sans impartialit\u00e9 ?\u00a0 - Groupe D\u00e9p\u00eaches241","og_description":"D\u00e8s ce jeudi 12 septembre 2024, le Parlement est convoqu\u00e9 en Congr\u00e8s Constituant pour examiner avant adoption le projet de la future Constitution du Gabon. Au moment o\u00f9 les travaux s\u2019appr\u00eatent \u00e0 d\u00e9marrer, des inqui\u00e9tudes l\u00e9gitimes se font jour au sein de l'opinion, au regard de la probable implication dans les travaux des parlementaires qui, il y a encore quelques jours seulement, appelaient d\u00e9j\u00e0 \u00e0 voter pour le OUI, alors m\u00eame qu'ils n\u2019\u00e9taient pas en possession dudit projet constitutionnel, alors m\u00eame qu'ils ne dominaient pas d\u00e9j\u00e0 son contenu. Une approche qui pourrait consid\u00e9rablement entacher la cr\u00e9dibilit\u00e9 et la sinc\u00e9rit\u00e9 desdits travaux qui vont s\u2019\u00e9tendre sur 10 jours.","og_url":"https:\/\/depeches241.com\/?p=20659","og_site_name":"Groupe D\u00e9p\u00eaches241","article_publisher":"https:\/\/www.facebook.com\/depeches241","article_published_time":"2024-09-11T20:30:39+00:00","article_modified_time":"2024-09-11T20:38:02+00:00","og_image":[{"width":960,"height":540,"url":"http:\/\/depeches241.com\/wp-content\/uploads\/2024\/09\/Ona-Constituante.jpg","type":"image\/jpeg"}],"author":"Fabien BIBANG","twitter_card":"summary_large_image","twitter_misc":{"\u00c9crit par":"Fabien BIBANG","Dur\u00e9e de lecture estim\u00e9e":"3 minutes"},"schema":{"@context":"https:\/\/schema.org","@graph":[{"@type":"Article","@id":"https:\/\/depeches241.com\/?p=20659#article","isPartOf":{"@id":"https:\/\/depeches241.com\/?p=20659"},"author":{"name":"Fabien BIBANG","@id":"https:\/\/depeches241.com\/#\/schema\/person\/1901eab6e51ac627fab3abccbd181d4e"},"headline":"Assembl\u00e9e Constituante: quid de la l\u00e9gitimit\u00e9 de ces Parlementaires adeptes du \u00abOUI\u00bb qui vont travailler sans impartialit\u00e9 ?\u00a0","datePublished":"2024-09-11T20:30:39+00:00","dateModified":"2024-09-11T20:38:02+00:00","mainEntityOfPage":{"@id":"https:\/\/depeches241.com\/?p=20659"},"wordCount":584,"commentCount":0,"publisher":{"@id":"https:\/\/depeches241.com\/#organization"},"image":{"@id":"https:\/\/depeches241.com\/?p=20659#primaryimage"},"thumbnailUrl":"https:\/\/depeches241.com\/wp-content\/uploads\/2024\/09\/Ona-Constituante.jpg","keywords":["depeches241","Gabon","gouvernement","Parlement","Parlementaires","Politique"],"articleSection":["POLITIQUE","PRESIDENCE","Une2"],"inLanguage":"fr-FR","potentialAction":[{"@type":"CommentAction","name":"Comment","target":["https:\/\/depeches241.com\/?p=20659#respond"]}]},{"@type":"WebPage","@id":"https:\/\/depeches241.com\/?p=20659","url":"https:\/\/depeches241.com\/?p=20659","name":"Assembl\u00e9e Constituante: quid de la l\u00e9gitimit\u00e9 de ces Parlementaires adeptes du \u00abOUI\u00bb qui vont travailler sans impartialit\u00e9 ?\u00a0 - Groupe D\u00e9p\u00eaches241","isPartOf":{"@id":"https:\/\/depeches241.com\/#website"},"primaryImageOfPage":{"@id":"https:\/\/depeches241.com\/?p=20659#primaryimage"},"image":{"@id":"https:\/\/depeches241.com\/?p=20659#primaryimage"},"thumbnailUrl":"https:\/\/depeches241.com\/wp-content\/uploads\/2024\/09\/Ona-Constituante.jpg","datePublished":"2024-09-11T20:30:39+00:00","dateModified":"2024-09-11T20:38:02+00:00","description":"D\u00e8s ce jeudi 12 septembre 2024, le Parlement est convoqu\u00e9 en Congr\u00e8s Constituant pour examiner avant adoption le projet de la future Constitution du Gabon. Au moment o\u00f9 les travaux s\u2019appr\u00eatent \u00e0 d\u00e9marrer, des inqui\u00e9tudes l\u00e9gitimes se font jour au sein de l'opinion, au regard de la probable implication dans les travaux des parlementaires qui, il y a encore quelques jours seulement, appelaient d\u00e9j\u00e0 \u00e0 voter pour le OUI, alors m\u00eame qu'ils n\u2019\u00e9taient pas en possession dudit projet constitutionnel, alors m\u00eame qu'ils ne dominaient pas d\u00e9j\u00e0 son contenu. Une approche qui pourrait consid\u00e9rablement entacher la cr\u00e9dibilit\u00e9 et la sinc\u00e9rit\u00e9 desdits travaux qui vont s\u2019\u00e9tendre sur 10 jours.","breadcrumb":{"@id":"https:\/\/depeches241.com\/?p=20659#breadcrumb"},"inLanguage":"fr-FR","potentialAction":[{"@type":"ReadAction","target":["https:\/\/depeches241.com\/?p=20659"]}]},{"@type":"ImageObject","inLanguage":"fr-FR","@id":"https:\/\/depeches241.com\/?p=20659#primaryimage","url":"https:\/\/depeches241.com\/wp-content\/uploads\/2024\/09\/Ona-Constituante.jpg","contentUrl":"https:\/\/depeches241.com\/wp-content\/uploads\/2024\/09\/Ona-Constituante.jpg","width":960,"height":540},{"@type":"BreadcrumbList","@id":"https:\/\/depeches241.com\/?p=20659#breadcrumb","itemListElement":[{"@type":"ListItem","position":1,"name":"Accueil","item":"https:\/\/depeches241.com\/"},{"@type":"ListItem","position":2,"name":"Assembl\u00e9e Constituante: quid de la l\u00e9gitimit\u00e9 de ces Parlementaires adeptes du \u00abOUI\u00bb qui vont travailler sans impartialit\u00e9 ?\u00a0"}]},{"@type":"WebSite","@id":"https:\/\/depeches241.com\/#website","url":"https:\/\/depeches241.com\/","name":"D\u00e9p\u00eaches241","description":"M\u00e9dia d&#039;actualit\u00e9 Politique, \u00c9conomique, Sociale et Internationale","publisher":{"@id":"https:\/\/depeches241.com\/#organization"},"potentialAction":[{"@type":"SearchAction","target":{"@type":"EntryPoint","urlTemplate":"https:\/\/depeches241.com\/?s={search_term_string}"},"query-input":{"@type":"PropertyValueSpecification","valueRequired":true,"valueName":"search_term_string"}}],"inLanguage":"fr-FR"},{"@type":"Organization","@id":"https:\/\/depeches241.com\/#organization","name":"Groupe D\u00e9p\u00eaches241","url":"https:\/\/depeches241.com\/","logo":{"@type":"ImageObject","inLanguage":"fr-FR","@id":"https:\/\/depeches241.com\/#\/schema\/logo\/image\/","url":"https:\/\/depeches241.com\/wp-content\/uploads\/2021\/10\/cropped-Logo-new-Accueil.png","contentUrl":"https:\/\/depeches241.com\/wp-content\/uploads\/2021\/10\/cropped-Logo-new-Accueil.png","width":320,"height":105,"caption":"Groupe D\u00e9p\u00eaches241"},"image":{"@id":"https:\/\/depeches241.com\/#\/schema\/logo\/image\/"},"sameAs":["https:\/\/www.facebook.com\/depeches241"]},{"@type":"Person","@id":"https:\/\/depeches241.com\/#\/schema\/person\/1901eab6e51ac627fab3abccbd181d4e","name":"Fabien BIBANG","image":{"@type":"ImageObject","inLanguage":"fr-FR","@id":"https:\/\/secure.gravatar.com\/avatar\/18bb838415fc126d966f8ac8e32711b2843c5ba6e35a2e6699a14ef69705dc76?s=96&d=mm&r=g","url":"https:\/\/secure.gravatar.com\/avatar\/18bb838415fc126d966f8ac8e32711b2843c5ba6e35a2e6699a14ef69705dc76?s=96&d=mm&r=g","contentUrl":"https:\/\/secure.gravatar.com\/avatar\/18bb838415fc126d966f8ac8e32711b2843c5ba6e35a2e6699a14ef69705dc76?s=96&d=mm&r=g","caption":"Fabien BIBANG"},"description":"Fabien BIBANG est dipl\u00f6m\u00e9 en Philosophie et Lettres. Son amour pour la lecture, l'histoire et les arts, ainsi que son engagement sur le front social l'ont tr\u00e8s t\u00f4t conduit sur les antennes des cha\u00eenes de t\u00e9l\u00e9s et radios pour y d\u00e9fendre ses postures. Sp\u00e9cialiste des questions socio-politiques, il re\u00e7oit le Prix Encouragements au Concours M\u00e9dias UNICEF en novembre 2022","url":"https:\/\/depeches241.com\/?author=18"}]}},"_links":{"self":[{"href":"https:\/\/depeches241.com\/index.php?rest_route=\/wp\/v2\/posts\/20659","targetHints":{"allow":["GET"]}}],"collection":[{"href":"https:\/\/depeches241.com\/index.php?rest_route=\/wp\/v2\/posts"}],"about":[{"href":"https:\/\/depeches241.com\/index.php?rest_route=\/wp\/v2\/types\/post"}],"author":[{"embeddable":true,"href":"https:\/\/depeches241.com\/index.php?rest_route=\/wp\/v2\/users\/18"}],"replies":[{"embeddable":true,"href":"https:\/\/depeches241.com\/index.php?rest_route=%2Fwp%2Fv2%2Fcomments&post=20659"}],"version-history":[{"count":2,"href":"https:\/\/depeches241.com\/index.php?rest_route=\/wp\/v2\/posts\/20659\/revisions"}],"predecessor-version":[{"id":20662,"href":"https:\/\/depeches241.com\/index.php?rest_route=\/wp\/v2\/posts\/20659\/revisions\/20662"}],"wp:featuredmedia":[{"embeddable":true,"href":"https:\/\/depeches241.com\/index.php?rest_route=\/wp\/v2\/media\/20660"}],"wp:attachment":[{"href":"https:\/\/depeches241.com\/index.php?rest_route=%2Fwp%2Fv2%2Fmedia&parent=20659"}],"wp:term":[{"taxonomy":"category","embeddable":true,"href":"https:\/\/depeches241.com\/index.php?rest_route=%2Fwp%2Fv2%2Fcategories&post=20659"},{"taxonomy":"post_tag","embeddable":true,"href":"https:\/\/depeches241.com\/index.php?rest_route=%2Fwp%2Fv2%2Ftags&post=20659"}],"curies":[{"name":"wp","href":"https:\/\/api.w.org\/{rel}","templated":true}]}}