{"id":22450,"date":"2025-01-23T17:37:52","date_gmt":"2025-01-23T16:37:52","guid":{"rendered":"https:\/\/depeches241.com\/?p=22450"},"modified":"2025-01-23T17:37:53","modified_gmt":"2025-01-23T16:37:53","slug":"conseil-des-ministres-projet-dordonnance-portant-creation-attributions-et-organisation-de-lagence-gabonaise-pour-le-developpement-de-leconomie-verte","status":"publish","type":"post","link":"https:\/\/depeches241.com\/?p=22450","title":{"rendered":"Conseil des ministres: projet d\u2019ordonnance portant cr\u00e9ation, attributions et organisation de l\u2019Agence Gabonaise pour le D\u00e9veloppement de l\u2019\u00c9conomie Verte"},"content":{"rendered":"\n<figure class=\"wp-block-image size-full\"><img fetchpriority=\"high\" decoding=\"async\" width=\"960\" height=\"540\" src=\"https:\/\/depeches241.com\/wp-content\/uploads\/2025\/01\/Eco-verte-.jpg\" alt=\"\" class=\"wp-image-22451\" srcset=\"https:\/\/depeches241.com\/wp-content\/uploads\/2025\/01\/Eco-verte-.jpg 960w, https:\/\/depeches241.com\/wp-content\/uploads\/2025\/01\/Eco-verte--300x169.jpg 300w, https:\/\/depeches241.com\/wp-content\/uploads\/2025\/01\/Eco-verte--768x432.jpg 768w\" sizes=\"(max-width: 960px) 100vw, 960px\" \/><figcaption class=\"wp-element-caption\"><strong><em>L\u2019Agence Gabonaise pour le D\u00e9veloppement de l\u2019\u00c9conomie Verte voit le jour <\/em><\/strong><em>\u00a9DR<\/em> <\/figcaption><\/figure>\n\n\n\n<p><strong>Libreville, le 23 janvier 2025 &#8211; (D\u00e9p\u00eaches 241). Hier mercredi 22 janvier, s\u2019est tenu au Palais R\u00e9novation de Libreville, un Conseil des Ministres dirig\u00e9 par le Chef de l\u2019\u00c9tat, Brice Clotaire Oligui Nguema. Parmi les projets de textes l\u00e9gislatifs et r\u00e9glementaires pris, celui portant cr\u00e9ation, attributions et organisation de l\u2019Agence Gabonaise pour le D\u00e9veloppement de l\u2019\u00c9conomie verte (AGADEV).<\/strong><\/p>\n\n\n\n<p class=\"has-drop-cap\">Moins d\u2019une semaine apr\u00e8s le pr\u00e9c\u00e9dent, le Pr\u00e9sident de la Transition a convoqu\u00e9 un nouveau Conseil des Ministres hier mercredi 22 janvier 2025. Comme il est de coutume, de nombreux projets de textes l\u00e9gislatifs et r\u00e9glementaires ont \u00e9t\u00e9 d\u00e9cid\u00e9s. <strong><em>\u00ab Pris en application des dispositions de l\u2019article 52 de la Constitution, ce projet d\u2019ordonnance porte cr\u00e9ation, attributions et organisation de l\u2019Agence Gabonaise pour le D\u00e9veloppement de l\u2019\u00c9conomie Verte (AGADEV) \u00bb<\/em><\/strong>, a-t-on pu lire sur le communiqu\u00e9 final du Conseil des Ministres.<\/p>\n\n\n\n<p>Toujours au sujet dudit projet d\u2019ordonnance, le communiqu\u00e9 rappelle que <strong><em>\u00ab plac\u00e9e sous la tutelle du Minist\u00e8re en charge de l\u2019\u00c9conomie et dot\u00e9e de la personnalit\u00e9 juridique, l\u2019AGADEV a pour missions d\u2019impulser et de promouvoir une \u00e9conomie verte int\u00e9gr\u00e9e au Gabon, notamment \u00e0 travers la mon\u00e9tisation des cr\u00e9dits carbone et cr\u00e9dits biodiversit\u00e9, la valorisation du capital naturel, et la mise en \u0153uvre d\u2019initiatives facilitant la conservation et la restauration des \u00e9cosyst\u00e8mes \u00bb<\/em><\/strong>, pr\u00e9cise-t-il.<\/p>\n\n\n\n<p>Enfin, <strong><em>\u00ab elle est \u00e9galement charg\u00e9e de soutenir la recherche, la formation et l\u2019innovation dans le domaine de l\u2019\u00e9conomie verte, de catalyser les investissements verts, ainsi que de renforcer le p\u00f4le d\u2019excellence national en la mati\u00e8re. \u00c9tablissement Public \u00e0 caract\u00e8re Industriel et Commercial (EPIC), l\u2019AGADEV comprend : un Conseil d\u2019Administration, une Direction G\u00e9n\u00e9rale, une Agence Comptable \u00bb<\/em><\/strong>, indique le m\u00eame communiqu\u00e9.<\/p>\n\n\n\n<p><\/p>\n","protected":false},"excerpt":{"rendered":"<p>Libreville, le 23 janvier 2025 &#8211; (D\u00e9p\u00eaches 241). Hier mercredi 22 janvier, s\u2019est tenu au Palais R\u00e9novation de Libreville, un Conseil des Ministres dirig\u00e9 par le Chef de l\u2019\u00c9tat, Brice Clotaire Oligui Nguema. Parmi les projets de textes l\u00e9gislatifs et r\u00e9glementaires pris, celui portant cr\u00e9ation, attributions et organisation de l\u2019Agence [&hellip;]<\/p>\n","protected":false},"author":18,"featured_media":22451,"comment_status":"open","ping_status":"open","sticky":false,"template":"","format":"standard","meta":{"om_disable_all_campaigns":false,"footnotes":""},"categories":[4,1099,35,116],"tags":[4281,99,4282,59],"class_list":{"0":"post-22450","1":"post","2":"type-post","3":"status-publish","4":"format-standard","5":"has-post-thumbnail","7":"category-economie","8":"category-environnement","9":"category-gabon-vert","10":"category-une1","11":"tag-agadev","12":"tag-depeches241","13":"tag-economie-verte","14":"tag-gabon"},"yoast_head":"<!-- This site is optimized with the Yoast SEO plugin v27.5 - https:\/\/yoast.com\/product\/yoast-seo-wordpress\/ -->\n<title>Conseil des ministres: projet d\u2019ordonnance portant cr\u00e9ation, attributions et organisation de l\u2019Agence Gabonaise pour le D\u00e9veloppement de l\u2019\u00c9conomie Verte - Groupe D\u00e9p\u00eaches241<\/title>\n<meta name=\"description\" content=\"Hier mercredi 22 janvier, s\u2019est tenu au Palais R\u00e9novation de Libreville, un Conseil des Ministres dirig\u00e9 par le Chef de l\u2019\u00c9tat, Brice Clotaire Oligui Nguema. Parmi les projets de textes l\u00e9gislatifs et r\u00e9glementaires pris, celui portant cr\u00e9ation, attributions et organisation de l\u2019Agence Gabonaise pour le D\u00e9veloppement de l\u2019\u00c9conomie verte (AGADEV).\" \/>\n<meta name=\"robots\" content=\"index, follow, max-snippet:-1, max-image-preview:large, max-video-preview:-1\" \/>\n<link rel=\"canonical\" href=\"https:\/\/depeches241.com\/?p=22450\" \/>\n<meta property=\"og:locale\" content=\"fr_FR\" \/>\n<meta property=\"og:type\" content=\"article\" \/>\n<meta property=\"og:title\" content=\"Conseil des ministres: projet d\u2019ordonnance portant cr\u00e9ation, attributions et organisation de l\u2019Agence Gabonaise pour le D\u00e9veloppement de l\u2019\u00c9conomie Verte - Groupe D\u00e9p\u00eaches241\" \/>\n<meta property=\"og:description\" content=\"Hier mercredi 22 janvier, s\u2019est tenu au Palais R\u00e9novation de Libreville, un Conseil des Ministres dirig\u00e9 par le Chef de l\u2019\u00c9tat, Brice Clotaire Oligui Nguema. Parmi les projets de textes l\u00e9gislatifs et r\u00e9glementaires pris, celui portant cr\u00e9ation, attributions et organisation de l\u2019Agence Gabonaise pour le D\u00e9veloppement de l\u2019\u00c9conomie verte (AGADEV).\" \/>\n<meta property=\"og:url\" content=\"https:\/\/depeches241.com\/?p=22450\" \/>\n<meta property=\"og:site_name\" content=\"Groupe D\u00e9p\u00eaches241\" \/>\n<meta property=\"article:publisher\" content=\"https:\/\/www.facebook.com\/depeches241\" \/>\n<meta property=\"article:published_time\" content=\"2025-01-23T16:37:52+00:00\" \/>\n<meta property=\"article:modified_time\" content=\"2025-01-23T16:37:53+00:00\" \/>\n<meta property=\"og:image\" content=\"http:\/\/depeches241.com\/wp-content\/uploads\/2025\/01\/Eco-verte-.jpg\" \/>\n\t<meta property=\"og:image:width\" content=\"960\" \/>\n\t<meta property=\"og:image:height\" content=\"540\" \/>\n\t<meta property=\"og:image:type\" content=\"image\/jpeg\" \/>\n<meta name=\"author\" content=\"Fabien BIBANG\" \/>\n<meta name=\"twitter:card\" content=\"summary_large_image\" \/>\n<meta name=\"twitter:label1\" content=\"\u00c9crit par\" \/>\n\t<meta name=\"twitter:data1\" content=\"Fabien BIBANG\" \/>\n\t<meta name=\"twitter:label2\" content=\"Dur\u00e9e de lecture estim\u00e9e\" \/>\n\t<meta name=\"twitter:data2\" content=\"2 minutes\" \/>\n<script type=\"application\/ld+json\" class=\"yoast-schema-graph\">{\"@context\":\"https:\\\/\\\/schema.org\",\"@graph\":[{\"@type\":\"Article\",\"@id\":\"https:\\\/\\\/depeches241.com\\\/?p=22450#article\",\"isPartOf\":{\"@id\":\"https:\\\/\\\/depeches241.com\\\/?p=22450\"},\"author\":{\"name\":\"Fabien BIBANG\",\"@id\":\"https:\\\/\\\/depeches241.com\\\/#\\\/schema\\\/person\\\/1901eab6e51ac627fab3abccbd181d4e\"},\"headline\":\"Conseil des ministres: projet d\u2019ordonnance portant cr\u00e9ation, attributions et organisation de l\u2019Agence Gabonaise pour le D\u00e9veloppement de l\u2019\u00c9conomie Verte\",\"datePublished\":\"2025-01-23T16:37:52+00:00\",\"dateModified\":\"2025-01-23T16:37:53+00:00\",\"mainEntityOfPage\":{\"@id\":\"https:\\\/\\\/depeches241.com\\\/?p=22450\"},\"wordCount\":349,\"commentCount\":0,\"publisher\":{\"@id\":\"https:\\\/\\\/depeches241.com\\\/#organization\"},\"image\":{\"@id\":\"https:\\\/\\\/depeches241.com\\\/?p=22450#primaryimage\"},\"thumbnailUrl\":\"https:\\\/\\\/depeches241.com\\\/wp-content\\\/uploads\\\/2025\\\/01\\\/Eco-verte-.jpg\",\"keywords\":[\"AGADEV\",\"depeches241\",\"Economie verte\",\"Gabon\"],\"articleSection\":[\"ECONOMIE\",\"Environnement\",\"GABON VERT\",\"Une1\"],\"inLanguage\":\"fr-FR\",\"potentialAction\":[{\"@type\":\"CommentAction\",\"name\":\"Comment\",\"target\":[\"https:\\\/\\\/depeches241.com\\\/?p=22450#respond\"]}]},{\"@type\":\"WebPage\",\"@id\":\"https:\\\/\\\/depeches241.com\\\/?p=22450\",\"url\":\"https:\\\/\\\/depeches241.com\\\/?p=22450\",\"name\":\"Conseil des ministres: projet d\u2019ordonnance portant cr\u00e9ation, attributions et organisation de l\u2019Agence Gabonaise pour le D\u00e9veloppement de l\u2019\u00c9conomie Verte - Groupe D\u00e9p\u00eaches241\",\"isPartOf\":{\"@id\":\"https:\\\/\\\/depeches241.com\\\/#website\"},\"primaryImageOfPage\":{\"@id\":\"https:\\\/\\\/depeches241.com\\\/?p=22450#primaryimage\"},\"image\":{\"@id\":\"https:\\\/\\\/depeches241.com\\\/?p=22450#primaryimage\"},\"thumbnailUrl\":\"https:\\\/\\\/depeches241.com\\\/wp-content\\\/uploads\\\/2025\\\/01\\\/Eco-verte-.jpg\",\"datePublished\":\"2025-01-23T16:37:52+00:00\",\"dateModified\":\"2025-01-23T16:37:53+00:00\",\"description\":\"Hier mercredi 22 janvier, s\u2019est tenu au Palais R\u00e9novation de Libreville, un Conseil des Ministres dirig\u00e9 par le Chef de l\u2019\u00c9tat, Brice Clotaire Oligui Nguema. Parmi les projets de textes l\u00e9gislatifs et r\u00e9glementaires pris, celui portant cr\u00e9ation, attributions et organisation de l\u2019Agence Gabonaise pour le D\u00e9veloppement de l\u2019\u00c9conomie verte (AGADEV).\",\"breadcrumb\":{\"@id\":\"https:\\\/\\\/depeches241.com\\\/?p=22450#breadcrumb\"},\"inLanguage\":\"fr-FR\",\"potentialAction\":[{\"@type\":\"ReadAction\",\"target\":[\"https:\\\/\\\/depeches241.com\\\/?p=22450\"]}]},{\"@type\":\"ImageObject\",\"inLanguage\":\"fr-FR\",\"@id\":\"https:\\\/\\\/depeches241.com\\\/?p=22450#primaryimage\",\"url\":\"https:\\\/\\\/depeches241.com\\\/wp-content\\\/uploads\\\/2025\\\/01\\\/Eco-verte-.jpg\",\"contentUrl\":\"https:\\\/\\\/depeches241.com\\\/wp-content\\\/uploads\\\/2025\\\/01\\\/Eco-verte-.jpg\",\"width\":960,\"height\":540},{\"@type\":\"BreadcrumbList\",\"@id\":\"https:\\\/\\\/depeches241.com\\\/?p=22450#breadcrumb\",\"itemListElement\":[{\"@type\":\"ListItem\",\"position\":1,\"name\":\"Accueil\",\"item\":\"https:\\\/\\\/depeches241.com\\\/\"},{\"@type\":\"ListItem\",\"position\":2,\"name\":\"Conseil des ministres: projet d\u2019ordonnance portant cr\u00e9ation, attributions et organisation de l\u2019Agence Gabonaise pour le D\u00e9veloppement de l\u2019\u00c9conomie Verte\"}]},{\"@type\":\"WebSite\",\"@id\":\"https:\\\/\\\/depeches241.com\\\/#website\",\"url\":\"https:\\\/\\\/depeches241.com\\\/\",\"name\":\"D\u00e9p\u00eaches241\",\"description\":\"M\u00e9dia d&#039;actualit\u00e9 Politique, \u00c9conomique, Sociale et Internationale\",\"publisher\":{\"@id\":\"https:\\\/\\\/depeches241.com\\\/#organization\"},\"potentialAction\":[{\"@type\":\"SearchAction\",\"target\":{\"@type\":\"EntryPoint\",\"urlTemplate\":\"https:\\\/\\\/depeches241.com\\\/?s={search_term_string}\"},\"query-input\":{\"@type\":\"PropertyValueSpecification\",\"valueRequired\":true,\"valueName\":\"search_term_string\"}}],\"inLanguage\":\"fr-FR\"},{\"@type\":\"Organization\",\"@id\":\"https:\\\/\\\/depeches241.com\\\/#organization\",\"name\":\"Groupe D\u00e9p\u00eaches241\",\"url\":\"https:\\\/\\\/depeches241.com\\\/\",\"logo\":{\"@type\":\"ImageObject\",\"inLanguage\":\"fr-FR\",\"@id\":\"https:\\\/\\\/depeches241.com\\\/#\\\/schema\\\/logo\\\/image\\\/\",\"url\":\"https:\\\/\\\/depeches241.com\\\/wp-content\\\/uploads\\\/2021\\\/10\\\/cropped-Logo-new-Accueil.png\",\"contentUrl\":\"https:\\\/\\\/depeches241.com\\\/wp-content\\\/uploads\\\/2021\\\/10\\\/cropped-Logo-new-Accueil.png\",\"width\":320,\"height\":105,\"caption\":\"Groupe D\u00e9p\u00eaches241\"},\"image\":{\"@id\":\"https:\\\/\\\/depeches241.com\\\/#\\\/schema\\\/logo\\\/image\\\/\"},\"sameAs\":[\"https:\\\/\\\/www.facebook.com\\\/depeches241\"]},{\"@type\":\"Person\",\"@id\":\"https:\\\/\\\/depeches241.com\\\/#\\\/schema\\\/person\\\/1901eab6e51ac627fab3abccbd181d4e\",\"name\":\"Fabien BIBANG\",\"image\":{\"@type\":\"ImageObject\",\"inLanguage\":\"fr-FR\",\"@id\":\"https:\\\/\\\/secure.gravatar.com\\\/avatar\\\/18bb838415fc126d966f8ac8e32711b2843c5ba6e35a2e6699a14ef69705dc76?s=96&d=mm&r=g\",\"url\":\"https:\\\/\\\/secure.gravatar.com\\\/avatar\\\/18bb838415fc126d966f8ac8e32711b2843c5ba6e35a2e6699a14ef69705dc76?s=96&d=mm&r=g\",\"contentUrl\":\"https:\\\/\\\/secure.gravatar.com\\\/avatar\\\/18bb838415fc126d966f8ac8e32711b2843c5ba6e35a2e6699a14ef69705dc76?s=96&d=mm&r=g\",\"caption\":\"Fabien BIBANG\"},\"description\":\"Fabien BIBANG est dipl\u00f6m\u00e9 en Philosophie et Lettres. Son amour pour la lecture, l'histoire et les arts, ainsi que son engagement sur le front social l'ont tr\u00e8s t\u00f4t conduit sur les antennes des cha\u00eenes de t\u00e9l\u00e9s et radios pour y d\u00e9fendre ses postures. Sp\u00e9cialiste des questions socio-politiques, il re\u00e7oit le Prix Encouragements au Concours M\u00e9dias UNICEF en novembre 2022\",\"url\":\"https:\\\/\\\/depeches241.com\\\/?author=18\"}]}<\/script>\n<!-- \/ Yoast SEO plugin. -->","yoast_head_json":{"title":"Conseil des ministres: projet d\u2019ordonnance portant cr\u00e9ation, attributions et organisation de l\u2019Agence Gabonaise pour le D\u00e9veloppement de l\u2019\u00c9conomie Verte - Groupe D\u00e9p\u00eaches241","description":"Hier mercredi 22 janvier, s\u2019est tenu au Palais R\u00e9novation de Libreville, un Conseil des Ministres dirig\u00e9 par le Chef de l\u2019\u00c9tat, Brice Clotaire Oligui Nguema. Parmi les projets de textes l\u00e9gislatifs et r\u00e9glementaires pris, celui portant cr\u00e9ation, attributions et organisation de l\u2019Agence Gabonaise pour le D\u00e9veloppement de l\u2019\u00c9conomie verte (AGADEV).","robots":{"index":"index","follow":"follow","max-snippet":"max-snippet:-1","max-image-preview":"max-image-preview:large","max-video-preview":"max-video-preview:-1"},"canonical":"https:\/\/depeches241.com\/?p=22450","og_locale":"fr_FR","og_type":"article","og_title":"Conseil des ministres: projet d\u2019ordonnance portant cr\u00e9ation, attributions et organisation de l\u2019Agence Gabonaise pour le D\u00e9veloppement de l\u2019\u00c9conomie Verte - Groupe D\u00e9p\u00eaches241","og_description":"Hier mercredi 22 janvier, s\u2019est tenu au Palais R\u00e9novation de Libreville, un Conseil des Ministres dirig\u00e9 par le Chef de l\u2019\u00c9tat, Brice Clotaire Oligui Nguema. Parmi les projets de textes l\u00e9gislatifs et r\u00e9glementaires pris, celui portant cr\u00e9ation, attributions et organisation de l\u2019Agence Gabonaise pour le D\u00e9veloppement de l\u2019\u00c9conomie verte (AGADEV).","og_url":"https:\/\/depeches241.com\/?p=22450","og_site_name":"Groupe D\u00e9p\u00eaches241","article_publisher":"https:\/\/www.facebook.com\/depeches241","article_published_time":"2025-01-23T16:37:52+00:00","article_modified_time":"2025-01-23T16:37:53+00:00","og_image":[{"width":960,"height":540,"url":"http:\/\/depeches241.com\/wp-content\/uploads\/2025\/01\/Eco-verte-.jpg","type":"image\/jpeg"}],"author":"Fabien BIBANG","twitter_card":"summary_large_image","twitter_misc":{"\u00c9crit par":"Fabien BIBANG","Dur\u00e9e de lecture estim\u00e9e":"2 minutes"},"schema":{"@context":"https:\/\/schema.org","@graph":[{"@type":"Article","@id":"https:\/\/depeches241.com\/?p=22450#article","isPartOf":{"@id":"https:\/\/depeches241.com\/?p=22450"},"author":{"name":"Fabien BIBANG","@id":"https:\/\/depeches241.com\/#\/schema\/person\/1901eab6e51ac627fab3abccbd181d4e"},"headline":"Conseil des ministres: projet d\u2019ordonnance portant cr\u00e9ation, attributions et organisation de l\u2019Agence Gabonaise pour le D\u00e9veloppement de l\u2019\u00c9conomie Verte","datePublished":"2025-01-23T16:37:52+00:00","dateModified":"2025-01-23T16:37:53+00:00","mainEntityOfPage":{"@id":"https:\/\/depeches241.com\/?p=22450"},"wordCount":349,"commentCount":0,"publisher":{"@id":"https:\/\/depeches241.com\/#organization"},"image":{"@id":"https:\/\/depeches241.com\/?p=22450#primaryimage"},"thumbnailUrl":"https:\/\/depeches241.com\/wp-content\/uploads\/2025\/01\/Eco-verte-.jpg","keywords":["AGADEV","depeches241","Economie verte","Gabon"],"articleSection":["ECONOMIE","Environnement","GABON VERT","Une1"],"inLanguage":"fr-FR","potentialAction":[{"@type":"CommentAction","name":"Comment","target":["https:\/\/depeches241.com\/?p=22450#respond"]}]},{"@type":"WebPage","@id":"https:\/\/depeches241.com\/?p=22450","url":"https:\/\/depeches241.com\/?p=22450","name":"Conseil des ministres: projet d\u2019ordonnance portant cr\u00e9ation, attributions et organisation de l\u2019Agence Gabonaise pour le D\u00e9veloppement de l\u2019\u00c9conomie Verte - Groupe D\u00e9p\u00eaches241","isPartOf":{"@id":"https:\/\/depeches241.com\/#website"},"primaryImageOfPage":{"@id":"https:\/\/depeches241.com\/?p=22450#primaryimage"},"image":{"@id":"https:\/\/depeches241.com\/?p=22450#primaryimage"},"thumbnailUrl":"https:\/\/depeches241.com\/wp-content\/uploads\/2025\/01\/Eco-verte-.jpg","datePublished":"2025-01-23T16:37:52+00:00","dateModified":"2025-01-23T16:37:53+00:00","description":"Hier mercredi 22 janvier, s\u2019est tenu au Palais R\u00e9novation de Libreville, un Conseil des Ministres dirig\u00e9 par le Chef de l\u2019\u00c9tat, Brice Clotaire Oligui Nguema. Parmi les projets de textes l\u00e9gislatifs et r\u00e9glementaires pris, celui portant cr\u00e9ation, attributions et organisation de l\u2019Agence Gabonaise pour le D\u00e9veloppement de l\u2019\u00c9conomie verte (AGADEV).","breadcrumb":{"@id":"https:\/\/depeches241.com\/?p=22450#breadcrumb"},"inLanguage":"fr-FR","potentialAction":[{"@type":"ReadAction","target":["https:\/\/depeches241.com\/?p=22450"]}]},{"@type":"ImageObject","inLanguage":"fr-FR","@id":"https:\/\/depeches241.com\/?p=22450#primaryimage","url":"https:\/\/depeches241.com\/wp-content\/uploads\/2025\/01\/Eco-verte-.jpg","contentUrl":"https:\/\/depeches241.com\/wp-content\/uploads\/2025\/01\/Eco-verte-.jpg","width":960,"height":540},{"@type":"BreadcrumbList","@id":"https:\/\/depeches241.com\/?p=22450#breadcrumb","itemListElement":[{"@type":"ListItem","position":1,"name":"Accueil","item":"https:\/\/depeches241.com\/"},{"@type":"ListItem","position":2,"name":"Conseil des ministres: projet d\u2019ordonnance portant cr\u00e9ation, attributions et organisation de l\u2019Agence Gabonaise pour le D\u00e9veloppement de l\u2019\u00c9conomie Verte"}]},{"@type":"WebSite","@id":"https:\/\/depeches241.com\/#website","url":"https:\/\/depeches241.com\/","name":"D\u00e9p\u00eaches241","description":"M\u00e9dia d&#039;actualit\u00e9 Politique, \u00c9conomique, Sociale et Internationale","publisher":{"@id":"https:\/\/depeches241.com\/#organization"},"potentialAction":[{"@type":"SearchAction","target":{"@type":"EntryPoint","urlTemplate":"https:\/\/depeches241.com\/?s={search_term_string}"},"query-input":{"@type":"PropertyValueSpecification","valueRequired":true,"valueName":"search_term_string"}}],"inLanguage":"fr-FR"},{"@type":"Organization","@id":"https:\/\/depeches241.com\/#organization","name":"Groupe D\u00e9p\u00eaches241","url":"https:\/\/depeches241.com\/","logo":{"@type":"ImageObject","inLanguage":"fr-FR","@id":"https:\/\/depeches241.com\/#\/schema\/logo\/image\/","url":"https:\/\/depeches241.com\/wp-content\/uploads\/2021\/10\/cropped-Logo-new-Accueil.png","contentUrl":"https:\/\/depeches241.com\/wp-content\/uploads\/2021\/10\/cropped-Logo-new-Accueil.png","width":320,"height":105,"caption":"Groupe D\u00e9p\u00eaches241"},"image":{"@id":"https:\/\/depeches241.com\/#\/schema\/logo\/image\/"},"sameAs":["https:\/\/www.facebook.com\/depeches241"]},{"@type":"Person","@id":"https:\/\/depeches241.com\/#\/schema\/person\/1901eab6e51ac627fab3abccbd181d4e","name":"Fabien BIBANG","image":{"@type":"ImageObject","inLanguage":"fr-FR","@id":"https:\/\/secure.gravatar.com\/avatar\/18bb838415fc126d966f8ac8e32711b2843c5ba6e35a2e6699a14ef69705dc76?s=96&d=mm&r=g","url":"https:\/\/secure.gravatar.com\/avatar\/18bb838415fc126d966f8ac8e32711b2843c5ba6e35a2e6699a14ef69705dc76?s=96&d=mm&r=g","contentUrl":"https:\/\/secure.gravatar.com\/avatar\/18bb838415fc126d966f8ac8e32711b2843c5ba6e35a2e6699a14ef69705dc76?s=96&d=mm&r=g","caption":"Fabien BIBANG"},"description":"Fabien BIBANG est dipl\u00f6m\u00e9 en Philosophie et Lettres. Son amour pour la lecture, l'histoire et les arts, ainsi que son engagement sur le front social l'ont tr\u00e8s t\u00f4t conduit sur les antennes des cha\u00eenes de t\u00e9l\u00e9s et radios pour y d\u00e9fendre ses postures. Sp\u00e9cialiste des questions socio-politiques, il re\u00e7oit le Prix Encouragements au Concours M\u00e9dias UNICEF en novembre 2022","url":"https:\/\/depeches241.com\/?author=18"}]}},"_links":{"self":[{"href":"https:\/\/depeches241.com\/index.php?rest_route=\/wp\/v2\/posts\/22450","targetHints":{"allow":["GET"]}}],"collection":[{"href":"https:\/\/depeches241.com\/index.php?rest_route=\/wp\/v2\/posts"}],"about":[{"href":"https:\/\/depeches241.com\/index.php?rest_route=\/wp\/v2\/types\/post"}],"author":[{"embeddable":true,"href":"https:\/\/depeches241.com\/index.php?rest_route=\/wp\/v2\/users\/18"}],"replies":[{"embeddable":true,"href":"https:\/\/depeches241.com\/index.php?rest_route=%2Fwp%2Fv2%2Fcomments&post=22450"}],"version-history":[{"count":1,"href":"https:\/\/depeches241.com\/index.php?rest_route=\/wp\/v2\/posts\/22450\/revisions"}],"predecessor-version":[{"id":22452,"href":"https:\/\/depeches241.com\/index.php?rest_route=\/wp\/v2\/posts\/22450\/revisions\/22452"}],"wp:featuredmedia":[{"embeddable":true,"href":"https:\/\/depeches241.com\/index.php?rest_route=\/wp\/v2\/media\/22451"}],"wp:attachment":[{"href":"https:\/\/depeches241.com\/index.php?rest_route=%2Fwp%2Fv2%2Fmedia&parent=22450"}],"wp:term":[{"taxonomy":"category","embeddable":true,"href":"https:\/\/depeches241.com\/index.php?rest_route=%2Fwp%2Fv2%2Fcategories&post=22450"},{"taxonomy":"post_tag","embeddable":true,"href":"https:\/\/depeches241.com\/index.php?rest_route=%2Fwp%2Fv2%2Ftags&post=22450"}],"curies":[{"name":"wp","href":"https:\/\/api.w.org\/{rel}","templated":true}]}}