{"id":22669,"date":"2025-02-12T12:35:11","date_gmt":"2025-02-12T11:35:11","guid":{"rendered":"https:\/\/depeches241.com\/?p=22669"},"modified":"2025-02-12T12:35:13","modified_gmt":"2025-02-12T11:35:13","slug":"gabon-apres-des-volatiles-de-compagnie-plusieurs-sacs-de-luxe-derobes-chez-ali-bongo","status":"publish","type":"post","link":"https:\/\/depeches241.com\/?p=22669","title":{"rendered":"Gabon: apr\u00e8s des volatiles de compagnie, plusieurs sacs de luxe d\u00e9rob\u00e9s chez Ali Bongo\u00a0"},"content":{"rendered":"\n<figure class=\"wp-block-image size-full\"><img fetchpriority=\"high\" decoding=\"async\" width=\"960\" height=\"540\" src=\"https:\/\/depeches241.com\/wp-content\/uploads\/2025\/02\/Sac-ALI.jpg\" alt=\"\" class=\"wp-image-22670\" srcset=\"https:\/\/depeches241.com\/wp-content\/uploads\/2025\/02\/Sac-ALI.jpg 960w, https:\/\/depeches241.com\/wp-content\/uploads\/2025\/02\/Sac-ALI-300x169.jpg 300w, https:\/\/depeches241.com\/wp-content\/uploads\/2025\/02\/Sac-ALI-768x432.jpg 768w\" sizes=\"(max-width: 960px) 100vw, 960px\" \/><figcaption class=\"wp-element-caption\"><strong><em>Ali Bongo Ondimba victime d&rsquo;un autre larcin dans sa r\u00e9sidence <\/em><\/strong><em>\u00a9DR<\/em> <\/figcaption><\/figure>\n\n\n\n<p><strong>Libreville, le 12 f\u00e9vrier 2025 &#8211; (D\u00e9p\u00eaches 241). En d\u00e9cembre dernier, l\u2019ancien Pr\u00e9sident du Gabon, Ali Bongo Ondimba, toujours reclus dans sa r\u00e9sidence de la Sabli\u00e8re, faisait constater un vol de ses oiseaux de compagnie. Aujourd&rsquo;hui, les proches de l\u2019ex Chef d&rsquo;\u00c9tat d\u00e9plorent un nouveau fait de vol: plus de 40 sacs de luxe auraient \u00e9t\u00e9 d\u00e9rob\u00e9s dans la r\u00e9sidence surveill\u00e9e du fils d\u2019Omar Bongo.<\/strong><\/p>\n\n\n\n<p class=\"has-drop-cap\">Le sort semble d\u00e9finitivement s\u2019acharner sur l\u2019ancien Pr\u00e9sident de la R\u00e9publique gabonaise. Victime d\u2019un AVC \u00e0 Riyad en octobre 2018, d\u00e9pos\u00e9 par les militaires en ao\u00fbt 2023, Ali Bongo Ondimba voit aujourd&rsquo;hui son monde s\u2019\u00e9crouler. Apr\u00e8s l\u2019arrestation et l\u2019incarc\u00e9ration \u00e0 la prison centrale de son \u00e9pouse Sylvia et de son fils Noureddine, l\u2019ex Chef d&rsquo;\u00c9tat conna\u00eet une s\u00e9rie de vols myst\u00e9rieux dans sa r\u00e9sidence de la Sabli\u00e8re.<\/p>\n\n\n\n<p>D\u2019abord ses rares oiseaux qui l\u2019accompagnaient pendant sa p\u00e9riode de convalescence en d\u00e9cembre dernier, puis aujourd&rsquo;hui 45 sacs de luxe issus des maisons les plus prestigieuses en Occident, auraient \u00e9t\u00e9 d\u00e9rob\u00e9s par des individus non identifi\u00e9s \u00e0 ce jour. Des vols myst\u00e9rieux qui ne finissent plus de susciter des interrogations, d\u2019autant plus qu&rsquo;ils sont tous signal\u00e9s sans traces d\u2019effraction, \u00e0 l&rsquo;int\u00e9rieur d\u2019une r\u00e9sidence hautement surveill\u00e9e par la Garde R\u00e9publicaine.<\/p>\n\n\n\n<p>Nous y reviendrons.<\/p>\n","protected":false},"excerpt":{"rendered":"<p>Libreville, le 12 f\u00e9vrier 2025 &#8211; (D\u00e9p\u00eaches 241). En d\u00e9cembre dernier, l\u2019ancien Pr\u00e9sident du Gabon, Ali Bongo Ondimba, toujours reclus dans sa r\u00e9sidence de la Sabli\u00e8re, faisait constater un vol de ses oiseaux de compagnie. Aujourd&rsquo;hui, les proches de l\u2019ex Chef d&rsquo;\u00c9tat d\u00e9plorent un nouveau fait de vol: plus de [&hellip;]<\/p>\n","protected":false},"author":18,"featured_media":22670,"comment_status":"open","ping_status":"open","sticky":false,"template":"","format":"standard","meta":{"om_disable_all_campaigns":false,"footnotes":""},"categories":[3,116],"tags":[163,99,59,73,4321],"class_list":{"0":"post-22669","1":"post","2":"type-post","3":"status-publish","4":"format-standard","5":"has-post-thumbnail","7":"category-politique","8":"category-une1","9":"tag-ali-bongo","10":"tag-depeches241","11":"tag-gabon","12":"tag-politique","13":"tag-sacs-de-luxe"},"yoast_head":"<!-- This site is optimized with the Yoast SEO plugin v27.5 - https:\/\/yoast.com\/product\/yoast-seo-wordpress\/ -->\n<title>Gabon: apr\u00e8s des volatiles de compagnie, plusieurs sacs de luxe d\u00e9rob\u00e9s chez Ali Bongo\u00a0 - Groupe D\u00e9p\u00eaches241<\/title>\n<meta name=\"description\" content=\"En d\u00e9cembre dernier, l\u2019ancien Pr\u00e9sident du Gabon, Ali Bongo Ondimba, toujours reclus dans sa r\u00e9sidence de la Sabli\u00e8re, faisait constater un vol de ses oiseaux de compagnie. Aujourd&#039;hui, les proches de l\u2019ex Chef d&#039;\u00c9tat d\u00e9plorent un nouveau fait de vol: plus de 40 sacs de luxe auraient \u00e9t\u00e9 d\u00e9rob\u00e9s dans la r\u00e9sidence surveill\u00e9e du fils d\u2019Omar Bongo.\" \/>\n<meta name=\"robots\" content=\"index, follow, max-snippet:-1, max-image-preview:large, max-video-preview:-1\" \/>\n<link rel=\"canonical\" href=\"https:\/\/depeches241.com\/?p=22669\" \/>\n<meta property=\"og:locale\" content=\"fr_FR\" \/>\n<meta property=\"og:type\" content=\"article\" \/>\n<meta property=\"og:title\" content=\"Gabon: apr\u00e8s des volatiles de compagnie, plusieurs sacs de luxe d\u00e9rob\u00e9s chez Ali Bongo\u00a0 - Groupe D\u00e9p\u00eaches241\" \/>\n<meta property=\"og:description\" content=\"En d\u00e9cembre dernier, l\u2019ancien Pr\u00e9sident du Gabon, Ali Bongo Ondimba, toujours reclus dans sa r\u00e9sidence de la Sabli\u00e8re, faisait constater un vol de ses oiseaux de compagnie. Aujourd&#039;hui, les proches de l\u2019ex Chef d&#039;\u00c9tat d\u00e9plorent un nouveau fait de vol: plus de 40 sacs de luxe auraient \u00e9t\u00e9 d\u00e9rob\u00e9s dans la r\u00e9sidence surveill\u00e9e du fils d\u2019Omar Bongo.\" \/>\n<meta property=\"og:url\" content=\"https:\/\/depeches241.com\/?p=22669\" \/>\n<meta property=\"og:site_name\" content=\"Groupe D\u00e9p\u00eaches241\" \/>\n<meta property=\"article:publisher\" content=\"https:\/\/www.facebook.com\/depeches241\" \/>\n<meta property=\"article:published_time\" content=\"2025-02-12T11:35:11+00:00\" \/>\n<meta property=\"article:modified_time\" content=\"2025-02-12T11:35:13+00:00\" \/>\n<meta property=\"og:image\" content=\"http:\/\/depeches241.com\/wp-content\/uploads\/2025\/02\/Sac-ALI.jpg\" \/>\n\t<meta property=\"og:image:width\" content=\"960\" \/>\n\t<meta property=\"og:image:height\" content=\"540\" \/>\n\t<meta property=\"og:image:type\" content=\"image\/jpeg\" \/>\n<meta name=\"author\" content=\"Fabien BIBANG\" \/>\n<meta name=\"twitter:card\" content=\"summary_large_image\" \/>\n<meta name=\"twitter:label1\" content=\"\u00c9crit par\" \/>\n\t<meta name=\"twitter:data1\" content=\"Fabien BIBANG\" \/>\n\t<meta name=\"twitter:label2\" content=\"Dur\u00e9e de lecture estim\u00e9e\" \/>\n\t<meta name=\"twitter:data2\" content=\"1 minute\" \/>\n<script type=\"application\/ld+json\" class=\"yoast-schema-graph\">{\"@context\":\"https:\\\/\\\/schema.org\",\"@graph\":[{\"@type\":\"Article\",\"@id\":\"https:\\\/\\\/depeches241.com\\\/?p=22669#article\",\"isPartOf\":{\"@id\":\"https:\\\/\\\/depeches241.com\\\/?p=22669\"},\"author\":{\"name\":\"Fabien BIBANG\",\"@id\":\"https:\\\/\\\/depeches241.com\\\/#\\\/schema\\\/person\\\/1901eab6e51ac627fab3abccbd181d4e\"},\"headline\":\"Gabon: apr\u00e8s des volatiles de compagnie, plusieurs sacs de luxe d\u00e9rob\u00e9s chez Ali Bongo\u00a0\",\"datePublished\":\"2025-02-12T11:35:11+00:00\",\"dateModified\":\"2025-02-12T11:35:13+00:00\",\"mainEntityOfPage\":{\"@id\":\"https:\\\/\\\/depeches241.com\\\/?p=22669\"},\"wordCount\":274,\"commentCount\":0,\"publisher\":{\"@id\":\"https:\\\/\\\/depeches241.com\\\/#organization\"},\"image\":{\"@id\":\"https:\\\/\\\/depeches241.com\\\/?p=22669#primaryimage\"},\"thumbnailUrl\":\"https:\\\/\\\/depeches241.com\\\/wp-content\\\/uploads\\\/2025\\\/02\\\/Sac-ALI.jpg\",\"keywords\":[\"Ali Bongo\",\"depeches241\",\"Gabon\",\"Politique\",\"Sacs de Luxe\"],\"articleSection\":[\"POLITIQUE\",\"Une1\"],\"inLanguage\":\"fr-FR\",\"potentialAction\":[{\"@type\":\"CommentAction\",\"name\":\"Comment\",\"target\":[\"https:\\\/\\\/depeches241.com\\\/?p=22669#respond\"]}]},{\"@type\":\"WebPage\",\"@id\":\"https:\\\/\\\/depeches241.com\\\/?p=22669\",\"url\":\"https:\\\/\\\/depeches241.com\\\/?p=22669\",\"name\":\"Gabon: apr\u00e8s des volatiles de compagnie, plusieurs sacs de luxe d\u00e9rob\u00e9s chez Ali Bongo\u00a0 - Groupe D\u00e9p\u00eaches241\",\"isPartOf\":{\"@id\":\"https:\\\/\\\/depeches241.com\\\/#website\"},\"primaryImageOfPage\":{\"@id\":\"https:\\\/\\\/depeches241.com\\\/?p=22669#primaryimage\"},\"image\":{\"@id\":\"https:\\\/\\\/depeches241.com\\\/?p=22669#primaryimage\"},\"thumbnailUrl\":\"https:\\\/\\\/depeches241.com\\\/wp-content\\\/uploads\\\/2025\\\/02\\\/Sac-ALI.jpg\",\"datePublished\":\"2025-02-12T11:35:11+00:00\",\"dateModified\":\"2025-02-12T11:35:13+00:00\",\"description\":\"En d\u00e9cembre dernier, l\u2019ancien Pr\u00e9sident du Gabon, Ali Bongo Ondimba, toujours reclus dans sa r\u00e9sidence de la Sabli\u00e8re, faisait constater un vol de ses oiseaux de compagnie. Aujourd'hui, les proches de l\u2019ex Chef d'\u00c9tat d\u00e9plorent un nouveau fait de vol: plus de 40 sacs de luxe auraient \u00e9t\u00e9 d\u00e9rob\u00e9s dans la r\u00e9sidence surveill\u00e9e du fils d\u2019Omar Bongo.\",\"breadcrumb\":{\"@id\":\"https:\\\/\\\/depeches241.com\\\/?p=22669#breadcrumb\"},\"inLanguage\":\"fr-FR\",\"potentialAction\":[{\"@type\":\"ReadAction\",\"target\":[\"https:\\\/\\\/depeches241.com\\\/?p=22669\"]}]},{\"@type\":\"ImageObject\",\"inLanguage\":\"fr-FR\",\"@id\":\"https:\\\/\\\/depeches241.com\\\/?p=22669#primaryimage\",\"url\":\"https:\\\/\\\/depeches241.com\\\/wp-content\\\/uploads\\\/2025\\\/02\\\/Sac-ALI.jpg\",\"contentUrl\":\"https:\\\/\\\/depeches241.com\\\/wp-content\\\/uploads\\\/2025\\\/02\\\/Sac-ALI.jpg\",\"width\":960,\"height\":540},{\"@type\":\"BreadcrumbList\",\"@id\":\"https:\\\/\\\/depeches241.com\\\/?p=22669#breadcrumb\",\"itemListElement\":[{\"@type\":\"ListItem\",\"position\":1,\"name\":\"Accueil\",\"item\":\"https:\\\/\\\/depeches241.com\\\/\"},{\"@type\":\"ListItem\",\"position\":2,\"name\":\"Gabon: apr\u00e8s des volatiles de compagnie, plusieurs sacs de luxe d\u00e9rob\u00e9s chez Ali Bongo\u00a0\"}]},{\"@type\":\"WebSite\",\"@id\":\"https:\\\/\\\/depeches241.com\\\/#website\",\"url\":\"https:\\\/\\\/depeches241.com\\\/\",\"name\":\"D\u00e9p\u00eaches241\",\"description\":\"M\u00e9dia d&#039;actualit\u00e9 Politique, \u00c9conomique, Sociale et Internationale\",\"publisher\":{\"@id\":\"https:\\\/\\\/depeches241.com\\\/#organization\"},\"potentialAction\":[{\"@type\":\"SearchAction\",\"target\":{\"@type\":\"EntryPoint\",\"urlTemplate\":\"https:\\\/\\\/depeches241.com\\\/?s={search_term_string}\"},\"query-input\":{\"@type\":\"PropertyValueSpecification\",\"valueRequired\":true,\"valueName\":\"search_term_string\"}}],\"inLanguage\":\"fr-FR\"},{\"@type\":\"Organization\",\"@id\":\"https:\\\/\\\/depeches241.com\\\/#organization\",\"name\":\"Groupe D\u00e9p\u00eaches241\",\"url\":\"https:\\\/\\\/depeches241.com\\\/\",\"logo\":{\"@type\":\"ImageObject\",\"inLanguage\":\"fr-FR\",\"@id\":\"https:\\\/\\\/depeches241.com\\\/#\\\/schema\\\/logo\\\/image\\\/\",\"url\":\"https:\\\/\\\/depeches241.com\\\/wp-content\\\/uploads\\\/2021\\\/10\\\/cropped-Logo-new-Accueil.png\",\"contentUrl\":\"https:\\\/\\\/depeches241.com\\\/wp-content\\\/uploads\\\/2021\\\/10\\\/cropped-Logo-new-Accueil.png\",\"width\":320,\"height\":105,\"caption\":\"Groupe D\u00e9p\u00eaches241\"},\"image\":{\"@id\":\"https:\\\/\\\/depeches241.com\\\/#\\\/schema\\\/logo\\\/image\\\/\"},\"sameAs\":[\"https:\\\/\\\/www.facebook.com\\\/depeches241\"]},{\"@type\":\"Person\",\"@id\":\"https:\\\/\\\/depeches241.com\\\/#\\\/schema\\\/person\\\/1901eab6e51ac627fab3abccbd181d4e\",\"name\":\"Fabien BIBANG\",\"image\":{\"@type\":\"ImageObject\",\"inLanguage\":\"fr-FR\",\"@id\":\"https:\\\/\\\/secure.gravatar.com\\\/avatar\\\/18bb838415fc126d966f8ac8e32711b2843c5ba6e35a2e6699a14ef69705dc76?s=96&d=mm&r=g\",\"url\":\"https:\\\/\\\/secure.gravatar.com\\\/avatar\\\/18bb838415fc126d966f8ac8e32711b2843c5ba6e35a2e6699a14ef69705dc76?s=96&d=mm&r=g\",\"contentUrl\":\"https:\\\/\\\/secure.gravatar.com\\\/avatar\\\/18bb838415fc126d966f8ac8e32711b2843c5ba6e35a2e6699a14ef69705dc76?s=96&d=mm&r=g\",\"caption\":\"Fabien BIBANG\"},\"description\":\"Fabien BIBANG est dipl\u00f6m\u00e9 en Philosophie et Lettres. Son amour pour la lecture, l'histoire et les arts, ainsi que son engagement sur le front social l'ont tr\u00e8s t\u00f4t conduit sur les antennes des cha\u00eenes de t\u00e9l\u00e9s et radios pour y d\u00e9fendre ses postures. Sp\u00e9cialiste des questions socio-politiques, il re\u00e7oit le Prix Encouragements au Concours M\u00e9dias UNICEF en novembre 2022\",\"url\":\"https:\\\/\\\/depeches241.com\\\/?author=18\"}]}<\/script>\n<!-- \/ Yoast SEO plugin. -->","yoast_head_json":{"title":"Gabon: apr\u00e8s des volatiles de compagnie, plusieurs sacs de luxe d\u00e9rob\u00e9s chez Ali Bongo\u00a0 - Groupe D\u00e9p\u00eaches241","description":"En d\u00e9cembre dernier, l\u2019ancien Pr\u00e9sident du Gabon, Ali Bongo Ondimba, toujours reclus dans sa r\u00e9sidence de la Sabli\u00e8re, faisait constater un vol de ses oiseaux de compagnie. Aujourd'hui, les proches de l\u2019ex Chef d'\u00c9tat d\u00e9plorent un nouveau fait de vol: plus de 40 sacs de luxe auraient \u00e9t\u00e9 d\u00e9rob\u00e9s dans la r\u00e9sidence surveill\u00e9e du fils d\u2019Omar Bongo.","robots":{"index":"index","follow":"follow","max-snippet":"max-snippet:-1","max-image-preview":"max-image-preview:large","max-video-preview":"max-video-preview:-1"},"canonical":"https:\/\/depeches241.com\/?p=22669","og_locale":"fr_FR","og_type":"article","og_title":"Gabon: apr\u00e8s des volatiles de compagnie, plusieurs sacs de luxe d\u00e9rob\u00e9s chez Ali Bongo\u00a0 - Groupe D\u00e9p\u00eaches241","og_description":"En d\u00e9cembre dernier, l\u2019ancien Pr\u00e9sident du Gabon, Ali Bongo Ondimba, toujours reclus dans sa r\u00e9sidence de la Sabli\u00e8re, faisait constater un vol de ses oiseaux de compagnie. Aujourd'hui, les proches de l\u2019ex Chef d'\u00c9tat d\u00e9plorent un nouveau fait de vol: plus de 40 sacs de luxe auraient \u00e9t\u00e9 d\u00e9rob\u00e9s dans la r\u00e9sidence surveill\u00e9e du fils d\u2019Omar Bongo.","og_url":"https:\/\/depeches241.com\/?p=22669","og_site_name":"Groupe D\u00e9p\u00eaches241","article_publisher":"https:\/\/www.facebook.com\/depeches241","article_published_time":"2025-02-12T11:35:11+00:00","article_modified_time":"2025-02-12T11:35:13+00:00","og_image":[{"width":960,"height":540,"url":"http:\/\/depeches241.com\/wp-content\/uploads\/2025\/02\/Sac-ALI.jpg","type":"image\/jpeg"}],"author":"Fabien BIBANG","twitter_card":"summary_large_image","twitter_misc":{"\u00c9crit par":"Fabien BIBANG","Dur\u00e9e de lecture estim\u00e9e":"1 minute"},"schema":{"@context":"https:\/\/schema.org","@graph":[{"@type":"Article","@id":"https:\/\/depeches241.com\/?p=22669#article","isPartOf":{"@id":"https:\/\/depeches241.com\/?p=22669"},"author":{"name":"Fabien BIBANG","@id":"https:\/\/depeches241.com\/#\/schema\/person\/1901eab6e51ac627fab3abccbd181d4e"},"headline":"Gabon: apr\u00e8s des volatiles de compagnie, plusieurs sacs de luxe d\u00e9rob\u00e9s chez Ali Bongo\u00a0","datePublished":"2025-02-12T11:35:11+00:00","dateModified":"2025-02-12T11:35:13+00:00","mainEntityOfPage":{"@id":"https:\/\/depeches241.com\/?p=22669"},"wordCount":274,"commentCount":0,"publisher":{"@id":"https:\/\/depeches241.com\/#organization"},"image":{"@id":"https:\/\/depeches241.com\/?p=22669#primaryimage"},"thumbnailUrl":"https:\/\/depeches241.com\/wp-content\/uploads\/2025\/02\/Sac-ALI.jpg","keywords":["Ali Bongo","depeches241","Gabon","Politique","Sacs de Luxe"],"articleSection":["POLITIQUE","Une1"],"inLanguage":"fr-FR","potentialAction":[{"@type":"CommentAction","name":"Comment","target":["https:\/\/depeches241.com\/?p=22669#respond"]}]},{"@type":"WebPage","@id":"https:\/\/depeches241.com\/?p=22669","url":"https:\/\/depeches241.com\/?p=22669","name":"Gabon: apr\u00e8s des volatiles de compagnie, plusieurs sacs de luxe d\u00e9rob\u00e9s chez Ali Bongo\u00a0 - Groupe D\u00e9p\u00eaches241","isPartOf":{"@id":"https:\/\/depeches241.com\/#website"},"primaryImageOfPage":{"@id":"https:\/\/depeches241.com\/?p=22669#primaryimage"},"image":{"@id":"https:\/\/depeches241.com\/?p=22669#primaryimage"},"thumbnailUrl":"https:\/\/depeches241.com\/wp-content\/uploads\/2025\/02\/Sac-ALI.jpg","datePublished":"2025-02-12T11:35:11+00:00","dateModified":"2025-02-12T11:35:13+00:00","description":"En d\u00e9cembre dernier, l\u2019ancien Pr\u00e9sident du Gabon, Ali Bongo Ondimba, toujours reclus dans sa r\u00e9sidence de la Sabli\u00e8re, faisait constater un vol de ses oiseaux de compagnie. Aujourd'hui, les proches de l\u2019ex Chef d'\u00c9tat d\u00e9plorent un nouveau fait de vol: plus de 40 sacs de luxe auraient \u00e9t\u00e9 d\u00e9rob\u00e9s dans la r\u00e9sidence surveill\u00e9e du fils d\u2019Omar Bongo.","breadcrumb":{"@id":"https:\/\/depeches241.com\/?p=22669#breadcrumb"},"inLanguage":"fr-FR","potentialAction":[{"@type":"ReadAction","target":["https:\/\/depeches241.com\/?p=22669"]}]},{"@type":"ImageObject","inLanguage":"fr-FR","@id":"https:\/\/depeches241.com\/?p=22669#primaryimage","url":"https:\/\/depeches241.com\/wp-content\/uploads\/2025\/02\/Sac-ALI.jpg","contentUrl":"https:\/\/depeches241.com\/wp-content\/uploads\/2025\/02\/Sac-ALI.jpg","width":960,"height":540},{"@type":"BreadcrumbList","@id":"https:\/\/depeches241.com\/?p=22669#breadcrumb","itemListElement":[{"@type":"ListItem","position":1,"name":"Accueil","item":"https:\/\/depeches241.com\/"},{"@type":"ListItem","position":2,"name":"Gabon: apr\u00e8s des volatiles de compagnie, plusieurs sacs de luxe d\u00e9rob\u00e9s chez Ali Bongo\u00a0"}]},{"@type":"WebSite","@id":"https:\/\/depeches241.com\/#website","url":"https:\/\/depeches241.com\/","name":"D\u00e9p\u00eaches241","description":"M\u00e9dia d&#039;actualit\u00e9 Politique, \u00c9conomique, Sociale et Internationale","publisher":{"@id":"https:\/\/depeches241.com\/#organization"},"potentialAction":[{"@type":"SearchAction","target":{"@type":"EntryPoint","urlTemplate":"https:\/\/depeches241.com\/?s={search_term_string}"},"query-input":{"@type":"PropertyValueSpecification","valueRequired":true,"valueName":"search_term_string"}}],"inLanguage":"fr-FR"},{"@type":"Organization","@id":"https:\/\/depeches241.com\/#organization","name":"Groupe D\u00e9p\u00eaches241","url":"https:\/\/depeches241.com\/","logo":{"@type":"ImageObject","inLanguage":"fr-FR","@id":"https:\/\/depeches241.com\/#\/schema\/logo\/image\/","url":"https:\/\/depeches241.com\/wp-content\/uploads\/2021\/10\/cropped-Logo-new-Accueil.png","contentUrl":"https:\/\/depeches241.com\/wp-content\/uploads\/2021\/10\/cropped-Logo-new-Accueil.png","width":320,"height":105,"caption":"Groupe D\u00e9p\u00eaches241"},"image":{"@id":"https:\/\/depeches241.com\/#\/schema\/logo\/image\/"},"sameAs":["https:\/\/www.facebook.com\/depeches241"]},{"@type":"Person","@id":"https:\/\/depeches241.com\/#\/schema\/person\/1901eab6e51ac627fab3abccbd181d4e","name":"Fabien BIBANG","image":{"@type":"ImageObject","inLanguage":"fr-FR","@id":"https:\/\/secure.gravatar.com\/avatar\/18bb838415fc126d966f8ac8e32711b2843c5ba6e35a2e6699a14ef69705dc76?s=96&d=mm&r=g","url":"https:\/\/secure.gravatar.com\/avatar\/18bb838415fc126d966f8ac8e32711b2843c5ba6e35a2e6699a14ef69705dc76?s=96&d=mm&r=g","contentUrl":"https:\/\/secure.gravatar.com\/avatar\/18bb838415fc126d966f8ac8e32711b2843c5ba6e35a2e6699a14ef69705dc76?s=96&d=mm&r=g","caption":"Fabien BIBANG"},"description":"Fabien BIBANG est dipl\u00f6m\u00e9 en Philosophie et Lettres. Son amour pour la lecture, l'histoire et les arts, ainsi que son engagement sur le front social l'ont tr\u00e8s t\u00f4t conduit sur les antennes des cha\u00eenes de t\u00e9l\u00e9s et radios pour y d\u00e9fendre ses postures. Sp\u00e9cialiste des questions socio-politiques, il re\u00e7oit le Prix Encouragements au Concours M\u00e9dias UNICEF en novembre 2022","url":"https:\/\/depeches241.com\/?author=18"}]}},"_links":{"self":[{"href":"https:\/\/depeches241.com\/index.php?rest_route=\/wp\/v2\/posts\/22669","targetHints":{"allow":["GET"]}}],"collection":[{"href":"https:\/\/depeches241.com\/index.php?rest_route=\/wp\/v2\/posts"}],"about":[{"href":"https:\/\/depeches241.com\/index.php?rest_route=\/wp\/v2\/types\/post"}],"author":[{"embeddable":true,"href":"https:\/\/depeches241.com\/index.php?rest_route=\/wp\/v2\/users\/18"}],"replies":[{"embeddable":true,"href":"https:\/\/depeches241.com\/index.php?rest_route=%2Fwp%2Fv2%2Fcomments&post=22669"}],"version-history":[{"count":1,"href":"https:\/\/depeches241.com\/index.php?rest_route=\/wp\/v2\/posts\/22669\/revisions"}],"predecessor-version":[{"id":22671,"href":"https:\/\/depeches241.com\/index.php?rest_route=\/wp\/v2\/posts\/22669\/revisions\/22671"}],"wp:featuredmedia":[{"embeddable":true,"href":"https:\/\/depeches241.com\/index.php?rest_route=\/wp\/v2\/media\/22670"}],"wp:attachment":[{"href":"https:\/\/depeches241.com\/index.php?rest_route=%2Fwp%2Fv2%2Fmedia&parent=22669"}],"wp:term":[{"taxonomy":"category","embeddable":true,"href":"https:\/\/depeches241.com\/index.php?rest_route=%2Fwp%2Fv2%2Fcategories&post=22669"},{"taxonomy":"post_tag","embeddable":true,"href":"https:\/\/depeches241.com\/index.php?rest_route=%2Fwp%2Fv2%2Ftags&post=22669"}],"curies":[{"name":"wp","href":"https:\/\/api.w.org\/{rel}","templated":true}]}}