{"id":22711,"date":"2025-02-17T22:01:57","date_gmt":"2025-02-17T21:01:57","guid":{"rendered":"https:\/\/depeches241.com\/?p=22711"},"modified":"2025-02-17T22:01:58","modified_gmt":"2025-02-17T21:01:58","slug":"gabon-apres-les-preuves-apportees-par-ludis-objectivement-opiangah-doit-rentrer","status":"publish","type":"post","link":"https:\/\/depeches241.com\/?p=22711","title":{"rendered":"Gabon: apr\u00e8s les preuves apport\u00e9es par\u00a0 l\u2019UDIS,\u00a0 objectivement Opiangah doit rentrer !\u00a0"},"content":{"rendered":"\n<figure class=\"wp-block-image size-full\"><img fetchpriority=\"high\" decoding=\"async\" width=\"960\" height=\"540\" src=\"http:\/\/depeches241.com\/wp-content\/uploads\/2024\/11\/on-ne-sest-pas-dit-.jpg\" alt=\"\" class=\"wp-image-21552\" srcset=\"https:\/\/depeches241.com\/wp-content\/uploads\/2024\/11\/on-ne-sest-pas-dit-.jpg 960w, https:\/\/depeches241.com\/wp-content\/uploads\/2024\/11\/on-ne-sest-pas-dit--300x169.jpg 300w, https:\/\/depeches241.com\/wp-content\/uploads\/2024\/11\/on-ne-sest-pas-dit--768x432.jpg 768w\" sizes=\"(max-width: 960px) 100vw, 960px\" \/><figcaption class=\"wp-element-caption\"><strong><em>Brice Oligui Nguema, pr\u00e9sident de la Transition doit jouer un r\u00f4le important pour le retour au pays de Herv\u00e9 Patrick Opiangah <\/em><\/strong><\/figcaption><\/figure>\n\n\n\n<p><strong>Libreville, le 17 f\u00e9vrier 2025-(D\u00e9p\u00eaches 241). Le 13 f\u00e9vrier dernier, l\u2019Union pour la D\u00e9mocratie et l&rsquo;Int\u00e9gration Sociale (UDIS), le Parti fond\u00e9 par Herv\u00e9 Patrick Opiangah, faisait une nouvelle d\u00e9claration en mettant en lumi\u00e8re les mensonges \u00e9hont\u00e9s du Procureur g\u00e9n\u00e9ral pr\u00e8s le Tribunal de Premi\u00e8re Instance de Libreville, Bruno Obiang Mv\u00e9, dans la proc\u00e9dure judiciaire initi\u00e9e en novembre dernier contre leur leader. \u00c0 la suite des r\u00e9v\u00e9lations graves faites par l&rsquo;UDIS sur les mensonges et le parjure du ma\u00eetre des poursuites dans l\u2019affaire HPO, l&rsquo;opinion s\u2019interroge d\u00e9sormais sur la pertinence du maintien des poursuites, mais surtout sur la date du retour au pays de l&rsquo;homme d&rsquo;affaires.<\/strong><\/p>\n\n\n\n<p>Le 13 novembre dernier, quelques heures apr\u00e8s la premi\u00e8re sortie de l\u2019UDIS sur l\u2019affaire HPO , Bruno Obiang Mv\u00e9, Procureur g\u00e9n\u00e9ral pr\u00e8s le Tribunal de Premi\u00e8re Instance de Libreville \u00e9trangement, se pr\u00e9sentait devant les Gabonais pour lire une d\u00e9claration \u00e0 la premi\u00e8re cha\u00eene de t\u00e9l\u00e9vision nationale.&nbsp;<\/p>\n\n\n\n<p>La voix haletante, le rythme respiratoire instable, une diction emprunt\u00e9e, c\u2019est un Bruno Obiang Mve peu rassurant et visiblement tr\u00e8s peu \u00e0 l\u2019aise avec ses propos qui s\u2019\u00e9tait r\u00e9v\u00e9l\u00e9 \u00e0 l&rsquo;opinion ce jour au moment d\u2019apporter des clarifications sur les contours de la proc\u00e9dure judiciaire impliquant Herv\u00e9 Patrick Opiangah. Si ce jour, certains compatriotes avaient tr\u00e8s bien per\u00e7u et soulign\u00e9 ce malaise \u00e0 la lecture du communiqu\u00e9 par le Procureur, les r\u00e9cents \u00e9v\u00e9nements, viennent d\u2019apporter des r\u00e9ponses sur la gaucherie perceptible du ma\u00eetre des poursuites ce soir-l\u00e0.&nbsp;&nbsp;<\/p>\n\n\n\n<p><strong>Bruno Obiang Mve pris en flagrant d\u00e9lit de mensonge&nbsp;<\/strong><\/p>\n\n\n\n<p>En r\u00e9alit\u00e9, le Procureur de la R\u00e9publique, celui qui a pr\u00eat\u00e9 serment et jur\u00e9 de <strong><em>\u00ab rendre justice au nom du Peuple Gabonais \u00bb <\/em><\/strong>se vautrait en ce moment dans une mensonge&nbsp; sans vergogne en donnant des informations fausses et mont\u00e9es de toute pi\u00e8ce sur la proc\u00e9dure lanc\u00e9e contre Herv\u00e9 Patrick Opiangah,&nbsp; \u00e9voquant au passage&nbsp; une plainte d\u00e9pos\u00e9e le 14 novembre qui n\u2019a jamais exist\u00e9. <strong><em>\u00ab Le 14 novembre 2024 madame B.L domicili\u00e9e \u00e0 Libreville d\u00e9posait au Parquet de la R\u00e9publique une plainte contre HPO son ex concubin pour viol et inceste sur leur fille commune la nomm\u00e9e O.M.E. \u00bb<\/em><\/strong>, avait d\u00e9clar\u00e9 le Procureur ce jour.<\/p>\n\n\n\n<p>\u00c0 cette sortie du Procureur, l\u2019UDIS s\u2019est imm\u00e9diatement employ\u00e9e \u00e0 apporter de mani\u00e8re \u00e9loquente des \u00e9l\u00e9ments de contradictions et d\u2019incoh\u00e9rences dans la proc\u00e9dure judiciaire qui vise leur Pr\u00e9sident. <strong><em>\u00ab Dans la proc\u00e9dure judiciaire initi\u00e9e contre le Pr\u00e9sident-Fondateur de notre formation politique, pour des faits suppos\u00e9s de viol et inceste, au dela des vices de proc\u00e9dure flagrants, le ma\u00eetre des poursuites qui n\u2019a jamais pu situer, d\u00e9terminer, ni prouver les faits dans l\u2019espace et dans le temps, s\u2019est heurt\u00e9 \u00e0 l\u2019impossibilit\u00e9 de constituer en droit, les griefs qui sont reproch\u00e9es \u00e0 notre Pr\u00e9sident \u00bb,<\/em><\/strong> a indiqu\u00e9 l\u2019UDIS dans une r\u00e9cente sortie.<\/p>\n\n\n\n<p>Pire, dans sa sortie du 13 f\u00e9vrier dernier, le Directoire provisoire du Parti a dit disposer d\u2019\u00e9l\u00e9ments mat\u00e9riels prouvant le mensonge du Procureur Bruno Obiang Mv\u00e9 sur sa d\u00e9claration du 13 novembre 2024 dans l&rsquo;affaire HPO. <strong><em>\u00ab L\u2019UDIS tient en sa possession des preuves irr\u00e9futables que la plainte de Madame Lucie Biloghe n\u2019a \u00e9t\u00e9 introduite qu\u2019a posteriori, c\u2019est-\u00e0-dire, le 25 novembre 2024, et non le 14 novembre 2024, comme le d\u00e9clarait et l\u2019affirmait le procureur de la R\u00e9publique \u00bb<\/em><\/strong>, a derni\u00e8rement d\u00e9clar\u00e9 Cynthia Lays Amorissani, Secr\u00e9taire Permanente de l&rsquo;UDIS.&nbsp;<\/p>\n\n\n\n<p><strong>La contre-attaque de l\u2019UDIS qui met \u00e0 nu un scandale d\u2019\u00c9tat&nbsp;<\/strong><\/p>\n\n\n\n<p>Une situation que regrettent aujourd&rsquo;hui les membres de l\u2019UDIS, qui se d\u00e9solent toujours du manque d\u2019ind\u00e9pendance de la justice gabonaise, m\u00eame par ces temps de Transition. <strong><em>\u00ab Notre famille politique constate, pour le d\u00e9plorer, qu\u2019apr\u00e8s avoir \u00e9puis\u00e9 tant de voies de recours pour faire entendre raison, et malgr\u00e9 la flagrance d\u2019un dossier de poursuite grotesquement instrumentalis\u00e9, la justice de notre pays qui demeure sourde, a donc d\u00e9cid\u00e9 d\u2019assumer publiquement la honte et la forfaiture, en nous entra\u00eenant dans une nouvelle \u00e8re : celle du NON-DROIT ABSOLU \u00bb,<\/em><\/strong> a ajout\u00e9 la Secr\u00e9taire Permanente lors de sa d\u00e9claration.<\/p>\n\n\n\n<p>Au regard de l\u2019absence d\u2019\u00e9l\u00e9ments pouvant encore justifier le maintien des poursuites contre celui qui est affectueusement appel\u00e9 HPO, ses militants ont appel\u00e9 sans d\u00e9tours et sans d\u00e9lai \u00e0 son retour au pays. <strong><em>\u00ab L\u2019UDIS appelle solennellement au retour de son Pr\u00e9sident, monsieur Herv\u00e9 Patrick OPIANGAH\u2024 Oui, il est temps que notre Pr\u00e9sident soit r\u00e9habilit\u00e9, que son honneur soit lav\u00e9 et qu\u2019il reprenne sa place active dans notre soci\u00e9t\u00e9 \u00bb<\/em><\/strong>, avait-elle conclu lors de sa d\u00e9claration du 28 janvier dernier.&nbsp;<\/p>\n\n\n\n<p><strong>Objectivement Opiangah doit regagner sa terre natale&nbsp;<\/strong><\/p>\n\n\n\n<p>Ces informations et cette d\u00e9nonciation de la perversion manifeste de la justice gabonaise, avec elle le Procureur de la R\u00e9publique et la doyenne des juges d\u2019instruction, au del\u00e0 de la forfaiture qu\u2019elles consacrent du reste, \u00e9tablissent un fait: Herv\u00e9 Patrick Opiangah ne s\u2019est jamais retrouv\u00e9 dans une situation susceptible de justifier l\u2019action publique d\u00e9clench\u00e9e \u00e0 son encontre. C\u2019est une r\u00e9alit\u00e9, une \u00e9vidence et un fait insusceptible de recours.&nbsp;&nbsp;<\/p>\n\n\n\n<p>Si la justice a \u00e9t\u00e9 mise aux trousses de ce compatriote sur la base d\u2019aucun \u00e9l\u00e9ment l\u00e9gal, constatant qu\u2019aucune plainte n\u2019a \u00e9t\u00e9 d\u00e9pos\u00e9e le 14 novembre, constatant que c\u2019est \u00e0 raison qu\u2019il a d\u00fb quitter le pays et constatant que le maintien des poursuites ne saurait se justifier, seul le retour de l\u2019homme d\u2019affaires est aujourd\u2019hui envisageable pour mettre fin \u00e0 cette saga qui n\u2019honore pas le Gabon et ses institutions dans le concert des Nations .&nbsp;<\/p>\n\n\n\n<p>Un retour dans les r\u00e8gles de l\u2019art est plus que jamais attendu dans un contexte o\u00f9 le Pr\u00e9sident de la Transition, Chef de l\u2019Etat, par ailleurs Pr\u00e9sident&nbsp; du Conseil Sup\u00e9rieur de la Magistrature et garant de la protection des hommes et des biens, a tenu un discours sage r\u00e9cemment. Apr\u00e8s les \u00e9v\u00e9nements de Mitzic, Brice Clotaire Oligui Nguema a tenu \u00e0 rappeler la n\u00e9cessit\u00e9 de plaider l\u2019unit\u00e9 nationale <strong><em>\u00ab Le Gabon nous appartient \u00e0 nous tous \u00bb, <\/em><\/strong>a-t-il d\u00e9clar\u00e9. Oui ! Monsieur le Pr\u00e9sident Herv\u00e9 Patrick Opiangah est un fils du Gabon, il y a toute sa vie, son essence, sa famille, ses investissements, c\u2019est pourquoi de fa\u00e7on objective, Opiangah doit rentrer.&nbsp;<\/p>\n","protected":false},"excerpt":{"rendered":"<p>Libreville, le 17 f\u00e9vrier 2025-(D\u00e9p\u00eaches 241). Le 13 f\u00e9vrier dernier, l\u2019Union pour la D\u00e9mocratie et l&rsquo;Int\u00e9gration Sociale (UDIS), le Parti fond\u00e9 par Herv\u00e9 Patrick Opiangah, faisait une nouvelle d\u00e9claration en mettant en lumi\u00e8re les mensonges \u00e9hont\u00e9s du Procureur g\u00e9n\u00e9ral pr\u00e8s le Tribunal de Premi\u00e8re Instance de Libreville, Bruno Obiang Mv\u00e9, [&hellip;]<\/p>\n","protected":false},"author":11,"featured_media":21552,"comment_status":"open","ping_status":"open","sticky":false,"template":"","format":"standard","meta":{"om_disable_all_campaigns":false,"footnotes":""},"categories":[10,117],"tags":[99,59,4293,4328,73],"class_list":{"0":"post-22711","1":"post","2":"type-post","3":"status-publish","4":"format-standard","5":"has-post-thumbnail","7":"category-editorial","8":"category-une2","9":"tag-depeches241","10":"tag-gabon","11":"tag-oligui","12":"tag-opiangah","13":"tag-politique"},"yoast_head":"<!-- This site is optimized with the Yoast SEO plugin v27.5 - https:\/\/yoast.com\/product\/yoast-seo-wordpress\/ -->\n<title>Gabon: apr\u00e8s les preuves apport\u00e9es par\u00a0 l\u2019UDIS,\u00a0 objectivement Opiangah doit rentrer !\u00a0 - Groupe D\u00e9p\u00eaches241<\/title>\n<meta name=\"description\" content=\"Le 13 f\u00e9vrier dernier, l\u2019Union pour la D\u00e9mocratie et l&#039;Int\u00e9gration Sociale (UDIS), le Parti fond\u00e9 par Herv\u00e9 Patrick Opiangah, faisait une nouvelle d\u00e9claration en mettant en lumi\u00e8re les mensonges \u00e9hont\u00e9s du Procureur g\u00e9n\u00e9ral pr\u00e8s le Tribunal de Premi\u00e8re Instance de Libreville, Bruno Obiang Mv\u00e9, dans la proc\u00e9dure judiciaire initi\u00e9e en novembre dernier contre leur leader. \u00c0 la suite des r\u00e9v\u00e9lations graves faites par l&#039;UDIS sur les mensonges et le parjure du ma\u00eetre des poursuites dans l\u2019affaire HPO, l&#039;opinion s\u2019interroge d\u00e9sormais sur la pertinence du maintien des poursuites, mais surtout sur la date du retour au pays de l&#039;homme d&#039;affaires.\" \/>\n<meta name=\"robots\" content=\"index, follow, max-snippet:-1, max-image-preview:large, max-video-preview:-1\" \/>\n<link rel=\"canonical\" href=\"https:\/\/depeches241.com\/?p=22711\" \/>\n<meta property=\"og:locale\" content=\"fr_FR\" \/>\n<meta property=\"og:type\" content=\"article\" \/>\n<meta property=\"og:title\" content=\"Gabon: apr\u00e8s les preuves apport\u00e9es par\u00a0 l\u2019UDIS,\u00a0 objectivement Opiangah doit rentrer !\u00a0 - Groupe D\u00e9p\u00eaches241\" \/>\n<meta property=\"og:description\" content=\"Le 13 f\u00e9vrier dernier, l\u2019Union pour la D\u00e9mocratie et l&#039;Int\u00e9gration Sociale (UDIS), le Parti fond\u00e9 par Herv\u00e9 Patrick Opiangah, faisait une nouvelle d\u00e9claration en mettant en lumi\u00e8re les mensonges \u00e9hont\u00e9s du Procureur g\u00e9n\u00e9ral pr\u00e8s le Tribunal de Premi\u00e8re Instance de Libreville, Bruno Obiang Mv\u00e9, dans la proc\u00e9dure judiciaire initi\u00e9e en novembre dernier contre leur leader. \u00c0 la suite des r\u00e9v\u00e9lations graves faites par l&#039;UDIS sur les mensonges et le parjure du ma\u00eetre des poursuites dans l\u2019affaire HPO, l&#039;opinion s\u2019interroge d\u00e9sormais sur la pertinence du maintien des poursuites, mais surtout sur la date du retour au pays de l&#039;homme d&#039;affaires.\" \/>\n<meta property=\"og:url\" content=\"https:\/\/depeches241.com\/?p=22711\" \/>\n<meta property=\"og:site_name\" content=\"Groupe D\u00e9p\u00eaches241\" \/>\n<meta property=\"article:publisher\" content=\"https:\/\/www.facebook.com\/depeches241\" \/>\n<meta property=\"article:published_time\" content=\"2025-02-17T21:01:57+00:00\" \/>\n<meta property=\"article:modified_time\" content=\"2025-02-17T21:01:58+00:00\" \/>\n<meta property=\"og:image\" content=\"http:\/\/depeches241.com\/wp-content\/uploads\/2024\/11\/on-ne-sest-pas-dit-.jpg\" \/>\n\t<meta property=\"og:image:width\" content=\"960\" \/>\n\t<meta property=\"og:image:height\" content=\"540\" \/>\n\t<meta property=\"og:image:type\" content=\"image\/jpeg\" \/>\n<meta name=\"author\" content=\"R\u00e9daction\" \/>\n<meta name=\"twitter:card\" content=\"summary_large_image\" \/>\n<meta name=\"twitter:label1\" content=\"\u00c9crit par\" \/>\n\t<meta name=\"twitter:data1\" content=\"R\u00e9daction\" \/>\n\t<meta name=\"twitter:label2\" content=\"Dur\u00e9e de lecture estim\u00e9e\" \/>\n\t<meta name=\"twitter:data2\" content=\"6 minutes\" \/>\n<script type=\"application\/ld+json\" class=\"yoast-schema-graph\">{\"@context\":\"https:\\\/\\\/schema.org\",\"@graph\":[{\"@type\":\"Article\",\"@id\":\"https:\\\/\\\/depeches241.com\\\/?p=22711#article\",\"isPartOf\":{\"@id\":\"https:\\\/\\\/depeches241.com\\\/?p=22711\"},\"author\":{\"name\":\"R\u00e9daction\",\"@id\":\"https:\\\/\\\/depeches241.com\\\/#\\\/schema\\\/person\\\/977f23ecf7439b0805f4525a893a057a\"},\"headline\":\"Gabon: apr\u00e8s les preuves apport\u00e9es par\u00a0 l\u2019UDIS,\u00a0 objectivement Opiangah doit rentrer !\u00a0\",\"datePublished\":\"2025-02-17T21:01:57+00:00\",\"dateModified\":\"2025-02-17T21:01:58+00:00\",\"mainEntityOfPage\":{\"@id\":\"https:\\\/\\\/depeches241.com\\\/?p=22711\"},\"wordCount\":1175,\"commentCount\":0,\"publisher\":{\"@id\":\"https:\\\/\\\/depeches241.com\\\/#organization\"},\"image\":{\"@id\":\"https:\\\/\\\/depeches241.com\\\/?p=22711#primaryimage\"},\"thumbnailUrl\":\"https:\\\/\\\/depeches241.com\\\/wp-content\\\/uploads\\\/2024\\\/11\\\/on-ne-sest-pas-dit-.jpg\",\"keywords\":[\"depeches241\",\"Gabon\",\"Oligui\",\"Opiangah\",\"Politique\"],\"articleSection\":[\"EDITORIAL\",\"Une2\"],\"inLanguage\":\"fr-FR\",\"potentialAction\":[{\"@type\":\"CommentAction\",\"name\":\"Comment\",\"target\":[\"https:\\\/\\\/depeches241.com\\\/?p=22711#respond\"]}]},{\"@type\":\"WebPage\",\"@id\":\"https:\\\/\\\/depeches241.com\\\/?p=22711\",\"url\":\"https:\\\/\\\/depeches241.com\\\/?p=22711\",\"name\":\"Gabon: apr\u00e8s les preuves apport\u00e9es par\u00a0 l\u2019UDIS,\u00a0 objectivement Opiangah doit rentrer !\u00a0 - Groupe D\u00e9p\u00eaches241\",\"isPartOf\":{\"@id\":\"https:\\\/\\\/depeches241.com\\\/#website\"},\"primaryImageOfPage\":{\"@id\":\"https:\\\/\\\/depeches241.com\\\/?p=22711#primaryimage\"},\"image\":{\"@id\":\"https:\\\/\\\/depeches241.com\\\/?p=22711#primaryimage\"},\"thumbnailUrl\":\"https:\\\/\\\/depeches241.com\\\/wp-content\\\/uploads\\\/2024\\\/11\\\/on-ne-sest-pas-dit-.jpg\",\"datePublished\":\"2025-02-17T21:01:57+00:00\",\"dateModified\":\"2025-02-17T21:01:58+00:00\",\"description\":\"Le 13 f\u00e9vrier dernier, l\u2019Union pour la D\u00e9mocratie et l'Int\u00e9gration Sociale (UDIS), le Parti fond\u00e9 par Herv\u00e9 Patrick Opiangah, faisait une nouvelle d\u00e9claration en mettant en lumi\u00e8re les mensonges \u00e9hont\u00e9s du Procureur g\u00e9n\u00e9ral pr\u00e8s le Tribunal de Premi\u00e8re Instance de Libreville, Bruno Obiang Mv\u00e9, dans la proc\u00e9dure judiciaire initi\u00e9e en novembre dernier contre leur leader. \u00c0 la suite des r\u00e9v\u00e9lations graves faites par l'UDIS sur les mensonges et le parjure du ma\u00eetre des poursuites dans l\u2019affaire HPO, l'opinion s\u2019interroge d\u00e9sormais sur la pertinence du maintien des poursuites, mais surtout sur la date du retour au pays de l'homme d'affaires.\",\"breadcrumb\":{\"@id\":\"https:\\\/\\\/depeches241.com\\\/?p=22711#breadcrumb\"},\"inLanguage\":\"fr-FR\",\"potentialAction\":[{\"@type\":\"ReadAction\",\"target\":[\"https:\\\/\\\/depeches241.com\\\/?p=22711\"]}]},{\"@type\":\"ImageObject\",\"inLanguage\":\"fr-FR\",\"@id\":\"https:\\\/\\\/depeches241.com\\\/?p=22711#primaryimage\",\"url\":\"https:\\\/\\\/depeches241.com\\\/wp-content\\\/uploads\\\/2024\\\/11\\\/on-ne-sest-pas-dit-.jpg\",\"contentUrl\":\"https:\\\/\\\/depeches241.com\\\/wp-content\\\/uploads\\\/2024\\\/11\\\/on-ne-sest-pas-dit-.jpg\",\"width\":960,\"height\":540},{\"@type\":\"BreadcrumbList\",\"@id\":\"https:\\\/\\\/depeches241.com\\\/?p=22711#breadcrumb\",\"itemListElement\":[{\"@type\":\"ListItem\",\"position\":1,\"name\":\"Accueil\",\"item\":\"https:\\\/\\\/depeches241.com\\\/\"},{\"@type\":\"ListItem\",\"position\":2,\"name\":\"Gabon: apr\u00e8s les preuves apport\u00e9es par\u00a0 l\u2019UDIS,\u00a0 objectivement Opiangah doit rentrer !\u00a0\"}]},{\"@type\":\"WebSite\",\"@id\":\"https:\\\/\\\/depeches241.com\\\/#website\",\"url\":\"https:\\\/\\\/depeches241.com\\\/\",\"name\":\"D\u00e9p\u00eaches241\",\"description\":\"M\u00e9dia d&#039;actualit\u00e9 Politique, \u00c9conomique, Sociale et Internationale\",\"publisher\":{\"@id\":\"https:\\\/\\\/depeches241.com\\\/#organization\"},\"potentialAction\":[{\"@type\":\"SearchAction\",\"target\":{\"@type\":\"EntryPoint\",\"urlTemplate\":\"https:\\\/\\\/depeches241.com\\\/?s={search_term_string}\"},\"query-input\":{\"@type\":\"PropertyValueSpecification\",\"valueRequired\":true,\"valueName\":\"search_term_string\"}}],\"inLanguage\":\"fr-FR\"},{\"@type\":\"Organization\",\"@id\":\"https:\\\/\\\/depeches241.com\\\/#organization\",\"name\":\"Groupe D\u00e9p\u00eaches241\",\"url\":\"https:\\\/\\\/depeches241.com\\\/\",\"logo\":{\"@type\":\"ImageObject\",\"inLanguage\":\"fr-FR\",\"@id\":\"https:\\\/\\\/depeches241.com\\\/#\\\/schema\\\/logo\\\/image\\\/\",\"url\":\"https:\\\/\\\/depeches241.com\\\/wp-content\\\/uploads\\\/2021\\\/10\\\/cropped-Logo-new-Accueil.png\",\"contentUrl\":\"https:\\\/\\\/depeches241.com\\\/wp-content\\\/uploads\\\/2021\\\/10\\\/cropped-Logo-new-Accueil.png\",\"width\":320,\"height\":105,\"caption\":\"Groupe D\u00e9p\u00eaches241\"},\"image\":{\"@id\":\"https:\\\/\\\/depeches241.com\\\/#\\\/schema\\\/logo\\\/image\\\/\"},\"sameAs\":[\"https:\\\/\\\/www.facebook.com\\\/depeches241\"]},{\"@type\":\"Person\",\"@id\":\"https:\\\/\\\/depeches241.com\\\/#\\\/schema\\\/person\\\/977f23ecf7439b0805f4525a893a057a\",\"name\":\"R\u00e9daction\",\"image\":{\"@type\":\"ImageObject\",\"inLanguage\":\"fr-FR\",\"@id\":\"https:\\\/\\\/secure.gravatar.com\\\/avatar\\\/8c655dbc51e5c9289f919f15ce20847ab5a910f8369a17ca243b673da48541f5?s=96&d=mm&r=g\",\"url\":\"https:\\\/\\\/secure.gravatar.com\\\/avatar\\\/8c655dbc51e5c9289f919f15ce20847ab5a910f8369a17ca243b673da48541f5?s=96&d=mm&r=g\",\"contentUrl\":\"https:\\\/\\\/secure.gravatar.com\\\/avatar\\\/8c655dbc51e5c9289f919f15ce20847ab5a910f8369a17ca243b673da48541f5?s=96&d=mm&r=g\",\"caption\":\"R\u00e9daction\"},\"url\":\"https:\\\/\\\/depeches241.com\\\/?author=11\"}]}<\/script>\n<!-- \/ Yoast SEO plugin. -->","yoast_head_json":{"title":"Gabon: apr\u00e8s les preuves apport\u00e9es par\u00a0 l\u2019UDIS,\u00a0 objectivement Opiangah doit rentrer !\u00a0 - Groupe D\u00e9p\u00eaches241","description":"Le 13 f\u00e9vrier dernier, l\u2019Union pour la D\u00e9mocratie et l'Int\u00e9gration Sociale (UDIS), le Parti fond\u00e9 par Herv\u00e9 Patrick Opiangah, faisait une nouvelle d\u00e9claration en mettant en lumi\u00e8re les mensonges \u00e9hont\u00e9s du Procureur g\u00e9n\u00e9ral pr\u00e8s le Tribunal de Premi\u00e8re Instance de Libreville, Bruno Obiang Mv\u00e9, dans la proc\u00e9dure judiciaire initi\u00e9e en novembre dernier contre leur leader. \u00c0 la suite des r\u00e9v\u00e9lations graves faites par l'UDIS sur les mensonges et le parjure du ma\u00eetre des poursuites dans l\u2019affaire HPO, l'opinion s\u2019interroge d\u00e9sormais sur la pertinence du maintien des poursuites, mais surtout sur la date du retour au pays de l'homme d'affaires.","robots":{"index":"index","follow":"follow","max-snippet":"max-snippet:-1","max-image-preview":"max-image-preview:large","max-video-preview":"max-video-preview:-1"},"canonical":"https:\/\/depeches241.com\/?p=22711","og_locale":"fr_FR","og_type":"article","og_title":"Gabon: apr\u00e8s les preuves apport\u00e9es par\u00a0 l\u2019UDIS,\u00a0 objectivement Opiangah doit rentrer !\u00a0 - Groupe D\u00e9p\u00eaches241","og_description":"Le 13 f\u00e9vrier dernier, l\u2019Union pour la D\u00e9mocratie et l'Int\u00e9gration Sociale (UDIS), le Parti fond\u00e9 par Herv\u00e9 Patrick Opiangah, faisait une nouvelle d\u00e9claration en mettant en lumi\u00e8re les mensonges \u00e9hont\u00e9s du Procureur g\u00e9n\u00e9ral pr\u00e8s le Tribunal de Premi\u00e8re Instance de Libreville, Bruno Obiang Mv\u00e9, dans la proc\u00e9dure judiciaire initi\u00e9e en novembre dernier contre leur leader. \u00c0 la suite des r\u00e9v\u00e9lations graves faites par l'UDIS sur les mensonges et le parjure du ma\u00eetre des poursuites dans l\u2019affaire HPO, l'opinion s\u2019interroge d\u00e9sormais sur la pertinence du maintien des poursuites, mais surtout sur la date du retour au pays de l'homme d'affaires.","og_url":"https:\/\/depeches241.com\/?p=22711","og_site_name":"Groupe D\u00e9p\u00eaches241","article_publisher":"https:\/\/www.facebook.com\/depeches241","article_published_time":"2025-02-17T21:01:57+00:00","article_modified_time":"2025-02-17T21:01:58+00:00","og_image":[{"width":960,"height":540,"url":"http:\/\/depeches241.com\/wp-content\/uploads\/2024\/11\/on-ne-sest-pas-dit-.jpg","type":"image\/jpeg"}],"author":"R\u00e9daction","twitter_card":"summary_large_image","twitter_misc":{"\u00c9crit par":"R\u00e9daction","Dur\u00e9e de lecture estim\u00e9e":"6 minutes"},"schema":{"@context":"https:\/\/schema.org","@graph":[{"@type":"Article","@id":"https:\/\/depeches241.com\/?p=22711#article","isPartOf":{"@id":"https:\/\/depeches241.com\/?p=22711"},"author":{"name":"R\u00e9daction","@id":"https:\/\/depeches241.com\/#\/schema\/person\/977f23ecf7439b0805f4525a893a057a"},"headline":"Gabon: apr\u00e8s les preuves apport\u00e9es par\u00a0 l\u2019UDIS,\u00a0 objectivement Opiangah doit rentrer !\u00a0","datePublished":"2025-02-17T21:01:57+00:00","dateModified":"2025-02-17T21:01:58+00:00","mainEntityOfPage":{"@id":"https:\/\/depeches241.com\/?p=22711"},"wordCount":1175,"commentCount":0,"publisher":{"@id":"https:\/\/depeches241.com\/#organization"},"image":{"@id":"https:\/\/depeches241.com\/?p=22711#primaryimage"},"thumbnailUrl":"https:\/\/depeches241.com\/wp-content\/uploads\/2024\/11\/on-ne-sest-pas-dit-.jpg","keywords":["depeches241","Gabon","Oligui","Opiangah","Politique"],"articleSection":["EDITORIAL","Une2"],"inLanguage":"fr-FR","potentialAction":[{"@type":"CommentAction","name":"Comment","target":["https:\/\/depeches241.com\/?p=22711#respond"]}]},{"@type":"WebPage","@id":"https:\/\/depeches241.com\/?p=22711","url":"https:\/\/depeches241.com\/?p=22711","name":"Gabon: apr\u00e8s les preuves apport\u00e9es par\u00a0 l\u2019UDIS,\u00a0 objectivement Opiangah doit rentrer !\u00a0 - Groupe D\u00e9p\u00eaches241","isPartOf":{"@id":"https:\/\/depeches241.com\/#website"},"primaryImageOfPage":{"@id":"https:\/\/depeches241.com\/?p=22711#primaryimage"},"image":{"@id":"https:\/\/depeches241.com\/?p=22711#primaryimage"},"thumbnailUrl":"https:\/\/depeches241.com\/wp-content\/uploads\/2024\/11\/on-ne-sest-pas-dit-.jpg","datePublished":"2025-02-17T21:01:57+00:00","dateModified":"2025-02-17T21:01:58+00:00","description":"Le 13 f\u00e9vrier dernier, l\u2019Union pour la D\u00e9mocratie et l'Int\u00e9gration Sociale (UDIS), le Parti fond\u00e9 par Herv\u00e9 Patrick Opiangah, faisait une nouvelle d\u00e9claration en mettant en lumi\u00e8re les mensonges \u00e9hont\u00e9s du Procureur g\u00e9n\u00e9ral pr\u00e8s le Tribunal de Premi\u00e8re Instance de Libreville, Bruno Obiang Mv\u00e9, dans la proc\u00e9dure judiciaire initi\u00e9e en novembre dernier contre leur leader. \u00c0 la suite des r\u00e9v\u00e9lations graves faites par l'UDIS sur les mensonges et le parjure du ma\u00eetre des poursuites dans l\u2019affaire HPO, l'opinion s\u2019interroge d\u00e9sormais sur la pertinence du maintien des poursuites, mais surtout sur la date du retour au pays de l'homme d'affaires.","breadcrumb":{"@id":"https:\/\/depeches241.com\/?p=22711#breadcrumb"},"inLanguage":"fr-FR","potentialAction":[{"@type":"ReadAction","target":["https:\/\/depeches241.com\/?p=22711"]}]},{"@type":"ImageObject","inLanguage":"fr-FR","@id":"https:\/\/depeches241.com\/?p=22711#primaryimage","url":"https:\/\/depeches241.com\/wp-content\/uploads\/2024\/11\/on-ne-sest-pas-dit-.jpg","contentUrl":"https:\/\/depeches241.com\/wp-content\/uploads\/2024\/11\/on-ne-sest-pas-dit-.jpg","width":960,"height":540},{"@type":"BreadcrumbList","@id":"https:\/\/depeches241.com\/?p=22711#breadcrumb","itemListElement":[{"@type":"ListItem","position":1,"name":"Accueil","item":"https:\/\/depeches241.com\/"},{"@type":"ListItem","position":2,"name":"Gabon: apr\u00e8s les preuves apport\u00e9es par\u00a0 l\u2019UDIS,\u00a0 objectivement Opiangah doit rentrer !\u00a0"}]},{"@type":"WebSite","@id":"https:\/\/depeches241.com\/#website","url":"https:\/\/depeches241.com\/","name":"D\u00e9p\u00eaches241","description":"M\u00e9dia d&#039;actualit\u00e9 Politique, \u00c9conomique, Sociale et Internationale","publisher":{"@id":"https:\/\/depeches241.com\/#organization"},"potentialAction":[{"@type":"SearchAction","target":{"@type":"EntryPoint","urlTemplate":"https:\/\/depeches241.com\/?s={search_term_string}"},"query-input":{"@type":"PropertyValueSpecification","valueRequired":true,"valueName":"search_term_string"}}],"inLanguage":"fr-FR"},{"@type":"Organization","@id":"https:\/\/depeches241.com\/#organization","name":"Groupe D\u00e9p\u00eaches241","url":"https:\/\/depeches241.com\/","logo":{"@type":"ImageObject","inLanguage":"fr-FR","@id":"https:\/\/depeches241.com\/#\/schema\/logo\/image\/","url":"https:\/\/depeches241.com\/wp-content\/uploads\/2021\/10\/cropped-Logo-new-Accueil.png","contentUrl":"https:\/\/depeches241.com\/wp-content\/uploads\/2021\/10\/cropped-Logo-new-Accueil.png","width":320,"height":105,"caption":"Groupe D\u00e9p\u00eaches241"},"image":{"@id":"https:\/\/depeches241.com\/#\/schema\/logo\/image\/"},"sameAs":["https:\/\/www.facebook.com\/depeches241"]},{"@type":"Person","@id":"https:\/\/depeches241.com\/#\/schema\/person\/977f23ecf7439b0805f4525a893a057a","name":"R\u00e9daction","image":{"@type":"ImageObject","inLanguage":"fr-FR","@id":"https:\/\/secure.gravatar.com\/avatar\/8c655dbc51e5c9289f919f15ce20847ab5a910f8369a17ca243b673da48541f5?s=96&d=mm&r=g","url":"https:\/\/secure.gravatar.com\/avatar\/8c655dbc51e5c9289f919f15ce20847ab5a910f8369a17ca243b673da48541f5?s=96&d=mm&r=g","contentUrl":"https:\/\/secure.gravatar.com\/avatar\/8c655dbc51e5c9289f919f15ce20847ab5a910f8369a17ca243b673da48541f5?s=96&d=mm&r=g","caption":"R\u00e9daction"},"url":"https:\/\/depeches241.com\/?author=11"}]}},"_links":{"self":[{"href":"https:\/\/depeches241.com\/index.php?rest_route=\/wp\/v2\/posts\/22711","targetHints":{"allow":["GET"]}}],"collection":[{"href":"https:\/\/depeches241.com\/index.php?rest_route=\/wp\/v2\/posts"}],"about":[{"href":"https:\/\/depeches241.com\/index.php?rest_route=\/wp\/v2\/types\/post"}],"author":[{"embeddable":true,"href":"https:\/\/depeches241.com\/index.php?rest_route=\/wp\/v2\/users\/11"}],"replies":[{"embeddable":true,"href":"https:\/\/depeches241.com\/index.php?rest_route=%2Fwp%2Fv2%2Fcomments&post=22711"}],"version-history":[{"count":1,"href":"https:\/\/depeches241.com\/index.php?rest_route=\/wp\/v2\/posts\/22711\/revisions"}],"predecessor-version":[{"id":22712,"href":"https:\/\/depeches241.com\/index.php?rest_route=\/wp\/v2\/posts\/22711\/revisions\/22712"}],"wp:featuredmedia":[{"embeddable":true,"href":"https:\/\/depeches241.com\/index.php?rest_route=\/wp\/v2\/media\/21552"}],"wp:attachment":[{"href":"https:\/\/depeches241.com\/index.php?rest_route=%2Fwp%2Fv2%2Fmedia&parent=22711"}],"wp:term":[{"taxonomy":"category","embeddable":true,"href":"https:\/\/depeches241.com\/index.php?rest_route=%2Fwp%2Fv2%2Fcategories&post=22711"},{"taxonomy":"post_tag","embeddable":true,"href":"https:\/\/depeches241.com\/index.php?rest_route=%2Fwp%2Fv2%2Ftags&post=22711"}],"curies":[{"name":"wp","href":"https:\/\/api.w.org\/{rel}","templated":true}]}}