{"id":22742,"date":"2025-02-25T15:00:49","date_gmt":"2025-02-25T14:00:49","guid":{"rendered":"https:\/\/depeches241.com\/?p=22742"},"modified":"2025-02-25T15:08:06","modified_gmt":"2025-02-25T14:08:06","slug":"instrumentalisation-de-la-justice-sans-pudeur-gondjout-demande-la-liste-des-magistrats-grevistes","status":"publish","type":"post","link":"https:\/\/depeches241.com\/?p=22742","title":{"rendered":"Instrumentalisation de la justice : Sans pudeur Gondjout demande la liste des magistrats gr\u00e9vistes"},"content":{"rendered":"\n<figure class=\"wp-block-image size-full\"><img fetchpriority=\"high\" decoding=\"async\" width=\"960\" height=\"540\" src=\"https:\/\/depeches241.com\/wp-content\/uploads\/2025\/02\/PMG.jpg\" alt=\"\" class=\"wp-image-22743\" srcset=\"https:\/\/depeches241.com\/wp-content\/uploads\/2025\/02\/PMG.jpg 960w, https:\/\/depeches241.com\/wp-content\/uploads\/2025\/02\/PMG-300x169.jpg 300w, https:\/\/depeches241.com\/wp-content\/uploads\/2025\/02\/PMG-768x432.jpg 768w\" sizes=\"(max-width: 960px) 100vw, 960px\" \/><figcaption class=\"wp-element-caption\"><strong><em>Paul Marie Goudjout aujourd&rsquo;hui dans la peau de ceux qu&rsquo;il a combattus ? <\/em><\/strong><em>\u00a9 DR<\/em><\/figcaption><\/figure>\n\n\n\n<p><strong>Libreville, le 25 f\u00e9vrier 2025-(D\u00e9p\u00eaches 241). Dans une r\u00e9cente correspondance adress\u00e9e aux Premiers Pr\u00e9sidents des Cours, aux Procureurs, aux Pr\u00e9sidents des Tribunaux et aux Commissaires G\u00e9n\u00e9raux \u00e0 la loi, le Ministre de la Justice, Garde des Sceaux, Paul-Marie Gondjout, demande sans d\u00e9tours, \u00e0 ces responsables susmentionn\u00e9s, la liste des magistrats gr\u00e9vistes dans leurs Juridictions respectives, d&rsquo;ici le 27 f\u00e9vrier 2025. Une mesure qui laisse planer dans l&rsquo;opinion l&rsquo;id\u00e9e que l\u2019ancien opposant d\u2019Ali Bongo, fervent d\u00e9fenseur des libert\u00e9s syndicales autrefois, semble d\u00e9sormais vouloir museler tout mouvement de gr\u00e8ve au sein du D\u00e9partement minist\u00e9riel dont il a la charge.<\/strong><\/p>\n\n\n\n<p class=\"has-drop-cap\">D\u00e9j\u00e0 accus\u00e9 d\u2019incomp\u00e9tence notoire par une partie de l\u2019opinion et par le Syndicat National des Magistrats du Gabon (SYNAMAG), qui dans sa derni\u00e8re d\u00e9claration avait par ailleurs condamn\u00e9 la volont\u00e9 du Ministre de la Justice, Garde des Sceaux, de torpiller leur mouvement de gr\u00e8ve, via <strong><em>\u00ab la note n\u00b00195\/MJGS\/SG\/DGAA du 24 janvier 2025, par laquelle le Minist\u00e8re de la Justice tente de contourner les dispositions l\u00e9gales sur la d\u00e9finition du service minimum \u00bb<\/em><\/strong>, Paul-Marie Gondjout semble conforter les magistrats dans leurs soup\u00e7ons.<\/p>\n\n\n\n<p>Dans un courrier dat\u00e9 du 21 f\u00e9vrier dernier, l\u2019ancien opposant invite les principaux responsables des diff\u00e9rentes Juridictions du pays \u00e0 lui fournir la liste nominative des magistrats qui observent la gr\u00e8ve depuis quelques semaines. <strong><em>\u00ab Dans le cadre de la gestion du mouvement de gr\u00e8ve d\u00e9clench\u00e9 par le Syndicat National des Magistrats du Gabon (SYNAMAG), je vous invite \u00e0 me communiquer au plus tard le jeudi 27 f\u00e9vrier 2025, la liste des Magistrats gr\u00e9vistes au sein de vos Juridictions respectives \u00bb<\/em><\/strong>, peut-on lire dans ledit courrier.<\/p>\n\n\n\n<p>Une d\u00e9marche qui interroge dans l&rsquo;opinion, car men\u00e9e par une personnalit\u00e9 qui se d\u00e9finissait encore il y a peu comme respectueuse de l\u2019\u00c9tat de droit, de l&rsquo;ind\u00e9pendance de la justice et des libert\u00e9s syndicales. Sans pr\u00eater quelque intention que ce soit au gendre de Zacharie Myboto, l&rsquo;opinion va scruter avec un int\u00e9r\u00eat nourri la suite de cette affaire qui, du reste, met en lumi\u00e8re l\u2019\u00e9ternel probl\u00e9matique de l\u2019instrumentalisation de la justice au Gabon. En tentant de faire pression sur les Magistrats par des moyens d\u00e9rob\u00e9s, le Ministre de la Justice pourrait entrer en contradiction ouverte avec le v\u0153u des autorit\u00e9s de la Transition de voir enfin \u00e9merger une justice v\u00e9ritablement libre et ind\u00e9pendante.<\/p>\n","protected":false},"excerpt":{"rendered":"<p>Libreville, le 25 f\u00e9vrier 2025-(D\u00e9p\u00eaches 241). Dans une r\u00e9cente correspondance adress\u00e9e aux Premiers Pr\u00e9sidents des Cours, aux Procureurs, aux Pr\u00e9sidents des Tribunaux et aux Commissaires G\u00e9n\u00e9raux \u00e0 la loi, le Ministre de la Justice, Garde des Sceaux, Paul-Marie Gondjout, demande sans d\u00e9tours, \u00e0 ces responsables susmentionn\u00e9s, la liste des magistrats [&hellip;]<\/p>\n","protected":false},"author":11,"featured_media":22743,"comment_status":"open","ping_status":"open","sticky":false,"template":"","format":"standard","meta":{"om_disable_all_campaigns":false,"footnotes":""},"categories":[6,116],"tags":[99,59,360,500,73],"class_list":{"0":"post-22742","1":"post","2":"type-post","3":"status-publish","4":"format-standard","5":"has-post-thumbnail","7":"category-faits-divers-justice","8":"category-une1","9":"tag-depeches241","10":"tag-gabon","11":"tag-justice","12":"tag-paul-marie-gondjout-2","13":"tag-politique"},"yoast_head":"<!-- This site is optimized with the Yoast SEO plugin v27.5 - https:\/\/yoast.com\/product\/yoast-seo-wordpress\/ -->\n<title>Instrumentalisation de la justice : Sans pudeur Gondjout demande la liste des magistrats gr\u00e9vistes - Groupe D\u00e9p\u00eaches241<\/title>\n<meta name=\"description\" content=\"Dans une r\u00e9cente correspondance adress\u00e9e aux Premiers Pr\u00e9sidents des Cours, aux Procureurs, aux Pr\u00e9sidents des Tribunaux et aux Commissaires G\u00e9n\u00e9raux \u00e0 la loi, le Ministre de la Justice, Garde des Sceaux, Paul-Marie Gondjout, demande sans d\u00e9tours, \u00e0 ces responsables susmentionn\u00e9s, la liste des magistrats gr\u00e9vistes dans leurs Juridictions respectives, d&#039;ici le 27 f\u00e9vrier 2025. Une mesure qui laisse planer dans l&#039;opinion l&#039;id\u00e9e que l\u2019ancien opposant d\u2019Ali Bongo, fervent d\u00e9fenseur des libert\u00e9s syndicales autrefois, semble d\u00e9sormais vouloir museler tout mouvement de gr\u00e8ve au sein du D\u00e9partement minist\u00e9riel dont il a la charge.\" \/>\n<meta name=\"robots\" content=\"index, follow, max-snippet:-1, max-image-preview:large, max-video-preview:-1\" \/>\n<link rel=\"canonical\" href=\"https:\/\/depeches241.com\/?p=22742\" \/>\n<meta property=\"og:locale\" content=\"fr_FR\" \/>\n<meta property=\"og:type\" content=\"article\" \/>\n<meta property=\"og:title\" content=\"Instrumentalisation de la justice : Sans pudeur Gondjout demande la liste des magistrats gr\u00e9vistes - Groupe D\u00e9p\u00eaches241\" \/>\n<meta property=\"og:description\" content=\"Dans une r\u00e9cente correspondance adress\u00e9e aux Premiers Pr\u00e9sidents des Cours, aux Procureurs, aux Pr\u00e9sidents des Tribunaux et aux Commissaires G\u00e9n\u00e9raux \u00e0 la loi, le Ministre de la Justice, Garde des Sceaux, Paul-Marie Gondjout, demande sans d\u00e9tours, \u00e0 ces responsables susmentionn\u00e9s, la liste des magistrats gr\u00e9vistes dans leurs Juridictions respectives, d&#039;ici le 27 f\u00e9vrier 2025. Une mesure qui laisse planer dans l&#039;opinion l&#039;id\u00e9e que l\u2019ancien opposant d\u2019Ali Bongo, fervent d\u00e9fenseur des libert\u00e9s syndicales autrefois, semble d\u00e9sormais vouloir museler tout mouvement de gr\u00e8ve au sein du D\u00e9partement minist\u00e9riel dont il a la charge.\" \/>\n<meta property=\"og:url\" content=\"https:\/\/depeches241.com\/?p=22742\" \/>\n<meta property=\"og:site_name\" content=\"Groupe D\u00e9p\u00eaches241\" \/>\n<meta property=\"article:publisher\" content=\"https:\/\/www.facebook.com\/depeches241\" \/>\n<meta property=\"article:published_time\" content=\"2025-02-25T14:00:49+00:00\" \/>\n<meta property=\"article:modified_time\" content=\"2025-02-25T14:08:06+00:00\" \/>\n<meta property=\"og:image\" content=\"http:\/\/depeches241.com\/wp-content\/uploads\/2025\/02\/PMG.jpg\" \/>\n\t<meta property=\"og:image:width\" content=\"960\" \/>\n\t<meta property=\"og:image:height\" content=\"540\" \/>\n\t<meta property=\"og:image:type\" content=\"image\/jpeg\" \/>\n<meta name=\"author\" content=\"R\u00e9daction\" \/>\n<meta name=\"twitter:card\" content=\"summary_large_image\" \/>\n<meta name=\"twitter:label1\" content=\"\u00c9crit par\" \/>\n\t<meta name=\"twitter:data1\" content=\"R\u00e9daction\" \/>\n\t<meta name=\"twitter:label2\" content=\"Dur\u00e9e de lecture estim\u00e9e\" \/>\n\t<meta name=\"twitter:data2\" content=\"2 minutes\" \/>\n<script type=\"application\/ld+json\" class=\"yoast-schema-graph\">{\"@context\":\"https:\\\/\\\/schema.org\",\"@graph\":[{\"@type\":\"Article\",\"@id\":\"https:\\\/\\\/depeches241.com\\\/?p=22742#article\",\"isPartOf\":{\"@id\":\"https:\\\/\\\/depeches241.com\\\/?p=22742\"},\"author\":{\"name\":\"R\u00e9daction\",\"@id\":\"https:\\\/\\\/depeches241.com\\\/#\\\/schema\\\/person\\\/977f23ecf7439b0805f4525a893a057a\"},\"headline\":\"Instrumentalisation de la justice : Sans pudeur Gondjout demande la liste des magistrats gr\u00e9vistes\",\"datePublished\":\"2025-02-25T14:00:49+00:00\",\"dateModified\":\"2025-02-25T14:08:06+00:00\",\"mainEntityOfPage\":{\"@id\":\"https:\\\/\\\/depeches241.com\\\/?p=22742\"},\"wordCount\":452,\"commentCount\":0,\"publisher\":{\"@id\":\"https:\\\/\\\/depeches241.com\\\/#organization\"},\"image\":{\"@id\":\"https:\\\/\\\/depeches241.com\\\/?p=22742#primaryimage\"},\"thumbnailUrl\":\"https:\\\/\\\/depeches241.com\\\/wp-content\\\/uploads\\\/2025\\\/02\\\/PMG.jpg\",\"keywords\":[\"depeches241\",\"Gabon\",\"Justice\",\"Paul-Marie Gondjout\",\"Politique\"],\"articleSection\":[\"JUSTICE\",\"Une1\"],\"inLanguage\":\"fr-FR\",\"potentialAction\":[{\"@type\":\"CommentAction\",\"name\":\"Comment\",\"target\":[\"https:\\\/\\\/depeches241.com\\\/?p=22742#respond\"]}]},{\"@type\":\"WebPage\",\"@id\":\"https:\\\/\\\/depeches241.com\\\/?p=22742\",\"url\":\"https:\\\/\\\/depeches241.com\\\/?p=22742\",\"name\":\"Instrumentalisation de la justice : Sans pudeur Gondjout demande la liste des magistrats gr\u00e9vistes - Groupe D\u00e9p\u00eaches241\",\"isPartOf\":{\"@id\":\"https:\\\/\\\/depeches241.com\\\/#website\"},\"primaryImageOfPage\":{\"@id\":\"https:\\\/\\\/depeches241.com\\\/?p=22742#primaryimage\"},\"image\":{\"@id\":\"https:\\\/\\\/depeches241.com\\\/?p=22742#primaryimage\"},\"thumbnailUrl\":\"https:\\\/\\\/depeches241.com\\\/wp-content\\\/uploads\\\/2025\\\/02\\\/PMG.jpg\",\"datePublished\":\"2025-02-25T14:00:49+00:00\",\"dateModified\":\"2025-02-25T14:08:06+00:00\",\"description\":\"Dans une r\u00e9cente correspondance adress\u00e9e aux Premiers Pr\u00e9sidents des Cours, aux Procureurs, aux Pr\u00e9sidents des Tribunaux et aux Commissaires G\u00e9n\u00e9raux \u00e0 la loi, le Ministre de la Justice, Garde des Sceaux, Paul-Marie Gondjout, demande sans d\u00e9tours, \u00e0 ces responsables susmentionn\u00e9s, la liste des magistrats gr\u00e9vistes dans leurs Juridictions respectives, d'ici le 27 f\u00e9vrier 2025. Une mesure qui laisse planer dans l'opinion l'id\u00e9e que l\u2019ancien opposant d\u2019Ali Bongo, fervent d\u00e9fenseur des libert\u00e9s syndicales autrefois, semble d\u00e9sormais vouloir museler tout mouvement de gr\u00e8ve au sein du D\u00e9partement minist\u00e9riel dont il a la charge.\",\"breadcrumb\":{\"@id\":\"https:\\\/\\\/depeches241.com\\\/?p=22742#breadcrumb\"},\"inLanguage\":\"fr-FR\",\"potentialAction\":[{\"@type\":\"ReadAction\",\"target\":[\"https:\\\/\\\/depeches241.com\\\/?p=22742\"]}]},{\"@type\":\"ImageObject\",\"inLanguage\":\"fr-FR\",\"@id\":\"https:\\\/\\\/depeches241.com\\\/?p=22742#primaryimage\",\"url\":\"https:\\\/\\\/depeches241.com\\\/wp-content\\\/uploads\\\/2025\\\/02\\\/PMG.jpg\",\"contentUrl\":\"https:\\\/\\\/depeches241.com\\\/wp-content\\\/uploads\\\/2025\\\/02\\\/PMG.jpg\",\"width\":960,\"height\":540},{\"@type\":\"BreadcrumbList\",\"@id\":\"https:\\\/\\\/depeches241.com\\\/?p=22742#breadcrumb\",\"itemListElement\":[{\"@type\":\"ListItem\",\"position\":1,\"name\":\"Accueil\",\"item\":\"https:\\\/\\\/depeches241.com\\\/\"},{\"@type\":\"ListItem\",\"position\":2,\"name\":\"Instrumentalisation de la justice : Sans pudeur Gondjout demande la liste des magistrats gr\u00e9vistes\"}]},{\"@type\":\"WebSite\",\"@id\":\"https:\\\/\\\/depeches241.com\\\/#website\",\"url\":\"https:\\\/\\\/depeches241.com\\\/\",\"name\":\"D\u00e9p\u00eaches241\",\"description\":\"M\u00e9dia d&#039;actualit\u00e9 Politique, \u00c9conomique, Sociale et Internationale\",\"publisher\":{\"@id\":\"https:\\\/\\\/depeches241.com\\\/#organization\"},\"potentialAction\":[{\"@type\":\"SearchAction\",\"target\":{\"@type\":\"EntryPoint\",\"urlTemplate\":\"https:\\\/\\\/depeches241.com\\\/?s={search_term_string}\"},\"query-input\":{\"@type\":\"PropertyValueSpecification\",\"valueRequired\":true,\"valueName\":\"search_term_string\"}}],\"inLanguage\":\"fr-FR\"},{\"@type\":\"Organization\",\"@id\":\"https:\\\/\\\/depeches241.com\\\/#organization\",\"name\":\"Groupe D\u00e9p\u00eaches241\",\"url\":\"https:\\\/\\\/depeches241.com\\\/\",\"logo\":{\"@type\":\"ImageObject\",\"inLanguage\":\"fr-FR\",\"@id\":\"https:\\\/\\\/depeches241.com\\\/#\\\/schema\\\/logo\\\/image\\\/\",\"url\":\"https:\\\/\\\/depeches241.com\\\/wp-content\\\/uploads\\\/2021\\\/10\\\/cropped-Logo-new-Accueil.png\",\"contentUrl\":\"https:\\\/\\\/depeches241.com\\\/wp-content\\\/uploads\\\/2021\\\/10\\\/cropped-Logo-new-Accueil.png\",\"width\":320,\"height\":105,\"caption\":\"Groupe D\u00e9p\u00eaches241\"},\"image\":{\"@id\":\"https:\\\/\\\/depeches241.com\\\/#\\\/schema\\\/logo\\\/image\\\/\"},\"sameAs\":[\"https:\\\/\\\/www.facebook.com\\\/depeches241\"]},{\"@type\":\"Person\",\"@id\":\"https:\\\/\\\/depeches241.com\\\/#\\\/schema\\\/person\\\/977f23ecf7439b0805f4525a893a057a\",\"name\":\"R\u00e9daction\",\"image\":{\"@type\":\"ImageObject\",\"inLanguage\":\"fr-FR\",\"@id\":\"https:\\\/\\\/secure.gravatar.com\\\/avatar\\\/8c655dbc51e5c9289f919f15ce20847ab5a910f8369a17ca243b673da48541f5?s=96&d=mm&r=g\",\"url\":\"https:\\\/\\\/secure.gravatar.com\\\/avatar\\\/8c655dbc51e5c9289f919f15ce20847ab5a910f8369a17ca243b673da48541f5?s=96&d=mm&r=g\",\"contentUrl\":\"https:\\\/\\\/secure.gravatar.com\\\/avatar\\\/8c655dbc51e5c9289f919f15ce20847ab5a910f8369a17ca243b673da48541f5?s=96&d=mm&r=g\",\"caption\":\"R\u00e9daction\"},\"url\":\"https:\\\/\\\/depeches241.com\\\/?author=11\"}]}<\/script>\n<!-- \/ Yoast SEO plugin. -->","yoast_head_json":{"title":"Instrumentalisation de la justice : Sans pudeur Gondjout demande la liste des magistrats gr\u00e9vistes - Groupe D\u00e9p\u00eaches241","description":"Dans une r\u00e9cente correspondance adress\u00e9e aux Premiers Pr\u00e9sidents des Cours, aux Procureurs, aux Pr\u00e9sidents des Tribunaux et aux Commissaires G\u00e9n\u00e9raux \u00e0 la loi, le Ministre de la Justice, Garde des Sceaux, Paul-Marie Gondjout, demande sans d\u00e9tours, \u00e0 ces responsables susmentionn\u00e9s, la liste des magistrats gr\u00e9vistes dans leurs Juridictions respectives, d'ici le 27 f\u00e9vrier 2025. Une mesure qui laisse planer dans l'opinion l'id\u00e9e que l\u2019ancien opposant d\u2019Ali Bongo, fervent d\u00e9fenseur des libert\u00e9s syndicales autrefois, semble d\u00e9sormais vouloir museler tout mouvement de gr\u00e8ve au sein du D\u00e9partement minist\u00e9riel dont il a la charge.","robots":{"index":"index","follow":"follow","max-snippet":"max-snippet:-1","max-image-preview":"max-image-preview:large","max-video-preview":"max-video-preview:-1"},"canonical":"https:\/\/depeches241.com\/?p=22742","og_locale":"fr_FR","og_type":"article","og_title":"Instrumentalisation de la justice : Sans pudeur Gondjout demande la liste des magistrats gr\u00e9vistes - Groupe D\u00e9p\u00eaches241","og_description":"Dans une r\u00e9cente correspondance adress\u00e9e aux Premiers Pr\u00e9sidents des Cours, aux Procureurs, aux Pr\u00e9sidents des Tribunaux et aux Commissaires G\u00e9n\u00e9raux \u00e0 la loi, le Ministre de la Justice, Garde des Sceaux, Paul-Marie Gondjout, demande sans d\u00e9tours, \u00e0 ces responsables susmentionn\u00e9s, la liste des magistrats gr\u00e9vistes dans leurs Juridictions respectives, d'ici le 27 f\u00e9vrier 2025. Une mesure qui laisse planer dans l'opinion l'id\u00e9e que l\u2019ancien opposant d\u2019Ali Bongo, fervent d\u00e9fenseur des libert\u00e9s syndicales autrefois, semble d\u00e9sormais vouloir museler tout mouvement de gr\u00e8ve au sein du D\u00e9partement minist\u00e9riel dont il a la charge.","og_url":"https:\/\/depeches241.com\/?p=22742","og_site_name":"Groupe D\u00e9p\u00eaches241","article_publisher":"https:\/\/www.facebook.com\/depeches241","article_published_time":"2025-02-25T14:00:49+00:00","article_modified_time":"2025-02-25T14:08:06+00:00","og_image":[{"width":960,"height":540,"url":"http:\/\/depeches241.com\/wp-content\/uploads\/2025\/02\/PMG.jpg","type":"image\/jpeg"}],"author":"R\u00e9daction","twitter_card":"summary_large_image","twitter_misc":{"\u00c9crit par":"R\u00e9daction","Dur\u00e9e de lecture estim\u00e9e":"2 minutes"},"schema":{"@context":"https:\/\/schema.org","@graph":[{"@type":"Article","@id":"https:\/\/depeches241.com\/?p=22742#article","isPartOf":{"@id":"https:\/\/depeches241.com\/?p=22742"},"author":{"name":"R\u00e9daction","@id":"https:\/\/depeches241.com\/#\/schema\/person\/977f23ecf7439b0805f4525a893a057a"},"headline":"Instrumentalisation de la justice : Sans pudeur Gondjout demande la liste des magistrats gr\u00e9vistes","datePublished":"2025-02-25T14:00:49+00:00","dateModified":"2025-02-25T14:08:06+00:00","mainEntityOfPage":{"@id":"https:\/\/depeches241.com\/?p=22742"},"wordCount":452,"commentCount":0,"publisher":{"@id":"https:\/\/depeches241.com\/#organization"},"image":{"@id":"https:\/\/depeches241.com\/?p=22742#primaryimage"},"thumbnailUrl":"https:\/\/depeches241.com\/wp-content\/uploads\/2025\/02\/PMG.jpg","keywords":["depeches241","Gabon","Justice","Paul-Marie Gondjout","Politique"],"articleSection":["JUSTICE","Une1"],"inLanguage":"fr-FR","potentialAction":[{"@type":"CommentAction","name":"Comment","target":["https:\/\/depeches241.com\/?p=22742#respond"]}]},{"@type":"WebPage","@id":"https:\/\/depeches241.com\/?p=22742","url":"https:\/\/depeches241.com\/?p=22742","name":"Instrumentalisation de la justice : Sans pudeur Gondjout demande la liste des magistrats gr\u00e9vistes - Groupe D\u00e9p\u00eaches241","isPartOf":{"@id":"https:\/\/depeches241.com\/#website"},"primaryImageOfPage":{"@id":"https:\/\/depeches241.com\/?p=22742#primaryimage"},"image":{"@id":"https:\/\/depeches241.com\/?p=22742#primaryimage"},"thumbnailUrl":"https:\/\/depeches241.com\/wp-content\/uploads\/2025\/02\/PMG.jpg","datePublished":"2025-02-25T14:00:49+00:00","dateModified":"2025-02-25T14:08:06+00:00","description":"Dans une r\u00e9cente correspondance adress\u00e9e aux Premiers Pr\u00e9sidents des Cours, aux Procureurs, aux Pr\u00e9sidents des Tribunaux et aux Commissaires G\u00e9n\u00e9raux \u00e0 la loi, le Ministre de la Justice, Garde des Sceaux, Paul-Marie Gondjout, demande sans d\u00e9tours, \u00e0 ces responsables susmentionn\u00e9s, la liste des magistrats gr\u00e9vistes dans leurs Juridictions respectives, d'ici le 27 f\u00e9vrier 2025. Une mesure qui laisse planer dans l'opinion l'id\u00e9e que l\u2019ancien opposant d\u2019Ali Bongo, fervent d\u00e9fenseur des libert\u00e9s syndicales autrefois, semble d\u00e9sormais vouloir museler tout mouvement de gr\u00e8ve au sein du D\u00e9partement minist\u00e9riel dont il a la charge.","breadcrumb":{"@id":"https:\/\/depeches241.com\/?p=22742#breadcrumb"},"inLanguage":"fr-FR","potentialAction":[{"@type":"ReadAction","target":["https:\/\/depeches241.com\/?p=22742"]}]},{"@type":"ImageObject","inLanguage":"fr-FR","@id":"https:\/\/depeches241.com\/?p=22742#primaryimage","url":"https:\/\/depeches241.com\/wp-content\/uploads\/2025\/02\/PMG.jpg","contentUrl":"https:\/\/depeches241.com\/wp-content\/uploads\/2025\/02\/PMG.jpg","width":960,"height":540},{"@type":"BreadcrumbList","@id":"https:\/\/depeches241.com\/?p=22742#breadcrumb","itemListElement":[{"@type":"ListItem","position":1,"name":"Accueil","item":"https:\/\/depeches241.com\/"},{"@type":"ListItem","position":2,"name":"Instrumentalisation de la justice : Sans pudeur Gondjout demande la liste des magistrats gr\u00e9vistes"}]},{"@type":"WebSite","@id":"https:\/\/depeches241.com\/#website","url":"https:\/\/depeches241.com\/","name":"D\u00e9p\u00eaches241","description":"M\u00e9dia d&#039;actualit\u00e9 Politique, \u00c9conomique, Sociale et Internationale","publisher":{"@id":"https:\/\/depeches241.com\/#organization"},"potentialAction":[{"@type":"SearchAction","target":{"@type":"EntryPoint","urlTemplate":"https:\/\/depeches241.com\/?s={search_term_string}"},"query-input":{"@type":"PropertyValueSpecification","valueRequired":true,"valueName":"search_term_string"}}],"inLanguage":"fr-FR"},{"@type":"Organization","@id":"https:\/\/depeches241.com\/#organization","name":"Groupe D\u00e9p\u00eaches241","url":"https:\/\/depeches241.com\/","logo":{"@type":"ImageObject","inLanguage":"fr-FR","@id":"https:\/\/depeches241.com\/#\/schema\/logo\/image\/","url":"https:\/\/depeches241.com\/wp-content\/uploads\/2021\/10\/cropped-Logo-new-Accueil.png","contentUrl":"https:\/\/depeches241.com\/wp-content\/uploads\/2021\/10\/cropped-Logo-new-Accueil.png","width":320,"height":105,"caption":"Groupe D\u00e9p\u00eaches241"},"image":{"@id":"https:\/\/depeches241.com\/#\/schema\/logo\/image\/"},"sameAs":["https:\/\/www.facebook.com\/depeches241"]},{"@type":"Person","@id":"https:\/\/depeches241.com\/#\/schema\/person\/977f23ecf7439b0805f4525a893a057a","name":"R\u00e9daction","image":{"@type":"ImageObject","inLanguage":"fr-FR","@id":"https:\/\/secure.gravatar.com\/avatar\/8c655dbc51e5c9289f919f15ce20847ab5a910f8369a17ca243b673da48541f5?s=96&d=mm&r=g","url":"https:\/\/secure.gravatar.com\/avatar\/8c655dbc51e5c9289f919f15ce20847ab5a910f8369a17ca243b673da48541f5?s=96&d=mm&r=g","contentUrl":"https:\/\/secure.gravatar.com\/avatar\/8c655dbc51e5c9289f919f15ce20847ab5a910f8369a17ca243b673da48541f5?s=96&d=mm&r=g","caption":"R\u00e9daction"},"url":"https:\/\/depeches241.com\/?author=11"}]}},"_links":{"self":[{"href":"https:\/\/depeches241.com\/index.php?rest_route=\/wp\/v2\/posts\/22742","targetHints":{"allow":["GET"]}}],"collection":[{"href":"https:\/\/depeches241.com\/index.php?rest_route=\/wp\/v2\/posts"}],"about":[{"href":"https:\/\/depeches241.com\/index.php?rest_route=\/wp\/v2\/types\/post"}],"author":[{"embeddable":true,"href":"https:\/\/depeches241.com\/index.php?rest_route=\/wp\/v2\/users\/11"}],"replies":[{"embeddable":true,"href":"https:\/\/depeches241.com\/index.php?rest_route=%2Fwp%2Fv2%2Fcomments&post=22742"}],"version-history":[{"count":2,"href":"https:\/\/depeches241.com\/index.php?rest_route=\/wp\/v2\/posts\/22742\/revisions"}],"predecessor-version":[{"id":22745,"href":"https:\/\/depeches241.com\/index.php?rest_route=\/wp\/v2\/posts\/22742\/revisions\/22745"}],"wp:featuredmedia":[{"embeddable":true,"href":"https:\/\/depeches241.com\/index.php?rest_route=\/wp\/v2\/media\/22743"}],"wp:attachment":[{"href":"https:\/\/depeches241.com\/index.php?rest_route=%2Fwp%2Fv2%2Fmedia&parent=22742"}],"wp:term":[{"taxonomy":"category","embeddable":true,"href":"https:\/\/depeches241.com\/index.php?rest_route=%2Fwp%2Fv2%2Fcategories&post=22742"},{"taxonomy":"post_tag","embeddable":true,"href":"https:\/\/depeches241.com\/index.php?rest_route=%2Fwp%2Fv2%2Ftags&post=22742"}],"curies":[{"name":"wp","href":"https:\/\/api.w.org\/{rel}","templated":true}]}}