{"id":22818,"date":"2025-03-04T22:00:46","date_gmt":"2025-03-04T21:00:46","guid":{"rendered":"https:\/\/depeches241.com\/?p=22818"},"modified":"2025-03-04T22:00:47","modified_gmt":"2025-03-04T21:00:47","slug":"gabon-eddy-minang-face-a-la-pression-dune-hierarchie-qui-veut-lempecher-de-dire-le-droit-dans-laffaire-hpo","status":"publish","type":"post","link":"https:\/\/depeches241.com\/?p=22818","title":{"rendered":"Gabon: Eddy Minang face \u00e0 la pression d\u2019une hi\u00e9rarchie qui veut l&#8217;emp\u00eacher de dire le droit dans l\u2019affaire HPO ?\u00a0"},"content":{"rendered":"\n<figure class=\"wp-block-image size-full\"><img fetchpriority=\"high\" decoding=\"async\" width=\"960\" height=\"540\" src=\"https:\/\/depeches241.com\/wp-content\/uploads\/2025\/03\/min-.jpg\" alt=\"\" class=\"wp-image-22819\" srcset=\"https:\/\/depeches241.com\/wp-content\/uploads\/2025\/03\/min-.jpg 960w, https:\/\/depeches241.com\/wp-content\/uploads\/2025\/03\/min--300x169.jpg 300w, https:\/\/depeches241.com\/wp-content\/uploads\/2025\/03\/min--768x432.jpg 768w\" sizes=\"(max-width: 960px) 100vw, 960px\" \/><figcaption class=\"wp-element-caption\"><strong><em>L&rsquo;\u00e9tau se resserre autour du Procureur G\u00e9n\u00e9ral dont la position est attendue dans l&rsquo;affaire HPO <\/em><\/strong><em>\u00a9 DR<\/em><\/figcaption><\/figure>\n\n\n\n<p><strong>Libreville, le 3 mars 2025 &#8211; (D\u00e9p\u00eaches 241). Plusieurs jours apr\u00e8s le transfert de l\u2019in\u00e9dit et exceptionnel dossier Opiangah \u00e0 la chambre d\u2019accusation, le procureur g\u00e9n\u00e9ral Eddy Minang est au centre des projecteurs. Si l\u2019homme est connu pour sa droiture et son professionnalisme, le dossier hautement politique qu\u2019il tient entre ses mains le soumet \u00e0 une pression particuli\u00e8re, celle du politique et de laquelle il devra d\u00e9sormais se d\u00e9partir.&nbsp;<\/strong><\/p>\n\n\n\n<p class=\"has-drop-cap\">Au sein des rustres bureaux du Palais de justice se joue peut \u00eatre l\u2019avenir, le cr\u00e9dit et la restauration de la justice Gabonaise. Et paradoxalement, c\u2019est un homme, Herv\u00e9 Patrick Opiangah jadis souffre douleur injuste des maux du r\u00e9gime ancien qui se trouve \u00eatre l\u2019instrument choisi pour mettre en \u0153uvre cette restauration dont le procureur g\u00e9n\u00e9ral Eddy Minang devrait donner l\u2019issue finale.&nbsp;<\/p>\n\n\n\n<p>Affaire hautement politique, Eddy Minang devra faire face aux pressions politiques qui sans doute vont essayer d\u2019interf\u00e9rer et influencer la posture qu\u2019il doit prendre dans ce dossier dont l\u2019ill\u00e9galit\u00e9 d\u2019une gravit\u00e9 inou\u00efe divise aujourd\u2019hui la justice. D\u2019un c\u00f4t\u00e9, les magistrats tels que Bruno Obiang Mve, et la doyenne des juges d\u2019instruction Bouenetse Flore Nathalie, qui ont fait le choix de tra\u00eener l\u2019institution dans la boue en cautionnant et justifiant le mensonge et la parjure. De l\u2019autre c\u00f4t\u00e9, le Synamag bien d\u00e9cid\u00e9 \u00e0 redonner \u00e0 la justice ses lettres de noblesse en se battant pour une justice ind\u00e9pendante et impartiale.&nbsp;<\/p>\n\n\n\n<p>De ces deux courants, lequel choisira Eddy Minang, mais surtout sa hi\u00e9rarchie va-t-elle le laisser faire son travail et dire le droit ? C\u2019est la question en bon droit que se posent de nombreux compatriotes qui suivent avec une particuli\u00e8re attention cette affaire. Des compatriotes qui demandent que la justice fasse son travail avec impartialit\u00e9. Une impartialit\u00e9 qui ne peut se traduire que par un non lieu au regard de l\u2019absence d\u2019infraction, de victime, de preuve ou d\u2019\u00e9l\u00e9ment mat\u00e9riel. Car si le procureur de la R\u00e9publique Bruno Obiang Mve et la doyenne des juges d\u2019instruction se sont compromis avant d\u2019\u00eatre dessaisi du dossier, la tutelle et le Conseil sup\u00e9rieur de la magistrature restent les seuls institutions susceptibles d\u2019influencer la position du procureur g\u00e9n\u00e9ral Eddy Minang.&nbsp;<\/p>\n\n\n\n<p>Au regard du caract\u00e8re politique de l\u2019affaire, il para\u00eet \u00e9vident que le pr\u00e9sident de la Transition, Chef de l\u2019Etat qui est du reste pr\u00e9sident du Conseil sup\u00e9rieur de la Magistrature, par son silence, semble s\u2019accommoder et tirer profit de cette situation. Doit-on la rappeler, les ennuis judiciaires de l\u2019ancien ministre des Mines ont commenc\u00e9 apr\u00e8s une d\u00e9claration politique au terme de laquelle il a appel\u00e9 \u00e0 voter NON pour le r\u00e9f\u00e9rendum.\u00a0<\/p>\n\n\n\n<p>Le silence du pr\u00e9sident du Conseil Sup\u00e9rieur de la Magistrature, Brice Clotaire Oligui porte tous les atours d\u2019un silence complice. Une attitude aux antipodes de ses derni\u00e8res d\u00e9clarations pendant laquelle il a moults fois appel\u00e9 au respect des textes, \u00e0 l\u2019ind\u00e9pendance et l\u2019impartialit\u00e9 de la justice. Nul ne peut en effet comprendre que bien que sa volont\u00e9 de voir un \u00e9tat de droit soit galvaud\u00e9e, le pr\u00e9sident de la Transition ne dit mot. Et comme dit un adage populaire <strong><em>\u00ab Qui ne dit mot consent \u00bb. <\/em><\/strong>Eddy Minang saura-t-il se d\u00e9partir de cette r\u00e9alit\u00e9 politique ? La question reste enti\u00e8re.<\/p>\n","protected":false},"excerpt":{"rendered":"<p>Libreville, le 3 mars 2025 &#8211; (D\u00e9p\u00eaches 241). Plusieurs jours apr\u00e8s le transfert de l\u2019in\u00e9dit et exceptionnel dossier Opiangah \u00e0 la chambre d\u2019accusation, le procureur g\u00e9n\u00e9ral Eddy Minang est au centre des projecteurs. Si l\u2019homme est connu pour sa droiture et son professionnalisme, le dossier hautement politique qu\u2019il tient entre [&hellip;]<\/p>\n","protected":false},"author":12,"featured_media":22819,"comment_status":"open","ping_status":"open","sticky":false,"template":"","format":"standard","meta":{"om_disable_all_campaigns":false,"footnotes":""},"categories":[6,116],"tags":[4299,99,4337,59,360],"class_list":{"0":"post-22818","1":"post","2":"type-post","3":"status-publish","4":"format-standard","5":"has-post-thumbnail","7":"category-faits-divers-justice","8":"category-une1","9":"tag-affaire-hpo","10":"tag-depeches241","11":"tag-eddy-minang","12":"tag-gabon","13":"tag-justice"},"yoast_head":"<!-- This site is optimized with the Yoast SEO plugin v27.5 - https:\/\/yoast.com\/product\/yoast-seo-wordpress\/ -->\n<title>Gabon: Eddy Minang face \u00e0 la pression d\u2019une hi\u00e9rarchie qui veut l&#039;emp\u00eacher de dire le droit dans l\u2019affaire HPO ?\u00a0 - Groupe D\u00e9p\u00eaches241<\/title>\n<meta name=\"description\" content=\"Plusieurs jours apr\u00e8s le transfert de l\u2019in\u00e9dit et exceptionnel dossier Opiangah \u00e0 la chambre d\u2019accusation, le procureur g\u00e9n\u00e9ral Eddy Minang est au centre des projecteurs. Si l\u2019homme est connu pour sa droiture et son professionnalisme, le dossier hautement politique qu\u2019il tient entre ses mains le soumet \u00e0 une pression particuli\u00e8re, celle du politique et de laquelle il devra d\u00e9sormais se d\u00e9partir.\u00a0\" \/>\n<meta name=\"robots\" content=\"index, follow, max-snippet:-1, max-image-preview:large, max-video-preview:-1\" \/>\n<link rel=\"canonical\" href=\"https:\/\/depeches241.com\/?p=22818\" \/>\n<meta property=\"og:locale\" content=\"fr_FR\" \/>\n<meta property=\"og:type\" content=\"article\" \/>\n<meta property=\"og:title\" content=\"Gabon: Eddy Minang face \u00e0 la pression d\u2019une hi\u00e9rarchie qui veut l&#039;emp\u00eacher de dire le droit dans l\u2019affaire HPO ?\u00a0 - Groupe D\u00e9p\u00eaches241\" \/>\n<meta property=\"og:description\" content=\"Plusieurs jours apr\u00e8s le transfert de l\u2019in\u00e9dit et exceptionnel dossier Opiangah \u00e0 la chambre d\u2019accusation, le procureur g\u00e9n\u00e9ral Eddy Minang est au centre des projecteurs. Si l\u2019homme est connu pour sa droiture et son professionnalisme, le dossier hautement politique qu\u2019il tient entre ses mains le soumet \u00e0 une pression particuli\u00e8re, celle du politique et de laquelle il devra d\u00e9sormais se d\u00e9partir.\u00a0\" \/>\n<meta property=\"og:url\" content=\"https:\/\/depeches241.com\/?p=22818\" \/>\n<meta property=\"og:site_name\" content=\"Groupe D\u00e9p\u00eaches241\" \/>\n<meta property=\"article:publisher\" content=\"https:\/\/www.facebook.com\/depeches241\" \/>\n<meta property=\"article:published_time\" content=\"2025-03-04T21:00:46+00:00\" \/>\n<meta property=\"article:modified_time\" content=\"2025-03-04T21:00:47+00:00\" \/>\n<meta property=\"og:image\" content=\"http:\/\/depeches241.com\/wp-content\/uploads\/2025\/03\/min-.jpg\" \/>\n\t<meta property=\"og:image:width\" content=\"960\" \/>\n\t<meta property=\"og:image:height\" content=\"540\" \/>\n\t<meta property=\"og:image:type\" content=\"image\/jpeg\" \/>\n<meta name=\"author\" content=\"Iboka Marc Andr\u00e9\" \/>\n<meta name=\"twitter:card\" content=\"summary_large_image\" \/>\n<meta name=\"twitter:label1\" content=\"\u00c9crit par\" \/>\n\t<meta name=\"twitter:data1\" content=\"Iboka Marc Andr\u00e9\" \/>\n\t<meta name=\"twitter:label2\" content=\"Dur\u00e9e de lecture estim\u00e9e\" \/>\n\t<meta name=\"twitter:data2\" content=\"3 minutes\" \/>\n<script type=\"application\/ld+json\" class=\"yoast-schema-graph\">{\"@context\":\"https:\\\/\\\/schema.org\",\"@graph\":[{\"@type\":\"Article\",\"@id\":\"https:\\\/\\\/depeches241.com\\\/?p=22818#article\",\"isPartOf\":{\"@id\":\"https:\\\/\\\/depeches241.com\\\/?p=22818\"},\"author\":{\"name\":\"Iboka Marc Andr\u00e9\",\"@id\":\"https:\\\/\\\/depeches241.com\\\/#\\\/schema\\\/person\\\/5abcf4b9361e0d8aa457b404d877674f\"},\"headline\":\"Gabon: Eddy Minang face \u00e0 la pression d\u2019une hi\u00e9rarchie qui veut l&#8217;emp\u00eacher de dire le droit dans l\u2019affaire HPO ?\u00a0\",\"datePublished\":\"2025-03-04T21:00:46+00:00\",\"dateModified\":\"2025-03-04T21:00:47+00:00\",\"mainEntityOfPage\":{\"@id\":\"https:\\\/\\\/depeches241.com\\\/?p=22818\"},\"wordCount\":637,\"commentCount\":0,\"publisher\":{\"@id\":\"https:\\\/\\\/depeches241.com\\\/#organization\"},\"image\":{\"@id\":\"https:\\\/\\\/depeches241.com\\\/?p=22818#primaryimage\"},\"thumbnailUrl\":\"https:\\\/\\\/depeches241.com\\\/wp-content\\\/uploads\\\/2025\\\/03\\\/min-.jpg\",\"keywords\":[\"Affaire HPO\",\"depeches241\",\"Eddy Minang\",\"Gabon\",\"Justice\"],\"articleSection\":[\"JUSTICE\",\"Une1\"],\"inLanguage\":\"fr-FR\",\"potentialAction\":[{\"@type\":\"CommentAction\",\"name\":\"Comment\",\"target\":[\"https:\\\/\\\/depeches241.com\\\/?p=22818#respond\"]}]},{\"@type\":\"WebPage\",\"@id\":\"https:\\\/\\\/depeches241.com\\\/?p=22818\",\"url\":\"https:\\\/\\\/depeches241.com\\\/?p=22818\",\"name\":\"Gabon: Eddy Minang face \u00e0 la pression d\u2019une hi\u00e9rarchie qui veut l'emp\u00eacher de dire le droit dans l\u2019affaire HPO ?\u00a0 - Groupe D\u00e9p\u00eaches241\",\"isPartOf\":{\"@id\":\"https:\\\/\\\/depeches241.com\\\/#website\"},\"primaryImageOfPage\":{\"@id\":\"https:\\\/\\\/depeches241.com\\\/?p=22818#primaryimage\"},\"image\":{\"@id\":\"https:\\\/\\\/depeches241.com\\\/?p=22818#primaryimage\"},\"thumbnailUrl\":\"https:\\\/\\\/depeches241.com\\\/wp-content\\\/uploads\\\/2025\\\/03\\\/min-.jpg\",\"datePublished\":\"2025-03-04T21:00:46+00:00\",\"dateModified\":\"2025-03-04T21:00:47+00:00\",\"description\":\"Plusieurs jours apr\u00e8s le transfert de l\u2019in\u00e9dit et exceptionnel dossier Opiangah \u00e0 la chambre d\u2019accusation, le procureur g\u00e9n\u00e9ral Eddy Minang est au centre des projecteurs. Si l\u2019homme est connu pour sa droiture et son professionnalisme, le dossier hautement politique qu\u2019il tient entre ses mains le soumet \u00e0 une pression particuli\u00e8re, celle du politique et de laquelle il devra d\u00e9sormais se d\u00e9partir.\u00a0\",\"breadcrumb\":{\"@id\":\"https:\\\/\\\/depeches241.com\\\/?p=22818#breadcrumb\"},\"inLanguage\":\"fr-FR\",\"potentialAction\":[{\"@type\":\"ReadAction\",\"target\":[\"https:\\\/\\\/depeches241.com\\\/?p=22818\"]}]},{\"@type\":\"ImageObject\",\"inLanguage\":\"fr-FR\",\"@id\":\"https:\\\/\\\/depeches241.com\\\/?p=22818#primaryimage\",\"url\":\"https:\\\/\\\/depeches241.com\\\/wp-content\\\/uploads\\\/2025\\\/03\\\/min-.jpg\",\"contentUrl\":\"https:\\\/\\\/depeches241.com\\\/wp-content\\\/uploads\\\/2025\\\/03\\\/min-.jpg\",\"width\":960,\"height\":540},{\"@type\":\"BreadcrumbList\",\"@id\":\"https:\\\/\\\/depeches241.com\\\/?p=22818#breadcrumb\",\"itemListElement\":[{\"@type\":\"ListItem\",\"position\":1,\"name\":\"Accueil\",\"item\":\"https:\\\/\\\/depeches241.com\\\/\"},{\"@type\":\"ListItem\",\"position\":2,\"name\":\"Gabon: Eddy Minang face \u00e0 la pression d\u2019une hi\u00e9rarchie qui veut l&#8217;emp\u00eacher de dire le droit dans l\u2019affaire HPO ?\u00a0\"}]},{\"@type\":\"WebSite\",\"@id\":\"https:\\\/\\\/depeches241.com\\\/#website\",\"url\":\"https:\\\/\\\/depeches241.com\\\/\",\"name\":\"D\u00e9p\u00eaches241\",\"description\":\"M\u00e9dia d&#039;actualit\u00e9 Politique, \u00c9conomique, Sociale et Internationale\",\"publisher\":{\"@id\":\"https:\\\/\\\/depeches241.com\\\/#organization\"},\"potentialAction\":[{\"@type\":\"SearchAction\",\"target\":{\"@type\":\"EntryPoint\",\"urlTemplate\":\"https:\\\/\\\/depeches241.com\\\/?s={search_term_string}\"},\"query-input\":{\"@type\":\"PropertyValueSpecification\",\"valueRequired\":true,\"valueName\":\"search_term_string\"}}],\"inLanguage\":\"fr-FR\"},{\"@type\":\"Organization\",\"@id\":\"https:\\\/\\\/depeches241.com\\\/#organization\",\"name\":\"Groupe D\u00e9p\u00eaches241\",\"url\":\"https:\\\/\\\/depeches241.com\\\/\",\"logo\":{\"@type\":\"ImageObject\",\"inLanguage\":\"fr-FR\",\"@id\":\"https:\\\/\\\/depeches241.com\\\/#\\\/schema\\\/logo\\\/image\\\/\",\"url\":\"https:\\\/\\\/depeches241.com\\\/wp-content\\\/uploads\\\/2021\\\/10\\\/cropped-Logo-new-Accueil.png\",\"contentUrl\":\"https:\\\/\\\/depeches241.com\\\/wp-content\\\/uploads\\\/2021\\\/10\\\/cropped-Logo-new-Accueil.png\",\"width\":320,\"height\":105,\"caption\":\"Groupe D\u00e9p\u00eaches241\"},\"image\":{\"@id\":\"https:\\\/\\\/depeches241.com\\\/#\\\/schema\\\/logo\\\/image\\\/\"},\"sameAs\":[\"https:\\\/\\\/www.facebook.com\\\/depeches241\"]},{\"@type\":\"Person\",\"@id\":\"https:\\\/\\\/depeches241.com\\\/#\\\/schema\\\/person\\\/5abcf4b9361e0d8aa457b404d877674f\",\"name\":\"Iboka Marc Andr\u00e9\",\"image\":{\"@type\":\"ImageObject\",\"inLanguage\":\"fr-FR\",\"@id\":\"https:\\\/\\\/secure.gravatar.com\\\/avatar\\\/13c33935f0a59dd3c3a52ae25f58c248a1bf75f6e9ab4e6a7a23bfb8f9f53136?s=96&d=mm&r=g\",\"url\":\"https:\\\/\\\/secure.gravatar.com\\\/avatar\\\/13c33935f0a59dd3c3a52ae25f58c248a1bf75f6e9ab4e6a7a23bfb8f9f53136?s=96&d=mm&r=g\",\"contentUrl\":\"https:\\\/\\\/secure.gravatar.com\\\/avatar\\\/13c33935f0a59dd3c3a52ae25f58c248a1bf75f6e9ab4e6a7a23bfb8f9f53136?s=96&d=mm&r=g\",\"caption\":\"Iboka Marc Andr\u00e9\"},\"url\":\"https:\\\/\\\/depeches241.com\\\/?author=12\"}]}<\/script>\n<!-- \/ Yoast SEO plugin. -->","yoast_head_json":{"title":"Gabon: Eddy Minang face \u00e0 la pression d\u2019une hi\u00e9rarchie qui veut l'emp\u00eacher de dire le droit dans l\u2019affaire HPO ?\u00a0 - Groupe D\u00e9p\u00eaches241","description":"Plusieurs jours apr\u00e8s le transfert de l\u2019in\u00e9dit et exceptionnel dossier Opiangah \u00e0 la chambre d\u2019accusation, le procureur g\u00e9n\u00e9ral Eddy Minang est au centre des projecteurs. Si l\u2019homme est connu pour sa droiture et son professionnalisme, le dossier hautement politique qu\u2019il tient entre ses mains le soumet \u00e0 une pression particuli\u00e8re, celle du politique et de laquelle il devra d\u00e9sormais se d\u00e9partir.\u00a0","robots":{"index":"index","follow":"follow","max-snippet":"max-snippet:-1","max-image-preview":"max-image-preview:large","max-video-preview":"max-video-preview:-1"},"canonical":"https:\/\/depeches241.com\/?p=22818","og_locale":"fr_FR","og_type":"article","og_title":"Gabon: Eddy Minang face \u00e0 la pression d\u2019une hi\u00e9rarchie qui veut l'emp\u00eacher de dire le droit dans l\u2019affaire HPO ?\u00a0 - Groupe D\u00e9p\u00eaches241","og_description":"Plusieurs jours apr\u00e8s le transfert de l\u2019in\u00e9dit et exceptionnel dossier Opiangah \u00e0 la chambre d\u2019accusation, le procureur g\u00e9n\u00e9ral Eddy Minang est au centre des projecteurs. Si l\u2019homme est connu pour sa droiture et son professionnalisme, le dossier hautement politique qu\u2019il tient entre ses mains le soumet \u00e0 une pression particuli\u00e8re, celle du politique et de laquelle il devra d\u00e9sormais se d\u00e9partir.\u00a0","og_url":"https:\/\/depeches241.com\/?p=22818","og_site_name":"Groupe D\u00e9p\u00eaches241","article_publisher":"https:\/\/www.facebook.com\/depeches241","article_published_time":"2025-03-04T21:00:46+00:00","article_modified_time":"2025-03-04T21:00:47+00:00","og_image":[{"width":960,"height":540,"url":"http:\/\/depeches241.com\/wp-content\/uploads\/2025\/03\/min-.jpg","type":"image\/jpeg"}],"author":"Iboka Marc Andr\u00e9","twitter_card":"summary_large_image","twitter_misc":{"\u00c9crit par":"Iboka Marc Andr\u00e9","Dur\u00e9e de lecture estim\u00e9e":"3 minutes"},"schema":{"@context":"https:\/\/schema.org","@graph":[{"@type":"Article","@id":"https:\/\/depeches241.com\/?p=22818#article","isPartOf":{"@id":"https:\/\/depeches241.com\/?p=22818"},"author":{"name":"Iboka Marc Andr\u00e9","@id":"https:\/\/depeches241.com\/#\/schema\/person\/5abcf4b9361e0d8aa457b404d877674f"},"headline":"Gabon: Eddy Minang face \u00e0 la pression d\u2019une hi\u00e9rarchie qui veut l&#8217;emp\u00eacher de dire le droit dans l\u2019affaire HPO ?\u00a0","datePublished":"2025-03-04T21:00:46+00:00","dateModified":"2025-03-04T21:00:47+00:00","mainEntityOfPage":{"@id":"https:\/\/depeches241.com\/?p=22818"},"wordCount":637,"commentCount":0,"publisher":{"@id":"https:\/\/depeches241.com\/#organization"},"image":{"@id":"https:\/\/depeches241.com\/?p=22818#primaryimage"},"thumbnailUrl":"https:\/\/depeches241.com\/wp-content\/uploads\/2025\/03\/min-.jpg","keywords":["Affaire HPO","depeches241","Eddy Minang","Gabon","Justice"],"articleSection":["JUSTICE","Une1"],"inLanguage":"fr-FR","potentialAction":[{"@type":"CommentAction","name":"Comment","target":["https:\/\/depeches241.com\/?p=22818#respond"]}]},{"@type":"WebPage","@id":"https:\/\/depeches241.com\/?p=22818","url":"https:\/\/depeches241.com\/?p=22818","name":"Gabon: Eddy Minang face \u00e0 la pression d\u2019une hi\u00e9rarchie qui veut l'emp\u00eacher de dire le droit dans l\u2019affaire HPO ?\u00a0 - Groupe D\u00e9p\u00eaches241","isPartOf":{"@id":"https:\/\/depeches241.com\/#website"},"primaryImageOfPage":{"@id":"https:\/\/depeches241.com\/?p=22818#primaryimage"},"image":{"@id":"https:\/\/depeches241.com\/?p=22818#primaryimage"},"thumbnailUrl":"https:\/\/depeches241.com\/wp-content\/uploads\/2025\/03\/min-.jpg","datePublished":"2025-03-04T21:00:46+00:00","dateModified":"2025-03-04T21:00:47+00:00","description":"Plusieurs jours apr\u00e8s le transfert de l\u2019in\u00e9dit et exceptionnel dossier Opiangah \u00e0 la chambre d\u2019accusation, le procureur g\u00e9n\u00e9ral Eddy Minang est au centre des projecteurs. Si l\u2019homme est connu pour sa droiture et son professionnalisme, le dossier hautement politique qu\u2019il tient entre ses mains le soumet \u00e0 une pression particuli\u00e8re, celle du politique et de laquelle il devra d\u00e9sormais se d\u00e9partir.\u00a0","breadcrumb":{"@id":"https:\/\/depeches241.com\/?p=22818#breadcrumb"},"inLanguage":"fr-FR","potentialAction":[{"@type":"ReadAction","target":["https:\/\/depeches241.com\/?p=22818"]}]},{"@type":"ImageObject","inLanguage":"fr-FR","@id":"https:\/\/depeches241.com\/?p=22818#primaryimage","url":"https:\/\/depeches241.com\/wp-content\/uploads\/2025\/03\/min-.jpg","contentUrl":"https:\/\/depeches241.com\/wp-content\/uploads\/2025\/03\/min-.jpg","width":960,"height":540},{"@type":"BreadcrumbList","@id":"https:\/\/depeches241.com\/?p=22818#breadcrumb","itemListElement":[{"@type":"ListItem","position":1,"name":"Accueil","item":"https:\/\/depeches241.com\/"},{"@type":"ListItem","position":2,"name":"Gabon: Eddy Minang face \u00e0 la pression d\u2019une hi\u00e9rarchie qui veut l&#8217;emp\u00eacher de dire le droit dans l\u2019affaire HPO ?\u00a0"}]},{"@type":"WebSite","@id":"https:\/\/depeches241.com\/#website","url":"https:\/\/depeches241.com\/","name":"D\u00e9p\u00eaches241","description":"M\u00e9dia d&#039;actualit\u00e9 Politique, \u00c9conomique, Sociale et Internationale","publisher":{"@id":"https:\/\/depeches241.com\/#organization"},"potentialAction":[{"@type":"SearchAction","target":{"@type":"EntryPoint","urlTemplate":"https:\/\/depeches241.com\/?s={search_term_string}"},"query-input":{"@type":"PropertyValueSpecification","valueRequired":true,"valueName":"search_term_string"}}],"inLanguage":"fr-FR"},{"@type":"Organization","@id":"https:\/\/depeches241.com\/#organization","name":"Groupe D\u00e9p\u00eaches241","url":"https:\/\/depeches241.com\/","logo":{"@type":"ImageObject","inLanguage":"fr-FR","@id":"https:\/\/depeches241.com\/#\/schema\/logo\/image\/","url":"https:\/\/depeches241.com\/wp-content\/uploads\/2021\/10\/cropped-Logo-new-Accueil.png","contentUrl":"https:\/\/depeches241.com\/wp-content\/uploads\/2021\/10\/cropped-Logo-new-Accueil.png","width":320,"height":105,"caption":"Groupe D\u00e9p\u00eaches241"},"image":{"@id":"https:\/\/depeches241.com\/#\/schema\/logo\/image\/"},"sameAs":["https:\/\/www.facebook.com\/depeches241"]},{"@type":"Person","@id":"https:\/\/depeches241.com\/#\/schema\/person\/5abcf4b9361e0d8aa457b404d877674f","name":"Iboka Marc Andr\u00e9","image":{"@type":"ImageObject","inLanguage":"fr-FR","@id":"https:\/\/secure.gravatar.com\/avatar\/13c33935f0a59dd3c3a52ae25f58c248a1bf75f6e9ab4e6a7a23bfb8f9f53136?s=96&d=mm&r=g","url":"https:\/\/secure.gravatar.com\/avatar\/13c33935f0a59dd3c3a52ae25f58c248a1bf75f6e9ab4e6a7a23bfb8f9f53136?s=96&d=mm&r=g","contentUrl":"https:\/\/secure.gravatar.com\/avatar\/13c33935f0a59dd3c3a52ae25f58c248a1bf75f6e9ab4e6a7a23bfb8f9f53136?s=96&d=mm&r=g","caption":"Iboka Marc Andr\u00e9"},"url":"https:\/\/depeches241.com\/?author=12"}]}},"_links":{"self":[{"href":"https:\/\/depeches241.com\/index.php?rest_route=\/wp\/v2\/posts\/22818","targetHints":{"allow":["GET"]}}],"collection":[{"href":"https:\/\/depeches241.com\/index.php?rest_route=\/wp\/v2\/posts"}],"about":[{"href":"https:\/\/depeches241.com\/index.php?rest_route=\/wp\/v2\/types\/post"}],"author":[{"embeddable":true,"href":"https:\/\/depeches241.com\/index.php?rest_route=\/wp\/v2\/users\/12"}],"replies":[{"embeddable":true,"href":"https:\/\/depeches241.com\/index.php?rest_route=%2Fwp%2Fv2%2Fcomments&post=22818"}],"version-history":[{"count":1,"href":"https:\/\/depeches241.com\/index.php?rest_route=\/wp\/v2\/posts\/22818\/revisions"}],"predecessor-version":[{"id":22820,"href":"https:\/\/depeches241.com\/index.php?rest_route=\/wp\/v2\/posts\/22818\/revisions\/22820"}],"wp:featuredmedia":[{"embeddable":true,"href":"https:\/\/depeches241.com\/index.php?rest_route=\/wp\/v2\/media\/22819"}],"wp:attachment":[{"href":"https:\/\/depeches241.com\/index.php?rest_route=%2Fwp%2Fv2%2Fmedia&parent=22818"}],"wp:term":[{"taxonomy":"category","embeddable":true,"href":"https:\/\/depeches241.com\/index.php?rest_route=%2Fwp%2Fv2%2Fcategories&post=22818"},{"taxonomy":"post_tag","embeddable":true,"href":"https:\/\/depeches241.com\/index.php?rest_route=%2Fwp%2Fv2%2Ftags&post=22818"}],"curies":[{"name":"wp","href":"https:\/\/api.w.org\/{rel}","templated":true}]}}