{"id":22922,"date":"2025-03-15T08:52:41","date_gmt":"2025-03-15T07:52:41","guid":{"rendered":"https:\/\/depeches241.com\/?p=22922"},"modified":"2025-03-17T14:19:57","modified_gmt":"2025-03-17T13:19:57","slug":"rassemblement-des-enfants-de-la-douigny-une-ouverture-officielle-des-activites-placee-sous-le-sceau-de-linclusivite","status":"publish","type":"post","link":"https:\/\/depeches241.com\/?p=22922","title":{"rendered":"Rassemblement des Enfants de la Douigny: une ouverture officielle des activit\u00e9s plac\u00e9e sous le sceau de l&rsquo;inclusivit\u00e9"},"content":{"rendered":"\n<figure class=\"wp-block-image size-full\"><img fetchpriority=\"high\" decoding=\"async\" width=\"960\" height=\"540\" src=\"https:\/\/depeches241.com\/wp-content\/uploads\/2025\/03\/dougny.jpg\" alt=\"\" class=\"wp-image-22923\" srcset=\"https:\/\/depeches241.com\/wp-content\/uploads\/2025\/03\/dougny.jpg 960w, https:\/\/depeches241.com\/wp-content\/uploads\/2025\/03\/dougny-300x169.jpg 300w, https:\/\/depeches241.com\/wp-content\/uploads\/2025\/03\/dougny-768x432.jpg 768w\" sizes=\"(max-width: 960px) 100vw, 960px\" \/><figcaption class=\"wp-element-caption\"><strong>&nbsp;<\/strong><em><strong>La plateforme associative regroupant les filles et les fils de Moabi dans la Nyanga<\/strong> \u00a9DR<\/em> <\/figcaption><\/figure>\n\n\n\n<p><strong>Libreville, le 15 mars 2025 &#8211; (D\u00e9p\u00eaches 241). Le weekend \u00e9coul\u00e9, le Rassemblement des Enfants de la Douigny (RED), un mouvement politique regroupant les filles et les fils de Moabi dans la Nyanga, a proc\u00e9d\u00e9 au lancement officiel de ses activit\u00e9s. Se voulant f\u00e9d\u00e9rateur, le mouvement entend non seulement rassembler les natifs de la Douigny \u00e9pris d&rsquo;amour et de solidarit\u00e9, mais aussi et surtout participer au d\u00e9veloppement de ladite contr\u00e9e en prenant une part active \u00e0 la vie politique et citoyenne locale.<\/strong><\/p>\n\n\n\n<p class=\"has-drop-cap\">Le samedi 8 mars dernier, la ville de Moabi a servi de cadre au lancement officiel de la plateforme le Rassemblement des Enfants de la Douigny (RED). Face \u00e0 l\u2019assistance venue tr\u00e8s nombreuse, Elie Wilfried Boulingui Mikala, le Pr\u00e9sident d&rsquo;Honneur de ladite structure a laiss\u00e9 entendre que <strong><em>\u00ab La p\u00e9riode de la Transition, n\u00e9e du coup de lib\u00e9ration orchestr\u00e9 par le CTRI, a donn\u00e9 l&rsquo;opportunit\u00e9 d&rsquo;unir les gabonais de toutes les contr\u00e9es.C&rsquo;est ainsi que dans le D\u00e9partement de la Douigny, nous avons estim\u00e9 judicieux de mettre en place un cadre politique local inclusif que j&rsquo;ai l&rsquo;honneur de diriger: le Rassemblement des Enfants de la Douigny \u00bb<\/em><\/strong>, a-t-il d\u00e9clar\u00e9.<\/p>\n\n\n\n<p>Insistant sur le caract\u00e8re inclusif de leur d\u00e9marche, le Pr\u00e9sident a ensuite rench\u00e9ri en indiquant que <strong><em>\u00ab Nous invitons tous les Enfants de la Douigny \u00e0 int\u00e9grer le mouvement politique local RED pour une v\u00e9ritable coh\u00e9sion sociale et pour l&rsquo;\u00e9closion de notre D\u00e9partement \u00bb<\/em><\/strong>, s\u2019est-il attel\u00e9 \u00e0 formuler son invite.<\/p>\n\n\n\n<p><strong>Positionnement du RED \u00e0 la pr\u00e9sidentielle du 12 avril prochain: le choix d\u2019une continuit\u00e9 coh\u00e9rente<\/strong><\/p>\n\n\n\n<p>Pour demeurer fid\u00e8les \u00e0 leur positionnement politique d&rsquo;antan, qui \u00e9tait de s\u2019opposer au r\u00e9gime d\u00e9chu d\u2019Ali Bongo, les membres du Rassemblement des Enfants de la Douigny ont salu\u00e9 la d\u00e9cision du Pr\u00e9sident de la Transition de se porter candidat au futur scrutin pr\u00e9sidentiel \u00e0 venir, et entendent, en toute responsabilit\u00e9, voter massivement en faveur du candidat pr\u00e9sent\u00e9 par le CTRI. <strong><em>\u00ab Ce choix port\u00e9 sur le Pr\u00e9sident Brice Clotaire Oligui Nguema, ne l&rsquo;est pas par opportunisme, bien au contraire, il est en parfaite coh\u00e9rence avec notre combat politique de toujours. Le RED s&rsquo;organise pour le vote massif du pr\u00e9sident du CTRI dans l&rsquo;ensemble du&nbsp; D\u00e9partement, comme&nbsp; lors du R\u00e9f\u00e9rendum \u00bb<\/em><\/strong>, a soutenu avec force et vigueur Elie Wilfried Boulingui Mikala.<\/p>\n\n\n\n<p>Gageons d\u00e9sormais que les natifs du d\u00e9partement de la Douigny, dans la province de la Nyanga, aient entendu l\u2019appel \u00e0 l&rsquo;unit\u00e9 et \u00e0 la coh\u00e9sion lanc\u00e9 par le RED, lequel permettra de travailler en symbiose pour l\u2019essor vers une v\u00e9ritable f\u00e9licit\u00e9 de ladite localit\u00e9. <\/p>\n","protected":false},"excerpt":{"rendered":"<p>Libreville, le 15 mars 2025 &#8211; (D\u00e9p\u00eaches 241). Le weekend \u00e9coul\u00e9, le Rassemblement des Enfants de la Douigny (RED), un mouvement politique regroupant les filles et les fils de Moabi dans la Nyanga, a proc\u00e9d\u00e9 au lancement officiel de ses activit\u00e9s. Se voulant f\u00e9d\u00e9rateur, le mouvement entend non seulement rassembler [&hellip;]<\/p>\n","protected":false},"author":18,"featured_media":22923,"comment_status":"open","ping_status":"open","sticky":false,"template":"","format":"standard","meta":{"om_disable_all_campaigns":false,"footnotes":""},"categories":[29,116],"tags":[4356,99,59,73],"class_list":{"0":"post-22922","1":"post","2":"type-post","3":"status-publish","4":"format-standard","5":"has-post-thumbnail","7":"category-associations","8":"category-une1","9":"tag-departement-de-la-douigny","10":"tag-depeches241","11":"tag-gabon","12":"tag-politique"},"yoast_head":"<!-- This site is optimized with the Yoast SEO plugin v27.5 - https:\/\/yoast.com\/product\/yoast-seo-wordpress\/ -->\n<title>Rassemblement des Enfants de la Douigny: une ouverture officielle des activit\u00e9s plac\u00e9e sous le sceau de l&#039;inclusivit\u00e9 - Groupe D\u00e9p\u00eaches241<\/title>\n<meta name=\"description\" content=\"Le weekend \u00e9coul\u00e9, le Rassemblement des Enfants de la Douigny (RED), une plateforme associative regroupant les filles et les fils de Moabi dans la Nyanga, a proc\u00e9d\u00e9 au lancement officiel de ses activit\u00e9s. Se voulant f\u00e9d\u00e9rateur, le mouvement entend non seulement rassembler les natifs de la Douigny \u00e9pris d&#039;amour et de solidarit\u00e9, mais aussi et surtout participer au d\u00e9veloppement de ladite contr\u00e9e en prenant une part active \u00e0 la vie politique et citoyenne locale.\" \/>\n<meta name=\"robots\" content=\"index, follow, max-snippet:-1, max-image-preview:large, max-video-preview:-1\" \/>\n<link rel=\"canonical\" href=\"https:\/\/depeches241.com\/?p=22922\" \/>\n<meta property=\"og:locale\" content=\"fr_FR\" \/>\n<meta property=\"og:type\" content=\"article\" \/>\n<meta property=\"og:title\" content=\"Rassemblement des Enfants de la Douigny: une ouverture officielle des activit\u00e9s plac\u00e9e sous le sceau de l&#039;inclusivit\u00e9 - Groupe D\u00e9p\u00eaches241\" \/>\n<meta property=\"og:description\" content=\"Le weekend \u00e9coul\u00e9, le Rassemblement des Enfants de la Douigny (RED), une plateforme associative regroupant les filles et les fils de Moabi dans la Nyanga, a proc\u00e9d\u00e9 au lancement officiel de ses activit\u00e9s. Se voulant f\u00e9d\u00e9rateur, le mouvement entend non seulement rassembler les natifs de la Douigny \u00e9pris d&#039;amour et de solidarit\u00e9, mais aussi et surtout participer au d\u00e9veloppement de ladite contr\u00e9e en prenant une part active \u00e0 la vie politique et citoyenne locale.\" \/>\n<meta property=\"og:url\" content=\"https:\/\/depeches241.com\/?p=22922\" \/>\n<meta property=\"og:site_name\" content=\"Groupe D\u00e9p\u00eaches241\" \/>\n<meta property=\"article:publisher\" content=\"https:\/\/www.facebook.com\/depeches241\" \/>\n<meta property=\"article:published_time\" content=\"2025-03-15T07:52:41+00:00\" \/>\n<meta property=\"article:modified_time\" content=\"2025-03-17T13:19:57+00:00\" \/>\n<meta property=\"og:image\" content=\"http:\/\/depeches241.com\/wp-content\/uploads\/2025\/03\/dougny.jpg\" \/>\n\t<meta property=\"og:image:width\" content=\"960\" \/>\n\t<meta property=\"og:image:height\" content=\"540\" \/>\n\t<meta property=\"og:image:type\" content=\"image\/jpeg\" \/>\n<meta name=\"author\" content=\"Fabien BIBANG\" \/>\n<meta name=\"twitter:card\" content=\"summary_large_image\" \/>\n<meta name=\"twitter:label1\" content=\"\u00c9crit par\" \/>\n\t<meta name=\"twitter:data1\" content=\"Fabien BIBANG\" \/>\n\t<meta name=\"twitter:label2\" content=\"Dur\u00e9e de lecture estim\u00e9e\" \/>\n\t<meta name=\"twitter:data2\" content=\"2 minutes\" \/>\n<script type=\"application\/ld+json\" class=\"yoast-schema-graph\">{\"@context\":\"https:\\\/\\\/schema.org\",\"@graph\":[{\"@type\":\"Article\",\"@id\":\"https:\\\/\\\/depeches241.com\\\/?p=22922#article\",\"isPartOf\":{\"@id\":\"https:\\\/\\\/depeches241.com\\\/?p=22922\"},\"author\":{\"name\":\"Fabien BIBANG\",\"@id\":\"https:\\\/\\\/depeches241.com\\\/#\\\/schema\\\/person\\\/1901eab6e51ac627fab3abccbd181d4e\"},\"headline\":\"Rassemblement des Enfants de la Douigny: une ouverture officielle des activit\u00e9s plac\u00e9e sous le sceau de l&rsquo;inclusivit\u00e9\",\"datePublished\":\"2025-03-15T07:52:41+00:00\",\"dateModified\":\"2025-03-17T13:19:57+00:00\",\"mainEntityOfPage\":{\"@id\":\"https:\\\/\\\/depeches241.com\\\/?p=22922\"},\"wordCount\":489,\"commentCount\":0,\"publisher\":{\"@id\":\"https:\\\/\\\/depeches241.com\\\/#organization\"},\"image\":{\"@id\":\"https:\\\/\\\/depeches241.com\\\/?p=22922#primaryimage\"},\"thumbnailUrl\":\"https:\\\/\\\/depeches241.com\\\/wp-content\\\/uploads\\\/2025\\\/03\\\/dougny.jpg\",\"keywords\":[\"d\u00e9partement de la Douigny\",\"depeches241\",\"Gabon\",\"Politique\"],\"articleSection\":[\"ASSOCIATIONS\",\"Une1\"],\"inLanguage\":\"fr-FR\",\"potentialAction\":[{\"@type\":\"CommentAction\",\"name\":\"Comment\",\"target\":[\"https:\\\/\\\/depeches241.com\\\/?p=22922#respond\"]}]},{\"@type\":\"WebPage\",\"@id\":\"https:\\\/\\\/depeches241.com\\\/?p=22922\",\"url\":\"https:\\\/\\\/depeches241.com\\\/?p=22922\",\"name\":\"Rassemblement des Enfants de la Douigny: une ouverture officielle des activit\u00e9s plac\u00e9e sous le sceau de l'inclusivit\u00e9 - Groupe D\u00e9p\u00eaches241\",\"isPartOf\":{\"@id\":\"https:\\\/\\\/depeches241.com\\\/#website\"},\"primaryImageOfPage\":{\"@id\":\"https:\\\/\\\/depeches241.com\\\/?p=22922#primaryimage\"},\"image\":{\"@id\":\"https:\\\/\\\/depeches241.com\\\/?p=22922#primaryimage\"},\"thumbnailUrl\":\"https:\\\/\\\/depeches241.com\\\/wp-content\\\/uploads\\\/2025\\\/03\\\/dougny.jpg\",\"datePublished\":\"2025-03-15T07:52:41+00:00\",\"dateModified\":\"2025-03-17T13:19:57+00:00\",\"description\":\"Le weekend \u00e9coul\u00e9, le Rassemblement des Enfants de la Douigny (RED), une plateforme associative regroupant les filles et les fils de Moabi dans la Nyanga, a proc\u00e9d\u00e9 au lancement officiel de ses activit\u00e9s. Se voulant f\u00e9d\u00e9rateur, le mouvement entend non seulement rassembler les natifs de la Douigny \u00e9pris d'amour et de solidarit\u00e9, mais aussi et surtout participer au d\u00e9veloppement de ladite contr\u00e9e en prenant une part active \u00e0 la vie politique et citoyenne locale.\",\"breadcrumb\":{\"@id\":\"https:\\\/\\\/depeches241.com\\\/?p=22922#breadcrumb\"},\"inLanguage\":\"fr-FR\",\"potentialAction\":[{\"@type\":\"ReadAction\",\"target\":[\"https:\\\/\\\/depeches241.com\\\/?p=22922\"]}]},{\"@type\":\"ImageObject\",\"inLanguage\":\"fr-FR\",\"@id\":\"https:\\\/\\\/depeches241.com\\\/?p=22922#primaryimage\",\"url\":\"https:\\\/\\\/depeches241.com\\\/wp-content\\\/uploads\\\/2025\\\/03\\\/dougny.jpg\",\"contentUrl\":\"https:\\\/\\\/depeches241.com\\\/wp-content\\\/uploads\\\/2025\\\/03\\\/dougny.jpg\",\"width\":960,\"height\":540},{\"@type\":\"BreadcrumbList\",\"@id\":\"https:\\\/\\\/depeches241.com\\\/?p=22922#breadcrumb\",\"itemListElement\":[{\"@type\":\"ListItem\",\"position\":1,\"name\":\"Accueil\",\"item\":\"https:\\\/\\\/depeches241.com\\\/\"},{\"@type\":\"ListItem\",\"position\":2,\"name\":\"Rassemblement des Enfants de la Douigny: une ouverture officielle des activit\u00e9s plac\u00e9e sous le sceau de l&rsquo;inclusivit\u00e9\"}]},{\"@type\":\"WebSite\",\"@id\":\"https:\\\/\\\/depeches241.com\\\/#website\",\"url\":\"https:\\\/\\\/depeches241.com\\\/\",\"name\":\"D\u00e9p\u00eaches241\",\"description\":\"M\u00e9dia d&#039;actualit\u00e9 Politique, \u00c9conomique, Sociale et Internationale\",\"publisher\":{\"@id\":\"https:\\\/\\\/depeches241.com\\\/#organization\"},\"potentialAction\":[{\"@type\":\"SearchAction\",\"target\":{\"@type\":\"EntryPoint\",\"urlTemplate\":\"https:\\\/\\\/depeches241.com\\\/?s={search_term_string}\"},\"query-input\":{\"@type\":\"PropertyValueSpecification\",\"valueRequired\":true,\"valueName\":\"search_term_string\"}}],\"inLanguage\":\"fr-FR\"},{\"@type\":\"Organization\",\"@id\":\"https:\\\/\\\/depeches241.com\\\/#organization\",\"name\":\"Groupe D\u00e9p\u00eaches241\",\"url\":\"https:\\\/\\\/depeches241.com\\\/\",\"logo\":{\"@type\":\"ImageObject\",\"inLanguage\":\"fr-FR\",\"@id\":\"https:\\\/\\\/depeches241.com\\\/#\\\/schema\\\/logo\\\/image\\\/\",\"url\":\"https:\\\/\\\/depeches241.com\\\/wp-content\\\/uploads\\\/2021\\\/10\\\/cropped-Logo-new-Accueil.png\",\"contentUrl\":\"https:\\\/\\\/depeches241.com\\\/wp-content\\\/uploads\\\/2021\\\/10\\\/cropped-Logo-new-Accueil.png\",\"width\":320,\"height\":105,\"caption\":\"Groupe D\u00e9p\u00eaches241\"},\"image\":{\"@id\":\"https:\\\/\\\/depeches241.com\\\/#\\\/schema\\\/logo\\\/image\\\/\"},\"sameAs\":[\"https:\\\/\\\/www.facebook.com\\\/depeches241\"]},{\"@type\":\"Person\",\"@id\":\"https:\\\/\\\/depeches241.com\\\/#\\\/schema\\\/person\\\/1901eab6e51ac627fab3abccbd181d4e\",\"name\":\"Fabien BIBANG\",\"image\":{\"@type\":\"ImageObject\",\"inLanguage\":\"fr-FR\",\"@id\":\"https:\\\/\\\/secure.gravatar.com\\\/avatar\\\/18bb838415fc126d966f8ac8e32711b2843c5ba6e35a2e6699a14ef69705dc76?s=96&d=mm&r=g\",\"url\":\"https:\\\/\\\/secure.gravatar.com\\\/avatar\\\/18bb838415fc126d966f8ac8e32711b2843c5ba6e35a2e6699a14ef69705dc76?s=96&d=mm&r=g\",\"contentUrl\":\"https:\\\/\\\/secure.gravatar.com\\\/avatar\\\/18bb838415fc126d966f8ac8e32711b2843c5ba6e35a2e6699a14ef69705dc76?s=96&d=mm&r=g\",\"caption\":\"Fabien BIBANG\"},\"description\":\"Fabien BIBANG est dipl\u00f6m\u00e9 en Philosophie et Lettres. Son amour pour la lecture, l'histoire et les arts, ainsi que son engagement sur le front social l'ont tr\u00e8s t\u00f4t conduit sur les antennes des cha\u00eenes de t\u00e9l\u00e9s et radios pour y d\u00e9fendre ses postures. Sp\u00e9cialiste des questions socio-politiques, il re\u00e7oit le Prix Encouragements au Concours M\u00e9dias UNICEF en novembre 2022\",\"url\":\"https:\\\/\\\/depeches241.com\\\/?author=18\"}]}<\/script>\n<!-- \/ Yoast SEO plugin. -->","yoast_head_json":{"title":"Rassemblement des Enfants de la Douigny: une ouverture officielle des activit\u00e9s plac\u00e9e sous le sceau de l'inclusivit\u00e9 - Groupe D\u00e9p\u00eaches241","description":"Le weekend \u00e9coul\u00e9, le Rassemblement des Enfants de la Douigny (RED), une plateforme associative regroupant les filles et les fils de Moabi dans la Nyanga, a proc\u00e9d\u00e9 au lancement officiel de ses activit\u00e9s. Se voulant f\u00e9d\u00e9rateur, le mouvement entend non seulement rassembler les natifs de la Douigny \u00e9pris d'amour et de solidarit\u00e9, mais aussi et surtout participer au d\u00e9veloppement de ladite contr\u00e9e en prenant une part active \u00e0 la vie politique et citoyenne locale.","robots":{"index":"index","follow":"follow","max-snippet":"max-snippet:-1","max-image-preview":"max-image-preview:large","max-video-preview":"max-video-preview:-1"},"canonical":"https:\/\/depeches241.com\/?p=22922","og_locale":"fr_FR","og_type":"article","og_title":"Rassemblement des Enfants de la Douigny: une ouverture officielle des activit\u00e9s plac\u00e9e sous le sceau de l'inclusivit\u00e9 - Groupe D\u00e9p\u00eaches241","og_description":"Le weekend \u00e9coul\u00e9, le Rassemblement des Enfants de la Douigny (RED), une plateforme associative regroupant les filles et les fils de Moabi dans la Nyanga, a proc\u00e9d\u00e9 au lancement officiel de ses activit\u00e9s. Se voulant f\u00e9d\u00e9rateur, le mouvement entend non seulement rassembler les natifs de la Douigny \u00e9pris d'amour et de solidarit\u00e9, mais aussi et surtout participer au d\u00e9veloppement de ladite contr\u00e9e en prenant une part active \u00e0 la vie politique et citoyenne locale.","og_url":"https:\/\/depeches241.com\/?p=22922","og_site_name":"Groupe D\u00e9p\u00eaches241","article_publisher":"https:\/\/www.facebook.com\/depeches241","article_published_time":"2025-03-15T07:52:41+00:00","article_modified_time":"2025-03-17T13:19:57+00:00","og_image":[{"width":960,"height":540,"url":"http:\/\/depeches241.com\/wp-content\/uploads\/2025\/03\/dougny.jpg","type":"image\/jpeg"}],"author":"Fabien BIBANG","twitter_card":"summary_large_image","twitter_misc":{"\u00c9crit par":"Fabien BIBANG","Dur\u00e9e de lecture estim\u00e9e":"2 minutes"},"schema":{"@context":"https:\/\/schema.org","@graph":[{"@type":"Article","@id":"https:\/\/depeches241.com\/?p=22922#article","isPartOf":{"@id":"https:\/\/depeches241.com\/?p=22922"},"author":{"name":"Fabien BIBANG","@id":"https:\/\/depeches241.com\/#\/schema\/person\/1901eab6e51ac627fab3abccbd181d4e"},"headline":"Rassemblement des Enfants de la Douigny: une ouverture officielle des activit\u00e9s plac\u00e9e sous le sceau de l&rsquo;inclusivit\u00e9","datePublished":"2025-03-15T07:52:41+00:00","dateModified":"2025-03-17T13:19:57+00:00","mainEntityOfPage":{"@id":"https:\/\/depeches241.com\/?p=22922"},"wordCount":489,"commentCount":0,"publisher":{"@id":"https:\/\/depeches241.com\/#organization"},"image":{"@id":"https:\/\/depeches241.com\/?p=22922#primaryimage"},"thumbnailUrl":"https:\/\/depeches241.com\/wp-content\/uploads\/2025\/03\/dougny.jpg","keywords":["d\u00e9partement de la Douigny","depeches241","Gabon","Politique"],"articleSection":["ASSOCIATIONS","Une1"],"inLanguage":"fr-FR","potentialAction":[{"@type":"CommentAction","name":"Comment","target":["https:\/\/depeches241.com\/?p=22922#respond"]}]},{"@type":"WebPage","@id":"https:\/\/depeches241.com\/?p=22922","url":"https:\/\/depeches241.com\/?p=22922","name":"Rassemblement des Enfants de la Douigny: une ouverture officielle des activit\u00e9s plac\u00e9e sous le sceau de l'inclusivit\u00e9 - Groupe D\u00e9p\u00eaches241","isPartOf":{"@id":"https:\/\/depeches241.com\/#website"},"primaryImageOfPage":{"@id":"https:\/\/depeches241.com\/?p=22922#primaryimage"},"image":{"@id":"https:\/\/depeches241.com\/?p=22922#primaryimage"},"thumbnailUrl":"https:\/\/depeches241.com\/wp-content\/uploads\/2025\/03\/dougny.jpg","datePublished":"2025-03-15T07:52:41+00:00","dateModified":"2025-03-17T13:19:57+00:00","description":"Le weekend \u00e9coul\u00e9, le Rassemblement des Enfants de la Douigny (RED), une plateforme associative regroupant les filles et les fils de Moabi dans la Nyanga, a proc\u00e9d\u00e9 au lancement officiel de ses activit\u00e9s. Se voulant f\u00e9d\u00e9rateur, le mouvement entend non seulement rassembler les natifs de la Douigny \u00e9pris d'amour et de solidarit\u00e9, mais aussi et surtout participer au d\u00e9veloppement de ladite contr\u00e9e en prenant une part active \u00e0 la vie politique et citoyenne locale.","breadcrumb":{"@id":"https:\/\/depeches241.com\/?p=22922#breadcrumb"},"inLanguage":"fr-FR","potentialAction":[{"@type":"ReadAction","target":["https:\/\/depeches241.com\/?p=22922"]}]},{"@type":"ImageObject","inLanguage":"fr-FR","@id":"https:\/\/depeches241.com\/?p=22922#primaryimage","url":"https:\/\/depeches241.com\/wp-content\/uploads\/2025\/03\/dougny.jpg","contentUrl":"https:\/\/depeches241.com\/wp-content\/uploads\/2025\/03\/dougny.jpg","width":960,"height":540},{"@type":"BreadcrumbList","@id":"https:\/\/depeches241.com\/?p=22922#breadcrumb","itemListElement":[{"@type":"ListItem","position":1,"name":"Accueil","item":"https:\/\/depeches241.com\/"},{"@type":"ListItem","position":2,"name":"Rassemblement des Enfants de la Douigny: une ouverture officielle des activit\u00e9s plac\u00e9e sous le sceau de l&rsquo;inclusivit\u00e9"}]},{"@type":"WebSite","@id":"https:\/\/depeches241.com\/#website","url":"https:\/\/depeches241.com\/","name":"D\u00e9p\u00eaches241","description":"M\u00e9dia d&#039;actualit\u00e9 Politique, \u00c9conomique, Sociale et Internationale","publisher":{"@id":"https:\/\/depeches241.com\/#organization"},"potentialAction":[{"@type":"SearchAction","target":{"@type":"EntryPoint","urlTemplate":"https:\/\/depeches241.com\/?s={search_term_string}"},"query-input":{"@type":"PropertyValueSpecification","valueRequired":true,"valueName":"search_term_string"}}],"inLanguage":"fr-FR"},{"@type":"Organization","@id":"https:\/\/depeches241.com\/#organization","name":"Groupe D\u00e9p\u00eaches241","url":"https:\/\/depeches241.com\/","logo":{"@type":"ImageObject","inLanguage":"fr-FR","@id":"https:\/\/depeches241.com\/#\/schema\/logo\/image\/","url":"https:\/\/depeches241.com\/wp-content\/uploads\/2021\/10\/cropped-Logo-new-Accueil.png","contentUrl":"https:\/\/depeches241.com\/wp-content\/uploads\/2021\/10\/cropped-Logo-new-Accueil.png","width":320,"height":105,"caption":"Groupe D\u00e9p\u00eaches241"},"image":{"@id":"https:\/\/depeches241.com\/#\/schema\/logo\/image\/"},"sameAs":["https:\/\/www.facebook.com\/depeches241"]},{"@type":"Person","@id":"https:\/\/depeches241.com\/#\/schema\/person\/1901eab6e51ac627fab3abccbd181d4e","name":"Fabien BIBANG","image":{"@type":"ImageObject","inLanguage":"fr-FR","@id":"https:\/\/secure.gravatar.com\/avatar\/18bb838415fc126d966f8ac8e32711b2843c5ba6e35a2e6699a14ef69705dc76?s=96&d=mm&r=g","url":"https:\/\/secure.gravatar.com\/avatar\/18bb838415fc126d966f8ac8e32711b2843c5ba6e35a2e6699a14ef69705dc76?s=96&d=mm&r=g","contentUrl":"https:\/\/secure.gravatar.com\/avatar\/18bb838415fc126d966f8ac8e32711b2843c5ba6e35a2e6699a14ef69705dc76?s=96&d=mm&r=g","caption":"Fabien BIBANG"},"description":"Fabien BIBANG est dipl\u00f6m\u00e9 en Philosophie et Lettres. Son amour pour la lecture, l'histoire et les arts, ainsi que son engagement sur le front social l'ont tr\u00e8s t\u00f4t conduit sur les antennes des cha\u00eenes de t\u00e9l\u00e9s et radios pour y d\u00e9fendre ses postures. Sp\u00e9cialiste des questions socio-politiques, il re\u00e7oit le Prix Encouragements au Concours M\u00e9dias UNICEF en novembre 2022","url":"https:\/\/depeches241.com\/?author=18"}]}},"_links":{"self":[{"href":"https:\/\/depeches241.com\/index.php?rest_route=\/wp\/v2\/posts\/22922","targetHints":{"allow":["GET"]}}],"collection":[{"href":"https:\/\/depeches241.com\/index.php?rest_route=\/wp\/v2\/posts"}],"about":[{"href":"https:\/\/depeches241.com\/index.php?rest_route=\/wp\/v2\/types\/post"}],"author":[{"embeddable":true,"href":"https:\/\/depeches241.com\/index.php?rest_route=\/wp\/v2\/users\/18"}],"replies":[{"embeddable":true,"href":"https:\/\/depeches241.com\/index.php?rest_route=%2Fwp%2Fv2%2Fcomments&post=22922"}],"version-history":[{"count":2,"href":"https:\/\/depeches241.com\/index.php?rest_route=\/wp\/v2\/posts\/22922\/revisions"}],"predecessor-version":[{"id":22943,"href":"https:\/\/depeches241.com\/index.php?rest_route=\/wp\/v2\/posts\/22922\/revisions\/22943"}],"wp:featuredmedia":[{"embeddable":true,"href":"https:\/\/depeches241.com\/index.php?rest_route=\/wp\/v2\/media\/22923"}],"wp:attachment":[{"href":"https:\/\/depeches241.com\/index.php?rest_route=%2Fwp%2Fv2%2Fmedia&parent=22922"}],"wp:term":[{"taxonomy":"category","embeddable":true,"href":"https:\/\/depeches241.com\/index.php?rest_route=%2Fwp%2Fv2%2Fcategories&post=22922"},{"taxonomy":"post_tag","embeddable":true,"href":"https:\/\/depeches241.com\/index.php?rest_route=%2Fwp%2Fv2%2Ftags&post=22922"}],"curies":[{"name":"wp","href":"https:\/\/api.w.org\/{rel}","templated":true}]}}