{"id":23392,"date":"2025-04-13T13:40:17","date_gmt":"2025-04-13T11:40:17","guid":{"rendered":"https:\/\/depeches241.com\/?p=23392"},"modified":"2025-04-13T13:40:18","modified_gmt":"2025-04-13T11:40:18","slug":"presidentielles-les-resultats-provisoires-dune-election-apaisee-annonces-ce-dimanche-a-13h30","status":"publish","type":"post","link":"https:\/\/depeches241.com\/?p=23392","title":{"rendered":"Pr\u00e9sidentielles: Les r\u00e9sultats provisoires d\u2019une \u00e9lection apais\u00e9e annonc\u00e9s ce dimanche \u00e0 13H30\u00a0\u00a0"},"content":{"rendered":"\n<figure class=\"wp-block-image size-full\"><img fetchpriority=\"high\" decoding=\"async\" width=\"960\" height=\"540\" src=\"https:\/\/depeches241.com\/wp-content\/uploads\/2025\/04\/interieyr.jpg\" alt=\"\" class=\"wp-image-23393\" srcset=\"https:\/\/depeches241.com\/wp-content\/uploads\/2025\/04\/interieyr.jpg 960w, https:\/\/depeches241.com\/wp-content\/uploads\/2025\/04\/interieyr-300x169.jpg 300w, https:\/\/depeches241.com\/wp-content\/uploads\/2025\/04\/interieyr-768x432.jpg 768w\" sizes=\"(max-width: 960px) 100vw, 960px\" \/><figcaption class=\"wp-element-caption\"><strong><em>Le ministre de l&rsquo;Int\u00e9rieur Herman Immongault annonce les r\u00e9sultats provisoires dans quelques heures <\/em><\/strong><em>\u00a9 DR<\/em><\/figcaption><\/figure>\n\n\n\n<p><strong>Libreville, le 13 avril 2025 &#8211; (D\u00e9p\u00eaches 241). C\u2019est par le biais d\u2019une publication sur sa page facebook que le Minist\u00e8re de l&rsquo;Int\u00e9rieur a annonc\u00e9 la publication des r\u00e9sultats provisoires du scrutin pr\u00e9sidentiel qui s\u2019est tenu hier dans le calme et la s\u00e9r\u00e9nit\u00e9. Sans grande surprise, Brice Clotaire Oligui Nguma devrait \u00eatre annonc\u00e9 vainqueur au regard des premi\u00e8res tendances.&nbsp;<\/strong><\/p>\n\n\n\n<p class=\"has-drop-cap\">C\u2019est une premi\u00e8re en R\u00e9publique Gabonaise. Les r\u00e9sultats de l\u2019\u00e9lection pr\u00e9sidentielle seront publi\u00e9s vingt-quatre (24) heures seulement apr\u00e8s les op\u00e9rations de vote qui se sont d\u00e9roul\u00e9es hier dans un climat apais\u00e9. C\u2019est du moins l\u2019annonce faite par le Minist\u00e8re de l\u2019Int\u00e9rieur qui a indiqu\u00e9 que la proclamation des r\u00e9sultats est pr\u00e9vue pour ce dimanche \u00e0 13h30.&nbsp;<\/p>\n\n\n\n<p>Une annonce de r\u00e9sultats qui sera diffus\u00e9e sur les r\u00e9seaux sociaux et sur plusieurs m\u00e9dias publics et priv\u00e9s. Le Gouvernement entend marquer le coup en maintenant une transparence de bout en bout et ainsi trancher les pratiques du r\u00e9gime ancien qui avait habitu\u00e9 le peuple aux m\u00e9thodes peu orthodoxes, comme ce fut le cas o\u00f9 ils ont rendu les r\u00e9sultats publics \u00e0 4 heures du matin.&nbsp;<\/p>\n\n\n\n<p>Une d\u00e9cision rendue facile par l\u2019application des nouvelles dispositions du code \u00e9lectoral r\u00e9vis\u00e9 qui ont consid\u00e9rablement simplifi\u00e9 le processus, notamment avec l\u2019affichage imm\u00e9diat des proc\u00e8s-verbaux devant chaque bureau de vote. Une mesure du reste salu\u00e9e par l\u2019opinion et par les observateurs de cette \u00e9lection pr\u00e9sidentielle qui devrait, sauf retournement de situation, valider la victoire de Brice Clotaire Oligui Nguema.&nbsp;&nbsp;<\/p>\n","protected":false},"excerpt":{"rendered":"<p>Libreville, le 13 avril 2025 &#8211; (D\u00e9p\u00eaches 241). C\u2019est par le biais d\u2019une publication sur sa page facebook que le Minist\u00e8re de l&rsquo;Int\u00e9rieur a annonc\u00e9 la publication des r\u00e9sultats provisoires du scrutin pr\u00e9sidentiel qui s\u2019est tenu hier dans le calme et la s\u00e9r\u00e9nit\u00e9. Sans grande surprise, Brice Clotaire Oligui Nguma [&hellip;]<\/p>\n","protected":false},"author":11,"featured_media":23393,"comment_status":"open","ping_status":"open","sticky":false,"template":"","format":"standard","meta":{"om_disable_all_campaigns":false,"footnotes":""},"categories":[3,116],"tags":[99,59,73,3852,4464],"class_list":{"0":"post-23392","1":"post","2":"type-post","3":"status-publish","4":"format-standard","5":"has-post-thumbnail","7":"category-politique","8":"category-une1","9":"tag-depeches241","10":"tag-gabon","11":"tag-politique","12":"tag-presidentielles-2025","13":"tag-resultats"},"yoast_head":"<!-- This site is optimized with the Yoast SEO plugin v27.5 - https:\/\/yoast.com\/product\/yoast-seo-wordpress\/ -->\n<title>Pr\u00e9sidentielles: Les r\u00e9sultats provisoires d\u2019une \u00e9lection apais\u00e9e annonc\u00e9s ce dimanche \u00e0 13H30\u00a0\u00a0 - Groupe D\u00e9p\u00eaches241<\/title>\n<meta name=\"description\" content=\"C\u2019est par le biais d\u2019une publication sur sa page facebook que le Minist\u00e8re de l&#039;Int\u00e9rieur a annonc\u00e9 la publication des r\u00e9sultats provisoires du scrutin pr\u00e9sidentiel qui s\u2019est tenu hier dans le calme et la s\u00e9r\u00e9nit\u00e9. Sans grande surprise, Brice Clotaire Oligui Nguma devrait \u00eatre annonc\u00e9 vainqueur au regard des premi\u00e8res tendances.\u00a0\" \/>\n<meta name=\"robots\" content=\"index, follow, max-snippet:-1, max-image-preview:large, max-video-preview:-1\" \/>\n<link rel=\"canonical\" href=\"https:\/\/depeches241.com\/?p=23392\" \/>\n<meta property=\"og:locale\" content=\"fr_FR\" \/>\n<meta property=\"og:type\" content=\"article\" \/>\n<meta property=\"og:title\" content=\"Pr\u00e9sidentielles: Les r\u00e9sultats provisoires d\u2019une \u00e9lection apais\u00e9e annonc\u00e9s ce dimanche \u00e0 13H30\u00a0\u00a0 - Groupe D\u00e9p\u00eaches241\" \/>\n<meta property=\"og:description\" content=\"C\u2019est par le biais d\u2019une publication sur sa page facebook que le Minist\u00e8re de l&#039;Int\u00e9rieur a annonc\u00e9 la publication des r\u00e9sultats provisoires du scrutin pr\u00e9sidentiel qui s\u2019est tenu hier dans le calme et la s\u00e9r\u00e9nit\u00e9. Sans grande surprise, Brice Clotaire Oligui Nguma devrait \u00eatre annonc\u00e9 vainqueur au regard des premi\u00e8res tendances.\u00a0\" \/>\n<meta property=\"og:url\" content=\"https:\/\/depeches241.com\/?p=23392\" \/>\n<meta property=\"og:site_name\" content=\"Groupe D\u00e9p\u00eaches241\" \/>\n<meta property=\"article:publisher\" content=\"https:\/\/www.facebook.com\/depeches241\" \/>\n<meta property=\"article:published_time\" content=\"2025-04-13T11:40:17+00:00\" \/>\n<meta property=\"article:modified_time\" content=\"2025-04-13T11:40:18+00:00\" \/>\n<meta property=\"og:image\" content=\"http:\/\/depeches241.com\/wp-content\/uploads\/2025\/04\/interieyr.jpg\" \/>\n\t<meta property=\"og:image:width\" content=\"960\" \/>\n\t<meta property=\"og:image:height\" content=\"540\" \/>\n\t<meta property=\"og:image:type\" content=\"image\/jpeg\" \/>\n<meta name=\"author\" content=\"R\u00e9daction\" \/>\n<meta name=\"twitter:card\" content=\"summary_large_image\" \/>\n<meta name=\"twitter:label1\" content=\"\u00c9crit par\" \/>\n\t<meta name=\"twitter:data1\" content=\"R\u00e9daction\" \/>\n\t<meta name=\"twitter:label2\" content=\"Dur\u00e9e de lecture estim\u00e9e\" \/>\n\t<meta name=\"twitter:data2\" content=\"2 minutes\" \/>\n<script type=\"application\/ld+json\" class=\"yoast-schema-graph\">{\"@context\":\"https:\\\/\\\/schema.org\",\"@graph\":[{\"@type\":\"Article\",\"@id\":\"https:\\\/\\\/depeches241.com\\\/?p=23392#article\",\"isPartOf\":{\"@id\":\"https:\\\/\\\/depeches241.com\\\/?p=23392\"},\"author\":{\"name\":\"R\u00e9daction\",\"@id\":\"https:\\\/\\\/depeches241.com\\\/#\\\/schema\\\/person\\\/977f23ecf7439b0805f4525a893a057a\"},\"headline\":\"Pr\u00e9sidentielles: Les r\u00e9sultats provisoires d\u2019une \u00e9lection apais\u00e9e annonc\u00e9s ce dimanche \u00e0 13H30\u00a0\u00a0\",\"datePublished\":\"2025-04-13T11:40:17+00:00\",\"dateModified\":\"2025-04-13T11:40:18+00:00\",\"mainEntityOfPage\":{\"@id\":\"https:\\\/\\\/depeches241.com\\\/?p=23392\"},\"wordCount\":318,\"commentCount\":0,\"publisher\":{\"@id\":\"https:\\\/\\\/depeches241.com\\\/#organization\"},\"image\":{\"@id\":\"https:\\\/\\\/depeches241.com\\\/?p=23392#primaryimage\"},\"thumbnailUrl\":\"https:\\\/\\\/depeches241.com\\\/wp-content\\\/uploads\\\/2025\\\/04\\\/interieyr.jpg\",\"keywords\":[\"depeches241\",\"Gabon\",\"Politique\",\"pr\u00e9sidentielles 2025\",\"R\u00e9sultats\"],\"articleSection\":[\"POLITIQUE\",\"Une1\"],\"inLanguage\":\"fr-FR\",\"potentialAction\":[{\"@type\":\"CommentAction\",\"name\":\"Comment\",\"target\":[\"https:\\\/\\\/depeches241.com\\\/?p=23392#respond\"]}]},{\"@type\":\"WebPage\",\"@id\":\"https:\\\/\\\/depeches241.com\\\/?p=23392\",\"url\":\"https:\\\/\\\/depeches241.com\\\/?p=23392\",\"name\":\"Pr\u00e9sidentielles: Les r\u00e9sultats provisoires d\u2019une \u00e9lection apais\u00e9e annonc\u00e9s ce dimanche \u00e0 13H30\u00a0\u00a0 - Groupe D\u00e9p\u00eaches241\",\"isPartOf\":{\"@id\":\"https:\\\/\\\/depeches241.com\\\/#website\"},\"primaryImageOfPage\":{\"@id\":\"https:\\\/\\\/depeches241.com\\\/?p=23392#primaryimage\"},\"image\":{\"@id\":\"https:\\\/\\\/depeches241.com\\\/?p=23392#primaryimage\"},\"thumbnailUrl\":\"https:\\\/\\\/depeches241.com\\\/wp-content\\\/uploads\\\/2025\\\/04\\\/interieyr.jpg\",\"datePublished\":\"2025-04-13T11:40:17+00:00\",\"dateModified\":\"2025-04-13T11:40:18+00:00\",\"description\":\"C\u2019est par le biais d\u2019une publication sur sa page facebook que le Minist\u00e8re de l'Int\u00e9rieur a annonc\u00e9 la publication des r\u00e9sultats provisoires du scrutin pr\u00e9sidentiel qui s\u2019est tenu hier dans le calme et la s\u00e9r\u00e9nit\u00e9. Sans grande surprise, Brice Clotaire Oligui Nguma devrait \u00eatre annonc\u00e9 vainqueur au regard des premi\u00e8res tendances.\u00a0\",\"breadcrumb\":{\"@id\":\"https:\\\/\\\/depeches241.com\\\/?p=23392#breadcrumb\"},\"inLanguage\":\"fr-FR\",\"potentialAction\":[{\"@type\":\"ReadAction\",\"target\":[\"https:\\\/\\\/depeches241.com\\\/?p=23392\"]}]},{\"@type\":\"ImageObject\",\"inLanguage\":\"fr-FR\",\"@id\":\"https:\\\/\\\/depeches241.com\\\/?p=23392#primaryimage\",\"url\":\"https:\\\/\\\/depeches241.com\\\/wp-content\\\/uploads\\\/2025\\\/04\\\/interieyr.jpg\",\"contentUrl\":\"https:\\\/\\\/depeches241.com\\\/wp-content\\\/uploads\\\/2025\\\/04\\\/interieyr.jpg\",\"width\":960,\"height\":540},{\"@type\":\"BreadcrumbList\",\"@id\":\"https:\\\/\\\/depeches241.com\\\/?p=23392#breadcrumb\",\"itemListElement\":[{\"@type\":\"ListItem\",\"position\":1,\"name\":\"Accueil\",\"item\":\"https:\\\/\\\/depeches241.com\\\/\"},{\"@type\":\"ListItem\",\"position\":2,\"name\":\"Pr\u00e9sidentielles: Les r\u00e9sultats provisoires d\u2019une \u00e9lection apais\u00e9e annonc\u00e9s ce dimanche \u00e0 13H30\u00a0\u00a0\"}]},{\"@type\":\"WebSite\",\"@id\":\"https:\\\/\\\/depeches241.com\\\/#website\",\"url\":\"https:\\\/\\\/depeches241.com\\\/\",\"name\":\"D\u00e9p\u00eaches241\",\"description\":\"M\u00e9dia d&#039;actualit\u00e9 Politique, \u00c9conomique, Sociale et Internationale\",\"publisher\":{\"@id\":\"https:\\\/\\\/depeches241.com\\\/#organization\"},\"potentialAction\":[{\"@type\":\"SearchAction\",\"target\":{\"@type\":\"EntryPoint\",\"urlTemplate\":\"https:\\\/\\\/depeches241.com\\\/?s={search_term_string}\"},\"query-input\":{\"@type\":\"PropertyValueSpecification\",\"valueRequired\":true,\"valueName\":\"search_term_string\"}}],\"inLanguage\":\"fr-FR\"},{\"@type\":\"Organization\",\"@id\":\"https:\\\/\\\/depeches241.com\\\/#organization\",\"name\":\"Groupe D\u00e9p\u00eaches241\",\"url\":\"https:\\\/\\\/depeches241.com\\\/\",\"logo\":{\"@type\":\"ImageObject\",\"inLanguage\":\"fr-FR\",\"@id\":\"https:\\\/\\\/depeches241.com\\\/#\\\/schema\\\/logo\\\/image\\\/\",\"url\":\"https:\\\/\\\/depeches241.com\\\/wp-content\\\/uploads\\\/2021\\\/10\\\/cropped-Logo-new-Accueil.png\",\"contentUrl\":\"https:\\\/\\\/depeches241.com\\\/wp-content\\\/uploads\\\/2021\\\/10\\\/cropped-Logo-new-Accueil.png\",\"width\":320,\"height\":105,\"caption\":\"Groupe D\u00e9p\u00eaches241\"},\"image\":{\"@id\":\"https:\\\/\\\/depeches241.com\\\/#\\\/schema\\\/logo\\\/image\\\/\"},\"sameAs\":[\"https:\\\/\\\/www.facebook.com\\\/depeches241\"]},{\"@type\":\"Person\",\"@id\":\"https:\\\/\\\/depeches241.com\\\/#\\\/schema\\\/person\\\/977f23ecf7439b0805f4525a893a057a\",\"name\":\"R\u00e9daction\",\"image\":{\"@type\":\"ImageObject\",\"inLanguage\":\"fr-FR\",\"@id\":\"https:\\\/\\\/secure.gravatar.com\\\/avatar\\\/8c655dbc51e5c9289f919f15ce20847ab5a910f8369a17ca243b673da48541f5?s=96&d=mm&r=g\",\"url\":\"https:\\\/\\\/secure.gravatar.com\\\/avatar\\\/8c655dbc51e5c9289f919f15ce20847ab5a910f8369a17ca243b673da48541f5?s=96&d=mm&r=g\",\"contentUrl\":\"https:\\\/\\\/secure.gravatar.com\\\/avatar\\\/8c655dbc51e5c9289f919f15ce20847ab5a910f8369a17ca243b673da48541f5?s=96&d=mm&r=g\",\"caption\":\"R\u00e9daction\"},\"url\":\"https:\\\/\\\/depeches241.com\\\/?author=11\"}]}<\/script>\n<!-- \/ Yoast SEO plugin. -->","yoast_head_json":{"title":"Pr\u00e9sidentielles: Les r\u00e9sultats provisoires d\u2019une \u00e9lection apais\u00e9e annonc\u00e9s ce dimanche \u00e0 13H30\u00a0\u00a0 - Groupe D\u00e9p\u00eaches241","description":"C\u2019est par le biais d\u2019une publication sur sa page facebook que le Minist\u00e8re de l'Int\u00e9rieur a annonc\u00e9 la publication des r\u00e9sultats provisoires du scrutin pr\u00e9sidentiel qui s\u2019est tenu hier dans le calme et la s\u00e9r\u00e9nit\u00e9. Sans grande surprise, Brice Clotaire Oligui Nguma devrait \u00eatre annonc\u00e9 vainqueur au regard des premi\u00e8res tendances.\u00a0","robots":{"index":"index","follow":"follow","max-snippet":"max-snippet:-1","max-image-preview":"max-image-preview:large","max-video-preview":"max-video-preview:-1"},"canonical":"https:\/\/depeches241.com\/?p=23392","og_locale":"fr_FR","og_type":"article","og_title":"Pr\u00e9sidentielles: Les r\u00e9sultats provisoires d\u2019une \u00e9lection apais\u00e9e annonc\u00e9s ce dimanche \u00e0 13H30\u00a0\u00a0 - Groupe D\u00e9p\u00eaches241","og_description":"C\u2019est par le biais d\u2019une publication sur sa page facebook que le Minist\u00e8re de l'Int\u00e9rieur a annonc\u00e9 la publication des r\u00e9sultats provisoires du scrutin pr\u00e9sidentiel qui s\u2019est tenu hier dans le calme et la s\u00e9r\u00e9nit\u00e9. Sans grande surprise, Brice Clotaire Oligui Nguma devrait \u00eatre annonc\u00e9 vainqueur au regard des premi\u00e8res tendances.\u00a0","og_url":"https:\/\/depeches241.com\/?p=23392","og_site_name":"Groupe D\u00e9p\u00eaches241","article_publisher":"https:\/\/www.facebook.com\/depeches241","article_published_time":"2025-04-13T11:40:17+00:00","article_modified_time":"2025-04-13T11:40:18+00:00","og_image":[{"width":960,"height":540,"url":"http:\/\/depeches241.com\/wp-content\/uploads\/2025\/04\/interieyr.jpg","type":"image\/jpeg"}],"author":"R\u00e9daction","twitter_card":"summary_large_image","twitter_misc":{"\u00c9crit par":"R\u00e9daction","Dur\u00e9e de lecture estim\u00e9e":"2 minutes"},"schema":{"@context":"https:\/\/schema.org","@graph":[{"@type":"Article","@id":"https:\/\/depeches241.com\/?p=23392#article","isPartOf":{"@id":"https:\/\/depeches241.com\/?p=23392"},"author":{"name":"R\u00e9daction","@id":"https:\/\/depeches241.com\/#\/schema\/person\/977f23ecf7439b0805f4525a893a057a"},"headline":"Pr\u00e9sidentielles: Les r\u00e9sultats provisoires d\u2019une \u00e9lection apais\u00e9e annonc\u00e9s ce dimanche \u00e0 13H30\u00a0\u00a0","datePublished":"2025-04-13T11:40:17+00:00","dateModified":"2025-04-13T11:40:18+00:00","mainEntityOfPage":{"@id":"https:\/\/depeches241.com\/?p=23392"},"wordCount":318,"commentCount":0,"publisher":{"@id":"https:\/\/depeches241.com\/#organization"},"image":{"@id":"https:\/\/depeches241.com\/?p=23392#primaryimage"},"thumbnailUrl":"https:\/\/depeches241.com\/wp-content\/uploads\/2025\/04\/interieyr.jpg","keywords":["depeches241","Gabon","Politique","pr\u00e9sidentielles 2025","R\u00e9sultats"],"articleSection":["POLITIQUE","Une1"],"inLanguage":"fr-FR","potentialAction":[{"@type":"CommentAction","name":"Comment","target":["https:\/\/depeches241.com\/?p=23392#respond"]}]},{"@type":"WebPage","@id":"https:\/\/depeches241.com\/?p=23392","url":"https:\/\/depeches241.com\/?p=23392","name":"Pr\u00e9sidentielles: Les r\u00e9sultats provisoires d\u2019une \u00e9lection apais\u00e9e annonc\u00e9s ce dimanche \u00e0 13H30\u00a0\u00a0 - Groupe D\u00e9p\u00eaches241","isPartOf":{"@id":"https:\/\/depeches241.com\/#website"},"primaryImageOfPage":{"@id":"https:\/\/depeches241.com\/?p=23392#primaryimage"},"image":{"@id":"https:\/\/depeches241.com\/?p=23392#primaryimage"},"thumbnailUrl":"https:\/\/depeches241.com\/wp-content\/uploads\/2025\/04\/interieyr.jpg","datePublished":"2025-04-13T11:40:17+00:00","dateModified":"2025-04-13T11:40:18+00:00","description":"C\u2019est par le biais d\u2019une publication sur sa page facebook que le Minist\u00e8re de l'Int\u00e9rieur a annonc\u00e9 la publication des r\u00e9sultats provisoires du scrutin pr\u00e9sidentiel qui s\u2019est tenu hier dans le calme et la s\u00e9r\u00e9nit\u00e9. Sans grande surprise, Brice Clotaire Oligui Nguma devrait \u00eatre annonc\u00e9 vainqueur au regard des premi\u00e8res tendances.\u00a0","breadcrumb":{"@id":"https:\/\/depeches241.com\/?p=23392#breadcrumb"},"inLanguage":"fr-FR","potentialAction":[{"@type":"ReadAction","target":["https:\/\/depeches241.com\/?p=23392"]}]},{"@type":"ImageObject","inLanguage":"fr-FR","@id":"https:\/\/depeches241.com\/?p=23392#primaryimage","url":"https:\/\/depeches241.com\/wp-content\/uploads\/2025\/04\/interieyr.jpg","contentUrl":"https:\/\/depeches241.com\/wp-content\/uploads\/2025\/04\/interieyr.jpg","width":960,"height":540},{"@type":"BreadcrumbList","@id":"https:\/\/depeches241.com\/?p=23392#breadcrumb","itemListElement":[{"@type":"ListItem","position":1,"name":"Accueil","item":"https:\/\/depeches241.com\/"},{"@type":"ListItem","position":2,"name":"Pr\u00e9sidentielles: Les r\u00e9sultats provisoires d\u2019une \u00e9lection apais\u00e9e annonc\u00e9s ce dimanche \u00e0 13H30\u00a0\u00a0"}]},{"@type":"WebSite","@id":"https:\/\/depeches241.com\/#website","url":"https:\/\/depeches241.com\/","name":"D\u00e9p\u00eaches241","description":"M\u00e9dia d&#039;actualit\u00e9 Politique, \u00c9conomique, Sociale et Internationale","publisher":{"@id":"https:\/\/depeches241.com\/#organization"},"potentialAction":[{"@type":"SearchAction","target":{"@type":"EntryPoint","urlTemplate":"https:\/\/depeches241.com\/?s={search_term_string}"},"query-input":{"@type":"PropertyValueSpecification","valueRequired":true,"valueName":"search_term_string"}}],"inLanguage":"fr-FR"},{"@type":"Organization","@id":"https:\/\/depeches241.com\/#organization","name":"Groupe D\u00e9p\u00eaches241","url":"https:\/\/depeches241.com\/","logo":{"@type":"ImageObject","inLanguage":"fr-FR","@id":"https:\/\/depeches241.com\/#\/schema\/logo\/image\/","url":"https:\/\/depeches241.com\/wp-content\/uploads\/2021\/10\/cropped-Logo-new-Accueil.png","contentUrl":"https:\/\/depeches241.com\/wp-content\/uploads\/2021\/10\/cropped-Logo-new-Accueil.png","width":320,"height":105,"caption":"Groupe D\u00e9p\u00eaches241"},"image":{"@id":"https:\/\/depeches241.com\/#\/schema\/logo\/image\/"},"sameAs":["https:\/\/www.facebook.com\/depeches241"]},{"@type":"Person","@id":"https:\/\/depeches241.com\/#\/schema\/person\/977f23ecf7439b0805f4525a893a057a","name":"R\u00e9daction","image":{"@type":"ImageObject","inLanguage":"fr-FR","@id":"https:\/\/secure.gravatar.com\/avatar\/8c655dbc51e5c9289f919f15ce20847ab5a910f8369a17ca243b673da48541f5?s=96&d=mm&r=g","url":"https:\/\/secure.gravatar.com\/avatar\/8c655dbc51e5c9289f919f15ce20847ab5a910f8369a17ca243b673da48541f5?s=96&d=mm&r=g","contentUrl":"https:\/\/secure.gravatar.com\/avatar\/8c655dbc51e5c9289f919f15ce20847ab5a910f8369a17ca243b673da48541f5?s=96&d=mm&r=g","caption":"R\u00e9daction"},"url":"https:\/\/depeches241.com\/?author=11"}]}},"_links":{"self":[{"href":"https:\/\/depeches241.com\/index.php?rest_route=\/wp\/v2\/posts\/23392","targetHints":{"allow":["GET"]}}],"collection":[{"href":"https:\/\/depeches241.com\/index.php?rest_route=\/wp\/v2\/posts"}],"about":[{"href":"https:\/\/depeches241.com\/index.php?rest_route=\/wp\/v2\/types\/post"}],"author":[{"embeddable":true,"href":"https:\/\/depeches241.com\/index.php?rest_route=\/wp\/v2\/users\/11"}],"replies":[{"embeddable":true,"href":"https:\/\/depeches241.com\/index.php?rest_route=%2Fwp%2Fv2%2Fcomments&post=23392"}],"version-history":[{"count":1,"href":"https:\/\/depeches241.com\/index.php?rest_route=\/wp\/v2\/posts\/23392\/revisions"}],"predecessor-version":[{"id":23394,"href":"https:\/\/depeches241.com\/index.php?rest_route=\/wp\/v2\/posts\/23392\/revisions\/23394"}],"wp:featuredmedia":[{"embeddable":true,"href":"https:\/\/depeches241.com\/index.php?rest_route=\/wp\/v2\/media\/23393"}],"wp:attachment":[{"href":"https:\/\/depeches241.com\/index.php?rest_route=%2Fwp%2Fv2%2Fmedia&parent=23392"}],"wp:term":[{"taxonomy":"category","embeddable":true,"href":"https:\/\/depeches241.com\/index.php?rest_route=%2Fwp%2Fv2%2Fcategories&post=23392"},{"taxonomy":"post_tag","embeddable":true,"href":"https:\/\/depeches241.com\/index.php?rest_route=%2Fwp%2Fv2%2Ftags&post=23392"}],"curies":[{"name":"wp","href":"https:\/\/api.w.org\/{rel}","templated":true}]}}