{"id":23622,"date":"2025-04-25T20:04:45","date_gmt":"2025-04-25T18:04:45","guid":{"rendered":"https:\/\/depeches241.com\/?p=23622"},"modified":"2025-04-25T20:04:48","modified_gmt":"2025-04-25T18:04:48","slug":"gestion-des-fonds-covid-19-le-dossier-reactive-par-le-copil-citoyen-pour-continuer-les-poursuites-judiciaires","status":"publish","type":"post","link":"https:\/\/depeches241.com\/?p=23622","title":{"rendered":"Gestion des Fonds COVID-19: le dossier r\u00e9activ\u00e9 par le Copil Citoyen pour continuer les poursuites judiciaires"},"content":{"rendered":"\n<figure class=\"wp-block-image size-full\"><img fetchpriority=\"high\" decoding=\"async\" width=\"960\" height=\"540\" src=\"https:\/\/depeches241.com\/wp-content\/uploads\/2025\/04\/Gestion-donf-Covid-.jpg\" alt=\"\" class=\"wp-image-23623\" srcset=\"https:\/\/depeches241.com\/wp-content\/uploads\/2025\/04\/Gestion-donf-Covid-.jpg 960w, https:\/\/depeches241.com\/wp-content\/uploads\/2025\/04\/Gestion-donf-Covid--300x169.jpg 300w, https:\/\/depeches241.com\/wp-content\/uploads\/2025\/04\/Gestion-donf-Covid--768x432.jpg 768w\" sizes=\"(max-width: 960px) 100vw, 960px\" \/><figcaption class=\"wp-element-caption\"><strong><em>Le dossier de la gestion des fonds Covid-19 a \u00e9t\u00e9 exhum\u00e9 par Goeffroy Foumboula Libeka, ancien coordinateur du Copil Citoyen <\/em><\/strong><em><strong>\u00a9<\/strong>MontageD\u00e9p\u00eaches 241<\/em> <\/figcaption><\/figure>\n\n\n\n<p><strong>Libreville, 25 avril 2025 \u2013 (D\u00e9p\u00eaches 241). \u00c0 peine la page de l\u2019\u00e9lection pr\u00e9sidentielle tourn\u00e9e que le Copil citoyen ressort l\u2019un des dossiers les plus sensibles des derni\u00e8res ann\u00e9es de r\u00e8gne d\u2019Ali Bongo Ondimba: la gestion pr\u00e9sum\u00e9e opaque des fonds Covid-19. \u00c0 la t\u00eate de cette offensive, Aim\u00e9e David Ntoutoume Ndong, nouveau coordinateur de cette organisation citoyenne, qui entend raviver les poursuites autour d\u2019un manque \u00e0 gagner estim\u00e9 \u00e0 503 milliards de francs CFA.<\/strong><\/p>\n\n\n\n<p class=\"has-drop-cap\">Le passage de relais entre Geoffroy Foumboula Libeka et son successeur s\u2019est fait sous le sceau de la responsabilit\u00e9. Lors d\u2019une c\u00e9r\u00e9monie solennelle, l\u2019ancien coordinateur a transmis <a href=\"https:\/\/depeches241.com\/?p=8338\">le rapport d\u2019audit du Copil citoyen, document-cl\u00e9 sur lequel pourrait se fonder une relance judiciaire du dossier<\/a>. Monsieur Foumboula a annonc\u00e9 \u00e0 cet effet que <strong><em>\u00ab la Transition \u00e9tant quasiment achev\u00e9e avec l\u2019\u00e9lection du Pr\u00e9sident de la R\u00e9publique, il \u00e9tait question pour nous de r\u00e9activer tous ces dossiers l\u00e0, conform\u00e9ment \u00e0 notre engagement pris au d\u00e9but de la Transition. Et c\u2019est cet exercice auquel je me suis pli\u00e9 aujourd\u2019hui, en remettant officiellement le rapport d\u2019audit du Copil citoyen sur les 503 milliards mobilis\u00e9s par le Gouvernement lors de la crise Covid \u00bb<\/em><\/strong>, a-t-il d\u00e9clar\u00e9.<\/p>\n\n\n\n<p><strong>LIRE AUSSI: <\/strong><a href=\"https:\/\/depeches241.com\/?p=8229\"><strong>Rapport Deloitte sur la gestion des fonds Covid-19: ces 177 milliards dont, 32 seulement ont \u00e9t\u00e9 revers\u00e9s dans le compte bancaire officiel li\u00e9 \u00e0 la riposte<\/strong><\/a><\/p>\n\n\n\n<p>Prenant le relais, Aim\u00e9e David Ntoutoume Ndong a donn\u00e9 le ton. Finies les demi-mesures : l\u2019objectif est d\u00e9sormais clair. <strong><em>\u00ab Nous allons r\u00e9activer toutes les plaintes qui ont \u00e9t\u00e9 d\u00e9pos\u00e9es. Parce que [selon lui] ce gap de 503 milliards ne peut pas passer \u00e0 la trappe \u00bb<\/em><\/strong>, a-t-il affirm\u00e9 avec fermet\u00e9. Ce positionnement frontal sonne comme une mise en garde directe contre les personnalit\u00e9s de l\u2019ancien r\u00e9gime, \u00e0 commencer par l\u2019ancien Ministre de la Sant\u00e9 et plusieurs cadres du Parti D\u00e9mocratique Gabonais.<\/p>\n\n\n\n<figure class=\"wp-block-image\"><img decoding=\"async\" src=\"https:\/\/lh7-rt.googleusercontent.com\/docsz\/AD_4nXcZjJbiWncdBxQi4BV-NqXew1X05KqXyb_vOkRydr_v9j4_36kQtabx_tqkAbvOkaJtrxgCdhupMHUmuWEtkr-ktyv3wx6SE_NnwprnVR_6-JtrkQikm6nj87gaVXxpCgVp1TrmdQ?key=6BgNSNPUYv8wpmh-kPJL_LmW\" alt=\"\"\/><figcaption class=\"wp-element-caption\"><strong><em>Goeffroy Foumboula Libeka<\/em><\/strong> remettant le dossier de la gestion des fonds covid-19 \u00e0 Aim\u00e9e David Ntoutoume Ndong <strong><em>\u00a9DR<\/em><\/strong> <em>Image Gabon 24<\/em><\/figcaption><\/figure>\n\n\n\n<p>Le nouveau coordinateur insiste: les faits sont \u00e9tablis. Le rapport s\u2019appuie sur <a href=\"https:\/\/depeches241.com\/?p=8213\">une contre-expertise ind\u00e9pendante qui confirme les soup\u00e7ons<\/a>. Il ajoute :<strong><em>\u00ab Ce sont les d\u00e9cisions qui ont \u00e9t\u00e9 prises, il y a des responsabilit\u00e9s qui ont \u00e9t\u00e9 \u00e9tablies et il y a eu, (\u2026) une contre expertise d\u2019un cabinet reconnu qui est all\u00e9 dans le m\u00eame sens. Alors, le document que vient de me transmettre aujourd\u2019hui l\u2019ancien porte-parole du Copil citoyen, est un document qui fera date dans l\u2019histoire de notre pays \u00bb<\/em><\/strong>, a-t-il conclu, soulignant l\u2019importance symbolique et politique de ce document.<\/p>\n\n\n\n<p><strong>LIRE AUSSI: <\/strong><a href=\"https:\/\/depeches241.com\/?p=8209\"><strong>Gestion des fonds Covid-19: le gouvernement rend public le rapport Deloitte qui confirme les suspicions de d\u00e9tournements de fonds<\/strong><\/a><\/p>\n\n\n\n<p>Mais au-del\u00e0 des d\u00e9clarations de principe, le chemin vers la justice reste parsem\u00e9 d\u2019emb\u00fbches. Le contexte politique actuel n\u2019est gu\u00e8re favorable \u00e0 un v\u00e9ritable nettoyage : plusieurs figures potentiellement impliqu\u00e9es gravitent aujourd\u2019hui autour du nouveau Chef de l\u2019\u00c9tat. Et si la d\u00e9marche du Copil Citoyen s\u2019inscrit dans une logique de transparence et d\u2019\u00e9thique, beaucoup redoutent que l\u2019affaire ne soit, une fois encore, \u00e9touff\u00e9e sous le poids des connivences politiques et des protections tacites.<\/p>\n","protected":false},"excerpt":{"rendered":"<p>Libreville, 25 avril 2025 \u2013 (D\u00e9p\u00eaches 241). \u00c0 peine la page de l\u2019\u00e9lection pr\u00e9sidentielle tourn\u00e9e que le Copil citoyen ressort l\u2019un des dossiers les plus sensibles des derni\u00e8res ann\u00e9es de r\u00e8gne d\u2019Ali Bongo Ondimba: la gestion pr\u00e9sum\u00e9e opaque des fonds Covid-19. \u00c0 la t\u00eate de cette offensive, Aim\u00e9e David Ntoutoume [&hellip;]<\/p>\n","protected":false},"author":12,"featured_media":23623,"comment_status":"open","ping_status":"open","sticky":false,"template":"","format":"standard","meta":{"om_disable_all_campaigns":false,"footnotes":""},"categories":[5,40,116],"tags":[1169,172,99,793,59,42],"class_list":{"0":"post-23622","1":"post","2":"type-post","3":"status-publish","4":"format-standard","5":"has-post-thumbnail","7":"category-societe","8":"category-societe-civile","9":"category-une1","10":"tag-copil-citoyen-2","11":"tag-covid-19","12":"tag-depeches241","13":"tag-fonds-covid-19","14":"tag-gabon","15":"tag-societe"},"yoast_head":"<!-- This site is optimized with the Yoast SEO plugin v27.5 - https:\/\/yoast.com\/product\/yoast-seo-wordpress\/ -->\n<title>Gestion des Fonds COVID-19: le dossier r\u00e9activ\u00e9 par le Copil Citoyen pour continuer les poursuites judiciaires - Groupe D\u00e9p\u00eaches241<\/title>\n<meta name=\"description\" content=\"\u00c0 peine la page de l\u2019\u00e9lection pr\u00e9sidentielle tourn\u00e9e que le Copil citoyen ressort l\u2019un des dossiers les plus sensibles des derni\u00e8res ann\u00e9es de r\u00e8gne d\u2019Ali Bongo Ondimba: la gestion pr\u00e9sum\u00e9e opaque des fonds Covid-19. \u00c0 la t\u00eate de cette offensive, Aim\u00e9e David Ntoutoume Ndong, nouveau coordinateur de cette organisation citoyenne, qui entend raviver les poursuites autour d\u2019un manque \u00e0 gagner estim\u00e9 \u00e0 503 milliards de francs CFA.\" \/>\n<meta name=\"robots\" content=\"index, follow, max-snippet:-1, max-image-preview:large, max-video-preview:-1\" \/>\n<link rel=\"canonical\" href=\"https:\/\/depeches241.com\/?p=23622\" \/>\n<meta property=\"og:locale\" content=\"fr_FR\" \/>\n<meta property=\"og:type\" content=\"article\" \/>\n<meta property=\"og:title\" content=\"Gestion des Fonds COVID-19: le dossier r\u00e9activ\u00e9 par le Copil Citoyen pour continuer les poursuites judiciaires - Groupe D\u00e9p\u00eaches241\" \/>\n<meta property=\"og:description\" content=\"\u00c0 peine la page de l\u2019\u00e9lection pr\u00e9sidentielle tourn\u00e9e que le Copil citoyen ressort l\u2019un des dossiers les plus sensibles des derni\u00e8res ann\u00e9es de r\u00e8gne d\u2019Ali Bongo Ondimba: la gestion pr\u00e9sum\u00e9e opaque des fonds Covid-19. \u00c0 la t\u00eate de cette offensive, Aim\u00e9e David Ntoutoume Ndong, nouveau coordinateur de cette organisation citoyenne, qui entend raviver les poursuites autour d\u2019un manque \u00e0 gagner estim\u00e9 \u00e0 503 milliards de francs CFA.\" \/>\n<meta property=\"og:url\" content=\"https:\/\/depeches241.com\/?p=23622\" \/>\n<meta property=\"og:site_name\" content=\"Groupe D\u00e9p\u00eaches241\" \/>\n<meta property=\"article:publisher\" content=\"https:\/\/www.facebook.com\/depeches241\" \/>\n<meta property=\"article:published_time\" content=\"2025-04-25T18:04:45+00:00\" \/>\n<meta property=\"article:modified_time\" content=\"2025-04-25T18:04:48+00:00\" \/>\n<meta property=\"og:image\" content=\"http:\/\/depeches241.com\/wp-content\/uploads\/2025\/04\/Gestion-donf-Covid-.jpg\" \/>\n\t<meta property=\"og:image:width\" content=\"960\" \/>\n\t<meta property=\"og:image:height\" content=\"540\" \/>\n\t<meta property=\"og:image:type\" content=\"image\/jpeg\" \/>\n<meta name=\"author\" content=\"Iboka Marc Andr\u00e9\" \/>\n<meta name=\"twitter:card\" content=\"summary_large_image\" \/>\n<meta name=\"twitter:label1\" content=\"\u00c9crit par\" \/>\n\t<meta name=\"twitter:data1\" content=\"Iboka Marc Andr\u00e9\" \/>\n\t<meta name=\"twitter:label2\" content=\"Dur\u00e9e de lecture estim\u00e9e\" \/>\n\t<meta name=\"twitter:data2\" content=\"3 minutes\" \/>\n<script type=\"application\/ld+json\" class=\"yoast-schema-graph\">{\"@context\":\"https:\\\/\\\/schema.org\",\"@graph\":[{\"@type\":\"Article\",\"@id\":\"https:\\\/\\\/depeches241.com\\\/?p=23622#article\",\"isPartOf\":{\"@id\":\"https:\\\/\\\/depeches241.com\\\/?p=23622\"},\"author\":{\"name\":\"Iboka Marc Andr\u00e9\",\"@id\":\"https:\\\/\\\/depeches241.com\\\/#\\\/schema\\\/person\\\/5abcf4b9361e0d8aa457b404d877674f\"},\"headline\":\"Gestion des Fonds COVID-19: le dossier r\u00e9activ\u00e9 par le Copil Citoyen pour continuer les poursuites judiciaires\",\"datePublished\":\"2025-04-25T18:04:45+00:00\",\"dateModified\":\"2025-04-25T18:04:48+00:00\",\"mainEntityOfPage\":{\"@id\":\"https:\\\/\\\/depeches241.com\\\/?p=23622\"},\"wordCount\":596,\"commentCount\":0,\"publisher\":{\"@id\":\"https:\\\/\\\/depeches241.com\\\/#organization\"},\"image\":{\"@id\":\"https:\\\/\\\/depeches241.com\\\/?p=23622#primaryimage\"},\"thumbnailUrl\":\"https:\\\/\\\/depeches241.com\\\/wp-content\\\/uploads\\\/2025\\\/04\\\/Gestion-donf-Covid-.jpg\",\"keywords\":[\"Copil Citoyen\",\"covid-19\",\"depeches241\",\"Fonds covid-19\",\"Gabon\",\"soci\u00e9t\u00e9\"],\"articleSection\":[\"SOCIETE\",\"Soci\u00e9t\u00e9 Civile\",\"Une1\"],\"inLanguage\":\"fr-FR\",\"potentialAction\":[{\"@type\":\"CommentAction\",\"name\":\"Comment\",\"target\":[\"https:\\\/\\\/depeches241.com\\\/?p=23622#respond\"]}]},{\"@type\":\"WebPage\",\"@id\":\"https:\\\/\\\/depeches241.com\\\/?p=23622\",\"url\":\"https:\\\/\\\/depeches241.com\\\/?p=23622\",\"name\":\"Gestion des Fonds COVID-19: le dossier r\u00e9activ\u00e9 par le Copil Citoyen pour continuer les poursuites judiciaires - Groupe D\u00e9p\u00eaches241\",\"isPartOf\":{\"@id\":\"https:\\\/\\\/depeches241.com\\\/#website\"},\"primaryImageOfPage\":{\"@id\":\"https:\\\/\\\/depeches241.com\\\/?p=23622#primaryimage\"},\"image\":{\"@id\":\"https:\\\/\\\/depeches241.com\\\/?p=23622#primaryimage\"},\"thumbnailUrl\":\"https:\\\/\\\/depeches241.com\\\/wp-content\\\/uploads\\\/2025\\\/04\\\/Gestion-donf-Covid-.jpg\",\"datePublished\":\"2025-04-25T18:04:45+00:00\",\"dateModified\":\"2025-04-25T18:04:48+00:00\",\"description\":\"\u00c0 peine la page de l\u2019\u00e9lection pr\u00e9sidentielle tourn\u00e9e que le Copil citoyen ressort l\u2019un des dossiers les plus sensibles des derni\u00e8res ann\u00e9es de r\u00e8gne d\u2019Ali Bongo Ondimba: la gestion pr\u00e9sum\u00e9e opaque des fonds Covid-19. \u00c0 la t\u00eate de cette offensive, Aim\u00e9e David Ntoutoume Ndong, nouveau coordinateur de cette organisation citoyenne, qui entend raviver les poursuites autour d\u2019un manque \u00e0 gagner estim\u00e9 \u00e0 503 milliards de francs CFA.\",\"breadcrumb\":{\"@id\":\"https:\\\/\\\/depeches241.com\\\/?p=23622#breadcrumb\"},\"inLanguage\":\"fr-FR\",\"potentialAction\":[{\"@type\":\"ReadAction\",\"target\":[\"https:\\\/\\\/depeches241.com\\\/?p=23622\"]}]},{\"@type\":\"ImageObject\",\"inLanguage\":\"fr-FR\",\"@id\":\"https:\\\/\\\/depeches241.com\\\/?p=23622#primaryimage\",\"url\":\"https:\\\/\\\/depeches241.com\\\/wp-content\\\/uploads\\\/2025\\\/04\\\/Gestion-donf-Covid-.jpg\",\"contentUrl\":\"https:\\\/\\\/depeches241.com\\\/wp-content\\\/uploads\\\/2025\\\/04\\\/Gestion-donf-Covid-.jpg\",\"width\":960,\"height\":540},{\"@type\":\"BreadcrumbList\",\"@id\":\"https:\\\/\\\/depeches241.com\\\/?p=23622#breadcrumb\",\"itemListElement\":[{\"@type\":\"ListItem\",\"position\":1,\"name\":\"Accueil\",\"item\":\"https:\\\/\\\/depeches241.com\\\/\"},{\"@type\":\"ListItem\",\"position\":2,\"name\":\"Gestion des Fonds COVID-19: le dossier r\u00e9activ\u00e9 par le Copil Citoyen pour continuer les poursuites judiciaires\"}]},{\"@type\":\"WebSite\",\"@id\":\"https:\\\/\\\/depeches241.com\\\/#website\",\"url\":\"https:\\\/\\\/depeches241.com\\\/\",\"name\":\"D\u00e9p\u00eaches241\",\"description\":\"M\u00e9dia d&#039;actualit\u00e9 Politique, \u00c9conomique, Sociale et Internationale\",\"publisher\":{\"@id\":\"https:\\\/\\\/depeches241.com\\\/#organization\"},\"potentialAction\":[{\"@type\":\"SearchAction\",\"target\":{\"@type\":\"EntryPoint\",\"urlTemplate\":\"https:\\\/\\\/depeches241.com\\\/?s={search_term_string}\"},\"query-input\":{\"@type\":\"PropertyValueSpecification\",\"valueRequired\":true,\"valueName\":\"search_term_string\"}}],\"inLanguage\":\"fr-FR\"},{\"@type\":\"Organization\",\"@id\":\"https:\\\/\\\/depeches241.com\\\/#organization\",\"name\":\"Groupe D\u00e9p\u00eaches241\",\"url\":\"https:\\\/\\\/depeches241.com\\\/\",\"logo\":{\"@type\":\"ImageObject\",\"inLanguage\":\"fr-FR\",\"@id\":\"https:\\\/\\\/depeches241.com\\\/#\\\/schema\\\/logo\\\/image\\\/\",\"url\":\"https:\\\/\\\/depeches241.com\\\/wp-content\\\/uploads\\\/2021\\\/10\\\/cropped-Logo-new-Accueil.png\",\"contentUrl\":\"https:\\\/\\\/depeches241.com\\\/wp-content\\\/uploads\\\/2021\\\/10\\\/cropped-Logo-new-Accueil.png\",\"width\":320,\"height\":105,\"caption\":\"Groupe D\u00e9p\u00eaches241\"},\"image\":{\"@id\":\"https:\\\/\\\/depeches241.com\\\/#\\\/schema\\\/logo\\\/image\\\/\"},\"sameAs\":[\"https:\\\/\\\/www.facebook.com\\\/depeches241\"]},{\"@type\":\"Person\",\"@id\":\"https:\\\/\\\/depeches241.com\\\/#\\\/schema\\\/person\\\/5abcf4b9361e0d8aa457b404d877674f\",\"name\":\"Iboka Marc Andr\u00e9\",\"image\":{\"@type\":\"ImageObject\",\"inLanguage\":\"fr-FR\",\"@id\":\"https:\\\/\\\/secure.gravatar.com\\\/avatar\\\/13c33935f0a59dd3c3a52ae25f58c248a1bf75f6e9ab4e6a7a23bfb8f9f53136?s=96&d=mm&r=g\",\"url\":\"https:\\\/\\\/secure.gravatar.com\\\/avatar\\\/13c33935f0a59dd3c3a52ae25f58c248a1bf75f6e9ab4e6a7a23bfb8f9f53136?s=96&d=mm&r=g\",\"contentUrl\":\"https:\\\/\\\/secure.gravatar.com\\\/avatar\\\/13c33935f0a59dd3c3a52ae25f58c248a1bf75f6e9ab4e6a7a23bfb8f9f53136?s=96&d=mm&r=g\",\"caption\":\"Iboka Marc Andr\u00e9\"},\"url\":\"https:\\\/\\\/depeches241.com\\\/?author=12\"}]}<\/script>\n<!-- \/ Yoast SEO plugin. -->","yoast_head_json":{"title":"Gestion des Fonds COVID-19: le dossier r\u00e9activ\u00e9 par le Copil Citoyen pour continuer les poursuites judiciaires - Groupe D\u00e9p\u00eaches241","description":"\u00c0 peine la page de l\u2019\u00e9lection pr\u00e9sidentielle tourn\u00e9e que le Copil citoyen ressort l\u2019un des dossiers les plus sensibles des derni\u00e8res ann\u00e9es de r\u00e8gne d\u2019Ali Bongo Ondimba: la gestion pr\u00e9sum\u00e9e opaque des fonds Covid-19. \u00c0 la t\u00eate de cette offensive, Aim\u00e9e David Ntoutoume Ndong, nouveau coordinateur de cette organisation citoyenne, qui entend raviver les poursuites autour d\u2019un manque \u00e0 gagner estim\u00e9 \u00e0 503 milliards de francs CFA.","robots":{"index":"index","follow":"follow","max-snippet":"max-snippet:-1","max-image-preview":"max-image-preview:large","max-video-preview":"max-video-preview:-1"},"canonical":"https:\/\/depeches241.com\/?p=23622","og_locale":"fr_FR","og_type":"article","og_title":"Gestion des Fonds COVID-19: le dossier r\u00e9activ\u00e9 par le Copil Citoyen pour continuer les poursuites judiciaires - Groupe D\u00e9p\u00eaches241","og_description":"\u00c0 peine la page de l\u2019\u00e9lection pr\u00e9sidentielle tourn\u00e9e que le Copil citoyen ressort l\u2019un des dossiers les plus sensibles des derni\u00e8res ann\u00e9es de r\u00e8gne d\u2019Ali Bongo Ondimba: la gestion pr\u00e9sum\u00e9e opaque des fonds Covid-19. \u00c0 la t\u00eate de cette offensive, Aim\u00e9e David Ntoutoume Ndong, nouveau coordinateur de cette organisation citoyenne, qui entend raviver les poursuites autour d\u2019un manque \u00e0 gagner estim\u00e9 \u00e0 503 milliards de francs CFA.","og_url":"https:\/\/depeches241.com\/?p=23622","og_site_name":"Groupe D\u00e9p\u00eaches241","article_publisher":"https:\/\/www.facebook.com\/depeches241","article_published_time":"2025-04-25T18:04:45+00:00","article_modified_time":"2025-04-25T18:04:48+00:00","og_image":[{"width":960,"height":540,"url":"http:\/\/depeches241.com\/wp-content\/uploads\/2025\/04\/Gestion-donf-Covid-.jpg","type":"image\/jpeg"}],"author":"Iboka Marc Andr\u00e9","twitter_card":"summary_large_image","twitter_misc":{"\u00c9crit par":"Iboka Marc Andr\u00e9","Dur\u00e9e de lecture estim\u00e9e":"3 minutes"},"schema":{"@context":"https:\/\/schema.org","@graph":[{"@type":"Article","@id":"https:\/\/depeches241.com\/?p=23622#article","isPartOf":{"@id":"https:\/\/depeches241.com\/?p=23622"},"author":{"name":"Iboka Marc Andr\u00e9","@id":"https:\/\/depeches241.com\/#\/schema\/person\/5abcf4b9361e0d8aa457b404d877674f"},"headline":"Gestion des Fonds COVID-19: le dossier r\u00e9activ\u00e9 par le Copil Citoyen pour continuer les poursuites judiciaires","datePublished":"2025-04-25T18:04:45+00:00","dateModified":"2025-04-25T18:04:48+00:00","mainEntityOfPage":{"@id":"https:\/\/depeches241.com\/?p=23622"},"wordCount":596,"commentCount":0,"publisher":{"@id":"https:\/\/depeches241.com\/#organization"},"image":{"@id":"https:\/\/depeches241.com\/?p=23622#primaryimage"},"thumbnailUrl":"https:\/\/depeches241.com\/wp-content\/uploads\/2025\/04\/Gestion-donf-Covid-.jpg","keywords":["Copil Citoyen","covid-19","depeches241","Fonds covid-19","Gabon","soci\u00e9t\u00e9"],"articleSection":["SOCIETE","Soci\u00e9t\u00e9 Civile","Une1"],"inLanguage":"fr-FR","potentialAction":[{"@type":"CommentAction","name":"Comment","target":["https:\/\/depeches241.com\/?p=23622#respond"]}]},{"@type":"WebPage","@id":"https:\/\/depeches241.com\/?p=23622","url":"https:\/\/depeches241.com\/?p=23622","name":"Gestion des Fonds COVID-19: le dossier r\u00e9activ\u00e9 par le Copil Citoyen pour continuer les poursuites judiciaires - Groupe D\u00e9p\u00eaches241","isPartOf":{"@id":"https:\/\/depeches241.com\/#website"},"primaryImageOfPage":{"@id":"https:\/\/depeches241.com\/?p=23622#primaryimage"},"image":{"@id":"https:\/\/depeches241.com\/?p=23622#primaryimage"},"thumbnailUrl":"https:\/\/depeches241.com\/wp-content\/uploads\/2025\/04\/Gestion-donf-Covid-.jpg","datePublished":"2025-04-25T18:04:45+00:00","dateModified":"2025-04-25T18:04:48+00:00","description":"\u00c0 peine la page de l\u2019\u00e9lection pr\u00e9sidentielle tourn\u00e9e que le Copil citoyen ressort l\u2019un des dossiers les plus sensibles des derni\u00e8res ann\u00e9es de r\u00e8gne d\u2019Ali Bongo Ondimba: la gestion pr\u00e9sum\u00e9e opaque des fonds Covid-19. \u00c0 la t\u00eate de cette offensive, Aim\u00e9e David Ntoutoume Ndong, nouveau coordinateur de cette organisation citoyenne, qui entend raviver les poursuites autour d\u2019un manque \u00e0 gagner estim\u00e9 \u00e0 503 milliards de francs CFA.","breadcrumb":{"@id":"https:\/\/depeches241.com\/?p=23622#breadcrumb"},"inLanguage":"fr-FR","potentialAction":[{"@type":"ReadAction","target":["https:\/\/depeches241.com\/?p=23622"]}]},{"@type":"ImageObject","inLanguage":"fr-FR","@id":"https:\/\/depeches241.com\/?p=23622#primaryimage","url":"https:\/\/depeches241.com\/wp-content\/uploads\/2025\/04\/Gestion-donf-Covid-.jpg","contentUrl":"https:\/\/depeches241.com\/wp-content\/uploads\/2025\/04\/Gestion-donf-Covid-.jpg","width":960,"height":540},{"@type":"BreadcrumbList","@id":"https:\/\/depeches241.com\/?p=23622#breadcrumb","itemListElement":[{"@type":"ListItem","position":1,"name":"Accueil","item":"https:\/\/depeches241.com\/"},{"@type":"ListItem","position":2,"name":"Gestion des Fonds COVID-19: le dossier r\u00e9activ\u00e9 par le Copil Citoyen pour continuer les poursuites judiciaires"}]},{"@type":"WebSite","@id":"https:\/\/depeches241.com\/#website","url":"https:\/\/depeches241.com\/","name":"D\u00e9p\u00eaches241","description":"M\u00e9dia d&#039;actualit\u00e9 Politique, \u00c9conomique, Sociale et Internationale","publisher":{"@id":"https:\/\/depeches241.com\/#organization"},"potentialAction":[{"@type":"SearchAction","target":{"@type":"EntryPoint","urlTemplate":"https:\/\/depeches241.com\/?s={search_term_string}"},"query-input":{"@type":"PropertyValueSpecification","valueRequired":true,"valueName":"search_term_string"}}],"inLanguage":"fr-FR"},{"@type":"Organization","@id":"https:\/\/depeches241.com\/#organization","name":"Groupe D\u00e9p\u00eaches241","url":"https:\/\/depeches241.com\/","logo":{"@type":"ImageObject","inLanguage":"fr-FR","@id":"https:\/\/depeches241.com\/#\/schema\/logo\/image\/","url":"https:\/\/depeches241.com\/wp-content\/uploads\/2021\/10\/cropped-Logo-new-Accueil.png","contentUrl":"https:\/\/depeches241.com\/wp-content\/uploads\/2021\/10\/cropped-Logo-new-Accueil.png","width":320,"height":105,"caption":"Groupe D\u00e9p\u00eaches241"},"image":{"@id":"https:\/\/depeches241.com\/#\/schema\/logo\/image\/"},"sameAs":["https:\/\/www.facebook.com\/depeches241"]},{"@type":"Person","@id":"https:\/\/depeches241.com\/#\/schema\/person\/5abcf4b9361e0d8aa457b404d877674f","name":"Iboka Marc Andr\u00e9","image":{"@type":"ImageObject","inLanguage":"fr-FR","@id":"https:\/\/secure.gravatar.com\/avatar\/13c33935f0a59dd3c3a52ae25f58c248a1bf75f6e9ab4e6a7a23bfb8f9f53136?s=96&d=mm&r=g","url":"https:\/\/secure.gravatar.com\/avatar\/13c33935f0a59dd3c3a52ae25f58c248a1bf75f6e9ab4e6a7a23bfb8f9f53136?s=96&d=mm&r=g","contentUrl":"https:\/\/secure.gravatar.com\/avatar\/13c33935f0a59dd3c3a52ae25f58c248a1bf75f6e9ab4e6a7a23bfb8f9f53136?s=96&d=mm&r=g","caption":"Iboka Marc Andr\u00e9"},"url":"https:\/\/depeches241.com\/?author=12"}]}},"_links":{"self":[{"href":"https:\/\/depeches241.com\/index.php?rest_route=\/wp\/v2\/posts\/23622","targetHints":{"allow":["GET"]}}],"collection":[{"href":"https:\/\/depeches241.com\/index.php?rest_route=\/wp\/v2\/posts"}],"about":[{"href":"https:\/\/depeches241.com\/index.php?rest_route=\/wp\/v2\/types\/post"}],"author":[{"embeddable":true,"href":"https:\/\/depeches241.com\/index.php?rest_route=\/wp\/v2\/users\/12"}],"replies":[{"embeddable":true,"href":"https:\/\/depeches241.com\/index.php?rest_route=%2Fwp%2Fv2%2Fcomments&post=23622"}],"version-history":[{"count":1,"href":"https:\/\/depeches241.com\/index.php?rest_route=\/wp\/v2\/posts\/23622\/revisions"}],"predecessor-version":[{"id":23624,"href":"https:\/\/depeches241.com\/index.php?rest_route=\/wp\/v2\/posts\/23622\/revisions\/23624"}],"wp:featuredmedia":[{"embeddable":true,"href":"https:\/\/depeches241.com\/index.php?rest_route=\/wp\/v2\/media\/23623"}],"wp:attachment":[{"href":"https:\/\/depeches241.com\/index.php?rest_route=%2Fwp%2Fv2%2Fmedia&parent=23622"}],"wp:term":[{"taxonomy":"category","embeddable":true,"href":"https:\/\/depeches241.com\/index.php?rest_route=%2Fwp%2Fv2%2Fcategories&post=23622"},{"taxonomy":"post_tag","embeddable":true,"href":"https:\/\/depeches241.com\/index.php?rest_route=%2Fwp%2Fv2%2Ftags&post=23622"}],"curies":[{"name":"wp","href":"https:\/\/api.w.org\/{rel}","templated":true}]}}