{"id":24327,"date":"2025-05-25T16:43:19","date_gmt":"2025-05-25T14:43:19","guid":{"rendered":"https:\/\/depeches241.com\/?p=24327"},"modified":"2025-05-30T16:43:47","modified_gmt":"2025-05-30T14:43:47","slug":"gabon-apres-les-missions-a-letranger-oyima-suspend-egalement-les-baux-administratifs","status":"publish","type":"post","link":"https:\/\/depeches241.com\/?p=24327","title":{"rendered":"Gabon: apr\u00e8s les missions \u00e0 l&rsquo;\u00e9tranger, Oyima suspend \u00e9galement les baux administratifs"},"content":{"rendered":"\n<figure class=\"wp-block-image size-full\"><img fetchpriority=\"high\" decoding=\"async\" width=\"960\" height=\"540\" src=\"https:\/\/depeches241.com\/wp-content\/uploads\/2025\/05\/oyims-2.jpg\" alt=\"\" class=\"wp-image-24328\" srcset=\"https:\/\/depeches241.com\/wp-content\/uploads\/2025\/05\/oyims-2.jpg 960w, https:\/\/depeches241.com\/wp-content\/uploads\/2025\/05\/oyims-2-300x169.jpg 300w, https:\/\/depeches241.com\/wp-content\/uploads\/2025\/05\/oyims-2-768x432.jpg 768w\" sizes=\"(max-width: 960px) 100vw, 960px\" \/><figcaption class=\"wp-element-caption\"><strong><em>Oyima met un terme aux d\u00e9rives budg\u00e9taire des baux administratifs<\/em><\/strong> <em>\u00a9 DR<\/em> <\/figcaption><\/figure>\n\n\n\n<p><strong>Libreville, le 25&nbsp; mai 2025-(D\u00e9p\u00eaches 241). Le nouveau Ministre de l\u2019\u00c9conomie et des Finances, Henri-Claude Oyima, semble d\u00e9termin\u00e9 \u00e0 impulser une dynamique d\u2019assainissement effectif des finances publiques et \u00e0 r\u00e9duire drastiquement le train de vie de l\u2019\u00c9tat. En effet, apr\u00e8s avoir suspendu les financements li\u00e9s aux missions des agents publics \u00e0 l\u2019\u00e9tranger, il vient de d\u00e9cider de la suspension des baux administratifs jug\u00e9s anormalement \u00e9lev\u00e9s, dans un contexte o\u00f9 le Gabon traverse une situation financi\u00e8re peu reluisante. Le Ministre entend ainsi instaurer une nouvelle orthodoxie financi\u00e8re, visant une gestion des fonds publics plus rigoureuse, efficace et responsable.<\/strong><\/p>\n\n\n\n<p class=\"has-drop-cap\">Henri-Claude Oyima, nouveau patron des finances de l&rsquo;\u00c9tat, \u00e9galement en charge des Participations, de la Dette et de la Lutte contre la vie ch\u00e8re, s\u2019est adress\u00e9 aux Directions G\u00e9n\u00e9rales concern\u00e9es par le financement des baux administratifs, notamment la Direction G\u00e9n\u00e9rale du Budget, celle du Patrimoine, de la Comptabilit\u00e9 publique et du Contr\u00f4le Budg\u00e9taire, \u00e0 travers une note dat\u00e9e du 16 mai 2025. Dans ce document, il acte la suspension imm\u00e9diate des paiements li\u00e9s aux charges locatives de l\u2019\u00c9tat, dont le co\u00fbt a explos\u00e9 de 275 % entre 2013 et 2025. Il justifie cette d\u00e9cision radicale par la hausse vertigineuse des loyers administratifs, pass\u00e9s de 6,6 milliards en 2013 \u00e0 plus de 25 milliards de francs CFA en 2025. Une situation alarmante qui met en p\u00e9ril la capacit\u00e9 de l\u2019\u00c9tat \u00e0 assumer r\u00e9guli\u00e8rement ses charges.<\/p>\n\n\n\n<p>Un tel d\u00e9s\u00e9quilibre budg\u00e9taire entra\u00eene des cons\u00e9quences f\u00e2cheuses, perp\u00e9tuant un cycle vicieux d\u2019endettement qui plombe les finances publiques. La dette relative aux baux administratifs s\u2019\u00e9l\u00e8ve \u00e0 39,1 milliards de francs CFA, auxquels s\u2019ajoutent des impay\u00e9s de 28,2 milliards, soit une charge locative totale de 67,3 milliards de francs CFA. Un poids consid\u00e9rable pour des finances publiques d\u00e9j\u00e0 en grande difficult\u00e9. Cette d\u00e9rive financi\u00e8re, particuli\u00e8rement inqui\u00e9tante, pourrait, si elle perdure, plonger l\u2019\u00c9tat dans une grave crise susceptible de perturber durablement ses caisses.<\/p>\n\n\n\n<p>Selon le diagnostic du minist\u00e8re, cette situation, assimilable \u00e0 une v\u00e9ritable h\u00e9morragie financi\u00e8re, r\u00e9sulte de plusieurs facteurs: la multiplication des entit\u00e9s administratives, l\u2019absence de politiques r\u00e9elles de r\u00e9habilitation et d\u2019entretien du patrimoine immobilier de l\u2019\u00c9tat, la d\u00e9molition de la Cit\u00e9 de la D\u00e9mocratie, et surtout, <strong><em>\u00ab la gestion peu orthodoxe des cr\u00e9dits allou\u00e9s \u00bb<\/em><\/strong>.<\/p>\n\n\n\n<p>Dans sa note, le minist\u00e8re d\u00e9nonce des pratiques opaques et une absence flagrante de strat\u00e9gie clairement d\u00e9finie dans le domaine immobilier public. Il met en lumi\u00e8re une tendance de l\u2019\u00c9tat \u00e0 privil\u00e9gier la location plut\u00f4t que la construction et l\u2019entretien de ses propres b\u00e2timents administratifs. Une situation qui laisse penser que certains propri\u00e9taires de ces locaux, en collusion avec des administrations complices, profiteraient de la situation au d\u00e9triment du contribuable gabonais.<\/p>\n\n\n\n<p>Cela dit, si cette d\u00e9cision est, certes applaudie par une grande partie de l\u2019opinion publique, pour la rigueur qu\u2019elle impose dans la gestion des ressources financi\u00e8res de l\u2019\u00c9tat, il convient toutefois de souligner qu\u2019\u00e0 long terme, elle pourrait s\u2019av\u00e9rer p\u00e9rilleuse. Les administrations publiques risquent d\u2019\u00eatre \u00e9vinc\u00e9es des locaux qu\u2019elles occupent, ce qui pourrait entra\u00eener un ralentissement drastique des services publics, d\u00e9j\u00e0 en difficult\u00e9 pour r\u00e9pondre aux attentes des usagers. Par ailleurs, les propri\u00e9taires et les services environnants pourraient subir une r\u00e9cession, avec le risque d\u2019une crise immobili\u00e8re et sociale, dans la mesure o\u00f9 ces loyers constituent souvent l\u2019unique source de revenus pour les bailleurs et les agences immobili\u00e8res concern\u00e9es.<\/p>\n\n\n\n<p>Bien que cette mesure mette en lumi\u00e8re la n\u00e9cessit\u00e9 de mener des enqu\u00eates et un audit sur cette manne financi\u00e8re, elle doit \u00eatre appliqu\u00e9e avec prudence pour \u00e9viter l\u2019apparition d\u2019effets collat\u00e9raux d\u00e9sastreux, notamment une hausse du ch\u00f4mage. Il devient ainsi imp\u00e9ratif pour le minist\u00e8re dirig\u00e9 par Henri-Claude Oyima de trouver un \u00e9quilibre: sortir du cercle vicieux des baux administratifs sans vision claire, tout en veillant \u00e0 pr\u00e9server la coh\u00e9sion sociale, gage de paix et de stabilit\u00e9. Cette mesure marque un tournant d\u00e9cisif vers une gestion financi\u00e8re plus rigoureuse dans le cadre de la Ve R\u00e9publique.<\/p>\n","protected":false},"excerpt":{"rendered":"<p>Libreville, le 25&nbsp; mai 2025-(D\u00e9p\u00eaches 241). Le nouveau Ministre de l\u2019\u00c9conomie et des Finances, Henri-Claude Oyima, semble d\u00e9termin\u00e9 \u00e0 impulser une dynamique d\u2019assainissement effectif des finances publiques et \u00e0 r\u00e9duire drastiquement le train de vie de l\u2019\u00c9tat. En effet, apr\u00e8s avoir suspendu les financements li\u00e9s aux missions des agents publics [&hellip;]<\/p>\n","protected":false},"author":11,"featured_media":24328,"comment_status":"open","ping_status":"open","sticky":false,"template":"","format":"standard","meta":{"om_disable_all_campaigns":false,"footnotes":""},"categories":[4,116],"tags":[4676,99,141,59,2100],"class_list":{"0":"post-24327","1":"post","2":"type-post","3":"status-publish","4":"format-standard","5":"has-post-thumbnail","7":"category-economie","8":"category-une1","9":"tag-baux-administratifs","10":"tag-depeches241","11":"tag-economie","12":"tag-gabon","13":"tag-henri-claude-oyima"},"yoast_head":"<!-- This site is optimized with the Yoast SEO plugin v27.5 - https:\/\/yoast.com\/product\/yoast-seo-wordpress\/ -->\n<title>Gabon: apr\u00e8s les missions \u00e0 l&#039;\u00e9tranger, Oyima suspend \u00e9galement les baux administratifs - Groupe D\u00e9p\u00eaches241<\/title>\n<meta name=\"description\" content=\"Le nouveau Ministre de l\u2019\u00c9conomie et des Finances, Henri-Claude Oyima, semble d\u00e9termin\u00e9 \u00e0 impulser une dynamique d\u2019assainissement effectif des finances publiques et \u00e0 r\u00e9duire drastiquement le train de vie de l\u2019\u00c9tat. En effet, apr\u00e8s avoir suspendu les financements li\u00e9s aux missions des agents publics \u00e0 l\u2019\u00e9tranger, il vient de d\u00e9cider de la suspension des baux administratifs jug\u00e9s anormalement \u00e9lev\u00e9s, dans un contexte o\u00f9 le Gabon traverse une situation financi\u00e8re peu reluisante. Le Ministre entend ainsi instaurer une nouvelle orthodoxie financi\u00e8re, visant une gestion des fonds publics plus rigoureuse, efficace et responsable.\" \/>\n<meta name=\"robots\" content=\"index, follow, max-snippet:-1, max-image-preview:large, max-video-preview:-1\" \/>\n<link rel=\"canonical\" href=\"https:\/\/depeches241.com\/?p=24327\" \/>\n<meta property=\"og:locale\" content=\"fr_FR\" \/>\n<meta property=\"og:type\" content=\"article\" \/>\n<meta property=\"og:title\" content=\"Gabon: apr\u00e8s les missions \u00e0 l&#039;\u00e9tranger, Oyima suspend \u00e9galement les baux administratifs - Groupe D\u00e9p\u00eaches241\" \/>\n<meta property=\"og:description\" content=\"Le nouveau Ministre de l\u2019\u00c9conomie et des Finances, Henri-Claude Oyima, semble d\u00e9termin\u00e9 \u00e0 impulser une dynamique d\u2019assainissement effectif des finances publiques et \u00e0 r\u00e9duire drastiquement le train de vie de l\u2019\u00c9tat. En effet, apr\u00e8s avoir suspendu les financements li\u00e9s aux missions des agents publics \u00e0 l\u2019\u00e9tranger, il vient de d\u00e9cider de la suspension des baux administratifs jug\u00e9s anormalement \u00e9lev\u00e9s, dans un contexte o\u00f9 le Gabon traverse une situation financi\u00e8re peu reluisante. Le Ministre entend ainsi instaurer une nouvelle orthodoxie financi\u00e8re, visant une gestion des fonds publics plus rigoureuse, efficace et responsable.\" \/>\n<meta property=\"og:url\" content=\"https:\/\/depeches241.com\/?p=24327\" \/>\n<meta property=\"og:site_name\" content=\"Groupe D\u00e9p\u00eaches241\" \/>\n<meta property=\"article:publisher\" content=\"https:\/\/www.facebook.com\/depeches241\" \/>\n<meta property=\"article:published_time\" content=\"2025-05-25T14:43:19+00:00\" \/>\n<meta property=\"article:modified_time\" content=\"2025-05-30T14:43:47+00:00\" \/>\n<meta property=\"og:image\" content=\"http:\/\/depeches241.com\/wp-content\/uploads\/2025\/05\/oyims-2.jpg\" \/>\n\t<meta property=\"og:image:width\" content=\"960\" \/>\n\t<meta property=\"og:image:height\" content=\"540\" \/>\n\t<meta property=\"og:image:type\" content=\"image\/jpeg\" \/>\n<meta name=\"author\" content=\"R\u00e9daction\" \/>\n<meta name=\"twitter:card\" content=\"summary_large_image\" \/>\n<meta name=\"twitter:label1\" content=\"\u00c9crit par\" \/>\n\t<meta name=\"twitter:data1\" content=\"R\u00e9daction\" \/>\n\t<meta name=\"twitter:label2\" content=\"Dur\u00e9e de lecture estim\u00e9e\" \/>\n\t<meta name=\"twitter:data2\" content=\"4 minutes\" \/>\n<script type=\"application\/ld+json\" class=\"yoast-schema-graph\">{\"@context\":\"https:\\\/\\\/schema.org\",\"@graph\":[{\"@type\":\"Article\",\"@id\":\"https:\\\/\\\/depeches241.com\\\/?p=24327#article\",\"isPartOf\":{\"@id\":\"https:\\\/\\\/depeches241.com\\\/?p=24327\"},\"author\":{\"name\":\"R\u00e9daction\",\"@id\":\"https:\\\/\\\/depeches241.com\\\/#\\\/schema\\\/person\\\/977f23ecf7439b0805f4525a893a057a\"},\"headline\":\"Gabon: apr\u00e8s les missions \u00e0 l&rsquo;\u00e9tranger, Oyima suspend \u00e9galement les baux administratifs\",\"datePublished\":\"2025-05-25T14:43:19+00:00\",\"dateModified\":\"2025-05-30T14:43:47+00:00\",\"mainEntityOfPage\":{\"@id\":\"https:\\\/\\\/depeches241.com\\\/?p=24327\"},\"wordCount\":762,\"commentCount\":0,\"publisher\":{\"@id\":\"https:\\\/\\\/depeches241.com\\\/#organization\"},\"image\":{\"@id\":\"https:\\\/\\\/depeches241.com\\\/?p=24327#primaryimage\"},\"thumbnailUrl\":\"https:\\\/\\\/depeches241.com\\\/wp-content\\\/uploads\\\/2025\\\/05\\\/oyims-2.jpg\",\"keywords\":[\"baux administratifs\",\"depeches241\",\"Economie\",\"Gabon\",\"Henri-Claude Oyima\"],\"articleSection\":[\"ECONOMIE\",\"Une1\"],\"inLanguage\":\"fr-FR\",\"potentialAction\":[{\"@type\":\"CommentAction\",\"name\":\"Comment\",\"target\":[\"https:\\\/\\\/depeches241.com\\\/?p=24327#respond\"]}]},{\"@type\":\"WebPage\",\"@id\":\"https:\\\/\\\/depeches241.com\\\/?p=24327\",\"url\":\"https:\\\/\\\/depeches241.com\\\/?p=24327\",\"name\":\"Gabon: apr\u00e8s les missions \u00e0 l'\u00e9tranger, Oyima suspend \u00e9galement les baux administratifs - Groupe D\u00e9p\u00eaches241\",\"isPartOf\":{\"@id\":\"https:\\\/\\\/depeches241.com\\\/#website\"},\"primaryImageOfPage\":{\"@id\":\"https:\\\/\\\/depeches241.com\\\/?p=24327#primaryimage\"},\"image\":{\"@id\":\"https:\\\/\\\/depeches241.com\\\/?p=24327#primaryimage\"},\"thumbnailUrl\":\"https:\\\/\\\/depeches241.com\\\/wp-content\\\/uploads\\\/2025\\\/05\\\/oyims-2.jpg\",\"datePublished\":\"2025-05-25T14:43:19+00:00\",\"dateModified\":\"2025-05-30T14:43:47+00:00\",\"description\":\"Le nouveau Ministre de l\u2019\u00c9conomie et des Finances, Henri-Claude Oyima, semble d\u00e9termin\u00e9 \u00e0 impulser une dynamique d\u2019assainissement effectif des finances publiques et \u00e0 r\u00e9duire drastiquement le train de vie de l\u2019\u00c9tat. En effet, apr\u00e8s avoir suspendu les financements li\u00e9s aux missions des agents publics \u00e0 l\u2019\u00e9tranger, il vient de d\u00e9cider de la suspension des baux administratifs jug\u00e9s anormalement \u00e9lev\u00e9s, dans un contexte o\u00f9 le Gabon traverse une situation financi\u00e8re peu reluisante. Le Ministre entend ainsi instaurer une nouvelle orthodoxie financi\u00e8re, visant une gestion des fonds publics plus rigoureuse, efficace et responsable.\",\"breadcrumb\":{\"@id\":\"https:\\\/\\\/depeches241.com\\\/?p=24327#breadcrumb\"},\"inLanguage\":\"fr-FR\",\"potentialAction\":[{\"@type\":\"ReadAction\",\"target\":[\"https:\\\/\\\/depeches241.com\\\/?p=24327\"]}]},{\"@type\":\"ImageObject\",\"inLanguage\":\"fr-FR\",\"@id\":\"https:\\\/\\\/depeches241.com\\\/?p=24327#primaryimage\",\"url\":\"https:\\\/\\\/depeches241.com\\\/wp-content\\\/uploads\\\/2025\\\/05\\\/oyims-2.jpg\",\"contentUrl\":\"https:\\\/\\\/depeches241.com\\\/wp-content\\\/uploads\\\/2025\\\/05\\\/oyims-2.jpg\",\"width\":960,\"height\":540},{\"@type\":\"BreadcrumbList\",\"@id\":\"https:\\\/\\\/depeches241.com\\\/?p=24327#breadcrumb\",\"itemListElement\":[{\"@type\":\"ListItem\",\"position\":1,\"name\":\"Accueil\",\"item\":\"https:\\\/\\\/depeches241.com\\\/\"},{\"@type\":\"ListItem\",\"position\":2,\"name\":\"Gabon: apr\u00e8s les missions \u00e0 l&rsquo;\u00e9tranger, Oyima suspend \u00e9galement les baux administratifs\"}]},{\"@type\":\"WebSite\",\"@id\":\"https:\\\/\\\/depeches241.com\\\/#website\",\"url\":\"https:\\\/\\\/depeches241.com\\\/\",\"name\":\"D\u00e9p\u00eaches241\",\"description\":\"M\u00e9dia d&#039;actualit\u00e9 Politique, \u00c9conomique, Sociale et Internationale\",\"publisher\":{\"@id\":\"https:\\\/\\\/depeches241.com\\\/#organization\"},\"potentialAction\":[{\"@type\":\"SearchAction\",\"target\":{\"@type\":\"EntryPoint\",\"urlTemplate\":\"https:\\\/\\\/depeches241.com\\\/?s={search_term_string}\"},\"query-input\":{\"@type\":\"PropertyValueSpecification\",\"valueRequired\":true,\"valueName\":\"search_term_string\"}}],\"inLanguage\":\"fr-FR\"},{\"@type\":\"Organization\",\"@id\":\"https:\\\/\\\/depeches241.com\\\/#organization\",\"name\":\"Groupe D\u00e9p\u00eaches241\",\"url\":\"https:\\\/\\\/depeches241.com\\\/\",\"logo\":{\"@type\":\"ImageObject\",\"inLanguage\":\"fr-FR\",\"@id\":\"https:\\\/\\\/depeches241.com\\\/#\\\/schema\\\/logo\\\/image\\\/\",\"url\":\"https:\\\/\\\/depeches241.com\\\/wp-content\\\/uploads\\\/2021\\\/10\\\/cropped-Logo-new-Accueil.png\",\"contentUrl\":\"https:\\\/\\\/depeches241.com\\\/wp-content\\\/uploads\\\/2021\\\/10\\\/cropped-Logo-new-Accueil.png\",\"width\":320,\"height\":105,\"caption\":\"Groupe D\u00e9p\u00eaches241\"},\"image\":{\"@id\":\"https:\\\/\\\/depeches241.com\\\/#\\\/schema\\\/logo\\\/image\\\/\"},\"sameAs\":[\"https:\\\/\\\/www.facebook.com\\\/depeches241\"]},{\"@type\":\"Person\",\"@id\":\"https:\\\/\\\/depeches241.com\\\/#\\\/schema\\\/person\\\/977f23ecf7439b0805f4525a893a057a\",\"name\":\"R\u00e9daction\",\"image\":{\"@type\":\"ImageObject\",\"inLanguage\":\"fr-FR\",\"@id\":\"https:\\\/\\\/secure.gravatar.com\\\/avatar\\\/8c655dbc51e5c9289f919f15ce20847ab5a910f8369a17ca243b673da48541f5?s=96&d=mm&r=g\",\"url\":\"https:\\\/\\\/secure.gravatar.com\\\/avatar\\\/8c655dbc51e5c9289f919f15ce20847ab5a910f8369a17ca243b673da48541f5?s=96&d=mm&r=g\",\"contentUrl\":\"https:\\\/\\\/secure.gravatar.com\\\/avatar\\\/8c655dbc51e5c9289f919f15ce20847ab5a910f8369a17ca243b673da48541f5?s=96&d=mm&r=g\",\"caption\":\"R\u00e9daction\"},\"url\":\"https:\\\/\\\/depeches241.com\\\/?author=11\"}]}<\/script>\n<!-- \/ Yoast SEO plugin. -->","yoast_head_json":{"title":"Gabon: apr\u00e8s les missions \u00e0 l'\u00e9tranger, Oyima suspend \u00e9galement les baux administratifs - Groupe D\u00e9p\u00eaches241","description":"Le nouveau Ministre de l\u2019\u00c9conomie et des Finances, Henri-Claude Oyima, semble d\u00e9termin\u00e9 \u00e0 impulser une dynamique d\u2019assainissement effectif des finances publiques et \u00e0 r\u00e9duire drastiquement le train de vie de l\u2019\u00c9tat. En effet, apr\u00e8s avoir suspendu les financements li\u00e9s aux missions des agents publics \u00e0 l\u2019\u00e9tranger, il vient de d\u00e9cider de la suspension des baux administratifs jug\u00e9s anormalement \u00e9lev\u00e9s, dans un contexte o\u00f9 le Gabon traverse une situation financi\u00e8re peu reluisante. Le Ministre entend ainsi instaurer une nouvelle orthodoxie financi\u00e8re, visant une gestion des fonds publics plus rigoureuse, efficace et responsable.","robots":{"index":"index","follow":"follow","max-snippet":"max-snippet:-1","max-image-preview":"max-image-preview:large","max-video-preview":"max-video-preview:-1"},"canonical":"https:\/\/depeches241.com\/?p=24327","og_locale":"fr_FR","og_type":"article","og_title":"Gabon: apr\u00e8s les missions \u00e0 l'\u00e9tranger, Oyima suspend \u00e9galement les baux administratifs - Groupe D\u00e9p\u00eaches241","og_description":"Le nouveau Ministre de l\u2019\u00c9conomie et des Finances, Henri-Claude Oyima, semble d\u00e9termin\u00e9 \u00e0 impulser une dynamique d\u2019assainissement effectif des finances publiques et \u00e0 r\u00e9duire drastiquement le train de vie de l\u2019\u00c9tat. En effet, apr\u00e8s avoir suspendu les financements li\u00e9s aux missions des agents publics \u00e0 l\u2019\u00e9tranger, il vient de d\u00e9cider de la suspension des baux administratifs jug\u00e9s anormalement \u00e9lev\u00e9s, dans un contexte o\u00f9 le Gabon traverse une situation financi\u00e8re peu reluisante. Le Ministre entend ainsi instaurer une nouvelle orthodoxie financi\u00e8re, visant une gestion des fonds publics plus rigoureuse, efficace et responsable.","og_url":"https:\/\/depeches241.com\/?p=24327","og_site_name":"Groupe D\u00e9p\u00eaches241","article_publisher":"https:\/\/www.facebook.com\/depeches241","article_published_time":"2025-05-25T14:43:19+00:00","article_modified_time":"2025-05-30T14:43:47+00:00","og_image":[{"width":960,"height":540,"url":"http:\/\/depeches241.com\/wp-content\/uploads\/2025\/05\/oyims-2.jpg","type":"image\/jpeg"}],"author":"R\u00e9daction","twitter_card":"summary_large_image","twitter_misc":{"\u00c9crit par":"R\u00e9daction","Dur\u00e9e de lecture estim\u00e9e":"4 minutes"},"schema":{"@context":"https:\/\/schema.org","@graph":[{"@type":"Article","@id":"https:\/\/depeches241.com\/?p=24327#article","isPartOf":{"@id":"https:\/\/depeches241.com\/?p=24327"},"author":{"name":"R\u00e9daction","@id":"https:\/\/depeches241.com\/#\/schema\/person\/977f23ecf7439b0805f4525a893a057a"},"headline":"Gabon: apr\u00e8s les missions \u00e0 l&rsquo;\u00e9tranger, Oyima suspend \u00e9galement les baux administratifs","datePublished":"2025-05-25T14:43:19+00:00","dateModified":"2025-05-30T14:43:47+00:00","mainEntityOfPage":{"@id":"https:\/\/depeches241.com\/?p=24327"},"wordCount":762,"commentCount":0,"publisher":{"@id":"https:\/\/depeches241.com\/#organization"},"image":{"@id":"https:\/\/depeches241.com\/?p=24327#primaryimage"},"thumbnailUrl":"https:\/\/depeches241.com\/wp-content\/uploads\/2025\/05\/oyims-2.jpg","keywords":["baux administratifs","depeches241","Economie","Gabon","Henri-Claude Oyima"],"articleSection":["ECONOMIE","Une1"],"inLanguage":"fr-FR","potentialAction":[{"@type":"CommentAction","name":"Comment","target":["https:\/\/depeches241.com\/?p=24327#respond"]}]},{"@type":"WebPage","@id":"https:\/\/depeches241.com\/?p=24327","url":"https:\/\/depeches241.com\/?p=24327","name":"Gabon: apr\u00e8s les missions \u00e0 l'\u00e9tranger, Oyima suspend \u00e9galement les baux administratifs - Groupe D\u00e9p\u00eaches241","isPartOf":{"@id":"https:\/\/depeches241.com\/#website"},"primaryImageOfPage":{"@id":"https:\/\/depeches241.com\/?p=24327#primaryimage"},"image":{"@id":"https:\/\/depeches241.com\/?p=24327#primaryimage"},"thumbnailUrl":"https:\/\/depeches241.com\/wp-content\/uploads\/2025\/05\/oyims-2.jpg","datePublished":"2025-05-25T14:43:19+00:00","dateModified":"2025-05-30T14:43:47+00:00","description":"Le nouveau Ministre de l\u2019\u00c9conomie et des Finances, Henri-Claude Oyima, semble d\u00e9termin\u00e9 \u00e0 impulser une dynamique d\u2019assainissement effectif des finances publiques et \u00e0 r\u00e9duire drastiquement le train de vie de l\u2019\u00c9tat. En effet, apr\u00e8s avoir suspendu les financements li\u00e9s aux missions des agents publics \u00e0 l\u2019\u00e9tranger, il vient de d\u00e9cider de la suspension des baux administratifs jug\u00e9s anormalement \u00e9lev\u00e9s, dans un contexte o\u00f9 le Gabon traverse une situation financi\u00e8re peu reluisante. Le Ministre entend ainsi instaurer une nouvelle orthodoxie financi\u00e8re, visant une gestion des fonds publics plus rigoureuse, efficace et responsable.","breadcrumb":{"@id":"https:\/\/depeches241.com\/?p=24327#breadcrumb"},"inLanguage":"fr-FR","potentialAction":[{"@type":"ReadAction","target":["https:\/\/depeches241.com\/?p=24327"]}]},{"@type":"ImageObject","inLanguage":"fr-FR","@id":"https:\/\/depeches241.com\/?p=24327#primaryimage","url":"https:\/\/depeches241.com\/wp-content\/uploads\/2025\/05\/oyims-2.jpg","contentUrl":"https:\/\/depeches241.com\/wp-content\/uploads\/2025\/05\/oyims-2.jpg","width":960,"height":540},{"@type":"BreadcrumbList","@id":"https:\/\/depeches241.com\/?p=24327#breadcrumb","itemListElement":[{"@type":"ListItem","position":1,"name":"Accueil","item":"https:\/\/depeches241.com\/"},{"@type":"ListItem","position":2,"name":"Gabon: apr\u00e8s les missions \u00e0 l&rsquo;\u00e9tranger, Oyima suspend \u00e9galement les baux administratifs"}]},{"@type":"WebSite","@id":"https:\/\/depeches241.com\/#website","url":"https:\/\/depeches241.com\/","name":"D\u00e9p\u00eaches241","description":"M\u00e9dia d&#039;actualit\u00e9 Politique, \u00c9conomique, Sociale et Internationale","publisher":{"@id":"https:\/\/depeches241.com\/#organization"},"potentialAction":[{"@type":"SearchAction","target":{"@type":"EntryPoint","urlTemplate":"https:\/\/depeches241.com\/?s={search_term_string}"},"query-input":{"@type":"PropertyValueSpecification","valueRequired":true,"valueName":"search_term_string"}}],"inLanguage":"fr-FR"},{"@type":"Organization","@id":"https:\/\/depeches241.com\/#organization","name":"Groupe D\u00e9p\u00eaches241","url":"https:\/\/depeches241.com\/","logo":{"@type":"ImageObject","inLanguage":"fr-FR","@id":"https:\/\/depeches241.com\/#\/schema\/logo\/image\/","url":"https:\/\/depeches241.com\/wp-content\/uploads\/2021\/10\/cropped-Logo-new-Accueil.png","contentUrl":"https:\/\/depeches241.com\/wp-content\/uploads\/2021\/10\/cropped-Logo-new-Accueil.png","width":320,"height":105,"caption":"Groupe D\u00e9p\u00eaches241"},"image":{"@id":"https:\/\/depeches241.com\/#\/schema\/logo\/image\/"},"sameAs":["https:\/\/www.facebook.com\/depeches241"]},{"@type":"Person","@id":"https:\/\/depeches241.com\/#\/schema\/person\/977f23ecf7439b0805f4525a893a057a","name":"R\u00e9daction","image":{"@type":"ImageObject","inLanguage":"fr-FR","@id":"https:\/\/secure.gravatar.com\/avatar\/8c655dbc51e5c9289f919f15ce20847ab5a910f8369a17ca243b673da48541f5?s=96&d=mm&r=g","url":"https:\/\/secure.gravatar.com\/avatar\/8c655dbc51e5c9289f919f15ce20847ab5a910f8369a17ca243b673da48541f5?s=96&d=mm&r=g","contentUrl":"https:\/\/secure.gravatar.com\/avatar\/8c655dbc51e5c9289f919f15ce20847ab5a910f8369a17ca243b673da48541f5?s=96&d=mm&r=g","caption":"R\u00e9daction"},"url":"https:\/\/depeches241.com\/?author=11"}]}},"_links":{"self":[{"href":"https:\/\/depeches241.com\/index.php?rest_route=\/wp\/v2\/posts\/24327","targetHints":{"allow":["GET"]}}],"collection":[{"href":"https:\/\/depeches241.com\/index.php?rest_route=\/wp\/v2\/posts"}],"about":[{"href":"https:\/\/depeches241.com\/index.php?rest_route=\/wp\/v2\/types\/post"}],"author":[{"embeddable":true,"href":"https:\/\/depeches241.com\/index.php?rest_route=\/wp\/v2\/users\/11"}],"replies":[{"embeddable":true,"href":"https:\/\/depeches241.com\/index.php?rest_route=%2Fwp%2Fv2%2Fcomments&post=24327"}],"version-history":[{"count":1,"href":"https:\/\/depeches241.com\/index.php?rest_route=\/wp\/v2\/posts\/24327\/revisions"}],"predecessor-version":[{"id":24329,"href":"https:\/\/depeches241.com\/index.php?rest_route=\/wp\/v2\/posts\/24327\/revisions\/24329"}],"wp:featuredmedia":[{"embeddable":true,"href":"https:\/\/depeches241.com\/index.php?rest_route=\/wp\/v2\/media\/24328"}],"wp:attachment":[{"href":"https:\/\/depeches241.com\/index.php?rest_route=%2Fwp%2Fv2%2Fmedia&parent=24327"}],"wp:term":[{"taxonomy":"category","embeddable":true,"href":"https:\/\/depeches241.com\/index.php?rest_route=%2Fwp%2Fv2%2Fcategories&post=24327"},{"taxonomy":"post_tag","embeddable":true,"href":"https:\/\/depeches241.com\/index.php?rest_route=%2Fwp%2Fv2%2Ftags&post=24327"}],"curies":[{"name":"wp","href":"https:\/\/api.w.org\/{rel}","templated":true}]}}