{"id":24346,"date":"2025-05-31T10:17:53","date_gmt":"2025-05-31T08:17:53","guid":{"rendered":"https:\/\/depeches241.com\/?p=24346"},"modified":"2025-05-31T10:17:58","modified_gmt":"2025-05-31T08:17:58","slug":"gabon-communique-final-du-conseil-des-ministres-du-30-mai-2025","status":"publish","type":"post","link":"https:\/\/depeches241.com\/?p=24346","title":{"rendered":"Gabon: Communiqu\u00e9 final du Conseil des Ministres du 30 Mai 2025"},"content":{"rendered":"\n<figure class=\"wp-block-image size-full\"><img fetchpriority=\"high\" decoding=\"async\" width=\"960\" height=\"540\" src=\"https:\/\/depeches241.com\/wp-content\/uploads\/2025\/05\/CM.jpg\" alt=\"\" class=\"wp-image-24347\" srcset=\"https:\/\/depeches241.com\/wp-content\/uploads\/2025\/05\/CM.jpg 960w, https:\/\/depeches241.com\/wp-content\/uploads\/2025\/05\/CM-300x169.jpg 300w, https:\/\/depeches241.com\/wp-content\/uploads\/2025\/05\/CM-768x432.jpg 768w\" sizes=\"(max-width: 960px) 100vw, 960px\" \/><figcaption class=\"wp-element-caption\"><strong><em>Le Conseil des Ministres du 31 mai 2025 a donn\u00e9 lieu \u00e0 plusieurs d\u00e9cisions fortes <\/em><\/strong><em><em>\u00a9 DR<\/em><\/em> <\/figcaption><\/figure>\n\n\n\n<p><strong>Libreville,\u00a0le 30 mai 2025 \u2013 (D\u00e9p\u00eaches 241). Ce jeudi 30 mai, Brice Clotaire Oligui Nguema a pr\u00e9sid\u00e9  le second conseil des ministres de la Ve R\u00e9publique . D\u00e9p\u00eaches 241 vous livre in-extenso, le communiqu\u00e9 final de cette table ronde.\u00a0<\/strong><\/p>\n\n\n\n<p class=\"has-drop-cap\">Sous la Tr\u00e8s Haute Pr\u00e9sidence de Son Excellence Brice Clotaire&nbsp; OLIGUI NGUEMA, Pr\u00e9sident de la R\u00e9publique, Chef de l\u2019\u00c9tat, Chef&nbsp; du Gouvernement, s\u2019est tenu ce vendredi 30 mai 2025, \u00e0 11 heures&nbsp; pr\u00e9cises, au Palais de la Pr\u00e9sidence de la R\u00e9publique, un Conseil des&nbsp; Ministres plac\u00e9 sous le sceau de l\u2019action, de l\u2019urgence et de la&nbsp; responsabilit\u00e9.&nbsp;<\/p>\n\n\n\n<p>En ouverture des travaux, le Pr\u00e9sident de la R\u00e9publique a rappel\u00e9 avec&nbsp; gravit\u00e9 que&nbsp;<strong>le septennat en cours doit marquer une rupture visible&nbsp; avec les lenteurs et les inerties du pass\u00e9.&nbsp;<\/strong>Il a soulign\u00e9&nbsp;<strong>l\u2019exigence&nbsp; d\u2019un changement profond et mesurable dans la vie des Gabonais<\/strong>,&nbsp; en&nbsp;<strong>engageant l\u2019ensemble du Gouvernement \u00e0 concentrer ses efforts&nbsp; sur les leviers \u00e9conomiques structurants<\/strong>.&nbsp;<\/p>\n\n\n\n<p>C\u2019est dans cette optique qu\u2019il a instruit le Gouvernement, \u00e0 travers le Ministre d\u2019\u00c9tat, Ministre de l\u2019\u00c9conomie, de proc\u00e9der, en coordination&nbsp; avec les minist\u00e8res sectoriels concern\u00e9s,&nbsp;<strong>\u00e0 la cr\u00e9ation, dans les&nbsp; prochaines semaines, de cinq fonds strat\u00e9giques destin\u00e9s \u00e0&nbsp; organiser le financement des projets porteurs de transformation&nbsp; dans des secteurs clefs de l\u2019\u00e9conomie nationale.&nbsp;<\/strong><\/p>\n\n\n\n<p>Aussi, a-t-il annonc\u00e9&nbsp;<strong>la cr\u00e9ation prochaine du Fonds National pour&nbsp; l\u2019\u00c9nergie et l\u2019Eau (FNEE)<\/strong>, levier de souverainet\u00e9 \u00e9nerg\u00e9tique et&nbsp; hydrique ; du&nbsp;<strong>Fonds Strat\u00e9gique pour le D\u00e9veloppement de la P\u00eache&nbsp; et de l\u2019Aquaculture (FDPA)<\/strong>, outil de structuration des fili\u00e8res&nbsp; halieutiques et de promotion de la souverainet\u00e9 alimentaire ; du&nbsp;<strong>Fonds&nbsp; Gabonais pour l\u2019Habitat et le Logement (FGHL),&nbsp;<\/strong>m\u00e9canisme public de&nbsp; r\u00e9gulation, de financement et d\u2019appui aux op\u00e9rateurs du secteur du&nbsp; logement ; du&nbsp;<strong>Fonds National pour les Infrastructures (FNI),&nbsp;<\/strong>con\u00e7u&nbsp; comme bras arm\u00e9 de la modernisation des infrastructures \u00e9conomiques&nbsp; et sociales ; et du&nbsp;<strong>Fonds Strat\u00e9gique Agricole (FSA),&nbsp;<\/strong>destin\u00e9 \u00e0&nbsp; catalyser les investissements dans l\u2019agriculture, cr\u00e9er des emplois&nbsp; durables et structurer de nouvelles cha\u00eenes de valeur.&nbsp;<\/p>\n\n\n\n<p>Dans le prolongement de cette dynamique irr\u00e9versible de transformation&nbsp; nationale, le Chef de l\u2019\u00c9tat a lev\u00e9 le voile sur une s\u00e9rie d\u2019annonces majeures, porteuses d\u2019un changement structurel en profondeur,&nbsp; destin\u00e9es \u00e0 affermir la souverainet\u00e9 \u00e9conomique du Gabon.&nbsp;<\/p>\n\n\n\n<p>Au premier rang, figure l\u2019interdiction formelle,&nbsp;<strong>\u00e0 compter du 1er janvier&nbsp; 2029, de l\u2019exportation du mangan\u00e8se brut, ressource strat\u00e9gique&nbsp; dont le Gabon est le deuxi\u00e8me producteur mondial.&nbsp;<\/strong>Par cette&nbsp; d\u00e9cision historique, le Pr\u00e9sident de la R\u00e9publique engage r\u00e9solument le&nbsp; pays sur la voie d\u2019une politique industrielle ambitieuse, ax\u00e9e sur la&nbsp; transformation locale des mati\u00e8res premi\u00e8res, la mont\u00e9e en comp\u00e9tence&nbsp; de la main-d\u2019\u0153uvre nationale, la ma\u00eetrise des cha\u00eenes de valeur&nbsp; technologique et la consolidation des recettes fiscales.&nbsp;<\/p>\n\n\n\n<p><strong>Une p\u00e9riode transitoire de trois ans est accord\u00e9e aux op\u00e9rateurs du&nbsp; secteur pour proc\u00e9der aux investissements requis, afin d\u2019assurer&nbsp; une mise en \u0153uvre progressive mais irr\u00e9versible de cette&nbsp; orientation souveraine.&nbsp;<\/strong><\/p>\n\n\n\n<p>Poursuivant dans cette logique d\u2019autonomisation \u00e9conomique, le Chef&nbsp; de l\u2019\u00c9tat a \u00e9galement annonc\u00e9&nbsp;<strong>l\u2019interdiction, \u00e0 compter du 1er janvier&nbsp; 2027, de l\u2019importation de poulet de chair.&nbsp;<\/strong>Cette mesure vise \u00e0&nbsp;&nbsp;<strong>redonner toute sa place \u00e0 la production avicole nationale, \u00e0 stimuler&nbsp; l\u2019investissement agricole, \u00e0 r\u00e9duire la d\u00e9pendance alimentaire et \u00e0&nbsp; renforcer la balance commerciale.&nbsp;<\/strong>Elle favorisera \u00e9galement&nbsp; l\u2019\u00e9mergence d\u2019un tissu d\u2019emplois ruraux, la mont\u00e9e en qualit\u00e9 des&nbsp; produits consomm\u00e9s localement et la cr\u00e9ation d\u2019un \u00e9cosyst\u00e8me&nbsp; \u00e9conomique autour de cette fili\u00e8re.&nbsp;<\/p>\n\n\n\n<p>Afin de r\u00e9pondre aux attentes sociales urgentes, notamment&nbsp;<strong>en mati\u00e8re&nbsp; de lutte contre la vie ch\u00e8re et d\u2019am\u00e9lioration du pouvoir d\u2019achat&nbsp;<\/strong>des&nbsp; m\u00e9nages,&nbsp;<strong>le Chef de l\u2019\u00c9tat a instruit le Gouvernement de mettre en&nbsp; place, dans les meilleurs d\u00e9lais, une centrale d\u2019achats des produits&nbsp; de premi\u00e8re n\u00e9cessit\u00e9.&nbsp;<\/strong>Cette structure publique aura pour mission&nbsp; d\u2019approvisionner le march\u00e9 national en produits essentiels \u00e0 des prix&nbsp; ma\u00eetris\u00e9s, de stabiliser les co\u00fbts, de r\u00e9duire la sp\u00e9culation et d\u2019assurer&nbsp; une distribution \u00e9quitable sur tout le territoire. Elle permettra \u00e9galement&nbsp; de constituer des stocks strat\u00e9giques, garants de la r\u00e9silience nationale&nbsp; face aux al\u00e9as. Un plan op\u00e9rationnel d\u00e9taill\u00e9 devra \u00eatre pr\u00e9sent\u00e9 dans&nbsp; un d\u00e9lai de 45 jours par les ministres en charge de l\u2019\u00c9conomie et du&nbsp; Commerce.<\/p>\n\n\n\n<p>Conscient de l\u2019ampleur des transformations engag\u00e9es,&nbsp;<strong>le Pr\u00e9sident de&nbsp; la R\u00e9publique a exig\u00e9 du Gouvernement la mise en \u0153uvre&nbsp; imm\u00e9diate d\u2019un ensemble coh\u00e9rent de mesures&nbsp; d\u2019accompagnement.&nbsp;<\/strong>Il s\u2019agira notamment de&nbsp;<strong>cr\u00e9er un fonds&nbsp; d\u2019investissement public-priv\u00e9 d\u00e9di\u00e9 \u00e0 la transformation industrielle&nbsp; du mangan\u00e8se<\/strong>, de&nbsp;<strong>mettre en place des lignes de cr\u00e9dit&nbsp; pr\u00e9f\u00e9rentielles pour les \u00e9leveurs,&nbsp;<\/strong>d\u2019accorder des&nbsp;<strong>incitations fiscales&nbsp; aux projets d\u2019industrialisation<\/strong>, de d\u00e9ployer un&nbsp;<strong>programme national&nbsp; de formation professionnelle en lien avec les besoins des secteurs&nbsp;<\/strong>c<strong>oncern\u00e9s<\/strong>, de&nbsp;<strong>renforcer l\u2019infrastructure \u00e9nerg\u00e9tique pour&nbsp; accompagner l\u2019industrialisation<\/strong>,&nbsp;<strong>d\u2019optimiser les capacit\u00e9s&nbsp; op\u00e9rationnelles de l\u2019ANPI pour fluidifier les investissements,&nbsp;d\u2019engager des partenariats internationaux en mati\u00e8re de transfert&nbsp; de technologie et de comp\u00e9tences<\/strong>, et de soutenir financi\u00e8rement la&nbsp; centrale d\u2019achats dans sa phase de lancement.&nbsp;<\/p>\n\n\n\n<p>L\u2019ensemble de ces mesures s\u2019inscrit dans la logique du projet de&nbsp; soci\u00e9t\u00e9 pl\u00e9biscit\u00e9 par les Gabonais, et devrait, \u00e0 terme, entra\u00eener une&nbsp; croissance substantielle du PIB, la cr\u00e9ation de milliers d\u2019emplois directs&nbsp; et indirects, une r\u00e9duction structurelle des importations, l\u2019\u00e9mergence de&nbsp; fili\u00e8res industrielles nouvelles, une mont\u00e9e en comp\u00e9tence technique de&nbsp; la main-d\u2019\u0153uvre nationale, une meilleure r\u00e9silience \u00e9conomique, une&nbsp; baisse durable du co\u00fbt de la vie et une plus grande efficacit\u00e9 dans la&nbsp; gestion des ressources publiques.&nbsp;<\/p>\n\n\n\n<p>Dans un autre registre mais toujours dans le souci de redonner \u00e0 l\u2019\u00c9tat&nbsp; sa pleine capacit\u00e9 d\u2019action,&nbsp;<strong>le Pr\u00e9sident de la R\u00e9publique a ordonn\u00e9&nbsp; l\u2019assainissement de la gestion du patrimoine de l\u2019\u00c9tat.&nbsp;<\/strong>\u00c0 cet effet, un&nbsp;&nbsp;<strong>inventaire exhaustif sera r\u00e9alis\u00e9 sur l\u2019ensemble du territoire&nbsp; national, incluant le parc immobilier, les r\u00e9serves fonci\u00e8res, les&nbsp; baux administratifs, les \u00e9quipements de t\u00e9l\u00e9communication, les&nbsp; compteurs d\u2019eau et d\u2019\u00e9lectricit\u00e9, ainsi que le parc automobile de&nbsp; l\u2019\u00c9tat<\/strong>. Cette op\u00e9ration a pour finalit\u00e9 de&nbsp;<strong>r\u00e9tablir la v\u00e9rit\u00e9 patrimoniale&nbsp; de l\u2019\u00c9tat, d\u2019identifier les anomalies, d\u2019enclencher la r\u00e9cup\u00e9ration&nbsp; des biens ind\u00fbment occup\u00e9s ou d\u00e9tourn\u00e9s, de rationaliser les&nbsp; d\u00e9penses et de mettre en place un syst\u00e8me num\u00e9ris\u00e9 de gestion&nbsp; moderne et transparente.<\/strong><\/p>\n\n\n\n<p>Afin d\u2019assurer la mise en \u0153uvre rigoureuse, coh\u00e9rente et coordonn\u00e9e de&nbsp; l\u2019ensemble des r\u00e9formes engag\u00e9es, le Pr\u00e9sident de la R\u00e9publique, Chef&nbsp; de l\u2019\u00c9tat, Chef du Gouvernement, a instruit le Gouvernement de lui&nbsp; soumettre, dans les meilleurs d\u00e9lais, un plan d\u2019action assorti d\u2019un&nbsp; chronogramme pr\u00e9cis ainsi qu\u2019un calendrier de suivi. Ce dispositif devra&nbsp; permettre une \u00e9valuation r\u00e9guli\u00e8re de l\u2019ex\u00e9cution des mesures arr\u00eat\u00e9es,&nbsp; en veillant \u00e0 l\u2019implication syst\u00e9matique des Gouverneurs dans chaque&nbsp; province et des Pr\u00e9fets dans chaque d\u00e9partement.&nbsp;<\/p>\n\n\n\n<p><strong>PROJETS DE TEXTES LEGISLATIFS ET REGLEMENTAIRES&nbsp;<\/strong><\/p>\n\n\n\n<p>Le Conseil des Ministres a d\u00e9lib\u00e9r\u00e9 sur les affaires suivantes :&nbsp;<\/p>\n\n\n\n<p><strong>MINISTERE DE LA REFORME ET DES RELATIONS AVEC LES&nbsp;<\/strong><strong>&nbsp;<\/strong><strong>INSTITUTIONS&nbsp;<\/strong><\/p>\n\n\n\n<p>\u2013\u00a0<em><strong>Loi organique d\u00e9terminant les emplois et fonctions de souverainet\u00e9 et fixant\u00a0 les conditions et modalit\u00e9s d\u2019acc\u00e8s \u00e0 ces emplois et fonctions.\u00a0\u00a0<\/strong><\/em><\/p>\n\n\n\n<p>Pris en application des dispositions de l\u2019article 55 de la Constitution, ce&nbsp; projet de loi organique encadre les emplois et fonctions de&nbsp; souverainet\u00e9, contribuant \u00e0 renforcer l\u2019\u00c9tat de droit, la souverainet\u00e9&nbsp; nationale et la transparence institutionnelle.&nbsp;&nbsp;<\/p>\n\n\n\n<p>Cette loi \u00e9tablit un cadre juridique clair pour les fonctions directement&nbsp; li\u00e9es aux missions r\u00e9galiennes de l\u2019\u00c9tat. Elle d\u00e9finit des crit\u00e8res stricts&nbsp; de nomination, des obligations de moralit\u00e9 et de comp\u00e9tence, ainsi que&nbsp; des proc\u00e9dures garantissant l\u2019exemplarit\u00e9 et la loyaut\u00e9 des titulaires.&nbsp; Toutes les nominations rel\u00e8vent de l\u2019autorit\u00e9 du Chef de l\u2019\u00c9tat, Chef du&nbsp; Gouvernement.&nbsp;&nbsp;<\/p>\n\n\n\n<p>Cette r\u00e9forme marque une \u00e9tape essentielle dans la&nbsp; professionnalisation de la haute fonction publique et la refondation&nbsp; institutionnelle de la Ve R\u00e9publique.&nbsp;<\/p>\n\n\n\n<p>\u2212\u00a0<em><strong>Projet de loi relative aux emplois et fonctions sup\u00e9rieurs civils.\u00a0<\/strong><\/em><\/p>\n\n\n\n<p>Le Conseil des Ministres a adopt\u00e9&nbsp;<strong>la loi relative aux emplois et&nbsp; fonctions civils sup\u00e9rieurs, en application des dispositions de&nbsp; l\u2019article 55 de la Constitution<\/strong>. Cette r\u00e9forme s\u2019inscrit dans la volont\u00e9&nbsp; du Pr\u00e9sident de la R\u00e9publique, Chef de l\u2019\u00c9tat, Chef du Gouvernement,&nbsp; de moderniser la haute administration publique et de renforcer la&nbsp; transparence, la comp\u00e9tence et la responsabilit\u00e9 dans la gestion des&nbsp; fonctions strat\u00e9giques de l\u2019\u00c9tat.&nbsp;&nbsp;<\/p>\n\n\n\n<p>La loi \u00e9tablit une typologie pr\u00e9cise des fonctions concern\u00e9es, fixe les&nbsp; conditions d\u2019acc\u00e8s, encadre les modalit\u00e9s de nomination, d\u2019\u00e9valuation&nbsp; et de cessation de fonctions, et impose des obligations d\u00e9ontologiques&nbsp; claires.&nbsp;<\/p>\n\n\n\n<p>Elle contribue \u00e0 professionnaliser la haute fonction publique dans une&nbsp; logique de performance et de loyaut\u00e9 r\u00e9publicaine. Cette d\u00e9marche&nbsp; compl\u00e8te le processus de refondation institutionnelle engag\u00e9 dans le&nbsp; cadre de la Ve R\u00e9publique.&nbsp;<\/p>\n\n\n\n<p>\u2212&nbsp;<em>Projets de d\u00e9cret fixant les attributions des membres du Gouvernement.&nbsp;&nbsp;<\/em><\/p>\n\n\n\n<p>Pris conform\u00e9ment aux dispositions de l\u2019article 69 de la Constitution, le&nbsp; Conseil a adopt\u00e9&nbsp;<strong>les projets de d\u00e9crets portant attributions des&nbsp; membres du Gouvernement.&nbsp;<\/strong><\/p>\n\n\n\n<p>\u00c9labor\u00e9s \u00e0 l\u2019issue d\u2019une large concertation interminist\u00e9rielle, ces textes&nbsp; visent \u00e0 clarifier les comp\u00e9tences de chaque ministre, renforcer la&nbsp; s\u00e9curit\u00e9 juridique de l\u2019action gouvernementale et pr\u00e9venir les&nbsp; chevauchements de responsabilit\u00e9s.&nbsp;&nbsp;<\/p>\n\n\n\n<p>Ils constituent un levier essentiel pour acc\u00e9l\u00e9rer l\u2019op\u00e9rationnalisation des&nbsp; politiques publiques sectorielles, dans le respect des priorit\u00e9s fix\u00e9es par&nbsp; le Pr\u00e9sident de la R\u00e9publique, Chef du Gouvernement.&nbsp;&nbsp;<\/p>\n\n\n\n<p>Chaque d\u00e9cret devient ainsi un outil strat\u00e9gique de pilotage, de&nbsp; redevabilit\u00e9 et de coordination. Leur adoption s\u2019inscrit pleinement dans&nbsp; la dynamique de rationalisation, d\u2019efficacit\u00e9 et de performance de la Ve&nbsp; R\u00e9publique.<\/p>\n\n\n\n<p>\u2212&nbsp;<em>Projet de d\u00e9cret fixant la composition des membres du Cabinet de&nbsp; membre du Gouvernement.&nbsp;&nbsp;<\/em><\/p>\n\n\n\n<p>Le Conseil a examin\u00e9 et adopt\u00e9&nbsp;<strong>le projet de d\u00e9cret actualisant le&nbsp; cadre r\u00e9glementaire relatif \u00e0 la composition des cabinets&nbsp; minist\u00e9riels,&nbsp;<\/strong>dans une logique de rationalisation, de sobri\u00e9t\u00e9 et&nbsp; d\u2019efficacit\u00e9 impos\u00e9e par la Ve R\u00e9publique.&nbsp;&nbsp;<\/p>\n\n\n\n<p>Pris en application de la loi n\u00b0020\/2005 et des textes subs\u00e9quents, ce&nbsp; projet modifie les dispositions ant\u00e9rieures pour fixer de mani\u00e8re pr\u00e9cise&nbsp; et hi\u00e9rarchis\u00e9e le nombre et les fonctions des membres autoris\u00e9s dans&nbsp; les cabinets des Ministres d\u2019\u00c9tat, Ministres et Ministres D\u00e9l\u00e9gu\u00e9s.&nbsp;&nbsp;<\/p>\n\n\n\n<p>Il vise \u00e0 garantir la coh\u00e9rence avec les autres textes d\u2019organisation&nbsp; gouvernementale et de gestion des ressources humaines. Ce texte&nbsp; contribue \u00e0 la professionnalisation de l\u2019appareil ex\u00e9cutif, tout en&nbsp; assurant aux ministres les moyens n\u00e9cessaires \u00e0 l\u2019exercice de leurs&nbsp; responsabilit\u00e9s.&nbsp;<\/p>\n\n\n\n<p>\u2212&nbsp;<em>Projet de d\u00e9cret portant attributions et organisation du Secr\u00e9tariat G\u00e9n\u00e9ral&nbsp; du Gouvernement.&nbsp;&nbsp;<\/em><\/p>\n\n\n\n<p><strong>Le Conseil a adopt\u00e9 le texte portant r\u00e9organisation du Secr\u00e9tariat&nbsp; g\u00e9n\u00e9ral du Gouvernement, d\u00e9sormais service de la Pr\u00e9sidence de&nbsp; la R\u00e9publique,&nbsp;<\/strong>conform\u00e9ment \u00e0 la nouvelle architecture institutionnelle&nbsp; de la Ve R\u00e9publique.&nbsp;&nbsp;<\/p>\n\n\n\n<p>Cette r\u00e9forme vise \u00e0 renforcer la centralit\u00e9, la coordination et l\u2019efficacit\u00e9&nbsp; du travail gouvernemental, en pla\u00e7ant le Secr\u00e9tariat g\u00e9n\u00e9ral au c\u0153ur du&nbsp; pilotage strat\u00e9gique de l\u2019action de l\u2019Ex\u00e9cutif. Elle clarifie ses missions,&nbsp; optimise ses structures internes et lui conf\u00e8re les moyens n\u00e9cessaires&nbsp; pour assurer, sous l\u2019autorit\u00e9 directe du Pr\u00e9sident de la R\u00e9publique, la&nbsp; fluidit\u00e9 des proc\u00e9dures gouvernementales, la qualit\u00e9 juridique des actes&nbsp; et le suivi rigoureux des d\u00e9cisions.&nbsp;&nbsp;<\/p>\n\n\n\n<p>Ce repositionnement strat\u00e9gique marque une volont\u00e9 affirm\u00e9e de&nbsp; professionnaliser l\u2019\u00c9tat et d\u2019instaurer une culture de la performance et&nbsp; de la redevabilit\u00e9 au sein du Gouvernement.<\/p>\n\n\n\n<p>\u2212&nbsp;<em>Projet de d\u00e9cret portant cr\u00e9ation, organisation et fonctionnement de la&nbsp; Coordination Strat\u00e9gique et de Suivi des Projets Pr\u00e9sidentiels (CSSPP).&nbsp;<\/em><\/p>\n\n\n\n<p><strong>Le Conseil a adopt\u00e9 le projet de d\u00e9cret portant cr\u00e9ation de la&nbsp; Coordination Strat\u00e9gique et de Suivi des Projets Pr\u00e9sidentiels&nbsp; (C2S2P),&nbsp;<\/strong>structure rattach\u00e9e directement au Chef de l\u2019\u00c9tat.&nbsp; Rempla\u00e7ant le Haut-Commissariat aux Projets d\u2019Infrastructures, le&nbsp; C2S2P assure un suivi rigoureux et acc\u00e9l\u00e9r\u00e9 des engagements&nbsp; pr\u00e9sidentiels, avec une organisation plus transversale, professionnalis\u00e9e&nbsp; et orient\u00e9e r\u00e9sultats.&nbsp;&nbsp;<\/p>\n\n\n\n<p>Dot\u00e9e de cellules techniques sp\u00e9cialis\u00e9es et d\u2019un comit\u00e9 de pilotage&nbsp; pr\u00e9sid\u00e9 par le Chef de l\u2019\u00c9tat, elle vise \u00e0 lever les blocages structurels et&nbsp; \u00e0 garantir la transparence et l\u2019efficacit\u00e9 des projets \u00e0 fort impact socio \u00e9conomique.&nbsp;<\/p>\n\n\n\n<p><strong>MINISTERE DES AFFAIRES ETRANGERES ET DE LA<\/strong><strong>&nbsp;&nbsp;<\/strong><strong>COOPERATION CHARGE DE L\u2019INTEGRATION ET DE LA DIASPORA&nbsp;<\/strong><\/p>\n\n\n\n<p>\u2013&nbsp;<em>Projet de loi autorisant la ratification de la convention concernant&nbsp; l\u2019assistance administrative mutuelle en mati\u00e8re fiscale amend\u00e9e par le&nbsp; protocole de 2010 (IM-MAAC)&nbsp;&nbsp;<\/em><\/p>\n\n\n\n<p>Le pr\u00e9sent projet de loi, pris en application des articles 113 et 114 de la&nbsp; Constitution, autorise la ratification par notre pays de la Convention sur&nbsp; l\u2019assistance administrative mutuelle en mati\u00e8re fiscale (IM-MAAC),&nbsp; \u00e9labor\u00e9e par l\u2019OCDE et le Conseil de l\u2019Europe en 1998, modifi\u00e9e par le&nbsp; Protocole de 2010 et sign\u00e9e par notre pays le 3 juillet 2014.&nbsp;&nbsp;<\/p>\n\n\n\n<p>Cette Convention constitue un instrument juridique majeur de lutte&nbsp; contre la fraude et l\u2019\u00e9vasion fiscales transfrontali\u00e8res, en renfor\u00e7ant la&nbsp; transparence et la coop\u00e9ration entre administrations fiscales. Elle&nbsp; permet un \u00e9change s\u00e9curis\u00e9 de renseignements, l\u2019assistance au&nbsp; recouvrement des cr\u00e9ances fiscales et la notification de documents,&nbsp; contribuant ainsi \u00e0 la pr\u00e9servation de l\u2019assiette fiscale nationale et \u00e0 la&nbsp; justice fiscale internationale.<\/p>\n\n\n\n<p>\u2013&nbsp;<em>Projet de loi autorisant la ratification de la convention multilat\u00e9rale pour la&nbsp; mise en \u0153uvre des mesures relatives aux conventions fiscales pour&nbsp; pr\u00e9venir l\u2019\u00e9rosion de la base d\u2019imposition et le transfert de b\u00e9n\u00e9fices (IM BEPS)&nbsp;&nbsp;<\/em><\/p>\n\n\n\n<p>Le pr\u00e9sent projet de loi, pris en application des articles 113 et 114 de la&nbsp; Constitution, autorise la ratification par le Gabon de la Convention&nbsp; multilat\u00e9rale pour la mise en \u0153uvre des mesures relatives aux&nbsp; conventions fiscales visant \u00e0 pr\u00e9venir l\u2019\u00e9rosion de la base d\u2019imposition&nbsp; et le transfert de b\u00e9n\u00e9fices (IM-BEPS), adopt\u00e9e \u00e0 Paris le 24 novembre&nbsp; 2016 et sign\u00e9e le 7 juin 2017.&nbsp;&nbsp;<\/p>\n\n\n\n<p>Cet instrument multilat\u00e9ral renforce la lutte contre les pratiques fiscales&nbsp; agressives en adaptant les conventions bilat\u00e9rales aux standards&nbsp; internationaux issus du projet BEPS. Il permet la mise en \u0153uvre de&nbsp; normes minimales pour pr\u00e9venir les abus fiscaux, am\u00e9liorer le r\u00e8glement&nbsp; des diff\u00e9rends et pr\u00e9server les recettes fiscales, tout en respectant la&nbsp; souverainet\u00e9 des \u00c9tats en mati\u00e8re de politique conventionnelle.&nbsp;<\/p>\n\n\n\n<p>\u2013&nbsp;<em>Projet de loi autorisant la ratification de l\u2019accord de coop\u00e9ration technique&nbsp; entre le gouvernement de la R\u00e9publique Gabonaise et le gouvernement du&nbsp; Japon sign\u00e9 le 21 mars 2008 \u00e0 Libreville.&nbsp;&nbsp;<\/em><\/p>\n\n\n\n<p>Le pr\u00e9sent projet de loi, pris en application des articles 113 et 114 de la&nbsp; Constitution, autorise la ratification de l\u2019Accord de coop\u00e9ration&nbsp; technique entre le Gouvernement de la R\u00e9publique Gabonaise et celui&nbsp; du Japon, sign\u00e9 \u00e0 Libreville le 21 mars 2008.&nbsp;&nbsp;<\/p>\n\n\n\n<p>Cet accord encadre juridiquement les interventions de l\u2019Agence&nbsp; Japonaise de Coop\u00e9ration Internationale (JICA) au Gabon, notamment&nbsp; en ce qui concerne le statut de son personnel et les modalit\u00e9s de ses&nbsp; activit\u00e9s. Il vise \u00e0 renforcer la coop\u00e9ration bilat\u00e9rale dans le domaine du&nbsp; d\u00e9veloppement, \u00e0 travers l\u2019envoi d\u2019experts et de volontaires, la&nbsp; fourniture d\u2019\u00e9quipements, et la mise en \u0153uvre de programmes de&nbsp; formation au b\u00e9n\u00e9fice du Gabon.<\/p>\n\n\n\n<p><strong>MINISTERE DE L\u2019INTERIEUR, DE LA SECURITE ET DE LA&nbsp;<\/strong><strong>&nbsp;<\/strong><strong>DECENTRALISATION&nbsp;<\/strong><\/p>\n\n\n\n<p>\u2013&nbsp;<em>Projet de d\u00e9cret fixant les attributions, l\u2019organisation et le fonctionnement&nbsp; des organes de la d\u00e9centralisation&nbsp;&nbsp;<\/em><\/p>\n\n\n\n<p>Le pr\u00e9sent projet de d\u00e9cret, pris en application de l\u2019article 215 de la loi&nbsp; organique n\u00b0001\/2014 du 15 juin 2015, a pour objet d\u2019assouplir les&nbsp; conditions de convocation des organes de la d\u00e9centralisation et de&nbsp; renforcer la structuration du cabinet du Secr\u00e9taire Permanent du Comit\u00e9&nbsp; Technique de la D\u00e9centralisation.&nbsp;<\/p>\n\n\n\n<p>Il vise \u00e9galement \u00e0 doter ce Secr\u00e9tariat Permanent des comp\u00e9tences&nbsp; techniques indispensables au bon fonctionnement de ce type d\u2019organe,&nbsp; notamment en mati\u00e8re juridique, organisationnelle et financi\u00e8re. Pour m\u00e9moire, les organes de la d\u00e9centralisation concern\u00e9s sont : \u2212 la Commission Nationale de la D\u00e9centralisation ;&nbsp;<\/p>\n\n\n\n<p>\u2212 le Comit\u00e9 Technique de la D\u00e9centralisation ;&nbsp;<\/p>\n\n\n\n<p>\u2212 les Commissions Provinciales de la D\u00e9centralisation.&nbsp;<\/p>\n\n\n\n<p><strong>MINISTERE DE L\u2019ACCES UNIVERSEL A L\u2019EAU ET A L\u2019ENERGIE&nbsp;<\/strong><\/p>\n\n\n\n<p>\u2212&nbsp;<em>Projet de d\u00e9cret mettant fin \u00e0 l\u2019administration provisoire de la Soci\u00e9t\u00e9&nbsp; d\u2019\u00c9nergie et d\u2019Eau du Gabon (SEEG).&nbsp;&nbsp;<\/em><\/p>\n\n\n\n<p><strong>Le Conseil a adopt\u00e9 le d\u00e9cret mettant fin, \u00e0 compter du 28 mai&nbsp; 2025, \u00e0 l\u2019administration provisoire de la Soci\u00e9t\u00e9 d\u2019\u00c9nergie et d\u2019Eau&nbsp; du Gabon (SEEG)<\/strong>, instaur\u00e9e par le Comit\u00e9 pour la Transition et la&nbsp; Restauration des Institutions (CTRI) en ao\u00fbt 2024.&nbsp;<\/p>\n\n\n\n<p>La gestion de la soci\u00e9t\u00e9 est d\u00e9sormais r\u00e9troc\u00e9d\u00e9e \u00e0 ses organes&nbsp; sociaux r\u00e9guliers, conform\u00e9ment \u00e0 ses statuts et au droit OHADA, et le&nbsp; Comit\u00e9 de surveillance mis en place dans le cadre du Plan TRANSFO&nbsp; 2025 est dissous.&nbsp;&nbsp;<\/p>\n\n\n\n<p>Le Fonds Gabonais d\u2019Investissements Strat\u00e9giques (FGIS), en tant&nbsp; qu\u2019actionnaire majoritaire, est charg\u00e9 d\u2019accompagner cette transition.&nbsp; Ce retour \u00e0 une gouvernance normale s\u2019inscrit dans le processus de&nbsp; stabilisation et de modernisation du secteur de l\u2019eau et de l\u2019\u00e9nergie.<\/p>\n\n\n\n<p>\u2022&nbsp;<strong>EN MATIERE DE POLITIQUE GENERALE<\/strong><strong>&nbsp;&nbsp;<\/strong><\/p>\n\n\n\n<p><strong>MINISTERE DE L\u2019ECONOMIE, DES FINANCES, DE LA DETTE ET&nbsp;<\/strong><strong>&nbsp;<\/strong><strong>DES PARTICIPATIONS CHARGE DE LA LUTTE CONTRE LA VIE&nbsp;<\/strong><strong>&nbsp;<\/strong><strong>CHERE&nbsp;<\/strong><\/p>\n\n\n\n<p>Le Conseil a pris bonne note des communications du Ministre d\u2019\u00c9tat&nbsp; portant : d\u2019une part, sur l\u2019imp\u00e9ratif du strict respect de la proc\u00e9dure&nbsp; d\u2019appel d\u2019offres dans la passation des march\u00e9s publics ; d\u2019autre part,&nbsp; sur le point d\u2019\u00e9tape relatif \u00e0 la fiabilit\u00e9 des donn\u00e9es budg\u00e9taires et&nbsp; financi\u00e8res de l\u2019\u00c9tat.&nbsp;<\/p>\n\n\n\n<p>S\u2019agissant du premier point, le Conseil a exprim\u00e9 sa vive pr\u00e9occupation&nbsp; face au constat selon lequel 93,25 % des march\u00e9s publics, en valeur,&nbsp; ont \u00e9t\u00e9 attribu\u00e9s par entente directe dans le cadre de l\u2019exercice&nbsp; budg\u00e9taire 2025, en violation manifeste des dispositions de l\u2019article 71&nbsp; du Code des march\u00e9s publics, qui plafonne ce mode d\u00e9rogatoire \u00e0 15&nbsp; %. Cette situation appelle un sursaut imm\u00e9diat. Le Conseil a r\u00e9affirm\u00e9&nbsp; avec fermet\u00e9 la n\u00e9cessit\u00e9 de renforcer la discipline administrative et&nbsp; d\u2019appliquer rigoureusement les r\u00e8gles relatives \u00e0 la commande&nbsp; publique, dans un esprit de transparence, de concurrence \u00e9quitable et&nbsp; de bonne gouvernance. Il a \u00e9galement invit\u00e9 le Ministre d\u2019\u00c9tat \u00e0 \u0153uvrer&nbsp; \u00e0 la fluidification des proc\u00e9dures, afin de concilier efficacit\u00e9&nbsp; administrative et respect des normes en vigueur.&nbsp;<\/p>\n\n\n\n<p>Concernant le second point, le Conseil prend acte avec satisfaction de&nbsp; l\u2019adoption d\u2019un ensemble de recommandations concr\u00e8tes,&nbsp; pragmatiques et r\u00e9alisables, visant \u00e0 am\u00e9liorer durablement la gestion&nbsp; des finances publiques et \u00e0 restaurer la cr\u00e9dibilit\u00e9 des donn\u00e9es&nbsp; financi\u00e8res de l\u2019\u00c9tat. Il a instruit les ministres concern\u00e9s \u00e0 en assurer la&nbsp; mise en \u0153uvre effective dans les meilleurs d\u00e9lais, sous le pilotage du&nbsp; Ministre d\u2019\u00c9tat. En outre, le Conseil a instruit le Ministre d\u2019\u00c9tat, \u00e0 mettre&nbsp; en place un syst\u00e8me d\u2019information int\u00e9gr\u00e9 afin de faciliter la&nbsp; transparence de l\u2019information financi\u00e8re.<\/p>\n\n\n\n<p><strong>MINISTERE DES AFFAIRES ETRANGERES ET DE LA&nbsp;<\/strong><strong>&nbsp;<\/strong><strong>COOPERATION CHARGE DE L\u2019INTEGRATION ET DE LA DIASPORA&nbsp;<\/strong><\/p>\n\n\n\n<p>Le Conseil a marqu\u00e9 son accord aux demandes d\u2019agr\u00e9ment des&nbsp; personnalit\u00e9s diplomatiques suivantes :&nbsp;<\/p>\n\n\n\n<p>\u2013&nbsp;<strong>Monsieur Rafael Chaves Beardo<\/strong>, en qualit\u00e9 d\u2019Ambassadeur&nbsp; Extraordinaire et Pl\u00e9nipotentiaire du Royaume d\u2019Espagne pr\u00e8s la&nbsp; R\u00e9publique Gabonaise, avec r\u00e9sidence \u00e0 Libreville ;&nbsp;<\/p>\n\n\n\n<p>\u2013&nbsp;<strong>Docteur Hans-Ulrich Von Schroeter<\/strong>, en qualit\u00e9 d\u2019Ambassadeur&nbsp; Extraordinaire et Pl\u00e9nipotentiaire de la R\u00e9publique F\u00e9d\u00e9rale&nbsp; d\u2019Allemagne pr\u00e8s la R\u00e9publique Gabonaise, avec r\u00e9sidence \u00e0&nbsp; Libreville ;&nbsp;<\/p>\n\n\n\n<p>\u2013&nbsp;<strong>Monsieur Bienvenido ESSONO ENGONGA<\/strong>, en qualit\u00e9&nbsp; d\u2019Ambassadeur Extraordinaire et Pl\u00e9nipotentiaire de la R\u00e9publique&nbsp; de Guin\u00e9e Equatoriale pr\u00e8s la R\u00e9publique Gabonaise, avec&nbsp; r\u00e9sidence \u00e0 Libreville ;&nbsp;<\/p>\n\n\n\n<p>\u2013&nbsp;<strong>Monsieur Issa BORO<\/strong>, en qualit\u00e9 d\u2019Ambassadeur Extraordinaire et&nbsp; Pl\u00e9nipotentiaire du Burkina Faso pr\u00e8s la R\u00e9publique Gabonaise,&nbsp; avec r\u00e9sidence \u00e0 Libreville ;&nbsp;<\/p>\n\n\n\n<p>\u2013&nbsp;<strong>Monsieur ANDO Yoshio<\/strong>, en qualit\u00e9 d\u2019Ambassadeur&nbsp; Extraordinaire et Pl\u00e9nipotentiaire du Japon pr\u00e8s la R\u00e9publique&nbsp; Gabonaise, avec r\u00e9sidence \u00e0 Libreville ;&nbsp;<\/p>\n\n\n\n<p>\u2013&nbsp;<strong>Monsieur TONG GUK<\/strong>, en qualit\u00e9 d\u2019Ambassadeur Extraordinaire&nbsp; et Pl\u00e9nipotentiaire de la R\u00e9publique Populaire D\u00e9mocratique de&nbsp; Cor\u00e9e pr\u00e8s la R\u00e9publique Gabonaise, avec r\u00e9sidence \u00e0 Addis Abeba ;&nbsp;<\/p>\n\n\n\n<p>\u2013&nbsp;<strong>Monsieur Agung CAHAYA SUMIRAT<\/strong>, en qualit\u00e9 d\u2019Ambassadeur&nbsp; Extraordinaire et Pl\u00e9nipotentiaire de la R\u00e9publique d\u2019Indon\u00e9sie&nbsp; pr\u00e8s la R\u00e9publique Gabonaise, avec r\u00e9sidence \u00e0 Yaound\u00e9 ;&nbsp;&nbsp;<\/p>\n\n\n\n<p>\u2013&nbsp;<strong>Madame Erika Ylonca Alvarez Rodriguez<\/strong>, en qualit\u00e9&nbsp; d\u2019Ambassadeur Extraordinaire et Pl\u00e9nipotentiaire de la R\u00e9publique&nbsp; Dominicaine pr\u00e8s la R\u00e9publique Gabonaise, avec r\u00e9sidence \u00e0&nbsp; Pr\u00e9toria ;&nbsp;&nbsp;<\/p>\n\n\n\n<p>\u2013&nbsp;<strong>Monsieur Mekuria Getchew Worku<\/strong>, en qualit\u00e9 d\u2019Ambassadeur&nbsp;<\/p>\n\n\n\n<p>Extraordinaire et Pl\u00e9nipotentiaire de la R\u00e9publique F\u00e9d\u00e9rale&nbsp; D\u00e9mocratique d\u2019Ethopie pr\u00e8s la R\u00e9publique Gabonaise, avec&nbsp; r\u00e9sidence \u00e0 Kinshasa ;&nbsp;<\/p>\n\n\n\n<p>\u2013&nbsp;<strong>Monsieur Marco Tulio Gustavo CHICAS SOSA<\/strong>, en qualit\u00e9&nbsp; d\u2019Ambassadeur Extraordinaire et Pl\u00e9nipotentiaire de la R\u00e9publique&nbsp; de Guatemala pr\u00e8s la R\u00e9publique Gabonaise, avec r\u00e9sidence \u00e0&nbsp; Rabat ;&nbsp;<\/p>\n\n\n\n<p>\u2013&nbsp;<strong>Monsieur Antonios PAPADOPOULOS,&nbsp;<\/strong>en qualit\u00e9&nbsp; d\u2019Ambassadeur Extraordinaire et Pl\u00e9nipotentiaire de la R\u00e9publique&nbsp; Hell\u00e9nique pr\u00e8s la R\u00e9publique Gabonaise, avec r\u00e9sidence \u00e0 Kinshasa ;&nbsp;<\/p>\n\n\n\n<p>\u2013&nbsp;<strong>Monsieur Sekou Alhassane CAMARA,&nbsp;<\/strong>en qualit\u00e9&nbsp; d\u2019Ambassadeur Extraordinaire et Pl\u00e9nipotentiaire de la R\u00e9publique&nbsp; de Guin\u00e9e pr\u00e8s la R\u00e9publique Gabonaise, avec r\u00e9sidence \u00e0&nbsp; Kinshasa ;&nbsp;<\/p>\n\n\n\n<p>\u2013&nbsp;<strong>Monsieur Odd MOLSTER,&nbsp;<\/strong>en qualit\u00e9 d\u2019Ambassadeur&nbsp; Extraordinaire et Pl\u00e9nipotentiaire du Royaume de Norv\u00e8ge pr\u00e8s la&nbsp; R\u00e9publique Gabonaise, avec r\u00e9sidence \u00e0 Kinshasa ;&nbsp;<\/p>\n\n\n\n<p>\u2013&nbsp;<strong>Madame Ana Margarita PINO PASQUIER,&nbsp;<\/strong>en qualit\u00e9&nbsp; d\u2019Ambassadeur Extraordinaire et Pl\u00e9nipotentiaire de la R\u00e9publique&nbsp; Bolivienne du Venezuela pr\u00e8s la R\u00e9publique Gabonaise, avec&nbsp; r\u00e9sidence \u00e0 Malabo ;&nbsp;<\/p>\n\n\n\n<p>\u2013&nbsp;<strong>Madame Marie-Claude HARVEY<\/strong>, en qualit\u00e9 de Haut Commissaire du Canada pr\u00e8s la R\u00e9publique Gabonaise, avec&nbsp; r\u00e9sidence \u00e0 Yaound\u00e9 ;&nbsp;<\/p>\n\n\n\n<p>\u2013&nbsp;<strong>Monsieur Kaliisa FARID,&nbsp;<\/strong>en qualit\u00e9 d\u2019Ambassadeur&nbsp; Extraordinaire et Pl\u00e9nipotentiaire de la R\u00e9publique d\u2019Ouganda&nbsp; pr\u00e8s la R\u00e9publique Gabonaise, avec r\u00e9sidence \u00e0 Kinshasa ;&nbsp;<\/p>\n\n\n\n<p>\u2013&nbsp;<strong>Madame Leila Saiji JOUDANE,&nbsp;<\/strong>en qualit\u00e9 de Repr\u00e9sentant&nbsp; R\u00e9sident du Fonds des Nations Unies pour la Population aupr\u00e8s&nbsp; de la R\u00e9publique Gabonaise ;&nbsp;<\/p>\n\n\n\n<p>\u2013&nbsp;<strong>Madame Rokya YE DIENG,&nbsp;<\/strong>en qualit\u00e9 de Repr\u00e9sentant R\u00e9sident&nbsp; du Programme des Nations Unies pour le D\u00e9veloppement aupr\u00e8s&nbsp; de la R\u00e9publique Gabonaise.<\/p>\n\n\n\n<p><strong>MINISTERE DU TOURISME DURABLE ET DE L\u2019ARTISANAT&nbsp;<\/strong><\/p>\n\n\n\n<p>Le Conseil a pris bonne note du projet d\u2019institutionnalisation de la&nbsp; Caravane touristique du Gabon, ainsi que de celui visant \u00e0 l\u2019all\u00e8gement&nbsp; des proc\u00e9dures et \u00e0 la mise en place temporaire de la gratuit\u00e9 du visa&nbsp; touristique.&nbsp;<\/p>\n\n\n\n<p>Le premier projet a pour objectif de promouvoir le tourisme int\u00e9rieur, de&nbsp; stimuler l\u2019\u00e9conomie locale, de cr\u00e9er des emplois, de renforcer la&nbsp; coh\u00e9sion nationale et de valoriser le patrimoine culturel et naturel du&nbsp; Gabon. Apr\u00e8s une premi\u00e8re \u00e9dition organis\u00e9e du 15 juillet au 30 ao\u00fbt&nbsp; 2024, la seconde \u00e9dition de la Caravane touristique se d\u00e9roulera du 15&nbsp; juillet au 15 septembre 2025.&nbsp;<\/p>\n\n\n\n<p>Le second projet vise \u00e0 encourager la participation des visiteurs&nbsp; internationaux \u00e0 l\u2019\u00e9v\u00e9nement \u00ab Caravane touristique du Gabon \u00bb, \u00e0&nbsp; accro\u00eetre la fr\u00e9quentation touristique en haute saison, ainsi qu\u2019\u00e0 soutenir&nbsp; les op\u00e9rateurs locaux, les artisans et les communaut\u00e9s. \u00c0 cet effet, il est&nbsp; propos\u00e9 :&nbsp;<\/p>\n\n\n\n<p>\u2212 la gratuit\u00e9 des visas touristiques pour tous les ressortissants&nbsp; \u00e9trangers souhaitant visiter le Gabon entre le 1er juillet et le 30&nbsp; septembre 2025 ;&nbsp;<\/p>\n\n\n\n<p>\u2212 la d\u00e9livrance acc\u00e9l\u00e9r\u00e9e des visas, dans un d\u00e9lai maximal de 48&nbsp; heures, via les ambassades, les consulats et les plateformes&nbsp; num\u00e9riques habilit\u00e9es.&nbsp;<\/p>\n\n\n\n<p>Le Conseil s\u2019est \u00e9galement r\u00e9joui de la mise en place progressive&nbsp; d\u2019une unit\u00e9 de police touristique, rattach\u00e9e aux services du Minist\u00e8re de&nbsp; l\u2019Int\u00e9rieur, dont la mission consistera notamment \u00e0 s\u00e9curiser les sites et&nbsp; circuits touristiques, tout en assurant l\u2019accueil, l\u2019orientation et&nbsp; l\u2019accompagnement des visiteurs.&nbsp;<\/p>\n\n\n\n<p><strong>Enfin, le Conseil des Ministres a ent\u00e9rin\u00e9 plusieurs mesures individuelles, dont&nbsp; les principales portent sur les nominations suivantes :&nbsp;<\/strong><\/p>\n\n\n\n<p><strong>PRESIDENCE DE LA REPUBLIQUE&nbsp;<\/strong><\/p>\n\n\n\n<p>\u25aa&nbsp;<strong>Secr\u00e9tariat G\u00e9n\u00e9ral&nbsp;<\/strong><\/p>\n\n\n\n<p>Cabinet du Secr\u00e9taire G\u00e9n\u00e9ral<\/p>\n\n\n\n<p>o&nbsp;<strong>Conseiller Sp\u00e9cial du Pr\u00e9sident de la R\u00e9publique, Directeur de&nbsp; Cabinet :&nbsp;<\/strong>M. NANG ONDO Alexis&nbsp;<\/p>\n\n\n\n<p>o&nbsp;<strong>Conseiller Sp\u00e9cial du Pr\u00e9sident de la R\u00e9publique, Directeur de Cabinet Adjoint :&nbsp;<\/strong>M. LEYINDA BICKOTA Andy Gr\u00e9gory&nbsp;<\/p>\n\n\n\n<p>o&nbsp;<strong>Conseiller du Pr\u00e9sident de la R\u00e9publique :&nbsp;<\/strong>Mme ANGONO&nbsp; MENDENE \u00e9p. BENGONE Fulricke Nivane&nbsp;<\/p>\n\n\n\n<p>o&nbsp;<strong>Secr\u00e9taire de Cabinet du Pr\u00e9sident de la R\u00e9publique&nbsp;<\/strong>:&nbsp; \u25aa Mme MOULONGOU NZAMBA Lucie&nbsp;<\/p>\n\n\n\n<p>\u25aa TENDET \u00e9pse NSIE Arl\u00e8ne&nbsp;<\/p>\n\n\n\n<p>o&nbsp;<strong>Attach\u00e9 de Cabinet \u00e0 la Pr\u00e9sidence de la R\u00e9publique :&nbsp;<\/strong>\u25aa Mme MOUSSOUNDA NGOUABAZO Cathy Nadia&nbsp;<\/p>\n\n\n\n<p>\u25aa Mme NDONG SIMA Jeanne Perp\u00e9tue Zang&nbsp;<\/p>\n\n\n\n<p>\u25aa M. ENDAMANE MBA Andr\u00e9&nbsp;<\/p>\n\n\n\n<p>\u25aa Mme EKOGA EKOGA Amour Ir\u00e9n\u00e9e&nbsp;<\/p>\n\n\n\n<p>o&nbsp;<strong>Charg\u00e9 de mission du Pr\u00e9sident de la R\u00e9publique&nbsp;<\/strong>:&nbsp;<\/p>\n\n\n\n<p>o M. ABAGHE ONDO Placide&nbsp;<\/p>\n\n\n\n<p>o Mme OKOMO MVONO Sterlie Tatiana&nbsp;<\/p>\n\n\n\n<p>o M. NDONG OWONO Jean&nbsp;<\/p>\n\n\n\n<p>o M. IKABANGA-DZOLO Hermann&nbsp;<\/p>\n\n\n\n<p><strong>D\u00e9partement Juridique&nbsp;<\/strong><\/p>\n\n\n\n<p>\u25aa&nbsp;<strong>Conseiller Sp\u00e9cial du Pr\u00e9sident de la R\u00e9publique, Chef&nbsp; de D\u00e9partement Adjoint :&nbsp;<\/strong>M. Herv\u00e9 Christin NGANGUI&nbsp;<\/p>\n\n\n\n<p>\u25aa&nbsp;<strong>Conseiller du Pr\u00e9sident de la R\u00e9publique&nbsp;<\/strong>:&nbsp;<\/p>\n\n\n\n<p>o M. Eustache MANDJOUHOU-YOLLA, confirm\u00e9.&nbsp;<\/p>\n\n\n\n<p>o M. Hugues BOUROBOU BOUROBOU,&nbsp;<em>Pr\u00e9sident de la&nbsp; Commission Technique des Bourses (ANBG), confirm\u00e9.&nbsp;<\/em><\/p>\n\n\n\n<p>o Dr Bourges MBA NDONG&nbsp;<\/p>\n\n\n\n<p>o Dr Nigelle FOURN&nbsp;<\/p>\n\n\n\n<p>o Dr Flore NTSATSIESSE&nbsp;<\/p>\n\n\n\n<p>\u25aa&nbsp;<strong>Attach\u00e9 de Cabinet \u00e0 la Pr\u00e9sidence de la R\u00e9publique :&nbsp;<\/strong>o Mme Alexia MBOULA, confirm\u00e9e.<\/p>\n\n\n\n<p>o Mme Daniella MANFOUMBI \u00e9pouse NGUIMBI MOMBO&nbsp;<\/p>\n\n\n\n<p>o Mme Solange BALINGUI&nbsp;<\/p>\n\n\n\n<p>o Jean Noel BIGNOUMBA, confirm\u00e9.&nbsp;<\/p>\n\n\n\n<p>o Patricia MIHINDOU, confirm\u00e9e.&nbsp;<\/p>\n\n\n\n<p><strong>D\u00e9partement Sant\u00e9&nbsp;<\/strong><\/p>\n\n\n\n<p>\u25aa&nbsp;<strong>Conseiller Sp\u00e9cial du Pr\u00e9sident de la R\u00e9publique, Chef de&nbsp; D\u00e9partement Adjoint 2&nbsp;<\/strong>: Mme V\u00e9nusia Marylin ZANG OBAME&nbsp;<\/p>\n\n\n\n<p>\u25aa&nbsp;<strong>Secr\u00e9tariat General du Gouvernement&nbsp;<\/strong><\/p>\n\n\n\n<p>o&nbsp;<strong>Secr\u00e9taire G\u00e9n\u00e9ral du Gouvernement :&nbsp;<\/strong>M. Abdu Razzaq Guy&nbsp; KAMBOGO&nbsp;<\/p>\n\n\n\n<p>o&nbsp;<strong>Secr\u00e9taire General du Gouvernement Adjoint :&nbsp;<\/strong>M. Christian&nbsp; EMANE NNA&nbsp;<\/p>\n\n\n\n<p>o&nbsp;<em>Cabinet du Secr\u00e9taire G\u00e9n\u00e9ral du Gouvernement&nbsp;<\/em><\/p>\n\n\n\n<p>\u25aa&nbsp;<strong>Conseiller Sp\u00e9cial, Directeur du Cabinet du Secr\u00e9taire&nbsp; General du Gouvernement&nbsp;<\/strong>: Jean-Danice AKARIKI&nbsp;<\/p>\n\n\n\n<p><strong>Secr\u00e9taire Particuli\u00e8re :&nbsp;<\/strong>Mme Pierrette EBOUMI OKORO&nbsp;<strong>Secr\u00e9taire de Cabinet&nbsp;<\/strong>:&nbsp;&nbsp;<\/p>\n\n\n\n<p>\u2212 Mme Francisca MONIANGUE&nbsp;<\/p>\n\n\n\n<p>\u2212 Mme Diane Karine AYEBE&nbsp;<\/p>\n\n\n\n<p>\u2212 Mme Reine L\u00e9a ELIMI NDOUMBA&nbsp;<\/p>\n\n\n\n<p>\u2212 Mme Pamela Juanita Ginette DJANODOUGOU&nbsp;<\/p>\n\n\n\n<p>\u2212 M. Rufin Ludovic NDOYE&nbsp;<\/p>\n\n\n\n<p>\u2212 Mme Janice Alexandra NDOUMBA KOBI&nbsp;<\/p>\n\n\n\n<p>\u2212 Mme Alice MAPOBA&nbsp;<\/p>\n\n\n\n<p>\u2212 Mme Marie Ruffine BESSAPI&nbsp;<\/p>\n\n\n\n<p>\u2212&nbsp;<strong>Conseiller Sp\u00e9cial, Directeur de la L\u00e9gislation&nbsp;<\/strong>: M. Gaspard&nbsp; NANEKOULA&nbsp;<\/p>\n\n\n\n<p>\u2212&nbsp;<strong>Conseiller Sp\u00e9cial, Directeur du Conseil Interminist\u00e9riel et du&nbsp; Suivi des Actes :&nbsp;<\/strong>Mme Michelle Vanessa BADOBA KOMBA<\/p>\n\n\n\n<p>\u2212&nbsp;<strong>Conseiller Sp\u00e9cial, Directeur de la Communication&nbsp; Gouvernementale :&nbsp;<\/strong>M. Alboury NDIAYE&nbsp;<\/p>\n\n\n\n<p>\u2212&nbsp;<strong>Conseiller Sp\u00e9cial, Directeur de la Production et des&nbsp; Publications Officielles :&nbsp;<\/strong>M. Dinos F\u00e9licien OLOUNA&nbsp;<\/p>\n\n\n\n<p>\u2212&nbsp;<strong>Conseiller Sp\u00e9cial, Directeur du Suivi et Evaluation de l\u2019Action&nbsp; Gouvernementale :&nbsp;<\/strong>M. Guy Herman MA\u00cfSSA&nbsp;<\/p>\n\n\n\n<p><strong>Conseillers du Pr\u00e9sident de la R\u00e9publique :&nbsp;<\/strong><\/p>\n\n\n\n<p>\u2212 M. Terry Stefano WANY\u2019S&nbsp;<\/p>\n\n\n\n<p>\u2212 Mme Rosella Sandrine BANGUEBE MOUBOTOTO&nbsp;<\/p>\n\n\n\n<p>\u2212 M. Evrard MOUNGUENGUI NYOGA&nbsp;<\/p>\n\n\n\n<p>\u2212 Mme Annie ASSENGONE BIE&nbsp;<\/p>\n\n\n\n<p>\u2212 Mme Aminata ONIDJAMANA \u00e9pse WADA&nbsp;<\/p>\n\n\n\n<p>\u2212 M. Hugues Thierry DZIME ESSABA&nbsp;<\/p>\n\n\n\n<p>\u2212 Mme Yman Edith Or NGARI&nbsp;<\/p>\n\n\n\n<p>\u2212 Mme Jenny Silviane ATSOUMOU&nbsp;<\/p>\n\n\n\n<p>\u2212 Mme Lynda In\u00e8s Magalie NGOUABA KASSIKAMIDIAMA \u2212 M. Herbert LEKOGO&nbsp;<\/p>\n\n\n\n<p>\u2212 Mme Marie Florence EFFIRE NDONG&nbsp;<\/p>\n\n\n\n<p>\u2212 Mme R\u00e9gine Paulette AYANG&nbsp;<\/p>\n\n\n\n<p>\u2212 Mme Ghislaine MANFOUMBI&nbsp;<\/p>\n\n\n\n<p>\u2212 Mme Claire KENGUE MOUMBANGA&nbsp;<\/p>\n\n\n\n<p>\u2212 Mme Marlene Flora NSE OBIANG&nbsp;<\/p>\n\n\n\n<p>\u2212 Mme Martial OGOUEBANDJA DILANGA&nbsp;<\/p>\n\n\n\n<p>\u2212 Mme Martin BOUNGOUTOU&nbsp;<\/p>\n\n\n\n<p>\u2212 Mme Estelle BABAGUELA YAYA&nbsp;<\/p>\n\n\n\n<p>\u2212 M. Rodrigue Aubin BOUNGADI NZIMA&nbsp;<\/p>\n\n\n\n<p>\u2212 Mme Larissa MOUNGOLA BOUNGOUENDZI&nbsp;<\/p>\n\n\n\n<p>\u2212 M. Franck Even LEMONOLEMO NGOUAMA&nbsp;<\/p>\n\n\n\n<p>\u2212 M. Christ Landry BOUEGNY&nbsp;<\/p>\n\n\n\n<p>\u2212 M. Andr\u00e9a Car\u00e8ne Teicle JOUMAS&nbsp;<\/p>\n\n\n\n<p>\u2212 M. L\u00e9ance Sydney OBOUOYI&nbsp;<\/p>\n\n\n\n<p>\u2212 M. Wilfrid NGOMA NGOMA&nbsp;<\/p>\n\n\n\n<p>\u2212 M. Marina MA\u00cfKA POYALE&nbsp;<\/p>\n\n\n\n<p>\u2212 M. Aymar Djefri EBINA<\/p>\n\n\n\n<p>\u2212 M. Issoufou SORO DONAGNON&nbsp;<\/p>\n\n\n\n<p><strong>A<\/strong><strong>ttach\u00e9s de Cabinet \u00e0 la Pr\u00e9sidence de la R\u00e9publique :&nbsp;<\/strong>\u2212 Mme Emmanuela MBANTSOU MBANGOU&nbsp;<\/p>\n\n\n\n<p>\u2212 Mme Clothilde St\u00e9phanie KOUMBA MAKOSSO \u2212 Mme Guena\u00eblle Lehirych BINGA LENDJOUNDA \u2212 M. Gervais BOUPANA&nbsp;<\/p>\n\n\n\n<p>\u2212 Mme Laure Carrole N\u2019TSAME ESSONE&nbsp;<\/p>\n\n\n\n<p>\u2212 M. Yves Arnaud TSIANGA&nbsp;<\/p>\n\n\n\n<p>\u2212 Mme Shiva Charles C\u00e9cile BAMARONDA KOUMBA \u2212 Mme Anna Florel BOUROBOU&nbsp;<\/p>\n\n\n\n<p>\u2212 M. Olga Esther COGNOT LOKOSSI&nbsp;<\/p>\n\n\n\n<p>\u2212 Mme Erica Jamila POULISSI MBOU LENGOYI \u2212 Mme Naomie Cl\u00e9rosie BATABA BEYOUMA&nbsp;<\/p>\n\n\n\n<p>\u2212 Mme Annia Doussia MOUKASSA MPIGA LENDOYE \u2212 Mme Davi Armel MINKO OBAME&nbsp;<\/p>\n\n\n\n<p>\u2212 Meltchar ONDO EKO&nbsp;<\/p>\n\n\n\n<p>\u2212 Sandra Christelle MBADINGA&nbsp;<\/p>\n\n\n\n<p>\u2212 Waraine MOUSOUNDA NOMENYO&nbsp;<\/p>\n\n\n\n<p>\u2212 Paule Da\u00efna EDJOUGUI FERRIS&nbsp;<\/p>\n\n\n\n<p>\u2212 Piex Eisenhower NKOUMESSIAMI OBAYI&nbsp;<\/p>\n\n\n\n<p>\u2212 Malick Fan\u00e9 BOUTAMBA&nbsp;<\/p>\n\n\n\n<p>\u2212 Louis Daniel MABIGNATH&nbsp;<\/p>\n\n\n\n<p>\u2212 Charles Innocent NZONGUE NZE&nbsp;<\/p>\n\n\n\n<p>\u2212 Flore Nadia MASSOUNGA MOUKETOU&nbsp;<\/p>\n\n\n\n<p>\u2212 Scholastique DJOLEWA&nbsp;<\/p>\n\n\n\n<p>\u2212 Yolandrine MBEDA \u00e9pse NGUEMA MBA&nbsp;<\/p>\n\n\n\n<p>\u2212 Brigitte OTOUMOLONGUI&nbsp;<\/p>\n\n\n\n<p>\u2212 Prixillia Fanny OYANE ESSONE&nbsp;<\/p>\n\n\n\n<p>\u2212 Andr\u00e9 Mathurin IVALA OGOULA&nbsp;<\/p>\n\n\n\n<p>\u2212 Emery AMINDZA&nbsp;<\/p>\n\n\n\n<p>\u2212 Alix Corr\u00e8ze OUANDZIE ESSONGUE&nbsp;<\/p>\n\n\n\n<p>\u2212 Sandrine PIBALA TSALA&nbsp;<\/p>\n\n\n\n<p>\u2212 Davy MEGNIE M\u2019ELLA&nbsp;<\/p>\n\n\n\n<p>\u2212 Steeve MEZUI ME NDONG<\/p>\n\n\n\n<p><strong>MINISTERE DE LA DEFENSE NATIONALE&nbsp;<\/strong><\/p>\n\n\n\n<p><strong>CABINET CIVIL&nbsp;&nbsp;<\/strong><\/p>\n\n\n\n<p>\u2013 Directeur de Cabinet Civil : M.&nbsp;<strong>Albert GOBY KAKO&nbsp;<\/strong>;&nbsp;<\/p>\n\n\n\n<p>\u2013 Conseillers Techniques :&nbsp;&nbsp;<\/p>\n\n\n\n<p>\u2022 M.&nbsp;<strong>Richard BENGUILI ;&nbsp;<\/strong><\/p>\n\n\n\n<p>\u2022 M<strong>. Jeffrey Prince KENY NGOUNGA LEBAGA ;&nbsp;<\/strong><\/p>\n\n\n\n<p>\u2022 M.&nbsp;<strong>Fran\u00e7ois Hans MEYE ANGO ;&nbsp;<\/strong><\/p>\n\n\n\n<p>\u2022 M.&nbsp;<strong>Aristide Saturnin LOUMBANGOYE ;&nbsp;<\/strong><\/p>\n\n\n\n<p>\u2022 M<strong>. Henri Charles BABONNEAU ;&nbsp;<\/strong><\/p>\n\n\n\n<p>\u2022 M.&nbsp;<strong>Saint Thomas LEKOGO EKUNDA ;&nbsp;<\/strong><\/p>\n\n\n\n<p>\u2022 M.&nbsp;<strong>Damas KAKUDJA ;&nbsp;<\/strong><\/p>\n\n\n\n<p>\u2022 M<strong>. Ben-Kelly ANTSIENE ;&nbsp;<\/strong><\/p>\n\n\n\n<p>\u2022 Mme&nbsp;<strong>Ambroisine Guemaelle Sidonie AMBOUROUET.&nbsp;<\/strong>\u2013 Conseiller Juridique : Mme.&nbsp;<strong>Elisabeth NYNGOMANDA&nbsp; RENOMBO.&nbsp;<\/strong><\/p>\n\n\n\n<p>\u2013 Conseiller Diplomatique : M.&nbsp;<strong>Eug\u00e8ne William MESSAN&nbsp;<\/strong>\u2013 Conseiller en Communication : M.&nbsp;<strong>Ismael MPOUNGOU LOUBA&nbsp; LOUBA.&nbsp;<\/strong><\/p>\n\n\n\n<p>\u2013 Charg\u00e9s d\u2019Etudes :&nbsp;&nbsp;<\/p>\n\n\n\n<p>\u2022 Mme&nbsp;<strong>Sandy Ga\u00eblle KOULI ;&nbsp;<\/strong><\/p>\n\n\n\n<p>\u2022 M.&nbsp;<strong>Barack OBILI ALANDJI ;&nbsp;<\/strong><\/p>\n\n\n\n<p>\u2022 M.&nbsp;<strong>Quency Jackson KOMBI M\u2019PIGA ;&nbsp;<\/strong><\/p>\n\n\n\n<p>\u2022 Mme&nbsp;<strong>Leda Ad\u00e9line MPEA ONTCHEKOU ;&nbsp;<\/strong><\/p>\n\n\n\n<p>\u2022 M.&nbsp;<strong>Aristid Rick OLABA ONTSIA .&nbsp;<\/strong><\/p>\n\n\n\n<p>\u2013 Charg\u00e9s de Missions :&nbsp;&nbsp;<\/p>\n\n\n\n<p>\u2022 M.&nbsp;<strong>Judicael OTERE ;&nbsp;<\/strong><\/p>\n\n\n\n<p>\u2022 M<strong>. Louis Roy OKAGNI ;&nbsp;<\/strong><\/p>\n\n\n\n<p>\u2022 M.&nbsp;<strong>Ga\u00ebl OLERY.&nbsp;<\/strong><\/p>\n\n\n\n<p>\u2013 Secr\u00e9taire Particuli\u00e8re du Ministre : Mme&nbsp;<strong>Justine LENDOYE.&nbsp;<\/strong>\u2013 Chef du Protocole : M.&nbsp;<strong>Aldo Frey MOUSSAVOU.&nbsp;<\/strong><\/p>\n\n\n\n<p>\u2013 Secr\u00e9taire de Cabinet Civil :&nbsp;&nbsp;<\/p>\n\n\n\n<p>\u2022 Mme&nbsp;<strong>Edna NGNAMALENGOUNGOU ;<\/strong><\/p>\n\n\n\n<p>\u2022 M.&nbsp;<strong>Gildas NZEMBI NGOYI ;&nbsp;<\/strong><\/p>\n\n\n\n<p>\u2022 M<strong>. Gervais ONDJAGA.&nbsp;<\/strong><\/p>\n\n\n\n<p>\u2013 Aide de Camp du Ministre : M.&nbsp;<strong>Gervais LANGA MBILI.&nbsp;<\/strong>\u2013 Chauffeur Particulier du Ministre : M.&nbsp;<strong>Sylvain Michael&nbsp; OBANTCHIA.&nbsp;<\/strong><\/p>\n\n\n\n<p>\u2013 Agent de S\u00e9curit\u00e9 du Ministre :&nbsp;&nbsp;<\/p>\n\n\n\n<p>\u2022 M.&nbsp;<strong>Aim\u00e9 Hamed TOULEKIMA NKOUOMI ;&nbsp;<\/strong><\/p>\n\n\n\n<p>\u2022 M.&nbsp;<strong>Wilfried ALANA ;&nbsp;<\/strong><\/p>\n\n\n\n<p>\u2022 M<strong>. Wilfried EKWANDOUMOU.&nbsp;<\/strong><\/p>\n\n\n\n<p>Les Agents dont les noms suivent sont revers\u00e9s dans leur corps&nbsp; d\u2019origine. Il s\u2019agit de :&nbsp;<\/p>\n\n\n\n<p>MM :&nbsp;&nbsp;<\/p>\n\n\n\n<p>\u2013&nbsp;<strong>Bertin YANGA NGARY ;&nbsp;<\/strong><\/p>\n\n\n\n<p>\u2013&nbsp;<strong>Christel Donald ABESSOLO METHOGO ;&nbsp;<\/strong><\/p>\n\n\n\n<p>\u2013&nbsp;<strong>Jean OSSIE OTOUNGA ;&nbsp;<\/strong><\/p>\n\n\n\n<p>\u2013&nbsp;<strong>Hans Parterne OKINGUI EBOULI ;&nbsp;<\/strong><\/p>\n\n\n\n<p>\u2013&nbsp;<strong>Rostand LEPONDO ;&nbsp;<\/strong><\/p>\n\n\n\n<p>\u2013&nbsp;<strong>Jed Brandon Waren ONGANGA ;&nbsp;<\/strong><\/p>\n\n\n\n<p>\u2013&nbsp;<strong>Igor KAKOUA ;&nbsp;<\/strong><\/p>\n\n\n\n<p>\u2013&nbsp;<strong>Ted Horland Walden DJELEKISSA NDIBI .&nbsp;<\/strong><\/p>\n\n\n\n<p>Mmes :&nbsp;&nbsp;<\/p>\n\n\n\n<p>\u2022&nbsp;<strong>Sheilie Carline LEMONO ;&nbsp;<\/strong><\/p>\n\n\n\n<p>\u2022&nbsp;<strong>Clarisse Cynthia KADIDJA MEYOUGA.&nbsp;<\/strong><\/p>\n\n\n\n<p><strong>CABINET MILITAIRE&nbsp;&nbsp;<\/strong><\/p>\n\n\n\n<p>\u2013 Directeur de Cabinet Militaire : G\u00e9n\u00e9ral de Division A\u00e9rienne&nbsp;<strong>KOYI&nbsp; F\u00e9licien<\/strong>.&nbsp;<\/p>\n\n\n\n<p>\u2013 Conseiller Strat\u00e9gique : G\u00e9n\u00e9ral de Brigade&nbsp;<strong>MBANGUI Maurice<\/strong>. \u2013 Conseillers Techniques :&nbsp;<\/p>\n\n\n\n<p>\u2022 G\u00e9n\u00e9ral&nbsp;<strong>NGOUONI ONDEA Macaire<\/strong>.&nbsp;<\/p>\n\n\n\n<p>\u2022 Contre-Amiral&nbsp;<strong>ENZEMA Honor\u00e9&nbsp;<\/strong>;&nbsp;<\/p>\n\n\n\n<p>\u2022 Colonel&nbsp;<strong>GAUDONG MBETHE Leonel<\/strong>.&nbsp;<\/p>\n\n\n\n<p>\u2013 Chef de Cabinet : Commandant&nbsp;<strong>PENDI NTSAMBA Avelin<\/strong>.<\/p>\n\n\n\n<p>\u2013 Charg\u00e9s d\u2019\u00c9tudes :&nbsp;<\/p>\n\n\n\n<p>\u2022 Lieutenant&nbsp;<strong>LEKOGHO Vincent&nbsp;<\/strong>;&nbsp;<\/p>\n\n\n\n<p>\u2022 Lieutenant&nbsp;<strong>NGUEMBI MBADINGA Acheley Yorick<\/strong>.&nbsp;<\/p>\n\n\n\n<p>\u2013 Secr\u00e9taires de Cabinet :&nbsp;<\/p>\n\n\n\n<p>\u2022 Sous-Lieutenant&nbsp;<strong>LEMPAGA LOUMA Ralph<\/strong>;&nbsp;<\/p>\n\n\n\n<p>\u2022 Sous-Lieutenant&nbsp;<strong>MOUTOU Patrick<\/strong>.&nbsp;<\/p>\n\n\n\n<p><strong>GENDARMERIE NATIONALE&nbsp;<\/strong><\/p>\n\n\n\n<p>Inspection G\u00e9n\u00e9rale des Services&nbsp;<\/p>\n\n\n\n<p>\u2013&nbsp;<strong>Inspecteur G\u00e9n\u00e9ral :&nbsp;<\/strong>Colonel ZUE EDZANG Ernest.&nbsp;<\/p>\n\n\n\n<p>Par ailleurs, les agents dont les noms suivent sont appel\u00e9s \u00e0 d\u2019autres&nbsp; fonctions. Il s\u2019agit de :&nbsp;<\/p>\n\n\n\n<p>\u2013 G\u00e9n\u00e9ral&nbsp;<strong>TSIOBA Edouard&nbsp;<\/strong>;&nbsp;<\/p>\n\n\n\n<p>\u2013 G\u00e9n\u00e9ral d\u2019Arm\u00e9e&nbsp;<strong>AKAGA Jean F\u00e9lix&nbsp;<\/strong>;&nbsp;<\/p>\n\n\n\n<p>\u2013 G\u00e9n\u00e9ral&nbsp;<strong>OBAME TATY&nbsp;<\/strong>;&nbsp;<\/p>\n\n\n\n<p>\u2013 G\u00e9n\u00e9ral&nbsp;<strong>MBADINGA Marius&nbsp;<\/strong>;&nbsp;<\/p>\n\n\n\n<p>\u2013 Contre-Amiral&nbsp;<strong>DELICAT Anselme L\u00e9opold&nbsp;<\/strong>;&nbsp;<\/p>\n\n\n\n<p>\u2013 Colonel&nbsp;<strong>LENDOYE Brice Arnaud&nbsp;<\/strong>;&nbsp;<\/p>\n\n\n\n<p>\u2013 Commandant&nbsp;<strong>MANIONY MANGAME Th\u00e9odore<\/strong>.&nbsp;<\/p>\n\n\n\n<p><strong>MINISTERE DE L\u2019INTERIEUR&nbsp;<\/strong><\/p>\n\n\n\n<p><strong>Cabinet Civil&nbsp;&nbsp;<\/strong><\/p>\n\n\n\n<p>\u2013&nbsp;<strong>Directeur de Cabinet Civil :&nbsp;<\/strong>M. Fiacre Aristide DIABA. \u2013&nbsp;<strong>Conseiller Juridique :&nbsp;<\/strong>M. Aim\u00e9 Roger MOULOUNGUI MAGANGA<strong>.&nbsp;<\/strong>\u2013&nbsp;<strong>Conseiller Diplomatique :&nbsp;<\/strong>M. Rahim Jhan NGUIMBI.&nbsp;<\/p>\n\n\n\n<p>\u2013&nbsp;<strong>Conseillers Techniques :&nbsp;&nbsp;<\/strong><\/p>\n\n\n\n<p>\u2022 M. Pierre Didier PANDJO ONDO ;&nbsp;<\/p>\n\n\n\n<p>\u2022 M. Reck Denis Elion EYAINEBI ;&nbsp;<\/p>\n\n\n\n<p>\u2022 M. Aim\u00e9 Ga\u00e9tan YOUBOU IPAUTA ;&nbsp;<\/p>\n\n\n\n<p>\u2022 M. Wilfried MENGUE<strong>.&nbsp;<\/strong><\/p>\n\n\n\n<p>\u2013&nbsp;<strong>Charg\u00e9s d\u2019\u00c9tudes :&nbsp;&nbsp;<\/strong><\/p>\n\n\n\n<p>\u2022 M. Romaric Elie MVOLE NDONG ;&nbsp;<\/p>\n\n\n\n<p>\u2022 Mme. Ghislaine OKOME ONDO \u00e9pouse OTOGO&nbsp; CASTANE ;<\/p>\n\n\n\n<p>\u2022 Mme Meddy-Lucile Charlynn MOULILI ;&nbsp;<\/p>\n\n\n\n<p>\u2022 M. Victor EMEKA NZIGOU UZUEGBU.&nbsp;<\/p>\n\n\n\n<p>\u2013&nbsp;<strong>Charg\u00e9s d\u2019\u00c9tudes :&nbsp;<\/strong><\/p>\n\n\n\n<p>\u2022 M. Georges-Marie MIBEKOUA ;&nbsp;<\/p>\n\n\n\n<p>\u2022 M. Brice Therence MASSIMA POTHO ;&nbsp;<\/p>\n\n\n\n<p>\u2022 M. Joseph MOUAPECKA ;&nbsp;<\/p>\n\n\n\n<p>\u2022 M. Clotaire MOUHANGA ;&nbsp;<\/p>\n\n\n\n<p>\u2013&nbsp;<strong>Secr\u00e9taire Particuli\u00e8re du Ministre :&nbsp;<\/strong>Mme Juliette LOMBA&nbsp; NGUELET Veuve MBOKO.&nbsp;<\/p>\n\n\n\n<p>\u2013&nbsp;<strong>Secr\u00e9taires de Cabinet :&nbsp;<\/strong><\/p>\n\n\n\n<p>\u2022 Mme Wilma Amaelga MAPAGHA;&nbsp;<\/p>\n\n\n\n<p>\u2022 Mme Natacha MASSOUKOU OWENDOLINE \u00e9pouse&nbsp; MOUNANGA ;&nbsp;<\/p>\n\n\n\n<p>\u2022 Mme Lauria BENGA ;&nbsp;<\/p>\n\n\n\n<p>\u2013&nbsp;<strong>Secr\u00e9taire Particuli\u00e8re du Directeur de Cabinet :&nbsp;<\/strong>Mme Darlia&nbsp; Aretha MIKILOU.&nbsp;<\/p>\n\n\n\n<p>\u2013&nbsp;<strong>Chef du Protocole :&nbsp;<\/strong>Mme. Julia Blanchard KOUYI.&nbsp;<\/p>\n\n\n\n<p>\u2013&nbsp;<strong>Chauffeur Particulier du Ministre :&nbsp;<\/strong>M. Ralph ANGOUO OKAKA.&nbsp;<strong>Cabinet s\u00e9curit\u00e9&nbsp;<\/strong><\/p>\n\n\n\n<p>\u2013&nbsp;<strong>Directeur de Cabinet S\u00e9curit\u00e9 :&nbsp;<\/strong>G\u00e9n\u00e9ral de Division Ambroise&nbsp; NGARI.&nbsp;<\/p>\n\n\n\n<p>\u2013&nbsp;<strong>Conseiller Administratif :&nbsp;<\/strong>G\u00e9n\u00e9ral de Brigade Michel KOMBILA&nbsp; KOMBILA.&nbsp;<\/p>\n\n\n\n<p>\u2013&nbsp;<strong>Conseiller Immigration :&nbsp;<\/strong>G\u00e9n\u00e9ral Serge Charles ALLOU SIMA. \u2013&nbsp;<strong>Conseillers Police Judiciaire :&nbsp;<\/strong><\/p>\n\n\n\n<p>\u2022 G\u00e9n\u00e9ral de Brigade Michel KOMBILA KOMBILA ;&nbsp;<\/p>\n\n\n\n<p>\u2022 Lieutenant-Colonel Hyppolite ITSOBA BABAGUELA.&nbsp;<\/p>\n\n\n\n<p>\u2013&nbsp;<strong>Chef de Cabinet :&nbsp;<\/strong>Commandant Thierry KAPPY MOUSSOUNDA.&nbsp;<\/p>\n\n\n\n<p><strong>MINISTERE DE L\u2019ACCES UNIVERSEL A L\u2019EAU ET A L\u2019ENERGIE Cabinet du ministre&nbsp;<\/strong><\/p>\n\n\n\n<p>\u2013&nbsp;<strong>Directeur de Cabinet :&nbsp;<\/strong>M. Jeff Morgan Gw\u00e9nael N\u2019DOUTOUME BIE<\/p>\n\n\n\n<p>\u2013&nbsp;<strong>Conseiller Juridique :&nbsp;<\/strong>M. St\u00e9phane MENDENE&nbsp;<\/p>\n\n\n\n<p>\u2013&nbsp;<strong>Conseiller Communication :&nbsp;<\/strong>M. Ryan NZENGUI&nbsp;<\/p>\n\n\n\n<p>\u2013&nbsp;<strong>Conseiller Diplomatique :&nbsp;<\/strong>Docteur Marie-Claude NGNINGONE&nbsp; ATEME&nbsp;<\/p>\n\n\n\n<p>\u2013&nbsp;<strong>Conseillers Techniques :&nbsp;&nbsp;<\/strong><\/p>\n\n\n\n<p>MM. :&nbsp;<\/p>\n\n\n\n<p>\u2022 Guy St\u00e9phane BINGANA ;&nbsp;<\/p>\n\n\n\n<p>\u2022 Calvin LIKAMBA TSAMA ;&nbsp;<\/p>\n\n\n\n<p>\u2022 Steeve Davy ESONO ;&nbsp;<\/p>\n\n\n\n<p>\u2022 P\u00e9pito MINKO MI NKOGHE ;&nbsp;<\/p>\n\n\n\n<p>\u2022 Mme St\u00e9phanie MPEMBA MBADINGA ;&nbsp;<\/p>\n\n\n\n<p>\u2022 Docteur Paul Yannick BITOME ESSONO.&nbsp;<\/p>\n\n\n\n<p>\u2013&nbsp;<strong>Charg\u00e9s d\u2019Etudes :&nbsp;&nbsp;<\/strong><\/p>\n\n\n\n<p>\u2022 M.&nbsp;<strong>Jay-jay Blaise MAMBONGHO MIKOYI&nbsp;<\/strong><\/p>\n\n\n\n<p>\u2022 M.&nbsp;<strong>Charles Roland BIDULE-BI ABEIGNE&nbsp;<\/strong><\/p>\n\n\n\n<p>\u2022 Mme&nbsp;<strong>Nancy Carole NKUE&nbsp;<\/strong><\/p>\n\n\n\n<p>\u2022&nbsp;<strong>Mme Ursula Laurene BIBAYI&nbsp;<\/strong><\/p>\n\n\n\n<p>\u2013&nbsp;<strong>Charg\u00e9s de Missions :&nbsp;&nbsp;<\/strong><\/p>\n\n\n\n<p>\u2022 M.&nbsp;<strong>Freddy KOUMBI&nbsp;<\/strong><\/p>\n\n\n\n<p>\u2022 M.&nbsp;<strong>Ernest BOLONGA&nbsp;<\/strong><\/p>\n\n\n\n<p>\u2022 Mme&nbsp;<strong>Gaelle DINONE&nbsp;<\/strong><\/p>\n\n\n\n<p>\u2022 Mme&nbsp;<strong>Marina SIMBOU&nbsp;<\/strong><\/p>\n\n\n\n<p>\u2013&nbsp;<strong>Secr\u00e9taire Particuli\u00e8re du Ministre :&nbsp;<\/strong>Mme Marie Emma&nbsp; MAMBOULA \u00e9pouse EYENET-TOUTOUME&nbsp;<\/p>\n\n\n\n<p>\u2013&nbsp;<strong>Secr\u00e9taires de Cabinet :&nbsp;&nbsp;<\/strong><\/p>\n\n\n\n<p>\u2022 Mme Gilvassia Elsa KOUELE&nbsp;<\/p>\n\n\n\n<p>\u2022 Mme Chim\u00e8ne IZANGA \u00e9pouse MILOKO&nbsp;<\/p>\n\n\n\n<p>\u2022 Mme Janice Ingrid METEYE MAISSAT&nbsp;<\/p>\n\n\n\n<p>\u2013&nbsp;<strong>Secr\u00e9taire Particuli\u00e8re du Directeur de Cabinet :&nbsp;<\/strong>Mme Nicole&nbsp; Germaine MAGANGA MOUSSAVAOU&nbsp;<\/p>\n\n\n\n<p>\u2013&nbsp;<strong>Chef du Protocole :&nbsp;<\/strong>M. Ghillian Brice MAHOUMBOU<\/p>\n\n\n\n<p>\u2013&nbsp;<strong>Chauffeur Particulier :&nbsp;<\/strong>M. Placide KOUMIKAKA.&nbsp;<\/p>\n\n\n\n<p><strong>ETABLISSEMENT SOUS-TUTELLE&nbsp;<\/strong><\/p>\n\n\n\n<p>\u25aa Soci\u00e9t\u00e9 d\u2019\u00c9nergie et d\u2019Eau du Gabon (SEEG)&nbsp;<\/p>\n\n\n\n<p>\u25aa&nbsp;<strong>CONSEIL D\u2019ADMINISTRATION&nbsp;<\/strong><\/p>\n\n\n\n<p>o&nbsp;<strong>Pr\u00e9sident du Conseil d\u2019Administration :&nbsp;<\/strong>M. L\u00e9on&nbsp; MEVIANE&nbsp;<\/p>\n\n\n\n<p>\u25aa&nbsp;<strong>DIRECTION GENERALE&nbsp;<\/strong><\/p>\n\n\n\n<p>o&nbsp;<strong>Administrateur Directeur G\u00e9n\u00e9ral :&nbsp;<\/strong>M. Steeve Saurel&nbsp; LEGNONGO&nbsp;&nbsp;<\/p>\n\n\n\n<p><strong>MINISTERE DE L\u2019ENVIRONNEMENT, DE L\u2019ECONOMIE ET DU&nbsp; CLIMAT&nbsp;<\/strong><\/p>\n\n\n\n<p><strong>Cabinet du Ministre&nbsp;<\/strong><\/p>\n\n\n\n<p>\u2013&nbsp;<strong>Directeur de Cabinet :&nbsp;<\/strong>M. Paul-Timothee Il&nbsp;<\/p>\n\n\n\n<p>\u2013 MBOUMBA,&nbsp;<em>confirm\u00e9&nbsp;<\/em><\/p>\n\n\n\n<p>\u2013&nbsp;<strong>Conseiller Juridique&nbsp;<\/strong>: Mme Ruth TSIOUKACKA,&nbsp;<em>confirm\u00e9e&nbsp;<\/em>\u2013&nbsp;<strong>Conseiller en Communication :&nbsp;<\/strong>M. Alex C\u00e9dric SAIZONOU&nbsp; ANGUILET,&nbsp;<em>confirm\u00e9&nbsp;<\/em><\/p>\n\n\n\n<p>\u2013&nbsp;<strong>Conseiller Diplomatique :&nbsp;<\/strong>Mme Ines Cecilia MOUSSAVOU&nbsp; NGADJI,&nbsp;<em>confirm\u00e9e&nbsp;<\/em><\/p>\n\n\n\n<p>\u2013&nbsp;<strong>Conseillers Techniques :&nbsp;&nbsp;<\/strong><\/p>\n\n\n\n<p>Mmes :&nbsp;<\/p>\n\n\n\n<p>\u2022 H\u00e9l\u00e8ne Anne-L\u00e9a DAMAS OMBEMBE,&nbsp;<em>en remplacement de&nbsp; M. Eloi MOUNGUENGUI&nbsp;<\/em><\/p>\n\n\n\n<p>\u2022 Chim\u00e8ne Michelle MILENDJI KOUMBA,&nbsp;<em>en remplacement de&nbsp; M. Serge Landry PANDZOU&nbsp;<\/em><\/p>\n\n\n\n<p>MM. :&nbsp;<\/p>\n\n\n\n<p>\u2022 Ren\u00e9 MBOZA ORUMBONGANY,&nbsp;<em>en remplacement de M.&nbsp; Cyril AUBIAN PELLEN ;&nbsp;<\/em><\/p>\n\n\n\n<p>\u2022 Pierre BONGOLO ;&nbsp;<\/p>\n\n\n\n<p>\u2022 Pr. Firmin Marius NYAMA ;&nbsp;<\/p>\n\n\n\n<p>\u2022 Aim\u00e9 Serge MIBAMBANI NDIMBA.<\/p>\n\n\n\n<p>\u2013 Charg\u00e9 d\u2019\u00c9tudes :&nbsp;&nbsp;<\/p>\n\n\n\n<p>\u2022 Mme Cornelia Nina KOUSSOU LEBOUGOU ;&nbsp;<\/p>\n\n\n\n<p>MM. :&nbsp;<\/p>\n\n\n\n<p>\u2022 Judica\u00ebl Aymar NZIENGUI ;&nbsp;<\/p>\n\n\n\n<p>\u2022 KHIRTA IMMONGAULT, en remplacement de M. Cl\u00e9ment&nbsp; Al\u00e8ne OYONO ;&nbsp;<\/p>\n\n\n\n<p>\u2022 Herv\u00e9 MBANANGOYE.&nbsp;<\/p>\n\n\n\n<p>\u2013&nbsp;<strong>Charg\u00e9s de Missions :&nbsp;&nbsp;<\/strong><\/p>\n\n\n\n<p>MM. :&nbsp;<\/p>\n\n\n\n<p>\u2022 Raphel KOUSSOU ;&nbsp;<\/p>\n\n\n\n<p>\u2022 Hermann Blaise MOULOUNGUI ;&nbsp;<\/p>\n\n\n\n<p>\u2022 Fabrice MOUDJIEGOU.&nbsp;<\/p>\n\n\n\n<p>\u2013&nbsp;<strong>Secr\u00e9taire Particuli\u00e8re du Ministre :&nbsp;<\/strong>Mme Ornella Lydwine&nbsp; BEYENET AVOMO&nbsp;<\/p>\n\n\n\n<p>\u2013&nbsp;<strong>Secr\u00e9taires de Cabinet :&nbsp;&nbsp;<\/strong><\/p>\n\n\n\n<p>\u2022 Mme Lauricia Jolene BISSALA MYBOTO,&nbsp;<em>confirm\u00e9e ;&nbsp;<\/em><\/p>\n\n\n\n<p>\u2022 Mme Herlange TSOUNGUI \u00e9pse WALI WALI.&nbsp;<\/p>\n\n\n\n<p>\u2013&nbsp;<strong>Secr\u00e9taire Particuli\u00e8re du Directeur de Cabinet :&nbsp;<\/strong>Mme Nancy&nbsp; BAWIRA.&nbsp;<\/p>\n\n\n\n<p>\u2013&nbsp;<strong>Chef du Protocole :&nbsp;<\/strong>M. Romaric Fiacre EYA ZANG OKEMVELE,&nbsp;&nbsp;<em>confirm\u00e9.&nbsp;<\/em><\/p>\n\n\n\n<p>\u2013&nbsp;<strong>Chauffeur Particulier du Ministre :&nbsp;<\/strong>M. Renaud OUBAL,&nbsp;<em>confirm\u00e9&nbsp;<\/em><\/p>\n\n\n\n<p><strong>MINISTERE DU LOGEMENT, DE L\u2019HABITAT, DE L\u2019URBANISME ET&nbsp; DU CADASTRE&nbsp;<\/strong><\/p>\n\n\n\n<p><strong>Cabinet du ministre&nbsp;<\/strong><\/p>\n\n\n\n<p>\u2013&nbsp;<strong>Directeur de Cabinet :&nbsp;<\/strong>M. Guy Modeste MBAZOGO NDONG ; \u2013&nbsp;<strong>Conseiller Juridique :&nbsp;<\/strong>M. Isma\u00ebl MAKANGA ;&nbsp;<\/p>\n\n\n\n<p>\u2013&nbsp;<strong>Conseiller en Communication :&nbsp;<\/strong>Mme. H\u00e9l\u00e8ne Ludmilla&nbsp; NIAMADONDO ;&nbsp;<\/p>\n\n\n\n<p>\u2013&nbsp;<strong>Conseiller Diplomatique :&nbsp;<\/strong>M. Charles LEMBOMA ;&nbsp;<\/p>\n\n\n\n<p>\u2013&nbsp;<strong>Conseillers Technique :&nbsp;&nbsp;<\/strong><\/p>\n\n\n\n<p>Mmes :<\/p>\n\n\n\n<p>\u2022 Corine SKITT ;&nbsp;<\/p>\n\n\n\n<p>\u2022 Olivia MBANG EYA&nbsp;<\/p>\n\n\n\n<p>MM :&nbsp;&nbsp;<\/p>\n\n\n\n<p>\u2022 Hugues Thierry OBAME SIMA ;&nbsp;<\/p>\n\n\n\n<p>\u2022 Maximin BITEGHE BI MVE ;&nbsp;<\/p>\n\n\n\n<p>\u2022 JEEDONG BILE ;&nbsp;<\/p>\n\n\n\n<p>\u2022 Brice OWONO MBENG.&nbsp;<\/p>\n\n\n\n<p>\u2013&nbsp;<strong>Charg\u00e9s d\u2019Etudes :&nbsp;<\/strong><\/p>\n\n\n\n<p>\u2022 Hassia EYANG ASSOUMOU ;&nbsp;<\/p>\n\n\n\n<p>\u2022 Anne Laure ZE NDONG ASSEY ;&nbsp;<\/p>\n\n\n\n<p>\u2022 Romaric YENDJI ;&nbsp;<\/p>\n\n\n\n<p>\u2022 Jovanie Sonie NDONG SONGO ;&nbsp;<\/p>\n\n\n\n<p>\u2013&nbsp;<strong>Charg\u00e9s de Missions :&nbsp;&nbsp;<\/strong><\/p>\n\n\n\n<p>MM.&nbsp;<\/p>\n\n\n\n<p>\u2022 Guy ELLA ABESSOLO.&nbsp;<\/p>\n\n\n\n<p>\u2022 Placide ALLOGHE ONDO ;&nbsp;<\/p>\n\n\n\n<p>\u2022 Roland MEGNE BIYOGHO.&nbsp;<\/p>\n\n\n\n<p>\u2013&nbsp;<strong>Secr\u00e9taire Particuli\u00e8re du Ministre :&nbsp;<\/strong>Mme. Corine Michelle&nbsp; EYANG ETOUGHE.&nbsp;<\/p>\n\n\n\n<p>\u2013&nbsp;<strong>Secr\u00e9taires de Cabinet&nbsp;<\/strong>:&nbsp;&nbsp;<\/p>\n\n\n\n<p>Mmes.&nbsp;<\/p>\n\n\n\n<p>\u2022 Amandine Iris MBIKA ;&nbsp;<\/p>\n\n\n\n<p>\u2022 Maurine Emmanuelle DAVIDAS SAFOU ;&nbsp;<\/p>\n\n\n\n<p>\u2022 No\u00e9line NGUEMA NKOUME.&nbsp;<\/p>\n\n\n\n<p>\u2013&nbsp;<strong>Chef du Protocole :&nbsp;<\/strong>M. Jean Servin MEBALEY ;&nbsp;<\/p>\n\n\n\n<p>\u2013&nbsp;<strong>Chauffeur Particulier du Ministre :&nbsp;<\/strong>M. Jean Berne AMOUGOU&nbsp; MEYE.&nbsp;<\/p>\n\n\n\n<p><strong>MINISTERE DE LA FONCTION PUBLIQUE ET DU RENFORCEMENT&nbsp; DES CAPACITES&nbsp;<\/strong><\/p>\n\n\n\n<p><strong>Cabinet du Ministre&nbsp;<\/strong><\/p>\n\n\n\n<p>\u2013&nbsp;<strong>Directeur de Cabinet :&nbsp;<\/strong>M. Georges MOUSSAVOU.&nbsp;<\/p>\n\n\n\n<p>\u2013&nbsp;<strong>Conseiller Juridique :&nbsp;<\/strong>M. David BOUNDOUKOU.<\/p>\n\n\n\n<p>\u2013&nbsp;<strong>Conseiller en Communication :&nbsp;<\/strong>Mme Urphia Tiye ININGHOUET&nbsp; NGOUANGA.&nbsp;<\/p>\n\n\n\n<p>\u2013&nbsp;<strong>Conseiller Diplomatique :&nbsp;<\/strong>Mme Olivia OYUMANE ASSOUMOU. \u2013&nbsp;<strong>Conseillers Techniques :&nbsp;<\/strong><\/p>\n\n\n\n<p>MM. :&nbsp;<\/p>\n\n\n\n<p>\u2022 Bernard MOUSSAVOU ;&nbsp;<\/p>\n\n\n\n<p>\u2022 J\u00e9r\u00f4me MAVIOGA MBOUNDOU ;&nbsp;<\/p>\n\n\n\n<p>\u2022 Merfunt KASSA KOMBILA ;&nbsp;<\/p>\n\n\n\n<p>\u2022 Patrick FANGUINOVENY ;&nbsp;<\/p>\n\n\n\n<p>Mmes :&nbsp;<\/p>\n\n\n\n<p>\u2022 Josette BIVIGOU \u00e9pouse RAZAKABOAY ;&nbsp;<\/p>\n\n\n\n<p>\u2022 Mme Raissa Audrey MAMBOUNDOU.&nbsp;<\/p>\n\n\n\n<p>\u2013&nbsp;<strong>Charg\u00e9s d\u2019\u00c9tudes :&nbsp;<\/strong><\/p>\n\n\n\n<p>MM. :&nbsp;<\/p>\n\n\n\n<p>\u2022 Guy BOUSSIENGUI NZAMBE ;&nbsp;<\/p>\n\n\n\n<p>\u2022 Presney BEKOUNG BE MBA ;&nbsp;<\/p>\n\n\n\n<p>\u2022 Dimitri Bonaventure NGUILA SOMBO ;&nbsp;<\/p>\n\n\n\n<p>\u2022 Gael BOULINGUI MOUCKAGNI.&nbsp;<\/p>\n\n\n\n<p>\u2013&nbsp;<strong>Charg\u00e9s de Missions :&nbsp;<\/strong><\/p>\n\n\n\n<p>MM. :&nbsp;<\/p>\n\n\n\n<p>\u2022 Claude Alain MOMBO MANDO ;&nbsp;<\/p>\n\n\n\n<p>\u2022 Sylv\u00e8re NZIENGUI MANGANGA ;&nbsp;<\/p>\n\n\n\n<p>\u2022 Eugene Emilien PAPY KOUMBA ;&nbsp;<\/p>\n\n\n\n<p>\u2022 Mme Michelle Flora MOUITY.&nbsp;<\/p>\n\n\n\n<p>\u2013&nbsp;<strong>Secr\u00e9taire Particuli\u00e8re du Ministre :&nbsp;<\/strong>Mme Velda Jemina MENIE&nbsp; M\u2019ONDO \u00e9pouse EBE MBENG.&nbsp;<\/p>\n\n\n\n<p>\u2013&nbsp;<strong>Secr\u00e9taires de Cabinet :&nbsp;<\/strong><\/p>\n\n\n\n<p>Mmes :&nbsp;<\/p>\n\n\n\n<p>\u2022 Graziella-Jennifer OYABI NDOULOU ;&nbsp;<\/p>\n\n\n\n<p>\u2022 Laetitia AVOME ELLA.&nbsp;<\/p>\n\n\n\n<p>\u2013&nbsp;<strong>Secr\u00e9taire Particuli\u00e8re du Directeur de Cabinet :&nbsp;<\/strong>Mme Nancy&nbsp; NGOUNDJANGOYE.&nbsp;<\/p>\n\n\n\n<p>\u2013&nbsp;<strong>Chef du Protocole :&nbsp;<\/strong>M. Emery Franck KOUMBA.&nbsp;<\/p>\n\n\n\n<p>\u2013&nbsp;<strong>Chauffeur Particulier du Ministre :&nbsp;<\/strong>M. Emile MOUGAMA&nbsp; MASSAMBA.<\/p>\n\n\n\n<p><strong>MINISTERE DE LA FEMME, DE LA FAMILLE ET DE LA&nbsp; PROTECTION DE L\u2019ENFANCE&nbsp;<\/strong><\/p>\n\n\n\n<p><strong>Cabinet du Ministre&nbsp;<\/strong><\/p>\n\n\n\n<p>\u2013&nbsp;<strong>Directeur de Cabinet :&nbsp;<\/strong>M. Bechir Guivence Pascal PEMENGOYE,&nbsp; confirm\u00e9.&nbsp;<\/p>\n\n\n\n<p>\u2013&nbsp;<strong>Conseiller Juridique :&nbsp;<\/strong>M. Djeson Faustin JOUMAS, confirm\u00e9. \u2013&nbsp;<strong>Conseiller en Communication :&nbsp;<\/strong>M. Aubin Wenceslas OMBAGHA,&nbsp; confirm\u00e9&nbsp;<\/p>\n\n\n\n<p>\u2013&nbsp;<strong>Conseiller Diplomatique :&nbsp;<\/strong>M. Sosth\u00e8ne NGOKILA, confirm\u00e9. \u2013&nbsp;<strong>Conseillers Techniques :&nbsp;&nbsp;<\/strong><\/p>\n\n\n\n<p>Mmes :&nbsp;<\/p>\n\n\n\n<p>\u2022 Nadine EBO \u00e9p. OVONO, confirm\u00e9e ;&nbsp;<\/p>\n\n\n\n<p>\u2022 Gilberte MOUTSINGA MAGANGA, confirm\u00e9e ;&nbsp;<\/p>\n\n\n\n<p>\u2022 Quincy YOULA.&nbsp;<\/p>\n\n\n\n<p>MM. :&nbsp;<\/p>\n\n\n\n<p>\u2022 Fr\u00e9deric LALIE ;&nbsp;<\/p>\n\n\n\n<p>\u2022 Eric Sosth\u00e8ne DOUMANGOYE ;&nbsp;<\/p>\n\n\n\n<p>\u2022 Benjamin NZANDOU.&nbsp;<\/p>\n\n\n\n<p>\u2013&nbsp;<strong>Charg\u00e9s d\u2019\u00c9tudes :&nbsp;<\/strong><\/p>\n\n\n\n<p>MM. :&nbsp;&nbsp;<\/p>\n\n\n\n<p>\u2022 Virgulus YOUMBA, confirm\u00e9 ;&nbsp;<\/p>\n\n\n\n<p>\u2022 Ralph NGADJI.&nbsp;<\/p>\n\n\n\n<p>Mmes :&nbsp;<\/p>\n\n\n\n<p>\u2022 Lucy BOUTOUMBE WAMAHEBA ;&nbsp;<\/p>\n\n\n\n<p>\u2022 Jeanne Marl\u00e8ne LAWOKO.&nbsp;<\/p>\n\n\n\n<p>\u2013&nbsp;<strong>Charg\u00e9s de Missions :&nbsp;&nbsp;<\/strong><\/p>\n\n\n\n<p>MM. :&nbsp;&nbsp;<\/p>\n\n\n\n<p>\u2022 Castillot MOUAYA, confirm\u00e9 ;&nbsp;<\/p>\n\n\n\n<p>\u2022 Gildas NGOULOU MBOU.&nbsp;<\/p>\n\n\n\n<p>Mmes&nbsp;<\/p>\n\n\n\n<p>\u2022 Judica\u00eblle LILONA, confirm\u00e9e ;&nbsp;<\/p>\n\n\n\n<p>\u2022 Marceline OYENDZE \u00e9p. BOULA.<\/p>\n\n\n\n<p>\u2013&nbsp;<strong>Secr\u00e9taire Particuli\u00e8re du Ministre&nbsp;<\/strong>: Luce Laurencia KELE&nbsp; NGOMBI, confirm\u00e9e.&nbsp;<\/p>\n\n\n\n<p>\u2013&nbsp;<strong>Secr\u00e9taires de Cabinet :&nbsp;&nbsp;<\/strong><\/p>\n\n\n\n<p>\u2022 Mme Elsa Aude MADIELE, confirm\u00e9e ;&nbsp;<\/p>\n\n\n\n<p>\u2022 Mme Doina Danielle BALONGA.&nbsp;<\/p>\n\n\n\n<p>\u2013&nbsp;<strong>Secr\u00e9taire Particuli\u00e8re du Directeur de Cabinet :&nbsp;<\/strong>Mme Scolastique Idha MOUTSIGHA MOUNGUENGUI.&nbsp;<\/p>\n\n\n\n<p>\u2013&nbsp;<strong>Chef du Protocole :&nbsp;<\/strong>M. Prince Dagobert TSOUMOU, confirm\u00e9. \u2013&nbsp;<strong>Chauffeur Particulier du Ministre :&nbsp;<\/strong>M. Teddy&nbsp;<strong>Hitler LEOUMBOU.&nbsp;<\/strong><\/p>\n\n\n\n<p><strong>MINISTERE DE LA JEUNESSE, DES SPORTS, DU RAYONNEMENT&nbsp; CULTUREL ET DES ARTS, CHARGE DE LA VIE ASSOCIATIVE.&nbsp;<\/strong><\/p>\n\n\n\n<p><strong>Cabinet du ministre&nbsp;<\/strong><\/p>\n\n\n\n<p>\u2013&nbsp;<strong>Directeur de Cabinet :&nbsp;<\/strong>M. Apollinaire IBAMBA.&nbsp;<\/p>\n\n\n\n<p>\u2013&nbsp;<strong>Conseiller Juridique :&nbsp;<\/strong>M. Sthessy DIMBONDA LEFOUKOU. \u2013&nbsp;<strong>Conseiller en Communication :&nbsp;<\/strong>M. Rodolphe MOUKAMBI&nbsp; BOMA.&nbsp;<\/p>\n\n\n\n<p>\u2013&nbsp;<strong>Conseiller Diplomatique :&nbsp;<\/strong>Mme Nicole Caroline NGOUAS. \u2013&nbsp;<strong>Conseiller Politique :&nbsp;<\/strong>M. Judica\u00ebl TSOUMBOU NGOULU. \u2013&nbsp;<strong>Conseiller Techniques :&nbsp;<\/strong><\/p>\n\n\n\n<p>MMES&nbsp;<\/p>\n\n\n\n<p>\u2022 Medra TCHIPANDI \u00e9pouse NANA&nbsp;<\/p>\n\n\n\n<p>\u2022 Aim\u00e9e D\u00e9lia BILOUNI \u00e9pouse NDJALLY&nbsp;<\/p>\n\n\n\n<p>MM&nbsp;<\/p>\n\n\n\n<p>\u2022 Bernard OBIANG METOULOU&nbsp;<\/p>\n\n\n\n<p>\u2022 Franzy KOUYA&nbsp;<\/p>\n\n\n\n<p>\u2022 Maixent MOUSSINGA&nbsp;<\/p>\n\n\n\n<p>\u2013&nbsp;<strong>Charg\u00e9s d\u2019\u00c9tudes :&nbsp;<\/strong><\/p>\n\n\n\n<p>MM&nbsp;<\/p>\n\n\n\n<p>\u2022 Franck Davy KOUMBA&nbsp;<\/p>\n\n\n\n<p>\u2022 Haick Tanguy KEKA KIELA&nbsp;<\/p>\n\n\n\n<p>\u2022 Edouard MABENDA SAUTAH&nbsp;<\/p>\n\n\n\n<p>\u2022 Mme Sarah MOUTCHINGA MOUTCHINGA DJAKOGHU \u2013&nbsp;<strong>Charg\u00e9s de Missions :&nbsp;<\/strong><\/p>\n\n\n\n<p>MM&nbsp;<\/p>\n\n\n\n<p>\u2022 Florent MIADA&nbsp;<\/p>\n\n\n\n<p>\u2022 Sosth\u00e8ne NDALA&nbsp;<\/p>\n\n\n\n<p>Mmes&nbsp;<\/p>\n\n\n\n<p>\u2022 Marie Louise WAKONGO BIYENE&nbsp;<\/p>\n\n\n\n<p>\u2022 Huguemine ITOUMBOU&nbsp;<\/p>\n\n\n\n<p>\u2013&nbsp;<strong>Secr\u00e9taire Particuli\u00e8re du Ministre :&nbsp;<\/strong>Mme Nelly BIGNAGNY BI&nbsp; NZAMBE&nbsp;<\/p>\n\n\n\n<p>\u2013&nbsp;<strong>Secr\u00e9taires de Cabinet : Mmes&nbsp;<\/strong><\/p>\n\n\n\n<p>\u2022 Ashley Pascale ISSANGA MBOUMBOU MAGANGA&nbsp;<\/p>\n\n\n\n<p>\u2022 Edene Shneder MOUKETOU MABALANI&nbsp;<\/p>\n\n\n\n<p>\u2022 Anastasie MOUGHOLA BOUCHOMBO&nbsp;<\/p>\n\n\n\n<p>\u2013&nbsp;<strong>Secr\u00e9taire Particuli\u00e8re du Directeur de Cabinet&nbsp;<\/strong>: Mme Juliana&nbsp; AUBAME BAMEBOUA \u00e9pouse ZANG&nbsp;<\/p>\n\n\n\n<p>\u2013&nbsp;<strong>Chef du Protocole :&nbsp;<\/strong>M. Ulrich Polidor REMENO&nbsp;<\/p>\n\n\n\n<p>\u2013&nbsp;<strong>Chauffeur Particulier du Ministre :&nbsp;<\/strong>M. Hugues Landry MAPOTA&nbsp; MBOUNDA<\/p>\n","protected":false},"excerpt":{"rendered":"<p>Libreville,\u00a0le 30 mai 2025 \u2013 (D\u00e9p\u00eaches 241). Ce jeudi 30 mai, Brice Clotaire Oligui Nguema a pr\u00e9sid\u00e9 le second conseil des ministres de la Ve R\u00e9publique . D\u00e9p\u00eaches 241 vous livre in-extenso, le communiqu\u00e9 final de cette table ronde.\u00a0 Sous la Tr\u00e8s Haute Pr\u00e9sidence de Son Excellence Brice Clotaire&nbsp; OLIGUI [&hellip;]<\/p>\n","protected":false},"author":11,"featured_media":24347,"comment_status":"open","ping_status":"open","sticky":false,"template":"","format":"standard","meta":{"om_disable_all_campaigns":false,"footnotes":""},"categories":[25,116],"tags":[595,1335,99,59,73],"class_list":{"0":"post-24346","1":"post","2":"type-post","3":"status-publish","4":"format-standard","5":"has-post-thumbnail","7":"category-presidence","8":"category-une1","9":"tag-communique-final","10":"tag-conseil-des-ministre","11":"tag-depeches241","12":"tag-gabon","13":"tag-politique"},"yoast_head":"<!-- This site is optimized with the Yoast SEO plugin v27.5 - https:\/\/yoast.com\/product\/yoast-seo-wordpress\/ -->\n<title>Gabon: Communiqu\u00e9 final du Conseil des Ministres du 30 Mai 2025 - Groupe D\u00e9p\u00eaches241<\/title>\n<meta name=\"description\" content=\"Ce jeudi 30 mai, Brice Clotaire Oligui Nguema a pr\u00e9sid\u00e9 le second conseil des ministres de la Ve R\u00e9publique . D\u00e9p\u00eaches 241 vous livre in-extenso, le communiqu\u00e9 final de cette table ronde.\u00a0\" \/>\n<meta name=\"robots\" content=\"index, follow, max-snippet:-1, max-image-preview:large, max-video-preview:-1\" \/>\n<link rel=\"canonical\" href=\"https:\/\/depeches241.com\/?p=24346\" \/>\n<meta property=\"og:locale\" content=\"fr_FR\" \/>\n<meta property=\"og:type\" content=\"article\" \/>\n<meta property=\"og:title\" content=\"Gabon: Communiqu\u00e9 final du Conseil des Ministres du 30 Mai 2025 - Groupe D\u00e9p\u00eaches241\" \/>\n<meta property=\"og:description\" content=\"Ce jeudi 30 mai, Brice Clotaire Oligui Nguema a pr\u00e9sid\u00e9 le second conseil des ministres de la Ve R\u00e9publique . D\u00e9p\u00eaches 241 vous livre in-extenso, le communiqu\u00e9 final de cette table ronde.\u00a0\" \/>\n<meta property=\"og:url\" content=\"https:\/\/depeches241.com\/?p=24346\" \/>\n<meta property=\"og:site_name\" content=\"Groupe D\u00e9p\u00eaches241\" \/>\n<meta property=\"article:publisher\" content=\"https:\/\/www.facebook.com\/depeches241\" \/>\n<meta property=\"article:published_time\" content=\"2025-05-31T08:17:53+00:00\" \/>\n<meta property=\"article:modified_time\" content=\"2025-05-31T08:17:58+00:00\" \/>\n<meta property=\"og:image\" content=\"http:\/\/depeches241.com\/wp-content\/uploads\/2025\/05\/CM.jpg\" \/>\n\t<meta property=\"og:image:width\" content=\"960\" \/>\n\t<meta property=\"og:image:height\" content=\"540\" \/>\n\t<meta property=\"og:image:type\" content=\"image\/jpeg\" \/>\n<meta name=\"author\" content=\"R\u00e9daction\" \/>\n<meta name=\"twitter:card\" content=\"summary_large_image\" \/>\n<meta name=\"twitter:label1\" content=\"\u00c9crit par\" \/>\n\t<meta name=\"twitter:data1\" content=\"R\u00e9daction\" \/>\n\t<meta name=\"twitter:label2\" content=\"Dur\u00e9e de lecture estim\u00e9e\" \/>\n\t<meta name=\"twitter:data2\" content=\"39 minutes\" \/>\n<script type=\"application\/ld+json\" class=\"yoast-schema-graph\">{\"@context\":\"https:\\\/\\\/schema.org\",\"@graph\":[{\"@type\":\"Article\",\"@id\":\"https:\\\/\\\/depeches241.com\\\/?p=24346#article\",\"isPartOf\":{\"@id\":\"https:\\\/\\\/depeches241.com\\\/?p=24346\"},\"author\":{\"name\":\"R\u00e9daction\",\"@id\":\"https:\\\/\\\/depeches241.com\\\/#\\\/schema\\\/person\\\/977f23ecf7439b0805f4525a893a057a\"},\"headline\":\"Gabon: Communiqu\u00e9 final du Conseil des Ministres du 30 Mai 2025\",\"datePublished\":\"2025-05-31T08:17:53+00:00\",\"dateModified\":\"2025-05-31T08:17:58+00:00\",\"mainEntityOfPage\":{\"@id\":\"https:\\\/\\\/depeches241.com\\\/?p=24346\"},\"wordCount\":7737,\"commentCount\":0,\"publisher\":{\"@id\":\"https:\\\/\\\/depeches241.com\\\/#organization\"},\"image\":{\"@id\":\"https:\\\/\\\/depeches241.com\\\/?p=24346#primaryimage\"},\"thumbnailUrl\":\"https:\\\/\\\/depeches241.com\\\/wp-content\\\/uploads\\\/2025\\\/05\\\/CM.jpg\",\"keywords\":[\"Communiqu\u00e9 final\",\"Conseil des ministre\",\"depeches241\",\"Gabon\",\"Politique\"],\"articleSection\":[\"PRESIDENCE\",\"Une1\"],\"inLanguage\":\"fr-FR\",\"potentialAction\":[{\"@type\":\"CommentAction\",\"name\":\"Comment\",\"target\":[\"https:\\\/\\\/depeches241.com\\\/?p=24346#respond\"]}]},{\"@type\":\"WebPage\",\"@id\":\"https:\\\/\\\/depeches241.com\\\/?p=24346\",\"url\":\"https:\\\/\\\/depeches241.com\\\/?p=24346\",\"name\":\"Gabon: Communiqu\u00e9 final du Conseil des Ministres du 30 Mai 2025 - Groupe D\u00e9p\u00eaches241\",\"isPartOf\":{\"@id\":\"https:\\\/\\\/depeches241.com\\\/#website\"},\"primaryImageOfPage\":{\"@id\":\"https:\\\/\\\/depeches241.com\\\/?p=24346#primaryimage\"},\"image\":{\"@id\":\"https:\\\/\\\/depeches241.com\\\/?p=24346#primaryimage\"},\"thumbnailUrl\":\"https:\\\/\\\/depeches241.com\\\/wp-content\\\/uploads\\\/2025\\\/05\\\/CM.jpg\",\"datePublished\":\"2025-05-31T08:17:53+00:00\",\"dateModified\":\"2025-05-31T08:17:58+00:00\",\"description\":\"Ce jeudi 30 mai, Brice Clotaire Oligui Nguema a pr\u00e9sid\u00e9 le second conseil des ministres de la Ve R\u00e9publique . D\u00e9p\u00eaches 241 vous livre in-extenso, le communiqu\u00e9 final de cette table ronde.\u00a0\",\"breadcrumb\":{\"@id\":\"https:\\\/\\\/depeches241.com\\\/?p=24346#breadcrumb\"},\"inLanguage\":\"fr-FR\",\"potentialAction\":[{\"@type\":\"ReadAction\",\"target\":[\"https:\\\/\\\/depeches241.com\\\/?p=24346\"]}]},{\"@type\":\"ImageObject\",\"inLanguage\":\"fr-FR\",\"@id\":\"https:\\\/\\\/depeches241.com\\\/?p=24346#primaryimage\",\"url\":\"https:\\\/\\\/depeches241.com\\\/wp-content\\\/uploads\\\/2025\\\/05\\\/CM.jpg\",\"contentUrl\":\"https:\\\/\\\/depeches241.com\\\/wp-content\\\/uploads\\\/2025\\\/05\\\/CM.jpg\",\"width\":960,\"height\":540},{\"@type\":\"BreadcrumbList\",\"@id\":\"https:\\\/\\\/depeches241.com\\\/?p=24346#breadcrumb\",\"itemListElement\":[{\"@type\":\"ListItem\",\"position\":1,\"name\":\"Accueil\",\"item\":\"https:\\\/\\\/depeches241.com\\\/\"},{\"@type\":\"ListItem\",\"position\":2,\"name\":\"Gabon: Communiqu\u00e9 final du Conseil des Ministres du 30 Mai 2025\"}]},{\"@type\":\"WebSite\",\"@id\":\"https:\\\/\\\/depeches241.com\\\/#website\",\"url\":\"https:\\\/\\\/depeches241.com\\\/\",\"name\":\"D\u00e9p\u00eaches241\",\"description\":\"M\u00e9dia d&#039;actualit\u00e9 Politique, \u00c9conomique, Sociale et Internationale\",\"publisher\":{\"@id\":\"https:\\\/\\\/depeches241.com\\\/#organization\"},\"potentialAction\":[{\"@type\":\"SearchAction\",\"target\":{\"@type\":\"EntryPoint\",\"urlTemplate\":\"https:\\\/\\\/depeches241.com\\\/?s={search_term_string}\"},\"query-input\":{\"@type\":\"PropertyValueSpecification\",\"valueRequired\":true,\"valueName\":\"search_term_string\"}}],\"inLanguage\":\"fr-FR\"},{\"@type\":\"Organization\",\"@id\":\"https:\\\/\\\/depeches241.com\\\/#organization\",\"name\":\"Groupe D\u00e9p\u00eaches241\",\"url\":\"https:\\\/\\\/depeches241.com\\\/\",\"logo\":{\"@type\":\"ImageObject\",\"inLanguage\":\"fr-FR\",\"@id\":\"https:\\\/\\\/depeches241.com\\\/#\\\/schema\\\/logo\\\/image\\\/\",\"url\":\"https:\\\/\\\/depeches241.com\\\/wp-content\\\/uploads\\\/2021\\\/10\\\/cropped-Logo-new-Accueil.png\",\"contentUrl\":\"https:\\\/\\\/depeches241.com\\\/wp-content\\\/uploads\\\/2021\\\/10\\\/cropped-Logo-new-Accueil.png\",\"width\":320,\"height\":105,\"caption\":\"Groupe D\u00e9p\u00eaches241\"},\"image\":{\"@id\":\"https:\\\/\\\/depeches241.com\\\/#\\\/schema\\\/logo\\\/image\\\/\"},\"sameAs\":[\"https:\\\/\\\/www.facebook.com\\\/depeches241\"]},{\"@type\":\"Person\",\"@id\":\"https:\\\/\\\/depeches241.com\\\/#\\\/schema\\\/person\\\/977f23ecf7439b0805f4525a893a057a\",\"name\":\"R\u00e9daction\",\"image\":{\"@type\":\"ImageObject\",\"inLanguage\":\"fr-FR\",\"@id\":\"https:\\\/\\\/secure.gravatar.com\\\/avatar\\\/8c655dbc51e5c9289f919f15ce20847ab5a910f8369a17ca243b673da48541f5?s=96&d=mm&r=g\",\"url\":\"https:\\\/\\\/secure.gravatar.com\\\/avatar\\\/8c655dbc51e5c9289f919f15ce20847ab5a910f8369a17ca243b673da48541f5?s=96&d=mm&r=g\",\"contentUrl\":\"https:\\\/\\\/secure.gravatar.com\\\/avatar\\\/8c655dbc51e5c9289f919f15ce20847ab5a910f8369a17ca243b673da48541f5?s=96&d=mm&r=g\",\"caption\":\"R\u00e9daction\"},\"url\":\"https:\\\/\\\/depeches241.com\\\/?author=11\"}]}<\/script>\n<!-- \/ Yoast SEO plugin. -->","yoast_head_json":{"title":"Gabon: Communiqu\u00e9 final du Conseil des Ministres du 30 Mai 2025 - Groupe D\u00e9p\u00eaches241","description":"Ce jeudi 30 mai, Brice Clotaire Oligui Nguema a pr\u00e9sid\u00e9 le second conseil des ministres de la Ve R\u00e9publique . D\u00e9p\u00eaches 241 vous livre in-extenso, le communiqu\u00e9 final de cette table ronde.\u00a0","robots":{"index":"index","follow":"follow","max-snippet":"max-snippet:-1","max-image-preview":"max-image-preview:large","max-video-preview":"max-video-preview:-1"},"canonical":"https:\/\/depeches241.com\/?p=24346","og_locale":"fr_FR","og_type":"article","og_title":"Gabon: Communiqu\u00e9 final du Conseil des Ministres du 30 Mai 2025 - Groupe D\u00e9p\u00eaches241","og_description":"Ce jeudi 30 mai, Brice Clotaire Oligui Nguema a pr\u00e9sid\u00e9 le second conseil des ministres de la Ve R\u00e9publique . D\u00e9p\u00eaches 241 vous livre in-extenso, le communiqu\u00e9 final de cette table ronde.\u00a0","og_url":"https:\/\/depeches241.com\/?p=24346","og_site_name":"Groupe D\u00e9p\u00eaches241","article_publisher":"https:\/\/www.facebook.com\/depeches241","article_published_time":"2025-05-31T08:17:53+00:00","article_modified_time":"2025-05-31T08:17:58+00:00","og_image":[{"width":960,"height":540,"url":"http:\/\/depeches241.com\/wp-content\/uploads\/2025\/05\/CM.jpg","type":"image\/jpeg"}],"author":"R\u00e9daction","twitter_card":"summary_large_image","twitter_misc":{"\u00c9crit par":"R\u00e9daction","Dur\u00e9e de lecture estim\u00e9e":"39 minutes"},"schema":{"@context":"https:\/\/schema.org","@graph":[{"@type":"Article","@id":"https:\/\/depeches241.com\/?p=24346#article","isPartOf":{"@id":"https:\/\/depeches241.com\/?p=24346"},"author":{"name":"R\u00e9daction","@id":"https:\/\/depeches241.com\/#\/schema\/person\/977f23ecf7439b0805f4525a893a057a"},"headline":"Gabon: Communiqu\u00e9 final du Conseil des Ministres du 30 Mai 2025","datePublished":"2025-05-31T08:17:53+00:00","dateModified":"2025-05-31T08:17:58+00:00","mainEntityOfPage":{"@id":"https:\/\/depeches241.com\/?p=24346"},"wordCount":7737,"commentCount":0,"publisher":{"@id":"https:\/\/depeches241.com\/#organization"},"image":{"@id":"https:\/\/depeches241.com\/?p=24346#primaryimage"},"thumbnailUrl":"https:\/\/depeches241.com\/wp-content\/uploads\/2025\/05\/CM.jpg","keywords":["Communiqu\u00e9 final","Conseil des ministre","depeches241","Gabon","Politique"],"articleSection":["PRESIDENCE","Une1"],"inLanguage":"fr-FR","potentialAction":[{"@type":"CommentAction","name":"Comment","target":["https:\/\/depeches241.com\/?p=24346#respond"]}]},{"@type":"WebPage","@id":"https:\/\/depeches241.com\/?p=24346","url":"https:\/\/depeches241.com\/?p=24346","name":"Gabon: Communiqu\u00e9 final du Conseil des Ministres du 30 Mai 2025 - Groupe D\u00e9p\u00eaches241","isPartOf":{"@id":"https:\/\/depeches241.com\/#website"},"primaryImageOfPage":{"@id":"https:\/\/depeches241.com\/?p=24346#primaryimage"},"image":{"@id":"https:\/\/depeches241.com\/?p=24346#primaryimage"},"thumbnailUrl":"https:\/\/depeches241.com\/wp-content\/uploads\/2025\/05\/CM.jpg","datePublished":"2025-05-31T08:17:53+00:00","dateModified":"2025-05-31T08:17:58+00:00","description":"Ce jeudi 30 mai, Brice Clotaire Oligui Nguema a pr\u00e9sid\u00e9 le second conseil des ministres de la Ve R\u00e9publique . D\u00e9p\u00eaches 241 vous livre in-extenso, le communiqu\u00e9 final de cette table ronde.\u00a0","breadcrumb":{"@id":"https:\/\/depeches241.com\/?p=24346#breadcrumb"},"inLanguage":"fr-FR","potentialAction":[{"@type":"ReadAction","target":["https:\/\/depeches241.com\/?p=24346"]}]},{"@type":"ImageObject","inLanguage":"fr-FR","@id":"https:\/\/depeches241.com\/?p=24346#primaryimage","url":"https:\/\/depeches241.com\/wp-content\/uploads\/2025\/05\/CM.jpg","contentUrl":"https:\/\/depeches241.com\/wp-content\/uploads\/2025\/05\/CM.jpg","width":960,"height":540},{"@type":"BreadcrumbList","@id":"https:\/\/depeches241.com\/?p=24346#breadcrumb","itemListElement":[{"@type":"ListItem","position":1,"name":"Accueil","item":"https:\/\/depeches241.com\/"},{"@type":"ListItem","position":2,"name":"Gabon: Communiqu\u00e9 final du Conseil des Ministres du 30 Mai 2025"}]},{"@type":"WebSite","@id":"https:\/\/depeches241.com\/#website","url":"https:\/\/depeches241.com\/","name":"D\u00e9p\u00eaches241","description":"M\u00e9dia d&#039;actualit\u00e9 Politique, \u00c9conomique, Sociale et Internationale","publisher":{"@id":"https:\/\/depeches241.com\/#organization"},"potentialAction":[{"@type":"SearchAction","target":{"@type":"EntryPoint","urlTemplate":"https:\/\/depeches241.com\/?s={search_term_string}"},"query-input":{"@type":"PropertyValueSpecification","valueRequired":true,"valueName":"search_term_string"}}],"inLanguage":"fr-FR"},{"@type":"Organization","@id":"https:\/\/depeches241.com\/#organization","name":"Groupe D\u00e9p\u00eaches241","url":"https:\/\/depeches241.com\/","logo":{"@type":"ImageObject","inLanguage":"fr-FR","@id":"https:\/\/depeches241.com\/#\/schema\/logo\/image\/","url":"https:\/\/depeches241.com\/wp-content\/uploads\/2021\/10\/cropped-Logo-new-Accueil.png","contentUrl":"https:\/\/depeches241.com\/wp-content\/uploads\/2021\/10\/cropped-Logo-new-Accueil.png","width":320,"height":105,"caption":"Groupe D\u00e9p\u00eaches241"},"image":{"@id":"https:\/\/depeches241.com\/#\/schema\/logo\/image\/"},"sameAs":["https:\/\/www.facebook.com\/depeches241"]},{"@type":"Person","@id":"https:\/\/depeches241.com\/#\/schema\/person\/977f23ecf7439b0805f4525a893a057a","name":"R\u00e9daction","image":{"@type":"ImageObject","inLanguage":"fr-FR","@id":"https:\/\/secure.gravatar.com\/avatar\/8c655dbc51e5c9289f919f15ce20847ab5a910f8369a17ca243b673da48541f5?s=96&d=mm&r=g","url":"https:\/\/secure.gravatar.com\/avatar\/8c655dbc51e5c9289f919f15ce20847ab5a910f8369a17ca243b673da48541f5?s=96&d=mm&r=g","contentUrl":"https:\/\/secure.gravatar.com\/avatar\/8c655dbc51e5c9289f919f15ce20847ab5a910f8369a17ca243b673da48541f5?s=96&d=mm&r=g","caption":"R\u00e9daction"},"url":"https:\/\/depeches241.com\/?author=11"}]}},"_links":{"self":[{"href":"https:\/\/depeches241.com\/index.php?rest_route=\/wp\/v2\/posts\/24346","targetHints":{"allow":["GET"]}}],"collection":[{"href":"https:\/\/depeches241.com\/index.php?rest_route=\/wp\/v2\/posts"}],"about":[{"href":"https:\/\/depeches241.com\/index.php?rest_route=\/wp\/v2\/types\/post"}],"author":[{"embeddable":true,"href":"https:\/\/depeches241.com\/index.php?rest_route=\/wp\/v2\/users\/11"}],"replies":[{"embeddable":true,"href":"https:\/\/depeches241.com\/index.php?rest_route=%2Fwp%2Fv2%2Fcomments&post=24346"}],"version-history":[{"count":1,"href":"https:\/\/depeches241.com\/index.php?rest_route=\/wp\/v2\/posts\/24346\/revisions"}],"predecessor-version":[{"id":24348,"href":"https:\/\/depeches241.com\/index.php?rest_route=\/wp\/v2\/posts\/24346\/revisions\/24348"}],"wp:featuredmedia":[{"embeddable":true,"href":"https:\/\/depeches241.com\/index.php?rest_route=\/wp\/v2\/media\/24347"}],"wp:attachment":[{"href":"https:\/\/depeches241.com\/index.php?rest_route=%2Fwp%2Fv2%2Fmedia&parent=24346"}],"wp:term":[{"taxonomy":"category","embeddable":true,"href":"https:\/\/depeches241.com\/index.php?rest_route=%2Fwp%2Fv2%2Fcategories&post=24346"},{"taxonomy":"post_tag","embeddable":true,"href":"https:\/\/depeches241.com\/index.php?rest_route=%2Fwp%2Fv2%2Ftags&post=24346"}],"curies":[{"name":"wp","href":"https:\/\/api.w.org\/{rel}","templated":true}]}}