{"id":24414,"date":"2025-06-03T17:18:13","date_gmt":"2025-06-03T15:18:13","guid":{"rendered":"https:\/\/depeches241.com\/?p=24414"},"modified":"2025-06-03T17:18:15","modified_gmt":"2025-06-03T15:18:15","slug":"pantheres-ce-rassemblement-est-loccasion-de-renforcer-la-cohesion-du-groupe-et-daffiner-nos-strategies-de-jeu-declare-mouyouma","status":"publish","type":"post","link":"https:\/\/depeches241.com\/?p=24414","title":{"rendered":"Panth\u00e8res : \u00ab ce rassemblement est l\u2019occasion de renforcer la coh\u00e9sion du groupe et d\u2019affiner nos strat\u00e9gies de jeu \u00bb, d\u00e9clare Mouyouma"},"content":{"rendered":"\n<figure class=\"wp-block-image size-full\"><img fetchpriority=\"high\" decoding=\"async\" width=\"849\" height=\"444\" src=\"https:\/\/depeches241.com\/wp-content\/uploads\/2025\/06\/ad840208-ba03-4582-921b-c90f92cec46e.jpeg\" alt=\"\" class=\"wp-image-24415\" srcset=\"https:\/\/depeches241.com\/wp-content\/uploads\/2025\/06\/ad840208-ba03-4582-921b-c90f92cec46e.jpeg 849w, https:\/\/depeches241.com\/wp-content\/uploads\/2025\/06\/ad840208-ba03-4582-921b-c90f92cec46e-300x157.jpeg 300w, https:\/\/depeches241.com\/wp-content\/uploads\/2025\/06\/ad840208-ba03-4582-921b-c90f92cec46e-768x402.jpeg 768w\" sizes=\"(max-width: 849px) 100vw, 849px\" \/><figcaption class=\"wp-element-caption\"><strong><em>Thierry Mouyouma ici en compagnie de Clench Loufilou Ndela pendant les s\u00e9ances \u00e0 Benslimane <\/em><\/strong><\/figcaption><\/figure>\n\n\n\n<p><strong>Libreville, le 03 juin 2025 &#8211; (D\u00e9p\u00eaches 241). Dans le cadre de la fen\u00eatre FIFA de ce mois de juin, les Panth\u00e8res du Gabon sont depuis quelques jours en regroupement \u00e0 Benslimane, une petite ville non loin de Casablanca au Maroc, o\u00f9 elles affronteront demain la Guin\u00e9e Bissau et le 7 juin prochain le Liberia. Occasion pour le s\u00e9lectionneur national Thierry Mouyouma de livrer son opinion quant \u00e0 ce nouveau rassemblement. Selon lui, <\/strong><strong><em>\u00ab ces moments sont pr\u00e9cieux pour tester diff\u00e9rentes approches tactiques et consolider notre collectif en vue des \u00e9ch\u00e9ances \u00e0 venir <\/em><\/strong><em>\u00bb<\/em>.<\/p>\n\n\n\n<p>Les joueurs et le staff technique de l\u2019\u00e9quipe nationale de football masculine du Gabon sont \u00e0 Benslimane, au Maroc, depuis samedi dernier. Un regroupement qui sert \u00e0 pr\u00e9parer les matchs amicaux de ce mois de juin face respectivement \u00e0 la Guin\u00e9e Bissau et au Liberia. <strong><em>\u00ab Nous sommes r\u00e9unis \u00e0 Benslimane, au Maroc, pour un stage de pr\u00e9paration en vue de nos deux prochains matchs amicaux. Ce rassemblement est l\u2019occasion de renforcer la coh\u00e9sion du groupe et d\u2019affiner nos strat\u00e9gies de jeu \u00bb<\/em><\/strong>, a-t-il fait savoir sur sa page Facebook officielle.<\/p>\n\n\n\n<p>Le s\u00e9lectionneur n\u2019a pas cach\u00e9 sa satisfaction de retrouver son groupe afin de lui permettre de tester certaines choses avant le match capital du mois de septembre 2025 face aux \u00e9l\u00e9phants de C\u00f4te d\u2019Ivoire. <strong><em>\u00ab Je suis ravi de retrouver les Panth\u00e8res et de constater l\u2019engagement de chacun. Ces moments sont pr\u00e9cieux pour tester diff\u00e9rentes approches tactiques et consolider notre collectif en vue des \u00e9ch\u00e9ances \u00e0 venir \u00bb<\/em><\/strong>, peut-on lire sur la m\u00eame publication.<\/p>\n\n\n\n<p>Pour finir, il n\u2019a pas manqu\u00e9 de dire toute sa reconnaissance aux fans de l\u2019\u00e9quipe nationale qui, sur le territoire national ou \u00e0 l\u2019ext\u00e9rieur, ne cessent de t\u00e9moigner leur int\u00e9r\u00eat sans fin aux Panth\u00e8res. <strong><em>\u00ab Nous remercions nos supporters pour leur soutien ind\u00e9fectible. Votre passion nous motive \u00e0 donner le meilleur de nous-m\u00eames sur le terrain \u00bb<\/em><\/strong>, a-t-il conclu.&nbsp;<\/p>\n","protected":false},"excerpt":{"rendered":"<p>Libreville, le 03 juin 2025 &#8211; (D\u00e9p\u00eaches 241). Dans le cadre de la fen\u00eatre FIFA de ce mois de juin, les Panth\u00e8res du Gabon sont depuis quelques jours en regroupement \u00e0 Benslimane, une petite ville non loin de Casablanca au Maroc, o\u00f9 elles affronteront demain la Guin\u00e9e Bissau et le [&hellip;]<\/p>\n","protected":false},"author":18,"featured_media":24415,"comment_status":"open","ping_status":"open","sticky":false,"template":"","format":"standard","meta":{"om_disable_all_campaigns":false,"footnotes":""},"categories":[634,116],"tags":[99,406,59,3029,533,403],"class_list":{"0":"post-24414","1":"post","2":"type-post","3":"status-publish","4":"format-standard","5":"has-post-thumbnail","7":"category-sport","8":"category-une1","9":"tag-depeches241","10":"tag-football","11":"tag-gabon","12":"tag-mouyouma","13":"tag-panthere-du-gabon-2","14":"tag-sport"},"yoast_head":"<!-- This site is optimized with the Yoast SEO plugin v27.5 - https:\/\/yoast.com\/product\/yoast-seo-wordpress\/ -->\n<title>Panth\u00e8res : \u00ab ce rassemblement est l\u2019occasion de renforcer la coh\u00e9sion du groupe et d\u2019affiner nos strat\u00e9gies de jeu \u00bb, d\u00e9clare Mouyouma - Groupe D\u00e9p\u00eaches241<\/title>\n<meta name=\"description\" content=\"Dans le cadre de la fen\u00eatre FIFA de ce mois de juin, les Panth\u00e8res du Gabon sont depuis quelques jours en regroupement \u00e0 Benslimane, une petite ville non loin de Casablanca au Maroc, o\u00f9 elles affronteront demain la Guin\u00e9e Bissau et le 7 juin prochain le Liberia. Occasion pour le s\u00e9lectionneur national Thierry Mouyouma de livrer son opinion quant \u00e0 ce nouveau rassemblement. Selon lui, \u00ab ces moments sont pr\u00e9cieux pour tester diff\u00e9rentes approches tactiques et consolider notre collectif en vue des \u00e9ch\u00e9ances \u00e0 venir \u00bb.\" \/>\n<meta name=\"robots\" content=\"index, follow, max-snippet:-1, max-image-preview:large, max-video-preview:-1\" \/>\n<link rel=\"canonical\" href=\"https:\/\/depeches241.com\/?p=24414\" \/>\n<meta property=\"og:locale\" content=\"fr_FR\" \/>\n<meta property=\"og:type\" content=\"article\" \/>\n<meta property=\"og:title\" content=\"Panth\u00e8res : \u00ab ce rassemblement est l\u2019occasion de renforcer la coh\u00e9sion du groupe et d\u2019affiner nos strat\u00e9gies de jeu \u00bb, d\u00e9clare Mouyouma - Groupe D\u00e9p\u00eaches241\" \/>\n<meta property=\"og:description\" content=\"Dans le cadre de la fen\u00eatre FIFA de ce mois de juin, les Panth\u00e8res du Gabon sont depuis quelques jours en regroupement \u00e0 Benslimane, une petite ville non loin de Casablanca au Maroc, o\u00f9 elles affronteront demain la Guin\u00e9e Bissau et le 7 juin prochain le Liberia. Occasion pour le s\u00e9lectionneur national Thierry Mouyouma de livrer son opinion quant \u00e0 ce nouveau rassemblement. Selon lui, \u00ab ces moments sont pr\u00e9cieux pour tester diff\u00e9rentes approches tactiques et consolider notre collectif en vue des \u00e9ch\u00e9ances \u00e0 venir \u00bb.\" \/>\n<meta property=\"og:url\" content=\"https:\/\/depeches241.com\/?p=24414\" \/>\n<meta property=\"og:site_name\" content=\"Groupe D\u00e9p\u00eaches241\" \/>\n<meta property=\"article:publisher\" content=\"https:\/\/www.facebook.com\/depeches241\" \/>\n<meta property=\"article:published_time\" content=\"2025-06-03T15:18:13+00:00\" \/>\n<meta property=\"article:modified_time\" content=\"2025-06-03T15:18:15+00:00\" \/>\n<meta property=\"og:image\" content=\"http:\/\/depeches241.com\/wp-content\/uploads\/2025\/06\/ad840208-ba03-4582-921b-c90f92cec46e.jpeg\" \/>\n\t<meta property=\"og:image:width\" content=\"849\" \/>\n\t<meta property=\"og:image:height\" content=\"444\" \/>\n\t<meta property=\"og:image:type\" content=\"image\/jpeg\" \/>\n<meta name=\"author\" content=\"Fabien BIBANG\" \/>\n<meta name=\"twitter:card\" content=\"summary_large_image\" \/>\n<meta name=\"twitter:label1\" content=\"\u00c9crit par\" \/>\n\t<meta name=\"twitter:data1\" content=\"Fabien BIBANG\" \/>\n\t<meta name=\"twitter:label2\" content=\"Dur\u00e9e de lecture estim\u00e9e\" \/>\n\t<meta name=\"twitter:data2\" content=\"2 minutes\" \/>\n<script type=\"application\/ld+json\" class=\"yoast-schema-graph\">{\"@context\":\"https:\\\/\\\/schema.org\",\"@graph\":[{\"@type\":\"Article\",\"@id\":\"https:\\\/\\\/depeches241.com\\\/?p=24414#article\",\"isPartOf\":{\"@id\":\"https:\\\/\\\/depeches241.com\\\/?p=24414\"},\"author\":{\"name\":\"Fabien BIBANG\",\"@id\":\"https:\\\/\\\/depeches241.com\\\/#\\\/schema\\\/person\\\/1901eab6e51ac627fab3abccbd181d4e\"},\"headline\":\"Panth\u00e8res : \u00ab ce rassemblement est l\u2019occasion de renforcer la coh\u00e9sion du groupe et d\u2019affiner nos strat\u00e9gies de jeu \u00bb, d\u00e9clare Mouyouma\",\"datePublished\":\"2025-06-03T15:18:13+00:00\",\"dateModified\":\"2025-06-03T15:18:15+00:00\",\"mainEntityOfPage\":{\"@id\":\"https:\\\/\\\/depeches241.com\\\/?p=24414\"},\"wordCount\":374,\"commentCount\":0,\"publisher\":{\"@id\":\"https:\\\/\\\/depeches241.com\\\/#organization\"},\"image\":{\"@id\":\"https:\\\/\\\/depeches241.com\\\/?p=24414#primaryimage\"},\"thumbnailUrl\":\"https:\\\/\\\/depeches241.com\\\/wp-content\\\/uploads\\\/2025\\\/06\\\/ad840208-ba03-4582-921b-c90f92cec46e.jpeg\",\"keywords\":[\"depeches241\",\"Football\",\"Gabon\",\"Mouyouma\",\"Panth\u00e8re du Gabon\",\"Sport\"],\"articleSection\":[\"SPORT\",\"Une1\"],\"inLanguage\":\"fr-FR\",\"potentialAction\":[{\"@type\":\"CommentAction\",\"name\":\"Comment\",\"target\":[\"https:\\\/\\\/depeches241.com\\\/?p=24414#respond\"]}]},{\"@type\":\"WebPage\",\"@id\":\"https:\\\/\\\/depeches241.com\\\/?p=24414\",\"url\":\"https:\\\/\\\/depeches241.com\\\/?p=24414\",\"name\":\"Panth\u00e8res : \u00ab ce rassemblement est l\u2019occasion de renforcer la coh\u00e9sion du groupe et d\u2019affiner nos strat\u00e9gies de jeu \u00bb, d\u00e9clare Mouyouma - Groupe D\u00e9p\u00eaches241\",\"isPartOf\":{\"@id\":\"https:\\\/\\\/depeches241.com\\\/#website\"},\"primaryImageOfPage\":{\"@id\":\"https:\\\/\\\/depeches241.com\\\/?p=24414#primaryimage\"},\"image\":{\"@id\":\"https:\\\/\\\/depeches241.com\\\/?p=24414#primaryimage\"},\"thumbnailUrl\":\"https:\\\/\\\/depeches241.com\\\/wp-content\\\/uploads\\\/2025\\\/06\\\/ad840208-ba03-4582-921b-c90f92cec46e.jpeg\",\"datePublished\":\"2025-06-03T15:18:13+00:00\",\"dateModified\":\"2025-06-03T15:18:15+00:00\",\"description\":\"Dans le cadre de la fen\u00eatre FIFA de ce mois de juin, les Panth\u00e8res du Gabon sont depuis quelques jours en regroupement \u00e0 Benslimane, une petite ville non loin de Casablanca au Maroc, o\u00f9 elles affronteront demain la Guin\u00e9e Bissau et le 7 juin prochain le Liberia. Occasion pour le s\u00e9lectionneur national Thierry Mouyouma de livrer son opinion quant \u00e0 ce nouveau rassemblement. Selon lui, \u00ab ces moments sont pr\u00e9cieux pour tester diff\u00e9rentes approches tactiques et consolider notre collectif en vue des \u00e9ch\u00e9ances \u00e0 venir \u00bb.\",\"breadcrumb\":{\"@id\":\"https:\\\/\\\/depeches241.com\\\/?p=24414#breadcrumb\"},\"inLanguage\":\"fr-FR\",\"potentialAction\":[{\"@type\":\"ReadAction\",\"target\":[\"https:\\\/\\\/depeches241.com\\\/?p=24414\"]}]},{\"@type\":\"ImageObject\",\"inLanguage\":\"fr-FR\",\"@id\":\"https:\\\/\\\/depeches241.com\\\/?p=24414#primaryimage\",\"url\":\"https:\\\/\\\/depeches241.com\\\/wp-content\\\/uploads\\\/2025\\\/06\\\/ad840208-ba03-4582-921b-c90f92cec46e.jpeg\",\"contentUrl\":\"https:\\\/\\\/depeches241.com\\\/wp-content\\\/uploads\\\/2025\\\/06\\\/ad840208-ba03-4582-921b-c90f92cec46e.jpeg\",\"width\":849,\"height\":444},{\"@type\":\"BreadcrumbList\",\"@id\":\"https:\\\/\\\/depeches241.com\\\/?p=24414#breadcrumb\",\"itemListElement\":[{\"@type\":\"ListItem\",\"position\":1,\"name\":\"Accueil\",\"item\":\"https:\\\/\\\/depeches241.com\\\/\"},{\"@type\":\"ListItem\",\"position\":2,\"name\":\"Panth\u00e8res : \u00ab ce rassemblement est l\u2019occasion de renforcer la coh\u00e9sion du groupe et d\u2019affiner nos strat\u00e9gies de jeu \u00bb, d\u00e9clare Mouyouma\"}]},{\"@type\":\"WebSite\",\"@id\":\"https:\\\/\\\/depeches241.com\\\/#website\",\"url\":\"https:\\\/\\\/depeches241.com\\\/\",\"name\":\"D\u00e9p\u00eaches241\",\"description\":\"M\u00e9dia d&#039;actualit\u00e9 Politique, \u00c9conomique, Sociale et Internationale\",\"publisher\":{\"@id\":\"https:\\\/\\\/depeches241.com\\\/#organization\"},\"potentialAction\":[{\"@type\":\"SearchAction\",\"target\":{\"@type\":\"EntryPoint\",\"urlTemplate\":\"https:\\\/\\\/depeches241.com\\\/?s={search_term_string}\"},\"query-input\":{\"@type\":\"PropertyValueSpecification\",\"valueRequired\":true,\"valueName\":\"search_term_string\"}}],\"inLanguage\":\"fr-FR\"},{\"@type\":\"Organization\",\"@id\":\"https:\\\/\\\/depeches241.com\\\/#organization\",\"name\":\"Groupe D\u00e9p\u00eaches241\",\"url\":\"https:\\\/\\\/depeches241.com\\\/\",\"logo\":{\"@type\":\"ImageObject\",\"inLanguage\":\"fr-FR\",\"@id\":\"https:\\\/\\\/depeches241.com\\\/#\\\/schema\\\/logo\\\/image\\\/\",\"url\":\"https:\\\/\\\/depeches241.com\\\/wp-content\\\/uploads\\\/2021\\\/10\\\/cropped-Logo-new-Accueil.png\",\"contentUrl\":\"https:\\\/\\\/depeches241.com\\\/wp-content\\\/uploads\\\/2021\\\/10\\\/cropped-Logo-new-Accueil.png\",\"width\":320,\"height\":105,\"caption\":\"Groupe D\u00e9p\u00eaches241\"},\"image\":{\"@id\":\"https:\\\/\\\/depeches241.com\\\/#\\\/schema\\\/logo\\\/image\\\/\"},\"sameAs\":[\"https:\\\/\\\/www.facebook.com\\\/depeches241\"]},{\"@type\":\"Person\",\"@id\":\"https:\\\/\\\/depeches241.com\\\/#\\\/schema\\\/person\\\/1901eab6e51ac627fab3abccbd181d4e\",\"name\":\"Fabien BIBANG\",\"image\":{\"@type\":\"ImageObject\",\"inLanguage\":\"fr-FR\",\"@id\":\"https:\\\/\\\/secure.gravatar.com\\\/avatar\\\/18bb838415fc126d966f8ac8e32711b2843c5ba6e35a2e6699a14ef69705dc76?s=96&d=mm&r=g\",\"url\":\"https:\\\/\\\/secure.gravatar.com\\\/avatar\\\/18bb838415fc126d966f8ac8e32711b2843c5ba6e35a2e6699a14ef69705dc76?s=96&d=mm&r=g\",\"contentUrl\":\"https:\\\/\\\/secure.gravatar.com\\\/avatar\\\/18bb838415fc126d966f8ac8e32711b2843c5ba6e35a2e6699a14ef69705dc76?s=96&d=mm&r=g\",\"caption\":\"Fabien BIBANG\"},\"description\":\"Fabien BIBANG est dipl\u00f6m\u00e9 en Philosophie et Lettres. Son amour pour la lecture, l'histoire et les arts, ainsi que son engagement sur le front social l'ont tr\u00e8s t\u00f4t conduit sur les antennes des cha\u00eenes de t\u00e9l\u00e9s et radios pour y d\u00e9fendre ses postures. Sp\u00e9cialiste des questions socio-politiques, il re\u00e7oit le Prix Encouragements au Concours M\u00e9dias UNICEF en novembre 2022\",\"url\":\"https:\\\/\\\/depeches241.com\\\/?author=18\"}]}<\/script>\n<!-- \/ Yoast SEO plugin. -->","yoast_head_json":{"title":"Panth\u00e8res : \u00ab ce rassemblement est l\u2019occasion de renforcer la coh\u00e9sion du groupe et d\u2019affiner nos strat\u00e9gies de jeu \u00bb, d\u00e9clare Mouyouma - Groupe D\u00e9p\u00eaches241","description":"Dans le cadre de la fen\u00eatre FIFA de ce mois de juin, les Panth\u00e8res du Gabon sont depuis quelques jours en regroupement \u00e0 Benslimane, une petite ville non loin de Casablanca au Maroc, o\u00f9 elles affronteront demain la Guin\u00e9e Bissau et le 7 juin prochain le Liberia. Occasion pour le s\u00e9lectionneur national Thierry Mouyouma de livrer son opinion quant \u00e0 ce nouveau rassemblement. Selon lui, \u00ab ces moments sont pr\u00e9cieux pour tester diff\u00e9rentes approches tactiques et consolider notre collectif en vue des \u00e9ch\u00e9ances \u00e0 venir \u00bb.","robots":{"index":"index","follow":"follow","max-snippet":"max-snippet:-1","max-image-preview":"max-image-preview:large","max-video-preview":"max-video-preview:-1"},"canonical":"https:\/\/depeches241.com\/?p=24414","og_locale":"fr_FR","og_type":"article","og_title":"Panth\u00e8res : \u00ab ce rassemblement est l\u2019occasion de renforcer la coh\u00e9sion du groupe et d\u2019affiner nos strat\u00e9gies de jeu \u00bb, d\u00e9clare Mouyouma - Groupe D\u00e9p\u00eaches241","og_description":"Dans le cadre de la fen\u00eatre FIFA de ce mois de juin, les Panth\u00e8res du Gabon sont depuis quelques jours en regroupement \u00e0 Benslimane, une petite ville non loin de Casablanca au Maroc, o\u00f9 elles affronteront demain la Guin\u00e9e Bissau et le 7 juin prochain le Liberia. Occasion pour le s\u00e9lectionneur national Thierry Mouyouma de livrer son opinion quant \u00e0 ce nouveau rassemblement. Selon lui, \u00ab ces moments sont pr\u00e9cieux pour tester diff\u00e9rentes approches tactiques et consolider notre collectif en vue des \u00e9ch\u00e9ances \u00e0 venir \u00bb.","og_url":"https:\/\/depeches241.com\/?p=24414","og_site_name":"Groupe D\u00e9p\u00eaches241","article_publisher":"https:\/\/www.facebook.com\/depeches241","article_published_time":"2025-06-03T15:18:13+00:00","article_modified_time":"2025-06-03T15:18:15+00:00","og_image":[{"width":849,"height":444,"url":"http:\/\/depeches241.com\/wp-content\/uploads\/2025\/06\/ad840208-ba03-4582-921b-c90f92cec46e.jpeg","type":"image\/jpeg"}],"author":"Fabien BIBANG","twitter_card":"summary_large_image","twitter_misc":{"\u00c9crit par":"Fabien BIBANG","Dur\u00e9e de lecture estim\u00e9e":"2 minutes"},"schema":{"@context":"https:\/\/schema.org","@graph":[{"@type":"Article","@id":"https:\/\/depeches241.com\/?p=24414#article","isPartOf":{"@id":"https:\/\/depeches241.com\/?p=24414"},"author":{"name":"Fabien BIBANG","@id":"https:\/\/depeches241.com\/#\/schema\/person\/1901eab6e51ac627fab3abccbd181d4e"},"headline":"Panth\u00e8res : \u00ab ce rassemblement est l\u2019occasion de renforcer la coh\u00e9sion du groupe et d\u2019affiner nos strat\u00e9gies de jeu \u00bb, d\u00e9clare Mouyouma","datePublished":"2025-06-03T15:18:13+00:00","dateModified":"2025-06-03T15:18:15+00:00","mainEntityOfPage":{"@id":"https:\/\/depeches241.com\/?p=24414"},"wordCount":374,"commentCount":0,"publisher":{"@id":"https:\/\/depeches241.com\/#organization"},"image":{"@id":"https:\/\/depeches241.com\/?p=24414#primaryimage"},"thumbnailUrl":"https:\/\/depeches241.com\/wp-content\/uploads\/2025\/06\/ad840208-ba03-4582-921b-c90f92cec46e.jpeg","keywords":["depeches241","Football","Gabon","Mouyouma","Panth\u00e8re du Gabon","Sport"],"articleSection":["SPORT","Une1"],"inLanguage":"fr-FR","potentialAction":[{"@type":"CommentAction","name":"Comment","target":["https:\/\/depeches241.com\/?p=24414#respond"]}]},{"@type":"WebPage","@id":"https:\/\/depeches241.com\/?p=24414","url":"https:\/\/depeches241.com\/?p=24414","name":"Panth\u00e8res : \u00ab ce rassemblement est l\u2019occasion de renforcer la coh\u00e9sion du groupe et d\u2019affiner nos strat\u00e9gies de jeu \u00bb, d\u00e9clare Mouyouma - Groupe D\u00e9p\u00eaches241","isPartOf":{"@id":"https:\/\/depeches241.com\/#website"},"primaryImageOfPage":{"@id":"https:\/\/depeches241.com\/?p=24414#primaryimage"},"image":{"@id":"https:\/\/depeches241.com\/?p=24414#primaryimage"},"thumbnailUrl":"https:\/\/depeches241.com\/wp-content\/uploads\/2025\/06\/ad840208-ba03-4582-921b-c90f92cec46e.jpeg","datePublished":"2025-06-03T15:18:13+00:00","dateModified":"2025-06-03T15:18:15+00:00","description":"Dans le cadre de la fen\u00eatre FIFA de ce mois de juin, les Panth\u00e8res du Gabon sont depuis quelques jours en regroupement \u00e0 Benslimane, une petite ville non loin de Casablanca au Maroc, o\u00f9 elles affronteront demain la Guin\u00e9e Bissau et le 7 juin prochain le Liberia. Occasion pour le s\u00e9lectionneur national Thierry Mouyouma de livrer son opinion quant \u00e0 ce nouveau rassemblement. Selon lui, \u00ab ces moments sont pr\u00e9cieux pour tester diff\u00e9rentes approches tactiques et consolider notre collectif en vue des \u00e9ch\u00e9ances \u00e0 venir \u00bb.","breadcrumb":{"@id":"https:\/\/depeches241.com\/?p=24414#breadcrumb"},"inLanguage":"fr-FR","potentialAction":[{"@type":"ReadAction","target":["https:\/\/depeches241.com\/?p=24414"]}]},{"@type":"ImageObject","inLanguage":"fr-FR","@id":"https:\/\/depeches241.com\/?p=24414#primaryimage","url":"https:\/\/depeches241.com\/wp-content\/uploads\/2025\/06\/ad840208-ba03-4582-921b-c90f92cec46e.jpeg","contentUrl":"https:\/\/depeches241.com\/wp-content\/uploads\/2025\/06\/ad840208-ba03-4582-921b-c90f92cec46e.jpeg","width":849,"height":444},{"@type":"BreadcrumbList","@id":"https:\/\/depeches241.com\/?p=24414#breadcrumb","itemListElement":[{"@type":"ListItem","position":1,"name":"Accueil","item":"https:\/\/depeches241.com\/"},{"@type":"ListItem","position":2,"name":"Panth\u00e8res : \u00ab ce rassemblement est l\u2019occasion de renforcer la coh\u00e9sion du groupe et d\u2019affiner nos strat\u00e9gies de jeu \u00bb, d\u00e9clare Mouyouma"}]},{"@type":"WebSite","@id":"https:\/\/depeches241.com\/#website","url":"https:\/\/depeches241.com\/","name":"D\u00e9p\u00eaches241","description":"M\u00e9dia d&#039;actualit\u00e9 Politique, \u00c9conomique, Sociale et Internationale","publisher":{"@id":"https:\/\/depeches241.com\/#organization"},"potentialAction":[{"@type":"SearchAction","target":{"@type":"EntryPoint","urlTemplate":"https:\/\/depeches241.com\/?s={search_term_string}"},"query-input":{"@type":"PropertyValueSpecification","valueRequired":true,"valueName":"search_term_string"}}],"inLanguage":"fr-FR"},{"@type":"Organization","@id":"https:\/\/depeches241.com\/#organization","name":"Groupe D\u00e9p\u00eaches241","url":"https:\/\/depeches241.com\/","logo":{"@type":"ImageObject","inLanguage":"fr-FR","@id":"https:\/\/depeches241.com\/#\/schema\/logo\/image\/","url":"https:\/\/depeches241.com\/wp-content\/uploads\/2021\/10\/cropped-Logo-new-Accueil.png","contentUrl":"https:\/\/depeches241.com\/wp-content\/uploads\/2021\/10\/cropped-Logo-new-Accueil.png","width":320,"height":105,"caption":"Groupe D\u00e9p\u00eaches241"},"image":{"@id":"https:\/\/depeches241.com\/#\/schema\/logo\/image\/"},"sameAs":["https:\/\/www.facebook.com\/depeches241"]},{"@type":"Person","@id":"https:\/\/depeches241.com\/#\/schema\/person\/1901eab6e51ac627fab3abccbd181d4e","name":"Fabien BIBANG","image":{"@type":"ImageObject","inLanguage":"fr-FR","@id":"https:\/\/secure.gravatar.com\/avatar\/18bb838415fc126d966f8ac8e32711b2843c5ba6e35a2e6699a14ef69705dc76?s=96&d=mm&r=g","url":"https:\/\/secure.gravatar.com\/avatar\/18bb838415fc126d966f8ac8e32711b2843c5ba6e35a2e6699a14ef69705dc76?s=96&d=mm&r=g","contentUrl":"https:\/\/secure.gravatar.com\/avatar\/18bb838415fc126d966f8ac8e32711b2843c5ba6e35a2e6699a14ef69705dc76?s=96&d=mm&r=g","caption":"Fabien BIBANG"},"description":"Fabien BIBANG est dipl\u00f6m\u00e9 en Philosophie et Lettres. Son amour pour la lecture, l'histoire et les arts, ainsi que son engagement sur le front social l'ont tr\u00e8s t\u00f4t conduit sur les antennes des cha\u00eenes de t\u00e9l\u00e9s et radios pour y d\u00e9fendre ses postures. Sp\u00e9cialiste des questions socio-politiques, il re\u00e7oit le Prix Encouragements au Concours M\u00e9dias UNICEF en novembre 2022","url":"https:\/\/depeches241.com\/?author=18"}]}},"_links":{"self":[{"href":"https:\/\/depeches241.com\/index.php?rest_route=\/wp\/v2\/posts\/24414","targetHints":{"allow":["GET"]}}],"collection":[{"href":"https:\/\/depeches241.com\/index.php?rest_route=\/wp\/v2\/posts"}],"about":[{"href":"https:\/\/depeches241.com\/index.php?rest_route=\/wp\/v2\/types\/post"}],"author":[{"embeddable":true,"href":"https:\/\/depeches241.com\/index.php?rest_route=\/wp\/v2\/users\/18"}],"replies":[{"embeddable":true,"href":"https:\/\/depeches241.com\/index.php?rest_route=%2Fwp%2Fv2%2Fcomments&post=24414"}],"version-history":[{"count":1,"href":"https:\/\/depeches241.com\/index.php?rest_route=\/wp\/v2\/posts\/24414\/revisions"}],"predecessor-version":[{"id":24416,"href":"https:\/\/depeches241.com\/index.php?rest_route=\/wp\/v2\/posts\/24414\/revisions\/24416"}],"wp:featuredmedia":[{"embeddable":true,"href":"https:\/\/depeches241.com\/index.php?rest_route=\/wp\/v2\/media\/24415"}],"wp:attachment":[{"href":"https:\/\/depeches241.com\/index.php?rest_route=%2Fwp%2Fv2%2Fmedia&parent=24414"}],"wp:term":[{"taxonomy":"category","embeddable":true,"href":"https:\/\/depeches241.com\/index.php?rest_route=%2Fwp%2Fv2%2Fcategories&post=24414"},{"taxonomy":"post_tag","embeddable":true,"href":"https:\/\/depeches241.com\/index.php?rest_route=%2Fwp%2Fv2%2Ftags&post=24414"}],"curies":[{"name":"wp","href":"https:\/\/api.w.org\/{rel}","templated":true}]}}