{"id":24677,"date":"2025-06-23T18:45:20","date_gmt":"2025-06-23T16:45:20","guid":{"rendered":"https:\/\/depeches241.com\/?p=24677"},"modified":"2025-06-23T18:54:42","modified_gmt":"2025-06-23T16:54:42","slug":"etienne-massard-kabinda-makaga-des-ors-du-pouvoir-a-lexil-administratif","status":"publish","type":"post","link":"https:\/\/depeches241.com\/?p=24677","title":{"rendered":"\u00c9tienne Massard Kabinda Makaga: des ors du pouvoir \u00e0 l\u2019exil administratif"},"content":{"rendered":"\n<figure class=\"wp-block-image size-full\"><img fetchpriority=\"high\" decoding=\"async\" width=\"960\" height=\"540\" src=\"https:\/\/depeches241.com\/wp-content\/uploads\/2025\/06\/Massard-.jpg\" alt=\"\" class=\"wp-image-24678\" srcset=\"https:\/\/depeches241.com\/wp-content\/uploads\/2025\/06\/Massard-.jpg 960w, https:\/\/depeches241.com\/wp-content\/uploads\/2025\/06\/Massard--300x169.jpg 300w, https:\/\/depeches241.com\/wp-content\/uploads\/2025\/06\/Massard--768x432.jpg 768w\" sizes=\"(max-width: 960px) 100vw, 960px\" \/><figcaption class=\"wp-element-caption\"><strong><em>\u00c9tienne Massard Kabinda Makaga, ancien ministre de la D\u00e9fense Nationale pr\u00eatant serment devant Ali Bongo Ondimba <\/em><\/strong><em>\u00a9 DR<\/em> <\/figcaption><\/figure>\n\n\n\n<p><strong>Libreville, le 23 juin 2025-(D\u00e9p\u00eaches 241). Le 20 juin 2025 a marqu\u00e9 un tournant symbolique dans la carri\u00e8re d\u2019\u00c9tienne Massard Kabinda Makaga, ancien ministre de la D\u00e9fense Nationale, Secr\u00e9taire G\u00e9n\u00e9ral de la Pr\u00e9sidence de R\u00e9publique et plusieurs fois responsable d\u2019institutions cl\u00e9s. Lors du dernier Conseil des Ministres, l\u2019ancien tout puissant collaborateur, faiseur de roi\u00a0 d\u2019Ali Bongo Ondimba a \u00e9t\u00e9 nomm\u00e9 conseiller technique au minist\u00e8re des Eaux et For\u00eats. Un poste nettement moins expos\u00e9 que ses pr\u00e9c\u00e9dentes fonctions minist\u00e9rielles et strat\u00e9giques qui acte en outre la chute de l\u2019un des anciens hommes forts du 1er septennat du pr\u00e9sident d\u00e9chu.\u00a0\u00a0<\/strong><\/p>\n\n\n\n<p class=\"has-drop-cap\">Cette transition, sous le nouveau r\u00e9gime d\u2019Oligui Ngu\u00e9ma, illustre un net recul dans l\u2019exercice du pouvoir pour ce grand commis de l\u2019\u00c9tat, longtemps au c\u0153ur des d\u00e9cisions politiques gabonaises sous Ali Bongo. Ce repositionnement soul\u00e8ve in\u00e9vitablement la question de la perte d\u2019influence et de cr\u00e9dibilit\u00e9 d\u2019un homme dont le parcours fut marqu\u00e9 par un cumul excessif de responsabilit\u00e9s, souvent critiqu\u00e9 pour son impact n\u00e9gatif sur l\u2019efficacit\u00e9 et la gestion rigoureuse.<\/p>\n\n\n\n<p>Toutefois, son exp\u00e9rience \u00e0 l\u2019Agence Gabonaise d\u2019Etudes et d\u2019Observation Spatiales (AGEOS) t\u00e9moigne d\u2019une expertise certaine dans le domaine environnemental. Ce nouveau r\u00f4le pourrait, en th\u00e9orie, valoriser ses comp\u00e9tences techniques. Mais dans les faits, cette nomination ressemble davantage \u00e0 un exil administratif qu\u2019\u00e0 une v\u00e9ritable reconnaissance.<\/p>\n\n\n\n<p>Pour ne pas voir ce retour en demi-teinte se transformer en simple anecdote, \u00c9tienne Massard Kabinda Makaga devra imp\u00e9rativement d\u00e9montrer une rigueur et un engagement renouvel\u00e9s. Le minist\u00e8re des Eaux et for\u00eats, confront\u00e9 \u00e0 de nombreux d\u00e9fis, a plus que jamais besoin d\u2019efficacit\u00e9 et de transparence, un terrain o\u00f9 l\u2019ancien ministre pourrait, s\u2019il le souhaite, redorer son blason.<\/p>\n\n\n\n<p>Ce nouvel \u00e9pisode dans la carri\u00e8re de cet homme d\u2019\u00c9tat pendant plusieurs ann\u00e9es au voisinage de l&rsquo;\u00e9claircie, illustre les soubresauts d\u2019un paysage politique en pleine recomposition, o\u00f9 l\u2019ancien pouvoir c\u00e8de peu \u00e0 peu la place \u00e0 une nouvelle \u00e8re au sein de laquelle, les anciens pouvoiristes se retrouvent contraints de se contenter des maigres pitances que leur servent ceux qui d\u00e9sormais, ont pris leurs places sur la table des d\u00e9cideurs. \u00a0<\/p>\n","protected":false},"excerpt":{"rendered":"<p>Libreville, le 23 juin 2025-(D\u00e9p\u00eaches 241). Le 20 juin 2025 a marqu\u00e9 un tournant symbolique dans la carri\u00e8re d\u2019\u00c9tienne Massard Kabinda Makaga, ancien ministre de la D\u00e9fense Nationale, Secr\u00e9taire G\u00e9n\u00e9ral de la Pr\u00e9sidence de R\u00e9publique et plusieurs fois responsable d\u2019institutions cl\u00e9s. Lors du dernier Conseil des Ministres, l\u2019ancien tout puissant [&hellip;]<\/p>\n","protected":false},"author":12,"featured_media":24678,"comment_status":"open","ping_status":"open","sticky":false,"template":"","format":"standard","meta":{"om_disable_all_campaigns":false,"footnotes":""},"categories":[3,117],"tags":[157,347,99,4777,59,73],"class_list":{"0":"post-24677","1":"post","2":"type-post","3":"status-publish","4":"format-standard","5":"has-post-thumbnail","7":"category-politique","8":"category-une2","9":"tag-ali-bongo-ondimba","10":"tag-conseil-des-ministres","11":"tag-depeches241","12":"tag-etienne-massard-kabinda-makaga","13":"tag-gabon","14":"tag-politique"},"yoast_head":"<!-- This site is optimized with the Yoast SEO plugin v27.5 - https:\/\/yoast.com\/product\/yoast-seo-wordpress\/ -->\n<title>\u00c9tienne Massard Kabinda Makaga: des ors du pouvoir \u00e0 l\u2019exil administratif - Groupe D\u00e9p\u00eaches241<\/title>\n<meta name=\"description\" content=\"Le 20 juin 2025 a marqu\u00e9 un tournant symbolique dans la carri\u00e8re d\u2019\u00c9tienne Massard Kabinda Makaga, ancien ministre de la D\u00e9fense Nationale, Secr\u00e9taire G\u00e9n\u00e9ral de la Pr\u00e9sidence de R\u00e9publique et plusieurs fois responsable d\u2019institutions cl\u00e9s. Lors du dernier Conseil des Ministres, l\u2019ancien tout puissant collaborateur, faiseur de roi\u00a0 d\u2019Ali Bongo Ondimba a \u00e9t\u00e9 nomm\u00e9 conseiller technique au minist\u00e8re des Eaux et For\u00eats. Un poste nettement moins expos\u00e9 que ses pr\u00e9c\u00e9dentes fonctions minist\u00e9rielles et strat\u00e9giques qui en outre la chute de l\u2019un des anciens homme fort du 1er septennat du pr\u00e9sident d\u00e9chu\" \/>\n<meta name=\"robots\" content=\"index, follow, max-snippet:-1, max-image-preview:large, max-video-preview:-1\" \/>\n<link rel=\"canonical\" href=\"https:\/\/depeches241.com\/?p=24677\" \/>\n<meta property=\"og:locale\" content=\"fr_FR\" \/>\n<meta property=\"og:type\" content=\"article\" \/>\n<meta property=\"og:title\" content=\"\u00c9tienne Massard Kabinda Makaga: des ors du pouvoir \u00e0 l\u2019exil administratif - Groupe D\u00e9p\u00eaches241\" \/>\n<meta property=\"og:description\" content=\"Le 20 juin 2025 a marqu\u00e9 un tournant symbolique dans la carri\u00e8re d\u2019\u00c9tienne Massard Kabinda Makaga, ancien ministre de la D\u00e9fense Nationale, Secr\u00e9taire G\u00e9n\u00e9ral de la Pr\u00e9sidence de R\u00e9publique et plusieurs fois responsable d\u2019institutions cl\u00e9s. Lors du dernier Conseil des Ministres, l\u2019ancien tout puissant collaborateur, faiseur de roi\u00a0 d\u2019Ali Bongo Ondimba a \u00e9t\u00e9 nomm\u00e9 conseiller technique au minist\u00e8re des Eaux et For\u00eats. Un poste nettement moins expos\u00e9 que ses pr\u00e9c\u00e9dentes fonctions minist\u00e9rielles et strat\u00e9giques qui en outre la chute de l\u2019un des anciens homme fort du 1er septennat du pr\u00e9sident d\u00e9chu\" \/>\n<meta property=\"og:url\" content=\"https:\/\/depeches241.com\/?p=24677\" \/>\n<meta property=\"og:site_name\" content=\"Groupe D\u00e9p\u00eaches241\" \/>\n<meta property=\"article:publisher\" content=\"https:\/\/www.facebook.com\/depeches241\" \/>\n<meta property=\"article:published_time\" content=\"2025-06-23T16:45:20+00:00\" \/>\n<meta property=\"article:modified_time\" content=\"2025-06-23T16:54:42+00:00\" \/>\n<meta property=\"og:image\" content=\"http:\/\/depeches241.com\/wp-content\/uploads\/2025\/06\/Massard-.jpg\" \/>\n\t<meta property=\"og:image:width\" content=\"960\" \/>\n\t<meta property=\"og:image:height\" content=\"540\" \/>\n\t<meta property=\"og:image:type\" content=\"image\/jpeg\" \/>\n<meta name=\"author\" content=\"Iboka Marc Andr\u00e9\" \/>\n<meta name=\"twitter:card\" content=\"summary_large_image\" \/>\n<meta name=\"twitter:label1\" content=\"\u00c9crit par\" \/>\n\t<meta name=\"twitter:data1\" content=\"Iboka Marc Andr\u00e9\" \/>\n\t<meta name=\"twitter:label2\" content=\"Dur\u00e9e de lecture estim\u00e9e\" \/>\n\t<meta name=\"twitter:data2\" content=\"2 minutes\" \/>\n<script type=\"application\/ld+json\" class=\"yoast-schema-graph\">{\"@context\":\"https:\\\/\\\/schema.org\",\"@graph\":[{\"@type\":\"Article\",\"@id\":\"https:\\\/\\\/depeches241.com\\\/?p=24677#article\",\"isPartOf\":{\"@id\":\"https:\\\/\\\/depeches241.com\\\/?p=24677\"},\"author\":{\"name\":\"Iboka Marc Andr\u00e9\",\"@id\":\"https:\\\/\\\/depeches241.com\\\/#\\\/schema\\\/person\\\/5abcf4b9361e0d8aa457b404d877674f\"},\"headline\":\"\u00c9tienne Massard Kabinda Makaga: des ors du pouvoir \u00e0 l\u2019exil administratif\",\"datePublished\":\"2025-06-23T16:45:20+00:00\",\"dateModified\":\"2025-06-23T16:54:42+00:00\",\"mainEntityOfPage\":{\"@id\":\"https:\\\/\\\/depeches241.com\\\/?p=24677\"},\"wordCount\":429,\"commentCount\":0,\"publisher\":{\"@id\":\"https:\\\/\\\/depeches241.com\\\/#organization\"},\"image\":{\"@id\":\"https:\\\/\\\/depeches241.com\\\/?p=24677#primaryimage\"},\"thumbnailUrl\":\"https:\\\/\\\/depeches241.com\\\/wp-content\\\/uploads\\\/2025\\\/06\\\/Massard-.jpg\",\"keywords\":[\"Ali Bongo Ondimba\",\"Conseil des ministres\",\"depeches241\",\"\u00c9tienne Massard Kabinda Makaga\",\"Gabon\",\"Politique\"],\"articleSection\":[\"POLITIQUE\",\"Une2\"],\"inLanguage\":\"fr-FR\",\"potentialAction\":[{\"@type\":\"CommentAction\",\"name\":\"Comment\",\"target\":[\"https:\\\/\\\/depeches241.com\\\/?p=24677#respond\"]}]},{\"@type\":\"WebPage\",\"@id\":\"https:\\\/\\\/depeches241.com\\\/?p=24677\",\"url\":\"https:\\\/\\\/depeches241.com\\\/?p=24677\",\"name\":\"\u00c9tienne Massard Kabinda Makaga: des ors du pouvoir \u00e0 l\u2019exil administratif - Groupe D\u00e9p\u00eaches241\",\"isPartOf\":{\"@id\":\"https:\\\/\\\/depeches241.com\\\/#website\"},\"primaryImageOfPage\":{\"@id\":\"https:\\\/\\\/depeches241.com\\\/?p=24677#primaryimage\"},\"image\":{\"@id\":\"https:\\\/\\\/depeches241.com\\\/?p=24677#primaryimage\"},\"thumbnailUrl\":\"https:\\\/\\\/depeches241.com\\\/wp-content\\\/uploads\\\/2025\\\/06\\\/Massard-.jpg\",\"datePublished\":\"2025-06-23T16:45:20+00:00\",\"dateModified\":\"2025-06-23T16:54:42+00:00\",\"description\":\"Le 20 juin 2025 a marqu\u00e9 un tournant symbolique dans la carri\u00e8re d\u2019\u00c9tienne Massard Kabinda Makaga, ancien ministre de la D\u00e9fense Nationale, Secr\u00e9taire G\u00e9n\u00e9ral de la Pr\u00e9sidence de R\u00e9publique et plusieurs fois responsable d\u2019institutions cl\u00e9s. Lors du dernier Conseil des Ministres, l\u2019ancien tout puissant collaborateur, faiseur de roi\u00a0 d\u2019Ali Bongo Ondimba a \u00e9t\u00e9 nomm\u00e9 conseiller technique au minist\u00e8re des Eaux et For\u00eats. Un poste nettement moins expos\u00e9 que ses pr\u00e9c\u00e9dentes fonctions minist\u00e9rielles et strat\u00e9giques qui en outre la chute de l\u2019un des anciens homme fort du 1er septennat du pr\u00e9sident d\u00e9chu\",\"breadcrumb\":{\"@id\":\"https:\\\/\\\/depeches241.com\\\/?p=24677#breadcrumb\"},\"inLanguage\":\"fr-FR\",\"potentialAction\":[{\"@type\":\"ReadAction\",\"target\":[\"https:\\\/\\\/depeches241.com\\\/?p=24677\"]}]},{\"@type\":\"ImageObject\",\"inLanguage\":\"fr-FR\",\"@id\":\"https:\\\/\\\/depeches241.com\\\/?p=24677#primaryimage\",\"url\":\"https:\\\/\\\/depeches241.com\\\/wp-content\\\/uploads\\\/2025\\\/06\\\/Massard-.jpg\",\"contentUrl\":\"https:\\\/\\\/depeches241.com\\\/wp-content\\\/uploads\\\/2025\\\/06\\\/Massard-.jpg\",\"width\":960,\"height\":540},{\"@type\":\"BreadcrumbList\",\"@id\":\"https:\\\/\\\/depeches241.com\\\/?p=24677#breadcrumb\",\"itemListElement\":[{\"@type\":\"ListItem\",\"position\":1,\"name\":\"Accueil\",\"item\":\"https:\\\/\\\/depeches241.com\\\/\"},{\"@type\":\"ListItem\",\"position\":2,\"name\":\"\u00c9tienne Massard Kabinda Makaga: des ors du pouvoir \u00e0 l\u2019exil administratif\"}]},{\"@type\":\"WebSite\",\"@id\":\"https:\\\/\\\/depeches241.com\\\/#website\",\"url\":\"https:\\\/\\\/depeches241.com\\\/\",\"name\":\"D\u00e9p\u00eaches241\",\"description\":\"M\u00e9dia d&#039;actualit\u00e9 Politique, \u00c9conomique, Sociale et Internationale\",\"publisher\":{\"@id\":\"https:\\\/\\\/depeches241.com\\\/#organization\"},\"potentialAction\":[{\"@type\":\"SearchAction\",\"target\":{\"@type\":\"EntryPoint\",\"urlTemplate\":\"https:\\\/\\\/depeches241.com\\\/?s={search_term_string}\"},\"query-input\":{\"@type\":\"PropertyValueSpecification\",\"valueRequired\":true,\"valueName\":\"search_term_string\"}}],\"inLanguage\":\"fr-FR\"},{\"@type\":\"Organization\",\"@id\":\"https:\\\/\\\/depeches241.com\\\/#organization\",\"name\":\"Groupe D\u00e9p\u00eaches241\",\"url\":\"https:\\\/\\\/depeches241.com\\\/\",\"logo\":{\"@type\":\"ImageObject\",\"inLanguage\":\"fr-FR\",\"@id\":\"https:\\\/\\\/depeches241.com\\\/#\\\/schema\\\/logo\\\/image\\\/\",\"url\":\"https:\\\/\\\/depeches241.com\\\/wp-content\\\/uploads\\\/2021\\\/10\\\/cropped-Logo-new-Accueil.png\",\"contentUrl\":\"https:\\\/\\\/depeches241.com\\\/wp-content\\\/uploads\\\/2021\\\/10\\\/cropped-Logo-new-Accueil.png\",\"width\":320,\"height\":105,\"caption\":\"Groupe D\u00e9p\u00eaches241\"},\"image\":{\"@id\":\"https:\\\/\\\/depeches241.com\\\/#\\\/schema\\\/logo\\\/image\\\/\"},\"sameAs\":[\"https:\\\/\\\/www.facebook.com\\\/depeches241\"]},{\"@type\":\"Person\",\"@id\":\"https:\\\/\\\/depeches241.com\\\/#\\\/schema\\\/person\\\/5abcf4b9361e0d8aa457b404d877674f\",\"name\":\"Iboka Marc Andr\u00e9\",\"image\":{\"@type\":\"ImageObject\",\"inLanguage\":\"fr-FR\",\"@id\":\"https:\\\/\\\/secure.gravatar.com\\\/avatar\\\/13c33935f0a59dd3c3a52ae25f58c248a1bf75f6e9ab4e6a7a23bfb8f9f53136?s=96&d=mm&r=g\",\"url\":\"https:\\\/\\\/secure.gravatar.com\\\/avatar\\\/13c33935f0a59dd3c3a52ae25f58c248a1bf75f6e9ab4e6a7a23bfb8f9f53136?s=96&d=mm&r=g\",\"contentUrl\":\"https:\\\/\\\/secure.gravatar.com\\\/avatar\\\/13c33935f0a59dd3c3a52ae25f58c248a1bf75f6e9ab4e6a7a23bfb8f9f53136?s=96&d=mm&r=g\",\"caption\":\"Iboka Marc Andr\u00e9\"},\"url\":\"https:\\\/\\\/depeches241.com\\\/?author=12\"}]}<\/script>\n<!-- \/ Yoast SEO plugin. -->","yoast_head_json":{"title":"\u00c9tienne Massard Kabinda Makaga: des ors du pouvoir \u00e0 l\u2019exil administratif - Groupe D\u00e9p\u00eaches241","description":"Le 20 juin 2025 a marqu\u00e9 un tournant symbolique dans la carri\u00e8re d\u2019\u00c9tienne Massard Kabinda Makaga, ancien ministre de la D\u00e9fense Nationale, Secr\u00e9taire G\u00e9n\u00e9ral de la Pr\u00e9sidence de R\u00e9publique et plusieurs fois responsable d\u2019institutions cl\u00e9s. Lors du dernier Conseil des Ministres, l\u2019ancien tout puissant collaborateur, faiseur de roi\u00a0 d\u2019Ali Bongo Ondimba a \u00e9t\u00e9 nomm\u00e9 conseiller technique au minist\u00e8re des Eaux et For\u00eats. Un poste nettement moins expos\u00e9 que ses pr\u00e9c\u00e9dentes fonctions minist\u00e9rielles et strat\u00e9giques qui en outre la chute de l\u2019un des anciens homme fort du 1er septennat du pr\u00e9sident d\u00e9chu","robots":{"index":"index","follow":"follow","max-snippet":"max-snippet:-1","max-image-preview":"max-image-preview:large","max-video-preview":"max-video-preview:-1"},"canonical":"https:\/\/depeches241.com\/?p=24677","og_locale":"fr_FR","og_type":"article","og_title":"\u00c9tienne Massard Kabinda Makaga: des ors du pouvoir \u00e0 l\u2019exil administratif - Groupe D\u00e9p\u00eaches241","og_description":"Le 20 juin 2025 a marqu\u00e9 un tournant symbolique dans la carri\u00e8re d\u2019\u00c9tienne Massard Kabinda Makaga, ancien ministre de la D\u00e9fense Nationale, Secr\u00e9taire G\u00e9n\u00e9ral de la Pr\u00e9sidence de R\u00e9publique et plusieurs fois responsable d\u2019institutions cl\u00e9s. Lors du dernier Conseil des Ministres, l\u2019ancien tout puissant collaborateur, faiseur de roi\u00a0 d\u2019Ali Bongo Ondimba a \u00e9t\u00e9 nomm\u00e9 conseiller technique au minist\u00e8re des Eaux et For\u00eats. Un poste nettement moins expos\u00e9 que ses pr\u00e9c\u00e9dentes fonctions minist\u00e9rielles et strat\u00e9giques qui en outre la chute de l\u2019un des anciens homme fort du 1er septennat du pr\u00e9sident d\u00e9chu","og_url":"https:\/\/depeches241.com\/?p=24677","og_site_name":"Groupe D\u00e9p\u00eaches241","article_publisher":"https:\/\/www.facebook.com\/depeches241","article_published_time":"2025-06-23T16:45:20+00:00","article_modified_time":"2025-06-23T16:54:42+00:00","og_image":[{"width":960,"height":540,"url":"http:\/\/depeches241.com\/wp-content\/uploads\/2025\/06\/Massard-.jpg","type":"image\/jpeg"}],"author":"Iboka Marc Andr\u00e9","twitter_card":"summary_large_image","twitter_misc":{"\u00c9crit par":"Iboka Marc Andr\u00e9","Dur\u00e9e de lecture estim\u00e9e":"2 minutes"},"schema":{"@context":"https:\/\/schema.org","@graph":[{"@type":"Article","@id":"https:\/\/depeches241.com\/?p=24677#article","isPartOf":{"@id":"https:\/\/depeches241.com\/?p=24677"},"author":{"name":"Iboka Marc Andr\u00e9","@id":"https:\/\/depeches241.com\/#\/schema\/person\/5abcf4b9361e0d8aa457b404d877674f"},"headline":"\u00c9tienne Massard Kabinda Makaga: des ors du pouvoir \u00e0 l\u2019exil administratif","datePublished":"2025-06-23T16:45:20+00:00","dateModified":"2025-06-23T16:54:42+00:00","mainEntityOfPage":{"@id":"https:\/\/depeches241.com\/?p=24677"},"wordCount":429,"commentCount":0,"publisher":{"@id":"https:\/\/depeches241.com\/#organization"},"image":{"@id":"https:\/\/depeches241.com\/?p=24677#primaryimage"},"thumbnailUrl":"https:\/\/depeches241.com\/wp-content\/uploads\/2025\/06\/Massard-.jpg","keywords":["Ali Bongo Ondimba","Conseil des ministres","depeches241","\u00c9tienne Massard Kabinda Makaga","Gabon","Politique"],"articleSection":["POLITIQUE","Une2"],"inLanguage":"fr-FR","potentialAction":[{"@type":"CommentAction","name":"Comment","target":["https:\/\/depeches241.com\/?p=24677#respond"]}]},{"@type":"WebPage","@id":"https:\/\/depeches241.com\/?p=24677","url":"https:\/\/depeches241.com\/?p=24677","name":"\u00c9tienne Massard Kabinda Makaga: des ors du pouvoir \u00e0 l\u2019exil administratif - Groupe D\u00e9p\u00eaches241","isPartOf":{"@id":"https:\/\/depeches241.com\/#website"},"primaryImageOfPage":{"@id":"https:\/\/depeches241.com\/?p=24677#primaryimage"},"image":{"@id":"https:\/\/depeches241.com\/?p=24677#primaryimage"},"thumbnailUrl":"https:\/\/depeches241.com\/wp-content\/uploads\/2025\/06\/Massard-.jpg","datePublished":"2025-06-23T16:45:20+00:00","dateModified":"2025-06-23T16:54:42+00:00","description":"Le 20 juin 2025 a marqu\u00e9 un tournant symbolique dans la carri\u00e8re d\u2019\u00c9tienne Massard Kabinda Makaga, ancien ministre de la D\u00e9fense Nationale, Secr\u00e9taire G\u00e9n\u00e9ral de la Pr\u00e9sidence de R\u00e9publique et plusieurs fois responsable d\u2019institutions cl\u00e9s. Lors du dernier Conseil des Ministres, l\u2019ancien tout puissant collaborateur, faiseur de roi\u00a0 d\u2019Ali Bongo Ondimba a \u00e9t\u00e9 nomm\u00e9 conseiller technique au minist\u00e8re des Eaux et For\u00eats. Un poste nettement moins expos\u00e9 que ses pr\u00e9c\u00e9dentes fonctions minist\u00e9rielles et strat\u00e9giques qui en outre la chute de l\u2019un des anciens homme fort du 1er septennat du pr\u00e9sident d\u00e9chu","breadcrumb":{"@id":"https:\/\/depeches241.com\/?p=24677#breadcrumb"},"inLanguage":"fr-FR","potentialAction":[{"@type":"ReadAction","target":["https:\/\/depeches241.com\/?p=24677"]}]},{"@type":"ImageObject","inLanguage":"fr-FR","@id":"https:\/\/depeches241.com\/?p=24677#primaryimage","url":"https:\/\/depeches241.com\/wp-content\/uploads\/2025\/06\/Massard-.jpg","contentUrl":"https:\/\/depeches241.com\/wp-content\/uploads\/2025\/06\/Massard-.jpg","width":960,"height":540},{"@type":"BreadcrumbList","@id":"https:\/\/depeches241.com\/?p=24677#breadcrumb","itemListElement":[{"@type":"ListItem","position":1,"name":"Accueil","item":"https:\/\/depeches241.com\/"},{"@type":"ListItem","position":2,"name":"\u00c9tienne Massard Kabinda Makaga: des ors du pouvoir \u00e0 l\u2019exil administratif"}]},{"@type":"WebSite","@id":"https:\/\/depeches241.com\/#website","url":"https:\/\/depeches241.com\/","name":"D\u00e9p\u00eaches241","description":"M\u00e9dia d&#039;actualit\u00e9 Politique, \u00c9conomique, Sociale et Internationale","publisher":{"@id":"https:\/\/depeches241.com\/#organization"},"potentialAction":[{"@type":"SearchAction","target":{"@type":"EntryPoint","urlTemplate":"https:\/\/depeches241.com\/?s={search_term_string}"},"query-input":{"@type":"PropertyValueSpecification","valueRequired":true,"valueName":"search_term_string"}}],"inLanguage":"fr-FR"},{"@type":"Organization","@id":"https:\/\/depeches241.com\/#organization","name":"Groupe D\u00e9p\u00eaches241","url":"https:\/\/depeches241.com\/","logo":{"@type":"ImageObject","inLanguage":"fr-FR","@id":"https:\/\/depeches241.com\/#\/schema\/logo\/image\/","url":"https:\/\/depeches241.com\/wp-content\/uploads\/2021\/10\/cropped-Logo-new-Accueil.png","contentUrl":"https:\/\/depeches241.com\/wp-content\/uploads\/2021\/10\/cropped-Logo-new-Accueil.png","width":320,"height":105,"caption":"Groupe D\u00e9p\u00eaches241"},"image":{"@id":"https:\/\/depeches241.com\/#\/schema\/logo\/image\/"},"sameAs":["https:\/\/www.facebook.com\/depeches241"]},{"@type":"Person","@id":"https:\/\/depeches241.com\/#\/schema\/person\/5abcf4b9361e0d8aa457b404d877674f","name":"Iboka Marc Andr\u00e9","image":{"@type":"ImageObject","inLanguage":"fr-FR","@id":"https:\/\/secure.gravatar.com\/avatar\/13c33935f0a59dd3c3a52ae25f58c248a1bf75f6e9ab4e6a7a23bfb8f9f53136?s=96&d=mm&r=g","url":"https:\/\/secure.gravatar.com\/avatar\/13c33935f0a59dd3c3a52ae25f58c248a1bf75f6e9ab4e6a7a23bfb8f9f53136?s=96&d=mm&r=g","contentUrl":"https:\/\/secure.gravatar.com\/avatar\/13c33935f0a59dd3c3a52ae25f58c248a1bf75f6e9ab4e6a7a23bfb8f9f53136?s=96&d=mm&r=g","caption":"Iboka Marc Andr\u00e9"},"url":"https:\/\/depeches241.com\/?author=12"}]}},"_links":{"self":[{"href":"https:\/\/depeches241.com\/index.php?rest_route=\/wp\/v2\/posts\/24677","targetHints":{"allow":["GET"]}}],"collection":[{"href":"https:\/\/depeches241.com\/index.php?rest_route=\/wp\/v2\/posts"}],"about":[{"href":"https:\/\/depeches241.com\/index.php?rest_route=\/wp\/v2\/types\/post"}],"author":[{"embeddable":true,"href":"https:\/\/depeches241.com\/index.php?rest_route=\/wp\/v2\/users\/12"}],"replies":[{"embeddable":true,"href":"https:\/\/depeches241.com\/index.php?rest_route=%2Fwp%2Fv2%2Fcomments&post=24677"}],"version-history":[{"count":6,"href":"https:\/\/depeches241.com\/index.php?rest_route=\/wp\/v2\/posts\/24677\/revisions"}],"predecessor-version":[{"id":24684,"href":"https:\/\/depeches241.com\/index.php?rest_route=\/wp\/v2\/posts\/24677\/revisions\/24684"}],"wp:featuredmedia":[{"embeddable":true,"href":"https:\/\/depeches241.com\/index.php?rest_route=\/wp\/v2\/media\/24678"}],"wp:attachment":[{"href":"https:\/\/depeches241.com\/index.php?rest_route=%2Fwp%2Fv2%2Fmedia&parent=24677"}],"wp:term":[{"taxonomy":"category","embeddable":true,"href":"https:\/\/depeches241.com\/index.php?rest_route=%2Fwp%2Fv2%2Fcategories&post=24677"},{"taxonomy":"post_tag","embeddable":true,"href":"https:\/\/depeches241.com\/index.php?rest_route=%2Fwp%2Fv2%2Ftags&post=24677"}],"curies":[{"name":"wp","href":"https:\/\/api.w.org\/{rel}","templated":true}]}}