{"id":25014,"date":"2025-07-13T15:36:50","date_gmt":"2025-07-13T13:36:50","guid":{"rendered":"https:\/\/depeches241.com\/?p=25014"},"modified":"2025-07-13T15:36:51","modified_gmt":"2025-07-13T13:36:51","slug":"gabon-quand-la-guerre-des-legitimites-dechire-lancien-parti-au-pouvoir","status":"publish","type":"post","link":"https:\/\/depeches241.com\/?p=25014","title":{"rendered":"Gabon: quand la guerre des l\u00e9gitimit\u00e9s d\u00e9chire l\u2019ancien parti au pouvoir\u00a0"},"content":{"rendered":"\n<figure class=\"wp-block-image size-full\"><img fetchpriority=\"high\" decoding=\"async\" width=\"960\" height=\"540\" src=\"https:\/\/depeches241.com\/wp-content\/uploads\/2025\/07\/PDG-en-ebulition-.jpg\" alt=\"\" class=\"wp-image-25015\" srcset=\"https:\/\/depeches241.com\/wp-content\/uploads\/2025\/07\/PDG-en-ebulition-.jpg 960w, https:\/\/depeches241.com\/wp-content\/uploads\/2025\/07\/PDG-en-ebulition--300x169.jpg 300w, https:\/\/depeches241.com\/wp-content\/uploads\/2025\/07\/PDG-en-ebulition--768x432.jpg 768w\" sizes=\"(max-width: 960px) 100vw, 960px\" \/><figcaption class=\"wp-element-caption\"><strong><em>La PDG fait face \u00e0 quelques mois des l\u00e9gislatives \u00e0 une guerre de leadership qui pourrait bien fragiliser les diff\u00e9rents camps <\/em><\/strong><em><strong>\u00a9<\/strong>D\u00e9p\u00eaches 241<\/em> <\/figcaption><\/figure>\n\n\n\n<p><strong>Libreville, le 13 Juillet 2025 &#8211; (D\u00e9p\u00eaches 241). Dans les coulisses feutr\u00e9es de l&rsquo;exil politique, une bataille juridique et symbolique fait rage au sein du Parti d\u00e9mocratique gabonais. Ali Akbar Onanga Y&rsquo;Obegue vient de frapper un grand coup en revendiquant officiellement le poste de Secr\u00e9taire g\u00e9n\u00e9ral du PDG, brandissant une nomination qu&rsquo;il affirme tenir directement d&rsquo;Ali Bongo Ondimba, Distingu\u00e9 Camarade Pr\u00e9sident du PDG dit traditionnel.&nbsp;<\/strong><\/p>\n\n\n\n<p class=\"has-drop-cap\">Le timing n&rsquo;est pas anodin. Alors que l&rsquo;ancien pr\u00e9sident gabonais, lib\u00e9r\u00e9 de son assignation \u00e0 r\u00e9sidence, tente de reprendre la main sur sa formation politique depuis l&rsquo;\u00e9tranger, une guerre des l\u00e9gitimit\u00e9s sans pr\u00e9c\u00e9dent secoue le parti au pouvoir.<\/p>\n\n\n\n<p>D&rsquo;un c\u00f4t\u00e9, Ali Akbar Onanga Y&rsquo;Obegue se pr\u00e9sente comme le gardien de la l\u00e9galit\u00e9 statutaire, fort d&rsquo;une nomination dat\u00e9e du 14 mai 2025 et paraph\u00e9e par celui qu&rsquo;il appelle encore le<strong><em> \u00ab Distingu\u00e9 Camarade Pr\u00e9sident \u00bb<\/em><\/strong>. De l&rsquo;autre, une direction qu&rsquo;il qualifie d&rsquo;usurpatrice port\u00e9e par Blaise Louembe tente de maintenir son emprise sur l&rsquo;appareil partisan, allant jusqu&rsquo;\u00e0 convoquer le nouveau secr\u00e9taire g\u00e9n\u00e9ral par huissier.&nbsp;<\/p>\n\n\n\n<p>Cette confrontation r\u00e9v\u00e8le les fractures profondes qui traversent le PDG depuis le coup d&rsquo;\u00c9tat du 30 ao\u00fbt 2023. Entre ceux qui ont choisi de composer avec la nouvelle donne politique en faisant all\u00e9geance \u00e0 Brice Clotaire Oligui Nguema et les fid\u00e8les de l&rsquo;ancien r\u00e9gime ind\u00e9fectibles d\u2019Ali Bongo Ondimba, la rupture semble consomm\u00e9e. Onanga Y&rsquo;Obegue ne s&rsquo;y trompe pas : il annonce que tous les actes pris par la direction actuelle depuis mars 2024 seront d\u00e9clar\u00e9s <strong><em>\u00ab nuls et de nul effet \u00bb.&nbsp;<\/em><\/strong><\/p>\n\n\n\n<p>L&rsquo;enjeu d\u00e9passe largement les querelles de personnes. Il s&rsquo;agit de d\u00e9terminer qui incarnera une partie de l\u2019opposition gabonaise face au pouvoir de transition. Onanga Y&rsquo;Obegue mise sur la nostalgie et la l\u00e9gitimit\u00e9 historique, promettant de <strong><em>\u00ab positionner fermement le PDG dans l&rsquo;opposition constructive \u00bb <\/em><\/strong>et de pr\u00e9parer les prochaines \u00e9ch\u00e9ances \u00e9lectorales.<\/p>\n\n\n\n<p>Mais cette strat\u00e9gie de reconqu\u00eate depuis l&rsquo;\u00e9tranger peut-elle s\u00e9duire une base militante fatigu\u00e9e par les divisions internes ? En invoquant la discipline et l&rsquo;unit\u00e9, le nouveau secr\u00e9taire g\u00e9n\u00e9ral semble parier sur la force des habitudes partisanes. Reste \u00e0 savoir si les militants gabonais sont pr\u00eats \u00e0 suivre une direction en exil dans cette nouvelle bataille pour l&rsquo;\u00e2me du PDG.<\/p>\n\n\n\n<p>La promesse d&rsquo;une prochaine allocution d&rsquo;Ali Bongo Ondimba laisse entrevoir un \u00e9pisode d\u00e9cisif dans cette guerre des l\u00e9gitimit\u00e9s. Pour l&rsquo;ancien parti au pouvoir, l&rsquo;heure est venue de choisir entre l&rsquo;adaptation et la r\u00e9sistance. <\/p>\n","protected":false},"excerpt":{"rendered":"<p>Libreville, le 13 Juillet 2025 &#8211; (D\u00e9p\u00eaches 241). Dans les coulisses feutr\u00e9es de l&rsquo;exil politique, une bataille juridique et symbolique fait rage au sein du Parti d\u00e9mocratique gabonais. Ali Akbar Onanga Y&rsquo;Obegue vient de frapper un grand coup en revendiquant officiellement le poste de Secr\u00e9taire g\u00e9n\u00e9ral du PDG, brandissant une [&hellip;]<\/p>\n","protected":false},"author":12,"featured_media":25015,"comment_status":"open","ping_status":"open","sticky":false,"template":"","format":"standard","meta":{"om_disable_all_campaigns":false,"footnotes":""},"categories":[28,3,116],"tags":[4598,157,60,99,59,2483,73],"class_list":{"0":"post-25014","1":"post","2":"type-post","3":"status-publish","4":"format-standard","5":"has-post-thumbnail","7":"category-partis-politiques","8":"category-politique","9":"category-une1","10":"tag-ali-akbar-onanga-yobegue","11":"tag-ali-bongo-ondimba","12":"tag-blaise-louembe","13":"tag-depeches241","14":"tag-gabon","15":"tag-parti-democratique-gabonais-pdg","16":"tag-politique"},"yoast_head":"<!-- This site is optimized with the Yoast SEO plugin v27.5 - https:\/\/yoast.com\/product\/yoast-seo-wordpress\/ -->\n<title>Gabon: quand la guerre des l\u00e9gitimit\u00e9s d\u00e9chire l\u2019ancien parti au pouvoir\u00a0 - Groupe D\u00e9p\u00eaches241<\/title>\n<meta name=\"description\" content=\"Dans les coulisses feutr\u00e9es de l&#039;exil politique, une bataille juridique et symbolique fait rage au sein du Parti d\u00e9mocratique gabonais. Ali Akbar Onanga Y&#039;Obegue vient de frapper un grand coup en revendiquant officiellement le poste de Secr\u00e9taire g\u00e9n\u00e9ral du PDG, brandissant une nomination qu&#039;il affirme tenir directement d&#039;Ali Bongo Ondimba, Distingu\u00e9 Camarade Pr\u00e9sident du PDG dit traditionnel.\u00a0\" \/>\n<meta name=\"robots\" content=\"index, follow, max-snippet:-1, max-image-preview:large, max-video-preview:-1\" \/>\n<link rel=\"canonical\" href=\"https:\/\/depeches241.com\/?p=25014\" \/>\n<meta property=\"og:locale\" content=\"fr_FR\" \/>\n<meta property=\"og:type\" content=\"article\" \/>\n<meta property=\"og:title\" content=\"Gabon: quand la guerre des l\u00e9gitimit\u00e9s d\u00e9chire l\u2019ancien parti au pouvoir\u00a0 - Groupe D\u00e9p\u00eaches241\" \/>\n<meta property=\"og:description\" content=\"Dans les coulisses feutr\u00e9es de l&#039;exil politique, une bataille juridique et symbolique fait rage au sein du Parti d\u00e9mocratique gabonais. Ali Akbar Onanga Y&#039;Obegue vient de frapper un grand coup en revendiquant officiellement le poste de Secr\u00e9taire g\u00e9n\u00e9ral du PDG, brandissant une nomination qu&#039;il affirme tenir directement d&#039;Ali Bongo Ondimba, Distingu\u00e9 Camarade Pr\u00e9sident du PDG dit traditionnel.\u00a0\" \/>\n<meta property=\"og:url\" content=\"https:\/\/depeches241.com\/?p=25014\" \/>\n<meta property=\"og:site_name\" content=\"Groupe D\u00e9p\u00eaches241\" \/>\n<meta property=\"article:publisher\" content=\"https:\/\/www.facebook.com\/depeches241\" \/>\n<meta property=\"article:published_time\" content=\"2025-07-13T13:36:50+00:00\" \/>\n<meta property=\"article:modified_time\" content=\"2025-07-13T13:36:51+00:00\" \/>\n<meta property=\"og:image\" content=\"http:\/\/depeches241.com\/wp-content\/uploads\/2025\/07\/PDG-en-ebulition-.jpg\" \/>\n\t<meta property=\"og:image:width\" content=\"960\" \/>\n\t<meta property=\"og:image:height\" content=\"540\" \/>\n\t<meta property=\"og:image:type\" content=\"image\/jpeg\" \/>\n<meta name=\"author\" content=\"Iboka Marc Andr\u00e9\" \/>\n<meta name=\"twitter:card\" content=\"summary_large_image\" \/>\n<meta name=\"twitter:label1\" content=\"\u00c9crit par\" \/>\n\t<meta name=\"twitter:data1\" content=\"Iboka Marc Andr\u00e9\" \/>\n\t<meta name=\"twitter:label2\" content=\"Dur\u00e9e de lecture estim\u00e9e\" \/>\n\t<meta name=\"twitter:data2\" content=\"2 minutes\" \/>\n<script type=\"application\/ld+json\" class=\"yoast-schema-graph\">{\"@context\":\"https:\\\/\\\/schema.org\",\"@graph\":[{\"@type\":\"Article\",\"@id\":\"https:\\\/\\\/depeches241.com\\\/?p=25014#article\",\"isPartOf\":{\"@id\":\"https:\\\/\\\/depeches241.com\\\/?p=25014\"},\"author\":{\"name\":\"Iboka Marc Andr\u00e9\",\"@id\":\"https:\\\/\\\/depeches241.com\\\/#\\\/schema\\\/person\\\/5abcf4b9361e0d8aa457b404d877674f\"},\"headline\":\"Gabon: quand la guerre des l\u00e9gitimit\u00e9s d\u00e9chire l\u2019ancien parti au pouvoir\u00a0\",\"datePublished\":\"2025-07-13T13:36:50+00:00\",\"dateModified\":\"2025-07-13T13:36:51+00:00\",\"mainEntityOfPage\":{\"@id\":\"https:\\\/\\\/depeches241.com\\\/?p=25014\"},\"wordCount\":472,\"commentCount\":0,\"publisher\":{\"@id\":\"https:\\\/\\\/depeches241.com\\\/#organization\"},\"image\":{\"@id\":\"https:\\\/\\\/depeches241.com\\\/?p=25014#primaryimage\"},\"thumbnailUrl\":\"https:\\\/\\\/depeches241.com\\\/wp-content\\\/uploads\\\/2025\\\/07\\\/PDG-en-ebulition-.jpg\",\"keywords\":[\"Ali Akbar Onanga y'Obegue\",\"Ali Bongo Ondimba\",\"Blaise Louembe\",\"depeches241\",\"Gabon\",\"Parti D\u00e9mocratique Gabonais (PDG)\",\"Politique\"],\"articleSection\":[\"PARTIS POLITIQUES\",\"POLITIQUE\",\"Une1\"],\"inLanguage\":\"fr-FR\",\"potentialAction\":[{\"@type\":\"CommentAction\",\"name\":\"Comment\",\"target\":[\"https:\\\/\\\/depeches241.com\\\/?p=25014#respond\"]}]},{\"@type\":\"WebPage\",\"@id\":\"https:\\\/\\\/depeches241.com\\\/?p=25014\",\"url\":\"https:\\\/\\\/depeches241.com\\\/?p=25014\",\"name\":\"Gabon: quand la guerre des l\u00e9gitimit\u00e9s d\u00e9chire l\u2019ancien parti au pouvoir\u00a0 - Groupe D\u00e9p\u00eaches241\",\"isPartOf\":{\"@id\":\"https:\\\/\\\/depeches241.com\\\/#website\"},\"primaryImageOfPage\":{\"@id\":\"https:\\\/\\\/depeches241.com\\\/?p=25014#primaryimage\"},\"image\":{\"@id\":\"https:\\\/\\\/depeches241.com\\\/?p=25014#primaryimage\"},\"thumbnailUrl\":\"https:\\\/\\\/depeches241.com\\\/wp-content\\\/uploads\\\/2025\\\/07\\\/PDG-en-ebulition-.jpg\",\"datePublished\":\"2025-07-13T13:36:50+00:00\",\"dateModified\":\"2025-07-13T13:36:51+00:00\",\"description\":\"Dans les coulisses feutr\u00e9es de l'exil politique, une bataille juridique et symbolique fait rage au sein du Parti d\u00e9mocratique gabonais. Ali Akbar Onanga Y'Obegue vient de frapper un grand coup en revendiquant officiellement le poste de Secr\u00e9taire g\u00e9n\u00e9ral du PDG, brandissant une nomination qu'il affirme tenir directement d'Ali Bongo Ondimba, Distingu\u00e9 Camarade Pr\u00e9sident du PDG dit traditionnel.\u00a0\",\"breadcrumb\":{\"@id\":\"https:\\\/\\\/depeches241.com\\\/?p=25014#breadcrumb\"},\"inLanguage\":\"fr-FR\",\"potentialAction\":[{\"@type\":\"ReadAction\",\"target\":[\"https:\\\/\\\/depeches241.com\\\/?p=25014\"]}]},{\"@type\":\"ImageObject\",\"inLanguage\":\"fr-FR\",\"@id\":\"https:\\\/\\\/depeches241.com\\\/?p=25014#primaryimage\",\"url\":\"https:\\\/\\\/depeches241.com\\\/wp-content\\\/uploads\\\/2025\\\/07\\\/PDG-en-ebulition-.jpg\",\"contentUrl\":\"https:\\\/\\\/depeches241.com\\\/wp-content\\\/uploads\\\/2025\\\/07\\\/PDG-en-ebulition-.jpg\",\"width\":960,\"height\":540},{\"@type\":\"BreadcrumbList\",\"@id\":\"https:\\\/\\\/depeches241.com\\\/?p=25014#breadcrumb\",\"itemListElement\":[{\"@type\":\"ListItem\",\"position\":1,\"name\":\"Accueil\",\"item\":\"https:\\\/\\\/depeches241.com\\\/\"},{\"@type\":\"ListItem\",\"position\":2,\"name\":\"Gabon: quand la guerre des l\u00e9gitimit\u00e9s d\u00e9chire l\u2019ancien parti au pouvoir\u00a0\"}]},{\"@type\":\"WebSite\",\"@id\":\"https:\\\/\\\/depeches241.com\\\/#website\",\"url\":\"https:\\\/\\\/depeches241.com\\\/\",\"name\":\"D\u00e9p\u00eaches241\",\"description\":\"M\u00e9dia d&#039;actualit\u00e9 Politique, \u00c9conomique, Sociale et Internationale\",\"publisher\":{\"@id\":\"https:\\\/\\\/depeches241.com\\\/#organization\"},\"potentialAction\":[{\"@type\":\"SearchAction\",\"target\":{\"@type\":\"EntryPoint\",\"urlTemplate\":\"https:\\\/\\\/depeches241.com\\\/?s={search_term_string}\"},\"query-input\":{\"@type\":\"PropertyValueSpecification\",\"valueRequired\":true,\"valueName\":\"search_term_string\"}}],\"inLanguage\":\"fr-FR\"},{\"@type\":\"Organization\",\"@id\":\"https:\\\/\\\/depeches241.com\\\/#organization\",\"name\":\"Groupe D\u00e9p\u00eaches241\",\"url\":\"https:\\\/\\\/depeches241.com\\\/\",\"logo\":{\"@type\":\"ImageObject\",\"inLanguage\":\"fr-FR\",\"@id\":\"https:\\\/\\\/depeches241.com\\\/#\\\/schema\\\/logo\\\/image\\\/\",\"url\":\"https:\\\/\\\/depeches241.com\\\/wp-content\\\/uploads\\\/2021\\\/10\\\/cropped-Logo-new-Accueil.png\",\"contentUrl\":\"https:\\\/\\\/depeches241.com\\\/wp-content\\\/uploads\\\/2021\\\/10\\\/cropped-Logo-new-Accueil.png\",\"width\":320,\"height\":105,\"caption\":\"Groupe D\u00e9p\u00eaches241\"},\"image\":{\"@id\":\"https:\\\/\\\/depeches241.com\\\/#\\\/schema\\\/logo\\\/image\\\/\"},\"sameAs\":[\"https:\\\/\\\/www.facebook.com\\\/depeches241\"]},{\"@type\":\"Person\",\"@id\":\"https:\\\/\\\/depeches241.com\\\/#\\\/schema\\\/person\\\/5abcf4b9361e0d8aa457b404d877674f\",\"name\":\"Iboka Marc Andr\u00e9\",\"image\":{\"@type\":\"ImageObject\",\"inLanguage\":\"fr-FR\",\"@id\":\"https:\\\/\\\/secure.gravatar.com\\\/avatar\\\/13c33935f0a59dd3c3a52ae25f58c248a1bf75f6e9ab4e6a7a23bfb8f9f53136?s=96&d=mm&r=g\",\"url\":\"https:\\\/\\\/secure.gravatar.com\\\/avatar\\\/13c33935f0a59dd3c3a52ae25f58c248a1bf75f6e9ab4e6a7a23bfb8f9f53136?s=96&d=mm&r=g\",\"contentUrl\":\"https:\\\/\\\/secure.gravatar.com\\\/avatar\\\/13c33935f0a59dd3c3a52ae25f58c248a1bf75f6e9ab4e6a7a23bfb8f9f53136?s=96&d=mm&r=g\",\"caption\":\"Iboka Marc Andr\u00e9\"},\"url\":\"https:\\\/\\\/depeches241.com\\\/?author=12\"}]}<\/script>\n<!-- \/ Yoast SEO plugin. -->","yoast_head_json":{"title":"Gabon: quand la guerre des l\u00e9gitimit\u00e9s d\u00e9chire l\u2019ancien parti au pouvoir\u00a0 - Groupe D\u00e9p\u00eaches241","description":"Dans les coulisses feutr\u00e9es de l'exil politique, une bataille juridique et symbolique fait rage au sein du Parti d\u00e9mocratique gabonais. Ali Akbar Onanga Y'Obegue vient de frapper un grand coup en revendiquant officiellement le poste de Secr\u00e9taire g\u00e9n\u00e9ral du PDG, brandissant une nomination qu'il affirme tenir directement d'Ali Bongo Ondimba, Distingu\u00e9 Camarade Pr\u00e9sident du PDG dit traditionnel.\u00a0","robots":{"index":"index","follow":"follow","max-snippet":"max-snippet:-1","max-image-preview":"max-image-preview:large","max-video-preview":"max-video-preview:-1"},"canonical":"https:\/\/depeches241.com\/?p=25014","og_locale":"fr_FR","og_type":"article","og_title":"Gabon: quand la guerre des l\u00e9gitimit\u00e9s d\u00e9chire l\u2019ancien parti au pouvoir\u00a0 - Groupe D\u00e9p\u00eaches241","og_description":"Dans les coulisses feutr\u00e9es de l'exil politique, une bataille juridique et symbolique fait rage au sein du Parti d\u00e9mocratique gabonais. Ali Akbar Onanga Y'Obegue vient de frapper un grand coup en revendiquant officiellement le poste de Secr\u00e9taire g\u00e9n\u00e9ral du PDG, brandissant une nomination qu'il affirme tenir directement d'Ali Bongo Ondimba, Distingu\u00e9 Camarade Pr\u00e9sident du PDG dit traditionnel.\u00a0","og_url":"https:\/\/depeches241.com\/?p=25014","og_site_name":"Groupe D\u00e9p\u00eaches241","article_publisher":"https:\/\/www.facebook.com\/depeches241","article_published_time":"2025-07-13T13:36:50+00:00","article_modified_time":"2025-07-13T13:36:51+00:00","og_image":[{"width":960,"height":540,"url":"http:\/\/depeches241.com\/wp-content\/uploads\/2025\/07\/PDG-en-ebulition-.jpg","type":"image\/jpeg"}],"author":"Iboka Marc Andr\u00e9","twitter_card":"summary_large_image","twitter_misc":{"\u00c9crit par":"Iboka Marc Andr\u00e9","Dur\u00e9e de lecture estim\u00e9e":"2 minutes"},"schema":{"@context":"https:\/\/schema.org","@graph":[{"@type":"Article","@id":"https:\/\/depeches241.com\/?p=25014#article","isPartOf":{"@id":"https:\/\/depeches241.com\/?p=25014"},"author":{"name":"Iboka Marc Andr\u00e9","@id":"https:\/\/depeches241.com\/#\/schema\/person\/5abcf4b9361e0d8aa457b404d877674f"},"headline":"Gabon: quand la guerre des l\u00e9gitimit\u00e9s d\u00e9chire l\u2019ancien parti au pouvoir\u00a0","datePublished":"2025-07-13T13:36:50+00:00","dateModified":"2025-07-13T13:36:51+00:00","mainEntityOfPage":{"@id":"https:\/\/depeches241.com\/?p=25014"},"wordCount":472,"commentCount":0,"publisher":{"@id":"https:\/\/depeches241.com\/#organization"},"image":{"@id":"https:\/\/depeches241.com\/?p=25014#primaryimage"},"thumbnailUrl":"https:\/\/depeches241.com\/wp-content\/uploads\/2025\/07\/PDG-en-ebulition-.jpg","keywords":["Ali Akbar Onanga y'Obegue","Ali Bongo Ondimba","Blaise Louembe","depeches241","Gabon","Parti D\u00e9mocratique Gabonais (PDG)","Politique"],"articleSection":["PARTIS POLITIQUES","POLITIQUE","Une1"],"inLanguage":"fr-FR","potentialAction":[{"@type":"CommentAction","name":"Comment","target":["https:\/\/depeches241.com\/?p=25014#respond"]}]},{"@type":"WebPage","@id":"https:\/\/depeches241.com\/?p=25014","url":"https:\/\/depeches241.com\/?p=25014","name":"Gabon: quand la guerre des l\u00e9gitimit\u00e9s d\u00e9chire l\u2019ancien parti au pouvoir\u00a0 - Groupe D\u00e9p\u00eaches241","isPartOf":{"@id":"https:\/\/depeches241.com\/#website"},"primaryImageOfPage":{"@id":"https:\/\/depeches241.com\/?p=25014#primaryimage"},"image":{"@id":"https:\/\/depeches241.com\/?p=25014#primaryimage"},"thumbnailUrl":"https:\/\/depeches241.com\/wp-content\/uploads\/2025\/07\/PDG-en-ebulition-.jpg","datePublished":"2025-07-13T13:36:50+00:00","dateModified":"2025-07-13T13:36:51+00:00","description":"Dans les coulisses feutr\u00e9es de l'exil politique, une bataille juridique et symbolique fait rage au sein du Parti d\u00e9mocratique gabonais. Ali Akbar Onanga Y'Obegue vient de frapper un grand coup en revendiquant officiellement le poste de Secr\u00e9taire g\u00e9n\u00e9ral du PDG, brandissant une nomination qu'il affirme tenir directement d'Ali Bongo Ondimba, Distingu\u00e9 Camarade Pr\u00e9sident du PDG dit traditionnel.\u00a0","breadcrumb":{"@id":"https:\/\/depeches241.com\/?p=25014#breadcrumb"},"inLanguage":"fr-FR","potentialAction":[{"@type":"ReadAction","target":["https:\/\/depeches241.com\/?p=25014"]}]},{"@type":"ImageObject","inLanguage":"fr-FR","@id":"https:\/\/depeches241.com\/?p=25014#primaryimage","url":"https:\/\/depeches241.com\/wp-content\/uploads\/2025\/07\/PDG-en-ebulition-.jpg","contentUrl":"https:\/\/depeches241.com\/wp-content\/uploads\/2025\/07\/PDG-en-ebulition-.jpg","width":960,"height":540},{"@type":"BreadcrumbList","@id":"https:\/\/depeches241.com\/?p=25014#breadcrumb","itemListElement":[{"@type":"ListItem","position":1,"name":"Accueil","item":"https:\/\/depeches241.com\/"},{"@type":"ListItem","position":2,"name":"Gabon: quand la guerre des l\u00e9gitimit\u00e9s d\u00e9chire l\u2019ancien parti au pouvoir\u00a0"}]},{"@type":"WebSite","@id":"https:\/\/depeches241.com\/#website","url":"https:\/\/depeches241.com\/","name":"D\u00e9p\u00eaches241","description":"M\u00e9dia d&#039;actualit\u00e9 Politique, \u00c9conomique, Sociale et Internationale","publisher":{"@id":"https:\/\/depeches241.com\/#organization"},"potentialAction":[{"@type":"SearchAction","target":{"@type":"EntryPoint","urlTemplate":"https:\/\/depeches241.com\/?s={search_term_string}"},"query-input":{"@type":"PropertyValueSpecification","valueRequired":true,"valueName":"search_term_string"}}],"inLanguage":"fr-FR"},{"@type":"Organization","@id":"https:\/\/depeches241.com\/#organization","name":"Groupe D\u00e9p\u00eaches241","url":"https:\/\/depeches241.com\/","logo":{"@type":"ImageObject","inLanguage":"fr-FR","@id":"https:\/\/depeches241.com\/#\/schema\/logo\/image\/","url":"https:\/\/depeches241.com\/wp-content\/uploads\/2021\/10\/cropped-Logo-new-Accueil.png","contentUrl":"https:\/\/depeches241.com\/wp-content\/uploads\/2021\/10\/cropped-Logo-new-Accueil.png","width":320,"height":105,"caption":"Groupe D\u00e9p\u00eaches241"},"image":{"@id":"https:\/\/depeches241.com\/#\/schema\/logo\/image\/"},"sameAs":["https:\/\/www.facebook.com\/depeches241"]},{"@type":"Person","@id":"https:\/\/depeches241.com\/#\/schema\/person\/5abcf4b9361e0d8aa457b404d877674f","name":"Iboka Marc Andr\u00e9","image":{"@type":"ImageObject","inLanguage":"fr-FR","@id":"https:\/\/secure.gravatar.com\/avatar\/13c33935f0a59dd3c3a52ae25f58c248a1bf75f6e9ab4e6a7a23bfb8f9f53136?s=96&d=mm&r=g","url":"https:\/\/secure.gravatar.com\/avatar\/13c33935f0a59dd3c3a52ae25f58c248a1bf75f6e9ab4e6a7a23bfb8f9f53136?s=96&d=mm&r=g","contentUrl":"https:\/\/secure.gravatar.com\/avatar\/13c33935f0a59dd3c3a52ae25f58c248a1bf75f6e9ab4e6a7a23bfb8f9f53136?s=96&d=mm&r=g","caption":"Iboka Marc Andr\u00e9"},"url":"https:\/\/depeches241.com\/?author=12"}]}},"_links":{"self":[{"href":"https:\/\/depeches241.com\/index.php?rest_route=\/wp\/v2\/posts\/25014","targetHints":{"allow":["GET"]}}],"collection":[{"href":"https:\/\/depeches241.com\/index.php?rest_route=\/wp\/v2\/posts"}],"about":[{"href":"https:\/\/depeches241.com\/index.php?rest_route=\/wp\/v2\/types\/post"}],"author":[{"embeddable":true,"href":"https:\/\/depeches241.com\/index.php?rest_route=\/wp\/v2\/users\/12"}],"replies":[{"embeddable":true,"href":"https:\/\/depeches241.com\/index.php?rest_route=%2Fwp%2Fv2%2Fcomments&post=25014"}],"version-history":[{"count":1,"href":"https:\/\/depeches241.com\/index.php?rest_route=\/wp\/v2\/posts\/25014\/revisions"}],"predecessor-version":[{"id":25016,"href":"https:\/\/depeches241.com\/index.php?rest_route=\/wp\/v2\/posts\/25014\/revisions\/25016"}],"wp:featuredmedia":[{"embeddable":true,"href":"https:\/\/depeches241.com\/index.php?rest_route=\/wp\/v2\/media\/25015"}],"wp:attachment":[{"href":"https:\/\/depeches241.com\/index.php?rest_route=%2Fwp%2Fv2%2Fmedia&parent=25014"}],"wp:term":[{"taxonomy":"category","embeddable":true,"href":"https:\/\/depeches241.com\/index.php?rest_route=%2Fwp%2Fv2%2Fcategories&post=25014"},{"taxonomy":"post_tag","embeddable":true,"href":"https:\/\/depeches241.com\/index.php?rest_route=%2Fwp%2Fv2%2Ftags&post=25014"}],"curies":[{"name":"wp","href":"https:\/\/api.w.org\/{rel}","templated":true}]}}