{"id":25754,"date":"2025-08-26T19:42:04","date_gmt":"2025-08-26T17:42:04","guid":{"rendered":"https:\/\/depeches241.com\/?p=25754"},"modified":"2025-08-26T19:48:58","modified_gmt":"2025-08-26T17:48:58","slug":"incongruite-des-candidatures-aminata-ondo-ou-udb-pdg-la-partialite-et-la-passivite-de-la-cnocer-exposees","status":"publish","type":"post","link":"https:\/\/depeches241.com\/?p=25754","title":{"rendered":"Incongruit\u00e9 des candidatures Aminata Ondo ou UDB-PDG : la partialit\u00e9 et la passivit\u00e9 de la CNOCER expos\u00e9es ?"},"content":{"rendered":"\n<figure class=\"wp-block-image size-full\"><img fetchpriority=\"high\" decoding=\"async\" width=\"960\" height=\"540\" src=\"https:\/\/depeches241.com\/wp-content\/uploads\/2025\/08\/aminata-et-la-Cnocer-.jpg\" alt=\"\" class=\"wp-image-25755\" srcset=\"https:\/\/depeches241.com\/wp-content\/uploads\/2025\/08\/aminata-et-la-Cnocer-.jpg 960w, https:\/\/depeches241.com\/wp-content\/uploads\/2025\/08\/aminata-et-la-Cnocer--300x169.jpg 300w, https:\/\/depeches241.com\/wp-content\/uploads\/2025\/08\/aminata-et-la-Cnocer--768x432.jpg 768w\" sizes=\"(max-width: 960px) 100vw, 960px\" \/><figcaption class=\"wp-element-caption\"><strong><em>La CNOCER attendue dans le traitement des dossiers incongrus comme les alliances UBD-PDG ou les contorsions d&rsquo;Aminata Ondo  <\/em><\/strong><em><em>\u00a9&nbsp;D\u00e9p\u00eaches 241<\/em><\/em> <\/figcaption><\/figure>\n\n\n\n<p><strong>Libreville, le 26 ao\u00fbt 2025 &#8211; (D\u00e9p\u00eaches 241). La r\u00e9cente publication des listes de candidatures pour les \u00e9lections l\u00e9gislatives et locales met une nouvelle fois en lumi\u00e8re les incoh\u00e9rences dans la gestion des dossiers par la Commission Nationale d\u2019Organisation des \u00c9lections et du R\u00e9f\u00e9rendum (CNOCER). Loin de donner des gages de rigueur et de transparence, l\u2019institution a plut\u00f4t offert \u00e0 l\u2019opinion publique un spectacle d\u2019amateurisme inqui\u00e9tant. La validation de dossiers entach\u00e9s d\u2019irr\u00e9gularit\u00e9s fait planer un doute s\u00e9rieux sur la qualit\u00e9 du processus \u00e9lectoral et sur la sinc\u00e9rit\u00e9 des r\u00e9sultats \u00e0 venir.<\/strong><\/p>\n\n\n\n<p class=\"has-drop-cap\">L\u2019exemple le plus \u00e9difiant reste celui d\u2019Aminata Ondo, figure de la soci\u00e9t\u00e9 civile, qui se retrouve \u00e0 la fois candidate ind\u00e9pendante aux l\u00e9gislatives et inscrite sur la liste du parti pr\u00e9sidentiel, l\u2019Union D\u00e9mocratique des B\u00e2tisseurs (UDB), pour les locales dans la m\u00eame circonscription. Un cas ubuesque, in\u00e9dit dans l\u2019histoire \u00e9lectorale du Gabon, et en totale contradiction avec la nouvelle loi \u00e9lectorale, notamment son article 52, qui encadre strictement les coalitions et les candidatures communes. Au lieu d\u2019\u00e9clairer l\u2019opinion, la CNOCER a choisi le silence, accentuant ainsi les soup\u00e7ons d\u2019une strat\u00e9gie d\u00e9lib\u00e9r\u00e9e visant \u00e0 brouiller le jeu d\u00e9mocratique.<\/p>\n\n\n\n<p>Il est d\u00e9sormais difficile de croire \u00e0 la simple erreur administrative. Tout pourrait indiquer au contraire une volont\u00e9 m\u00e9thodique de manipuler le processus. Plusieurs t\u00e9moignages font \u00e9tat de dossiers volontairement \u00e9cart\u00e9s ou vid\u00e9s de pi\u00e8ces pour certains candidats jug\u00e9s r\u00e9fractaires ou hostiles au pouvoir actuel, et ce, apr\u00e8s d\u00e9livrance d\u2019un r\u00e9c\u00e9piss\u00e9 t\u00e9moignant de la compl\u00e9tude des dossiers. Cette pratique, si elle se confirme, traduit une d\u00e9rive autoritaire de l\u2019organe \u00e9lectoral, qui semble agir sous des influences partisanes envers les personnalit\u00e9s proches du pouvoir plut\u00f4t que dans le respect de la loi.<\/p>\n\n\n\n<p>Ce comportement laisse craindre une partialit\u00e9 assum\u00e9e de la CNOCER, qui ne se limiterait plus \u00e0 l\u2019inertie mais s\u2019affirmerait comme un acteur du d\u00e9sordre \u00e9lectoral. En foulant aux pieds les principes d\u2019impartialit\u00e9 et d\u2019\u00e9galit\u00e9 de traitement, ses membres hypoth\u00e8quent l\u2019\u00c9tat de droit, fragilisent la d\u00e9mocratie et s\u2019attaquent directement \u00e0 l\u2019\u00e9lan de renouveau promis par les nouvelles autorit\u00e9s apr\u00e8s le coup d\u2019\u00c9tat du 30 ao\u00fbt 2023. Loin d\u2019incarner le changement esp\u00e9r\u00e9, la CNOCER donne l\u2019image d\u2019une institution fig\u00e9e dans les pratiques opaques du r\u00e9gime d\u00e9chu.<\/p>\n\n\n\n<p><strong>La CNOCER et le Minist\u00e8re de l\u2019Int\u00e9rieur \u00e0 l\u2019\u00e9preuve de la mise en garde du pr\u00e9sident de la R\u00e9publique&nbsp;<\/strong><\/p>\n\n\n\n<p>\u00c0 terme, l\u2019affaire Aminata Ondo pourrait devenir un symbole du d\u00e9voiement de la Transition politique. Car derri\u00e8re cette incongruit\u00e9, c\u2019est toute la cr\u00e9dibilit\u00e9 des prochaines \u00e9lections qui se joue. Une \u00e9lection entach\u00e9e de soup\u00e7ons et d\u2019irr\u00e9gularit\u00e9s ne peut produire ni l\u00e9gitimit\u00e9 ni stabilit\u00e9. Si le pouvoir en place ne rectifie pas le tir, il portera la responsabilit\u00e9 d\u2019avoir trahi l\u2019espoir d\u2019un peuple d\u00e9j\u00e0 trop souvent tromp\u00e9.<\/p>\n\n\n\n<p>Ainsi, l\u2019affaire de la candidature d\u2019Aminata Ondo semble ne pas \u00eatre une simple anomalie administrative: elle met \u00e0 nu la passivit\u00e9 et la partialit\u00e9 de la CNOCER. En s\u2019illustrant par des pratiques qui rappellent les travers du pass\u00e9, voire pire, cette institution fragilise la confiance des citoyens et compromet le d\u00e9licat processus de reconstruction politique.&nbsp;Si rien n\u2019est fait pour corriger ces d\u00e9rives, le Gabon risque de retomber dans les cycles d\u2019instabilit\u00e9 et de contestation qu\u2019il pr\u00e9tendait avoir d\u00e9pass\u00e9s.&nbsp;<\/p>\n\n\n\n<p>Une d\u00e9rive d\u00e9mocratique&nbsp; que ne saurait accepter le pr\u00e9sident de la R\u00e9publique, Chef du gouvernement Brice Clotaire Oligui Nguema, lequel \u00e0 travers une sortie d\u2019une clart\u00e9 inou\u00efe a invit\u00e9 avec une certaine fermet\u00e9, le Minist\u00e8re de l\u2019Int\u00e9rieur \u00e0 revoir la copie et \u00e0 corriger ces incoh\u00e9rences. <strong><em>\u00ab Je le dis avec fermet\u00e9 : ces incongruit\u00e9s si tant est, qu&rsquo;elles&nbsp; sont av\u00e9r\u00e9es sont&nbsp; inacceptables. Elles portent atteinte \u00e0 l\u2019\u00e9quit\u00e9 du processus \u00e9lectoral et sapent les fondements m\u00eames de notre d\u00e9mocratie. La transparence, la rigueur et le respect des r\u00e8gles r\u00e9publicaines ne sont pas n\u00e9gociables \u00bb, <\/em><\/strong>a-t-il fait savoir.&nbsp;&nbsp;<\/p>\n\n\n\n<p>Herman Immongault va-t-il ignorer cette interpellation ou mise en garde ou va-t-il r\u00e9gler la mire avant la fin du processus de validation des candidatures ? La question reste enti\u00e8re. <\/p>\n","protected":false},"excerpt":{"rendered":"<p>Libreville, le 26 ao\u00fbt 2025 &#8211; (D\u00e9p\u00eaches 241). La r\u00e9cente publication des listes de candidatures pour les \u00e9lections l\u00e9gislatives et locales met une nouvelle fois en lumi\u00e8re les incoh\u00e9rences dans la gestion des dossiers par la Commission Nationale d\u2019Organisation des \u00c9lections et du R\u00e9f\u00e9rendum (CNOCER). Loin de donner des gages [&hellip;]<\/p>\n","protected":false},"author":12,"featured_media":25755,"comment_status":"open","ping_status":"open","sticky":false,"template":"","format":"standard","meta":{"om_disable_all_campaigns":false,"footnotes":""},"categories":[3,116],"tags":[3975,4971,99,59,5113,73,5109],"class_list":{"0":"post-25754","1":"post","2":"type-post","3":"status-publish","4":"format-standard","5":"has-post-thumbnail","7":"category-politique","8":"category-une1","9":"tag-aminata-ondo","10":"tag-cnocer","11":"tag-depeches241","12":"tag-gabon","13":"tag-irregulaites","14":"tag-politique","15":"tag-udb-pdg"},"yoast_head":"<!-- This site is optimized with the Yoast SEO plugin v27.5 - https:\/\/yoast.com\/product\/yoast-seo-wordpress\/ -->\n<title>Incongruit\u00e9 des candidatures Aminata Ondo ou UDB-PDG : la partialit\u00e9 et la passivit\u00e9 de la CNOCER expos\u00e9es ? - Groupe D\u00e9p\u00eaches241<\/title>\n<meta name=\"description\" content=\"La r\u00e9cente publication des listes de candidatures pour les \u00e9lections l\u00e9gislatives et locales met une nouvelle fois en lumi\u00e8re les incoh\u00e9rences dans la gestion des dossiers par la Commission Nationale d\u2019Organisation des \u00c9lections et du R\u00e9f\u00e9rendum (CNOCER). Loin de donner des gages de rigueur et de transparence, l\u2019institution a plut\u00f4t offert \u00e0 l\u2019opinion publique un spectacle d\u2019amateurisme inqui\u00e9tant. La validation de dossiers entach\u00e9s d\u2019irr\u00e9gularit\u00e9s fait planer un doute s\u00e9rieux sur la qualit\u00e9 du processus \u00e9lectoral et sur la sinc\u00e9rit\u00e9 des r\u00e9sultats \u00e0 venir.\" \/>\n<meta name=\"robots\" content=\"index, follow, max-snippet:-1, max-image-preview:large, max-video-preview:-1\" \/>\n<link rel=\"canonical\" href=\"https:\/\/depeches241.com\/?p=25754\" \/>\n<meta property=\"og:locale\" content=\"fr_FR\" \/>\n<meta property=\"og:type\" content=\"article\" \/>\n<meta property=\"og:title\" content=\"Incongruit\u00e9 des candidatures Aminata Ondo ou UDB-PDG : la partialit\u00e9 et la passivit\u00e9 de la CNOCER expos\u00e9es ? - Groupe D\u00e9p\u00eaches241\" \/>\n<meta property=\"og:description\" content=\"La r\u00e9cente publication des listes de candidatures pour les \u00e9lections l\u00e9gislatives et locales met une nouvelle fois en lumi\u00e8re les incoh\u00e9rences dans la gestion des dossiers par la Commission Nationale d\u2019Organisation des \u00c9lections et du R\u00e9f\u00e9rendum (CNOCER). Loin de donner des gages de rigueur et de transparence, l\u2019institution a plut\u00f4t offert \u00e0 l\u2019opinion publique un spectacle d\u2019amateurisme inqui\u00e9tant. La validation de dossiers entach\u00e9s d\u2019irr\u00e9gularit\u00e9s fait planer un doute s\u00e9rieux sur la qualit\u00e9 du processus \u00e9lectoral et sur la sinc\u00e9rit\u00e9 des r\u00e9sultats \u00e0 venir.\" \/>\n<meta property=\"og:url\" content=\"https:\/\/depeches241.com\/?p=25754\" \/>\n<meta property=\"og:site_name\" content=\"Groupe D\u00e9p\u00eaches241\" \/>\n<meta property=\"article:publisher\" content=\"https:\/\/www.facebook.com\/depeches241\" \/>\n<meta property=\"article:published_time\" content=\"2025-08-26T17:42:04+00:00\" \/>\n<meta property=\"article:modified_time\" content=\"2025-08-26T17:48:58+00:00\" \/>\n<meta property=\"og:image\" content=\"http:\/\/depeches241.com\/wp-content\/uploads\/2025\/08\/aminata-et-la-Cnocer-.jpg\" \/>\n\t<meta property=\"og:image:width\" content=\"960\" \/>\n\t<meta property=\"og:image:height\" content=\"540\" \/>\n\t<meta property=\"og:image:type\" content=\"image\/jpeg\" \/>\n<meta name=\"author\" content=\"Iboka Marc Andr\u00e9\" \/>\n<meta name=\"twitter:card\" content=\"summary_large_image\" \/>\n<meta name=\"twitter:label1\" content=\"\u00c9crit par\" \/>\n\t<meta name=\"twitter:data1\" content=\"Iboka Marc Andr\u00e9\" \/>\n\t<meta name=\"twitter:label2\" content=\"Dur\u00e9e de lecture estim\u00e9e\" \/>\n\t<meta name=\"twitter:data2\" content=\"4 minutes\" \/>\n<script type=\"application\/ld+json\" class=\"yoast-schema-graph\">{\"@context\":\"https:\\\/\\\/schema.org\",\"@graph\":[{\"@type\":\"Article\",\"@id\":\"https:\\\/\\\/depeches241.com\\\/?p=25754#article\",\"isPartOf\":{\"@id\":\"https:\\\/\\\/depeches241.com\\\/?p=25754\"},\"author\":{\"name\":\"Iboka Marc Andr\u00e9\",\"@id\":\"https:\\\/\\\/depeches241.com\\\/#\\\/schema\\\/person\\\/5abcf4b9361e0d8aa457b404d877674f\"},\"headline\":\"Incongruit\u00e9 des candidatures Aminata Ondo ou UDB-PDG : la partialit\u00e9 et la passivit\u00e9 de la CNOCER expos\u00e9es ?\",\"datePublished\":\"2025-08-26T17:42:04+00:00\",\"dateModified\":\"2025-08-26T17:48:58+00:00\",\"mainEntityOfPage\":{\"@id\":\"https:\\\/\\\/depeches241.com\\\/?p=25754\"},\"wordCount\":813,\"commentCount\":1,\"publisher\":{\"@id\":\"https:\\\/\\\/depeches241.com\\\/#organization\"},\"image\":{\"@id\":\"https:\\\/\\\/depeches241.com\\\/?p=25754#primaryimage\"},\"thumbnailUrl\":\"https:\\\/\\\/depeches241.com\\\/wp-content\\\/uploads\\\/2025\\\/08\\\/aminata-et-la-Cnocer-.jpg\",\"keywords\":[\"Aminata Ondo\",\"CNOCER\",\"depeches241\",\"Gabon\",\"irr\u00e9gulait\u00e9s\",\"Politique\",\"UDB-PDG\"],\"articleSection\":[\"POLITIQUE\",\"Une1\"],\"inLanguage\":\"fr-FR\",\"potentialAction\":[{\"@type\":\"CommentAction\",\"name\":\"Comment\",\"target\":[\"https:\\\/\\\/depeches241.com\\\/?p=25754#respond\"]}]},{\"@type\":\"WebPage\",\"@id\":\"https:\\\/\\\/depeches241.com\\\/?p=25754\",\"url\":\"https:\\\/\\\/depeches241.com\\\/?p=25754\",\"name\":\"Incongruit\u00e9 des candidatures Aminata Ondo ou UDB-PDG : la partialit\u00e9 et la passivit\u00e9 de la CNOCER expos\u00e9es ? - Groupe D\u00e9p\u00eaches241\",\"isPartOf\":{\"@id\":\"https:\\\/\\\/depeches241.com\\\/#website\"},\"primaryImageOfPage\":{\"@id\":\"https:\\\/\\\/depeches241.com\\\/?p=25754#primaryimage\"},\"image\":{\"@id\":\"https:\\\/\\\/depeches241.com\\\/?p=25754#primaryimage\"},\"thumbnailUrl\":\"https:\\\/\\\/depeches241.com\\\/wp-content\\\/uploads\\\/2025\\\/08\\\/aminata-et-la-Cnocer-.jpg\",\"datePublished\":\"2025-08-26T17:42:04+00:00\",\"dateModified\":\"2025-08-26T17:48:58+00:00\",\"description\":\"La r\u00e9cente publication des listes de candidatures pour les \u00e9lections l\u00e9gislatives et locales met une nouvelle fois en lumi\u00e8re les incoh\u00e9rences dans la gestion des dossiers par la Commission Nationale d\u2019Organisation des \u00c9lections et du R\u00e9f\u00e9rendum (CNOCER). Loin de donner des gages de rigueur et de transparence, l\u2019institution a plut\u00f4t offert \u00e0 l\u2019opinion publique un spectacle d\u2019amateurisme inqui\u00e9tant. La validation de dossiers entach\u00e9s d\u2019irr\u00e9gularit\u00e9s fait planer un doute s\u00e9rieux sur la qualit\u00e9 du processus \u00e9lectoral et sur la sinc\u00e9rit\u00e9 des r\u00e9sultats \u00e0 venir.\",\"breadcrumb\":{\"@id\":\"https:\\\/\\\/depeches241.com\\\/?p=25754#breadcrumb\"},\"inLanguage\":\"fr-FR\",\"potentialAction\":[{\"@type\":\"ReadAction\",\"target\":[\"https:\\\/\\\/depeches241.com\\\/?p=25754\"]}]},{\"@type\":\"ImageObject\",\"inLanguage\":\"fr-FR\",\"@id\":\"https:\\\/\\\/depeches241.com\\\/?p=25754#primaryimage\",\"url\":\"https:\\\/\\\/depeches241.com\\\/wp-content\\\/uploads\\\/2025\\\/08\\\/aminata-et-la-Cnocer-.jpg\",\"contentUrl\":\"https:\\\/\\\/depeches241.com\\\/wp-content\\\/uploads\\\/2025\\\/08\\\/aminata-et-la-Cnocer-.jpg\",\"width\":960,\"height\":540},{\"@type\":\"BreadcrumbList\",\"@id\":\"https:\\\/\\\/depeches241.com\\\/?p=25754#breadcrumb\",\"itemListElement\":[{\"@type\":\"ListItem\",\"position\":1,\"name\":\"Accueil\",\"item\":\"https:\\\/\\\/depeches241.com\\\/\"},{\"@type\":\"ListItem\",\"position\":2,\"name\":\"Incongruit\u00e9 des candidatures Aminata Ondo ou UDB-PDG : la partialit\u00e9 et la passivit\u00e9 de la CNOCER expos\u00e9es ?\"}]},{\"@type\":\"WebSite\",\"@id\":\"https:\\\/\\\/depeches241.com\\\/#website\",\"url\":\"https:\\\/\\\/depeches241.com\\\/\",\"name\":\"D\u00e9p\u00eaches241\",\"description\":\"M\u00e9dia d&#039;actualit\u00e9 Politique, \u00c9conomique, Sociale et Internationale\",\"publisher\":{\"@id\":\"https:\\\/\\\/depeches241.com\\\/#organization\"},\"potentialAction\":[{\"@type\":\"SearchAction\",\"target\":{\"@type\":\"EntryPoint\",\"urlTemplate\":\"https:\\\/\\\/depeches241.com\\\/?s={search_term_string}\"},\"query-input\":{\"@type\":\"PropertyValueSpecification\",\"valueRequired\":true,\"valueName\":\"search_term_string\"}}],\"inLanguage\":\"fr-FR\"},{\"@type\":\"Organization\",\"@id\":\"https:\\\/\\\/depeches241.com\\\/#organization\",\"name\":\"Groupe D\u00e9p\u00eaches241\",\"url\":\"https:\\\/\\\/depeches241.com\\\/\",\"logo\":{\"@type\":\"ImageObject\",\"inLanguage\":\"fr-FR\",\"@id\":\"https:\\\/\\\/depeches241.com\\\/#\\\/schema\\\/logo\\\/image\\\/\",\"url\":\"https:\\\/\\\/depeches241.com\\\/wp-content\\\/uploads\\\/2021\\\/10\\\/cropped-Logo-new-Accueil.png\",\"contentUrl\":\"https:\\\/\\\/depeches241.com\\\/wp-content\\\/uploads\\\/2021\\\/10\\\/cropped-Logo-new-Accueil.png\",\"width\":320,\"height\":105,\"caption\":\"Groupe D\u00e9p\u00eaches241\"},\"image\":{\"@id\":\"https:\\\/\\\/depeches241.com\\\/#\\\/schema\\\/logo\\\/image\\\/\"},\"sameAs\":[\"https:\\\/\\\/www.facebook.com\\\/depeches241\"]},{\"@type\":\"Person\",\"@id\":\"https:\\\/\\\/depeches241.com\\\/#\\\/schema\\\/person\\\/5abcf4b9361e0d8aa457b404d877674f\",\"name\":\"Iboka Marc Andr\u00e9\",\"image\":{\"@type\":\"ImageObject\",\"inLanguage\":\"fr-FR\",\"@id\":\"https:\\\/\\\/secure.gravatar.com\\\/avatar\\\/13c33935f0a59dd3c3a52ae25f58c248a1bf75f6e9ab4e6a7a23bfb8f9f53136?s=96&d=mm&r=g\",\"url\":\"https:\\\/\\\/secure.gravatar.com\\\/avatar\\\/13c33935f0a59dd3c3a52ae25f58c248a1bf75f6e9ab4e6a7a23bfb8f9f53136?s=96&d=mm&r=g\",\"contentUrl\":\"https:\\\/\\\/secure.gravatar.com\\\/avatar\\\/13c33935f0a59dd3c3a52ae25f58c248a1bf75f6e9ab4e6a7a23bfb8f9f53136?s=96&d=mm&r=g\",\"caption\":\"Iboka Marc Andr\u00e9\"},\"url\":\"https:\\\/\\\/depeches241.com\\\/?author=12\"}]}<\/script>\n<!-- \/ Yoast SEO plugin. -->","yoast_head_json":{"title":"Incongruit\u00e9 des candidatures Aminata Ondo ou UDB-PDG : la partialit\u00e9 et la passivit\u00e9 de la CNOCER expos\u00e9es ? - Groupe D\u00e9p\u00eaches241","description":"La r\u00e9cente publication des listes de candidatures pour les \u00e9lections l\u00e9gislatives et locales met une nouvelle fois en lumi\u00e8re les incoh\u00e9rences dans la gestion des dossiers par la Commission Nationale d\u2019Organisation des \u00c9lections et du R\u00e9f\u00e9rendum (CNOCER). Loin de donner des gages de rigueur et de transparence, l\u2019institution a plut\u00f4t offert \u00e0 l\u2019opinion publique un spectacle d\u2019amateurisme inqui\u00e9tant. La validation de dossiers entach\u00e9s d\u2019irr\u00e9gularit\u00e9s fait planer un doute s\u00e9rieux sur la qualit\u00e9 du processus \u00e9lectoral et sur la sinc\u00e9rit\u00e9 des r\u00e9sultats \u00e0 venir.","robots":{"index":"index","follow":"follow","max-snippet":"max-snippet:-1","max-image-preview":"max-image-preview:large","max-video-preview":"max-video-preview:-1"},"canonical":"https:\/\/depeches241.com\/?p=25754","og_locale":"fr_FR","og_type":"article","og_title":"Incongruit\u00e9 des candidatures Aminata Ondo ou UDB-PDG : la partialit\u00e9 et la passivit\u00e9 de la CNOCER expos\u00e9es ? - Groupe D\u00e9p\u00eaches241","og_description":"La r\u00e9cente publication des listes de candidatures pour les \u00e9lections l\u00e9gislatives et locales met une nouvelle fois en lumi\u00e8re les incoh\u00e9rences dans la gestion des dossiers par la Commission Nationale d\u2019Organisation des \u00c9lections et du R\u00e9f\u00e9rendum (CNOCER). Loin de donner des gages de rigueur et de transparence, l\u2019institution a plut\u00f4t offert \u00e0 l\u2019opinion publique un spectacle d\u2019amateurisme inqui\u00e9tant. La validation de dossiers entach\u00e9s d\u2019irr\u00e9gularit\u00e9s fait planer un doute s\u00e9rieux sur la qualit\u00e9 du processus \u00e9lectoral et sur la sinc\u00e9rit\u00e9 des r\u00e9sultats \u00e0 venir.","og_url":"https:\/\/depeches241.com\/?p=25754","og_site_name":"Groupe D\u00e9p\u00eaches241","article_publisher":"https:\/\/www.facebook.com\/depeches241","article_published_time":"2025-08-26T17:42:04+00:00","article_modified_time":"2025-08-26T17:48:58+00:00","og_image":[{"width":960,"height":540,"url":"http:\/\/depeches241.com\/wp-content\/uploads\/2025\/08\/aminata-et-la-Cnocer-.jpg","type":"image\/jpeg"}],"author":"Iboka Marc Andr\u00e9","twitter_card":"summary_large_image","twitter_misc":{"\u00c9crit par":"Iboka Marc Andr\u00e9","Dur\u00e9e de lecture estim\u00e9e":"4 minutes"},"schema":{"@context":"https:\/\/schema.org","@graph":[{"@type":"Article","@id":"https:\/\/depeches241.com\/?p=25754#article","isPartOf":{"@id":"https:\/\/depeches241.com\/?p=25754"},"author":{"name":"Iboka Marc Andr\u00e9","@id":"https:\/\/depeches241.com\/#\/schema\/person\/5abcf4b9361e0d8aa457b404d877674f"},"headline":"Incongruit\u00e9 des candidatures Aminata Ondo ou UDB-PDG : la partialit\u00e9 et la passivit\u00e9 de la CNOCER expos\u00e9es ?","datePublished":"2025-08-26T17:42:04+00:00","dateModified":"2025-08-26T17:48:58+00:00","mainEntityOfPage":{"@id":"https:\/\/depeches241.com\/?p=25754"},"wordCount":813,"commentCount":1,"publisher":{"@id":"https:\/\/depeches241.com\/#organization"},"image":{"@id":"https:\/\/depeches241.com\/?p=25754#primaryimage"},"thumbnailUrl":"https:\/\/depeches241.com\/wp-content\/uploads\/2025\/08\/aminata-et-la-Cnocer-.jpg","keywords":["Aminata Ondo","CNOCER","depeches241","Gabon","irr\u00e9gulait\u00e9s","Politique","UDB-PDG"],"articleSection":["POLITIQUE","Une1"],"inLanguage":"fr-FR","potentialAction":[{"@type":"CommentAction","name":"Comment","target":["https:\/\/depeches241.com\/?p=25754#respond"]}]},{"@type":"WebPage","@id":"https:\/\/depeches241.com\/?p=25754","url":"https:\/\/depeches241.com\/?p=25754","name":"Incongruit\u00e9 des candidatures Aminata Ondo ou UDB-PDG : la partialit\u00e9 et la passivit\u00e9 de la CNOCER expos\u00e9es ? - Groupe D\u00e9p\u00eaches241","isPartOf":{"@id":"https:\/\/depeches241.com\/#website"},"primaryImageOfPage":{"@id":"https:\/\/depeches241.com\/?p=25754#primaryimage"},"image":{"@id":"https:\/\/depeches241.com\/?p=25754#primaryimage"},"thumbnailUrl":"https:\/\/depeches241.com\/wp-content\/uploads\/2025\/08\/aminata-et-la-Cnocer-.jpg","datePublished":"2025-08-26T17:42:04+00:00","dateModified":"2025-08-26T17:48:58+00:00","description":"La r\u00e9cente publication des listes de candidatures pour les \u00e9lections l\u00e9gislatives et locales met une nouvelle fois en lumi\u00e8re les incoh\u00e9rences dans la gestion des dossiers par la Commission Nationale d\u2019Organisation des \u00c9lections et du R\u00e9f\u00e9rendum (CNOCER). Loin de donner des gages de rigueur et de transparence, l\u2019institution a plut\u00f4t offert \u00e0 l\u2019opinion publique un spectacle d\u2019amateurisme inqui\u00e9tant. La validation de dossiers entach\u00e9s d\u2019irr\u00e9gularit\u00e9s fait planer un doute s\u00e9rieux sur la qualit\u00e9 du processus \u00e9lectoral et sur la sinc\u00e9rit\u00e9 des r\u00e9sultats \u00e0 venir.","breadcrumb":{"@id":"https:\/\/depeches241.com\/?p=25754#breadcrumb"},"inLanguage":"fr-FR","potentialAction":[{"@type":"ReadAction","target":["https:\/\/depeches241.com\/?p=25754"]}]},{"@type":"ImageObject","inLanguage":"fr-FR","@id":"https:\/\/depeches241.com\/?p=25754#primaryimage","url":"https:\/\/depeches241.com\/wp-content\/uploads\/2025\/08\/aminata-et-la-Cnocer-.jpg","contentUrl":"https:\/\/depeches241.com\/wp-content\/uploads\/2025\/08\/aminata-et-la-Cnocer-.jpg","width":960,"height":540},{"@type":"BreadcrumbList","@id":"https:\/\/depeches241.com\/?p=25754#breadcrumb","itemListElement":[{"@type":"ListItem","position":1,"name":"Accueil","item":"https:\/\/depeches241.com\/"},{"@type":"ListItem","position":2,"name":"Incongruit\u00e9 des candidatures Aminata Ondo ou UDB-PDG : la partialit\u00e9 et la passivit\u00e9 de la CNOCER expos\u00e9es ?"}]},{"@type":"WebSite","@id":"https:\/\/depeches241.com\/#website","url":"https:\/\/depeches241.com\/","name":"D\u00e9p\u00eaches241","description":"M\u00e9dia d&#039;actualit\u00e9 Politique, \u00c9conomique, Sociale et Internationale","publisher":{"@id":"https:\/\/depeches241.com\/#organization"},"potentialAction":[{"@type":"SearchAction","target":{"@type":"EntryPoint","urlTemplate":"https:\/\/depeches241.com\/?s={search_term_string}"},"query-input":{"@type":"PropertyValueSpecification","valueRequired":true,"valueName":"search_term_string"}}],"inLanguage":"fr-FR"},{"@type":"Organization","@id":"https:\/\/depeches241.com\/#organization","name":"Groupe D\u00e9p\u00eaches241","url":"https:\/\/depeches241.com\/","logo":{"@type":"ImageObject","inLanguage":"fr-FR","@id":"https:\/\/depeches241.com\/#\/schema\/logo\/image\/","url":"https:\/\/depeches241.com\/wp-content\/uploads\/2021\/10\/cropped-Logo-new-Accueil.png","contentUrl":"https:\/\/depeches241.com\/wp-content\/uploads\/2021\/10\/cropped-Logo-new-Accueil.png","width":320,"height":105,"caption":"Groupe D\u00e9p\u00eaches241"},"image":{"@id":"https:\/\/depeches241.com\/#\/schema\/logo\/image\/"},"sameAs":["https:\/\/www.facebook.com\/depeches241"]},{"@type":"Person","@id":"https:\/\/depeches241.com\/#\/schema\/person\/5abcf4b9361e0d8aa457b404d877674f","name":"Iboka Marc Andr\u00e9","image":{"@type":"ImageObject","inLanguage":"fr-FR","@id":"https:\/\/secure.gravatar.com\/avatar\/13c33935f0a59dd3c3a52ae25f58c248a1bf75f6e9ab4e6a7a23bfb8f9f53136?s=96&d=mm&r=g","url":"https:\/\/secure.gravatar.com\/avatar\/13c33935f0a59dd3c3a52ae25f58c248a1bf75f6e9ab4e6a7a23bfb8f9f53136?s=96&d=mm&r=g","contentUrl":"https:\/\/secure.gravatar.com\/avatar\/13c33935f0a59dd3c3a52ae25f58c248a1bf75f6e9ab4e6a7a23bfb8f9f53136?s=96&d=mm&r=g","caption":"Iboka Marc Andr\u00e9"},"url":"https:\/\/depeches241.com\/?author=12"}]}},"_links":{"self":[{"href":"https:\/\/depeches241.com\/index.php?rest_route=\/wp\/v2\/posts\/25754","targetHints":{"allow":["GET"]}}],"collection":[{"href":"https:\/\/depeches241.com\/index.php?rest_route=\/wp\/v2\/posts"}],"about":[{"href":"https:\/\/depeches241.com\/index.php?rest_route=\/wp\/v2\/types\/post"}],"author":[{"embeddable":true,"href":"https:\/\/depeches241.com\/index.php?rest_route=\/wp\/v2\/users\/12"}],"replies":[{"embeddable":true,"href":"https:\/\/depeches241.com\/index.php?rest_route=%2Fwp%2Fv2%2Fcomments&post=25754"}],"version-history":[{"count":2,"href":"https:\/\/depeches241.com\/index.php?rest_route=\/wp\/v2\/posts\/25754\/revisions"}],"predecessor-version":[{"id":25757,"href":"https:\/\/depeches241.com\/index.php?rest_route=\/wp\/v2\/posts\/25754\/revisions\/25757"}],"wp:featuredmedia":[{"embeddable":true,"href":"https:\/\/depeches241.com\/index.php?rest_route=\/wp\/v2\/media\/25755"}],"wp:attachment":[{"href":"https:\/\/depeches241.com\/index.php?rest_route=%2Fwp%2Fv2%2Fmedia&parent=25754"}],"wp:term":[{"taxonomy":"category","embeddable":true,"href":"https:\/\/depeches241.com\/index.php?rest_route=%2Fwp%2Fv2%2Fcategories&post=25754"},{"taxonomy":"post_tag","embeddable":true,"href":"https:\/\/depeches241.com\/index.php?rest_route=%2Fwp%2Fv2%2Ftags&post=25754"}],"curies":[{"name":"wp","href":"https:\/\/api.w.org\/{rel}","templated":true}]}}