{"id":26801,"date":"2025-11-18T15:25:21","date_gmt":"2025-11-18T14:25:21","guid":{"rendered":"https:\/\/depeches241.com\/?p=26801"},"modified":"2025-11-18T15:35:43","modified_gmt":"2025-11-18T14:35:43","slug":"verdict-du-proces-valentin-les-freres-oceni-ecopent-de-15-ans-de-prison-chacun-et-des-reparations-de-plus-de-10-milliards","status":"publish","type":"post","link":"https:\/\/depeches241.com\/?p=26801","title":{"rendered":"Verdict du proc\u00e8s Valentin: Les fr\u00e8res Oceni \u00e9copent de 15 ans de prison chacun et des r\u00e9parations de plus de 10 milliards"},"content":{"rendered":"\n<figure class=\"wp-block-image size-full\"><img fetchpriority=\"high\" decoding=\"async\" width=\"960\" height=\"540\" src=\"https:\/\/depeches241.com\/wp-content\/uploads\/2025\/11\/les-freres-Ocenis.jpg\" alt=\"\" class=\"wp-image-26802\" srcset=\"https:\/\/depeches241.com\/wp-content\/uploads\/2025\/11\/les-freres-Ocenis.jpg 960w, https:\/\/depeches241.com\/wp-content\/uploads\/2025\/11\/les-freres-Ocenis-300x169.jpg 300w, https:\/\/depeches241.com\/wp-content\/uploads\/2025\/11\/les-freres-Ocenis-768x432.jpg 768w\" sizes=\"(max-width: 960px) 100vw, 960px\" \/><figcaption class=\"wp-element-caption\"><strong><em>Abdoul Oceni et Mohamed Ali Salioui, fils de l\u2019Imam Oceni Ossa, tr\u00e8s proches de Nourredin Bongo  Valentin ont \u00e9cop\u00e9 de peines trop lourdes <\/em><\/strong><em><strong>\u00a9<\/strong>Montage D\u00e9p\u00eaches 241<\/em><\/figcaption><\/figure>\n\n\n\n<p><strong>Libreville, le 18 novembre 2025-(D\u00e9p\u00eaches 241). D\u00e9but\u00e9 le 10 novembre dernier, le proc\u00e8s Valentin et leurs complices a trouv\u00e9 son \u00e9pilogue ce matin du 18 novembre 2025. Sans surprise, les fils de l\u2019Imam Oceni Ossa, tr\u00e8s proches du fils de l\u2019ancien Chef d&rsquo;\u00c9tat Ali Bongo Ondimba, ont tous deux \u00e9cop\u00e9 de lourdes peines. Les deux membres influents de la \u00ab Young Team \u00bb ont \u00e9t\u00e9 condamn\u00e9s \u00e0 15 ans de prison chacun, et pr\u00e8s de 12 milliards de francs cfa de r\u00e9parations avec confiscation des comptes gel\u00e9s ainsi que des biens mobiliers et immobiliers.<\/strong><\/p>\n\n\n\n<p class=\"has-drop-cap\">Consid\u00e9r\u00e9s par de nombreux gabonais comme les maillons forts de la pr\u00e9dation des finances publiques qui a r\u00e9gn\u00e9 au sommet de l\u2019\u00c9tat apr\u00e8s l\u2019Accident Vasculaire C\u00e9r\u00e9bral (AVC) d\u2019Ali Bongo Ondimba en octobre 2018, les fils de l\u2019ancien Pr\u00e9sident du Conseil Sup\u00e9rieur des Affaires Islamiques du Gabon (CSAIG), l\u2019Imam Oceni Ossa, viennent d\u2019\u00eatre jug\u00e9s par la justice gabonaise. Accus\u00e9s de faits suffisamment graves tels que d\u00e9tournement de fonds publics, recel de d\u00e9tournement de fonds publics, concussion, blanchiment de capitaux et association de malfaiteurs,les deux fils Oceni ont \u00e9t\u00e9 d\u00e9clar\u00e9s coupables des faits qui leurs sont reproch\u00e9s.<\/p>\n\n\n\n<p>Aussi, le premier, le nomm\u00e9 Abdoul Oceni Ossa a \u00e9t\u00e9 condamn\u00e9 \u00e0 15 ans de r\u00e9clusion criminelle, dont 5 ans assortis de sursis et 10 millions de francs cfa d\u2019amende. Quant \u00e0 son fr\u00e8re, Mohamed Ali Saliou, ancien Directeur de Cabinet Adjoint du Pr\u00e9sident de la R\u00e9publique, lui aussi a \u00e9t\u00e9 condamn\u00e9 \u00e0 15 ans de prison dont 5 ans assortis de sursis et 10 millions de francs cfa d\u2019amende. En termes de r\u00e9paration, Abdul Oceni devra verser 6 milliards et Mohamed Ali Saliou 5 milliards 200 millions.&nbsp;<\/p>\n\n\n\n<p>Des peines qui pour beaucoup semblent logiques, au regard du degr\u00e9 de responsabilit\u00e9 des deux fr\u00e8res, qui fait d&rsquo;eux des complices dans l\u2019ampleur des crimes \u00e9conomiques et financiers commis par la <strong>\u00ab Young Team \u00bb.<\/strong> Esp\u00e9rons d\u00e9sormais que les auteurs des actes mat\u00e9riels pour lesquels ils viennent d&rsquo;\u00eatre condamn\u00e9s seront eux aussi bient\u00f4t identifi\u00e9s et condamn\u00e9s lourdement \u00e0 leur tour.<\/p>\n","protected":false},"excerpt":{"rendered":"<p>Libreville, le 18 novembre 2025-(D\u00e9p\u00eaches 241). D\u00e9but\u00e9 le 10 novembre dernier, le proc\u00e8s Valentin et leurs complices a trouv\u00e9 son \u00e9pilogue ce matin du 18 novembre 2025. Sans surprise, les fils de l\u2019Imam Oceni Ossa, tr\u00e8s proches du fils de l\u2019ancien Chef d&rsquo;\u00c9tat Ali Bongo Ondimba, ont tous deux \u00e9cop\u00e9 [&hellip;]<\/p>\n","protected":false},"author":18,"featured_media":26802,"comment_status":"open","ping_status":"open","sticky":false,"template":"","format":"standard","meta":{"om_disable_all_campaigns":false,"footnotes":""},"categories":[6,116],"tags":[3041,99,59,360,2914,5352],"class_list":{"0":"post-26801","1":"post","2":"type-post","3":"status-publish","4":"format-standard","5":"has-post-thumbnail","7":"category-faits-divers-justice","8":"category-une1","9":"tag-abdoul-oceni-ossa","10":"tag-depeches241","11":"tag-gabon","12":"tag-justice","13":"tag-oceni-ossa","14":"tag-proces-valentin"},"yoast_head":"<!-- This site is optimized with the Yoast SEO plugin v27.5 - https:\/\/yoast.com\/product\/yoast-seo-wordpress\/ -->\n<title>Verdict du proc\u00e8s Valentin: Les fr\u00e8res Oceni \u00e9copent de 15 ans de prison chacun et des r\u00e9parations de plus de 10 milliards - Groupe D\u00e9p\u00eaches241<\/title>\n<meta name=\"description\" content=\"D\u00e9but\u00e9 le 10 novembre dernier, le proc\u00e8s Valentin et leurs complices a trouv\u00e9 son \u00e9pilogue ce matin du 18 novembre 2025. Sans surprise, les fils de l\u2019Imam Oceni Ossa, tr\u00e8s proches du fils de l\u2019ancien Chef d&#039;\u00c9tat Ali Bongo Ondimba, ont tous deux \u00e9cop\u00e9 de lourdes peines. Les deux membres influents de la \u00ab Young Team \u00bb ont \u00e9t\u00e9 condamn\u00e9s \u00e0 15 ans de prison chacun, et pr\u00e8s de 12 milliards de francs cfa de r\u00e9parations avec confiscation des comptes gel\u00e9s ainsi que des biens mobiliers et immobiliers.\" \/>\n<meta name=\"robots\" content=\"index, follow, max-snippet:-1, max-image-preview:large, max-video-preview:-1\" \/>\n<link rel=\"canonical\" href=\"https:\/\/depeches241.com\/?p=26801\" \/>\n<meta property=\"og:locale\" content=\"fr_FR\" \/>\n<meta property=\"og:type\" content=\"article\" \/>\n<meta property=\"og:title\" content=\"Verdict du proc\u00e8s Valentin: Les fr\u00e8res Oceni \u00e9copent de 15 ans de prison chacun et des r\u00e9parations de plus de 10 milliards - Groupe D\u00e9p\u00eaches241\" \/>\n<meta property=\"og:description\" content=\"D\u00e9but\u00e9 le 10 novembre dernier, le proc\u00e8s Valentin et leurs complices a trouv\u00e9 son \u00e9pilogue ce matin du 18 novembre 2025. Sans surprise, les fils de l\u2019Imam Oceni Ossa, tr\u00e8s proches du fils de l\u2019ancien Chef d&#039;\u00c9tat Ali Bongo Ondimba, ont tous deux \u00e9cop\u00e9 de lourdes peines. Les deux membres influents de la \u00ab Young Team \u00bb ont \u00e9t\u00e9 condamn\u00e9s \u00e0 15 ans de prison chacun, et pr\u00e8s de 12 milliards de francs cfa de r\u00e9parations avec confiscation des comptes gel\u00e9s ainsi que des biens mobiliers et immobiliers.\" \/>\n<meta property=\"og:url\" content=\"https:\/\/depeches241.com\/?p=26801\" \/>\n<meta property=\"og:site_name\" content=\"Groupe D\u00e9p\u00eaches241\" \/>\n<meta property=\"article:publisher\" content=\"https:\/\/www.facebook.com\/depeches241\" \/>\n<meta property=\"article:published_time\" content=\"2025-11-18T14:25:21+00:00\" \/>\n<meta property=\"article:modified_time\" content=\"2025-11-18T14:35:43+00:00\" \/>\n<meta property=\"og:image\" content=\"http:\/\/depeches241.com\/wp-content\/uploads\/2025\/11\/les-freres-Ocenis.jpg\" \/>\n\t<meta property=\"og:image:width\" content=\"960\" \/>\n\t<meta property=\"og:image:height\" content=\"540\" \/>\n\t<meta property=\"og:image:type\" content=\"image\/jpeg\" \/>\n<meta name=\"author\" content=\"Fabien BIBANG\" \/>\n<meta name=\"twitter:card\" content=\"summary_large_image\" \/>\n<meta name=\"twitter:label1\" content=\"\u00c9crit par\" \/>\n\t<meta name=\"twitter:data1\" content=\"Fabien BIBANG\" \/>\n\t<meta name=\"twitter:label2\" content=\"Dur\u00e9e de lecture estim\u00e9e\" \/>\n\t<meta name=\"twitter:data2\" content=\"2 minutes\" \/>\n<script type=\"application\/ld+json\" class=\"yoast-schema-graph\">{\"@context\":\"https:\\\/\\\/schema.org\",\"@graph\":[{\"@type\":\"Article\",\"@id\":\"https:\\\/\\\/depeches241.com\\\/?p=26801#article\",\"isPartOf\":{\"@id\":\"https:\\\/\\\/depeches241.com\\\/?p=26801\"},\"author\":{\"name\":\"Fabien BIBANG\",\"@id\":\"https:\\\/\\\/depeches241.com\\\/#\\\/schema\\\/person\\\/1901eab6e51ac627fab3abccbd181d4e\"},\"headline\":\"Verdict du proc\u00e8s Valentin: Les fr\u00e8res Oceni \u00e9copent de 15 ans de prison chacun et des r\u00e9parations de plus de 10 milliards\",\"datePublished\":\"2025-11-18T14:25:21+00:00\",\"dateModified\":\"2025-11-18T14:35:43+00:00\",\"mainEntityOfPage\":{\"@id\":\"https:\\\/\\\/depeches241.com\\\/?p=26801\"},\"wordCount\":417,\"commentCount\":0,\"publisher\":{\"@id\":\"https:\\\/\\\/depeches241.com\\\/#organization\"},\"image\":{\"@id\":\"https:\\\/\\\/depeches241.com\\\/?p=26801#primaryimage\"},\"thumbnailUrl\":\"https:\\\/\\\/depeches241.com\\\/wp-content\\\/uploads\\\/2025\\\/11\\\/les-freres-Ocenis.jpg\",\"keywords\":[\"Abdoul Oceni Ossa\",\"depeches241\",\"Gabon\",\"Justice\",\"Oceni Ossa\",\"Proces Valentin\"],\"articleSection\":[\"JUSTICE\",\"Une1\"],\"inLanguage\":\"fr-FR\",\"potentialAction\":[{\"@type\":\"CommentAction\",\"name\":\"Comment\",\"target\":[\"https:\\\/\\\/depeches241.com\\\/?p=26801#respond\"]}]},{\"@type\":\"WebPage\",\"@id\":\"https:\\\/\\\/depeches241.com\\\/?p=26801\",\"url\":\"https:\\\/\\\/depeches241.com\\\/?p=26801\",\"name\":\"Verdict du proc\u00e8s Valentin: Les fr\u00e8res Oceni \u00e9copent de 15 ans de prison chacun et des r\u00e9parations de plus de 10 milliards - Groupe D\u00e9p\u00eaches241\",\"isPartOf\":{\"@id\":\"https:\\\/\\\/depeches241.com\\\/#website\"},\"primaryImageOfPage\":{\"@id\":\"https:\\\/\\\/depeches241.com\\\/?p=26801#primaryimage\"},\"image\":{\"@id\":\"https:\\\/\\\/depeches241.com\\\/?p=26801#primaryimage\"},\"thumbnailUrl\":\"https:\\\/\\\/depeches241.com\\\/wp-content\\\/uploads\\\/2025\\\/11\\\/les-freres-Ocenis.jpg\",\"datePublished\":\"2025-11-18T14:25:21+00:00\",\"dateModified\":\"2025-11-18T14:35:43+00:00\",\"description\":\"D\u00e9but\u00e9 le 10 novembre dernier, le proc\u00e8s Valentin et leurs complices a trouv\u00e9 son \u00e9pilogue ce matin du 18 novembre 2025. Sans surprise, les fils de l\u2019Imam Oceni Ossa, tr\u00e8s proches du fils de l\u2019ancien Chef d'\u00c9tat Ali Bongo Ondimba, ont tous deux \u00e9cop\u00e9 de lourdes peines. Les deux membres influents de la \u00ab Young Team \u00bb ont \u00e9t\u00e9 condamn\u00e9s \u00e0 15 ans de prison chacun, et pr\u00e8s de 12 milliards de francs cfa de r\u00e9parations avec confiscation des comptes gel\u00e9s ainsi que des biens mobiliers et immobiliers.\",\"breadcrumb\":{\"@id\":\"https:\\\/\\\/depeches241.com\\\/?p=26801#breadcrumb\"},\"inLanguage\":\"fr-FR\",\"potentialAction\":[{\"@type\":\"ReadAction\",\"target\":[\"https:\\\/\\\/depeches241.com\\\/?p=26801\"]}]},{\"@type\":\"ImageObject\",\"inLanguage\":\"fr-FR\",\"@id\":\"https:\\\/\\\/depeches241.com\\\/?p=26801#primaryimage\",\"url\":\"https:\\\/\\\/depeches241.com\\\/wp-content\\\/uploads\\\/2025\\\/11\\\/les-freres-Ocenis.jpg\",\"contentUrl\":\"https:\\\/\\\/depeches241.com\\\/wp-content\\\/uploads\\\/2025\\\/11\\\/les-freres-Ocenis.jpg\",\"width\":960,\"height\":540},{\"@type\":\"BreadcrumbList\",\"@id\":\"https:\\\/\\\/depeches241.com\\\/?p=26801#breadcrumb\",\"itemListElement\":[{\"@type\":\"ListItem\",\"position\":1,\"name\":\"Accueil\",\"item\":\"https:\\\/\\\/depeches241.com\\\/\"},{\"@type\":\"ListItem\",\"position\":2,\"name\":\"Verdict du proc\u00e8s Valentin: Les fr\u00e8res Oceni \u00e9copent de 15 ans de prison chacun et des r\u00e9parations de plus de 10 milliards\"}]},{\"@type\":\"WebSite\",\"@id\":\"https:\\\/\\\/depeches241.com\\\/#website\",\"url\":\"https:\\\/\\\/depeches241.com\\\/\",\"name\":\"D\u00e9p\u00eaches241\",\"description\":\"M\u00e9dia d&#039;actualit\u00e9 Politique, \u00c9conomique, Sociale et Internationale\",\"publisher\":{\"@id\":\"https:\\\/\\\/depeches241.com\\\/#organization\"},\"potentialAction\":[{\"@type\":\"SearchAction\",\"target\":{\"@type\":\"EntryPoint\",\"urlTemplate\":\"https:\\\/\\\/depeches241.com\\\/?s={search_term_string}\"},\"query-input\":{\"@type\":\"PropertyValueSpecification\",\"valueRequired\":true,\"valueName\":\"search_term_string\"}}],\"inLanguage\":\"fr-FR\"},{\"@type\":\"Organization\",\"@id\":\"https:\\\/\\\/depeches241.com\\\/#organization\",\"name\":\"Groupe D\u00e9p\u00eaches241\",\"url\":\"https:\\\/\\\/depeches241.com\\\/\",\"logo\":{\"@type\":\"ImageObject\",\"inLanguage\":\"fr-FR\",\"@id\":\"https:\\\/\\\/depeches241.com\\\/#\\\/schema\\\/logo\\\/image\\\/\",\"url\":\"https:\\\/\\\/depeches241.com\\\/wp-content\\\/uploads\\\/2021\\\/10\\\/cropped-Logo-new-Accueil.png\",\"contentUrl\":\"https:\\\/\\\/depeches241.com\\\/wp-content\\\/uploads\\\/2021\\\/10\\\/cropped-Logo-new-Accueil.png\",\"width\":320,\"height\":105,\"caption\":\"Groupe D\u00e9p\u00eaches241\"},\"image\":{\"@id\":\"https:\\\/\\\/depeches241.com\\\/#\\\/schema\\\/logo\\\/image\\\/\"},\"sameAs\":[\"https:\\\/\\\/www.facebook.com\\\/depeches241\"]},{\"@type\":\"Person\",\"@id\":\"https:\\\/\\\/depeches241.com\\\/#\\\/schema\\\/person\\\/1901eab6e51ac627fab3abccbd181d4e\",\"name\":\"Fabien BIBANG\",\"image\":{\"@type\":\"ImageObject\",\"inLanguage\":\"fr-FR\",\"@id\":\"https:\\\/\\\/secure.gravatar.com\\\/avatar\\\/18bb838415fc126d966f8ac8e32711b2843c5ba6e35a2e6699a14ef69705dc76?s=96&d=mm&r=g\",\"url\":\"https:\\\/\\\/secure.gravatar.com\\\/avatar\\\/18bb838415fc126d966f8ac8e32711b2843c5ba6e35a2e6699a14ef69705dc76?s=96&d=mm&r=g\",\"contentUrl\":\"https:\\\/\\\/secure.gravatar.com\\\/avatar\\\/18bb838415fc126d966f8ac8e32711b2843c5ba6e35a2e6699a14ef69705dc76?s=96&d=mm&r=g\",\"caption\":\"Fabien BIBANG\"},\"description\":\"Fabien BIBANG est dipl\u00f6m\u00e9 en Philosophie et Lettres. Son amour pour la lecture, l'histoire et les arts, ainsi que son engagement sur le front social l'ont tr\u00e8s t\u00f4t conduit sur les antennes des cha\u00eenes de t\u00e9l\u00e9s et radios pour y d\u00e9fendre ses postures. Sp\u00e9cialiste des questions socio-politiques, il re\u00e7oit le Prix Encouragements au Concours M\u00e9dias UNICEF en novembre 2022\",\"url\":\"https:\\\/\\\/depeches241.com\\\/?author=18\"}]}<\/script>\n<!-- \/ Yoast SEO plugin. -->","yoast_head_json":{"title":"Verdict du proc\u00e8s Valentin: Les fr\u00e8res Oceni \u00e9copent de 15 ans de prison chacun et des r\u00e9parations de plus de 10 milliards - Groupe D\u00e9p\u00eaches241","description":"D\u00e9but\u00e9 le 10 novembre dernier, le proc\u00e8s Valentin et leurs complices a trouv\u00e9 son \u00e9pilogue ce matin du 18 novembre 2025. Sans surprise, les fils de l\u2019Imam Oceni Ossa, tr\u00e8s proches du fils de l\u2019ancien Chef d'\u00c9tat Ali Bongo Ondimba, ont tous deux \u00e9cop\u00e9 de lourdes peines. Les deux membres influents de la \u00ab Young Team \u00bb ont \u00e9t\u00e9 condamn\u00e9s \u00e0 15 ans de prison chacun, et pr\u00e8s de 12 milliards de francs cfa de r\u00e9parations avec confiscation des comptes gel\u00e9s ainsi que des biens mobiliers et immobiliers.","robots":{"index":"index","follow":"follow","max-snippet":"max-snippet:-1","max-image-preview":"max-image-preview:large","max-video-preview":"max-video-preview:-1"},"canonical":"https:\/\/depeches241.com\/?p=26801","og_locale":"fr_FR","og_type":"article","og_title":"Verdict du proc\u00e8s Valentin: Les fr\u00e8res Oceni \u00e9copent de 15 ans de prison chacun et des r\u00e9parations de plus de 10 milliards - Groupe D\u00e9p\u00eaches241","og_description":"D\u00e9but\u00e9 le 10 novembre dernier, le proc\u00e8s Valentin et leurs complices a trouv\u00e9 son \u00e9pilogue ce matin du 18 novembre 2025. Sans surprise, les fils de l\u2019Imam Oceni Ossa, tr\u00e8s proches du fils de l\u2019ancien Chef d'\u00c9tat Ali Bongo Ondimba, ont tous deux \u00e9cop\u00e9 de lourdes peines. Les deux membres influents de la \u00ab Young Team \u00bb ont \u00e9t\u00e9 condamn\u00e9s \u00e0 15 ans de prison chacun, et pr\u00e8s de 12 milliards de francs cfa de r\u00e9parations avec confiscation des comptes gel\u00e9s ainsi que des biens mobiliers et immobiliers.","og_url":"https:\/\/depeches241.com\/?p=26801","og_site_name":"Groupe D\u00e9p\u00eaches241","article_publisher":"https:\/\/www.facebook.com\/depeches241","article_published_time":"2025-11-18T14:25:21+00:00","article_modified_time":"2025-11-18T14:35:43+00:00","og_image":[{"width":960,"height":540,"url":"http:\/\/depeches241.com\/wp-content\/uploads\/2025\/11\/les-freres-Ocenis.jpg","type":"image\/jpeg"}],"author":"Fabien BIBANG","twitter_card":"summary_large_image","twitter_misc":{"\u00c9crit par":"Fabien BIBANG","Dur\u00e9e de lecture estim\u00e9e":"2 minutes"},"schema":{"@context":"https:\/\/schema.org","@graph":[{"@type":"Article","@id":"https:\/\/depeches241.com\/?p=26801#article","isPartOf":{"@id":"https:\/\/depeches241.com\/?p=26801"},"author":{"name":"Fabien BIBANG","@id":"https:\/\/depeches241.com\/#\/schema\/person\/1901eab6e51ac627fab3abccbd181d4e"},"headline":"Verdict du proc\u00e8s Valentin: Les fr\u00e8res Oceni \u00e9copent de 15 ans de prison chacun et des r\u00e9parations de plus de 10 milliards","datePublished":"2025-11-18T14:25:21+00:00","dateModified":"2025-11-18T14:35:43+00:00","mainEntityOfPage":{"@id":"https:\/\/depeches241.com\/?p=26801"},"wordCount":417,"commentCount":0,"publisher":{"@id":"https:\/\/depeches241.com\/#organization"},"image":{"@id":"https:\/\/depeches241.com\/?p=26801#primaryimage"},"thumbnailUrl":"https:\/\/depeches241.com\/wp-content\/uploads\/2025\/11\/les-freres-Ocenis.jpg","keywords":["Abdoul Oceni Ossa","depeches241","Gabon","Justice","Oceni Ossa","Proces Valentin"],"articleSection":["JUSTICE","Une1"],"inLanguage":"fr-FR","potentialAction":[{"@type":"CommentAction","name":"Comment","target":["https:\/\/depeches241.com\/?p=26801#respond"]}]},{"@type":"WebPage","@id":"https:\/\/depeches241.com\/?p=26801","url":"https:\/\/depeches241.com\/?p=26801","name":"Verdict du proc\u00e8s Valentin: Les fr\u00e8res Oceni \u00e9copent de 15 ans de prison chacun et des r\u00e9parations de plus de 10 milliards - Groupe D\u00e9p\u00eaches241","isPartOf":{"@id":"https:\/\/depeches241.com\/#website"},"primaryImageOfPage":{"@id":"https:\/\/depeches241.com\/?p=26801#primaryimage"},"image":{"@id":"https:\/\/depeches241.com\/?p=26801#primaryimage"},"thumbnailUrl":"https:\/\/depeches241.com\/wp-content\/uploads\/2025\/11\/les-freres-Ocenis.jpg","datePublished":"2025-11-18T14:25:21+00:00","dateModified":"2025-11-18T14:35:43+00:00","description":"D\u00e9but\u00e9 le 10 novembre dernier, le proc\u00e8s Valentin et leurs complices a trouv\u00e9 son \u00e9pilogue ce matin du 18 novembre 2025. Sans surprise, les fils de l\u2019Imam Oceni Ossa, tr\u00e8s proches du fils de l\u2019ancien Chef d'\u00c9tat Ali Bongo Ondimba, ont tous deux \u00e9cop\u00e9 de lourdes peines. Les deux membres influents de la \u00ab Young Team \u00bb ont \u00e9t\u00e9 condamn\u00e9s \u00e0 15 ans de prison chacun, et pr\u00e8s de 12 milliards de francs cfa de r\u00e9parations avec confiscation des comptes gel\u00e9s ainsi que des biens mobiliers et immobiliers.","breadcrumb":{"@id":"https:\/\/depeches241.com\/?p=26801#breadcrumb"},"inLanguage":"fr-FR","potentialAction":[{"@type":"ReadAction","target":["https:\/\/depeches241.com\/?p=26801"]}]},{"@type":"ImageObject","inLanguage":"fr-FR","@id":"https:\/\/depeches241.com\/?p=26801#primaryimage","url":"https:\/\/depeches241.com\/wp-content\/uploads\/2025\/11\/les-freres-Ocenis.jpg","contentUrl":"https:\/\/depeches241.com\/wp-content\/uploads\/2025\/11\/les-freres-Ocenis.jpg","width":960,"height":540},{"@type":"BreadcrumbList","@id":"https:\/\/depeches241.com\/?p=26801#breadcrumb","itemListElement":[{"@type":"ListItem","position":1,"name":"Accueil","item":"https:\/\/depeches241.com\/"},{"@type":"ListItem","position":2,"name":"Verdict du proc\u00e8s Valentin: Les fr\u00e8res Oceni \u00e9copent de 15 ans de prison chacun et des r\u00e9parations de plus de 10 milliards"}]},{"@type":"WebSite","@id":"https:\/\/depeches241.com\/#website","url":"https:\/\/depeches241.com\/","name":"D\u00e9p\u00eaches241","description":"M\u00e9dia d&#039;actualit\u00e9 Politique, \u00c9conomique, Sociale et Internationale","publisher":{"@id":"https:\/\/depeches241.com\/#organization"},"potentialAction":[{"@type":"SearchAction","target":{"@type":"EntryPoint","urlTemplate":"https:\/\/depeches241.com\/?s={search_term_string}"},"query-input":{"@type":"PropertyValueSpecification","valueRequired":true,"valueName":"search_term_string"}}],"inLanguage":"fr-FR"},{"@type":"Organization","@id":"https:\/\/depeches241.com\/#organization","name":"Groupe D\u00e9p\u00eaches241","url":"https:\/\/depeches241.com\/","logo":{"@type":"ImageObject","inLanguage":"fr-FR","@id":"https:\/\/depeches241.com\/#\/schema\/logo\/image\/","url":"https:\/\/depeches241.com\/wp-content\/uploads\/2021\/10\/cropped-Logo-new-Accueil.png","contentUrl":"https:\/\/depeches241.com\/wp-content\/uploads\/2021\/10\/cropped-Logo-new-Accueil.png","width":320,"height":105,"caption":"Groupe D\u00e9p\u00eaches241"},"image":{"@id":"https:\/\/depeches241.com\/#\/schema\/logo\/image\/"},"sameAs":["https:\/\/www.facebook.com\/depeches241"]},{"@type":"Person","@id":"https:\/\/depeches241.com\/#\/schema\/person\/1901eab6e51ac627fab3abccbd181d4e","name":"Fabien BIBANG","image":{"@type":"ImageObject","inLanguage":"fr-FR","@id":"https:\/\/secure.gravatar.com\/avatar\/18bb838415fc126d966f8ac8e32711b2843c5ba6e35a2e6699a14ef69705dc76?s=96&d=mm&r=g","url":"https:\/\/secure.gravatar.com\/avatar\/18bb838415fc126d966f8ac8e32711b2843c5ba6e35a2e6699a14ef69705dc76?s=96&d=mm&r=g","contentUrl":"https:\/\/secure.gravatar.com\/avatar\/18bb838415fc126d966f8ac8e32711b2843c5ba6e35a2e6699a14ef69705dc76?s=96&d=mm&r=g","caption":"Fabien BIBANG"},"description":"Fabien BIBANG est dipl\u00f6m\u00e9 en Philosophie et Lettres. Son amour pour la lecture, l'histoire et les arts, ainsi que son engagement sur le front social l'ont tr\u00e8s t\u00f4t conduit sur les antennes des cha\u00eenes de t\u00e9l\u00e9s et radios pour y d\u00e9fendre ses postures. Sp\u00e9cialiste des questions socio-politiques, il re\u00e7oit le Prix Encouragements au Concours M\u00e9dias UNICEF en novembre 2022","url":"https:\/\/depeches241.com\/?author=18"}]}},"_links":{"self":[{"href":"https:\/\/depeches241.com\/index.php?rest_route=\/wp\/v2\/posts\/26801","targetHints":{"allow":["GET"]}}],"collection":[{"href":"https:\/\/depeches241.com\/index.php?rest_route=\/wp\/v2\/posts"}],"about":[{"href":"https:\/\/depeches241.com\/index.php?rest_route=\/wp\/v2\/types\/post"}],"author":[{"embeddable":true,"href":"https:\/\/depeches241.com\/index.php?rest_route=\/wp\/v2\/users\/18"}],"replies":[{"embeddable":true,"href":"https:\/\/depeches241.com\/index.php?rest_route=%2Fwp%2Fv2%2Fcomments&post=26801"}],"version-history":[{"count":3,"href":"https:\/\/depeches241.com\/index.php?rest_route=\/wp\/v2\/posts\/26801\/revisions"}],"predecessor-version":[{"id":26805,"href":"https:\/\/depeches241.com\/index.php?rest_route=\/wp\/v2\/posts\/26801\/revisions\/26805"}],"wp:featuredmedia":[{"embeddable":true,"href":"https:\/\/depeches241.com\/index.php?rest_route=\/wp\/v2\/media\/26802"}],"wp:attachment":[{"href":"https:\/\/depeches241.com\/index.php?rest_route=%2Fwp%2Fv2%2Fmedia&parent=26801"}],"wp:term":[{"taxonomy":"category","embeddable":true,"href":"https:\/\/depeches241.com\/index.php?rest_route=%2Fwp%2Fv2%2Fcategories&post=26801"},{"taxonomy":"post_tag","embeddable":true,"href":"https:\/\/depeches241.com\/index.php?rest_route=%2Fwp%2Fv2%2Ftags&post=26801"}],"curies":[{"name":"wp","href":"https:\/\/api.w.org\/{rel}","templated":true}]}}