{"id":27981,"date":"2026-03-04T16:56:51","date_gmt":"2026-03-04T15:56:51","guid":{"rendered":"https:\/\/depeches241.com\/?p=27981"},"modified":"2026-03-04T17:25:04","modified_gmt":"2026-03-04T16:25:04","slug":"entre-liberte-de-ton-et-exces-de-langage-le-cas-freddy-koula-fait-jurisprudence-morale","status":"publish","type":"post","link":"https:\/\/depeches241.com\/?p=27981","title":{"rendered":"Entre libert\u00e9 de ton et exc\u00e8s de langage: le cas Freddy Koula fait jurisprudence morale"},"content":{"rendered":"\n<figure class=\"wp-block-image size-full\"><img fetchpriority=\"high\" decoding=\"async\" width=\"640\" height=\"369\" src=\"https:\/\/depeches241.com\/wp-content\/uploads\/2026\/03\/ecf059d2-3c1a-444a-b65b-56fccf7f9182.jpeg\" alt=\"\" class=\"wp-image-27982\" srcset=\"https:\/\/depeches241.com\/wp-content\/uploads\/2026\/03\/ecf059d2-3c1a-444a-b65b-56fccf7f9182.jpeg 640w, https:\/\/depeches241.com\/wp-content\/uploads\/2026\/03\/ecf059d2-3c1a-444a-b65b-56fccf7f9182-300x173.jpeg 300w\" sizes=\"(max-width: 640px) 100vw, 640px\" \/><figcaption class=\"wp-element-caption\"><strong><em>Du plateau t\u00e9l\u00e9 au pr\u00e9toire, le journaliste Freddy Koula reconnu coupable d\u2019injures publiques apr\u00e8s une plainte du pr\u00e9sident de la Fegafoot <\/em><\/strong><\/figcaption><\/figure>\n\n\n\n<p><strong>Libreville, le 4 mars 2026 &#8211; (D\u00e9p\u00eaches 241). Le Tribunal correctionnel de Libreville a rendu, le mardi 3 mars 2026, une d\u00e9cision de condamnation \u00e0 l&rsquo;encontre du journaliste sportif&nbsp; Freddy Koula Moussavou pour injures publiques envers Pierre-Alain Mounguengui, pr\u00e9sident de la F\u00e9d\u00e9ration Gabonaise de Football (Fegafoot). Une d\u00e9cision fond\u00e9e en droit, qui illustre avec clart\u00e9 o\u00f9 s&rsquo;arr\u00eate la critique l\u00e9gitime et o\u00f9 commence l&rsquo;offense punissable.<\/strong><\/p>\n\n\n\n<p>Les faits \u00e0 l&rsquo;origine de cette affaire remontent au mois de f\u00e9vrier 2025. Lors d&rsquo;une \u00e9mission t\u00e9l\u00e9vis\u00e9e, Freddy Koula, consultant sportif notoirement connu, avait qualifi\u00e9 Pierre-Alain Mounguengui de <strong><em>\u00ab pi\u00e8tre dirigeant sportif \u00bb<\/em><\/strong> et de <strong><em>\u00ab minable arbitre \u00bb<\/em><\/strong>. Des termes qui, loin de relever d&rsquo;une analyse critique fond\u00e9e sur des faits objectifs et v\u00e9rifiables, s&rsquo;apparentent davantage \u00e0 une attaque personnelle directe et gratuite.<\/p>\n\n\n\n<p>C&rsquo;est pr\u00e9cis\u00e9ment ce distinguo que le tribunal correctionnel de Libreville a su op\u00e9rer avec rigueur. Initialement poursuivi pour diffamation,&nbsp; infraction qui suppose l&rsquo;all\u00e9gation ou l&rsquo;imputation d&rsquo;un fait pr\u00e9cis portant atteinte \u00e0 l&rsquo;honneur et \u00e0 la consid\u00e9ration d&rsquo;une personne,&nbsp; le pr\u00e9venu a finalement \u00e9t\u00e9 reconnu coupable d&rsquo;injures publiques.&nbsp;<\/p>\n\n\n\n<p>Cette requalification n&rsquo;est pas assur\u00e9ment pas anodine. Elle refl\u00e8te la nature m\u00eame des propos tenus. Il est important de souligner que l\u2019injure, contrairement \u00e0 la diffamation, ne repose pas sur un fait susceptible de preuve contraire, mais sur une expression outrageante d\u00e9pourvue de toute base factuelle. Or, traiter quelqu&rsquo;un de <strong><em>\u00ab minable \u00bb<\/em><\/strong> ne d\u00e9montre rien. Cela, au contraire, blesse, stigmatise et d\u00e9grade.<\/p>\n\n\n\n<p><strong>Une sanction proportionn\u00e9e, un signal fort<\/strong><\/p>\n\n\n\n<p>La peine prononc\u00e9e, six mois d&#8217;emprisonnement avec sursis, une amende de 200 000 FCFA, et deux millions de FCFA de dommages et int\u00e9r\u00eats au profit de la partie civile,&nbsp; est \u00e0 la mesure de la gravit\u00e9 des propos tenus et de leur retentissement public. Le sursis accord\u00e9 traduit la volont\u00e9 du tribunal de sanctionner sans n\u00e9cessairement priver le condamn\u00e9 de libert\u00e9, tout en lui adressant un avertissement sans appel.<\/p>\n\n\n\n<p>La r\u00e9paration civile accord\u00e9e \u00e0 Pierre-Alain Mounguengui est, quant \u00e0 elle, pleinement justifi\u00e9e. Pr\u00e9sident d&rsquo;une institution sportive nationale, il incarne une fonction publique expos\u00e9e au regard de tous. \u00catre insult\u00e9 publiquement, \u00e0 la t\u00e9l\u00e9vision, devant des milliers de t\u00e9l\u00e9spectateurs, porte in\u00e9vitablement atteinte \u00e0 sa dignit\u00e9, \u00e0 son autorit\u00e9 et \u00e0 la cr\u00e9dibilit\u00e9 de l&rsquo;institution qu&rsquo;il dirige. Les dommages et int\u00e9r\u00eats allou\u00e9s visent \u00e0 r\u00e9parer ce pr\u00e9judice moral r\u00e9el.<\/p>\n\n\n\n<p><strong>Koula Moussavou fait appel : la proc\u00e9dure suit son cours<\/strong><\/p>\n\n\n\n<p>Fr\u00e9ddy Koula a annonc\u00e9 sa d\u00e9cision d&rsquo;interjeter appel de ce jugement rendu en premier ressort. C&rsquo;est son droit le plus strict, garanti par les principes fondamentaux d&rsquo;un \u00c9tat de droit. La proc\u00e9dure d&rsquo;appel permettra \u00e0 la Cour comp\u00e9tente de r\u00e9examiner l&rsquo;ensemble des \u00e9l\u00e9ments de l&rsquo;affaire, tant sur le fond que sur la forme, et de confirmer, infirmer ou modifier la d\u00e9cision du tribunal.<\/p>\n\n\n\n<p>Cet appel suspend provisoirement l&rsquo;ex\u00e9cution de la peine, mais ne remet pas en cause la solidit\u00e9 juridique du raisonnement du tribunal. Il appartiendra aux juges d&rsquo;appel de dire si la d\u00e9cision de premi\u00e8re instance r\u00e9siste \u00e0 l&rsquo;examen. En attendant, la condamnation prononc\u00e9e reste un signal fort : nul, journaliste ou citoyen, ne saurait s&rsquo;abriter derri\u00e8re un micro ou un plateau de t\u00e9l\u00e9vision pour insulter impun\u00e9ment.<\/p>\n\n\n\n<p><strong>La parole publique n&rsquo;est pas sans cons\u00e9quences : un rappel n\u00e9cessaire<\/strong><\/p>\n\n\n\n<p>L&rsquo;affaire Koula doit r\u00e9sonner bien au-del\u00e0 du monde du sport et des m\u00e9dias. Elle rappelle, avec force, que la libert\u00e9 d&rsquo;expression, droit fondamental et pilier de toute d\u00e9mocratie, n&rsquo;est pas un ch\u00e8que en blanc pour l&rsquo;exc\u00e8s et l&rsquo;offense. Elle s&rsquo;exerce dans un cadre l\u00e9gal pr\u00e9cis, qui distingue la critique constructive de l&rsquo;insulte, le commentaire engag\u00e9 du propos d\u00e9gradant.<\/p>\n\n\n\n<p>\u00c0 l&rsquo;heure des r\u00e9seaux sociaux, des \u00e9missions en direct et des paroles qui se propagent en quelques secondes \u00e0 des milliers de personnes, cette affaire est un rappel salutaire. Chaque mot compte, chaque propos engage la responsabilit\u00e9. Journalistes, commentateurs, internautes ou simples citoyens, chacun doit mesurer le poids de ses mots avant de les rendre publics. La libert\u00e9 de parole est un droit pr\u00e9cieux ; elle exige, en retour, un usage responsable et respectueux de la dignit\u00e9 d&rsquo;autrui.<\/p>\n\n\n\n<p><\/p>\n","protected":false},"excerpt":{"rendered":"<p>Libreville, le 4 mars 2026 &#8211; (D\u00e9p\u00eaches 241). Le Tribunal correctionnel de Libreville a rendu, le mardi 3 mars 2026, une d\u00e9cision de condamnation \u00e0 l&rsquo;encontre du journaliste sportif&nbsp; Freddy Koula Moussavou pour injures publiques envers Pierre-Alain Mounguengui, pr\u00e9sident de la F\u00e9d\u00e9ration Gabonaise de Football (Fegafoot). Une d\u00e9cision fond\u00e9e en [&hellip;]<\/p>\n","protected":false},"author":12,"featured_media":27982,"comment_status":"open","ping_status":"open","sticky":false,"template":"","format":"standard","meta":{"om_disable_all_campaigns":false,"footnotes":""},"categories":[634,117],"tags":[99,406,5694,59,5696,5695,403],"class_list":{"0":"post-27981","1":"post","2":"type-post","3":"status-publish","4":"format-standard","5":"has-post-thumbnail","7":"category-sport","8":"category-une2","9":"tag-depeches241","10":"tag-football","11":"tag-freddy-koula","12":"tag-gabon","13":"tag-injures-publiques","14":"tag-pam","15":"tag-sport"},"yoast_head":"<!-- This site is optimized with the Yoast SEO plugin v27.5 - https:\/\/yoast.com\/product\/yoast-seo-wordpress\/ -->\n<title>Entre libert\u00e9 de ton et exc\u00e8s de langage: le cas Freddy Koula fait jurisprudence morale - Groupe D\u00e9p\u00eaches241<\/title>\n<meta name=\"description\" content=\"Le Tribunal correctionnel de Libreville a rendu, le mardi 3 mars 2026, une d\u00e9cision de condamnation \u00e0 l&#039;encontre du journaliste sportif\u00a0 Freddy Koula Moussavou pour injures publiques envers Pierre-Alain Mounguengui, pr\u00e9sident de la F\u00e9d\u00e9ration Gabonaise de Football (Fegafoot). Une d\u00e9cision fond\u00e9e en droit, qui illustre avec clart\u00e9 o\u00f9 s&#039;arr\u00eate la critique l\u00e9gitime et o\u00f9 commence l&#039;offense punissable.\" \/>\n<meta name=\"robots\" content=\"index, follow, max-snippet:-1, max-image-preview:large, max-video-preview:-1\" \/>\n<link rel=\"canonical\" href=\"https:\/\/depeches241.com\/?p=27981\" \/>\n<meta property=\"og:locale\" content=\"fr_FR\" \/>\n<meta property=\"og:type\" content=\"article\" \/>\n<meta property=\"og:title\" content=\"Entre libert\u00e9 de ton et exc\u00e8s de langage: le cas Freddy Koula fait jurisprudence morale - Groupe D\u00e9p\u00eaches241\" \/>\n<meta property=\"og:description\" content=\"Le Tribunal correctionnel de Libreville a rendu, le mardi 3 mars 2026, une d\u00e9cision de condamnation \u00e0 l&#039;encontre du journaliste sportif\u00a0 Freddy Koula Moussavou pour injures publiques envers Pierre-Alain Mounguengui, pr\u00e9sident de la F\u00e9d\u00e9ration Gabonaise de Football (Fegafoot). Une d\u00e9cision fond\u00e9e en droit, qui illustre avec clart\u00e9 o\u00f9 s&#039;arr\u00eate la critique l\u00e9gitime et o\u00f9 commence l&#039;offense punissable.\" \/>\n<meta property=\"og:url\" content=\"https:\/\/depeches241.com\/?p=27981\" \/>\n<meta property=\"og:site_name\" content=\"Groupe D\u00e9p\u00eaches241\" \/>\n<meta property=\"article:publisher\" content=\"https:\/\/www.facebook.com\/depeches241\" \/>\n<meta property=\"article:published_time\" content=\"2026-03-04T15:56:51+00:00\" \/>\n<meta property=\"article:modified_time\" content=\"2026-03-04T16:25:04+00:00\" \/>\n<meta property=\"og:image\" content=\"http:\/\/depeches241.com\/wp-content\/uploads\/2026\/03\/ecf059d2-3c1a-444a-b65b-56fccf7f9182.jpeg\" \/>\n\t<meta property=\"og:image:width\" content=\"640\" \/>\n\t<meta property=\"og:image:height\" content=\"369\" \/>\n\t<meta property=\"og:image:type\" content=\"image\/jpeg\" \/>\n<meta name=\"author\" content=\"Iboka Marc Andr\u00e9\" \/>\n<meta name=\"twitter:card\" content=\"summary_large_image\" \/>\n<meta name=\"twitter:label1\" content=\"\u00c9crit par\" \/>\n\t<meta name=\"twitter:data1\" content=\"Iboka Marc Andr\u00e9\" \/>\n\t<meta name=\"twitter:label2\" content=\"Dur\u00e9e de lecture estim\u00e9e\" \/>\n\t<meta name=\"twitter:data2\" content=\"4 minutes\" \/>\n<script type=\"application\/ld+json\" class=\"yoast-schema-graph\">{\"@context\":\"https:\\\/\\\/schema.org\",\"@graph\":[{\"@type\":\"Article\",\"@id\":\"https:\\\/\\\/depeches241.com\\\/?p=27981#article\",\"isPartOf\":{\"@id\":\"https:\\\/\\\/depeches241.com\\\/?p=27981\"},\"author\":{\"name\":\"Iboka Marc Andr\u00e9\",\"@id\":\"https:\\\/\\\/depeches241.com\\\/#\\\/schema\\\/person\\\/5abcf4b9361e0d8aa457b404d877674f\"},\"headline\":\"Entre libert\u00e9 de ton et exc\u00e8s de langage: le cas Freddy Koula fait jurisprudence morale\",\"datePublished\":\"2026-03-04T15:56:51+00:00\",\"dateModified\":\"2026-03-04T16:25:04+00:00\",\"mainEntityOfPage\":{\"@id\":\"https:\\\/\\\/depeches241.com\\\/?p=27981\"},\"wordCount\":760,\"commentCount\":0,\"publisher\":{\"@id\":\"https:\\\/\\\/depeches241.com\\\/#organization\"},\"image\":{\"@id\":\"https:\\\/\\\/depeches241.com\\\/?p=27981#primaryimage\"},\"thumbnailUrl\":\"https:\\\/\\\/depeches241.com\\\/wp-content\\\/uploads\\\/2026\\\/03\\\/ecf059d2-3c1a-444a-b65b-56fccf7f9182.jpeg\",\"keywords\":[\"depeches241\",\"Football\",\"Fr\u00e9ddy Koula\",\"Gabon\",\"Injures publiques\",\"PAM\",\"Sport\"],\"articleSection\":[\"SPORT\",\"Une2\"],\"inLanguage\":\"fr-FR\",\"potentialAction\":[{\"@type\":\"CommentAction\",\"name\":\"Comment\",\"target\":[\"https:\\\/\\\/depeches241.com\\\/?p=27981#respond\"]}]},{\"@type\":\"WebPage\",\"@id\":\"https:\\\/\\\/depeches241.com\\\/?p=27981\",\"url\":\"https:\\\/\\\/depeches241.com\\\/?p=27981\",\"name\":\"Entre libert\u00e9 de ton et exc\u00e8s de langage: le cas Freddy Koula fait jurisprudence morale - Groupe D\u00e9p\u00eaches241\",\"isPartOf\":{\"@id\":\"https:\\\/\\\/depeches241.com\\\/#website\"},\"primaryImageOfPage\":{\"@id\":\"https:\\\/\\\/depeches241.com\\\/?p=27981#primaryimage\"},\"image\":{\"@id\":\"https:\\\/\\\/depeches241.com\\\/?p=27981#primaryimage\"},\"thumbnailUrl\":\"https:\\\/\\\/depeches241.com\\\/wp-content\\\/uploads\\\/2026\\\/03\\\/ecf059d2-3c1a-444a-b65b-56fccf7f9182.jpeg\",\"datePublished\":\"2026-03-04T15:56:51+00:00\",\"dateModified\":\"2026-03-04T16:25:04+00:00\",\"description\":\"Le Tribunal correctionnel de Libreville a rendu, le mardi 3 mars 2026, une d\u00e9cision de condamnation \u00e0 l'encontre du journaliste sportif\u00a0 Freddy Koula Moussavou pour injures publiques envers Pierre-Alain Mounguengui, pr\u00e9sident de la F\u00e9d\u00e9ration Gabonaise de Football (Fegafoot). Une d\u00e9cision fond\u00e9e en droit, qui illustre avec clart\u00e9 o\u00f9 s'arr\u00eate la critique l\u00e9gitime et o\u00f9 commence l'offense punissable.\",\"breadcrumb\":{\"@id\":\"https:\\\/\\\/depeches241.com\\\/?p=27981#breadcrumb\"},\"inLanguage\":\"fr-FR\",\"potentialAction\":[{\"@type\":\"ReadAction\",\"target\":[\"https:\\\/\\\/depeches241.com\\\/?p=27981\"]}]},{\"@type\":\"ImageObject\",\"inLanguage\":\"fr-FR\",\"@id\":\"https:\\\/\\\/depeches241.com\\\/?p=27981#primaryimage\",\"url\":\"https:\\\/\\\/depeches241.com\\\/wp-content\\\/uploads\\\/2026\\\/03\\\/ecf059d2-3c1a-444a-b65b-56fccf7f9182.jpeg\",\"contentUrl\":\"https:\\\/\\\/depeches241.com\\\/wp-content\\\/uploads\\\/2026\\\/03\\\/ecf059d2-3c1a-444a-b65b-56fccf7f9182.jpeg\",\"width\":640,\"height\":369},{\"@type\":\"BreadcrumbList\",\"@id\":\"https:\\\/\\\/depeches241.com\\\/?p=27981#breadcrumb\",\"itemListElement\":[{\"@type\":\"ListItem\",\"position\":1,\"name\":\"Accueil\",\"item\":\"https:\\\/\\\/depeches241.com\\\/\"},{\"@type\":\"ListItem\",\"position\":2,\"name\":\"Entre libert\u00e9 de ton et exc\u00e8s de langage: le cas Freddy Koula fait jurisprudence morale\"}]},{\"@type\":\"WebSite\",\"@id\":\"https:\\\/\\\/depeches241.com\\\/#website\",\"url\":\"https:\\\/\\\/depeches241.com\\\/\",\"name\":\"D\u00e9p\u00eaches241\",\"description\":\"M\u00e9dia d&#039;actualit\u00e9 Politique, \u00c9conomique, Sociale et Internationale\",\"publisher\":{\"@id\":\"https:\\\/\\\/depeches241.com\\\/#organization\"},\"potentialAction\":[{\"@type\":\"SearchAction\",\"target\":{\"@type\":\"EntryPoint\",\"urlTemplate\":\"https:\\\/\\\/depeches241.com\\\/?s={search_term_string}\"},\"query-input\":{\"@type\":\"PropertyValueSpecification\",\"valueRequired\":true,\"valueName\":\"search_term_string\"}}],\"inLanguage\":\"fr-FR\"},{\"@type\":\"Organization\",\"@id\":\"https:\\\/\\\/depeches241.com\\\/#organization\",\"name\":\"Groupe D\u00e9p\u00eaches241\",\"url\":\"https:\\\/\\\/depeches241.com\\\/\",\"logo\":{\"@type\":\"ImageObject\",\"inLanguage\":\"fr-FR\",\"@id\":\"https:\\\/\\\/depeches241.com\\\/#\\\/schema\\\/logo\\\/image\\\/\",\"url\":\"https:\\\/\\\/depeches241.com\\\/wp-content\\\/uploads\\\/2021\\\/10\\\/cropped-Logo-new-Accueil.png\",\"contentUrl\":\"https:\\\/\\\/depeches241.com\\\/wp-content\\\/uploads\\\/2021\\\/10\\\/cropped-Logo-new-Accueil.png\",\"width\":320,\"height\":105,\"caption\":\"Groupe D\u00e9p\u00eaches241\"},\"image\":{\"@id\":\"https:\\\/\\\/depeches241.com\\\/#\\\/schema\\\/logo\\\/image\\\/\"},\"sameAs\":[\"https:\\\/\\\/www.facebook.com\\\/depeches241\"]},{\"@type\":\"Person\",\"@id\":\"https:\\\/\\\/depeches241.com\\\/#\\\/schema\\\/person\\\/5abcf4b9361e0d8aa457b404d877674f\",\"name\":\"Iboka Marc Andr\u00e9\",\"image\":{\"@type\":\"ImageObject\",\"inLanguage\":\"fr-FR\",\"@id\":\"https:\\\/\\\/secure.gravatar.com\\\/avatar\\\/13c33935f0a59dd3c3a52ae25f58c248a1bf75f6e9ab4e6a7a23bfb8f9f53136?s=96&d=mm&r=g\",\"url\":\"https:\\\/\\\/secure.gravatar.com\\\/avatar\\\/13c33935f0a59dd3c3a52ae25f58c248a1bf75f6e9ab4e6a7a23bfb8f9f53136?s=96&d=mm&r=g\",\"contentUrl\":\"https:\\\/\\\/secure.gravatar.com\\\/avatar\\\/13c33935f0a59dd3c3a52ae25f58c248a1bf75f6e9ab4e6a7a23bfb8f9f53136?s=96&d=mm&r=g\",\"caption\":\"Iboka Marc Andr\u00e9\"},\"url\":\"https:\\\/\\\/depeches241.com\\\/?author=12\"}]}<\/script>\n<!-- \/ Yoast SEO plugin. -->","yoast_head_json":{"title":"Entre libert\u00e9 de ton et exc\u00e8s de langage: le cas Freddy Koula fait jurisprudence morale - Groupe D\u00e9p\u00eaches241","description":"Le Tribunal correctionnel de Libreville a rendu, le mardi 3 mars 2026, une d\u00e9cision de condamnation \u00e0 l'encontre du journaliste sportif\u00a0 Freddy Koula Moussavou pour injures publiques envers Pierre-Alain Mounguengui, pr\u00e9sident de la F\u00e9d\u00e9ration Gabonaise de Football (Fegafoot). Une d\u00e9cision fond\u00e9e en droit, qui illustre avec clart\u00e9 o\u00f9 s'arr\u00eate la critique l\u00e9gitime et o\u00f9 commence l'offense punissable.","robots":{"index":"index","follow":"follow","max-snippet":"max-snippet:-1","max-image-preview":"max-image-preview:large","max-video-preview":"max-video-preview:-1"},"canonical":"https:\/\/depeches241.com\/?p=27981","og_locale":"fr_FR","og_type":"article","og_title":"Entre libert\u00e9 de ton et exc\u00e8s de langage: le cas Freddy Koula fait jurisprudence morale - Groupe D\u00e9p\u00eaches241","og_description":"Le Tribunal correctionnel de Libreville a rendu, le mardi 3 mars 2026, une d\u00e9cision de condamnation \u00e0 l'encontre du journaliste sportif\u00a0 Freddy Koula Moussavou pour injures publiques envers Pierre-Alain Mounguengui, pr\u00e9sident de la F\u00e9d\u00e9ration Gabonaise de Football (Fegafoot). Une d\u00e9cision fond\u00e9e en droit, qui illustre avec clart\u00e9 o\u00f9 s'arr\u00eate la critique l\u00e9gitime et o\u00f9 commence l'offense punissable.","og_url":"https:\/\/depeches241.com\/?p=27981","og_site_name":"Groupe D\u00e9p\u00eaches241","article_publisher":"https:\/\/www.facebook.com\/depeches241","article_published_time":"2026-03-04T15:56:51+00:00","article_modified_time":"2026-03-04T16:25:04+00:00","og_image":[{"width":640,"height":369,"url":"http:\/\/depeches241.com\/wp-content\/uploads\/2026\/03\/ecf059d2-3c1a-444a-b65b-56fccf7f9182.jpeg","type":"image\/jpeg"}],"author":"Iboka Marc Andr\u00e9","twitter_card":"summary_large_image","twitter_misc":{"\u00c9crit par":"Iboka Marc Andr\u00e9","Dur\u00e9e de lecture estim\u00e9e":"4 minutes"},"schema":{"@context":"https:\/\/schema.org","@graph":[{"@type":"Article","@id":"https:\/\/depeches241.com\/?p=27981#article","isPartOf":{"@id":"https:\/\/depeches241.com\/?p=27981"},"author":{"name":"Iboka Marc Andr\u00e9","@id":"https:\/\/depeches241.com\/#\/schema\/person\/5abcf4b9361e0d8aa457b404d877674f"},"headline":"Entre libert\u00e9 de ton et exc\u00e8s de langage: le cas Freddy Koula fait jurisprudence morale","datePublished":"2026-03-04T15:56:51+00:00","dateModified":"2026-03-04T16:25:04+00:00","mainEntityOfPage":{"@id":"https:\/\/depeches241.com\/?p=27981"},"wordCount":760,"commentCount":0,"publisher":{"@id":"https:\/\/depeches241.com\/#organization"},"image":{"@id":"https:\/\/depeches241.com\/?p=27981#primaryimage"},"thumbnailUrl":"https:\/\/depeches241.com\/wp-content\/uploads\/2026\/03\/ecf059d2-3c1a-444a-b65b-56fccf7f9182.jpeg","keywords":["depeches241","Football","Fr\u00e9ddy Koula","Gabon","Injures publiques","PAM","Sport"],"articleSection":["SPORT","Une2"],"inLanguage":"fr-FR","potentialAction":[{"@type":"CommentAction","name":"Comment","target":["https:\/\/depeches241.com\/?p=27981#respond"]}]},{"@type":"WebPage","@id":"https:\/\/depeches241.com\/?p=27981","url":"https:\/\/depeches241.com\/?p=27981","name":"Entre libert\u00e9 de ton et exc\u00e8s de langage: le cas Freddy Koula fait jurisprudence morale - Groupe D\u00e9p\u00eaches241","isPartOf":{"@id":"https:\/\/depeches241.com\/#website"},"primaryImageOfPage":{"@id":"https:\/\/depeches241.com\/?p=27981#primaryimage"},"image":{"@id":"https:\/\/depeches241.com\/?p=27981#primaryimage"},"thumbnailUrl":"https:\/\/depeches241.com\/wp-content\/uploads\/2026\/03\/ecf059d2-3c1a-444a-b65b-56fccf7f9182.jpeg","datePublished":"2026-03-04T15:56:51+00:00","dateModified":"2026-03-04T16:25:04+00:00","description":"Le Tribunal correctionnel de Libreville a rendu, le mardi 3 mars 2026, une d\u00e9cision de condamnation \u00e0 l'encontre du journaliste sportif\u00a0 Freddy Koula Moussavou pour injures publiques envers Pierre-Alain Mounguengui, pr\u00e9sident de la F\u00e9d\u00e9ration Gabonaise de Football (Fegafoot). Une d\u00e9cision fond\u00e9e en droit, qui illustre avec clart\u00e9 o\u00f9 s'arr\u00eate la critique l\u00e9gitime et o\u00f9 commence l'offense punissable.","breadcrumb":{"@id":"https:\/\/depeches241.com\/?p=27981#breadcrumb"},"inLanguage":"fr-FR","potentialAction":[{"@type":"ReadAction","target":["https:\/\/depeches241.com\/?p=27981"]}]},{"@type":"ImageObject","inLanguage":"fr-FR","@id":"https:\/\/depeches241.com\/?p=27981#primaryimage","url":"https:\/\/depeches241.com\/wp-content\/uploads\/2026\/03\/ecf059d2-3c1a-444a-b65b-56fccf7f9182.jpeg","contentUrl":"https:\/\/depeches241.com\/wp-content\/uploads\/2026\/03\/ecf059d2-3c1a-444a-b65b-56fccf7f9182.jpeg","width":640,"height":369},{"@type":"BreadcrumbList","@id":"https:\/\/depeches241.com\/?p=27981#breadcrumb","itemListElement":[{"@type":"ListItem","position":1,"name":"Accueil","item":"https:\/\/depeches241.com\/"},{"@type":"ListItem","position":2,"name":"Entre libert\u00e9 de ton et exc\u00e8s de langage: le cas Freddy Koula fait jurisprudence morale"}]},{"@type":"WebSite","@id":"https:\/\/depeches241.com\/#website","url":"https:\/\/depeches241.com\/","name":"D\u00e9p\u00eaches241","description":"M\u00e9dia d&#039;actualit\u00e9 Politique, \u00c9conomique, Sociale et Internationale","publisher":{"@id":"https:\/\/depeches241.com\/#organization"},"potentialAction":[{"@type":"SearchAction","target":{"@type":"EntryPoint","urlTemplate":"https:\/\/depeches241.com\/?s={search_term_string}"},"query-input":{"@type":"PropertyValueSpecification","valueRequired":true,"valueName":"search_term_string"}}],"inLanguage":"fr-FR"},{"@type":"Organization","@id":"https:\/\/depeches241.com\/#organization","name":"Groupe D\u00e9p\u00eaches241","url":"https:\/\/depeches241.com\/","logo":{"@type":"ImageObject","inLanguage":"fr-FR","@id":"https:\/\/depeches241.com\/#\/schema\/logo\/image\/","url":"https:\/\/depeches241.com\/wp-content\/uploads\/2021\/10\/cropped-Logo-new-Accueil.png","contentUrl":"https:\/\/depeches241.com\/wp-content\/uploads\/2021\/10\/cropped-Logo-new-Accueil.png","width":320,"height":105,"caption":"Groupe D\u00e9p\u00eaches241"},"image":{"@id":"https:\/\/depeches241.com\/#\/schema\/logo\/image\/"},"sameAs":["https:\/\/www.facebook.com\/depeches241"]},{"@type":"Person","@id":"https:\/\/depeches241.com\/#\/schema\/person\/5abcf4b9361e0d8aa457b404d877674f","name":"Iboka Marc Andr\u00e9","image":{"@type":"ImageObject","inLanguage":"fr-FR","@id":"https:\/\/secure.gravatar.com\/avatar\/13c33935f0a59dd3c3a52ae25f58c248a1bf75f6e9ab4e6a7a23bfb8f9f53136?s=96&d=mm&r=g","url":"https:\/\/secure.gravatar.com\/avatar\/13c33935f0a59dd3c3a52ae25f58c248a1bf75f6e9ab4e6a7a23bfb8f9f53136?s=96&d=mm&r=g","contentUrl":"https:\/\/secure.gravatar.com\/avatar\/13c33935f0a59dd3c3a52ae25f58c248a1bf75f6e9ab4e6a7a23bfb8f9f53136?s=96&d=mm&r=g","caption":"Iboka Marc Andr\u00e9"},"url":"https:\/\/depeches241.com\/?author=12"}]}},"_links":{"self":[{"href":"https:\/\/depeches241.com\/index.php?rest_route=\/wp\/v2\/posts\/27981","targetHints":{"allow":["GET"]}}],"collection":[{"href":"https:\/\/depeches241.com\/index.php?rest_route=\/wp\/v2\/posts"}],"about":[{"href":"https:\/\/depeches241.com\/index.php?rest_route=\/wp\/v2\/types\/post"}],"author":[{"embeddable":true,"href":"https:\/\/depeches241.com\/index.php?rest_route=\/wp\/v2\/users\/12"}],"replies":[{"embeddable":true,"href":"https:\/\/depeches241.com\/index.php?rest_route=%2Fwp%2Fv2%2Fcomments&post=27981"}],"version-history":[{"count":3,"href":"https:\/\/depeches241.com\/index.php?rest_route=\/wp\/v2\/posts\/27981\/revisions"}],"predecessor-version":[{"id":27985,"href":"https:\/\/depeches241.com\/index.php?rest_route=\/wp\/v2\/posts\/27981\/revisions\/27985"}],"wp:featuredmedia":[{"embeddable":true,"href":"https:\/\/depeches241.com\/index.php?rest_route=\/wp\/v2\/media\/27982"}],"wp:attachment":[{"href":"https:\/\/depeches241.com\/index.php?rest_route=%2Fwp%2Fv2%2Fmedia&parent=27981"}],"wp:term":[{"taxonomy":"category","embeddable":true,"href":"https:\/\/depeches241.com\/index.php?rest_route=%2Fwp%2Fv2%2Fcategories&post=27981"},{"taxonomy":"post_tag","embeddable":true,"href":"https:\/\/depeches241.com\/index.php?rest_route=%2Fwp%2Fv2%2Ftags&post=27981"}],"curies":[{"name":"wp","href":"https:\/\/api.w.org\/{rel}","templated":true}]}}