{"id":28007,"date":"2026-03-06T13:24:33","date_gmt":"2026-03-06T12:24:33","guid":{"rendered":"https:\/\/depeches241.com\/?p=28007"},"modified":"2026-03-06T13:25:29","modified_gmt":"2026-03-06T12:25:29","slug":"pressions-du-haut-ogooue-comment-aurelien-mintsa-mi-nguema-a-ete-pousse-vers-linde","status":"publish","type":"post","link":"https:\/\/depeches241.com\/?p=28007","title":{"rendered":"Pressions du Haut-Ogoou\u00e9 : comment Aur\u00e9lien Mintsa Mi-Nguema a \u00e9t\u00e9 pouss\u00e9 vers l\u2019Inde ?"},"content":{"rendered":"\n<figure class=\"wp-block-image size-full\"><img fetchpriority=\"high\" decoding=\"async\" width=\"720\" height=\"446\" src=\"https:\/\/depeches241.com\/wp-content\/uploads\/2026\/03\/b0a50261-a04b-44e2-a170-7f1e47e1570c.jpeg\" alt=\"\" class=\"wp-image-28008\" srcset=\"https:\/\/depeches241.com\/wp-content\/uploads\/2026\/03\/b0a50261-a04b-44e2-a170-7f1e47e1570c.jpeg 720w, https:\/\/depeches241.com\/wp-content\/uploads\/2026\/03\/b0a50261-a04b-44e2-a170-7f1e47e1570c-300x186.jpeg 300w\" sizes=\"(max-width: 720px) 100vw, 720px\" \/><figcaption class=\"wp-element-caption\"><strong><em>Selon Africa Intelligence, l\u2019exil diplomatique du fr\u00e8re du pr\u00e9sident aurait pour origine des pressions du clan materydu Chef de l\u2019Etat <\/em><\/strong><\/figcaption><\/figure>\n\n\n\n<p><strong>Libreville, le 6 mars 2026 &#8211; (D\u00e9p\u00eaches 241). Nomm\u00e9 Ambassadeur du Gabon en Inde lors du Conseil des ministres du 26 f\u00e9vrier dernier, le demi-fr\u00e8re du Chef de l&rsquo;\u00c9tat, Aur\u00e9lien Mintsa Mi-Nguema, a \u00e9t\u00e9 mis \u00e0 l&rsquo;\u00e9cart apr\u00e8s un arbitrage d\u00e9cisif rendu depuis Franceville,&nbsp; \u00e0 la demande des caciques du Haut-Ogoou\u00e9, r\u00e9v\u00e8le <\/strong><strong><em>Africa Intelligence.<\/em><\/strong><\/p>\n\n\n\n<p class=\"has-drop-cap\">La nouvelle a circul\u00e9 comme une onde de choc dans les cercles feutr\u00e9s du pouvoir gabonais. Annonc\u00e9e au d\u00e9tour d&rsquo;un Conseil des ministres ordinaire, la nomination de Aur\u00e9lien Mintsa Mi Nguema au poste d&rsquo;Ambassadeur du Gabon en Inde a surpris plus d&rsquo;un tout autant que l&rsquo;int\u00e9ress\u00e9 lui-m\u00eame. Ce proche collaborateur du chef de l&rsquo;\u00c9tat, figure tut\u00e9laire du camp paternel dans Woleu-Ntem, se retrouve projet\u00e9 \u00e0 New Delhi,&nbsp; loin des antichambres du Palais pr\u00e9sidentiel o\u00f9 il avait patiemment construit son influence. Dans la ville-capitale, la question bruisse de l\u00e8vre en l\u00e8vre : qui a d\u00e9cid\u00e9 de l&rsquo;\u00e9loigner, et pour quelle raison&nbsp; ?<\/p>\n\n\n\n<p>Pour comprendre la m\u00e9canique de cette mise \u00e0 l&rsquo;\u00e9cart, il faut remonter \u00e0 un s\u00e9jour pr\u00e9sidentiel \u00e0 Franceville, dans le Haut-Ogoou\u00e9, fief historique de l&rsquo;ancien r\u00e9gime Bongo et bastion du clan maternel de Brice Clotaire Oligui Nguema. Notre confr\u00e8re <em>Africa Intelligence<\/em>, c\u2019est l\u00e0-bas, dans la discr\u00e9tion des grandes familles de Ngouoni, que le sort d&rsquo;Aur\u00e9lien Mintsa Mi Nguema aurait \u00e9t\u00e9 longuement d\u00e9battu, puis scell\u00e9.&nbsp;<\/p>\n\n\n\n<p>Les <strong><em>\u00ab Cassick \u00bb<\/em><\/strong> du Haut-Ogoou\u00e9, ces gardiens d&rsquo;une tradition politique h\u00e9rit\u00e9e de l&rsquo;\u00e8re Bongo auraient exerc\u00e9 leur pression sur le chef de l&rsquo;\u00c9tat, pris en \u00e9tau entre deux piliers de sa l\u00e9gitimit\u00e9. Le clan maternel du Sud-Est d\u2019une part, et le camp paternel du Nord, d&rsquo;autre part. La nomination \u00e0 New Delhi serait ainsi la r\u00e9sultante d&rsquo;un arbitrage rendu en faveur des premiers, une concession politique envelopp\u00e9e dans les honneurs diplomatiques.<\/p>\n\n\n\n<p><strong><em>\u00ab Sa nomination ? Un exil dor\u00e9 \u00e0 dix mille kilom\u00e8tres \u2014 une fa\u00e7on \u00e9l\u00e9gante de mettre une fronti\u00e8re entre lui et le Pr\u00e9sident. \u00bb<\/em><\/strong><strong>, <\/strong>source proche du Palais sous couvert d\u2019anonymat.&nbsp;<\/p>\n\n\n\n<p>Ce qui aga\u00e7erait \u00ab les Cassick \u00bb de l&rsquo;ancien r\u00e9gime, c&rsquo;est avant tout l&rsquo;activisme croissant d&rsquo;Aur\u00e9lien Mintsa Mi Nguema au sein de l&rsquo;Union D\u00e9mocratiques des B\u00e2tisseurs (UDB), dont il occupe le poste strat\u00e9gique de tr\u00e9sorier. Depuis plusieurs mois, il aurait pilot\u00e9 une opposition frontale \u00e0 plusieurs d\u00e9put\u00e9s issus du Parti D\u00e9mocratique Gabonais, lors des derni\u00e8res \u00e9lections.&nbsp;<\/p>\n\n\n\n<p><strong>LIRE AUSSI : <a href=\"https:\/\/depeches241.com\/?p=27893\"><strong>Conseil des ministres : Aur\u00e9lien Mintsa-Mi-Nguema nomm\u00e9 ambassadeur du Gabon en Inde<\/strong><\/a><\/strong><\/p>\n\n\n\n<p>\u00c0 leurs yeux, ce fils du Nord trop influent aupr\u00e8s du Pr\u00e9sident constituait une menace directe \u00e0 leur survie politique dans le nouveau Gabon post-transition. Ses son acc\u00e8s privil\u00e9gi\u00e9 au chef de l&rsquo;\u00c9tat Brice Clotaire Oligui Ngu\u00e9ma, sa capacit\u00e9 \u00e0 peser sur les nominations et les \u00e9quilibres internes, autant d&rsquo;atouts qui lui valaient aussi bien des ennemis que des admirateurs.<\/p>\n\n\n\n<p>Reste d\u00e9sormais l&rsquo;interrogation centrale que tout Libreville se pose : Aur\u00e9lien Mintsa Mi Nguema rejoindra-t-il effectivement son poste sur les bords de la Yamuna ? Rien n&rsquo;est moins s\u00fbr. Dans les chancelleries de la Transition, une nomination diplomatique non souhait\u00e9e peut fort bien demeurer lettre morte, une \u00e9p\u00e9e de Damocl\u00e8s suspendue plut\u00f4t qu&rsquo;un exil consomm\u00e9.&nbsp;<\/p>\n\n\n\n<p>Cet \u00e9pisode r\u00e9v\u00e8le en tout cas les lignes de fracture qui traversent le r\u00e9gime de la Transition, entre la volont\u00e9 du chef de l&rsquo;\u00c9tat de s&rsquo;affranchir des r\u00e9seaux h\u00e9rit\u00e9s et la pression constante des anciens \u00e9quilibres r\u00e9gionaux qui refusent de dispara\u00eetre.&nbsp;<\/p>\n\n\n\n<p>Entre Oyem et Franceville, entre les p\u00e8res et les m\u00e8res du pouvoir, Brice Clotaire Oligui Nguema doit naviguer. Et cette navigation, comme vient de le montrer l&rsquo;affaire Mintsa, a un co\u00fbt humain et politique que nul ne peut encore, pour l\u2019heure, clairement&nbsp; mesurer.<\/p>\n\n\n\n<p><\/p>\n","protected":false},"excerpt":{"rendered":"<p>Libreville, le 6 mars 2026 &#8211; (D\u00e9p\u00eaches 241). Nomm\u00e9 Ambassadeur du Gabon en Inde lors du Conseil des ministres du 26 f\u00e9vrier dernier, le demi-fr\u00e8re du Chef de l&rsquo;\u00c9tat, Aur\u00e9lien Mintsa Mi-Nguema, a \u00e9t\u00e9 mis \u00e0 l&rsquo;\u00e9cart apr\u00e8s un arbitrage d\u00e9cisif rendu depuis Franceville,&nbsp; \u00e0 la demande des caciques du [&hellip;]<\/p>\n","protected":false},"author":12,"featured_media":28008,"comment_status":"open","ping_status":"open","sticky":false,"template":"","format":"standard","meta":{"om_disable_all_campaigns":false,"footnotes":""},"categories":[3,116],"tags":[3154,99,59,2854,73],"class_list":{"0":"post-28007","1":"post","2":"type-post","3":"status-publish","4":"format-standard","5":"has-post-thumbnail","7":"category-politique","8":"category-une1","9":"tag-aurelien-mintsa-mi-nguema","10":"tag-depeches241","11":"tag-gabon","12":"tag-oligui-brice-nguema","13":"tag-politique"},"yoast_head":"<!-- This site is optimized with the Yoast SEO plugin v27.5 - https:\/\/yoast.com\/product\/yoast-seo-wordpress\/ -->\n<title>Pressions du Haut-Ogoou\u00e9 : comment Aur\u00e9lien Mintsa Mi-Nguema a \u00e9t\u00e9 pouss\u00e9 vers l\u2019Inde ? - Groupe D\u00e9p\u00eaches241<\/title>\n<meta name=\"description\" content=\"Nomm\u00e9 Ambassadeur du Gabon en Inde lors du Conseil des ministres du 26 f\u00e9vrier dernier, le demi-fr\u00e8re du Chef de l&#039;\u00c9tat, Aur\u00e9lien Mintsa Mi-Nguema, a \u00e9t\u00e9 mis \u00e0 l&#039;\u00e9cart apr\u00e8s un arbitrage d\u00e9cisif rendu depuis Franceville, \u00e0 la demande des caciques du Haut-Ogoou\u00e9, r\u00e9v\u00e8le Africa Intelligence.\" \/>\n<meta name=\"robots\" content=\"index, follow, max-snippet:-1, max-image-preview:large, max-video-preview:-1\" \/>\n<link rel=\"canonical\" href=\"https:\/\/depeches241.com\/?p=28007\" \/>\n<meta property=\"og:locale\" content=\"fr_FR\" \/>\n<meta property=\"og:type\" content=\"article\" \/>\n<meta property=\"og:title\" content=\"Pressions du Haut-Ogoou\u00e9 : comment Aur\u00e9lien Mintsa Mi-Nguema a \u00e9t\u00e9 pouss\u00e9 vers l\u2019Inde ? - Groupe D\u00e9p\u00eaches241\" \/>\n<meta property=\"og:description\" content=\"Nomm\u00e9 Ambassadeur du Gabon en Inde lors du Conseil des ministres du 26 f\u00e9vrier dernier, le demi-fr\u00e8re du Chef de l&#039;\u00c9tat, Aur\u00e9lien Mintsa Mi-Nguema, a \u00e9t\u00e9 mis \u00e0 l&#039;\u00e9cart apr\u00e8s un arbitrage d\u00e9cisif rendu depuis Franceville, \u00e0 la demande des caciques du Haut-Ogoou\u00e9, r\u00e9v\u00e8le Africa Intelligence.\" \/>\n<meta property=\"og:url\" content=\"https:\/\/depeches241.com\/?p=28007\" \/>\n<meta property=\"og:site_name\" content=\"Groupe D\u00e9p\u00eaches241\" \/>\n<meta property=\"article:publisher\" content=\"https:\/\/www.facebook.com\/depeches241\" \/>\n<meta property=\"article:published_time\" content=\"2026-03-06T12:24:33+00:00\" \/>\n<meta property=\"article:modified_time\" content=\"2026-03-06T12:25:29+00:00\" \/>\n<meta property=\"og:image\" content=\"http:\/\/depeches241.com\/wp-content\/uploads\/2026\/03\/b0a50261-a04b-44e2-a170-7f1e47e1570c.jpeg\" \/>\n\t<meta property=\"og:image:width\" content=\"720\" \/>\n\t<meta property=\"og:image:height\" content=\"446\" \/>\n\t<meta property=\"og:image:type\" content=\"image\/jpeg\" \/>\n<meta name=\"author\" content=\"Iboka Marc Andr\u00e9\" \/>\n<meta name=\"twitter:card\" content=\"summary_large_image\" \/>\n<meta name=\"twitter:label1\" content=\"\u00c9crit par\" \/>\n\t<meta name=\"twitter:data1\" content=\"Iboka Marc Andr\u00e9\" \/>\n\t<meta name=\"twitter:label2\" content=\"Dur\u00e9e de lecture estim\u00e9e\" \/>\n\t<meta name=\"twitter:data2\" content=\"3 minutes\" \/>\n<script type=\"application\/ld+json\" class=\"yoast-schema-graph\">{\"@context\":\"https:\\\/\\\/schema.org\",\"@graph\":[{\"@type\":\"Article\",\"@id\":\"https:\\\/\\\/depeches241.com\\\/?p=28007#article\",\"isPartOf\":{\"@id\":\"https:\\\/\\\/depeches241.com\\\/?p=28007\"},\"author\":{\"name\":\"Iboka Marc Andr\u00e9\",\"@id\":\"https:\\\/\\\/depeches241.com\\\/#\\\/schema\\\/person\\\/5abcf4b9361e0d8aa457b404d877674f\"},\"headline\":\"Pressions du Haut-Ogoou\u00e9 : comment Aur\u00e9lien Mintsa Mi-Nguema a \u00e9t\u00e9 pouss\u00e9 vers l\u2019Inde ?\",\"datePublished\":\"2026-03-06T12:24:33+00:00\",\"dateModified\":\"2026-03-06T12:25:29+00:00\",\"mainEntityOfPage\":{\"@id\":\"https:\\\/\\\/depeches241.com\\\/?p=28007\"},\"wordCount\":697,\"commentCount\":0,\"publisher\":{\"@id\":\"https:\\\/\\\/depeches241.com\\\/#organization\"},\"image\":{\"@id\":\"https:\\\/\\\/depeches241.com\\\/?p=28007#primaryimage\"},\"thumbnailUrl\":\"https:\\\/\\\/depeches241.com\\\/wp-content\\\/uploads\\\/2026\\\/03\\\/b0a50261-a04b-44e2-a170-7f1e47e1570c.jpeg\",\"keywords\":[\"Aur\u00e9lien Mintsa Mi Nguema\",\"depeches241\",\"Gabon\",\"Oligui Brice Nguema\",\"Politique\"],\"articleSection\":[\"POLITIQUE\",\"Une1\"],\"inLanguage\":\"fr-FR\",\"potentialAction\":[{\"@type\":\"CommentAction\",\"name\":\"Comment\",\"target\":[\"https:\\\/\\\/depeches241.com\\\/?p=28007#respond\"]}]},{\"@type\":\"WebPage\",\"@id\":\"https:\\\/\\\/depeches241.com\\\/?p=28007\",\"url\":\"https:\\\/\\\/depeches241.com\\\/?p=28007\",\"name\":\"Pressions du Haut-Ogoou\u00e9 : comment Aur\u00e9lien Mintsa Mi-Nguema a \u00e9t\u00e9 pouss\u00e9 vers l\u2019Inde ? - Groupe D\u00e9p\u00eaches241\",\"isPartOf\":{\"@id\":\"https:\\\/\\\/depeches241.com\\\/#website\"},\"primaryImageOfPage\":{\"@id\":\"https:\\\/\\\/depeches241.com\\\/?p=28007#primaryimage\"},\"image\":{\"@id\":\"https:\\\/\\\/depeches241.com\\\/?p=28007#primaryimage\"},\"thumbnailUrl\":\"https:\\\/\\\/depeches241.com\\\/wp-content\\\/uploads\\\/2026\\\/03\\\/b0a50261-a04b-44e2-a170-7f1e47e1570c.jpeg\",\"datePublished\":\"2026-03-06T12:24:33+00:00\",\"dateModified\":\"2026-03-06T12:25:29+00:00\",\"description\":\"Nomm\u00e9 Ambassadeur du Gabon en Inde lors du Conseil des ministres du 26 f\u00e9vrier dernier, le demi-fr\u00e8re du Chef de l'\u00c9tat, Aur\u00e9lien Mintsa Mi-Nguema, a \u00e9t\u00e9 mis \u00e0 l'\u00e9cart apr\u00e8s un arbitrage d\u00e9cisif rendu depuis Franceville, \u00e0 la demande des caciques du Haut-Ogoou\u00e9, r\u00e9v\u00e8le Africa Intelligence.\",\"breadcrumb\":{\"@id\":\"https:\\\/\\\/depeches241.com\\\/?p=28007#breadcrumb\"},\"inLanguage\":\"fr-FR\",\"potentialAction\":[{\"@type\":\"ReadAction\",\"target\":[\"https:\\\/\\\/depeches241.com\\\/?p=28007\"]}]},{\"@type\":\"ImageObject\",\"inLanguage\":\"fr-FR\",\"@id\":\"https:\\\/\\\/depeches241.com\\\/?p=28007#primaryimage\",\"url\":\"https:\\\/\\\/depeches241.com\\\/wp-content\\\/uploads\\\/2026\\\/03\\\/b0a50261-a04b-44e2-a170-7f1e47e1570c.jpeg\",\"contentUrl\":\"https:\\\/\\\/depeches241.com\\\/wp-content\\\/uploads\\\/2026\\\/03\\\/b0a50261-a04b-44e2-a170-7f1e47e1570c.jpeg\",\"width\":720,\"height\":446},{\"@type\":\"BreadcrumbList\",\"@id\":\"https:\\\/\\\/depeches241.com\\\/?p=28007#breadcrumb\",\"itemListElement\":[{\"@type\":\"ListItem\",\"position\":1,\"name\":\"Accueil\",\"item\":\"https:\\\/\\\/depeches241.com\\\/\"},{\"@type\":\"ListItem\",\"position\":2,\"name\":\"Pressions du Haut-Ogoou\u00e9 : comment Aur\u00e9lien Mintsa Mi-Nguema a \u00e9t\u00e9 pouss\u00e9 vers l\u2019Inde ?\"}]},{\"@type\":\"WebSite\",\"@id\":\"https:\\\/\\\/depeches241.com\\\/#website\",\"url\":\"https:\\\/\\\/depeches241.com\\\/\",\"name\":\"D\u00e9p\u00eaches241\",\"description\":\"M\u00e9dia d&#039;actualit\u00e9 Politique, \u00c9conomique, Sociale et Internationale\",\"publisher\":{\"@id\":\"https:\\\/\\\/depeches241.com\\\/#organization\"},\"potentialAction\":[{\"@type\":\"SearchAction\",\"target\":{\"@type\":\"EntryPoint\",\"urlTemplate\":\"https:\\\/\\\/depeches241.com\\\/?s={search_term_string}\"},\"query-input\":{\"@type\":\"PropertyValueSpecification\",\"valueRequired\":true,\"valueName\":\"search_term_string\"}}],\"inLanguage\":\"fr-FR\"},{\"@type\":\"Organization\",\"@id\":\"https:\\\/\\\/depeches241.com\\\/#organization\",\"name\":\"Groupe D\u00e9p\u00eaches241\",\"url\":\"https:\\\/\\\/depeches241.com\\\/\",\"logo\":{\"@type\":\"ImageObject\",\"inLanguage\":\"fr-FR\",\"@id\":\"https:\\\/\\\/depeches241.com\\\/#\\\/schema\\\/logo\\\/image\\\/\",\"url\":\"https:\\\/\\\/depeches241.com\\\/wp-content\\\/uploads\\\/2021\\\/10\\\/cropped-Logo-new-Accueil.png\",\"contentUrl\":\"https:\\\/\\\/depeches241.com\\\/wp-content\\\/uploads\\\/2021\\\/10\\\/cropped-Logo-new-Accueil.png\",\"width\":320,\"height\":105,\"caption\":\"Groupe D\u00e9p\u00eaches241\"},\"image\":{\"@id\":\"https:\\\/\\\/depeches241.com\\\/#\\\/schema\\\/logo\\\/image\\\/\"},\"sameAs\":[\"https:\\\/\\\/www.facebook.com\\\/depeches241\"]},{\"@type\":\"Person\",\"@id\":\"https:\\\/\\\/depeches241.com\\\/#\\\/schema\\\/person\\\/5abcf4b9361e0d8aa457b404d877674f\",\"name\":\"Iboka Marc Andr\u00e9\",\"image\":{\"@type\":\"ImageObject\",\"inLanguage\":\"fr-FR\",\"@id\":\"https:\\\/\\\/secure.gravatar.com\\\/avatar\\\/13c33935f0a59dd3c3a52ae25f58c248a1bf75f6e9ab4e6a7a23bfb8f9f53136?s=96&d=mm&r=g\",\"url\":\"https:\\\/\\\/secure.gravatar.com\\\/avatar\\\/13c33935f0a59dd3c3a52ae25f58c248a1bf75f6e9ab4e6a7a23bfb8f9f53136?s=96&d=mm&r=g\",\"contentUrl\":\"https:\\\/\\\/secure.gravatar.com\\\/avatar\\\/13c33935f0a59dd3c3a52ae25f58c248a1bf75f6e9ab4e6a7a23bfb8f9f53136?s=96&d=mm&r=g\",\"caption\":\"Iboka Marc Andr\u00e9\"},\"url\":\"https:\\\/\\\/depeches241.com\\\/?author=12\"}]}<\/script>\n<!-- \/ Yoast SEO plugin. -->","yoast_head_json":{"title":"Pressions du Haut-Ogoou\u00e9 : comment Aur\u00e9lien Mintsa Mi-Nguema a \u00e9t\u00e9 pouss\u00e9 vers l\u2019Inde ? - Groupe D\u00e9p\u00eaches241","description":"Nomm\u00e9 Ambassadeur du Gabon en Inde lors du Conseil des ministres du 26 f\u00e9vrier dernier, le demi-fr\u00e8re du Chef de l'\u00c9tat, Aur\u00e9lien Mintsa Mi-Nguema, a \u00e9t\u00e9 mis \u00e0 l'\u00e9cart apr\u00e8s un arbitrage d\u00e9cisif rendu depuis Franceville, \u00e0 la demande des caciques du Haut-Ogoou\u00e9, r\u00e9v\u00e8le Africa Intelligence.","robots":{"index":"index","follow":"follow","max-snippet":"max-snippet:-1","max-image-preview":"max-image-preview:large","max-video-preview":"max-video-preview:-1"},"canonical":"https:\/\/depeches241.com\/?p=28007","og_locale":"fr_FR","og_type":"article","og_title":"Pressions du Haut-Ogoou\u00e9 : comment Aur\u00e9lien Mintsa Mi-Nguema a \u00e9t\u00e9 pouss\u00e9 vers l\u2019Inde ? - Groupe D\u00e9p\u00eaches241","og_description":"Nomm\u00e9 Ambassadeur du Gabon en Inde lors du Conseil des ministres du 26 f\u00e9vrier dernier, le demi-fr\u00e8re du Chef de l'\u00c9tat, Aur\u00e9lien Mintsa Mi-Nguema, a \u00e9t\u00e9 mis \u00e0 l'\u00e9cart apr\u00e8s un arbitrage d\u00e9cisif rendu depuis Franceville, \u00e0 la demande des caciques du Haut-Ogoou\u00e9, r\u00e9v\u00e8le Africa Intelligence.","og_url":"https:\/\/depeches241.com\/?p=28007","og_site_name":"Groupe D\u00e9p\u00eaches241","article_publisher":"https:\/\/www.facebook.com\/depeches241","article_published_time":"2026-03-06T12:24:33+00:00","article_modified_time":"2026-03-06T12:25:29+00:00","og_image":[{"width":720,"height":446,"url":"http:\/\/depeches241.com\/wp-content\/uploads\/2026\/03\/b0a50261-a04b-44e2-a170-7f1e47e1570c.jpeg","type":"image\/jpeg"}],"author":"Iboka Marc Andr\u00e9","twitter_card":"summary_large_image","twitter_misc":{"\u00c9crit par":"Iboka Marc Andr\u00e9","Dur\u00e9e de lecture estim\u00e9e":"3 minutes"},"schema":{"@context":"https:\/\/schema.org","@graph":[{"@type":"Article","@id":"https:\/\/depeches241.com\/?p=28007#article","isPartOf":{"@id":"https:\/\/depeches241.com\/?p=28007"},"author":{"name":"Iboka Marc Andr\u00e9","@id":"https:\/\/depeches241.com\/#\/schema\/person\/5abcf4b9361e0d8aa457b404d877674f"},"headline":"Pressions du Haut-Ogoou\u00e9 : comment Aur\u00e9lien Mintsa Mi-Nguema a \u00e9t\u00e9 pouss\u00e9 vers l\u2019Inde ?","datePublished":"2026-03-06T12:24:33+00:00","dateModified":"2026-03-06T12:25:29+00:00","mainEntityOfPage":{"@id":"https:\/\/depeches241.com\/?p=28007"},"wordCount":697,"commentCount":0,"publisher":{"@id":"https:\/\/depeches241.com\/#organization"},"image":{"@id":"https:\/\/depeches241.com\/?p=28007#primaryimage"},"thumbnailUrl":"https:\/\/depeches241.com\/wp-content\/uploads\/2026\/03\/b0a50261-a04b-44e2-a170-7f1e47e1570c.jpeg","keywords":["Aur\u00e9lien Mintsa Mi Nguema","depeches241","Gabon","Oligui Brice Nguema","Politique"],"articleSection":["POLITIQUE","Une1"],"inLanguage":"fr-FR","potentialAction":[{"@type":"CommentAction","name":"Comment","target":["https:\/\/depeches241.com\/?p=28007#respond"]}]},{"@type":"WebPage","@id":"https:\/\/depeches241.com\/?p=28007","url":"https:\/\/depeches241.com\/?p=28007","name":"Pressions du Haut-Ogoou\u00e9 : comment Aur\u00e9lien Mintsa Mi-Nguema a \u00e9t\u00e9 pouss\u00e9 vers l\u2019Inde ? - Groupe D\u00e9p\u00eaches241","isPartOf":{"@id":"https:\/\/depeches241.com\/#website"},"primaryImageOfPage":{"@id":"https:\/\/depeches241.com\/?p=28007#primaryimage"},"image":{"@id":"https:\/\/depeches241.com\/?p=28007#primaryimage"},"thumbnailUrl":"https:\/\/depeches241.com\/wp-content\/uploads\/2026\/03\/b0a50261-a04b-44e2-a170-7f1e47e1570c.jpeg","datePublished":"2026-03-06T12:24:33+00:00","dateModified":"2026-03-06T12:25:29+00:00","description":"Nomm\u00e9 Ambassadeur du Gabon en Inde lors du Conseil des ministres du 26 f\u00e9vrier dernier, le demi-fr\u00e8re du Chef de l'\u00c9tat, Aur\u00e9lien Mintsa Mi-Nguema, a \u00e9t\u00e9 mis \u00e0 l'\u00e9cart apr\u00e8s un arbitrage d\u00e9cisif rendu depuis Franceville, \u00e0 la demande des caciques du Haut-Ogoou\u00e9, r\u00e9v\u00e8le Africa Intelligence.","breadcrumb":{"@id":"https:\/\/depeches241.com\/?p=28007#breadcrumb"},"inLanguage":"fr-FR","potentialAction":[{"@type":"ReadAction","target":["https:\/\/depeches241.com\/?p=28007"]}]},{"@type":"ImageObject","inLanguage":"fr-FR","@id":"https:\/\/depeches241.com\/?p=28007#primaryimage","url":"https:\/\/depeches241.com\/wp-content\/uploads\/2026\/03\/b0a50261-a04b-44e2-a170-7f1e47e1570c.jpeg","contentUrl":"https:\/\/depeches241.com\/wp-content\/uploads\/2026\/03\/b0a50261-a04b-44e2-a170-7f1e47e1570c.jpeg","width":720,"height":446},{"@type":"BreadcrumbList","@id":"https:\/\/depeches241.com\/?p=28007#breadcrumb","itemListElement":[{"@type":"ListItem","position":1,"name":"Accueil","item":"https:\/\/depeches241.com\/"},{"@type":"ListItem","position":2,"name":"Pressions du Haut-Ogoou\u00e9 : comment Aur\u00e9lien Mintsa Mi-Nguema a \u00e9t\u00e9 pouss\u00e9 vers l\u2019Inde ?"}]},{"@type":"WebSite","@id":"https:\/\/depeches241.com\/#website","url":"https:\/\/depeches241.com\/","name":"D\u00e9p\u00eaches241","description":"M\u00e9dia d&#039;actualit\u00e9 Politique, \u00c9conomique, Sociale et Internationale","publisher":{"@id":"https:\/\/depeches241.com\/#organization"},"potentialAction":[{"@type":"SearchAction","target":{"@type":"EntryPoint","urlTemplate":"https:\/\/depeches241.com\/?s={search_term_string}"},"query-input":{"@type":"PropertyValueSpecification","valueRequired":true,"valueName":"search_term_string"}}],"inLanguage":"fr-FR"},{"@type":"Organization","@id":"https:\/\/depeches241.com\/#organization","name":"Groupe D\u00e9p\u00eaches241","url":"https:\/\/depeches241.com\/","logo":{"@type":"ImageObject","inLanguage":"fr-FR","@id":"https:\/\/depeches241.com\/#\/schema\/logo\/image\/","url":"https:\/\/depeches241.com\/wp-content\/uploads\/2021\/10\/cropped-Logo-new-Accueil.png","contentUrl":"https:\/\/depeches241.com\/wp-content\/uploads\/2021\/10\/cropped-Logo-new-Accueil.png","width":320,"height":105,"caption":"Groupe D\u00e9p\u00eaches241"},"image":{"@id":"https:\/\/depeches241.com\/#\/schema\/logo\/image\/"},"sameAs":["https:\/\/www.facebook.com\/depeches241"]},{"@type":"Person","@id":"https:\/\/depeches241.com\/#\/schema\/person\/5abcf4b9361e0d8aa457b404d877674f","name":"Iboka Marc Andr\u00e9","image":{"@type":"ImageObject","inLanguage":"fr-FR","@id":"https:\/\/secure.gravatar.com\/avatar\/13c33935f0a59dd3c3a52ae25f58c248a1bf75f6e9ab4e6a7a23bfb8f9f53136?s=96&d=mm&r=g","url":"https:\/\/secure.gravatar.com\/avatar\/13c33935f0a59dd3c3a52ae25f58c248a1bf75f6e9ab4e6a7a23bfb8f9f53136?s=96&d=mm&r=g","contentUrl":"https:\/\/secure.gravatar.com\/avatar\/13c33935f0a59dd3c3a52ae25f58c248a1bf75f6e9ab4e6a7a23bfb8f9f53136?s=96&d=mm&r=g","caption":"Iboka Marc Andr\u00e9"},"url":"https:\/\/depeches241.com\/?author=12"}]}},"_links":{"self":[{"href":"https:\/\/depeches241.com\/index.php?rest_route=\/wp\/v2\/posts\/28007","targetHints":{"allow":["GET"]}}],"collection":[{"href":"https:\/\/depeches241.com\/index.php?rest_route=\/wp\/v2\/posts"}],"about":[{"href":"https:\/\/depeches241.com\/index.php?rest_route=\/wp\/v2\/types\/post"}],"author":[{"embeddable":true,"href":"https:\/\/depeches241.com\/index.php?rest_route=\/wp\/v2\/users\/12"}],"replies":[{"embeddable":true,"href":"https:\/\/depeches241.com\/index.php?rest_route=%2Fwp%2Fv2%2Fcomments&post=28007"}],"version-history":[{"count":3,"href":"https:\/\/depeches241.com\/index.php?rest_route=\/wp\/v2\/posts\/28007\/revisions"}],"predecessor-version":[{"id":28011,"href":"https:\/\/depeches241.com\/index.php?rest_route=\/wp\/v2\/posts\/28007\/revisions\/28011"}],"wp:featuredmedia":[{"embeddable":true,"href":"https:\/\/depeches241.com\/index.php?rest_route=\/wp\/v2\/media\/28008"}],"wp:attachment":[{"href":"https:\/\/depeches241.com\/index.php?rest_route=%2Fwp%2Fv2%2Fmedia&parent=28007"}],"wp:term":[{"taxonomy":"category","embeddable":true,"href":"https:\/\/depeches241.com\/index.php?rest_route=%2Fwp%2Fv2%2Fcategories&post=28007"},{"taxonomy":"post_tag","embeddable":true,"href":"https:\/\/depeches241.com\/index.php?rest_route=%2Fwp%2Fv2%2Ftags&post=28007"}],"curies":[{"name":"wp","href":"https:\/\/api.w.org\/{rel}","templated":true}]}}