{"id":28018,"date":"2026-03-07T21:20:50","date_gmt":"2026-03-07T20:20:50","guid":{"rendered":"https:\/\/depeches241.com\/?p=28018"},"modified":"2026-03-07T21:34:11","modified_gmt":"2026-03-07T20:34:11","slug":"libreville-prisonniers-dun-ascenseur-a-cause-dun-delestage-deux-dirigeants-de-gabon-tv-frolent-le-drame","status":"publish","type":"post","link":"https:\/\/depeches241.com\/?p=28018","title":{"rendered":"Libreville : prisonniers d\u2019un ascenseur \u00e0 cause d\u2019un d\u00e9lestage, deux dirigeants de Gabon TV fr\u00f4lent le drame"},"content":{"rendered":"\n<figure class=\"wp-block-image size-full\"><img fetchpriority=\"high\" decoding=\"async\" width=\"638\" height=\"323\" src=\"http:\/\/depeches241.com\/wp-content\/uploads\/2026\/03\/b8daf8b6-d40c-4643-a5dc-83775cb36d62.jpeg\" alt=\"\" class=\"wp-image-28019\" srcset=\"https:\/\/depeches241.com\/wp-content\/uploads\/2026\/03\/b8daf8b6-d40c-4643-a5dc-83775cb36d62.jpeg 638w, https:\/\/depeches241.com\/wp-content\/uploads\/2026\/03\/b8daf8b6-d40c-4643-a5dc-83775cb36d62-300x152.jpeg 300w\" sizes=\"(max-width: 638px) 100vw, 638px\" \/><figcaption class=\"wp-element-caption\"><strong><em>Le DG et la DAF de Gabon T\u00e9l\u00e9vision ont failli passer de vie \u00e0 tr\u00e9pas hier coinc\u00e9s dans un ascenseur <\/em><\/strong><\/figcaption><\/figure>\n\n\n\n<p><strong>Libreville, le 7 mars 2026 &#8211; (D\u00e9p\u00eaches 241). L\u2019incident survenu \u00e0 la Maison Georges Rawiri n\u2019est pas un simple fait divers. Lorsque la directrice financi\u00e8re de Gabon 1\u00e8re se retrouve hospitalis\u00e9e en soins intensifs apr\u00e8s avoir \u00e9t\u00e9 pi\u00e9g\u00e9e dans un ascenseur en panne de courant, et que son directeur g\u00e9n\u00e9ral partage la m\u00eame m\u00e9saventure, c\u2019est toute la r\u00e9alit\u00e9 d\u2019un pays sous tension \u00e9lectrique permanente qui se r\u00e9v\u00e8le dans toute sa brutalit\u00e9. Ce n\u2019est plus une question de confort ou d\u2019inconv\u00e9nient quotidien : les d\u00e9lestages chroniques gabonais ont d\u00e9sormais un visage humain, celui de cadres de la R\u00e9publique qui fr\u00f4lent le drame dans leur propre lieu de travail.<\/strong><\/p>\n\n\n\n<p class=\"has-drop-cap\">La responsabilit\u00e9 de la SEEG, Soci\u00e9t\u00e9 d\u2019\u00c9nergie et d\u2019Eau du Gabon,&nbsp; est ici directement engag\u00e9e. Comment une entreprise charg\u00e9e d\u2019alimenter en \u00e9lectricit\u00e9 la capitale d\u2019un \u00c9tat p\u00e9trolier peut-elle continuer \u00e0 imposer des coupures allant jusqu\u2019\u00e0 quinze heures cons\u00e9cutives sans qu\u2019aucune sanction, aucune explication s\u00e9rieuse, aucune feuille de route cr\u00e9dible ne soit rendue publique ?&nbsp;<\/p>\n\n\n\n<p>La SEEG b\u00e9n\u00e9ficie depuis des d\u00e9cennies d\u2019une forme d\u2019impunit\u00e9 institutionnelle, ses d\u00e9faillances \u00e9tant syst\u00e9matiquement absorb\u00e9es par la r\u00e9signation collective, transform\u00e9es en bruit de fond d\u2019une soci\u00e9t\u00e9 habitu\u00e9e \u00e0 souffrir en silence.<\/p>\n\n\n\n<p>Mais ce qui frappe davantage encore, c\u2019est l\u2019absence de groupe \u00e9lectrog\u00e8ne op\u00e9rationnel au si\u00e8ge m\u00eame de la t\u00e9l\u00e9vision publique nationale. Qu\u2019une institution aussi strat\u00e9gique que Gabon 1\u00e8re,&nbsp; vitrine m\u00e9diatique de l\u2019\u00c9tat, outil de communication du pouvoir en toutes circonstances, ne soit pas \u00e9quip\u00e9e d\u2019un syst\u00e8me de secours fiable en dit long sur la profondeur du d\u00e9sordre organisationnel qui gangr\u00e8ne les structures publiques gabonaises.&nbsp;<\/p>\n\n\n\n<p>On ne parle pas ici d\u2019une \u00e9cole de brousse ou d\u2019un dispensaire rural. On parle du si\u00e8ge d\u2019une cha\u00eene nationale, d\u2019un b\u00e2timent public de premier rang, o\u00f9 des vies humaines d\u00e9pendent du bon fonctionnement des \u00e9quipements.<\/p>\n\n\n\n<p>Ce drame en miniature est le r\u00e9v\u00e9lateur d\u2019un mal plus profond. La normalisation du dysfonctionnement. \u00c0 force de vivre avec les d\u00e9lestages, la soci\u00e9t\u00e9 gabonaise, et ses \u00e9lites avec elle,&nbsp; a int\u00e9gr\u00e9 l\u2019inacceptable comme une fatalit\u00e9. Les g\u00e9n\u00e9rateurs tombent en panne, les ascenseurs s\u2019arr\u00eatent, les patients sous assistance respiratoire risquent leur vie, les denr\u00e9es p\u00e9rissent dans les cong\u00e9lateurs \u00e9teints, et l\u2019on hausse les \u00e9paules. Cette accoutumance au chaos est peut-\u00eatre la forme la plus insidieuse de la d\u00e9faillance de l\u2019\u00c9tat : non pas l\u2019incapacit\u00e9 \u00e0 r\u00e9soudre les probl\u00e8mes, mais l\u2019incapacit\u00e9 \u00e0 s\u2019en indigner encore.<\/p>\n\n\n\n<p>Il est temps que les autorit\u00e9s de la Ve R\u00e9publique , qui ont fait de la refondation nationale leur \u00e9tendard, traitent la question \u00e9nerg\u00e9tique non comme un dossier technique parmi d\u2019autres, mais comme une urgence de souverainet\u00e9 et de dignit\u00e9 humaine. <\/p>\n\n\n\n<p>Tant que la SEEG ne rendra pas de comptes, tant que les \u00e9tablissements publics resteront sans alimentation de secours fiable, et tant qu\u2019aucune vision coh\u00e9rente de l\u2019\u00e9nergie ne sera propos\u00e9e aux Gabonais, des incidents comme celui de la Maison Rawiri se reproduiront,&nbsp; avec, un jour prochain, des cons\u00e9quences irr\u00e9versibles telle que les pertes en vie humaine.<\/p>\n\n\n\n<p><\/p>\n","protected":false},"excerpt":{"rendered":"<p>Libreville, le 7 mars 2026 &#8211; (D\u00e9p\u00eaches 241). L\u2019incident survenu \u00e0 la Maison Georges Rawiri n\u2019est pas un simple fait divers. Lorsque la directrice financi\u00e8re de Gabon 1\u00e8re se retrouve hospitalis\u00e9e en soins intensifs apr\u00e8s avoir \u00e9t\u00e9 pi\u00e9g\u00e9e dans un ascenseur en panne de courant, et que son directeur g\u00e9n\u00e9ral [&hellip;]<\/p>\n","protected":false},"author":22,"featured_media":28019,"comment_status":"open","ping_status":"open","sticky":false,"template":"","format":"standard","meta":{"om_disable_all_campaigns":false,"footnotes":""},"categories":[5,117],"tags":[5704,3479,5497,59,5703,42],"class_list":{"0":"post-28018","1":"post","2":"type-post","3":"status-publish","4":"format-standard","5":"has-post-thumbnail","7":"category-societe","8":"category-une2","9":"tag-daf","10":"tag-delestage-2","11":"tag-dg","12":"tag-gabon","13":"tag-gabon-television","14":"tag-societe"},"yoast_head":"<!-- This site is optimized with the Yoast SEO plugin v27.5 - https:\/\/yoast.com\/product\/yoast-seo-wordpress\/ -->\n<title>Libreville : prisonniers d\u2019un ascenseur \u00e0 cause d\u2019un d\u00e9lestage, deux dirigeants de Gabon TV fr\u00f4lent le drame - Groupe D\u00e9p\u00eaches241<\/title>\n<meta name=\"description\" content=\"L\u2019incident survenu \u00e0 la Maison Georges Rawiri n\u2019est pas un simple fait divers. Lorsque la directrice financi\u00e8re de Gabon 1\u00e8re se retrouve hospitalis\u00e9e en soins intensifs apr\u00e8s avoir \u00e9t\u00e9 pi\u00e9g\u00e9e dans un ascenseur en panne de courant, et que son directeur g\u00e9n\u00e9ral partage la m\u00eame m\u00e9saventure, c\u2019est toute la r\u00e9alit\u00e9 d\u2019un pays sous tension \u00e9lectrique permanente qui se r\u00e9v\u00e8le dans toute sa brutalit\u00e9. Ce n\u2019est plus une question de confort ou d\u2019inconv\u00e9nient quotidien : les d\u00e9lestages chroniques gabonais ont d\u00e9sormais un visage humain, celui de cadres de la R\u00e9publique qui fr\u00f4lent le drame dans leur propre lieu de travail.\" \/>\n<meta name=\"robots\" content=\"index, follow, max-snippet:-1, max-image-preview:large, max-video-preview:-1\" \/>\n<link rel=\"canonical\" href=\"https:\/\/depeches241.com\/?p=28018\" \/>\n<meta property=\"og:locale\" content=\"fr_FR\" \/>\n<meta property=\"og:type\" content=\"article\" \/>\n<meta property=\"og:title\" content=\"Libreville : prisonniers d\u2019un ascenseur \u00e0 cause d\u2019un d\u00e9lestage, deux dirigeants de Gabon TV fr\u00f4lent le drame - Groupe D\u00e9p\u00eaches241\" \/>\n<meta property=\"og:description\" content=\"L\u2019incident survenu \u00e0 la Maison Georges Rawiri n\u2019est pas un simple fait divers. Lorsque la directrice financi\u00e8re de Gabon 1\u00e8re se retrouve hospitalis\u00e9e en soins intensifs apr\u00e8s avoir \u00e9t\u00e9 pi\u00e9g\u00e9e dans un ascenseur en panne de courant, et que son directeur g\u00e9n\u00e9ral partage la m\u00eame m\u00e9saventure, c\u2019est toute la r\u00e9alit\u00e9 d\u2019un pays sous tension \u00e9lectrique permanente qui se r\u00e9v\u00e8le dans toute sa brutalit\u00e9. Ce n\u2019est plus une question de confort ou d\u2019inconv\u00e9nient quotidien : les d\u00e9lestages chroniques gabonais ont d\u00e9sormais un visage humain, celui de cadres de la R\u00e9publique qui fr\u00f4lent le drame dans leur propre lieu de travail.\" \/>\n<meta property=\"og:url\" content=\"https:\/\/depeches241.com\/?p=28018\" \/>\n<meta property=\"og:site_name\" content=\"Groupe D\u00e9p\u00eaches241\" \/>\n<meta property=\"article:publisher\" content=\"https:\/\/www.facebook.com\/depeches241\" \/>\n<meta property=\"article:published_time\" content=\"2026-03-07T20:20:50+00:00\" \/>\n<meta property=\"article:modified_time\" content=\"2026-03-07T20:34:11+00:00\" \/>\n<meta property=\"og:image\" content=\"http:\/\/depeches241.com\/wp-content\/uploads\/2026\/03\/b8daf8b6-d40c-4643-a5dc-83775cb36d62.jpeg\" \/>\n\t<meta property=\"og:image:width\" content=\"638\" \/>\n\t<meta property=\"og:image:height\" content=\"323\" \/>\n\t<meta property=\"og:image:type\" content=\"image\/jpeg\" \/>\n<meta name=\"author\" content=\"Florant Yinda\" \/>\n<meta name=\"twitter:card\" content=\"summary_large_image\" \/>\n<meta name=\"twitter:label1\" content=\"\u00c9crit par\" \/>\n\t<meta name=\"twitter:data1\" content=\"Florant Yinda\" \/>\n\t<meta name=\"twitter:label2\" content=\"Dur\u00e9e de lecture estim\u00e9e\" \/>\n\t<meta name=\"twitter:data2\" content=\"3 minutes\" \/>\n<script type=\"application\/ld+json\" class=\"yoast-schema-graph\">{\"@context\":\"https:\\\/\\\/schema.org\",\"@graph\":[{\"@type\":\"Article\",\"@id\":\"https:\\\/\\\/depeches241.com\\\/?p=28018#article\",\"isPartOf\":{\"@id\":\"https:\\\/\\\/depeches241.com\\\/?p=28018\"},\"author\":{\"name\":\"Florant Yinda\",\"@id\":\"https:\\\/\\\/depeches241.com\\\/#\\\/schema\\\/person\\\/37b1d864cb5b1c898f021c1ea6415cc4\"},\"headline\":\"Libreville : prisonniers d\u2019un ascenseur \u00e0 cause d\u2019un d\u00e9lestage, deux dirigeants de Gabon TV fr\u00f4lent le drame\",\"datePublished\":\"2026-03-07T20:20:50+00:00\",\"dateModified\":\"2026-03-07T20:34:11+00:00\",\"mainEntityOfPage\":{\"@id\":\"https:\\\/\\\/depeches241.com\\\/?p=28018\"},\"wordCount\":625,\"commentCount\":0,\"publisher\":{\"@id\":\"https:\\\/\\\/depeches241.com\\\/#organization\"},\"image\":{\"@id\":\"https:\\\/\\\/depeches241.com\\\/?p=28018#primaryimage\"},\"thumbnailUrl\":\"https:\\\/\\\/depeches241.com\\\/wp-content\\\/uploads\\\/2026\\\/03\\\/b8daf8b6-d40c-4643-a5dc-83775cb36d62.jpeg\",\"keywords\":[\"DAF\",\"D\u00e9lestage\",\"DG\",\"Gabon\",\"Gabon T\u00e9l\u00e9vision\",\"soci\u00e9t\u00e9\"],\"articleSection\":[\"SOCIETE\",\"Une2\"],\"inLanguage\":\"fr-FR\",\"potentialAction\":[{\"@type\":\"CommentAction\",\"name\":\"Comment\",\"target\":[\"https:\\\/\\\/depeches241.com\\\/?p=28018#respond\"]}]},{\"@type\":\"WebPage\",\"@id\":\"https:\\\/\\\/depeches241.com\\\/?p=28018\",\"url\":\"https:\\\/\\\/depeches241.com\\\/?p=28018\",\"name\":\"Libreville : prisonniers d\u2019un ascenseur \u00e0 cause d\u2019un d\u00e9lestage, deux dirigeants de Gabon TV fr\u00f4lent le drame - Groupe D\u00e9p\u00eaches241\",\"isPartOf\":{\"@id\":\"https:\\\/\\\/depeches241.com\\\/#website\"},\"primaryImageOfPage\":{\"@id\":\"https:\\\/\\\/depeches241.com\\\/?p=28018#primaryimage\"},\"image\":{\"@id\":\"https:\\\/\\\/depeches241.com\\\/?p=28018#primaryimage\"},\"thumbnailUrl\":\"https:\\\/\\\/depeches241.com\\\/wp-content\\\/uploads\\\/2026\\\/03\\\/b8daf8b6-d40c-4643-a5dc-83775cb36d62.jpeg\",\"datePublished\":\"2026-03-07T20:20:50+00:00\",\"dateModified\":\"2026-03-07T20:34:11+00:00\",\"description\":\"L\u2019incident survenu \u00e0 la Maison Georges Rawiri n\u2019est pas un simple fait divers. Lorsque la directrice financi\u00e8re de Gabon 1\u00e8re se retrouve hospitalis\u00e9e en soins intensifs apr\u00e8s avoir \u00e9t\u00e9 pi\u00e9g\u00e9e dans un ascenseur en panne de courant, et que son directeur g\u00e9n\u00e9ral partage la m\u00eame m\u00e9saventure, c\u2019est toute la r\u00e9alit\u00e9 d\u2019un pays sous tension \u00e9lectrique permanente qui se r\u00e9v\u00e8le dans toute sa brutalit\u00e9. Ce n\u2019est plus une question de confort ou d\u2019inconv\u00e9nient quotidien : les d\u00e9lestages chroniques gabonais ont d\u00e9sormais un visage humain, celui de cadres de la R\u00e9publique qui fr\u00f4lent le drame dans leur propre lieu de travail.\",\"breadcrumb\":{\"@id\":\"https:\\\/\\\/depeches241.com\\\/?p=28018#breadcrumb\"},\"inLanguage\":\"fr-FR\",\"potentialAction\":[{\"@type\":\"ReadAction\",\"target\":[\"https:\\\/\\\/depeches241.com\\\/?p=28018\"]}]},{\"@type\":\"ImageObject\",\"inLanguage\":\"fr-FR\",\"@id\":\"https:\\\/\\\/depeches241.com\\\/?p=28018#primaryimage\",\"url\":\"https:\\\/\\\/depeches241.com\\\/wp-content\\\/uploads\\\/2026\\\/03\\\/b8daf8b6-d40c-4643-a5dc-83775cb36d62.jpeg\",\"contentUrl\":\"https:\\\/\\\/depeches241.com\\\/wp-content\\\/uploads\\\/2026\\\/03\\\/b8daf8b6-d40c-4643-a5dc-83775cb36d62.jpeg\",\"width\":638,\"height\":323},{\"@type\":\"BreadcrumbList\",\"@id\":\"https:\\\/\\\/depeches241.com\\\/?p=28018#breadcrumb\",\"itemListElement\":[{\"@type\":\"ListItem\",\"position\":1,\"name\":\"Accueil\",\"item\":\"https:\\\/\\\/depeches241.com\\\/\"},{\"@type\":\"ListItem\",\"position\":2,\"name\":\"Libreville : prisonniers d\u2019un ascenseur \u00e0 cause d\u2019un d\u00e9lestage, deux dirigeants de Gabon TV fr\u00f4lent le drame\"}]},{\"@type\":\"WebSite\",\"@id\":\"https:\\\/\\\/depeches241.com\\\/#website\",\"url\":\"https:\\\/\\\/depeches241.com\\\/\",\"name\":\"D\u00e9p\u00eaches241\",\"description\":\"M\u00e9dia d&#039;actualit\u00e9 Politique, \u00c9conomique, Sociale et Internationale\",\"publisher\":{\"@id\":\"https:\\\/\\\/depeches241.com\\\/#organization\"},\"potentialAction\":[{\"@type\":\"SearchAction\",\"target\":{\"@type\":\"EntryPoint\",\"urlTemplate\":\"https:\\\/\\\/depeches241.com\\\/?s={search_term_string}\"},\"query-input\":{\"@type\":\"PropertyValueSpecification\",\"valueRequired\":true,\"valueName\":\"search_term_string\"}}],\"inLanguage\":\"fr-FR\"},{\"@type\":\"Organization\",\"@id\":\"https:\\\/\\\/depeches241.com\\\/#organization\",\"name\":\"Groupe D\u00e9p\u00eaches241\",\"url\":\"https:\\\/\\\/depeches241.com\\\/\",\"logo\":{\"@type\":\"ImageObject\",\"inLanguage\":\"fr-FR\",\"@id\":\"https:\\\/\\\/depeches241.com\\\/#\\\/schema\\\/logo\\\/image\\\/\",\"url\":\"https:\\\/\\\/depeches241.com\\\/wp-content\\\/uploads\\\/2021\\\/10\\\/cropped-Logo-new-Accueil.png\",\"contentUrl\":\"https:\\\/\\\/depeches241.com\\\/wp-content\\\/uploads\\\/2021\\\/10\\\/cropped-Logo-new-Accueil.png\",\"width\":320,\"height\":105,\"caption\":\"Groupe D\u00e9p\u00eaches241\"},\"image\":{\"@id\":\"https:\\\/\\\/depeches241.com\\\/#\\\/schema\\\/logo\\\/image\\\/\"},\"sameAs\":[\"https:\\\/\\\/www.facebook.com\\\/depeches241\"]},{\"@type\":\"Person\",\"@id\":\"https:\\\/\\\/depeches241.com\\\/#\\\/schema\\\/person\\\/37b1d864cb5b1c898f021c1ea6415cc4\",\"name\":\"Florant Yinda\",\"image\":{\"@type\":\"ImageObject\",\"inLanguage\":\"fr-FR\",\"@id\":\"https:\\\/\\\/secure.gravatar.com\\\/avatar\\\/3876d60934898c52a135f8b24ae4c866008e45f217ff9944bd13733e3a656bc0?s=96&d=mm&r=g\",\"url\":\"https:\\\/\\\/secure.gravatar.com\\\/avatar\\\/3876d60934898c52a135f8b24ae4c866008e45f217ff9944bd13733e3a656bc0?s=96&d=mm&r=g\",\"contentUrl\":\"https:\\\/\\\/secure.gravatar.com\\\/avatar\\\/3876d60934898c52a135f8b24ae4c866008e45f217ff9944bd13733e3a656bc0?s=96&d=mm&r=g\",\"caption\":\"Florant Yinda\"},\"url\":\"https:\\\/\\\/depeches241.com\\\/?author=22\"}]}<\/script>\n<!-- \/ Yoast SEO plugin. -->","yoast_head_json":{"title":"Libreville : prisonniers d\u2019un ascenseur \u00e0 cause d\u2019un d\u00e9lestage, deux dirigeants de Gabon TV fr\u00f4lent le drame - Groupe D\u00e9p\u00eaches241","description":"L\u2019incident survenu \u00e0 la Maison Georges Rawiri n\u2019est pas un simple fait divers. Lorsque la directrice financi\u00e8re de Gabon 1\u00e8re se retrouve hospitalis\u00e9e en soins intensifs apr\u00e8s avoir \u00e9t\u00e9 pi\u00e9g\u00e9e dans un ascenseur en panne de courant, et que son directeur g\u00e9n\u00e9ral partage la m\u00eame m\u00e9saventure, c\u2019est toute la r\u00e9alit\u00e9 d\u2019un pays sous tension \u00e9lectrique permanente qui se r\u00e9v\u00e8le dans toute sa brutalit\u00e9. Ce n\u2019est plus une question de confort ou d\u2019inconv\u00e9nient quotidien : les d\u00e9lestages chroniques gabonais ont d\u00e9sormais un visage humain, celui de cadres de la R\u00e9publique qui fr\u00f4lent le drame dans leur propre lieu de travail.","robots":{"index":"index","follow":"follow","max-snippet":"max-snippet:-1","max-image-preview":"max-image-preview:large","max-video-preview":"max-video-preview:-1"},"canonical":"https:\/\/depeches241.com\/?p=28018","og_locale":"fr_FR","og_type":"article","og_title":"Libreville : prisonniers d\u2019un ascenseur \u00e0 cause d\u2019un d\u00e9lestage, deux dirigeants de Gabon TV fr\u00f4lent le drame - Groupe D\u00e9p\u00eaches241","og_description":"L\u2019incident survenu \u00e0 la Maison Georges Rawiri n\u2019est pas un simple fait divers. Lorsque la directrice financi\u00e8re de Gabon 1\u00e8re se retrouve hospitalis\u00e9e en soins intensifs apr\u00e8s avoir \u00e9t\u00e9 pi\u00e9g\u00e9e dans un ascenseur en panne de courant, et que son directeur g\u00e9n\u00e9ral partage la m\u00eame m\u00e9saventure, c\u2019est toute la r\u00e9alit\u00e9 d\u2019un pays sous tension \u00e9lectrique permanente qui se r\u00e9v\u00e8le dans toute sa brutalit\u00e9. Ce n\u2019est plus une question de confort ou d\u2019inconv\u00e9nient quotidien : les d\u00e9lestages chroniques gabonais ont d\u00e9sormais un visage humain, celui de cadres de la R\u00e9publique qui fr\u00f4lent le drame dans leur propre lieu de travail.","og_url":"https:\/\/depeches241.com\/?p=28018","og_site_name":"Groupe D\u00e9p\u00eaches241","article_publisher":"https:\/\/www.facebook.com\/depeches241","article_published_time":"2026-03-07T20:20:50+00:00","article_modified_time":"2026-03-07T20:34:11+00:00","og_image":[{"width":638,"height":323,"url":"http:\/\/depeches241.com\/wp-content\/uploads\/2026\/03\/b8daf8b6-d40c-4643-a5dc-83775cb36d62.jpeg","type":"image\/jpeg"}],"author":"Florant Yinda","twitter_card":"summary_large_image","twitter_misc":{"\u00c9crit par":"Florant Yinda","Dur\u00e9e de lecture estim\u00e9e":"3 minutes"},"schema":{"@context":"https:\/\/schema.org","@graph":[{"@type":"Article","@id":"https:\/\/depeches241.com\/?p=28018#article","isPartOf":{"@id":"https:\/\/depeches241.com\/?p=28018"},"author":{"name":"Florant Yinda","@id":"https:\/\/depeches241.com\/#\/schema\/person\/37b1d864cb5b1c898f021c1ea6415cc4"},"headline":"Libreville : prisonniers d\u2019un ascenseur \u00e0 cause d\u2019un d\u00e9lestage, deux dirigeants de Gabon TV fr\u00f4lent le drame","datePublished":"2026-03-07T20:20:50+00:00","dateModified":"2026-03-07T20:34:11+00:00","mainEntityOfPage":{"@id":"https:\/\/depeches241.com\/?p=28018"},"wordCount":625,"commentCount":0,"publisher":{"@id":"https:\/\/depeches241.com\/#organization"},"image":{"@id":"https:\/\/depeches241.com\/?p=28018#primaryimage"},"thumbnailUrl":"https:\/\/depeches241.com\/wp-content\/uploads\/2026\/03\/b8daf8b6-d40c-4643-a5dc-83775cb36d62.jpeg","keywords":["DAF","D\u00e9lestage","DG","Gabon","Gabon T\u00e9l\u00e9vision","soci\u00e9t\u00e9"],"articleSection":["SOCIETE","Une2"],"inLanguage":"fr-FR","potentialAction":[{"@type":"CommentAction","name":"Comment","target":["https:\/\/depeches241.com\/?p=28018#respond"]}]},{"@type":"WebPage","@id":"https:\/\/depeches241.com\/?p=28018","url":"https:\/\/depeches241.com\/?p=28018","name":"Libreville : prisonniers d\u2019un ascenseur \u00e0 cause d\u2019un d\u00e9lestage, deux dirigeants de Gabon TV fr\u00f4lent le drame - Groupe D\u00e9p\u00eaches241","isPartOf":{"@id":"https:\/\/depeches241.com\/#website"},"primaryImageOfPage":{"@id":"https:\/\/depeches241.com\/?p=28018#primaryimage"},"image":{"@id":"https:\/\/depeches241.com\/?p=28018#primaryimage"},"thumbnailUrl":"https:\/\/depeches241.com\/wp-content\/uploads\/2026\/03\/b8daf8b6-d40c-4643-a5dc-83775cb36d62.jpeg","datePublished":"2026-03-07T20:20:50+00:00","dateModified":"2026-03-07T20:34:11+00:00","description":"L\u2019incident survenu \u00e0 la Maison Georges Rawiri n\u2019est pas un simple fait divers. Lorsque la directrice financi\u00e8re de Gabon 1\u00e8re se retrouve hospitalis\u00e9e en soins intensifs apr\u00e8s avoir \u00e9t\u00e9 pi\u00e9g\u00e9e dans un ascenseur en panne de courant, et que son directeur g\u00e9n\u00e9ral partage la m\u00eame m\u00e9saventure, c\u2019est toute la r\u00e9alit\u00e9 d\u2019un pays sous tension \u00e9lectrique permanente qui se r\u00e9v\u00e8le dans toute sa brutalit\u00e9. Ce n\u2019est plus une question de confort ou d\u2019inconv\u00e9nient quotidien : les d\u00e9lestages chroniques gabonais ont d\u00e9sormais un visage humain, celui de cadres de la R\u00e9publique qui fr\u00f4lent le drame dans leur propre lieu de travail.","breadcrumb":{"@id":"https:\/\/depeches241.com\/?p=28018#breadcrumb"},"inLanguage":"fr-FR","potentialAction":[{"@type":"ReadAction","target":["https:\/\/depeches241.com\/?p=28018"]}]},{"@type":"ImageObject","inLanguage":"fr-FR","@id":"https:\/\/depeches241.com\/?p=28018#primaryimage","url":"https:\/\/depeches241.com\/wp-content\/uploads\/2026\/03\/b8daf8b6-d40c-4643-a5dc-83775cb36d62.jpeg","contentUrl":"https:\/\/depeches241.com\/wp-content\/uploads\/2026\/03\/b8daf8b6-d40c-4643-a5dc-83775cb36d62.jpeg","width":638,"height":323},{"@type":"BreadcrumbList","@id":"https:\/\/depeches241.com\/?p=28018#breadcrumb","itemListElement":[{"@type":"ListItem","position":1,"name":"Accueil","item":"https:\/\/depeches241.com\/"},{"@type":"ListItem","position":2,"name":"Libreville : prisonniers d\u2019un ascenseur \u00e0 cause d\u2019un d\u00e9lestage, deux dirigeants de Gabon TV fr\u00f4lent le drame"}]},{"@type":"WebSite","@id":"https:\/\/depeches241.com\/#website","url":"https:\/\/depeches241.com\/","name":"D\u00e9p\u00eaches241","description":"M\u00e9dia d&#039;actualit\u00e9 Politique, \u00c9conomique, Sociale et Internationale","publisher":{"@id":"https:\/\/depeches241.com\/#organization"},"potentialAction":[{"@type":"SearchAction","target":{"@type":"EntryPoint","urlTemplate":"https:\/\/depeches241.com\/?s={search_term_string}"},"query-input":{"@type":"PropertyValueSpecification","valueRequired":true,"valueName":"search_term_string"}}],"inLanguage":"fr-FR"},{"@type":"Organization","@id":"https:\/\/depeches241.com\/#organization","name":"Groupe D\u00e9p\u00eaches241","url":"https:\/\/depeches241.com\/","logo":{"@type":"ImageObject","inLanguage":"fr-FR","@id":"https:\/\/depeches241.com\/#\/schema\/logo\/image\/","url":"https:\/\/depeches241.com\/wp-content\/uploads\/2021\/10\/cropped-Logo-new-Accueil.png","contentUrl":"https:\/\/depeches241.com\/wp-content\/uploads\/2021\/10\/cropped-Logo-new-Accueil.png","width":320,"height":105,"caption":"Groupe D\u00e9p\u00eaches241"},"image":{"@id":"https:\/\/depeches241.com\/#\/schema\/logo\/image\/"},"sameAs":["https:\/\/www.facebook.com\/depeches241"]},{"@type":"Person","@id":"https:\/\/depeches241.com\/#\/schema\/person\/37b1d864cb5b1c898f021c1ea6415cc4","name":"Florant Yinda","image":{"@type":"ImageObject","inLanguage":"fr-FR","@id":"https:\/\/secure.gravatar.com\/avatar\/3876d60934898c52a135f8b24ae4c866008e45f217ff9944bd13733e3a656bc0?s=96&d=mm&r=g","url":"https:\/\/secure.gravatar.com\/avatar\/3876d60934898c52a135f8b24ae4c866008e45f217ff9944bd13733e3a656bc0?s=96&d=mm&r=g","contentUrl":"https:\/\/secure.gravatar.com\/avatar\/3876d60934898c52a135f8b24ae4c866008e45f217ff9944bd13733e3a656bc0?s=96&d=mm&r=g","caption":"Florant Yinda"},"url":"https:\/\/depeches241.com\/?author=22"}]}},"_links":{"self":[{"href":"https:\/\/depeches241.com\/index.php?rest_route=\/wp\/v2\/posts\/28018","targetHints":{"allow":["GET"]}}],"collection":[{"href":"https:\/\/depeches241.com\/index.php?rest_route=\/wp\/v2\/posts"}],"about":[{"href":"https:\/\/depeches241.com\/index.php?rest_route=\/wp\/v2\/types\/post"}],"author":[{"embeddable":true,"href":"https:\/\/depeches241.com\/index.php?rest_route=\/wp\/v2\/users\/22"}],"replies":[{"embeddable":true,"href":"https:\/\/depeches241.com\/index.php?rest_route=%2Fwp%2Fv2%2Fcomments&post=28018"}],"version-history":[{"count":2,"href":"https:\/\/depeches241.com\/index.php?rest_route=\/wp\/v2\/posts\/28018\/revisions"}],"predecessor-version":[{"id":28021,"href":"https:\/\/depeches241.com\/index.php?rest_route=\/wp\/v2\/posts\/28018\/revisions\/28021"}],"wp:featuredmedia":[{"embeddable":true,"href":"https:\/\/depeches241.com\/index.php?rest_route=\/wp\/v2\/media\/28019"}],"wp:attachment":[{"href":"https:\/\/depeches241.com\/index.php?rest_route=%2Fwp%2Fv2%2Fmedia&parent=28018"}],"wp:term":[{"taxonomy":"category","embeddable":true,"href":"https:\/\/depeches241.com\/index.php?rest_route=%2Fwp%2Fv2%2Fcategories&post=28018"},{"taxonomy":"post_tag","embeddable":true,"href":"https:\/\/depeches241.com\/index.php?rest_route=%2Fwp%2Fv2%2Ftags&post=28018"}],"curies":[{"name":"wp","href":"https:\/\/api.w.org\/{rel}","templated":true}]}}