{"id":28022,"date":"2026-03-09T11:00:32","date_gmt":"2026-03-09T10:00:32","guid":{"rendered":"https:\/\/depeches241.com\/?p=28022"},"modified":"2026-03-10T12:31:56","modified_gmt":"2026-03-10T11:31:56","slug":"transport-aerien-des-le-16-mars-flygabon-baisse-ses-tarifs-domestiques-pour-soutenir-la-mobilite-des-populations","status":"publish","type":"post","link":"https:\/\/depeches241.com\/?p=28022","title":{"rendered":"Transport a\u00e9rien : d\u00e8s le 16 mars, FlyGabon baisse ses tarifs domestiques pour soutenir la mobilit\u00e9 des populations"},"content":{"rendered":"\n<figure class=\"wp-block-image size-large\"><img fetchpriority=\"high\" decoding=\"async\" width=\"1024\" height=\"576\" src=\"https:\/\/depeches241.com\/wp-content\/uploads\/2026\/03\/IMG_9486-1024x576.jpeg\" alt=\"\" class=\"wp-image-28023\" srcset=\"https:\/\/depeches241.com\/wp-content\/uploads\/2026\/03\/IMG_9486-1024x576.jpeg 1024w, https:\/\/depeches241.com\/wp-content\/uploads\/2026\/03\/IMG_9486-300x169.jpeg 300w, https:\/\/depeches241.com\/wp-content\/uploads\/2026\/03\/IMG_9486-768x432.jpeg 768w, https:\/\/depeches241.com\/wp-content\/uploads\/2026\/03\/IMG_9486.jpeg 1080w\" sizes=\"(max-width: 1024px) 100vw, 1024px\" \/><figcaption class=\"wp-element-caption\"><strong><em>Les prix des billets vont consid\u00e9rablement baisser d\u00e8s le 16 mars chez Fly Gabon <\/em><\/strong><em>\u00a9DR<\/em><\/figcaption><\/figure>\n\n\n\n<p><strong>Libreville, le 9 mars 2026 &#8211; (D\u00e9p\u00eaches 241). Dans un contexte \u00e9conomique marqu\u00e9 par la pression fiscale et la hausse des co\u00fbts d\u2019exploitation, la compagnie Afrijet Business Service, op\u00e9rant notamment sous la marque Fly Gabon, a annonc\u00e9 une r\u00e9vision \u00e0 la baisse de ses tarifs sur les vols domestiques \u00e0 compter du 16 mars 2026. Une d\u00e9cision salu\u00e9e comme un geste fort en faveur du pouvoir d\u2019achat des voyageurs et du d\u00e9veloppement de la mobilit\u00e9 int\u00e9rieure au Gabon.<\/strong><\/p>\n\n\n\n<p class=\"has-drop-cap\">Face aux tensions \u00e9conomiques qui p\u00e8sent sur le secteur a\u00e9rien, Afrijet Business Service fait le pari de l\u2019accessibilit\u00e9. En annon\u00e7ant une baisse de ses tarifs sur les liaisons domestiques tout en maintenant ceux appliqu\u00e9s sur ses dessertes r\u00e9gionales, la compagnie d\u00e9montre sa volont\u00e9 de privil\u00e9gier l\u2019int\u00e9r\u00eat des passagers. Une orientation strat\u00e9gique qui vise \u00e0 soutenir les d\u00e9placements \u00e0 l\u2019int\u00e9rieur du pays, tout en consolidant le r\u00f4le du transport a\u00e9rien comme levier de coh\u00e9sion territoriale et de dynamisme \u00e9conomique.<\/p>\n\n\n\n<p>\u00c0 travers sa marque Fly Gabon, le transporteur introduit \u00e9galement une nouvelle approche tarifaire fond\u00e9e sur davantage de lisibilit\u00e9 et de flexibilit\u00e9 pour les voyageurs. D\u00e9sormais, les passagers ne choisissent plus seulement un tarif, mais une v\u00e9ritable formule de voyage int\u00e9grant diff\u00e9rents niveaux de services et de confort. Cette \u00e9volution vise \u00e0 rendre l\u2019exp\u00e9rience plus transparente et \u00e0 permettre \u00e0 chacun d\u2019adapter son billet \u00e0 ses besoins r\u00e9els.<\/p>\n\n\n\n<p>Trois gammes de services structurent d\u00e9sormais l\u2019offre en cabine \u00e9conomique : <strong>Vert Essentiel<\/strong>, destin\u00e9 aux voyageurs privil\u00e9giant la simplicit\u00e9 et la rapidit\u00e9 ; <strong>Jaune Avantage,<\/strong> offrant plus de flexibilit\u00e9 et de bagages ; et <strong>Bleu Prestige<\/strong>, formule compl\u00e8te incluant notamment choix du si\u00e8ge, priorit\u00e9s d\u2019embarquement, acc\u00e8s au salon business et bonus de miles.&nbsp;<\/p>\n\n\n\n<p>Par cette innovation tarifaire, Afrijet Business Service entend renforcer la confiance des passagers et inscrire durablement son mod\u00e8le dans une logique de transport a\u00e9rien accessible, transparent et adapt\u00e9 aux r\u00e9alit\u00e9s du march\u00e9 gabonais.&nbsp;<\/p>\n\n\n\n<p><\/p>\n","protected":false},"excerpt":{"rendered":"<p>Libreville, le 9 mars 2026 &#8211; (D\u00e9p\u00eaches 241). Dans un contexte \u00e9conomique marqu\u00e9 par la pression fiscale et la hausse des co\u00fbts d\u2019exploitation, la compagnie Afrijet Business Service, op\u00e9rant notamment sous la marque Fly Gabon, a annonc\u00e9 une r\u00e9vision \u00e0 la baisse de ses tarifs sur les vols domestiques \u00e0 [&hellip;]<\/p>\n","protected":false},"author":18,"featured_media":28023,"comment_status":"open","ping_status":"open","sticky":false,"template":"","format":"standard","meta":{"om_disable_all_campaigns":false,"footnotes":""},"categories":[4,116],"tags":[99,141,3389,59,5705,5706],"class_list":{"0":"post-28022","1":"post","2":"type-post","3":"status-publish","4":"format-standard","5":"has-post-thumbnail","7":"category-economie","8":"category-une1","9":"tag-depeches241","10":"tag-economie","11":"tag-fly-gabon","12":"tag-gabon","13":"tag-tarifs","14":"tag-vols-domestiques"},"yoast_head":"<!-- This site is optimized with the Yoast SEO plugin v27.5 - https:\/\/yoast.com\/product\/yoast-seo-wordpress\/ -->\n<title>Transport a\u00e9rien : d\u00e8s le 16 mars, FlyGabon baisse ses tarifs domestiques pour soutenir la mobilit\u00e9 des populations - Groupe D\u00e9p\u00eaches241<\/title>\n<meta name=\"description\" content=\"Dans un contexte \u00e9conomique marqu\u00e9 par la pression fiscale et la hausse des co\u00fbts d\u2019exploitation, la compagnie Afrijet Business Service, op\u00e9rant notamment sous la marque Fly Gabon, a annonc\u00e9 une r\u00e9vision \u00e0 la baisse de ses tarifs sur les vols domestiques \u00e0 compter du 16 mars 2026. Une d\u00e9cision salu\u00e9e comme un geste fort en faveur du pouvoir d\u2019achat des voyageurs et du d\u00e9veloppement de la mobilit\u00e9 int\u00e9rieure au Gabon.\" \/>\n<meta name=\"robots\" content=\"index, follow, max-snippet:-1, max-image-preview:large, max-video-preview:-1\" \/>\n<link rel=\"canonical\" href=\"https:\/\/depeches241.com\/?p=28022\" \/>\n<meta property=\"og:locale\" content=\"fr_FR\" \/>\n<meta property=\"og:type\" content=\"article\" \/>\n<meta property=\"og:title\" content=\"Transport a\u00e9rien : d\u00e8s le 16 mars, FlyGabon baisse ses tarifs domestiques pour soutenir la mobilit\u00e9 des populations - Groupe D\u00e9p\u00eaches241\" \/>\n<meta property=\"og:description\" content=\"Dans un contexte \u00e9conomique marqu\u00e9 par la pression fiscale et la hausse des co\u00fbts d\u2019exploitation, la compagnie Afrijet Business Service, op\u00e9rant notamment sous la marque Fly Gabon, a annonc\u00e9 une r\u00e9vision \u00e0 la baisse de ses tarifs sur les vols domestiques \u00e0 compter du 16 mars 2026. Une d\u00e9cision salu\u00e9e comme un geste fort en faveur du pouvoir d\u2019achat des voyageurs et du d\u00e9veloppement de la mobilit\u00e9 int\u00e9rieure au Gabon.\" \/>\n<meta property=\"og:url\" content=\"https:\/\/depeches241.com\/?p=28022\" \/>\n<meta property=\"og:site_name\" content=\"Groupe D\u00e9p\u00eaches241\" \/>\n<meta property=\"article:publisher\" content=\"https:\/\/www.facebook.com\/depeches241\" \/>\n<meta property=\"article:published_time\" content=\"2026-03-09T10:00:32+00:00\" \/>\n<meta property=\"article:modified_time\" content=\"2026-03-10T11:31:56+00:00\" \/>\n<meta property=\"og:image\" content=\"http:\/\/depeches241.com\/wp-content\/uploads\/2026\/03\/IMG_9486.jpeg\" \/>\n\t<meta property=\"og:image:width\" content=\"1080\" \/>\n\t<meta property=\"og:image:height\" content=\"607\" \/>\n\t<meta property=\"og:image:type\" content=\"image\/jpeg\" \/>\n<meta name=\"author\" content=\"Fabien BIBANG\" \/>\n<meta name=\"twitter:card\" content=\"summary_large_image\" \/>\n<meta name=\"twitter:label1\" content=\"\u00c9crit par\" \/>\n\t<meta name=\"twitter:data1\" content=\"Fabien BIBANG\" \/>\n\t<meta name=\"twitter:label2\" content=\"Dur\u00e9e de lecture estim\u00e9e\" \/>\n\t<meta name=\"twitter:data2\" content=\"2 minutes\" \/>\n<script type=\"application\/ld+json\" class=\"yoast-schema-graph\">{\"@context\":\"https:\\\/\\\/schema.org\",\"@graph\":[{\"@type\":\"Article\",\"@id\":\"https:\\\/\\\/depeches241.com\\\/?p=28022#article\",\"isPartOf\":{\"@id\":\"https:\\\/\\\/depeches241.com\\\/?p=28022\"},\"author\":{\"name\":\"Fabien BIBANG\",\"@id\":\"https:\\\/\\\/depeches241.com\\\/#\\\/schema\\\/person\\\/1901eab6e51ac627fab3abccbd181d4e\"},\"headline\":\"Transport a\u00e9rien : d\u00e8s le 16 mars, FlyGabon baisse ses tarifs domestiques pour soutenir la mobilit\u00e9 des populations\",\"datePublished\":\"2026-03-09T10:00:32+00:00\",\"dateModified\":\"2026-03-10T11:31:56+00:00\",\"mainEntityOfPage\":{\"@id\":\"https:\\\/\\\/depeches241.com\\\/?p=28022\"},\"wordCount\":379,\"commentCount\":0,\"publisher\":{\"@id\":\"https:\\\/\\\/depeches241.com\\\/#organization\"},\"image\":{\"@id\":\"https:\\\/\\\/depeches241.com\\\/?p=28022#primaryimage\"},\"thumbnailUrl\":\"https:\\\/\\\/depeches241.com\\\/wp-content\\\/uploads\\\/2026\\\/03\\\/IMG_9486.jpeg\",\"keywords\":[\"depeches241\",\"Economie\",\"Fly Gabon\",\"Gabon\",\"Tarifs\",\"Vols domestiques\"],\"articleSection\":[\"ECONOMIE\",\"Une1\"],\"inLanguage\":\"fr-FR\",\"potentialAction\":[{\"@type\":\"CommentAction\",\"name\":\"Comment\",\"target\":[\"https:\\\/\\\/depeches241.com\\\/?p=28022#respond\"]}]},{\"@type\":\"WebPage\",\"@id\":\"https:\\\/\\\/depeches241.com\\\/?p=28022\",\"url\":\"https:\\\/\\\/depeches241.com\\\/?p=28022\",\"name\":\"Transport a\u00e9rien : d\u00e8s le 16 mars, FlyGabon baisse ses tarifs domestiques pour soutenir la mobilit\u00e9 des populations - Groupe D\u00e9p\u00eaches241\",\"isPartOf\":{\"@id\":\"https:\\\/\\\/depeches241.com\\\/#website\"},\"primaryImageOfPage\":{\"@id\":\"https:\\\/\\\/depeches241.com\\\/?p=28022#primaryimage\"},\"image\":{\"@id\":\"https:\\\/\\\/depeches241.com\\\/?p=28022#primaryimage\"},\"thumbnailUrl\":\"https:\\\/\\\/depeches241.com\\\/wp-content\\\/uploads\\\/2026\\\/03\\\/IMG_9486.jpeg\",\"datePublished\":\"2026-03-09T10:00:32+00:00\",\"dateModified\":\"2026-03-10T11:31:56+00:00\",\"description\":\"Dans un contexte \u00e9conomique marqu\u00e9 par la pression fiscale et la hausse des co\u00fbts d\u2019exploitation, la compagnie Afrijet Business Service, op\u00e9rant notamment sous la marque Fly Gabon, a annonc\u00e9 une r\u00e9vision \u00e0 la baisse de ses tarifs sur les vols domestiques \u00e0 compter du 16 mars 2026. Une d\u00e9cision salu\u00e9e comme un geste fort en faveur du pouvoir d\u2019achat des voyageurs et du d\u00e9veloppement de la mobilit\u00e9 int\u00e9rieure au Gabon.\",\"breadcrumb\":{\"@id\":\"https:\\\/\\\/depeches241.com\\\/?p=28022#breadcrumb\"},\"inLanguage\":\"fr-FR\",\"potentialAction\":[{\"@type\":\"ReadAction\",\"target\":[\"https:\\\/\\\/depeches241.com\\\/?p=28022\"]}]},{\"@type\":\"ImageObject\",\"inLanguage\":\"fr-FR\",\"@id\":\"https:\\\/\\\/depeches241.com\\\/?p=28022#primaryimage\",\"url\":\"https:\\\/\\\/depeches241.com\\\/wp-content\\\/uploads\\\/2026\\\/03\\\/IMG_9486.jpeg\",\"contentUrl\":\"https:\\\/\\\/depeches241.com\\\/wp-content\\\/uploads\\\/2026\\\/03\\\/IMG_9486.jpeg\",\"width\":1080,\"height\":607},{\"@type\":\"BreadcrumbList\",\"@id\":\"https:\\\/\\\/depeches241.com\\\/?p=28022#breadcrumb\",\"itemListElement\":[{\"@type\":\"ListItem\",\"position\":1,\"name\":\"Accueil\",\"item\":\"https:\\\/\\\/depeches241.com\\\/\"},{\"@type\":\"ListItem\",\"position\":2,\"name\":\"Transport a\u00e9rien : d\u00e8s le 16 mars, FlyGabon baisse ses tarifs domestiques pour soutenir la mobilit\u00e9 des populations\"}]},{\"@type\":\"WebSite\",\"@id\":\"https:\\\/\\\/depeches241.com\\\/#website\",\"url\":\"https:\\\/\\\/depeches241.com\\\/\",\"name\":\"D\u00e9p\u00eaches241\",\"description\":\"M\u00e9dia d&#039;actualit\u00e9 Politique, \u00c9conomique, Sociale et Internationale\",\"publisher\":{\"@id\":\"https:\\\/\\\/depeches241.com\\\/#organization\"},\"potentialAction\":[{\"@type\":\"SearchAction\",\"target\":{\"@type\":\"EntryPoint\",\"urlTemplate\":\"https:\\\/\\\/depeches241.com\\\/?s={search_term_string}\"},\"query-input\":{\"@type\":\"PropertyValueSpecification\",\"valueRequired\":true,\"valueName\":\"search_term_string\"}}],\"inLanguage\":\"fr-FR\"},{\"@type\":\"Organization\",\"@id\":\"https:\\\/\\\/depeches241.com\\\/#organization\",\"name\":\"Groupe D\u00e9p\u00eaches241\",\"url\":\"https:\\\/\\\/depeches241.com\\\/\",\"logo\":{\"@type\":\"ImageObject\",\"inLanguage\":\"fr-FR\",\"@id\":\"https:\\\/\\\/depeches241.com\\\/#\\\/schema\\\/logo\\\/image\\\/\",\"url\":\"https:\\\/\\\/depeches241.com\\\/wp-content\\\/uploads\\\/2021\\\/10\\\/cropped-Logo-new-Accueil.png\",\"contentUrl\":\"https:\\\/\\\/depeches241.com\\\/wp-content\\\/uploads\\\/2021\\\/10\\\/cropped-Logo-new-Accueil.png\",\"width\":320,\"height\":105,\"caption\":\"Groupe D\u00e9p\u00eaches241\"},\"image\":{\"@id\":\"https:\\\/\\\/depeches241.com\\\/#\\\/schema\\\/logo\\\/image\\\/\"},\"sameAs\":[\"https:\\\/\\\/www.facebook.com\\\/depeches241\"]},{\"@type\":\"Person\",\"@id\":\"https:\\\/\\\/depeches241.com\\\/#\\\/schema\\\/person\\\/1901eab6e51ac627fab3abccbd181d4e\",\"name\":\"Fabien BIBANG\",\"image\":{\"@type\":\"ImageObject\",\"inLanguage\":\"fr-FR\",\"@id\":\"https:\\\/\\\/secure.gravatar.com\\\/avatar\\\/18bb838415fc126d966f8ac8e32711b2843c5ba6e35a2e6699a14ef69705dc76?s=96&d=mm&r=g\",\"url\":\"https:\\\/\\\/secure.gravatar.com\\\/avatar\\\/18bb838415fc126d966f8ac8e32711b2843c5ba6e35a2e6699a14ef69705dc76?s=96&d=mm&r=g\",\"contentUrl\":\"https:\\\/\\\/secure.gravatar.com\\\/avatar\\\/18bb838415fc126d966f8ac8e32711b2843c5ba6e35a2e6699a14ef69705dc76?s=96&d=mm&r=g\",\"caption\":\"Fabien BIBANG\"},\"description\":\"Fabien BIBANG est dipl\u00f6m\u00e9 en Philosophie et Lettres. Son amour pour la lecture, l'histoire et les arts, ainsi que son engagement sur le front social l'ont tr\u00e8s t\u00f4t conduit sur les antennes des cha\u00eenes de t\u00e9l\u00e9s et radios pour y d\u00e9fendre ses postures. Sp\u00e9cialiste des questions socio-politiques, il re\u00e7oit le Prix Encouragements au Concours M\u00e9dias UNICEF en novembre 2022\",\"url\":\"https:\\\/\\\/depeches241.com\\\/?author=18\"}]}<\/script>\n<!-- \/ Yoast SEO plugin. -->","yoast_head_json":{"title":"Transport a\u00e9rien : d\u00e8s le 16 mars, FlyGabon baisse ses tarifs domestiques pour soutenir la mobilit\u00e9 des populations - Groupe D\u00e9p\u00eaches241","description":"Dans un contexte \u00e9conomique marqu\u00e9 par la pression fiscale et la hausse des co\u00fbts d\u2019exploitation, la compagnie Afrijet Business Service, op\u00e9rant notamment sous la marque Fly Gabon, a annonc\u00e9 une r\u00e9vision \u00e0 la baisse de ses tarifs sur les vols domestiques \u00e0 compter du 16 mars 2026. Une d\u00e9cision salu\u00e9e comme un geste fort en faveur du pouvoir d\u2019achat des voyageurs et du d\u00e9veloppement de la mobilit\u00e9 int\u00e9rieure au Gabon.","robots":{"index":"index","follow":"follow","max-snippet":"max-snippet:-1","max-image-preview":"max-image-preview:large","max-video-preview":"max-video-preview:-1"},"canonical":"https:\/\/depeches241.com\/?p=28022","og_locale":"fr_FR","og_type":"article","og_title":"Transport a\u00e9rien : d\u00e8s le 16 mars, FlyGabon baisse ses tarifs domestiques pour soutenir la mobilit\u00e9 des populations - Groupe D\u00e9p\u00eaches241","og_description":"Dans un contexte \u00e9conomique marqu\u00e9 par la pression fiscale et la hausse des co\u00fbts d\u2019exploitation, la compagnie Afrijet Business Service, op\u00e9rant notamment sous la marque Fly Gabon, a annonc\u00e9 une r\u00e9vision \u00e0 la baisse de ses tarifs sur les vols domestiques \u00e0 compter du 16 mars 2026. Une d\u00e9cision salu\u00e9e comme un geste fort en faveur du pouvoir d\u2019achat des voyageurs et du d\u00e9veloppement de la mobilit\u00e9 int\u00e9rieure au Gabon.","og_url":"https:\/\/depeches241.com\/?p=28022","og_site_name":"Groupe D\u00e9p\u00eaches241","article_publisher":"https:\/\/www.facebook.com\/depeches241","article_published_time":"2026-03-09T10:00:32+00:00","article_modified_time":"2026-03-10T11:31:56+00:00","og_image":[{"width":1080,"height":607,"url":"http:\/\/depeches241.com\/wp-content\/uploads\/2026\/03\/IMG_9486.jpeg","type":"image\/jpeg"}],"author":"Fabien BIBANG","twitter_card":"summary_large_image","twitter_misc":{"\u00c9crit par":"Fabien BIBANG","Dur\u00e9e de lecture estim\u00e9e":"2 minutes"},"schema":{"@context":"https:\/\/schema.org","@graph":[{"@type":"Article","@id":"https:\/\/depeches241.com\/?p=28022#article","isPartOf":{"@id":"https:\/\/depeches241.com\/?p=28022"},"author":{"name":"Fabien BIBANG","@id":"https:\/\/depeches241.com\/#\/schema\/person\/1901eab6e51ac627fab3abccbd181d4e"},"headline":"Transport a\u00e9rien : d\u00e8s le 16 mars, FlyGabon baisse ses tarifs domestiques pour soutenir la mobilit\u00e9 des populations","datePublished":"2026-03-09T10:00:32+00:00","dateModified":"2026-03-10T11:31:56+00:00","mainEntityOfPage":{"@id":"https:\/\/depeches241.com\/?p=28022"},"wordCount":379,"commentCount":0,"publisher":{"@id":"https:\/\/depeches241.com\/#organization"},"image":{"@id":"https:\/\/depeches241.com\/?p=28022#primaryimage"},"thumbnailUrl":"https:\/\/depeches241.com\/wp-content\/uploads\/2026\/03\/IMG_9486.jpeg","keywords":["depeches241","Economie","Fly Gabon","Gabon","Tarifs","Vols domestiques"],"articleSection":["ECONOMIE","Une1"],"inLanguage":"fr-FR","potentialAction":[{"@type":"CommentAction","name":"Comment","target":["https:\/\/depeches241.com\/?p=28022#respond"]}]},{"@type":"WebPage","@id":"https:\/\/depeches241.com\/?p=28022","url":"https:\/\/depeches241.com\/?p=28022","name":"Transport a\u00e9rien : d\u00e8s le 16 mars, FlyGabon baisse ses tarifs domestiques pour soutenir la mobilit\u00e9 des populations - Groupe D\u00e9p\u00eaches241","isPartOf":{"@id":"https:\/\/depeches241.com\/#website"},"primaryImageOfPage":{"@id":"https:\/\/depeches241.com\/?p=28022#primaryimage"},"image":{"@id":"https:\/\/depeches241.com\/?p=28022#primaryimage"},"thumbnailUrl":"https:\/\/depeches241.com\/wp-content\/uploads\/2026\/03\/IMG_9486.jpeg","datePublished":"2026-03-09T10:00:32+00:00","dateModified":"2026-03-10T11:31:56+00:00","description":"Dans un contexte \u00e9conomique marqu\u00e9 par la pression fiscale et la hausse des co\u00fbts d\u2019exploitation, la compagnie Afrijet Business Service, op\u00e9rant notamment sous la marque Fly Gabon, a annonc\u00e9 une r\u00e9vision \u00e0 la baisse de ses tarifs sur les vols domestiques \u00e0 compter du 16 mars 2026. Une d\u00e9cision salu\u00e9e comme un geste fort en faveur du pouvoir d\u2019achat des voyageurs et du d\u00e9veloppement de la mobilit\u00e9 int\u00e9rieure au Gabon.","breadcrumb":{"@id":"https:\/\/depeches241.com\/?p=28022#breadcrumb"},"inLanguage":"fr-FR","potentialAction":[{"@type":"ReadAction","target":["https:\/\/depeches241.com\/?p=28022"]}]},{"@type":"ImageObject","inLanguage":"fr-FR","@id":"https:\/\/depeches241.com\/?p=28022#primaryimage","url":"https:\/\/depeches241.com\/wp-content\/uploads\/2026\/03\/IMG_9486.jpeg","contentUrl":"https:\/\/depeches241.com\/wp-content\/uploads\/2026\/03\/IMG_9486.jpeg","width":1080,"height":607},{"@type":"BreadcrumbList","@id":"https:\/\/depeches241.com\/?p=28022#breadcrumb","itemListElement":[{"@type":"ListItem","position":1,"name":"Accueil","item":"https:\/\/depeches241.com\/"},{"@type":"ListItem","position":2,"name":"Transport a\u00e9rien : d\u00e8s le 16 mars, FlyGabon baisse ses tarifs domestiques pour soutenir la mobilit\u00e9 des populations"}]},{"@type":"WebSite","@id":"https:\/\/depeches241.com\/#website","url":"https:\/\/depeches241.com\/","name":"D\u00e9p\u00eaches241","description":"M\u00e9dia d&#039;actualit\u00e9 Politique, \u00c9conomique, Sociale et Internationale","publisher":{"@id":"https:\/\/depeches241.com\/#organization"},"potentialAction":[{"@type":"SearchAction","target":{"@type":"EntryPoint","urlTemplate":"https:\/\/depeches241.com\/?s={search_term_string}"},"query-input":{"@type":"PropertyValueSpecification","valueRequired":true,"valueName":"search_term_string"}}],"inLanguage":"fr-FR"},{"@type":"Organization","@id":"https:\/\/depeches241.com\/#organization","name":"Groupe D\u00e9p\u00eaches241","url":"https:\/\/depeches241.com\/","logo":{"@type":"ImageObject","inLanguage":"fr-FR","@id":"https:\/\/depeches241.com\/#\/schema\/logo\/image\/","url":"https:\/\/depeches241.com\/wp-content\/uploads\/2021\/10\/cropped-Logo-new-Accueil.png","contentUrl":"https:\/\/depeches241.com\/wp-content\/uploads\/2021\/10\/cropped-Logo-new-Accueil.png","width":320,"height":105,"caption":"Groupe D\u00e9p\u00eaches241"},"image":{"@id":"https:\/\/depeches241.com\/#\/schema\/logo\/image\/"},"sameAs":["https:\/\/www.facebook.com\/depeches241"]},{"@type":"Person","@id":"https:\/\/depeches241.com\/#\/schema\/person\/1901eab6e51ac627fab3abccbd181d4e","name":"Fabien BIBANG","image":{"@type":"ImageObject","inLanguage":"fr-FR","@id":"https:\/\/secure.gravatar.com\/avatar\/18bb838415fc126d966f8ac8e32711b2843c5ba6e35a2e6699a14ef69705dc76?s=96&d=mm&r=g","url":"https:\/\/secure.gravatar.com\/avatar\/18bb838415fc126d966f8ac8e32711b2843c5ba6e35a2e6699a14ef69705dc76?s=96&d=mm&r=g","contentUrl":"https:\/\/secure.gravatar.com\/avatar\/18bb838415fc126d966f8ac8e32711b2843c5ba6e35a2e6699a14ef69705dc76?s=96&d=mm&r=g","caption":"Fabien BIBANG"},"description":"Fabien BIBANG est dipl\u00f6m\u00e9 en Philosophie et Lettres. Son amour pour la lecture, l'histoire et les arts, ainsi que son engagement sur le front social l'ont tr\u00e8s t\u00f4t conduit sur les antennes des cha\u00eenes de t\u00e9l\u00e9s et radios pour y d\u00e9fendre ses postures. Sp\u00e9cialiste des questions socio-politiques, il re\u00e7oit le Prix Encouragements au Concours M\u00e9dias UNICEF en novembre 2022","url":"https:\/\/depeches241.com\/?author=18"}]}},"_links":{"self":[{"href":"https:\/\/depeches241.com\/index.php?rest_route=\/wp\/v2\/posts\/28022","targetHints":{"allow":["GET"]}}],"collection":[{"href":"https:\/\/depeches241.com\/index.php?rest_route=\/wp\/v2\/posts"}],"about":[{"href":"https:\/\/depeches241.com\/index.php?rest_route=\/wp\/v2\/types\/post"}],"author":[{"embeddable":true,"href":"https:\/\/depeches241.com\/index.php?rest_route=\/wp\/v2\/users\/18"}],"replies":[{"embeddable":true,"href":"https:\/\/depeches241.com\/index.php?rest_route=%2Fwp%2Fv2%2Fcomments&post=28022"}],"version-history":[{"count":2,"href":"https:\/\/depeches241.com\/index.php?rest_route=\/wp\/v2\/posts\/28022\/revisions"}],"predecessor-version":[{"id":28042,"href":"https:\/\/depeches241.com\/index.php?rest_route=\/wp\/v2\/posts\/28022\/revisions\/28042"}],"wp:featuredmedia":[{"embeddable":true,"href":"https:\/\/depeches241.com\/index.php?rest_route=\/wp\/v2\/media\/28023"}],"wp:attachment":[{"href":"https:\/\/depeches241.com\/index.php?rest_route=%2Fwp%2Fv2%2Fmedia&parent=28022"}],"wp:term":[{"taxonomy":"category","embeddable":true,"href":"https:\/\/depeches241.com\/index.php?rest_route=%2Fwp%2Fv2%2Fcategories&post=28022"},{"taxonomy":"post_tag","embeddable":true,"href":"https:\/\/depeches241.com\/index.php?rest_route=%2Fwp%2Fv2%2Ftags&post=28022"}],"curies":[{"name":"wp","href":"https:\/\/api.w.org\/{rel}","templated":true}]}}