{"id":28025,"date":"2026-03-09T12:26:46","date_gmt":"2026-03-09T11:26:46","guid":{"rendered":"https:\/\/depeches241.com\/?p=28025"},"modified":"2026-03-10T12:31:23","modified_gmt":"2026-03-10T11:31:23","slug":"formation-emploi-liuso-sne-et-global-media-time-scellent-un-partenariat-tourne-vers-lavenir","status":"publish","type":"post","link":"https:\/\/depeches241.com\/?p=28025","title":{"rendered":"Formation\u2013emploi : l\u2019IUSO-SNE et Global Media Time scellent un partenariat tourn\u00e9 vers l\u2019avenir"},"content":{"rendered":"\n<figure class=\"wp-block-image size-full\"><img fetchpriority=\"high\" decoding=\"async\" width=\"940\" height=\"581\" src=\"http:\/\/depeches241.com\/wp-content\/uploads\/2026\/03\/06f94700-5478-48f0-b1ee-1edd3a806a71.jpeg\" alt=\"\" class=\"wp-image-28027\" srcset=\"https:\/\/depeches241.com\/wp-content\/uploads\/2026\/03\/06f94700-5478-48f0-b1ee-1edd3a806a71.jpeg 940w, https:\/\/depeches241.com\/wp-content\/uploads\/2026\/03\/06f94700-5478-48f0-b1ee-1edd3a806a71-300x185.jpeg 300w, https:\/\/depeches241.com\/wp-content\/uploads\/2026\/03\/06f94700-5478-48f0-b1ee-1edd3a806a71-768x475.jpeg 768w\" sizes=\"(max-width: 940px) 100vw, 940px\" \/><figcaption class=\"wp-element-caption\"><strong><em>Harold Leckat Igassela (GMT) et Aristide Edzegue Mendame (DG \u2019IUSO-SNE) tenant la convention au terme de la signature\u00a0<\/em><\/strong><em>\u00a9DR<\/em><\/figcaption><\/figure>\n\n\n\n<p><strong>Libreville, le 9 Mars 2026 &#8211; (D\u00e9p\u00eaches 241). L\u2019Institut Universitaire des Sciences de l\u2019Organisation Sophie Ntoutoume Emane (IUSO-SNE) et l\u2019agence de Communication Num\u00e9rique gabonaise Global Media Time (GMT) ont sign\u00e9, le 3 mars 2026, une convention de partenariat couvrant la p\u00e9riode 2026-2029. Cet accord vise \u00e0 renforcer l\u2019employabilit\u00e9 des \u00e9tudiants en structurant un mod\u00e8le de formation en alternance qui rapproche concr\u00e8tement l\u2019enseignement sup\u00e9rieur du monde de l\u2019entreprise.<\/strong><\/p>\n\n\n\n<p>Au c\u0153ur de cette convention figure la mise en place d\u2019un dispositif d\u2019alternance fond\u00e9 sur un \u00e9quilibre entre formation acad\u00e9mique et immersion professionnelle. Les \u00e9tudiants b\u00e9n\u00e9ficieront ainsi d\u2019un parcours combinant 30 % d\u2019enseignement th\u00e9orique dispens\u00e9 \u00e0 l\u2019Institut Universitaire des Sciences de l\u2019Organisation Sophie Ntoutoume Emane et 70 % d\u2019exp\u00e9rience pratique au sein de Global Media Time. Encadr\u00e9s par un syst\u00e8me de tutorat structur\u00e9, les apprenants pourront d\u00e9velopper des comp\u00e9tences directement mobilisables sur le march\u00e9 du travail, tout en s\u2019appropriant les exigences du monde professionnel.<\/p>\n\n\n\n<p>Pour le directeur g\u00e9n\u00e9ral de l\u2019IUSO-SNE, Aristide Edzegue Mendame, cette convention vient formaliser une collaboration d\u00e9j\u00e0 amorc\u00e9e entre les deux institutions. <strong><em>\u00ab Notre \u00e9cole a saisi l\u2019opportunit\u00e9 de formaliser une pratique d\u00e9j\u00e0 existante entre nos deux institutions. Cette convention s\u2019inscrit dans la dynamique des recommandations issues des assises du LMD, sur instruction des plus hautes autorit\u00e9s de la R\u00e9publique, visant \u00e0 tisser des partenariats structurants avec les administrations publiques et priv\u00e9es \u00bb, <\/em><\/strong>a-t-il fait savoir.&nbsp;<br><\/p>\n\n\n\n\n\n<p>Du c\u00f4t\u00e9 de Global Media Time, son g\u00e9rant voit dans cet accord un engagement durable en faveur de la jeunesse. <strong><em>\u00ab La signature de cette convention n\u2019est pas un simple acte administratif. C\u2019 est un engagement r\u00e9ciproque \u00e0 offrir aux \u00e9tudiants de l\u2019IUSO-SNE une immersion r\u00e9elle dans le monde professionnel. \u00c0 GMT, nous consid\u00e9rons que la formation n\u2019est pas un suppl\u00e9ment : c\u2019est le socle de toute ambition durable \u00bb<\/em><\/strong><strong>, <\/strong>a fait savoir Harold Leckat Igassela.&nbsp;<\/p>\n\n\n\n<p>Dans un contexte o\u00f9 la question de l\u2019ad\u00e9quation entre formation et emploi demeure centrale au Gabon, ce type d\u2019initiative appara\u00eet comme un mod\u00e8le prometteur. En associant une \u00e9cole ambitieuse et une entreprise port\u00e9e par de jeunes entrepreneurs gabonais, le partenariat entre l\u2019Institut Universitaire des Sciences de l\u2019Organisation Sophie Ntoutoume Emane et Global Media Time illustre la capacit\u00e9 des acteurs locaux \u00e0 b\u00e2tir des passerelles concr\u00e8tes entre savoir acad\u00e9mique et dynamique \u00e9conomique, au service d\u2019une nouvelle g\u00e9n\u00e9ration de talents.<\/p>\n\n\n\n<p><\/p>\n","protected":false},"excerpt":{"rendered":"<p>Libreville, le 9 Mars 2026 &#8211; (D\u00e9p\u00eaches 241). L\u2019Institut Universitaire des Sciences de l\u2019Organisation Sophie Ntoutoume Emane (IUSO-SNE) et l\u2019agence de Communication Num\u00e9rique gabonaise Global Media Time (GMT) ont sign\u00e9, le 3 mars 2026, une convention de partenariat couvrant la p\u00e9riode 2026-2029. Cet accord vise \u00e0 renforcer l\u2019employabilit\u00e9 des \u00e9tudiants [&hellip;]<\/p>\n","protected":false},"author":18,"featured_media":28027,"comment_status":"open","ping_status":"open","sticky":false,"template":"","format":"standard","meta":{"om_disable_all_campaigns":false,"footnotes":""},"categories":[5,116],"tags":[1165,5708,99,59,4938,5707,42],"class_list":{"0":"post-28025","1":"post","2":"type-post","3":"status-publish","4":"format-standard","5":"has-post-thumbnail","7":"category-societe","8":"category-une1","9":"tag-alternance","10":"tag-convention","11":"tag-depeches241","12":"tag-gabon","13":"tag-gmt","14":"tag-iuso-sen","15":"tag-societe"},"yoast_head":"<!-- This site is optimized with the Yoast SEO plugin v27.5 - https:\/\/yoast.com\/product\/yoast-seo-wordpress\/ -->\n<title>Formation\u2013emploi : l\u2019IUSO-SNE et Global Media Time scellent un partenariat tourn\u00e9 vers l\u2019avenir - Groupe D\u00e9p\u00eaches241<\/title>\n<meta name=\"robots\" content=\"index, follow, max-snippet:-1, max-image-preview:large, max-video-preview:-1\" \/>\n<link rel=\"canonical\" href=\"https:\/\/depeches241.com\/?p=28025\" \/>\n<meta property=\"og:locale\" content=\"fr_FR\" \/>\n<meta property=\"og:type\" content=\"article\" \/>\n<meta property=\"og:title\" content=\"Formation\u2013emploi : l\u2019IUSO-SNE et Global Media Time scellent un partenariat tourn\u00e9 vers l\u2019avenir - Groupe D\u00e9p\u00eaches241\" \/>\n<meta property=\"og:description\" content=\"Libreville, le 9 Mars 2026 &#8211; (D\u00e9p\u00eaches 241). L\u2019Institut Universitaire des Sciences de l\u2019Organisation Sophie Ntoutoume Emane (IUSO-SNE) et l\u2019agence de Communication Num\u00e9rique gabonaise Global Media Time (GMT) ont sign\u00e9, le 3 mars 2026, une convention de partenariat couvrant la p\u00e9riode 2026-2029. Cet accord vise \u00e0 renforcer l\u2019employabilit\u00e9 des \u00e9tudiants [&hellip;]\" \/>\n<meta property=\"og:url\" content=\"https:\/\/depeches241.com\/?p=28025\" \/>\n<meta property=\"og:site_name\" content=\"Groupe D\u00e9p\u00eaches241\" \/>\n<meta property=\"article:publisher\" content=\"https:\/\/www.facebook.com\/depeches241\" \/>\n<meta property=\"article:published_time\" content=\"2026-03-09T11:26:46+00:00\" \/>\n<meta property=\"article:modified_time\" content=\"2026-03-10T11:31:23+00:00\" \/>\n<meta property=\"og:image\" content=\"http:\/\/depeches241.com\/wp-content\/uploads\/2026\/03\/06f94700-5478-48f0-b1ee-1edd3a806a71.jpeg\" \/>\n\t<meta property=\"og:image:width\" content=\"940\" \/>\n\t<meta property=\"og:image:height\" content=\"581\" \/>\n\t<meta property=\"og:image:type\" content=\"image\/jpeg\" \/>\n<meta name=\"author\" content=\"Fabien BIBANG\" \/>\n<meta name=\"twitter:card\" content=\"summary_large_image\" \/>\n<meta name=\"twitter:label1\" content=\"\u00c9crit par\" \/>\n\t<meta name=\"twitter:data1\" content=\"Fabien BIBANG\" \/>\n\t<meta name=\"twitter:label2\" content=\"Dur\u00e9e de lecture estim\u00e9e\" \/>\n\t<meta name=\"twitter:data2\" content=\"2 minutes\" \/>\n<script type=\"application\/ld+json\" class=\"yoast-schema-graph\">{\"@context\":\"https:\\\/\\\/schema.org\",\"@graph\":[{\"@type\":\"Article\",\"@id\":\"https:\\\/\\\/depeches241.com\\\/?p=28025#article\",\"isPartOf\":{\"@id\":\"https:\\\/\\\/depeches241.com\\\/?p=28025\"},\"author\":{\"name\":\"Fabien BIBANG\",\"@id\":\"https:\\\/\\\/depeches241.com\\\/#\\\/schema\\\/person\\\/1901eab6e51ac627fab3abccbd181d4e\"},\"headline\":\"Formation\u2013emploi : l\u2019IUSO-SNE et Global Media Time scellent un partenariat tourn\u00e9 vers l\u2019avenir\",\"datePublished\":\"2026-03-09T11:26:46+00:00\",\"dateModified\":\"2026-03-10T11:31:23+00:00\",\"mainEntityOfPage\":{\"@id\":\"https:\\\/\\\/depeches241.com\\\/?p=28025\"},\"wordCount\":462,\"commentCount\":0,\"publisher\":{\"@id\":\"https:\\\/\\\/depeches241.com\\\/#organization\"},\"image\":{\"@id\":\"https:\\\/\\\/depeches241.com\\\/?p=28025#primaryimage\"},\"thumbnailUrl\":\"https:\\\/\\\/depeches241.com\\\/wp-content\\\/uploads\\\/2026\\\/03\\\/06f94700-5478-48f0-b1ee-1edd3a806a71.jpeg\",\"keywords\":[\"Alternance\",\"Convention\",\"depeches241\",\"Gabon\",\"GMT\",\"IUSO SEN\",\"soci\u00e9t\u00e9\"],\"articleSection\":[\"SOCIETE\",\"Une1\"],\"inLanguage\":\"fr-FR\",\"potentialAction\":[{\"@type\":\"CommentAction\",\"name\":\"Comment\",\"target\":[\"https:\\\/\\\/depeches241.com\\\/?p=28025#respond\"]}]},{\"@type\":\"WebPage\",\"@id\":\"https:\\\/\\\/depeches241.com\\\/?p=28025\",\"url\":\"https:\\\/\\\/depeches241.com\\\/?p=28025\",\"name\":\"Formation\u2013emploi : l\u2019IUSO-SNE et Global Media Time scellent un partenariat tourn\u00e9 vers l\u2019avenir - Groupe D\u00e9p\u00eaches241\",\"isPartOf\":{\"@id\":\"https:\\\/\\\/depeches241.com\\\/#website\"},\"primaryImageOfPage\":{\"@id\":\"https:\\\/\\\/depeches241.com\\\/?p=28025#primaryimage\"},\"image\":{\"@id\":\"https:\\\/\\\/depeches241.com\\\/?p=28025#primaryimage\"},\"thumbnailUrl\":\"https:\\\/\\\/depeches241.com\\\/wp-content\\\/uploads\\\/2026\\\/03\\\/06f94700-5478-48f0-b1ee-1edd3a806a71.jpeg\",\"datePublished\":\"2026-03-09T11:26:46+00:00\",\"dateModified\":\"2026-03-10T11:31:23+00:00\",\"breadcrumb\":{\"@id\":\"https:\\\/\\\/depeches241.com\\\/?p=28025#breadcrumb\"},\"inLanguage\":\"fr-FR\",\"potentialAction\":[{\"@type\":\"ReadAction\",\"target\":[\"https:\\\/\\\/depeches241.com\\\/?p=28025\"]}]},{\"@type\":\"ImageObject\",\"inLanguage\":\"fr-FR\",\"@id\":\"https:\\\/\\\/depeches241.com\\\/?p=28025#primaryimage\",\"url\":\"https:\\\/\\\/depeches241.com\\\/wp-content\\\/uploads\\\/2026\\\/03\\\/06f94700-5478-48f0-b1ee-1edd3a806a71.jpeg\",\"contentUrl\":\"https:\\\/\\\/depeches241.com\\\/wp-content\\\/uploads\\\/2026\\\/03\\\/06f94700-5478-48f0-b1ee-1edd3a806a71.jpeg\",\"width\":940,\"height\":581},{\"@type\":\"BreadcrumbList\",\"@id\":\"https:\\\/\\\/depeches241.com\\\/?p=28025#breadcrumb\",\"itemListElement\":[{\"@type\":\"ListItem\",\"position\":1,\"name\":\"Accueil\",\"item\":\"https:\\\/\\\/depeches241.com\\\/\"},{\"@type\":\"ListItem\",\"position\":2,\"name\":\"Formation\u2013emploi : l\u2019IUSO-SNE et Global Media Time scellent un partenariat tourn\u00e9 vers l\u2019avenir\"}]},{\"@type\":\"WebSite\",\"@id\":\"https:\\\/\\\/depeches241.com\\\/#website\",\"url\":\"https:\\\/\\\/depeches241.com\\\/\",\"name\":\"D\u00e9p\u00eaches241\",\"description\":\"M\u00e9dia d&#039;actualit\u00e9 Politique, \u00c9conomique, Sociale et Internationale\",\"publisher\":{\"@id\":\"https:\\\/\\\/depeches241.com\\\/#organization\"},\"potentialAction\":[{\"@type\":\"SearchAction\",\"target\":{\"@type\":\"EntryPoint\",\"urlTemplate\":\"https:\\\/\\\/depeches241.com\\\/?s={search_term_string}\"},\"query-input\":{\"@type\":\"PropertyValueSpecification\",\"valueRequired\":true,\"valueName\":\"search_term_string\"}}],\"inLanguage\":\"fr-FR\"},{\"@type\":\"Organization\",\"@id\":\"https:\\\/\\\/depeches241.com\\\/#organization\",\"name\":\"Groupe D\u00e9p\u00eaches241\",\"url\":\"https:\\\/\\\/depeches241.com\\\/\",\"logo\":{\"@type\":\"ImageObject\",\"inLanguage\":\"fr-FR\",\"@id\":\"https:\\\/\\\/depeches241.com\\\/#\\\/schema\\\/logo\\\/image\\\/\",\"url\":\"https:\\\/\\\/depeches241.com\\\/wp-content\\\/uploads\\\/2021\\\/10\\\/cropped-Logo-new-Accueil.png\",\"contentUrl\":\"https:\\\/\\\/depeches241.com\\\/wp-content\\\/uploads\\\/2021\\\/10\\\/cropped-Logo-new-Accueil.png\",\"width\":320,\"height\":105,\"caption\":\"Groupe D\u00e9p\u00eaches241\"},\"image\":{\"@id\":\"https:\\\/\\\/depeches241.com\\\/#\\\/schema\\\/logo\\\/image\\\/\"},\"sameAs\":[\"https:\\\/\\\/www.facebook.com\\\/depeches241\"]},{\"@type\":\"Person\",\"@id\":\"https:\\\/\\\/depeches241.com\\\/#\\\/schema\\\/person\\\/1901eab6e51ac627fab3abccbd181d4e\",\"name\":\"Fabien BIBANG\",\"image\":{\"@type\":\"ImageObject\",\"inLanguage\":\"fr-FR\",\"@id\":\"https:\\\/\\\/secure.gravatar.com\\\/avatar\\\/18bb838415fc126d966f8ac8e32711b2843c5ba6e35a2e6699a14ef69705dc76?s=96&d=mm&r=g\",\"url\":\"https:\\\/\\\/secure.gravatar.com\\\/avatar\\\/18bb838415fc126d966f8ac8e32711b2843c5ba6e35a2e6699a14ef69705dc76?s=96&d=mm&r=g\",\"contentUrl\":\"https:\\\/\\\/secure.gravatar.com\\\/avatar\\\/18bb838415fc126d966f8ac8e32711b2843c5ba6e35a2e6699a14ef69705dc76?s=96&d=mm&r=g\",\"caption\":\"Fabien BIBANG\"},\"description\":\"Fabien BIBANG est dipl\u00f6m\u00e9 en Philosophie et Lettres. Son amour pour la lecture, l'histoire et les arts, ainsi que son engagement sur le front social l'ont tr\u00e8s t\u00f4t conduit sur les antennes des cha\u00eenes de t\u00e9l\u00e9s et radios pour y d\u00e9fendre ses postures. Sp\u00e9cialiste des questions socio-politiques, il re\u00e7oit le Prix Encouragements au Concours M\u00e9dias UNICEF en novembre 2022\",\"url\":\"https:\\\/\\\/depeches241.com\\\/?author=18\"}]}<\/script>\n<!-- \/ Yoast SEO plugin. -->","yoast_head_json":{"title":"Formation\u2013emploi : l\u2019IUSO-SNE et Global Media Time scellent un partenariat tourn\u00e9 vers l\u2019avenir - Groupe D\u00e9p\u00eaches241","robots":{"index":"index","follow":"follow","max-snippet":"max-snippet:-1","max-image-preview":"max-image-preview:large","max-video-preview":"max-video-preview:-1"},"canonical":"https:\/\/depeches241.com\/?p=28025","og_locale":"fr_FR","og_type":"article","og_title":"Formation\u2013emploi : l\u2019IUSO-SNE et Global Media Time scellent un partenariat tourn\u00e9 vers l\u2019avenir - Groupe D\u00e9p\u00eaches241","og_description":"Libreville, le 9 Mars 2026 &#8211; (D\u00e9p\u00eaches 241). L\u2019Institut Universitaire des Sciences de l\u2019Organisation Sophie Ntoutoume Emane (IUSO-SNE) et l\u2019agence de Communication Num\u00e9rique gabonaise Global Media Time (GMT) ont sign\u00e9, le 3 mars 2026, une convention de partenariat couvrant la p\u00e9riode 2026-2029. Cet accord vise \u00e0 renforcer l\u2019employabilit\u00e9 des \u00e9tudiants [&hellip;]","og_url":"https:\/\/depeches241.com\/?p=28025","og_site_name":"Groupe D\u00e9p\u00eaches241","article_publisher":"https:\/\/www.facebook.com\/depeches241","article_published_time":"2026-03-09T11:26:46+00:00","article_modified_time":"2026-03-10T11:31:23+00:00","og_image":[{"width":940,"height":581,"url":"http:\/\/depeches241.com\/wp-content\/uploads\/2026\/03\/06f94700-5478-48f0-b1ee-1edd3a806a71.jpeg","type":"image\/jpeg"}],"author":"Fabien BIBANG","twitter_card":"summary_large_image","twitter_misc":{"\u00c9crit par":"Fabien BIBANG","Dur\u00e9e de lecture estim\u00e9e":"2 minutes"},"schema":{"@context":"https:\/\/schema.org","@graph":[{"@type":"Article","@id":"https:\/\/depeches241.com\/?p=28025#article","isPartOf":{"@id":"https:\/\/depeches241.com\/?p=28025"},"author":{"name":"Fabien BIBANG","@id":"https:\/\/depeches241.com\/#\/schema\/person\/1901eab6e51ac627fab3abccbd181d4e"},"headline":"Formation\u2013emploi : l\u2019IUSO-SNE et Global Media Time scellent un partenariat tourn\u00e9 vers l\u2019avenir","datePublished":"2026-03-09T11:26:46+00:00","dateModified":"2026-03-10T11:31:23+00:00","mainEntityOfPage":{"@id":"https:\/\/depeches241.com\/?p=28025"},"wordCount":462,"commentCount":0,"publisher":{"@id":"https:\/\/depeches241.com\/#organization"},"image":{"@id":"https:\/\/depeches241.com\/?p=28025#primaryimage"},"thumbnailUrl":"https:\/\/depeches241.com\/wp-content\/uploads\/2026\/03\/06f94700-5478-48f0-b1ee-1edd3a806a71.jpeg","keywords":["Alternance","Convention","depeches241","Gabon","GMT","IUSO SEN","soci\u00e9t\u00e9"],"articleSection":["SOCIETE","Une1"],"inLanguage":"fr-FR","potentialAction":[{"@type":"CommentAction","name":"Comment","target":["https:\/\/depeches241.com\/?p=28025#respond"]}]},{"@type":"WebPage","@id":"https:\/\/depeches241.com\/?p=28025","url":"https:\/\/depeches241.com\/?p=28025","name":"Formation\u2013emploi : l\u2019IUSO-SNE et Global Media Time scellent un partenariat tourn\u00e9 vers l\u2019avenir - Groupe D\u00e9p\u00eaches241","isPartOf":{"@id":"https:\/\/depeches241.com\/#website"},"primaryImageOfPage":{"@id":"https:\/\/depeches241.com\/?p=28025#primaryimage"},"image":{"@id":"https:\/\/depeches241.com\/?p=28025#primaryimage"},"thumbnailUrl":"https:\/\/depeches241.com\/wp-content\/uploads\/2026\/03\/06f94700-5478-48f0-b1ee-1edd3a806a71.jpeg","datePublished":"2026-03-09T11:26:46+00:00","dateModified":"2026-03-10T11:31:23+00:00","breadcrumb":{"@id":"https:\/\/depeches241.com\/?p=28025#breadcrumb"},"inLanguage":"fr-FR","potentialAction":[{"@type":"ReadAction","target":["https:\/\/depeches241.com\/?p=28025"]}]},{"@type":"ImageObject","inLanguage":"fr-FR","@id":"https:\/\/depeches241.com\/?p=28025#primaryimage","url":"https:\/\/depeches241.com\/wp-content\/uploads\/2026\/03\/06f94700-5478-48f0-b1ee-1edd3a806a71.jpeg","contentUrl":"https:\/\/depeches241.com\/wp-content\/uploads\/2026\/03\/06f94700-5478-48f0-b1ee-1edd3a806a71.jpeg","width":940,"height":581},{"@type":"BreadcrumbList","@id":"https:\/\/depeches241.com\/?p=28025#breadcrumb","itemListElement":[{"@type":"ListItem","position":1,"name":"Accueil","item":"https:\/\/depeches241.com\/"},{"@type":"ListItem","position":2,"name":"Formation\u2013emploi : l\u2019IUSO-SNE et Global Media Time scellent un partenariat tourn\u00e9 vers l\u2019avenir"}]},{"@type":"WebSite","@id":"https:\/\/depeches241.com\/#website","url":"https:\/\/depeches241.com\/","name":"D\u00e9p\u00eaches241","description":"M\u00e9dia d&#039;actualit\u00e9 Politique, \u00c9conomique, Sociale et Internationale","publisher":{"@id":"https:\/\/depeches241.com\/#organization"},"potentialAction":[{"@type":"SearchAction","target":{"@type":"EntryPoint","urlTemplate":"https:\/\/depeches241.com\/?s={search_term_string}"},"query-input":{"@type":"PropertyValueSpecification","valueRequired":true,"valueName":"search_term_string"}}],"inLanguage":"fr-FR"},{"@type":"Organization","@id":"https:\/\/depeches241.com\/#organization","name":"Groupe D\u00e9p\u00eaches241","url":"https:\/\/depeches241.com\/","logo":{"@type":"ImageObject","inLanguage":"fr-FR","@id":"https:\/\/depeches241.com\/#\/schema\/logo\/image\/","url":"https:\/\/depeches241.com\/wp-content\/uploads\/2021\/10\/cropped-Logo-new-Accueil.png","contentUrl":"https:\/\/depeches241.com\/wp-content\/uploads\/2021\/10\/cropped-Logo-new-Accueil.png","width":320,"height":105,"caption":"Groupe D\u00e9p\u00eaches241"},"image":{"@id":"https:\/\/depeches241.com\/#\/schema\/logo\/image\/"},"sameAs":["https:\/\/www.facebook.com\/depeches241"]},{"@type":"Person","@id":"https:\/\/depeches241.com\/#\/schema\/person\/1901eab6e51ac627fab3abccbd181d4e","name":"Fabien BIBANG","image":{"@type":"ImageObject","inLanguage":"fr-FR","@id":"https:\/\/secure.gravatar.com\/avatar\/18bb838415fc126d966f8ac8e32711b2843c5ba6e35a2e6699a14ef69705dc76?s=96&d=mm&r=g","url":"https:\/\/secure.gravatar.com\/avatar\/18bb838415fc126d966f8ac8e32711b2843c5ba6e35a2e6699a14ef69705dc76?s=96&d=mm&r=g","contentUrl":"https:\/\/secure.gravatar.com\/avatar\/18bb838415fc126d966f8ac8e32711b2843c5ba6e35a2e6699a14ef69705dc76?s=96&d=mm&r=g","caption":"Fabien BIBANG"},"description":"Fabien BIBANG est dipl\u00f6m\u00e9 en Philosophie et Lettres. Son amour pour la lecture, l'histoire et les arts, ainsi que son engagement sur le front social l'ont tr\u00e8s t\u00f4t conduit sur les antennes des cha\u00eenes de t\u00e9l\u00e9s et radios pour y d\u00e9fendre ses postures. Sp\u00e9cialiste des questions socio-politiques, il re\u00e7oit le Prix Encouragements au Concours M\u00e9dias UNICEF en novembre 2022","url":"https:\/\/depeches241.com\/?author=18"}]}},"_links":{"self":[{"href":"https:\/\/depeches241.com\/index.php?rest_route=\/wp\/v2\/posts\/28025","targetHints":{"allow":["GET"]}}],"collection":[{"href":"https:\/\/depeches241.com\/index.php?rest_route=\/wp\/v2\/posts"}],"about":[{"href":"https:\/\/depeches241.com\/index.php?rest_route=\/wp\/v2\/types\/post"}],"author":[{"embeddable":true,"href":"https:\/\/depeches241.com\/index.php?rest_route=\/wp\/v2\/users\/18"}],"replies":[{"embeddable":true,"href":"https:\/\/depeches241.com\/index.php?rest_route=%2Fwp%2Fv2%2Fcomments&post=28025"}],"version-history":[{"count":4,"href":"https:\/\/depeches241.com\/index.php?rest_route=\/wp\/v2\/posts\/28025\/revisions"}],"predecessor-version":[{"id":28041,"href":"https:\/\/depeches241.com\/index.php?rest_route=\/wp\/v2\/posts\/28025\/revisions\/28041"}],"wp:featuredmedia":[{"embeddable":true,"href":"https:\/\/depeches241.com\/index.php?rest_route=\/wp\/v2\/media\/28027"}],"wp:attachment":[{"href":"https:\/\/depeches241.com\/index.php?rest_route=%2Fwp%2Fv2%2Fmedia&parent=28025"}],"wp:term":[{"taxonomy":"category","embeddable":true,"href":"https:\/\/depeches241.com\/index.php?rest_route=%2Fwp%2Fv2%2Fcategories&post=28025"},{"taxonomy":"post_tag","embeddable":true,"href":"https:\/\/depeches241.com\/index.php?rest_route=%2Fwp%2Fv2%2Ftags&post=28025"}],"curies":[{"name":"wp","href":"https:\/\/api.w.org\/{rel}","templated":true}]}}