{"id":28051,"date":"2026-03-10T19:38:37","date_gmt":"2026-03-10T18:38:37","guid":{"rendered":"https:\/\/depeches241.com\/?p=28051"},"modified":"2026-03-10T19:59:03","modified_gmt":"2026-03-10T18:59:03","slug":"panthere-du-gabon-limmobilisme-ministeriel-pousse-la-fegafoot-a-installer-anicet-yala-en-interim","status":"publish","type":"post","link":"https:\/\/depeches241.com\/?p=28051","title":{"rendered":"Panth\u00e8re du Gabon: l\u2019immobilisme minist\u00e9riel pousse la Fegafoot \u00e0 installer Anicet Yala en int\u00e9rim"},"content":{"rendered":"\n<figure class=\"wp-block-image size-full\"><img fetchpriority=\"high\" decoding=\"async\" width=\"960\" height=\"540\" src=\"https:\/\/depeches241.com\/wp-content\/uploads\/2026\/03\/YALAT-.jpg\" alt=\"\" class=\"wp-image-28052\" srcset=\"https:\/\/depeches241.com\/wp-content\/uploads\/2026\/03\/YALAT-.jpg 960w, https:\/\/depeches241.com\/wp-content\/uploads\/2026\/03\/YALAT--300x169.jpg 300w, https:\/\/depeches241.com\/wp-content\/uploads\/2026\/03\/YALAT--768x432.jpg 768w\" sizes=\"(max-width: 960px) 100vw, 960px\" \/><figcaption class=\"wp-element-caption\"><strong><em>En nommant Anicet Yala la Fegafoot tranche en attendant la d\u00e9cision du minist\u00e8re &nbsp;<\/em><\/strong><em><em>\u00a9D\u00e9p\u00eaches 241<\/em><\/em> <\/figcaption><\/figure>\n\n\n\n<p><strong>Libreville, le 10 Mars 2026 &#8211; (D\u00e9peches 241). Dans l\u2019attente toujours prolong\u00e9e de la d\u00e9signation officielle d\u2019un nouveau s\u00e9lectionneur par le minist\u00e8re des Sports, la F\u00e9d\u00e9ration gabonaise de football (Fegafoot) a nomm\u00e9 ce mardi Anicet Yala entra\u00eeneur int\u00e9rimaire des Panth\u00e8res du Gabon. Une d\u00e9cision dict\u00e9e non par un choix sportif d\u00e9lib\u00e9r\u00e9, mais par l\u2019immobilisme du minist\u00e8re des Sports, qui tarde \u00e0 trancher sur le dossier du nouveau s\u00e9lectionneur malgr\u00e9 un travail pr\u00e9paratoire boucl\u00e9 depuis plusieurs semaines.&nbsp;<\/strong><\/p>\n\n\n\n<p class=\"has-drop-cap\">La d\u00e9cision est tomb\u00e9e ce jour, Anicet Yala assurera l\u2019int\u00e9rim \u00e0 la t\u00eate des Panth\u00e8res du Gabon. Une nomination qui intervient dans un contexte pour le moins singulier, marqu\u00e9 par l\u2019attente persistante de la d\u00e9cision finale du s\u00e9lectionneur national par le minist\u00e8re des Sports dirig\u00e9 par Paul Ulrich Kessany. Depuis plusieurs semaines, la F\u00e9d\u00e9ration gabonaise de football se trouve suspendue \u00e0 un arbitrage qui tarde \u00e0 venir, malgr\u00e9 les diligences accomplies par ses soins dans le processus de recrutement du futur s\u00e9lectionneur.<\/p>\n\n\n\n<p>En effet, le 25 f\u00e9vrier 2026, la Fegafoot a officiellement transmis au minist\u00e8re le rapport de la commission de recrutement qu\u2019elle avait mise en place. Ce document pr\u00e9sentait trois profils jug\u00e9s aptes \u00e0 diriger la s\u00e9lection nationale, assorti d\u2019une indication claire quant \u00e0 la pr\u00e9f\u00e9rence f\u00e9d\u00e9rale. Autrement dit, le travail technique avait \u00e9t\u00e9 fait, les options \u00e9tudi\u00e9es et les conclusions pos\u00e9es. Il ne restait plus qu\u2019\u00e0 la tutelle de trancher. Mais depuis lors, le silence administratif s\u2019est install\u00e9, laissant l\u2019\u00e9quipe nationale dans une zone d\u2019incertitude peu compatible avec les exigences du haut niveau.<\/p>\n\n\n\n<p><strong>LIRE AUSSI: <\/strong><a href=\"https:\/\/depeches241.com\/?p=27995\"><strong>Le Gabon sans s\u00e9lectionneur : le minist\u00e8re des sports, seul responsable d\u2019un vide inqui\u00e9tant ?&nbsp;<\/strong><\/a><\/p>\n\n\n\n<p>Plus surprenant encore, le ministre semble avoir fait le choix de prendre le dossier \u00e0 rebours des pratiques sportives les plus \u00e9l\u00e9mentaires. Plut\u00f4t que de d\u00e9signer d\u2019abord le s\u00e9lectionneur,&nbsp; pierre angulaire de tout projet technique, la tutelle entend privil\u00e9gier la nomination d\u2019un directeur technique national et la mise en place d\u2019un staff avant m\u00eame que le patron du banc ne soit connu. Une logique pour le moins paradoxale, tant il est d\u2019usage, dans toute organisation sportive coh\u00e9rente, que le s\u00e9lectionneur compose lui-m\u00eame son \u00e9quipe technique selon sa vision et ses besoins, compl\u00e9t\u00e9e en sus par quelques techniciens locaux.&nbsp;<\/p>\n\n\n\n<p>Face \u00e0 cette situation et afin de ne pas compromettre les \u00e9ch\u00e9ances \u00e0 venir, notamment l\u2019invitation adress\u00e9e au Gabon dans le cadre des FIFA Series 2026, la F\u00e9d\u00e9ration gabonaise de football a choisi d\u2019agir. En attendant que Paul Ulrich Kessany se d\u00e9cide enfin \u00e0 trancher, l\u2019int\u00e9rim a donc \u00e9t\u00e9 confi\u00e9 \u00e0 Anicet Yala.\u00a0<\/p>\n\n\n\n<p><strong>LIRE AUSSI: <\/strong><a href=\"https:\/\/depeches241.com\/?p=27918\"><strong>Panth\u00e8res du Gabon: Chauvin, Da Silva et Boa Morte, la short liste des s\u00e9lectionneurs retenus d\u00e9sormais connue&nbsp;<\/strong><\/a><\/p>\n\n\n\n<p>Et si le contexte de cette nomination est contraint, le choix de l\u2019homme, lui, est loin d\u2019\u00eatre par d\u00e9faut. Anicet Yala est un professionnel aguerri, intimement li\u00e9 \u00e0 l\u2019histoire r\u00e9cente des Panth\u00e8res. Bras droit de Patrice Neveu au sein du staff national, il a v\u00e9cu de l\u2019int\u00e9rieur toutes les ann\u00e9es du technicien fran\u00e7ais y compris l&rsquo;encouragement CAN 2021 au Cameroun. C\u2019est lui qui, notamment, tenait les r\u00eanes ce fameux samedi 4 juin 2022, au Stade des Martyrs de Kinshasa, lorsque les Panth\u00e8res ont r\u00e9alis\u00e9 l\u2019un des r\u00e9sultats les plus marquants de ces derni\u00e8res ann\u00e9es, dans un contexte m\u00e9morable et sous pression.<\/p>\n\n\n\n<p>Plus r\u00e9cemment, il a conduit la s\u00e9lection U20 \u00e0 la victoire lors de la Fatshi Cup, tournoi zonal organis\u00e9 en juillet 2024 en R\u00e9publique D\u00e9mocratique du Congo. Une cons\u00e9cration qui confirme sa capacit\u00e9 \u00e0 g\u00e9rer un groupe, \u00e0 f\u00e9d\u00e9rer et \u00e0 obtenir des r\u00e9sultats. Anicet Yala sait ce que veut dire gagner avec le maillot du Gabon. Les Panth\u00e8res sont entre de bonnes mains, en attendant que le ministre, lui, se d\u00e9cide enfin \u00e0 faire son travail car le football gabonais m\u00e9rite mieux que d\u2019\u00eatre otage des tergiversations d\u2019un minist\u00e8re.&nbsp;<\/p>\n","protected":false},"excerpt":{"rendered":"<p>Libreville, le 10 Mars 2026 &#8211; (D\u00e9peches 241). Dans l\u2019attente toujours prolong\u00e9e de la d\u00e9signation officielle d\u2019un nouveau s\u00e9lectionneur par le minist\u00e8re des Sports, la F\u00e9d\u00e9ration gabonaise de football (Fegafoot) a nomm\u00e9 ce mardi Anicet Yala entra\u00eeneur int\u00e9rimaire des Panth\u00e8res du Gabon. Une d\u00e9cision dict\u00e9e non par un choix sportif [&hellip;]<\/p>\n","protected":false},"author":22,"featured_media":28052,"comment_status":"open","ping_status":"open","sticky":false,"template":"","format":"standard","meta":{"om_disable_all_campaigns":false,"footnotes":""},"categories":[634,117],"tags":[2674,99,406,59,399,403],"class_list":{"0":"post-28051","1":"post","2":"type-post","3":"status-publish","4":"format-standard","5":"has-post-thumbnail","7":"category-sport","8":"category-une2","9":"tag-anicet-yala","10":"tag-depeches241","11":"tag-football","12":"tag-gabon","13":"tag-panthere-du-gabon","14":"tag-sport"},"yoast_head":"<!-- This site is optimized with the Yoast SEO plugin v27.5 - https:\/\/yoast.com\/product\/yoast-seo-wordpress\/ -->\n<title>Panth\u00e8re du Gabon: l\u2019immobilisme minist\u00e9riel pousse la Fegafoot \u00e0 installer Anicet Yala en int\u00e9rim - Groupe D\u00e9p\u00eaches241<\/title>\n<meta name=\"description\" content=\"Dans l\u2019attente toujours prolong\u00e9e de la d\u00e9signation officielle d\u2019un nouveau s\u00e9lectionneur par le minist\u00e8re des Sports, la F\u00e9d\u00e9ration gabonaise de football (Fegafoot) a nomm\u00e9 ce mardi Anicet Yala entra\u00eeneur int\u00e9rimaire des Panth\u00e8res du Gabon. Une d\u00e9cision dict\u00e9e non par un choix sportif d\u00e9lib\u00e9r\u00e9, mais par l\u2019immobilisme du minist\u00e8re des Sports, qui tarde \u00e0 trancher sur le dossier du nouveau s\u00e9lectionneur malgr\u00e9 un travail pr\u00e9paratoire boucl\u00e9 depuis plusieurs semaines.\u00a0\" \/>\n<meta name=\"robots\" content=\"index, follow, max-snippet:-1, max-image-preview:large, max-video-preview:-1\" \/>\n<link rel=\"canonical\" href=\"https:\/\/depeches241.com\/?p=28051\" \/>\n<meta property=\"og:locale\" content=\"fr_FR\" \/>\n<meta property=\"og:type\" content=\"article\" \/>\n<meta property=\"og:title\" content=\"Panth\u00e8re du Gabon: l\u2019immobilisme minist\u00e9riel pousse la Fegafoot \u00e0 installer Anicet Yala en int\u00e9rim - Groupe D\u00e9p\u00eaches241\" \/>\n<meta property=\"og:description\" content=\"Dans l\u2019attente toujours prolong\u00e9e de la d\u00e9signation officielle d\u2019un nouveau s\u00e9lectionneur par le minist\u00e8re des Sports, la F\u00e9d\u00e9ration gabonaise de football (Fegafoot) a nomm\u00e9 ce mardi Anicet Yala entra\u00eeneur int\u00e9rimaire des Panth\u00e8res du Gabon. Une d\u00e9cision dict\u00e9e non par un choix sportif d\u00e9lib\u00e9r\u00e9, mais par l\u2019immobilisme du minist\u00e8re des Sports, qui tarde \u00e0 trancher sur le dossier du nouveau s\u00e9lectionneur malgr\u00e9 un travail pr\u00e9paratoire boucl\u00e9 depuis plusieurs semaines.\u00a0\" \/>\n<meta property=\"og:url\" content=\"https:\/\/depeches241.com\/?p=28051\" \/>\n<meta property=\"og:site_name\" content=\"Groupe D\u00e9p\u00eaches241\" \/>\n<meta property=\"article:publisher\" content=\"https:\/\/www.facebook.com\/depeches241\" \/>\n<meta property=\"article:published_time\" content=\"2026-03-10T18:38:37+00:00\" \/>\n<meta property=\"article:modified_time\" content=\"2026-03-10T18:59:03+00:00\" \/>\n<meta property=\"og:image\" content=\"http:\/\/depeches241.com\/wp-content\/uploads\/2026\/03\/YALAT-.jpg\" \/>\n\t<meta property=\"og:image:width\" content=\"960\" \/>\n\t<meta property=\"og:image:height\" content=\"540\" \/>\n\t<meta property=\"og:image:type\" content=\"image\/jpeg\" \/>\n<meta name=\"author\" content=\"Florant Yinda\" \/>\n<meta name=\"twitter:card\" content=\"summary_large_image\" \/>\n<meta name=\"twitter:label1\" content=\"\u00c9crit par\" \/>\n\t<meta name=\"twitter:data1\" content=\"Florant Yinda\" \/>\n\t<meta name=\"twitter:label2\" content=\"Dur\u00e9e de lecture estim\u00e9e\" \/>\n\t<meta name=\"twitter:data2\" content=\"4 minutes\" \/>\n<script type=\"application\/ld+json\" class=\"yoast-schema-graph\">{\"@context\":\"https:\\\/\\\/schema.org\",\"@graph\":[{\"@type\":\"Article\",\"@id\":\"https:\\\/\\\/depeches241.com\\\/?p=28051#article\",\"isPartOf\":{\"@id\":\"https:\\\/\\\/depeches241.com\\\/?p=28051\"},\"author\":{\"name\":\"Florant Yinda\",\"@id\":\"https:\\\/\\\/depeches241.com\\\/#\\\/schema\\\/person\\\/37b1d864cb5b1c898f021c1ea6415cc4\"},\"headline\":\"Panth\u00e8re du Gabon: l\u2019immobilisme minist\u00e9riel pousse la Fegafoot \u00e0 installer Anicet Yala en int\u00e9rim\",\"datePublished\":\"2026-03-10T18:38:37+00:00\",\"dateModified\":\"2026-03-10T18:59:03+00:00\",\"mainEntityOfPage\":{\"@id\":\"https:\\\/\\\/depeches241.com\\\/?p=28051\"},\"wordCount\":757,\"commentCount\":0,\"publisher\":{\"@id\":\"https:\\\/\\\/depeches241.com\\\/#organization\"},\"image\":{\"@id\":\"https:\\\/\\\/depeches241.com\\\/?p=28051#primaryimage\"},\"thumbnailUrl\":\"https:\\\/\\\/depeches241.com\\\/wp-content\\\/uploads\\\/2026\\\/03\\\/YALAT-.jpg\",\"keywords\":[\"Anicet Yala\",\"depeches241\",\"Football\",\"Gabon\",\"Panthere du Gabon\",\"Sport\"],\"articleSection\":[\"SPORT\",\"Une2\"],\"inLanguage\":\"fr-FR\",\"potentialAction\":[{\"@type\":\"CommentAction\",\"name\":\"Comment\",\"target\":[\"https:\\\/\\\/depeches241.com\\\/?p=28051#respond\"]}]},{\"@type\":\"WebPage\",\"@id\":\"https:\\\/\\\/depeches241.com\\\/?p=28051\",\"url\":\"https:\\\/\\\/depeches241.com\\\/?p=28051\",\"name\":\"Panth\u00e8re du Gabon: l\u2019immobilisme minist\u00e9riel pousse la Fegafoot \u00e0 installer Anicet Yala en int\u00e9rim - Groupe D\u00e9p\u00eaches241\",\"isPartOf\":{\"@id\":\"https:\\\/\\\/depeches241.com\\\/#website\"},\"primaryImageOfPage\":{\"@id\":\"https:\\\/\\\/depeches241.com\\\/?p=28051#primaryimage\"},\"image\":{\"@id\":\"https:\\\/\\\/depeches241.com\\\/?p=28051#primaryimage\"},\"thumbnailUrl\":\"https:\\\/\\\/depeches241.com\\\/wp-content\\\/uploads\\\/2026\\\/03\\\/YALAT-.jpg\",\"datePublished\":\"2026-03-10T18:38:37+00:00\",\"dateModified\":\"2026-03-10T18:59:03+00:00\",\"description\":\"Dans l\u2019attente toujours prolong\u00e9e de la d\u00e9signation officielle d\u2019un nouveau s\u00e9lectionneur par le minist\u00e8re des Sports, la F\u00e9d\u00e9ration gabonaise de football (Fegafoot) a nomm\u00e9 ce mardi Anicet Yala entra\u00eeneur int\u00e9rimaire des Panth\u00e8res du Gabon. Une d\u00e9cision dict\u00e9e non par un choix sportif d\u00e9lib\u00e9r\u00e9, mais par l\u2019immobilisme du minist\u00e8re des Sports, qui tarde \u00e0 trancher sur le dossier du nouveau s\u00e9lectionneur malgr\u00e9 un travail pr\u00e9paratoire boucl\u00e9 depuis plusieurs semaines.\u00a0\",\"breadcrumb\":{\"@id\":\"https:\\\/\\\/depeches241.com\\\/?p=28051#breadcrumb\"},\"inLanguage\":\"fr-FR\",\"potentialAction\":[{\"@type\":\"ReadAction\",\"target\":[\"https:\\\/\\\/depeches241.com\\\/?p=28051\"]}]},{\"@type\":\"ImageObject\",\"inLanguage\":\"fr-FR\",\"@id\":\"https:\\\/\\\/depeches241.com\\\/?p=28051#primaryimage\",\"url\":\"https:\\\/\\\/depeches241.com\\\/wp-content\\\/uploads\\\/2026\\\/03\\\/YALAT-.jpg\",\"contentUrl\":\"https:\\\/\\\/depeches241.com\\\/wp-content\\\/uploads\\\/2026\\\/03\\\/YALAT-.jpg\",\"width\":960,\"height\":540},{\"@type\":\"BreadcrumbList\",\"@id\":\"https:\\\/\\\/depeches241.com\\\/?p=28051#breadcrumb\",\"itemListElement\":[{\"@type\":\"ListItem\",\"position\":1,\"name\":\"Accueil\",\"item\":\"https:\\\/\\\/depeches241.com\\\/\"},{\"@type\":\"ListItem\",\"position\":2,\"name\":\"Panth\u00e8re du Gabon: l\u2019immobilisme minist\u00e9riel pousse la Fegafoot \u00e0 installer Anicet Yala en int\u00e9rim\"}]},{\"@type\":\"WebSite\",\"@id\":\"https:\\\/\\\/depeches241.com\\\/#website\",\"url\":\"https:\\\/\\\/depeches241.com\\\/\",\"name\":\"D\u00e9p\u00eaches241\",\"description\":\"M\u00e9dia d&#039;actualit\u00e9 Politique, \u00c9conomique, Sociale et Internationale\",\"publisher\":{\"@id\":\"https:\\\/\\\/depeches241.com\\\/#organization\"},\"potentialAction\":[{\"@type\":\"SearchAction\",\"target\":{\"@type\":\"EntryPoint\",\"urlTemplate\":\"https:\\\/\\\/depeches241.com\\\/?s={search_term_string}\"},\"query-input\":{\"@type\":\"PropertyValueSpecification\",\"valueRequired\":true,\"valueName\":\"search_term_string\"}}],\"inLanguage\":\"fr-FR\"},{\"@type\":\"Organization\",\"@id\":\"https:\\\/\\\/depeches241.com\\\/#organization\",\"name\":\"Groupe D\u00e9p\u00eaches241\",\"url\":\"https:\\\/\\\/depeches241.com\\\/\",\"logo\":{\"@type\":\"ImageObject\",\"inLanguage\":\"fr-FR\",\"@id\":\"https:\\\/\\\/depeches241.com\\\/#\\\/schema\\\/logo\\\/image\\\/\",\"url\":\"https:\\\/\\\/depeches241.com\\\/wp-content\\\/uploads\\\/2021\\\/10\\\/cropped-Logo-new-Accueil.png\",\"contentUrl\":\"https:\\\/\\\/depeches241.com\\\/wp-content\\\/uploads\\\/2021\\\/10\\\/cropped-Logo-new-Accueil.png\",\"width\":320,\"height\":105,\"caption\":\"Groupe D\u00e9p\u00eaches241\"},\"image\":{\"@id\":\"https:\\\/\\\/depeches241.com\\\/#\\\/schema\\\/logo\\\/image\\\/\"},\"sameAs\":[\"https:\\\/\\\/www.facebook.com\\\/depeches241\"]},{\"@type\":\"Person\",\"@id\":\"https:\\\/\\\/depeches241.com\\\/#\\\/schema\\\/person\\\/37b1d864cb5b1c898f021c1ea6415cc4\",\"name\":\"Florant Yinda\",\"image\":{\"@type\":\"ImageObject\",\"inLanguage\":\"fr-FR\",\"@id\":\"https:\\\/\\\/secure.gravatar.com\\\/avatar\\\/3876d60934898c52a135f8b24ae4c866008e45f217ff9944bd13733e3a656bc0?s=96&d=mm&r=g\",\"url\":\"https:\\\/\\\/secure.gravatar.com\\\/avatar\\\/3876d60934898c52a135f8b24ae4c866008e45f217ff9944bd13733e3a656bc0?s=96&d=mm&r=g\",\"contentUrl\":\"https:\\\/\\\/secure.gravatar.com\\\/avatar\\\/3876d60934898c52a135f8b24ae4c866008e45f217ff9944bd13733e3a656bc0?s=96&d=mm&r=g\",\"caption\":\"Florant Yinda\"},\"url\":\"https:\\\/\\\/depeches241.com\\\/?author=22\"}]}<\/script>\n<!-- \/ Yoast SEO plugin. -->","yoast_head_json":{"title":"Panth\u00e8re du Gabon: l\u2019immobilisme minist\u00e9riel pousse la Fegafoot \u00e0 installer Anicet Yala en int\u00e9rim - Groupe D\u00e9p\u00eaches241","description":"Dans l\u2019attente toujours prolong\u00e9e de la d\u00e9signation officielle d\u2019un nouveau s\u00e9lectionneur par le minist\u00e8re des Sports, la F\u00e9d\u00e9ration gabonaise de football (Fegafoot) a nomm\u00e9 ce mardi Anicet Yala entra\u00eeneur int\u00e9rimaire des Panth\u00e8res du Gabon. Une d\u00e9cision dict\u00e9e non par un choix sportif d\u00e9lib\u00e9r\u00e9, mais par l\u2019immobilisme du minist\u00e8re des Sports, qui tarde \u00e0 trancher sur le dossier du nouveau s\u00e9lectionneur malgr\u00e9 un travail pr\u00e9paratoire boucl\u00e9 depuis plusieurs semaines.\u00a0","robots":{"index":"index","follow":"follow","max-snippet":"max-snippet:-1","max-image-preview":"max-image-preview:large","max-video-preview":"max-video-preview:-1"},"canonical":"https:\/\/depeches241.com\/?p=28051","og_locale":"fr_FR","og_type":"article","og_title":"Panth\u00e8re du Gabon: l\u2019immobilisme minist\u00e9riel pousse la Fegafoot \u00e0 installer Anicet Yala en int\u00e9rim - Groupe D\u00e9p\u00eaches241","og_description":"Dans l\u2019attente toujours prolong\u00e9e de la d\u00e9signation officielle d\u2019un nouveau s\u00e9lectionneur par le minist\u00e8re des Sports, la F\u00e9d\u00e9ration gabonaise de football (Fegafoot) a nomm\u00e9 ce mardi Anicet Yala entra\u00eeneur int\u00e9rimaire des Panth\u00e8res du Gabon. Une d\u00e9cision dict\u00e9e non par un choix sportif d\u00e9lib\u00e9r\u00e9, mais par l\u2019immobilisme du minist\u00e8re des Sports, qui tarde \u00e0 trancher sur le dossier du nouveau s\u00e9lectionneur malgr\u00e9 un travail pr\u00e9paratoire boucl\u00e9 depuis plusieurs semaines.\u00a0","og_url":"https:\/\/depeches241.com\/?p=28051","og_site_name":"Groupe D\u00e9p\u00eaches241","article_publisher":"https:\/\/www.facebook.com\/depeches241","article_published_time":"2026-03-10T18:38:37+00:00","article_modified_time":"2026-03-10T18:59:03+00:00","og_image":[{"width":960,"height":540,"url":"http:\/\/depeches241.com\/wp-content\/uploads\/2026\/03\/YALAT-.jpg","type":"image\/jpeg"}],"author":"Florant Yinda","twitter_card":"summary_large_image","twitter_misc":{"\u00c9crit par":"Florant Yinda","Dur\u00e9e de lecture estim\u00e9e":"4 minutes"},"schema":{"@context":"https:\/\/schema.org","@graph":[{"@type":"Article","@id":"https:\/\/depeches241.com\/?p=28051#article","isPartOf":{"@id":"https:\/\/depeches241.com\/?p=28051"},"author":{"name":"Florant Yinda","@id":"https:\/\/depeches241.com\/#\/schema\/person\/37b1d864cb5b1c898f021c1ea6415cc4"},"headline":"Panth\u00e8re du Gabon: l\u2019immobilisme minist\u00e9riel pousse la Fegafoot \u00e0 installer Anicet Yala en int\u00e9rim","datePublished":"2026-03-10T18:38:37+00:00","dateModified":"2026-03-10T18:59:03+00:00","mainEntityOfPage":{"@id":"https:\/\/depeches241.com\/?p=28051"},"wordCount":757,"commentCount":0,"publisher":{"@id":"https:\/\/depeches241.com\/#organization"},"image":{"@id":"https:\/\/depeches241.com\/?p=28051#primaryimage"},"thumbnailUrl":"https:\/\/depeches241.com\/wp-content\/uploads\/2026\/03\/YALAT-.jpg","keywords":["Anicet Yala","depeches241","Football","Gabon","Panthere du Gabon","Sport"],"articleSection":["SPORT","Une2"],"inLanguage":"fr-FR","potentialAction":[{"@type":"CommentAction","name":"Comment","target":["https:\/\/depeches241.com\/?p=28051#respond"]}]},{"@type":"WebPage","@id":"https:\/\/depeches241.com\/?p=28051","url":"https:\/\/depeches241.com\/?p=28051","name":"Panth\u00e8re du Gabon: l\u2019immobilisme minist\u00e9riel pousse la Fegafoot \u00e0 installer Anicet Yala en int\u00e9rim - Groupe D\u00e9p\u00eaches241","isPartOf":{"@id":"https:\/\/depeches241.com\/#website"},"primaryImageOfPage":{"@id":"https:\/\/depeches241.com\/?p=28051#primaryimage"},"image":{"@id":"https:\/\/depeches241.com\/?p=28051#primaryimage"},"thumbnailUrl":"https:\/\/depeches241.com\/wp-content\/uploads\/2026\/03\/YALAT-.jpg","datePublished":"2026-03-10T18:38:37+00:00","dateModified":"2026-03-10T18:59:03+00:00","description":"Dans l\u2019attente toujours prolong\u00e9e de la d\u00e9signation officielle d\u2019un nouveau s\u00e9lectionneur par le minist\u00e8re des Sports, la F\u00e9d\u00e9ration gabonaise de football (Fegafoot) a nomm\u00e9 ce mardi Anicet Yala entra\u00eeneur int\u00e9rimaire des Panth\u00e8res du Gabon. Une d\u00e9cision dict\u00e9e non par un choix sportif d\u00e9lib\u00e9r\u00e9, mais par l\u2019immobilisme du minist\u00e8re des Sports, qui tarde \u00e0 trancher sur le dossier du nouveau s\u00e9lectionneur malgr\u00e9 un travail pr\u00e9paratoire boucl\u00e9 depuis plusieurs semaines.\u00a0","breadcrumb":{"@id":"https:\/\/depeches241.com\/?p=28051#breadcrumb"},"inLanguage":"fr-FR","potentialAction":[{"@type":"ReadAction","target":["https:\/\/depeches241.com\/?p=28051"]}]},{"@type":"ImageObject","inLanguage":"fr-FR","@id":"https:\/\/depeches241.com\/?p=28051#primaryimage","url":"https:\/\/depeches241.com\/wp-content\/uploads\/2026\/03\/YALAT-.jpg","contentUrl":"https:\/\/depeches241.com\/wp-content\/uploads\/2026\/03\/YALAT-.jpg","width":960,"height":540},{"@type":"BreadcrumbList","@id":"https:\/\/depeches241.com\/?p=28051#breadcrumb","itemListElement":[{"@type":"ListItem","position":1,"name":"Accueil","item":"https:\/\/depeches241.com\/"},{"@type":"ListItem","position":2,"name":"Panth\u00e8re du Gabon: l\u2019immobilisme minist\u00e9riel pousse la Fegafoot \u00e0 installer Anicet Yala en int\u00e9rim"}]},{"@type":"WebSite","@id":"https:\/\/depeches241.com\/#website","url":"https:\/\/depeches241.com\/","name":"D\u00e9p\u00eaches241","description":"M\u00e9dia d&#039;actualit\u00e9 Politique, \u00c9conomique, Sociale et Internationale","publisher":{"@id":"https:\/\/depeches241.com\/#organization"},"potentialAction":[{"@type":"SearchAction","target":{"@type":"EntryPoint","urlTemplate":"https:\/\/depeches241.com\/?s={search_term_string}"},"query-input":{"@type":"PropertyValueSpecification","valueRequired":true,"valueName":"search_term_string"}}],"inLanguage":"fr-FR"},{"@type":"Organization","@id":"https:\/\/depeches241.com\/#organization","name":"Groupe D\u00e9p\u00eaches241","url":"https:\/\/depeches241.com\/","logo":{"@type":"ImageObject","inLanguage":"fr-FR","@id":"https:\/\/depeches241.com\/#\/schema\/logo\/image\/","url":"https:\/\/depeches241.com\/wp-content\/uploads\/2021\/10\/cropped-Logo-new-Accueil.png","contentUrl":"https:\/\/depeches241.com\/wp-content\/uploads\/2021\/10\/cropped-Logo-new-Accueil.png","width":320,"height":105,"caption":"Groupe D\u00e9p\u00eaches241"},"image":{"@id":"https:\/\/depeches241.com\/#\/schema\/logo\/image\/"},"sameAs":["https:\/\/www.facebook.com\/depeches241"]},{"@type":"Person","@id":"https:\/\/depeches241.com\/#\/schema\/person\/37b1d864cb5b1c898f021c1ea6415cc4","name":"Florant Yinda","image":{"@type":"ImageObject","inLanguage":"fr-FR","@id":"https:\/\/secure.gravatar.com\/avatar\/3876d60934898c52a135f8b24ae4c866008e45f217ff9944bd13733e3a656bc0?s=96&d=mm&r=g","url":"https:\/\/secure.gravatar.com\/avatar\/3876d60934898c52a135f8b24ae4c866008e45f217ff9944bd13733e3a656bc0?s=96&d=mm&r=g","contentUrl":"https:\/\/secure.gravatar.com\/avatar\/3876d60934898c52a135f8b24ae4c866008e45f217ff9944bd13733e3a656bc0?s=96&d=mm&r=g","caption":"Florant Yinda"},"url":"https:\/\/depeches241.com\/?author=22"}]}},"_links":{"self":[{"href":"https:\/\/depeches241.com\/index.php?rest_route=\/wp\/v2\/posts\/28051","targetHints":{"allow":["GET"]}}],"collection":[{"href":"https:\/\/depeches241.com\/index.php?rest_route=\/wp\/v2\/posts"}],"about":[{"href":"https:\/\/depeches241.com\/index.php?rest_route=\/wp\/v2\/types\/post"}],"author":[{"embeddable":true,"href":"https:\/\/depeches241.com\/index.php?rest_route=\/wp\/v2\/users\/22"}],"replies":[{"embeddable":true,"href":"https:\/\/depeches241.com\/index.php?rest_route=%2Fwp%2Fv2%2Fcomments&post=28051"}],"version-history":[{"count":2,"href":"https:\/\/depeches241.com\/index.php?rest_route=\/wp\/v2\/posts\/28051\/revisions"}],"predecessor-version":[{"id":28054,"href":"https:\/\/depeches241.com\/index.php?rest_route=\/wp\/v2\/posts\/28051\/revisions\/28054"}],"wp:featuredmedia":[{"embeddable":true,"href":"https:\/\/depeches241.com\/index.php?rest_route=\/wp\/v2\/media\/28052"}],"wp:attachment":[{"href":"https:\/\/depeches241.com\/index.php?rest_route=%2Fwp%2Fv2%2Fmedia&parent=28051"}],"wp:term":[{"taxonomy":"category","embeddable":true,"href":"https:\/\/depeches241.com\/index.php?rest_route=%2Fwp%2Fv2%2Fcategories&post=28051"},{"taxonomy":"post_tag","embeddable":true,"href":"https:\/\/depeches241.com\/index.php?rest_route=%2Fwp%2Fv2%2Ftags&post=28051"}],"curies":[{"name":"wp","href":"https:\/\/api.w.org\/{rel}","templated":true}]}}