{"id":28067,"date":"2026-03-12T13:41:09","date_gmt":"2026-03-12T12:41:09","guid":{"rendered":"https:\/\/depeches241.com\/?p=28067"},"modified":"2026-03-12T13:41:11","modified_gmt":"2026-03-12T12:41:11","slug":"gabon-suicide-dun-eleve-au-lycee-national-leon-mba-ou-le-symptome-revelateur-dune-ecole-gabonaise-malade","status":"publish","type":"post","link":"https:\/\/depeches241.com\/?p=28067","title":{"rendered":"Gabon: Suicide d\u2019un \u00e9l\u00e8ve au lyc\u00e9e national Leon Mba ou le sympt\u00f4me r\u00e9v\u00e9lateur d\u2019une \u00e9cole Gabonaise malade\u00a0"},"content":{"rendered":"\n<figure class=\"wp-block-image size-full\"><img fetchpriority=\"high\" decoding=\"async\" width=\"960\" height=\"540\" src=\"https:\/\/depeches241.com\/wp-content\/uploads\/2026\/03\/Owone-Nguema-.jpg\" alt=\"\" class=\"wp-image-28068\" srcset=\"https:\/\/depeches241.com\/wp-content\/uploads\/2026\/03\/Owone-Nguema-.jpg 960w, https:\/\/depeches241.com\/wp-content\/uploads\/2026\/03\/Owone-Nguema--300x169.jpg 300w, https:\/\/depeches241.com\/wp-content\/uploads\/2026\/03\/Owone-Nguema--768x432.jpg 768w\" sizes=\"(max-width: 960px) 100vw, 960px\" \/><figcaption class=\"wp-element-caption\"><strong><em>Owone Nguema, penseur et enseignant de Philosophie <\/em><\/strong><em>\u00a9DR<\/em> <\/figcaption><\/figure>\n\n\n\n<p><strong>Libreville, le 12 Mars 2026 &#8211; (D\u00e9p\u00eaches 241). Le suicide d\u2019un \u00e9l\u00e8ve de 15 ans, survenu ces derniers jours au Lyc\u00e9e National L\u00e9on Mba, ne saurait \u00eatre r\u00e9duit, selon nous, \u00e0 un simple fait divers isol\u00e9. Il doit plut\u00f4t \u00eatre analys\u00e9 comme le sympt\u00f4me r\u00e9v\u00e9lateur de la mis\u00e8re profonde de notre \u00c9cole. Cette crise, pour \u00eatre pleinement comprise, peut \u00eatre d\u00e9compos\u00e9e en deux cat\u00e9gories principales et interd\u00e9pendantes : les d\u00e9faillances structurelles, d\u2019une part, et les d\u00e9faillances fonctionnelles, d\u2019autre part. Combin\u00e9es, ces carences cr\u00e9ent un environnement pathog\u00e8ne pour l\u2019ensemble des acteurs du syst\u00e8me \u00e9ducatif.<\/strong><\/p>\n\n\n\n<p class=\"has-drop-cap\">La premi\u00e8re cat\u00e9gorie de d\u00e9faillances concerne l\u2019organisation m\u00eame de l\u2019institution scolaire et les moyens qui lui sont allou\u00e9s. D\u2019embl\u00e9e, il faut souligner l\u2019absence criante de moyens humains sp\u00e9cialis\u00e9s, notamment en mati\u00e8re de prise en charge psychologique des apprenants, mais aussi des encadreurs p\u00e9dagogiques. Cette lacune r\u00e9v\u00e8le une conception toujours dominante de l\u2019\u00e9cole, per\u00e7ue uniquement comme un lieu de transmission du savoir, et non comme un espace de d\u00e9veloppement personnel o\u00f9 la sant\u00e9 mentale est prise en compte.&nbsp;<\/p>\n\n\n\n<p>D\u00e8s lors, l\u2019\u00e9l\u00e8ve en souffrance, confront\u00e9 \u00e0 des traumatismes ou \u00e0 un mal-\u00eatre, se retrouve seul face \u00e0 ses d\u00e9mons, faute de filet de s\u00e9curit\u00e9 incarn\u00e9 par un psychologue scolaire. Quant aux encadreurs, priv\u00e9s eux-m\u00eames de tout soutien psychologique dans un environnement difficile, ils deviennent moins aptes \u00e0 d\u00e9tecter et \u00e0 g\u00e9rer les signaux de d\u00e9tresse chez leurs \u00e9l\u00e8ves, enfermant ainsi l\u2019institution dans un cercle vicieux d\u2019impuissance collective.<\/p>\n\n\n\n<p>La seconde cat\u00e9gorie de carence est tout aussi observable et concerne la surveillance et l\u2019encadrement au sein de nos \u00e9tablissements. On peut affirmer, sans abus de langage, que nombre d\u2019entre eux sont devenus de v\u00e9ritables non-lieux, c\u2019est-\u00e0-dire des espaces ayant perdu leur fonction premi\u00e8re et leur autorit\u00e9. Faute de moyens humains suffisants, l\u2019absence quasi totale de contr\u00f4le efficace transforme l\u2019\u00e9cole en zone de non-droit, perm\u00e9able \u00e0 toutes sortes de nuisances : trafics divers (stup\u00e9fiants, objets vol\u00e9s), violences physiques et morales peuvent ainsi s\u2019y d\u00e9velopper sans entrave, avec tous les corollaires que cela implique. Pour les \u00e9l\u00e8ves, \u00e9voluer dans un tel climat d\u2019ins\u00e9curit\u00e9 permanente devient une source majeure de stress, d\u2019anxi\u00e9t\u00e9 et de peur, g\u00e9n\u00e9rant des traumatismes profonds. L\u2019\u00e9cole, cens\u00e9e \u00eatre un sanctuaire protecteur, se mue ainsi en facteur de risque pour la sant\u00e9 mentale.<\/p>\n\n\n\n<p>En d\u00e9finitive, le suicide de cet \u00e9l\u00e8ve est bien plus qu\u2019une trag\u00e9die personnelle : il est la cons\u00e9quence ultime et tragique d\u2019un syst\u00e8me \u00e9ducatif en faillite, qui a progressivement abandonn\u00e9 ses missions fondamentales de protection et de soutien. La mis\u00e8re de l\u2019\u00e9cole gabonaise r\u00e9side pr\u00e9cis\u00e9ment dans cette double incapacit\u00e9 : celle d\u2019offrir un cadre de vie serein et s\u00e9curis\u00e9 sur le plan fonctionnel, et celle d\u2019apporter un soutien humain ad\u00e9quat sur le plan structurel. Ignorer ces sympt\u00f4mes, ce serait condamner notre institution scolaire \u00e0 devenir, toujours davantage, un lieu de souffrance plut\u00f4t qu\u2019un espace d\u2019\u00e9panouissement.<\/p>\n","protected":false},"excerpt":{"rendered":"<p>Libreville, le 12 Mars 2026 &#8211; (D\u00e9p\u00eaches 241). Le suicide d\u2019un \u00e9l\u00e8ve de 15 ans, survenu ces derniers jours au Lyc\u00e9e National L\u00e9on Mba, ne saurait \u00eatre r\u00e9duit, selon nous, \u00e0 un simple fait divers isol\u00e9. Il doit plut\u00f4t \u00eatre analys\u00e9 comme le sympt\u00f4me r\u00e9v\u00e9lateur de la mis\u00e8re profonde de [&hellip;]<\/p>\n","protected":false},"author":14,"featured_media":28068,"comment_status":"open","ping_status":"open","sticky":false,"template":"","format":"standard","meta":{"om_disable_all_campaigns":false,"footnotes":""},"categories":[5,117],"tags":[99,59,42,5717],"class_list":{"0":"post-28067","1":"post","2":"type-post","3":"status-publish","4":"format-standard","5":"has-post-thumbnail","7":"category-societe","8":"category-une2","9":"tag-depeches241","10":"tag-gabon","11":"tag-societe","12":"tag-suicide-dun-eleve"},"yoast_head":"<!-- This site is optimized with the Yoast SEO plugin v27.5 - https:\/\/yoast.com\/product\/yoast-seo-wordpress\/ -->\n<title>Gabon: Suicide d\u2019un \u00e9l\u00e8ve au lyc\u00e9e national Leon Mba ou le sympt\u00f4me r\u00e9v\u00e9lateur d\u2019une \u00e9cole Gabonaise malade\u00a0 - Groupe D\u00e9p\u00eaches241<\/title>\n<meta name=\"description\" content=\"Le suicide d\u2019un \u00e9l\u00e8ve de 15 ans, survenu ces derniers jours au Lyc\u00e9e National L\u00e9on Mba, ne saurait \u00eatre r\u00e9duit, selon nous, \u00e0 un simple fait divers isol\u00e9. Il doit plut\u00f4t \u00eatre analys\u00e9 comme le sympt\u00f4me r\u00e9v\u00e9lateur de la mis\u00e8re profonde de notre \u00c9cole. Cette crise, pour \u00eatre pleinement comprise, peut \u00eatre d\u00e9compos\u00e9e en deux cat\u00e9gories principales et interd\u00e9pendantes : les d\u00e9faillances structurelles, d\u2019une part, et les d\u00e9faillances fonctionnelles, d\u2019autre part. Combin\u00e9es, ces carences cr\u00e9ent un environnement pathog\u00e8ne pour l\u2019ensemble des acteurs du syst\u00e8me \u00e9ducatif.\" \/>\n<meta name=\"robots\" content=\"index, follow, max-snippet:-1, max-image-preview:large, max-video-preview:-1\" \/>\n<link rel=\"canonical\" href=\"https:\/\/depeches241.com\/?p=28067\" \/>\n<meta property=\"og:locale\" content=\"fr_FR\" \/>\n<meta property=\"og:type\" content=\"article\" \/>\n<meta property=\"og:title\" content=\"Gabon: Suicide d\u2019un \u00e9l\u00e8ve au lyc\u00e9e national Leon Mba ou le sympt\u00f4me r\u00e9v\u00e9lateur d\u2019une \u00e9cole Gabonaise malade\u00a0 - Groupe D\u00e9p\u00eaches241\" \/>\n<meta property=\"og:description\" content=\"Le suicide d\u2019un \u00e9l\u00e8ve de 15 ans, survenu ces derniers jours au Lyc\u00e9e National L\u00e9on Mba, ne saurait \u00eatre r\u00e9duit, selon nous, \u00e0 un simple fait divers isol\u00e9. Il doit plut\u00f4t \u00eatre analys\u00e9 comme le sympt\u00f4me r\u00e9v\u00e9lateur de la mis\u00e8re profonde de notre \u00c9cole. Cette crise, pour \u00eatre pleinement comprise, peut \u00eatre d\u00e9compos\u00e9e en deux cat\u00e9gories principales et interd\u00e9pendantes : les d\u00e9faillances structurelles, d\u2019une part, et les d\u00e9faillances fonctionnelles, d\u2019autre part. Combin\u00e9es, ces carences cr\u00e9ent un environnement pathog\u00e8ne pour l\u2019ensemble des acteurs du syst\u00e8me \u00e9ducatif.\" \/>\n<meta property=\"og:url\" content=\"https:\/\/depeches241.com\/?p=28067\" \/>\n<meta property=\"og:site_name\" content=\"Groupe D\u00e9p\u00eaches241\" \/>\n<meta property=\"article:publisher\" content=\"https:\/\/www.facebook.com\/depeches241\" \/>\n<meta property=\"article:published_time\" content=\"2026-03-12T12:41:09+00:00\" \/>\n<meta property=\"article:modified_time\" content=\"2026-03-12T12:41:11+00:00\" \/>\n<meta property=\"og:image\" content=\"http:\/\/depeches241.com\/wp-content\/uploads\/2026\/03\/Owone-Nguema-.jpg\" \/>\n\t<meta property=\"og:image:width\" content=\"960\" \/>\n\t<meta property=\"og:image:height\" content=\"540\" \/>\n\t<meta property=\"og:image:type\" content=\"image\/jpeg\" \/>\n<meta name=\"author\" content=\"Owone Nguema\" \/>\n<meta name=\"twitter:card\" content=\"summary_large_image\" \/>\n<meta name=\"twitter:label1\" content=\"\u00c9crit par\" \/>\n\t<meta name=\"twitter:data1\" content=\"Owone Nguema\" \/>\n\t<meta name=\"twitter:label2\" content=\"Dur\u00e9e de lecture estim\u00e9e\" \/>\n\t<meta name=\"twitter:data2\" content=\"3 minutes\" \/>\n<script type=\"application\/ld+json\" class=\"yoast-schema-graph\">{\"@context\":\"https:\\\/\\\/schema.org\",\"@graph\":[{\"@type\":\"Article\",\"@id\":\"https:\\\/\\\/depeches241.com\\\/?p=28067#article\",\"isPartOf\":{\"@id\":\"https:\\\/\\\/depeches241.com\\\/?p=28067\"},\"author\":{\"name\":\"Owone Nguema\",\"@id\":\"https:\\\/\\\/depeches241.com\\\/#\\\/schema\\\/person\\\/cde96e518763a7c17eea6d9709157899\"},\"headline\":\"Gabon: Suicide d\u2019un \u00e9l\u00e8ve au lyc\u00e9e national Leon Mba ou le sympt\u00f4me r\u00e9v\u00e9lateur d\u2019une \u00e9cole Gabonaise malade\u00a0\",\"datePublished\":\"2026-03-12T12:41:09+00:00\",\"dateModified\":\"2026-03-12T12:41:11+00:00\",\"mainEntityOfPage\":{\"@id\":\"https:\\\/\\\/depeches241.com\\\/?p=28067\"},\"wordCount\":586,\"commentCount\":0,\"publisher\":{\"@id\":\"https:\\\/\\\/depeches241.com\\\/#organization\"},\"image\":{\"@id\":\"https:\\\/\\\/depeches241.com\\\/?p=28067#primaryimage\"},\"thumbnailUrl\":\"https:\\\/\\\/depeches241.com\\\/wp-content\\\/uploads\\\/2026\\\/03\\\/Owone-Nguema-.jpg\",\"keywords\":[\"depeches241\",\"Gabon\",\"soci\u00e9t\u00e9\",\"Suicide d\u2019un \u00e9l\u00e8ve\"],\"articleSection\":[\"SOCIETE\",\"Une2\"],\"inLanguage\":\"fr-FR\",\"potentialAction\":[{\"@type\":\"CommentAction\",\"name\":\"Comment\",\"target\":[\"https:\\\/\\\/depeches241.com\\\/?p=28067#respond\"]}]},{\"@type\":\"WebPage\",\"@id\":\"https:\\\/\\\/depeches241.com\\\/?p=28067\",\"url\":\"https:\\\/\\\/depeches241.com\\\/?p=28067\",\"name\":\"Gabon: Suicide d\u2019un \u00e9l\u00e8ve au lyc\u00e9e national Leon Mba ou le sympt\u00f4me r\u00e9v\u00e9lateur d\u2019une \u00e9cole Gabonaise malade\u00a0 - Groupe D\u00e9p\u00eaches241\",\"isPartOf\":{\"@id\":\"https:\\\/\\\/depeches241.com\\\/#website\"},\"primaryImageOfPage\":{\"@id\":\"https:\\\/\\\/depeches241.com\\\/?p=28067#primaryimage\"},\"image\":{\"@id\":\"https:\\\/\\\/depeches241.com\\\/?p=28067#primaryimage\"},\"thumbnailUrl\":\"https:\\\/\\\/depeches241.com\\\/wp-content\\\/uploads\\\/2026\\\/03\\\/Owone-Nguema-.jpg\",\"datePublished\":\"2026-03-12T12:41:09+00:00\",\"dateModified\":\"2026-03-12T12:41:11+00:00\",\"description\":\"Le suicide d\u2019un \u00e9l\u00e8ve de 15 ans, survenu ces derniers jours au Lyc\u00e9e National L\u00e9on Mba, ne saurait \u00eatre r\u00e9duit, selon nous, \u00e0 un simple fait divers isol\u00e9. Il doit plut\u00f4t \u00eatre analys\u00e9 comme le sympt\u00f4me r\u00e9v\u00e9lateur de la mis\u00e8re profonde de notre \u00c9cole. Cette crise, pour \u00eatre pleinement comprise, peut \u00eatre d\u00e9compos\u00e9e en deux cat\u00e9gories principales et interd\u00e9pendantes : les d\u00e9faillances structurelles, d\u2019une part, et les d\u00e9faillances fonctionnelles, d\u2019autre part. Combin\u00e9es, ces carences cr\u00e9ent un environnement pathog\u00e8ne pour l\u2019ensemble des acteurs du syst\u00e8me \u00e9ducatif.\",\"breadcrumb\":{\"@id\":\"https:\\\/\\\/depeches241.com\\\/?p=28067#breadcrumb\"},\"inLanguage\":\"fr-FR\",\"potentialAction\":[{\"@type\":\"ReadAction\",\"target\":[\"https:\\\/\\\/depeches241.com\\\/?p=28067\"]}]},{\"@type\":\"ImageObject\",\"inLanguage\":\"fr-FR\",\"@id\":\"https:\\\/\\\/depeches241.com\\\/?p=28067#primaryimage\",\"url\":\"https:\\\/\\\/depeches241.com\\\/wp-content\\\/uploads\\\/2026\\\/03\\\/Owone-Nguema-.jpg\",\"contentUrl\":\"https:\\\/\\\/depeches241.com\\\/wp-content\\\/uploads\\\/2026\\\/03\\\/Owone-Nguema-.jpg\",\"width\":960,\"height\":540},{\"@type\":\"BreadcrumbList\",\"@id\":\"https:\\\/\\\/depeches241.com\\\/?p=28067#breadcrumb\",\"itemListElement\":[{\"@type\":\"ListItem\",\"position\":1,\"name\":\"Accueil\",\"item\":\"https:\\\/\\\/depeches241.com\\\/\"},{\"@type\":\"ListItem\",\"position\":2,\"name\":\"Gabon: Suicide d\u2019un \u00e9l\u00e8ve au lyc\u00e9e national Leon Mba ou le sympt\u00f4me r\u00e9v\u00e9lateur d\u2019une \u00e9cole Gabonaise malade\u00a0\"}]},{\"@type\":\"WebSite\",\"@id\":\"https:\\\/\\\/depeches241.com\\\/#website\",\"url\":\"https:\\\/\\\/depeches241.com\\\/\",\"name\":\"D\u00e9p\u00eaches241\",\"description\":\"M\u00e9dia d&#039;actualit\u00e9 Politique, \u00c9conomique, Sociale et Internationale\",\"publisher\":{\"@id\":\"https:\\\/\\\/depeches241.com\\\/#organization\"},\"potentialAction\":[{\"@type\":\"SearchAction\",\"target\":{\"@type\":\"EntryPoint\",\"urlTemplate\":\"https:\\\/\\\/depeches241.com\\\/?s={search_term_string}\"},\"query-input\":{\"@type\":\"PropertyValueSpecification\",\"valueRequired\":true,\"valueName\":\"search_term_string\"}}],\"inLanguage\":\"fr-FR\"},{\"@type\":\"Organization\",\"@id\":\"https:\\\/\\\/depeches241.com\\\/#organization\",\"name\":\"Groupe D\u00e9p\u00eaches241\",\"url\":\"https:\\\/\\\/depeches241.com\\\/\",\"logo\":{\"@type\":\"ImageObject\",\"inLanguage\":\"fr-FR\",\"@id\":\"https:\\\/\\\/depeches241.com\\\/#\\\/schema\\\/logo\\\/image\\\/\",\"url\":\"https:\\\/\\\/depeches241.com\\\/wp-content\\\/uploads\\\/2021\\\/10\\\/cropped-Logo-new-Accueil.png\",\"contentUrl\":\"https:\\\/\\\/depeches241.com\\\/wp-content\\\/uploads\\\/2021\\\/10\\\/cropped-Logo-new-Accueil.png\",\"width\":320,\"height\":105,\"caption\":\"Groupe D\u00e9p\u00eaches241\"},\"image\":{\"@id\":\"https:\\\/\\\/depeches241.com\\\/#\\\/schema\\\/logo\\\/image\\\/\"},\"sameAs\":[\"https:\\\/\\\/www.facebook.com\\\/depeches241\"]},{\"@type\":\"Person\",\"@id\":\"https:\\\/\\\/depeches241.com\\\/#\\\/schema\\\/person\\\/cde96e518763a7c17eea6d9709157899\",\"name\":\"Owone Nguema\",\"image\":{\"@type\":\"ImageObject\",\"inLanguage\":\"fr-FR\",\"@id\":\"https:\\\/\\\/secure.gravatar.com\\\/avatar\\\/cf97f19d7d4c90f952a39a482124b729f44d1ed6119fae248fb8e2dcf1f96fb4?s=96&d=mm&r=g\",\"url\":\"https:\\\/\\\/secure.gravatar.com\\\/avatar\\\/cf97f19d7d4c90f952a39a482124b729f44d1ed6119fae248fb8e2dcf1f96fb4?s=96&d=mm&r=g\",\"contentUrl\":\"https:\\\/\\\/secure.gravatar.com\\\/avatar\\\/cf97f19d7d4c90f952a39a482124b729f44d1ed6119fae248fb8e2dcf1f96fb4?s=96&d=mm&r=g\",\"caption\":\"Owone Nguema\"},\"description\":\"Doctorant, dipl\u00f4m\u00e9 de l'Universit\u00e9 Omar Bongo et de l'\u00e9cole Normale Sup\u00e9rieure de Libreville, enseignant et essayiste, Owone Nguema est actuellement en service au Lyc\u00e9e Technique National Omar Bongo.\",\"url\":\"https:\\\/\\\/depeches241.com\\\/?author=14\"}]}<\/script>\n<!-- \/ Yoast SEO plugin. -->","yoast_head_json":{"title":"Gabon: Suicide d\u2019un \u00e9l\u00e8ve au lyc\u00e9e national Leon Mba ou le sympt\u00f4me r\u00e9v\u00e9lateur d\u2019une \u00e9cole Gabonaise malade\u00a0 - Groupe D\u00e9p\u00eaches241","description":"Le suicide d\u2019un \u00e9l\u00e8ve de 15 ans, survenu ces derniers jours au Lyc\u00e9e National L\u00e9on Mba, ne saurait \u00eatre r\u00e9duit, selon nous, \u00e0 un simple fait divers isol\u00e9. Il doit plut\u00f4t \u00eatre analys\u00e9 comme le sympt\u00f4me r\u00e9v\u00e9lateur de la mis\u00e8re profonde de notre \u00c9cole. Cette crise, pour \u00eatre pleinement comprise, peut \u00eatre d\u00e9compos\u00e9e en deux cat\u00e9gories principales et interd\u00e9pendantes : les d\u00e9faillances structurelles, d\u2019une part, et les d\u00e9faillances fonctionnelles, d\u2019autre part. Combin\u00e9es, ces carences cr\u00e9ent un environnement pathog\u00e8ne pour l\u2019ensemble des acteurs du syst\u00e8me \u00e9ducatif.","robots":{"index":"index","follow":"follow","max-snippet":"max-snippet:-1","max-image-preview":"max-image-preview:large","max-video-preview":"max-video-preview:-1"},"canonical":"https:\/\/depeches241.com\/?p=28067","og_locale":"fr_FR","og_type":"article","og_title":"Gabon: Suicide d\u2019un \u00e9l\u00e8ve au lyc\u00e9e national Leon Mba ou le sympt\u00f4me r\u00e9v\u00e9lateur d\u2019une \u00e9cole Gabonaise malade\u00a0 - Groupe D\u00e9p\u00eaches241","og_description":"Le suicide d\u2019un \u00e9l\u00e8ve de 15 ans, survenu ces derniers jours au Lyc\u00e9e National L\u00e9on Mba, ne saurait \u00eatre r\u00e9duit, selon nous, \u00e0 un simple fait divers isol\u00e9. Il doit plut\u00f4t \u00eatre analys\u00e9 comme le sympt\u00f4me r\u00e9v\u00e9lateur de la mis\u00e8re profonde de notre \u00c9cole. Cette crise, pour \u00eatre pleinement comprise, peut \u00eatre d\u00e9compos\u00e9e en deux cat\u00e9gories principales et interd\u00e9pendantes : les d\u00e9faillances structurelles, d\u2019une part, et les d\u00e9faillances fonctionnelles, d\u2019autre part. Combin\u00e9es, ces carences cr\u00e9ent un environnement pathog\u00e8ne pour l\u2019ensemble des acteurs du syst\u00e8me \u00e9ducatif.","og_url":"https:\/\/depeches241.com\/?p=28067","og_site_name":"Groupe D\u00e9p\u00eaches241","article_publisher":"https:\/\/www.facebook.com\/depeches241","article_published_time":"2026-03-12T12:41:09+00:00","article_modified_time":"2026-03-12T12:41:11+00:00","og_image":[{"width":960,"height":540,"url":"http:\/\/depeches241.com\/wp-content\/uploads\/2026\/03\/Owone-Nguema-.jpg","type":"image\/jpeg"}],"author":"Owone Nguema","twitter_card":"summary_large_image","twitter_misc":{"\u00c9crit par":"Owone Nguema","Dur\u00e9e de lecture estim\u00e9e":"3 minutes"},"schema":{"@context":"https:\/\/schema.org","@graph":[{"@type":"Article","@id":"https:\/\/depeches241.com\/?p=28067#article","isPartOf":{"@id":"https:\/\/depeches241.com\/?p=28067"},"author":{"name":"Owone Nguema","@id":"https:\/\/depeches241.com\/#\/schema\/person\/cde96e518763a7c17eea6d9709157899"},"headline":"Gabon: Suicide d\u2019un \u00e9l\u00e8ve au lyc\u00e9e national Leon Mba ou le sympt\u00f4me r\u00e9v\u00e9lateur d\u2019une \u00e9cole Gabonaise malade\u00a0","datePublished":"2026-03-12T12:41:09+00:00","dateModified":"2026-03-12T12:41:11+00:00","mainEntityOfPage":{"@id":"https:\/\/depeches241.com\/?p=28067"},"wordCount":586,"commentCount":0,"publisher":{"@id":"https:\/\/depeches241.com\/#organization"},"image":{"@id":"https:\/\/depeches241.com\/?p=28067#primaryimage"},"thumbnailUrl":"https:\/\/depeches241.com\/wp-content\/uploads\/2026\/03\/Owone-Nguema-.jpg","keywords":["depeches241","Gabon","soci\u00e9t\u00e9","Suicide d\u2019un \u00e9l\u00e8ve"],"articleSection":["SOCIETE","Une2"],"inLanguage":"fr-FR","potentialAction":[{"@type":"CommentAction","name":"Comment","target":["https:\/\/depeches241.com\/?p=28067#respond"]}]},{"@type":"WebPage","@id":"https:\/\/depeches241.com\/?p=28067","url":"https:\/\/depeches241.com\/?p=28067","name":"Gabon: Suicide d\u2019un \u00e9l\u00e8ve au lyc\u00e9e national Leon Mba ou le sympt\u00f4me r\u00e9v\u00e9lateur d\u2019une \u00e9cole Gabonaise malade\u00a0 - Groupe D\u00e9p\u00eaches241","isPartOf":{"@id":"https:\/\/depeches241.com\/#website"},"primaryImageOfPage":{"@id":"https:\/\/depeches241.com\/?p=28067#primaryimage"},"image":{"@id":"https:\/\/depeches241.com\/?p=28067#primaryimage"},"thumbnailUrl":"https:\/\/depeches241.com\/wp-content\/uploads\/2026\/03\/Owone-Nguema-.jpg","datePublished":"2026-03-12T12:41:09+00:00","dateModified":"2026-03-12T12:41:11+00:00","description":"Le suicide d\u2019un \u00e9l\u00e8ve de 15 ans, survenu ces derniers jours au Lyc\u00e9e National L\u00e9on Mba, ne saurait \u00eatre r\u00e9duit, selon nous, \u00e0 un simple fait divers isol\u00e9. Il doit plut\u00f4t \u00eatre analys\u00e9 comme le sympt\u00f4me r\u00e9v\u00e9lateur de la mis\u00e8re profonde de notre \u00c9cole. Cette crise, pour \u00eatre pleinement comprise, peut \u00eatre d\u00e9compos\u00e9e en deux cat\u00e9gories principales et interd\u00e9pendantes : les d\u00e9faillances structurelles, d\u2019une part, et les d\u00e9faillances fonctionnelles, d\u2019autre part. Combin\u00e9es, ces carences cr\u00e9ent un environnement pathog\u00e8ne pour l\u2019ensemble des acteurs du syst\u00e8me \u00e9ducatif.","breadcrumb":{"@id":"https:\/\/depeches241.com\/?p=28067#breadcrumb"},"inLanguage":"fr-FR","potentialAction":[{"@type":"ReadAction","target":["https:\/\/depeches241.com\/?p=28067"]}]},{"@type":"ImageObject","inLanguage":"fr-FR","@id":"https:\/\/depeches241.com\/?p=28067#primaryimage","url":"https:\/\/depeches241.com\/wp-content\/uploads\/2026\/03\/Owone-Nguema-.jpg","contentUrl":"https:\/\/depeches241.com\/wp-content\/uploads\/2026\/03\/Owone-Nguema-.jpg","width":960,"height":540},{"@type":"BreadcrumbList","@id":"https:\/\/depeches241.com\/?p=28067#breadcrumb","itemListElement":[{"@type":"ListItem","position":1,"name":"Accueil","item":"https:\/\/depeches241.com\/"},{"@type":"ListItem","position":2,"name":"Gabon: Suicide d\u2019un \u00e9l\u00e8ve au lyc\u00e9e national Leon Mba ou le sympt\u00f4me r\u00e9v\u00e9lateur d\u2019une \u00e9cole Gabonaise malade\u00a0"}]},{"@type":"WebSite","@id":"https:\/\/depeches241.com\/#website","url":"https:\/\/depeches241.com\/","name":"D\u00e9p\u00eaches241","description":"M\u00e9dia d&#039;actualit\u00e9 Politique, \u00c9conomique, Sociale et Internationale","publisher":{"@id":"https:\/\/depeches241.com\/#organization"},"potentialAction":[{"@type":"SearchAction","target":{"@type":"EntryPoint","urlTemplate":"https:\/\/depeches241.com\/?s={search_term_string}"},"query-input":{"@type":"PropertyValueSpecification","valueRequired":true,"valueName":"search_term_string"}}],"inLanguage":"fr-FR"},{"@type":"Organization","@id":"https:\/\/depeches241.com\/#organization","name":"Groupe D\u00e9p\u00eaches241","url":"https:\/\/depeches241.com\/","logo":{"@type":"ImageObject","inLanguage":"fr-FR","@id":"https:\/\/depeches241.com\/#\/schema\/logo\/image\/","url":"https:\/\/depeches241.com\/wp-content\/uploads\/2021\/10\/cropped-Logo-new-Accueil.png","contentUrl":"https:\/\/depeches241.com\/wp-content\/uploads\/2021\/10\/cropped-Logo-new-Accueil.png","width":320,"height":105,"caption":"Groupe D\u00e9p\u00eaches241"},"image":{"@id":"https:\/\/depeches241.com\/#\/schema\/logo\/image\/"},"sameAs":["https:\/\/www.facebook.com\/depeches241"]},{"@type":"Person","@id":"https:\/\/depeches241.com\/#\/schema\/person\/cde96e518763a7c17eea6d9709157899","name":"Owone Nguema","image":{"@type":"ImageObject","inLanguage":"fr-FR","@id":"https:\/\/secure.gravatar.com\/avatar\/cf97f19d7d4c90f952a39a482124b729f44d1ed6119fae248fb8e2dcf1f96fb4?s=96&d=mm&r=g","url":"https:\/\/secure.gravatar.com\/avatar\/cf97f19d7d4c90f952a39a482124b729f44d1ed6119fae248fb8e2dcf1f96fb4?s=96&d=mm&r=g","contentUrl":"https:\/\/secure.gravatar.com\/avatar\/cf97f19d7d4c90f952a39a482124b729f44d1ed6119fae248fb8e2dcf1f96fb4?s=96&d=mm&r=g","caption":"Owone Nguema"},"description":"Doctorant, dipl\u00f4m\u00e9 de l'Universit\u00e9 Omar Bongo et de l'\u00e9cole Normale Sup\u00e9rieure de Libreville, enseignant et essayiste, Owone Nguema est actuellement en service au Lyc\u00e9e Technique National Omar Bongo.","url":"https:\/\/depeches241.com\/?author=14"}]}},"_links":{"self":[{"href":"https:\/\/depeches241.com\/index.php?rest_route=\/wp\/v2\/posts\/28067","targetHints":{"allow":["GET"]}}],"collection":[{"href":"https:\/\/depeches241.com\/index.php?rest_route=\/wp\/v2\/posts"}],"about":[{"href":"https:\/\/depeches241.com\/index.php?rest_route=\/wp\/v2\/types\/post"}],"author":[{"embeddable":true,"href":"https:\/\/depeches241.com\/index.php?rest_route=\/wp\/v2\/users\/14"}],"replies":[{"embeddable":true,"href":"https:\/\/depeches241.com\/index.php?rest_route=%2Fwp%2Fv2%2Fcomments&post=28067"}],"version-history":[{"count":1,"href":"https:\/\/depeches241.com\/index.php?rest_route=\/wp\/v2\/posts\/28067\/revisions"}],"predecessor-version":[{"id":28069,"href":"https:\/\/depeches241.com\/index.php?rest_route=\/wp\/v2\/posts\/28067\/revisions\/28069"}],"wp:featuredmedia":[{"embeddable":true,"href":"https:\/\/depeches241.com\/index.php?rest_route=\/wp\/v2\/media\/28068"}],"wp:attachment":[{"href":"https:\/\/depeches241.com\/index.php?rest_route=%2Fwp%2Fv2%2Fmedia&parent=28067"}],"wp:term":[{"taxonomy":"category","embeddable":true,"href":"https:\/\/depeches241.com\/index.php?rest_route=%2Fwp%2Fv2%2Fcategories&post=28067"},{"taxonomy":"post_tag","embeddable":true,"href":"https:\/\/depeches241.com\/index.php?rest_route=%2Fwp%2Fv2%2Ftags&post=28067"}],"curies":[{"name":"wp","href":"https:\/\/api.w.org\/{rel}","templated":true}]}}