{"id":28070,"date":"2026-03-13T01:05:50","date_gmt":"2026-03-13T00:05:50","guid":{"rendered":"https:\/\/depeches241.com\/?p=28070"},"modified":"2026-03-13T12:52:13","modified_gmt":"2026-03-13T11:52:13","slug":"gabon-apres-des-mois-de-tumulte-la-justice-prononce-un-non-lieu-en-faveur-dherve-patrick-opiangah","status":"publish","type":"post","link":"https:\/\/depeches241.com\/?p=28070","title":{"rendered":"Gabon: apr\u00e8s des mois de tumulte, la justice prononce un non-lieu en faveur d\u2019Herv\u00e9 Patrick Opiangah"},"content":{"rendered":"\n<figure class=\"wp-block-image size-full\"><img fetchpriority=\"high\" decoding=\"async\" width=\"960\" height=\"540\" src=\"http:\/\/depeches241.com\/wp-content\/uploads\/2025\/05\/on-lieu-.jpg\" alt=\"\" class=\"wp-image-24292\" srcset=\"https:\/\/depeches241.com\/wp-content\/uploads\/2025\/05\/on-lieu-.jpg 960w, https:\/\/depeches241.com\/wp-content\/uploads\/2025\/05\/on-lieu--300x169.jpg 300w, https:\/\/depeches241.com\/wp-content\/uploads\/2025\/05\/on-lieu--768x432.jpg 768w\" sizes=\"(max-width: 960px) 100vw, 960px\" \/><figcaption class=\"wp-element-caption\"><strong><em>Herv\u00e9 Patrick Opiangah r\u00e9habilit\u00e9e et restaur\u00e9e apr\u00e8s une proc\u00e9dure inique, indigne et fonci\u00e8rement irr\u00e9guli\u00e8re <\/em><\/strong><em>\u00a9DR<\/em><\/figcaption><\/figure>\n\n\n\n<p><strong>Libreville, le 13 F\u00e9vrier 2026 &#8211; (D\u00e9p\u00eaches 241). L\u2019affaire judiciaire visant l\u2019homme d\u2019affaires et ancien membre du gouvernement Herv\u00e9 Patrick Opiangah conna\u00eet son \u00e9pilogue. Le procureur de la R\u00e9publique pr\u00e8s le Tribunal de premi\u00e8re instance de Libreville, Dick Fabrice Boungou, a annonc\u00e9 ce jeudi 12 mars 2026 le prononc\u00e9 d\u2019un non-lieu, d\u00e9cision juridictionnelle constatant l\u2019absence d\u2019\u00e9l\u00e9ments suffisants pour renvoyer le mis en cause devant une juridiction de jugement. Une conclusion qui met un terme \u00e0 une proc\u00e9dure p\u00e9nale aussi retentissante que controvers\u00e9e.<\/strong><\/p>\n\n\n\n<p class=\"has-drop-cap\">Ainsi s\u2019ach\u00e8ve l\u2019un des dossiers judiciaires les plus comment\u00e9s de ces derni\u00e8res ann\u00e9es au Gabon. Poursuivi pour des faits pr\u00e9sum\u00e9s d\u2019atteinte aux m\u0153urs \u00e0 la suite d\u2019accusations formul\u00e9es par son ancienne compagne, Lucie Biloghe, l\u2019homme d\u2019affaires Herv\u00e9 Patrick Opiangah b\u00e9n\u00e9ficie finalement d\u2019un non-lieu pour insuffisance de charges. En droit p\u00e9nal, une telle d\u00e9cision signifie que les \u00e9l\u00e9ments recueillis au cours de l\u2019enqu\u00eate n\u2019ont pas permis d\u2019\u00e9tablir l\u2019existence de l\u2019infraction ni la responsabilit\u00e9 de la personne poursuivie, rendant impossible tout renvoi devant un tribunal.<\/p>\n\n\n\n<p>Cette d\u00e9cision vient clore une affaire qui, pendant de longs mois, a tenu l\u2019opinion publique en haleine et aliment\u00e9 d\u2019innombrables controverses. D\u00e8s son d\u00e9clenchement, la proc\u00e9dure avait suscit\u00e9 de vives interrogations : absence d\u2019\u00e9l\u00e9ments mat\u00e9riels probants, plainte d\u00e9pos\u00e9e post\u00e9rieurement \u00e0 l\u2019engagement de l\u2019action publique, et surtout une traque judiciaire jug\u00e9e disproportionn\u00e9e par les soutiens de l\u2019ancien d\u00e9put\u00e9. Pour nombre d\u2019observateurs, ce feuilleton judiciaire aura mis en lumi\u00e8re les failles et les d\u00e9rives d\u2019un appareil judiciaire accus\u00e9 d\u2019avoir engag\u00e9 des poursuites sans fondement solide.<\/p>\n\n\n\n<p>L\u2019affaire a \u00e9galement \u00e9t\u00e9 marqu\u00e9e par la saisie spectaculaire de biens au domicile de l\u2019ancien membre du gouvernement. Montres de valeur, \u00e9crans plasma, num\u00e9raires et divers objets avaient \u00e9t\u00e9 emport\u00e9s lors d\u2019une perquisition, pour une valeur estim\u00e9e \u00e0 pr\u00e8s d\u2019un milliard de francs CFA. La d\u00e9cision de non-lieu entra\u00eene d\u00e9sormais la restitution de ces biens. Les avocats de la d\u00e9fense avaient d\u2019ailleurs contest\u00e9 la r\u00e9gularit\u00e9 de leur consignation au Tr\u00e9sor public, rappelant qu\u2019une telle proc\u00e9dure ne peut intervenir qu\u2019\u00e0 l\u2019issue d\u2019un processus juridictionnel r\u00e9gulier et contradictoire.<\/p>\n\n\n\n<p>Au-del\u00e0 du cas personnel de Herv\u00e9 Patrick Opiangah, ce dossier laisse derri\u00e8re lui un d\u00e9bat plus large sur l\u2019\u00e9tat de la justice et la solidit\u00e9 de l\u2019\u00c9tat de droit au Gabon. Beaucoup y voient l\u2019illustration d\u2019une proc\u00e9dure conduite avec pr\u00e9cipitation et l\u00e9g\u00e8ret\u00e9, r\u00e9v\u00e9latrice d\u2019un climat politique o\u00f9 l\u2019exigence de rigueur judiciaire semble parfois c\u00e9der le pas \u00e0 d\u2019autres consid\u00e9rations. Si le non-lieu referme juridiquement l\u2019affaire, il n\u2019efface pas pour autant les interrogations qu\u2019elle aura fait na\u00eetre dans l\u2019opinion sur le fonctionnement et l\u2019ind\u00e9pendance de l\u2019institution judiciaire.<\/p>\n\n\n\n<p>Nous y reviendrons\u2026&nbsp;<\/p>\n\n\n\n<p><\/p>\n","protected":false},"excerpt":{"rendered":"<p>Libreville, le 13 F\u00e9vrier 2026 &#8211; (D\u00e9p\u00eaches 241). L\u2019affaire judiciaire visant l\u2019homme d\u2019affaires et ancien membre du gouvernement Herv\u00e9 Patrick Opiangah conna\u00eet son \u00e9pilogue. Le procureur de la R\u00e9publique pr\u00e8s le Tribunal de premi\u00e8re instance de Libreville, Dick Fabrice Boungou, a annonc\u00e9 ce jeudi 12 mars 2026 le prononc\u00e9 d\u2019un [&hellip;]<\/p>\n","protected":false},"author":12,"featured_media":24292,"comment_status":"open","ping_status":"open","sticky":false,"template":"","format":"standard","meta":{"om_disable_all_campaigns":false,"footnotes":""},"categories":[6,3,116],"tags":[99,59,680,360,4313,73],"class_list":{"0":"post-28070","1":"post","2":"type-post","3":"status-publish","4":"format-standard","5":"has-post-thumbnail","7":"category-faits-divers-justice","8":"category-politique","9":"category-une1","10":"tag-depeches241","11":"tag-gabon","12":"tag-herve-patrick-opiangah","13":"tag-justice","14":"tag-non-lieu","15":"tag-politique"},"yoast_head":"<!-- This site is optimized with the Yoast SEO plugin v27.5 - https:\/\/yoast.com\/product\/yoast-seo-wordpress\/ -->\n<title>Gabon: apr\u00e8s des mois de tumulte, la justice prononce un non-lieu en faveur d\u2019Herv\u00e9 Patrick Opiangah - Groupe D\u00e9p\u00eaches241<\/title>\n<meta name=\"description\" content=\"L\u2019affaire judiciaire visant l\u2019homme d\u2019affaires et ancien membre du gouvernement Herv\u00e9 Patrick Opiangah conna\u00eet son \u00e9pilogue. Le procureur de la R\u00e9publique pr\u00e8s le Tribunal de premi\u00e8re instance de Libreville, Dick Fabrice Boungou, a annonc\u00e9 ce jeudi 12 mars 2026 le prononc\u00e9 d\u2019un non-lieu, d\u00e9cision juridictionnelle constatant l\u2019absence d\u2019\u00e9l\u00e9ments suffisants pour renvoyer le mis en cause devant une juridiction de jugement. Une conclusion qui met un terme \u00e0 une proc\u00e9dure p\u00e9nale aussi retentissante que controvers\u00e9e.\" \/>\n<meta name=\"robots\" content=\"index, follow, max-snippet:-1, max-image-preview:large, max-video-preview:-1\" \/>\n<link rel=\"canonical\" href=\"https:\/\/depeches241.com\/?p=28070\" \/>\n<meta property=\"og:locale\" content=\"fr_FR\" \/>\n<meta property=\"og:type\" content=\"article\" \/>\n<meta property=\"og:title\" content=\"Gabon: apr\u00e8s des mois de tumulte, la justice prononce un non-lieu en faveur d\u2019Herv\u00e9 Patrick Opiangah - Groupe D\u00e9p\u00eaches241\" \/>\n<meta property=\"og:description\" content=\"L\u2019affaire judiciaire visant l\u2019homme d\u2019affaires et ancien membre du gouvernement Herv\u00e9 Patrick Opiangah conna\u00eet son \u00e9pilogue. Le procureur de la R\u00e9publique pr\u00e8s le Tribunal de premi\u00e8re instance de Libreville, Dick Fabrice Boungou, a annonc\u00e9 ce jeudi 12 mars 2026 le prononc\u00e9 d\u2019un non-lieu, d\u00e9cision juridictionnelle constatant l\u2019absence d\u2019\u00e9l\u00e9ments suffisants pour renvoyer le mis en cause devant une juridiction de jugement. Une conclusion qui met un terme \u00e0 une proc\u00e9dure p\u00e9nale aussi retentissante que controvers\u00e9e.\" \/>\n<meta property=\"og:url\" content=\"https:\/\/depeches241.com\/?p=28070\" \/>\n<meta property=\"og:site_name\" content=\"Groupe D\u00e9p\u00eaches241\" \/>\n<meta property=\"article:publisher\" content=\"https:\/\/www.facebook.com\/depeches241\" \/>\n<meta property=\"article:published_time\" content=\"2026-03-13T00:05:50+00:00\" \/>\n<meta property=\"article:modified_time\" content=\"2026-03-13T11:52:13+00:00\" \/>\n<meta property=\"og:image\" content=\"http:\/\/depeches241.com\/wp-content\/uploads\/2025\/05\/on-lieu-.jpg\" \/>\n\t<meta property=\"og:image:width\" content=\"960\" \/>\n\t<meta property=\"og:image:height\" content=\"540\" \/>\n\t<meta property=\"og:image:type\" content=\"image\/jpeg\" \/>\n<meta name=\"author\" content=\"Iboka Marc Andr\u00e9\" \/>\n<meta name=\"twitter:card\" content=\"summary_large_image\" \/>\n<meta name=\"twitter:label1\" content=\"\u00c9crit par\" \/>\n\t<meta name=\"twitter:data1\" content=\"Iboka Marc Andr\u00e9\" \/>\n\t<meta name=\"twitter:label2\" content=\"Dur\u00e9e de lecture estim\u00e9e\" \/>\n\t<meta name=\"twitter:data2\" content=\"3 minutes\" \/>\n<script type=\"application\/ld+json\" class=\"yoast-schema-graph\">{\"@context\":\"https:\\\/\\\/schema.org\",\"@graph\":[{\"@type\":\"Article\",\"@id\":\"https:\\\/\\\/depeches241.com\\\/?p=28070#article\",\"isPartOf\":{\"@id\":\"https:\\\/\\\/depeches241.com\\\/?p=28070\"},\"author\":{\"name\":\"Iboka Marc Andr\u00e9\",\"@id\":\"https:\\\/\\\/depeches241.com\\\/#\\\/schema\\\/person\\\/5abcf4b9361e0d8aa457b404d877674f\"},\"headline\":\"Gabon: apr\u00e8s des mois de tumulte, la justice prononce un non-lieu en faveur d\u2019Herv\u00e9 Patrick Opiangah\",\"datePublished\":\"2026-03-13T00:05:50+00:00\",\"dateModified\":\"2026-03-13T11:52:13+00:00\",\"mainEntityOfPage\":{\"@id\":\"https:\\\/\\\/depeches241.com\\\/?p=28070\"},\"wordCount\":567,\"commentCount\":0,\"publisher\":{\"@id\":\"https:\\\/\\\/depeches241.com\\\/#organization\"},\"image\":{\"@id\":\"https:\\\/\\\/depeches241.com\\\/?p=28070#primaryimage\"},\"thumbnailUrl\":\"https:\\\/\\\/depeches241.com\\\/wp-content\\\/uploads\\\/2025\\\/05\\\/on-lieu-.jpg\",\"keywords\":[\"depeches241\",\"Gabon\",\"Herv\u00e9 Patrick Opiangah\",\"Justice\",\"Non-lieu\",\"Politique\"],\"articleSection\":[\"JUSTICE\",\"POLITIQUE\",\"Une1\"],\"inLanguage\":\"fr-FR\",\"potentialAction\":[{\"@type\":\"CommentAction\",\"name\":\"Comment\",\"target\":[\"https:\\\/\\\/depeches241.com\\\/?p=28070#respond\"]}]},{\"@type\":\"WebPage\",\"@id\":\"https:\\\/\\\/depeches241.com\\\/?p=28070\",\"url\":\"https:\\\/\\\/depeches241.com\\\/?p=28070\",\"name\":\"Gabon: apr\u00e8s des mois de tumulte, la justice prononce un non-lieu en faveur d\u2019Herv\u00e9 Patrick Opiangah - Groupe D\u00e9p\u00eaches241\",\"isPartOf\":{\"@id\":\"https:\\\/\\\/depeches241.com\\\/#website\"},\"primaryImageOfPage\":{\"@id\":\"https:\\\/\\\/depeches241.com\\\/?p=28070#primaryimage\"},\"image\":{\"@id\":\"https:\\\/\\\/depeches241.com\\\/?p=28070#primaryimage\"},\"thumbnailUrl\":\"https:\\\/\\\/depeches241.com\\\/wp-content\\\/uploads\\\/2025\\\/05\\\/on-lieu-.jpg\",\"datePublished\":\"2026-03-13T00:05:50+00:00\",\"dateModified\":\"2026-03-13T11:52:13+00:00\",\"description\":\"L\u2019affaire judiciaire visant l\u2019homme d\u2019affaires et ancien membre du gouvernement Herv\u00e9 Patrick Opiangah conna\u00eet son \u00e9pilogue. Le procureur de la R\u00e9publique pr\u00e8s le Tribunal de premi\u00e8re instance de Libreville, Dick Fabrice Boungou, a annonc\u00e9 ce jeudi 12 mars 2026 le prononc\u00e9 d\u2019un non-lieu, d\u00e9cision juridictionnelle constatant l\u2019absence d\u2019\u00e9l\u00e9ments suffisants pour renvoyer le mis en cause devant une juridiction de jugement. Une conclusion qui met un terme \u00e0 une proc\u00e9dure p\u00e9nale aussi retentissante que controvers\u00e9e.\",\"breadcrumb\":{\"@id\":\"https:\\\/\\\/depeches241.com\\\/?p=28070#breadcrumb\"},\"inLanguage\":\"fr-FR\",\"potentialAction\":[{\"@type\":\"ReadAction\",\"target\":[\"https:\\\/\\\/depeches241.com\\\/?p=28070\"]}]},{\"@type\":\"ImageObject\",\"inLanguage\":\"fr-FR\",\"@id\":\"https:\\\/\\\/depeches241.com\\\/?p=28070#primaryimage\",\"url\":\"https:\\\/\\\/depeches241.com\\\/wp-content\\\/uploads\\\/2025\\\/05\\\/on-lieu-.jpg\",\"contentUrl\":\"https:\\\/\\\/depeches241.com\\\/wp-content\\\/uploads\\\/2025\\\/05\\\/on-lieu-.jpg\",\"width\":960,\"height\":540},{\"@type\":\"BreadcrumbList\",\"@id\":\"https:\\\/\\\/depeches241.com\\\/?p=28070#breadcrumb\",\"itemListElement\":[{\"@type\":\"ListItem\",\"position\":1,\"name\":\"Accueil\",\"item\":\"https:\\\/\\\/depeches241.com\\\/\"},{\"@type\":\"ListItem\",\"position\":2,\"name\":\"Gabon: apr\u00e8s des mois de tumulte, la justice prononce un non-lieu en faveur d\u2019Herv\u00e9 Patrick Opiangah\"}]},{\"@type\":\"WebSite\",\"@id\":\"https:\\\/\\\/depeches241.com\\\/#website\",\"url\":\"https:\\\/\\\/depeches241.com\\\/\",\"name\":\"D\u00e9p\u00eaches241\",\"description\":\"M\u00e9dia d&#039;actualit\u00e9 Politique, \u00c9conomique, Sociale et Internationale\",\"publisher\":{\"@id\":\"https:\\\/\\\/depeches241.com\\\/#organization\"},\"potentialAction\":[{\"@type\":\"SearchAction\",\"target\":{\"@type\":\"EntryPoint\",\"urlTemplate\":\"https:\\\/\\\/depeches241.com\\\/?s={search_term_string}\"},\"query-input\":{\"@type\":\"PropertyValueSpecification\",\"valueRequired\":true,\"valueName\":\"search_term_string\"}}],\"inLanguage\":\"fr-FR\"},{\"@type\":\"Organization\",\"@id\":\"https:\\\/\\\/depeches241.com\\\/#organization\",\"name\":\"Groupe D\u00e9p\u00eaches241\",\"url\":\"https:\\\/\\\/depeches241.com\\\/\",\"logo\":{\"@type\":\"ImageObject\",\"inLanguage\":\"fr-FR\",\"@id\":\"https:\\\/\\\/depeches241.com\\\/#\\\/schema\\\/logo\\\/image\\\/\",\"url\":\"https:\\\/\\\/depeches241.com\\\/wp-content\\\/uploads\\\/2021\\\/10\\\/cropped-Logo-new-Accueil.png\",\"contentUrl\":\"https:\\\/\\\/depeches241.com\\\/wp-content\\\/uploads\\\/2021\\\/10\\\/cropped-Logo-new-Accueil.png\",\"width\":320,\"height\":105,\"caption\":\"Groupe D\u00e9p\u00eaches241\"},\"image\":{\"@id\":\"https:\\\/\\\/depeches241.com\\\/#\\\/schema\\\/logo\\\/image\\\/\"},\"sameAs\":[\"https:\\\/\\\/www.facebook.com\\\/depeches241\"]},{\"@type\":\"Person\",\"@id\":\"https:\\\/\\\/depeches241.com\\\/#\\\/schema\\\/person\\\/5abcf4b9361e0d8aa457b404d877674f\",\"name\":\"Iboka Marc Andr\u00e9\",\"image\":{\"@type\":\"ImageObject\",\"inLanguage\":\"fr-FR\",\"@id\":\"https:\\\/\\\/secure.gravatar.com\\\/avatar\\\/13c33935f0a59dd3c3a52ae25f58c248a1bf75f6e9ab4e6a7a23bfb8f9f53136?s=96&d=mm&r=g\",\"url\":\"https:\\\/\\\/secure.gravatar.com\\\/avatar\\\/13c33935f0a59dd3c3a52ae25f58c248a1bf75f6e9ab4e6a7a23bfb8f9f53136?s=96&d=mm&r=g\",\"contentUrl\":\"https:\\\/\\\/secure.gravatar.com\\\/avatar\\\/13c33935f0a59dd3c3a52ae25f58c248a1bf75f6e9ab4e6a7a23bfb8f9f53136?s=96&d=mm&r=g\",\"caption\":\"Iboka Marc Andr\u00e9\"},\"url\":\"https:\\\/\\\/depeches241.com\\\/?author=12\"}]}<\/script>\n<!-- \/ Yoast SEO plugin. -->","yoast_head_json":{"title":"Gabon: apr\u00e8s des mois de tumulte, la justice prononce un non-lieu en faveur d\u2019Herv\u00e9 Patrick Opiangah - Groupe D\u00e9p\u00eaches241","description":"L\u2019affaire judiciaire visant l\u2019homme d\u2019affaires et ancien membre du gouvernement Herv\u00e9 Patrick Opiangah conna\u00eet son \u00e9pilogue. Le procureur de la R\u00e9publique pr\u00e8s le Tribunal de premi\u00e8re instance de Libreville, Dick Fabrice Boungou, a annonc\u00e9 ce jeudi 12 mars 2026 le prononc\u00e9 d\u2019un non-lieu, d\u00e9cision juridictionnelle constatant l\u2019absence d\u2019\u00e9l\u00e9ments suffisants pour renvoyer le mis en cause devant une juridiction de jugement. Une conclusion qui met un terme \u00e0 une proc\u00e9dure p\u00e9nale aussi retentissante que controvers\u00e9e.","robots":{"index":"index","follow":"follow","max-snippet":"max-snippet:-1","max-image-preview":"max-image-preview:large","max-video-preview":"max-video-preview:-1"},"canonical":"https:\/\/depeches241.com\/?p=28070","og_locale":"fr_FR","og_type":"article","og_title":"Gabon: apr\u00e8s des mois de tumulte, la justice prononce un non-lieu en faveur d\u2019Herv\u00e9 Patrick Opiangah - Groupe D\u00e9p\u00eaches241","og_description":"L\u2019affaire judiciaire visant l\u2019homme d\u2019affaires et ancien membre du gouvernement Herv\u00e9 Patrick Opiangah conna\u00eet son \u00e9pilogue. Le procureur de la R\u00e9publique pr\u00e8s le Tribunal de premi\u00e8re instance de Libreville, Dick Fabrice Boungou, a annonc\u00e9 ce jeudi 12 mars 2026 le prononc\u00e9 d\u2019un non-lieu, d\u00e9cision juridictionnelle constatant l\u2019absence d\u2019\u00e9l\u00e9ments suffisants pour renvoyer le mis en cause devant une juridiction de jugement. Une conclusion qui met un terme \u00e0 une proc\u00e9dure p\u00e9nale aussi retentissante que controvers\u00e9e.","og_url":"https:\/\/depeches241.com\/?p=28070","og_site_name":"Groupe D\u00e9p\u00eaches241","article_publisher":"https:\/\/www.facebook.com\/depeches241","article_published_time":"2026-03-13T00:05:50+00:00","article_modified_time":"2026-03-13T11:52:13+00:00","og_image":[{"width":960,"height":540,"url":"http:\/\/depeches241.com\/wp-content\/uploads\/2025\/05\/on-lieu-.jpg","type":"image\/jpeg"}],"author":"Iboka Marc Andr\u00e9","twitter_card":"summary_large_image","twitter_misc":{"\u00c9crit par":"Iboka Marc Andr\u00e9","Dur\u00e9e de lecture estim\u00e9e":"3 minutes"},"schema":{"@context":"https:\/\/schema.org","@graph":[{"@type":"Article","@id":"https:\/\/depeches241.com\/?p=28070#article","isPartOf":{"@id":"https:\/\/depeches241.com\/?p=28070"},"author":{"name":"Iboka Marc Andr\u00e9","@id":"https:\/\/depeches241.com\/#\/schema\/person\/5abcf4b9361e0d8aa457b404d877674f"},"headline":"Gabon: apr\u00e8s des mois de tumulte, la justice prononce un non-lieu en faveur d\u2019Herv\u00e9 Patrick Opiangah","datePublished":"2026-03-13T00:05:50+00:00","dateModified":"2026-03-13T11:52:13+00:00","mainEntityOfPage":{"@id":"https:\/\/depeches241.com\/?p=28070"},"wordCount":567,"commentCount":0,"publisher":{"@id":"https:\/\/depeches241.com\/#organization"},"image":{"@id":"https:\/\/depeches241.com\/?p=28070#primaryimage"},"thumbnailUrl":"https:\/\/depeches241.com\/wp-content\/uploads\/2025\/05\/on-lieu-.jpg","keywords":["depeches241","Gabon","Herv\u00e9 Patrick Opiangah","Justice","Non-lieu","Politique"],"articleSection":["JUSTICE","POLITIQUE","Une1"],"inLanguage":"fr-FR","potentialAction":[{"@type":"CommentAction","name":"Comment","target":["https:\/\/depeches241.com\/?p=28070#respond"]}]},{"@type":"WebPage","@id":"https:\/\/depeches241.com\/?p=28070","url":"https:\/\/depeches241.com\/?p=28070","name":"Gabon: apr\u00e8s des mois de tumulte, la justice prononce un non-lieu en faveur d\u2019Herv\u00e9 Patrick Opiangah - Groupe D\u00e9p\u00eaches241","isPartOf":{"@id":"https:\/\/depeches241.com\/#website"},"primaryImageOfPage":{"@id":"https:\/\/depeches241.com\/?p=28070#primaryimage"},"image":{"@id":"https:\/\/depeches241.com\/?p=28070#primaryimage"},"thumbnailUrl":"https:\/\/depeches241.com\/wp-content\/uploads\/2025\/05\/on-lieu-.jpg","datePublished":"2026-03-13T00:05:50+00:00","dateModified":"2026-03-13T11:52:13+00:00","description":"L\u2019affaire judiciaire visant l\u2019homme d\u2019affaires et ancien membre du gouvernement Herv\u00e9 Patrick Opiangah conna\u00eet son \u00e9pilogue. Le procureur de la R\u00e9publique pr\u00e8s le Tribunal de premi\u00e8re instance de Libreville, Dick Fabrice Boungou, a annonc\u00e9 ce jeudi 12 mars 2026 le prononc\u00e9 d\u2019un non-lieu, d\u00e9cision juridictionnelle constatant l\u2019absence d\u2019\u00e9l\u00e9ments suffisants pour renvoyer le mis en cause devant une juridiction de jugement. Une conclusion qui met un terme \u00e0 une proc\u00e9dure p\u00e9nale aussi retentissante que controvers\u00e9e.","breadcrumb":{"@id":"https:\/\/depeches241.com\/?p=28070#breadcrumb"},"inLanguage":"fr-FR","potentialAction":[{"@type":"ReadAction","target":["https:\/\/depeches241.com\/?p=28070"]}]},{"@type":"ImageObject","inLanguage":"fr-FR","@id":"https:\/\/depeches241.com\/?p=28070#primaryimage","url":"https:\/\/depeches241.com\/wp-content\/uploads\/2025\/05\/on-lieu-.jpg","contentUrl":"https:\/\/depeches241.com\/wp-content\/uploads\/2025\/05\/on-lieu-.jpg","width":960,"height":540},{"@type":"BreadcrumbList","@id":"https:\/\/depeches241.com\/?p=28070#breadcrumb","itemListElement":[{"@type":"ListItem","position":1,"name":"Accueil","item":"https:\/\/depeches241.com\/"},{"@type":"ListItem","position":2,"name":"Gabon: apr\u00e8s des mois de tumulte, la justice prononce un non-lieu en faveur d\u2019Herv\u00e9 Patrick Opiangah"}]},{"@type":"WebSite","@id":"https:\/\/depeches241.com\/#website","url":"https:\/\/depeches241.com\/","name":"D\u00e9p\u00eaches241","description":"M\u00e9dia d&#039;actualit\u00e9 Politique, \u00c9conomique, Sociale et Internationale","publisher":{"@id":"https:\/\/depeches241.com\/#organization"},"potentialAction":[{"@type":"SearchAction","target":{"@type":"EntryPoint","urlTemplate":"https:\/\/depeches241.com\/?s={search_term_string}"},"query-input":{"@type":"PropertyValueSpecification","valueRequired":true,"valueName":"search_term_string"}}],"inLanguage":"fr-FR"},{"@type":"Organization","@id":"https:\/\/depeches241.com\/#organization","name":"Groupe D\u00e9p\u00eaches241","url":"https:\/\/depeches241.com\/","logo":{"@type":"ImageObject","inLanguage":"fr-FR","@id":"https:\/\/depeches241.com\/#\/schema\/logo\/image\/","url":"https:\/\/depeches241.com\/wp-content\/uploads\/2021\/10\/cropped-Logo-new-Accueil.png","contentUrl":"https:\/\/depeches241.com\/wp-content\/uploads\/2021\/10\/cropped-Logo-new-Accueil.png","width":320,"height":105,"caption":"Groupe D\u00e9p\u00eaches241"},"image":{"@id":"https:\/\/depeches241.com\/#\/schema\/logo\/image\/"},"sameAs":["https:\/\/www.facebook.com\/depeches241"]},{"@type":"Person","@id":"https:\/\/depeches241.com\/#\/schema\/person\/5abcf4b9361e0d8aa457b404d877674f","name":"Iboka Marc Andr\u00e9","image":{"@type":"ImageObject","inLanguage":"fr-FR","@id":"https:\/\/secure.gravatar.com\/avatar\/13c33935f0a59dd3c3a52ae25f58c248a1bf75f6e9ab4e6a7a23bfb8f9f53136?s=96&d=mm&r=g","url":"https:\/\/secure.gravatar.com\/avatar\/13c33935f0a59dd3c3a52ae25f58c248a1bf75f6e9ab4e6a7a23bfb8f9f53136?s=96&d=mm&r=g","contentUrl":"https:\/\/secure.gravatar.com\/avatar\/13c33935f0a59dd3c3a52ae25f58c248a1bf75f6e9ab4e6a7a23bfb8f9f53136?s=96&d=mm&r=g","caption":"Iboka Marc Andr\u00e9"},"url":"https:\/\/depeches241.com\/?author=12"}]}},"_links":{"self":[{"href":"https:\/\/depeches241.com\/index.php?rest_route=\/wp\/v2\/posts\/28070","targetHints":{"allow":["GET"]}}],"collection":[{"href":"https:\/\/depeches241.com\/index.php?rest_route=\/wp\/v2\/posts"}],"about":[{"href":"https:\/\/depeches241.com\/index.php?rest_route=\/wp\/v2\/types\/post"}],"author":[{"embeddable":true,"href":"https:\/\/depeches241.com\/index.php?rest_route=\/wp\/v2\/users\/12"}],"replies":[{"embeddable":true,"href":"https:\/\/depeches241.com\/index.php?rest_route=%2Fwp%2Fv2%2Fcomments&post=28070"}],"version-history":[{"count":2,"href":"https:\/\/depeches241.com\/index.php?rest_route=\/wp\/v2\/posts\/28070\/revisions"}],"predecessor-version":[{"id":28072,"href":"https:\/\/depeches241.com\/index.php?rest_route=\/wp\/v2\/posts\/28070\/revisions\/28072"}],"wp:featuredmedia":[{"embeddable":true,"href":"https:\/\/depeches241.com\/index.php?rest_route=\/wp\/v2\/media\/24292"}],"wp:attachment":[{"href":"https:\/\/depeches241.com\/index.php?rest_route=%2Fwp%2Fv2%2Fmedia&parent=28070"}],"wp:term":[{"taxonomy":"category","embeddable":true,"href":"https:\/\/depeches241.com\/index.php?rest_route=%2Fwp%2Fv2%2Fcategories&post=28070"},{"taxonomy":"post_tag","embeddable":true,"href":"https:\/\/depeches241.com\/index.php?rest_route=%2Fwp%2Fv2%2Ftags&post=28070"}],"curies":[{"name":"wp","href":"https:\/\/api.w.org\/{rel}","templated":true}]}}