{"id":28073,"date":"2026-03-13T13:35:08","date_gmt":"2026-03-13T12:35:08","guid":{"rendered":"https:\/\/depeches241.com\/?p=28073"},"modified":"2026-03-13T13:35:09","modified_gmt":"2026-03-13T12:35:09","slug":"violences-postelectorales-de-2016-quand-lenquete-francaise-bute-sur-le-silence-du-quai-dorsay","status":"publish","type":"post","link":"https:\/\/depeches241.com\/?p=28073","title":{"rendered":"Violences post\u00e9lectorales de 2016 : quand l\u2019enqu\u00eate fran\u00e7aise bute sur le silence du Quai d\u2019Orsay"},"content":{"rendered":"\n<figure class=\"wp-block-image size-full\"><img fetchpriority=\"high\" decoding=\"async\" width=\"960\" height=\"540\" src=\"https:\/\/depeches241.com\/wp-content\/uploads\/2026\/03\/QG-Jean-Ping-.jpg\" alt=\"\" class=\"wp-image-28074\" srcset=\"https:\/\/depeches241.com\/wp-content\/uploads\/2026\/03\/QG-Jean-Ping-.jpg 960w, https:\/\/depeches241.com\/wp-content\/uploads\/2026\/03\/QG-Jean-Ping--300x169.jpg 300w, https:\/\/depeches241.com\/wp-content\/uploads\/2026\/03\/QG-Jean-Ping--768x432.jpg 768w\" sizes=\"(max-width: 960px) 100vw, 960px\" \/><figcaption class=\"wp-element-caption\"><strong><em>L&rsquo;enqu\u00eate sur les massacres du QG de Jean Ping torpill\u00e9e par la Justice Fran\u00e7aise ? C&rsquo;est en tout cas ce que pensent nos confr\u00e8res de Mariane <\/em><\/strong><em>\u00a9DR<\/em> <\/figcaption><\/figure>\n\n\n\n<p><strong>Libreville, le 13 Mars 2026 &#8211; (D\u00e9p\u00eaches 241). Une enqu\u00eate publi\u00e9e par un m\u00e9dia fran\u00e7ais relance avec acuit\u00e9 les interrogations autour de la gestion fran\u00e7aise du dossier li\u00e9 aux violences survenues lors de la crise post\u00e9lectorale gabonaise de 2016. Selon le journal, le minist\u00e8re fran\u00e7ais des Affaires \u00e9trang\u00e8res aurait fortement limit\u00e9 la transmission de documents demand\u00e9s par la justice, nourrissant le soup\u00e7on d\u2019une transparence s\u00e9lective et ravivant le d\u00e9bat sur la posture de Paris dans cette affaire sensible.<\/strong><\/p>\n\n\n\n<p class=\"has-drop-cap\">Une enqu\u00eate publi\u00e9e par l\u2019hebdomadaire fran\u00e7ais Marianne a fait des r\u00e9v\u00e9lations chocs sur le dossiers de la crise post-\u00e9lectorales de 2016 qui a fait plusieurs morts au Gabon. Le minist\u00e8re fran\u00e7ais des Affaires \u00e9trang\u00e8res aurait d\u00e9lib\u00e9r\u00e9ment frein\u00e9 les investigations judiciaires sur les violences post\u00e9lectorales gabonaises de 2016. En ne transmettant que 35 des 315 documents r\u00e9clam\u00e9s par les magistrats parisiens, le Quai d\u2019Orsay s\u2019expose \u00e0 une accusation aussi grave que pr\u00e9cise. Celle d\u2019avoir choisi la raison d\u2019\u00c9tat contre la v\u00e9rit\u00e9 judiciaire. Une posture qui m\u00e9rite d\u2019\u00eatre scrut\u00e9e, pes\u00e9e et m\u00eame questionn\u00e9e.&nbsp;<\/p>\n\n\n\n<p>L\u2019affaire remonte \u00e0 l\u2019apr\u00e8s-\u00e9lection gabonaise de 2016, p\u00e9riode noire au cours de laquelle le quartier g\u00e9n\u00e9ral de l\u2019opposant Jean Ping fut attaqu\u00e9 \u00e0 l\u2019arme lourde et par l\u2019h\u00e9licopt\u00e8re avant d\u2019\u00eatre investi par des hommes cagoul\u00e9s. Le bilan officieux \u00e9voque des dizaines de morts et de bless\u00e9s. Des plaintes sont d\u00e9pos\u00e9es \u00e0 Paris, la justice s\u2019en saisit, et les magistrats demandent au Quai d\u2019Orsay la communication de 315 pi\u00e8ces susceptibles d\u2019\u00e9clairer l\u2019\u00e9ventuelle implication de ressortissants fran\u00e7ais, dont un ancien officier de l\u2019arm\u00e9e de terre reconverti en conseiller s\u00e9curitaire du r\u00e9gime Bongo.&nbsp;<\/p>\n\n\n\n<p>\u00c0 cette demande, la r\u00e9ponse du minist\u00e8re ne se fait pas attendre mais elle est surprenante. Sur les 315 pi\u00e8ces, c\u2019est 35 documents qui seront envoy\u00e9s. Un geste mesur\u00e9, presque chirurgical dans sa parcimonie, qui contraint la justice \u00e0 relancer formellement sa demande car dans cette configuration, la r\u00e9tention ne semble pas \u00eatre un malentendu, elle ressemble \u00e0 une d\u00e9cision m\u00fbrement et responsablement r\u00e9fl\u00e9chie.&nbsp;<\/p>\n\n\n\n<p>Ce que r\u00e9v\u00e8le Marianne va plus loin que les chiffres. Selon Ma\u00ebl Jouan, auteur de l\u2019enqu\u00eate, la d\u00e9cision de limiter la transmission aurait \u00e9t\u00e9 arr\u00eat\u00e9e par Christophe Bigot, directeur Afrique du minist\u00e8re, et Nicolas Roche, directeur de cabinet du ministre Jean-Yves Le Drian. L\u2019arbitrage, s\u2019il est av\u00e9r\u00e9, n\u2019est donc ni bureaucratique ni fortuit, il est politique. Un cadre du minist\u00e8re lui-m\u00eame, dans un document interne cit\u00e9 par l\u2019hebdomadaire, formule ce qui ressemble \u00e0 un aveu d\u2019inconfort : <strong><em>\u00ab Nous donnons l\u2019impression de vouloir couvrir les violences post \u00e9lectorales de 2016 \u00bb. <\/em><\/strong>L\u2019impression, \u00e9crit-il, comme si la r\u00e9alit\u00e9, elle, \u00e9tait trop lourde \u00e0 nommer.&nbsp;<\/p>\n\n\n\n<p>Ces r\u00e9v\u00e9lations interrogent profond\u00e9ment la posture de la France, qui se pr\u00e9sente volontiers comme d\u00e9fenseure de l\u2019\u00c9tat de droit et de la transparence judiciaire. Comment expliquer qu\u2019un pays prompt \u00e0 appeler \u00e0 la v\u00e9rit\u00e9 et \u00e0 la justice sur la sc\u00e8ne internationale paraisse, dans ce dossier pr\u00e9cis, adopter une attitude plus r\u00e9serv\u00e9e ? Entre prudence diplomatique, protection d\u2019int\u00e9r\u00eats nationaux et embarras politique, la question reste enti\u00e8re. Mais une chose est s\u00fbre : les r\u00e9v\u00e9lations de Marianne ravivent un d\u00e9bat que le temps n\u2019a manifestement pas suffi \u00e0 refermer.&nbsp;<\/p>\n\n\n\n<p>&nbsp;La Fran\u00e7afrique n\u2019a jamais \u00e9t\u00e9 un r\u00e9gime de transparence. Elle a toujours prosp\u00e9r\u00e9 dans le clair-obscur des int\u00e9r\u00eats crois\u00e9s, des protections mutuelles et des silences n\u00e9goci\u00e9s. Ce que l\u2019enqu\u00eate de Marianne met au jour, c\u2019est moins un scandale in\u00e9dit qu\u2019un m\u00e9canisme ancien, mais dont la mise en lumi\u00e8re, aujourd\u2019hui, dans le contexte d\u2019une Afrique centrale en pleine recomposition politique, rev\u00eat une signification particuli\u00e8re. Car le Gabon post-Bongo regarde. Et il n\u2019est pas seul \u00e0 regarder.\u200b\u200b\u200b\u200b\u200b\u200b\u200b\u200b\u200b\u200b\u200b\u200b\u200b\u200b\u200b\u200b&nbsp;<\/p>\n","protected":false},"excerpt":{"rendered":"<p>Libreville, le 13 Mars 2026 &#8211; (D\u00e9p\u00eaches 241). Une enqu\u00eate publi\u00e9e par un m\u00e9dia fran\u00e7ais relance avec acuit\u00e9 les interrogations autour de la gestion fran\u00e7aise du dossier li\u00e9 aux violences survenues lors de la crise post\u00e9lectorale gabonaise de 2016. Selon le journal, le minist\u00e8re fran\u00e7ais des Affaires \u00e9trang\u00e8res aurait fortement [&hellip;]<\/p>\n","protected":false},"author":22,"featured_media":28074,"comment_status":"open","ping_status":"open","sticky":false,"template":"","format":"standard","meta":{"om_disable_all_campaigns":false,"footnotes":""},"categories":[6,3,117],"tags":[5718,99,59,5719,73,5720],"class_list":{"0":"post-28073","1":"post","2":"type-post","3":"status-publish","4":"format-standard","5":"has-post-thumbnail","7":"category-faits-divers-justice","8":"category-politique","9":"category-une2","10":"tag-crise-postelectorale","11":"tag-depeches241","12":"tag-gabon","13":"tag-marianne","14":"tag-politique","15":"tag-quai-dorsay"},"yoast_head":"<!-- This site is optimized with the Yoast SEO plugin v27.5 - https:\/\/yoast.com\/product\/yoast-seo-wordpress\/ -->\n<title>Violences post\u00e9lectorales de 2016 : quand l\u2019enqu\u00eate fran\u00e7aise bute sur le silence du Quai d\u2019Orsay - Groupe D\u00e9p\u00eaches241<\/title>\n<meta name=\"description\" content=\"Une enqu\u00eate publi\u00e9e par un m\u00e9dia fran\u00e7ais relance avec acuit\u00e9 les interrogations autour de la gestion fran\u00e7aise du dossier li\u00e9 aux violences survenues lors de la crise post\u00e9lectorale gabonaise de 2016. Selon le journal, le minist\u00e8re fran\u00e7ais des Affaires \u00e9trang\u00e8res aurait fortement limit\u00e9 la transmission de documents demand\u00e9s par la justice, nourrissant le soup\u00e7on d\u2019une transparence s\u00e9lective et ravivant le d\u00e9bat sur la posture de Paris dans cette affaire sensible.\" \/>\n<meta name=\"robots\" content=\"index, follow, max-snippet:-1, max-image-preview:large, max-video-preview:-1\" \/>\n<link rel=\"canonical\" href=\"https:\/\/depeches241.com\/?p=28073\" \/>\n<meta property=\"og:locale\" content=\"fr_FR\" \/>\n<meta property=\"og:type\" content=\"article\" \/>\n<meta property=\"og:title\" content=\"Violences post\u00e9lectorales de 2016 : quand l\u2019enqu\u00eate fran\u00e7aise bute sur le silence du Quai d\u2019Orsay - Groupe D\u00e9p\u00eaches241\" \/>\n<meta property=\"og:description\" content=\"Une enqu\u00eate publi\u00e9e par un m\u00e9dia fran\u00e7ais relance avec acuit\u00e9 les interrogations autour de la gestion fran\u00e7aise du dossier li\u00e9 aux violences survenues lors de la crise post\u00e9lectorale gabonaise de 2016. Selon le journal, le minist\u00e8re fran\u00e7ais des Affaires \u00e9trang\u00e8res aurait fortement limit\u00e9 la transmission de documents demand\u00e9s par la justice, nourrissant le soup\u00e7on d\u2019une transparence s\u00e9lective et ravivant le d\u00e9bat sur la posture de Paris dans cette affaire sensible.\" \/>\n<meta property=\"og:url\" content=\"https:\/\/depeches241.com\/?p=28073\" \/>\n<meta property=\"og:site_name\" content=\"Groupe D\u00e9p\u00eaches241\" \/>\n<meta property=\"article:publisher\" content=\"https:\/\/www.facebook.com\/depeches241\" \/>\n<meta property=\"article:published_time\" content=\"2026-03-13T12:35:08+00:00\" \/>\n<meta property=\"article:modified_time\" content=\"2026-03-13T12:35:09+00:00\" \/>\n<meta property=\"og:image\" content=\"http:\/\/depeches241.com\/wp-content\/uploads\/2026\/03\/QG-Jean-Ping-.jpg\" \/>\n\t<meta property=\"og:image:width\" content=\"960\" \/>\n\t<meta property=\"og:image:height\" content=\"540\" \/>\n\t<meta property=\"og:image:type\" content=\"image\/jpeg\" \/>\n<meta name=\"author\" content=\"Florant Yinda\" \/>\n<meta name=\"twitter:card\" content=\"summary_large_image\" \/>\n<meta name=\"twitter:label1\" content=\"\u00c9crit par\" \/>\n\t<meta name=\"twitter:data1\" content=\"Florant Yinda\" \/>\n\t<meta name=\"twitter:label2\" content=\"Dur\u00e9e de lecture estim\u00e9e\" \/>\n\t<meta name=\"twitter:data2\" content=\"4 minutes\" \/>\n<script type=\"application\/ld+json\" class=\"yoast-schema-graph\">{\"@context\":\"https:\\\/\\\/schema.org\",\"@graph\":[{\"@type\":\"Article\",\"@id\":\"https:\\\/\\\/depeches241.com\\\/?p=28073#article\",\"isPartOf\":{\"@id\":\"https:\\\/\\\/depeches241.com\\\/?p=28073\"},\"author\":{\"name\":\"Florant Yinda\",\"@id\":\"https:\\\/\\\/depeches241.com\\\/#\\\/schema\\\/person\\\/37b1d864cb5b1c898f021c1ea6415cc4\"},\"headline\":\"Violences post\u00e9lectorales de 2016 : quand l\u2019enqu\u00eate fran\u00e7aise bute sur le silence du Quai d\u2019Orsay\",\"datePublished\":\"2026-03-13T12:35:08+00:00\",\"dateModified\":\"2026-03-13T12:35:09+00:00\",\"mainEntityOfPage\":{\"@id\":\"https:\\\/\\\/depeches241.com\\\/?p=28073\"},\"wordCount\":755,\"commentCount\":0,\"publisher\":{\"@id\":\"https:\\\/\\\/depeches241.com\\\/#organization\"},\"image\":{\"@id\":\"https:\\\/\\\/depeches241.com\\\/?p=28073#primaryimage\"},\"thumbnailUrl\":\"https:\\\/\\\/depeches241.com\\\/wp-content\\\/uploads\\\/2026\\\/03\\\/QG-Jean-Ping-.jpg\",\"keywords\":[\"crise post\u00e9lectorale\",\"depeches241\",\"Gabon\",\"Marianne\",\"Politique\",\"Quai d\u2019Orsay\"],\"articleSection\":[\"JUSTICE\",\"POLITIQUE\",\"Une2\"],\"inLanguage\":\"fr-FR\",\"potentialAction\":[{\"@type\":\"CommentAction\",\"name\":\"Comment\",\"target\":[\"https:\\\/\\\/depeches241.com\\\/?p=28073#respond\"]}]},{\"@type\":\"WebPage\",\"@id\":\"https:\\\/\\\/depeches241.com\\\/?p=28073\",\"url\":\"https:\\\/\\\/depeches241.com\\\/?p=28073\",\"name\":\"Violences post\u00e9lectorales de 2016 : quand l\u2019enqu\u00eate fran\u00e7aise bute sur le silence du Quai d\u2019Orsay - Groupe D\u00e9p\u00eaches241\",\"isPartOf\":{\"@id\":\"https:\\\/\\\/depeches241.com\\\/#website\"},\"primaryImageOfPage\":{\"@id\":\"https:\\\/\\\/depeches241.com\\\/?p=28073#primaryimage\"},\"image\":{\"@id\":\"https:\\\/\\\/depeches241.com\\\/?p=28073#primaryimage\"},\"thumbnailUrl\":\"https:\\\/\\\/depeches241.com\\\/wp-content\\\/uploads\\\/2026\\\/03\\\/QG-Jean-Ping-.jpg\",\"datePublished\":\"2026-03-13T12:35:08+00:00\",\"dateModified\":\"2026-03-13T12:35:09+00:00\",\"description\":\"Une enqu\u00eate publi\u00e9e par un m\u00e9dia fran\u00e7ais relance avec acuit\u00e9 les interrogations autour de la gestion fran\u00e7aise du dossier li\u00e9 aux violences survenues lors de la crise post\u00e9lectorale gabonaise de 2016. Selon le journal, le minist\u00e8re fran\u00e7ais des Affaires \u00e9trang\u00e8res aurait fortement limit\u00e9 la transmission de documents demand\u00e9s par la justice, nourrissant le soup\u00e7on d\u2019une transparence s\u00e9lective et ravivant le d\u00e9bat sur la posture de Paris dans cette affaire sensible.\",\"breadcrumb\":{\"@id\":\"https:\\\/\\\/depeches241.com\\\/?p=28073#breadcrumb\"},\"inLanguage\":\"fr-FR\",\"potentialAction\":[{\"@type\":\"ReadAction\",\"target\":[\"https:\\\/\\\/depeches241.com\\\/?p=28073\"]}]},{\"@type\":\"ImageObject\",\"inLanguage\":\"fr-FR\",\"@id\":\"https:\\\/\\\/depeches241.com\\\/?p=28073#primaryimage\",\"url\":\"https:\\\/\\\/depeches241.com\\\/wp-content\\\/uploads\\\/2026\\\/03\\\/QG-Jean-Ping-.jpg\",\"contentUrl\":\"https:\\\/\\\/depeches241.com\\\/wp-content\\\/uploads\\\/2026\\\/03\\\/QG-Jean-Ping-.jpg\",\"width\":960,\"height\":540},{\"@type\":\"BreadcrumbList\",\"@id\":\"https:\\\/\\\/depeches241.com\\\/?p=28073#breadcrumb\",\"itemListElement\":[{\"@type\":\"ListItem\",\"position\":1,\"name\":\"Accueil\",\"item\":\"https:\\\/\\\/depeches241.com\\\/\"},{\"@type\":\"ListItem\",\"position\":2,\"name\":\"Violences post\u00e9lectorales de 2016 : quand l\u2019enqu\u00eate fran\u00e7aise bute sur le silence du Quai d\u2019Orsay\"}]},{\"@type\":\"WebSite\",\"@id\":\"https:\\\/\\\/depeches241.com\\\/#website\",\"url\":\"https:\\\/\\\/depeches241.com\\\/\",\"name\":\"D\u00e9p\u00eaches241\",\"description\":\"M\u00e9dia d&#039;actualit\u00e9 Politique, \u00c9conomique, Sociale et Internationale\",\"publisher\":{\"@id\":\"https:\\\/\\\/depeches241.com\\\/#organization\"},\"potentialAction\":[{\"@type\":\"SearchAction\",\"target\":{\"@type\":\"EntryPoint\",\"urlTemplate\":\"https:\\\/\\\/depeches241.com\\\/?s={search_term_string}\"},\"query-input\":{\"@type\":\"PropertyValueSpecification\",\"valueRequired\":true,\"valueName\":\"search_term_string\"}}],\"inLanguage\":\"fr-FR\"},{\"@type\":\"Organization\",\"@id\":\"https:\\\/\\\/depeches241.com\\\/#organization\",\"name\":\"Groupe D\u00e9p\u00eaches241\",\"url\":\"https:\\\/\\\/depeches241.com\\\/\",\"logo\":{\"@type\":\"ImageObject\",\"inLanguage\":\"fr-FR\",\"@id\":\"https:\\\/\\\/depeches241.com\\\/#\\\/schema\\\/logo\\\/image\\\/\",\"url\":\"https:\\\/\\\/depeches241.com\\\/wp-content\\\/uploads\\\/2021\\\/10\\\/cropped-Logo-new-Accueil.png\",\"contentUrl\":\"https:\\\/\\\/depeches241.com\\\/wp-content\\\/uploads\\\/2021\\\/10\\\/cropped-Logo-new-Accueil.png\",\"width\":320,\"height\":105,\"caption\":\"Groupe D\u00e9p\u00eaches241\"},\"image\":{\"@id\":\"https:\\\/\\\/depeches241.com\\\/#\\\/schema\\\/logo\\\/image\\\/\"},\"sameAs\":[\"https:\\\/\\\/www.facebook.com\\\/depeches241\"]},{\"@type\":\"Person\",\"@id\":\"https:\\\/\\\/depeches241.com\\\/#\\\/schema\\\/person\\\/37b1d864cb5b1c898f021c1ea6415cc4\",\"name\":\"Florant Yinda\",\"image\":{\"@type\":\"ImageObject\",\"inLanguage\":\"fr-FR\",\"@id\":\"https:\\\/\\\/secure.gravatar.com\\\/avatar\\\/3876d60934898c52a135f8b24ae4c866008e45f217ff9944bd13733e3a656bc0?s=96&d=mm&r=g\",\"url\":\"https:\\\/\\\/secure.gravatar.com\\\/avatar\\\/3876d60934898c52a135f8b24ae4c866008e45f217ff9944bd13733e3a656bc0?s=96&d=mm&r=g\",\"contentUrl\":\"https:\\\/\\\/secure.gravatar.com\\\/avatar\\\/3876d60934898c52a135f8b24ae4c866008e45f217ff9944bd13733e3a656bc0?s=96&d=mm&r=g\",\"caption\":\"Florant Yinda\"},\"url\":\"https:\\\/\\\/depeches241.com\\\/?author=22\"}]}<\/script>\n<!-- \/ Yoast SEO plugin. -->","yoast_head_json":{"title":"Violences post\u00e9lectorales de 2016 : quand l\u2019enqu\u00eate fran\u00e7aise bute sur le silence du Quai d\u2019Orsay - Groupe D\u00e9p\u00eaches241","description":"Une enqu\u00eate publi\u00e9e par un m\u00e9dia fran\u00e7ais relance avec acuit\u00e9 les interrogations autour de la gestion fran\u00e7aise du dossier li\u00e9 aux violences survenues lors de la crise post\u00e9lectorale gabonaise de 2016. Selon le journal, le minist\u00e8re fran\u00e7ais des Affaires \u00e9trang\u00e8res aurait fortement limit\u00e9 la transmission de documents demand\u00e9s par la justice, nourrissant le soup\u00e7on d\u2019une transparence s\u00e9lective et ravivant le d\u00e9bat sur la posture de Paris dans cette affaire sensible.","robots":{"index":"index","follow":"follow","max-snippet":"max-snippet:-1","max-image-preview":"max-image-preview:large","max-video-preview":"max-video-preview:-1"},"canonical":"https:\/\/depeches241.com\/?p=28073","og_locale":"fr_FR","og_type":"article","og_title":"Violences post\u00e9lectorales de 2016 : quand l\u2019enqu\u00eate fran\u00e7aise bute sur le silence du Quai d\u2019Orsay - Groupe D\u00e9p\u00eaches241","og_description":"Une enqu\u00eate publi\u00e9e par un m\u00e9dia fran\u00e7ais relance avec acuit\u00e9 les interrogations autour de la gestion fran\u00e7aise du dossier li\u00e9 aux violences survenues lors de la crise post\u00e9lectorale gabonaise de 2016. Selon le journal, le minist\u00e8re fran\u00e7ais des Affaires \u00e9trang\u00e8res aurait fortement limit\u00e9 la transmission de documents demand\u00e9s par la justice, nourrissant le soup\u00e7on d\u2019une transparence s\u00e9lective et ravivant le d\u00e9bat sur la posture de Paris dans cette affaire sensible.","og_url":"https:\/\/depeches241.com\/?p=28073","og_site_name":"Groupe D\u00e9p\u00eaches241","article_publisher":"https:\/\/www.facebook.com\/depeches241","article_published_time":"2026-03-13T12:35:08+00:00","article_modified_time":"2026-03-13T12:35:09+00:00","og_image":[{"width":960,"height":540,"url":"http:\/\/depeches241.com\/wp-content\/uploads\/2026\/03\/QG-Jean-Ping-.jpg","type":"image\/jpeg"}],"author":"Florant Yinda","twitter_card":"summary_large_image","twitter_misc":{"\u00c9crit par":"Florant Yinda","Dur\u00e9e de lecture estim\u00e9e":"4 minutes"},"schema":{"@context":"https:\/\/schema.org","@graph":[{"@type":"Article","@id":"https:\/\/depeches241.com\/?p=28073#article","isPartOf":{"@id":"https:\/\/depeches241.com\/?p=28073"},"author":{"name":"Florant Yinda","@id":"https:\/\/depeches241.com\/#\/schema\/person\/37b1d864cb5b1c898f021c1ea6415cc4"},"headline":"Violences post\u00e9lectorales de 2016 : quand l\u2019enqu\u00eate fran\u00e7aise bute sur le silence du Quai d\u2019Orsay","datePublished":"2026-03-13T12:35:08+00:00","dateModified":"2026-03-13T12:35:09+00:00","mainEntityOfPage":{"@id":"https:\/\/depeches241.com\/?p=28073"},"wordCount":755,"commentCount":0,"publisher":{"@id":"https:\/\/depeches241.com\/#organization"},"image":{"@id":"https:\/\/depeches241.com\/?p=28073#primaryimage"},"thumbnailUrl":"https:\/\/depeches241.com\/wp-content\/uploads\/2026\/03\/QG-Jean-Ping-.jpg","keywords":["crise post\u00e9lectorale","depeches241","Gabon","Marianne","Politique","Quai d\u2019Orsay"],"articleSection":["JUSTICE","POLITIQUE","Une2"],"inLanguage":"fr-FR","potentialAction":[{"@type":"CommentAction","name":"Comment","target":["https:\/\/depeches241.com\/?p=28073#respond"]}]},{"@type":"WebPage","@id":"https:\/\/depeches241.com\/?p=28073","url":"https:\/\/depeches241.com\/?p=28073","name":"Violences post\u00e9lectorales de 2016 : quand l\u2019enqu\u00eate fran\u00e7aise bute sur le silence du Quai d\u2019Orsay - Groupe D\u00e9p\u00eaches241","isPartOf":{"@id":"https:\/\/depeches241.com\/#website"},"primaryImageOfPage":{"@id":"https:\/\/depeches241.com\/?p=28073#primaryimage"},"image":{"@id":"https:\/\/depeches241.com\/?p=28073#primaryimage"},"thumbnailUrl":"https:\/\/depeches241.com\/wp-content\/uploads\/2026\/03\/QG-Jean-Ping-.jpg","datePublished":"2026-03-13T12:35:08+00:00","dateModified":"2026-03-13T12:35:09+00:00","description":"Une enqu\u00eate publi\u00e9e par un m\u00e9dia fran\u00e7ais relance avec acuit\u00e9 les interrogations autour de la gestion fran\u00e7aise du dossier li\u00e9 aux violences survenues lors de la crise post\u00e9lectorale gabonaise de 2016. Selon le journal, le minist\u00e8re fran\u00e7ais des Affaires \u00e9trang\u00e8res aurait fortement limit\u00e9 la transmission de documents demand\u00e9s par la justice, nourrissant le soup\u00e7on d\u2019une transparence s\u00e9lective et ravivant le d\u00e9bat sur la posture de Paris dans cette affaire sensible.","breadcrumb":{"@id":"https:\/\/depeches241.com\/?p=28073#breadcrumb"},"inLanguage":"fr-FR","potentialAction":[{"@type":"ReadAction","target":["https:\/\/depeches241.com\/?p=28073"]}]},{"@type":"ImageObject","inLanguage":"fr-FR","@id":"https:\/\/depeches241.com\/?p=28073#primaryimage","url":"https:\/\/depeches241.com\/wp-content\/uploads\/2026\/03\/QG-Jean-Ping-.jpg","contentUrl":"https:\/\/depeches241.com\/wp-content\/uploads\/2026\/03\/QG-Jean-Ping-.jpg","width":960,"height":540},{"@type":"BreadcrumbList","@id":"https:\/\/depeches241.com\/?p=28073#breadcrumb","itemListElement":[{"@type":"ListItem","position":1,"name":"Accueil","item":"https:\/\/depeches241.com\/"},{"@type":"ListItem","position":2,"name":"Violences post\u00e9lectorales de 2016 : quand l\u2019enqu\u00eate fran\u00e7aise bute sur le silence du Quai d\u2019Orsay"}]},{"@type":"WebSite","@id":"https:\/\/depeches241.com\/#website","url":"https:\/\/depeches241.com\/","name":"D\u00e9p\u00eaches241","description":"M\u00e9dia d&#039;actualit\u00e9 Politique, \u00c9conomique, Sociale et Internationale","publisher":{"@id":"https:\/\/depeches241.com\/#organization"},"potentialAction":[{"@type":"SearchAction","target":{"@type":"EntryPoint","urlTemplate":"https:\/\/depeches241.com\/?s={search_term_string}"},"query-input":{"@type":"PropertyValueSpecification","valueRequired":true,"valueName":"search_term_string"}}],"inLanguage":"fr-FR"},{"@type":"Organization","@id":"https:\/\/depeches241.com\/#organization","name":"Groupe D\u00e9p\u00eaches241","url":"https:\/\/depeches241.com\/","logo":{"@type":"ImageObject","inLanguage":"fr-FR","@id":"https:\/\/depeches241.com\/#\/schema\/logo\/image\/","url":"https:\/\/depeches241.com\/wp-content\/uploads\/2021\/10\/cropped-Logo-new-Accueil.png","contentUrl":"https:\/\/depeches241.com\/wp-content\/uploads\/2021\/10\/cropped-Logo-new-Accueil.png","width":320,"height":105,"caption":"Groupe D\u00e9p\u00eaches241"},"image":{"@id":"https:\/\/depeches241.com\/#\/schema\/logo\/image\/"},"sameAs":["https:\/\/www.facebook.com\/depeches241"]},{"@type":"Person","@id":"https:\/\/depeches241.com\/#\/schema\/person\/37b1d864cb5b1c898f021c1ea6415cc4","name":"Florant Yinda","image":{"@type":"ImageObject","inLanguage":"fr-FR","@id":"https:\/\/secure.gravatar.com\/avatar\/3876d60934898c52a135f8b24ae4c866008e45f217ff9944bd13733e3a656bc0?s=96&d=mm&r=g","url":"https:\/\/secure.gravatar.com\/avatar\/3876d60934898c52a135f8b24ae4c866008e45f217ff9944bd13733e3a656bc0?s=96&d=mm&r=g","contentUrl":"https:\/\/secure.gravatar.com\/avatar\/3876d60934898c52a135f8b24ae4c866008e45f217ff9944bd13733e3a656bc0?s=96&d=mm&r=g","caption":"Florant Yinda"},"url":"https:\/\/depeches241.com\/?author=22"}]}},"_links":{"self":[{"href":"https:\/\/depeches241.com\/index.php?rest_route=\/wp\/v2\/posts\/28073","targetHints":{"allow":["GET"]}}],"collection":[{"href":"https:\/\/depeches241.com\/index.php?rest_route=\/wp\/v2\/posts"}],"about":[{"href":"https:\/\/depeches241.com\/index.php?rest_route=\/wp\/v2\/types\/post"}],"author":[{"embeddable":true,"href":"https:\/\/depeches241.com\/index.php?rest_route=\/wp\/v2\/users\/22"}],"replies":[{"embeddable":true,"href":"https:\/\/depeches241.com\/index.php?rest_route=%2Fwp%2Fv2%2Fcomments&post=28073"}],"version-history":[{"count":1,"href":"https:\/\/depeches241.com\/index.php?rest_route=\/wp\/v2\/posts\/28073\/revisions"}],"predecessor-version":[{"id":28075,"href":"https:\/\/depeches241.com\/index.php?rest_route=\/wp\/v2\/posts\/28073\/revisions\/28075"}],"wp:featuredmedia":[{"embeddable":true,"href":"https:\/\/depeches241.com\/index.php?rest_route=\/wp\/v2\/media\/28074"}],"wp:attachment":[{"href":"https:\/\/depeches241.com\/index.php?rest_route=%2Fwp%2Fv2%2Fmedia&parent=28073"}],"wp:term":[{"taxonomy":"category","embeddable":true,"href":"https:\/\/depeches241.com\/index.php?rest_route=%2Fwp%2Fv2%2Fcategories&post=28073"},{"taxonomy":"post_tag","embeddable":true,"href":"https:\/\/depeches241.com\/index.php?rest_route=%2Fwp%2Fv2%2Ftags&post=28073"}],"curies":[{"name":"wp","href":"https:\/\/api.w.org\/{rel}","templated":true}]}}