{"id":28076,"date":"2026-03-13T15:13:39","date_gmt":"2026-03-13T14:13:39","guid":{"rendered":"https:\/\/depeches241.com\/?p=28076"},"modified":"2026-03-19T14:51:48","modified_gmt":"2026-03-19T13:51:48","slug":"service-decoute-de-la-presidence-de-la-republique-gabonaise-fin-de-regne-pour-le-francais-jean-charles-solon-au-silam","status":"publish","type":"post","link":"https:\/\/depeches241.com\/?p=28076","title":{"rendered":"Service d\u2019\u00e9coute de la Pr\u00e9sidence de la R\u00e9publique gabonaise : fin de r\u00e8gne pour le Fran\u00e7ais Jean-Charles Solon au SILAM\u00a0"},"content":{"rendered":"\n<figure class=\"wp-block-image size-full\"><img fetchpriority=\"high\" decoding=\"async\" width=\"960\" height=\"540\" src=\"https:\/\/depeches241.com\/wp-content\/uploads\/2026\/03\/Silam-.jpg\" alt=\"\" class=\"wp-image-28077\" srcset=\"https:\/\/depeches241.com\/wp-content\/uploads\/2026\/03\/Silam-.jpg 960w, https:\/\/depeches241.com\/wp-content\/uploads\/2026\/03\/Silam--300x169.jpg 300w, https:\/\/depeches241.com\/wp-content\/uploads\/2026\/03\/Silam--768x432.jpg 768w\" sizes=\"(max-width: 960px) 100vw, 960px\" \/><figcaption class=\"wp-element-caption\"><strong><em>Le Service d\u2019Interception et de Liaison des Affaires Militaires (SILAM) de la Pr\u00e9sidence de la R\u00e9publique d\u00e9sormais sous gestion souveraine <\/em><\/strong><em><em>\u00a9D\u00e9p\u00eaches 241<\/em><\/em> <\/figcaption><\/figure>\n\n\n\n<p><strong>Libreville, le 13 mars 2026-(D\u00e9p\u00eaches 241). Apr\u00e8s treize ans de r\u00e8gne sans partage \u00e0 la t\u00eate du Service d\u2019Interception et de Liaison des Affaires Militaires (SILAM) de la Pr\u00e9sidence de la R\u00e9publique, Jean-Charles Solon a \u00e9t\u00e9 limog\u00e9 par le pr\u00e9sident Brice Clotaire Oligui Nguema. Le Fran\u00e7ais a \u00e9t\u00e9 remplac\u00e9 par le g\u00e9n\u00e9ral Bernard Gnamankala. Un fait historique, d\u2019autant que c\u2019est la premi\u00e8re fois que ce service strat\u00e9gique du renseignement militaire de la pr\u00e9sidence sera dirig\u00e9 par un Gabonais.<\/strong><\/p>\n\n\n\n<p class=\"has-drop-cap\">Alors que de nombreuses voix s\u2019\u00e9taient \u00e9lev\u00e9es au lendemain du coup d\u2019\u00c9tat du 30 ao\u00fbt 2023 en raison du maintien de Jean-Charles Solon, de nationalit\u00e9 fran\u00e7aise, qui continuait de g\u00e9rer le SILAM, pr\u00e8s de trois ans plus tard, le chef de l\u2019\u00c9tat a finalement d\u00e9cid\u00e9 de mettre fin \u00e0 ses fonctions. Fait historique, il est remplac\u00e9 par un Gabonais, en la personne du g\u00e9n\u00e9ral Bernard Gnamankala, ancien directeur g\u00e9n\u00e9ral de la Documentation et de l\u2019Immigration (DGDI).<\/p>\n\n\n\n<p>Un acte qui, quelles que soient les interpr\u00e9tations qui peuvent en d\u00e9couler, peut \u00eatre consid\u00e9r\u00e9 comme un geste fort qui cadre avec la vision des autorit\u00e9s actuelles de rendre le pays plus souverain, notamment en ce qui concerne le domaine strat\u00e9gique de la surveillance des communications nationales. Ce limogeage vient ainsi mettre fin aux multiples plaintes et d\u00e9nonciations des employ\u00e9s de ce service contre le Fran\u00e7ais.<\/p>\n\n\n\n<p>Dans ce contexte, la mesure prise par le pr\u00e9sident Oligui est \u00e0 f\u00e9liciter, d\u2019autant plus que, de m\u00e9moire, jamais un Gabonais n\u2019avait \u00e9t\u00e9 \u00e0 la t\u00eate de la gestion de ce service. C\u2019est donc, \u00e0 bien des \u00e9gards, un acte permettant le renforcement de la souverainet\u00e9 nationale sur les \u00e9coutes des communications des citoyens gabonais, contrairement au r\u00e9gime d\u2019Ali Bongo, et avant lui, celui de son d\u00e9funt p\u00e8re Omar Bongo Ondimba.&nbsp;<\/p>\n\n\n\n<p>Cependant, l\u2019opinion et certaines figures de la sph\u00e8re politique gabonaise ne manquent pas de s\u2019interroger sur la sinc\u00e9rit\u00e9 de cette mesure. Ainsi, peut-on r\u00e9ellement dire que l\u2019\u00e9viction de Jean-Charles Solon \u00e0 la t\u00eate du SILAM marque l\u2019engagement du chef de l\u2019\u00c9tat de rompre de mani\u00e8re d\u00e9finitive avec la gestion d\u00e9cri\u00e9e du r\u00e9gime d\u00e9chu dans les domaines strat\u00e9giques ? Mieux, la nomination du g\u00e9n\u00e9ral Bernard Gnamankala signifie-t-elle que les autorit\u00e9s du nouveau r\u00e9gime gabonais ont entam\u00e9 un v\u00e9ritable processus de rupture avec l\u2019ancienne puissance coloniale ?<\/p>\n\n\n\n<p>Si cette d\u00e9cision appara\u00eet comme un signal fort en faveur d\u2019une reprise en main nationale d\u2019un service sensible de l\u2019\u00c9tat, elle reste n\u00e9anmoins observ\u00e9e avec prudence par une partie de l\u2019opinion. La v\u00e9ritable port\u00e9e de ce changement se mesurera dans la dur\u00e9e, \u00e0 travers la mani\u00e8re dont ce service strat\u00e9gique sera d\u00e9sormais g\u00e9r\u00e9 et mis au service des int\u00e9r\u00eats souverains du Gabon.&nbsp;<\/p>\n","protected":false},"excerpt":{"rendered":"<p>Libreville, le 13 mars 2026-(D\u00e9p\u00eaches 241). Apr\u00e8s treize ans de r\u00e8gne sans partage \u00e0 la t\u00eate du Service d\u2019Interception et de Liaison des Affaires Militaires (SILAM) de la Pr\u00e9sidence de la R\u00e9publique, Jean-Charles Solon a \u00e9t\u00e9 limog\u00e9 par le pr\u00e9sident Brice Clotaire Oligui Nguema. Le Fran\u00e7ais a \u00e9t\u00e9 remplac\u00e9 par [&hellip;]<\/p>\n","protected":false},"author":21,"featured_media":28077,"comment_status":"open","ping_status":"open","sticky":false,"template":"","format":"standard","meta":{"om_disable_all_campaigns":false,"footnotes":""},"categories":[25,116],"tags":[5723,99,5722,59,73,5721,1583],"class_list":{"0":"post-28076","1":"post","2":"type-post","3":"status-publish","4":"format-standard","5":"has-post-thumbnail","7":"category-presidence","8":"category-une1","9":"tag-bernard-gnamankala","10":"tag-depeches241","11":"tag-francais-jean-charles","12":"tag-gabon","13":"tag-politique","14":"tag-service-de-renseignement","15":"tag-silam"},"yoast_head":"<!-- This site is optimized with the Yoast SEO plugin v27.5 - https:\/\/yoast.com\/product\/yoast-seo-wordpress\/ -->\n<title>Service d\u2019\u00e9coute de la Pr\u00e9sidence de la R\u00e9publique gabonaise : fin de r\u00e8gne pour le Fran\u00e7ais Jean-Charles Solon au SILAM\u00a0 - Groupe D\u00e9p\u00eaches241<\/title>\n<meta name=\"description\" content=\"Apr\u00e8s treize ans de r\u00e8gne sans partage \u00e0 la t\u00eate du Service d\u2019Interception et de Liaison des Affaires Militaires (SILAM) de la Pr\u00e9sidence de la R\u00e9publique, Jean-Charles Solon a \u00e9t\u00e9 limog\u00e9 par le pr\u00e9sident Brice Clotaire Oligui Nguema. Le Fran\u00e7ais a \u00e9t\u00e9 remplac\u00e9 par le g\u00e9n\u00e9ral Gnamankala. Un fait historique, d\u2019autant que c\u2019est la premi\u00e8re fois que ce service strat\u00e9gique du renseignement militaire de la pr\u00e9sidence sera dirig\u00e9 par un Gabonais.\" \/>\n<meta name=\"robots\" content=\"index, follow, max-snippet:-1, max-image-preview:large, max-video-preview:-1\" \/>\n<link rel=\"canonical\" href=\"https:\/\/depeches241.com\/?p=28076\" \/>\n<meta property=\"og:locale\" content=\"fr_FR\" \/>\n<meta property=\"og:type\" content=\"article\" \/>\n<meta property=\"og:title\" content=\"Service d\u2019\u00e9coute de la Pr\u00e9sidence de la R\u00e9publique gabonaise : fin de r\u00e8gne pour le Fran\u00e7ais Jean-Charles Solon au SILAM\u00a0 - Groupe D\u00e9p\u00eaches241\" \/>\n<meta property=\"og:description\" content=\"Apr\u00e8s treize ans de r\u00e8gne sans partage \u00e0 la t\u00eate du Service d\u2019Interception et de Liaison des Affaires Militaires (SILAM) de la Pr\u00e9sidence de la R\u00e9publique, Jean-Charles Solon a \u00e9t\u00e9 limog\u00e9 par le pr\u00e9sident Brice Clotaire Oligui Nguema. Le Fran\u00e7ais a \u00e9t\u00e9 remplac\u00e9 par le g\u00e9n\u00e9ral Gnamankala. Un fait historique, d\u2019autant que c\u2019est la premi\u00e8re fois que ce service strat\u00e9gique du renseignement militaire de la pr\u00e9sidence sera dirig\u00e9 par un Gabonais.\" \/>\n<meta property=\"og:url\" content=\"https:\/\/depeches241.com\/?p=28076\" \/>\n<meta property=\"og:site_name\" content=\"Groupe D\u00e9p\u00eaches241\" \/>\n<meta property=\"article:publisher\" content=\"https:\/\/www.facebook.com\/depeches241\" \/>\n<meta property=\"article:published_time\" content=\"2026-03-13T14:13:39+00:00\" \/>\n<meta property=\"article:modified_time\" content=\"2026-03-19T13:51:48+00:00\" \/>\n<meta property=\"og:image\" content=\"http:\/\/depeches241.com\/wp-content\/uploads\/2026\/03\/Silam-.jpg\" \/>\n\t<meta property=\"og:image:width\" content=\"960\" \/>\n\t<meta property=\"og:image:height\" content=\"540\" \/>\n\t<meta property=\"og:image:type\" content=\"image\/jpeg\" \/>\n<meta name=\"author\" content=\"Edgard Nze\" \/>\n<meta name=\"twitter:card\" content=\"summary_large_image\" \/>\n<meta name=\"twitter:label1\" content=\"\u00c9crit par\" \/>\n\t<meta name=\"twitter:data1\" content=\"Edgard Nze\" \/>\n\t<meta name=\"twitter:label2\" content=\"Dur\u00e9e de lecture estim\u00e9e\" \/>\n\t<meta name=\"twitter:data2\" content=\"3 minutes\" \/>\n<script type=\"application\/ld+json\" class=\"yoast-schema-graph\">{\"@context\":\"https:\\\/\\\/schema.org\",\"@graph\":[{\"@type\":\"Article\",\"@id\":\"https:\\\/\\\/depeches241.com\\\/?p=28076#article\",\"isPartOf\":{\"@id\":\"https:\\\/\\\/depeches241.com\\\/?p=28076\"},\"author\":{\"name\":\"Edgard Nze\",\"@id\":\"https:\\\/\\\/depeches241.com\\\/#\\\/schema\\\/person\\\/b176413dc3253251b009f794f4c98a7b\"},\"headline\":\"Service d\u2019\u00e9coute de la Pr\u00e9sidence de la R\u00e9publique gabonaise : fin de r\u00e8gne pour le Fran\u00e7ais Jean-Charles Solon au SILAM\u00a0\",\"datePublished\":\"2026-03-13T14:13:39+00:00\",\"dateModified\":\"2026-03-19T13:51:48+00:00\",\"mainEntityOfPage\":{\"@id\":\"https:\\\/\\\/depeches241.com\\\/?p=28076\"},\"wordCount\":568,\"commentCount\":0,\"publisher\":{\"@id\":\"https:\\\/\\\/depeches241.com\\\/#organization\"},\"image\":{\"@id\":\"https:\\\/\\\/depeches241.com\\\/?p=28076#primaryimage\"},\"thumbnailUrl\":\"https:\\\/\\\/depeches241.com\\\/wp-content\\\/uploads\\\/2026\\\/03\\\/Silam-.jpg\",\"keywords\":[\"Bernard Gnamankala\",\"depeches241\",\"Fran\u00e7ais Jean-Charles\",\"Gabon\",\"Politique\",\"Service de renseignement\",\"Silam\"],\"articleSection\":[\"PRESIDENCE\",\"Une1\"],\"inLanguage\":\"fr-FR\",\"potentialAction\":[{\"@type\":\"CommentAction\",\"name\":\"Comment\",\"target\":[\"https:\\\/\\\/depeches241.com\\\/?p=28076#respond\"]}]},{\"@type\":\"WebPage\",\"@id\":\"https:\\\/\\\/depeches241.com\\\/?p=28076\",\"url\":\"https:\\\/\\\/depeches241.com\\\/?p=28076\",\"name\":\"Service d\u2019\u00e9coute de la Pr\u00e9sidence de la R\u00e9publique gabonaise : fin de r\u00e8gne pour le Fran\u00e7ais Jean-Charles Solon au SILAM\u00a0 - Groupe D\u00e9p\u00eaches241\",\"isPartOf\":{\"@id\":\"https:\\\/\\\/depeches241.com\\\/#website\"},\"primaryImageOfPage\":{\"@id\":\"https:\\\/\\\/depeches241.com\\\/?p=28076#primaryimage\"},\"image\":{\"@id\":\"https:\\\/\\\/depeches241.com\\\/?p=28076#primaryimage\"},\"thumbnailUrl\":\"https:\\\/\\\/depeches241.com\\\/wp-content\\\/uploads\\\/2026\\\/03\\\/Silam-.jpg\",\"datePublished\":\"2026-03-13T14:13:39+00:00\",\"dateModified\":\"2026-03-19T13:51:48+00:00\",\"description\":\"Apr\u00e8s treize ans de r\u00e8gne sans partage \u00e0 la t\u00eate du Service d\u2019Interception et de Liaison des Affaires Militaires (SILAM) de la Pr\u00e9sidence de la R\u00e9publique, Jean-Charles Solon a \u00e9t\u00e9 limog\u00e9 par le pr\u00e9sident Brice Clotaire Oligui Nguema. Le Fran\u00e7ais a \u00e9t\u00e9 remplac\u00e9 par le g\u00e9n\u00e9ral Gnamankala. Un fait historique, d\u2019autant que c\u2019est la premi\u00e8re fois que ce service strat\u00e9gique du renseignement militaire de la pr\u00e9sidence sera dirig\u00e9 par un Gabonais.\",\"breadcrumb\":{\"@id\":\"https:\\\/\\\/depeches241.com\\\/?p=28076#breadcrumb\"},\"inLanguage\":\"fr-FR\",\"potentialAction\":[{\"@type\":\"ReadAction\",\"target\":[\"https:\\\/\\\/depeches241.com\\\/?p=28076\"]}]},{\"@type\":\"ImageObject\",\"inLanguage\":\"fr-FR\",\"@id\":\"https:\\\/\\\/depeches241.com\\\/?p=28076#primaryimage\",\"url\":\"https:\\\/\\\/depeches241.com\\\/wp-content\\\/uploads\\\/2026\\\/03\\\/Silam-.jpg\",\"contentUrl\":\"https:\\\/\\\/depeches241.com\\\/wp-content\\\/uploads\\\/2026\\\/03\\\/Silam-.jpg\",\"width\":960,\"height\":540},{\"@type\":\"BreadcrumbList\",\"@id\":\"https:\\\/\\\/depeches241.com\\\/?p=28076#breadcrumb\",\"itemListElement\":[{\"@type\":\"ListItem\",\"position\":1,\"name\":\"Accueil\",\"item\":\"https:\\\/\\\/depeches241.com\\\/\"},{\"@type\":\"ListItem\",\"position\":2,\"name\":\"Service d\u2019\u00e9coute de la Pr\u00e9sidence de la R\u00e9publique gabonaise : fin de r\u00e8gne pour le Fran\u00e7ais Jean-Charles Solon au SILAM\u00a0\"}]},{\"@type\":\"WebSite\",\"@id\":\"https:\\\/\\\/depeches241.com\\\/#website\",\"url\":\"https:\\\/\\\/depeches241.com\\\/\",\"name\":\"D\u00e9p\u00eaches241\",\"description\":\"M\u00e9dia d&#039;actualit\u00e9 Politique, \u00c9conomique, Sociale et Internationale\",\"publisher\":{\"@id\":\"https:\\\/\\\/depeches241.com\\\/#organization\"},\"potentialAction\":[{\"@type\":\"SearchAction\",\"target\":{\"@type\":\"EntryPoint\",\"urlTemplate\":\"https:\\\/\\\/depeches241.com\\\/?s={search_term_string}\"},\"query-input\":{\"@type\":\"PropertyValueSpecification\",\"valueRequired\":true,\"valueName\":\"search_term_string\"}}],\"inLanguage\":\"fr-FR\"},{\"@type\":\"Organization\",\"@id\":\"https:\\\/\\\/depeches241.com\\\/#organization\",\"name\":\"Groupe D\u00e9p\u00eaches241\",\"url\":\"https:\\\/\\\/depeches241.com\\\/\",\"logo\":{\"@type\":\"ImageObject\",\"inLanguage\":\"fr-FR\",\"@id\":\"https:\\\/\\\/depeches241.com\\\/#\\\/schema\\\/logo\\\/image\\\/\",\"url\":\"https:\\\/\\\/depeches241.com\\\/wp-content\\\/uploads\\\/2021\\\/10\\\/cropped-Logo-new-Accueil.png\",\"contentUrl\":\"https:\\\/\\\/depeches241.com\\\/wp-content\\\/uploads\\\/2021\\\/10\\\/cropped-Logo-new-Accueil.png\",\"width\":320,\"height\":105,\"caption\":\"Groupe D\u00e9p\u00eaches241\"},\"image\":{\"@id\":\"https:\\\/\\\/depeches241.com\\\/#\\\/schema\\\/logo\\\/image\\\/\"},\"sameAs\":[\"https:\\\/\\\/www.facebook.com\\\/depeches241\"]},{\"@type\":\"Person\",\"@id\":\"https:\\\/\\\/depeches241.com\\\/#\\\/schema\\\/person\\\/b176413dc3253251b009f794f4c98a7b\",\"name\":\"Edgard Nze\",\"image\":{\"@type\":\"ImageObject\",\"inLanguage\":\"fr-FR\",\"@id\":\"https:\\\/\\\/secure.gravatar.com\\\/avatar\\\/cfb0ba45c461a6acb6ccea9276c2ffb58b99440b8f8d488475d3d8488c9ab3e3?s=96&d=mm&r=g\",\"url\":\"https:\\\/\\\/secure.gravatar.com\\\/avatar\\\/cfb0ba45c461a6acb6ccea9276c2ffb58b99440b8f8d488475d3d8488c9ab3e3?s=96&d=mm&r=g\",\"contentUrl\":\"https:\\\/\\\/secure.gravatar.com\\\/avatar\\\/cfb0ba45c461a6acb6ccea9276c2ffb58b99440b8f8d488475d3d8488c9ab3e3?s=96&d=mm&r=g\",\"caption\":\"Edgard Nze\"},\"url\":\"https:\\\/\\\/depeches241.com\\\/?author=21\"}]}<\/script>\n<!-- \/ Yoast SEO plugin. -->","yoast_head_json":{"title":"Service d\u2019\u00e9coute de la Pr\u00e9sidence de la R\u00e9publique gabonaise : fin de r\u00e8gne pour le Fran\u00e7ais Jean-Charles Solon au SILAM\u00a0 - Groupe D\u00e9p\u00eaches241","description":"Apr\u00e8s treize ans de r\u00e8gne sans partage \u00e0 la t\u00eate du Service d\u2019Interception et de Liaison des Affaires Militaires (SILAM) de la Pr\u00e9sidence de la R\u00e9publique, Jean-Charles Solon a \u00e9t\u00e9 limog\u00e9 par le pr\u00e9sident Brice Clotaire Oligui Nguema. Le Fran\u00e7ais a \u00e9t\u00e9 remplac\u00e9 par le g\u00e9n\u00e9ral Gnamankala. Un fait historique, d\u2019autant que c\u2019est la premi\u00e8re fois que ce service strat\u00e9gique du renseignement militaire de la pr\u00e9sidence sera dirig\u00e9 par un Gabonais.","robots":{"index":"index","follow":"follow","max-snippet":"max-snippet:-1","max-image-preview":"max-image-preview:large","max-video-preview":"max-video-preview:-1"},"canonical":"https:\/\/depeches241.com\/?p=28076","og_locale":"fr_FR","og_type":"article","og_title":"Service d\u2019\u00e9coute de la Pr\u00e9sidence de la R\u00e9publique gabonaise : fin de r\u00e8gne pour le Fran\u00e7ais Jean-Charles Solon au SILAM\u00a0 - Groupe D\u00e9p\u00eaches241","og_description":"Apr\u00e8s treize ans de r\u00e8gne sans partage \u00e0 la t\u00eate du Service d\u2019Interception et de Liaison des Affaires Militaires (SILAM) de la Pr\u00e9sidence de la R\u00e9publique, Jean-Charles Solon a \u00e9t\u00e9 limog\u00e9 par le pr\u00e9sident Brice Clotaire Oligui Nguema. Le Fran\u00e7ais a \u00e9t\u00e9 remplac\u00e9 par le g\u00e9n\u00e9ral Gnamankala. Un fait historique, d\u2019autant que c\u2019est la premi\u00e8re fois que ce service strat\u00e9gique du renseignement militaire de la pr\u00e9sidence sera dirig\u00e9 par un Gabonais.","og_url":"https:\/\/depeches241.com\/?p=28076","og_site_name":"Groupe D\u00e9p\u00eaches241","article_publisher":"https:\/\/www.facebook.com\/depeches241","article_published_time":"2026-03-13T14:13:39+00:00","article_modified_time":"2026-03-19T13:51:48+00:00","og_image":[{"width":960,"height":540,"url":"http:\/\/depeches241.com\/wp-content\/uploads\/2026\/03\/Silam-.jpg","type":"image\/jpeg"}],"author":"Edgard Nze","twitter_card":"summary_large_image","twitter_misc":{"\u00c9crit par":"Edgard Nze","Dur\u00e9e de lecture estim\u00e9e":"3 minutes"},"schema":{"@context":"https:\/\/schema.org","@graph":[{"@type":"Article","@id":"https:\/\/depeches241.com\/?p=28076#article","isPartOf":{"@id":"https:\/\/depeches241.com\/?p=28076"},"author":{"name":"Edgard Nze","@id":"https:\/\/depeches241.com\/#\/schema\/person\/b176413dc3253251b009f794f4c98a7b"},"headline":"Service d\u2019\u00e9coute de la Pr\u00e9sidence de la R\u00e9publique gabonaise : fin de r\u00e8gne pour le Fran\u00e7ais Jean-Charles Solon au SILAM\u00a0","datePublished":"2026-03-13T14:13:39+00:00","dateModified":"2026-03-19T13:51:48+00:00","mainEntityOfPage":{"@id":"https:\/\/depeches241.com\/?p=28076"},"wordCount":568,"commentCount":0,"publisher":{"@id":"https:\/\/depeches241.com\/#organization"},"image":{"@id":"https:\/\/depeches241.com\/?p=28076#primaryimage"},"thumbnailUrl":"https:\/\/depeches241.com\/wp-content\/uploads\/2026\/03\/Silam-.jpg","keywords":["Bernard Gnamankala","depeches241","Fran\u00e7ais Jean-Charles","Gabon","Politique","Service de renseignement","Silam"],"articleSection":["PRESIDENCE","Une1"],"inLanguage":"fr-FR","potentialAction":[{"@type":"CommentAction","name":"Comment","target":["https:\/\/depeches241.com\/?p=28076#respond"]}]},{"@type":"WebPage","@id":"https:\/\/depeches241.com\/?p=28076","url":"https:\/\/depeches241.com\/?p=28076","name":"Service d\u2019\u00e9coute de la Pr\u00e9sidence de la R\u00e9publique gabonaise : fin de r\u00e8gne pour le Fran\u00e7ais Jean-Charles Solon au SILAM\u00a0 - Groupe D\u00e9p\u00eaches241","isPartOf":{"@id":"https:\/\/depeches241.com\/#website"},"primaryImageOfPage":{"@id":"https:\/\/depeches241.com\/?p=28076#primaryimage"},"image":{"@id":"https:\/\/depeches241.com\/?p=28076#primaryimage"},"thumbnailUrl":"https:\/\/depeches241.com\/wp-content\/uploads\/2026\/03\/Silam-.jpg","datePublished":"2026-03-13T14:13:39+00:00","dateModified":"2026-03-19T13:51:48+00:00","description":"Apr\u00e8s treize ans de r\u00e8gne sans partage \u00e0 la t\u00eate du Service d\u2019Interception et de Liaison des Affaires Militaires (SILAM) de la Pr\u00e9sidence de la R\u00e9publique, Jean-Charles Solon a \u00e9t\u00e9 limog\u00e9 par le pr\u00e9sident Brice Clotaire Oligui Nguema. Le Fran\u00e7ais a \u00e9t\u00e9 remplac\u00e9 par le g\u00e9n\u00e9ral Gnamankala. Un fait historique, d\u2019autant que c\u2019est la premi\u00e8re fois que ce service strat\u00e9gique du renseignement militaire de la pr\u00e9sidence sera dirig\u00e9 par un Gabonais.","breadcrumb":{"@id":"https:\/\/depeches241.com\/?p=28076#breadcrumb"},"inLanguage":"fr-FR","potentialAction":[{"@type":"ReadAction","target":["https:\/\/depeches241.com\/?p=28076"]}]},{"@type":"ImageObject","inLanguage":"fr-FR","@id":"https:\/\/depeches241.com\/?p=28076#primaryimage","url":"https:\/\/depeches241.com\/wp-content\/uploads\/2026\/03\/Silam-.jpg","contentUrl":"https:\/\/depeches241.com\/wp-content\/uploads\/2026\/03\/Silam-.jpg","width":960,"height":540},{"@type":"BreadcrumbList","@id":"https:\/\/depeches241.com\/?p=28076#breadcrumb","itemListElement":[{"@type":"ListItem","position":1,"name":"Accueil","item":"https:\/\/depeches241.com\/"},{"@type":"ListItem","position":2,"name":"Service d\u2019\u00e9coute de la Pr\u00e9sidence de la R\u00e9publique gabonaise : fin de r\u00e8gne pour le Fran\u00e7ais Jean-Charles Solon au SILAM\u00a0"}]},{"@type":"WebSite","@id":"https:\/\/depeches241.com\/#website","url":"https:\/\/depeches241.com\/","name":"D\u00e9p\u00eaches241","description":"M\u00e9dia d&#039;actualit\u00e9 Politique, \u00c9conomique, Sociale et Internationale","publisher":{"@id":"https:\/\/depeches241.com\/#organization"},"potentialAction":[{"@type":"SearchAction","target":{"@type":"EntryPoint","urlTemplate":"https:\/\/depeches241.com\/?s={search_term_string}"},"query-input":{"@type":"PropertyValueSpecification","valueRequired":true,"valueName":"search_term_string"}}],"inLanguage":"fr-FR"},{"@type":"Organization","@id":"https:\/\/depeches241.com\/#organization","name":"Groupe D\u00e9p\u00eaches241","url":"https:\/\/depeches241.com\/","logo":{"@type":"ImageObject","inLanguage":"fr-FR","@id":"https:\/\/depeches241.com\/#\/schema\/logo\/image\/","url":"https:\/\/depeches241.com\/wp-content\/uploads\/2021\/10\/cropped-Logo-new-Accueil.png","contentUrl":"https:\/\/depeches241.com\/wp-content\/uploads\/2021\/10\/cropped-Logo-new-Accueil.png","width":320,"height":105,"caption":"Groupe D\u00e9p\u00eaches241"},"image":{"@id":"https:\/\/depeches241.com\/#\/schema\/logo\/image\/"},"sameAs":["https:\/\/www.facebook.com\/depeches241"]},{"@type":"Person","@id":"https:\/\/depeches241.com\/#\/schema\/person\/b176413dc3253251b009f794f4c98a7b","name":"Edgard Nze","image":{"@type":"ImageObject","inLanguage":"fr-FR","@id":"https:\/\/secure.gravatar.com\/avatar\/cfb0ba45c461a6acb6ccea9276c2ffb58b99440b8f8d488475d3d8488c9ab3e3?s=96&d=mm&r=g","url":"https:\/\/secure.gravatar.com\/avatar\/cfb0ba45c461a6acb6ccea9276c2ffb58b99440b8f8d488475d3d8488c9ab3e3?s=96&d=mm&r=g","contentUrl":"https:\/\/secure.gravatar.com\/avatar\/cfb0ba45c461a6acb6ccea9276c2ffb58b99440b8f8d488475d3d8488c9ab3e3?s=96&d=mm&r=g","caption":"Edgard Nze"},"url":"https:\/\/depeches241.com\/?author=21"}]}},"_links":{"self":[{"href":"https:\/\/depeches241.com\/index.php?rest_route=\/wp\/v2\/posts\/28076","targetHints":{"allow":["GET"]}}],"collection":[{"href":"https:\/\/depeches241.com\/index.php?rest_route=\/wp\/v2\/posts"}],"about":[{"href":"https:\/\/depeches241.com\/index.php?rest_route=\/wp\/v2\/types\/post"}],"author":[{"embeddable":true,"href":"https:\/\/depeches241.com\/index.php?rest_route=\/wp\/v2\/users\/21"}],"replies":[{"embeddable":true,"href":"https:\/\/depeches241.com\/index.php?rest_route=%2Fwp%2Fv2%2Fcomments&post=28076"}],"version-history":[{"count":1,"href":"https:\/\/depeches241.com\/index.php?rest_route=\/wp\/v2\/posts\/28076\/revisions"}],"predecessor-version":[{"id":28078,"href":"https:\/\/depeches241.com\/index.php?rest_route=\/wp\/v2\/posts\/28076\/revisions\/28078"}],"wp:featuredmedia":[{"embeddable":true,"href":"https:\/\/depeches241.com\/index.php?rest_route=\/wp\/v2\/media\/28077"}],"wp:attachment":[{"href":"https:\/\/depeches241.com\/index.php?rest_route=%2Fwp%2Fv2%2Fmedia&parent=28076"}],"wp:term":[{"taxonomy":"category","embeddable":true,"href":"https:\/\/depeches241.com\/index.php?rest_route=%2Fwp%2Fv2%2Fcategories&post=28076"},{"taxonomy":"post_tag","embeddable":true,"href":"https:\/\/depeches241.com\/index.php?rest_route=%2Fwp%2Fv2%2Ftags&post=28076"}],"curies":[{"name":"wp","href":"https:\/\/api.w.org\/{rel}","templated":true}]}}