{"id":28579,"date":"2026-04-28T12:43:15","date_gmt":"2026-04-28T10:43:15","guid":{"rendered":"https:\/\/depeches241.com\/?p=28579"},"modified":"2026-04-28T12:43:16","modified_gmt":"2026-04-28T10:43:16","slug":"litige-foncier-a-essassa-les-habitants-nen-demordent-pas-face-aux-operations-de-la-sni-et-en-appellent-a-larbitrage-doligui-nguema","status":"publish","type":"post","link":"https:\/\/depeches241.com\/?p=28579","title":{"rendered":"Litige foncier \u00e0 Essassa : les habitants n\u2019en d\u00e9mordent pas face aux op\u00e9rations de la SNI et en appellent \u00e0 l\u2019arbitrage d\u2019Oligui Nguema"},"content":{"rendered":"\n<figure class=\"wp-block-image size-large\"><img fetchpriority=\"high\" decoding=\"async\" width=\"1024\" height=\"567\" src=\"https:\/\/depeches241.com\/wp-content\/uploads\/2026\/04\/45508d49-4a8f-46a1-bb1a-6d3b099cd4f7-1024x567.jpeg\" alt=\"\" class=\"wp-image-28580\" srcset=\"https:\/\/depeches241.com\/wp-content\/uploads\/2026\/04\/45508d49-4a8f-46a1-bb1a-6d3b099cd4f7-1024x567.jpeg 1024w, https:\/\/depeches241.com\/wp-content\/uploads\/2026\/04\/45508d49-4a8f-46a1-bb1a-6d3b099cd4f7-300x166.jpeg 300w, https:\/\/depeches241.com\/wp-content\/uploads\/2026\/04\/45508d49-4a8f-46a1-bb1a-6d3b099cd4f7-768x425.jpeg 768w, https:\/\/depeches241.com\/wp-content\/uploads\/2026\/04\/45508d49-4a8f-46a1-bb1a-6d3b099cd4f7.jpeg 1080w\" sizes=\"(max-width: 1024px) 100vw, 1024px\" \/><figcaption class=\"wp-element-caption\"><strong><em>Les populations d\u2019Essassa n\u2019en d\u00e9mordent pas et interpelle les plus hautes autorit\u00e9s pour arbitrage<\/em><\/strong> <em><em>\u00a9D\u00e9p\u00eaches 241<\/em><\/em><\/figcaption><\/figure>\n\n\n\n<p><strong>Libreville le 28 avril 2026 &#8211; (D\u00e9p\u00eaches 241). Le collectif des habitants d\u2019Essassa, derri\u00e8re Berthe et Jean, s\u2019est r\u00e9uni samedi 25 avril dernier, suite au communiqu\u00e9 de la direction g\u00e9n\u00e9rale de la Soci\u00e9t\u00e9 nationale immobili\u00e8re (SNI), \u00e0 travers lequel la soci\u00e9t\u00e9 affirme \u00eatre conforme aux directives des plus hautes autorit\u00e9s, li\u00e9es \u00e0 la r\u00e9gularisation fonci\u00e8re de ces populations. Seulement, au regard des d\u00e9lais rendus publics par le minist\u00e8re de tutelle et suite aux garanties donn\u00e9es par le directeur g\u00e9n\u00e9ral de ladite entreprise lors de sa rencontre avec ces habitants, tout porte \u00e0 croire que les travaux de terrassement entrepris depuis le mois de janvier dernier sur le site ne cadrent pas avec les engagements initiaux. Une situation qui, loin d\u2019apaiser, suscite frustration, inqui\u00e9tude et bouleversement quant \u00e0 l\u2019avenir foncier de ces habitants.<\/strong><\/p>\n\n\n\n<p class=\"has-drop-cap\">Apr\u00e8s le communiqu\u00e9 de la SNI, publi\u00e9 le 20 avril dernier, dans lequel elle semble rassurer tout en promettant se conformer aux r\u00e8gles du droit foncier gabonais, tout en clarifiant sa politique, les populations habitant la zone d\u2019Essassa, derri\u00e8re Berthe et Jean, sont de nouveau mont\u00e9es au cr\u00e9neau. Ces derni\u00e8res d\u00e9noncent, une fois de plus, l\u2019irr\u00e9gularit\u00e9 et l\u2019ill\u00e9galit\u00e9 des travaux men\u00e9s par la SNI sur leurs terrains.&nbsp;<\/p>\n\n\n\n<p>Selon les riverains d\u2019Essassa, la SNI aurait initi\u00e9 lesdits travaux sans concertation avec eux ni avertissement pr\u00e9alable. Elle se serait mise \u00e0 d\u00e9truire les plantations de ceux qui avaient consacr\u00e9 leurs parcelles \u00e0 l\u2019agriculture, r\u00e9duisant \u00e0 n\u00e9ant les soubassements et d\u00e9buts de construction sur d\u2019autres, alors m\u00eame que le d\u00e9lai de r\u00e9gularisation de ces parcelles courait jusqu\u2019au mois de mai dernier prochain.<\/p>\n\n\n\n<p>Certains de ces habitants se retrouvent d\u00e9sormais d\u00e9pourvus de tout : ni terre, ni argent, et les plantations gr\u00e2ce auxquelles ils nourrissaient leurs familles ont \u00e9t\u00e9 ras\u00e9es. R\u00e9sultat, ceux qui sont malades, et qui avaient pour seules ressources les produits issus de l\u2019exploitation de leur terre, ne peuvent plus se soigner, faute de moyens pour payer les ordonnances. Dans leur propre pays, ces Gabonais se retrouvent, selon eux, maltrait\u00e9s par une entreprise pourtant \u00e9tatique, dont l\u2019objectif principal devrait \u00eatre de fournir un logement d\u00e9cent \u00e0 chaque citoyen. Mais au lieu de cela, la SNI semble se complaire \u00e0 jouer un r\u00f4le que les habitants qualifient d\u2019inhumain, vis-\u00e0-vis de compatriotes ayant parfois consenti d\u2019importants sacrifices pour acqu\u00e9rir un lopin de terre.<\/p>\n\n\n\n<p><strong>LIRE AUSSI: <a href=\"https:\/\/depeches241.com\/?p=28491\"><strong>D\u00e9guerpissement et spoliation \u00e0 Essassa : la SNI accus\u00e9e de s\u2019accaparer un village, contre les engagements du pr\u00e9sident de la R\u00e9publique<\/strong><\/a><\/strong><\/p>\n\n\n\n<p>D\u2019ailleurs, selon le collectif, les raisons \u00e9voqu\u00e9es par la SNI, qui lui donneraient acc\u00e8s aux parcelles non loties en vue de constituer des infrastructures collectives, sont fallacieuses. Car dans le processus de r\u00e9gularisation propos\u00e9, il \u00e9tait clairement \u00e9tabli que l\u2019ensemble des parcelles allait \u00eatre r\u00e9gularis\u00e9. Dans un premier temps, il fallait s\u2019occuper des terrains d\u00e9j\u00e0 lotis, avant d\u2019encha\u00eener sur ceux simplement entretenus sans \u00eatre lotis, ceux en exploitation agricole ainsi que ceux encore vides. Au lieu de cela, la SNI aurait anticip\u00e9 les travaux de viabilisation ou de terrassement, lesquels ont abouti non seulement \u00e0 la destruction de plusieurs hectares plant\u00e9s, mais \u00e9galement \u00e0 ce que certains habitants qualifient d\u2019accaparement ill\u00e9gal.<\/p>\n\n\n\n<p>Tout cela, sous couvert d\u2019un suppos\u00e9 titre foncier, lui-m\u00eame probl\u00e9matique, dont la SNI aurait h\u00e9rit\u00e9 de l\u2019ex-Soci\u00e9t\u00e9 nationale du logement social (SNLS), cr\u00e9\u00e9e en 2013 et dissoute puis absorb\u00e9e par la SNI en 2019. D\u00e8s lors, des questions l\u00e9gitimes se posent : un titre foncier, aussi l\u00e9gal soit-il, donne t-il le droit \u00e0 la SNI de d\u00e9truire, sans m\u00e9nagement ni d\u00e9dommagement et sans d\u00e9lai, les plantations et lotissements de ces populations qui y vivent parfois depuis avant les ind\u00e9pendances ?&nbsp;<\/p>\n\n\n\n<p>Pourquoi la SNI n\u2019a-t-elle pas respect\u00e9 les d\u00e9lais pourtant clairement contenus dans le communiqu\u00e9 du minist\u00e8re de l\u2019Habitat, de l\u2019Urbanisme, du Logement et du Cadastre, auxquels son directeur g\u00e9n\u00e9ral a souscrit ? La SNI, en tant que soci\u00e9t\u00e9 appartenant \u00e0 l\u2019\u00c9tat, se croirait-elle au-dessus des lois au point de pi\u00e9tiner la dignit\u00e9 de ces Gabonais ?<\/p>\n\n\n\n<p>Le collectif rappelle que les habitants d\u2019Essassa, derri\u00e8re Berthe et Jean, ne sont pas oppos\u00e9s \u00e0 l\u2019urbanisation ou \u00e0 la modernisation de leur localit\u00e9 et ne contestent en aucune mani\u00e8re l\u2019autorit\u00e9 de l\u2019\u00c9tat ni ses projets. Cependant, il ne saurait \u00eatre acceptable que l\u2019\u00c9tat, cens\u00e9 veiller au bien-\u00eatre de ses citoyens et garantir leur dignit\u00e9, se transforme en spoliateur. Ainsi, au lieu de prot\u00e9ger et de veiller au respect de leurs droits fonciers, il contribuerait \u00e0 en faire des d\u00e9s\u0153uvr\u00e9s, priv\u00e9s de terre et de logement, alors m\u00eame qu\u2019ils vivent dans leur propre pays.<\/p>\n\n\n\n<p><strong>LIRE AUSSI: <a href=\"https:\/\/depeches241.com\/?p=28511\"><strong>Litige foncier \u00e0 Essassa : la SNI r\u00e9pond aux accusations et clarifie sa politique fonci\u00e8re<\/strong><\/a><\/strong><\/p>\n\n\n\n<p>Dans ces conditions, le collectif en appelle \u00e0 l\u2019intervention et \u00e0 l\u2019arbitrage du pr\u00e9sident de la R\u00e9publique, chef de l\u2019\u00c9tat, chef du gouvernement, Brice Clotaire Oligui Nguema, afin de mettre un terme \u00e0 ce litige. D\u2019autant plus que c\u2019est lui-m\u00eame qui a initi\u00e9 ces r\u00e9gularisations fonci\u00e8res, dans le but de permettre \u00e0 ces populations de devenir l\u00e9galement propri\u00e9taires de leurs parcelles. En cas d\u2019expropriation, il est du devoir de l\u2019\u00c9tat, et en l\u2019esp\u00e8ce de la SNI, de prendre toutes les mesures n\u00e9cessaires pour permettre \u00e0 ces habitants soit d\u2019\u00eatre indemnis\u00e9s, soit d\u2019\u00eatre relocalis\u00e9s vers d\u2019autres sites. Il ne saurait \u00eatre tol\u00e9rable que la SNI \u0153uvre \u00e0 d\u00e9poss\u00e9der ces populations du seul bien qu\u2019elles poss\u00e8dent, pour la plupart.<\/p>\n\n\n\n<p>Au-del\u00e0 du conflit foncier, l\u2019affaire d\u2019Essassa met en lumi\u00e8re une tension plus profonde entre imp\u00e9ratif d\u2019am\u00e9nagement urbain et respect des droits fondamentaux des citoyens. Si l\u2019\u00c9tat entend moderniser et structurer l\u2019espace urbain, il ne peut le faire au prix de l\u2019ins\u00e9curit\u00e9 juridique et sociale des populations. Sans transparence, sans respect des engagements et sans m\u00e9canismes d\u2019indemnisation clairs, toute politique fonci\u00e8re, aussi ambitieuse soit-elle, risque de se transformer en facteur de crise plut\u00f4t qu\u2019en levier de d\u00e9veloppement.<\/p>\n\n\n\n<p><\/p>\n","protected":false},"excerpt":{"rendered":"<p>Libreville le 28 avril 2026 &#8211; (D\u00e9p\u00eaches 241). Le collectif des habitants d\u2019Essassa, derri\u00e8re Berthe et Jean, s\u2019est r\u00e9uni samedi 25 avril dernier, suite au communiqu\u00e9 de la direction g\u00e9n\u00e9rale de la Soci\u00e9t\u00e9 nationale immobili\u00e8re (SNI), \u00e0 travers lequel la soci\u00e9t\u00e9 affirme \u00eatre conforme aux directives des plus hautes autorit\u00e9s, [&hellip;]<\/p>\n","protected":false},"author":21,"featured_media":28580,"comment_status":"open","ping_status":"open","sticky":false,"template":"","format":"standard","meta":{"om_disable_all_campaigns":false,"footnotes":""},"categories":[5,116],"tags":[99,1884,59,5843,1885,42],"class_list":{"0":"post-28579","1":"post","2":"type-post","3":"status-publish","4":"format-standard","5":"has-post-thumbnail","7":"category-societe","8":"category-une1","9":"tag-depeches241","10":"tag-essassa","11":"tag-gabon","12":"tag-lotissement","13":"tag-sni","14":"tag-societe"},"yoast_head":"<!-- This site is optimized with the Yoast SEO plugin v27.5 - https:\/\/yoast.com\/product\/yoast-seo-wordpress\/ -->\n<title>Litige foncier \u00e0 Essassa : les habitants n\u2019en d\u00e9mordent pas face aux op\u00e9rations de la SNI et en appellent \u00e0 l\u2019arbitrage d\u2019Oligui Nguema - Groupe D\u00e9p\u00eaches241<\/title>\n<meta name=\"description\" content=\"Le collectif des habitants d\u2019Essassa, derri\u00e8re Berthe et Jean, s\u2019est r\u00e9uni samedi 25 avril dernier, suite au communiqu\u00e9 de la direction g\u00e9n\u00e9rale de la Soci\u00e9t\u00e9 nationale immobili\u00e8re (SNI), \u00e0 travers lequel la soci\u00e9t\u00e9 affirme \u00eatre conforme aux directives des plus hautes autorit\u00e9s, li\u00e9es \u00e0 la r\u00e9gularisation fonci\u00e8re de ces populations. Seulement, au regard des d\u00e9lais rendus publics par le minist\u00e8re de tutelle et suite aux garanties donn\u00e9es par le directeur g\u00e9n\u00e9ral de ladite entreprise lors de sa rencontre avec ces habitants, tout porte \u00e0 croire que les travaux de terrassement entrepris depuis le mois de janvier dernier sur le site ne cadrent pas avec les engagements initiaux. Une situation qui, loin d\u2019apaiser, suscite frustration, inqui\u00e9tude et bouleversement quant \u00e0 l\u2019avenir foncier de ces habitants.\" \/>\n<meta name=\"robots\" content=\"index, follow, max-snippet:-1, max-image-preview:large, max-video-preview:-1\" \/>\n<link rel=\"canonical\" href=\"https:\/\/depeches241.com\/?p=28579\" \/>\n<meta property=\"og:locale\" content=\"fr_FR\" \/>\n<meta property=\"og:type\" content=\"article\" \/>\n<meta property=\"og:title\" content=\"Litige foncier \u00e0 Essassa : les habitants n\u2019en d\u00e9mordent pas face aux op\u00e9rations de la SNI et en appellent \u00e0 l\u2019arbitrage d\u2019Oligui Nguema - Groupe D\u00e9p\u00eaches241\" \/>\n<meta property=\"og:description\" content=\"Le collectif des habitants d\u2019Essassa, derri\u00e8re Berthe et Jean, s\u2019est r\u00e9uni samedi 25 avril dernier, suite au communiqu\u00e9 de la direction g\u00e9n\u00e9rale de la Soci\u00e9t\u00e9 nationale immobili\u00e8re (SNI), \u00e0 travers lequel la soci\u00e9t\u00e9 affirme \u00eatre conforme aux directives des plus hautes autorit\u00e9s, li\u00e9es \u00e0 la r\u00e9gularisation fonci\u00e8re de ces populations. Seulement, au regard des d\u00e9lais rendus publics par le minist\u00e8re de tutelle et suite aux garanties donn\u00e9es par le directeur g\u00e9n\u00e9ral de ladite entreprise lors de sa rencontre avec ces habitants, tout porte \u00e0 croire que les travaux de terrassement entrepris depuis le mois de janvier dernier sur le site ne cadrent pas avec les engagements initiaux. Une situation qui, loin d\u2019apaiser, suscite frustration, inqui\u00e9tude et bouleversement quant \u00e0 l\u2019avenir foncier de ces habitants.\" \/>\n<meta property=\"og:url\" content=\"https:\/\/depeches241.com\/?p=28579\" \/>\n<meta property=\"og:site_name\" content=\"Groupe D\u00e9p\u00eaches241\" \/>\n<meta property=\"article:publisher\" content=\"https:\/\/www.facebook.com\/depeches241\" \/>\n<meta property=\"article:published_time\" content=\"2026-04-28T10:43:15+00:00\" \/>\n<meta property=\"article:modified_time\" content=\"2026-04-28T10:43:16+00:00\" \/>\n<meta property=\"og:image\" content=\"http:\/\/depeches241.com\/wp-content\/uploads\/2026\/04\/45508d49-4a8f-46a1-bb1a-6d3b099cd4f7.jpeg\" \/>\n\t<meta property=\"og:image:width\" content=\"1080\" \/>\n\t<meta property=\"og:image:height\" content=\"598\" \/>\n\t<meta property=\"og:image:type\" content=\"image\/jpeg\" \/>\n<meta name=\"author\" content=\"Edgard Nze\" \/>\n<meta name=\"twitter:card\" content=\"summary_large_image\" \/>\n<meta name=\"twitter:label1\" content=\"\u00c9crit par\" \/>\n\t<meta name=\"twitter:data1\" content=\"Edgard Nze\" \/>\n\t<meta name=\"twitter:label2\" content=\"Dur\u00e9e de lecture estim\u00e9e\" \/>\n\t<meta name=\"twitter:data2\" content=\"6 minutes\" \/>\n<script type=\"application\/ld+json\" class=\"yoast-schema-graph\">{\"@context\":\"https:\\\/\\\/schema.org\",\"@graph\":[{\"@type\":\"Article\",\"@id\":\"https:\\\/\\\/depeches241.com\\\/?p=28579#article\",\"isPartOf\":{\"@id\":\"https:\\\/\\\/depeches241.com\\\/?p=28579\"},\"author\":{\"name\":\"Edgard Nze\",\"@id\":\"https:\\\/\\\/depeches241.com\\\/#\\\/schema\\\/person\\\/b176413dc3253251b009f794f4c98a7b\"},\"headline\":\"Litige foncier \u00e0 Essassa : les habitants n\u2019en d\u00e9mordent pas face aux op\u00e9rations de la SNI et en appellent \u00e0 l\u2019arbitrage d\u2019Oligui Nguema\",\"datePublished\":\"2026-04-28T10:43:15+00:00\",\"dateModified\":\"2026-04-28T10:43:16+00:00\",\"mainEntityOfPage\":{\"@id\":\"https:\\\/\\\/depeches241.com\\\/?p=28579\"},\"wordCount\":1132,\"commentCount\":0,\"publisher\":{\"@id\":\"https:\\\/\\\/depeches241.com\\\/#organization\"},\"image\":{\"@id\":\"https:\\\/\\\/depeches241.com\\\/?p=28579#primaryimage\"},\"thumbnailUrl\":\"https:\\\/\\\/depeches241.com\\\/wp-content\\\/uploads\\\/2026\\\/04\\\/45508d49-4a8f-46a1-bb1a-6d3b099cd4f7.jpeg\",\"keywords\":[\"depeches241\",\"Essassa\",\"Gabon\",\"Lotissement\",\"SNI\",\"soci\u00e9t\u00e9\"],\"articleSection\":[\"SOCIETE\",\"Une1\"],\"inLanguage\":\"fr-FR\",\"potentialAction\":[{\"@type\":\"CommentAction\",\"name\":\"Comment\",\"target\":[\"https:\\\/\\\/depeches241.com\\\/?p=28579#respond\"]}]},{\"@type\":\"WebPage\",\"@id\":\"https:\\\/\\\/depeches241.com\\\/?p=28579\",\"url\":\"https:\\\/\\\/depeches241.com\\\/?p=28579\",\"name\":\"Litige foncier \u00e0 Essassa : les habitants n\u2019en d\u00e9mordent pas face aux op\u00e9rations de la SNI et en appellent \u00e0 l\u2019arbitrage d\u2019Oligui Nguema - Groupe D\u00e9p\u00eaches241\",\"isPartOf\":{\"@id\":\"https:\\\/\\\/depeches241.com\\\/#website\"},\"primaryImageOfPage\":{\"@id\":\"https:\\\/\\\/depeches241.com\\\/?p=28579#primaryimage\"},\"image\":{\"@id\":\"https:\\\/\\\/depeches241.com\\\/?p=28579#primaryimage\"},\"thumbnailUrl\":\"https:\\\/\\\/depeches241.com\\\/wp-content\\\/uploads\\\/2026\\\/04\\\/45508d49-4a8f-46a1-bb1a-6d3b099cd4f7.jpeg\",\"datePublished\":\"2026-04-28T10:43:15+00:00\",\"dateModified\":\"2026-04-28T10:43:16+00:00\",\"description\":\"Le collectif des habitants d\u2019Essassa, derri\u00e8re Berthe et Jean, s\u2019est r\u00e9uni samedi 25 avril dernier, suite au communiqu\u00e9 de la direction g\u00e9n\u00e9rale de la Soci\u00e9t\u00e9 nationale immobili\u00e8re (SNI), \u00e0 travers lequel la soci\u00e9t\u00e9 affirme \u00eatre conforme aux directives des plus hautes autorit\u00e9s, li\u00e9es \u00e0 la r\u00e9gularisation fonci\u00e8re de ces populations. Seulement, au regard des d\u00e9lais rendus publics par le minist\u00e8re de tutelle et suite aux garanties donn\u00e9es par le directeur g\u00e9n\u00e9ral de ladite entreprise lors de sa rencontre avec ces habitants, tout porte \u00e0 croire que les travaux de terrassement entrepris depuis le mois de janvier dernier sur le site ne cadrent pas avec les engagements initiaux. Une situation qui, loin d\u2019apaiser, suscite frustration, inqui\u00e9tude et bouleversement quant \u00e0 l\u2019avenir foncier de ces habitants.\",\"breadcrumb\":{\"@id\":\"https:\\\/\\\/depeches241.com\\\/?p=28579#breadcrumb\"},\"inLanguage\":\"fr-FR\",\"potentialAction\":[{\"@type\":\"ReadAction\",\"target\":[\"https:\\\/\\\/depeches241.com\\\/?p=28579\"]}]},{\"@type\":\"ImageObject\",\"inLanguage\":\"fr-FR\",\"@id\":\"https:\\\/\\\/depeches241.com\\\/?p=28579#primaryimage\",\"url\":\"https:\\\/\\\/depeches241.com\\\/wp-content\\\/uploads\\\/2026\\\/04\\\/45508d49-4a8f-46a1-bb1a-6d3b099cd4f7.jpeg\",\"contentUrl\":\"https:\\\/\\\/depeches241.com\\\/wp-content\\\/uploads\\\/2026\\\/04\\\/45508d49-4a8f-46a1-bb1a-6d3b099cd4f7.jpeg\",\"width\":1080,\"height\":598},{\"@type\":\"BreadcrumbList\",\"@id\":\"https:\\\/\\\/depeches241.com\\\/?p=28579#breadcrumb\",\"itemListElement\":[{\"@type\":\"ListItem\",\"position\":1,\"name\":\"Accueil\",\"item\":\"https:\\\/\\\/depeches241.com\\\/\"},{\"@type\":\"ListItem\",\"position\":2,\"name\":\"Litige foncier \u00e0 Essassa : les habitants n\u2019en d\u00e9mordent pas face aux op\u00e9rations de la SNI et en appellent \u00e0 l\u2019arbitrage d\u2019Oligui Nguema\"}]},{\"@type\":\"WebSite\",\"@id\":\"https:\\\/\\\/depeches241.com\\\/#website\",\"url\":\"https:\\\/\\\/depeches241.com\\\/\",\"name\":\"D\u00e9p\u00eaches241\",\"description\":\"M\u00e9dia d&#039;actualit\u00e9 Politique, \u00c9conomique, Sociale et Internationale\",\"publisher\":{\"@id\":\"https:\\\/\\\/depeches241.com\\\/#organization\"},\"potentialAction\":[{\"@type\":\"SearchAction\",\"target\":{\"@type\":\"EntryPoint\",\"urlTemplate\":\"https:\\\/\\\/depeches241.com\\\/?s={search_term_string}\"},\"query-input\":{\"@type\":\"PropertyValueSpecification\",\"valueRequired\":true,\"valueName\":\"search_term_string\"}}],\"inLanguage\":\"fr-FR\"},{\"@type\":\"Organization\",\"@id\":\"https:\\\/\\\/depeches241.com\\\/#organization\",\"name\":\"Groupe D\u00e9p\u00eaches241\",\"url\":\"https:\\\/\\\/depeches241.com\\\/\",\"logo\":{\"@type\":\"ImageObject\",\"inLanguage\":\"fr-FR\",\"@id\":\"https:\\\/\\\/depeches241.com\\\/#\\\/schema\\\/logo\\\/image\\\/\",\"url\":\"https:\\\/\\\/depeches241.com\\\/wp-content\\\/uploads\\\/2021\\\/10\\\/cropped-Logo-new-Accueil.png\",\"contentUrl\":\"https:\\\/\\\/depeches241.com\\\/wp-content\\\/uploads\\\/2021\\\/10\\\/cropped-Logo-new-Accueil.png\",\"width\":320,\"height\":105,\"caption\":\"Groupe D\u00e9p\u00eaches241\"},\"image\":{\"@id\":\"https:\\\/\\\/depeches241.com\\\/#\\\/schema\\\/logo\\\/image\\\/\"},\"sameAs\":[\"https:\\\/\\\/www.facebook.com\\\/depeches241\"]},{\"@type\":\"Person\",\"@id\":\"https:\\\/\\\/depeches241.com\\\/#\\\/schema\\\/person\\\/b176413dc3253251b009f794f4c98a7b\",\"name\":\"Edgard Nze\",\"image\":{\"@type\":\"ImageObject\",\"inLanguage\":\"fr-FR\",\"@id\":\"https:\\\/\\\/secure.gravatar.com\\\/avatar\\\/cfb0ba45c461a6acb6ccea9276c2ffb58b99440b8f8d488475d3d8488c9ab3e3?s=96&d=mm&r=g\",\"url\":\"https:\\\/\\\/secure.gravatar.com\\\/avatar\\\/cfb0ba45c461a6acb6ccea9276c2ffb58b99440b8f8d488475d3d8488c9ab3e3?s=96&d=mm&r=g\",\"contentUrl\":\"https:\\\/\\\/secure.gravatar.com\\\/avatar\\\/cfb0ba45c461a6acb6ccea9276c2ffb58b99440b8f8d488475d3d8488c9ab3e3?s=96&d=mm&r=g\",\"caption\":\"Edgard Nze\"},\"url\":\"https:\\\/\\\/depeches241.com\\\/?author=21\"}]}<\/script>\n<!-- \/ Yoast SEO plugin. -->","yoast_head_json":{"title":"Litige foncier \u00e0 Essassa : les habitants n\u2019en d\u00e9mordent pas face aux op\u00e9rations de la SNI et en appellent \u00e0 l\u2019arbitrage d\u2019Oligui Nguema - Groupe D\u00e9p\u00eaches241","description":"Le collectif des habitants d\u2019Essassa, derri\u00e8re Berthe et Jean, s\u2019est r\u00e9uni samedi 25 avril dernier, suite au communiqu\u00e9 de la direction g\u00e9n\u00e9rale de la Soci\u00e9t\u00e9 nationale immobili\u00e8re (SNI), \u00e0 travers lequel la soci\u00e9t\u00e9 affirme \u00eatre conforme aux directives des plus hautes autorit\u00e9s, li\u00e9es \u00e0 la r\u00e9gularisation fonci\u00e8re de ces populations. Seulement, au regard des d\u00e9lais rendus publics par le minist\u00e8re de tutelle et suite aux garanties donn\u00e9es par le directeur g\u00e9n\u00e9ral de ladite entreprise lors de sa rencontre avec ces habitants, tout porte \u00e0 croire que les travaux de terrassement entrepris depuis le mois de janvier dernier sur le site ne cadrent pas avec les engagements initiaux. Une situation qui, loin d\u2019apaiser, suscite frustration, inqui\u00e9tude et bouleversement quant \u00e0 l\u2019avenir foncier de ces habitants.","robots":{"index":"index","follow":"follow","max-snippet":"max-snippet:-1","max-image-preview":"max-image-preview:large","max-video-preview":"max-video-preview:-1"},"canonical":"https:\/\/depeches241.com\/?p=28579","og_locale":"fr_FR","og_type":"article","og_title":"Litige foncier \u00e0 Essassa : les habitants n\u2019en d\u00e9mordent pas face aux op\u00e9rations de la SNI et en appellent \u00e0 l\u2019arbitrage d\u2019Oligui Nguema - Groupe D\u00e9p\u00eaches241","og_description":"Le collectif des habitants d\u2019Essassa, derri\u00e8re Berthe et Jean, s\u2019est r\u00e9uni samedi 25 avril dernier, suite au communiqu\u00e9 de la direction g\u00e9n\u00e9rale de la Soci\u00e9t\u00e9 nationale immobili\u00e8re (SNI), \u00e0 travers lequel la soci\u00e9t\u00e9 affirme \u00eatre conforme aux directives des plus hautes autorit\u00e9s, li\u00e9es \u00e0 la r\u00e9gularisation fonci\u00e8re de ces populations. Seulement, au regard des d\u00e9lais rendus publics par le minist\u00e8re de tutelle et suite aux garanties donn\u00e9es par le directeur g\u00e9n\u00e9ral de ladite entreprise lors de sa rencontre avec ces habitants, tout porte \u00e0 croire que les travaux de terrassement entrepris depuis le mois de janvier dernier sur le site ne cadrent pas avec les engagements initiaux. Une situation qui, loin d\u2019apaiser, suscite frustration, inqui\u00e9tude et bouleversement quant \u00e0 l\u2019avenir foncier de ces habitants.","og_url":"https:\/\/depeches241.com\/?p=28579","og_site_name":"Groupe D\u00e9p\u00eaches241","article_publisher":"https:\/\/www.facebook.com\/depeches241","article_published_time":"2026-04-28T10:43:15+00:00","article_modified_time":"2026-04-28T10:43:16+00:00","og_image":[{"width":1080,"height":598,"url":"http:\/\/depeches241.com\/wp-content\/uploads\/2026\/04\/45508d49-4a8f-46a1-bb1a-6d3b099cd4f7.jpeg","type":"image\/jpeg"}],"author":"Edgard Nze","twitter_card":"summary_large_image","twitter_misc":{"\u00c9crit par":"Edgard Nze","Dur\u00e9e de lecture estim\u00e9e":"6 minutes"},"schema":{"@context":"https:\/\/schema.org","@graph":[{"@type":"Article","@id":"https:\/\/depeches241.com\/?p=28579#article","isPartOf":{"@id":"https:\/\/depeches241.com\/?p=28579"},"author":{"name":"Edgard Nze","@id":"https:\/\/depeches241.com\/#\/schema\/person\/b176413dc3253251b009f794f4c98a7b"},"headline":"Litige foncier \u00e0 Essassa : les habitants n\u2019en d\u00e9mordent pas face aux op\u00e9rations de la SNI et en appellent \u00e0 l\u2019arbitrage d\u2019Oligui Nguema","datePublished":"2026-04-28T10:43:15+00:00","dateModified":"2026-04-28T10:43:16+00:00","mainEntityOfPage":{"@id":"https:\/\/depeches241.com\/?p=28579"},"wordCount":1132,"commentCount":0,"publisher":{"@id":"https:\/\/depeches241.com\/#organization"},"image":{"@id":"https:\/\/depeches241.com\/?p=28579#primaryimage"},"thumbnailUrl":"https:\/\/depeches241.com\/wp-content\/uploads\/2026\/04\/45508d49-4a8f-46a1-bb1a-6d3b099cd4f7.jpeg","keywords":["depeches241","Essassa","Gabon","Lotissement","SNI","soci\u00e9t\u00e9"],"articleSection":["SOCIETE","Une1"],"inLanguage":"fr-FR","potentialAction":[{"@type":"CommentAction","name":"Comment","target":["https:\/\/depeches241.com\/?p=28579#respond"]}]},{"@type":"WebPage","@id":"https:\/\/depeches241.com\/?p=28579","url":"https:\/\/depeches241.com\/?p=28579","name":"Litige foncier \u00e0 Essassa : les habitants n\u2019en d\u00e9mordent pas face aux op\u00e9rations de la SNI et en appellent \u00e0 l\u2019arbitrage d\u2019Oligui Nguema - Groupe D\u00e9p\u00eaches241","isPartOf":{"@id":"https:\/\/depeches241.com\/#website"},"primaryImageOfPage":{"@id":"https:\/\/depeches241.com\/?p=28579#primaryimage"},"image":{"@id":"https:\/\/depeches241.com\/?p=28579#primaryimage"},"thumbnailUrl":"https:\/\/depeches241.com\/wp-content\/uploads\/2026\/04\/45508d49-4a8f-46a1-bb1a-6d3b099cd4f7.jpeg","datePublished":"2026-04-28T10:43:15+00:00","dateModified":"2026-04-28T10:43:16+00:00","description":"Le collectif des habitants d\u2019Essassa, derri\u00e8re Berthe et Jean, s\u2019est r\u00e9uni samedi 25 avril dernier, suite au communiqu\u00e9 de la direction g\u00e9n\u00e9rale de la Soci\u00e9t\u00e9 nationale immobili\u00e8re (SNI), \u00e0 travers lequel la soci\u00e9t\u00e9 affirme \u00eatre conforme aux directives des plus hautes autorit\u00e9s, li\u00e9es \u00e0 la r\u00e9gularisation fonci\u00e8re de ces populations. Seulement, au regard des d\u00e9lais rendus publics par le minist\u00e8re de tutelle et suite aux garanties donn\u00e9es par le directeur g\u00e9n\u00e9ral de ladite entreprise lors de sa rencontre avec ces habitants, tout porte \u00e0 croire que les travaux de terrassement entrepris depuis le mois de janvier dernier sur le site ne cadrent pas avec les engagements initiaux. Une situation qui, loin d\u2019apaiser, suscite frustration, inqui\u00e9tude et bouleversement quant \u00e0 l\u2019avenir foncier de ces habitants.","breadcrumb":{"@id":"https:\/\/depeches241.com\/?p=28579#breadcrumb"},"inLanguage":"fr-FR","potentialAction":[{"@type":"ReadAction","target":["https:\/\/depeches241.com\/?p=28579"]}]},{"@type":"ImageObject","inLanguage":"fr-FR","@id":"https:\/\/depeches241.com\/?p=28579#primaryimage","url":"https:\/\/depeches241.com\/wp-content\/uploads\/2026\/04\/45508d49-4a8f-46a1-bb1a-6d3b099cd4f7.jpeg","contentUrl":"https:\/\/depeches241.com\/wp-content\/uploads\/2026\/04\/45508d49-4a8f-46a1-bb1a-6d3b099cd4f7.jpeg","width":1080,"height":598},{"@type":"BreadcrumbList","@id":"https:\/\/depeches241.com\/?p=28579#breadcrumb","itemListElement":[{"@type":"ListItem","position":1,"name":"Accueil","item":"https:\/\/depeches241.com\/"},{"@type":"ListItem","position":2,"name":"Litige foncier \u00e0 Essassa : les habitants n\u2019en d\u00e9mordent pas face aux op\u00e9rations de la SNI et en appellent \u00e0 l\u2019arbitrage d\u2019Oligui Nguema"}]},{"@type":"WebSite","@id":"https:\/\/depeches241.com\/#website","url":"https:\/\/depeches241.com\/","name":"D\u00e9p\u00eaches241","description":"M\u00e9dia d&#039;actualit\u00e9 Politique, \u00c9conomique, Sociale et Internationale","publisher":{"@id":"https:\/\/depeches241.com\/#organization"},"potentialAction":[{"@type":"SearchAction","target":{"@type":"EntryPoint","urlTemplate":"https:\/\/depeches241.com\/?s={search_term_string}"},"query-input":{"@type":"PropertyValueSpecification","valueRequired":true,"valueName":"search_term_string"}}],"inLanguage":"fr-FR"},{"@type":"Organization","@id":"https:\/\/depeches241.com\/#organization","name":"Groupe D\u00e9p\u00eaches241","url":"https:\/\/depeches241.com\/","logo":{"@type":"ImageObject","inLanguage":"fr-FR","@id":"https:\/\/depeches241.com\/#\/schema\/logo\/image\/","url":"https:\/\/depeches241.com\/wp-content\/uploads\/2021\/10\/cropped-Logo-new-Accueil.png","contentUrl":"https:\/\/depeches241.com\/wp-content\/uploads\/2021\/10\/cropped-Logo-new-Accueil.png","width":320,"height":105,"caption":"Groupe D\u00e9p\u00eaches241"},"image":{"@id":"https:\/\/depeches241.com\/#\/schema\/logo\/image\/"},"sameAs":["https:\/\/www.facebook.com\/depeches241"]},{"@type":"Person","@id":"https:\/\/depeches241.com\/#\/schema\/person\/b176413dc3253251b009f794f4c98a7b","name":"Edgard Nze","image":{"@type":"ImageObject","inLanguage":"fr-FR","@id":"https:\/\/secure.gravatar.com\/avatar\/cfb0ba45c461a6acb6ccea9276c2ffb58b99440b8f8d488475d3d8488c9ab3e3?s=96&d=mm&r=g","url":"https:\/\/secure.gravatar.com\/avatar\/cfb0ba45c461a6acb6ccea9276c2ffb58b99440b8f8d488475d3d8488c9ab3e3?s=96&d=mm&r=g","contentUrl":"https:\/\/secure.gravatar.com\/avatar\/cfb0ba45c461a6acb6ccea9276c2ffb58b99440b8f8d488475d3d8488c9ab3e3?s=96&d=mm&r=g","caption":"Edgard Nze"},"url":"https:\/\/depeches241.com\/?author=21"}]}},"_links":{"self":[{"href":"https:\/\/depeches241.com\/index.php?rest_route=\/wp\/v2\/posts\/28579","targetHints":{"allow":["GET"]}}],"collection":[{"href":"https:\/\/depeches241.com\/index.php?rest_route=\/wp\/v2\/posts"}],"about":[{"href":"https:\/\/depeches241.com\/index.php?rest_route=\/wp\/v2\/types\/post"}],"author":[{"embeddable":true,"href":"https:\/\/depeches241.com\/index.php?rest_route=\/wp\/v2\/users\/21"}],"replies":[{"embeddable":true,"href":"https:\/\/depeches241.com\/index.php?rest_route=%2Fwp%2Fv2%2Fcomments&post=28579"}],"version-history":[{"count":1,"href":"https:\/\/depeches241.com\/index.php?rest_route=\/wp\/v2\/posts\/28579\/revisions"}],"predecessor-version":[{"id":28581,"href":"https:\/\/depeches241.com\/index.php?rest_route=\/wp\/v2\/posts\/28579\/revisions\/28581"}],"wp:featuredmedia":[{"embeddable":true,"href":"https:\/\/depeches241.com\/index.php?rest_route=\/wp\/v2\/media\/28580"}],"wp:attachment":[{"href":"https:\/\/depeches241.com\/index.php?rest_route=%2Fwp%2Fv2%2Fmedia&parent=28579"}],"wp:term":[{"taxonomy":"category","embeddable":true,"href":"https:\/\/depeches241.com\/index.php?rest_route=%2Fwp%2Fv2%2Fcategories&post=28579"},{"taxonomy":"post_tag","embeddable":true,"href":"https:\/\/depeches241.com\/index.php?rest_route=%2Fwp%2Fv2%2Ftags&post=28579"}],"curies":[{"name":"wp","href":"https:\/\/api.w.org\/{rel}","templated":true}]}}