{"id":28582,"date":"2026-04-28T13:11:19","date_gmt":"2026-04-28T11:11:19","guid":{"rendered":"https:\/\/depeches241.com\/?p=28582"},"modified":"2026-04-28T14:15:12","modified_gmt":"2026-04-28T12:15:12","slug":"gouvernance-post-avc-dali-bongo-les-decisions-prises-etaient-validees-par-le-president-de-la-republique-lui-meme-declare-ike-ngouoni","status":"publish","type":"post","link":"https:\/\/depeches241.com\/?p=28582","title":{"rendered":"Gouvernance post AVC d\u2019Ali Bongo: \u00ab Les d\u00e9cisions prises \u00e9taient valid\u00e9es par le Pr\u00e9sident de la R\u00e9publique lui-m\u00eame \u00bb, d\u00e9clare Ike Ngouoni\u00a0"},"content":{"rendered":"\n<figure class=\"wp-block-image size-large\"><img fetchpriority=\"high\" decoding=\"async\" width=\"1024\" height=\"571\" src=\"https:\/\/depeches241.com\/wp-content\/uploads\/2026\/04\/2d5c57d0-723d-49e2-8ba8-54669740a1cd-1024x571.jpeg\" alt=\"\" class=\"wp-image-28583\" srcset=\"https:\/\/depeches241.com\/wp-content\/uploads\/2026\/04\/2d5c57d0-723d-49e2-8ba8-54669740a1cd-1024x571.jpeg 1024w, https:\/\/depeches241.com\/wp-content\/uploads\/2026\/04\/2d5c57d0-723d-49e2-8ba8-54669740a1cd-300x167.jpeg 300w, https:\/\/depeches241.com\/wp-content\/uploads\/2026\/04\/2d5c57d0-723d-49e2-8ba8-54669740a1cd-768x428.jpeg 768w, https:\/\/depeches241.com\/wp-content\/uploads\/2026\/04\/2d5c57d0-723d-49e2-8ba8-54669740a1cd.jpeg 1280w\" sizes=\"(max-width: 1024px) 100vw, 1024px\" \/><figcaption class=\"wp-element-caption\"><strong><em>L\u2019interveiw de l\u2019ancien Porte parole bat en br\u00e8che le narratif des nouvelles autorit\u00e9s au pouvoir <\/em><\/strong><em><em>\u00a9D\u00e9p\u00eaches 241<\/em><\/em><\/figcaption><\/figure>\n\n\n\n<p><strong>Libreville, le 24 avril 2026-(D\u00e9p\u00eaches 241). Dans une r\u00e9cente interview accord\u00e9e au m\u00e9dia <\/strong><strong><em>Jeune Afrique,<\/em><\/strong><strong> Ike Ngouoni, ancien Conseiller Sp\u00e9cial et porte-parole de la Pr\u00e9sidence de la R\u00e9publique, est revenu sur un ensemble d\u2019\u00e9v\u00e9nements ayant marqu\u00e9 la gouvernance du pays apr\u00e8s l\u2019Accident Vasculaire C\u00e9r\u00e9bral (AVC) d\u2019Ali Bongo Ondimba en octobre 2018. Parmi les sujets \u00e9voqu\u00e9s par l\u2019ex <\/strong><strong><em>\u00ab Bla Boy \u00bb,<\/em><\/strong><strong> les d\u00e9cisions prises au sein du cabinet pr\u00e9sidentiel \u00e0 cette \u00e9poque: selon Ike Ngouoni <\/strong><strong><em>\u00ab elles \u00e9taient toutes valid\u00e9es par le Pr\u00e9sident de la R\u00e9publique lui-m\u00eame \u00bb.<\/em><\/strong><\/p>\n\n\n\n<p class=\"has-drop-cap\">Longtemps questionn\u00e9e, la gouvernance post AVC de l\u2019ancien Chef d&rsquo;\u00c9tat Gabonais enregistre un nouvel \u00e9clairage, et pas des moindres. Il s&rsquo;agit de celui d\u2019un de ses plus proches collaborateurs: Ike Ngouoni, ancien Conseiller Sp\u00e9cial du Pr\u00e9sident de la R\u00e9publique, par ailleurs son porte-parole. Dans une interview donn\u00e9e il y a quelques jours sur <em>Jeune Afrique,<\/em> il a r\u00e9pondu \u00e0 la question que tout le monde se posait apr\u00e8s octobre 2018: qui gouvernait le pays avant le 30 ao\u00fbt 2023 ?<\/p>\n\n\n\n<p>\u00c0 cette interrogation, l\u2019ancien membre influent du clan de Brice Laccruche Alihanga n\u2019a pas louvoy\u00e9. Il est rest\u00e9 formel: les d\u00e9cisions se prenaient <strong><em>\u00ab sur une base consensuelle \u00bb<\/em><\/strong>, m\u00ealant la Premi\u00e8re Dame, le Premier ministre d\u2019alors, les ministres r\u00e9galiens et m\u00eame la Pr\u00e9sidente de la Cour Constitutionnelle. Il va encore plus loin en relevant que ce mode de prise de d\u00e9cisions <strong><em>\u00ab \u00e9tait valid\u00e9 en dernier ressort par le Pr\u00e9sident de la R\u00e9publique lui-m\u00eame \u00bb<\/em><\/strong>, a indiqu\u00e9 Ike Ngouoni.<\/p>\n\n\n\n<p><strong>Une d\u00e9claration qui contredit le discours des autorit\u00e9s actuelles ?&nbsp;<\/strong><\/p>\n\n\n\n<p>L&rsquo;opinion se souvient toujours du discours de Brice Clotaire Oligui Nguema \u00e0 Franceville, en juillet 2024, alors qu&rsquo;il \u00e9tait encore Pr\u00e9sident de la Transition.<strong><em> \u00ab Souvenez-vous que votre fils,&nbsp; fr\u00e8re et oncle pour certains, Ali Bongo Ondimba a eu un AVC en octobre 2018 \u00e0 Riyad (\u2026). Nous militaires l\u2019avons toujours accompagn\u00e9, jusqu\u2019au jour o\u00f9 il passe la gestion du pays \u00e0 son&nbsp; fils et \u00e0 sa&nbsp; femme \u00bb,<\/em><\/strong> avait-il d\u2019abord clam\u00e9 pour expliquer la prise de pouvoir par les militaires.&nbsp;<\/p>\n\n\n\n<p>Restant sur les raisons ayant conduit au putsch du 30 ao\u00fbt 2023, l\u2019actuel Chef de l&rsquo;\u00c9tat avait \u00e9galement eu recours \u00e0 une anecdote. <strong><em>\u00ab Peu apr\u00e8s la d\u00e9p\u00e9nalisation de l\u2019homosexualit\u00e9, moi-m\u00eame et un notable du S\u00e9nat, nous nous sommes rendus chez Ali Bongo pour prendre des instructions (\u2026). \u00c0 notre arriv\u00e9e c\u2019\u00e9tait choquant, nous avions vu un Chef qui se cachait derri\u00e8re la porte, et qui laissait sa femme nous insulter \u00bb<\/em><\/strong>, avait d\u00e9clar\u00e9 ce jour, Oligui Nguema.<\/p>\n\n\n\n<p>Au regard de la derni\u00e8re sortie de l\u2019ancien porte-parole de la Pr\u00e9sidence de la R\u00e9publique, de nombreuses interrogations se font d\u00e9sormais jour: Ali Bongo Ondimba \u00e9tait-il v\u00e9ritablement inapte \u00e0 gouverner entre 2018 et 2023 ? Prenait-il encore en toute conscience les d\u00e9cisions utiles pour le pays ? Si oui, et \u00e0 la suite des propos d\u2019Ike Ngouoni, d&rsquo;o\u00f9 viennent alors les all\u00e9gations soutenant que le pouvoir \u00e9tait d\u00e9sormais entre les mains de son fils et de sa femme ? Toutes ces questions m\u00e9ritent des r\u00e9ponses claires aujourd&rsquo;hui.<\/p>\n\n\n\n<p><\/p>\n","protected":false},"excerpt":{"rendered":"<p>Libreville, le 24 avril 2026-(D\u00e9p\u00eaches 241). Dans une r\u00e9cente interview accord\u00e9e au m\u00e9dia Jeune Afrique, Ike Ngouoni, ancien Conseiller Sp\u00e9cial et porte-parole de la Pr\u00e9sidence de la R\u00e9publique, est revenu sur un ensemble d\u2019\u00e9v\u00e9nements ayant marqu\u00e9 la gouvernance du pays apr\u00e8s l\u2019Accident Vasculaire C\u00e9r\u00e9bral (AVC) d\u2019Ali Bongo Ondimba en octobre [&hellip;]<\/p>\n","protected":false},"author":18,"featured_media":28583,"comment_status":"open","ping_status":"open","sticky":false,"template":"","format":"standard","meta":{"om_disable_all_campaigns":false,"footnotes":""},"categories":[3,117],"tags":[5845,5846,99,59,5844,73],"class_list":{"0":"post-28582","1":"post","2":"type-post","3":"status-publish","4":"format-standard","5":"has-post-thumbnail","7":"category-politique","8":"category-une2","9":"tag-ancien-porte-parole","10":"tag-avc-ali-bongo","11":"tag-depeches241","12":"tag-gabon","13":"tag-ile-ngouoni","14":"tag-politique"},"yoast_head":"<!-- This site is optimized with the Yoast SEO plugin v27.5 - https:\/\/yoast.com\/product\/yoast-seo-wordpress\/ -->\n<title>Gouvernance post AVC d\u2019Ali Bongo: \u00ab Les d\u00e9cisions prises \u00e9taient valid\u00e9es par le Pr\u00e9sident de la R\u00e9publique lui-m\u00eame \u00bb, d\u00e9clare Ike Ngouoni\u00a0 - Groupe D\u00e9p\u00eaches241<\/title>\n<meta name=\"description\" content=\"Dans une r\u00e9cente interview accord\u00e9e au m\u00e9dia Jeune Afrique,Ike Ngouoni, ancien Conseiller Sp\u00e9cial et porte-parole de la Pr\u00e9sidence de la R\u00e9publique, est revenu sur un ensemble d\u2019\u00e9v\u00e9nements ayant marqu\u00e9 la gouvernance du pays apr\u00e8s l\u2019Accident Vasculaire C\u00e9r\u00e9bral (AVC) d\u2019Ali Bongo Ondimba en octobre 2018. Parmi les sujets \u00e9voqu\u00e9s par l\u2019ex \u00ab Bla Boy \u00bb,les d\u00e9cisions prises au sein du cabinet pr\u00e9sidentiel \u00e0 cette \u00e9poque: selon Ike Ngouoni \u00ab elles \u00e9taient toutes valid\u00e9es par le Pr\u00e9sident de la R\u00e9publique lui-m\u00eame \u00bb.\" \/>\n<meta name=\"robots\" content=\"index, follow, max-snippet:-1, max-image-preview:large, max-video-preview:-1\" \/>\n<link rel=\"canonical\" href=\"https:\/\/depeches241.com\/?p=28582\" \/>\n<meta property=\"og:locale\" content=\"fr_FR\" \/>\n<meta property=\"og:type\" content=\"article\" \/>\n<meta property=\"og:title\" content=\"Gouvernance post AVC d\u2019Ali Bongo: \u00ab Les d\u00e9cisions prises \u00e9taient valid\u00e9es par le Pr\u00e9sident de la R\u00e9publique lui-m\u00eame \u00bb, d\u00e9clare Ike Ngouoni\u00a0 - Groupe D\u00e9p\u00eaches241\" \/>\n<meta property=\"og:description\" content=\"Dans une r\u00e9cente interview accord\u00e9e au m\u00e9dia Jeune Afrique,Ike Ngouoni, ancien Conseiller Sp\u00e9cial et porte-parole de la Pr\u00e9sidence de la R\u00e9publique, est revenu sur un ensemble d\u2019\u00e9v\u00e9nements ayant marqu\u00e9 la gouvernance du pays apr\u00e8s l\u2019Accident Vasculaire C\u00e9r\u00e9bral (AVC) d\u2019Ali Bongo Ondimba en octobre 2018. Parmi les sujets \u00e9voqu\u00e9s par l\u2019ex \u00ab Bla Boy \u00bb,les d\u00e9cisions prises au sein du cabinet pr\u00e9sidentiel \u00e0 cette \u00e9poque: selon Ike Ngouoni \u00ab elles \u00e9taient toutes valid\u00e9es par le Pr\u00e9sident de la R\u00e9publique lui-m\u00eame \u00bb.\" \/>\n<meta property=\"og:url\" content=\"https:\/\/depeches241.com\/?p=28582\" \/>\n<meta property=\"og:site_name\" content=\"Groupe D\u00e9p\u00eaches241\" \/>\n<meta property=\"article:publisher\" content=\"https:\/\/www.facebook.com\/depeches241\" \/>\n<meta property=\"article:published_time\" content=\"2026-04-28T11:11:19+00:00\" \/>\n<meta property=\"article:modified_time\" content=\"2026-04-28T12:15:12+00:00\" \/>\n<meta property=\"og:image\" content=\"http:\/\/depeches241.com\/wp-content\/uploads\/2026\/04\/2d5c57d0-723d-49e2-8ba8-54669740a1cd.jpeg\" \/>\n\t<meta property=\"og:image:width\" content=\"1280\" \/>\n\t<meta property=\"og:image:height\" content=\"714\" \/>\n\t<meta property=\"og:image:type\" content=\"image\/jpeg\" \/>\n<meta name=\"author\" content=\"Fabien BIBANG\" \/>\n<meta name=\"twitter:card\" content=\"summary_large_image\" \/>\n<meta name=\"twitter:label1\" content=\"\u00c9crit par\" \/>\n\t<meta name=\"twitter:data1\" content=\"Fabien BIBANG\" \/>\n\t<meta name=\"twitter:label2\" content=\"Dur\u00e9e de lecture estim\u00e9e\" \/>\n\t<meta name=\"twitter:data2\" content=\"3 minutes\" \/>\n<script type=\"application\/ld+json\" class=\"yoast-schema-graph\">{\"@context\":\"https:\\\/\\\/schema.org\",\"@graph\":[{\"@type\":\"Article\",\"@id\":\"https:\\\/\\\/depeches241.com\\\/?p=28582#article\",\"isPartOf\":{\"@id\":\"https:\\\/\\\/depeches241.com\\\/?p=28582\"},\"author\":{\"name\":\"Fabien BIBANG\",\"@id\":\"https:\\\/\\\/depeches241.com\\\/#\\\/schema\\\/person\\\/1901eab6e51ac627fab3abccbd181d4e\"},\"headline\":\"Gouvernance post AVC d\u2019Ali Bongo: \u00ab Les d\u00e9cisions prises \u00e9taient valid\u00e9es par le Pr\u00e9sident de la R\u00e9publique lui-m\u00eame \u00bb, d\u00e9clare Ike Ngouoni\u00a0\",\"datePublished\":\"2026-04-28T11:11:19+00:00\",\"dateModified\":\"2026-04-28T12:15:12+00:00\",\"mainEntityOfPage\":{\"@id\":\"https:\\\/\\\/depeches241.com\\\/?p=28582\"},\"wordCount\":596,\"commentCount\":0,\"publisher\":{\"@id\":\"https:\\\/\\\/depeches241.com\\\/#organization\"},\"image\":{\"@id\":\"https:\\\/\\\/depeches241.com\\\/?p=28582#primaryimage\"},\"thumbnailUrl\":\"https:\\\/\\\/depeches241.com\\\/wp-content\\\/uploads\\\/2026\\\/04\\\/2d5c57d0-723d-49e2-8ba8-54669740a1cd.jpeg\",\"keywords\":[\"Ancien porte parole\",\"AVC Ali Bongo\",\"depeches241\",\"Gabon\",\"\u00cele Ngouoni\",\"Politique\"],\"articleSection\":[\"POLITIQUE\",\"Une2\"],\"inLanguage\":\"fr-FR\",\"potentialAction\":[{\"@type\":\"CommentAction\",\"name\":\"Comment\",\"target\":[\"https:\\\/\\\/depeches241.com\\\/?p=28582#respond\"]}]},{\"@type\":\"WebPage\",\"@id\":\"https:\\\/\\\/depeches241.com\\\/?p=28582\",\"url\":\"https:\\\/\\\/depeches241.com\\\/?p=28582\",\"name\":\"Gouvernance post AVC d\u2019Ali Bongo: \u00ab Les d\u00e9cisions prises \u00e9taient valid\u00e9es par le Pr\u00e9sident de la R\u00e9publique lui-m\u00eame \u00bb, d\u00e9clare Ike Ngouoni\u00a0 - Groupe D\u00e9p\u00eaches241\",\"isPartOf\":{\"@id\":\"https:\\\/\\\/depeches241.com\\\/#website\"},\"primaryImageOfPage\":{\"@id\":\"https:\\\/\\\/depeches241.com\\\/?p=28582#primaryimage\"},\"image\":{\"@id\":\"https:\\\/\\\/depeches241.com\\\/?p=28582#primaryimage\"},\"thumbnailUrl\":\"https:\\\/\\\/depeches241.com\\\/wp-content\\\/uploads\\\/2026\\\/04\\\/2d5c57d0-723d-49e2-8ba8-54669740a1cd.jpeg\",\"datePublished\":\"2026-04-28T11:11:19+00:00\",\"dateModified\":\"2026-04-28T12:15:12+00:00\",\"description\":\"Dans une r\u00e9cente interview accord\u00e9e au m\u00e9dia Jeune Afrique,Ike Ngouoni, ancien Conseiller Sp\u00e9cial et porte-parole de la Pr\u00e9sidence de la R\u00e9publique, est revenu sur un ensemble d\u2019\u00e9v\u00e9nements ayant marqu\u00e9 la gouvernance du pays apr\u00e8s l\u2019Accident Vasculaire C\u00e9r\u00e9bral (AVC) d\u2019Ali Bongo Ondimba en octobre 2018. Parmi les sujets \u00e9voqu\u00e9s par l\u2019ex \u00ab Bla Boy \u00bb,les d\u00e9cisions prises au sein du cabinet pr\u00e9sidentiel \u00e0 cette \u00e9poque: selon Ike Ngouoni \u00ab elles \u00e9taient toutes valid\u00e9es par le Pr\u00e9sident de la R\u00e9publique lui-m\u00eame \u00bb.\",\"breadcrumb\":{\"@id\":\"https:\\\/\\\/depeches241.com\\\/?p=28582#breadcrumb\"},\"inLanguage\":\"fr-FR\",\"potentialAction\":[{\"@type\":\"ReadAction\",\"target\":[\"https:\\\/\\\/depeches241.com\\\/?p=28582\"]}]},{\"@type\":\"ImageObject\",\"inLanguage\":\"fr-FR\",\"@id\":\"https:\\\/\\\/depeches241.com\\\/?p=28582#primaryimage\",\"url\":\"https:\\\/\\\/depeches241.com\\\/wp-content\\\/uploads\\\/2026\\\/04\\\/2d5c57d0-723d-49e2-8ba8-54669740a1cd.jpeg\",\"contentUrl\":\"https:\\\/\\\/depeches241.com\\\/wp-content\\\/uploads\\\/2026\\\/04\\\/2d5c57d0-723d-49e2-8ba8-54669740a1cd.jpeg\",\"width\":1280,\"height\":714},{\"@type\":\"BreadcrumbList\",\"@id\":\"https:\\\/\\\/depeches241.com\\\/?p=28582#breadcrumb\",\"itemListElement\":[{\"@type\":\"ListItem\",\"position\":1,\"name\":\"Accueil\",\"item\":\"https:\\\/\\\/depeches241.com\\\/\"},{\"@type\":\"ListItem\",\"position\":2,\"name\":\"Gouvernance post AVC d\u2019Ali Bongo: \u00ab Les d\u00e9cisions prises \u00e9taient valid\u00e9es par le Pr\u00e9sident de la R\u00e9publique lui-m\u00eame \u00bb, d\u00e9clare Ike Ngouoni\u00a0\"}]},{\"@type\":\"WebSite\",\"@id\":\"https:\\\/\\\/depeches241.com\\\/#website\",\"url\":\"https:\\\/\\\/depeches241.com\\\/\",\"name\":\"D\u00e9p\u00eaches241\",\"description\":\"M\u00e9dia d&#039;actualit\u00e9 Politique, \u00c9conomique, Sociale et Internationale\",\"publisher\":{\"@id\":\"https:\\\/\\\/depeches241.com\\\/#organization\"},\"potentialAction\":[{\"@type\":\"SearchAction\",\"target\":{\"@type\":\"EntryPoint\",\"urlTemplate\":\"https:\\\/\\\/depeches241.com\\\/?s={search_term_string}\"},\"query-input\":{\"@type\":\"PropertyValueSpecification\",\"valueRequired\":true,\"valueName\":\"search_term_string\"}}],\"inLanguage\":\"fr-FR\"},{\"@type\":\"Organization\",\"@id\":\"https:\\\/\\\/depeches241.com\\\/#organization\",\"name\":\"Groupe D\u00e9p\u00eaches241\",\"url\":\"https:\\\/\\\/depeches241.com\\\/\",\"logo\":{\"@type\":\"ImageObject\",\"inLanguage\":\"fr-FR\",\"@id\":\"https:\\\/\\\/depeches241.com\\\/#\\\/schema\\\/logo\\\/image\\\/\",\"url\":\"https:\\\/\\\/depeches241.com\\\/wp-content\\\/uploads\\\/2021\\\/10\\\/cropped-Logo-new-Accueil.png\",\"contentUrl\":\"https:\\\/\\\/depeches241.com\\\/wp-content\\\/uploads\\\/2021\\\/10\\\/cropped-Logo-new-Accueil.png\",\"width\":320,\"height\":105,\"caption\":\"Groupe D\u00e9p\u00eaches241\"},\"image\":{\"@id\":\"https:\\\/\\\/depeches241.com\\\/#\\\/schema\\\/logo\\\/image\\\/\"},\"sameAs\":[\"https:\\\/\\\/www.facebook.com\\\/depeches241\"]},{\"@type\":\"Person\",\"@id\":\"https:\\\/\\\/depeches241.com\\\/#\\\/schema\\\/person\\\/1901eab6e51ac627fab3abccbd181d4e\",\"name\":\"Fabien BIBANG\",\"image\":{\"@type\":\"ImageObject\",\"inLanguage\":\"fr-FR\",\"@id\":\"https:\\\/\\\/secure.gravatar.com\\\/avatar\\\/18bb838415fc126d966f8ac8e32711b2843c5ba6e35a2e6699a14ef69705dc76?s=96&d=mm&r=g\",\"url\":\"https:\\\/\\\/secure.gravatar.com\\\/avatar\\\/18bb838415fc126d966f8ac8e32711b2843c5ba6e35a2e6699a14ef69705dc76?s=96&d=mm&r=g\",\"contentUrl\":\"https:\\\/\\\/secure.gravatar.com\\\/avatar\\\/18bb838415fc126d966f8ac8e32711b2843c5ba6e35a2e6699a14ef69705dc76?s=96&d=mm&r=g\",\"caption\":\"Fabien BIBANG\"},\"description\":\"Fabien BIBANG est dipl\u00f6m\u00e9 en Philosophie et Lettres. Son amour pour la lecture, l'histoire et les arts, ainsi que son engagement sur le front social l'ont tr\u00e8s t\u00f4t conduit sur les antennes des cha\u00eenes de t\u00e9l\u00e9s et radios pour y d\u00e9fendre ses postures. Sp\u00e9cialiste des questions socio-politiques, il re\u00e7oit le Prix Encouragements au Concours M\u00e9dias UNICEF en novembre 2022\",\"url\":\"https:\\\/\\\/depeches241.com\\\/?author=18\"}]}<\/script>\n<!-- \/ Yoast SEO plugin. -->","yoast_head_json":{"title":"Gouvernance post AVC d\u2019Ali Bongo: \u00ab Les d\u00e9cisions prises \u00e9taient valid\u00e9es par le Pr\u00e9sident de la R\u00e9publique lui-m\u00eame \u00bb, d\u00e9clare Ike Ngouoni\u00a0 - Groupe D\u00e9p\u00eaches241","description":"Dans une r\u00e9cente interview accord\u00e9e au m\u00e9dia Jeune Afrique,Ike Ngouoni, ancien Conseiller Sp\u00e9cial et porte-parole de la Pr\u00e9sidence de la R\u00e9publique, est revenu sur un ensemble d\u2019\u00e9v\u00e9nements ayant marqu\u00e9 la gouvernance du pays apr\u00e8s l\u2019Accident Vasculaire C\u00e9r\u00e9bral (AVC) d\u2019Ali Bongo Ondimba en octobre 2018. Parmi les sujets \u00e9voqu\u00e9s par l\u2019ex \u00ab Bla Boy \u00bb,les d\u00e9cisions prises au sein du cabinet pr\u00e9sidentiel \u00e0 cette \u00e9poque: selon Ike Ngouoni \u00ab elles \u00e9taient toutes valid\u00e9es par le Pr\u00e9sident de la R\u00e9publique lui-m\u00eame \u00bb.","robots":{"index":"index","follow":"follow","max-snippet":"max-snippet:-1","max-image-preview":"max-image-preview:large","max-video-preview":"max-video-preview:-1"},"canonical":"https:\/\/depeches241.com\/?p=28582","og_locale":"fr_FR","og_type":"article","og_title":"Gouvernance post AVC d\u2019Ali Bongo: \u00ab Les d\u00e9cisions prises \u00e9taient valid\u00e9es par le Pr\u00e9sident de la R\u00e9publique lui-m\u00eame \u00bb, d\u00e9clare Ike Ngouoni\u00a0 - Groupe D\u00e9p\u00eaches241","og_description":"Dans une r\u00e9cente interview accord\u00e9e au m\u00e9dia Jeune Afrique,Ike Ngouoni, ancien Conseiller Sp\u00e9cial et porte-parole de la Pr\u00e9sidence de la R\u00e9publique, est revenu sur un ensemble d\u2019\u00e9v\u00e9nements ayant marqu\u00e9 la gouvernance du pays apr\u00e8s l\u2019Accident Vasculaire C\u00e9r\u00e9bral (AVC) d\u2019Ali Bongo Ondimba en octobre 2018. Parmi les sujets \u00e9voqu\u00e9s par l\u2019ex \u00ab Bla Boy \u00bb,les d\u00e9cisions prises au sein du cabinet pr\u00e9sidentiel \u00e0 cette \u00e9poque: selon Ike Ngouoni \u00ab elles \u00e9taient toutes valid\u00e9es par le Pr\u00e9sident de la R\u00e9publique lui-m\u00eame \u00bb.","og_url":"https:\/\/depeches241.com\/?p=28582","og_site_name":"Groupe D\u00e9p\u00eaches241","article_publisher":"https:\/\/www.facebook.com\/depeches241","article_published_time":"2026-04-28T11:11:19+00:00","article_modified_time":"2026-04-28T12:15:12+00:00","og_image":[{"width":1280,"height":714,"url":"http:\/\/depeches241.com\/wp-content\/uploads\/2026\/04\/2d5c57d0-723d-49e2-8ba8-54669740a1cd.jpeg","type":"image\/jpeg"}],"author":"Fabien BIBANG","twitter_card":"summary_large_image","twitter_misc":{"\u00c9crit par":"Fabien BIBANG","Dur\u00e9e de lecture estim\u00e9e":"3 minutes"},"schema":{"@context":"https:\/\/schema.org","@graph":[{"@type":"Article","@id":"https:\/\/depeches241.com\/?p=28582#article","isPartOf":{"@id":"https:\/\/depeches241.com\/?p=28582"},"author":{"name":"Fabien BIBANG","@id":"https:\/\/depeches241.com\/#\/schema\/person\/1901eab6e51ac627fab3abccbd181d4e"},"headline":"Gouvernance post AVC d\u2019Ali Bongo: \u00ab Les d\u00e9cisions prises \u00e9taient valid\u00e9es par le Pr\u00e9sident de la R\u00e9publique lui-m\u00eame \u00bb, d\u00e9clare Ike Ngouoni\u00a0","datePublished":"2026-04-28T11:11:19+00:00","dateModified":"2026-04-28T12:15:12+00:00","mainEntityOfPage":{"@id":"https:\/\/depeches241.com\/?p=28582"},"wordCount":596,"commentCount":0,"publisher":{"@id":"https:\/\/depeches241.com\/#organization"},"image":{"@id":"https:\/\/depeches241.com\/?p=28582#primaryimage"},"thumbnailUrl":"https:\/\/depeches241.com\/wp-content\/uploads\/2026\/04\/2d5c57d0-723d-49e2-8ba8-54669740a1cd.jpeg","keywords":["Ancien porte parole","AVC Ali Bongo","depeches241","Gabon","\u00cele Ngouoni","Politique"],"articleSection":["POLITIQUE","Une2"],"inLanguage":"fr-FR","potentialAction":[{"@type":"CommentAction","name":"Comment","target":["https:\/\/depeches241.com\/?p=28582#respond"]}]},{"@type":"WebPage","@id":"https:\/\/depeches241.com\/?p=28582","url":"https:\/\/depeches241.com\/?p=28582","name":"Gouvernance post AVC d\u2019Ali Bongo: \u00ab Les d\u00e9cisions prises \u00e9taient valid\u00e9es par le Pr\u00e9sident de la R\u00e9publique lui-m\u00eame \u00bb, d\u00e9clare Ike Ngouoni\u00a0 - Groupe D\u00e9p\u00eaches241","isPartOf":{"@id":"https:\/\/depeches241.com\/#website"},"primaryImageOfPage":{"@id":"https:\/\/depeches241.com\/?p=28582#primaryimage"},"image":{"@id":"https:\/\/depeches241.com\/?p=28582#primaryimage"},"thumbnailUrl":"https:\/\/depeches241.com\/wp-content\/uploads\/2026\/04\/2d5c57d0-723d-49e2-8ba8-54669740a1cd.jpeg","datePublished":"2026-04-28T11:11:19+00:00","dateModified":"2026-04-28T12:15:12+00:00","description":"Dans une r\u00e9cente interview accord\u00e9e au m\u00e9dia Jeune Afrique,Ike Ngouoni, ancien Conseiller Sp\u00e9cial et porte-parole de la Pr\u00e9sidence de la R\u00e9publique, est revenu sur un ensemble d\u2019\u00e9v\u00e9nements ayant marqu\u00e9 la gouvernance du pays apr\u00e8s l\u2019Accident Vasculaire C\u00e9r\u00e9bral (AVC) d\u2019Ali Bongo Ondimba en octobre 2018. Parmi les sujets \u00e9voqu\u00e9s par l\u2019ex \u00ab Bla Boy \u00bb,les d\u00e9cisions prises au sein du cabinet pr\u00e9sidentiel \u00e0 cette \u00e9poque: selon Ike Ngouoni \u00ab elles \u00e9taient toutes valid\u00e9es par le Pr\u00e9sident de la R\u00e9publique lui-m\u00eame \u00bb.","breadcrumb":{"@id":"https:\/\/depeches241.com\/?p=28582#breadcrumb"},"inLanguage":"fr-FR","potentialAction":[{"@type":"ReadAction","target":["https:\/\/depeches241.com\/?p=28582"]}]},{"@type":"ImageObject","inLanguage":"fr-FR","@id":"https:\/\/depeches241.com\/?p=28582#primaryimage","url":"https:\/\/depeches241.com\/wp-content\/uploads\/2026\/04\/2d5c57d0-723d-49e2-8ba8-54669740a1cd.jpeg","contentUrl":"https:\/\/depeches241.com\/wp-content\/uploads\/2026\/04\/2d5c57d0-723d-49e2-8ba8-54669740a1cd.jpeg","width":1280,"height":714},{"@type":"BreadcrumbList","@id":"https:\/\/depeches241.com\/?p=28582#breadcrumb","itemListElement":[{"@type":"ListItem","position":1,"name":"Accueil","item":"https:\/\/depeches241.com\/"},{"@type":"ListItem","position":2,"name":"Gouvernance post AVC d\u2019Ali Bongo: \u00ab Les d\u00e9cisions prises \u00e9taient valid\u00e9es par le Pr\u00e9sident de la R\u00e9publique lui-m\u00eame \u00bb, d\u00e9clare Ike Ngouoni\u00a0"}]},{"@type":"WebSite","@id":"https:\/\/depeches241.com\/#website","url":"https:\/\/depeches241.com\/","name":"D\u00e9p\u00eaches241","description":"M\u00e9dia d&#039;actualit\u00e9 Politique, \u00c9conomique, Sociale et Internationale","publisher":{"@id":"https:\/\/depeches241.com\/#organization"},"potentialAction":[{"@type":"SearchAction","target":{"@type":"EntryPoint","urlTemplate":"https:\/\/depeches241.com\/?s={search_term_string}"},"query-input":{"@type":"PropertyValueSpecification","valueRequired":true,"valueName":"search_term_string"}}],"inLanguage":"fr-FR"},{"@type":"Organization","@id":"https:\/\/depeches241.com\/#organization","name":"Groupe D\u00e9p\u00eaches241","url":"https:\/\/depeches241.com\/","logo":{"@type":"ImageObject","inLanguage":"fr-FR","@id":"https:\/\/depeches241.com\/#\/schema\/logo\/image\/","url":"https:\/\/depeches241.com\/wp-content\/uploads\/2021\/10\/cropped-Logo-new-Accueil.png","contentUrl":"https:\/\/depeches241.com\/wp-content\/uploads\/2021\/10\/cropped-Logo-new-Accueil.png","width":320,"height":105,"caption":"Groupe D\u00e9p\u00eaches241"},"image":{"@id":"https:\/\/depeches241.com\/#\/schema\/logo\/image\/"},"sameAs":["https:\/\/www.facebook.com\/depeches241"]},{"@type":"Person","@id":"https:\/\/depeches241.com\/#\/schema\/person\/1901eab6e51ac627fab3abccbd181d4e","name":"Fabien BIBANG","image":{"@type":"ImageObject","inLanguage":"fr-FR","@id":"https:\/\/secure.gravatar.com\/avatar\/18bb838415fc126d966f8ac8e32711b2843c5ba6e35a2e6699a14ef69705dc76?s=96&d=mm&r=g","url":"https:\/\/secure.gravatar.com\/avatar\/18bb838415fc126d966f8ac8e32711b2843c5ba6e35a2e6699a14ef69705dc76?s=96&d=mm&r=g","contentUrl":"https:\/\/secure.gravatar.com\/avatar\/18bb838415fc126d966f8ac8e32711b2843c5ba6e35a2e6699a14ef69705dc76?s=96&d=mm&r=g","caption":"Fabien BIBANG"},"description":"Fabien BIBANG est dipl\u00f6m\u00e9 en Philosophie et Lettres. Son amour pour la lecture, l'histoire et les arts, ainsi que son engagement sur le front social l'ont tr\u00e8s t\u00f4t conduit sur les antennes des cha\u00eenes de t\u00e9l\u00e9s et radios pour y d\u00e9fendre ses postures. Sp\u00e9cialiste des questions socio-politiques, il re\u00e7oit le Prix Encouragements au Concours M\u00e9dias UNICEF en novembre 2022","url":"https:\/\/depeches241.com\/?author=18"}]}},"_links":{"self":[{"href":"https:\/\/depeches241.com\/index.php?rest_route=\/wp\/v2\/posts\/28582","targetHints":{"allow":["GET"]}}],"collection":[{"href":"https:\/\/depeches241.com\/index.php?rest_route=\/wp\/v2\/posts"}],"about":[{"href":"https:\/\/depeches241.com\/index.php?rest_route=\/wp\/v2\/types\/post"}],"author":[{"embeddable":true,"href":"https:\/\/depeches241.com\/index.php?rest_route=\/wp\/v2\/users\/18"}],"replies":[{"embeddable":true,"href":"https:\/\/depeches241.com\/index.php?rest_route=%2Fwp%2Fv2%2Fcomments&post=28582"}],"version-history":[{"count":2,"href":"https:\/\/depeches241.com\/index.php?rest_route=\/wp\/v2\/posts\/28582\/revisions"}],"predecessor-version":[{"id":28590,"href":"https:\/\/depeches241.com\/index.php?rest_route=\/wp\/v2\/posts\/28582\/revisions\/28590"}],"wp:featuredmedia":[{"embeddable":true,"href":"https:\/\/depeches241.com\/index.php?rest_route=\/wp\/v2\/media\/28583"}],"wp:attachment":[{"href":"https:\/\/depeches241.com\/index.php?rest_route=%2Fwp%2Fv2%2Fmedia&parent=28582"}],"wp:term":[{"taxonomy":"category","embeddable":true,"href":"https:\/\/depeches241.com\/index.php?rest_route=%2Fwp%2Fv2%2Fcategories&post=28582"},{"taxonomy":"post_tag","embeddable":true,"href":"https:\/\/depeches241.com\/index.php?rest_route=%2Fwp%2Fv2%2Ftags&post=28582"}],"curies":[{"name":"wp","href":"https:\/\/api.w.org\/{rel}","templated":true}]}}