{"id":28585,"date":"2026-04-28T13:33:59","date_gmt":"2026-04-28T11:33:59","guid":{"rendered":"https:\/\/depeches241.com\/?p=28585"},"modified":"2026-04-28T14:59:59","modified_gmt":"2026-04-28T12:59:59","slug":"franck-nguema-signe-son-retour-politique-avec-un-essai-centre-sur-la-lutte-contre-la-pauvrete","status":"publish","type":"post","link":"https:\/\/depeches241.com\/?p=28585","title":{"rendered":"Gabon: Franck Nguema signe son retour politique avec un essai centr\u00e9 sur la lutte contre la pauvret\u00e9"},"content":{"rendered":"\n<figure class=\"wp-block-image size-large\"><img fetchpriority=\"high\" decoding=\"async\" width=\"1024\" height=\"565\" src=\"https:\/\/depeches241.com\/wp-content\/uploads\/2026\/04\/14af1a97-178e-4989-baaf-5379b59bf1e4-1024x565.jpeg\" alt=\"\" class=\"wp-image-28586\" srcset=\"https:\/\/depeches241.com\/wp-content\/uploads\/2026\/04\/14af1a97-178e-4989-baaf-5379b59bf1e4-1024x565.jpeg 1024w, https:\/\/depeches241.com\/wp-content\/uploads\/2026\/04\/14af1a97-178e-4989-baaf-5379b59bf1e4-300x165.jpeg 300w, https:\/\/depeches241.com\/wp-content\/uploads\/2026\/04\/14af1a97-178e-4989-baaf-5379b59bf1e4-768x424.jpeg 768w, https:\/\/depeches241.com\/wp-content\/uploads\/2026\/04\/14af1a97-178e-4989-baaf-5379b59bf1e4.jpeg 1280w\" sizes=\"(max-width: 1024px) 100vw, 1024px\" \/><figcaption class=\"wp-element-caption\"><strong><em>L\u2019ancien ministre des Sports d\u2019Ali Bongo met \u00e0 disposition des nouvelles autorit\u00e9s un essai sur la lutte contre la pauvret\u00e9. <\/em><\/strong><em><em>\u00a9D\u00e9p\u00eaches 241<\/em><\/em><\/figcaption><\/figure>\n\n\n\n<p><strong>Libreville, le 28 avril 2026-(D\u00e9p\u00eaches 241). Ce lundi 27 avril 2026, \u00e0 l\u2019occasion d\u2019une conf\u00e9rence de presse, Franck Nguema a pr\u00e9sent\u00e9 un essai politique et social qui aborde des questions cruciales li\u00e9es \u00e0 \u00ab <\/strong><strong><em>la lutte contre la pauvret\u00e9 au Gabon<\/em><\/strong><strong> \u00bb. Apr\u00e8s une mise \u00e0 l\u2019\u00e9cart et un silence lancinant aux allures de retraite politique, \u00e0 l\u2019issue des \u00e9lections l\u00e9gislatives d\u2019octobre et septembre derniers, l\u2019ancien ministre des Sports signe son retour avec un ouvrage ax\u00e9 sur le social au Gabon. L\u2019ancien membre du gouvernement, par cette entr\u00e9e fracassante, entend se d\u00e9marquer des hommes politiques gabonais dont le d\u00e9faut particulier est de vouloir \u00eatre importants, au lieu d\u2019\u00eatre utiles.<\/strong><\/p>\n\n\n\n<p class=\"has-drop-cap\">Apr\u00e8s une mise \u00e0 l\u2019\u00e9cart volontaire de six mois, sans \u00eatre vu ni entendu dans le milieu politique gabonais, celui qui a accompagn\u00e9 Andr\u00e9 Mba Obame jusqu\u2019\u00e0 sa derni\u00e8re demeure est de retour. \u00c0 en croire ses propos, ce retour n\u2019est pas anodin : il marque la naissance d\u2019un homme politique nouveau, qui estime que \u00ab<strong><em> le succ\u00e8s n\u2019est pas final, l\u2019\u00e9chec n\u2019est pas fatal, c\u2019est le courage de continuer qui compte<\/em><\/strong><strong> <\/strong>\u00bb, a-t-il d\u00e9clar\u00e9. Autrement dit, en tant qu\u2019homme politique, il consid\u00e8re qu\u2019on ne peut pas raisonnablement demeurer ind\u00e9finiment dans la r\u00e9ussite, ni \u00e9viter miraculeusement de tomber devant certaines situations de la vie; ce qui est important, c\u2019est la capacit\u00e9 \u00e0 aller de l\u2019avant, ne jamais renoncer, tout en prenant soin de se corriger.<\/p>\n\n\n\n<p>Pour l\u2019homme politique, la publication de cet ouvrage ne consiste en aucune fa\u00e7on une mani\u00e8re de renier son pass\u00e9 ; bien au contraire, il l\u2019assume. Il l\u2019assume d\u2019autant plus que ce pass\u00e9 comporte aussi bien des erreurs que des r\u00e9ussites qui ont concouru \u00e0 faire de lui le nouvel homme politique qu\u2019il se propose d\u2019\u00eatre. Pour lui, le Gabon est \u00e0 un tournant majeur, symbolis\u00e9 par l\u2019\u00e9lection du pr\u00e9sident Oligui Nguema, dont la vision et l\u2019ambition sont de permettre \u00e0 chaque citoyen gabonais de b\u00e9n\u00e9ficier d\u2019une meilleure redistribution des ressources de leur pays. Car, avec un tiers de la population vivant sous le seuil de pauvret\u00e9 dans notre pays, il est plus que n\u00e9cessaire de mettre en place de nouveaux m\u00e9canismes de politiques sociales capables de prendre en compte ces populations d\u00e9munies.<\/p>\n\n\n\n<p>Certes, tout n\u2019est pas encore parfait, mais selon lui, de nombreux efforts sont faits par le pr\u00e9sident de la R\u00e9publique, \u00e0 qui il ne manque jamais de rappeler la n\u00e9cessit\u00e9 de continuer \u00e0 produire des efforts encore plus importants. Tout en reconnaissant que la confiance et l\u2019espoir du peuple gabonais s\u2019\u00e9rodent chaque jour un peu plus, Franck Nguema assure \u00eatre un soutien du chef de l\u2019\u00c9tat d\u00e9termin\u00e9 \u00e0 lui apporter son aide autant que faire se peut.<\/p>\n\n\n\n<p>C\u2019est pourquoi il a produit cet essai. Il s\u2019agit ainsi, pour lui, non seulement de faire un diagnostic clair et lucide des r\u00e9alit\u00e9s sociales de gabonais, dans l\u2019optique de permettre au gouvernement de proposer des solutions adapt\u00e9es, mais, c\u2019est \u00e9galement et surtout une occasion de mettre sous les projecteurs l\u2019id\u00e9e qu\u2019il se fait de la situation de pr\u00e9carit\u00e9 du Gabon. D\u2019autant que, affirme t-il, \u00ab <strong><em>ce qui est bon pour les Gabonais est bon pour le Gabon<\/em><\/strong> \u00bb.<\/p>\n\n\n\n<p>L&rsquo;ouvrage, en d\u00e9finitif, met en lumi\u00e8re l\u2019engagement politique et social de l\u2019homme politique. En tant que membre du gouvernement de l\u2019ancien r\u00e9gime et ancien d\u00e9put\u00e9 d\u2019Akanda, il pense avoir pos\u00e9 des actes, peut-\u00eatre pas suffisamment, qui ont b\u00e9n\u00e9fici\u00e9 \u00e0 certains de ses compatriotes, notamment les populations d\u2019Akanda, dont il a accompagn\u00e9 plus de 600 personnes sur le chemin de l\u2019autonomisation. Aussi pense-t-il, modestement, avoir \u00e9t\u00e9 un homme politique utile pour ses compatriotes, et non un homme politique important.<\/p>\n\n\n\n<p>\u00c0 travers cet essai, Franck Nguema tente de red\u00e9finir son positionnement politique en l\u2019ancrant dans une approche sociale assum\u00e9e. Entre reconnaissance de ses limites pass\u00e9es et volont\u00e9 affich\u00e9e de contribuer au d\u00e9bat public, son retour s\u2019inscrit dans une dynamique o\u00f9 l\u2019utilit\u00e9 revendiqu\u00e9e devra d\u00e9sormais se mesurer \u00e0 l\u2019\u00e9preuve des faits et des attentes croissantes des Gabonais.<\/p>\n\n\n\n<p><\/p>\n","protected":false},"excerpt":{"rendered":"<p>Libreville, le 28 avril 2026-(D\u00e9p\u00eaches 241). Ce lundi 27 avril 2026, \u00e0 l\u2019occasion d\u2019une conf\u00e9rence de presse, Franck Nguema a pr\u00e9sent\u00e9 un essai politique et social qui aborde des questions cruciales li\u00e9es \u00e0 \u00ab la lutte contre la pauvret\u00e9 au Gabon \u00bb. Apr\u00e8s une mise \u00e0 l\u2019\u00e9cart et un silence [&hellip;]<\/p>\n","protected":false},"author":21,"featured_media":28586,"comment_status":"open","ping_status":"open","sticky":false,"template":"","format":"standard","meta":{"om_disable_all_campaigns":false,"footnotes":""},"categories":[3,117],"tags":[99,5847,433,59,5848,73],"class_list":{"0":"post-28585","1":"post","2":"type-post","3":"status-publish","4":"format-standard","5":"has-post-thumbnail","7":"category-politique","8":"category-une2","9":"tag-depeches241","10":"tag-essaie-politique","11":"tag-franck-nguema-2","12":"tag-gabon","13":"tag-lutte-contre-la-pauvrete","14":"tag-politique"},"yoast_head":"<!-- This site is optimized with the Yoast SEO plugin v27.5 - https:\/\/yoast.com\/product\/yoast-seo-wordpress\/ -->\n<title>Gabon: Franck Nguema signe son retour politique avec un essai centr\u00e9 sur la lutte contre la pauvret\u00e9 - Groupe D\u00e9p\u00eaches241<\/title>\n<meta name=\"description\" content=\"Ce lundi 27 avril 2026, \u00e0 l\u2019occasion d\u2019une conf\u00e9rence de presse, Franck Nguema a pr\u00e9sent\u00e9 un essai politique et social qui aborde des questions cruciales li\u00e9es \u00e0 \u00ab la lutte contre la pauvret\u00e9 au Gabon\u00bb. Apr\u00e8s une mise \u00e0 l\u2019\u00e9cart et un silence lancinant aux allures de retraite politique, \u00e0 l\u2019issue des \u00e9lections l\u00e9gislatives d\u2019octobre et septembre derniers, l\u2019ancien ministre des Sports signe son retour avec un ouvrage ax\u00e9 sur le social au Gabon. L\u2019ancien membre du gouvernement, par cette entr\u00e9e fracassante, entend se d\u00e9marquer des hommes politiques gabonais dont le d\u00e9faut particulier est de vouloir \u00eatre importants, au lieu d\u2019\u00eatre utiles.\" \/>\n<meta name=\"robots\" content=\"index, follow, max-snippet:-1, max-image-preview:large, max-video-preview:-1\" \/>\n<link rel=\"canonical\" href=\"https:\/\/depeches241.com\/?p=28585\" \/>\n<meta property=\"og:locale\" content=\"fr_FR\" \/>\n<meta property=\"og:type\" content=\"article\" \/>\n<meta property=\"og:title\" content=\"Gabon: Franck Nguema signe son retour politique avec un essai centr\u00e9 sur la lutte contre la pauvret\u00e9 - Groupe D\u00e9p\u00eaches241\" \/>\n<meta property=\"og:description\" content=\"Ce lundi 27 avril 2026, \u00e0 l\u2019occasion d\u2019une conf\u00e9rence de presse, Franck Nguema a pr\u00e9sent\u00e9 un essai politique et social qui aborde des questions cruciales li\u00e9es \u00e0 \u00ab la lutte contre la pauvret\u00e9 au Gabon\u00bb. Apr\u00e8s une mise \u00e0 l\u2019\u00e9cart et un silence lancinant aux allures de retraite politique, \u00e0 l\u2019issue des \u00e9lections l\u00e9gislatives d\u2019octobre et septembre derniers, l\u2019ancien ministre des Sports signe son retour avec un ouvrage ax\u00e9 sur le social au Gabon. L\u2019ancien membre du gouvernement, par cette entr\u00e9e fracassante, entend se d\u00e9marquer des hommes politiques gabonais dont le d\u00e9faut particulier est de vouloir \u00eatre importants, au lieu d\u2019\u00eatre utiles.\" \/>\n<meta property=\"og:url\" content=\"https:\/\/depeches241.com\/?p=28585\" \/>\n<meta property=\"og:site_name\" content=\"Groupe D\u00e9p\u00eaches241\" \/>\n<meta property=\"article:publisher\" content=\"https:\/\/www.facebook.com\/depeches241\" \/>\n<meta property=\"article:published_time\" content=\"2026-04-28T11:33:59+00:00\" \/>\n<meta property=\"article:modified_time\" content=\"2026-04-28T12:59:59+00:00\" \/>\n<meta property=\"og:image\" content=\"http:\/\/depeches241.com\/wp-content\/uploads\/2026\/04\/14af1a97-178e-4989-baaf-5379b59bf1e4.jpeg\" \/>\n\t<meta property=\"og:image:width\" content=\"1280\" \/>\n\t<meta property=\"og:image:height\" content=\"706\" \/>\n\t<meta property=\"og:image:type\" content=\"image\/jpeg\" \/>\n<meta name=\"author\" content=\"Edgard Nze\" \/>\n<meta name=\"twitter:card\" content=\"summary_large_image\" \/>\n<meta name=\"twitter:label1\" content=\"\u00c9crit par\" \/>\n\t<meta name=\"twitter:data1\" content=\"Edgard Nze\" \/>\n\t<meta name=\"twitter:label2\" content=\"Dur\u00e9e de lecture estim\u00e9e\" \/>\n\t<meta name=\"twitter:data2\" content=\"4 minutes\" \/>\n<script type=\"application\/ld+json\" class=\"yoast-schema-graph\">{\"@context\":\"https:\\\/\\\/schema.org\",\"@graph\":[{\"@type\":\"Article\",\"@id\":\"https:\\\/\\\/depeches241.com\\\/?p=28585#article\",\"isPartOf\":{\"@id\":\"https:\\\/\\\/depeches241.com\\\/?p=28585\"},\"author\":{\"name\":\"Edgard Nze\",\"@id\":\"https:\\\/\\\/depeches241.com\\\/#\\\/schema\\\/person\\\/b176413dc3253251b009f794f4c98a7b\"},\"headline\":\"Gabon: Franck Nguema signe son retour politique avec un essai centr\u00e9 sur la lutte contre la pauvret\u00e9\",\"datePublished\":\"2026-04-28T11:33:59+00:00\",\"dateModified\":\"2026-04-28T12:59:59+00:00\",\"mainEntityOfPage\":{\"@id\":\"https:\\\/\\\/depeches241.com\\\/?p=28585\"},\"wordCount\":767,\"commentCount\":0,\"publisher\":{\"@id\":\"https:\\\/\\\/depeches241.com\\\/#organization\"},\"image\":{\"@id\":\"https:\\\/\\\/depeches241.com\\\/?p=28585#primaryimage\"},\"thumbnailUrl\":\"https:\\\/\\\/depeches241.com\\\/wp-content\\\/uploads\\\/2026\\\/04\\\/14af1a97-178e-4989-baaf-5379b59bf1e4.jpeg\",\"keywords\":[\"depeches241\",\"Essaie politique\",\"Franck Nguema\",\"Gabon\",\"Lutte contre la pauvret\u00e9\",\"Politique\"],\"articleSection\":[\"POLITIQUE\",\"Une2\"],\"inLanguage\":\"fr-FR\",\"potentialAction\":[{\"@type\":\"CommentAction\",\"name\":\"Comment\",\"target\":[\"https:\\\/\\\/depeches241.com\\\/?p=28585#respond\"]}]},{\"@type\":\"WebPage\",\"@id\":\"https:\\\/\\\/depeches241.com\\\/?p=28585\",\"url\":\"https:\\\/\\\/depeches241.com\\\/?p=28585\",\"name\":\"Gabon: Franck Nguema signe son retour politique avec un essai centr\u00e9 sur la lutte contre la pauvret\u00e9 - Groupe D\u00e9p\u00eaches241\",\"isPartOf\":{\"@id\":\"https:\\\/\\\/depeches241.com\\\/#website\"},\"primaryImageOfPage\":{\"@id\":\"https:\\\/\\\/depeches241.com\\\/?p=28585#primaryimage\"},\"image\":{\"@id\":\"https:\\\/\\\/depeches241.com\\\/?p=28585#primaryimage\"},\"thumbnailUrl\":\"https:\\\/\\\/depeches241.com\\\/wp-content\\\/uploads\\\/2026\\\/04\\\/14af1a97-178e-4989-baaf-5379b59bf1e4.jpeg\",\"datePublished\":\"2026-04-28T11:33:59+00:00\",\"dateModified\":\"2026-04-28T12:59:59+00:00\",\"description\":\"Ce lundi 27 avril 2026, \u00e0 l\u2019occasion d\u2019une conf\u00e9rence de presse, Franck Nguema a pr\u00e9sent\u00e9 un essai politique et social qui aborde des questions cruciales li\u00e9es \u00e0 \u00ab la lutte contre la pauvret\u00e9 au Gabon\u00bb. Apr\u00e8s une mise \u00e0 l\u2019\u00e9cart et un silence lancinant aux allures de retraite politique, \u00e0 l\u2019issue des \u00e9lections l\u00e9gislatives d\u2019octobre et septembre derniers, l\u2019ancien ministre des Sports signe son retour avec un ouvrage ax\u00e9 sur le social au Gabon. L\u2019ancien membre du gouvernement, par cette entr\u00e9e fracassante, entend se d\u00e9marquer des hommes politiques gabonais dont le d\u00e9faut particulier est de vouloir \u00eatre importants, au lieu d\u2019\u00eatre utiles.\",\"breadcrumb\":{\"@id\":\"https:\\\/\\\/depeches241.com\\\/?p=28585#breadcrumb\"},\"inLanguage\":\"fr-FR\",\"potentialAction\":[{\"@type\":\"ReadAction\",\"target\":[\"https:\\\/\\\/depeches241.com\\\/?p=28585\"]}]},{\"@type\":\"ImageObject\",\"inLanguage\":\"fr-FR\",\"@id\":\"https:\\\/\\\/depeches241.com\\\/?p=28585#primaryimage\",\"url\":\"https:\\\/\\\/depeches241.com\\\/wp-content\\\/uploads\\\/2026\\\/04\\\/14af1a97-178e-4989-baaf-5379b59bf1e4.jpeg\",\"contentUrl\":\"https:\\\/\\\/depeches241.com\\\/wp-content\\\/uploads\\\/2026\\\/04\\\/14af1a97-178e-4989-baaf-5379b59bf1e4.jpeg\",\"width\":1280,\"height\":706},{\"@type\":\"BreadcrumbList\",\"@id\":\"https:\\\/\\\/depeches241.com\\\/?p=28585#breadcrumb\",\"itemListElement\":[{\"@type\":\"ListItem\",\"position\":1,\"name\":\"Accueil\",\"item\":\"https:\\\/\\\/depeches241.com\\\/\"},{\"@type\":\"ListItem\",\"position\":2,\"name\":\"Gabon: Franck Nguema signe son retour politique avec un essai centr\u00e9 sur la lutte contre la pauvret\u00e9\"}]},{\"@type\":\"WebSite\",\"@id\":\"https:\\\/\\\/depeches241.com\\\/#website\",\"url\":\"https:\\\/\\\/depeches241.com\\\/\",\"name\":\"D\u00e9p\u00eaches241\",\"description\":\"M\u00e9dia d&#039;actualit\u00e9 Politique, \u00c9conomique, Sociale et Internationale\",\"publisher\":{\"@id\":\"https:\\\/\\\/depeches241.com\\\/#organization\"},\"potentialAction\":[{\"@type\":\"SearchAction\",\"target\":{\"@type\":\"EntryPoint\",\"urlTemplate\":\"https:\\\/\\\/depeches241.com\\\/?s={search_term_string}\"},\"query-input\":{\"@type\":\"PropertyValueSpecification\",\"valueRequired\":true,\"valueName\":\"search_term_string\"}}],\"inLanguage\":\"fr-FR\"},{\"@type\":\"Organization\",\"@id\":\"https:\\\/\\\/depeches241.com\\\/#organization\",\"name\":\"Groupe D\u00e9p\u00eaches241\",\"url\":\"https:\\\/\\\/depeches241.com\\\/\",\"logo\":{\"@type\":\"ImageObject\",\"inLanguage\":\"fr-FR\",\"@id\":\"https:\\\/\\\/depeches241.com\\\/#\\\/schema\\\/logo\\\/image\\\/\",\"url\":\"https:\\\/\\\/depeches241.com\\\/wp-content\\\/uploads\\\/2021\\\/10\\\/cropped-Logo-new-Accueil.png\",\"contentUrl\":\"https:\\\/\\\/depeches241.com\\\/wp-content\\\/uploads\\\/2021\\\/10\\\/cropped-Logo-new-Accueil.png\",\"width\":320,\"height\":105,\"caption\":\"Groupe D\u00e9p\u00eaches241\"},\"image\":{\"@id\":\"https:\\\/\\\/depeches241.com\\\/#\\\/schema\\\/logo\\\/image\\\/\"},\"sameAs\":[\"https:\\\/\\\/www.facebook.com\\\/depeches241\"]},{\"@type\":\"Person\",\"@id\":\"https:\\\/\\\/depeches241.com\\\/#\\\/schema\\\/person\\\/b176413dc3253251b009f794f4c98a7b\",\"name\":\"Edgard Nze\",\"image\":{\"@type\":\"ImageObject\",\"inLanguage\":\"fr-FR\",\"@id\":\"https:\\\/\\\/secure.gravatar.com\\\/avatar\\\/cfb0ba45c461a6acb6ccea9276c2ffb58b99440b8f8d488475d3d8488c9ab3e3?s=96&d=mm&r=g\",\"url\":\"https:\\\/\\\/secure.gravatar.com\\\/avatar\\\/cfb0ba45c461a6acb6ccea9276c2ffb58b99440b8f8d488475d3d8488c9ab3e3?s=96&d=mm&r=g\",\"contentUrl\":\"https:\\\/\\\/secure.gravatar.com\\\/avatar\\\/cfb0ba45c461a6acb6ccea9276c2ffb58b99440b8f8d488475d3d8488c9ab3e3?s=96&d=mm&r=g\",\"caption\":\"Edgard Nze\"},\"url\":\"https:\\\/\\\/depeches241.com\\\/?author=21\"}]}<\/script>\n<!-- \/ Yoast SEO plugin. -->","yoast_head_json":{"title":"Gabon: Franck Nguema signe son retour politique avec un essai centr\u00e9 sur la lutte contre la pauvret\u00e9 - Groupe D\u00e9p\u00eaches241","description":"Ce lundi 27 avril 2026, \u00e0 l\u2019occasion d\u2019une conf\u00e9rence de presse, Franck Nguema a pr\u00e9sent\u00e9 un essai politique et social qui aborde des questions cruciales li\u00e9es \u00e0 \u00ab la lutte contre la pauvret\u00e9 au Gabon\u00bb. Apr\u00e8s une mise \u00e0 l\u2019\u00e9cart et un silence lancinant aux allures de retraite politique, \u00e0 l\u2019issue des \u00e9lections l\u00e9gislatives d\u2019octobre et septembre derniers, l\u2019ancien ministre des Sports signe son retour avec un ouvrage ax\u00e9 sur le social au Gabon. L\u2019ancien membre du gouvernement, par cette entr\u00e9e fracassante, entend se d\u00e9marquer des hommes politiques gabonais dont le d\u00e9faut particulier est de vouloir \u00eatre importants, au lieu d\u2019\u00eatre utiles.","robots":{"index":"index","follow":"follow","max-snippet":"max-snippet:-1","max-image-preview":"max-image-preview:large","max-video-preview":"max-video-preview:-1"},"canonical":"https:\/\/depeches241.com\/?p=28585","og_locale":"fr_FR","og_type":"article","og_title":"Gabon: Franck Nguema signe son retour politique avec un essai centr\u00e9 sur la lutte contre la pauvret\u00e9 - Groupe D\u00e9p\u00eaches241","og_description":"Ce lundi 27 avril 2026, \u00e0 l\u2019occasion d\u2019une conf\u00e9rence de presse, Franck Nguema a pr\u00e9sent\u00e9 un essai politique et social qui aborde des questions cruciales li\u00e9es \u00e0 \u00ab la lutte contre la pauvret\u00e9 au Gabon\u00bb. Apr\u00e8s une mise \u00e0 l\u2019\u00e9cart et un silence lancinant aux allures de retraite politique, \u00e0 l\u2019issue des \u00e9lections l\u00e9gislatives d\u2019octobre et septembre derniers, l\u2019ancien ministre des Sports signe son retour avec un ouvrage ax\u00e9 sur le social au Gabon. L\u2019ancien membre du gouvernement, par cette entr\u00e9e fracassante, entend se d\u00e9marquer des hommes politiques gabonais dont le d\u00e9faut particulier est de vouloir \u00eatre importants, au lieu d\u2019\u00eatre utiles.","og_url":"https:\/\/depeches241.com\/?p=28585","og_site_name":"Groupe D\u00e9p\u00eaches241","article_publisher":"https:\/\/www.facebook.com\/depeches241","article_published_time":"2026-04-28T11:33:59+00:00","article_modified_time":"2026-04-28T12:59:59+00:00","og_image":[{"width":1280,"height":706,"url":"http:\/\/depeches241.com\/wp-content\/uploads\/2026\/04\/14af1a97-178e-4989-baaf-5379b59bf1e4.jpeg","type":"image\/jpeg"}],"author":"Edgard Nze","twitter_card":"summary_large_image","twitter_misc":{"\u00c9crit par":"Edgard Nze","Dur\u00e9e de lecture estim\u00e9e":"4 minutes"},"schema":{"@context":"https:\/\/schema.org","@graph":[{"@type":"Article","@id":"https:\/\/depeches241.com\/?p=28585#article","isPartOf":{"@id":"https:\/\/depeches241.com\/?p=28585"},"author":{"name":"Edgard Nze","@id":"https:\/\/depeches241.com\/#\/schema\/person\/b176413dc3253251b009f794f4c98a7b"},"headline":"Gabon: Franck Nguema signe son retour politique avec un essai centr\u00e9 sur la lutte contre la pauvret\u00e9","datePublished":"2026-04-28T11:33:59+00:00","dateModified":"2026-04-28T12:59:59+00:00","mainEntityOfPage":{"@id":"https:\/\/depeches241.com\/?p=28585"},"wordCount":767,"commentCount":0,"publisher":{"@id":"https:\/\/depeches241.com\/#organization"},"image":{"@id":"https:\/\/depeches241.com\/?p=28585#primaryimage"},"thumbnailUrl":"https:\/\/depeches241.com\/wp-content\/uploads\/2026\/04\/14af1a97-178e-4989-baaf-5379b59bf1e4.jpeg","keywords":["depeches241","Essaie politique","Franck Nguema","Gabon","Lutte contre la pauvret\u00e9","Politique"],"articleSection":["POLITIQUE","Une2"],"inLanguage":"fr-FR","potentialAction":[{"@type":"CommentAction","name":"Comment","target":["https:\/\/depeches241.com\/?p=28585#respond"]}]},{"@type":"WebPage","@id":"https:\/\/depeches241.com\/?p=28585","url":"https:\/\/depeches241.com\/?p=28585","name":"Gabon: Franck Nguema signe son retour politique avec un essai centr\u00e9 sur la lutte contre la pauvret\u00e9 - Groupe D\u00e9p\u00eaches241","isPartOf":{"@id":"https:\/\/depeches241.com\/#website"},"primaryImageOfPage":{"@id":"https:\/\/depeches241.com\/?p=28585#primaryimage"},"image":{"@id":"https:\/\/depeches241.com\/?p=28585#primaryimage"},"thumbnailUrl":"https:\/\/depeches241.com\/wp-content\/uploads\/2026\/04\/14af1a97-178e-4989-baaf-5379b59bf1e4.jpeg","datePublished":"2026-04-28T11:33:59+00:00","dateModified":"2026-04-28T12:59:59+00:00","description":"Ce lundi 27 avril 2026, \u00e0 l\u2019occasion d\u2019une conf\u00e9rence de presse, Franck Nguema a pr\u00e9sent\u00e9 un essai politique et social qui aborde des questions cruciales li\u00e9es \u00e0 \u00ab la lutte contre la pauvret\u00e9 au Gabon\u00bb. Apr\u00e8s une mise \u00e0 l\u2019\u00e9cart et un silence lancinant aux allures de retraite politique, \u00e0 l\u2019issue des \u00e9lections l\u00e9gislatives d\u2019octobre et septembre derniers, l\u2019ancien ministre des Sports signe son retour avec un ouvrage ax\u00e9 sur le social au Gabon. L\u2019ancien membre du gouvernement, par cette entr\u00e9e fracassante, entend se d\u00e9marquer des hommes politiques gabonais dont le d\u00e9faut particulier est de vouloir \u00eatre importants, au lieu d\u2019\u00eatre utiles.","breadcrumb":{"@id":"https:\/\/depeches241.com\/?p=28585#breadcrumb"},"inLanguage":"fr-FR","potentialAction":[{"@type":"ReadAction","target":["https:\/\/depeches241.com\/?p=28585"]}]},{"@type":"ImageObject","inLanguage":"fr-FR","@id":"https:\/\/depeches241.com\/?p=28585#primaryimage","url":"https:\/\/depeches241.com\/wp-content\/uploads\/2026\/04\/14af1a97-178e-4989-baaf-5379b59bf1e4.jpeg","contentUrl":"https:\/\/depeches241.com\/wp-content\/uploads\/2026\/04\/14af1a97-178e-4989-baaf-5379b59bf1e4.jpeg","width":1280,"height":706},{"@type":"BreadcrumbList","@id":"https:\/\/depeches241.com\/?p=28585#breadcrumb","itemListElement":[{"@type":"ListItem","position":1,"name":"Accueil","item":"https:\/\/depeches241.com\/"},{"@type":"ListItem","position":2,"name":"Gabon: Franck Nguema signe son retour politique avec un essai centr\u00e9 sur la lutte contre la pauvret\u00e9"}]},{"@type":"WebSite","@id":"https:\/\/depeches241.com\/#website","url":"https:\/\/depeches241.com\/","name":"D\u00e9p\u00eaches241","description":"M\u00e9dia d&#039;actualit\u00e9 Politique, \u00c9conomique, Sociale et Internationale","publisher":{"@id":"https:\/\/depeches241.com\/#organization"},"potentialAction":[{"@type":"SearchAction","target":{"@type":"EntryPoint","urlTemplate":"https:\/\/depeches241.com\/?s={search_term_string}"},"query-input":{"@type":"PropertyValueSpecification","valueRequired":true,"valueName":"search_term_string"}}],"inLanguage":"fr-FR"},{"@type":"Organization","@id":"https:\/\/depeches241.com\/#organization","name":"Groupe D\u00e9p\u00eaches241","url":"https:\/\/depeches241.com\/","logo":{"@type":"ImageObject","inLanguage":"fr-FR","@id":"https:\/\/depeches241.com\/#\/schema\/logo\/image\/","url":"https:\/\/depeches241.com\/wp-content\/uploads\/2021\/10\/cropped-Logo-new-Accueil.png","contentUrl":"https:\/\/depeches241.com\/wp-content\/uploads\/2021\/10\/cropped-Logo-new-Accueil.png","width":320,"height":105,"caption":"Groupe D\u00e9p\u00eaches241"},"image":{"@id":"https:\/\/depeches241.com\/#\/schema\/logo\/image\/"},"sameAs":["https:\/\/www.facebook.com\/depeches241"]},{"@type":"Person","@id":"https:\/\/depeches241.com\/#\/schema\/person\/b176413dc3253251b009f794f4c98a7b","name":"Edgard Nze","image":{"@type":"ImageObject","inLanguage":"fr-FR","@id":"https:\/\/secure.gravatar.com\/avatar\/cfb0ba45c461a6acb6ccea9276c2ffb58b99440b8f8d488475d3d8488c9ab3e3?s=96&d=mm&r=g","url":"https:\/\/secure.gravatar.com\/avatar\/cfb0ba45c461a6acb6ccea9276c2ffb58b99440b8f8d488475d3d8488c9ab3e3?s=96&d=mm&r=g","contentUrl":"https:\/\/secure.gravatar.com\/avatar\/cfb0ba45c461a6acb6ccea9276c2ffb58b99440b8f8d488475d3d8488c9ab3e3?s=96&d=mm&r=g","caption":"Edgard Nze"},"url":"https:\/\/depeches241.com\/?author=21"}]}},"_links":{"self":[{"href":"https:\/\/depeches241.com\/index.php?rest_route=\/wp\/v2\/posts\/28585","targetHints":{"allow":["GET"]}}],"collection":[{"href":"https:\/\/depeches241.com\/index.php?rest_route=\/wp\/v2\/posts"}],"about":[{"href":"https:\/\/depeches241.com\/index.php?rest_route=\/wp\/v2\/types\/post"}],"author":[{"embeddable":true,"href":"https:\/\/depeches241.com\/index.php?rest_route=\/wp\/v2\/users\/21"}],"replies":[{"embeddable":true,"href":"https:\/\/depeches241.com\/index.php?rest_route=%2Fwp%2Fv2%2Fcomments&post=28585"}],"version-history":[{"count":4,"href":"https:\/\/depeches241.com\/index.php?rest_route=\/wp\/v2\/posts\/28585\/revisions"}],"predecessor-version":[{"id":28591,"href":"https:\/\/depeches241.com\/index.php?rest_route=\/wp\/v2\/posts\/28585\/revisions\/28591"}],"wp:featuredmedia":[{"embeddable":true,"href":"https:\/\/depeches241.com\/index.php?rest_route=\/wp\/v2\/media\/28586"}],"wp:attachment":[{"href":"https:\/\/depeches241.com\/index.php?rest_route=%2Fwp%2Fv2%2Fmedia&parent=28585"}],"wp:term":[{"taxonomy":"category","embeddable":true,"href":"https:\/\/depeches241.com\/index.php?rest_route=%2Fwp%2Fv2%2Fcategories&post=28585"},{"taxonomy":"post_tag","embeddable":true,"href":"https:\/\/depeches241.com\/index.php?rest_route=%2Fwp%2Fv2%2Ftags&post=28585"}],"curies":[{"name":"wp","href":"https:\/\/api.w.org\/{rel}","templated":true}]}}